{"id":114392,"date":"2025-06-12T15:42:12","date_gmt":"2025-06-12T12:42:12","guid":{"rendered":"https:\/\/denizcankizil.tr\/uncategorized-tr\/bitaksi-veri-sizintisi-iddialarini-yalanladi\/"},"modified":"2025-06-12T15:42:12","modified_gmt":"2025-06-12T12:42:12","slug":"bitaksi-veri-sizintisi-iddialarini-yalanladi","status":"publish","type":"post","link":"https:\/\/denizcankizil.tr\/de\/haberler\/gundem\/bitaksi-veri-sizintisi-iddialarini-yalanladi\/","title":{"rendered":"&#8216;Bitaksi&#8217; veri s\u0131z\u0131nt\u0131s\u0131 iddialar\u0131n\u0131 yalanlad\u0131"},"content":{"rendered":"<p>Bitaksi, sistemine izinsiz eri\u015fim ve veri s\u0131z\u0131nt\u0131s\u0131 ya\u015fand\u0131\u011f\u0131na dair haberlerin as\u0131ls\u0131z oldu\u011funu duyurdu. Ki\u015fisel Verileri Koruma Kurulu, herhangi bir g\u00fcvenlik ihlali olmad\u0131\u011f\u0131n\u0131 tescilledi.\u0130STANBUL (\u0130GFA) &#8211;  T\u00fcrkiye\u2019nin ilk yerel dijital taksi \u00e7a\u011f\u0131rma platformu Bitaksi, kullan\u0131c\u0131 verilerinin ele ge\u00e7irildi\u011fi y\u00f6n\u00fcndeki iddialara ili\u015fkin a\u00e7\u0131klama yapt\u0131.<br \/>\nKi\u015fisel Verileri Koruma Kurulu\u2019nun (KVKK) 20 Mart 2025 tarihli ve 2025\/544 say\u0131l\u0131 karar\u0131, Bitaksi sistemlerinde veri s\u0131z\u0131nt\u0131s\u0131 veya g\u00fcvenlik ihlali ya\u015fanmad\u0131\u011f\u0131n\u0131 do\u011frulad\u0131.<br \/>\nBitaksi, m\u00fc\u015fteri verilerinin gizlili\u011fi ve g\u00fcvenli\u011finin \u00f6ncelikli oldu\u011funu vurgulad\u0131.<br \/>\nA\u00e7\u0131klamada, t\u00fcm verilerin uluslararas\u0131 g\u00fcvenlik standartlar\u0131na uygun sistemlerle korundu\u011fu ve kullan\u0131c\u0131 bilgilerinin g\u00fcvende oldu\u011funu belirten \u015firket, platformun g\u00fcvenilirli\u011fini s\u00fcrd\u00fcrmek i\u00e7in gerekli t\u00fcm \u00f6nlemleri ald\u0131\u011f\u0131n\u0131 duyurdu.<\/p>\n<p>\u200bBitaksi, sistemine izinsiz eri\u015fim ve veri s\u0131z\u0131nt\u0131s\u0131 ya\u015fand\u0131\u011f\u0131na dair haberlerin as\u0131ls\u0131z oldu\u011funu duyurdu. Ki\u015fisel Verileri Koruma Kurulu, herhangi bir g\u00fcvenlik ihlali olmad\u0131\u011f\u0131n\u0131 tescilledi.\u0130STANBUL (\u0130GFA) &#8211;  T\u00fcrkiye\u2019nin ilk yerel dijital taksi \u00e7a\u011f\u0131rma platformu Bitaksi, kullan\u0131c\u0131 verilerinin ele ge\u00e7irildi\u011fi y\u00f6n\u00fcndeki iddialara ili\u015fkin a\u00e7\u0131klama yapt\u0131.<br \/>\nKi\u015fisel Verileri Koruma Kurulu\u2019nun (KVKK) 20 Mart 2025 tarihli ve 2025\/544 say\u0131l\u0131 karar\u0131, Bitaksi sistemlerinde veri s\u0131z\u0131nt\u0131s\u0131 veya g\u00fcvenlik ihlali ya\u015fanmad\u0131\u011f\u0131n\u0131 do\u011frulad\u0131.<br \/>\nBitaksi, m\u00fc\u015fteri verilerinin gizlili\u011fi ve g\u00fcvenli\u011finin \u00f6ncelikli oldu\u011funu vurgulad\u0131.<br \/>\nA\u00e7\u0131klamada, t\u00fcm verilerin uluslararas\u0131 g\u00fcvenlik standartlar\u0131na uygun sistemlerle korundu\u011fu ve kullan\u0131c\u0131 bilgilerinin g\u00fcvende oldu\u011funu belirten \u015firket, platformun g\u00fcvenilirli\u011fini s\u00fcrd\u00fcrmek i\u00e7in gerekli t\u00fcm \u00f6nlemleri ald\u0131\u011f\u0131n\u0131 duyurdu.\u00a0<\/p>\n<p>\u200bHaberin Al\u0131nt\u0131land\u0131\u011f\u0131 Kaynak: www.iskenderun.org<\/p>","protected":false},"excerpt":{"rendered":"<p>Bitaksi, sistemine izinsiz eri\u015fim ve veri s\u0131z\u0131nt\u0131s\u0131 ya\u015fand\u0131\u011f\u0131na dair haberlerin as\u0131ls\u0131z oldu\u011funu duyurdu. Ki\u015fisel Verileri Koruma Kurulu, herhangi bir g\u00fcvenlik ihlali olmad\u0131\u011f\u0131n\u0131 tescilledi.\u0130STANBUL (\u0130GFA) &#8211; T\u00fcrkiye\u2019nin ilk yerel dijital taksi \u00e7a\u011f\u0131rma platformu Bitaksi, kullan\u0131c\u0131 verilerinin ele ge\u00e7irildi\u011fi y\u00f6n\u00fcndeki iddialara ili\u015fkin a\u00e7\u0131klama yapt\u0131. Ki\u015fisel Verileri Koruma Kurulu\u2019nun (KVKK) 20 Mart 2025 tarihli ve 2025\/544 say\u0131l\u0131 karar\u0131, Bitaksi sistemlerinde veri s\u0131z\u0131nt\u0131s\u0131 veya g\u00fcvenlik ihlali ya\u015fanmad\u0131\u011f\u0131n\u0131 do\u011frulad\u0131. Bitaksi, m\u00fc\u015fteri verilerinin gizlili\u011fi ve g\u00fcvenli\u011finin \u00f6ncelikli oldu\u011funu vurgulad\u0131. A\u00e7\u0131klamada, t\u00fcm verilerin uluslararas\u0131 g\u00fcvenlik standartlar\u0131na uygun sistemlerle korundu\u011fu ve kullan\u0131c\u0131 bilgilerinin g\u00fcvende oldu\u011funu belirten \u015firket, platformun g\u00fcvenilirli\u011fini s\u00fcrd\u00fcrmek i\u00e7in gerekli t\u00fcm \u00f6nlemleri ald\u0131\u011f\u0131n\u0131 duyurdu. \u200bBitaksi, sistemine izinsiz eri\u015fim ve veri s\u0131z\u0131nt\u0131s\u0131 ya\u015fand\u0131\u011f\u0131na dair haberlerin as\u0131ls\u0131z oldu\u011funu duyurdu. Ki\u015fisel Verileri Koruma Kurulu, herhangi bir g\u00fcvenlik ihlali olmad\u0131\u011f\u0131n\u0131 tescilledi.\u0130STANBUL (\u0130GFA) &#8211; T\u00fcrkiye\u2019nin ilk yerel dijital taksi \u00e7a\u011f\u0131rma platformu Bitaksi, kullan\u0131c\u0131 verilerinin ele ge\u00e7irildi\u011fi y\u00f6n\u00fcndeki iddialara ili\u015fkin a\u00e7\u0131klama yapt\u0131. Ki\u015fisel Verileri Koruma Kurulu\u2019nun (KVKK) 20 Mart 2025 tarihli ve 2025\/544 say\u0131l\u0131 karar\u0131, Bitaksi sistemlerinde veri s\u0131z\u0131nt\u0131s\u0131 veya g\u00fcvenlik ihlali ya\u015fanmad\u0131\u011f\u0131n\u0131 do\u011frulad\u0131. Bitaksi, m\u00fc\u015fteri verilerinin gizlili\u011fi ve g\u00fcvenli\u011finin \u00f6ncelikli oldu\u011funu vurgulad\u0131. A\u00e7\u0131klamada, t\u00fcm verilerin uluslararas\u0131 g\u00fcvenlik standartlar\u0131na uygun sistemlerle korundu\u011fu ve kullan\u0131c\u0131 bilgilerinin g\u00fcvende oldu\u011funu belirten \u015firket, platformun g\u00fcvenilirli\u011fini s\u00fcrd\u00fcrmek i\u00e7in gerekli t\u00fcm \u00f6nlemleri ald\u0131\u011f\u0131n\u0131 duyurdu.\u00a0 \u200bHaberin Al\u0131nt\u0131land\u0131\u011f\u0131 Kaynak: www.iskenderun.org<\/p>","protected":false},"author":1,"featured_media":0,"comment_status":"","ping_status":"open","sticky":false,"template":"","format":"standard","meta":{"_acf_changed":false,"footnotes":""},"categories":[24],"tags":[],"class_list":["post-114392","post","type-post","status-publish","format-standard","has-post-thumbnail","hentry","category-gundem"],"acf":[],"yoast_head":"<!-- This site is optimized with the Yoast SEO Premium plugin v26.6 (Yoast SEO v27.1.1) - https:\/\/yoast.com\/product\/yoast-seo-premium-wordpress\/ -->\n<title>&#039;Bitaksi&#039; veri s\u0131z\u0131nt\u0131s\u0131 iddialar\u0131n\u0131 yalanlad\u0131 - Av. Deniz Can K\u0131z\u0131l<\/title>\n<meta name=\"robots\" content=\"index, follow, max-snippet:-1, max-image-preview:large, max-video-preview:-1\" \/>\n<link rel=\"canonical\" href=\"https:\/\/denizcankizil.tr\/de\/haberler\/gundem\/bitaksi-veri-sizintisi-iddialarini-yalanladi\/\" \/>\n<meta property=\"og:locale\" content=\"de_DE\" \/>\n<meta property=\"og:type\" content=\"article\" \/>\n<meta property=\"og:title\" content=\"&#039;Bitaksi&#039; veri s\u0131z\u0131nt\u0131s\u0131 iddialar\u0131n\u0131 yalanlad\u0131\" \/>\n<meta property=\"og:description\" content=\"Bitaksi, sistemine izinsiz eri\u015fim ve veri s\u0131z\u0131nt\u0131s\u0131 ya\u015fand\u0131\u011f\u0131na dair haberlerin as\u0131ls\u0131z oldu\u011funu duyurdu. Ki\u015fisel Verileri Koruma Kurulu, herhangi bir g\u00fcvenlik ihlali olmad\u0131\u011f\u0131n\u0131 tescilledi.\u0130STANBUL (\u0130GFA) &#8211; T\u00fcrkiye\u2019nin ilk yerel dijital taksi \u00e7a\u011f\u0131rma platformu Bitaksi, kullan\u0131c\u0131 verilerinin ele ge\u00e7irildi\u011fi y\u00f6n\u00fcndeki iddialara ili\u015fkin a\u00e7\u0131klama yapt\u0131. Ki\u015fisel Verileri Koruma Kurulu\u2019nun (KVKK) 20 Mart 2025 tarihli ve 2025\/544 say\u0131l\u0131 karar\u0131, Bitaksi sistemlerinde veri s\u0131z\u0131nt\u0131s\u0131 veya g\u00fcvenlik ihlali ya\u015fanmad\u0131\u011f\u0131n\u0131 do\u011frulad\u0131. Bitaksi, m\u00fc\u015fteri verilerinin gizlili\u011fi ve g\u00fcvenli\u011finin \u00f6ncelikli oldu\u011funu vurgulad\u0131. A\u00e7\u0131klamada, t\u00fcm verilerin uluslararas\u0131 g\u00fcvenlik standartlar\u0131na uygun sistemlerle korundu\u011fu ve kullan\u0131c\u0131 bilgilerinin g\u00fcvende oldu\u011funu belirten \u015firket, platformun g\u00fcvenilirli\u011fini s\u00fcrd\u00fcrmek i\u00e7in gerekli t\u00fcm \u00f6nlemleri ald\u0131\u011f\u0131n\u0131 duyurdu. \u200bBitaksi, sistemine izinsiz eri\u015fim ve veri s\u0131z\u0131nt\u0131s\u0131 ya\u015fand\u0131\u011f\u0131na dair haberlerin as\u0131ls\u0131z oldu\u011funu duyurdu. Ki\u015fisel Verileri Koruma Kurulu, herhangi bir g\u00fcvenlik ihlali olmad\u0131\u011f\u0131n\u0131 tescilledi.\u0130STANBUL (\u0130GFA) &#8211; T\u00fcrkiye\u2019nin ilk yerel dijital taksi \u00e7a\u011f\u0131rma platformu Bitaksi, kullan\u0131c\u0131 verilerinin ele ge\u00e7irildi\u011fi y\u00f6n\u00fcndeki iddialara ili\u015fkin a\u00e7\u0131klama yapt\u0131. Ki\u015fisel Verileri Koruma Kurulu\u2019nun (KVKK) 20 Mart 2025 tarihli ve 2025\/544 say\u0131l\u0131 karar\u0131, Bitaksi sistemlerinde veri s\u0131z\u0131nt\u0131s\u0131 veya g\u00fcvenlik ihlali ya\u015fanmad\u0131\u011f\u0131n\u0131 do\u011frulad\u0131. Bitaksi, m\u00fc\u015fteri verilerinin gizlili\u011fi ve g\u00fcvenli\u011finin \u00f6ncelikli oldu\u011funu vurgulad\u0131. A\u00e7\u0131klamada, t\u00fcm verilerin uluslararas\u0131 g\u00fcvenlik standartlar\u0131na uygun sistemlerle korundu\u011fu ve kullan\u0131c\u0131 bilgilerinin g\u00fcvende oldu\u011funu belirten \u015firket, platformun g\u00fcvenilirli\u011fini s\u00fcrd\u00fcrmek i\u00e7in gerekli t\u00fcm \u00f6nlemleri ald\u0131\u011f\u0131n\u0131 duyurdu.\u00a0 \u200bHaberin Al\u0131nt\u0131land\u0131\u011f\u0131 Kaynak: www.iskenderun.org\" \/>\n<meta property=\"og:url\" content=\"https:\/\/denizcankizil.tr\/de\/haberler\/gundem\/bitaksi-veri-sizintisi-iddialarini-yalanladi\/\" \/>\n<meta property=\"og:site_name\" content=\"Av. Deniz Can K\u0131z\u0131l\" \/>\n<meta property=\"article:published_time\" content=\"2025-06-12T12:42:12+00:00\" \/>\n<meta name=\"author\" content=\"admin\" \/>\n<meta name=\"twitter:card\" content=\"summary_large_image\" \/>\n<meta name=\"twitter:label1\" content=\"Verfasst von\" \/>\n\t<meta name=\"twitter:data1\" content=\"admin\" \/>\n\t<meta name=\"twitter:label2\" content=\"Gesch\u00e4tzte Lesezeit\" \/>\n\t<meta name=\"twitter:data2\" content=\"2\u00a0Minuten\" \/>\n<script type=\"application\/ld+json\" class=\"yoast-schema-graph\">{\"@context\":\"https:\/\/schema.org\",\"@graph\":[{\"@type\":\"Article\",\"@id\":\"https:\/\/denizcankizil.tr\/de\/haberler\/gundem\/bitaksi-veri-sizintisi-iddialarini-yalanladi\/#article\",\"isPartOf\":{\"@id\":\"https:\/\/denizcankizil.tr\/de\/haberler\/gundem\/bitaksi-veri-sizintisi-iddialarini-yalanladi\/\"},\"author\":{\"name\":\"admin\",\"@id\":\"https:\/\/denizcankizil.tr\/de\/#\/schema\/person\/be3c05fe6a12686905512445d8185489\"},\"headline\":\"&#8216;Bitaksi&#8217; veri s\u0131z\u0131nt\u0131s\u0131 iddialar\u0131n\u0131 yalanlad\u0131\",\"datePublished\":\"2025-06-12T12:42:12+00:00\",\"mainEntityOfPage\":{\"@id\":\"https:\/\/denizcankizil.tr\/de\/haberler\/gundem\/bitaksi-veri-sizintisi-iddialarini-yalanladi\/\"},\"wordCount\":313,\"publisher\":{\"@id\":\"https:\/\/denizcankizil.tr\/de\/#organization\"},\"articleSection\":[\"G\u00fcndem\"],\"inLanguage\":\"de\"},{\"@type\":\"WebPage\",\"@id\":\"https:\/\/denizcankizil.tr\/de\/haberler\/gundem\/bitaksi-veri-sizintisi-iddialarini-yalanladi\/\",\"url\":\"https:\/\/denizcankizil.tr\/de\/haberler\/gundem\/bitaksi-veri-sizintisi-iddialarini-yalanladi\/\",\"name\":\"'Bitaksi' veri s\u0131z\u0131nt\u0131s\u0131 iddialar\u0131n\u0131 yalanlad\u0131 - Av. Deniz Can K\u0131z\u0131l\",\"isPartOf\":{\"@id\":\"https:\/\/denizcankizil.tr\/de\/#website\"},\"datePublished\":\"2025-06-12T12:42:12+00:00\",\"breadcrumb\":{\"@id\":\"https:\/\/denizcankizil.tr\/de\/haberler\/gundem\/bitaksi-veri-sizintisi-iddialarini-yalanladi\/#breadcrumb\"},\"inLanguage\":\"de\",\"potentialAction\":[{\"@type\":\"ReadAction\",\"target\":[\"https:\/\/denizcankizil.tr\/de\/haberler\/gundem\/bitaksi-veri-sizintisi-iddialarini-yalanladi\/\"]}]},{\"@type\":\"BreadcrumbList\",\"@id\":\"https:\/\/denizcankizil.tr\/de\/haberler\/gundem\/bitaksi-veri-sizintisi-iddialarini-yalanladi\/#breadcrumb\",\"itemListElement\":[{\"@type\":\"ListItem\",\"position\":1,\"name\":\"Home\",\"item\":\"https:\/\/denizcankizil.tr\/de\/\"},{\"@type\":\"ListItem\",\"position\":2,\"name\":\"&#8216;Bitaksi&#8217; veri s\u0131z\u0131nt\u0131s\u0131 iddialar\u0131n\u0131 yalanlad\u0131\"}]},{\"@type\":\"WebSite\",\"@id\":\"https:\/\/denizcankizil.tr\/de\/#website\",\"url\":\"https:\/\/denizcankizil.tr\/de\/\",\"name\":\"Av. Deniz Can K\u0131z\u0131l\",\"description\":\"Avukat Deniz Can K\u0131z\u0131l Antalya Barosu\",\"publisher\":{\"@id\":\"https:\/\/denizcankizil.tr\/de\/#organization\"},\"potentialAction\":[{\"@type\":\"SearchAction\",\"target\":{\"@type\":\"EntryPoint\",\"urlTemplate\":\"https:\/\/denizcankizil.tr\/de\/?s={search_term_string}\"},\"query-input\":{\"@type\":\"PropertyValueSpecification\",\"valueRequired\":true,\"valueName\":\"search_term_string\"}}],\"inLanguage\":\"de\"},{\"@type\":\"Organization\",\"@id\":\"https:\/\/denizcankizil.tr\/de\/#organization\",\"name\":\"Av. Deniz Can K\u0131z\u0131l\",\"url\":\"https:\/\/denizcankizil.tr\/de\/\",\"logo\":{\"@type\":\"ImageObject\",\"inLanguage\":\"de\",\"@id\":\"https:\/\/denizcankizil.tr\/de\/#\/schema\/logo\/image\/\",\"url\":\"https:\/\/denizcankizil.tr\/wp-content\/uploads\/2024\/10\/siyah-logo-svg.svg\",\"contentUrl\":\"https:\/\/denizcankizil.tr\/wp-content\/uploads\/2024\/10\/siyah-logo-svg.svg\",\"width\":1080,\"height\":1080,\"caption\":\"Av. Deniz Can K\u0131z\u0131l\"},\"image\":{\"@id\":\"https:\/\/denizcankizil.tr\/de\/#\/schema\/logo\/image\/\"}},{\"@type\":\"Person\",\"@id\":\"https:\/\/denizcankizil.tr\/de\/#\/schema\/person\/be3c05fe6a12686905512445d8185489\",\"name\":\"admin\",\"image\":{\"@type\":\"ImageObject\",\"inLanguage\":\"de\",\"@id\":\"https:\/\/denizcankizil.tr\/de\/#\/schema\/person\/image\/\",\"url\":\"https:\/\/secure.gravatar.com\/avatar\/c1fce94c830dc79107e174f890d7210541c4a63e8e5d816341794a2151c9d58c?s=96&d=mm&r=g\",\"contentUrl\":\"https:\/\/secure.gravatar.com\/avatar\/c1fce94c830dc79107e174f890d7210541c4a63e8e5d816341794a2151c9d58c?s=96&d=mm&r=g\",\"caption\":\"admin\"},\"sameAs\":[\"http:\/\/denizcankizil.tr\"],\"url\":\"https:\/\/www.iskenderun.org\/bitaksi-veri-sizintisi-iddialarini-yalanladi\"}]}<\/script>\n<!-- \/ Yoast SEO Premium plugin. -->","yoast_head_json":{"title":"'Bitaksi' veri s\u0131z\u0131nt\u0131s\u0131 iddialar\u0131n\u0131 yalanlad\u0131 - Av. Deniz Can K\u0131z\u0131l","robots":{"index":"index","follow":"follow","max-snippet":"max-snippet:-1","max-image-preview":"max-image-preview:large","max-video-preview":"max-video-preview:-1"},"canonical":"https:\/\/denizcankizil.tr\/de\/haberler\/gundem\/bitaksi-veri-sizintisi-iddialarini-yalanladi\/","og_locale":"de_DE","og_type":"article","og_title":"'Bitaksi' veri s\u0131z\u0131nt\u0131s\u0131 iddialar\u0131n\u0131 yalanlad\u0131","og_description":"Bitaksi, sistemine izinsiz eri\u015fim ve veri s\u0131z\u0131nt\u0131s\u0131 ya\u015fand\u0131\u011f\u0131na dair haberlerin as\u0131ls\u0131z oldu\u011funu duyurdu. Ki\u015fisel Verileri Koruma Kurulu, herhangi bir g\u00fcvenlik ihlali olmad\u0131\u011f\u0131n\u0131 tescilledi.\u0130STANBUL (\u0130GFA) &#8211; T\u00fcrkiye\u2019nin ilk yerel dijital taksi \u00e7a\u011f\u0131rma platformu Bitaksi, kullan\u0131c\u0131 verilerinin ele ge\u00e7irildi\u011fi y\u00f6n\u00fcndeki iddialara ili\u015fkin a\u00e7\u0131klama yapt\u0131. Ki\u015fisel Verileri Koruma Kurulu\u2019nun (KVKK) 20 Mart 2025 tarihli ve 2025\/544 say\u0131l\u0131 karar\u0131, Bitaksi sistemlerinde veri s\u0131z\u0131nt\u0131s\u0131 veya g\u00fcvenlik ihlali ya\u015fanmad\u0131\u011f\u0131n\u0131 do\u011frulad\u0131. Bitaksi, m\u00fc\u015fteri verilerinin gizlili\u011fi ve g\u00fcvenli\u011finin \u00f6ncelikli oldu\u011funu vurgulad\u0131. A\u00e7\u0131klamada, t\u00fcm verilerin uluslararas\u0131 g\u00fcvenlik standartlar\u0131na uygun sistemlerle korundu\u011fu ve kullan\u0131c\u0131 bilgilerinin g\u00fcvende oldu\u011funu belirten \u015firket, platformun g\u00fcvenilirli\u011fini s\u00fcrd\u00fcrmek i\u00e7in gerekli t\u00fcm \u00f6nlemleri ald\u0131\u011f\u0131n\u0131 duyurdu. \u200bBitaksi, sistemine izinsiz eri\u015fim ve veri s\u0131z\u0131nt\u0131s\u0131 ya\u015fand\u0131\u011f\u0131na dair haberlerin as\u0131ls\u0131z oldu\u011funu duyurdu. Ki\u015fisel Verileri Koruma Kurulu, herhangi bir g\u00fcvenlik ihlali olmad\u0131\u011f\u0131n\u0131 tescilledi.\u0130STANBUL (\u0130GFA) &#8211; T\u00fcrkiye\u2019nin ilk yerel dijital taksi \u00e7a\u011f\u0131rma platformu Bitaksi, kullan\u0131c\u0131 verilerinin ele ge\u00e7irildi\u011fi y\u00f6n\u00fcndeki iddialara ili\u015fkin a\u00e7\u0131klama yapt\u0131. Ki\u015fisel Verileri Koruma Kurulu\u2019nun (KVKK) 20 Mart 2025 tarihli ve 2025\/544 say\u0131l\u0131 karar\u0131, Bitaksi sistemlerinde veri s\u0131z\u0131nt\u0131s\u0131 veya g\u00fcvenlik ihlali ya\u015fanmad\u0131\u011f\u0131n\u0131 do\u011frulad\u0131. Bitaksi, m\u00fc\u015fteri verilerinin gizlili\u011fi ve g\u00fcvenli\u011finin \u00f6ncelikli oldu\u011funu vurgulad\u0131. A\u00e7\u0131klamada, t\u00fcm verilerin uluslararas\u0131 g\u00fcvenlik standartlar\u0131na uygun sistemlerle korundu\u011fu ve kullan\u0131c\u0131 bilgilerinin g\u00fcvende oldu\u011funu belirten \u015firket, platformun g\u00fcvenilirli\u011fini s\u00fcrd\u00fcrmek i\u00e7in gerekli t\u00fcm \u00f6nlemleri ald\u0131\u011f\u0131n\u0131 duyurdu.\u00a0 \u200bHaberin Al\u0131nt\u0131land\u0131\u011f\u0131 Kaynak: www.iskenderun.org","og_url":"https:\/\/denizcankizil.tr\/de\/haberler\/gundem\/bitaksi-veri-sizintisi-iddialarini-yalanladi\/","og_site_name":"Av. Deniz Can K\u0131z\u0131l","article_published_time":"2025-06-12T12:42:12+00:00","author":"admin","twitter_card":"summary_large_image","twitter_misc":{"Verfasst von":"admin","Gesch\u00e4tzte Lesezeit":"2\u00a0Minuten"},"schema":{"@context":"https:\/\/schema.org","@graph":[{"@type":"Article","@id":"https:\/\/denizcankizil.tr\/de\/haberler\/gundem\/bitaksi-veri-sizintisi-iddialarini-yalanladi\/#article","isPartOf":{"@id":"https:\/\/denizcankizil.tr\/de\/haberler\/gundem\/bitaksi-veri-sizintisi-iddialarini-yalanladi\/"},"author":{"name":"admin","@id":"https:\/\/denizcankizil.tr\/de\/#\/schema\/person\/be3c05fe6a12686905512445d8185489"},"headline":"&#8216;Bitaksi&#8217; veri s\u0131z\u0131nt\u0131s\u0131 iddialar\u0131n\u0131 yalanlad\u0131","datePublished":"2025-06-12T12:42:12+00:00","mainEntityOfPage":{"@id":"https:\/\/denizcankizil.tr\/de\/haberler\/gundem\/bitaksi-veri-sizintisi-iddialarini-yalanladi\/"},"wordCount":313,"publisher":{"@id":"https:\/\/denizcankizil.tr\/de\/#organization"},"articleSection":["G\u00fcndem"],"inLanguage":"de"},{"@type":"WebPage","@id":"https:\/\/denizcankizil.tr\/de\/haberler\/gundem\/bitaksi-veri-sizintisi-iddialarini-yalanladi\/","url":"https:\/\/denizcankizil.tr\/de\/haberler\/gundem\/bitaksi-veri-sizintisi-iddialarini-yalanladi\/","name":"'Bitaksi' veri s\u0131z\u0131nt\u0131s\u0131 iddialar\u0131n\u0131 yalanlad\u0131 - Av. Deniz Can K\u0131z\u0131l","isPartOf":{"@id":"https:\/\/denizcankizil.tr\/de\/#website"},"datePublished":"2025-06-12T12:42:12+00:00","breadcrumb":{"@id":"https:\/\/denizcankizil.tr\/de\/haberler\/gundem\/bitaksi-veri-sizintisi-iddialarini-yalanladi\/#breadcrumb"},"inLanguage":"de","potentialAction":[{"@type":"ReadAction","target":["https:\/\/denizcankizil.tr\/de\/haberler\/gundem\/bitaksi-veri-sizintisi-iddialarini-yalanladi\/"]}]},{"@type":"BreadcrumbList","@id":"https:\/\/denizcankizil.tr\/de\/haberler\/gundem\/bitaksi-veri-sizintisi-iddialarini-yalanladi\/#breadcrumb","itemListElement":[{"@type":"ListItem","position":1,"name":"Home","item":"https:\/\/denizcankizil.tr\/de\/"},{"@type":"ListItem","position":2,"name":"&#8216;Bitaksi&#8217; veri s\u0131z\u0131nt\u0131s\u0131 iddialar\u0131n\u0131 yalanlad\u0131"}]},{"@type":"WebSite","@id":"https:\/\/denizcankizil.tr\/de\/#website","url":"https:\/\/denizcankizil.tr\/de\/","name":"Av. Deniz Can K\u0131z\u0131l","description":"Avukat Deniz Can K\u0131z\u0131l Antalya Barosu","publisher":{"@id":"https:\/\/denizcankizil.tr\/de\/#organization"},"potentialAction":[{"@type":"SearchAction","target":{"@type":"EntryPoint","urlTemplate":"https:\/\/denizcankizil.tr\/de\/?s={search_term_string}"},"query-input":{"@type":"PropertyValueSpecification","valueRequired":true,"valueName":"search_term_string"}}],"inLanguage":"de"},{"@type":"Organization","@id":"https:\/\/denizcankizil.tr\/de\/#organization","name":"Av. Deniz Can K\u0131z\u0131l","url":"https:\/\/denizcankizil.tr\/de\/","logo":{"@type":"ImageObject","inLanguage":"de","@id":"https:\/\/denizcankizil.tr\/de\/#\/schema\/logo\/image\/","url":"https:\/\/denizcankizil.tr\/wp-content\/uploads\/2024\/10\/siyah-logo-svg.svg","contentUrl":"https:\/\/denizcankizil.tr\/wp-content\/uploads\/2024\/10\/siyah-logo-svg.svg","width":1080,"height":1080,"caption":"Av. Deniz Can K\u0131z\u0131l"},"image":{"@id":"https:\/\/denizcankizil.tr\/de\/#\/schema\/logo\/image\/"}},{"@type":"Person","@id":"https:\/\/denizcankizil.tr\/de\/#\/schema\/person\/be3c05fe6a12686905512445d8185489","name":"Administrator","image":{"@type":"ImageObject","inLanguage":"de","@id":"https:\/\/denizcankizil.tr\/de\/#\/schema\/person\/image\/","url":"https:\/\/secure.gravatar.com\/avatar\/c1fce94c830dc79107e174f890d7210541c4a63e8e5d816341794a2151c9d58c?s=96&d=mm&r=g","contentUrl":"https:\/\/secure.gravatar.com\/avatar\/c1fce94c830dc79107e174f890d7210541c4a63e8e5d816341794a2151c9d58c?s=96&d=mm&r=g","caption":"admin"},"sameAs":["http:\/\/denizcankizil.tr"],"url":"https:\/\/www.iskenderun.org\/bitaksi-veri-sizintisi-iddialarini-yalanladi"}]}},"_links":{"self":[{"href":"https:\/\/denizcankizil.tr\/de\/wp-json\/wp\/v2\/posts\/114392","targetHints":{"allow":["GET"]}}],"collection":[{"href":"https:\/\/denizcankizil.tr\/de\/wp-json\/wp\/v2\/posts"}],"about":[{"href":"https:\/\/denizcankizil.tr\/de\/wp-json\/wp\/v2\/types\/post"}],"author":[{"embeddable":true,"href":"https:\/\/denizcankizil.tr\/de\/wp-json\/wp\/v2\/users\/1"}],"replies":[{"embeddable":true,"href":"https:\/\/denizcankizil.tr\/de\/wp-json\/wp\/v2\/comments?post=114392"}],"version-history":[{"count":0,"href":"https:\/\/denizcankizil.tr\/de\/wp-json\/wp\/v2\/posts\/114392\/revisions"}],"wp:attachment":[{"href":"https:\/\/denizcankizil.tr\/de\/wp-json\/wp\/v2\/media?parent=114392"}],"wp:term":[{"taxonomy":"category","embeddable":true,"href":"https:\/\/denizcankizil.tr\/de\/wp-json\/wp\/v2\/categories?post=114392"},{"taxonomy":"post_tag","embeddable":true,"href":"https:\/\/denizcankizil.tr\/de\/wp-json\/wp\/v2\/tags?post=114392"}],"curies":[{"name":"wp","href":"https:\/\/api.w.org\/{rel}","templated":true}]}}