{"id":114225,"date":"2025-06-12T09:41:22","date_gmt":"2025-06-12T06:41:22","guid":{"rendered":"https:\/\/denizcankizil.tr\/uncategorized-tr\/antalya-balikci-barinaginda-yeni-kriz-cimere-sikayet-ve-basvuru-yagdi\/"},"modified":"2025-06-12T09:41:22","modified_gmt":"2025-06-12T06:41:22","slug":"antalya-balikci-barinaginda-yeni-kriz-cimere-sikayet-ve-basvuru-yagdi","status":"publish","type":"post","link":"https:\/\/denizcankizil.tr\/de\/haberler\/gundem\/antalya-balikci-barinaginda-yeni-kriz-cimere-sikayet-ve-basvuru-yagdi\/","title":{"rendered":"Antalya Bal\u0131k\u00e7\u0131 Bar\u0131na\u011f\u0131\u2019nda yeni kriz! C\u0130MER\u2019e \u015fik\u00e2yet ve ba\u015fvuru ya\u011fd\u0131"},"content":{"rendered":"<p>Antalya\u2019da ad\u0131n\u0131 bal\u0131k\u00e7\u0131lardan alan ama l\u00fcks teknelerin adeta park merkezi haline gelen Antalya Bal\u0131k\u00e7\u0131 Bar\u0131na\u011f\u0131\u2019nda yeni bir kriz ya\u015fan\u0131yor. Antalya \u0130l Tar\u0131m ve Orman M\u00fcd\u00fcrl\u00fc\u011f\u00fc\u2019n\u00fcn 4 Haziran 2025 tarihli resmi yaz\u0131s\u0131 do\u011frultusunda, Antalya Bal\u0131k\u00e7\u0131 Bar\u0131na\u011f\u0131\u2019nda \u00f6nemli bir d\u00fczenlemeye gidildi. Antalya\u2019da Bal\u0131k\u00e7\u0131 Bar\u0131na\u011f\u0131 Y\u00f6netimi\u2019nin karar\u0131 ile bar\u0131naktaki deniz ba\u011flama kapasitesinin daha verimli kullan\u0131lmas\u0131 i\u00e7in hareket ge\u00e7ti. Boyu 7 metrenin alt\u0131nda olan teknelerin r\u00f6mork yard\u0131m\u0131yla karaya \u00e7\u0131kar\u0131lmas\u0131 ve kara park alan\u0131nda muhafaza edilmesi kararla\u015ft\u0131r\u0131ld\u0131.<\/p>\n<p>YER SIKINTISINA \u00c7\u00d6Z\u00dcM <\/p>\n<p>Yeni d\u00fczenleme ile deniz ba\u011flama alanlar\u0131n\u0131n bo\u015falt\u0131lmas\u0131 ve mevcut kapasitenin daha etkili \u015fekilde de\u011ferlendirilmesi ama\u00e7land\u0131\u011f\u0131 duyuruldu. B\u00f6ylece daha fazla tekneye hizmet verilmesinin \u00f6n\u00fc a\u00e7\u0131l\u0131rken, bar\u0131nakta y\u0131llard\u0131r ya\u015fanan yer s\u0131k\u0131nt\u0131s\u0131na da \u00e7\u00f6z\u00fcm \u00fcretilece\u011fi kaydedildi.<\/p>\n<p>7 METRE ALTINI KAPSIYOR<\/p>\n<p>Uygulama, \u00f6zellikle Haziran 2025 ay\u0131 sonunda deniz ba\u011flama s\u00f6zle\u015fmesi sona erecek olan 7 metre alt\u0131ndaki tekneleri kapsad\u0131. Bu teknelerin belirlenen tarihe kadar karaya \u00e7\u0131kar\u0131lmas\u0131 gerekti\u011fine dikkat \u00e7ekildi. Karaya al\u0131nan tekneler i\u00e7in \u00fccretlendirme, al\u0131\u015f\u0131ld\u0131k \u201ck\u0131\u015flama\u201d tarifesi yerine deniz ba\u011flama s\u00f6zle\u015fme tarifesi \u00fczerinden yap\u0131laca\u011f\u0131 duyuruldu.<\/p>\n<p>TEKNE SAH\u0130PLER\u0130NDE KR\u0130Z<\/p>\n<p>Ancak belirlenen s\u00fcrede karaya \u00e7\u0131kar\u0131lmayan 7 metreden k\u00fc\u00e7\u00fck tekneler i\u00e7in 1 Temmuz 2025 itibar\u0131yla deniz ba\u011flama s\u00f6zle\u015fmesi yenilemesi yap\u0131lmayacak. Bu durumda kalan teknelerin bar\u0131nakta kalmalar\u0131 m\u00fcmk\u00fcn olmayacak. Karar bar\u0131naktaki tekne sahipleri aras\u0131nda krize neden oldu. Onlarca tekne sahibi karara itiraz ederek karardan geri ad\u0131m at\u0131lmas\u0131n\u0131 savundu.<\/p>\n<p>\u0130MKANSIZ B\u0130R DURUM<\/p>\n<p>Tekne sahipleri yeterli alt yap\u0131n\u0131n sa\u011flanmadan karar\u0131n uygulanmas\u0131n\u0131n zor oldu\u011funu ifade etti. Cumhurba\u015fkanl\u0131\u011f\u0131 \u0130leti\u015fim Merkezi (C\u0130MER)\u2019e \u00e7ok say\u0131da dilek\u00e7e ile ba\u015fvuru yap\u0131ld\u0131. Tekne sahipleri r\u00f6morku veya \u00e7ekici arac\u0131 olmayan tekne sahiplerini teknik olarak imk\u00e2ns\u0131z bir durum ya\u015fad\u0131klar\u0131n\u0131 belirtti. Ya\u015f, sa\u011fl\u0131k durumu veya fiziksel yetersizlik nedeniyle bu i\u015flemi yapamayacak ki\u015filere haks\u0131zl\u0131k te\u015fkil etti\u011fi ifade edildi.<\/p>\n<p>TEKNE SAH\u0130PLER\u0130 KAYGILI<\/p>\n<p>Kara park alanlar\u0131n\u0131n yeterli g\u00fcvenlik ve altyap\u0131ya sahip olmamas\u0131 nedeniyle tekne sahiplerini kayg\u0131land\u0131\u011f\u0131 ve t\u00fcm bu s\u00fcrecin \u00fcyelerle isti\u015fare edilmeden, \u00e7ok k\u0131sa s\u00fcrede hayata ge\u00e7irilmek istenmesi \u015fik\u00e2yet edilen konular aras\u0131nda yer ald\u0131. Ba\u015fvuruda, \u201cBu nedenle, uygulaman\u0131n g\u00f6zden ge\u00e7irilmesi, r\u00f6morkla karaya alma i\u015fleminin zorunlu de\u011fil iste\u011fe ba\u011fl\u0131 hale getirilmesi, mevcut s\u00f6zle\u015fmelerin yenilenmesine engel olunmamas\u0131 hususlar\u0131nda gere\u011finin yap\u0131lmas\u0131n\u0131 arz ederiz\u201d denildi.<\/p>\n<p>MAL\u0130 A\u00c7IDAN ZORLUKLAR VAR<\/p>\n<p>Tekne sahibi Burak Toku\u00e7 taraf\u0131ndan verilen dilek\u00e7ede ise dikkat \u00e7eken ifadelere yer verildi. Dilek\u00e7ede, \u201cBizleri karaya alarak \u015fuanda kullanmakta oldu\u011fumuz yerlere ba\u015fka teknelerin al\u0131naca\u011f\u0131 s\u00f6yleniyor. Bizi ma\u011fdur ederek ba\u015fka ki\u015filerin kazan\u00e7l\u0131 \u00e7\u0131kmas\u0131 planlanmaktad\u0131r. Karaya \u00e7\u0131karma i\u015flemi i\u00e7in r\u00f6mork deste\u011fi ve uygun ta\u015f\u0131ma ko\u015fullar\u0131n\u0131n sa\u011flanmas\u0131 teknik ve mali a\u00e7\u0131dan b\u00fcy\u00fck zorluklar yarat\u0131yor. Kara park sahas\u0131nda muhafaza edilecek tekneler i\u00e7in deniz ba\u011flama tarifesinden \u00fccretlendirme yap\u0131lacak olmas\u0131, biz tekne sahiplerini ekonomik a\u00e7\u0131dan zor durumda b\u0131rakacak\u201d denildi.<\/p>\n<p>TEHD\u0130T ED\u0130LD\u0130K<\/p>\n<p>Ayr\u0131ca, \u201cBaz\u0131 teknelerin karaya \u00e7\u0131kar\u0131lmas\u0131 teknik ve fiziki nedenlerle m\u00fcmk\u00fcn olmamakta, bu nedenle deniz ba\u011flama s\u00f6zle\u015fmesinin yenilenememesi ma\u011fduriyet yaratacak. Ayr\u0131ca, daha \u00f6nce s\u00f6zle\u015fme imzalama s\u00fcrecinde, taraf\u0131m\u0131za dayatma usul\u00fc ile, s\u00f6zle\u015fme maddeleri yeterince a\u00e7\u0131klanmadan imzalat\u0131lm\u0131\u015f, s\u00f6zle\u015fmeyi imzalamayanlar\u0131n teknelerinin al\u0131n\u0131p g\u00f6t\u00fcr\u00fclece\u011fi tehdidi ile kar\u015f\u0131la\u015f\u0131ld\u0131. \u015eu anda ise s\u00f6zle\u015fme s\u00fcresi sona erdi\u011finde, daha \u00f6nce dayatma ile imzalat\u0131lan s\u00f6zle\u015fme maddeleri kullan\u0131larak, teknelerin karaya \u00e7\u0131kar\u0131lmas\u0131 konusunda bask\u0131 uygulanmakta, bu durum bizleri hem maddi hem de manevi olarak zor durumda b\u0131rak\u0131yor.\u201d ifadelerine yer verildi.<\/p>\n<p>MA\u011eDUR\u0130YET\u0130M\u0130Z\u0130 G\u0130DER\u0130N<\/p>\n<p>Dilek\u00e7e, \u201cBu nedenle, Antalya Bal\u0131k\u00e7\u0131 Bar\u0131na\u011f\u0131\u2019ndaki s\u00f6z konusu uygulama ve dayatma usul\u00fc s\u00f6zle\u015fmeler nedeniyle olu\u015fan ma\u011fduriyetimizin giderilmesi i\u00e7in gerekli incelemelerin yap\u0131lmas\u0131n\u0131, hakkaniyetli bir \u00e7\u00f6z\u00fcm bulunmas\u0131n\u0131 ve biz tekne sahiplerinin haklar\u0131n\u0131n korunmas\u0131n\u0131 talep ediyoruz\u201d ifadeleri ile tamamland\u0131.<\/p>\n<p>TEKNE SAH\u0130PLER\u0130 BULU\u015eACAK<\/p>\n<p>Tekne sahiplerinin cuma g\u00fcn\u00fc saat 15.00 ile 16.00 aras\u0131nda bar\u0131nakta bir araya gelerek al\u0131nan karara tepki g\u00f6stermesi bekleniyor. Bir di\u011fer \u00f6nemli geli\u015fme ise savc\u0131l\u0131\u011fa karar\u0131n durdurulmas\u0131 y\u00f6n\u00fcnde bir ba\u015fvuru yap\u0131ld\u0131. \u00c7ok say\u0131da tekne sahibi avukata vekalet vererek, karar\u0131 ele\u015ftirdi.<\/p>\n<p>\u200bAntalya\u2019da Bal\u0131k\u00e7\u0131 Bar\u0131na\u011f\u0131 Y\u00f6netimi\u2019nin bar\u0131nakta 7 metreden k\u00fc\u00e7\u00fck teknelerin karaya \u00e7ekilmesi y\u00f6n\u00fcndeki karar\u0131 krize neden oldu. \u00c7ok say\u0131da tekne sahibi yeterli ko\u015fullar\u0131n sa\u011flanmad\u0131\u011f\u0131n\u0131 ifade ederek duruma itiraz etti. C\u0130MER\u2019e \u015fik\u00e2yet ve ba\u015fvuru ya\u011fd\u0131.\u00a0<\/p>\n<p>\u200bHaberin Al\u0131nt\u0131land\u0131\u011f\u0131 Kaynak: www.antalyakorfez.com<\/p>","protected":false},"excerpt":{"rendered":"<p>Antalya\u2019da ad\u0131n\u0131 bal\u0131k\u00e7\u0131lardan alan ama l\u00fcks teknelerin adeta park merkezi haline gelen Antalya Bal\u0131k\u00e7\u0131 Bar\u0131na\u011f\u0131\u2019nda yeni bir kriz ya\u015fan\u0131yor. Antalya \u0130l Tar\u0131m ve Orman M\u00fcd\u00fcrl\u00fc\u011f\u00fc\u2019n\u00fcn 4 Haziran 2025 tarihli resmi yaz\u0131s\u0131 do\u011frultusunda, Antalya Bal\u0131k\u00e7\u0131 Bar\u0131na\u011f\u0131\u2019nda \u00f6nemli bir d\u00fczenlemeye gidildi. Antalya\u2019da Bal\u0131k\u00e7\u0131 Bar\u0131na\u011f\u0131 Y\u00f6netimi\u2019nin karar\u0131 ile bar\u0131naktaki deniz ba\u011flama kapasitesinin daha verimli kullan\u0131lmas\u0131 i\u00e7in hareket ge\u00e7ti. Boyu 7 metrenin alt\u0131nda olan teknelerin r\u00f6mork yard\u0131m\u0131yla karaya \u00e7\u0131kar\u0131lmas\u0131 ve kara park alan\u0131nda muhafaza edilmesi kararla\u015ft\u0131r\u0131ld\u0131. YER SIKINTISINA \u00c7\u00d6Z\u00dcM Yeni d\u00fczenleme ile deniz ba\u011flama alanlar\u0131n\u0131n bo\u015falt\u0131lmas\u0131 ve mevcut kapasitenin daha etkili \u015fekilde de\u011ferlendirilmesi ama\u00e7land\u0131\u011f\u0131 duyuruldu. B\u00f6ylece daha fazla tekneye hizmet verilmesinin \u00f6n\u00fc a\u00e7\u0131l\u0131rken, bar\u0131nakta y\u0131llard\u0131r ya\u015fanan yer s\u0131k\u0131nt\u0131s\u0131na da \u00e7\u00f6z\u00fcm \u00fcretilece\u011fi kaydedildi. 7 METRE ALTINI KAPSIYOR Uygulama, \u00f6zellikle Haziran 2025 ay\u0131 sonunda deniz ba\u011flama s\u00f6zle\u015fmesi sona erecek olan 7 metre alt\u0131ndaki tekneleri kapsad\u0131. Bu teknelerin belirlenen tarihe kadar karaya \u00e7\u0131kar\u0131lmas\u0131 gerekti\u011fine dikkat \u00e7ekildi. Karaya al\u0131nan tekneler i\u00e7in \u00fccretlendirme, al\u0131\u015f\u0131ld\u0131k \u201ck\u0131\u015flama\u201d tarifesi yerine deniz ba\u011flama s\u00f6zle\u015fme tarifesi \u00fczerinden yap\u0131laca\u011f\u0131 duyuruldu. TEKNE SAH\u0130PLER\u0130NDE KR\u0130Z Ancak belirlenen s\u00fcrede karaya \u00e7\u0131kar\u0131lmayan 7 metreden k\u00fc\u00e7\u00fck tekneler i\u00e7in 1 Temmuz 2025 itibar\u0131yla deniz ba\u011flama s\u00f6zle\u015fmesi yenilemesi yap\u0131lmayacak. Bu durumda kalan teknelerin bar\u0131nakta kalmalar\u0131 m\u00fcmk\u00fcn olmayacak. Karar bar\u0131naktaki tekne sahipleri aras\u0131nda krize neden oldu. Onlarca tekne sahibi karara itiraz ederek karardan &hellip;<\/p>","protected":false},"author":5,"featured_media":0,"comment_status":"","ping_status":"open","sticky":false,"template":"","format":"standard","meta":{"_acf_changed":false,"footnotes":""},"categories":[24],"tags":[],"class_list":["post-114225","post","type-post","status-publish","format-standard","has-post-thumbnail","hentry","category-gundem"],"acf":[],"yoast_head":"<!-- This site is optimized with the Yoast SEO Premium plugin v26.6 (Yoast SEO v27.1.1) - https:\/\/yoast.com\/product\/yoast-seo-premium-wordpress\/ -->\n<title>Antalya Bal\u0131k\u00e7\u0131 Bar\u0131na\u011f\u0131\u2019nda yeni kriz! C\u0130MER\u2019e \u015fik\u00e2yet ve ba\u015fvuru ya\u011fd\u0131 - Av. Deniz Can K\u0131z\u0131l<\/title>\n<meta name=\"robots\" content=\"index, follow, max-snippet:-1, max-image-preview:large, max-video-preview:-1\" \/>\n<link rel=\"canonical\" href=\"https:\/\/denizcankizil.tr\/de\/haberler\/gundem\/antalya-balikci-barinaginda-yeni-kriz-cimere-sikayet-ve-basvuru-yagdi\/\" \/>\n<meta property=\"og:locale\" content=\"de_DE\" \/>\n<meta property=\"og:type\" content=\"article\" \/>\n<meta property=\"og:title\" content=\"Antalya Bal\u0131k\u00e7\u0131 Bar\u0131na\u011f\u0131\u2019nda yeni kriz! C\u0130MER\u2019e \u015fik\u00e2yet ve ba\u015fvuru ya\u011fd\u0131\" \/>\n<meta property=\"og:description\" content=\"Antalya\u2019da ad\u0131n\u0131 bal\u0131k\u00e7\u0131lardan alan ama l\u00fcks teknelerin adeta park merkezi haline gelen Antalya Bal\u0131k\u00e7\u0131 Bar\u0131na\u011f\u0131\u2019nda yeni bir kriz ya\u015fan\u0131yor. Antalya \u0130l Tar\u0131m ve Orman M\u00fcd\u00fcrl\u00fc\u011f\u00fc\u2019n\u00fcn 4 Haziran 2025 tarihli resmi yaz\u0131s\u0131 do\u011frultusunda, Antalya Bal\u0131k\u00e7\u0131 Bar\u0131na\u011f\u0131\u2019nda \u00f6nemli bir d\u00fczenlemeye gidildi. Antalya\u2019da Bal\u0131k\u00e7\u0131 Bar\u0131na\u011f\u0131 Y\u00f6netimi\u2019nin karar\u0131 ile bar\u0131naktaki deniz ba\u011flama kapasitesinin daha verimli kullan\u0131lmas\u0131 i\u00e7in hareket ge\u00e7ti. Boyu 7 metrenin alt\u0131nda olan teknelerin r\u00f6mork yard\u0131m\u0131yla karaya \u00e7\u0131kar\u0131lmas\u0131 ve kara park alan\u0131nda muhafaza edilmesi kararla\u015ft\u0131r\u0131ld\u0131. YER SIKINTISINA \u00c7\u00d6Z\u00dcM Yeni d\u00fczenleme ile deniz ba\u011flama alanlar\u0131n\u0131n bo\u015falt\u0131lmas\u0131 ve mevcut kapasitenin daha etkili \u015fekilde de\u011ferlendirilmesi ama\u00e7land\u0131\u011f\u0131 duyuruldu. B\u00f6ylece daha fazla tekneye hizmet verilmesinin \u00f6n\u00fc a\u00e7\u0131l\u0131rken, bar\u0131nakta y\u0131llard\u0131r ya\u015fanan yer s\u0131k\u0131nt\u0131s\u0131na da \u00e7\u00f6z\u00fcm \u00fcretilece\u011fi kaydedildi. 7 METRE ALTINI KAPSIYOR Uygulama, \u00f6zellikle Haziran 2025 ay\u0131 sonunda deniz ba\u011flama s\u00f6zle\u015fmesi sona erecek olan 7 metre alt\u0131ndaki tekneleri kapsad\u0131. Bu teknelerin belirlenen tarihe kadar karaya \u00e7\u0131kar\u0131lmas\u0131 gerekti\u011fine dikkat \u00e7ekildi. Karaya al\u0131nan tekneler i\u00e7in \u00fccretlendirme, al\u0131\u015f\u0131ld\u0131k \u201ck\u0131\u015flama\u201d tarifesi yerine deniz ba\u011flama s\u00f6zle\u015fme tarifesi \u00fczerinden yap\u0131laca\u011f\u0131 duyuruldu. TEKNE SAH\u0130PLER\u0130NDE KR\u0130Z Ancak belirlenen s\u00fcrede karaya \u00e7\u0131kar\u0131lmayan 7 metreden k\u00fc\u00e7\u00fck tekneler i\u00e7in 1 Temmuz 2025 itibar\u0131yla deniz ba\u011flama s\u00f6zle\u015fmesi yenilemesi yap\u0131lmayacak. Bu durumda kalan teknelerin bar\u0131nakta kalmalar\u0131 m\u00fcmk\u00fcn olmayacak. Karar bar\u0131naktaki tekne sahipleri aras\u0131nda krize neden oldu. Onlarca tekne sahibi karara itiraz ederek karardan &hellip;\" \/>\n<meta property=\"og:url\" content=\"https:\/\/denizcankizil.tr\/de\/haberler\/gundem\/antalya-balikci-barinaginda-yeni-kriz-cimere-sikayet-ve-basvuru-yagdi\/\" \/>\n<meta property=\"og:site_name\" content=\"Av. Deniz Can K\u0131z\u0131l\" \/>\n<meta property=\"article:published_time\" content=\"2025-06-12T06:41:22+00:00\" \/>\n<meta name=\"author\" content=\"Antalya K\u00f6rfez\" \/>\n<meta name=\"twitter:card\" content=\"summary_large_image\" \/>\n<meta name=\"twitter:label1\" content=\"Verfasst von\" \/>\n\t<meta name=\"twitter:data1\" content=\"Antalya K\u00f6rfez\" \/>\n\t<meta name=\"twitter:label2\" content=\"Gesch\u00e4tzte Lesezeit\" \/>\n\t<meta name=\"twitter:data2\" content=\"4\u00a0Minuten\" \/>\n<script type=\"application\/ld+json\" class=\"yoast-schema-graph\">{\"@context\":\"https:\/\/schema.org\",\"@graph\":[{\"@type\":\"Article\",\"@id\":\"https:\/\/denizcankizil.tr\/de\/haberler\/gundem\/antalya-balikci-barinaginda-yeni-kriz-cimere-sikayet-ve-basvuru-yagdi\/#article\",\"isPartOf\":{\"@id\":\"https:\/\/denizcankizil.tr\/de\/haberler\/gundem\/antalya-balikci-barinaginda-yeni-kriz-cimere-sikayet-ve-basvuru-yagdi\/\"},\"author\":{\"name\":\"Antalya K\u00f6rfez\",\"@id\":\"https:\/\/denizcankizil.tr\/de\/#\/schema\/person\/e1eb71bb4dd684d46563f0af307e1234\"},\"headline\":\"Antalya Bal\u0131k\u00e7\u0131 Bar\u0131na\u011f\u0131\u2019nda yeni kriz! C\u0130MER\u2019e \u015fik\u00e2yet ve ba\u015fvuru ya\u011fd\u0131\",\"datePublished\":\"2025-06-12T06:41:22+00:00\",\"mainEntityOfPage\":{\"@id\":\"https:\/\/denizcankizil.tr\/de\/haberler\/gundem\/antalya-balikci-barinaginda-yeni-kriz-cimere-sikayet-ve-basvuru-yagdi\/\"},\"wordCount\":898,\"publisher\":{\"@id\":\"https:\/\/denizcankizil.tr\/de\/#organization\"},\"articleSection\":[\"G\u00fcndem\"],\"inLanguage\":\"de\"},{\"@type\":\"WebPage\",\"@id\":\"https:\/\/denizcankizil.tr\/de\/haberler\/gundem\/antalya-balikci-barinaginda-yeni-kriz-cimere-sikayet-ve-basvuru-yagdi\/\",\"url\":\"https:\/\/denizcankizil.tr\/de\/haberler\/gundem\/antalya-balikci-barinaginda-yeni-kriz-cimere-sikayet-ve-basvuru-yagdi\/\",\"name\":\"Antalya Bal\u0131k\u00e7\u0131 Bar\u0131na\u011f\u0131\u2019nda yeni kriz! C\u0130MER\u2019e \u015fik\u00e2yet ve ba\u015fvuru ya\u011fd\u0131 - Av. Deniz Can K\u0131z\u0131l\",\"isPartOf\":{\"@id\":\"https:\/\/denizcankizil.tr\/de\/#website\"},\"datePublished\":\"2025-06-12T06:41:22+00:00\",\"breadcrumb\":{\"@id\":\"https:\/\/denizcankizil.tr\/de\/haberler\/gundem\/antalya-balikci-barinaginda-yeni-kriz-cimere-sikayet-ve-basvuru-yagdi\/#breadcrumb\"},\"inLanguage\":\"de\",\"potentialAction\":[{\"@type\":\"ReadAction\",\"target\":[\"https:\/\/denizcankizil.tr\/de\/haberler\/gundem\/antalya-balikci-barinaginda-yeni-kriz-cimere-sikayet-ve-basvuru-yagdi\/\"]}]},{\"@type\":\"BreadcrumbList\",\"@id\":\"https:\/\/denizcankizil.tr\/de\/haberler\/gundem\/antalya-balikci-barinaginda-yeni-kriz-cimere-sikayet-ve-basvuru-yagdi\/#breadcrumb\",\"itemListElement\":[{\"@type\":\"ListItem\",\"position\":1,\"name\":\"Home\",\"item\":\"https:\/\/denizcankizil.tr\/de\/\"},{\"@type\":\"ListItem\",\"position\":2,\"name\":\"Antalya Bal\u0131k\u00e7\u0131 Bar\u0131na\u011f\u0131\u2019nda yeni kriz! C\u0130MER\u2019e \u015fik\u00e2yet ve ba\u015fvuru ya\u011fd\u0131\"}]},{\"@type\":\"WebSite\",\"@id\":\"https:\/\/denizcankizil.tr\/de\/#website\",\"url\":\"https:\/\/denizcankizil.tr\/de\/\",\"name\":\"Av. Deniz Can K\u0131z\u0131l\",\"description\":\"Avukat Deniz Can K\u0131z\u0131l Antalya Barosu\",\"publisher\":{\"@id\":\"https:\/\/denizcankizil.tr\/de\/#organization\"},\"potentialAction\":[{\"@type\":\"SearchAction\",\"target\":{\"@type\":\"EntryPoint\",\"urlTemplate\":\"https:\/\/denizcankizil.tr\/de\/?s={search_term_string}\"},\"query-input\":{\"@type\":\"PropertyValueSpecification\",\"valueRequired\":true,\"valueName\":\"search_term_string\"}}],\"inLanguage\":\"de\"},{\"@type\":\"Organization\",\"@id\":\"https:\/\/denizcankizil.tr\/de\/#organization\",\"name\":\"Av. Deniz Can K\u0131z\u0131l\",\"url\":\"https:\/\/denizcankizil.tr\/de\/\",\"logo\":{\"@type\":\"ImageObject\",\"inLanguage\":\"de\",\"@id\":\"https:\/\/denizcankizil.tr\/de\/#\/schema\/logo\/image\/\",\"url\":\"https:\/\/denizcankizil.tr\/wp-content\/uploads\/2024\/10\/siyah-logo-svg.svg\",\"contentUrl\":\"https:\/\/denizcankizil.tr\/wp-content\/uploads\/2024\/10\/siyah-logo-svg.svg\",\"width\":1080,\"height\":1080,\"caption\":\"Av. Deniz Can K\u0131z\u0131l\"},\"image\":{\"@id\":\"https:\/\/denizcankizil.tr\/de\/#\/schema\/logo\/image\/\"}},{\"@type\":\"Person\",\"@id\":\"https:\/\/denizcankizil.tr\/de\/#\/schema\/person\/e1eb71bb4dd684d46563f0af307e1234\",\"name\":\"Antalya K\u00f6rfez\",\"image\":{\"@type\":\"ImageObject\",\"inLanguage\":\"de\",\"@id\":\"https:\/\/denizcankizil.tr\/de\/#\/schema\/person\/image\/\",\"url\":\"https:\/\/secure.gravatar.com\/avatar\/42b01982558a48a0b501fdcab6a408d3717ea5919095ee2e67b0e521799c5905?s=96&d=mm&r=g\",\"contentUrl\":\"https:\/\/secure.gravatar.com\/avatar\/42b01982558a48a0b501fdcab6a408d3717ea5919095ee2e67b0e521799c5905?s=96&d=mm&r=g\",\"caption\":\"Antalya K\u00f6rfez\"},\"sameAs\":[\"http:\/\/www.antalyakorfez.com\"],\"url\":\"https:\/\/www.antalyakorfez.com\/antalya-balikci-barinaginda-yeni-kriz-cimere-sikayet-ve-basvuru-yagdi\"}]}<\/script>\n<!-- \/ Yoast SEO Premium plugin. -->","yoast_head_json":{"title":"Antalya Bal\u0131k\u00e7\u0131 Bar\u0131na\u011f\u0131\u2019nda yeni kriz! C\u0130MER\u2019e \u015fik\u00e2yet ve ba\u015fvuru ya\u011fd\u0131 - Av. Deniz Can K\u0131z\u0131l","robots":{"index":"index","follow":"follow","max-snippet":"max-snippet:-1","max-image-preview":"max-image-preview:large","max-video-preview":"max-video-preview:-1"},"canonical":"https:\/\/denizcankizil.tr\/de\/haberler\/gundem\/antalya-balikci-barinaginda-yeni-kriz-cimere-sikayet-ve-basvuru-yagdi\/","og_locale":"de_DE","og_type":"article","og_title":"Antalya Bal\u0131k\u00e7\u0131 Bar\u0131na\u011f\u0131\u2019nda yeni kriz! C\u0130MER\u2019e \u015fik\u00e2yet ve ba\u015fvuru ya\u011fd\u0131","og_description":"Antalya\u2019da ad\u0131n\u0131 bal\u0131k\u00e7\u0131lardan alan ama l\u00fcks teknelerin adeta park merkezi haline gelen Antalya Bal\u0131k\u00e7\u0131 Bar\u0131na\u011f\u0131\u2019nda yeni bir kriz ya\u015fan\u0131yor. Antalya \u0130l Tar\u0131m ve Orman M\u00fcd\u00fcrl\u00fc\u011f\u00fc\u2019n\u00fcn 4 Haziran 2025 tarihli resmi yaz\u0131s\u0131 do\u011frultusunda, Antalya Bal\u0131k\u00e7\u0131 Bar\u0131na\u011f\u0131\u2019nda \u00f6nemli bir d\u00fczenlemeye gidildi. Antalya\u2019da Bal\u0131k\u00e7\u0131 Bar\u0131na\u011f\u0131 Y\u00f6netimi\u2019nin karar\u0131 ile bar\u0131naktaki deniz ba\u011flama kapasitesinin daha verimli kullan\u0131lmas\u0131 i\u00e7in hareket ge\u00e7ti. Boyu 7 metrenin alt\u0131nda olan teknelerin r\u00f6mork yard\u0131m\u0131yla karaya \u00e7\u0131kar\u0131lmas\u0131 ve kara park alan\u0131nda muhafaza edilmesi kararla\u015ft\u0131r\u0131ld\u0131. YER SIKINTISINA \u00c7\u00d6Z\u00dcM Yeni d\u00fczenleme ile deniz ba\u011flama alanlar\u0131n\u0131n bo\u015falt\u0131lmas\u0131 ve mevcut kapasitenin daha etkili \u015fekilde de\u011ferlendirilmesi ama\u00e7land\u0131\u011f\u0131 duyuruldu. B\u00f6ylece daha fazla tekneye hizmet verilmesinin \u00f6n\u00fc a\u00e7\u0131l\u0131rken, bar\u0131nakta y\u0131llard\u0131r ya\u015fanan yer s\u0131k\u0131nt\u0131s\u0131na da \u00e7\u00f6z\u00fcm \u00fcretilece\u011fi kaydedildi. 7 METRE ALTINI KAPSIYOR Uygulama, \u00f6zellikle Haziran 2025 ay\u0131 sonunda deniz ba\u011flama s\u00f6zle\u015fmesi sona erecek olan 7 metre alt\u0131ndaki tekneleri kapsad\u0131. Bu teknelerin belirlenen tarihe kadar karaya \u00e7\u0131kar\u0131lmas\u0131 gerekti\u011fine dikkat \u00e7ekildi. Karaya al\u0131nan tekneler i\u00e7in \u00fccretlendirme, al\u0131\u015f\u0131ld\u0131k \u201ck\u0131\u015flama\u201d tarifesi yerine deniz ba\u011flama s\u00f6zle\u015fme tarifesi \u00fczerinden yap\u0131laca\u011f\u0131 duyuruldu. TEKNE SAH\u0130PLER\u0130NDE KR\u0130Z Ancak belirlenen s\u00fcrede karaya \u00e7\u0131kar\u0131lmayan 7 metreden k\u00fc\u00e7\u00fck tekneler i\u00e7in 1 Temmuz 2025 itibar\u0131yla deniz ba\u011flama s\u00f6zle\u015fmesi yenilemesi yap\u0131lmayacak. Bu durumda kalan teknelerin bar\u0131nakta kalmalar\u0131 m\u00fcmk\u00fcn olmayacak. Karar bar\u0131naktaki tekne sahipleri aras\u0131nda krize neden oldu. Onlarca tekne sahibi karara itiraz ederek karardan &hellip;","og_url":"https:\/\/denizcankizil.tr\/de\/haberler\/gundem\/antalya-balikci-barinaginda-yeni-kriz-cimere-sikayet-ve-basvuru-yagdi\/","og_site_name":"Av. Deniz Can K\u0131z\u0131l","article_published_time":"2025-06-12T06:41:22+00:00","author":"Antalya K\u00f6rfez","twitter_card":"summary_large_image","twitter_misc":{"Verfasst von":"Antalya K\u00f6rfez","Gesch\u00e4tzte Lesezeit":"4\u00a0Minuten"},"schema":{"@context":"https:\/\/schema.org","@graph":[{"@type":"Article","@id":"https:\/\/denizcankizil.tr\/de\/haberler\/gundem\/antalya-balikci-barinaginda-yeni-kriz-cimere-sikayet-ve-basvuru-yagdi\/#article","isPartOf":{"@id":"https:\/\/denizcankizil.tr\/de\/haberler\/gundem\/antalya-balikci-barinaginda-yeni-kriz-cimere-sikayet-ve-basvuru-yagdi\/"},"author":{"name":"Antalya K\u00f6rfez","@id":"https:\/\/denizcankizil.tr\/de\/#\/schema\/person\/e1eb71bb4dd684d46563f0af307e1234"},"headline":"Antalya Bal\u0131k\u00e7\u0131 Bar\u0131na\u011f\u0131\u2019nda yeni kriz! C\u0130MER\u2019e \u015fik\u00e2yet ve ba\u015fvuru ya\u011fd\u0131","datePublished":"2025-06-12T06:41:22+00:00","mainEntityOfPage":{"@id":"https:\/\/denizcankizil.tr\/de\/haberler\/gundem\/antalya-balikci-barinaginda-yeni-kriz-cimere-sikayet-ve-basvuru-yagdi\/"},"wordCount":898,"publisher":{"@id":"https:\/\/denizcankizil.tr\/de\/#organization"},"articleSection":["G\u00fcndem"],"inLanguage":"de"},{"@type":"WebPage","@id":"https:\/\/denizcankizil.tr\/de\/haberler\/gundem\/antalya-balikci-barinaginda-yeni-kriz-cimere-sikayet-ve-basvuru-yagdi\/","url":"https:\/\/denizcankizil.tr\/de\/haberler\/gundem\/antalya-balikci-barinaginda-yeni-kriz-cimere-sikayet-ve-basvuru-yagdi\/","name":"Antalya Bal\u0131k\u00e7\u0131 Bar\u0131na\u011f\u0131\u2019nda yeni kriz! C\u0130MER\u2019e \u015fik\u00e2yet ve ba\u015fvuru ya\u011fd\u0131 - Av. Deniz Can K\u0131z\u0131l","isPartOf":{"@id":"https:\/\/denizcankizil.tr\/de\/#website"},"datePublished":"2025-06-12T06:41:22+00:00","breadcrumb":{"@id":"https:\/\/denizcankizil.tr\/de\/haberler\/gundem\/antalya-balikci-barinaginda-yeni-kriz-cimere-sikayet-ve-basvuru-yagdi\/#breadcrumb"},"inLanguage":"de","potentialAction":[{"@type":"ReadAction","target":["https:\/\/denizcankizil.tr\/de\/haberler\/gundem\/antalya-balikci-barinaginda-yeni-kriz-cimere-sikayet-ve-basvuru-yagdi\/"]}]},{"@type":"BreadcrumbList","@id":"https:\/\/denizcankizil.tr\/de\/haberler\/gundem\/antalya-balikci-barinaginda-yeni-kriz-cimere-sikayet-ve-basvuru-yagdi\/#breadcrumb","itemListElement":[{"@type":"ListItem","position":1,"name":"Home","item":"https:\/\/denizcankizil.tr\/de\/"},{"@type":"ListItem","position":2,"name":"Antalya Bal\u0131k\u00e7\u0131 Bar\u0131na\u011f\u0131\u2019nda yeni kriz! C\u0130MER\u2019e \u015fik\u00e2yet ve ba\u015fvuru ya\u011fd\u0131"}]},{"@type":"WebSite","@id":"https:\/\/denizcankizil.tr\/de\/#website","url":"https:\/\/denizcankizil.tr\/de\/","name":"Av. Deniz Can K\u0131z\u0131l","description":"Avukat Deniz Can K\u0131z\u0131l Antalya Barosu","publisher":{"@id":"https:\/\/denizcankizil.tr\/de\/#organization"},"potentialAction":[{"@type":"SearchAction","target":{"@type":"EntryPoint","urlTemplate":"https:\/\/denizcankizil.tr\/de\/?s={search_term_string}"},"query-input":{"@type":"PropertyValueSpecification","valueRequired":true,"valueName":"search_term_string"}}],"inLanguage":"de"},{"@type":"Organization","@id":"https:\/\/denizcankizil.tr\/de\/#organization","name":"Av. Deniz Can K\u0131z\u0131l","url":"https:\/\/denizcankizil.tr\/de\/","logo":{"@type":"ImageObject","inLanguage":"de","@id":"https:\/\/denizcankizil.tr\/de\/#\/schema\/logo\/image\/","url":"https:\/\/denizcankizil.tr\/wp-content\/uploads\/2024\/10\/siyah-logo-svg.svg","contentUrl":"https:\/\/denizcankizil.tr\/wp-content\/uploads\/2024\/10\/siyah-logo-svg.svg","width":1080,"height":1080,"caption":"Av. Deniz Can K\u0131z\u0131l"},"image":{"@id":"https:\/\/denizcankizil.tr\/de\/#\/schema\/logo\/image\/"}},{"@type":"Person","@id":"https:\/\/denizcankizil.tr\/de\/#\/schema\/person\/e1eb71bb4dd684d46563f0af307e1234","name":"Antalya K\u00f6rfez","image":{"@type":"ImageObject","inLanguage":"de","@id":"https:\/\/denizcankizil.tr\/de\/#\/schema\/person\/image\/","url":"https:\/\/secure.gravatar.com\/avatar\/42b01982558a48a0b501fdcab6a408d3717ea5919095ee2e67b0e521799c5905?s=96&d=mm&r=g","contentUrl":"https:\/\/secure.gravatar.com\/avatar\/42b01982558a48a0b501fdcab6a408d3717ea5919095ee2e67b0e521799c5905?s=96&d=mm&r=g","caption":"Antalya K\u00f6rfez"},"sameAs":["http:\/\/www.antalyakorfez.com"],"url":"https:\/\/www.antalyakorfez.com\/antalya-balikci-barinaginda-yeni-kriz-cimere-sikayet-ve-basvuru-yagdi"}]}},"_links":{"self":[{"href":"https:\/\/denizcankizil.tr\/de\/wp-json\/wp\/v2\/posts\/114225","targetHints":{"allow":["GET"]}}],"collection":[{"href":"https:\/\/denizcankizil.tr\/de\/wp-json\/wp\/v2\/posts"}],"about":[{"href":"https:\/\/denizcankizil.tr\/de\/wp-json\/wp\/v2\/types\/post"}],"author":[{"embeddable":true,"href":"https:\/\/denizcankizil.tr\/de\/wp-json\/wp\/v2\/users\/5"}],"replies":[{"embeddable":true,"href":"https:\/\/denizcankizil.tr\/de\/wp-json\/wp\/v2\/comments?post=114225"}],"version-history":[{"count":0,"href":"https:\/\/denizcankizil.tr\/de\/wp-json\/wp\/v2\/posts\/114225\/revisions"}],"wp:attachment":[{"href":"https:\/\/denizcankizil.tr\/de\/wp-json\/wp\/v2\/media?parent=114225"}],"wp:term":[{"taxonomy":"category","embeddable":true,"href":"https:\/\/denizcankizil.tr\/de\/wp-json\/wp\/v2\/categories?post=114225"},{"taxonomy":"post_tag","embeddable":true,"href":"https:\/\/denizcankizil.tr\/de\/wp-json\/wp\/v2\/tags?post=114225"}],"curies":[{"name":"wp","href":"https:\/\/api.w.org\/{rel}","templated":true}]}}