{"id":113891,"date":"2025-06-11T21:42:20","date_gmt":"2025-06-11T18:42:20","guid":{"rendered":"https:\/\/denizcankizil.tr\/uncategorized-tr\/bursa-ciftehavuzlarda-deprem-riskine-karsi-buyuk-donusum-basliyor\/"},"modified":"2025-06-11T21:42:20","modified_gmt":"2025-06-11T18:42:20","slug":"bursa-ciftehavuzlarda-deprem-riskine-karsi-buyuk-donusum-basliyor","status":"publish","type":"post","link":"https:\/\/denizcankizil.tr\/de\/haberler\/gundem\/bursa-ciftehavuzlarda-deprem-riskine-karsi-buyuk-donusum-basliyor\/","title":{"rendered":"Bursa \u00c7iftehavuzlar\u2019da deprem riskine kar\u015f\u0131 b\u00fcy\u00fck d\u00f6n\u00fc\u015f\u00fcm ba\u015fl\u0131yor"},"content":{"rendered":"<p>Bursa Osmangazi Belediye Meclisi\u2019nin Haziran Ay\u0131 Ola\u011fan Meclis Toplant\u0131s\u0131, Osmangazi Belediye Ba\u015fkan\u0131 Erkan Ayd\u0131n\u2019\u0131n ba\u015fkanl\u0131\u011f\u0131nda ger\u00e7ekle\u015fti.\u00a0BURSA (\u0130GFA) &#8211; Bursa Osmangazi Belediye Meclis Salonu\u2019nda ger\u00e7ekle\u015ftirilen meclis toplant\u0131s\u0131, sayg\u0131 duru\u015fu ve \u0130stiklal Mar\u015f\u0131\u2019n\u0131n okunmas\u0131yla ba\u015flad\u0131. Toplant\u0131da grubu bulunan CHP, AK Parti ve MHP s\u00f6zc\u00fcleri, g\u00fcndeme dair g\u00f6r\u00fc\u015flerini dile getirdi. T\u00fcm gurup s\u00f6zc\u00fcleri, ge\u00e7ti\u011fimiz g\u00fcn vefat eden Manisa B\u00fcy\u00fck\u015fehir Belediye Ba\u015fkan\u0131 Ferdi Zeyrek\u2019e Allah\u2019tan rahmet, yak\u0131nlar\u0131na ise ba\u015fsa\u011fl\u0131\u011f\u0131 diledi.<br \/>\n\u201cFERD\u0130 ZEYREK \u0130SM\u0130 T\u00dcM T\u00dcRK\u0130YE \u0130\u00c7\u0130N UNUTULMAZLAR ARASINA G\u0130RD\u0130\u201d<br \/>\nMeclisin a\u00e7\u0131l\u0131\u015f konu\u015fmas\u0131n\u0131 yapan Ba\u015fkan Ayd\u0131n, ge\u00e7ti\u011fimiz g\u00fcn vefat eden Manisa B\u00fcy\u00fck\u015fehir Belediye Ba\u015fkan\u0131 Ferdi Zeyrek\u2019e Allah\u2019tan rahmet, yak\u0131nlar\u0131na ve ailesine de ba\u015f sa\u011fl\u0131\u011f\u0131 diledi. Ba\u015fkan Ayd\u0131n, \u201cManisa B\u00fcy\u00fck\u015fehir Belediye Ba\u015fkan\u0131 Ferdi Zeyrek\u2019i \u00e7ok elim bir kaza sonucu gen\u00e7 ya\u015fta kaybettik.  Allah rahmet eylesin. Mekan\u0131 cennet olsun. Yak\u0131nlar\u0131na ve sevenlerine bir kez daha sab\u0131r diliyorum. Ferdi Zeyrek, 74 y\u0131l sonra Cumhuriyet Halk Partisi taraf\u0131ndan kazan\u0131lan Manisa\u2019da bir y\u0131l gibi \u00e7ok k\u0131sa bir s\u00fcre i\u00e7erisinde nas\u0131l belediye ba\u015fkanl\u0131\u011f\u0131 yap\u0131l\u0131r, nas\u0131l \u00f6rnek bir g\u00f6rev insan\u0131 olunur, halk\u0131n g\u00f6nl\u00fcne nas\u0131l dokunulur ve oy veren vermeyen herkesin sevgisi nas\u0131l kazan\u0131l\u0131r, t\u00fcm T\u00fcrkiye\u2019ye g\u00f6sterdi. Ad\u0131 hem Manisa, hem T\u00fcrkiye hem de bizler i\u00e7in unutulmazlar aras\u0131na girdi. Gen\u00e7 ve gelecek vaat eden bir siyaset\u00e7iyi maalesef \u00e7ok erken kaybettik. Tekrardan ba\u015f\u0131m\u0131z sa\u011f olsun\u201d dedi.<\/p>\n<p>\u201cEK\u0130PLER\u0130M\u0130Z BAYRAM S\u00dcRES\u0130NCE \u00d6ZVER\u0130L\u0130 B\u0130R \u00c7ALI\u015eMA ORTAYA KOYDU\u201d<br \/>\nKurban Bayram\u0131 s\u00fcresince halk sa\u011fl\u0131\u011f\u0131 ve \u00e7evre temizli\u011fi i\u00e7in y\u00fcr\u00fctt\u00fckleri \u00f6zverili \u00e7al\u0131\u015fmadan dolay\u0131 g\u00f6revli belediye ekiplerine te\u015fekk\u00fcr eden Ba\u015fkan Ayd\u0131n, \u201c23 noktadaki kapal\u0131 ve a\u00e7\u0131k pazar alanlar\u0131n\u0131 kurban kesim yerlerine d\u00f6n\u00fc\u015ft\u00fcrerek vatanda\u015flar\u0131m\u0131za hizmet verdik. Halk\u0131m\u0131za, \u00e7evre ve sa\u011fl\u0131k sorunlar\u0131 ya\u015fatmamak ad\u0131na Temizlik \u0130\u015fleri, Veteriner \u0130\u015fleri, Zab\u0131ta ve Fen \u0130\u015fleri M\u00fcd\u00fcrl\u00fc\u011f\u00fc ekiplerimiz bayram s\u00fcresince g\u00f6revlerinin ba\u015f\u0131nda oldu. Ekiplerimize bir kez daha te\u015fekk\u00fcr ediyorum. Allah sa\u011fl\u0131k ve huzur i\u00e7erisinde yeni bayramlara bizleri eri\u015ftirsin\u201d diye konu\u015ftu. <\/p>\n<p>\u201c\u00c7\u0130FTEHAVUZLAR\u2019DA 300\u2019E YAKIN BA\u011eIMSIZ B\u00d6L\u00dcM DEPREM R\u0130SK\u0130NDEN KURTULACAK\u201d<br \/>\n\u00c7iftehavuzlar Mahallesi\u2019nde yap\u0131lacak olan kentsel d\u00f6n\u00fc\u015f\u00fcm projesindeki son durum hakk\u0131nda meclis \u00fcyelerini bilgilendiren Ba\u015fkan Ayd\u0131n, \u201cYakla\u015f\u0131k bir y\u0131ld\u0131r bu proje \u00fczerinde \u00e7al\u0131\u015f\u0131yoruz. Mevzuat k\u0131sm\u0131n\u0131n y\u00fczde 90\u2019a yak\u0131n\u0131 tamamland\u0131. \u00c7evre, \u015eehircilik ve \u0130klim De\u011fi\u015fikli\u011fi Bakanl\u0131\u011f\u0131\u2019n\u0131n da onay\u0131 gerekiyordu. \u00c7\u00fcnk\u00fc kentsel d\u00f6n\u00fc\u015f\u00fcm yapaca\u011f\u0131m\u0131z b\u00f6lgede bakanl\u0131\u011f\u0131n da parseli bulunuyor. G\u00f6r\u00fc\u015fmelerimiz netice buldu ve proje i\u00e7in onay verdiler. Kendilerine bir kez daha te\u015fekk\u00fcr ediyorum. Ticari alanlar\u0131 da katt\u0131\u011f\u0131m\u0131zda yakla\u015f\u0131k 300\u2019e yak\u0131n ba\u011f\u0131ms\u0131z b\u00f6l\u00fcm deprem riskinden kurtulacak. Bug\u00fcn\u00fcn \u015fartlar\u0131na uygun bir kentsel d\u00f6n\u00fc\u015f\u00fcm ger\u00e7ekle\u015ftirece\u011fiz. Bu konuda deste\u011fi olanlara da te\u015fekk\u00fcr ediyorum\u201d ifadelerini kuland\u0131.<br \/>\nOsmangazi Belediyesi Haziran Ay\u0131 Ola\u011fan Meclis Toplant\u0131s\u0131, g\u00fcndem maddelerinin g\u00f6r\u00fc\u015f\u00fclmesinin ard\u0131ndan sona erdi.<\/p>\n<p>\u200bBursa Osmangazi Belediye Meclisi\u2019nin Haziran Ay\u0131 Ola\u011fan Meclis Toplant\u0131s\u0131, Osmangazi Belediye Ba\u015fkan\u0131 Erkan Ayd\u0131n\u2019\u0131n ba\u015fkanl\u0131\u011f\u0131nda ger\u00e7ekle\u015fti.\u00a0BURSA (\u0130GFA) &#8211; Bursa Osmangazi Belediye Meclis Salonu\u2019nda ger\u00e7ekle\u015ftirilen meclis toplant\u0131s\u0131, sayg\u0131 duru\u015fu ve \u0130stiklal Mar\u015f\u0131\u2019n\u0131n okunmas\u0131yla ba\u015flad\u0131. Toplant\u0131da grubu bulunan CHP, AK Parti ve MHP s\u00f6zc\u00fcleri, g\u00fcndeme dair g\u00f6r\u00fc\u015flerini dile getirdi. T\u00fcm gurup s\u00f6zc\u00fcleri, ge\u00e7ti\u011fimiz g\u00fcn vefat eden Manisa B\u00fcy\u00fck\u015fehir Belediye Ba\u015fkan\u0131 Ferdi Zeyrek\u2019e Allah\u2019tan rahmet, yak\u0131nlar\u0131na ise ba\u015fsa\u011fl\u0131\u011f\u0131 diledi.<br \/>\n\u201cFERD\u0130 ZEYREK \u0130SM\u0130 T\u00dcM T\u00dcRK\u0130YE \u0130\u00c7\u0130N UNUTULMAZLAR ARASINA G\u0130RD\u0130\u201d<br \/>\nMeclisin a\u00e7\u0131l\u0131\u015f konu\u015fmas\u0131n\u0131 yapan Ba\u015fkan Ayd\u0131n, ge\u00e7ti\u011fimiz g\u00fcn vefat eden Manisa B\u00fcy\u00fck\u015fehir Belediye Ba\u015fkan\u0131 Ferdi Zeyrek\u2019e Allah\u2019tan rahmet, yak\u0131nlar\u0131na ve ailesine de ba\u015f sa\u011fl\u0131\u011f\u0131 diledi. Ba\u015fkan Ayd\u0131n, \u201cManisa B\u00fcy\u00fck\u015fehir Belediye Ba\u015fkan\u0131 Ferdi Zeyrek\u2019i \u00e7ok elim bir kaza sonucu gen\u00e7 ya\u015fta kaybettik.  Allah rahmet eylesin. Mekan\u0131 cennet olsun. Yak\u0131nlar\u0131na ve sevenlerine bir kez daha sab\u0131r diliyorum. Ferdi Zeyrek, 74 y\u0131l sonra Cumhuriyet Halk Partisi taraf\u0131ndan kazan\u0131lan Manisa\u2019da bir y\u0131l gibi \u00e7ok k\u0131sa bir s\u00fcre i\u00e7erisinde nas\u0131l belediye ba\u015fkanl\u0131\u011f\u0131 yap\u0131l\u0131r, nas\u0131l \u00f6rnek bir g\u00f6rev insan\u0131 olunur, halk\u0131n g\u00f6nl\u00fcne nas\u0131l dokunulur ve oy veren vermeyen herkesin sevgisi nas\u0131l kazan\u0131l\u0131r, t\u00fcm T\u00fcrkiye\u2019ye g\u00f6sterdi. Ad\u0131 hem Manisa, hem T\u00fcrkiye hem de bizler i\u00e7in unutulmazlar aras\u0131na girdi. Gen\u00e7 ve gelecek vaat eden bir siyaset\u00e7iyi maalesef \u00e7ok erken kaybettik. Tekrardan ba\u015f\u0131m\u0131z sa\u011f olsun\u201d dedi.<\/p>\n<p>\u201cEK\u0130PLER\u0130M\u0130Z BAYRAM S\u00dcRES\u0130NCE \u00d6ZVER\u0130L\u0130 B\u0130R \u00c7ALI\u015eMA ORTAYA KOYDU\u201d<br \/>\nKurban Bayram\u0131 s\u00fcresince halk sa\u011fl\u0131\u011f\u0131 ve \u00e7evre temizli\u011fi i\u00e7in y\u00fcr\u00fctt\u00fckleri \u00f6zverili \u00e7al\u0131\u015fmadan dolay\u0131 g\u00f6revli belediye ekiplerine te\u015fekk\u00fcr eden Ba\u015fkan Ayd\u0131n, \u201c23 noktadaki kapal\u0131 ve a\u00e7\u0131k pazar alanlar\u0131n\u0131 kurban kesim yerlerine d\u00f6n\u00fc\u015ft\u00fcrerek vatanda\u015flar\u0131m\u0131za hizmet verdik. Halk\u0131m\u0131za, \u00e7evre ve sa\u011fl\u0131k sorunlar\u0131 ya\u015fatmamak ad\u0131na Temizlik \u0130\u015fleri, Veteriner \u0130\u015fleri, Zab\u0131ta ve Fen \u0130\u015fleri M\u00fcd\u00fcrl\u00fc\u011f\u00fc ekiplerimiz bayram s\u00fcresince g\u00f6revlerinin ba\u015f\u0131nda oldu. Ekiplerimize bir kez daha te\u015fekk\u00fcr ediyorum. Allah sa\u011fl\u0131k ve huzur i\u00e7erisinde yeni bayramlara bizleri eri\u015ftirsin\u201d diye konu\u015ftu. <\/p>\n<p>\u201c\u00c7\u0130FTEHAVUZLAR\u2019DA 300\u2019E YAKIN BA\u011eIMSIZ B\u00d6L\u00dcM DEPREM R\u0130SK\u0130NDEN KURTULACAK\u201d<br \/>\n\u00c7iftehavuzlar Mahallesi\u2019nde yap\u0131lacak olan kentsel d\u00f6n\u00fc\u015f\u00fcm projesindeki son durum hakk\u0131nda meclis \u00fcyelerini bilgilendiren Ba\u015fkan Ayd\u0131n, \u201cYakla\u015f\u0131k bir y\u0131ld\u0131r bu proje \u00fczerinde \u00e7al\u0131\u015f\u0131yoruz. Mevzuat k\u0131sm\u0131n\u0131n y\u00fczde 90\u2019a yak\u0131n\u0131 tamamland\u0131. \u00c7evre, \u015eehircilik ve \u0130klim De\u011fi\u015fikli\u011fi Bakanl\u0131\u011f\u0131\u2019n\u0131n da onay\u0131 gerekiyordu. \u00c7\u00fcnk\u00fc kentsel d\u00f6n\u00fc\u015f\u00fcm yapaca\u011f\u0131m\u0131z b\u00f6lgede bakanl\u0131\u011f\u0131n da parseli bulunuyor. G\u00f6r\u00fc\u015fmelerimiz netice buldu ve proje i\u00e7in onay verdiler. Kendilerine bir kez daha te\u015fekk\u00fcr ediyorum. Ticari alanlar\u0131 da katt\u0131\u011f\u0131m\u0131zda yakla\u015f\u0131k 300\u2019e yak\u0131n ba\u011f\u0131ms\u0131z b\u00f6l\u00fcm deprem riskinden kurtulacak. Bug\u00fcn\u00fcn \u015fartlar\u0131na uygun bir kentsel d\u00f6n\u00fc\u015f\u00fcm ger\u00e7ekle\u015ftirece\u011fiz. Bu konuda deste\u011fi olanlara da te\u015fekk\u00fcr ediyorum\u201d ifadelerini kuland\u0131.<br \/>\nOsmangazi Belediyesi Haziran Ay\u0131 Ola\u011fan Meclis Toplant\u0131s\u0131, g\u00fcndem maddelerinin g\u00f6r\u00fc\u015f\u00fclmesinin ard\u0131ndan sona erdi.\u00a0<\/p>\n<p>\u200bHaberin Al\u0131nt\u0131land\u0131\u011f\u0131 Kaynak: www.iskenderun.org<\/p>","protected":false},"excerpt":{"rendered":"<p>Bursa Osmangazi Belediye Meclisi\u2019nin Haziran Ay\u0131 Ola\u011fan Meclis Toplant\u0131s\u0131, Osmangazi Belediye Ba\u015fkan\u0131 Erkan Ayd\u0131n\u2019\u0131n ba\u015fkanl\u0131\u011f\u0131nda ger\u00e7ekle\u015fti.\u00a0BURSA (\u0130GFA) &#8211; Bursa Osmangazi Belediye Meclis Salonu\u2019nda ger\u00e7ekle\u015ftirilen meclis toplant\u0131s\u0131, sayg\u0131 duru\u015fu ve \u0130stiklal Mar\u015f\u0131\u2019n\u0131n okunmas\u0131yla ba\u015flad\u0131. Toplant\u0131da grubu bulunan CHP, AK Parti ve MHP s\u00f6zc\u00fcleri, g\u00fcndeme dair g\u00f6r\u00fc\u015flerini dile getirdi. T\u00fcm gurup s\u00f6zc\u00fcleri, ge\u00e7ti\u011fimiz g\u00fcn vefat eden Manisa B\u00fcy\u00fck\u015fehir Belediye Ba\u015fkan\u0131 Ferdi Zeyrek\u2019e Allah\u2019tan rahmet, yak\u0131nlar\u0131na ise ba\u015fsa\u011fl\u0131\u011f\u0131 diledi. \u201cFERD\u0130 ZEYREK \u0130SM\u0130 T\u00dcM T\u00dcRK\u0130YE \u0130\u00c7\u0130N UNUTULMAZLAR ARASINA G\u0130RD\u0130\u201d Meclisin a\u00e7\u0131l\u0131\u015f konu\u015fmas\u0131n\u0131 yapan Ba\u015fkan Ayd\u0131n, ge\u00e7ti\u011fimiz g\u00fcn vefat eden Manisa B\u00fcy\u00fck\u015fehir Belediye Ba\u015fkan\u0131 Ferdi Zeyrek\u2019e Allah\u2019tan rahmet, yak\u0131nlar\u0131na ve ailesine de ba\u015f sa\u011fl\u0131\u011f\u0131 diledi. Ba\u015fkan Ayd\u0131n, \u201cManisa B\u00fcy\u00fck\u015fehir Belediye Ba\u015fkan\u0131 Ferdi Zeyrek\u2019i \u00e7ok elim bir kaza sonucu gen\u00e7 ya\u015fta kaybettik. Allah rahmet eylesin. Mekan\u0131 cennet olsun. Yak\u0131nlar\u0131na ve sevenlerine bir kez daha sab\u0131r diliyorum. Ferdi Zeyrek, 74 y\u0131l sonra Cumhuriyet Halk Partisi taraf\u0131ndan kazan\u0131lan Manisa\u2019da bir y\u0131l gibi \u00e7ok k\u0131sa bir s\u00fcre i\u00e7erisinde nas\u0131l belediye ba\u015fkanl\u0131\u011f\u0131 yap\u0131l\u0131r, nas\u0131l \u00f6rnek bir g\u00f6rev insan\u0131 olunur, halk\u0131n g\u00f6nl\u00fcne nas\u0131l dokunulur ve oy veren vermeyen herkesin sevgisi nas\u0131l kazan\u0131l\u0131r, t\u00fcm T\u00fcrkiye\u2019ye g\u00f6sterdi. Ad\u0131 hem Manisa, hem T\u00fcrkiye hem de bizler i\u00e7in unutulmazlar aras\u0131na girdi. Gen\u00e7 ve gelecek vaat eden bir siyaset\u00e7iyi maalesef \u00e7ok erken kaybettik. Tekrardan ba\u015f\u0131m\u0131z sa\u011f &hellip;<\/p>","protected":false},"author":1,"featured_media":0,"comment_status":"","ping_status":"open","sticky":false,"template":"","format":"standard","meta":{"_acf_changed":false,"footnotes":""},"categories":[24],"tags":[],"class_list":["post-113891","post","type-post","status-publish","format-standard","has-post-thumbnail","hentry","category-gundem"],"acf":[],"yoast_head":"<!-- This site is optimized with the Yoast SEO Premium plugin v26.6 (Yoast SEO v27.1.1) - https:\/\/yoast.com\/product\/yoast-seo-premium-wordpress\/ -->\n<title>Bursa \u00c7iftehavuzlar\u2019da deprem riskine kar\u015f\u0131 b\u00fcy\u00fck d\u00f6n\u00fc\u015f\u00fcm ba\u015fl\u0131yor - Av. Deniz Can K\u0131z\u0131l<\/title>\n<meta name=\"robots\" content=\"index, follow, max-snippet:-1, max-image-preview:large, max-video-preview:-1\" \/>\n<link rel=\"canonical\" href=\"https:\/\/denizcankizil.tr\/de\/haberler\/gundem\/bursa-ciftehavuzlarda-deprem-riskine-karsi-buyuk-donusum-basliyor\/\" \/>\n<meta property=\"og:locale\" content=\"de_DE\" \/>\n<meta property=\"og:type\" content=\"article\" \/>\n<meta property=\"og:title\" content=\"Bursa \u00c7iftehavuzlar\u2019da deprem riskine kar\u015f\u0131 b\u00fcy\u00fck d\u00f6n\u00fc\u015f\u00fcm ba\u015fl\u0131yor\" \/>\n<meta property=\"og:description\" content=\"Bursa Osmangazi Belediye Meclisi\u2019nin Haziran Ay\u0131 Ola\u011fan Meclis Toplant\u0131s\u0131, Osmangazi Belediye Ba\u015fkan\u0131 Erkan Ayd\u0131n\u2019\u0131n ba\u015fkanl\u0131\u011f\u0131nda ger\u00e7ekle\u015fti.\u00a0BURSA (\u0130GFA) &#8211; Bursa Osmangazi Belediye Meclis Salonu\u2019nda ger\u00e7ekle\u015ftirilen meclis toplant\u0131s\u0131, sayg\u0131 duru\u015fu ve \u0130stiklal Mar\u015f\u0131\u2019n\u0131n okunmas\u0131yla ba\u015flad\u0131. Toplant\u0131da grubu bulunan CHP, AK Parti ve MHP s\u00f6zc\u00fcleri, g\u00fcndeme dair g\u00f6r\u00fc\u015flerini dile getirdi. T\u00fcm gurup s\u00f6zc\u00fcleri, ge\u00e7ti\u011fimiz g\u00fcn vefat eden Manisa B\u00fcy\u00fck\u015fehir Belediye Ba\u015fkan\u0131 Ferdi Zeyrek\u2019e Allah\u2019tan rahmet, yak\u0131nlar\u0131na ise ba\u015fsa\u011fl\u0131\u011f\u0131 diledi. \u201cFERD\u0130 ZEYREK \u0130SM\u0130 T\u00dcM T\u00dcRK\u0130YE \u0130\u00c7\u0130N UNUTULMAZLAR ARASINA G\u0130RD\u0130\u201d Meclisin a\u00e7\u0131l\u0131\u015f konu\u015fmas\u0131n\u0131 yapan Ba\u015fkan Ayd\u0131n, ge\u00e7ti\u011fimiz g\u00fcn vefat eden Manisa B\u00fcy\u00fck\u015fehir Belediye Ba\u015fkan\u0131 Ferdi Zeyrek\u2019e Allah\u2019tan rahmet, yak\u0131nlar\u0131na ve ailesine de ba\u015f sa\u011fl\u0131\u011f\u0131 diledi. Ba\u015fkan Ayd\u0131n, \u201cManisa B\u00fcy\u00fck\u015fehir Belediye Ba\u015fkan\u0131 Ferdi Zeyrek\u2019i \u00e7ok elim bir kaza sonucu gen\u00e7 ya\u015fta kaybettik. Allah rahmet eylesin. Mekan\u0131 cennet olsun. Yak\u0131nlar\u0131na ve sevenlerine bir kez daha sab\u0131r diliyorum. Ferdi Zeyrek, 74 y\u0131l sonra Cumhuriyet Halk Partisi taraf\u0131ndan kazan\u0131lan Manisa\u2019da bir y\u0131l gibi \u00e7ok k\u0131sa bir s\u00fcre i\u00e7erisinde nas\u0131l belediye ba\u015fkanl\u0131\u011f\u0131 yap\u0131l\u0131r, nas\u0131l \u00f6rnek bir g\u00f6rev insan\u0131 olunur, halk\u0131n g\u00f6nl\u00fcne nas\u0131l dokunulur ve oy veren vermeyen herkesin sevgisi nas\u0131l kazan\u0131l\u0131r, t\u00fcm T\u00fcrkiye\u2019ye g\u00f6sterdi. Ad\u0131 hem Manisa, hem T\u00fcrkiye hem de bizler i\u00e7in unutulmazlar aras\u0131na girdi. Gen\u00e7 ve gelecek vaat eden bir siyaset\u00e7iyi maalesef \u00e7ok erken kaybettik. Tekrardan ba\u015f\u0131m\u0131z sa\u011f &hellip;\" \/>\n<meta property=\"og:url\" content=\"https:\/\/denizcankizil.tr\/de\/haberler\/gundem\/bursa-ciftehavuzlarda-deprem-riskine-karsi-buyuk-donusum-basliyor\/\" \/>\n<meta property=\"og:site_name\" content=\"Av. Deniz Can K\u0131z\u0131l\" \/>\n<meta property=\"article:published_time\" content=\"2025-06-11T18:42:20+00:00\" \/>\n<meta name=\"author\" content=\"admin\" \/>\n<meta name=\"twitter:card\" content=\"summary_large_image\" \/>\n<meta name=\"twitter:label1\" content=\"Verfasst von\" \/>\n\t<meta name=\"twitter:data1\" content=\"admin\" \/>\n\t<meta name=\"twitter:label2\" content=\"Gesch\u00e4tzte Lesezeit\" \/>\n\t<meta name=\"twitter:data2\" content=\"6\u00a0Minuten\" \/>\n<script type=\"application\/ld+json\" class=\"yoast-schema-graph\">{\"@context\":\"https:\/\/schema.org\",\"@graph\":[{\"@type\":\"Article\",\"@id\":\"https:\/\/denizcankizil.tr\/de\/haberler\/gundem\/bursa-ciftehavuzlarda-deprem-riskine-karsi-buyuk-donusum-basliyor\/#article\",\"isPartOf\":{\"@id\":\"https:\/\/denizcankizil.tr\/de\/haberler\/gundem\/bursa-ciftehavuzlarda-deprem-riskine-karsi-buyuk-donusum-basliyor\/\"},\"author\":{\"name\":\"admin\",\"@id\":\"https:\/\/denizcankizil.tr\/de\/#\/schema\/person\/be3c05fe6a12686905512445d8185489\"},\"headline\":\"Bursa \u00c7iftehavuzlar\u2019da deprem riskine kar\u015f\u0131 b\u00fcy\u00fck d\u00f6n\u00fc\u015f\u00fcm ba\u015fl\u0131yor\",\"datePublished\":\"2025-06-11T18:42:20+00:00\",\"mainEntityOfPage\":{\"@id\":\"https:\/\/denizcankizil.tr\/de\/haberler\/gundem\/bursa-ciftehavuzlarda-deprem-riskine-karsi-buyuk-donusum-basliyor\/\"},\"wordCount\":1235,\"publisher\":{\"@id\":\"https:\/\/denizcankizil.tr\/de\/#organization\"},\"articleSection\":[\"G\u00fcndem\"],\"inLanguage\":\"de\"},{\"@type\":\"WebPage\",\"@id\":\"https:\/\/denizcankizil.tr\/de\/haberler\/gundem\/bursa-ciftehavuzlarda-deprem-riskine-karsi-buyuk-donusum-basliyor\/\",\"url\":\"https:\/\/denizcankizil.tr\/de\/haberler\/gundem\/bursa-ciftehavuzlarda-deprem-riskine-karsi-buyuk-donusum-basliyor\/\",\"name\":\"Bursa \u00c7iftehavuzlar\u2019da deprem riskine kar\u015f\u0131 b\u00fcy\u00fck d\u00f6n\u00fc\u015f\u00fcm ba\u015fl\u0131yor - Av. Deniz Can K\u0131z\u0131l\",\"isPartOf\":{\"@id\":\"https:\/\/denizcankizil.tr\/de\/#website\"},\"datePublished\":\"2025-06-11T18:42:20+00:00\",\"breadcrumb\":{\"@id\":\"https:\/\/denizcankizil.tr\/de\/haberler\/gundem\/bursa-ciftehavuzlarda-deprem-riskine-karsi-buyuk-donusum-basliyor\/#breadcrumb\"},\"inLanguage\":\"de\",\"potentialAction\":[{\"@type\":\"ReadAction\",\"target\":[\"https:\/\/denizcankizil.tr\/de\/haberler\/gundem\/bursa-ciftehavuzlarda-deprem-riskine-karsi-buyuk-donusum-basliyor\/\"]}]},{\"@type\":\"BreadcrumbList\",\"@id\":\"https:\/\/denizcankizil.tr\/de\/haberler\/gundem\/bursa-ciftehavuzlarda-deprem-riskine-karsi-buyuk-donusum-basliyor\/#breadcrumb\",\"itemListElement\":[{\"@type\":\"ListItem\",\"position\":1,\"name\":\"Home\",\"item\":\"https:\/\/denizcankizil.tr\/de\/\"},{\"@type\":\"ListItem\",\"position\":2,\"name\":\"Bursa \u00c7iftehavuzlar\u2019da deprem riskine kar\u015f\u0131 b\u00fcy\u00fck d\u00f6n\u00fc\u015f\u00fcm ba\u015fl\u0131yor\"}]},{\"@type\":\"WebSite\",\"@id\":\"https:\/\/denizcankizil.tr\/de\/#website\",\"url\":\"https:\/\/denizcankizil.tr\/de\/\",\"name\":\"Av. Deniz Can K\u0131z\u0131l\",\"description\":\"Avukat Deniz Can K\u0131z\u0131l Antalya Barosu\",\"publisher\":{\"@id\":\"https:\/\/denizcankizil.tr\/de\/#organization\"},\"potentialAction\":[{\"@type\":\"SearchAction\",\"target\":{\"@type\":\"EntryPoint\",\"urlTemplate\":\"https:\/\/denizcankizil.tr\/de\/?s={search_term_string}\"},\"query-input\":{\"@type\":\"PropertyValueSpecification\",\"valueRequired\":true,\"valueName\":\"search_term_string\"}}],\"inLanguage\":\"de\"},{\"@type\":\"Organization\",\"@id\":\"https:\/\/denizcankizil.tr\/de\/#organization\",\"name\":\"Av. Deniz Can K\u0131z\u0131l\",\"url\":\"https:\/\/denizcankizil.tr\/de\/\",\"logo\":{\"@type\":\"ImageObject\",\"inLanguage\":\"de\",\"@id\":\"https:\/\/denizcankizil.tr\/de\/#\/schema\/logo\/image\/\",\"url\":\"https:\/\/denizcankizil.tr\/wp-content\/uploads\/2024\/10\/siyah-logo-svg.svg\",\"contentUrl\":\"https:\/\/denizcankizil.tr\/wp-content\/uploads\/2024\/10\/siyah-logo-svg.svg\",\"width\":1080,\"height\":1080,\"caption\":\"Av. Deniz Can K\u0131z\u0131l\"},\"image\":{\"@id\":\"https:\/\/denizcankizil.tr\/de\/#\/schema\/logo\/image\/\"}},{\"@type\":\"Person\",\"@id\":\"https:\/\/denizcankizil.tr\/de\/#\/schema\/person\/be3c05fe6a12686905512445d8185489\",\"name\":\"admin\",\"image\":{\"@type\":\"ImageObject\",\"inLanguage\":\"de\",\"@id\":\"https:\/\/denizcankizil.tr\/de\/#\/schema\/person\/image\/\",\"url\":\"https:\/\/secure.gravatar.com\/avatar\/c1fce94c830dc79107e174f890d7210541c4a63e8e5d816341794a2151c9d58c?s=96&d=mm&r=g\",\"contentUrl\":\"https:\/\/secure.gravatar.com\/avatar\/c1fce94c830dc79107e174f890d7210541c4a63e8e5d816341794a2151c9d58c?s=96&d=mm&r=g\",\"caption\":\"admin\"},\"sameAs\":[\"http:\/\/denizcankizil.tr\"],\"url\":\"https:\/\/www.iskenderun.org\/bursa-ciftehavuzlarda-deprem-riskine-karsi-buyuk-donusum-basliyor\"}]}<\/script>\n<!-- \/ Yoast SEO Premium plugin. -->","yoast_head_json":{"title":"Bursa \u00c7iftehavuzlar\u2019da deprem riskine kar\u015f\u0131 b\u00fcy\u00fck d\u00f6n\u00fc\u015f\u00fcm ba\u015fl\u0131yor - Av. Deniz Can K\u0131z\u0131l","robots":{"index":"index","follow":"follow","max-snippet":"max-snippet:-1","max-image-preview":"max-image-preview:large","max-video-preview":"max-video-preview:-1"},"canonical":"https:\/\/denizcankizil.tr\/de\/haberler\/gundem\/bursa-ciftehavuzlarda-deprem-riskine-karsi-buyuk-donusum-basliyor\/","og_locale":"de_DE","og_type":"article","og_title":"Bursa \u00c7iftehavuzlar\u2019da deprem riskine kar\u015f\u0131 b\u00fcy\u00fck d\u00f6n\u00fc\u015f\u00fcm ba\u015fl\u0131yor","og_description":"Bursa Osmangazi Belediye Meclisi\u2019nin Haziran Ay\u0131 Ola\u011fan Meclis Toplant\u0131s\u0131, Osmangazi Belediye Ba\u015fkan\u0131 Erkan Ayd\u0131n\u2019\u0131n ba\u015fkanl\u0131\u011f\u0131nda ger\u00e7ekle\u015fti.\u00a0BURSA (\u0130GFA) &#8211; Bursa Osmangazi Belediye Meclis Salonu\u2019nda ger\u00e7ekle\u015ftirilen meclis toplant\u0131s\u0131, sayg\u0131 duru\u015fu ve \u0130stiklal Mar\u015f\u0131\u2019n\u0131n okunmas\u0131yla ba\u015flad\u0131. Toplant\u0131da grubu bulunan CHP, AK Parti ve MHP s\u00f6zc\u00fcleri, g\u00fcndeme dair g\u00f6r\u00fc\u015flerini dile getirdi. T\u00fcm gurup s\u00f6zc\u00fcleri, ge\u00e7ti\u011fimiz g\u00fcn vefat eden Manisa B\u00fcy\u00fck\u015fehir Belediye Ba\u015fkan\u0131 Ferdi Zeyrek\u2019e Allah\u2019tan rahmet, yak\u0131nlar\u0131na ise ba\u015fsa\u011fl\u0131\u011f\u0131 diledi. \u201cFERD\u0130 ZEYREK \u0130SM\u0130 T\u00dcM T\u00dcRK\u0130YE \u0130\u00c7\u0130N UNUTULMAZLAR ARASINA G\u0130RD\u0130\u201d Meclisin a\u00e7\u0131l\u0131\u015f konu\u015fmas\u0131n\u0131 yapan Ba\u015fkan Ayd\u0131n, ge\u00e7ti\u011fimiz g\u00fcn vefat eden Manisa B\u00fcy\u00fck\u015fehir Belediye Ba\u015fkan\u0131 Ferdi Zeyrek\u2019e Allah\u2019tan rahmet, yak\u0131nlar\u0131na ve ailesine de ba\u015f sa\u011fl\u0131\u011f\u0131 diledi. Ba\u015fkan Ayd\u0131n, \u201cManisa B\u00fcy\u00fck\u015fehir Belediye Ba\u015fkan\u0131 Ferdi Zeyrek\u2019i \u00e7ok elim bir kaza sonucu gen\u00e7 ya\u015fta kaybettik. Allah rahmet eylesin. Mekan\u0131 cennet olsun. Yak\u0131nlar\u0131na ve sevenlerine bir kez daha sab\u0131r diliyorum. Ferdi Zeyrek, 74 y\u0131l sonra Cumhuriyet Halk Partisi taraf\u0131ndan kazan\u0131lan Manisa\u2019da bir y\u0131l gibi \u00e7ok k\u0131sa bir s\u00fcre i\u00e7erisinde nas\u0131l belediye ba\u015fkanl\u0131\u011f\u0131 yap\u0131l\u0131r, nas\u0131l \u00f6rnek bir g\u00f6rev insan\u0131 olunur, halk\u0131n g\u00f6nl\u00fcne nas\u0131l dokunulur ve oy veren vermeyen herkesin sevgisi nas\u0131l kazan\u0131l\u0131r, t\u00fcm T\u00fcrkiye\u2019ye g\u00f6sterdi. Ad\u0131 hem Manisa, hem T\u00fcrkiye hem de bizler i\u00e7in unutulmazlar aras\u0131na girdi. Gen\u00e7 ve gelecek vaat eden bir siyaset\u00e7iyi maalesef \u00e7ok erken kaybettik. Tekrardan ba\u015f\u0131m\u0131z sa\u011f &hellip;","og_url":"https:\/\/denizcankizil.tr\/de\/haberler\/gundem\/bursa-ciftehavuzlarda-deprem-riskine-karsi-buyuk-donusum-basliyor\/","og_site_name":"Av. Deniz Can K\u0131z\u0131l","article_published_time":"2025-06-11T18:42:20+00:00","author":"admin","twitter_card":"summary_large_image","twitter_misc":{"Verfasst von":"admin","Gesch\u00e4tzte Lesezeit":"6\u00a0Minuten"},"schema":{"@context":"https:\/\/schema.org","@graph":[{"@type":"Article","@id":"https:\/\/denizcankizil.tr\/de\/haberler\/gundem\/bursa-ciftehavuzlarda-deprem-riskine-karsi-buyuk-donusum-basliyor\/#article","isPartOf":{"@id":"https:\/\/denizcankizil.tr\/de\/haberler\/gundem\/bursa-ciftehavuzlarda-deprem-riskine-karsi-buyuk-donusum-basliyor\/"},"author":{"name":"admin","@id":"https:\/\/denizcankizil.tr\/de\/#\/schema\/person\/be3c05fe6a12686905512445d8185489"},"headline":"Bursa \u00c7iftehavuzlar\u2019da deprem riskine kar\u015f\u0131 b\u00fcy\u00fck d\u00f6n\u00fc\u015f\u00fcm ba\u015fl\u0131yor","datePublished":"2025-06-11T18:42:20+00:00","mainEntityOfPage":{"@id":"https:\/\/denizcankizil.tr\/de\/haberler\/gundem\/bursa-ciftehavuzlarda-deprem-riskine-karsi-buyuk-donusum-basliyor\/"},"wordCount":1235,"publisher":{"@id":"https:\/\/denizcankizil.tr\/de\/#organization"},"articleSection":["G\u00fcndem"],"inLanguage":"de"},{"@type":"WebPage","@id":"https:\/\/denizcankizil.tr\/de\/haberler\/gundem\/bursa-ciftehavuzlarda-deprem-riskine-karsi-buyuk-donusum-basliyor\/","url":"https:\/\/denizcankizil.tr\/de\/haberler\/gundem\/bursa-ciftehavuzlarda-deprem-riskine-karsi-buyuk-donusum-basliyor\/","name":"Bursa \u00c7iftehavuzlar\u2019da deprem riskine kar\u015f\u0131 b\u00fcy\u00fck d\u00f6n\u00fc\u015f\u00fcm ba\u015fl\u0131yor - Av. Deniz Can K\u0131z\u0131l","isPartOf":{"@id":"https:\/\/denizcankizil.tr\/de\/#website"},"datePublished":"2025-06-11T18:42:20+00:00","breadcrumb":{"@id":"https:\/\/denizcankizil.tr\/de\/haberler\/gundem\/bursa-ciftehavuzlarda-deprem-riskine-karsi-buyuk-donusum-basliyor\/#breadcrumb"},"inLanguage":"de","potentialAction":[{"@type":"ReadAction","target":["https:\/\/denizcankizil.tr\/de\/haberler\/gundem\/bursa-ciftehavuzlarda-deprem-riskine-karsi-buyuk-donusum-basliyor\/"]}]},{"@type":"BreadcrumbList","@id":"https:\/\/denizcankizil.tr\/de\/haberler\/gundem\/bursa-ciftehavuzlarda-deprem-riskine-karsi-buyuk-donusum-basliyor\/#breadcrumb","itemListElement":[{"@type":"ListItem","position":1,"name":"Home","item":"https:\/\/denizcankizil.tr\/de\/"},{"@type":"ListItem","position":2,"name":"Bursa \u00c7iftehavuzlar\u2019da deprem riskine kar\u015f\u0131 b\u00fcy\u00fck d\u00f6n\u00fc\u015f\u00fcm ba\u015fl\u0131yor"}]},{"@type":"WebSite","@id":"https:\/\/denizcankizil.tr\/de\/#website","url":"https:\/\/denizcankizil.tr\/de\/","name":"Av. Deniz Can K\u0131z\u0131l","description":"Avukat Deniz Can K\u0131z\u0131l Antalya Barosu","publisher":{"@id":"https:\/\/denizcankizil.tr\/de\/#organization"},"potentialAction":[{"@type":"SearchAction","target":{"@type":"EntryPoint","urlTemplate":"https:\/\/denizcankizil.tr\/de\/?s={search_term_string}"},"query-input":{"@type":"PropertyValueSpecification","valueRequired":true,"valueName":"search_term_string"}}],"inLanguage":"de"},{"@type":"Organization","@id":"https:\/\/denizcankizil.tr\/de\/#organization","name":"Av. Deniz Can K\u0131z\u0131l","url":"https:\/\/denizcankizil.tr\/de\/","logo":{"@type":"ImageObject","inLanguage":"de","@id":"https:\/\/denizcankizil.tr\/de\/#\/schema\/logo\/image\/","url":"https:\/\/denizcankizil.tr\/wp-content\/uploads\/2024\/10\/siyah-logo-svg.svg","contentUrl":"https:\/\/denizcankizil.tr\/wp-content\/uploads\/2024\/10\/siyah-logo-svg.svg","width":1080,"height":1080,"caption":"Av. Deniz Can K\u0131z\u0131l"},"image":{"@id":"https:\/\/denizcankizil.tr\/de\/#\/schema\/logo\/image\/"}},{"@type":"Person","@id":"https:\/\/denizcankizil.tr\/de\/#\/schema\/person\/be3c05fe6a12686905512445d8185489","name":"Administrator","image":{"@type":"ImageObject","inLanguage":"de","@id":"https:\/\/denizcankizil.tr\/de\/#\/schema\/person\/image\/","url":"https:\/\/secure.gravatar.com\/avatar\/c1fce94c830dc79107e174f890d7210541c4a63e8e5d816341794a2151c9d58c?s=96&d=mm&r=g","contentUrl":"https:\/\/secure.gravatar.com\/avatar\/c1fce94c830dc79107e174f890d7210541c4a63e8e5d816341794a2151c9d58c?s=96&d=mm&r=g","caption":"admin"},"sameAs":["http:\/\/denizcankizil.tr"],"url":"https:\/\/www.iskenderun.org\/bursa-ciftehavuzlarda-deprem-riskine-karsi-buyuk-donusum-basliyor"}]}},"_links":{"self":[{"href":"https:\/\/denizcankizil.tr\/de\/wp-json\/wp\/v2\/posts\/113891","targetHints":{"allow":["GET"]}}],"collection":[{"href":"https:\/\/denizcankizil.tr\/de\/wp-json\/wp\/v2\/posts"}],"about":[{"href":"https:\/\/denizcankizil.tr\/de\/wp-json\/wp\/v2\/types\/post"}],"author":[{"embeddable":true,"href":"https:\/\/denizcankizil.tr\/de\/wp-json\/wp\/v2\/users\/1"}],"replies":[{"embeddable":true,"href":"https:\/\/denizcankizil.tr\/de\/wp-json\/wp\/v2\/comments?post=113891"}],"version-history":[{"count":0,"href":"https:\/\/denizcankizil.tr\/de\/wp-json\/wp\/v2\/posts\/113891\/revisions"}],"wp:attachment":[{"href":"https:\/\/denizcankizil.tr\/de\/wp-json\/wp\/v2\/media?parent=113891"}],"wp:term":[{"taxonomy":"category","embeddable":true,"href":"https:\/\/denizcankizil.tr\/de\/wp-json\/wp\/v2\/categories?post=113891"},{"taxonomy":"post_tag","embeddable":true,"href":"https:\/\/denizcankizil.tr\/de\/wp-json\/wp\/v2\/tags?post=113891"}],"curies":[{"name":"wp","href":"https:\/\/api.w.org\/{rel}","templated":true}]}}