{"id":113888,"date":"2025-06-11T21:42:16","date_gmt":"2025-06-11T18:42:16","guid":{"rendered":"https:\/\/denizcankizil.tr\/uncategorized-tr\/sune-mucadelesi-faydali-canlilari-tehdit-ediyor\/"},"modified":"2025-06-11T21:42:16","modified_gmt":"2025-06-11T18:42:16","slug":"sune-mucadelesi-faydali-canlilari-tehdit-ediyor","status":"publish","type":"post","link":"https:\/\/denizcankizil.tr\/de\/haberler\/gundem\/sune-mucadelesi-faydali-canlilari-tehdit-ediyor\/","title":{"rendered":"S\u00fcne m\u00fccadelesi faydal\u0131 canl\u0131lar\u0131 tehdit ediyor"},"content":{"rendered":"<p>Ke\u015fan Bal Birli\u011fi Ba\u015fkan\u0131 Murat Y\u0131lmaz, tarlalarda yap\u0131lacak s\u00fcne m\u00fccadelesine hi\u00e7bir faydas\u0131 bulunmamakta oldu\u011funu ve ayn\u0131 zamanda ar\u0131lara ve faydal\u0131 canl\u0131lara zarar verdi\u011fini belirten yaz\u0131l\u0131 bir a\u00e7\u0131klama yapt\u0131.Erdo\u011fan DEM\u0130R \/ ED\u0130RNE (\u0130GFA) &#8211; Y\u0131lmaz, \u00e7ift\u00e7ilerin ve ar\u0131c\u0131lar\u0131n birbirine muhta\u00e7 oldu\u011funu vurgulayarak, ila\u00e7laman\u0131n ak\u015fam saatlerinde yap\u0131lmas\u0131n\u0131n ar\u0131lar i\u00e7in daha g\u00fcvenli olaca\u011f\u0131n\u0131 ifade etti.<br \/>\n\u00c7ift\u00e7inin ar\u0131ya, ar\u0131c\u0131n\u0131n da \u00e7ift\u00e7iye ihtiyac\u0131 oldu\u011funu dile getiren Y\u0131lmaz, &#8220;Mutlaka ila\u00e7lama yap\u0131lacaksa ak\u015fam saatlerinde yap\u0131l\u0131rsa bizim i\u00e7in daha iyi olur. \u00d6\u011fle vakti ar\u0131n\u0131n u\u00e7um zaman\u0131 ila\u00e7 at\u0131l\u0131rsa ar\u0131ya \u00e7ok zarar\u0131 var. Mutlaka ar\u0131 olmazsa hayat olmaz, bu bir ger\u00e7ek. Meyvelerin, bitkilerin her \u015feyin tozlanmas\u0131 i\u00e7in ar\u0131 \u015fart. Ar\u0131s\u0131z bir ya\u015fam d\u00fc\u015f\u00fcn\u00fclemez. Her ikisinin de birbirini kollamas\u0131, birbirini idare etmesi gerekiyor. \u00c7ift\u00e7ilerimizin il\u00e7e tar\u0131m m\u00fcd\u00fcrl\u00fcklerine sorarak ne zaman ila\u00e7lama yapmas\u0131 gerekti\u011fini \u00f6\u011frenerek yapmas\u0131 daha uygun olur&#8221; dedi.<\/p>\n<p>Zamans\u0131z ila\u00e7lamadan dolay\u0131 ar\u0131lar\u0131n zarar g\u00f6rd\u00fc\u011f\u00fcn\u00fc ifade eden Y\u0131lmaz, &#8220;T\u00fcrkiye genelinde G\u0131da Tar\u0131m ve Hayvanc\u0131l\u0131k M\u00fcd\u00fcrl\u00fckleri ve muhtarl\u0131klar taraf\u0131ndan \u00e7ift\u00e7iler uyar\u0131lmas\u0131na ra\u011fmen sabah saat 9&#8217;da tar\u0131m ilac\u0131 at\u0131yor. Ar\u0131 havadayken \u00f6l\u00fcyor, vatanda\u015flar\u0131m\u0131z\u0131n biraz duyarl\u0131 davranmas\u0131n\u0131 bekliyoruz.&#8221; diye konu\u015ftu.<br \/>\nY\u0131lmaz a\u00e7\u0131klamas\u0131n\u0131 \u015f\u00f6yle tamamlad\u0131.&#8221;E\u011fer ila\u00e7laman\u0131n bitkiye de faydal\u0131 olmas\u0131n\u0131 istiyorsa g\u00fcnd\u00fcz vakti ila\u00e7lama yapmak do\u011fru de\u011fil. \u0130la\u00e7laman\u0131n ak\u015fam saat 20:00&#8217;dan sonra yap\u0131lmas\u0131 gerekiyor. Bu da ar\u0131n\u0131n kovan\u0131na \u00e7ekildi\u011fi zamanlara denk geliyor. G\u00fcnd\u00fcz 2&#8217;de att\u0131\u011f\u0131n\u0131z zaman t\u00fcm ar\u0131 arazide \u00e7al\u0131\u015f\u0131yor oluyor ve sizin att\u0131\u011f\u0131n\u0131z ila\u00e7 nokta tesiriyle direkt ar\u0131lar\u0131n hepsini \u00f6ld\u00fcr\u00fcyor. Bir kovandaki t\u00fcm i\u015f\u00e7i ar\u0131lar ayn\u0131 yere geldikleri i\u00e7in o g\u00fcn ak\u015fama kadar o bah\u00e7eye geliyorlar ve o zehri yiyorlar. 100 kovan bir gecede 30 kovana d\u00fc\u015febiliyor. Sabah 07.00 ak\u015fam 20.00 saatleri aras\u0131nda ila\u00e7lama \u00e7al\u0131\u015fmas\u0131 yapan \u00e7ift\u00e7ilerin tespit edilmesi durumunda haklar\u0131nda tutanak tutulup cezai i\u015flem uygulanacakt\u0131r. T\u00fcm \u00e7ift\u00e7ilerimize bol bereketli hasatlar ve verimli bir sezon dileriz.\u201d<\/p>\n<p>\u200bKe\u015fan Bal Birli\u011fi Ba\u015fkan\u0131 Murat Y\u0131lmaz, tarlalarda yap\u0131lacak s\u00fcne m\u00fccadelesine hi\u00e7bir faydas\u0131 bulunmamakta oldu\u011funu ve ayn\u0131 zamanda ar\u0131lara ve faydal\u0131 canl\u0131lara zarar verdi\u011fini belirten yaz\u0131l\u0131 bir a\u00e7\u0131klama yapt\u0131.Erdo\u011fan DEM\u0130R \/ ED\u0130RNE (\u0130GFA) &#8211; Y\u0131lmaz, \u00e7ift\u00e7ilerin ve ar\u0131c\u0131lar\u0131n birbirine muhta\u00e7 oldu\u011funu vurgulayarak, ila\u00e7laman\u0131n ak\u015fam saatlerinde yap\u0131lmas\u0131n\u0131n ar\u0131lar i\u00e7in daha g\u00fcvenli olaca\u011f\u0131n\u0131 ifade etti.<br \/>\n\u00c7ift\u00e7inin ar\u0131ya, ar\u0131c\u0131n\u0131n da \u00e7ift\u00e7iye ihtiyac\u0131 oldu\u011funu dile getiren Y\u0131lmaz, &#8220;Mutlaka ila\u00e7lama yap\u0131lacaksa ak\u015fam saatlerinde yap\u0131l\u0131rsa bizim i\u00e7in daha iyi olur. \u00d6\u011fle vakti ar\u0131n\u0131n u\u00e7um zaman\u0131 ila\u00e7 at\u0131l\u0131rsa ar\u0131ya \u00e7ok zarar\u0131 var. Mutlaka ar\u0131 olmazsa hayat olmaz, bu bir ger\u00e7ek. Meyvelerin, bitkilerin her \u015feyin tozlanmas\u0131 i\u00e7in ar\u0131 \u015fart. Ar\u0131s\u0131z bir ya\u015fam d\u00fc\u015f\u00fcn\u00fclemez. Her ikisinin de birbirini kollamas\u0131, birbirini idare etmesi gerekiyor. \u00c7ift\u00e7ilerimizin il\u00e7e tar\u0131m m\u00fcd\u00fcrl\u00fcklerine sorarak ne zaman ila\u00e7lama yapmas\u0131 gerekti\u011fini \u00f6\u011frenerek yapmas\u0131 daha uygun olur&#8221; dedi.<\/p>\n<p>Zamans\u0131z ila\u00e7lamadan dolay\u0131 ar\u0131lar\u0131n zarar g\u00f6rd\u00fc\u011f\u00fcn\u00fc ifade eden Y\u0131lmaz, &#8220;T\u00fcrkiye genelinde G\u0131da Tar\u0131m ve Hayvanc\u0131l\u0131k M\u00fcd\u00fcrl\u00fckleri ve muhtarl\u0131klar taraf\u0131ndan \u00e7ift\u00e7iler uyar\u0131lmas\u0131na ra\u011fmen sabah saat 9&#8217;da tar\u0131m ilac\u0131 at\u0131yor. Ar\u0131 havadayken \u00f6l\u00fcyor, vatanda\u015flar\u0131m\u0131z\u0131n biraz duyarl\u0131 davranmas\u0131n\u0131 bekliyoruz.&#8221; diye konu\u015ftu.<br \/>\nY\u0131lmaz a\u00e7\u0131klamas\u0131n\u0131 \u015f\u00f6yle tamamlad\u0131.&#8221;E\u011fer ila\u00e7laman\u0131n bitkiye de faydal\u0131 olmas\u0131n\u0131 istiyorsa g\u00fcnd\u00fcz vakti ila\u00e7lama yapmak do\u011fru de\u011fil. \u0130la\u00e7laman\u0131n ak\u015fam saat 20:00&#8217;dan sonra yap\u0131lmas\u0131 gerekiyor. Bu da ar\u0131n\u0131n kovan\u0131na \u00e7ekildi\u011fi zamanlara denk geliyor. G\u00fcnd\u00fcz 2&#8217;de att\u0131\u011f\u0131n\u0131z zaman t\u00fcm ar\u0131 arazide \u00e7al\u0131\u015f\u0131yor oluyor ve sizin att\u0131\u011f\u0131n\u0131z ila\u00e7 nokta tesiriyle direkt ar\u0131lar\u0131n hepsini \u00f6ld\u00fcr\u00fcyor. Bir kovandaki t\u00fcm i\u015f\u00e7i ar\u0131lar ayn\u0131 yere geldikleri i\u00e7in o g\u00fcn ak\u015fama kadar o bah\u00e7eye geliyorlar ve o zehri yiyorlar. 100 kovan bir gecede 30 kovana d\u00fc\u015febiliyor. Sabah 07.00 ak\u015fam 20.00 saatleri aras\u0131nda ila\u00e7lama \u00e7al\u0131\u015fmas\u0131 yapan \u00e7ift\u00e7ilerin tespit edilmesi durumunda haklar\u0131nda tutanak tutulup cezai i\u015flem uygulanacakt\u0131r. T\u00fcm \u00e7ift\u00e7ilerimize bol bereketli hasatlar ve verimli bir sezon dileriz.\u201d\u00a0<\/p>\n<p>\u200bHaberin Al\u0131nt\u0131land\u0131\u011f\u0131 Kaynak: www.iskenderun.org<\/p>","protected":false},"excerpt":{"rendered":"<p>Ke\u015fan Bal Birli\u011fi Ba\u015fkan\u0131 Murat Y\u0131lmaz, tarlalarda yap\u0131lacak s\u00fcne m\u00fccadelesine hi\u00e7bir faydas\u0131 bulunmamakta oldu\u011funu ve ayn\u0131 zamanda ar\u0131lara ve faydal\u0131 canl\u0131lara zarar verdi\u011fini belirten yaz\u0131l\u0131 bir a\u00e7\u0131klama yapt\u0131.Erdo\u011fan DEM\u0130R \/ ED\u0130RNE (\u0130GFA) &#8211; Y\u0131lmaz, \u00e7ift\u00e7ilerin ve ar\u0131c\u0131lar\u0131n birbirine muhta\u00e7 oldu\u011funu vurgulayarak, ila\u00e7laman\u0131n ak\u015fam saatlerinde yap\u0131lmas\u0131n\u0131n ar\u0131lar i\u00e7in daha g\u00fcvenli olaca\u011f\u0131n\u0131 ifade etti. \u00c7ift\u00e7inin ar\u0131ya, ar\u0131c\u0131n\u0131n da \u00e7ift\u00e7iye ihtiyac\u0131 oldu\u011funu dile getiren Y\u0131lmaz, &#8220;Mutlaka ila\u00e7lama yap\u0131lacaksa ak\u015fam saatlerinde yap\u0131l\u0131rsa bizim i\u00e7in daha iyi olur. \u00d6\u011fle vakti ar\u0131n\u0131n u\u00e7um zaman\u0131 ila\u00e7 at\u0131l\u0131rsa ar\u0131ya \u00e7ok zarar\u0131 var. Mutlaka ar\u0131 olmazsa hayat olmaz, bu bir ger\u00e7ek. Meyvelerin, bitkilerin her \u015feyin tozlanmas\u0131 i\u00e7in ar\u0131 \u015fart. Ar\u0131s\u0131z bir ya\u015fam d\u00fc\u015f\u00fcn\u00fclemez. Her ikisinin de birbirini kollamas\u0131, birbirini idare etmesi gerekiyor. \u00c7ift\u00e7ilerimizin il\u00e7e tar\u0131m m\u00fcd\u00fcrl\u00fcklerine sorarak ne zaman ila\u00e7lama yapmas\u0131 gerekti\u011fini \u00f6\u011frenerek yapmas\u0131 daha uygun olur&#8221; dedi. Zamans\u0131z ila\u00e7lamadan dolay\u0131 ar\u0131lar\u0131n zarar g\u00f6rd\u00fc\u011f\u00fcn\u00fc ifade eden Y\u0131lmaz, &#8220;T\u00fcrkiye genelinde G\u0131da Tar\u0131m ve Hayvanc\u0131l\u0131k M\u00fcd\u00fcrl\u00fckleri ve muhtarl\u0131klar taraf\u0131ndan \u00e7ift\u00e7iler uyar\u0131lmas\u0131na ra\u011fmen sabah saat 9&#8217;da tar\u0131m ilac\u0131 at\u0131yor. Ar\u0131 havadayken \u00f6l\u00fcyor, vatanda\u015flar\u0131m\u0131z\u0131n biraz duyarl\u0131 davranmas\u0131n\u0131 bekliyoruz.&#8221; diye konu\u015ftu. Y\u0131lmaz a\u00e7\u0131klamas\u0131n\u0131 \u015f\u00f6yle tamamlad\u0131.&#8221;E\u011fer ila\u00e7laman\u0131n bitkiye de faydal\u0131 olmas\u0131n\u0131 istiyorsa g\u00fcnd\u00fcz vakti ila\u00e7lama yapmak do\u011fru de\u011fil. \u0130la\u00e7laman\u0131n ak\u015fam saat 20:00&#8217;dan sonra yap\u0131lmas\u0131 gerekiyor. Bu da ar\u0131n\u0131n kovan\u0131na \u00e7ekildi\u011fi zamanlara denk geliyor. G\u00fcnd\u00fcz 2&#8217;de &hellip;<\/p>","protected":false},"author":1,"featured_media":0,"comment_status":"","ping_status":"open","sticky":false,"template":"","format":"standard","meta":{"_acf_changed":false,"footnotes":""},"categories":[24],"tags":[],"class_list":["post-113888","post","type-post","status-publish","format-standard","has-post-thumbnail","hentry","category-gundem"],"acf":[],"yoast_head":"<!-- This site is optimized with the Yoast SEO Premium plugin v26.6 (Yoast SEO v27.1.1) - https:\/\/yoast.com\/product\/yoast-seo-premium-wordpress\/ -->\n<title>S\u00fcne m\u00fccadelesi faydal\u0131 canl\u0131lar\u0131 tehdit ediyor - Av. Deniz Can K\u0131z\u0131l<\/title>\n<meta name=\"robots\" content=\"index, follow, max-snippet:-1, max-image-preview:large, max-video-preview:-1\" \/>\n<link rel=\"canonical\" href=\"https:\/\/denizcankizil.tr\/de\/haberler\/gundem\/sune-mucadelesi-faydali-canlilari-tehdit-ediyor\/\" \/>\n<meta property=\"og:locale\" content=\"de_DE\" \/>\n<meta property=\"og:type\" content=\"article\" \/>\n<meta property=\"og:title\" content=\"S\u00fcne m\u00fccadelesi faydal\u0131 canl\u0131lar\u0131 tehdit ediyor\" \/>\n<meta property=\"og:description\" content=\"Ke\u015fan Bal Birli\u011fi Ba\u015fkan\u0131 Murat Y\u0131lmaz, tarlalarda yap\u0131lacak s\u00fcne m\u00fccadelesine hi\u00e7bir faydas\u0131 bulunmamakta oldu\u011funu ve ayn\u0131 zamanda ar\u0131lara ve faydal\u0131 canl\u0131lara zarar verdi\u011fini belirten yaz\u0131l\u0131 bir a\u00e7\u0131klama yapt\u0131.Erdo\u011fan DEM\u0130R \/ ED\u0130RNE (\u0130GFA) &#8211; Y\u0131lmaz, \u00e7ift\u00e7ilerin ve ar\u0131c\u0131lar\u0131n birbirine muhta\u00e7 oldu\u011funu vurgulayarak, ila\u00e7laman\u0131n ak\u015fam saatlerinde yap\u0131lmas\u0131n\u0131n ar\u0131lar i\u00e7in daha g\u00fcvenli olaca\u011f\u0131n\u0131 ifade etti. \u00c7ift\u00e7inin ar\u0131ya, ar\u0131c\u0131n\u0131n da \u00e7ift\u00e7iye ihtiyac\u0131 oldu\u011funu dile getiren Y\u0131lmaz, &#8220;Mutlaka ila\u00e7lama yap\u0131lacaksa ak\u015fam saatlerinde yap\u0131l\u0131rsa bizim i\u00e7in daha iyi olur. \u00d6\u011fle vakti ar\u0131n\u0131n u\u00e7um zaman\u0131 ila\u00e7 at\u0131l\u0131rsa ar\u0131ya \u00e7ok zarar\u0131 var. Mutlaka ar\u0131 olmazsa hayat olmaz, bu bir ger\u00e7ek. Meyvelerin, bitkilerin her \u015feyin tozlanmas\u0131 i\u00e7in ar\u0131 \u015fart. Ar\u0131s\u0131z bir ya\u015fam d\u00fc\u015f\u00fcn\u00fclemez. Her ikisinin de birbirini kollamas\u0131, birbirini idare etmesi gerekiyor. \u00c7ift\u00e7ilerimizin il\u00e7e tar\u0131m m\u00fcd\u00fcrl\u00fcklerine sorarak ne zaman ila\u00e7lama yapmas\u0131 gerekti\u011fini \u00f6\u011frenerek yapmas\u0131 daha uygun olur&#8221; dedi. Zamans\u0131z ila\u00e7lamadan dolay\u0131 ar\u0131lar\u0131n zarar g\u00f6rd\u00fc\u011f\u00fcn\u00fc ifade eden Y\u0131lmaz, &#8220;T\u00fcrkiye genelinde G\u0131da Tar\u0131m ve Hayvanc\u0131l\u0131k M\u00fcd\u00fcrl\u00fckleri ve muhtarl\u0131klar taraf\u0131ndan \u00e7ift\u00e7iler uyar\u0131lmas\u0131na ra\u011fmen sabah saat 9&#8217;da tar\u0131m ilac\u0131 at\u0131yor. Ar\u0131 havadayken \u00f6l\u00fcyor, vatanda\u015flar\u0131m\u0131z\u0131n biraz duyarl\u0131 davranmas\u0131n\u0131 bekliyoruz.&#8221; diye konu\u015ftu. Y\u0131lmaz a\u00e7\u0131klamas\u0131n\u0131 \u015f\u00f6yle tamamlad\u0131.&#8221;E\u011fer ila\u00e7laman\u0131n bitkiye de faydal\u0131 olmas\u0131n\u0131 istiyorsa g\u00fcnd\u00fcz vakti ila\u00e7lama yapmak do\u011fru de\u011fil. \u0130la\u00e7laman\u0131n ak\u015fam saat 20:00&#8217;dan sonra yap\u0131lmas\u0131 gerekiyor. Bu da ar\u0131n\u0131n kovan\u0131na \u00e7ekildi\u011fi zamanlara denk geliyor. G\u00fcnd\u00fcz 2&#8217;de &hellip;\" \/>\n<meta property=\"og:url\" content=\"https:\/\/denizcankizil.tr\/de\/haberler\/gundem\/sune-mucadelesi-faydali-canlilari-tehdit-ediyor\/\" \/>\n<meta property=\"og:site_name\" content=\"Av. Deniz Can K\u0131z\u0131l\" \/>\n<meta property=\"article:published_time\" content=\"2025-06-11T18:42:16+00:00\" \/>\n<meta name=\"author\" content=\"admin\" \/>\n<meta name=\"twitter:card\" content=\"summary_large_image\" \/>\n<meta name=\"twitter:label1\" content=\"Verfasst von\" \/>\n\t<meta name=\"twitter:data1\" content=\"admin\" \/>\n\t<meta name=\"twitter:label2\" content=\"Gesch\u00e4tzte Lesezeit\" \/>\n\t<meta name=\"twitter:data2\" content=\"4\u00a0Minuten\" \/>\n<script type=\"application\/ld+json\" class=\"yoast-schema-graph\">{\"@context\":\"https:\/\/schema.org\",\"@graph\":[{\"@type\":\"Article\",\"@id\":\"https:\/\/denizcankizil.tr\/de\/haberler\/gundem\/sune-mucadelesi-faydali-canlilari-tehdit-ediyor\/#article\",\"isPartOf\":{\"@id\":\"https:\/\/denizcankizil.tr\/de\/haberler\/gundem\/sune-mucadelesi-faydali-canlilari-tehdit-ediyor\/\"},\"author\":{\"name\":\"admin\",\"@id\":\"https:\/\/denizcankizil.tr\/#\/schema\/person\/be3c05fe6a12686905512445d8185489\"},\"headline\":\"S\u00fcne m\u00fccadelesi faydal\u0131 canl\u0131lar\u0131 tehdit ediyor\",\"datePublished\":\"2025-06-11T18:42:16+00:00\",\"mainEntityOfPage\":{\"@id\":\"https:\/\/denizcankizil.tr\/de\/haberler\/gundem\/sune-mucadelesi-faydali-canlilari-tehdit-ediyor\/\"},\"wordCount\":853,\"publisher\":{\"@id\":\"https:\/\/denizcankizil.tr\/#organization\"},\"articleSection\":[\"G\u00fcndem\"],\"inLanguage\":\"de\"},{\"@type\":\"WebPage\",\"@id\":\"https:\/\/denizcankizil.tr\/de\/haberler\/gundem\/sune-mucadelesi-faydali-canlilari-tehdit-ediyor\/\",\"url\":\"https:\/\/denizcankizil.tr\/de\/haberler\/gundem\/sune-mucadelesi-faydali-canlilari-tehdit-ediyor\/\",\"name\":\"S\u00fcne m\u00fccadelesi faydal\u0131 canl\u0131lar\u0131 tehdit ediyor - Av. Deniz Can K\u0131z\u0131l\",\"isPartOf\":{\"@id\":\"https:\/\/denizcankizil.tr\/#website\"},\"datePublished\":\"2025-06-11T18:42:16+00:00\",\"breadcrumb\":{\"@id\":\"https:\/\/denizcankizil.tr\/de\/haberler\/gundem\/sune-mucadelesi-faydali-canlilari-tehdit-ediyor\/#breadcrumb\"},\"inLanguage\":\"de\",\"potentialAction\":[{\"@type\":\"ReadAction\",\"target\":[\"https:\/\/denizcankizil.tr\/de\/haberler\/gundem\/sune-mucadelesi-faydali-canlilari-tehdit-ediyor\/\"]}]},{\"@type\":\"BreadcrumbList\",\"@id\":\"https:\/\/denizcankizil.tr\/de\/haberler\/gundem\/sune-mucadelesi-faydali-canlilari-tehdit-ediyor\/#breadcrumb\",\"itemListElement\":[{\"@type\":\"ListItem\",\"position\":1,\"name\":\"Home\",\"item\":\"https:\/\/denizcankizil.tr\/de\/\"},{\"@type\":\"ListItem\",\"position\":2,\"name\":\"S\u00fcne m\u00fccadelesi faydal\u0131 canl\u0131lar\u0131 tehdit ediyor\"}]},{\"@type\":\"WebSite\",\"@id\":\"https:\/\/denizcankizil.tr\/#website\",\"url\":\"https:\/\/denizcankizil.tr\/\",\"name\":\"Av. Deniz Can K\u0131z\u0131l\",\"description\":\"Avukat Deniz Can K\u0131z\u0131l Antalya Barosu\",\"publisher\":{\"@id\":\"https:\/\/denizcankizil.tr\/#organization\"},\"potentialAction\":[{\"@type\":\"SearchAction\",\"target\":{\"@type\":\"EntryPoint\",\"urlTemplate\":\"https:\/\/denizcankizil.tr\/?s={search_term_string}\"},\"query-input\":{\"@type\":\"PropertyValueSpecification\",\"valueRequired\":true,\"valueName\":\"search_term_string\"}}],\"inLanguage\":\"de\"},{\"@type\":\"Organization\",\"@id\":\"https:\/\/denizcankizil.tr\/#organization\",\"name\":\"Av. Deniz Can K\u0131z\u0131l\",\"url\":\"https:\/\/denizcankizil.tr\/\",\"logo\":{\"@type\":\"ImageObject\",\"inLanguage\":\"de\",\"@id\":\"https:\/\/denizcankizil.tr\/#\/schema\/logo\/image\/\",\"url\":\"https:\/\/denizcankizil.tr\/wp-content\/uploads\/2024\/10\/siyah-logo-svg.svg\",\"contentUrl\":\"https:\/\/denizcankizil.tr\/wp-content\/uploads\/2024\/10\/siyah-logo-svg.svg\",\"width\":1080,\"height\":1080,\"caption\":\"Av. Deniz Can K\u0131z\u0131l\"},\"image\":{\"@id\":\"https:\/\/denizcankizil.tr\/#\/schema\/logo\/image\/\"}},{\"@type\":\"Person\",\"@id\":\"https:\/\/denizcankizil.tr\/#\/schema\/person\/be3c05fe6a12686905512445d8185489\",\"name\":\"admin\",\"image\":{\"@type\":\"ImageObject\",\"inLanguage\":\"de\",\"@id\":\"https:\/\/denizcankizil.tr\/#\/schema\/person\/image\/\",\"url\":\"https:\/\/secure.gravatar.com\/avatar\/c1fce94c830dc79107e174f890d7210541c4a63e8e5d816341794a2151c9d58c?s=96&d=mm&r=g\",\"contentUrl\":\"https:\/\/secure.gravatar.com\/avatar\/c1fce94c830dc79107e174f890d7210541c4a63e8e5d816341794a2151c9d58c?s=96&d=mm&r=g\",\"caption\":\"admin\"},\"sameAs\":[\"http:\/\/denizcankizil.tr\"],\"url\":\"https:\/\/www.iskenderun.org\/sune-mucadelesi-faydali-canlilari-tehdit-ediyor\"}]}<\/script>\n<!-- \/ Yoast SEO Premium plugin. -->","yoast_head_json":{"title":"S\u00fcne m\u00fccadelesi faydal\u0131 canl\u0131lar\u0131 tehdit ediyor - Av. Deniz Can K\u0131z\u0131l","robots":{"index":"index","follow":"follow","max-snippet":"max-snippet:-1","max-image-preview":"max-image-preview:large","max-video-preview":"max-video-preview:-1"},"canonical":"https:\/\/denizcankizil.tr\/de\/haberler\/gundem\/sune-mucadelesi-faydali-canlilari-tehdit-ediyor\/","og_locale":"de_DE","og_type":"article","og_title":"S\u00fcne m\u00fccadelesi faydal\u0131 canl\u0131lar\u0131 tehdit ediyor","og_description":"Ke\u015fan Bal Birli\u011fi Ba\u015fkan\u0131 Murat Y\u0131lmaz, tarlalarda yap\u0131lacak s\u00fcne m\u00fccadelesine hi\u00e7bir faydas\u0131 bulunmamakta oldu\u011funu ve ayn\u0131 zamanda ar\u0131lara ve faydal\u0131 canl\u0131lara zarar verdi\u011fini belirten yaz\u0131l\u0131 bir a\u00e7\u0131klama yapt\u0131.Erdo\u011fan DEM\u0130R \/ ED\u0130RNE (\u0130GFA) &#8211; Y\u0131lmaz, \u00e7ift\u00e7ilerin ve ar\u0131c\u0131lar\u0131n birbirine muhta\u00e7 oldu\u011funu vurgulayarak, ila\u00e7laman\u0131n ak\u015fam saatlerinde yap\u0131lmas\u0131n\u0131n ar\u0131lar i\u00e7in daha g\u00fcvenli olaca\u011f\u0131n\u0131 ifade etti. \u00c7ift\u00e7inin ar\u0131ya, ar\u0131c\u0131n\u0131n da \u00e7ift\u00e7iye ihtiyac\u0131 oldu\u011funu dile getiren Y\u0131lmaz, &#8220;Mutlaka ila\u00e7lama yap\u0131lacaksa ak\u015fam saatlerinde yap\u0131l\u0131rsa bizim i\u00e7in daha iyi olur. \u00d6\u011fle vakti ar\u0131n\u0131n u\u00e7um zaman\u0131 ila\u00e7 at\u0131l\u0131rsa ar\u0131ya \u00e7ok zarar\u0131 var. Mutlaka ar\u0131 olmazsa hayat olmaz, bu bir ger\u00e7ek. Meyvelerin, bitkilerin her \u015feyin tozlanmas\u0131 i\u00e7in ar\u0131 \u015fart. Ar\u0131s\u0131z bir ya\u015fam d\u00fc\u015f\u00fcn\u00fclemez. Her ikisinin de birbirini kollamas\u0131, birbirini idare etmesi gerekiyor. \u00c7ift\u00e7ilerimizin il\u00e7e tar\u0131m m\u00fcd\u00fcrl\u00fcklerine sorarak ne zaman ila\u00e7lama yapmas\u0131 gerekti\u011fini \u00f6\u011frenerek yapmas\u0131 daha uygun olur&#8221; dedi. Zamans\u0131z ila\u00e7lamadan dolay\u0131 ar\u0131lar\u0131n zarar g\u00f6rd\u00fc\u011f\u00fcn\u00fc ifade eden Y\u0131lmaz, &#8220;T\u00fcrkiye genelinde G\u0131da Tar\u0131m ve Hayvanc\u0131l\u0131k M\u00fcd\u00fcrl\u00fckleri ve muhtarl\u0131klar taraf\u0131ndan \u00e7ift\u00e7iler uyar\u0131lmas\u0131na ra\u011fmen sabah saat 9&#8217;da tar\u0131m ilac\u0131 at\u0131yor. Ar\u0131 havadayken \u00f6l\u00fcyor, vatanda\u015flar\u0131m\u0131z\u0131n biraz duyarl\u0131 davranmas\u0131n\u0131 bekliyoruz.&#8221; diye konu\u015ftu. Y\u0131lmaz a\u00e7\u0131klamas\u0131n\u0131 \u015f\u00f6yle tamamlad\u0131.&#8221;E\u011fer ila\u00e7laman\u0131n bitkiye de faydal\u0131 olmas\u0131n\u0131 istiyorsa g\u00fcnd\u00fcz vakti ila\u00e7lama yapmak do\u011fru de\u011fil. \u0130la\u00e7laman\u0131n ak\u015fam saat 20:00&#8217;dan sonra yap\u0131lmas\u0131 gerekiyor. Bu da ar\u0131n\u0131n kovan\u0131na \u00e7ekildi\u011fi zamanlara denk geliyor. G\u00fcnd\u00fcz 2&#8217;de &hellip;","og_url":"https:\/\/denizcankizil.tr\/de\/haberler\/gundem\/sune-mucadelesi-faydali-canlilari-tehdit-ediyor\/","og_site_name":"Av. Deniz Can K\u0131z\u0131l","article_published_time":"2025-06-11T18:42:16+00:00","author":"admin","twitter_card":"summary_large_image","twitter_misc":{"Verfasst von":"admin","Gesch\u00e4tzte Lesezeit":"4\u00a0Minuten"},"schema":{"@context":"https:\/\/schema.org","@graph":[{"@type":"Article","@id":"https:\/\/denizcankizil.tr\/de\/haberler\/gundem\/sune-mucadelesi-faydali-canlilari-tehdit-ediyor\/#article","isPartOf":{"@id":"https:\/\/denizcankizil.tr\/de\/haberler\/gundem\/sune-mucadelesi-faydali-canlilari-tehdit-ediyor\/"},"author":{"name":"admin","@id":"https:\/\/denizcankizil.tr\/#\/schema\/person\/be3c05fe6a12686905512445d8185489"},"headline":"S\u00fcne m\u00fccadelesi faydal\u0131 canl\u0131lar\u0131 tehdit ediyor","datePublished":"2025-06-11T18:42:16+00:00","mainEntityOfPage":{"@id":"https:\/\/denizcankizil.tr\/de\/haberler\/gundem\/sune-mucadelesi-faydali-canlilari-tehdit-ediyor\/"},"wordCount":853,"publisher":{"@id":"https:\/\/denizcankizil.tr\/#organization"},"articleSection":["G\u00fcndem"],"inLanguage":"de"},{"@type":"WebPage","@id":"https:\/\/denizcankizil.tr\/de\/haberler\/gundem\/sune-mucadelesi-faydali-canlilari-tehdit-ediyor\/","url":"https:\/\/denizcankizil.tr\/de\/haberler\/gundem\/sune-mucadelesi-faydali-canlilari-tehdit-ediyor\/","name":"S\u00fcne m\u00fccadelesi faydal\u0131 canl\u0131lar\u0131 tehdit ediyor - Av. Deniz Can K\u0131z\u0131l","isPartOf":{"@id":"https:\/\/denizcankizil.tr\/#website"},"datePublished":"2025-06-11T18:42:16+00:00","breadcrumb":{"@id":"https:\/\/denizcankizil.tr\/de\/haberler\/gundem\/sune-mucadelesi-faydali-canlilari-tehdit-ediyor\/#breadcrumb"},"inLanguage":"de","potentialAction":[{"@type":"ReadAction","target":["https:\/\/denizcankizil.tr\/de\/haberler\/gundem\/sune-mucadelesi-faydali-canlilari-tehdit-ediyor\/"]}]},{"@type":"BreadcrumbList","@id":"https:\/\/denizcankizil.tr\/de\/haberler\/gundem\/sune-mucadelesi-faydali-canlilari-tehdit-ediyor\/#breadcrumb","itemListElement":[{"@type":"ListItem","position":1,"name":"Home","item":"https:\/\/denizcankizil.tr\/de\/"},{"@type":"ListItem","position":2,"name":"S\u00fcne m\u00fccadelesi faydal\u0131 canl\u0131lar\u0131 tehdit ediyor"}]},{"@type":"WebSite","@id":"https:\/\/denizcankizil.tr\/#website","url":"https:\/\/denizcankizil.tr\/","name":"Av. Deniz Can K\u0131z\u0131l","description":"Avukat Deniz Can K\u0131z\u0131l Antalya Barosu","publisher":{"@id":"https:\/\/denizcankizil.tr\/#organization"},"potentialAction":[{"@type":"SearchAction","target":{"@type":"EntryPoint","urlTemplate":"https:\/\/denizcankizil.tr\/?s={search_term_string}"},"query-input":{"@type":"PropertyValueSpecification","valueRequired":true,"valueName":"search_term_string"}}],"inLanguage":"de"},{"@type":"Organization","@id":"https:\/\/denizcankizil.tr\/#organization","name":"Av. Deniz Can K\u0131z\u0131l","url":"https:\/\/denizcankizil.tr\/","logo":{"@type":"ImageObject","inLanguage":"de","@id":"https:\/\/denizcankizil.tr\/#\/schema\/logo\/image\/","url":"https:\/\/denizcankizil.tr\/wp-content\/uploads\/2024\/10\/siyah-logo-svg.svg","contentUrl":"https:\/\/denizcankizil.tr\/wp-content\/uploads\/2024\/10\/siyah-logo-svg.svg","width":1080,"height":1080,"caption":"Av. Deniz Can K\u0131z\u0131l"},"image":{"@id":"https:\/\/denizcankizil.tr\/#\/schema\/logo\/image\/"}},{"@type":"Person","@id":"https:\/\/denizcankizil.tr\/#\/schema\/person\/be3c05fe6a12686905512445d8185489","name":"Administrator","image":{"@type":"ImageObject","inLanguage":"de","@id":"https:\/\/denizcankizil.tr\/#\/schema\/person\/image\/","url":"https:\/\/secure.gravatar.com\/avatar\/c1fce94c830dc79107e174f890d7210541c4a63e8e5d816341794a2151c9d58c?s=96&d=mm&r=g","contentUrl":"https:\/\/secure.gravatar.com\/avatar\/c1fce94c830dc79107e174f890d7210541c4a63e8e5d816341794a2151c9d58c?s=96&d=mm&r=g","caption":"admin"},"sameAs":["http:\/\/denizcankizil.tr"],"url":"https:\/\/www.iskenderun.org\/sune-mucadelesi-faydali-canlilari-tehdit-ediyor"}]}},"_links":{"self":[{"href":"https:\/\/denizcankizil.tr\/de\/wp-json\/wp\/v2\/posts\/113888","targetHints":{"allow":["GET"]}}],"collection":[{"href":"https:\/\/denizcankizil.tr\/de\/wp-json\/wp\/v2\/posts"}],"about":[{"href":"https:\/\/denizcankizil.tr\/de\/wp-json\/wp\/v2\/types\/post"}],"author":[{"embeddable":true,"href":"https:\/\/denizcankizil.tr\/de\/wp-json\/wp\/v2\/users\/1"}],"replies":[{"embeddable":true,"href":"https:\/\/denizcankizil.tr\/de\/wp-json\/wp\/v2\/comments?post=113888"}],"version-history":[{"count":0,"href":"https:\/\/denizcankizil.tr\/de\/wp-json\/wp\/v2\/posts\/113888\/revisions"}],"wp:attachment":[{"href":"https:\/\/denizcankizil.tr\/de\/wp-json\/wp\/v2\/media?parent=113888"}],"wp:term":[{"taxonomy":"category","embeddable":true,"href":"https:\/\/denizcankizil.tr\/de\/wp-json\/wp\/v2\/categories?post=113888"},{"taxonomy":"post_tag","embeddable":true,"href":"https:\/\/denizcankizil.tr\/de\/wp-json\/wp\/v2\/tags?post=113888"}],"curies":[{"name":"wp","href":"https:\/\/api.w.org\/{rel}","templated":true}]}}