{"id":113273,"date":"2025-06-11T08:42:09","date_gmt":"2025-06-11T05:42:09","guid":{"rendered":"https:\/\/denizcankizil.tr\/uncategorized-tr\/turk-kizilay-157-yilini-kutluyor\/"},"modified":"2025-06-11T08:42:09","modified_gmt":"2025-06-11T05:42:09","slug":"turk-kizilay-157-yilini-kutluyor","status":"publish","type":"post","link":"https:\/\/denizcankizil.tr\/de\/haberler\/gundem\/turk-kizilay-157-yilini-kutluyor\/","title":{"rendered":"T\u00fcrk K\u0131z\u0131lay 157. Y\u0131l\u0131n\u0131 Kutluyor\u2026"},"content":{"rendered":"<p>\u00d6zellikle Kurban ve Ramazan d\u00f6nemlerinde artan ba\u011f\u0131\u015f\u00e7\u0131 say\u0131s\u0131 ve miktar\u0131yla &#8220;Hepimizin K\u0131z\u0131lay&#8217;\u0131&#8221; anlay\u0131\u015f\u0131n\u0131 peki\u015ftiren kurum, t\u00fcm destek\u00e7ilerine te\u015fekk\u00fcr ediyor.<\/p>\n<p>GENEL BA\u015eKAN YILMAZ&#8217;DAN <\/p>\n<p>G\u00d6N\u00dcLL\u00dcLERE TE\u015eEKK\u00dcR<\/p>\n<p>Yakla\u015f\u0131k 400 bin g\u00f6n\u00fcll\u00fcs\u00fcyle T\u00fcrkiye&#8217;nin en b\u00fcy\u00fck g\u00f6n\u00fcll\u00fc hareketlerinden biri olan T\u00fcrk K\u0131z\u0131lay&#8217;\u0131n mensuplar\u0131, ihtiya\u00e7 sahiplerine yard\u0131m eli uzatmak i\u00e7in durmaks\u0131z\u0131n \u00e7al\u0131\u015f\u0131yor. T\u00fcrk K\u0131z\u0131lay Genel Ba\u015fkan\u0131 Prof. Dr. Fatma Meri\u00e7 Y\u0131lmaz, g\u00f6n\u00fcll\u00fclerin paha bi\u00e7ilemez katk\u0131s\u0131na vurgu yaparak &#8220;K\u0131z\u0131lay, 157 y\u0131l \u00f6nce bir grup g\u00f6n\u00fcll\u00fc taraf\u0131ndan kurulmu\u015ftur. G\u00f6n\u00fcll\u00fcl\u00fck bilinciyle g\u00fc\u00e7lenen bu b\u00fcy\u00fck aile, iyili\u011fi ya\u015fam bi\u00e7imi haline getirmi\u015f insanlar\u0131n fedak\u00e2rl\u0131klar\u0131yla b\u00fcy\u00fcyor. G\u00f6n\u00fcll\u00fclerimizin \u00f6zverili \u00e7al\u0131\u015fmalar\u0131 sayesinde K\u0131z\u0131lay, bug\u00fcn yaln\u0131zca T\u00fcrkiye&#8217;nin de\u011fil, d\u00fcnyan\u0131n da \u00f6nde gelen insani yard\u0131m kurulu\u015flar\u0131ndan biri haline gelmi\u015ftir&#8221; dedi.<\/p>\n<p>81 \u0130LDE A\u015eEVLER\u0130 VE KIZILAY <\/p>\n<p>BUT\u0130K PROJELER\u0130 GEN\u0130\u015eL\u0130YOR<\/p>\n<p>T\u00fcrk K\u0131z\u0131lay, 157. kurulu\u015f y\u0131l d\u00f6n\u00fcm\u00fcnde \u00f6nemli projelere imza at\u0131yor. Her g\u00fcn 40 binden fazla ihtiya\u00e7 sahibine hizmet veren a\u015fevlerini 81 ile yaymay\u0131 hedefliyor. Bu a\u015fevleri, sadece ekonomik destek sa\u011flamakla kalmay\u0131p, evlerinde yemek pi\u015firemeyen ya\u015fl\u0131 ve engelli bireylere s\u0131cak yemek hizmeti sunuyor, ayn\u0131 zamanda sosyal dayan\u0131\u015fmay\u0131 g\u00fc\u00e7lendiriyor. A\u015fevleri ayr\u0131ca, T\u00fcrkiye Afet M\u00fcdahale Plan\u0131 (TAMP) kapsam\u0131nda afet ve acil durumlarda beslenme hizmetlerinin kar\u015f\u0131lanmas\u0131nda da kritik bir rol \u00fcstlenecek.<\/p>\n<p>K\u0131z\u0131lay&#8217;\u0131n bir di\u011fer \u00f6ncelikli projesi olan K\u0131z\u0131lay Butik ma\u011fazalar\u0131 da \u00fclke genelinde yayg\u0131nla\u015ft\u0131r\u0131larak daha \u00e7ok ihtiya\u00e7 sahibine ula\u015fmay\u0131 hedefliyor. Bu ma\u011fazalarda ba\u011f\u0131\u015flanan giysi ve ihtiya\u00e7 malzemeleri \u00fccretsiz olarak sunuluyor. T\u00fcrkiye genelinde 200&#8217;den fazla K\u0131z\u0131lay Butik ma\u011fazas\u0131 bulunuyor ve bu ma\u011fazalar, ihtiya\u00e7 sahiplerinin onurlu bir \u015fekilde kendi k\u0131yafetlerini se\u00e7melerine olanak tan\u0131yor. Proje, \u00fcniversiteler, cezaevleri ve hastaneler ba\u015fta olmak \u00fczere her g\u00fcn binlerce ki\u015fiye ula\u015fmaya devam edecek.<\/p>\n<p>Gelece\u011fe Y\u00f6nelik Vizyon Projeleri ve <\/p>\n<p>Artan Ba\u011f\u0131\u015flara Te\u015fekk\u00fcr<\/p>\n<p>T\u00fcrk K\u0131z\u0131lay, 157 y\u0131ll\u0131k deneyimini gelece\u011fe d\u00f6n\u00fck stratejik projelerle peki\u015ftiriyor. Enteral beslenme, kan torbas\u0131 \u00fcretimi ve plazmadan ila\u00e7 \u00fcretimi gibi vizyon projeleriyle sa\u011fl\u0131k alan\u0131nda d\u0131\u015fa ba\u011f\u0131ml\u0131l\u0131\u011f\u0131 azaltmay\u0131 ve insan sa\u011fl\u0131\u011f\u0131n\u0131 merkeze alarak \u00fclkenin gelece\u011fine katk\u0131 sa\u011flamay\u0131 hedefliyor.<\/p>\n<p>Genel Ba\u015fkan Prof. Dr. Fatma Meri\u00e7 Y\u0131lmaz, \u00f6zellikle Kurban ve Ramazan d\u00f6nemlerinde artan ba\u011f\u0131\u015f\u00e7\u0131 say\u0131s\u0131ndan duydu\u011fu memnuniyeti dile getirerek &#8220;Bu art\u0131\u015f\u0131 sa\u011flayan, &#8216;Hepimizin K\u0131z\u0131lay\u2019\u0131&#8217; diyerek deste\u011fini esirgemeyen t\u00fcm ba\u011f\u0131\u015f\u00e7\u0131lar\u0131m\u0131za ve fedak\u00e2r g\u00f6n\u00fcll\u00fclerimize i\u00e7ten te\u015fekk\u00fcr ediyoruz. Onlar\u0131n \u00f6zverisi ve c\u00f6mertli\u011fi sayesinde yard\u0131m faaliyetlerimizin kapsam\u0131n\u0131 geni\u015fletiyor, daha fazla ihtiya\u00e7 sahibine ula\u015f\u0131yoruz. Bu g\u00fc\u00e7l\u00fc dayan\u0131\u015fma k\u00fclt\u00fcr\u00fcn\u00fc birlikte ya\u015fatmaya devam edece\u011fiz&#8221; diye konu\u015ftu.<\/p>\n<p>\u200bT\u00fcrk K\u0131z\u0131lay, 11 Haziran 1868&#8217;de kurulan ve 157 y\u0131ld\u0131r g\u00f6n\u00fcll\u00fcleri ve ba\u011f\u0131\u015f\u00e7\u0131lar\u0131yla b\u00fcy\u00fcyen k\u00f6kl\u00fc bir iyilik hareketi olarak T\u00fcrkiye&#8217;nin ve d\u00fcnyan\u0131n d\u00f6rt bir yan\u0131ndaki ihtiya\u00e7 sahiplerine umut olmaya devam ediyor.\u00a0<\/p>\n<p>\u200bHaberin Al\u0131nt\u0131land\u0131\u011f\u0131 Kaynak: www.iskenderun.org<\/p>","protected":false},"excerpt":{"rendered":"<p>\u00d6zellikle Kurban ve Ramazan d\u00f6nemlerinde artan ba\u011f\u0131\u015f\u00e7\u0131 say\u0131s\u0131 ve miktar\u0131yla &#8220;Hepimizin K\u0131z\u0131lay&#8217;\u0131&#8221; anlay\u0131\u015f\u0131n\u0131 peki\u015ftiren kurum, t\u00fcm destek\u00e7ilerine te\u015fekk\u00fcr ediyor. GENEL BA\u015eKAN YILMAZ&#8217;DAN G\u00d6N\u00dcLL\u00dcLERE TE\u015eEKK\u00dcR Yakla\u015f\u0131k 400 bin g\u00f6n\u00fcll\u00fcs\u00fcyle T\u00fcrkiye&#8217;nin en b\u00fcy\u00fck g\u00f6n\u00fcll\u00fc hareketlerinden biri olan T\u00fcrk K\u0131z\u0131lay&#8217;\u0131n mensuplar\u0131, ihtiya\u00e7 sahiplerine yard\u0131m eli uzatmak i\u00e7in durmaks\u0131z\u0131n \u00e7al\u0131\u015f\u0131yor. T\u00fcrk K\u0131z\u0131lay Genel Ba\u015fkan\u0131 Prof. Dr. Fatma Meri\u00e7 Y\u0131lmaz, g\u00f6n\u00fcll\u00fclerin paha bi\u00e7ilemez katk\u0131s\u0131na vurgu yaparak &#8220;K\u0131z\u0131lay, 157 y\u0131l \u00f6nce bir grup g\u00f6n\u00fcll\u00fc taraf\u0131ndan kurulmu\u015ftur. G\u00f6n\u00fcll\u00fcl\u00fck bilinciyle g\u00fc\u00e7lenen bu b\u00fcy\u00fck aile, iyili\u011fi ya\u015fam bi\u00e7imi haline getirmi\u015f insanlar\u0131n fedak\u00e2rl\u0131klar\u0131yla b\u00fcy\u00fcyor. G\u00f6n\u00fcll\u00fclerimizin \u00f6zverili \u00e7al\u0131\u015fmalar\u0131 sayesinde K\u0131z\u0131lay, bug\u00fcn yaln\u0131zca T\u00fcrkiye&#8217;nin de\u011fil, d\u00fcnyan\u0131n da \u00f6nde gelen insani yard\u0131m kurulu\u015flar\u0131ndan biri haline gelmi\u015ftir&#8221; dedi. 81 \u0130LDE A\u015eEVLER\u0130 VE KIZILAY BUT\u0130K PROJELER\u0130 GEN\u0130\u015eL\u0130YOR T\u00fcrk K\u0131z\u0131lay, 157. kurulu\u015f y\u0131l d\u00f6n\u00fcm\u00fcnde \u00f6nemli projelere imza at\u0131yor. Her g\u00fcn 40 binden fazla ihtiya\u00e7 sahibine hizmet veren a\u015fevlerini 81 ile yaymay\u0131 hedefliyor. Bu a\u015fevleri, sadece ekonomik destek sa\u011flamakla kalmay\u0131p, evlerinde yemek pi\u015firemeyen ya\u015fl\u0131 ve engelli bireylere s\u0131cak yemek hizmeti sunuyor, ayn\u0131 zamanda sosyal dayan\u0131\u015fmay\u0131 g\u00fc\u00e7lendiriyor. A\u015fevleri ayr\u0131ca, T\u00fcrkiye Afet M\u00fcdahale Plan\u0131 (TAMP) kapsam\u0131nda afet ve acil durumlarda beslenme hizmetlerinin kar\u015f\u0131lanmas\u0131nda da kritik bir rol \u00fcstlenecek. K\u0131z\u0131lay&#8217;\u0131n bir di\u011fer \u00f6ncelikli projesi olan K\u0131z\u0131lay Butik ma\u011fazalar\u0131 da \u00fclke genelinde yayg\u0131nla\u015ft\u0131r\u0131larak daha \u00e7ok ihtiya\u00e7 sahibine ula\u015fmay\u0131 hedefliyor. Bu ma\u011fazalarda &hellip;<\/p>","protected":false},"author":1,"featured_media":0,"comment_status":"","ping_status":"open","sticky":false,"template":"","format":"standard","meta":{"_acf_changed":false,"footnotes":""},"categories":[24],"tags":[],"class_list":["post-113273","post","type-post","status-publish","format-standard","has-post-thumbnail","hentry","category-gundem"],"acf":[],"yoast_head":"<!-- This site is optimized with the Yoast SEO Premium plugin v26.6 (Yoast SEO v27.1.1) - https:\/\/yoast.com\/product\/yoast-seo-premium-wordpress\/ -->\n<title>T\u00fcrk K\u0131z\u0131lay 157. Y\u0131l\u0131n\u0131 Kutluyor\u2026 - Av. Deniz Can K\u0131z\u0131l<\/title>\n<meta name=\"robots\" content=\"index, follow, max-snippet:-1, max-image-preview:large, max-video-preview:-1\" \/>\n<link rel=\"canonical\" href=\"https:\/\/denizcankizil.tr\/de\/haberler\/gundem\/turk-kizilay-157-yilini-kutluyor\/\" \/>\n<meta property=\"og:locale\" content=\"de_DE\" \/>\n<meta property=\"og:type\" content=\"article\" \/>\n<meta property=\"og:title\" content=\"T\u00fcrk K\u0131z\u0131lay 157. Y\u0131l\u0131n\u0131 Kutluyor\u2026\" \/>\n<meta property=\"og:description\" content=\"\u00d6zellikle Kurban ve Ramazan d\u00f6nemlerinde artan ba\u011f\u0131\u015f\u00e7\u0131 say\u0131s\u0131 ve miktar\u0131yla &#8220;Hepimizin K\u0131z\u0131lay&#8217;\u0131&#8221; anlay\u0131\u015f\u0131n\u0131 peki\u015ftiren kurum, t\u00fcm destek\u00e7ilerine te\u015fekk\u00fcr ediyor. GENEL BA\u015eKAN YILMAZ&#8217;DAN G\u00d6N\u00dcLL\u00dcLERE TE\u015eEKK\u00dcR Yakla\u015f\u0131k 400 bin g\u00f6n\u00fcll\u00fcs\u00fcyle T\u00fcrkiye&#8217;nin en b\u00fcy\u00fck g\u00f6n\u00fcll\u00fc hareketlerinden biri olan T\u00fcrk K\u0131z\u0131lay&#8217;\u0131n mensuplar\u0131, ihtiya\u00e7 sahiplerine yard\u0131m eli uzatmak i\u00e7in durmaks\u0131z\u0131n \u00e7al\u0131\u015f\u0131yor. T\u00fcrk K\u0131z\u0131lay Genel Ba\u015fkan\u0131 Prof. Dr. Fatma Meri\u00e7 Y\u0131lmaz, g\u00f6n\u00fcll\u00fclerin paha bi\u00e7ilemez katk\u0131s\u0131na vurgu yaparak &#8220;K\u0131z\u0131lay, 157 y\u0131l \u00f6nce bir grup g\u00f6n\u00fcll\u00fc taraf\u0131ndan kurulmu\u015ftur. G\u00f6n\u00fcll\u00fcl\u00fck bilinciyle g\u00fc\u00e7lenen bu b\u00fcy\u00fck aile, iyili\u011fi ya\u015fam bi\u00e7imi haline getirmi\u015f insanlar\u0131n fedak\u00e2rl\u0131klar\u0131yla b\u00fcy\u00fcyor. G\u00f6n\u00fcll\u00fclerimizin \u00f6zverili \u00e7al\u0131\u015fmalar\u0131 sayesinde K\u0131z\u0131lay, bug\u00fcn yaln\u0131zca T\u00fcrkiye&#8217;nin de\u011fil, d\u00fcnyan\u0131n da \u00f6nde gelen insani yard\u0131m kurulu\u015flar\u0131ndan biri haline gelmi\u015ftir&#8221; dedi. 81 \u0130LDE A\u015eEVLER\u0130 VE KIZILAY BUT\u0130K PROJELER\u0130 GEN\u0130\u015eL\u0130YOR T\u00fcrk K\u0131z\u0131lay, 157. kurulu\u015f y\u0131l d\u00f6n\u00fcm\u00fcnde \u00f6nemli projelere imza at\u0131yor. Her g\u00fcn 40 binden fazla ihtiya\u00e7 sahibine hizmet veren a\u015fevlerini 81 ile yaymay\u0131 hedefliyor. Bu a\u015fevleri, sadece ekonomik destek sa\u011flamakla kalmay\u0131p, evlerinde yemek pi\u015firemeyen ya\u015fl\u0131 ve engelli bireylere s\u0131cak yemek hizmeti sunuyor, ayn\u0131 zamanda sosyal dayan\u0131\u015fmay\u0131 g\u00fc\u00e7lendiriyor. A\u015fevleri ayr\u0131ca, T\u00fcrkiye Afet M\u00fcdahale Plan\u0131 (TAMP) kapsam\u0131nda afet ve acil durumlarda beslenme hizmetlerinin kar\u015f\u0131lanmas\u0131nda da kritik bir rol \u00fcstlenecek. K\u0131z\u0131lay&#8217;\u0131n bir di\u011fer \u00f6ncelikli projesi olan K\u0131z\u0131lay Butik ma\u011fazalar\u0131 da \u00fclke genelinde yayg\u0131nla\u015ft\u0131r\u0131larak daha \u00e7ok ihtiya\u00e7 sahibine ula\u015fmay\u0131 hedefliyor. Bu ma\u011fazalarda &hellip;\" \/>\n<meta property=\"og:url\" content=\"https:\/\/denizcankizil.tr\/de\/haberler\/gundem\/turk-kizilay-157-yilini-kutluyor\/\" \/>\n<meta property=\"og:site_name\" content=\"Av. Deniz Can K\u0131z\u0131l\" \/>\n<meta property=\"article:published_time\" content=\"2025-06-11T05:42:09+00:00\" \/>\n<meta name=\"author\" content=\"admin\" \/>\n<meta name=\"twitter:card\" content=\"summary_large_image\" \/>\n<meta name=\"twitter:label1\" content=\"Verfasst von\" \/>\n\t<meta name=\"twitter:data1\" content=\"admin\" \/>\n\t<meta name=\"twitter:label2\" content=\"Gesch\u00e4tzte Lesezeit\" \/>\n\t<meta name=\"twitter:data2\" content=\"3\u00a0Minuten\" \/>\n<script type=\"application\/ld+json\" class=\"yoast-schema-graph\">{\"@context\":\"https:\/\/schema.org\",\"@graph\":[{\"@type\":\"Article\",\"@id\":\"https:\/\/denizcankizil.tr\/de\/haberler\/gundem\/turk-kizilay-157-yilini-kutluyor\/#article\",\"isPartOf\":{\"@id\":\"https:\/\/denizcankizil.tr\/de\/haberler\/gundem\/turk-kizilay-157-yilini-kutluyor\/\"},\"author\":{\"name\":\"admin\",\"@id\":\"https:\/\/denizcankizil.tr\/#\/schema\/person\/be3c05fe6a12686905512445d8185489\"},\"headline\":\"T\u00fcrk K\u0131z\u0131lay 157. Y\u0131l\u0131n\u0131 Kutluyor\u2026\",\"datePublished\":\"2025-06-11T05:42:09+00:00\",\"mainEntityOfPage\":{\"@id\":\"https:\/\/denizcankizil.tr\/de\/haberler\/gundem\/turk-kizilay-157-yilini-kutluyor\/\"},\"wordCount\":609,\"publisher\":{\"@id\":\"https:\/\/denizcankizil.tr\/#organization\"},\"articleSection\":[\"G\u00fcndem\"],\"inLanguage\":\"de\"},{\"@type\":\"WebPage\",\"@id\":\"https:\/\/denizcankizil.tr\/de\/haberler\/gundem\/turk-kizilay-157-yilini-kutluyor\/\",\"url\":\"https:\/\/denizcankizil.tr\/de\/haberler\/gundem\/turk-kizilay-157-yilini-kutluyor\/\",\"name\":\"T\u00fcrk K\u0131z\u0131lay 157. Y\u0131l\u0131n\u0131 Kutluyor\u2026 - Av. Deniz Can K\u0131z\u0131l\",\"isPartOf\":{\"@id\":\"https:\/\/denizcankizil.tr\/#website\"},\"datePublished\":\"2025-06-11T05:42:09+00:00\",\"breadcrumb\":{\"@id\":\"https:\/\/denizcankizil.tr\/de\/haberler\/gundem\/turk-kizilay-157-yilini-kutluyor\/#breadcrumb\"},\"inLanguage\":\"de\",\"potentialAction\":[{\"@type\":\"ReadAction\",\"target\":[\"https:\/\/denizcankizil.tr\/de\/haberler\/gundem\/turk-kizilay-157-yilini-kutluyor\/\"]}]},{\"@type\":\"BreadcrumbList\",\"@id\":\"https:\/\/denizcankizil.tr\/de\/haberler\/gundem\/turk-kizilay-157-yilini-kutluyor\/#breadcrumb\",\"itemListElement\":[{\"@type\":\"ListItem\",\"position\":1,\"name\":\"Home\",\"item\":\"https:\/\/denizcankizil.tr\/de\/\"},{\"@type\":\"ListItem\",\"position\":2,\"name\":\"T\u00fcrk K\u0131z\u0131lay 157. Y\u0131l\u0131n\u0131 Kutluyor\u2026\"}]},{\"@type\":\"WebSite\",\"@id\":\"https:\/\/denizcankizil.tr\/#website\",\"url\":\"https:\/\/denizcankizil.tr\/\",\"name\":\"Av. Deniz Can K\u0131z\u0131l\",\"description\":\"Avukat Deniz Can K\u0131z\u0131l Antalya Barosu\",\"publisher\":{\"@id\":\"https:\/\/denizcankizil.tr\/#organization\"},\"potentialAction\":[{\"@type\":\"SearchAction\",\"target\":{\"@type\":\"EntryPoint\",\"urlTemplate\":\"https:\/\/denizcankizil.tr\/?s={search_term_string}\"},\"query-input\":{\"@type\":\"PropertyValueSpecification\",\"valueRequired\":true,\"valueName\":\"search_term_string\"}}],\"inLanguage\":\"de\"},{\"@type\":\"Organization\",\"@id\":\"https:\/\/denizcankizil.tr\/#organization\",\"name\":\"Av. Deniz Can K\u0131z\u0131l\",\"url\":\"https:\/\/denizcankizil.tr\/\",\"logo\":{\"@type\":\"ImageObject\",\"inLanguage\":\"de\",\"@id\":\"https:\/\/denizcankizil.tr\/#\/schema\/logo\/image\/\",\"url\":\"https:\/\/denizcankizil.tr\/wp-content\/uploads\/2024\/10\/siyah-logo-svg.svg\",\"contentUrl\":\"https:\/\/denizcankizil.tr\/wp-content\/uploads\/2024\/10\/siyah-logo-svg.svg\",\"width\":1080,\"height\":1080,\"caption\":\"Av. Deniz Can K\u0131z\u0131l\"},\"image\":{\"@id\":\"https:\/\/denizcankizil.tr\/#\/schema\/logo\/image\/\"}},{\"@type\":\"Person\",\"@id\":\"https:\/\/denizcankizil.tr\/#\/schema\/person\/be3c05fe6a12686905512445d8185489\",\"name\":\"admin\",\"image\":{\"@type\":\"ImageObject\",\"inLanguage\":\"de\",\"@id\":\"https:\/\/denizcankizil.tr\/#\/schema\/person\/image\/\",\"url\":\"https:\/\/secure.gravatar.com\/avatar\/c1fce94c830dc79107e174f890d7210541c4a63e8e5d816341794a2151c9d58c?s=96&d=mm&r=g\",\"contentUrl\":\"https:\/\/secure.gravatar.com\/avatar\/c1fce94c830dc79107e174f890d7210541c4a63e8e5d816341794a2151c9d58c?s=96&d=mm&r=g\",\"caption\":\"admin\"},\"sameAs\":[\"http:\/\/denizcankizil.tr\"],\"url\":\"https:\/\/www.iskenderun.org\/turk-kizilay-157-yilini-kutluyor\"}]}<\/script>\n<!-- \/ Yoast SEO Premium plugin. -->","yoast_head_json":{"title":"T\u00fcrk K\u0131z\u0131lay 157. Y\u0131l\u0131n\u0131 Kutluyor\u2026 - Av. Deniz Can K\u0131z\u0131l","robots":{"index":"index","follow":"follow","max-snippet":"max-snippet:-1","max-image-preview":"max-image-preview:large","max-video-preview":"max-video-preview:-1"},"canonical":"https:\/\/denizcankizil.tr\/de\/haberler\/gundem\/turk-kizilay-157-yilini-kutluyor\/","og_locale":"de_DE","og_type":"article","og_title":"T\u00fcrk K\u0131z\u0131lay 157. Y\u0131l\u0131n\u0131 Kutluyor\u2026","og_description":"\u00d6zellikle Kurban ve Ramazan d\u00f6nemlerinde artan ba\u011f\u0131\u015f\u00e7\u0131 say\u0131s\u0131 ve miktar\u0131yla &#8220;Hepimizin K\u0131z\u0131lay&#8217;\u0131&#8221; anlay\u0131\u015f\u0131n\u0131 peki\u015ftiren kurum, t\u00fcm destek\u00e7ilerine te\u015fekk\u00fcr ediyor. GENEL BA\u015eKAN YILMAZ&#8217;DAN G\u00d6N\u00dcLL\u00dcLERE TE\u015eEKK\u00dcR Yakla\u015f\u0131k 400 bin g\u00f6n\u00fcll\u00fcs\u00fcyle T\u00fcrkiye&#8217;nin en b\u00fcy\u00fck g\u00f6n\u00fcll\u00fc hareketlerinden biri olan T\u00fcrk K\u0131z\u0131lay&#8217;\u0131n mensuplar\u0131, ihtiya\u00e7 sahiplerine yard\u0131m eli uzatmak i\u00e7in durmaks\u0131z\u0131n \u00e7al\u0131\u015f\u0131yor. T\u00fcrk K\u0131z\u0131lay Genel Ba\u015fkan\u0131 Prof. Dr. Fatma Meri\u00e7 Y\u0131lmaz, g\u00f6n\u00fcll\u00fclerin paha bi\u00e7ilemez katk\u0131s\u0131na vurgu yaparak &#8220;K\u0131z\u0131lay, 157 y\u0131l \u00f6nce bir grup g\u00f6n\u00fcll\u00fc taraf\u0131ndan kurulmu\u015ftur. G\u00f6n\u00fcll\u00fcl\u00fck bilinciyle g\u00fc\u00e7lenen bu b\u00fcy\u00fck aile, iyili\u011fi ya\u015fam bi\u00e7imi haline getirmi\u015f insanlar\u0131n fedak\u00e2rl\u0131klar\u0131yla b\u00fcy\u00fcyor. G\u00f6n\u00fcll\u00fclerimizin \u00f6zverili \u00e7al\u0131\u015fmalar\u0131 sayesinde K\u0131z\u0131lay, bug\u00fcn yaln\u0131zca T\u00fcrkiye&#8217;nin de\u011fil, d\u00fcnyan\u0131n da \u00f6nde gelen insani yard\u0131m kurulu\u015flar\u0131ndan biri haline gelmi\u015ftir&#8221; dedi. 81 \u0130LDE A\u015eEVLER\u0130 VE KIZILAY BUT\u0130K PROJELER\u0130 GEN\u0130\u015eL\u0130YOR T\u00fcrk K\u0131z\u0131lay, 157. kurulu\u015f y\u0131l d\u00f6n\u00fcm\u00fcnde \u00f6nemli projelere imza at\u0131yor. Her g\u00fcn 40 binden fazla ihtiya\u00e7 sahibine hizmet veren a\u015fevlerini 81 ile yaymay\u0131 hedefliyor. Bu a\u015fevleri, sadece ekonomik destek sa\u011flamakla kalmay\u0131p, evlerinde yemek pi\u015firemeyen ya\u015fl\u0131 ve engelli bireylere s\u0131cak yemek hizmeti sunuyor, ayn\u0131 zamanda sosyal dayan\u0131\u015fmay\u0131 g\u00fc\u00e7lendiriyor. A\u015fevleri ayr\u0131ca, T\u00fcrkiye Afet M\u00fcdahale Plan\u0131 (TAMP) kapsam\u0131nda afet ve acil durumlarda beslenme hizmetlerinin kar\u015f\u0131lanmas\u0131nda da kritik bir rol \u00fcstlenecek. K\u0131z\u0131lay&#8217;\u0131n bir di\u011fer \u00f6ncelikli projesi olan K\u0131z\u0131lay Butik ma\u011fazalar\u0131 da \u00fclke genelinde yayg\u0131nla\u015ft\u0131r\u0131larak daha \u00e7ok ihtiya\u00e7 sahibine ula\u015fmay\u0131 hedefliyor. Bu ma\u011fazalarda &hellip;","og_url":"https:\/\/denizcankizil.tr\/de\/haberler\/gundem\/turk-kizilay-157-yilini-kutluyor\/","og_site_name":"Av. Deniz Can K\u0131z\u0131l","article_published_time":"2025-06-11T05:42:09+00:00","author":"admin","twitter_card":"summary_large_image","twitter_misc":{"Verfasst von":"admin","Gesch\u00e4tzte Lesezeit":"3\u00a0Minuten"},"schema":{"@context":"https:\/\/schema.org","@graph":[{"@type":"Article","@id":"https:\/\/denizcankizil.tr\/de\/haberler\/gundem\/turk-kizilay-157-yilini-kutluyor\/#article","isPartOf":{"@id":"https:\/\/denizcankizil.tr\/de\/haberler\/gundem\/turk-kizilay-157-yilini-kutluyor\/"},"author":{"name":"admin","@id":"https:\/\/denizcankizil.tr\/#\/schema\/person\/be3c05fe6a12686905512445d8185489"},"headline":"T\u00fcrk K\u0131z\u0131lay 157. Y\u0131l\u0131n\u0131 Kutluyor\u2026","datePublished":"2025-06-11T05:42:09+00:00","mainEntityOfPage":{"@id":"https:\/\/denizcankizil.tr\/de\/haberler\/gundem\/turk-kizilay-157-yilini-kutluyor\/"},"wordCount":609,"publisher":{"@id":"https:\/\/denizcankizil.tr\/#organization"},"articleSection":["G\u00fcndem"],"inLanguage":"de"},{"@type":"WebPage","@id":"https:\/\/denizcankizil.tr\/de\/haberler\/gundem\/turk-kizilay-157-yilini-kutluyor\/","url":"https:\/\/denizcankizil.tr\/de\/haberler\/gundem\/turk-kizilay-157-yilini-kutluyor\/","name":"T\u00fcrk K\u0131z\u0131lay 157. Y\u0131l\u0131n\u0131 Kutluyor\u2026 - Av. Deniz Can K\u0131z\u0131l","isPartOf":{"@id":"https:\/\/denizcankizil.tr\/#website"},"datePublished":"2025-06-11T05:42:09+00:00","breadcrumb":{"@id":"https:\/\/denizcankizil.tr\/de\/haberler\/gundem\/turk-kizilay-157-yilini-kutluyor\/#breadcrumb"},"inLanguage":"de","potentialAction":[{"@type":"ReadAction","target":["https:\/\/denizcankizil.tr\/de\/haberler\/gundem\/turk-kizilay-157-yilini-kutluyor\/"]}]},{"@type":"BreadcrumbList","@id":"https:\/\/denizcankizil.tr\/de\/haberler\/gundem\/turk-kizilay-157-yilini-kutluyor\/#breadcrumb","itemListElement":[{"@type":"ListItem","position":1,"name":"Home","item":"https:\/\/denizcankizil.tr\/de\/"},{"@type":"ListItem","position":2,"name":"T\u00fcrk K\u0131z\u0131lay 157. Y\u0131l\u0131n\u0131 Kutluyor\u2026"}]},{"@type":"WebSite","@id":"https:\/\/denizcankizil.tr\/#website","url":"https:\/\/denizcankizil.tr\/","name":"Av. Deniz Can K\u0131z\u0131l","description":"Avukat Deniz Can K\u0131z\u0131l Antalya Barosu","publisher":{"@id":"https:\/\/denizcankizil.tr\/#organization"},"potentialAction":[{"@type":"SearchAction","target":{"@type":"EntryPoint","urlTemplate":"https:\/\/denizcankizil.tr\/?s={search_term_string}"},"query-input":{"@type":"PropertyValueSpecification","valueRequired":true,"valueName":"search_term_string"}}],"inLanguage":"de"},{"@type":"Organization","@id":"https:\/\/denizcankizil.tr\/#organization","name":"Av. Deniz Can K\u0131z\u0131l","url":"https:\/\/denizcankizil.tr\/","logo":{"@type":"ImageObject","inLanguage":"de","@id":"https:\/\/denizcankizil.tr\/#\/schema\/logo\/image\/","url":"https:\/\/denizcankizil.tr\/wp-content\/uploads\/2024\/10\/siyah-logo-svg.svg","contentUrl":"https:\/\/denizcankizil.tr\/wp-content\/uploads\/2024\/10\/siyah-logo-svg.svg","width":1080,"height":1080,"caption":"Av. Deniz Can K\u0131z\u0131l"},"image":{"@id":"https:\/\/denizcankizil.tr\/#\/schema\/logo\/image\/"}},{"@type":"Person","@id":"https:\/\/denizcankizil.tr\/#\/schema\/person\/be3c05fe6a12686905512445d8185489","name":"Administrator","image":{"@type":"ImageObject","inLanguage":"de","@id":"https:\/\/denizcankizil.tr\/#\/schema\/person\/image\/","url":"https:\/\/secure.gravatar.com\/avatar\/c1fce94c830dc79107e174f890d7210541c4a63e8e5d816341794a2151c9d58c?s=96&d=mm&r=g","contentUrl":"https:\/\/secure.gravatar.com\/avatar\/c1fce94c830dc79107e174f890d7210541c4a63e8e5d816341794a2151c9d58c?s=96&d=mm&r=g","caption":"admin"},"sameAs":["http:\/\/denizcankizil.tr"],"url":"https:\/\/www.iskenderun.org\/turk-kizilay-157-yilini-kutluyor"}]}},"_links":{"self":[{"href":"https:\/\/denizcankizil.tr\/de\/wp-json\/wp\/v2\/posts\/113273","targetHints":{"allow":["GET"]}}],"collection":[{"href":"https:\/\/denizcankizil.tr\/de\/wp-json\/wp\/v2\/posts"}],"about":[{"href":"https:\/\/denizcankizil.tr\/de\/wp-json\/wp\/v2\/types\/post"}],"author":[{"embeddable":true,"href":"https:\/\/denizcankizil.tr\/de\/wp-json\/wp\/v2\/users\/1"}],"replies":[{"embeddable":true,"href":"https:\/\/denizcankizil.tr\/de\/wp-json\/wp\/v2\/comments?post=113273"}],"version-history":[{"count":0,"href":"https:\/\/denizcankizil.tr\/de\/wp-json\/wp\/v2\/posts\/113273\/revisions"}],"wp:attachment":[{"href":"https:\/\/denizcankizil.tr\/de\/wp-json\/wp\/v2\/media?parent=113273"}],"wp:term":[{"taxonomy":"category","embeddable":true,"href":"https:\/\/denizcankizil.tr\/de\/wp-json\/wp\/v2\/categories?post=113273"},{"taxonomy":"post_tag","embeddable":true,"href":"https:\/\/denizcankizil.tr\/de\/wp-json\/wp\/v2\/tags?post=113273"}],"curies":[{"name":"wp","href":"https:\/\/api.w.org\/{rel}","templated":true}]}}