{"id":112751,"date":"2025-06-10T19:42:00","date_gmt":"2025-06-10T16:42:00","guid":{"rendered":"https:\/\/denizcankizil.tr\/uncategorized-tr\/balikesirde-bayram-boyunca-kesintisiz-hizmet\/"},"modified":"2025-06-10T19:42:00","modified_gmt":"2025-06-10T16:42:00","slug":"balikesirde-bayram-boyunca-kesintisiz-hizmet","status":"publish","type":"post","link":"https:\/\/denizcankizil.tr\/de\/haberler\/gundem\/balikesirde-bayram-boyunca-kesintisiz-hizmet\/","title":{"rendered":"Bal\u0131kesir\u2019de bayram boyunca kesintisiz hizmet!"},"content":{"rendered":"<p>Bal\u0131kesir Su ve Kanalizasyon \u0130daresi (BASK\u0130) Genel M\u00fcd\u00fcrl\u00fc\u011f\u00fc, Kurban Bayram\u0131 boyunca 20 il\u00e7ede toplam 2 bin 510 ar\u0131zaya an\u0131nda m\u00fcdahale etti.BALIKES\u0130R (\u0130GFA) &#8211; T\u00fcm ekipleriyle 7\/24 sahada olan BASK\u0130, \u00f6zellikle tatilcilerin yo\u011funlukla tercih etti\u011fi b\u00f6lgelerde anl\u0131k olu\u015fan ar\u0131zalara an\u0131nda m\u00fcdahale ederek vatanda\u015flardan tam not ald\u0131.<br \/>\nHalka sa\u011fl\u0131kl\u0131 ve kesintisiz i\u00e7me suyu ula\u015ft\u0131rmak i\u00e7in Kurban Bayram\u0131 tatilinde de gece g\u00fcnd\u00fcz hizmet veren Bal\u0131kesir B\u00fcy\u00fck\u015fehir Belediyesi\u2019ne ba\u011fl\u0131 Bal\u0131kesir Su ve Kanalizasyon \u0130daresi (BASK\u0130) Genel M\u00fcd\u00fcrl\u00fc\u011f\u00fc, t\u00fcm il\u00e7elerde bayram boyunca meydana gelen 2 bin 510 ar\u0131zaya m\u00fcdahale ederek an\u0131nda \u00e7\u00f6z\u00fcme kavu\u015fturdu. Bayram tatilinde n\u00fcfus yo\u011funlu\u011funun ya\u015fand\u0131\u011f\u0131 K\u00f6rfez ve G\u00fcney Marmara ba\u015fta olmak \u00fczere t\u00fcm il\u00e7elerde tam zamanl\u0131 hizmet veren BASK\u0130, b\u00f6lge halk\u0131n\u0131n ve tatilcilerin sorunsuz bir tatil ge\u00e7irmeleri i\u00e7in aral\u0131ks\u0131z \u00e7al\u0131\u015fmalar\u0131n\u0131 s\u00fcrd\u00fcrd\u00fc.<br \/>\n2 B\u0130N 510 ARIZAYA ANINDA \u00c7\u00d6Z\u00dcM<br \/>\n\u015eehrin altyap\u0131s\u0131n\u0131 gelece\u011fe haz\u0131rlamak i\u00e7in kapsaml\u0131 bir d\u00f6n\u00fc\u015f\u00fcm ba\u015flatan Bal\u0131kesir B\u00fcy\u00fck\u015fehir Belediye Ba\u015fkan\u0131 Ahmet Ak\u0131n\u2019\u0131n halk\u00e7\u0131 belediyecilik vizyonuyla \u00e7al\u0131\u015fmalar\u0131n\u0131 s\u00fcrd\u00fcren BASK\u0130, vatanda\u015flar\u0131n rahat bir tatil ge\u00e7irebilmesi i\u00e7in Kurban Bayram\u0131\u2019nda da sahadayd\u0131. Bayram s\u00fcresince gerekli makine ve ekipmanlar\u0131 ambarlar ile stok sahalar\u0131nda haz\u0131r bulunduran ekipler, tam donan\u0131ml\u0131 acil m\u00fcdahale ara\u00e7lar\u0131yla meydana gelen i\u00e7me suyu ve kanalizasyon \u015febeke hatt\u0131 ar\u0131zalar\u0131na an\u0131nda m\u00fcdahale etti. \u015eebeke hatt\u0131 ar\u0131zalar\u0131n\u0131n yan\u0131 s\u0131ra i\u00e7me suyu ar\u0131tma tesisleri, i\u00e7me suyu depolar\u0131 ve terfi istasyonlar\u0131ndaki mekanik ar\u0131zalar\u0131 da kontrol alt\u0131nda tutarak k\u0131sa s\u00fcrede \u00e7\u00f6z\u00fcme kavu\u015fturan BASK\u0130, 2 bin 510 ar\u0131zay\u0131 k\u0131sa s\u00fcrede gidererek, \u00e7al\u0131\u015fmalar\u0131yla vatanda\u015flar\u0131n takdirini toplad\u0131.<br \/>\nN\u00d6BET\u00c7\u0130 VEZNELER BAYRAMDA DA H\u0130ZMET VERD\u0130<br \/>\nKurban Bayram\u0131 s\u00fcresince vatanda\u015flar\u0131n abone ve \u00f6deme i\u015flemlerini sorunsuz yapabilmesi i\u00e7in BASK\u0130\u2019nin Alt\u0131eyl\u00fcl, Karesi, Ayval\u0131k, Burhaniye, G\u00f6nen, G\u00f6me\u00e7, Erdek ve Band\u0131rma il\u00e7elerindeki n\u00f6bet\u00e7i vezneler vatanda\u015flara Kurban Bayram\u0131 s\u00fcresince kesintisiz hizmet verdi.<\/p>\n<p>\u200bBal\u0131kesir Su ve Kanalizasyon \u0130daresi (BASK\u0130) Genel M\u00fcd\u00fcrl\u00fc\u011f\u00fc, Kurban Bayram\u0131 boyunca 20 il\u00e7ede toplam 2 bin 510 ar\u0131zaya an\u0131nda m\u00fcdahale etti.BALIKES\u0130R (\u0130GFA) &#8211; T\u00fcm ekipleriyle 7\/24 sahada olan BASK\u0130, \u00f6zellikle tatilcilerin yo\u011funlukla tercih etti\u011fi b\u00f6lgelerde anl\u0131k olu\u015fan ar\u0131zalara an\u0131nda m\u00fcdahale ederek vatanda\u015flardan tam not ald\u0131.<br \/>\nHalka sa\u011fl\u0131kl\u0131 ve kesintisiz i\u00e7me suyu ula\u015ft\u0131rmak i\u00e7in Kurban Bayram\u0131 tatilinde de gece g\u00fcnd\u00fcz hizmet veren Bal\u0131kesir B\u00fcy\u00fck\u015fehir Belediyesi\u2019ne ba\u011fl\u0131 Bal\u0131kesir Su ve Kanalizasyon \u0130daresi (BASK\u0130) Genel M\u00fcd\u00fcrl\u00fc\u011f\u00fc, t\u00fcm il\u00e7elerde bayram boyunca meydana gelen 2 bin 510 ar\u0131zaya m\u00fcdahale ederek an\u0131nda \u00e7\u00f6z\u00fcme kavu\u015fturdu. Bayram tatilinde n\u00fcfus yo\u011funlu\u011funun ya\u015fand\u0131\u011f\u0131 K\u00f6rfez ve G\u00fcney Marmara ba\u015fta olmak \u00fczere t\u00fcm il\u00e7elerde tam zamanl\u0131 hizmet veren BASK\u0130, b\u00f6lge halk\u0131n\u0131n ve tatilcilerin sorunsuz bir tatil ge\u00e7irmeleri i\u00e7in aral\u0131ks\u0131z \u00e7al\u0131\u015fmalar\u0131n\u0131 s\u00fcrd\u00fcrd\u00fc.<br \/>\n2 B\u0130N 510 ARIZAYA ANINDA \u00c7\u00d6Z\u00dcM<br \/>\n\u015eehrin altyap\u0131s\u0131n\u0131 gelece\u011fe haz\u0131rlamak i\u00e7in kapsaml\u0131 bir d\u00f6n\u00fc\u015f\u00fcm ba\u015flatan Bal\u0131kesir B\u00fcy\u00fck\u015fehir Belediye Ba\u015fkan\u0131 Ahmet Ak\u0131n\u2019\u0131n halk\u00e7\u0131 belediyecilik vizyonuyla \u00e7al\u0131\u015fmalar\u0131n\u0131 s\u00fcrd\u00fcren BASK\u0130, vatanda\u015flar\u0131n rahat bir tatil ge\u00e7irebilmesi i\u00e7in Kurban Bayram\u0131\u2019nda da sahadayd\u0131. Bayram s\u00fcresince gerekli makine ve ekipmanlar\u0131 ambarlar ile stok sahalar\u0131nda haz\u0131r bulunduran ekipler, tam donan\u0131ml\u0131 acil m\u00fcdahale ara\u00e7lar\u0131yla meydana gelen i\u00e7me suyu ve kanalizasyon \u015febeke hatt\u0131 ar\u0131zalar\u0131na an\u0131nda m\u00fcdahale etti. \u015eebeke hatt\u0131 ar\u0131zalar\u0131n\u0131n yan\u0131 s\u0131ra i\u00e7me suyu ar\u0131tma tesisleri, i\u00e7me suyu depolar\u0131 ve terfi istasyonlar\u0131ndaki mekanik ar\u0131zalar\u0131 da kontrol alt\u0131nda tutarak k\u0131sa s\u00fcrede \u00e7\u00f6z\u00fcme kavu\u015fturan BASK\u0130, 2 bin 510 ar\u0131zay\u0131 k\u0131sa s\u00fcrede gidererek, \u00e7al\u0131\u015fmalar\u0131yla vatanda\u015flar\u0131n takdirini toplad\u0131.<br \/>\nN\u00d6BET\u00c7\u0130 VEZNELER BAYRAMDA DA H\u0130ZMET VERD\u0130<br \/>\nKurban Bayram\u0131 s\u00fcresince vatanda\u015flar\u0131n abone ve \u00f6deme i\u015flemlerini sorunsuz yapabilmesi i\u00e7in BASK\u0130\u2019nin Alt\u0131eyl\u00fcl, Karesi, Ayval\u0131k, Burhaniye, G\u00f6nen, G\u00f6me\u00e7, Erdek ve Band\u0131rma il\u00e7elerindeki n\u00f6bet\u00e7i vezneler vatanda\u015flara Kurban Bayram\u0131 s\u00fcresince kesintisiz hizmet verdi.\u00a0<\/p>\n<p>\u200bHaberin Al\u0131nt\u0131land\u0131\u011f\u0131 Kaynak: www.iskenderun.org<\/p>","protected":false},"excerpt":{"rendered":"<p>Bal\u0131kesir Su ve Kanalizasyon \u0130daresi (BASK\u0130) Genel M\u00fcd\u00fcrl\u00fc\u011f\u00fc, Kurban Bayram\u0131 boyunca 20 il\u00e7ede toplam 2 bin 510 ar\u0131zaya an\u0131nda m\u00fcdahale etti.BALIKES\u0130R (\u0130GFA) &#8211; T\u00fcm ekipleriyle 7\/24 sahada olan BASK\u0130, \u00f6zellikle tatilcilerin yo\u011funlukla tercih etti\u011fi b\u00f6lgelerde anl\u0131k olu\u015fan ar\u0131zalara an\u0131nda m\u00fcdahale ederek vatanda\u015flardan tam not ald\u0131. Halka sa\u011fl\u0131kl\u0131 ve kesintisiz i\u00e7me suyu ula\u015ft\u0131rmak i\u00e7in Kurban Bayram\u0131 tatilinde de gece g\u00fcnd\u00fcz hizmet veren Bal\u0131kesir B\u00fcy\u00fck\u015fehir Belediyesi\u2019ne ba\u011fl\u0131 Bal\u0131kesir Su ve Kanalizasyon \u0130daresi (BASK\u0130) Genel M\u00fcd\u00fcrl\u00fc\u011f\u00fc, t\u00fcm il\u00e7elerde bayram boyunca meydana gelen 2 bin 510 ar\u0131zaya m\u00fcdahale ederek an\u0131nda \u00e7\u00f6z\u00fcme kavu\u015fturdu. Bayram tatilinde n\u00fcfus yo\u011funlu\u011funun ya\u015fand\u0131\u011f\u0131 K\u00f6rfez ve G\u00fcney Marmara ba\u015fta olmak \u00fczere t\u00fcm il\u00e7elerde tam zamanl\u0131 hizmet veren BASK\u0130, b\u00f6lge halk\u0131n\u0131n ve tatilcilerin sorunsuz bir tatil ge\u00e7irmeleri i\u00e7in aral\u0131ks\u0131z \u00e7al\u0131\u015fmalar\u0131n\u0131 s\u00fcrd\u00fcrd\u00fc. 2 B\u0130N 510 ARIZAYA ANINDA \u00c7\u00d6Z\u00dcM \u015eehrin altyap\u0131s\u0131n\u0131 gelece\u011fe haz\u0131rlamak i\u00e7in kapsaml\u0131 bir d\u00f6n\u00fc\u015f\u00fcm ba\u015flatan Bal\u0131kesir B\u00fcy\u00fck\u015fehir Belediye Ba\u015fkan\u0131 Ahmet Ak\u0131n\u2019\u0131n halk\u00e7\u0131 belediyecilik vizyonuyla \u00e7al\u0131\u015fmalar\u0131n\u0131 s\u00fcrd\u00fcren BASK\u0130, vatanda\u015flar\u0131n rahat bir tatil ge\u00e7irebilmesi i\u00e7in Kurban Bayram\u0131\u2019nda da sahadayd\u0131. Bayram s\u00fcresince gerekli makine ve ekipmanlar\u0131 ambarlar ile stok sahalar\u0131nda haz\u0131r bulunduran ekipler, tam donan\u0131ml\u0131 acil m\u00fcdahale ara\u00e7lar\u0131yla meydana gelen i\u00e7me suyu ve kanalizasyon \u015febeke hatt\u0131 ar\u0131zalar\u0131na an\u0131nda m\u00fcdahale etti. \u015eebeke hatt\u0131 ar\u0131zalar\u0131n\u0131n yan\u0131 s\u0131ra i\u00e7me suyu ar\u0131tma tesisleri, i\u00e7me suyu depolar\u0131 ve terfi &hellip;<\/p>","protected":false},"author":1,"featured_media":0,"comment_status":"","ping_status":"open","sticky":false,"template":"","format":"standard","meta":{"_acf_changed":false,"footnotes":""},"categories":[24],"tags":[],"class_list":["post-112751","post","type-post","status-publish","format-standard","has-post-thumbnail","hentry","category-gundem"],"acf":[],"yoast_head":"<!-- This site is optimized with the Yoast SEO Premium plugin v26.6 (Yoast SEO v27.1.1) - https:\/\/yoast.com\/product\/yoast-seo-premium-wordpress\/ -->\n<title>Bal\u0131kesir\u2019de bayram boyunca kesintisiz hizmet! - Av. Deniz Can K\u0131z\u0131l<\/title>\n<meta name=\"robots\" content=\"index, follow, max-snippet:-1, max-image-preview:large, max-video-preview:-1\" \/>\n<link rel=\"canonical\" href=\"https:\/\/denizcankizil.tr\/de\/haberler\/gundem\/balikesirde-bayram-boyunca-kesintisiz-hizmet\/\" \/>\n<meta property=\"og:locale\" content=\"de_DE\" \/>\n<meta property=\"og:type\" content=\"article\" \/>\n<meta property=\"og:title\" content=\"Bal\u0131kesir\u2019de bayram boyunca kesintisiz hizmet!\" \/>\n<meta property=\"og:description\" content=\"Bal\u0131kesir Su ve Kanalizasyon \u0130daresi (BASK\u0130) Genel M\u00fcd\u00fcrl\u00fc\u011f\u00fc, Kurban Bayram\u0131 boyunca 20 il\u00e7ede toplam 2 bin 510 ar\u0131zaya an\u0131nda m\u00fcdahale etti.BALIKES\u0130R (\u0130GFA) &#8211; T\u00fcm ekipleriyle 7\/24 sahada olan BASK\u0130, \u00f6zellikle tatilcilerin yo\u011funlukla tercih etti\u011fi b\u00f6lgelerde anl\u0131k olu\u015fan ar\u0131zalara an\u0131nda m\u00fcdahale ederek vatanda\u015flardan tam not ald\u0131. Halka sa\u011fl\u0131kl\u0131 ve kesintisiz i\u00e7me suyu ula\u015ft\u0131rmak i\u00e7in Kurban Bayram\u0131 tatilinde de gece g\u00fcnd\u00fcz hizmet veren Bal\u0131kesir B\u00fcy\u00fck\u015fehir Belediyesi\u2019ne ba\u011fl\u0131 Bal\u0131kesir Su ve Kanalizasyon \u0130daresi (BASK\u0130) Genel M\u00fcd\u00fcrl\u00fc\u011f\u00fc, t\u00fcm il\u00e7elerde bayram boyunca meydana gelen 2 bin 510 ar\u0131zaya m\u00fcdahale ederek an\u0131nda \u00e7\u00f6z\u00fcme kavu\u015fturdu. Bayram tatilinde n\u00fcfus yo\u011funlu\u011funun ya\u015fand\u0131\u011f\u0131 K\u00f6rfez ve G\u00fcney Marmara ba\u015fta olmak \u00fczere t\u00fcm il\u00e7elerde tam zamanl\u0131 hizmet veren BASK\u0130, b\u00f6lge halk\u0131n\u0131n ve tatilcilerin sorunsuz bir tatil ge\u00e7irmeleri i\u00e7in aral\u0131ks\u0131z \u00e7al\u0131\u015fmalar\u0131n\u0131 s\u00fcrd\u00fcrd\u00fc. 2 B\u0130N 510 ARIZAYA ANINDA \u00c7\u00d6Z\u00dcM \u015eehrin altyap\u0131s\u0131n\u0131 gelece\u011fe haz\u0131rlamak i\u00e7in kapsaml\u0131 bir d\u00f6n\u00fc\u015f\u00fcm ba\u015flatan Bal\u0131kesir B\u00fcy\u00fck\u015fehir Belediye Ba\u015fkan\u0131 Ahmet Ak\u0131n\u2019\u0131n halk\u00e7\u0131 belediyecilik vizyonuyla \u00e7al\u0131\u015fmalar\u0131n\u0131 s\u00fcrd\u00fcren BASK\u0130, vatanda\u015flar\u0131n rahat bir tatil ge\u00e7irebilmesi i\u00e7in Kurban Bayram\u0131\u2019nda da sahadayd\u0131. Bayram s\u00fcresince gerekli makine ve ekipmanlar\u0131 ambarlar ile stok sahalar\u0131nda haz\u0131r bulunduran ekipler, tam donan\u0131ml\u0131 acil m\u00fcdahale ara\u00e7lar\u0131yla meydana gelen i\u00e7me suyu ve kanalizasyon \u015febeke hatt\u0131 ar\u0131zalar\u0131na an\u0131nda m\u00fcdahale etti. \u015eebeke hatt\u0131 ar\u0131zalar\u0131n\u0131n yan\u0131 s\u0131ra i\u00e7me suyu ar\u0131tma tesisleri, i\u00e7me suyu depolar\u0131 ve terfi &hellip;\" \/>\n<meta property=\"og:url\" content=\"https:\/\/denizcankizil.tr\/de\/haberler\/gundem\/balikesirde-bayram-boyunca-kesintisiz-hizmet\/\" \/>\n<meta property=\"og:site_name\" content=\"Av. Deniz Can K\u0131z\u0131l\" \/>\n<meta property=\"article:published_time\" content=\"2025-06-10T16:42:00+00:00\" \/>\n<meta name=\"author\" content=\"admin\" \/>\n<meta name=\"twitter:card\" content=\"summary_large_image\" \/>\n<meta name=\"twitter:label1\" content=\"Verfasst von\" \/>\n\t<meta name=\"twitter:data1\" content=\"admin\" \/>\n\t<meta name=\"twitter:label2\" content=\"Gesch\u00e4tzte Lesezeit\" \/>\n\t<meta name=\"twitter:data2\" content=\"4\u00a0Minuten\" \/>\n<script type=\"application\/ld+json\" class=\"yoast-schema-graph\">{\"@context\":\"https:\/\/schema.org\",\"@graph\":[{\"@type\":\"Article\",\"@id\":\"https:\/\/denizcankizil.tr\/ru\/haberler\/gundem\/balikesirde-bayram-boyunca-kesintisiz-hizmet\/#article\",\"isPartOf\":{\"@id\":\"https:\/\/denizcankizil.tr\/ru\/haberler\/gundem\/balikesirde-bayram-boyunca-kesintisiz-hizmet\/\"},\"author\":{\"name\":\"admin\",\"@id\":\"https:\/\/denizcankizil.tr\/de\/#\/schema\/person\/be3c05fe6a12686905512445d8185489\"},\"headline\":\"Bal\u0131kesir\u2019de bayram boyunca kesintisiz hizmet!\",\"datePublished\":\"2025-06-10T16:42:00+00:00\",\"mainEntityOfPage\":{\"@id\":\"https:\/\/denizcankizil.tr\/ru\/haberler\/gundem\/balikesirde-bayram-boyunca-kesintisiz-hizmet\/\"},\"wordCount\":797,\"publisher\":{\"@id\":\"https:\/\/denizcankizil.tr\/de\/#organization\"},\"articleSection\":[\"G\u00fcndem\"],\"inLanguage\":\"de\"},{\"@type\":\"WebPage\",\"@id\":\"https:\/\/denizcankizil.tr\/ru\/haberler\/gundem\/balikesirde-bayram-boyunca-kesintisiz-hizmet\/\",\"url\":\"https:\/\/denizcankizil.tr\/ru\/haberler\/gundem\/balikesirde-bayram-boyunca-kesintisiz-hizmet\/\",\"name\":\"Bal\u0131kesir\u2019de bayram boyunca kesintisiz hizmet! - Av. Deniz Can K\u0131z\u0131l\",\"isPartOf\":{\"@id\":\"https:\/\/denizcankizil.tr\/de\/#website\"},\"datePublished\":\"2025-06-10T16:42:00+00:00\",\"breadcrumb\":{\"@id\":\"https:\/\/denizcankizil.tr\/ru\/haberler\/gundem\/balikesirde-bayram-boyunca-kesintisiz-hizmet\/#breadcrumb\"},\"inLanguage\":\"de\",\"potentialAction\":[{\"@type\":\"ReadAction\",\"target\":[\"https:\/\/denizcankizil.tr\/ru\/haberler\/gundem\/balikesirde-bayram-boyunca-kesintisiz-hizmet\/\"]}]},{\"@type\":\"BreadcrumbList\",\"@id\":\"https:\/\/denizcankizil.tr\/ru\/haberler\/gundem\/balikesirde-bayram-boyunca-kesintisiz-hizmet\/#breadcrumb\",\"itemListElement\":[{\"@type\":\"ListItem\",\"position\":1,\"name\":\"Home\",\"item\":\"https:\/\/denizcankizil.tr\/de\/\"},{\"@type\":\"ListItem\",\"position\":2,\"name\":\"Bal\u0131kesir\u2019de bayram boyunca kesintisiz hizmet!\"}]},{\"@type\":\"WebSite\",\"@id\":\"https:\/\/denizcankizil.tr\/de\/#website\",\"url\":\"https:\/\/denizcankizil.tr\/de\/\",\"name\":\"Av. Deniz Can K\u0131z\u0131l\",\"description\":\"Avukat Deniz Can K\u0131z\u0131l Antalya Barosu\",\"publisher\":{\"@id\":\"https:\/\/denizcankizil.tr\/de\/#organization\"},\"potentialAction\":[{\"@type\":\"SearchAction\",\"target\":{\"@type\":\"EntryPoint\",\"urlTemplate\":\"https:\/\/denizcankizil.tr\/de\/?s={search_term_string}\"},\"query-input\":{\"@type\":\"PropertyValueSpecification\",\"valueRequired\":true,\"valueName\":\"search_term_string\"}}],\"inLanguage\":\"de\"},{\"@type\":\"Organization\",\"@id\":\"https:\/\/denizcankizil.tr\/de\/#organization\",\"name\":\"Av. Deniz Can K\u0131z\u0131l\",\"url\":\"https:\/\/denizcankizil.tr\/de\/\",\"logo\":{\"@type\":\"ImageObject\",\"inLanguage\":\"de\",\"@id\":\"https:\/\/denizcankizil.tr\/de\/#\/schema\/logo\/image\/\",\"url\":\"https:\/\/denizcankizil.tr\/wp-content\/uploads\/2024\/10\/siyah-logo-svg.svg\",\"contentUrl\":\"https:\/\/denizcankizil.tr\/wp-content\/uploads\/2024\/10\/siyah-logo-svg.svg\",\"width\":1080,\"height\":1080,\"caption\":\"Av. Deniz Can K\u0131z\u0131l\"},\"image\":{\"@id\":\"https:\/\/denizcankizil.tr\/de\/#\/schema\/logo\/image\/\"}},{\"@type\":\"Person\",\"@id\":\"https:\/\/denizcankizil.tr\/de\/#\/schema\/person\/be3c05fe6a12686905512445d8185489\",\"name\":\"admin\",\"image\":{\"@type\":\"ImageObject\",\"inLanguage\":\"de\",\"@id\":\"https:\/\/denizcankizil.tr\/de\/#\/schema\/person\/image\/\",\"url\":\"https:\/\/secure.gravatar.com\/avatar\/c1fce94c830dc79107e174f890d7210541c4a63e8e5d816341794a2151c9d58c?s=96&d=mm&r=g\",\"contentUrl\":\"https:\/\/secure.gravatar.com\/avatar\/c1fce94c830dc79107e174f890d7210541c4a63e8e5d816341794a2151c9d58c?s=96&d=mm&r=g\",\"caption\":\"admin\"},\"sameAs\":[\"http:\/\/denizcankizil.tr\"],\"url\":\"https:\/\/www.iskenderun.org\/balikesirde-bayram-boyunca-kesintisiz-hizmet\"}]}<\/script>\n<!-- \/ Yoast SEO Premium plugin. -->","yoast_head_json":{"title":"Bal\u0131kesir\u2019de bayram boyunca kesintisiz hizmet! - Av. Deniz Can K\u0131z\u0131l","robots":{"index":"index","follow":"follow","max-snippet":"max-snippet:-1","max-image-preview":"max-image-preview:large","max-video-preview":"max-video-preview:-1"},"canonical":"https:\/\/denizcankizil.tr\/de\/haberler\/gundem\/balikesirde-bayram-boyunca-kesintisiz-hizmet\/","og_locale":"de_DE","og_type":"article","og_title":"Bal\u0131kesir\u2019de bayram boyunca kesintisiz hizmet!","og_description":"Bal\u0131kesir Su ve Kanalizasyon \u0130daresi (BASK\u0130) Genel M\u00fcd\u00fcrl\u00fc\u011f\u00fc, Kurban Bayram\u0131 boyunca 20 il\u00e7ede toplam 2 bin 510 ar\u0131zaya an\u0131nda m\u00fcdahale etti.BALIKES\u0130R (\u0130GFA) &#8211; T\u00fcm ekipleriyle 7\/24 sahada olan BASK\u0130, \u00f6zellikle tatilcilerin yo\u011funlukla tercih etti\u011fi b\u00f6lgelerde anl\u0131k olu\u015fan ar\u0131zalara an\u0131nda m\u00fcdahale ederek vatanda\u015flardan tam not ald\u0131. Halka sa\u011fl\u0131kl\u0131 ve kesintisiz i\u00e7me suyu ula\u015ft\u0131rmak i\u00e7in Kurban Bayram\u0131 tatilinde de gece g\u00fcnd\u00fcz hizmet veren Bal\u0131kesir B\u00fcy\u00fck\u015fehir Belediyesi\u2019ne ba\u011fl\u0131 Bal\u0131kesir Su ve Kanalizasyon \u0130daresi (BASK\u0130) Genel M\u00fcd\u00fcrl\u00fc\u011f\u00fc, t\u00fcm il\u00e7elerde bayram boyunca meydana gelen 2 bin 510 ar\u0131zaya m\u00fcdahale ederek an\u0131nda \u00e7\u00f6z\u00fcme kavu\u015fturdu. Bayram tatilinde n\u00fcfus yo\u011funlu\u011funun ya\u015fand\u0131\u011f\u0131 K\u00f6rfez ve G\u00fcney Marmara ba\u015fta olmak \u00fczere t\u00fcm il\u00e7elerde tam zamanl\u0131 hizmet veren BASK\u0130, b\u00f6lge halk\u0131n\u0131n ve tatilcilerin sorunsuz bir tatil ge\u00e7irmeleri i\u00e7in aral\u0131ks\u0131z \u00e7al\u0131\u015fmalar\u0131n\u0131 s\u00fcrd\u00fcrd\u00fc. 2 B\u0130N 510 ARIZAYA ANINDA \u00c7\u00d6Z\u00dcM \u015eehrin altyap\u0131s\u0131n\u0131 gelece\u011fe haz\u0131rlamak i\u00e7in kapsaml\u0131 bir d\u00f6n\u00fc\u015f\u00fcm ba\u015flatan Bal\u0131kesir B\u00fcy\u00fck\u015fehir Belediye Ba\u015fkan\u0131 Ahmet Ak\u0131n\u2019\u0131n halk\u00e7\u0131 belediyecilik vizyonuyla \u00e7al\u0131\u015fmalar\u0131n\u0131 s\u00fcrd\u00fcren BASK\u0130, vatanda\u015flar\u0131n rahat bir tatil ge\u00e7irebilmesi i\u00e7in Kurban Bayram\u0131\u2019nda da sahadayd\u0131. Bayram s\u00fcresince gerekli makine ve ekipmanlar\u0131 ambarlar ile stok sahalar\u0131nda haz\u0131r bulunduran ekipler, tam donan\u0131ml\u0131 acil m\u00fcdahale ara\u00e7lar\u0131yla meydana gelen i\u00e7me suyu ve kanalizasyon \u015febeke hatt\u0131 ar\u0131zalar\u0131na an\u0131nda m\u00fcdahale etti. \u015eebeke hatt\u0131 ar\u0131zalar\u0131n\u0131n yan\u0131 s\u0131ra i\u00e7me suyu ar\u0131tma tesisleri, i\u00e7me suyu depolar\u0131 ve terfi &hellip;","og_url":"https:\/\/denizcankizil.tr\/de\/haberler\/gundem\/balikesirde-bayram-boyunca-kesintisiz-hizmet\/","og_site_name":"Av. Deniz Can K\u0131z\u0131l","article_published_time":"2025-06-10T16:42:00+00:00","author":"admin","twitter_card":"summary_large_image","twitter_misc":{"Verfasst von":"admin","Gesch\u00e4tzte Lesezeit":"4\u00a0Minuten"},"schema":{"@context":"https:\/\/schema.org","@graph":[{"@type":"Article","@id":"https:\/\/denizcankizil.tr\/ru\/haberler\/gundem\/balikesirde-bayram-boyunca-kesintisiz-hizmet\/#article","isPartOf":{"@id":"https:\/\/denizcankizil.tr\/ru\/haberler\/gundem\/balikesirde-bayram-boyunca-kesintisiz-hizmet\/"},"author":{"name":"admin","@id":"https:\/\/denizcankizil.tr\/de\/#\/schema\/person\/be3c05fe6a12686905512445d8185489"},"headline":"Bal\u0131kesir\u2019de bayram boyunca kesintisiz hizmet!","datePublished":"2025-06-10T16:42:00+00:00","mainEntityOfPage":{"@id":"https:\/\/denizcankizil.tr\/ru\/haberler\/gundem\/balikesirde-bayram-boyunca-kesintisiz-hizmet\/"},"wordCount":797,"publisher":{"@id":"https:\/\/denizcankizil.tr\/de\/#organization"},"articleSection":["G\u00fcndem"],"inLanguage":"de"},{"@type":"WebPage","@id":"https:\/\/denizcankizil.tr\/ru\/haberler\/gundem\/balikesirde-bayram-boyunca-kesintisiz-hizmet\/","url":"https:\/\/denizcankizil.tr\/ru\/haberler\/gundem\/balikesirde-bayram-boyunca-kesintisiz-hizmet\/","name":"Bal\u0131kesir\u2019de bayram boyunca kesintisiz hizmet! - Av. Deniz Can K\u0131z\u0131l","isPartOf":{"@id":"https:\/\/denizcankizil.tr\/de\/#website"},"datePublished":"2025-06-10T16:42:00+00:00","breadcrumb":{"@id":"https:\/\/denizcankizil.tr\/ru\/haberler\/gundem\/balikesirde-bayram-boyunca-kesintisiz-hizmet\/#breadcrumb"},"inLanguage":"de","potentialAction":[{"@type":"ReadAction","target":["https:\/\/denizcankizil.tr\/ru\/haberler\/gundem\/balikesirde-bayram-boyunca-kesintisiz-hizmet\/"]}]},{"@type":"BreadcrumbList","@id":"https:\/\/denizcankizil.tr\/ru\/haberler\/gundem\/balikesirde-bayram-boyunca-kesintisiz-hizmet\/#breadcrumb","itemListElement":[{"@type":"ListItem","position":1,"name":"Home","item":"https:\/\/denizcankizil.tr\/de\/"},{"@type":"ListItem","position":2,"name":"Bal\u0131kesir\u2019de bayram boyunca kesintisiz hizmet!"}]},{"@type":"WebSite","@id":"https:\/\/denizcankizil.tr\/de\/#website","url":"https:\/\/denizcankizil.tr\/de\/","name":"Av. Deniz Can K\u0131z\u0131l","description":"Avukat Deniz Can K\u0131z\u0131l Antalya Barosu","publisher":{"@id":"https:\/\/denizcankizil.tr\/de\/#organization"},"potentialAction":[{"@type":"SearchAction","target":{"@type":"EntryPoint","urlTemplate":"https:\/\/denizcankizil.tr\/de\/?s={search_term_string}"},"query-input":{"@type":"PropertyValueSpecification","valueRequired":true,"valueName":"search_term_string"}}],"inLanguage":"de"},{"@type":"Organization","@id":"https:\/\/denizcankizil.tr\/de\/#organization","name":"Av. Deniz Can K\u0131z\u0131l","url":"https:\/\/denizcankizil.tr\/de\/","logo":{"@type":"ImageObject","inLanguage":"de","@id":"https:\/\/denizcankizil.tr\/de\/#\/schema\/logo\/image\/","url":"https:\/\/denizcankizil.tr\/wp-content\/uploads\/2024\/10\/siyah-logo-svg.svg","contentUrl":"https:\/\/denizcankizil.tr\/wp-content\/uploads\/2024\/10\/siyah-logo-svg.svg","width":1080,"height":1080,"caption":"Av. Deniz Can K\u0131z\u0131l"},"image":{"@id":"https:\/\/denizcankizil.tr\/de\/#\/schema\/logo\/image\/"}},{"@type":"Person","@id":"https:\/\/denizcankizil.tr\/de\/#\/schema\/person\/be3c05fe6a12686905512445d8185489","name":"Administrator","image":{"@type":"ImageObject","inLanguage":"de","@id":"https:\/\/denizcankizil.tr\/de\/#\/schema\/person\/image\/","url":"https:\/\/secure.gravatar.com\/avatar\/c1fce94c830dc79107e174f890d7210541c4a63e8e5d816341794a2151c9d58c?s=96&d=mm&r=g","contentUrl":"https:\/\/secure.gravatar.com\/avatar\/c1fce94c830dc79107e174f890d7210541c4a63e8e5d816341794a2151c9d58c?s=96&d=mm&r=g","caption":"admin"},"sameAs":["http:\/\/denizcankizil.tr"],"url":"https:\/\/www.iskenderun.org\/balikesirde-bayram-boyunca-kesintisiz-hizmet"}]}},"_links":{"self":[{"href":"https:\/\/denizcankizil.tr\/de\/wp-json\/wp\/v2\/posts\/112751","targetHints":{"allow":["GET"]}}],"collection":[{"href":"https:\/\/denizcankizil.tr\/de\/wp-json\/wp\/v2\/posts"}],"about":[{"href":"https:\/\/denizcankizil.tr\/de\/wp-json\/wp\/v2\/types\/post"}],"author":[{"embeddable":true,"href":"https:\/\/denizcankizil.tr\/de\/wp-json\/wp\/v2\/users\/1"}],"replies":[{"embeddable":true,"href":"https:\/\/denizcankizil.tr\/de\/wp-json\/wp\/v2\/comments?post=112751"}],"version-history":[{"count":0,"href":"https:\/\/denizcankizil.tr\/de\/wp-json\/wp\/v2\/posts\/112751\/revisions"}],"wp:attachment":[{"href":"https:\/\/denizcankizil.tr\/de\/wp-json\/wp\/v2\/media?parent=112751"}],"wp:term":[{"taxonomy":"category","embeddable":true,"href":"https:\/\/denizcankizil.tr\/de\/wp-json\/wp\/v2\/categories?post=112751"},{"taxonomy":"post_tag","embeddable":true,"href":"https:\/\/denizcankizil.tr\/de\/wp-json\/wp\/v2\/tags?post=112751"}],"curies":[{"name":"wp","href":"https:\/\/api.w.org\/{rel}","templated":true}]}}