{"id":112629,"date":"2025-06-10T16:42:46","date_gmt":"2025-06-10T13:42:46","guid":{"rendered":"https:\/\/denizcankizil.tr\/uncategorized-tr\/mugla-itfaiyesi-bayram-tatilinde-121-olaya-mudahale-etti\/"},"modified":"2025-06-10T16:42:46","modified_gmt":"2025-06-10T13:42:46","slug":"mugla-itfaiyesi-bayram-tatilinde-121-olaya-mudahale-etti","status":"publish","type":"post","link":"https:\/\/denizcankizil.tr\/de\/haberler\/gundem\/mugla-itfaiyesi-bayram-tatilinde-121-olaya-mudahale-etti\/","title":{"rendered":"Mu\u011fla itfaiyesi bayram tatilinde 121\u00a0olaya m\u00fcdahale etti"},"content":{"rendered":"<p>Mu\u011fla B\u00fcy\u00fck\u015fehir Belediyesi \u0130tfaiyesi, Kurban Bayram\u0131 tatili boyunca 63 kurtarma ve 58 yang\u0131na m\u00fcdahale etti.\u00a0MU\u011eLA (\u0130GFA) &#8211; Mu\u011fla B\u00fcy\u00fck\u015fehir Belediyesi \u0130tfaiye ekipleri 4 g\u00fcnl\u00fck Kurban Bayram\u0131 tatili boyunca vatanda\u015flar\u0131n huzuru ve g\u00fcvenli\u011fi i\u00e7in 7\/24 g\u00f6revinin ba\u015f\u0131ndayd\u0131. Ekipler bayram tatilinde Mu\u011fla\u2019y\u0131 tercih eden yerli ve yabanc\u0131 misafirlerin g\u00fcvenli\u011finin yan\u0131 s\u0131ra yang\u0131nlar i\u00e7in de teyakkuz halindeydi. 4 g\u00fcnl\u00fck bayram tatilinde B\u00fcy\u00fck\u015fehir \u0130tfaiyesi il genelinde toplam 121 itfai olaya m\u00fcdahale etti.<br \/>\nEK\u0130PLER 63 KURTARMA OLAYINA M\u00dcDAHALE ETT\u0130<br \/>\nKurban Bayram\u0131 tatili s\u00fcresince, Mu\u011fla B\u00fcy\u00fck\u015fehir Belediyesi itfaiye ekipleri 63 kurtarma olay\u0131na m\u00fcdahale etti. Ekipler 38 hayvan kurtarma,10 trafik kazas\u0131, 15 di\u011fer olmak \u00fczere 63 kurtarma olay\u0131na m\u00fcdahale etti.<br \/>\n58 YANGINA M\u00dcDAHALE<br \/>\nMu\u011fla B\u00fcy\u00fck\u015fehir Belediyesi \u0130tfaiye ekipleri, bayram tatili boyunca il genelinde toplamda 58 yang\u0131na m\u00fcdahale etti. Ekipler 7 ev, 2 depo, 1 orman, 1 i\u015f yeri, 2 ara\u00e7, 15 a\u00e7\u0131k alan, 6 elektrik, 24 di\u011fer olmak \u00fczere 58 yang\u0131na m\u00fcdahale etti.<br \/>\nBA\u015eKAN ARAS; \u201cMU\u011eLA\u2019MIZI TERC\u0130H EDEN VATANDA\u015eLARIMIZA TE\u015eEKK\u00dcR ED\u0130YORUM\u201d<br \/>\nK\u0131y\u0131 Ege Belediyeler Birli\u011fi ve Mu\u011fla B\u00fcy\u00fck\u015fehir Belediye Ba\u015fkan\u0131 Ahmet Aras, bayram tatilinde Mu\u011fla\u2019y\u0131 tercih eden yerli ve yabanc\u0131 misafirleri a\u011f\u0131rlamaktan b\u00fcy\u00fck memnuniyet duyduklar\u0131n\u0131 s\u00f6yledi ve B\u00fcy\u00fck\u015fehir ekiplerinin t\u00fcm birimleri ile vatanda\u015flar\u0131n huzuru i\u00e7in \u00e7al\u0131\u015ft\u0131klar\u0131n\u0131 belirtti.<br \/>\nBa\u015fkan Aras; \u201cKurban Bayram\u0131\u2019nda Mu\u011fla\u2019m\u0131z yine en \u00e7ok tercih ve ziyaret edilen \u015fehirlerden biri oldu. Vatanda\u015flar\u0131m\u0131z\u0131n g\u00fcvenli\u011fi ve hassas noktam\u0131z ormanlar\u0131m\u0131z i\u00e7in itfaiye ekiplerimiz bayram s\u00fcresince g\u00f6revinin ba\u015f\u0131ndayd\u0131. Vatanda\u015flar\u0131m\u0131z\u0131n dikkati, yap\u0131lan uyar\u0131lar\u0131n da katk\u0131s\u0131 ile bu bayram\u0131 \u00e7ok b\u00fcy\u00fck bir yang\u0131n ya\u015famadan ge\u00e7irdik. T\u00fcm vatanda\u015flar\u0131m\u0131za g\u00f6stermi\u015f olduklar\u0131 hassasiyet ve Mu\u011fla\u2019m\u0131z\u0131 tercih ettikleri i\u00e7in te\u015fekk\u00fcr ediyorum.\u201d dedi.<\/p>\n<p>\u200bMu\u011fla B\u00fcy\u00fck\u015fehir Belediyesi \u0130tfaiyesi, Kurban Bayram\u0131 tatili boyunca 63 kurtarma ve 58 yang\u0131na m\u00fcdahale etti.\u00a0MU\u011eLA (\u0130GFA) &#8211; Mu\u011fla B\u00fcy\u00fck\u015fehir Belediyesi \u0130tfaiye ekipleri 4 g\u00fcnl\u00fck Kurban Bayram\u0131 tatili boyunca vatanda\u015flar\u0131n huzuru ve g\u00fcvenli\u011fi i\u00e7in 7\/24 g\u00f6revinin ba\u015f\u0131ndayd\u0131. Ekipler bayram tatilinde Mu\u011fla\u2019y\u0131 tercih eden yerli ve yabanc\u0131 misafirlerin g\u00fcvenli\u011finin yan\u0131 s\u0131ra yang\u0131nlar i\u00e7in de teyakkuz halindeydi. 4 g\u00fcnl\u00fck bayram tatilinde B\u00fcy\u00fck\u015fehir \u0130tfaiyesi il genelinde toplam 121 itfai olaya m\u00fcdahale etti.<br \/>\nEK\u0130PLER 63 KURTARMA OLAYINA M\u00dcDAHALE ETT\u0130<br \/>\nKurban Bayram\u0131 tatili s\u00fcresince, Mu\u011fla B\u00fcy\u00fck\u015fehir Belediyesi itfaiye ekipleri 63 kurtarma olay\u0131na m\u00fcdahale etti. Ekipler 38 hayvan kurtarma,10 trafik kazas\u0131, 15 di\u011fer olmak \u00fczere 63 kurtarma olay\u0131na m\u00fcdahale etti.<br \/>\n58 YANGINA M\u00dcDAHALE<br \/>\nMu\u011fla B\u00fcy\u00fck\u015fehir Belediyesi \u0130tfaiye ekipleri, bayram tatili boyunca il genelinde toplamda 58 yang\u0131na m\u00fcdahale etti. Ekipler 7 ev, 2 depo, 1 orman, 1 i\u015f yeri, 2 ara\u00e7, 15 a\u00e7\u0131k alan, 6 elektrik, 24 di\u011fer olmak \u00fczere 58 yang\u0131na m\u00fcdahale etti.<br \/>\nBA\u015eKAN ARAS; \u201cMU\u011eLA\u2019MIZI TERC\u0130H EDEN VATANDA\u015eLARIMIZA TE\u015eEKK\u00dcR ED\u0130YORUM\u201d<br \/>\nK\u0131y\u0131 Ege Belediyeler Birli\u011fi ve Mu\u011fla B\u00fcy\u00fck\u015fehir Belediye Ba\u015fkan\u0131 Ahmet Aras, bayram tatilinde Mu\u011fla\u2019y\u0131 tercih eden yerli ve yabanc\u0131 misafirleri a\u011f\u0131rlamaktan b\u00fcy\u00fck memnuniyet duyduklar\u0131n\u0131 s\u00f6yledi ve B\u00fcy\u00fck\u015fehir ekiplerinin t\u00fcm birimleri ile vatanda\u015flar\u0131n huzuru i\u00e7in \u00e7al\u0131\u015ft\u0131klar\u0131n\u0131 belirtti.<br \/>\nBa\u015fkan Aras; \u201cKurban Bayram\u0131\u2019nda Mu\u011fla\u2019m\u0131z yine en \u00e7ok tercih ve ziyaret edilen \u015fehirlerden biri oldu. Vatanda\u015flar\u0131m\u0131z\u0131n g\u00fcvenli\u011fi ve hassas noktam\u0131z ormanlar\u0131m\u0131z i\u00e7in itfaiye ekiplerimiz bayram s\u00fcresince g\u00f6revinin ba\u015f\u0131ndayd\u0131. Vatanda\u015flar\u0131m\u0131z\u0131n dikkati, yap\u0131lan uyar\u0131lar\u0131n da katk\u0131s\u0131 ile bu bayram\u0131 \u00e7ok b\u00fcy\u00fck bir yang\u0131n ya\u015famadan ge\u00e7irdik. T\u00fcm vatanda\u015flar\u0131m\u0131za g\u00f6stermi\u015f olduklar\u0131 hassasiyet ve Mu\u011fla\u2019m\u0131z\u0131 tercih ettikleri i\u00e7in te\u015fekk\u00fcr ediyorum.\u201d dedi.\u00a0<\/p>\n<p>\u200bHaberin Al\u0131nt\u0131land\u0131\u011f\u0131 Kaynak: www.iskenderun.org<\/p>","protected":false},"excerpt":{"rendered":"<p>Mu\u011fla B\u00fcy\u00fck\u015fehir Belediyesi \u0130tfaiyesi, Kurban Bayram\u0131 tatili boyunca 63 kurtarma ve 58 yang\u0131na m\u00fcdahale etti.\u00a0MU\u011eLA (\u0130GFA) &#8211; Mu\u011fla B\u00fcy\u00fck\u015fehir Belediyesi \u0130tfaiye ekipleri 4 g\u00fcnl\u00fck Kurban Bayram\u0131 tatili boyunca vatanda\u015flar\u0131n huzuru ve g\u00fcvenli\u011fi i\u00e7in 7\/24 g\u00f6revinin ba\u015f\u0131ndayd\u0131. Ekipler bayram tatilinde Mu\u011fla\u2019y\u0131 tercih eden yerli ve yabanc\u0131 misafirlerin g\u00fcvenli\u011finin yan\u0131 s\u0131ra yang\u0131nlar i\u00e7in de teyakkuz halindeydi. 4 g\u00fcnl\u00fck bayram tatilinde B\u00fcy\u00fck\u015fehir \u0130tfaiyesi il genelinde toplam 121 itfai olaya m\u00fcdahale etti. EK\u0130PLER 63 KURTARMA OLAYINA M\u00dcDAHALE ETT\u0130 Kurban Bayram\u0131 tatili s\u00fcresince, Mu\u011fla B\u00fcy\u00fck\u015fehir Belediyesi itfaiye ekipleri 63 kurtarma olay\u0131na m\u00fcdahale etti. Ekipler 38 hayvan kurtarma,10 trafik kazas\u0131, 15 di\u011fer olmak \u00fczere 63 kurtarma olay\u0131na m\u00fcdahale etti. 58 YANGINA M\u00dcDAHALE Mu\u011fla B\u00fcy\u00fck\u015fehir Belediyesi \u0130tfaiye ekipleri, bayram tatili boyunca il genelinde toplamda 58 yang\u0131na m\u00fcdahale etti. Ekipler 7 ev, 2 depo, 1 orman, 1 i\u015f yeri, 2 ara\u00e7, 15 a\u00e7\u0131k alan, 6 elektrik, 24 di\u011fer olmak \u00fczere 58 yang\u0131na m\u00fcdahale etti. BA\u015eKAN ARAS; \u201cMU\u011eLA\u2019MIZI TERC\u0130H EDEN VATANDA\u015eLARIMIZA TE\u015eEKK\u00dcR ED\u0130YORUM\u201d K\u0131y\u0131 Ege Belediyeler Birli\u011fi ve Mu\u011fla B\u00fcy\u00fck\u015fehir Belediye Ba\u015fkan\u0131 Ahmet Aras, bayram tatilinde Mu\u011fla\u2019y\u0131 tercih eden yerli ve yabanc\u0131 misafirleri a\u011f\u0131rlamaktan b\u00fcy\u00fck memnuniyet duyduklar\u0131n\u0131 s\u00f6yledi ve B\u00fcy\u00fck\u015fehir ekiplerinin t\u00fcm birimleri ile vatanda\u015flar\u0131n huzuru i\u00e7in \u00e7al\u0131\u015ft\u0131klar\u0131n\u0131 belirtti. Ba\u015fkan Aras; \u201cKurban Bayram\u0131\u2019nda Mu\u011fla\u2019m\u0131z yine en \u00e7ok tercih ve &hellip;<\/p>","protected":false},"author":1,"featured_media":0,"comment_status":"","ping_status":"open","sticky":false,"template":"","format":"standard","meta":{"_acf_changed":false,"footnotes":""},"categories":[24],"tags":[],"class_list":["post-112629","post","type-post","status-publish","format-standard","has-post-thumbnail","hentry","category-gundem"],"acf":[],"yoast_head":"<!-- This site is optimized with the Yoast SEO Premium plugin v26.6 (Yoast SEO v27.1.1) - https:\/\/yoast.com\/product\/yoast-seo-premium-wordpress\/ -->\n<title>Mu\u011fla itfaiyesi bayram tatilinde 121\u00a0olaya m\u00fcdahale etti - Av. Deniz Can K\u0131z\u0131l<\/title>\n<meta name=\"robots\" content=\"index, follow, max-snippet:-1, max-image-preview:large, max-video-preview:-1\" \/>\n<link rel=\"canonical\" href=\"https:\/\/denizcankizil.tr\/de\/haberler\/gundem\/mugla-itfaiyesi-bayram-tatilinde-121-olaya-mudahale-etti\/\" \/>\n<meta property=\"og:locale\" content=\"de_DE\" \/>\n<meta property=\"og:type\" content=\"article\" \/>\n<meta property=\"og:title\" content=\"Mu\u011fla itfaiyesi bayram tatilinde 121\u00a0olaya m\u00fcdahale etti\" \/>\n<meta property=\"og:description\" content=\"Mu\u011fla B\u00fcy\u00fck\u015fehir Belediyesi \u0130tfaiyesi, Kurban Bayram\u0131 tatili boyunca 63 kurtarma ve 58 yang\u0131na m\u00fcdahale etti.\u00a0MU\u011eLA (\u0130GFA) &#8211; Mu\u011fla B\u00fcy\u00fck\u015fehir Belediyesi \u0130tfaiye ekipleri 4 g\u00fcnl\u00fck Kurban Bayram\u0131 tatili boyunca vatanda\u015flar\u0131n huzuru ve g\u00fcvenli\u011fi i\u00e7in 7\/24 g\u00f6revinin ba\u015f\u0131ndayd\u0131. Ekipler bayram tatilinde Mu\u011fla\u2019y\u0131 tercih eden yerli ve yabanc\u0131 misafirlerin g\u00fcvenli\u011finin yan\u0131 s\u0131ra yang\u0131nlar i\u00e7in de teyakkuz halindeydi. 4 g\u00fcnl\u00fck bayram tatilinde B\u00fcy\u00fck\u015fehir \u0130tfaiyesi il genelinde toplam 121 itfai olaya m\u00fcdahale etti. EK\u0130PLER 63 KURTARMA OLAYINA M\u00dcDAHALE ETT\u0130 Kurban Bayram\u0131 tatili s\u00fcresince, Mu\u011fla B\u00fcy\u00fck\u015fehir Belediyesi itfaiye ekipleri 63 kurtarma olay\u0131na m\u00fcdahale etti. Ekipler 38 hayvan kurtarma,10 trafik kazas\u0131, 15 di\u011fer olmak \u00fczere 63 kurtarma olay\u0131na m\u00fcdahale etti. 58 YANGINA M\u00dcDAHALE Mu\u011fla B\u00fcy\u00fck\u015fehir Belediyesi \u0130tfaiye ekipleri, bayram tatili boyunca il genelinde toplamda 58 yang\u0131na m\u00fcdahale etti. Ekipler 7 ev, 2 depo, 1 orman, 1 i\u015f yeri, 2 ara\u00e7, 15 a\u00e7\u0131k alan, 6 elektrik, 24 di\u011fer olmak \u00fczere 58 yang\u0131na m\u00fcdahale etti. BA\u015eKAN ARAS; \u201cMU\u011eLA\u2019MIZI TERC\u0130H EDEN VATANDA\u015eLARIMIZA TE\u015eEKK\u00dcR ED\u0130YORUM\u201d K\u0131y\u0131 Ege Belediyeler Birli\u011fi ve Mu\u011fla B\u00fcy\u00fck\u015fehir Belediye Ba\u015fkan\u0131 Ahmet Aras, bayram tatilinde Mu\u011fla\u2019y\u0131 tercih eden yerli ve yabanc\u0131 misafirleri a\u011f\u0131rlamaktan b\u00fcy\u00fck memnuniyet duyduklar\u0131n\u0131 s\u00f6yledi ve B\u00fcy\u00fck\u015fehir ekiplerinin t\u00fcm birimleri ile vatanda\u015flar\u0131n huzuru i\u00e7in \u00e7al\u0131\u015ft\u0131klar\u0131n\u0131 belirtti. Ba\u015fkan Aras; \u201cKurban Bayram\u0131\u2019nda Mu\u011fla\u2019m\u0131z yine en \u00e7ok tercih ve &hellip;\" \/>\n<meta property=\"og:url\" content=\"https:\/\/denizcankizil.tr\/de\/haberler\/gundem\/mugla-itfaiyesi-bayram-tatilinde-121-olaya-mudahale-etti\/\" \/>\n<meta property=\"og:site_name\" content=\"Av. Deniz Can K\u0131z\u0131l\" \/>\n<meta property=\"article:published_time\" content=\"2025-06-10T13:42:46+00:00\" \/>\n<meta name=\"author\" content=\"admin\" \/>\n<meta name=\"twitter:card\" content=\"summary_large_image\" \/>\n<meta name=\"twitter:label1\" content=\"Verfasst von\" \/>\n\t<meta name=\"twitter:data1\" content=\"admin\" \/>\n\t<meta name=\"twitter:label2\" content=\"Gesch\u00e4tzte Lesezeit\" \/>\n\t<meta name=\"twitter:data2\" content=\"4\u00a0Minuten\" \/>\n<script type=\"application\/ld+json\" class=\"yoast-schema-graph\">{\"@context\":\"https:\/\/schema.org\",\"@graph\":[{\"@type\":\"Article\",\"@id\":\"https:\/\/denizcankizil.tr\/de\/haberler\/gundem\/mugla-itfaiyesi-bayram-tatilinde-121-olaya-mudahale-etti\/#article\",\"isPartOf\":{\"@id\":\"https:\/\/denizcankizil.tr\/de\/haberler\/gundem\/mugla-itfaiyesi-bayram-tatilinde-121-olaya-mudahale-etti\/\"},\"author\":{\"name\":\"admin\",\"@id\":\"https:\/\/denizcankizil.tr\/de\/#\/schema\/person\/be3c05fe6a12686905512445d8185489\"},\"headline\":\"Mu\u011fla itfaiyesi bayram tatilinde 121\u00a0olaya m\u00fcdahale etti\",\"datePublished\":\"2025-06-10T13:42:46+00:00\",\"mainEntityOfPage\":{\"@id\":\"https:\/\/denizcankizil.tr\/de\/haberler\/gundem\/mugla-itfaiyesi-bayram-tatilinde-121-olaya-mudahale-etti\/\"},\"wordCount\":727,\"publisher\":{\"@id\":\"https:\/\/denizcankizil.tr\/de\/#organization\"},\"articleSection\":[\"G\u00fcndem\"],\"inLanguage\":\"de\"},{\"@type\":\"WebPage\",\"@id\":\"https:\/\/denizcankizil.tr\/de\/haberler\/gundem\/mugla-itfaiyesi-bayram-tatilinde-121-olaya-mudahale-etti\/\",\"url\":\"https:\/\/denizcankizil.tr\/de\/haberler\/gundem\/mugla-itfaiyesi-bayram-tatilinde-121-olaya-mudahale-etti\/\",\"name\":\"Mu\u011fla itfaiyesi bayram tatilinde 121\u00a0olaya m\u00fcdahale etti - Av. Deniz Can K\u0131z\u0131l\",\"isPartOf\":{\"@id\":\"https:\/\/denizcankizil.tr\/de\/#website\"},\"datePublished\":\"2025-06-10T13:42:46+00:00\",\"breadcrumb\":{\"@id\":\"https:\/\/denizcankizil.tr\/de\/haberler\/gundem\/mugla-itfaiyesi-bayram-tatilinde-121-olaya-mudahale-etti\/#breadcrumb\"},\"inLanguage\":\"de\",\"potentialAction\":[{\"@type\":\"ReadAction\",\"target\":[\"https:\/\/denizcankizil.tr\/de\/haberler\/gundem\/mugla-itfaiyesi-bayram-tatilinde-121-olaya-mudahale-etti\/\"]}]},{\"@type\":\"BreadcrumbList\",\"@id\":\"https:\/\/denizcankizil.tr\/de\/haberler\/gundem\/mugla-itfaiyesi-bayram-tatilinde-121-olaya-mudahale-etti\/#breadcrumb\",\"itemListElement\":[{\"@type\":\"ListItem\",\"position\":1,\"name\":\"Home\",\"item\":\"https:\/\/denizcankizil.tr\/de\/\"},{\"@type\":\"ListItem\",\"position\":2,\"name\":\"Mu\u011fla itfaiyesi bayram tatilinde 121\u00a0olaya m\u00fcdahale etti\"}]},{\"@type\":\"WebSite\",\"@id\":\"https:\/\/denizcankizil.tr\/de\/#website\",\"url\":\"https:\/\/denizcankizil.tr\/de\/\",\"name\":\"Av. Deniz Can K\u0131z\u0131l\",\"description\":\"Avukat Deniz Can K\u0131z\u0131l Antalya Barosu\",\"publisher\":{\"@id\":\"https:\/\/denizcankizil.tr\/de\/#organization\"},\"potentialAction\":[{\"@type\":\"SearchAction\",\"target\":{\"@type\":\"EntryPoint\",\"urlTemplate\":\"https:\/\/denizcankizil.tr\/de\/?s={search_term_string}\"},\"query-input\":{\"@type\":\"PropertyValueSpecification\",\"valueRequired\":true,\"valueName\":\"search_term_string\"}}],\"inLanguage\":\"de\"},{\"@type\":\"Organization\",\"@id\":\"https:\/\/denizcankizil.tr\/de\/#organization\",\"name\":\"Av. Deniz Can K\u0131z\u0131l\",\"url\":\"https:\/\/denizcankizil.tr\/de\/\",\"logo\":{\"@type\":\"ImageObject\",\"inLanguage\":\"de\",\"@id\":\"https:\/\/denizcankizil.tr\/de\/#\/schema\/logo\/image\/\",\"url\":\"https:\/\/denizcankizil.tr\/wp-content\/uploads\/2024\/10\/siyah-logo-svg.svg\",\"contentUrl\":\"https:\/\/denizcankizil.tr\/wp-content\/uploads\/2024\/10\/siyah-logo-svg.svg\",\"width\":1080,\"height\":1080,\"caption\":\"Av. Deniz Can K\u0131z\u0131l\"},\"image\":{\"@id\":\"https:\/\/denizcankizil.tr\/de\/#\/schema\/logo\/image\/\"}},{\"@type\":\"Person\",\"@id\":\"https:\/\/denizcankizil.tr\/de\/#\/schema\/person\/be3c05fe6a12686905512445d8185489\",\"name\":\"admin\",\"image\":{\"@type\":\"ImageObject\",\"inLanguage\":\"de\",\"@id\":\"https:\/\/denizcankizil.tr\/de\/#\/schema\/person\/image\/\",\"url\":\"https:\/\/secure.gravatar.com\/avatar\/c1fce94c830dc79107e174f890d7210541c4a63e8e5d816341794a2151c9d58c?s=96&d=mm&r=g\",\"contentUrl\":\"https:\/\/secure.gravatar.com\/avatar\/c1fce94c830dc79107e174f890d7210541c4a63e8e5d816341794a2151c9d58c?s=96&d=mm&r=g\",\"caption\":\"admin\"},\"sameAs\":[\"http:\/\/denizcankizil.tr\"],\"url\":\"https:\/\/www.iskenderun.org\/mugla-itfaiyesi-bayram-tatilinde-121-olaya-mudahale-etti\"}]}<\/script>\n<!-- \/ Yoast SEO Premium plugin. -->","yoast_head_json":{"title":"Mu\u011fla itfaiyesi bayram tatilinde 121\u00a0olaya m\u00fcdahale etti - Av. Deniz Can K\u0131z\u0131l","robots":{"index":"index","follow":"follow","max-snippet":"max-snippet:-1","max-image-preview":"max-image-preview:large","max-video-preview":"max-video-preview:-1"},"canonical":"https:\/\/denizcankizil.tr\/de\/haberler\/gundem\/mugla-itfaiyesi-bayram-tatilinde-121-olaya-mudahale-etti\/","og_locale":"de_DE","og_type":"article","og_title":"Mu\u011fla itfaiyesi bayram tatilinde 121\u00a0olaya m\u00fcdahale etti","og_description":"Mu\u011fla B\u00fcy\u00fck\u015fehir Belediyesi \u0130tfaiyesi, Kurban Bayram\u0131 tatili boyunca 63 kurtarma ve 58 yang\u0131na m\u00fcdahale etti.\u00a0MU\u011eLA (\u0130GFA) &#8211; Mu\u011fla B\u00fcy\u00fck\u015fehir Belediyesi \u0130tfaiye ekipleri 4 g\u00fcnl\u00fck Kurban Bayram\u0131 tatili boyunca vatanda\u015flar\u0131n huzuru ve g\u00fcvenli\u011fi i\u00e7in 7\/24 g\u00f6revinin ba\u015f\u0131ndayd\u0131. Ekipler bayram tatilinde Mu\u011fla\u2019y\u0131 tercih eden yerli ve yabanc\u0131 misafirlerin g\u00fcvenli\u011finin yan\u0131 s\u0131ra yang\u0131nlar i\u00e7in de teyakkuz halindeydi. 4 g\u00fcnl\u00fck bayram tatilinde B\u00fcy\u00fck\u015fehir \u0130tfaiyesi il genelinde toplam 121 itfai olaya m\u00fcdahale etti. EK\u0130PLER 63 KURTARMA OLAYINA M\u00dcDAHALE ETT\u0130 Kurban Bayram\u0131 tatili s\u00fcresince, Mu\u011fla B\u00fcy\u00fck\u015fehir Belediyesi itfaiye ekipleri 63 kurtarma olay\u0131na m\u00fcdahale etti. Ekipler 38 hayvan kurtarma,10 trafik kazas\u0131, 15 di\u011fer olmak \u00fczere 63 kurtarma olay\u0131na m\u00fcdahale etti. 58 YANGINA M\u00dcDAHALE Mu\u011fla B\u00fcy\u00fck\u015fehir Belediyesi \u0130tfaiye ekipleri, bayram tatili boyunca il genelinde toplamda 58 yang\u0131na m\u00fcdahale etti. Ekipler 7 ev, 2 depo, 1 orman, 1 i\u015f yeri, 2 ara\u00e7, 15 a\u00e7\u0131k alan, 6 elektrik, 24 di\u011fer olmak \u00fczere 58 yang\u0131na m\u00fcdahale etti. BA\u015eKAN ARAS; \u201cMU\u011eLA\u2019MIZI TERC\u0130H EDEN VATANDA\u015eLARIMIZA TE\u015eEKK\u00dcR ED\u0130YORUM\u201d K\u0131y\u0131 Ege Belediyeler Birli\u011fi ve Mu\u011fla B\u00fcy\u00fck\u015fehir Belediye Ba\u015fkan\u0131 Ahmet Aras, bayram tatilinde Mu\u011fla\u2019y\u0131 tercih eden yerli ve yabanc\u0131 misafirleri a\u011f\u0131rlamaktan b\u00fcy\u00fck memnuniyet duyduklar\u0131n\u0131 s\u00f6yledi ve B\u00fcy\u00fck\u015fehir ekiplerinin t\u00fcm birimleri ile vatanda\u015flar\u0131n huzuru i\u00e7in \u00e7al\u0131\u015ft\u0131klar\u0131n\u0131 belirtti. Ba\u015fkan Aras; \u201cKurban Bayram\u0131\u2019nda Mu\u011fla\u2019m\u0131z yine en \u00e7ok tercih ve &hellip;","og_url":"https:\/\/denizcankizil.tr\/de\/haberler\/gundem\/mugla-itfaiyesi-bayram-tatilinde-121-olaya-mudahale-etti\/","og_site_name":"Av. Deniz Can K\u0131z\u0131l","article_published_time":"2025-06-10T13:42:46+00:00","author":"admin","twitter_card":"summary_large_image","twitter_misc":{"Verfasst von":"admin","Gesch\u00e4tzte Lesezeit":"4\u00a0Minuten"},"schema":{"@context":"https:\/\/schema.org","@graph":[{"@type":"Article","@id":"https:\/\/denizcankizil.tr\/de\/haberler\/gundem\/mugla-itfaiyesi-bayram-tatilinde-121-olaya-mudahale-etti\/#article","isPartOf":{"@id":"https:\/\/denizcankizil.tr\/de\/haberler\/gundem\/mugla-itfaiyesi-bayram-tatilinde-121-olaya-mudahale-etti\/"},"author":{"name":"admin","@id":"https:\/\/denizcankizil.tr\/de\/#\/schema\/person\/be3c05fe6a12686905512445d8185489"},"headline":"Mu\u011fla itfaiyesi bayram tatilinde 121\u00a0olaya m\u00fcdahale etti","datePublished":"2025-06-10T13:42:46+00:00","mainEntityOfPage":{"@id":"https:\/\/denizcankizil.tr\/de\/haberler\/gundem\/mugla-itfaiyesi-bayram-tatilinde-121-olaya-mudahale-etti\/"},"wordCount":727,"publisher":{"@id":"https:\/\/denizcankizil.tr\/de\/#organization"},"articleSection":["G\u00fcndem"],"inLanguage":"de"},{"@type":"WebPage","@id":"https:\/\/denizcankizil.tr\/de\/haberler\/gundem\/mugla-itfaiyesi-bayram-tatilinde-121-olaya-mudahale-etti\/","url":"https:\/\/denizcankizil.tr\/de\/haberler\/gundem\/mugla-itfaiyesi-bayram-tatilinde-121-olaya-mudahale-etti\/","name":"Mu\u011fla itfaiyesi bayram tatilinde 121\u00a0olaya m\u00fcdahale etti - Av. Deniz Can K\u0131z\u0131l","isPartOf":{"@id":"https:\/\/denizcankizil.tr\/de\/#website"},"datePublished":"2025-06-10T13:42:46+00:00","breadcrumb":{"@id":"https:\/\/denizcankizil.tr\/de\/haberler\/gundem\/mugla-itfaiyesi-bayram-tatilinde-121-olaya-mudahale-etti\/#breadcrumb"},"inLanguage":"de","potentialAction":[{"@type":"ReadAction","target":["https:\/\/denizcankizil.tr\/de\/haberler\/gundem\/mugla-itfaiyesi-bayram-tatilinde-121-olaya-mudahale-etti\/"]}]},{"@type":"BreadcrumbList","@id":"https:\/\/denizcankizil.tr\/de\/haberler\/gundem\/mugla-itfaiyesi-bayram-tatilinde-121-olaya-mudahale-etti\/#breadcrumb","itemListElement":[{"@type":"ListItem","position":1,"name":"Home","item":"https:\/\/denizcankizil.tr\/de\/"},{"@type":"ListItem","position":2,"name":"Mu\u011fla itfaiyesi bayram tatilinde 121\u00a0olaya m\u00fcdahale etti"}]},{"@type":"WebSite","@id":"https:\/\/denizcankizil.tr\/de\/#website","url":"https:\/\/denizcankizil.tr\/de\/","name":"Av. Deniz Can K\u0131z\u0131l","description":"Avukat Deniz Can K\u0131z\u0131l Antalya Barosu","publisher":{"@id":"https:\/\/denizcankizil.tr\/de\/#organization"},"potentialAction":[{"@type":"SearchAction","target":{"@type":"EntryPoint","urlTemplate":"https:\/\/denizcankizil.tr\/de\/?s={search_term_string}"},"query-input":{"@type":"PropertyValueSpecification","valueRequired":true,"valueName":"search_term_string"}}],"inLanguage":"de"},{"@type":"Organization","@id":"https:\/\/denizcankizil.tr\/de\/#organization","name":"Av. Deniz Can K\u0131z\u0131l","url":"https:\/\/denizcankizil.tr\/de\/","logo":{"@type":"ImageObject","inLanguage":"de","@id":"https:\/\/denizcankizil.tr\/de\/#\/schema\/logo\/image\/","url":"https:\/\/denizcankizil.tr\/wp-content\/uploads\/2024\/10\/siyah-logo-svg.svg","contentUrl":"https:\/\/denizcankizil.tr\/wp-content\/uploads\/2024\/10\/siyah-logo-svg.svg","width":1080,"height":1080,"caption":"Av. Deniz Can K\u0131z\u0131l"},"image":{"@id":"https:\/\/denizcankizil.tr\/de\/#\/schema\/logo\/image\/"}},{"@type":"Person","@id":"https:\/\/denizcankizil.tr\/de\/#\/schema\/person\/be3c05fe6a12686905512445d8185489","name":"Administrator","image":{"@type":"ImageObject","inLanguage":"de","@id":"https:\/\/denizcankizil.tr\/de\/#\/schema\/person\/image\/","url":"https:\/\/secure.gravatar.com\/avatar\/c1fce94c830dc79107e174f890d7210541c4a63e8e5d816341794a2151c9d58c?s=96&d=mm&r=g","contentUrl":"https:\/\/secure.gravatar.com\/avatar\/c1fce94c830dc79107e174f890d7210541c4a63e8e5d816341794a2151c9d58c?s=96&d=mm&r=g","caption":"admin"},"sameAs":["http:\/\/denizcankizil.tr"],"url":"https:\/\/www.iskenderun.org\/mugla-itfaiyesi-bayram-tatilinde-121-olaya-mudahale-etti"}]}},"_links":{"self":[{"href":"https:\/\/denizcankizil.tr\/de\/wp-json\/wp\/v2\/posts\/112629","targetHints":{"allow":["GET"]}}],"collection":[{"href":"https:\/\/denizcankizil.tr\/de\/wp-json\/wp\/v2\/posts"}],"about":[{"href":"https:\/\/denizcankizil.tr\/de\/wp-json\/wp\/v2\/types\/post"}],"author":[{"embeddable":true,"href":"https:\/\/denizcankizil.tr\/de\/wp-json\/wp\/v2\/users\/1"}],"replies":[{"embeddable":true,"href":"https:\/\/denizcankizil.tr\/de\/wp-json\/wp\/v2\/comments?post=112629"}],"version-history":[{"count":0,"href":"https:\/\/denizcankizil.tr\/de\/wp-json\/wp\/v2\/posts\/112629\/revisions"}],"wp:attachment":[{"href":"https:\/\/denizcankizil.tr\/de\/wp-json\/wp\/v2\/media?parent=112629"}],"wp:term":[{"taxonomy":"category","embeddable":true,"href":"https:\/\/denizcankizil.tr\/de\/wp-json\/wp\/v2\/categories?post=112629"},{"taxonomy":"post_tag","embeddable":true,"href":"https:\/\/denizcankizil.tr\/de\/wp-json\/wp\/v2\/tags?post=112629"}],"curies":[{"name":"wp","href":"https:\/\/api.w.org\/{rel}","templated":true}]}}