{"id":112530,"date":"2025-06-10T15:41:46","date_gmt":"2025-06-10T12:41:46","guid":{"rendered":"https:\/\/denizcankizil.tr\/uncategorized-tr\/eski-bakan-bahattin-yucel-chpli-belediyeleri-sucladi-kiyida-rantin-onune-gecilemedi\/"},"modified":"2025-06-10T15:41:46","modified_gmt":"2025-06-10T12:41:46","slug":"eski-bakan-bahattin-yucel-chpli-belediyeleri-sucladi-kiyida-rantin-onune-gecilemedi","status":"publish","type":"post","link":"https:\/\/denizcankizil.tr\/de\/haberler\/gundem\/eski-bakan-bahattin-yucel-chpli-belediyeleri-sucladi-kiyida-rantin-onune-gecilemedi\/","title":{"rendered":"Eski Bakan Bahattin Y\u00fccel, CHP\u2019li belediyeleri su\u00e7lad\u0131: \u201cK\u0131y\u0131da rant\u0131n \u00f6n\u00fcne ge\u00e7ilemedi\u201d"},"content":{"rendered":"<p>Sosyal medya hesab\u0131 X\u2019ten takip\u00e7ilerine seslenen eski turizm bakanlar\u0131ndan Bahattin Y\u00fccel, Cumhuriyet Halk Partili belediyelerin \u00fclkenin \u00f6nemli turizm merkezlerinin y\u00fczde 80\u2019inde y\u00f6netimi elinde bulundurdu\u011funu ifade etti. Buna ra\u011fmen k\u0131y\u0131 boyunca CHP\u2019li y\u00f6netimleri rant\u0131n \u00f6n\u00fcne ge\u00e7ememekle su\u00e7layan eski bakan Y\u00fccel, ya\u015fanan s\u00fcre\u00e7ten duydu\u011fu \u00fcz\u00fcnt\u00fcy\u00fc dile getirdi.<\/p>\n<p>ANTALYA VE MU\u011eLA KIYILARI<\/p>\n<p>\u201cCHP \u00fclkenin turistik merkezlerinin bulundu\u011fu il ve il\u00e7elerin y\u00fczde seksenden fazlas\u0131n\u0131 y\u00f6netiyor\u201d \u015feklinde konu\u015fan K\u00fclt\u00fcr ve Turizm eski bakanlar\u0131ndan Bahattin Y\u00fccel a\u00e7\u0131klamas\u0131nda, \u201cAncak halka a\u00e7\u0131k olmas\u0131 gereken k\u0131y\u0131lardan \u00fccretsiz yararlanmas\u0131n\u0131 hen\u00fcz sa\u011flayamad\u0131. Antalya ve Mu\u011fla k\u0131y\u0131lar\u0131nda rant\u0131 \u00f6nleyemedi\u201d dedi.<\/p>\n<p>BAHATT\u0130N Y\u00dcCEL HAKKINDA<\/p>\n<p>Turizmci ve siyaset\u00e7i Bahattin Y\u00fccel \u0130stanbul \u00dcniversitesi Edebiyat Fak\u00fcltesi Tarih B\u00f6l\u00fcm\u00fc mezunu. \u0130ki d\u00f6nem T\u00fcrkiye Seyahat Acentalar\u0131 Birli\u011fi T\u00dcRSAB genel sekreterli\u011fi, 12 Eyl\u00fcl darbe s\u00fcreci dahil \u00fc\u00e7 d\u00f6nem T\u00dcRSAB Y\u00f6netim Kurulu Ba\u015fkanl\u0131\u011f\u0131 g\u00f6revini y\u00fcr\u00fctt\u00fc. XIX. ve XX. D\u00f6nem \u0130stanbul milletvekilli\u011fine se\u00e7ilen Bahattin Y\u00fccel, 54. H\u00fck\u00fcmet d\u00f6neminde Turizm Bakan\u0131yd\u0131. De\u011fi\u015fik medya organlar\u0131nda makaleler yazan, r\u00f6portajlara konu olan ve siyasi an\u0131lar\u0131n\u0131 anlatt\u0131\u011f\u0131 Ankara\u2019da S\u0131cak Bir Yaz G\u00fcn\u00fc (2019) ile Turizm, D\u00fcn, Bug\u00fcn, Yar\u0131n(2020) adl\u0131 iki kitab\u0131 bulunan Y\u00fccel, evli ve iki \u00e7ocuk babas\u0131.<\/p>\n<p>\u200bEski Turizm Bakan\u0131 Bahattin Y\u00fccel, sosyal medya hesab\u0131ndan \u00f6nemli a\u00e7\u0131klamalarda bulundu. 54. H\u00fck\u00fcmetin K\u00fclt\u00fcr ve Turizm Bakanl\u0131\u011f\u0131 g\u00f6revinde bulunan Y\u00fccel, \u201cCHP\u2019li belediyeler Antalya k\u0131y\u0131lar\u0131nda rant\u0131 \u00f6nleyemedi\u201d dedi.\u00a0<\/p>\n<p>\u200bHaberin Al\u0131nt\u0131land\u0131\u011f\u0131 Kaynak: www.antalyakorfez.com<\/p>","protected":false},"excerpt":{"rendered":"<p>Sosyal medya hesab\u0131 X\u2019ten takip\u00e7ilerine seslenen eski turizm bakanlar\u0131ndan Bahattin Y\u00fccel, Cumhuriyet Halk Partili belediyelerin \u00fclkenin \u00f6nemli turizm merkezlerinin y\u00fczde 80\u2019inde y\u00f6netimi elinde bulundurdu\u011funu ifade etti. Buna ra\u011fmen k\u0131y\u0131 boyunca CHP\u2019li y\u00f6netimleri rant\u0131n \u00f6n\u00fcne ge\u00e7ememekle su\u00e7layan eski bakan Y\u00fccel, ya\u015fanan s\u00fcre\u00e7ten duydu\u011fu \u00fcz\u00fcnt\u00fcy\u00fc dile getirdi. ANTALYA VE MU\u011eLA KIYILARI \u201cCHP \u00fclkenin turistik merkezlerinin bulundu\u011fu il ve il\u00e7elerin y\u00fczde seksenden fazlas\u0131n\u0131 y\u00f6netiyor\u201d \u015feklinde konu\u015fan K\u00fclt\u00fcr ve Turizm eski bakanlar\u0131ndan Bahattin Y\u00fccel a\u00e7\u0131klamas\u0131nda, \u201cAncak halka a\u00e7\u0131k olmas\u0131 gereken k\u0131y\u0131lardan \u00fccretsiz yararlanmas\u0131n\u0131 hen\u00fcz sa\u011flayamad\u0131. Antalya ve Mu\u011fla k\u0131y\u0131lar\u0131nda rant\u0131 \u00f6nleyemedi\u201d dedi. BAHATT\u0130N Y\u00dcCEL HAKKINDA Turizmci ve siyaset\u00e7i Bahattin Y\u00fccel \u0130stanbul \u00dcniversitesi Edebiyat Fak\u00fcltesi Tarih B\u00f6l\u00fcm\u00fc mezunu. \u0130ki d\u00f6nem T\u00fcrkiye Seyahat Acentalar\u0131 Birli\u011fi T\u00dcRSAB genel sekreterli\u011fi, 12 Eyl\u00fcl darbe s\u00fcreci dahil \u00fc\u00e7 d\u00f6nem T\u00dcRSAB Y\u00f6netim Kurulu Ba\u015fkanl\u0131\u011f\u0131 g\u00f6revini y\u00fcr\u00fctt\u00fc. XIX. ve XX. D\u00f6nem \u0130stanbul milletvekilli\u011fine se\u00e7ilen Bahattin Y\u00fccel, 54. H\u00fck\u00fcmet d\u00f6neminde Turizm Bakan\u0131yd\u0131. De\u011fi\u015fik medya organlar\u0131nda makaleler yazan, r\u00f6portajlara konu olan ve siyasi an\u0131lar\u0131n\u0131 anlatt\u0131\u011f\u0131 Ankara\u2019da S\u0131cak Bir Yaz G\u00fcn\u00fc (2019) ile Turizm, D\u00fcn, Bug\u00fcn, Yar\u0131n(2020) adl\u0131 iki kitab\u0131 bulunan Y\u00fccel, evli ve iki \u00e7ocuk babas\u0131. \u200bEski Turizm Bakan\u0131 Bahattin Y\u00fccel, sosyal medya hesab\u0131ndan \u00f6nemli a\u00e7\u0131klamalarda bulundu. 54. H\u00fck\u00fcmetin K\u00fclt\u00fcr ve Turizm Bakanl\u0131\u011f\u0131 g\u00f6revinde bulunan Y\u00fccel, \u201cCHP\u2019li belediyeler Antalya k\u0131y\u0131lar\u0131nda rant\u0131 \u00f6nleyemedi\u201d dedi.\u00a0 \u200bHaberin &hellip;<\/p>","protected":false},"author":5,"featured_media":0,"comment_status":"","ping_status":"open","sticky":false,"template":"","format":"standard","meta":{"_acf_changed":false,"footnotes":""},"categories":[24],"tags":[],"class_list":["post-112530","post","type-post","status-publish","format-standard","has-post-thumbnail","hentry","category-gundem"],"acf":[],"yoast_head":"<!-- This site is optimized with the Yoast SEO Premium plugin v26.6 (Yoast SEO v27.1.1) - https:\/\/yoast.com\/product\/yoast-seo-premium-wordpress\/ -->\n<title>Eski Bakan Bahattin Y\u00fccel, CHP\u2019li belediyeleri su\u00e7lad\u0131: \u201cK\u0131y\u0131da rant\u0131n \u00f6n\u00fcne ge\u00e7ilemedi\u201d - Av. Deniz Can K\u0131z\u0131l<\/title>\n<meta name=\"robots\" content=\"index, follow, max-snippet:-1, max-image-preview:large, max-video-preview:-1\" \/>\n<link rel=\"canonical\" href=\"https:\/\/denizcankizil.tr\/de\/haberler\/gundem\/eski-bakan-bahattin-yucel-chpli-belediyeleri-sucladi-kiyida-rantin-onune-gecilemedi\/\" \/>\n<meta property=\"og:locale\" content=\"de_DE\" \/>\n<meta property=\"og:type\" content=\"article\" \/>\n<meta property=\"og:title\" content=\"Eski Bakan Bahattin Y\u00fccel, CHP\u2019li belediyeleri su\u00e7lad\u0131: \u201cK\u0131y\u0131da rant\u0131n \u00f6n\u00fcne ge\u00e7ilemedi\u201d\" \/>\n<meta property=\"og:description\" content=\"Sosyal medya hesab\u0131 X\u2019ten takip\u00e7ilerine seslenen eski turizm bakanlar\u0131ndan Bahattin Y\u00fccel, Cumhuriyet Halk Partili belediyelerin \u00fclkenin \u00f6nemli turizm merkezlerinin y\u00fczde 80\u2019inde y\u00f6netimi elinde bulundurdu\u011funu ifade etti. Buna ra\u011fmen k\u0131y\u0131 boyunca CHP\u2019li y\u00f6netimleri rant\u0131n \u00f6n\u00fcne ge\u00e7ememekle su\u00e7layan eski bakan Y\u00fccel, ya\u015fanan s\u00fcre\u00e7ten duydu\u011fu \u00fcz\u00fcnt\u00fcy\u00fc dile getirdi. ANTALYA VE MU\u011eLA KIYILARI \u201cCHP \u00fclkenin turistik merkezlerinin bulundu\u011fu il ve il\u00e7elerin y\u00fczde seksenden fazlas\u0131n\u0131 y\u00f6netiyor\u201d \u015feklinde konu\u015fan K\u00fclt\u00fcr ve Turizm eski bakanlar\u0131ndan Bahattin Y\u00fccel a\u00e7\u0131klamas\u0131nda, \u201cAncak halka a\u00e7\u0131k olmas\u0131 gereken k\u0131y\u0131lardan \u00fccretsiz yararlanmas\u0131n\u0131 hen\u00fcz sa\u011flayamad\u0131. Antalya ve Mu\u011fla k\u0131y\u0131lar\u0131nda rant\u0131 \u00f6nleyemedi\u201d dedi. BAHATT\u0130N Y\u00dcCEL HAKKINDA Turizmci ve siyaset\u00e7i Bahattin Y\u00fccel \u0130stanbul \u00dcniversitesi Edebiyat Fak\u00fcltesi Tarih B\u00f6l\u00fcm\u00fc mezunu. \u0130ki d\u00f6nem T\u00fcrkiye Seyahat Acentalar\u0131 Birli\u011fi T\u00dcRSAB genel sekreterli\u011fi, 12 Eyl\u00fcl darbe s\u00fcreci dahil \u00fc\u00e7 d\u00f6nem T\u00dcRSAB Y\u00f6netim Kurulu Ba\u015fkanl\u0131\u011f\u0131 g\u00f6revini y\u00fcr\u00fctt\u00fc. XIX. ve XX. D\u00f6nem \u0130stanbul milletvekilli\u011fine se\u00e7ilen Bahattin Y\u00fccel, 54. H\u00fck\u00fcmet d\u00f6neminde Turizm Bakan\u0131yd\u0131. De\u011fi\u015fik medya organlar\u0131nda makaleler yazan, r\u00f6portajlara konu olan ve siyasi an\u0131lar\u0131n\u0131 anlatt\u0131\u011f\u0131 Ankara\u2019da S\u0131cak Bir Yaz G\u00fcn\u00fc (2019) ile Turizm, D\u00fcn, Bug\u00fcn, Yar\u0131n(2020) adl\u0131 iki kitab\u0131 bulunan Y\u00fccel, evli ve iki \u00e7ocuk babas\u0131. \u200bEski Turizm Bakan\u0131 Bahattin Y\u00fccel, sosyal medya hesab\u0131ndan \u00f6nemli a\u00e7\u0131klamalarda bulundu. 54. H\u00fck\u00fcmetin K\u00fclt\u00fcr ve Turizm Bakanl\u0131\u011f\u0131 g\u00f6revinde bulunan Y\u00fccel, \u201cCHP\u2019li belediyeler Antalya k\u0131y\u0131lar\u0131nda rant\u0131 \u00f6nleyemedi\u201d dedi.\u00a0 \u200bHaberin &hellip;\" \/>\n<meta property=\"og:url\" content=\"https:\/\/denizcankizil.tr\/de\/haberler\/gundem\/eski-bakan-bahattin-yucel-chpli-belediyeleri-sucladi-kiyida-rantin-onune-gecilemedi\/\" \/>\n<meta property=\"og:site_name\" content=\"Av. Deniz Can K\u0131z\u0131l\" \/>\n<meta property=\"article:published_time\" content=\"2025-06-10T12:41:46+00:00\" \/>\n<meta name=\"author\" content=\"Antalya K\u00f6rfez\" \/>\n<meta name=\"twitter:card\" content=\"summary_large_image\" \/>\n<meta name=\"twitter:label1\" content=\"Verfasst von\" \/>\n\t<meta name=\"twitter:data1\" content=\"Antalya K\u00f6rfez\" \/>\n\t<meta name=\"twitter:label2\" content=\"Gesch\u00e4tzte Lesezeit\" \/>\n\t<meta name=\"twitter:data2\" content=\"2\u00a0Minuten\" \/>\n<script type=\"application\/ld+json\" class=\"yoast-schema-graph\">{\"@context\":\"https:\/\/schema.org\",\"@graph\":[{\"@type\":\"Article\",\"@id\":\"https:\/\/denizcankizil.tr\/de\/haberler\/gundem\/eski-bakan-bahattin-yucel-chpli-belediyeleri-sucladi-kiyida-rantin-onune-gecilemedi\/#article\",\"isPartOf\":{\"@id\":\"https:\/\/denizcankizil.tr\/de\/haberler\/gundem\/eski-bakan-bahattin-yucel-chpli-belediyeleri-sucladi-kiyida-rantin-onune-gecilemedi\/\"},\"author\":{\"name\":\"Antalya K\u00f6rfez\",\"@id\":\"https:\/\/denizcankizil.tr\/de\/#\/schema\/person\/e1eb71bb4dd684d46563f0af307e1234\"},\"headline\":\"Eski Bakan Bahattin Y\u00fccel, CHP\u2019li belediyeleri su\u00e7lad\u0131: \u201cK\u0131y\u0131da rant\u0131n \u00f6n\u00fcne ge\u00e7ilemedi\u201d\",\"datePublished\":\"2025-06-10T12:41:46+00:00\",\"mainEntityOfPage\":{\"@id\":\"https:\/\/denizcankizil.tr\/de\/haberler\/gundem\/eski-bakan-bahattin-yucel-chpli-belediyeleri-sucladi-kiyida-rantin-onune-gecilemedi\/\"},\"wordCount\":321,\"publisher\":{\"@id\":\"https:\/\/denizcankizil.tr\/de\/#organization\"},\"articleSection\":[\"G\u00fcndem\"],\"inLanguage\":\"de\"},{\"@type\":\"WebPage\",\"@id\":\"https:\/\/denizcankizil.tr\/de\/haberler\/gundem\/eski-bakan-bahattin-yucel-chpli-belediyeleri-sucladi-kiyida-rantin-onune-gecilemedi\/\",\"url\":\"https:\/\/denizcankizil.tr\/de\/haberler\/gundem\/eski-bakan-bahattin-yucel-chpli-belediyeleri-sucladi-kiyida-rantin-onune-gecilemedi\/\",\"name\":\"Eski Bakan Bahattin Y\u00fccel, CHP\u2019li belediyeleri su\u00e7lad\u0131: \u201cK\u0131y\u0131da rant\u0131n \u00f6n\u00fcne ge\u00e7ilemedi\u201d - Av. Deniz Can K\u0131z\u0131l\",\"isPartOf\":{\"@id\":\"https:\/\/denizcankizil.tr\/de\/#website\"},\"datePublished\":\"2025-06-10T12:41:46+00:00\",\"breadcrumb\":{\"@id\":\"https:\/\/denizcankizil.tr\/de\/haberler\/gundem\/eski-bakan-bahattin-yucel-chpli-belediyeleri-sucladi-kiyida-rantin-onune-gecilemedi\/#breadcrumb\"},\"inLanguage\":\"de\",\"potentialAction\":[{\"@type\":\"ReadAction\",\"target\":[\"https:\/\/denizcankizil.tr\/de\/haberler\/gundem\/eski-bakan-bahattin-yucel-chpli-belediyeleri-sucladi-kiyida-rantin-onune-gecilemedi\/\"]}]},{\"@type\":\"BreadcrumbList\",\"@id\":\"https:\/\/denizcankizil.tr\/de\/haberler\/gundem\/eski-bakan-bahattin-yucel-chpli-belediyeleri-sucladi-kiyida-rantin-onune-gecilemedi\/#breadcrumb\",\"itemListElement\":[{\"@type\":\"ListItem\",\"position\":1,\"name\":\"Home\",\"item\":\"https:\/\/denizcankizil.tr\/de\/\"},{\"@type\":\"ListItem\",\"position\":2,\"name\":\"Eski Bakan Bahattin Y\u00fccel, CHP\u2019li belediyeleri su\u00e7lad\u0131: \u201cK\u0131y\u0131da rant\u0131n \u00f6n\u00fcne ge\u00e7ilemedi\u201d\"}]},{\"@type\":\"WebSite\",\"@id\":\"https:\/\/denizcankizil.tr\/de\/#website\",\"url\":\"https:\/\/denizcankizil.tr\/de\/\",\"name\":\"Av. Deniz Can K\u0131z\u0131l\",\"description\":\"Avukat Deniz Can K\u0131z\u0131l Antalya Barosu\",\"publisher\":{\"@id\":\"https:\/\/denizcankizil.tr\/de\/#organization\"},\"potentialAction\":[{\"@type\":\"SearchAction\",\"target\":{\"@type\":\"EntryPoint\",\"urlTemplate\":\"https:\/\/denizcankizil.tr\/de\/?s={search_term_string}\"},\"query-input\":{\"@type\":\"PropertyValueSpecification\",\"valueRequired\":true,\"valueName\":\"search_term_string\"}}],\"inLanguage\":\"de\"},{\"@type\":\"Organization\",\"@id\":\"https:\/\/denizcankizil.tr\/de\/#organization\",\"name\":\"Av. Deniz Can K\u0131z\u0131l\",\"url\":\"https:\/\/denizcankizil.tr\/de\/\",\"logo\":{\"@type\":\"ImageObject\",\"inLanguage\":\"de\",\"@id\":\"https:\/\/denizcankizil.tr\/de\/#\/schema\/logo\/image\/\",\"url\":\"https:\/\/denizcankizil.tr\/wp-content\/uploads\/2024\/10\/siyah-logo-svg.svg\",\"contentUrl\":\"https:\/\/denizcankizil.tr\/wp-content\/uploads\/2024\/10\/siyah-logo-svg.svg\",\"width\":1080,\"height\":1080,\"caption\":\"Av. Deniz Can K\u0131z\u0131l\"},\"image\":{\"@id\":\"https:\/\/denizcankizil.tr\/de\/#\/schema\/logo\/image\/\"}},{\"@type\":\"Person\",\"@id\":\"https:\/\/denizcankizil.tr\/de\/#\/schema\/person\/e1eb71bb4dd684d46563f0af307e1234\",\"name\":\"Antalya K\u00f6rfez\",\"image\":{\"@type\":\"ImageObject\",\"inLanguage\":\"de\",\"@id\":\"https:\/\/denizcankizil.tr\/de\/#\/schema\/person\/image\/\",\"url\":\"https:\/\/secure.gravatar.com\/avatar\/42b01982558a48a0b501fdcab6a408d3717ea5919095ee2e67b0e521799c5905?s=96&d=mm&r=g\",\"contentUrl\":\"https:\/\/secure.gravatar.com\/avatar\/42b01982558a48a0b501fdcab6a408d3717ea5919095ee2e67b0e521799c5905?s=96&d=mm&r=g\",\"caption\":\"Antalya K\u00f6rfez\"},\"sameAs\":[\"http:\/\/www.antalyakorfez.com\"],\"url\":\"https:\/\/www.antalyakorfez.com\/eski-bakan-bahattin-yucel-chpli-belediyeleri-sucladi-kiyida-rantin-onune-gecilemedi\"}]}<\/script>\n<!-- \/ Yoast SEO Premium plugin. -->","yoast_head_json":{"title":"Eski Bakan Bahattin Y\u00fccel, CHP\u2019li belediyeleri su\u00e7lad\u0131: \u201cK\u0131y\u0131da rant\u0131n \u00f6n\u00fcne ge\u00e7ilemedi\u201d - Av. Deniz Can K\u0131z\u0131l","robots":{"index":"index","follow":"follow","max-snippet":"max-snippet:-1","max-image-preview":"max-image-preview:large","max-video-preview":"max-video-preview:-1"},"canonical":"https:\/\/denizcankizil.tr\/de\/haberler\/gundem\/eski-bakan-bahattin-yucel-chpli-belediyeleri-sucladi-kiyida-rantin-onune-gecilemedi\/","og_locale":"de_DE","og_type":"article","og_title":"Eski Bakan Bahattin Y\u00fccel, CHP\u2019li belediyeleri su\u00e7lad\u0131: \u201cK\u0131y\u0131da rant\u0131n \u00f6n\u00fcne ge\u00e7ilemedi\u201d","og_description":"Sosyal medya hesab\u0131 X\u2019ten takip\u00e7ilerine seslenen eski turizm bakanlar\u0131ndan Bahattin Y\u00fccel, Cumhuriyet Halk Partili belediyelerin \u00fclkenin \u00f6nemli turizm merkezlerinin y\u00fczde 80\u2019inde y\u00f6netimi elinde bulundurdu\u011funu ifade etti. Buna ra\u011fmen k\u0131y\u0131 boyunca CHP\u2019li y\u00f6netimleri rant\u0131n \u00f6n\u00fcne ge\u00e7ememekle su\u00e7layan eski bakan Y\u00fccel, ya\u015fanan s\u00fcre\u00e7ten duydu\u011fu \u00fcz\u00fcnt\u00fcy\u00fc dile getirdi. ANTALYA VE MU\u011eLA KIYILARI \u201cCHP \u00fclkenin turistik merkezlerinin bulundu\u011fu il ve il\u00e7elerin y\u00fczde seksenden fazlas\u0131n\u0131 y\u00f6netiyor\u201d \u015feklinde konu\u015fan K\u00fclt\u00fcr ve Turizm eski bakanlar\u0131ndan Bahattin Y\u00fccel a\u00e7\u0131klamas\u0131nda, \u201cAncak halka a\u00e7\u0131k olmas\u0131 gereken k\u0131y\u0131lardan \u00fccretsiz yararlanmas\u0131n\u0131 hen\u00fcz sa\u011flayamad\u0131. Antalya ve Mu\u011fla k\u0131y\u0131lar\u0131nda rant\u0131 \u00f6nleyemedi\u201d dedi. BAHATT\u0130N Y\u00dcCEL HAKKINDA Turizmci ve siyaset\u00e7i Bahattin Y\u00fccel \u0130stanbul \u00dcniversitesi Edebiyat Fak\u00fcltesi Tarih B\u00f6l\u00fcm\u00fc mezunu. \u0130ki d\u00f6nem T\u00fcrkiye Seyahat Acentalar\u0131 Birli\u011fi T\u00dcRSAB genel sekreterli\u011fi, 12 Eyl\u00fcl darbe s\u00fcreci dahil \u00fc\u00e7 d\u00f6nem T\u00dcRSAB Y\u00f6netim Kurulu Ba\u015fkanl\u0131\u011f\u0131 g\u00f6revini y\u00fcr\u00fctt\u00fc. XIX. ve XX. D\u00f6nem \u0130stanbul milletvekilli\u011fine se\u00e7ilen Bahattin Y\u00fccel, 54. H\u00fck\u00fcmet d\u00f6neminde Turizm Bakan\u0131yd\u0131. De\u011fi\u015fik medya organlar\u0131nda makaleler yazan, r\u00f6portajlara konu olan ve siyasi an\u0131lar\u0131n\u0131 anlatt\u0131\u011f\u0131 Ankara\u2019da S\u0131cak Bir Yaz G\u00fcn\u00fc (2019) ile Turizm, D\u00fcn, Bug\u00fcn, Yar\u0131n(2020) adl\u0131 iki kitab\u0131 bulunan Y\u00fccel, evli ve iki \u00e7ocuk babas\u0131. \u200bEski Turizm Bakan\u0131 Bahattin Y\u00fccel, sosyal medya hesab\u0131ndan \u00f6nemli a\u00e7\u0131klamalarda bulundu. 54. H\u00fck\u00fcmetin K\u00fclt\u00fcr ve Turizm Bakanl\u0131\u011f\u0131 g\u00f6revinde bulunan Y\u00fccel, \u201cCHP\u2019li belediyeler Antalya k\u0131y\u0131lar\u0131nda rant\u0131 \u00f6nleyemedi\u201d dedi.\u00a0 \u200bHaberin &hellip;","og_url":"https:\/\/denizcankizil.tr\/de\/haberler\/gundem\/eski-bakan-bahattin-yucel-chpli-belediyeleri-sucladi-kiyida-rantin-onune-gecilemedi\/","og_site_name":"Av. Deniz Can K\u0131z\u0131l","article_published_time":"2025-06-10T12:41:46+00:00","author":"Antalya K\u00f6rfez","twitter_card":"summary_large_image","twitter_misc":{"Verfasst von":"Antalya K\u00f6rfez","Gesch\u00e4tzte Lesezeit":"2\u00a0Minuten"},"schema":{"@context":"https:\/\/schema.org","@graph":[{"@type":"Article","@id":"https:\/\/denizcankizil.tr\/de\/haberler\/gundem\/eski-bakan-bahattin-yucel-chpli-belediyeleri-sucladi-kiyida-rantin-onune-gecilemedi\/#article","isPartOf":{"@id":"https:\/\/denizcankizil.tr\/de\/haberler\/gundem\/eski-bakan-bahattin-yucel-chpli-belediyeleri-sucladi-kiyida-rantin-onune-gecilemedi\/"},"author":{"name":"Antalya K\u00f6rfez","@id":"https:\/\/denizcankizil.tr\/de\/#\/schema\/person\/e1eb71bb4dd684d46563f0af307e1234"},"headline":"Eski Bakan Bahattin Y\u00fccel, CHP\u2019li belediyeleri su\u00e7lad\u0131: \u201cK\u0131y\u0131da rant\u0131n \u00f6n\u00fcne ge\u00e7ilemedi\u201d","datePublished":"2025-06-10T12:41:46+00:00","mainEntityOfPage":{"@id":"https:\/\/denizcankizil.tr\/de\/haberler\/gundem\/eski-bakan-bahattin-yucel-chpli-belediyeleri-sucladi-kiyida-rantin-onune-gecilemedi\/"},"wordCount":321,"publisher":{"@id":"https:\/\/denizcankizil.tr\/de\/#organization"},"articleSection":["G\u00fcndem"],"inLanguage":"de"},{"@type":"WebPage","@id":"https:\/\/denizcankizil.tr\/de\/haberler\/gundem\/eski-bakan-bahattin-yucel-chpli-belediyeleri-sucladi-kiyida-rantin-onune-gecilemedi\/","url":"https:\/\/denizcankizil.tr\/de\/haberler\/gundem\/eski-bakan-bahattin-yucel-chpli-belediyeleri-sucladi-kiyida-rantin-onune-gecilemedi\/","name":"Eski Bakan Bahattin Y\u00fccel, CHP\u2019li belediyeleri su\u00e7lad\u0131: \u201cK\u0131y\u0131da rant\u0131n \u00f6n\u00fcne ge\u00e7ilemedi\u201d - Av. Deniz Can K\u0131z\u0131l","isPartOf":{"@id":"https:\/\/denizcankizil.tr\/de\/#website"},"datePublished":"2025-06-10T12:41:46+00:00","breadcrumb":{"@id":"https:\/\/denizcankizil.tr\/de\/haberler\/gundem\/eski-bakan-bahattin-yucel-chpli-belediyeleri-sucladi-kiyida-rantin-onune-gecilemedi\/#breadcrumb"},"inLanguage":"de","potentialAction":[{"@type":"ReadAction","target":["https:\/\/denizcankizil.tr\/de\/haberler\/gundem\/eski-bakan-bahattin-yucel-chpli-belediyeleri-sucladi-kiyida-rantin-onune-gecilemedi\/"]}]},{"@type":"BreadcrumbList","@id":"https:\/\/denizcankizil.tr\/de\/haberler\/gundem\/eski-bakan-bahattin-yucel-chpli-belediyeleri-sucladi-kiyida-rantin-onune-gecilemedi\/#breadcrumb","itemListElement":[{"@type":"ListItem","position":1,"name":"Home","item":"https:\/\/denizcankizil.tr\/de\/"},{"@type":"ListItem","position":2,"name":"Eski Bakan Bahattin Y\u00fccel, CHP\u2019li belediyeleri su\u00e7lad\u0131: \u201cK\u0131y\u0131da rant\u0131n \u00f6n\u00fcne ge\u00e7ilemedi\u201d"}]},{"@type":"WebSite","@id":"https:\/\/denizcankizil.tr\/de\/#website","url":"https:\/\/denizcankizil.tr\/de\/","name":"Av. Deniz Can K\u0131z\u0131l","description":"Avukat Deniz Can K\u0131z\u0131l Antalya Barosu","publisher":{"@id":"https:\/\/denizcankizil.tr\/de\/#organization"},"potentialAction":[{"@type":"SearchAction","target":{"@type":"EntryPoint","urlTemplate":"https:\/\/denizcankizil.tr\/de\/?s={search_term_string}"},"query-input":{"@type":"PropertyValueSpecification","valueRequired":true,"valueName":"search_term_string"}}],"inLanguage":"de"},{"@type":"Organization","@id":"https:\/\/denizcankizil.tr\/de\/#organization","name":"Av. Deniz Can K\u0131z\u0131l","url":"https:\/\/denizcankizil.tr\/de\/","logo":{"@type":"ImageObject","inLanguage":"de","@id":"https:\/\/denizcankizil.tr\/de\/#\/schema\/logo\/image\/","url":"https:\/\/denizcankizil.tr\/wp-content\/uploads\/2024\/10\/siyah-logo-svg.svg","contentUrl":"https:\/\/denizcankizil.tr\/wp-content\/uploads\/2024\/10\/siyah-logo-svg.svg","width":1080,"height":1080,"caption":"Av. Deniz Can K\u0131z\u0131l"},"image":{"@id":"https:\/\/denizcankizil.tr\/de\/#\/schema\/logo\/image\/"}},{"@type":"Person","@id":"https:\/\/denizcankizil.tr\/de\/#\/schema\/person\/e1eb71bb4dd684d46563f0af307e1234","name":"Antalya K\u00f6rfez","image":{"@type":"ImageObject","inLanguage":"de","@id":"https:\/\/denizcankizil.tr\/de\/#\/schema\/person\/image\/","url":"https:\/\/secure.gravatar.com\/avatar\/42b01982558a48a0b501fdcab6a408d3717ea5919095ee2e67b0e521799c5905?s=96&d=mm&r=g","contentUrl":"https:\/\/secure.gravatar.com\/avatar\/42b01982558a48a0b501fdcab6a408d3717ea5919095ee2e67b0e521799c5905?s=96&d=mm&r=g","caption":"Antalya K\u00f6rfez"},"sameAs":["http:\/\/www.antalyakorfez.com"],"url":"https:\/\/www.antalyakorfez.com\/eski-bakan-bahattin-yucel-chpli-belediyeleri-sucladi-kiyida-rantin-onune-gecilemedi"}]}},"_links":{"self":[{"href":"https:\/\/denizcankizil.tr\/de\/wp-json\/wp\/v2\/posts\/112530","targetHints":{"allow":["GET"]}}],"collection":[{"href":"https:\/\/denizcankizil.tr\/de\/wp-json\/wp\/v2\/posts"}],"about":[{"href":"https:\/\/denizcankizil.tr\/de\/wp-json\/wp\/v2\/types\/post"}],"author":[{"embeddable":true,"href":"https:\/\/denizcankizil.tr\/de\/wp-json\/wp\/v2\/users\/5"}],"replies":[{"embeddable":true,"href":"https:\/\/denizcankizil.tr\/de\/wp-json\/wp\/v2\/comments?post=112530"}],"version-history":[{"count":0,"href":"https:\/\/denizcankizil.tr\/de\/wp-json\/wp\/v2\/posts\/112530\/revisions"}],"wp:attachment":[{"href":"https:\/\/denizcankizil.tr\/de\/wp-json\/wp\/v2\/media?parent=112530"}],"wp:term":[{"taxonomy":"category","embeddable":true,"href":"https:\/\/denizcankizil.tr\/de\/wp-json\/wp\/v2\/categories?post=112530"},{"taxonomy":"post_tag","embeddable":true,"href":"https:\/\/denizcankizil.tr\/de\/wp-json\/wp\/v2\/tags?post=112530"}],"curies":[{"name":"wp","href":"https:\/\/api.w.org\/{rel}","templated":true}]}}