{"id":112516,"date":"2025-06-10T14:42:40","date_gmt":"2025-06-10T11:42:40","guid":{"rendered":"https:\/\/denizcankizil.tr\/uncategorized-tr\/sivas-sicak-cermik-aquapark-yeniden-hizmete-giriyor\/"},"modified":"2025-06-10T14:42:40","modified_gmt":"2025-06-10T11:42:40","slug":"sivas-sicak-cermik-aquapark-yeniden-hizmete-giriyor","status":"publish","type":"post","link":"https:\/\/denizcankizil.tr\/de\/haberler\/gundem\/sivas-sicak-cermik-aquapark-yeniden-hizmete-giriyor\/","title":{"rendered":"Sivas S\u0131cak \u00c7ermik Aquapark yeniden hizmete giriyor"},"content":{"rendered":"<p>Sivas\u2019\u0131n termal turizm merkezlerinden S\u0131cak \u00c7ermik\u2019te bak\u0131ms\u0131zl\u0131k nedeniyle y\u0131llard\u0131r kapal\u0131 durumda bulunan aquapark \u00f6n\u00fcm\u00fczdeki g\u00fcnlerde yeniden hizmete girecek.\u00a0S\u0130VAS (\u0130GFA) &#8211; Sivas Belediye Ba\u015fkan\u0131 Dr. Adem Uzun\u2019un talimat\u0131yla ba\u015flat\u0131lan kapsaml\u0131 tadilat, yenileme ve g\u00fcvenli\u011fi art\u0131rma \u00e7al\u0131\u015fmalar\u0131nda sona gelindi. S\u0131cak \u00c7ermik\u2019i termal turizm merkezi yapma yolunda en \u00f6nemli projelerden biri olan Aquapark Sa\u011fl\u0131k, Spor ve E\u011flence Merkezi y\u0131llard\u0131r \u00e2t\u0131l durumda bekliyordu. Merkezin i\u00e7indeki bir\u00e7ok tesis bak\u0131ms\u0131zl\u0131k nedeniyle hizmet veremez durumdayd\u0131.<br \/>\nBa\u015fkan Uzun\u2019un talimatlar\u0131 sonras\u0131 ba\u015flayan \u00e7al\u0131\u015fmalar k\u0131sa s\u00fcrede tamamland\u0131 ve tesis hizmete haz\u0131r hale getirildi. <\/p>\n<p>AQUAPARK \u0130\u00c7\u0130N CANKURTARAN ALIMI YAPILACAK<br \/>\n\u00d6te yandan S\u0131cak \u00c7ermik Aquapark i\u00e7in profesyonel cankurtaran, havuz suyu operat\u00f6r\u00fc ve makine m\u00fchendisi istihdam\u0131 i\u00e7in de \u0130\u015f-Kur \u00fczerinden ilan yay\u0131nland\u0131.<br \/>\n11 Haziran \u00c7ar\u015famba g\u00fcn\u00fcne kadar m\u00fcracaat\u0131n\u0131 yapan kadar gerekli \u015fartlar\u0131 sa\u011flayan ve ba\u015fvuruda bulunan adaylar \u00d6zbelsan A\u015e \u0130nsan Kaynaklar\u0131 taraf\u0131ndan uygulamal\u0131 m\u00fclakata tabi tutulacak.<br \/>\nM\u00fclakat sonras\u0131 ba\u015far\u0131l\u0131 bulunan 6\u2019\u0131 kad\u0131n toplam 12 Cankurtaran, 2 Havuz Suyu Operat\u00f6r\u00fc ve 1 Makine M\u00fchendisi S\u0131cak \u00c7ermik Aquapark tesislerinde i\u015fba\u015f\u0131 yapacak. <\/p>\n<p>SICAK \u00c7ERM\u0130K FARKLI Y\u00dcZ\u00dcYLE SEZONA HAZIR<br \/>\nSezona yenilenmi\u015f yollar\u0131 ve peyzaj\u0131, art\u0131r\u0131lm\u0131\u015f ye\u015fil alanlar\u0131, sosyal donat\u0131lar\u0131 ve g\u00fc\u00e7l\u00fc bir ekiple girmeye haz\u0131rlanan S\u0131cak \u00c7ermik\u2019e ayr\u0131ca a\u00e7\u0131k havuzlar da yeniden kazand\u0131r\u0131lacak.<br \/>\nKad\u0131n-erkek ayr\u0131 a\u00e7\u0131k havuzlar i\u00e7in de \u00e7al\u0131\u015fmalar\u0131n ba\u015flad\u0131\u011f\u0131 ve \u00e7ok eski bir k\u00fclt\u00fcr olan a\u00e7\u0131k havuz keyfinin yeniden ba\u015flayaca\u011f\u0131 bildirildi.<\/p>\n<p>\u200bSivas\u2019\u0131n termal turizm merkezlerinden S\u0131cak \u00c7ermik\u2019te bak\u0131ms\u0131zl\u0131k nedeniyle y\u0131llard\u0131r kapal\u0131 durumda bulunan aquapark \u00f6n\u00fcm\u00fczdeki g\u00fcnlerde yeniden hizmete girecek.\u00a0S\u0130VAS (\u0130GFA) &#8211; Sivas Belediye Ba\u015fkan\u0131 Dr. Adem Uzun\u2019un talimat\u0131yla ba\u015flat\u0131lan kapsaml\u0131 tadilat, yenileme ve g\u00fcvenli\u011fi art\u0131rma \u00e7al\u0131\u015fmalar\u0131nda sona gelindi. S\u0131cak \u00c7ermik\u2019i termal turizm merkezi yapma yolunda en \u00f6nemli projelerden biri olan Aquapark Sa\u011fl\u0131k, Spor ve E\u011flence Merkezi y\u0131llard\u0131r \u00e2t\u0131l durumda bekliyordu. Merkezin i\u00e7indeki bir\u00e7ok tesis bak\u0131ms\u0131zl\u0131k nedeniyle hizmet veremez durumdayd\u0131.<br \/>\nBa\u015fkan Uzun\u2019un talimatlar\u0131 sonras\u0131 ba\u015flayan \u00e7al\u0131\u015fmalar k\u0131sa s\u00fcrede tamamland\u0131 ve tesis hizmete haz\u0131r hale getirildi. <\/p>\n<p>AQUAPARK \u0130\u00c7\u0130N CANKURTARAN ALIMI YAPILACAK<br \/>\n\u00d6te yandan S\u0131cak \u00c7ermik Aquapark i\u00e7in profesyonel cankurtaran, havuz suyu operat\u00f6r\u00fc ve makine m\u00fchendisi istihdam\u0131 i\u00e7in de \u0130\u015f-Kur \u00fczerinden ilan yay\u0131nland\u0131.<br \/>\n11 Haziran \u00c7ar\u015famba g\u00fcn\u00fcne kadar m\u00fcracaat\u0131n\u0131 yapan kadar gerekli \u015fartlar\u0131 sa\u011flayan ve ba\u015fvuruda bulunan adaylar \u00d6zbelsan A\u015e \u0130nsan Kaynaklar\u0131 taraf\u0131ndan uygulamal\u0131 m\u00fclakata tabi tutulacak.<br \/>\nM\u00fclakat sonras\u0131 ba\u015far\u0131l\u0131 bulunan 6\u2019\u0131 kad\u0131n toplam 12 Cankurtaran, 2 Havuz Suyu Operat\u00f6r\u00fc ve 1 Makine M\u00fchendisi S\u0131cak \u00c7ermik Aquapark tesislerinde i\u015fba\u015f\u0131 yapacak. <\/p>\n<p>SICAK \u00c7ERM\u0130K FARKLI Y\u00dcZ\u00dcYLE SEZONA HAZIR<br \/>\nSezona yenilenmi\u015f yollar\u0131 ve peyzaj\u0131, art\u0131r\u0131lm\u0131\u015f ye\u015fil alanlar\u0131, sosyal donat\u0131lar\u0131 ve g\u00fc\u00e7l\u00fc bir ekiple girmeye haz\u0131rlanan S\u0131cak \u00c7ermik\u2019e ayr\u0131ca a\u00e7\u0131k havuzlar da yeniden kazand\u0131r\u0131lacak.<br \/>\nKad\u0131n-erkek ayr\u0131 a\u00e7\u0131k havuzlar i\u00e7in de \u00e7al\u0131\u015fmalar\u0131n ba\u015flad\u0131\u011f\u0131 ve \u00e7ok eski bir k\u00fclt\u00fcr olan a\u00e7\u0131k havuz keyfinin yeniden ba\u015flayaca\u011f\u0131 bildirildi.\u00a0<\/p>\n<p>\u200bHaberin Al\u0131nt\u0131land\u0131\u011f\u0131 Kaynak: www.iskenderun.org<\/p>","protected":false},"excerpt":{"rendered":"<p>Sivas\u2019\u0131n termal turizm merkezlerinden S\u0131cak \u00c7ermik\u2019te bak\u0131ms\u0131zl\u0131k nedeniyle y\u0131llard\u0131r kapal\u0131 durumda bulunan aquapark \u00f6n\u00fcm\u00fczdeki g\u00fcnlerde yeniden hizmete girecek.\u00a0S\u0130VAS (\u0130GFA) &#8211; Sivas Belediye Ba\u015fkan\u0131 Dr. Adem Uzun\u2019un talimat\u0131yla ba\u015flat\u0131lan kapsaml\u0131 tadilat, yenileme ve g\u00fcvenli\u011fi art\u0131rma \u00e7al\u0131\u015fmalar\u0131nda sona gelindi. S\u0131cak \u00c7ermik\u2019i termal turizm merkezi yapma yolunda en \u00f6nemli projelerden biri olan Aquapark Sa\u011fl\u0131k, Spor ve E\u011flence Merkezi y\u0131llard\u0131r \u00e2t\u0131l durumda bekliyordu. Merkezin i\u00e7indeki bir\u00e7ok tesis bak\u0131ms\u0131zl\u0131k nedeniyle hizmet veremez durumdayd\u0131. Ba\u015fkan Uzun\u2019un talimatlar\u0131 sonras\u0131 ba\u015flayan \u00e7al\u0131\u015fmalar k\u0131sa s\u00fcrede tamamland\u0131 ve tesis hizmete haz\u0131r hale getirildi. AQUAPARK \u0130\u00c7\u0130N CANKURTARAN ALIMI YAPILACAK \u00d6te yandan S\u0131cak \u00c7ermik Aquapark i\u00e7in profesyonel cankurtaran, havuz suyu operat\u00f6r\u00fc ve makine m\u00fchendisi istihdam\u0131 i\u00e7in de \u0130\u015f-Kur \u00fczerinden ilan yay\u0131nland\u0131. 11 Haziran \u00c7ar\u015famba g\u00fcn\u00fcne kadar m\u00fcracaat\u0131n\u0131 yapan kadar gerekli \u015fartlar\u0131 sa\u011flayan ve ba\u015fvuruda bulunan adaylar \u00d6zbelsan A\u015e \u0130nsan Kaynaklar\u0131 taraf\u0131ndan uygulamal\u0131 m\u00fclakata tabi tutulacak. M\u00fclakat sonras\u0131 ba\u015far\u0131l\u0131 bulunan 6\u2019\u0131 kad\u0131n toplam 12 Cankurtaran, 2 Havuz Suyu Operat\u00f6r\u00fc ve 1 Makine M\u00fchendisi S\u0131cak \u00c7ermik Aquapark tesislerinde i\u015fba\u015f\u0131 yapacak. SICAK \u00c7ERM\u0130K FARKLI Y\u00dcZ\u00dcYLE SEZONA HAZIR Sezona yenilenmi\u015f yollar\u0131 ve peyzaj\u0131, art\u0131r\u0131lm\u0131\u015f ye\u015fil alanlar\u0131, sosyal donat\u0131lar\u0131 ve g\u00fc\u00e7l\u00fc bir ekiple girmeye haz\u0131rlanan S\u0131cak \u00c7ermik\u2019e ayr\u0131ca a\u00e7\u0131k havuzlar da yeniden kazand\u0131r\u0131lacak. Kad\u0131n-erkek ayr\u0131 a\u00e7\u0131k havuzlar i\u00e7in de \u00e7al\u0131\u015fmalar\u0131n ba\u015flad\u0131\u011f\u0131 ve \u00e7ok eski bir k\u00fclt\u00fcr olan &hellip;<\/p>","protected":false},"author":1,"featured_media":0,"comment_status":"","ping_status":"open","sticky":false,"template":"","format":"standard","meta":{"_acf_changed":false,"footnotes":""},"categories":[24],"tags":[],"class_list":["post-112516","post","type-post","status-publish","format-standard","has-post-thumbnail","hentry","category-gundem"],"acf":[],"yoast_head":"<!-- This site is optimized with the Yoast SEO Premium plugin v26.6 (Yoast SEO v27.1.1) - https:\/\/yoast.com\/product\/yoast-seo-premium-wordpress\/ -->\n<title>Sivas S\u0131cak \u00c7ermik Aquapark yeniden hizmete giriyor - Av. Deniz Can K\u0131z\u0131l<\/title>\n<meta name=\"robots\" content=\"index, follow, max-snippet:-1, max-image-preview:large, max-video-preview:-1\" \/>\n<link rel=\"canonical\" href=\"https:\/\/denizcankizil.tr\/de\/haberler\/gundem\/sivas-sicak-cermik-aquapark-yeniden-hizmete-giriyor\/\" \/>\n<meta property=\"og:locale\" content=\"de_DE\" \/>\n<meta property=\"og:type\" content=\"article\" \/>\n<meta property=\"og:title\" content=\"Sivas S\u0131cak \u00c7ermik Aquapark yeniden hizmete giriyor\" \/>\n<meta property=\"og:description\" content=\"Sivas\u2019\u0131n termal turizm merkezlerinden S\u0131cak \u00c7ermik\u2019te bak\u0131ms\u0131zl\u0131k nedeniyle y\u0131llard\u0131r kapal\u0131 durumda bulunan aquapark \u00f6n\u00fcm\u00fczdeki g\u00fcnlerde yeniden hizmete girecek.\u00a0S\u0130VAS (\u0130GFA) &#8211; Sivas Belediye Ba\u015fkan\u0131 Dr. Adem Uzun\u2019un talimat\u0131yla ba\u015flat\u0131lan kapsaml\u0131 tadilat, yenileme ve g\u00fcvenli\u011fi art\u0131rma \u00e7al\u0131\u015fmalar\u0131nda sona gelindi. S\u0131cak \u00c7ermik\u2019i termal turizm merkezi yapma yolunda en \u00f6nemli projelerden biri olan Aquapark Sa\u011fl\u0131k, Spor ve E\u011flence Merkezi y\u0131llard\u0131r \u00e2t\u0131l durumda bekliyordu. Merkezin i\u00e7indeki bir\u00e7ok tesis bak\u0131ms\u0131zl\u0131k nedeniyle hizmet veremez durumdayd\u0131. Ba\u015fkan Uzun\u2019un talimatlar\u0131 sonras\u0131 ba\u015flayan \u00e7al\u0131\u015fmalar k\u0131sa s\u00fcrede tamamland\u0131 ve tesis hizmete haz\u0131r hale getirildi. AQUAPARK \u0130\u00c7\u0130N CANKURTARAN ALIMI YAPILACAK \u00d6te yandan S\u0131cak \u00c7ermik Aquapark i\u00e7in profesyonel cankurtaran, havuz suyu operat\u00f6r\u00fc ve makine m\u00fchendisi istihdam\u0131 i\u00e7in de \u0130\u015f-Kur \u00fczerinden ilan yay\u0131nland\u0131. 11 Haziran \u00c7ar\u015famba g\u00fcn\u00fcne kadar m\u00fcracaat\u0131n\u0131 yapan kadar gerekli \u015fartlar\u0131 sa\u011flayan ve ba\u015fvuruda bulunan adaylar \u00d6zbelsan A\u015e \u0130nsan Kaynaklar\u0131 taraf\u0131ndan uygulamal\u0131 m\u00fclakata tabi tutulacak. M\u00fclakat sonras\u0131 ba\u015far\u0131l\u0131 bulunan 6\u2019\u0131 kad\u0131n toplam 12 Cankurtaran, 2 Havuz Suyu Operat\u00f6r\u00fc ve 1 Makine M\u00fchendisi S\u0131cak \u00c7ermik Aquapark tesislerinde i\u015fba\u015f\u0131 yapacak. SICAK \u00c7ERM\u0130K FARKLI Y\u00dcZ\u00dcYLE SEZONA HAZIR Sezona yenilenmi\u015f yollar\u0131 ve peyzaj\u0131, art\u0131r\u0131lm\u0131\u015f ye\u015fil alanlar\u0131, sosyal donat\u0131lar\u0131 ve g\u00fc\u00e7l\u00fc bir ekiple girmeye haz\u0131rlanan S\u0131cak \u00c7ermik\u2019e ayr\u0131ca a\u00e7\u0131k havuzlar da yeniden kazand\u0131r\u0131lacak. Kad\u0131n-erkek ayr\u0131 a\u00e7\u0131k havuzlar i\u00e7in de \u00e7al\u0131\u015fmalar\u0131n ba\u015flad\u0131\u011f\u0131 ve \u00e7ok eski bir k\u00fclt\u00fcr olan &hellip;\" \/>\n<meta property=\"og:url\" content=\"https:\/\/denizcankizil.tr\/de\/haberler\/gundem\/sivas-sicak-cermik-aquapark-yeniden-hizmete-giriyor\/\" \/>\n<meta property=\"og:site_name\" content=\"Av. Deniz Can K\u0131z\u0131l\" \/>\n<meta property=\"article:published_time\" content=\"2025-06-10T11:42:40+00:00\" \/>\n<meta name=\"author\" content=\"admin\" \/>\n<meta name=\"twitter:card\" content=\"summary_large_image\" \/>\n<meta name=\"twitter:label1\" content=\"Verfasst von\" \/>\n\t<meta name=\"twitter:data1\" content=\"admin\" \/>\n\t<meta name=\"twitter:label2\" content=\"Gesch\u00e4tzte Lesezeit\" \/>\n\t<meta name=\"twitter:data2\" content=\"3\u00a0Minuten\" \/>\n<script type=\"application\/ld+json\" class=\"yoast-schema-graph\">{\"@context\":\"https:\/\/schema.org\",\"@graph\":[{\"@type\":\"Article\",\"@id\":\"https:\/\/denizcankizil.tr\/de\/haberler\/gundem\/sivas-sicak-cermik-aquapark-yeniden-hizmete-giriyor\/#article\",\"isPartOf\":{\"@id\":\"https:\/\/denizcankizil.tr\/de\/haberler\/gundem\/sivas-sicak-cermik-aquapark-yeniden-hizmete-giriyor\/\"},\"author\":{\"name\":\"admin\",\"@id\":\"https:\/\/denizcankizil.tr\/#\/schema\/person\/be3c05fe6a12686905512445d8185489\"},\"headline\":\"Sivas S\u0131cak \u00c7ermik Aquapark yeniden hizmete giriyor\",\"datePublished\":\"2025-06-10T11:42:40+00:00\",\"mainEntityOfPage\":{\"@id\":\"https:\/\/denizcankizil.tr\/de\/haberler\/gundem\/sivas-sicak-cermik-aquapark-yeniden-hizmete-giriyor\/\"},\"wordCount\":600,\"publisher\":{\"@id\":\"https:\/\/denizcankizil.tr\/#organization\"},\"articleSection\":[\"G\u00fcndem\"],\"inLanguage\":\"de\"},{\"@type\":\"WebPage\",\"@id\":\"https:\/\/denizcankizil.tr\/de\/haberler\/gundem\/sivas-sicak-cermik-aquapark-yeniden-hizmete-giriyor\/\",\"url\":\"https:\/\/denizcankizil.tr\/de\/haberler\/gundem\/sivas-sicak-cermik-aquapark-yeniden-hizmete-giriyor\/\",\"name\":\"Sivas S\u0131cak \u00c7ermik Aquapark yeniden hizmete giriyor - Av. Deniz Can K\u0131z\u0131l\",\"isPartOf\":{\"@id\":\"https:\/\/denizcankizil.tr\/#website\"},\"datePublished\":\"2025-06-10T11:42:40+00:00\",\"breadcrumb\":{\"@id\":\"https:\/\/denizcankizil.tr\/de\/haberler\/gundem\/sivas-sicak-cermik-aquapark-yeniden-hizmete-giriyor\/#breadcrumb\"},\"inLanguage\":\"de\",\"potentialAction\":[{\"@type\":\"ReadAction\",\"target\":[\"https:\/\/denizcankizil.tr\/de\/haberler\/gundem\/sivas-sicak-cermik-aquapark-yeniden-hizmete-giriyor\/\"]}]},{\"@type\":\"BreadcrumbList\",\"@id\":\"https:\/\/denizcankizil.tr\/de\/haberler\/gundem\/sivas-sicak-cermik-aquapark-yeniden-hizmete-giriyor\/#breadcrumb\",\"itemListElement\":[{\"@type\":\"ListItem\",\"position\":1,\"name\":\"Home\",\"item\":\"https:\/\/denizcankizil.tr\/uk\/\"},{\"@type\":\"ListItem\",\"position\":2,\"name\":\"Sivas S\u0131cak \u00c7ermik Aquapark yeniden hizmete giriyor\"}]},{\"@type\":\"WebSite\",\"@id\":\"https:\/\/denizcankizil.tr\/#website\",\"url\":\"https:\/\/denizcankizil.tr\/\",\"name\":\"Av. Deniz Can K\u0131z\u0131l\",\"description\":\"Avukat Deniz Can K\u0131z\u0131l Antalya Barosu\",\"publisher\":{\"@id\":\"https:\/\/denizcankizil.tr\/#organization\"},\"potentialAction\":[{\"@type\":\"SearchAction\",\"target\":{\"@type\":\"EntryPoint\",\"urlTemplate\":\"https:\/\/denizcankizil.tr\/?s={search_term_string}\"},\"query-input\":{\"@type\":\"PropertyValueSpecification\",\"valueRequired\":true,\"valueName\":\"search_term_string\"}}],\"inLanguage\":\"de\"},{\"@type\":\"Organization\",\"@id\":\"https:\/\/denizcankizil.tr\/#organization\",\"name\":\"Av. Deniz Can K\u0131z\u0131l\",\"url\":\"https:\/\/denizcankizil.tr\/\",\"logo\":{\"@type\":\"ImageObject\",\"inLanguage\":\"de\",\"@id\":\"https:\/\/denizcankizil.tr\/#\/schema\/logo\/image\/\",\"url\":\"https:\/\/denizcankizil.tr\/wp-content\/uploads\/2024\/10\/siyah-logo-svg.svg\",\"contentUrl\":\"https:\/\/denizcankizil.tr\/wp-content\/uploads\/2024\/10\/siyah-logo-svg.svg\",\"width\":1080,\"height\":1080,\"caption\":\"Av. Deniz Can K\u0131z\u0131l\"},\"image\":{\"@id\":\"https:\/\/denizcankizil.tr\/#\/schema\/logo\/image\/\"}},{\"@type\":\"Person\",\"@id\":\"https:\/\/denizcankizil.tr\/#\/schema\/person\/be3c05fe6a12686905512445d8185489\",\"name\":\"admin\",\"image\":{\"@type\":\"ImageObject\",\"inLanguage\":\"de\",\"@id\":\"https:\/\/denizcankizil.tr\/#\/schema\/person\/image\/\",\"url\":\"https:\/\/secure.gravatar.com\/avatar\/c1fce94c830dc79107e174f890d7210541c4a63e8e5d816341794a2151c9d58c?s=96&d=mm&r=g\",\"contentUrl\":\"https:\/\/secure.gravatar.com\/avatar\/c1fce94c830dc79107e174f890d7210541c4a63e8e5d816341794a2151c9d58c?s=96&d=mm&r=g\",\"caption\":\"admin\"},\"sameAs\":[\"http:\/\/denizcankizil.tr\"],\"url\":\"https:\/\/www.iskenderun.org\/sivas-sicak-cermik-aquapark-yeniden-hizmete-giriyor\"}]}<\/script>\n<!-- \/ Yoast SEO Premium plugin. -->","yoast_head_json":{"title":"Sivas S\u0131cak \u00c7ermik Aquapark yeniden hizmete giriyor - Av. Deniz Can K\u0131z\u0131l","robots":{"index":"index","follow":"follow","max-snippet":"max-snippet:-1","max-image-preview":"max-image-preview:large","max-video-preview":"max-video-preview:-1"},"canonical":"https:\/\/denizcankizil.tr\/de\/haberler\/gundem\/sivas-sicak-cermik-aquapark-yeniden-hizmete-giriyor\/","og_locale":"de_DE","og_type":"article","og_title":"Sivas S\u0131cak \u00c7ermik Aquapark yeniden hizmete giriyor","og_description":"Sivas\u2019\u0131n termal turizm merkezlerinden S\u0131cak \u00c7ermik\u2019te bak\u0131ms\u0131zl\u0131k nedeniyle y\u0131llard\u0131r kapal\u0131 durumda bulunan aquapark \u00f6n\u00fcm\u00fczdeki g\u00fcnlerde yeniden hizmete girecek.\u00a0S\u0130VAS (\u0130GFA) &#8211; Sivas Belediye Ba\u015fkan\u0131 Dr. Adem Uzun\u2019un talimat\u0131yla ba\u015flat\u0131lan kapsaml\u0131 tadilat, yenileme ve g\u00fcvenli\u011fi art\u0131rma \u00e7al\u0131\u015fmalar\u0131nda sona gelindi. S\u0131cak \u00c7ermik\u2019i termal turizm merkezi yapma yolunda en \u00f6nemli projelerden biri olan Aquapark Sa\u011fl\u0131k, Spor ve E\u011flence Merkezi y\u0131llard\u0131r \u00e2t\u0131l durumda bekliyordu. Merkezin i\u00e7indeki bir\u00e7ok tesis bak\u0131ms\u0131zl\u0131k nedeniyle hizmet veremez durumdayd\u0131. Ba\u015fkan Uzun\u2019un talimatlar\u0131 sonras\u0131 ba\u015flayan \u00e7al\u0131\u015fmalar k\u0131sa s\u00fcrede tamamland\u0131 ve tesis hizmete haz\u0131r hale getirildi. AQUAPARK \u0130\u00c7\u0130N CANKURTARAN ALIMI YAPILACAK \u00d6te yandan S\u0131cak \u00c7ermik Aquapark i\u00e7in profesyonel cankurtaran, havuz suyu operat\u00f6r\u00fc ve makine m\u00fchendisi istihdam\u0131 i\u00e7in de \u0130\u015f-Kur \u00fczerinden ilan yay\u0131nland\u0131. 11 Haziran \u00c7ar\u015famba g\u00fcn\u00fcne kadar m\u00fcracaat\u0131n\u0131 yapan kadar gerekli \u015fartlar\u0131 sa\u011flayan ve ba\u015fvuruda bulunan adaylar \u00d6zbelsan A\u015e \u0130nsan Kaynaklar\u0131 taraf\u0131ndan uygulamal\u0131 m\u00fclakata tabi tutulacak. M\u00fclakat sonras\u0131 ba\u015far\u0131l\u0131 bulunan 6\u2019\u0131 kad\u0131n toplam 12 Cankurtaran, 2 Havuz Suyu Operat\u00f6r\u00fc ve 1 Makine M\u00fchendisi S\u0131cak \u00c7ermik Aquapark tesislerinde i\u015fba\u015f\u0131 yapacak. SICAK \u00c7ERM\u0130K FARKLI Y\u00dcZ\u00dcYLE SEZONA HAZIR Sezona yenilenmi\u015f yollar\u0131 ve peyzaj\u0131, art\u0131r\u0131lm\u0131\u015f ye\u015fil alanlar\u0131, sosyal donat\u0131lar\u0131 ve g\u00fc\u00e7l\u00fc bir ekiple girmeye haz\u0131rlanan S\u0131cak \u00c7ermik\u2019e ayr\u0131ca a\u00e7\u0131k havuzlar da yeniden kazand\u0131r\u0131lacak. Kad\u0131n-erkek ayr\u0131 a\u00e7\u0131k havuzlar i\u00e7in de \u00e7al\u0131\u015fmalar\u0131n ba\u015flad\u0131\u011f\u0131 ve \u00e7ok eski bir k\u00fclt\u00fcr olan &hellip;","og_url":"https:\/\/denizcankizil.tr\/de\/haberler\/gundem\/sivas-sicak-cermik-aquapark-yeniden-hizmete-giriyor\/","og_site_name":"Av. Deniz Can K\u0131z\u0131l","article_published_time":"2025-06-10T11:42:40+00:00","author":"admin","twitter_card":"summary_large_image","twitter_misc":{"Verfasst von":"admin","Gesch\u00e4tzte Lesezeit":"3\u00a0Minuten"},"schema":{"@context":"https:\/\/schema.org","@graph":[{"@type":"Article","@id":"https:\/\/denizcankizil.tr\/de\/haberler\/gundem\/sivas-sicak-cermik-aquapark-yeniden-hizmete-giriyor\/#article","isPartOf":{"@id":"https:\/\/denizcankizil.tr\/de\/haberler\/gundem\/sivas-sicak-cermik-aquapark-yeniden-hizmete-giriyor\/"},"author":{"name":"admin","@id":"https:\/\/denizcankizil.tr\/#\/schema\/person\/be3c05fe6a12686905512445d8185489"},"headline":"Sivas S\u0131cak \u00c7ermik Aquapark yeniden hizmete giriyor","datePublished":"2025-06-10T11:42:40+00:00","mainEntityOfPage":{"@id":"https:\/\/denizcankizil.tr\/de\/haberler\/gundem\/sivas-sicak-cermik-aquapark-yeniden-hizmete-giriyor\/"},"wordCount":600,"publisher":{"@id":"https:\/\/denizcankizil.tr\/#organization"},"articleSection":["G\u00fcndem"],"inLanguage":"de"},{"@type":"WebPage","@id":"https:\/\/denizcankizil.tr\/de\/haberler\/gundem\/sivas-sicak-cermik-aquapark-yeniden-hizmete-giriyor\/","url":"https:\/\/denizcankizil.tr\/de\/haberler\/gundem\/sivas-sicak-cermik-aquapark-yeniden-hizmete-giriyor\/","name":"Sivas S\u0131cak \u00c7ermik Aquapark yeniden hizmete giriyor - Av. Deniz Can K\u0131z\u0131l","isPartOf":{"@id":"https:\/\/denizcankizil.tr\/#website"},"datePublished":"2025-06-10T11:42:40+00:00","breadcrumb":{"@id":"https:\/\/denizcankizil.tr\/de\/haberler\/gundem\/sivas-sicak-cermik-aquapark-yeniden-hizmete-giriyor\/#breadcrumb"},"inLanguage":"de","potentialAction":[{"@type":"ReadAction","target":["https:\/\/denizcankizil.tr\/de\/haberler\/gundem\/sivas-sicak-cermik-aquapark-yeniden-hizmete-giriyor\/"]}]},{"@type":"BreadcrumbList","@id":"https:\/\/denizcankizil.tr\/de\/haberler\/gundem\/sivas-sicak-cermik-aquapark-yeniden-hizmete-giriyor\/#breadcrumb","itemListElement":[{"@type":"ListItem","position":1,"name":"Home","item":"https:\/\/denizcankizil.tr\/uk\/"},{"@type":"ListItem","position":2,"name":"Sivas S\u0131cak \u00c7ermik Aquapark yeniden hizmete giriyor"}]},{"@type":"WebSite","@id":"https:\/\/denizcankizil.tr\/#website","url":"https:\/\/denizcankizil.tr\/","name":"Av. Deniz Can K\u0131z\u0131l","description":"Avukat Deniz Can K\u0131z\u0131l Antalya Barosu","publisher":{"@id":"https:\/\/denizcankizil.tr\/#organization"},"potentialAction":[{"@type":"SearchAction","target":{"@type":"EntryPoint","urlTemplate":"https:\/\/denizcankizil.tr\/?s={search_term_string}"},"query-input":{"@type":"PropertyValueSpecification","valueRequired":true,"valueName":"search_term_string"}}],"inLanguage":"de"},{"@type":"Organization","@id":"https:\/\/denizcankizil.tr\/#organization","name":"Av. Deniz Can K\u0131z\u0131l","url":"https:\/\/denizcankizil.tr\/","logo":{"@type":"ImageObject","inLanguage":"de","@id":"https:\/\/denizcankizil.tr\/#\/schema\/logo\/image\/","url":"https:\/\/denizcankizil.tr\/wp-content\/uploads\/2024\/10\/siyah-logo-svg.svg","contentUrl":"https:\/\/denizcankizil.tr\/wp-content\/uploads\/2024\/10\/siyah-logo-svg.svg","width":1080,"height":1080,"caption":"Av. Deniz Can K\u0131z\u0131l"},"image":{"@id":"https:\/\/denizcankizil.tr\/#\/schema\/logo\/image\/"}},{"@type":"Person","@id":"https:\/\/denizcankizil.tr\/#\/schema\/person\/be3c05fe6a12686905512445d8185489","name":"Administrator","image":{"@type":"ImageObject","inLanguage":"de","@id":"https:\/\/denizcankizil.tr\/#\/schema\/person\/image\/","url":"https:\/\/secure.gravatar.com\/avatar\/c1fce94c830dc79107e174f890d7210541c4a63e8e5d816341794a2151c9d58c?s=96&d=mm&r=g","contentUrl":"https:\/\/secure.gravatar.com\/avatar\/c1fce94c830dc79107e174f890d7210541c4a63e8e5d816341794a2151c9d58c?s=96&d=mm&r=g","caption":"admin"},"sameAs":["http:\/\/denizcankizil.tr"],"url":"https:\/\/www.iskenderun.org\/sivas-sicak-cermik-aquapark-yeniden-hizmete-giriyor"}]}},"_links":{"self":[{"href":"https:\/\/denizcankizil.tr\/de\/wp-json\/wp\/v2\/posts\/112516","targetHints":{"allow":["GET"]}}],"collection":[{"href":"https:\/\/denizcankizil.tr\/de\/wp-json\/wp\/v2\/posts"}],"about":[{"href":"https:\/\/denizcankizil.tr\/de\/wp-json\/wp\/v2\/types\/post"}],"author":[{"embeddable":true,"href":"https:\/\/denizcankizil.tr\/de\/wp-json\/wp\/v2\/users\/1"}],"replies":[{"embeddable":true,"href":"https:\/\/denizcankizil.tr\/de\/wp-json\/wp\/v2\/comments?post=112516"}],"version-history":[{"count":0,"href":"https:\/\/denizcankizil.tr\/de\/wp-json\/wp\/v2\/posts\/112516\/revisions"}],"wp:attachment":[{"href":"https:\/\/denizcankizil.tr\/de\/wp-json\/wp\/v2\/media?parent=112516"}],"wp:term":[{"taxonomy":"category","embeddable":true,"href":"https:\/\/denizcankizil.tr\/de\/wp-json\/wp\/v2\/categories?post=112516"},{"taxonomy":"post_tag","embeddable":true,"href":"https:\/\/denizcankizil.tr\/de\/wp-json\/wp\/v2\/tags?post=112516"}],"curies":[{"name":"wp","href":"https:\/\/api.w.org\/{rel}","templated":true}]}}