{"id":112258,"date":"2025-06-10T09:41:16","date_gmt":"2025-06-10T06:41:16","guid":{"rendered":"https:\/\/denizcankizil.tr\/uncategorized-tr\/eglencenin-sonu-hastanede-bitti\/"},"modified":"2025-06-10T09:41:16","modified_gmt":"2025-06-10T06:41:16","slug":"eglencenin-sonu-hastanede-bitti","status":"publish","type":"post","link":"https:\/\/denizcankizil.tr\/de\/haberler\/antalya\/eglencenin-sonu-hastanede-bitti\/","title":{"rendered":"E\u011flencenin sonu hastanede bitti"},"content":{"rendered":"<p>Antalya&#8217;da \u00f6zellikle yaz aylar\u0131nda Konyaalt\u0131 Sahilinde adrenalin ve heyecan arayan gen\u00e7lerin hayatlar\u0131n\u0131 hi\u00e7e sayarak \u015fov amac\u0131yla yakla\u015f\u0131k 40 metrelik falezlerin zirve noktas\u0131na \u00e7\u0131karak denize yapt\u0131klar\u0131 atlay\u0131\u015f izleyenlerin y\u00fcreklerini a\u011fz\u0131na getirirken zaman zamanda geri d\u00f6n\u00fc\u015f\u00fc imkans\u0131z sonu\u00e7lara neden oluyor. Ak\u015fam saat 17.30 s\u0131ralar\u0131nda ya\u015fanan olayda bayram tatilinin son g\u00fcn\u00fcnde arkada\u015flar\u0131 ile birlikte Konyaalt\u0131 Sahiline gelen 18 ya\u015f\u0131ndaki Suriye uyruklu Mohammad Al M. bir s\u00fcre arkada\u015flar\u0131 ile birlikte sahilde y\u00fczd\u00fckten sonra birlikte yakla\u015f\u0131k 40 metrelik falezlerin u\u00e7 noktas\u0131na \u00e7\u0131kt\u0131.<\/p>\n<p>Kendini bo\u015flu\u011fa b\u0131rakt\u0131, a\u011f\u0131r yaraland\u0131<br \/>\nBurada bir s\u00fcre arkada\u015flar\u0131 ile \u015fakala\u015fan Mohammad kendisini bo\u015flu\u011fa b\u0131rakt\u0131. Kontrols\u00fcz bir \u015fekilde atlayan gen\u00e7 karn\u0131n\u0131n \u00fczerine suya \u00e7ak\u0131ld\u0131. Hareketsiz bir \u015fekilde su y\u00fczeyinde kalan gencin yard\u0131m\u0131na o s\u0131rada sahilde bulunan vatanda\u015flar yeti\u015fti. Bu s\u0131rada durumun 112 Acil \u00c7a\u011fr\u0131 Merkezi&#8217;ne bildirilmesi \u00fczerine olay yerine itfaiye, polis ve sa\u011fl\u0131k ekipleri sevk edildi. Vatanda\u015flar taraf\u0131ndan bilinci kapal\u0131 bir \u015fekilde g\u00fc\u00e7l\u00fckle sahile \u00e7\u0131kart\u0131lan gence olay yerine gelen itfaiye ve sa\u011fl\u0131k ekipleri taraf\u0131ndan ilk m\u00fcdahale yap\u0131ld\u0131. Kalbi duran ve su yutan gen\u00e7 ekiplerin uzun u\u011fra\u015flar\u0131 sonucunda yeniden hayata d\u00f6nd\u00fcr\u00fclerek a\u011f\u0131r yaral\u0131 olarak ambulansla Antalya E\u011fitim ve Ara\u015ft\u0131rma Hastanesi&#8217;ne kald\u0131r\u0131ld\u0131. Gencin durumunun ciddiyetini korudu\u011fu bildirildi<\/p>\n<p>Yard\u0131m\u0131na vatanda\u015flar ko\u015ftu<br \/>\nOlay an\u0131nda sahilde bulunan ve gencin falezlerden atlay\u0131\u015f\u0131na \u015fahit olan Adnan Kayap\u0131nar, &#8220;Suyun \u00fczerinde karn\u0131n\u0131n \u00fczerine d\u00fc\u015ft\u00fc. Direk dibe batt\u0131. \u00c7evredeki arkada\u015flar sudan \u00e7\u0131kard\u0131. Sudan \u00e7\u0131kard\u0131klar\u0131nda bayg\u0131nd\u0131, y\u00fcz\u00fc sararm\u0131\u015ft\u0131. B\u00fcy\u00fck kayalar\u0131n en \u00fcst\u00fcnden kar\u0131n \u00fcst\u00fcne atlad\u0131. \u00c7ok fazla ki\u015fi yard\u0131m etmek istedi. Ambulans geldi kalp masaj\u0131 yapt\u0131lar&#8221; dedi.<br \/>\nYa\u015fananlara \u015fahit olan Samet Efe Sarta\u015f ise, &#8220;\u00c7ocuk bir s\u00fcre suyun \u00fczerinde kald\u0131. Kimse \u00e7\u0131kartamad\u0131, sonra yard\u0131ma ko\u015fanlar sudan \u00e7\u0131kard\u0131lar. Ambulans geldi kalp masaj\u0131 yapt\u0131lar. Az \u00f6nce ba\u015fka bir \u00e7ocuk yine atlad\u0131&#8221; dedi.<\/p>\n<p>Kaynak: www.kanalv.com.tr Haber Sitesinden Al\u0131nm\u0131\u015ft\u0131r.<\/p>","protected":false},"excerpt":{"rendered":"<p>Antalya&#8217;da \u00f6zellikle yaz aylar\u0131nda Konyaalt\u0131 Sahilinde adrenalin ve heyecan arayan gen\u00e7lerin hayatlar\u0131n\u0131 hi\u00e7e sayarak \u015fov amac\u0131yla yakla\u015f\u0131k 40 metrelik falezlerin zirve noktas\u0131na \u00e7\u0131karak denize yapt\u0131klar\u0131 atlay\u0131\u015f izleyenlerin y\u00fcreklerini a\u011fz\u0131na getirirken zaman zamanda geri d\u00f6n\u00fc\u015f\u00fc imkans\u0131z sonu\u00e7lara neden oluyor. Ak\u015fam saat 17.30 s\u0131ralar\u0131nda ya\u015fanan olayda bayram tatilinin son g\u00fcn\u00fcnde arkada\u015flar\u0131 ile birlikte Konyaalt\u0131 Sahiline gelen 18 ya\u015f\u0131ndaki Suriye uyruklu Mohammad Al M. bir s\u00fcre arkada\u015flar\u0131 ile birlikte sahilde y\u00fczd\u00fckten sonra birlikte yakla\u015f\u0131k 40 metrelik falezlerin u\u00e7 noktas\u0131na \u00e7\u0131kt\u0131. Kendini bo\u015flu\u011fa b\u0131rakt\u0131, a\u011f\u0131r yaraland\u0131 Burada bir s\u00fcre arkada\u015flar\u0131 ile \u015fakala\u015fan Mohammad kendisini bo\u015flu\u011fa b\u0131rakt\u0131. Kontrols\u00fcz bir \u015fekilde atlayan gen\u00e7 karn\u0131n\u0131n \u00fczerine suya \u00e7ak\u0131ld\u0131. Hareketsiz bir \u015fekilde su y\u00fczeyinde kalan gencin yard\u0131m\u0131na o s\u0131rada sahilde bulunan vatanda\u015flar yeti\u015fti. Bu s\u0131rada durumun 112 Acil \u00c7a\u011fr\u0131 Merkezi&#8217;ne bildirilmesi \u00fczerine olay yerine itfaiye, polis ve sa\u011fl\u0131k ekipleri sevk edildi. Vatanda\u015flar taraf\u0131ndan bilinci kapal\u0131 bir \u015fekilde g\u00fc\u00e7l\u00fckle sahile \u00e7\u0131kart\u0131lan gence olay yerine gelen itfaiye ve sa\u011fl\u0131k ekipleri taraf\u0131ndan ilk m\u00fcdahale yap\u0131ld\u0131. Kalbi duran ve su yutan gen\u00e7 ekiplerin uzun u\u011fra\u015flar\u0131 sonucunda yeniden hayata d\u00f6nd\u00fcr\u00fclerek a\u011f\u0131r yaral\u0131 olarak ambulansla Antalya E\u011fitim ve Ara\u015ft\u0131rma Hastanesi&#8217;ne kald\u0131r\u0131ld\u0131. Gencin durumunun ciddiyetini korudu\u011fu bildirildi Yard\u0131m\u0131na vatanda\u015flar ko\u015ftu Olay an\u0131nda sahilde bulunan ve gencin falezlerden atlay\u0131\u015f\u0131na \u015fahit olan Adnan Kayap\u0131nar, &#8220;Suyun \u00fczerinde karn\u0131n\u0131n &hellip;<\/p>","protected":false},"author":4,"featured_media":0,"comment_status":"","ping_status":"open","sticky":false,"template":"","format":"standard","meta":{"_acf_changed":false,"footnotes":""},"categories":[26],"tags":[],"class_list":["post-112258","post","type-post","status-publish","format-standard","hentry","category-antalya"],"acf":[],"yoast_head":"<!-- This site is optimized with the Yoast SEO Premium plugin v26.6 (Yoast SEO v27.1.1) - https:\/\/yoast.com\/product\/yoast-seo-premium-wordpress\/ -->\n<title>E\u011flencenin sonu hastanede bitti - Av. Deniz Can K\u0131z\u0131l<\/title>\n<meta name=\"robots\" content=\"index, follow, max-snippet:-1, max-image-preview:large, max-video-preview:-1\" \/>\n<link rel=\"canonical\" href=\"https:\/\/denizcankizil.tr\/de\/haberler\/antalya\/eglencenin-sonu-hastanede-bitti\/\" \/>\n<meta property=\"og:locale\" content=\"de_DE\" \/>\n<meta property=\"og:type\" content=\"article\" \/>\n<meta property=\"og:title\" content=\"E\u011flencenin sonu hastanede bitti\" \/>\n<meta property=\"og:description\" content=\"Antalya&#8217;da \u00f6zellikle yaz aylar\u0131nda Konyaalt\u0131 Sahilinde adrenalin ve heyecan arayan gen\u00e7lerin hayatlar\u0131n\u0131 hi\u00e7e sayarak \u015fov amac\u0131yla yakla\u015f\u0131k 40 metrelik falezlerin zirve noktas\u0131na \u00e7\u0131karak denize yapt\u0131klar\u0131 atlay\u0131\u015f izleyenlerin y\u00fcreklerini a\u011fz\u0131na getirirken zaman zamanda geri d\u00f6n\u00fc\u015f\u00fc imkans\u0131z sonu\u00e7lara neden oluyor. Ak\u015fam saat 17.30 s\u0131ralar\u0131nda ya\u015fanan olayda bayram tatilinin son g\u00fcn\u00fcnde arkada\u015flar\u0131 ile birlikte Konyaalt\u0131 Sahiline gelen 18 ya\u015f\u0131ndaki Suriye uyruklu Mohammad Al M. bir s\u00fcre arkada\u015flar\u0131 ile birlikte sahilde y\u00fczd\u00fckten sonra birlikte yakla\u015f\u0131k 40 metrelik falezlerin u\u00e7 noktas\u0131na \u00e7\u0131kt\u0131. Kendini bo\u015flu\u011fa b\u0131rakt\u0131, a\u011f\u0131r yaraland\u0131 Burada bir s\u00fcre arkada\u015flar\u0131 ile \u015fakala\u015fan Mohammad kendisini bo\u015flu\u011fa b\u0131rakt\u0131. Kontrols\u00fcz bir \u015fekilde atlayan gen\u00e7 karn\u0131n\u0131n \u00fczerine suya \u00e7ak\u0131ld\u0131. Hareketsiz bir \u015fekilde su y\u00fczeyinde kalan gencin yard\u0131m\u0131na o s\u0131rada sahilde bulunan vatanda\u015flar yeti\u015fti. Bu s\u0131rada durumun 112 Acil \u00c7a\u011fr\u0131 Merkezi&#8217;ne bildirilmesi \u00fczerine olay yerine itfaiye, polis ve sa\u011fl\u0131k ekipleri sevk edildi. Vatanda\u015flar taraf\u0131ndan bilinci kapal\u0131 bir \u015fekilde g\u00fc\u00e7l\u00fckle sahile \u00e7\u0131kart\u0131lan gence olay yerine gelen itfaiye ve sa\u011fl\u0131k ekipleri taraf\u0131ndan ilk m\u00fcdahale yap\u0131ld\u0131. Kalbi duran ve su yutan gen\u00e7 ekiplerin uzun u\u011fra\u015flar\u0131 sonucunda yeniden hayata d\u00f6nd\u00fcr\u00fclerek a\u011f\u0131r yaral\u0131 olarak ambulansla Antalya E\u011fitim ve Ara\u015ft\u0131rma Hastanesi&#8217;ne kald\u0131r\u0131ld\u0131. Gencin durumunun ciddiyetini korudu\u011fu bildirildi Yard\u0131m\u0131na vatanda\u015flar ko\u015ftu Olay an\u0131nda sahilde bulunan ve gencin falezlerden atlay\u0131\u015f\u0131na \u015fahit olan Adnan Kayap\u0131nar, &#8220;Suyun \u00fczerinde karn\u0131n\u0131n &hellip;\" \/>\n<meta property=\"og:url\" content=\"https:\/\/denizcankizil.tr\/de\/haberler\/antalya\/eglencenin-sonu-hastanede-bitti\/\" \/>\n<meta property=\"og:site_name\" content=\"Av. Deniz Can K\u0131z\u0131l\" \/>\n<meta property=\"article:published_time\" content=\"2025-06-10T06:41:16+00:00\" \/>\n<meta name=\"author\" content=\"Av. Deniz Can K\u0131z\u0131l\" \/>\n<meta name=\"twitter:card\" content=\"summary_large_image\" \/>\n<meta name=\"twitter:label1\" content=\"Verfasst von\" \/>\n\t<meta name=\"twitter:data1\" content=\"Av. Deniz Can K\u0131z\u0131l\" \/>\n\t<meta name=\"twitter:label2\" content=\"Gesch\u00e4tzte Lesezeit\" \/>\n\t<meta name=\"twitter:data2\" content=\"2\u00a0Minuten\" \/>\n<script type=\"application\/ld+json\" class=\"yoast-schema-graph\">{\"@context\":\"https:\/\/schema.org\",\"@graph\":[{\"@type\":\"Article\",\"@id\":\"https:\/\/denizcankizil.tr\/de\/haberler\/antalya\/eglencenin-sonu-hastanede-bitti\/#article\",\"isPartOf\":{\"@id\":\"https:\/\/denizcankizil.tr\/de\/haberler\/antalya\/eglencenin-sonu-hastanede-bitti\/\"},\"author\":{\"name\":\"Av. Deniz Can K\u0131z\u0131l\",\"@id\":\"https:\/\/denizcankizil.tr\/de\/#\/schema\/person\/5dc1b22991bd7ac833867c10afc9b0ff\"},\"headline\":\"E\u011flencenin sonu hastanede bitti\",\"datePublished\":\"2025-06-10T06:41:16+00:00\",\"mainEntityOfPage\":{\"@id\":\"https:\/\/denizcankizil.tr\/de\/haberler\/antalya\/eglencenin-sonu-hastanede-bitti\/\"},\"wordCount\":386,\"publisher\":{\"@id\":\"https:\/\/denizcankizil.tr\/de\/#organization\"},\"articleSection\":[\"Antalya\"],\"inLanguage\":\"de\"},{\"@type\":\"WebPage\",\"@id\":\"https:\/\/denizcankizil.tr\/de\/haberler\/antalya\/eglencenin-sonu-hastanede-bitti\/\",\"url\":\"https:\/\/denizcankizil.tr\/de\/haberler\/antalya\/eglencenin-sonu-hastanede-bitti\/\",\"name\":\"E\u011flencenin sonu hastanede bitti - Av. Deniz Can K\u0131z\u0131l\",\"isPartOf\":{\"@id\":\"https:\/\/denizcankizil.tr\/de\/#website\"},\"datePublished\":\"2025-06-10T06:41:16+00:00\",\"breadcrumb\":{\"@id\":\"https:\/\/denizcankizil.tr\/de\/haberler\/antalya\/eglencenin-sonu-hastanede-bitti\/#breadcrumb\"},\"inLanguage\":\"de\",\"potentialAction\":[{\"@type\":\"ReadAction\",\"target\":[\"https:\/\/denizcankizil.tr\/de\/haberler\/antalya\/eglencenin-sonu-hastanede-bitti\/\"]}]},{\"@type\":\"BreadcrumbList\",\"@id\":\"https:\/\/denizcankizil.tr\/de\/haberler\/antalya\/eglencenin-sonu-hastanede-bitti\/#breadcrumb\",\"itemListElement\":[{\"@type\":\"ListItem\",\"position\":1,\"name\":\"Home\",\"item\":\"https:\/\/denizcankizil.tr\/de\/\"},{\"@type\":\"ListItem\",\"position\":2,\"name\":\"E\u011flencenin sonu hastanede bitti\"}]},{\"@type\":\"WebSite\",\"@id\":\"https:\/\/denizcankizil.tr\/de\/#website\",\"url\":\"https:\/\/denizcankizil.tr\/de\/\",\"name\":\"Av. Deniz Can K\u0131z\u0131l\",\"description\":\"Avukat Deniz Can K\u0131z\u0131l Antalya Barosu\",\"publisher\":{\"@id\":\"https:\/\/denizcankizil.tr\/de\/#organization\"},\"potentialAction\":[{\"@type\":\"SearchAction\",\"target\":{\"@type\":\"EntryPoint\",\"urlTemplate\":\"https:\/\/denizcankizil.tr\/de\/?s={search_term_string}\"},\"query-input\":{\"@type\":\"PropertyValueSpecification\",\"valueRequired\":true,\"valueName\":\"search_term_string\"}}],\"inLanguage\":\"de\"},{\"@type\":\"Organization\",\"@id\":\"https:\/\/denizcankizil.tr\/de\/#organization\",\"name\":\"Av. Deniz Can K\u0131z\u0131l\",\"url\":\"https:\/\/denizcankizil.tr\/de\/\",\"logo\":{\"@type\":\"ImageObject\",\"inLanguage\":\"de\",\"@id\":\"https:\/\/denizcankizil.tr\/de\/#\/schema\/logo\/image\/\",\"url\":\"https:\/\/denizcankizil.tr\/wp-content\/uploads\/2024\/10\/siyah-logo-svg.svg\",\"contentUrl\":\"https:\/\/denizcankizil.tr\/wp-content\/uploads\/2024\/10\/siyah-logo-svg.svg\",\"width\":1080,\"height\":1080,\"caption\":\"Av. Deniz Can K\u0131z\u0131l\"},\"image\":{\"@id\":\"https:\/\/denizcankizil.tr\/de\/#\/schema\/logo\/image\/\"}},{\"@type\":\"Person\",\"@id\":\"https:\/\/denizcankizil.tr\/de\/#\/schema\/person\/5dc1b22991bd7ac833867c10afc9b0ff\",\"name\":\"Av. Deniz Can K\u0131z\u0131l\",\"image\":{\"@type\":\"ImageObject\",\"inLanguage\":\"de\",\"@id\":\"https:\/\/denizcankizil.tr\/de\/#\/schema\/person\/image\/\",\"url\":\"https:\/\/secure.gravatar.com\/avatar\/a0b128fb9855c79efc976d5640eedb31dc35ec297594d6016d2cf7c60e975bb6?s=96&d=mm&r=g\",\"contentUrl\":\"https:\/\/secure.gravatar.com\/avatar\/a0b128fb9855c79efc976d5640eedb31dc35ec297594d6016d2cf7c60e975bb6?s=96&d=mm&r=g\",\"caption\":\"Av. Deniz Can K\u0131z\u0131l\"},\"sameAs\":[\"http:\/\/www.denizcankizil.tr\"],\"url\":\"https:\/\/denizcankizil.tr\/de\/author\/denizcankizil\/\"}]}<\/script>\n<!-- \/ Yoast SEO Premium plugin. -->","yoast_head_json":{"title":"E\u011flencenin sonu hastanede bitti - Av. Deniz Can K\u0131z\u0131l","robots":{"index":"index","follow":"follow","max-snippet":"max-snippet:-1","max-image-preview":"max-image-preview:large","max-video-preview":"max-video-preview:-1"},"canonical":"https:\/\/denizcankizil.tr\/de\/haberler\/antalya\/eglencenin-sonu-hastanede-bitti\/","og_locale":"de_DE","og_type":"article","og_title":"E\u011flencenin sonu hastanede bitti","og_description":"Antalya&#8217;da \u00f6zellikle yaz aylar\u0131nda Konyaalt\u0131 Sahilinde adrenalin ve heyecan arayan gen\u00e7lerin hayatlar\u0131n\u0131 hi\u00e7e sayarak \u015fov amac\u0131yla yakla\u015f\u0131k 40 metrelik falezlerin zirve noktas\u0131na \u00e7\u0131karak denize yapt\u0131klar\u0131 atlay\u0131\u015f izleyenlerin y\u00fcreklerini a\u011fz\u0131na getirirken zaman zamanda geri d\u00f6n\u00fc\u015f\u00fc imkans\u0131z sonu\u00e7lara neden oluyor. Ak\u015fam saat 17.30 s\u0131ralar\u0131nda ya\u015fanan olayda bayram tatilinin son g\u00fcn\u00fcnde arkada\u015flar\u0131 ile birlikte Konyaalt\u0131 Sahiline gelen 18 ya\u015f\u0131ndaki Suriye uyruklu Mohammad Al M. bir s\u00fcre arkada\u015flar\u0131 ile birlikte sahilde y\u00fczd\u00fckten sonra birlikte yakla\u015f\u0131k 40 metrelik falezlerin u\u00e7 noktas\u0131na \u00e7\u0131kt\u0131. Kendini bo\u015flu\u011fa b\u0131rakt\u0131, a\u011f\u0131r yaraland\u0131 Burada bir s\u00fcre arkada\u015flar\u0131 ile \u015fakala\u015fan Mohammad kendisini bo\u015flu\u011fa b\u0131rakt\u0131. Kontrols\u00fcz bir \u015fekilde atlayan gen\u00e7 karn\u0131n\u0131n \u00fczerine suya \u00e7ak\u0131ld\u0131. Hareketsiz bir \u015fekilde su y\u00fczeyinde kalan gencin yard\u0131m\u0131na o s\u0131rada sahilde bulunan vatanda\u015flar yeti\u015fti. Bu s\u0131rada durumun 112 Acil \u00c7a\u011fr\u0131 Merkezi&#8217;ne bildirilmesi \u00fczerine olay yerine itfaiye, polis ve sa\u011fl\u0131k ekipleri sevk edildi. Vatanda\u015flar taraf\u0131ndan bilinci kapal\u0131 bir \u015fekilde g\u00fc\u00e7l\u00fckle sahile \u00e7\u0131kart\u0131lan gence olay yerine gelen itfaiye ve sa\u011fl\u0131k ekipleri taraf\u0131ndan ilk m\u00fcdahale yap\u0131ld\u0131. Kalbi duran ve su yutan gen\u00e7 ekiplerin uzun u\u011fra\u015flar\u0131 sonucunda yeniden hayata d\u00f6nd\u00fcr\u00fclerek a\u011f\u0131r yaral\u0131 olarak ambulansla Antalya E\u011fitim ve Ara\u015ft\u0131rma Hastanesi&#8217;ne kald\u0131r\u0131ld\u0131. Gencin durumunun ciddiyetini korudu\u011fu bildirildi Yard\u0131m\u0131na vatanda\u015flar ko\u015ftu Olay an\u0131nda sahilde bulunan ve gencin falezlerden atlay\u0131\u015f\u0131na \u015fahit olan Adnan Kayap\u0131nar, &#8220;Suyun \u00fczerinde karn\u0131n\u0131n &hellip;","og_url":"https:\/\/denizcankizil.tr\/de\/haberler\/antalya\/eglencenin-sonu-hastanede-bitti\/","og_site_name":"Av. Deniz Can K\u0131z\u0131l","article_published_time":"2025-06-10T06:41:16+00:00","author":"Av. Deniz Can K\u0131z\u0131l","twitter_card":"summary_large_image","twitter_misc":{"Verfasst von":"Av. Deniz Can K\u0131z\u0131l","Gesch\u00e4tzte Lesezeit":"2\u00a0Minuten"},"schema":{"@context":"https:\/\/schema.org","@graph":[{"@type":"Article","@id":"https:\/\/denizcankizil.tr\/de\/haberler\/antalya\/eglencenin-sonu-hastanede-bitti\/#article","isPartOf":{"@id":"https:\/\/denizcankizil.tr\/de\/haberler\/antalya\/eglencenin-sonu-hastanede-bitti\/"},"author":{"name":"Av. Deniz Can K\u0131z\u0131l","@id":"https:\/\/denizcankizil.tr\/de\/#\/schema\/person\/5dc1b22991bd7ac833867c10afc9b0ff"},"headline":"E\u011flencenin sonu hastanede bitti","datePublished":"2025-06-10T06:41:16+00:00","mainEntityOfPage":{"@id":"https:\/\/denizcankizil.tr\/de\/haberler\/antalya\/eglencenin-sonu-hastanede-bitti\/"},"wordCount":386,"publisher":{"@id":"https:\/\/denizcankizil.tr\/de\/#organization"},"articleSection":["Antalya"],"inLanguage":"de"},{"@type":"WebPage","@id":"https:\/\/denizcankizil.tr\/de\/haberler\/antalya\/eglencenin-sonu-hastanede-bitti\/","url":"https:\/\/denizcankizil.tr\/de\/haberler\/antalya\/eglencenin-sonu-hastanede-bitti\/","name":"E\u011flencenin sonu hastanede bitti - Av. Deniz Can K\u0131z\u0131l","isPartOf":{"@id":"https:\/\/denizcankizil.tr\/de\/#website"},"datePublished":"2025-06-10T06:41:16+00:00","breadcrumb":{"@id":"https:\/\/denizcankizil.tr\/de\/haberler\/antalya\/eglencenin-sonu-hastanede-bitti\/#breadcrumb"},"inLanguage":"de","potentialAction":[{"@type":"ReadAction","target":["https:\/\/denizcankizil.tr\/de\/haberler\/antalya\/eglencenin-sonu-hastanede-bitti\/"]}]},{"@type":"BreadcrumbList","@id":"https:\/\/denizcankizil.tr\/de\/haberler\/antalya\/eglencenin-sonu-hastanede-bitti\/#breadcrumb","itemListElement":[{"@type":"ListItem","position":1,"name":"Home","item":"https:\/\/denizcankizil.tr\/de\/"},{"@type":"ListItem","position":2,"name":"E\u011flencenin sonu hastanede bitti"}]},{"@type":"WebSite","@id":"https:\/\/denizcankizil.tr\/de\/#website","url":"https:\/\/denizcankizil.tr\/de\/","name":"Av. Deniz Can K\u0131z\u0131l","description":"Avukat Deniz Can K\u0131z\u0131l Antalya Barosu","publisher":{"@id":"https:\/\/denizcankizil.tr\/de\/#organization"},"potentialAction":[{"@type":"SearchAction","target":{"@type":"EntryPoint","urlTemplate":"https:\/\/denizcankizil.tr\/de\/?s={search_term_string}"},"query-input":{"@type":"PropertyValueSpecification","valueRequired":true,"valueName":"search_term_string"}}],"inLanguage":"de"},{"@type":"Organization","@id":"https:\/\/denizcankizil.tr\/de\/#organization","name":"Av. Deniz Can K\u0131z\u0131l","url":"https:\/\/denizcankizil.tr\/de\/","logo":{"@type":"ImageObject","inLanguage":"de","@id":"https:\/\/denizcankizil.tr\/de\/#\/schema\/logo\/image\/","url":"https:\/\/denizcankizil.tr\/wp-content\/uploads\/2024\/10\/siyah-logo-svg.svg","contentUrl":"https:\/\/denizcankizil.tr\/wp-content\/uploads\/2024\/10\/siyah-logo-svg.svg","width":1080,"height":1080,"caption":"Av. Deniz Can K\u0131z\u0131l"},"image":{"@id":"https:\/\/denizcankizil.tr\/de\/#\/schema\/logo\/image\/"}},{"@type":"Person","@id":"https:\/\/denizcankizil.tr\/de\/#\/schema\/person\/5dc1b22991bd7ac833867c10afc9b0ff","name":"Av. Deniz Can K\u0131z\u0131l","image":{"@type":"ImageObject","inLanguage":"de","@id":"https:\/\/denizcankizil.tr\/de\/#\/schema\/person\/image\/","url":"https:\/\/secure.gravatar.com\/avatar\/a0b128fb9855c79efc976d5640eedb31dc35ec297594d6016d2cf7c60e975bb6?s=96&d=mm&r=g","contentUrl":"https:\/\/secure.gravatar.com\/avatar\/a0b128fb9855c79efc976d5640eedb31dc35ec297594d6016d2cf7c60e975bb6?s=96&d=mm&r=g","caption":"Av. Deniz Can K\u0131z\u0131l"},"sameAs":["http:\/\/www.denizcankizil.tr"],"url":"https:\/\/denizcankizil.tr\/de\/author\/denizcankizil\/"}]}},"_links":{"self":[{"href":"https:\/\/denizcankizil.tr\/de\/wp-json\/wp\/v2\/posts\/112258","targetHints":{"allow":["GET"]}}],"collection":[{"href":"https:\/\/denizcankizil.tr\/de\/wp-json\/wp\/v2\/posts"}],"about":[{"href":"https:\/\/denizcankizil.tr\/de\/wp-json\/wp\/v2\/types\/post"}],"author":[{"embeddable":true,"href":"https:\/\/denizcankizil.tr\/de\/wp-json\/wp\/v2\/users\/4"}],"replies":[{"embeddable":true,"href":"https:\/\/denizcankizil.tr\/de\/wp-json\/wp\/v2\/comments?post=112258"}],"version-history":[{"count":0,"href":"https:\/\/denizcankizil.tr\/de\/wp-json\/wp\/v2\/posts\/112258\/revisions"}],"wp:attachment":[{"href":"https:\/\/denizcankizil.tr\/de\/wp-json\/wp\/v2\/media?parent=112258"}],"wp:term":[{"taxonomy":"category","embeddable":true,"href":"https:\/\/denizcankizil.tr\/de\/wp-json\/wp\/v2\/categories?post=112258"},{"taxonomy":"post_tag","embeddable":true,"href":"https:\/\/denizcankizil.tr\/de\/wp-json\/wp\/v2\/tags?post=112258"}],"curies":[{"name":"wp","href":"https:\/\/api.w.org\/{rel}","templated":true}]}}