{"id":110612,"date":"2025-06-08T15:41:15","date_gmt":"2025-06-08T12:41:15","guid":{"rendered":"https:\/\/denizcankizil.tr\/uncategorized-tr\/tarim-ve-orman-bakani-detaylari-acikladi-kalan-kurbanliklar-satin-alinacak\/"},"modified":"2025-06-08T15:41:15","modified_gmt":"2025-06-08T12:41:15","slug":"tarim-ve-orman-bakani-detaylari-acikladi-kalan-kurbanliklar-satin-alinacak","status":"publish","type":"post","link":"https:\/\/denizcankizil.tr\/de\/haberler\/gundem\/tarim-ve-orman-bakani-detaylari-acikladi-kalan-kurbanliklar-satin-alinacak\/","title":{"rendered":"Tar\u0131m ve Orman Bakan\u0131 detaylar\u0131 a\u00e7\u0131klad\u0131: Kalan kurbanl\u0131klar sat\u0131n al\u0131nacak"},"content":{"rendered":"<p>Tar\u0131m ve Orman Bakan\u0131 \u0130brahim Yumakl\u0131, Kurban Bayram\u0131&#8217;nda da \u00fcreticilerin ellerinde kalan kurbanl\u0131klar\u0131 Et ve S\u00fct Kurumu (ESK) olarak sat\u0131n alacaklar\u0131n\u0131 a\u00e7\u0131klad\u0131.<\/p>\n<p>ET VE S\u00dcT KURUMU SATIN ALACAK <\/p>\n<p>Bu y\u0131l ayr\u0131ca karantina nedeniyle hayvanlar\u0131n\u0131 kurban pazarlar\u0131na sevk edemeyen \u00fcreticilerin de hayvanlar\u0131n\u0131n sa\u011fl\u0131kl\u0131 olmas\u0131 \u015fart\u0131yla ET ve S\u00fct kurumu olarak sat\u0131n al\u0131nacak. Konuya ili\u015fkin a\u00e7\u0131klama yapan Tar\u0131m ve Orman Bakan\u0131 \u0130brahim Yumakl\u0131, \u201cHer y\u0131l oldu\u011fu gibi \u00fcreticilerimizin ellerinde kalan kurbanl\u0131klar\u0131 Et ve S\u00fct Kurumu olarak sat\u0131n alm\u0131\u015f olaca\u011f\u0131z. \u0130lavaten bu y\u0131l yeni bir uygulama ba\u015flatt\u0131k. Karantina sebebiyle hayvanlar\u0131n\u0131 satmak i\u00e7in kurban pazarlar\u0131na sevk edemeyen \u00fcreticilerimizin de ellerindeki kurbanl\u0131klar\u0131 veya hayvanlar\u0131, karantina \u015fartlar\u0131n\u0131n bitmesi ve sa\u011fl\u0131kl\u0131 olmalar\u0131 ko\u015fuluyla yine Et ve S\u00fct Kurumu olarak alaca\u011f\u0131z. Tekrar b\u00fct\u00fcn vatanda\u015flar\u0131m\u0131z\u0131n m\u00fcbarek Kurban Bayram\u0131&#8217;n\u0131 tebrik ediyorum&#8221; ifadelerini kulland\u0131.<\/p>\n<p>GEREKL\u0130 KONTROLLER T\u00dcRKVET \u00dcZER\u0130NDEN YAPILACAK<\/p>\n<p>Bakan Yumakl\u0131 taraf\u0131ndan a\u00e7\u0131klanan uygulama \u00e7er\u00e7evesinde, bu y\u0131l da Kurban Bayram\u0131&#8217;nda sat\u0131lamayan kurbanl\u0131klar ile \u015fap hastal\u0131\u011f\u0131ndan dolay\u0131 i\u015fletmelerinde hayvan hareketleri k\u0131s\u0131tlamas\u0131 bulunan ve kurban pazarlar\u0131na hayvanlar\u0131n\u0131n sevkini ger\u00e7ekle\u015ftiremeyen \u00fcreticilere ait hayvanlar ESK taraf\u0131ndan sat\u0131n al\u0131nacak. Bu kapsamda \u00fcreticilerin; il ve il\u00e7e tar\u0131m ve orman m\u00fcd\u00fcrl\u00fcklerince kurban sat\u0131\u015f\u0131 i\u00e7in verilen sevk raporlar\u0131, kurban pazar yeri giri\u015f ve kira belgesi ile nakliye faturalar\u0131, i\u015fletmelerine \u015fap hastal\u0131\u011f\u0131 nedeniyle hayvan hareketleri k\u0131s\u0131tlamas\u0131 bulundu\u011funa dair belge ile kuruma ba\u015fvurmalar\u0131 gerekiyor.<\/p>\n<p>T\u00dcRKVET sistemi \u00fczerinde gerekli kontroller yap\u0131ld\u0131ktan sonra, ESK&#8217;nin Hayvan Al\u0131m Kriterleri ve Uygulama Esaslar\u0131 Talimatlar\u0131 do\u011frultusunda, belirlenen fiyatlar \u00fczerinden hayvanlar sat\u0131n al\u0131nacak.<\/p>\n<p>ESK TARAFINDAN BEL\u0130RLENEN F\u0130YATLAR<\/p>\n<p>ESK taraf\u0131ndan bu y\u0131l i\u00e7in belirlenen kurbanl\u0131k al\u0131m fiyatlar\u0131 \u015f\u00f6yle:<\/p>\n<p> TOSUN: Cari fiyat (TL\/karkas kg) 296 TL, kurban primi (TL\/karkas kg) 104 TL, kurbanl\u0131k fiyat\u0131 (TL\/karkas kg) 400 TL<\/p>\n<p> D\u00dcVE: Cari fiyat (TL\/karkas kg) 285 TL, kurban primi (TL\/karkas kg) 85 TL, kurbanl\u0131k fiyat\u0131 (TL\/karkas kg) 370 TL<\/p>\n<p> \u0130NEK: Cari fiyat (TL\/karkas kg) 275 TL, kurban primi (TL\/karkas kg) 65 TL, kurbanl\u0131k fiyat\u0131 (TL\/karkas kg) 340 TL<\/p>\n<p> KUZU: Cari fiyat (TL\/karkas kg) 346 TL, kurban primi (TL\/karkas kg) 54 TL, kurbanl\u0131k fiyat\u0131 (TL\/karkas kg) 400 TL<\/p>\n<p> TOKLU: Cari fiyat (TL\/karkas kg) 304 TL, kurban primi (TL\/karkas kg) 56 TL, kurbanl\u0131k fiyat\u0131 (TL\/karkas kg) 360 TL<\/p>\n<p> KOYUN: Cari fiyat (TL\/karkas kg) 294 TL, kurban primi (TL\/karkas kg) 56 TL, kurbanl\u0131k fiyat\u0131 (TL\/karkas kg) 350 TL<\/p>\n<p> O\u011eLAK: Cari fiyat (TL\/karkas kg) 226 TL, kurban primi (TL\/karkas kg) 34 TL, kurbanl\u0131k fiyat\u0131 (TL\/karkas kg) 260 TL<\/p>\n<p> \u00c7EP\u0130\u00c7: Cari fiyat (TL\/karkas kg) 189 TL, kurban primi (TL\/karkas kg) 31 TL, kurbanl\u0131k fiyat\u0131 (TL\/karkas kg) 220 TL<\/p>\n<p> KE\u00c7\u0130: Cari fiyat (TL\/karkas kg) 168 TL, kurban primi (TL\/karkas kg) 22 TL, kurbanl\u0131k fiyat\u0131 (TL\/karkas kg) 190 TL<\/p>\n<p> \u00d6te yandan, s\u00f6z konusu fiyatlar tavan fiyatlar olup ya\u015f, cinsiyet, rand\u0131man ve karkas a\u011f\u0131rl\u0131\u011f\u0131na g\u00f6re de\u011fi\u015fiklik g\u00f6sterebilecek.<\/p>\n<p>\u200bTar\u0131m ve Orman Bakan\u0131 \u0130brahim Yumakl\u0131 kurban pazar\u0131nda sat\u0131lmayan kurbanl\u0131klar\u0131n bakanl\u0131k taraf\u0131ndan sat\u0131n al\u0131naca\u011f\u0131n\u0131 duyurdu. \u0130\u015fte bakanl\u0131\u011f\u0131n kurban al\u0131m fiyat\u0131\u2026\u00a0<\/p>\n<p>\u200bHaberin Al\u0131nt\u0131land\u0131\u011f\u0131 Kaynak: www.antalyakorfez.com<\/p>","protected":false},"excerpt":{"rendered":"<p>Tar\u0131m ve Orman Bakan\u0131 \u0130brahim Yumakl\u0131, Kurban Bayram\u0131&#8217;nda da \u00fcreticilerin ellerinde kalan kurbanl\u0131klar\u0131 Et ve S\u00fct Kurumu (ESK) olarak sat\u0131n alacaklar\u0131n\u0131 a\u00e7\u0131klad\u0131. ET VE S\u00dcT KURUMU SATIN ALACAK Bu y\u0131l ayr\u0131ca karantina nedeniyle hayvanlar\u0131n\u0131 kurban pazarlar\u0131na sevk edemeyen \u00fcreticilerin de hayvanlar\u0131n\u0131n sa\u011fl\u0131kl\u0131 olmas\u0131 \u015fart\u0131yla ET ve S\u00fct kurumu olarak sat\u0131n al\u0131nacak. Konuya ili\u015fkin a\u00e7\u0131klama yapan Tar\u0131m ve Orman Bakan\u0131 \u0130brahim Yumakl\u0131, \u201cHer y\u0131l oldu\u011fu gibi \u00fcreticilerimizin ellerinde kalan kurbanl\u0131klar\u0131 Et ve S\u00fct Kurumu olarak sat\u0131n alm\u0131\u015f olaca\u011f\u0131z. \u0130lavaten bu y\u0131l yeni bir uygulama ba\u015flatt\u0131k. Karantina sebebiyle hayvanlar\u0131n\u0131 satmak i\u00e7in kurban pazarlar\u0131na sevk edemeyen \u00fcreticilerimizin de ellerindeki kurbanl\u0131klar\u0131 veya hayvanlar\u0131, karantina \u015fartlar\u0131n\u0131n bitmesi ve sa\u011fl\u0131kl\u0131 olmalar\u0131 ko\u015fuluyla yine Et ve S\u00fct Kurumu olarak alaca\u011f\u0131z. Tekrar b\u00fct\u00fcn vatanda\u015flar\u0131m\u0131z\u0131n m\u00fcbarek Kurban Bayram\u0131&#8217;n\u0131 tebrik ediyorum&#8221; ifadelerini kulland\u0131. GEREKL\u0130 KONTROLLER T\u00dcRKVET \u00dcZER\u0130NDEN YAPILACAK Bakan Yumakl\u0131 taraf\u0131ndan a\u00e7\u0131klanan uygulama \u00e7er\u00e7evesinde, bu y\u0131l da Kurban Bayram\u0131&#8217;nda sat\u0131lamayan kurbanl\u0131klar ile \u015fap hastal\u0131\u011f\u0131ndan dolay\u0131 i\u015fletmelerinde hayvan hareketleri k\u0131s\u0131tlamas\u0131 bulunan ve kurban pazarlar\u0131na hayvanlar\u0131n\u0131n sevkini ger\u00e7ekle\u015ftiremeyen \u00fcreticilere ait hayvanlar ESK taraf\u0131ndan sat\u0131n al\u0131nacak. Bu kapsamda \u00fcreticilerin; il ve il\u00e7e tar\u0131m ve orman m\u00fcd\u00fcrl\u00fcklerince kurban sat\u0131\u015f\u0131 i\u00e7in verilen sevk raporlar\u0131, kurban pazar yeri giri\u015f ve kira belgesi ile nakliye faturalar\u0131, i\u015fletmelerine \u015fap hastal\u0131\u011f\u0131 nedeniyle hayvan hareketleri k\u0131s\u0131tlamas\u0131 bulundu\u011funa dair belge ile &hellip;<\/p>","protected":false},"author":5,"featured_media":0,"comment_status":"","ping_status":"open","sticky":false,"template":"","format":"standard","meta":{"_acf_changed":false,"footnotes":""},"categories":[24],"tags":[],"class_list":["post-110612","post","type-post","status-publish","format-standard","has-post-thumbnail","hentry","category-gundem"],"acf":[],"yoast_head":"<!-- This site is optimized with the Yoast SEO Premium plugin v26.6 (Yoast SEO v27.1.1) - https:\/\/yoast.com\/product\/yoast-seo-premium-wordpress\/ -->\n<title>Tar\u0131m ve Orman Bakan\u0131 detaylar\u0131 a\u00e7\u0131klad\u0131: Kalan kurbanl\u0131klar sat\u0131n al\u0131nacak - Av. Deniz Can K\u0131z\u0131l<\/title>\n<meta name=\"robots\" content=\"index, follow, max-snippet:-1, max-image-preview:large, max-video-preview:-1\" \/>\n<link rel=\"canonical\" href=\"https:\/\/denizcankizil.tr\/de\/haberler\/gundem\/tarim-ve-orman-bakani-detaylari-acikladi-kalan-kurbanliklar-satin-alinacak\/\" \/>\n<meta property=\"og:locale\" content=\"de_DE\" \/>\n<meta property=\"og:type\" content=\"article\" \/>\n<meta property=\"og:title\" content=\"Tar\u0131m ve Orman Bakan\u0131 detaylar\u0131 a\u00e7\u0131klad\u0131: Kalan kurbanl\u0131klar sat\u0131n al\u0131nacak\" \/>\n<meta property=\"og:description\" content=\"Tar\u0131m ve Orman Bakan\u0131 \u0130brahim Yumakl\u0131, Kurban Bayram\u0131&#8217;nda da \u00fcreticilerin ellerinde kalan kurbanl\u0131klar\u0131 Et ve S\u00fct Kurumu (ESK) olarak sat\u0131n alacaklar\u0131n\u0131 a\u00e7\u0131klad\u0131. ET VE S\u00dcT KURUMU SATIN ALACAK Bu y\u0131l ayr\u0131ca karantina nedeniyle hayvanlar\u0131n\u0131 kurban pazarlar\u0131na sevk edemeyen \u00fcreticilerin de hayvanlar\u0131n\u0131n sa\u011fl\u0131kl\u0131 olmas\u0131 \u015fart\u0131yla ET ve S\u00fct kurumu olarak sat\u0131n al\u0131nacak. Konuya ili\u015fkin a\u00e7\u0131klama yapan Tar\u0131m ve Orman Bakan\u0131 \u0130brahim Yumakl\u0131, \u201cHer y\u0131l oldu\u011fu gibi \u00fcreticilerimizin ellerinde kalan kurbanl\u0131klar\u0131 Et ve S\u00fct Kurumu olarak sat\u0131n alm\u0131\u015f olaca\u011f\u0131z. \u0130lavaten bu y\u0131l yeni bir uygulama ba\u015flatt\u0131k. Karantina sebebiyle hayvanlar\u0131n\u0131 satmak i\u00e7in kurban pazarlar\u0131na sevk edemeyen \u00fcreticilerimizin de ellerindeki kurbanl\u0131klar\u0131 veya hayvanlar\u0131, karantina \u015fartlar\u0131n\u0131n bitmesi ve sa\u011fl\u0131kl\u0131 olmalar\u0131 ko\u015fuluyla yine Et ve S\u00fct Kurumu olarak alaca\u011f\u0131z. Tekrar b\u00fct\u00fcn vatanda\u015flar\u0131m\u0131z\u0131n m\u00fcbarek Kurban Bayram\u0131&#8217;n\u0131 tebrik ediyorum&#8221; ifadelerini kulland\u0131. GEREKL\u0130 KONTROLLER T\u00dcRKVET \u00dcZER\u0130NDEN YAPILACAK Bakan Yumakl\u0131 taraf\u0131ndan a\u00e7\u0131klanan uygulama \u00e7er\u00e7evesinde, bu y\u0131l da Kurban Bayram\u0131&#8217;nda sat\u0131lamayan kurbanl\u0131klar ile \u015fap hastal\u0131\u011f\u0131ndan dolay\u0131 i\u015fletmelerinde hayvan hareketleri k\u0131s\u0131tlamas\u0131 bulunan ve kurban pazarlar\u0131na hayvanlar\u0131n\u0131n sevkini ger\u00e7ekle\u015ftiremeyen \u00fcreticilere ait hayvanlar ESK taraf\u0131ndan sat\u0131n al\u0131nacak. Bu kapsamda \u00fcreticilerin; il ve il\u00e7e tar\u0131m ve orman m\u00fcd\u00fcrl\u00fcklerince kurban sat\u0131\u015f\u0131 i\u00e7in verilen sevk raporlar\u0131, kurban pazar yeri giri\u015f ve kira belgesi ile nakliye faturalar\u0131, i\u015fletmelerine \u015fap hastal\u0131\u011f\u0131 nedeniyle hayvan hareketleri k\u0131s\u0131tlamas\u0131 bulundu\u011funa dair belge ile &hellip;\" \/>\n<meta property=\"og:url\" content=\"https:\/\/denizcankizil.tr\/de\/haberler\/gundem\/tarim-ve-orman-bakani-detaylari-acikladi-kalan-kurbanliklar-satin-alinacak\/\" \/>\n<meta property=\"og:site_name\" content=\"Av. Deniz Can K\u0131z\u0131l\" \/>\n<meta property=\"article:published_time\" content=\"2025-06-08T12:41:15+00:00\" \/>\n<meta name=\"author\" content=\"Antalya K\u00f6rfez\" \/>\n<meta name=\"twitter:card\" content=\"summary_large_image\" \/>\n<meta name=\"twitter:label1\" content=\"Verfasst von\" \/>\n\t<meta name=\"twitter:data1\" content=\"Antalya K\u00f6rfez\" \/>\n\t<meta name=\"twitter:label2\" content=\"Gesch\u00e4tzte Lesezeit\" \/>\n\t<meta name=\"twitter:data2\" content=\"3\u00a0Minuten\" \/>\n<script type=\"application\/ld+json\" class=\"yoast-schema-graph\">{\"@context\":\"https:\/\/schema.org\",\"@graph\":[{\"@type\":\"Article\",\"@id\":\"https:\/\/denizcankizil.tr\/de\/haberler\/gundem\/tarim-ve-orman-bakani-detaylari-acikladi-kalan-kurbanliklar-satin-alinacak\/#article\",\"isPartOf\":{\"@id\":\"https:\/\/denizcankizil.tr\/de\/haberler\/gundem\/tarim-ve-orman-bakani-detaylari-acikladi-kalan-kurbanliklar-satin-alinacak\/\"},\"author\":{\"name\":\"Antalya K\u00f6rfez\",\"@id\":\"https:\/\/denizcankizil.tr\/de\/#\/schema\/person\/e1eb71bb4dd684d46563f0af307e1234\"},\"headline\":\"Tar\u0131m ve Orman Bakan\u0131 detaylar\u0131 a\u00e7\u0131klad\u0131: Kalan kurbanl\u0131klar sat\u0131n al\u0131nacak\",\"datePublished\":\"2025-06-08T12:41:15+00:00\",\"mainEntityOfPage\":{\"@id\":\"https:\/\/denizcankizil.tr\/de\/haberler\/gundem\/tarim-ve-orman-bakani-detaylari-acikladi-kalan-kurbanliklar-satin-alinacak\/\"},\"wordCount\":599,\"publisher\":{\"@id\":\"https:\/\/denizcankizil.tr\/de\/#organization\"},\"articleSection\":[\"G\u00fcndem\"],\"inLanguage\":\"de\"},{\"@type\":\"WebPage\",\"@id\":\"https:\/\/denizcankizil.tr\/de\/haberler\/gundem\/tarim-ve-orman-bakani-detaylari-acikladi-kalan-kurbanliklar-satin-alinacak\/\",\"url\":\"https:\/\/denizcankizil.tr\/de\/haberler\/gundem\/tarim-ve-orman-bakani-detaylari-acikladi-kalan-kurbanliklar-satin-alinacak\/\",\"name\":\"Tar\u0131m ve Orman Bakan\u0131 detaylar\u0131 a\u00e7\u0131klad\u0131: Kalan kurbanl\u0131klar sat\u0131n al\u0131nacak - Av. Deniz Can K\u0131z\u0131l\",\"isPartOf\":{\"@id\":\"https:\/\/denizcankizil.tr\/de\/#website\"},\"datePublished\":\"2025-06-08T12:41:15+00:00\",\"breadcrumb\":{\"@id\":\"https:\/\/denizcankizil.tr\/de\/haberler\/gundem\/tarim-ve-orman-bakani-detaylari-acikladi-kalan-kurbanliklar-satin-alinacak\/#breadcrumb\"},\"inLanguage\":\"de\",\"potentialAction\":[{\"@type\":\"ReadAction\",\"target\":[\"https:\/\/denizcankizil.tr\/de\/haberler\/gundem\/tarim-ve-orman-bakani-detaylari-acikladi-kalan-kurbanliklar-satin-alinacak\/\"]}]},{\"@type\":\"BreadcrumbList\",\"@id\":\"https:\/\/denizcankizil.tr\/de\/haberler\/gundem\/tarim-ve-orman-bakani-detaylari-acikladi-kalan-kurbanliklar-satin-alinacak\/#breadcrumb\",\"itemListElement\":[{\"@type\":\"ListItem\",\"position\":1,\"name\":\"Home\",\"item\":\"https:\/\/denizcankizil.tr\/de\/\"},{\"@type\":\"ListItem\",\"position\":2,\"name\":\"Tar\u0131m ve Orman Bakan\u0131 detaylar\u0131 a\u00e7\u0131klad\u0131: Kalan kurbanl\u0131klar sat\u0131n al\u0131nacak\"}]},{\"@type\":\"WebSite\",\"@id\":\"https:\/\/denizcankizil.tr\/de\/#website\",\"url\":\"https:\/\/denizcankizil.tr\/de\/\",\"name\":\"Av. Deniz Can K\u0131z\u0131l\",\"description\":\"Avukat Deniz Can K\u0131z\u0131l Antalya Barosu\",\"publisher\":{\"@id\":\"https:\/\/denizcankizil.tr\/de\/#organization\"},\"potentialAction\":[{\"@type\":\"SearchAction\",\"target\":{\"@type\":\"EntryPoint\",\"urlTemplate\":\"https:\/\/denizcankizil.tr\/de\/?s={search_term_string}\"},\"query-input\":{\"@type\":\"PropertyValueSpecification\",\"valueRequired\":true,\"valueName\":\"search_term_string\"}}],\"inLanguage\":\"de\"},{\"@type\":\"Organization\",\"@id\":\"https:\/\/denizcankizil.tr\/de\/#organization\",\"name\":\"Av. Deniz Can K\u0131z\u0131l\",\"url\":\"https:\/\/denizcankizil.tr\/de\/\",\"logo\":{\"@type\":\"ImageObject\",\"inLanguage\":\"de\",\"@id\":\"https:\/\/denizcankizil.tr\/de\/#\/schema\/logo\/image\/\",\"url\":\"https:\/\/denizcankizil.tr\/wp-content\/uploads\/2024\/10\/siyah-logo-svg.svg\",\"contentUrl\":\"https:\/\/denizcankizil.tr\/wp-content\/uploads\/2024\/10\/siyah-logo-svg.svg\",\"width\":1080,\"height\":1080,\"caption\":\"Av. Deniz Can K\u0131z\u0131l\"},\"image\":{\"@id\":\"https:\/\/denizcankizil.tr\/de\/#\/schema\/logo\/image\/\"}},{\"@type\":\"Person\",\"@id\":\"https:\/\/denizcankizil.tr\/de\/#\/schema\/person\/e1eb71bb4dd684d46563f0af307e1234\",\"name\":\"Antalya K\u00f6rfez\",\"image\":{\"@type\":\"ImageObject\",\"inLanguage\":\"de\",\"@id\":\"https:\/\/denizcankizil.tr\/de\/#\/schema\/person\/image\/\",\"url\":\"https:\/\/secure.gravatar.com\/avatar\/42b01982558a48a0b501fdcab6a408d3717ea5919095ee2e67b0e521799c5905?s=96&d=mm&r=g\",\"contentUrl\":\"https:\/\/secure.gravatar.com\/avatar\/42b01982558a48a0b501fdcab6a408d3717ea5919095ee2e67b0e521799c5905?s=96&d=mm&r=g\",\"caption\":\"Antalya K\u00f6rfez\"},\"sameAs\":[\"http:\/\/www.antalyakorfez.com\"],\"url\":\"https:\/\/www.antalyakorfez.com\/tarim-ve-orman-bakani-detaylari-acikladi-kalan-kurbanliklar-satin-alinacak\"}]}<\/script>\n<!-- \/ Yoast SEO Premium plugin. -->","yoast_head_json":{"title":"Tar\u0131m ve Orman Bakan\u0131 detaylar\u0131 a\u00e7\u0131klad\u0131: Kalan kurbanl\u0131klar sat\u0131n al\u0131nacak - Av. Deniz Can K\u0131z\u0131l","robots":{"index":"index","follow":"follow","max-snippet":"max-snippet:-1","max-image-preview":"max-image-preview:large","max-video-preview":"max-video-preview:-1"},"canonical":"https:\/\/denizcankizil.tr\/de\/haberler\/gundem\/tarim-ve-orman-bakani-detaylari-acikladi-kalan-kurbanliklar-satin-alinacak\/","og_locale":"de_DE","og_type":"article","og_title":"Tar\u0131m ve Orman Bakan\u0131 detaylar\u0131 a\u00e7\u0131klad\u0131: Kalan kurbanl\u0131klar sat\u0131n al\u0131nacak","og_description":"Tar\u0131m ve Orman Bakan\u0131 \u0130brahim Yumakl\u0131, Kurban Bayram\u0131&#8217;nda da \u00fcreticilerin ellerinde kalan kurbanl\u0131klar\u0131 Et ve S\u00fct Kurumu (ESK) olarak sat\u0131n alacaklar\u0131n\u0131 a\u00e7\u0131klad\u0131. ET VE S\u00dcT KURUMU SATIN ALACAK Bu y\u0131l ayr\u0131ca karantina nedeniyle hayvanlar\u0131n\u0131 kurban pazarlar\u0131na sevk edemeyen \u00fcreticilerin de hayvanlar\u0131n\u0131n sa\u011fl\u0131kl\u0131 olmas\u0131 \u015fart\u0131yla ET ve S\u00fct kurumu olarak sat\u0131n al\u0131nacak. Konuya ili\u015fkin a\u00e7\u0131klama yapan Tar\u0131m ve Orman Bakan\u0131 \u0130brahim Yumakl\u0131, \u201cHer y\u0131l oldu\u011fu gibi \u00fcreticilerimizin ellerinde kalan kurbanl\u0131klar\u0131 Et ve S\u00fct Kurumu olarak sat\u0131n alm\u0131\u015f olaca\u011f\u0131z. \u0130lavaten bu y\u0131l yeni bir uygulama ba\u015flatt\u0131k. Karantina sebebiyle hayvanlar\u0131n\u0131 satmak i\u00e7in kurban pazarlar\u0131na sevk edemeyen \u00fcreticilerimizin de ellerindeki kurbanl\u0131klar\u0131 veya hayvanlar\u0131, karantina \u015fartlar\u0131n\u0131n bitmesi ve sa\u011fl\u0131kl\u0131 olmalar\u0131 ko\u015fuluyla yine Et ve S\u00fct Kurumu olarak alaca\u011f\u0131z. Tekrar b\u00fct\u00fcn vatanda\u015flar\u0131m\u0131z\u0131n m\u00fcbarek Kurban Bayram\u0131&#8217;n\u0131 tebrik ediyorum&#8221; ifadelerini kulland\u0131. GEREKL\u0130 KONTROLLER T\u00dcRKVET \u00dcZER\u0130NDEN YAPILACAK Bakan Yumakl\u0131 taraf\u0131ndan a\u00e7\u0131klanan uygulama \u00e7er\u00e7evesinde, bu y\u0131l da Kurban Bayram\u0131&#8217;nda sat\u0131lamayan kurbanl\u0131klar ile \u015fap hastal\u0131\u011f\u0131ndan dolay\u0131 i\u015fletmelerinde hayvan hareketleri k\u0131s\u0131tlamas\u0131 bulunan ve kurban pazarlar\u0131na hayvanlar\u0131n\u0131n sevkini ger\u00e7ekle\u015ftiremeyen \u00fcreticilere ait hayvanlar ESK taraf\u0131ndan sat\u0131n al\u0131nacak. Bu kapsamda \u00fcreticilerin; il ve il\u00e7e tar\u0131m ve orman m\u00fcd\u00fcrl\u00fcklerince kurban sat\u0131\u015f\u0131 i\u00e7in verilen sevk raporlar\u0131, kurban pazar yeri giri\u015f ve kira belgesi ile nakliye faturalar\u0131, i\u015fletmelerine \u015fap hastal\u0131\u011f\u0131 nedeniyle hayvan hareketleri k\u0131s\u0131tlamas\u0131 bulundu\u011funa dair belge ile &hellip;","og_url":"https:\/\/denizcankizil.tr\/de\/haberler\/gundem\/tarim-ve-orman-bakani-detaylari-acikladi-kalan-kurbanliklar-satin-alinacak\/","og_site_name":"Av. Deniz Can K\u0131z\u0131l","article_published_time":"2025-06-08T12:41:15+00:00","author":"Antalya K\u00f6rfez","twitter_card":"summary_large_image","twitter_misc":{"Verfasst von":"Antalya K\u00f6rfez","Gesch\u00e4tzte Lesezeit":"3\u00a0Minuten"},"schema":{"@context":"https:\/\/schema.org","@graph":[{"@type":"Article","@id":"https:\/\/denizcankizil.tr\/de\/haberler\/gundem\/tarim-ve-orman-bakani-detaylari-acikladi-kalan-kurbanliklar-satin-alinacak\/#article","isPartOf":{"@id":"https:\/\/denizcankizil.tr\/de\/haberler\/gundem\/tarim-ve-orman-bakani-detaylari-acikladi-kalan-kurbanliklar-satin-alinacak\/"},"author":{"name":"Antalya K\u00f6rfez","@id":"https:\/\/denizcankizil.tr\/de\/#\/schema\/person\/e1eb71bb4dd684d46563f0af307e1234"},"headline":"Tar\u0131m ve Orman Bakan\u0131 detaylar\u0131 a\u00e7\u0131klad\u0131: Kalan kurbanl\u0131klar sat\u0131n al\u0131nacak","datePublished":"2025-06-08T12:41:15+00:00","mainEntityOfPage":{"@id":"https:\/\/denizcankizil.tr\/de\/haberler\/gundem\/tarim-ve-orman-bakani-detaylari-acikladi-kalan-kurbanliklar-satin-alinacak\/"},"wordCount":599,"publisher":{"@id":"https:\/\/denizcankizil.tr\/de\/#organization"},"articleSection":["G\u00fcndem"],"inLanguage":"de"},{"@type":"WebPage","@id":"https:\/\/denizcankizil.tr\/de\/haberler\/gundem\/tarim-ve-orman-bakani-detaylari-acikladi-kalan-kurbanliklar-satin-alinacak\/","url":"https:\/\/denizcankizil.tr\/de\/haberler\/gundem\/tarim-ve-orman-bakani-detaylari-acikladi-kalan-kurbanliklar-satin-alinacak\/","name":"Tar\u0131m ve Orman Bakan\u0131 detaylar\u0131 a\u00e7\u0131klad\u0131: Kalan kurbanl\u0131klar sat\u0131n al\u0131nacak - Av. Deniz Can K\u0131z\u0131l","isPartOf":{"@id":"https:\/\/denizcankizil.tr\/de\/#website"},"datePublished":"2025-06-08T12:41:15+00:00","breadcrumb":{"@id":"https:\/\/denizcankizil.tr\/de\/haberler\/gundem\/tarim-ve-orman-bakani-detaylari-acikladi-kalan-kurbanliklar-satin-alinacak\/#breadcrumb"},"inLanguage":"de","potentialAction":[{"@type":"ReadAction","target":["https:\/\/denizcankizil.tr\/de\/haberler\/gundem\/tarim-ve-orman-bakani-detaylari-acikladi-kalan-kurbanliklar-satin-alinacak\/"]}]},{"@type":"BreadcrumbList","@id":"https:\/\/denizcankizil.tr\/de\/haberler\/gundem\/tarim-ve-orman-bakani-detaylari-acikladi-kalan-kurbanliklar-satin-alinacak\/#breadcrumb","itemListElement":[{"@type":"ListItem","position":1,"name":"Home","item":"https:\/\/denizcankizil.tr\/de\/"},{"@type":"ListItem","position":2,"name":"Tar\u0131m ve Orman Bakan\u0131 detaylar\u0131 a\u00e7\u0131klad\u0131: Kalan kurbanl\u0131klar sat\u0131n al\u0131nacak"}]},{"@type":"WebSite","@id":"https:\/\/denizcankizil.tr\/de\/#website","url":"https:\/\/denizcankizil.tr\/de\/","name":"Av. Deniz Can K\u0131z\u0131l","description":"Avukat Deniz Can K\u0131z\u0131l Antalya Barosu","publisher":{"@id":"https:\/\/denizcankizil.tr\/de\/#organization"},"potentialAction":[{"@type":"SearchAction","target":{"@type":"EntryPoint","urlTemplate":"https:\/\/denizcankizil.tr\/de\/?s={search_term_string}"},"query-input":{"@type":"PropertyValueSpecification","valueRequired":true,"valueName":"search_term_string"}}],"inLanguage":"de"},{"@type":"Organization","@id":"https:\/\/denizcankizil.tr\/de\/#organization","name":"Av. Deniz Can K\u0131z\u0131l","url":"https:\/\/denizcankizil.tr\/de\/","logo":{"@type":"ImageObject","inLanguage":"de","@id":"https:\/\/denizcankizil.tr\/de\/#\/schema\/logo\/image\/","url":"https:\/\/denizcankizil.tr\/wp-content\/uploads\/2024\/10\/siyah-logo-svg.svg","contentUrl":"https:\/\/denizcankizil.tr\/wp-content\/uploads\/2024\/10\/siyah-logo-svg.svg","width":1080,"height":1080,"caption":"Av. Deniz Can K\u0131z\u0131l"},"image":{"@id":"https:\/\/denizcankizil.tr\/de\/#\/schema\/logo\/image\/"}},{"@type":"Person","@id":"https:\/\/denizcankizil.tr\/de\/#\/schema\/person\/e1eb71bb4dd684d46563f0af307e1234","name":"Antalya K\u00f6rfez","image":{"@type":"ImageObject","inLanguage":"de","@id":"https:\/\/denizcankizil.tr\/de\/#\/schema\/person\/image\/","url":"https:\/\/secure.gravatar.com\/avatar\/42b01982558a48a0b501fdcab6a408d3717ea5919095ee2e67b0e521799c5905?s=96&d=mm&r=g","contentUrl":"https:\/\/secure.gravatar.com\/avatar\/42b01982558a48a0b501fdcab6a408d3717ea5919095ee2e67b0e521799c5905?s=96&d=mm&r=g","caption":"Antalya K\u00f6rfez"},"sameAs":["http:\/\/www.antalyakorfez.com"],"url":"https:\/\/www.antalyakorfez.com\/tarim-ve-orman-bakani-detaylari-acikladi-kalan-kurbanliklar-satin-alinacak"}]}},"_links":{"self":[{"href":"https:\/\/denizcankizil.tr\/de\/wp-json\/wp\/v2\/posts\/110612","targetHints":{"allow":["GET"]}}],"collection":[{"href":"https:\/\/denizcankizil.tr\/de\/wp-json\/wp\/v2\/posts"}],"about":[{"href":"https:\/\/denizcankizil.tr\/de\/wp-json\/wp\/v2\/types\/post"}],"author":[{"embeddable":true,"href":"https:\/\/denizcankizil.tr\/de\/wp-json\/wp\/v2\/users\/5"}],"replies":[{"embeddable":true,"href":"https:\/\/denizcankizil.tr\/de\/wp-json\/wp\/v2\/comments?post=110612"}],"version-history":[{"count":0,"href":"https:\/\/denizcankizil.tr\/de\/wp-json\/wp\/v2\/posts\/110612\/revisions"}],"wp:attachment":[{"href":"https:\/\/denizcankizil.tr\/de\/wp-json\/wp\/v2\/media?parent=110612"}],"wp:term":[{"taxonomy":"category","embeddable":true,"href":"https:\/\/denizcankizil.tr\/de\/wp-json\/wp\/v2\/categories?post=110612"},{"taxonomy":"post_tag","embeddable":true,"href":"https:\/\/denizcankizil.tr\/de\/wp-json\/wp\/v2\/tags?post=110612"}],"curies":[{"name":"wp","href":"https:\/\/api.w.org\/{rel}","templated":true}]}}