{"id":110448,"date":"2025-06-08T10:42:23","date_gmt":"2025-06-08T07:42:23","guid":{"rendered":"https:\/\/denizcankizil.tr\/uncategorized-tr\/bayramin-3-gununde-yurtta-hava-nasil-olacak\/"},"modified":"2025-06-08T10:42:23","modified_gmt":"2025-06-08T07:42:23","slug":"bayramin-3-gununde-yurtta-hava-nasil-olacak","status":"publish","type":"post","link":"https:\/\/denizcankizil.tr\/de\/haberler\/gundem\/bayramin-3-gununde-yurtta-hava-nasil-olacak\/","title":{"rendered":"Bayram\u0131n 3. g\u00fcn\u00fcnde yurtta hava nas\u0131l olacak?"},"content":{"rendered":"<p>Bayram\u0131n \u00fc\u00e7\u00fcnc\u00fc g\u00fcn\u00fcnde hava s\u0131cakl\u0131\u011f\u0131 yurt genelinde mevsim normallerinin \u00fczerinde seyretmeye devam edecek.  \u0130\u00e7 Ege&#8217;nin g\u00fcneydo\u011fu kesimleri ve Bat\u0131 Akdeniz&#8217;in i\u00e7 kesimleri ile Hakkari \u00e7evrelerinin yerel sa\u011fanak ve g\u00f6k g\u00fcr\u00fclt\u00fcl\u00fc sa\u011fanak ya\u011f\u0131\u015fl\u0131, di\u011fer yerler ise az bulutlu ve a\u00e7\u0131k ge\u00e7ecek.BURSA (\u0130GFA) &#8211; Meteoroloji Genel M\u00fcd\u00fcrl\u00fc\u011f\u00fc, 8 Haziran Pazar g\u00fcn\u00fcne ili\u015fkin hava tahmin raporunu yay\u0131mlad\u0131.<\/p>\n<p>Buna g\u00f6re, T\u00fcrkiye&#8217;nin bat\u0131 kesimlerinin par\u00e7al\u0131, yer yer \u00e7ok bulutlu, \u0130\u00e7 Ege&#8217;nin g\u00fcneydo\u011fu kesimleri ve Bat\u0131 Akdeniz&#8217;in i\u00e7 kesimleri ile Hakkari \u00e7evrelerinin yerel sa\u011fanak ve g\u00f6k g\u00fcr\u00fclt\u00fcl\u00fc sa\u011fanak ya\u011f\u0131\u015fl\u0131, di\u011fer yerlerin az bulutlu ve a\u00e7\u0131k ge\u00e7ece\u011fi tahmin ediliyor.<\/p>\n<p>Hava s\u0131cakl\u0131\u011f\u0131n\u0131n yurt genelinde mevsim normallerinin \u00fczerinde seyretmeye devam edece\u011fi tahmin edildi\u011fi g\u00fcnl\u00fck hava tahmin raporunda, r\u00fczgar\u0131n ise genellikle kuzeyli, Do\u011fu Akdeniz ve G\u00fcneydo\u011fu Anadolu&#8217;da g\u00fcneyli y\u00f6nlerden hafif, ara s\u0131ra orta kuvvette esece\u011fi tahmin edildi.<\/p>\n<p>\u200bBayram\u0131n \u00fc\u00e7\u00fcnc\u00fc g\u00fcn\u00fcnde hava s\u0131cakl\u0131\u011f\u0131 yurt genelinde mevsim normallerinin \u00fczerinde seyretmeye devam edecek.  \u0130\u00e7 Ege&#8217;nin g\u00fcneydo\u011fu kesimleri ve Bat\u0131 Akdeniz&#8217;in i\u00e7 kesimleri ile Hakkari \u00e7evrelerinin yerel sa\u011fanak ve g\u00f6k g\u00fcr\u00fclt\u00fcl\u00fc sa\u011fanak ya\u011f\u0131\u015fl\u0131, di\u011fer yerler ise az bulutlu ve a\u00e7\u0131k ge\u00e7ecek.BURSA (\u0130GFA) &#8211; Meteoroloji Genel M\u00fcd\u00fcrl\u00fc\u011f\u00fc, 8 Haziran Pazar g\u00fcn\u00fcne ili\u015fkin hava tahmin raporunu yay\u0131mlad\u0131.<\/p>\n<p>Buna g\u00f6re, T\u00fcrkiye&#8217;nin bat\u0131 kesimlerinin par\u00e7al\u0131, yer yer \u00e7ok bulutlu, \u0130\u00e7 Ege&#8217;nin g\u00fcneydo\u011fu kesimleri ve Bat\u0131 Akdeniz&#8217;in i\u00e7 kesimleri ile Hakkari \u00e7evrelerinin yerel sa\u011fanak ve g\u00f6k g\u00fcr\u00fclt\u00fcl\u00fc sa\u011fanak ya\u011f\u0131\u015fl\u0131, di\u011fer yerlerin az bulutlu ve a\u00e7\u0131k ge\u00e7ece\u011fi tahmin ediliyor.<\/p>\n<p>Hava s\u0131cakl\u0131\u011f\u0131n\u0131n yurt genelinde mevsim normallerinin \u00fczerinde seyretmeye devam edece\u011fi tahmin edildi\u011fi g\u00fcnl\u00fck hava tahmin raporunda, r\u00fczgar\u0131n ise genellikle kuzeyli, Do\u011fu Akdeniz ve G\u00fcneydo\u011fu Anadolu&#8217;da g\u00fcneyli y\u00f6nlerden hafif, ara s\u0131ra orta kuvvette esece\u011fi tahmin edildi.\u00a0<\/p>\n<p>\u200bHaberin Al\u0131nt\u0131land\u0131\u011f\u0131 Kaynak: www.iskenderun.org<\/p>","protected":false},"excerpt":{"rendered":"<p>Bayram\u0131n \u00fc\u00e7\u00fcnc\u00fc g\u00fcn\u00fcnde hava s\u0131cakl\u0131\u011f\u0131 yurt genelinde mevsim normallerinin \u00fczerinde seyretmeye devam edecek. \u0130\u00e7 Ege&#8217;nin g\u00fcneydo\u011fu kesimleri ve Bat\u0131 Akdeniz&#8217;in i\u00e7 kesimleri ile Hakkari \u00e7evrelerinin yerel sa\u011fanak ve g\u00f6k g\u00fcr\u00fclt\u00fcl\u00fc sa\u011fanak ya\u011f\u0131\u015fl\u0131, di\u011fer yerler ise az bulutlu ve a\u00e7\u0131k ge\u00e7ecek.BURSA (\u0130GFA) &#8211; Meteoroloji Genel M\u00fcd\u00fcrl\u00fc\u011f\u00fc, 8 Haziran Pazar g\u00fcn\u00fcne ili\u015fkin hava tahmin raporunu yay\u0131mlad\u0131. Buna g\u00f6re, T\u00fcrkiye&#8217;nin bat\u0131 kesimlerinin par\u00e7al\u0131, yer yer \u00e7ok bulutlu, \u0130\u00e7 Ege&#8217;nin g\u00fcneydo\u011fu kesimleri ve Bat\u0131 Akdeniz&#8217;in i\u00e7 kesimleri ile Hakkari \u00e7evrelerinin yerel sa\u011fanak ve g\u00f6k g\u00fcr\u00fclt\u00fcl\u00fc sa\u011fanak ya\u011f\u0131\u015fl\u0131, di\u011fer yerlerin az bulutlu ve a\u00e7\u0131k ge\u00e7ece\u011fi tahmin ediliyor. Hava s\u0131cakl\u0131\u011f\u0131n\u0131n yurt genelinde mevsim normallerinin \u00fczerinde seyretmeye devam edece\u011fi tahmin edildi\u011fi g\u00fcnl\u00fck hava tahmin raporunda, r\u00fczgar\u0131n ise genellikle kuzeyli, Do\u011fu Akdeniz ve G\u00fcneydo\u011fu Anadolu&#8217;da g\u00fcneyli y\u00f6nlerden hafif, ara s\u0131ra orta kuvvette esece\u011fi tahmin edildi. \u200bBayram\u0131n \u00fc\u00e7\u00fcnc\u00fc g\u00fcn\u00fcnde hava s\u0131cakl\u0131\u011f\u0131 yurt genelinde mevsim normallerinin \u00fczerinde seyretmeye devam edecek. \u0130\u00e7 Ege&#8217;nin g\u00fcneydo\u011fu kesimleri ve Bat\u0131 Akdeniz&#8217;in i\u00e7 kesimleri ile Hakkari \u00e7evrelerinin yerel sa\u011fanak ve g\u00f6k g\u00fcr\u00fclt\u00fcl\u00fc sa\u011fanak ya\u011f\u0131\u015fl\u0131, di\u011fer yerler ise az bulutlu ve a\u00e7\u0131k ge\u00e7ecek.BURSA (\u0130GFA) &#8211; Meteoroloji Genel M\u00fcd\u00fcrl\u00fc\u011f\u00fc, 8 Haziran Pazar g\u00fcn\u00fcne ili\u015fkin hava tahmin raporunu yay\u0131mlad\u0131. Buna g\u00f6re, T\u00fcrkiye&#8217;nin bat\u0131 kesimlerinin par\u00e7al\u0131, yer yer \u00e7ok bulutlu, \u0130\u00e7 Ege&#8217;nin g\u00fcneydo\u011fu kesimleri ve Bat\u0131 Akdeniz&#8217;in i\u00e7 kesimleri &hellip;<\/p>","protected":false},"author":1,"featured_media":0,"comment_status":"","ping_status":"open","sticky":false,"template":"","format":"standard","meta":{"_acf_changed":false,"footnotes":""},"categories":[24],"tags":[],"class_list":["post-110448","post","type-post","status-publish","format-standard","has-post-thumbnail","hentry","category-gundem"],"acf":[],"yoast_head":"<!-- This site is optimized with the Yoast SEO Premium plugin v26.6 (Yoast SEO v27.1.1) - https:\/\/yoast.com\/product\/yoast-seo-premium-wordpress\/ -->\n<title>Bayram\u0131n 3. g\u00fcn\u00fcnde yurtta hava nas\u0131l olacak? - Av. Deniz Can K\u0131z\u0131l<\/title>\n<meta name=\"robots\" content=\"index, follow, max-snippet:-1, max-image-preview:large, max-video-preview:-1\" \/>\n<link rel=\"canonical\" href=\"https:\/\/denizcankizil.tr\/de\/haberler\/gundem\/bayramin-3-gununde-yurtta-hava-nasil-olacak\/\" \/>\n<meta property=\"og:locale\" content=\"de_DE\" \/>\n<meta property=\"og:type\" content=\"article\" \/>\n<meta property=\"og:title\" content=\"Bayram\u0131n 3. g\u00fcn\u00fcnde yurtta hava nas\u0131l olacak?\" \/>\n<meta property=\"og:description\" content=\"Bayram\u0131n \u00fc\u00e7\u00fcnc\u00fc g\u00fcn\u00fcnde hava s\u0131cakl\u0131\u011f\u0131 yurt genelinde mevsim normallerinin \u00fczerinde seyretmeye devam edecek. \u0130\u00e7 Ege&#8217;nin g\u00fcneydo\u011fu kesimleri ve Bat\u0131 Akdeniz&#8217;in i\u00e7 kesimleri ile Hakkari \u00e7evrelerinin yerel sa\u011fanak ve g\u00f6k g\u00fcr\u00fclt\u00fcl\u00fc sa\u011fanak ya\u011f\u0131\u015fl\u0131, di\u011fer yerler ise az bulutlu ve a\u00e7\u0131k ge\u00e7ecek.BURSA (\u0130GFA) &#8211; Meteoroloji Genel M\u00fcd\u00fcrl\u00fc\u011f\u00fc, 8 Haziran Pazar g\u00fcn\u00fcne ili\u015fkin hava tahmin raporunu yay\u0131mlad\u0131. Buna g\u00f6re, T\u00fcrkiye&#8217;nin bat\u0131 kesimlerinin par\u00e7al\u0131, yer yer \u00e7ok bulutlu, \u0130\u00e7 Ege&#8217;nin g\u00fcneydo\u011fu kesimleri ve Bat\u0131 Akdeniz&#8217;in i\u00e7 kesimleri ile Hakkari \u00e7evrelerinin yerel sa\u011fanak ve g\u00f6k g\u00fcr\u00fclt\u00fcl\u00fc sa\u011fanak ya\u011f\u0131\u015fl\u0131, di\u011fer yerlerin az bulutlu ve a\u00e7\u0131k ge\u00e7ece\u011fi tahmin ediliyor. Hava s\u0131cakl\u0131\u011f\u0131n\u0131n yurt genelinde mevsim normallerinin \u00fczerinde seyretmeye devam edece\u011fi tahmin edildi\u011fi g\u00fcnl\u00fck hava tahmin raporunda, r\u00fczgar\u0131n ise genellikle kuzeyli, Do\u011fu Akdeniz ve G\u00fcneydo\u011fu Anadolu&#8217;da g\u00fcneyli y\u00f6nlerden hafif, ara s\u0131ra orta kuvvette esece\u011fi tahmin edildi. \u200bBayram\u0131n \u00fc\u00e7\u00fcnc\u00fc g\u00fcn\u00fcnde hava s\u0131cakl\u0131\u011f\u0131 yurt genelinde mevsim normallerinin \u00fczerinde seyretmeye devam edecek. \u0130\u00e7 Ege&#8217;nin g\u00fcneydo\u011fu kesimleri ve Bat\u0131 Akdeniz&#8217;in i\u00e7 kesimleri ile Hakkari \u00e7evrelerinin yerel sa\u011fanak ve g\u00f6k g\u00fcr\u00fclt\u00fcl\u00fc sa\u011fanak ya\u011f\u0131\u015fl\u0131, di\u011fer yerler ise az bulutlu ve a\u00e7\u0131k ge\u00e7ecek.BURSA (\u0130GFA) &#8211; Meteoroloji Genel M\u00fcd\u00fcrl\u00fc\u011f\u00fc, 8 Haziran Pazar g\u00fcn\u00fcne ili\u015fkin hava tahmin raporunu yay\u0131mlad\u0131. Buna g\u00f6re, T\u00fcrkiye&#8217;nin bat\u0131 kesimlerinin par\u00e7al\u0131, yer yer \u00e7ok bulutlu, \u0130\u00e7 Ege&#8217;nin g\u00fcneydo\u011fu kesimleri ve Bat\u0131 Akdeniz&#8217;in i\u00e7 kesimleri &hellip;\" \/>\n<meta property=\"og:url\" content=\"https:\/\/denizcankizil.tr\/de\/haberler\/gundem\/bayramin-3-gununde-yurtta-hava-nasil-olacak\/\" \/>\n<meta property=\"og:site_name\" content=\"Av. Deniz Can K\u0131z\u0131l\" \/>\n<meta property=\"article:published_time\" content=\"2025-06-08T07:42:23+00:00\" \/>\n<meta name=\"author\" content=\"admin\" \/>\n<meta name=\"twitter:card\" content=\"summary_large_image\" \/>\n<meta name=\"twitter:label1\" content=\"Verfasst von\" \/>\n\t<meta name=\"twitter:data1\" content=\"admin\" \/>\n\t<meta name=\"twitter:label2\" content=\"Gesch\u00e4tzte Lesezeit\" \/>\n\t<meta name=\"twitter:data2\" content=\"2\u00a0Minuten\" \/>\n<script type=\"application\/ld+json\" class=\"yoast-schema-graph\">{\"@context\":\"https:\/\/schema.org\",\"@graph\":[{\"@type\":\"Article\",\"@id\":\"https:\/\/denizcankizil.tr\/de\/haberler\/gundem\/bayramin-3-gununde-yurtta-hava-nasil-olacak\/#article\",\"isPartOf\":{\"@id\":\"https:\/\/denizcankizil.tr\/de\/haberler\/gundem\/bayramin-3-gununde-yurtta-hava-nasil-olacak\/\"},\"author\":{\"name\":\"admin\",\"@id\":\"https:\/\/denizcankizil.tr\/#\/schema\/person\/be3c05fe6a12686905512445d8185489\"},\"headline\":\"Bayram\u0131n 3. g\u00fcn\u00fcnde yurtta hava nas\u0131l olacak?\",\"datePublished\":\"2025-06-08T07:42:23+00:00\",\"mainEntityOfPage\":{\"@id\":\"https:\/\/denizcankizil.tr\/de\/haberler\/gundem\/bayramin-3-gununde-yurtta-hava-nasil-olacak\/\"},\"wordCount\":388,\"publisher\":{\"@id\":\"https:\/\/denizcankizil.tr\/#organization\"},\"articleSection\":[\"G\u00fcndem\"],\"inLanguage\":\"de\"},{\"@type\":\"WebPage\",\"@id\":\"https:\/\/denizcankizil.tr\/de\/haberler\/gundem\/bayramin-3-gununde-yurtta-hava-nasil-olacak\/\",\"url\":\"https:\/\/denizcankizil.tr\/de\/haberler\/gundem\/bayramin-3-gununde-yurtta-hava-nasil-olacak\/\",\"name\":\"Bayram\u0131n 3. g\u00fcn\u00fcnde yurtta hava nas\u0131l olacak? - Av. Deniz Can K\u0131z\u0131l\",\"isPartOf\":{\"@id\":\"https:\/\/denizcankizil.tr\/#website\"},\"datePublished\":\"2025-06-08T07:42:23+00:00\",\"breadcrumb\":{\"@id\":\"https:\/\/denizcankizil.tr\/de\/haberler\/gundem\/bayramin-3-gununde-yurtta-hava-nasil-olacak\/#breadcrumb\"},\"inLanguage\":\"de\",\"potentialAction\":[{\"@type\":\"ReadAction\",\"target\":[\"https:\/\/denizcankizil.tr\/de\/haberler\/gundem\/bayramin-3-gununde-yurtta-hava-nasil-olacak\/\"]}]},{\"@type\":\"BreadcrumbList\",\"@id\":\"https:\/\/denizcankizil.tr\/de\/haberler\/gundem\/bayramin-3-gununde-yurtta-hava-nasil-olacak\/#breadcrumb\",\"itemListElement\":[{\"@type\":\"ListItem\",\"position\":1,\"name\":\"Home\",\"item\":\"https:\/\/denizcankizil.tr\/de\/\"},{\"@type\":\"ListItem\",\"position\":2,\"name\":\"Bayram\u0131n 3. g\u00fcn\u00fcnde yurtta hava nas\u0131l olacak?\"}]},{\"@type\":\"WebSite\",\"@id\":\"https:\/\/denizcankizil.tr\/#website\",\"url\":\"https:\/\/denizcankizil.tr\/\",\"name\":\"Av. Deniz Can K\u0131z\u0131l\",\"description\":\"Avukat Deniz Can K\u0131z\u0131l Antalya Barosu\",\"publisher\":{\"@id\":\"https:\/\/denizcankizil.tr\/#organization\"},\"potentialAction\":[{\"@type\":\"SearchAction\",\"target\":{\"@type\":\"EntryPoint\",\"urlTemplate\":\"https:\/\/denizcankizil.tr\/?s={search_term_string}\"},\"query-input\":{\"@type\":\"PropertyValueSpecification\",\"valueRequired\":true,\"valueName\":\"search_term_string\"}}],\"inLanguage\":\"de\"},{\"@type\":\"Organization\",\"@id\":\"https:\/\/denizcankizil.tr\/#organization\",\"name\":\"Av. Deniz Can K\u0131z\u0131l\",\"url\":\"https:\/\/denizcankizil.tr\/\",\"logo\":{\"@type\":\"ImageObject\",\"inLanguage\":\"de\",\"@id\":\"https:\/\/denizcankizil.tr\/#\/schema\/logo\/image\/\",\"url\":\"https:\/\/denizcankizil.tr\/wp-content\/uploads\/2024\/10\/siyah-logo-svg.svg\",\"contentUrl\":\"https:\/\/denizcankizil.tr\/wp-content\/uploads\/2024\/10\/siyah-logo-svg.svg\",\"width\":1080,\"height\":1080,\"caption\":\"Av. Deniz Can K\u0131z\u0131l\"},\"image\":{\"@id\":\"https:\/\/denizcankizil.tr\/#\/schema\/logo\/image\/\"}},{\"@type\":\"Person\",\"@id\":\"https:\/\/denizcankizil.tr\/#\/schema\/person\/be3c05fe6a12686905512445d8185489\",\"name\":\"admin\",\"image\":{\"@type\":\"ImageObject\",\"inLanguage\":\"de\",\"@id\":\"https:\/\/denizcankizil.tr\/#\/schema\/person\/image\/\",\"url\":\"https:\/\/secure.gravatar.com\/avatar\/c1fce94c830dc79107e174f890d7210541c4a63e8e5d816341794a2151c9d58c?s=96&d=mm&r=g\",\"contentUrl\":\"https:\/\/secure.gravatar.com\/avatar\/c1fce94c830dc79107e174f890d7210541c4a63e8e5d816341794a2151c9d58c?s=96&d=mm&r=g\",\"caption\":\"admin\"},\"sameAs\":[\"http:\/\/denizcankizil.tr\"],\"url\":\"https:\/\/www.iskenderun.org\/bayramin-3-gununde-yurtta-hava-nasil-olacak\"}]}<\/script>\n<!-- \/ Yoast SEO Premium plugin. -->","yoast_head_json":{"title":"Bayram\u0131n 3. g\u00fcn\u00fcnde yurtta hava nas\u0131l olacak? - Av. Deniz Can K\u0131z\u0131l","robots":{"index":"index","follow":"follow","max-snippet":"max-snippet:-1","max-image-preview":"max-image-preview:large","max-video-preview":"max-video-preview:-1"},"canonical":"https:\/\/denizcankizil.tr\/de\/haberler\/gundem\/bayramin-3-gununde-yurtta-hava-nasil-olacak\/","og_locale":"de_DE","og_type":"article","og_title":"Bayram\u0131n 3. g\u00fcn\u00fcnde yurtta hava nas\u0131l olacak?","og_description":"Bayram\u0131n \u00fc\u00e7\u00fcnc\u00fc g\u00fcn\u00fcnde hava s\u0131cakl\u0131\u011f\u0131 yurt genelinde mevsim normallerinin \u00fczerinde seyretmeye devam edecek. \u0130\u00e7 Ege&#8217;nin g\u00fcneydo\u011fu kesimleri ve Bat\u0131 Akdeniz&#8217;in i\u00e7 kesimleri ile Hakkari \u00e7evrelerinin yerel sa\u011fanak ve g\u00f6k g\u00fcr\u00fclt\u00fcl\u00fc sa\u011fanak ya\u011f\u0131\u015fl\u0131, di\u011fer yerler ise az bulutlu ve a\u00e7\u0131k ge\u00e7ecek.BURSA (\u0130GFA) &#8211; Meteoroloji Genel M\u00fcd\u00fcrl\u00fc\u011f\u00fc, 8 Haziran Pazar g\u00fcn\u00fcne ili\u015fkin hava tahmin raporunu yay\u0131mlad\u0131. Buna g\u00f6re, T\u00fcrkiye&#8217;nin bat\u0131 kesimlerinin par\u00e7al\u0131, yer yer \u00e7ok bulutlu, \u0130\u00e7 Ege&#8217;nin g\u00fcneydo\u011fu kesimleri ve Bat\u0131 Akdeniz&#8217;in i\u00e7 kesimleri ile Hakkari \u00e7evrelerinin yerel sa\u011fanak ve g\u00f6k g\u00fcr\u00fclt\u00fcl\u00fc sa\u011fanak ya\u011f\u0131\u015fl\u0131, di\u011fer yerlerin az bulutlu ve a\u00e7\u0131k ge\u00e7ece\u011fi tahmin ediliyor. Hava s\u0131cakl\u0131\u011f\u0131n\u0131n yurt genelinde mevsim normallerinin \u00fczerinde seyretmeye devam edece\u011fi tahmin edildi\u011fi g\u00fcnl\u00fck hava tahmin raporunda, r\u00fczgar\u0131n ise genellikle kuzeyli, Do\u011fu Akdeniz ve G\u00fcneydo\u011fu Anadolu&#8217;da g\u00fcneyli y\u00f6nlerden hafif, ara s\u0131ra orta kuvvette esece\u011fi tahmin edildi. \u200bBayram\u0131n \u00fc\u00e7\u00fcnc\u00fc g\u00fcn\u00fcnde hava s\u0131cakl\u0131\u011f\u0131 yurt genelinde mevsim normallerinin \u00fczerinde seyretmeye devam edecek. \u0130\u00e7 Ege&#8217;nin g\u00fcneydo\u011fu kesimleri ve Bat\u0131 Akdeniz&#8217;in i\u00e7 kesimleri ile Hakkari \u00e7evrelerinin yerel sa\u011fanak ve g\u00f6k g\u00fcr\u00fclt\u00fcl\u00fc sa\u011fanak ya\u011f\u0131\u015fl\u0131, di\u011fer yerler ise az bulutlu ve a\u00e7\u0131k ge\u00e7ecek.BURSA (\u0130GFA) &#8211; Meteoroloji Genel M\u00fcd\u00fcrl\u00fc\u011f\u00fc, 8 Haziran Pazar g\u00fcn\u00fcne ili\u015fkin hava tahmin raporunu yay\u0131mlad\u0131. Buna g\u00f6re, T\u00fcrkiye&#8217;nin bat\u0131 kesimlerinin par\u00e7al\u0131, yer yer \u00e7ok bulutlu, \u0130\u00e7 Ege&#8217;nin g\u00fcneydo\u011fu kesimleri ve Bat\u0131 Akdeniz&#8217;in i\u00e7 kesimleri &hellip;","og_url":"https:\/\/denizcankizil.tr\/de\/haberler\/gundem\/bayramin-3-gununde-yurtta-hava-nasil-olacak\/","og_site_name":"Av. Deniz Can K\u0131z\u0131l","article_published_time":"2025-06-08T07:42:23+00:00","author":"admin","twitter_card":"summary_large_image","twitter_misc":{"Verfasst von":"admin","Gesch\u00e4tzte Lesezeit":"2\u00a0Minuten"},"schema":{"@context":"https:\/\/schema.org","@graph":[{"@type":"Article","@id":"https:\/\/denizcankizil.tr\/de\/haberler\/gundem\/bayramin-3-gununde-yurtta-hava-nasil-olacak\/#article","isPartOf":{"@id":"https:\/\/denizcankizil.tr\/de\/haberler\/gundem\/bayramin-3-gununde-yurtta-hava-nasil-olacak\/"},"author":{"name":"admin","@id":"https:\/\/denizcankizil.tr\/#\/schema\/person\/be3c05fe6a12686905512445d8185489"},"headline":"Bayram\u0131n 3. g\u00fcn\u00fcnde yurtta hava nas\u0131l olacak?","datePublished":"2025-06-08T07:42:23+00:00","mainEntityOfPage":{"@id":"https:\/\/denizcankizil.tr\/de\/haberler\/gundem\/bayramin-3-gununde-yurtta-hava-nasil-olacak\/"},"wordCount":388,"publisher":{"@id":"https:\/\/denizcankizil.tr\/#organization"},"articleSection":["G\u00fcndem"],"inLanguage":"de"},{"@type":"WebPage","@id":"https:\/\/denizcankizil.tr\/de\/haberler\/gundem\/bayramin-3-gununde-yurtta-hava-nasil-olacak\/","url":"https:\/\/denizcankizil.tr\/de\/haberler\/gundem\/bayramin-3-gununde-yurtta-hava-nasil-olacak\/","name":"Bayram\u0131n 3. g\u00fcn\u00fcnde yurtta hava nas\u0131l olacak? - Av. Deniz Can K\u0131z\u0131l","isPartOf":{"@id":"https:\/\/denizcankizil.tr\/#website"},"datePublished":"2025-06-08T07:42:23+00:00","breadcrumb":{"@id":"https:\/\/denizcankizil.tr\/de\/haberler\/gundem\/bayramin-3-gununde-yurtta-hava-nasil-olacak\/#breadcrumb"},"inLanguage":"de","potentialAction":[{"@type":"ReadAction","target":["https:\/\/denizcankizil.tr\/de\/haberler\/gundem\/bayramin-3-gununde-yurtta-hava-nasil-olacak\/"]}]},{"@type":"BreadcrumbList","@id":"https:\/\/denizcankizil.tr\/de\/haberler\/gundem\/bayramin-3-gununde-yurtta-hava-nasil-olacak\/#breadcrumb","itemListElement":[{"@type":"ListItem","position":1,"name":"Home","item":"https:\/\/denizcankizil.tr\/de\/"},{"@type":"ListItem","position":2,"name":"Bayram\u0131n 3. g\u00fcn\u00fcnde yurtta hava nas\u0131l olacak?"}]},{"@type":"WebSite","@id":"https:\/\/denizcankizil.tr\/#website","url":"https:\/\/denizcankizil.tr\/","name":"Av. Deniz Can K\u0131z\u0131l","description":"Avukat Deniz Can K\u0131z\u0131l Antalya Barosu","publisher":{"@id":"https:\/\/denizcankizil.tr\/#organization"},"potentialAction":[{"@type":"SearchAction","target":{"@type":"EntryPoint","urlTemplate":"https:\/\/denizcankizil.tr\/?s={search_term_string}"},"query-input":{"@type":"PropertyValueSpecification","valueRequired":true,"valueName":"search_term_string"}}],"inLanguage":"de"},{"@type":"Organization","@id":"https:\/\/denizcankizil.tr\/#organization","name":"Av. Deniz Can K\u0131z\u0131l","url":"https:\/\/denizcankizil.tr\/","logo":{"@type":"ImageObject","inLanguage":"de","@id":"https:\/\/denizcankizil.tr\/#\/schema\/logo\/image\/","url":"https:\/\/denizcankizil.tr\/wp-content\/uploads\/2024\/10\/siyah-logo-svg.svg","contentUrl":"https:\/\/denizcankizil.tr\/wp-content\/uploads\/2024\/10\/siyah-logo-svg.svg","width":1080,"height":1080,"caption":"Av. Deniz Can K\u0131z\u0131l"},"image":{"@id":"https:\/\/denizcankizil.tr\/#\/schema\/logo\/image\/"}},{"@type":"Person","@id":"https:\/\/denizcankizil.tr\/#\/schema\/person\/be3c05fe6a12686905512445d8185489","name":"Administrator","image":{"@type":"ImageObject","inLanguage":"de","@id":"https:\/\/denizcankizil.tr\/#\/schema\/person\/image\/","url":"https:\/\/secure.gravatar.com\/avatar\/c1fce94c830dc79107e174f890d7210541c4a63e8e5d816341794a2151c9d58c?s=96&d=mm&r=g","contentUrl":"https:\/\/secure.gravatar.com\/avatar\/c1fce94c830dc79107e174f890d7210541c4a63e8e5d816341794a2151c9d58c?s=96&d=mm&r=g","caption":"admin"},"sameAs":["http:\/\/denizcankizil.tr"],"url":"https:\/\/www.iskenderun.org\/bayramin-3-gununde-yurtta-hava-nasil-olacak"}]}},"_links":{"self":[{"href":"https:\/\/denizcankizil.tr\/de\/wp-json\/wp\/v2\/posts\/110448","targetHints":{"allow":["GET"]}}],"collection":[{"href":"https:\/\/denizcankizil.tr\/de\/wp-json\/wp\/v2\/posts"}],"about":[{"href":"https:\/\/denizcankizil.tr\/de\/wp-json\/wp\/v2\/types\/post"}],"author":[{"embeddable":true,"href":"https:\/\/denizcankizil.tr\/de\/wp-json\/wp\/v2\/users\/1"}],"replies":[{"embeddable":true,"href":"https:\/\/denizcankizil.tr\/de\/wp-json\/wp\/v2\/comments?post=110448"}],"version-history":[{"count":0,"href":"https:\/\/denizcankizil.tr\/de\/wp-json\/wp\/v2\/posts\/110448\/revisions"}],"wp:attachment":[{"href":"https:\/\/denizcankizil.tr\/de\/wp-json\/wp\/v2\/media?parent=110448"}],"wp:term":[{"taxonomy":"category","embeddable":true,"href":"https:\/\/denizcankizil.tr\/de\/wp-json\/wp\/v2\/categories?post=110448"},{"taxonomy":"post_tag","embeddable":true,"href":"https:\/\/denizcankizil.tr\/de\/wp-json\/wp\/v2\/tags?post=110448"}],"curies":[{"name":"wp","href":"https:\/\/api.w.org\/{rel}","templated":true}]}}