{"id":110444,"date":"2025-06-08T10:42:19","date_gmt":"2025-06-08T07:42:19","guid":{"rendered":"https:\/\/denizcankizil.tr\/uncategorized-tr\/duzcede-cuhalli-plajinda-bogulma-tehlikesi\/"},"modified":"2025-06-08T10:42:19","modified_gmt":"2025-06-08T07:42:19","slug":"duzcede-cuhalli-plajinda-bogulma-tehlikesi","status":"publish","type":"post","link":"https:\/\/denizcankizil.tr\/de\/haberler\/gundem\/duzcede-cuhalli-plajinda-bogulma-tehlikesi\/","title":{"rendered":"D\u00fczce&#8217;de \u00c7uhall\u0131 Plaj\u0131&#8217;nda bo\u011fulma tehlikesi!"},"content":{"rendered":"<p>D\u00fczce&#8217;de Ak\u00e7akoca\u2019n\u0131n \u00c7uhall\u0131 Plaj\u0131\u2019nda denize giren 20 ya\u015f\u0131ndaki gen\u00e7 k\u0131z, bo\u011fulma tehlikesi ge\u00e7irdi. Cankurtaran\u0131n h\u0131zl\u0131 m\u00fcdahalesiyle kurtar\u0131lan gen\u00e7 k\u0131z, hastanede tedavi alt\u0131na al\u0131nd\u0131.Sefer DEM\u0130R \/ D\u00dcZCE (\u0130GFA) &#8211; Ak\u00e7akoca\u2019n\u0131n en yo\u011fun sahillerinden \u00c7uhall\u0131 Plaj\u0131\u2019nda panik dolu anlar ya\u015fand\u0131.<br \/>\nDenize giren yakla\u015f\u0131k 20 ya\u015f\u0131ndaki bir gen\u00e7 k\u0131z, bir s\u00fcre sonra suda \u00e7\u0131rp\u0131nmaya ba\u015flad\u0131.<br \/>\nDurumu fark eden \u00e7evredeki vatanda\u015flar, hemen cankurtaran Nafi Ayd\u0131n\u2019a haber verdi. H\u0131zla olay yerine ula\u015fan Ayd\u0131n, gen\u00e7 k\u0131z\u0131 sudan \u00e7\u0131kararak ilk yard\u0131m uygulad\u0131.<br \/>\nOlay yerine gelen sa\u011fl\u0131k ekipleri, gen\u00e7 k\u0131z\u0131 Ak\u00e7akoca Devlet Hastanesi\u2019ne sevk etti.<br \/>\nHastanede yap\u0131lan kontrollerde gen\u00e7 k\u0131z\u0131n sa\u011fl\u0131k durumunun iyi oldu\u011fu belirtildi.<br \/>\nOlay, plajda k\u0131sa s\u00fcreli pani\u011fe neden olsa da cankurtaran\u0131n h\u0131zl\u0131 m\u00fcdahalesi sayesinde facian\u0131n \u00f6n\u00fcne ge\u00e7ildi.<\/p>\n<p>\u200bD\u00fczce&#8217;de Ak\u00e7akoca\u2019n\u0131n \u00c7uhall\u0131 Plaj\u0131\u2019nda denize giren 20 ya\u015f\u0131ndaki gen\u00e7 k\u0131z, bo\u011fulma tehlikesi ge\u00e7irdi. Cankurtaran\u0131n h\u0131zl\u0131 m\u00fcdahalesiyle kurtar\u0131lan gen\u00e7 k\u0131z, hastanede tedavi alt\u0131na al\u0131nd\u0131.Sefer DEM\u0130R \/ D\u00dcZCE (\u0130GFA) &#8211; Ak\u00e7akoca\u2019n\u0131n en yo\u011fun sahillerinden \u00c7uhall\u0131 Plaj\u0131\u2019nda panik dolu anlar ya\u015fand\u0131.<br \/>\nDenize giren yakla\u015f\u0131k 20 ya\u015f\u0131ndaki bir gen\u00e7 k\u0131z, bir s\u00fcre sonra suda \u00e7\u0131rp\u0131nmaya ba\u015flad\u0131.<br \/>\nDurumu fark eden \u00e7evredeki vatanda\u015flar, hemen cankurtaran Nafi Ayd\u0131n\u2019a haber verdi. H\u0131zla olay yerine ula\u015fan Ayd\u0131n, gen\u00e7 k\u0131z\u0131 sudan \u00e7\u0131kararak ilk yard\u0131m uygulad\u0131.<br \/>\nOlay yerine gelen sa\u011fl\u0131k ekipleri, gen\u00e7 k\u0131z\u0131 Ak\u00e7akoca Devlet Hastanesi\u2019ne sevk etti.<br \/>\nHastanede yap\u0131lan kontrollerde gen\u00e7 k\u0131z\u0131n sa\u011fl\u0131k durumunun iyi oldu\u011fu belirtildi.<br \/>\nOlay, plajda k\u0131sa s\u00fcreli pani\u011fe neden olsa da cankurtaran\u0131n h\u0131zl\u0131 m\u00fcdahalesi sayesinde facian\u0131n \u00f6n\u00fcne ge\u00e7ildi.\u00a0<\/p>\n<p>\u200bHaberin Al\u0131nt\u0131land\u0131\u011f\u0131 Kaynak: www.iskenderun.org<\/p>","protected":false},"excerpt":{"rendered":"<p>D\u00fczce&#8217;de Ak\u00e7akoca\u2019n\u0131n \u00c7uhall\u0131 Plaj\u0131\u2019nda denize giren 20 ya\u015f\u0131ndaki gen\u00e7 k\u0131z, bo\u011fulma tehlikesi ge\u00e7irdi. Cankurtaran\u0131n h\u0131zl\u0131 m\u00fcdahalesiyle kurtar\u0131lan gen\u00e7 k\u0131z, hastanede tedavi alt\u0131na al\u0131nd\u0131.Sefer DEM\u0130R \/ D\u00dcZCE (\u0130GFA) &#8211; Ak\u00e7akoca\u2019n\u0131n en yo\u011fun sahillerinden \u00c7uhall\u0131 Plaj\u0131\u2019nda panik dolu anlar ya\u015fand\u0131. Denize giren yakla\u015f\u0131k 20 ya\u015f\u0131ndaki bir gen\u00e7 k\u0131z, bir s\u00fcre sonra suda \u00e7\u0131rp\u0131nmaya ba\u015flad\u0131. Durumu fark eden \u00e7evredeki vatanda\u015flar, hemen cankurtaran Nafi Ayd\u0131n\u2019a haber verdi. H\u0131zla olay yerine ula\u015fan Ayd\u0131n, gen\u00e7 k\u0131z\u0131 sudan \u00e7\u0131kararak ilk yard\u0131m uygulad\u0131. Olay yerine gelen sa\u011fl\u0131k ekipleri, gen\u00e7 k\u0131z\u0131 Ak\u00e7akoca Devlet Hastanesi\u2019ne sevk etti. Hastanede yap\u0131lan kontrollerde gen\u00e7 k\u0131z\u0131n sa\u011fl\u0131k durumunun iyi oldu\u011fu belirtildi. Olay, plajda k\u0131sa s\u00fcreli pani\u011fe neden olsa da cankurtaran\u0131n h\u0131zl\u0131 m\u00fcdahalesi sayesinde facian\u0131n \u00f6n\u00fcne ge\u00e7ildi. \u200bD\u00fczce&#8217;de Ak\u00e7akoca\u2019n\u0131n \u00c7uhall\u0131 Plaj\u0131\u2019nda denize giren 20 ya\u015f\u0131ndaki gen\u00e7 k\u0131z, bo\u011fulma tehlikesi ge\u00e7irdi. Cankurtaran\u0131n h\u0131zl\u0131 m\u00fcdahalesiyle kurtar\u0131lan gen\u00e7 k\u0131z, hastanede tedavi alt\u0131na al\u0131nd\u0131.Sefer DEM\u0130R \/ D\u00dcZCE (\u0130GFA) &#8211; Ak\u00e7akoca\u2019n\u0131n en yo\u011fun sahillerinden \u00c7uhall\u0131 Plaj\u0131\u2019nda panik dolu anlar ya\u015fand\u0131. Denize giren yakla\u015f\u0131k 20 ya\u015f\u0131ndaki bir gen\u00e7 k\u0131z, bir s\u00fcre sonra suda \u00e7\u0131rp\u0131nmaya ba\u015flad\u0131. Durumu fark eden \u00e7evredeki vatanda\u015flar, hemen cankurtaran Nafi Ayd\u0131n\u2019a haber verdi. H\u0131zla olay yerine ula\u015fan Ayd\u0131n, gen\u00e7 k\u0131z\u0131 sudan \u00e7\u0131kararak ilk yard\u0131m uygulad\u0131. Olay yerine gelen sa\u011fl\u0131k ekipleri, gen\u00e7 k\u0131z\u0131 Ak\u00e7akoca Devlet Hastanesi\u2019ne sevk etti. Hastanede &hellip;<\/p>","protected":false},"author":1,"featured_media":0,"comment_status":"","ping_status":"open","sticky":false,"template":"","format":"standard","meta":{"_acf_changed":false,"footnotes":""},"categories":[24],"tags":[],"class_list":["post-110444","post","type-post","status-publish","format-standard","has-post-thumbnail","hentry","category-gundem"],"acf":[],"yoast_head":"<!-- This site is optimized with the Yoast SEO Premium plugin v26.6 (Yoast SEO v27.1.1) - https:\/\/yoast.com\/product\/yoast-seo-premium-wordpress\/ -->\n<title>D\u00fczce&#039;de \u00c7uhall\u0131 Plaj\u0131&#039;nda bo\u011fulma tehlikesi! - Av. Deniz Can K\u0131z\u0131l<\/title>\n<meta name=\"robots\" content=\"index, follow, max-snippet:-1, max-image-preview:large, max-video-preview:-1\" \/>\n<link rel=\"canonical\" href=\"https:\/\/denizcankizil.tr\/de\/haberler\/gundem\/duzcede-cuhalli-plajinda-bogulma-tehlikesi\/\" \/>\n<meta property=\"og:locale\" content=\"de_DE\" \/>\n<meta property=\"og:type\" content=\"article\" \/>\n<meta property=\"og:title\" content=\"D\u00fczce&#039;de \u00c7uhall\u0131 Plaj\u0131&#039;nda bo\u011fulma tehlikesi!\" \/>\n<meta property=\"og:description\" content=\"D\u00fczce&#8217;de Ak\u00e7akoca\u2019n\u0131n \u00c7uhall\u0131 Plaj\u0131\u2019nda denize giren 20 ya\u015f\u0131ndaki gen\u00e7 k\u0131z, bo\u011fulma tehlikesi ge\u00e7irdi. Cankurtaran\u0131n h\u0131zl\u0131 m\u00fcdahalesiyle kurtar\u0131lan gen\u00e7 k\u0131z, hastanede tedavi alt\u0131na al\u0131nd\u0131.Sefer DEM\u0130R \/ D\u00dcZCE (\u0130GFA) &#8211; Ak\u00e7akoca\u2019n\u0131n en yo\u011fun sahillerinden \u00c7uhall\u0131 Plaj\u0131\u2019nda panik dolu anlar ya\u015fand\u0131. Denize giren yakla\u015f\u0131k 20 ya\u015f\u0131ndaki bir gen\u00e7 k\u0131z, bir s\u00fcre sonra suda \u00e7\u0131rp\u0131nmaya ba\u015flad\u0131. Durumu fark eden \u00e7evredeki vatanda\u015flar, hemen cankurtaran Nafi Ayd\u0131n\u2019a haber verdi. H\u0131zla olay yerine ula\u015fan Ayd\u0131n, gen\u00e7 k\u0131z\u0131 sudan \u00e7\u0131kararak ilk yard\u0131m uygulad\u0131. Olay yerine gelen sa\u011fl\u0131k ekipleri, gen\u00e7 k\u0131z\u0131 Ak\u00e7akoca Devlet Hastanesi\u2019ne sevk etti. Hastanede yap\u0131lan kontrollerde gen\u00e7 k\u0131z\u0131n sa\u011fl\u0131k durumunun iyi oldu\u011fu belirtildi. Olay, plajda k\u0131sa s\u00fcreli pani\u011fe neden olsa da cankurtaran\u0131n h\u0131zl\u0131 m\u00fcdahalesi sayesinde facian\u0131n \u00f6n\u00fcne ge\u00e7ildi. \u200bD\u00fczce&#8217;de Ak\u00e7akoca\u2019n\u0131n \u00c7uhall\u0131 Plaj\u0131\u2019nda denize giren 20 ya\u015f\u0131ndaki gen\u00e7 k\u0131z, bo\u011fulma tehlikesi ge\u00e7irdi. Cankurtaran\u0131n h\u0131zl\u0131 m\u00fcdahalesiyle kurtar\u0131lan gen\u00e7 k\u0131z, hastanede tedavi alt\u0131na al\u0131nd\u0131.Sefer DEM\u0130R \/ D\u00dcZCE (\u0130GFA) &#8211; Ak\u00e7akoca\u2019n\u0131n en yo\u011fun sahillerinden \u00c7uhall\u0131 Plaj\u0131\u2019nda panik dolu anlar ya\u015fand\u0131. Denize giren yakla\u015f\u0131k 20 ya\u015f\u0131ndaki bir gen\u00e7 k\u0131z, bir s\u00fcre sonra suda \u00e7\u0131rp\u0131nmaya ba\u015flad\u0131. Durumu fark eden \u00e7evredeki vatanda\u015flar, hemen cankurtaran Nafi Ayd\u0131n\u2019a haber verdi. H\u0131zla olay yerine ula\u015fan Ayd\u0131n, gen\u00e7 k\u0131z\u0131 sudan \u00e7\u0131kararak ilk yard\u0131m uygulad\u0131. Olay yerine gelen sa\u011fl\u0131k ekipleri, gen\u00e7 k\u0131z\u0131 Ak\u00e7akoca Devlet Hastanesi\u2019ne sevk etti. Hastanede &hellip;\" \/>\n<meta property=\"og:url\" content=\"https:\/\/denizcankizil.tr\/de\/haberler\/gundem\/duzcede-cuhalli-plajinda-bogulma-tehlikesi\/\" \/>\n<meta property=\"og:site_name\" content=\"Av. Deniz Can K\u0131z\u0131l\" \/>\n<meta property=\"article:published_time\" content=\"2025-06-08T07:42:19+00:00\" \/>\n<meta name=\"author\" content=\"admin\" \/>\n<meta name=\"twitter:card\" content=\"summary_large_image\" \/>\n<meta name=\"twitter:label1\" content=\"Verfasst von\" \/>\n\t<meta name=\"twitter:data1\" content=\"admin\" \/>\n\t<meta name=\"twitter:label2\" content=\"Gesch\u00e4tzte Lesezeit\" \/>\n\t<meta name=\"twitter:data2\" content=\"2\u00a0Minuten\" \/>\n<script type=\"application\/ld+json\" class=\"yoast-schema-graph\">{\"@context\":\"https:\/\/schema.org\",\"@graph\":[{\"@type\":\"Article\",\"@id\":\"https:\/\/denizcankizil.tr\/ru\/haberler\/gundem\/duzcede-cuhalli-plajinda-bogulma-tehlikesi\/#article\",\"isPartOf\":{\"@id\":\"https:\/\/denizcankizil.tr\/ru\/haberler\/gundem\/duzcede-cuhalli-plajinda-bogulma-tehlikesi\/\"},\"author\":{\"name\":\"admin\",\"@id\":\"https:\/\/denizcankizil.tr\/#\/schema\/person\/be3c05fe6a12686905512445d8185489\"},\"headline\":\"D\u00fczce&#8217;de \u00c7uhall\u0131 Plaj\u0131&#8217;nda bo\u011fulma tehlikesi!\",\"datePublished\":\"2025-06-08T07:42:19+00:00\",\"mainEntityOfPage\":{\"@id\":\"https:\/\/denizcankizil.tr\/ru\/haberler\/gundem\/duzcede-cuhalli-plajinda-bogulma-tehlikesi\/\"},\"wordCount\":355,\"publisher\":{\"@id\":\"https:\/\/denizcankizil.tr\/#organization\"},\"articleSection\":[\"G\u00fcndem\"],\"inLanguage\":\"de\"},{\"@type\":\"WebPage\",\"@id\":\"https:\/\/denizcankizil.tr\/ru\/haberler\/gundem\/duzcede-cuhalli-plajinda-bogulma-tehlikesi\/\",\"url\":\"https:\/\/denizcankizil.tr\/ru\/haberler\/gundem\/duzcede-cuhalli-plajinda-bogulma-tehlikesi\/\",\"name\":\"D\u00fczce'de \u00c7uhall\u0131 Plaj\u0131'nda bo\u011fulma tehlikesi! - Av. Deniz Can K\u0131z\u0131l\",\"isPartOf\":{\"@id\":\"https:\/\/denizcankizil.tr\/#website\"},\"datePublished\":\"2025-06-08T07:42:19+00:00\",\"breadcrumb\":{\"@id\":\"https:\/\/denizcankizil.tr\/ru\/haberler\/gundem\/duzcede-cuhalli-plajinda-bogulma-tehlikesi\/#breadcrumb\"},\"inLanguage\":\"de\",\"potentialAction\":[{\"@type\":\"ReadAction\",\"target\":[\"https:\/\/denizcankizil.tr\/ru\/haberler\/gundem\/duzcede-cuhalli-plajinda-bogulma-tehlikesi\/\"]}]},{\"@type\":\"BreadcrumbList\",\"@id\":\"https:\/\/denizcankizil.tr\/ru\/haberler\/gundem\/duzcede-cuhalli-plajinda-bogulma-tehlikesi\/#breadcrumb\",\"itemListElement\":[{\"@type\":\"ListItem\",\"position\":1,\"name\":\"Home\",\"item\":\"https:\/\/denizcankizil.tr\/de\/\"},{\"@type\":\"ListItem\",\"position\":2,\"name\":\"D\u00fczce&#8217;de \u00c7uhall\u0131 Plaj\u0131&#8217;nda bo\u011fulma tehlikesi!\"}]},{\"@type\":\"WebSite\",\"@id\":\"https:\/\/denizcankizil.tr\/#website\",\"url\":\"https:\/\/denizcankizil.tr\/\",\"name\":\"Av. Deniz Can K\u0131z\u0131l\",\"description\":\"Avukat Deniz Can K\u0131z\u0131l Antalya Barosu\",\"publisher\":{\"@id\":\"https:\/\/denizcankizil.tr\/#organization\"},\"potentialAction\":[{\"@type\":\"SearchAction\",\"target\":{\"@type\":\"EntryPoint\",\"urlTemplate\":\"https:\/\/denizcankizil.tr\/?s={search_term_string}\"},\"query-input\":{\"@type\":\"PropertyValueSpecification\",\"valueRequired\":true,\"valueName\":\"search_term_string\"}}],\"inLanguage\":\"de\"},{\"@type\":\"Organization\",\"@id\":\"https:\/\/denizcankizil.tr\/#organization\",\"name\":\"Av. Deniz Can K\u0131z\u0131l\",\"url\":\"https:\/\/denizcankizil.tr\/\",\"logo\":{\"@type\":\"ImageObject\",\"inLanguage\":\"de\",\"@id\":\"https:\/\/denizcankizil.tr\/#\/schema\/logo\/image\/\",\"url\":\"https:\/\/denizcankizil.tr\/wp-content\/uploads\/2024\/10\/siyah-logo-svg.svg\",\"contentUrl\":\"https:\/\/denizcankizil.tr\/wp-content\/uploads\/2024\/10\/siyah-logo-svg.svg\",\"width\":1080,\"height\":1080,\"caption\":\"Av. Deniz Can K\u0131z\u0131l\"},\"image\":{\"@id\":\"https:\/\/denizcankizil.tr\/#\/schema\/logo\/image\/\"}},{\"@type\":\"Person\",\"@id\":\"https:\/\/denizcankizil.tr\/#\/schema\/person\/be3c05fe6a12686905512445d8185489\",\"name\":\"admin\",\"image\":{\"@type\":\"ImageObject\",\"inLanguage\":\"de\",\"@id\":\"https:\/\/denizcankizil.tr\/#\/schema\/person\/image\/\",\"url\":\"https:\/\/secure.gravatar.com\/avatar\/c1fce94c830dc79107e174f890d7210541c4a63e8e5d816341794a2151c9d58c?s=96&d=mm&r=g\",\"contentUrl\":\"https:\/\/secure.gravatar.com\/avatar\/c1fce94c830dc79107e174f890d7210541c4a63e8e5d816341794a2151c9d58c?s=96&d=mm&r=g\",\"caption\":\"admin\"},\"sameAs\":[\"http:\/\/denizcankizil.tr\"],\"url\":\"https:\/\/www.iskenderun.org\/duzcede-cuhalli-plajinda-bogulma-tehlikesi\"}]}<\/script>\n<!-- \/ Yoast SEO Premium plugin. -->","yoast_head_json":{"title":"D\u00fczce'de \u00c7uhall\u0131 Plaj\u0131'nda bo\u011fulma tehlikesi! - Av. Deniz Can K\u0131z\u0131l","robots":{"index":"index","follow":"follow","max-snippet":"max-snippet:-1","max-image-preview":"max-image-preview:large","max-video-preview":"max-video-preview:-1"},"canonical":"https:\/\/denizcankizil.tr\/de\/haberler\/gundem\/duzcede-cuhalli-plajinda-bogulma-tehlikesi\/","og_locale":"de_DE","og_type":"article","og_title":"D\u00fczce'de \u00c7uhall\u0131 Plaj\u0131'nda bo\u011fulma tehlikesi!","og_description":"D\u00fczce&#8217;de Ak\u00e7akoca\u2019n\u0131n \u00c7uhall\u0131 Plaj\u0131\u2019nda denize giren 20 ya\u015f\u0131ndaki gen\u00e7 k\u0131z, bo\u011fulma tehlikesi ge\u00e7irdi. Cankurtaran\u0131n h\u0131zl\u0131 m\u00fcdahalesiyle kurtar\u0131lan gen\u00e7 k\u0131z, hastanede tedavi alt\u0131na al\u0131nd\u0131.Sefer DEM\u0130R \/ D\u00dcZCE (\u0130GFA) &#8211; Ak\u00e7akoca\u2019n\u0131n en yo\u011fun sahillerinden \u00c7uhall\u0131 Plaj\u0131\u2019nda panik dolu anlar ya\u015fand\u0131. Denize giren yakla\u015f\u0131k 20 ya\u015f\u0131ndaki bir gen\u00e7 k\u0131z, bir s\u00fcre sonra suda \u00e7\u0131rp\u0131nmaya ba\u015flad\u0131. Durumu fark eden \u00e7evredeki vatanda\u015flar, hemen cankurtaran Nafi Ayd\u0131n\u2019a haber verdi. H\u0131zla olay yerine ula\u015fan Ayd\u0131n, gen\u00e7 k\u0131z\u0131 sudan \u00e7\u0131kararak ilk yard\u0131m uygulad\u0131. Olay yerine gelen sa\u011fl\u0131k ekipleri, gen\u00e7 k\u0131z\u0131 Ak\u00e7akoca Devlet Hastanesi\u2019ne sevk etti. Hastanede yap\u0131lan kontrollerde gen\u00e7 k\u0131z\u0131n sa\u011fl\u0131k durumunun iyi oldu\u011fu belirtildi. Olay, plajda k\u0131sa s\u00fcreli pani\u011fe neden olsa da cankurtaran\u0131n h\u0131zl\u0131 m\u00fcdahalesi sayesinde facian\u0131n \u00f6n\u00fcne ge\u00e7ildi. \u200bD\u00fczce&#8217;de Ak\u00e7akoca\u2019n\u0131n \u00c7uhall\u0131 Plaj\u0131\u2019nda denize giren 20 ya\u015f\u0131ndaki gen\u00e7 k\u0131z, bo\u011fulma tehlikesi ge\u00e7irdi. Cankurtaran\u0131n h\u0131zl\u0131 m\u00fcdahalesiyle kurtar\u0131lan gen\u00e7 k\u0131z, hastanede tedavi alt\u0131na al\u0131nd\u0131.Sefer DEM\u0130R \/ D\u00dcZCE (\u0130GFA) &#8211; Ak\u00e7akoca\u2019n\u0131n en yo\u011fun sahillerinden \u00c7uhall\u0131 Plaj\u0131\u2019nda panik dolu anlar ya\u015fand\u0131. Denize giren yakla\u015f\u0131k 20 ya\u015f\u0131ndaki bir gen\u00e7 k\u0131z, bir s\u00fcre sonra suda \u00e7\u0131rp\u0131nmaya ba\u015flad\u0131. Durumu fark eden \u00e7evredeki vatanda\u015flar, hemen cankurtaran Nafi Ayd\u0131n\u2019a haber verdi. H\u0131zla olay yerine ula\u015fan Ayd\u0131n, gen\u00e7 k\u0131z\u0131 sudan \u00e7\u0131kararak ilk yard\u0131m uygulad\u0131. Olay yerine gelen sa\u011fl\u0131k ekipleri, gen\u00e7 k\u0131z\u0131 Ak\u00e7akoca Devlet Hastanesi\u2019ne sevk etti. Hastanede &hellip;","og_url":"https:\/\/denizcankizil.tr\/de\/haberler\/gundem\/duzcede-cuhalli-plajinda-bogulma-tehlikesi\/","og_site_name":"Av. Deniz Can K\u0131z\u0131l","article_published_time":"2025-06-08T07:42:19+00:00","author":"admin","twitter_card":"summary_large_image","twitter_misc":{"Verfasst von":"admin","Gesch\u00e4tzte Lesezeit":"2\u00a0Minuten"},"schema":{"@context":"https:\/\/schema.org","@graph":[{"@type":"Article","@id":"https:\/\/denizcankizil.tr\/ru\/haberler\/gundem\/duzcede-cuhalli-plajinda-bogulma-tehlikesi\/#article","isPartOf":{"@id":"https:\/\/denizcankizil.tr\/ru\/haberler\/gundem\/duzcede-cuhalli-plajinda-bogulma-tehlikesi\/"},"author":{"name":"admin","@id":"https:\/\/denizcankizil.tr\/#\/schema\/person\/be3c05fe6a12686905512445d8185489"},"headline":"D\u00fczce&#8217;de \u00c7uhall\u0131 Plaj\u0131&#8217;nda bo\u011fulma tehlikesi!","datePublished":"2025-06-08T07:42:19+00:00","mainEntityOfPage":{"@id":"https:\/\/denizcankizil.tr\/ru\/haberler\/gundem\/duzcede-cuhalli-plajinda-bogulma-tehlikesi\/"},"wordCount":355,"publisher":{"@id":"https:\/\/denizcankizil.tr\/#organization"},"articleSection":["G\u00fcndem"],"inLanguage":"de"},{"@type":"WebPage","@id":"https:\/\/denizcankizil.tr\/ru\/haberler\/gundem\/duzcede-cuhalli-plajinda-bogulma-tehlikesi\/","url":"https:\/\/denizcankizil.tr\/ru\/haberler\/gundem\/duzcede-cuhalli-plajinda-bogulma-tehlikesi\/","name":"D\u00fczce'de \u00c7uhall\u0131 Plaj\u0131'nda bo\u011fulma tehlikesi! - Av. Deniz Can K\u0131z\u0131l","isPartOf":{"@id":"https:\/\/denizcankizil.tr\/#website"},"datePublished":"2025-06-08T07:42:19+00:00","breadcrumb":{"@id":"https:\/\/denizcankizil.tr\/ru\/haberler\/gundem\/duzcede-cuhalli-plajinda-bogulma-tehlikesi\/#breadcrumb"},"inLanguage":"de","potentialAction":[{"@type":"ReadAction","target":["https:\/\/denizcankizil.tr\/ru\/haberler\/gundem\/duzcede-cuhalli-plajinda-bogulma-tehlikesi\/"]}]},{"@type":"BreadcrumbList","@id":"https:\/\/denizcankizil.tr\/ru\/haberler\/gundem\/duzcede-cuhalli-plajinda-bogulma-tehlikesi\/#breadcrumb","itemListElement":[{"@type":"ListItem","position":1,"name":"Home","item":"https:\/\/denizcankizil.tr\/de\/"},{"@type":"ListItem","position":2,"name":"D\u00fczce&#8217;de \u00c7uhall\u0131 Plaj\u0131&#8217;nda bo\u011fulma tehlikesi!"}]},{"@type":"WebSite","@id":"https:\/\/denizcankizil.tr\/#website","url":"https:\/\/denizcankizil.tr\/","name":"Av. Deniz Can K\u0131z\u0131l","description":"Avukat Deniz Can K\u0131z\u0131l Antalya Barosu","publisher":{"@id":"https:\/\/denizcankizil.tr\/#organization"},"potentialAction":[{"@type":"SearchAction","target":{"@type":"EntryPoint","urlTemplate":"https:\/\/denizcankizil.tr\/?s={search_term_string}"},"query-input":{"@type":"PropertyValueSpecification","valueRequired":true,"valueName":"search_term_string"}}],"inLanguage":"de"},{"@type":"Organization","@id":"https:\/\/denizcankizil.tr\/#organization","name":"Av. Deniz Can K\u0131z\u0131l","url":"https:\/\/denizcankizil.tr\/","logo":{"@type":"ImageObject","inLanguage":"de","@id":"https:\/\/denizcankizil.tr\/#\/schema\/logo\/image\/","url":"https:\/\/denizcankizil.tr\/wp-content\/uploads\/2024\/10\/siyah-logo-svg.svg","contentUrl":"https:\/\/denizcankizil.tr\/wp-content\/uploads\/2024\/10\/siyah-logo-svg.svg","width":1080,"height":1080,"caption":"Av. Deniz Can K\u0131z\u0131l"},"image":{"@id":"https:\/\/denizcankizil.tr\/#\/schema\/logo\/image\/"}},{"@type":"Person","@id":"https:\/\/denizcankizil.tr\/#\/schema\/person\/be3c05fe6a12686905512445d8185489","name":"Administrator","image":{"@type":"ImageObject","inLanguage":"de","@id":"https:\/\/denizcankizil.tr\/#\/schema\/person\/image\/","url":"https:\/\/secure.gravatar.com\/avatar\/c1fce94c830dc79107e174f890d7210541c4a63e8e5d816341794a2151c9d58c?s=96&d=mm&r=g","contentUrl":"https:\/\/secure.gravatar.com\/avatar\/c1fce94c830dc79107e174f890d7210541c4a63e8e5d816341794a2151c9d58c?s=96&d=mm&r=g","caption":"admin"},"sameAs":["http:\/\/denizcankizil.tr"],"url":"https:\/\/www.iskenderun.org\/duzcede-cuhalli-plajinda-bogulma-tehlikesi"}]}},"_links":{"self":[{"href":"https:\/\/denizcankizil.tr\/de\/wp-json\/wp\/v2\/posts\/110444","targetHints":{"allow":["GET"]}}],"collection":[{"href":"https:\/\/denizcankizil.tr\/de\/wp-json\/wp\/v2\/posts"}],"about":[{"href":"https:\/\/denizcankizil.tr\/de\/wp-json\/wp\/v2\/types\/post"}],"author":[{"embeddable":true,"href":"https:\/\/denizcankizil.tr\/de\/wp-json\/wp\/v2\/users\/1"}],"replies":[{"embeddable":true,"href":"https:\/\/denizcankizil.tr\/de\/wp-json\/wp\/v2\/comments?post=110444"}],"version-history":[{"count":0,"href":"https:\/\/denizcankizil.tr\/de\/wp-json\/wp\/v2\/posts\/110444\/revisions"}],"wp:attachment":[{"href":"https:\/\/denizcankizil.tr\/de\/wp-json\/wp\/v2\/media?parent=110444"}],"wp:term":[{"taxonomy":"category","embeddable":true,"href":"https:\/\/denizcankizil.tr\/de\/wp-json\/wp\/v2\/categories?post=110444"},{"taxonomy":"post_tag","embeddable":true,"href":"https:\/\/denizcankizil.tr\/de\/wp-json\/wp\/v2\/tags?post=110444"}],"curies":[{"name":"wp","href":"https:\/\/api.w.org\/{rel}","templated":true}]}}