{"id":108544,"date":"2025-06-06T16:41:24","date_gmt":"2025-06-06T13:41:24","guid":{"rendered":"https:\/\/denizcankizil.tr\/uncategorized-tr\/bayramda-15-milyon-ziyaretci-akini-bodrumda-yaz-sezonu-resmen-basladi\/"},"modified":"2025-06-06T16:41:24","modified_gmt":"2025-06-06T13:41:24","slug":"bayramda-15-milyon-ziyaretci-akini-bodrumda-yaz-sezonu-resmen-basladi","status":"publish","type":"post","link":"https:\/\/denizcankizil.tr\/de\/haberler\/gundem\/bayramda-15-milyon-ziyaretci-akini-bodrumda-yaz-sezonu-resmen-basladi\/","title":{"rendered":"Bayramda 1,5 milyon ziyaret\u00e7i ak\u0131n\u0131: Bodrum&#8217;da yaz sezonu resmen ba\u015flad\u0131"},"content":{"rendered":"<p>Bayram tatilinin ba\u015flamas\u0131yla birlikte il\u00e7ede sahiller dolup ta\u015ft\u0131. Otellerde doluluk oranlar\u0131 y\u00fczde 80&#8217;lere yakla\u015f\u0131rken, restoranlar, plajlar ve e\u011flence mekanlar\u0131nda yo\u011funluk g\u00f6zlendi.<\/p>\n<p>Z\u0130YARET\u00c7\u0130LER DEN\u0130Z, KUM VE G\u00dcNE\u015e\u0130N TADINI \u00c7IKARTTI <\/p>\n<p>\u0130l\u00e7eye gelen ziyaret\u00e7iler, s\u0131cak havan\u0131n da etkisiyle deniz, kum ve g\u00fcne\u015fin tad\u0131n\u0131 \u00e7\u0131kard\u0131. Sosyete camias\u0131, sanat\u00e7\u0131lar, sporcular ve siyaset\u00e7ilerin de tatil tercihi olan Bodrum, bayram tatiliyle birlikte yaz sezonuna da resmen merhaba dedi. Uzmanlar, bayram tatilinin ard\u0131ndan da yo\u011funlu\u011fun Temmuz ve A\u011fustos aylar\u0131nda artarak devam etmesini bekliyor.<\/p>\n<p>\u200bKurban Bayram\u0131 tatilinde Bodrum, sosyete camias\u0131nda sanat\u00e7\u0131lara kadar yo\u011fun ziyaret\u00e7i ak\u0131n\u0131na u\u011frad\u0131. Sahiller dolu, otellerde doluluk y\u00fczde 80&#8217;e ula\u015ft\u0131, yaz sezonu hareketlendi.\u00a0<\/p>\n<p>\u200bHaberin Al\u0131nt\u0131land\u0131\u011f\u0131 Kaynak: www.antalyakorfez.com<\/p>","protected":false},"excerpt":{"rendered":"<p>Bayram tatilinin ba\u015flamas\u0131yla birlikte il\u00e7ede sahiller dolup ta\u015ft\u0131. Otellerde doluluk oranlar\u0131 y\u00fczde 80&#8217;lere yakla\u015f\u0131rken, restoranlar, plajlar ve e\u011flence mekanlar\u0131nda yo\u011funluk g\u00f6zlendi. Z\u0130YARET\u00c7\u0130LER DEN\u0130Z, KUM VE G\u00dcNE\u015e\u0130N TADINI \u00c7IKARTTI \u0130l\u00e7eye gelen ziyaret\u00e7iler, s\u0131cak havan\u0131n da etkisiyle deniz, kum ve g\u00fcne\u015fin tad\u0131n\u0131 \u00e7\u0131kard\u0131. Sosyete camias\u0131, sanat\u00e7\u0131lar, sporcular ve siyaset\u00e7ilerin de tatil tercihi olan Bodrum, bayram tatiliyle birlikte yaz sezonuna da resmen merhaba dedi. Uzmanlar, bayram tatilinin ard\u0131ndan da yo\u011funlu\u011fun Temmuz ve A\u011fustos aylar\u0131nda artarak devam etmesini bekliyor. \u200bKurban Bayram\u0131 tatilinde Bodrum, sosyete camias\u0131nda sanat\u00e7\u0131lara kadar yo\u011fun ziyaret\u00e7i ak\u0131n\u0131na u\u011frad\u0131. Sahiller dolu, otellerde doluluk y\u00fczde 80&#8217;e ula\u015ft\u0131, yaz sezonu hareketlendi.\u00a0 \u200bHaberin Al\u0131nt\u0131land\u0131\u011f\u0131 Kaynak: www.antalyakorfez.com<\/p>","protected":false},"author":5,"featured_media":0,"comment_status":"","ping_status":"open","sticky":false,"template":"","format":"standard","meta":{"_acf_changed":false,"footnotes":""},"categories":[24],"tags":[],"class_list":["post-108544","post","type-post","status-publish","format-standard","has-post-thumbnail","hentry","category-gundem"],"acf":[],"yoast_head":"<!-- This site is optimized with the Yoast SEO Premium plugin v26.6 (Yoast SEO v27.1.1) - https:\/\/yoast.com\/product\/yoast-seo-premium-wordpress\/ -->\n<title>Bayramda 1,5 milyon ziyaret\u00e7i ak\u0131n\u0131: Bodrum&#039;da yaz sezonu resmen ba\u015flad\u0131 - Av. Deniz Can K\u0131z\u0131l<\/title>\n<meta name=\"robots\" content=\"index, follow, max-snippet:-1, max-image-preview:large, max-video-preview:-1\" \/>\n<link rel=\"canonical\" href=\"https:\/\/denizcankizil.tr\/de\/haberler\/gundem\/bayramda-15-milyon-ziyaretci-akini-bodrumda-yaz-sezonu-resmen-basladi\/\" \/>\n<meta property=\"og:locale\" content=\"de_DE\" \/>\n<meta property=\"og:type\" content=\"article\" \/>\n<meta property=\"og:title\" content=\"Bayramda 1,5 milyon ziyaret\u00e7i ak\u0131n\u0131: Bodrum&#039;da yaz sezonu resmen ba\u015flad\u0131\" \/>\n<meta property=\"og:description\" content=\"Bayram tatilinin ba\u015flamas\u0131yla birlikte il\u00e7ede sahiller dolup ta\u015ft\u0131. Otellerde doluluk oranlar\u0131 y\u00fczde 80&#8217;lere yakla\u015f\u0131rken, restoranlar, plajlar ve e\u011flence mekanlar\u0131nda yo\u011funluk g\u00f6zlendi. Z\u0130YARET\u00c7\u0130LER DEN\u0130Z, KUM VE G\u00dcNE\u015e\u0130N TADINI \u00c7IKARTTI \u0130l\u00e7eye gelen ziyaret\u00e7iler, s\u0131cak havan\u0131n da etkisiyle deniz, kum ve g\u00fcne\u015fin tad\u0131n\u0131 \u00e7\u0131kard\u0131. Sosyete camias\u0131, sanat\u00e7\u0131lar, sporcular ve siyaset\u00e7ilerin de tatil tercihi olan Bodrum, bayram tatiliyle birlikte yaz sezonuna da resmen merhaba dedi. Uzmanlar, bayram tatilinin ard\u0131ndan da yo\u011funlu\u011fun Temmuz ve A\u011fustos aylar\u0131nda artarak devam etmesini bekliyor. \u200bKurban Bayram\u0131 tatilinde Bodrum, sosyete camias\u0131nda sanat\u00e7\u0131lara kadar yo\u011fun ziyaret\u00e7i ak\u0131n\u0131na u\u011frad\u0131. Sahiller dolu, otellerde doluluk y\u00fczde 80&#8217;e ula\u015ft\u0131, yaz sezonu hareketlendi.\u00a0 \u200bHaberin Al\u0131nt\u0131land\u0131\u011f\u0131 Kaynak: www.antalyakorfez.com\" \/>\n<meta property=\"og:url\" content=\"https:\/\/denizcankizil.tr\/de\/haberler\/gundem\/bayramda-15-milyon-ziyaretci-akini-bodrumda-yaz-sezonu-resmen-basladi\/\" \/>\n<meta property=\"og:site_name\" content=\"Av. Deniz Can K\u0131z\u0131l\" \/>\n<meta property=\"article:published_time\" content=\"2025-06-06T13:41:24+00:00\" \/>\n<meta name=\"author\" content=\"Antalya K\u00f6rfez\" \/>\n<meta name=\"twitter:card\" content=\"summary_large_image\" \/>\n<meta name=\"twitter:label1\" content=\"Verfasst von\" \/>\n\t<meta name=\"twitter:data1\" content=\"Antalya K\u00f6rfez\" \/>\n\t<meta name=\"twitter:label2\" content=\"Gesch\u00e4tzte Lesezeit\" \/>\n\t<meta name=\"twitter:data2\" content=\"1\u00a0Minute\" \/>\n<script type=\"application\/ld+json\" class=\"yoast-schema-graph\">{\"@context\":\"https:\/\/schema.org\",\"@graph\":[{\"@type\":\"Article\",\"@id\":\"https:\/\/denizcankizil.tr\/de\/haberler\/gundem\/bayramda-15-milyon-ziyaretci-akini-bodrumda-yaz-sezonu-resmen-basladi\/#article\",\"isPartOf\":{\"@id\":\"https:\/\/denizcankizil.tr\/de\/haberler\/gundem\/bayramda-15-milyon-ziyaretci-akini-bodrumda-yaz-sezonu-resmen-basladi\/\"},\"author\":{\"name\":\"Antalya K\u00f6rfez\",\"@id\":\"https:\/\/denizcankizil.tr\/de\/#\/schema\/person\/e1eb71bb4dd684d46563f0af307e1234\"},\"headline\":\"Bayramda 1,5 milyon ziyaret\u00e7i ak\u0131n\u0131: Bodrum&#8217;da yaz sezonu resmen ba\u015flad\u0131\",\"datePublished\":\"2025-06-06T13:41:24+00:00\",\"mainEntityOfPage\":{\"@id\":\"https:\/\/denizcankizil.tr\/de\/haberler\/gundem\/bayramda-15-milyon-ziyaretci-akini-bodrumda-yaz-sezonu-resmen-basladi\/\"},\"wordCount\":156,\"publisher\":{\"@id\":\"https:\/\/denizcankizil.tr\/de\/#organization\"},\"articleSection\":[\"G\u00fcndem\"],\"inLanguage\":\"de\"},{\"@type\":\"WebPage\",\"@id\":\"https:\/\/denizcankizil.tr\/de\/haberler\/gundem\/bayramda-15-milyon-ziyaretci-akini-bodrumda-yaz-sezonu-resmen-basladi\/\",\"url\":\"https:\/\/denizcankizil.tr\/de\/haberler\/gundem\/bayramda-15-milyon-ziyaretci-akini-bodrumda-yaz-sezonu-resmen-basladi\/\",\"name\":\"Bayramda 1,5 milyon ziyaret\u00e7i ak\u0131n\u0131: Bodrum'da yaz sezonu resmen ba\u015flad\u0131 - Av. Deniz Can K\u0131z\u0131l\",\"isPartOf\":{\"@id\":\"https:\/\/denizcankizil.tr\/de\/#website\"},\"datePublished\":\"2025-06-06T13:41:24+00:00\",\"breadcrumb\":{\"@id\":\"https:\/\/denizcankizil.tr\/de\/haberler\/gundem\/bayramda-15-milyon-ziyaretci-akini-bodrumda-yaz-sezonu-resmen-basladi\/#breadcrumb\"},\"inLanguage\":\"de\",\"potentialAction\":[{\"@type\":\"ReadAction\",\"target\":[\"https:\/\/denizcankizil.tr\/de\/haberler\/gundem\/bayramda-15-milyon-ziyaretci-akini-bodrumda-yaz-sezonu-resmen-basladi\/\"]}]},{\"@type\":\"BreadcrumbList\",\"@id\":\"https:\/\/denizcankizil.tr\/de\/haberler\/gundem\/bayramda-15-milyon-ziyaretci-akini-bodrumda-yaz-sezonu-resmen-basladi\/#breadcrumb\",\"itemListElement\":[{\"@type\":\"ListItem\",\"position\":1,\"name\":\"Home\",\"item\":\"https:\/\/denizcankizil.tr\/de\/\"},{\"@type\":\"ListItem\",\"position\":2,\"name\":\"Bayramda 1,5 milyon ziyaret\u00e7i ak\u0131n\u0131: Bodrum&#8217;da yaz sezonu resmen ba\u015flad\u0131\"}]},{\"@type\":\"WebSite\",\"@id\":\"https:\/\/denizcankizil.tr\/de\/#website\",\"url\":\"https:\/\/denizcankizil.tr\/de\/\",\"name\":\"Av. Deniz Can K\u0131z\u0131l\",\"description\":\"Avukat Deniz Can K\u0131z\u0131l Antalya Barosu\",\"publisher\":{\"@id\":\"https:\/\/denizcankizil.tr\/de\/#organization\"},\"potentialAction\":[{\"@type\":\"SearchAction\",\"target\":{\"@type\":\"EntryPoint\",\"urlTemplate\":\"https:\/\/denizcankizil.tr\/de\/?s={search_term_string}\"},\"query-input\":{\"@type\":\"PropertyValueSpecification\",\"valueRequired\":true,\"valueName\":\"search_term_string\"}}],\"inLanguage\":\"de\"},{\"@type\":\"Organization\",\"@id\":\"https:\/\/denizcankizil.tr\/de\/#organization\",\"name\":\"Av. Deniz Can K\u0131z\u0131l\",\"url\":\"https:\/\/denizcankizil.tr\/de\/\",\"logo\":{\"@type\":\"ImageObject\",\"inLanguage\":\"de\",\"@id\":\"https:\/\/denizcankizil.tr\/de\/#\/schema\/logo\/image\/\",\"url\":\"https:\/\/denizcankizil.tr\/wp-content\/uploads\/2024\/10\/siyah-logo-svg.svg\",\"contentUrl\":\"https:\/\/denizcankizil.tr\/wp-content\/uploads\/2024\/10\/siyah-logo-svg.svg\",\"width\":1080,\"height\":1080,\"caption\":\"Av. Deniz Can K\u0131z\u0131l\"},\"image\":{\"@id\":\"https:\/\/denizcankizil.tr\/de\/#\/schema\/logo\/image\/\"}},{\"@type\":\"Person\",\"@id\":\"https:\/\/denizcankizil.tr\/de\/#\/schema\/person\/e1eb71bb4dd684d46563f0af307e1234\",\"name\":\"Antalya K\u00f6rfez\",\"image\":{\"@type\":\"ImageObject\",\"inLanguage\":\"de\",\"@id\":\"https:\/\/denizcankizil.tr\/de\/#\/schema\/person\/image\/\",\"url\":\"https:\/\/secure.gravatar.com\/avatar\/42b01982558a48a0b501fdcab6a408d3717ea5919095ee2e67b0e521799c5905?s=96&d=mm&r=g\",\"contentUrl\":\"https:\/\/secure.gravatar.com\/avatar\/42b01982558a48a0b501fdcab6a408d3717ea5919095ee2e67b0e521799c5905?s=96&d=mm&r=g\",\"caption\":\"Antalya K\u00f6rfez\"},\"sameAs\":[\"http:\/\/www.antalyakorfez.com\"],\"url\":\"https:\/\/www.antalyakorfez.com\/bayramda-15-milyon-ziyaretci-akini-bodrumda-yaz-sezonu-resmen-basladi\"}]}<\/script>\n<!-- \/ Yoast SEO Premium plugin. -->","yoast_head_json":{"title":"Bayramda 1,5 milyon ziyaret\u00e7i ak\u0131n\u0131: Bodrum'da yaz sezonu resmen ba\u015flad\u0131 - Av. Deniz Can K\u0131z\u0131l","robots":{"index":"index","follow":"follow","max-snippet":"max-snippet:-1","max-image-preview":"max-image-preview:large","max-video-preview":"max-video-preview:-1"},"canonical":"https:\/\/denizcankizil.tr\/de\/haberler\/gundem\/bayramda-15-milyon-ziyaretci-akini-bodrumda-yaz-sezonu-resmen-basladi\/","og_locale":"de_DE","og_type":"article","og_title":"Bayramda 1,5 milyon ziyaret\u00e7i ak\u0131n\u0131: Bodrum'da yaz sezonu resmen ba\u015flad\u0131","og_description":"Bayram tatilinin ba\u015flamas\u0131yla birlikte il\u00e7ede sahiller dolup ta\u015ft\u0131. Otellerde doluluk oranlar\u0131 y\u00fczde 80&#8217;lere yakla\u015f\u0131rken, restoranlar, plajlar ve e\u011flence mekanlar\u0131nda yo\u011funluk g\u00f6zlendi. Z\u0130YARET\u00c7\u0130LER DEN\u0130Z, KUM VE G\u00dcNE\u015e\u0130N TADINI \u00c7IKARTTI \u0130l\u00e7eye gelen ziyaret\u00e7iler, s\u0131cak havan\u0131n da etkisiyle deniz, kum ve g\u00fcne\u015fin tad\u0131n\u0131 \u00e7\u0131kard\u0131. Sosyete camias\u0131, sanat\u00e7\u0131lar, sporcular ve siyaset\u00e7ilerin de tatil tercihi olan Bodrum, bayram tatiliyle birlikte yaz sezonuna da resmen merhaba dedi. Uzmanlar, bayram tatilinin ard\u0131ndan da yo\u011funlu\u011fun Temmuz ve A\u011fustos aylar\u0131nda artarak devam etmesini bekliyor. \u200bKurban Bayram\u0131 tatilinde Bodrum, sosyete camias\u0131nda sanat\u00e7\u0131lara kadar yo\u011fun ziyaret\u00e7i ak\u0131n\u0131na u\u011frad\u0131. Sahiller dolu, otellerde doluluk y\u00fczde 80&#8217;e ula\u015ft\u0131, yaz sezonu hareketlendi.\u00a0 \u200bHaberin Al\u0131nt\u0131land\u0131\u011f\u0131 Kaynak: www.antalyakorfez.com","og_url":"https:\/\/denizcankizil.tr\/de\/haberler\/gundem\/bayramda-15-milyon-ziyaretci-akini-bodrumda-yaz-sezonu-resmen-basladi\/","og_site_name":"Av. Deniz Can K\u0131z\u0131l","article_published_time":"2025-06-06T13:41:24+00:00","author":"Antalya K\u00f6rfez","twitter_card":"summary_large_image","twitter_misc":{"Verfasst von":"Antalya K\u00f6rfez","Gesch\u00e4tzte Lesezeit":"1\u00a0Minute"},"schema":{"@context":"https:\/\/schema.org","@graph":[{"@type":"Article","@id":"https:\/\/denizcankizil.tr\/de\/haberler\/gundem\/bayramda-15-milyon-ziyaretci-akini-bodrumda-yaz-sezonu-resmen-basladi\/#article","isPartOf":{"@id":"https:\/\/denizcankizil.tr\/de\/haberler\/gundem\/bayramda-15-milyon-ziyaretci-akini-bodrumda-yaz-sezonu-resmen-basladi\/"},"author":{"name":"Antalya K\u00f6rfez","@id":"https:\/\/denizcankizil.tr\/de\/#\/schema\/person\/e1eb71bb4dd684d46563f0af307e1234"},"headline":"Bayramda 1,5 milyon ziyaret\u00e7i ak\u0131n\u0131: Bodrum&#8217;da yaz sezonu resmen ba\u015flad\u0131","datePublished":"2025-06-06T13:41:24+00:00","mainEntityOfPage":{"@id":"https:\/\/denizcankizil.tr\/de\/haberler\/gundem\/bayramda-15-milyon-ziyaretci-akini-bodrumda-yaz-sezonu-resmen-basladi\/"},"wordCount":156,"publisher":{"@id":"https:\/\/denizcankizil.tr\/de\/#organization"},"articleSection":["G\u00fcndem"],"inLanguage":"de"},{"@type":"WebPage","@id":"https:\/\/denizcankizil.tr\/de\/haberler\/gundem\/bayramda-15-milyon-ziyaretci-akini-bodrumda-yaz-sezonu-resmen-basladi\/","url":"https:\/\/denizcankizil.tr\/de\/haberler\/gundem\/bayramda-15-milyon-ziyaretci-akini-bodrumda-yaz-sezonu-resmen-basladi\/","name":"Bayramda 1,5 milyon ziyaret\u00e7i ak\u0131n\u0131: Bodrum'da yaz sezonu resmen ba\u015flad\u0131 - Av. Deniz Can K\u0131z\u0131l","isPartOf":{"@id":"https:\/\/denizcankizil.tr\/de\/#website"},"datePublished":"2025-06-06T13:41:24+00:00","breadcrumb":{"@id":"https:\/\/denizcankizil.tr\/de\/haberler\/gundem\/bayramda-15-milyon-ziyaretci-akini-bodrumda-yaz-sezonu-resmen-basladi\/#breadcrumb"},"inLanguage":"de","potentialAction":[{"@type":"ReadAction","target":["https:\/\/denizcankizil.tr\/de\/haberler\/gundem\/bayramda-15-milyon-ziyaretci-akini-bodrumda-yaz-sezonu-resmen-basladi\/"]}]},{"@type":"BreadcrumbList","@id":"https:\/\/denizcankizil.tr\/de\/haberler\/gundem\/bayramda-15-milyon-ziyaretci-akini-bodrumda-yaz-sezonu-resmen-basladi\/#breadcrumb","itemListElement":[{"@type":"ListItem","position":1,"name":"Home","item":"https:\/\/denizcankizil.tr\/de\/"},{"@type":"ListItem","position":2,"name":"Bayramda 1,5 milyon ziyaret\u00e7i ak\u0131n\u0131: Bodrum&#8217;da yaz sezonu resmen ba\u015flad\u0131"}]},{"@type":"WebSite","@id":"https:\/\/denizcankizil.tr\/de\/#website","url":"https:\/\/denizcankizil.tr\/de\/","name":"Av. Deniz Can K\u0131z\u0131l","description":"Avukat Deniz Can K\u0131z\u0131l Antalya Barosu","publisher":{"@id":"https:\/\/denizcankizil.tr\/de\/#organization"},"potentialAction":[{"@type":"SearchAction","target":{"@type":"EntryPoint","urlTemplate":"https:\/\/denizcankizil.tr\/de\/?s={search_term_string}"},"query-input":{"@type":"PropertyValueSpecification","valueRequired":true,"valueName":"search_term_string"}}],"inLanguage":"de"},{"@type":"Organization","@id":"https:\/\/denizcankizil.tr\/de\/#organization","name":"Av. Deniz Can K\u0131z\u0131l","url":"https:\/\/denizcankizil.tr\/de\/","logo":{"@type":"ImageObject","inLanguage":"de","@id":"https:\/\/denizcankizil.tr\/de\/#\/schema\/logo\/image\/","url":"https:\/\/denizcankizil.tr\/wp-content\/uploads\/2024\/10\/siyah-logo-svg.svg","contentUrl":"https:\/\/denizcankizil.tr\/wp-content\/uploads\/2024\/10\/siyah-logo-svg.svg","width":1080,"height":1080,"caption":"Av. Deniz Can K\u0131z\u0131l"},"image":{"@id":"https:\/\/denizcankizil.tr\/de\/#\/schema\/logo\/image\/"}},{"@type":"Person","@id":"https:\/\/denizcankizil.tr\/de\/#\/schema\/person\/e1eb71bb4dd684d46563f0af307e1234","name":"Antalya K\u00f6rfez","image":{"@type":"ImageObject","inLanguage":"de","@id":"https:\/\/denizcankizil.tr\/de\/#\/schema\/person\/image\/","url":"https:\/\/secure.gravatar.com\/avatar\/42b01982558a48a0b501fdcab6a408d3717ea5919095ee2e67b0e521799c5905?s=96&d=mm&r=g","contentUrl":"https:\/\/secure.gravatar.com\/avatar\/42b01982558a48a0b501fdcab6a408d3717ea5919095ee2e67b0e521799c5905?s=96&d=mm&r=g","caption":"Antalya K\u00f6rfez"},"sameAs":["http:\/\/www.antalyakorfez.com"],"url":"https:\/\/www.antalyakorfez.com\/bayramda-15-milyon-ziyaretci-akini-bodrumda-yaz-sezonu-resmen-basladi"}]}},"_links":{"self":[{"href":"https:\/\/denizcankizil.tr\/de\/wp-json\/wp\/v2\/posts\/108544","targetHints":{"allow":["GET"]}}],"collection":[{"href":"https:\/\/denizcankizil.tr\/de\/wp-json\/wp\/v2\/posts"}],"about":[{"href":"https:\/\/denizcankizil.tr\/de\/wp-json\/wp\/v2\/types\/post"}],"author":[{"embeddable":true,"href":"https:\/\/denizcankizil.tr\/de\/wp-json\/wp\/v2\/users\/5"}],"replies":[{"embeddable":true,"href":"https:\/\/denizcankizil.tr\/de\/wp-json\/wp\/v2\/comments?post=108544"}],"version-history":[{"count":0,"href":"https:\/\/denizcankizil.tr\/de\/wp-json\/wp\/v2\/posts\/108544\/revisions"}],"wp:attachment":[{"href":"https:\/\/denizcankizil.tr\/de\/wp-json\/wp\/v2\/media?parent=108544"}],"wp:term":[{"taxonomy":"category","embeddable":true,"href":"https:\/\/denizcankizil.tr\/de\/wp-json\/wp\/v2\/categories?post=108544"},{"taxonomy":"post_tag","embeddable":true,"href":"https:\/\/denizcankizil.tr\/de\/wp-json\/wp\/v2\/tags?post=108544"}],"curies":[{"name":"wp","href":"https:\/\/api.w.org\/{rel}","templated":true}]}}