{"id":107587,"date":"2025-06-05T19:41:15","date_gmt":"2025-06-05T16:41:15","guid":{"rendered":"https:\/\/denizcankizil.tr\/uncategorized-tr\/konyaalti-belediyesinde-uzlasma-saglandi-cadirlar-kalkti\/"},"modified":"2025-06-05T19:41:15","modified_gmt":"2025-06-05T16:41:15","slug":"konyaalti-belediyesinde-uzlasma-saglandi-cadirlar-kalkti","status":"publish","type":"post","link":"https:\/\/denizcankizil.tr\/de\/haberler\/gundem\/konyaalti-belediyesinde-uzlasma-saglandi-cadirlar-kalkti\/","title":{"rendered":"Konyaalt\u0131 Belediyesi&#8217;nde uzla\u015fma sa\u011fland\u0131, \u00e7ad\u0131rlar kalkt\u0131"},"content":{"rendered":"<p>Konyaalt\u0131 Belediyesi ile kadrolu i\u015f\u00e7ilerin bir s\u00fcredir s\u00fcrd\u00fcrd\u00fc\u011f\u00fc m\u00fccadele sona erdi. \u0130\u015f\u00e7iler ve belediye aras\u0131nda uzla\u015fma sa\u011fland\u0131\u011f\u0131n\u0131 duyuran Cumhuriyet Halk Partisi Konyaalt\u0131 \u0130l\u00e7e Ba\u015fkan\u0131 Demet G\u00fcnd\u00fcz, \u201cBir s\u00fcredir devam eden hukuki s\u00fcre\u00e7, bug\u00fcn itibar\u0131yla sa\u011fduyu ve ortak ak\u0131l \u00e7er\u00e7evesinde olumlu bir \u015fekilde sonu\u00e7lanm\u0131\u015ft\u0131r\u201d dedi.<\/p>\n<p>CEM KOTAN\u2019IN A\u00c7IKLAMASI<\/p>\n<p>Konyaalt\u0131 Belediye Ba\u015fkan\u0131 Cem Kotan, \u00f6nceki d\u00f6nemde Konyaalt\u0131 Belediyesi\u2019nde ger\u00e7ekle\u015fen kadrolu i\u015f\u00e7i al\u0131mlar\u0131yla ilgili, Say\u0131\u015ftay taraf\u0131ndan hukuksuz bulundu\u011funu ve bu nedenle 54 i\u015f\u00e7inin g\u00f6revine son vermek zorunda kal\u0131nd\u0131\u011f\u0131n\u0131 ifade etmi\u015fti.<\/p>\n<p>S\u00dcRE\u00c7 HUKUK\u0130 ZEM\u0130NDE \u0130LERLEYECEK<\/p>\n<p>Bu g\u00fcn itibariyle i\u015f\u00e7ilerin eylem \u00e7ad\u0131rlar\u0131n\u0131 kald\u0131r\u0131ld\u0131\u011f\u0131 ve m\u00fccadelenin hukuki bir zeminde s\u00fcrece\u011fini s\u00f6yleyen Ba\u015fkan G\u00fcnd\u00fcz, \u201cKonyaalt\u0131 Belediyesi ile kadrolu i\u015f\u00e7i arkada\u015flar\u0131m\u0131z aras\u0131nda bir s\u00fcredir devam eden hukuki s\u00fcre\u00e7, bug\u00fcn itibar\u0131yla sa\u011fduyu ve ortak ak\u0131l \u00e7er\u00e7evesinde olumlu bir \u015fekilde sonu\u00e7lanm\u0131\u015ft\u0131r. \u0130\u00e7eride bulunan i\u015f\u00e7i alacaklar\u0131n\u0131n \u00f6denmesi, hukuki s\u00fcrecin sendika ve belediye avukatlar\u0131yla birlikte y\u00fcr\u00fct\u00fclmesi y\u00f6n\u00fcnde at\u0131lan ad\u0131mlar, bizler i\u00e7in son derece k\u0131ymetlidir. \u0130\u015f\u00e7i karde\u015flerimiz bug\u00fcn itibar\u0131yla eylem \u00e7ad\u0131rlar\u0131n\u0131 kald\u0131rm\u0131\u015f ve m\u00fccadelelerini hukuki zeminde s\u00fcrd\u00fcreceklerini ifade etmi\u015flerdir. Bu a\u00e7\u0131klamalar\u0131 ve g\u00f6sterdikleri sorumlu tutum i\u00e7in kendilerine te\u015fekk\u00fcr ediyoruz\u201d ifadelerini kulland\u0131.<\/p>\n<p>KOTAN\u2019A TE\u015eEKK\u00dcR ETT\u0130 <\/p>\n<p>Konyaalt\u0131 Belediye Ba\u015fkan\u0131 Cem Kotan\u2019a i\u015f\u00e7ilere olan hassasiyeti i\u00e7in te\u015fekk\u00fcr eden Ba\u015fkan G\u00fcnd\u00fcz, \u201cAyr\u0131ca bu s\u00fcrecin bar\u0131\u015f\u00e7\u0131l, adaletli ve yap\u0131c\u0131 \u015fekilde y\u00fcr\u00fct\u00fclmesinde g\u00f6sterdi\u011fi irade ve hassasiyet i\u00e7in Konyaalt\u0131 Belediye Ba\u015fkan\u0131m\u0131z Cem Kotan\u2019a da te\u015fekk\u00fcr ediyoruz. \u0130\u015f\u00e7ilerimizin hak kayb\u0131 ya\u015famamas\u0131 i\u00e7in g\u00f6sterdi\u011fi gayret, taraflar\u0131 dinleyen yakla\u015f\u0131m\u0131 ve \u00e7\u00f6z\u00fcm odakl\u0131 tutumu hepimiz i\u00e7in de\u011ferli olmu\u015ftur. Cumhuriyet Halk Partisi Konyaalt\u0131 \u0130l\u00e7e \u00d6rg\u00fct\u00fc olarak bizler; hem emek\u00e7i karde\u015flerimizin hem de Belediye Ba\u015fkan\u0131m\u0131z Say\u0131n Cem Kotan\u2019\u0131n yan\u0131nday\u0131z ve yan\u0131nda olmaya devam edece\u011fiz\u201d \u015feklinde konu\u015ftu.<\/p>\n<p>\u201cALIN TER\u0130N\u0130 VE ADALET\u0130 SAVUNACA\u011eIZ\u201d<\/p>\n<p>S\u00fcrecin takip\u00e7isi olacaklar\u0131n\u0131 s\u00f6yleyen Ba\u015fkan G\u00fcnd\u00fcz, \u201c\u0130\u015f\u00e7i arkada\u015flar\u0131m\u0131z\u0131n en k\u0131sa s\u00fcrede hukuk m\u00fccadelesini kazanarak belediyemizdeki g\u00f6revlerine d\u00f6nmelerini temenni ediyoruz . S\u00fcrecin takip\u00e7isi olaca\u011f\u0131m\u0131z\u0131 ve her ko\u015fulda eme\u011fin, al\u0131n terinin ve adaletin savunucusu olmaya devam edece\u011fimizi kamuoyunun bilgisine sunar\u0131z\u201d dedi.<\/p>\n<p>\u200bKonyaalt\u0131 Belediyesi\u2019nde, usuls\u00fcz i\u015fe al\u0131nd\u0131klar\u0131 iddias\u0131yla i\u015f akitleri feshedilen 54 i\u015f\u00e7inin belediye \u00f6n\u00fcnde ba\u015flatt\u0131\u011f\u0131 \u00e7ad\u0131r eylemi sona erdi. Cumhuriyet Halk Partisi (CHP) Konyaalt\u0131 \u0130l\u00e7e Ba\u015fkan\u0131 Demet G\u00fcnd\u00fcz, taraflar aras\u0131nda uzla\u015fma sa\u011fland\u0131\u011f\u0131n\u0131 ve m\u00fccadelenin hukuki zeminde devam edece\u011fini duyurdu.\u00a0<\/p>\n<p>\u200bHaberin Al\u0131nt\u0131land\u0131\u011f\u0131 Kaynak: www.antalyakorfez.com<\/p>","protected":false},"excerpt":{"rendered":"<p>Konyaalt\u0131 Belediyesi ile kadrolu i\u015f\u00e7ilerin bir s\u00fcredir s\u00fcrd\u00fcrd\u00fc\u011f\u00fc m\u00fccadele sona erdi. \u0130\u015f\u00e7iler ve belediye aras\u0131nda uzla\u015fma sa\u011fland\u0131\u011f\u0131n\u0131 duyuran Cumhuriyet Halk Partisi Konyaalt\u0131 \u0130l\u00e7e Ba\u015fkan\u0131 Demet G\u00fcnd\u00fcz, \u201cBir s\u00fcredir devam eden hukuki s\u00fcre\u00e7, bug\u00fcn itibar\u0131yla sa\u011fduyu ve ortak ak\u0131l \u00e7er\u00e7evesinde olumlu bir \u015fekilde sonu\u00e7lanm\u0131\u015ft\u0131r\u201d dedi. CEM KOTAN\u2019IN A\u00c7IKLAMASI Konyaalt\u0131 Belediye Ba\u015fkan\u0131 Cem Kotan, \u00f6nceki d\u00f6nemde Konyaalt\u0131 Belediyesi\u2019nde ger\u00e7ekle\u015fen kadrolu i\u015f\u00e7i al\u0131mlar\u0131yla ilgili, Say\u0131\u015ftay taraf\u0131ndan hukuksuz bulundu\u011funu ve bu nedenle 54 i\u015f\u00e7inin g\u00f6revine son vermek zorunda kal\u0131nd\u0131\u011f\u0131n\u0131 ifade etmi\u015fti. S\u00dcRE\u00c7 HUKUK\u0130 ZEM\u0130NDE \u0130LERLEYECEK Bu g\u00fcn itibariyle i\u015f\u00e7ilerin eylem \u00e7ad\u0131rlar\u0131n\u0131 kald\u0131r\u0131ld\u0131\u011f\u0131 ve m\u00fccadelenin hukuki bir zeminde s\u00fcrece\u011fini s\u00f6yleyen Ba\u015fkan G\u00fcnd\u00fcz, \u201cKonyaalt\u0131 Belediyesi ile kadrolu i\u015f\u00e7i arkada\u015flar\u0131m\u0131z aras\u0131nda bir s\u00fcredir devam eden hukuki s\u00fcre\u00e7, bug\u00fcn itibar\u0131yla sa\u011fduyu ve ortak ak\u0131l \u00e7er\u00e7evesinde olumlu bir \u015fekilde sonu\u00e7lanm\u0131\u015ft\u0131r. \u0130\u00e7eride bulunan i\u015f\u00e7i alacaklar\u0131n\u0131n \u00f6denmesi, hukuki s\u00fcrecin sendika ve belediye avukatlar\u0131yla birlikte y\u00fcr\u00fct\u00fclmesi y\u00f6n\u00fcnde at\u0131lan ad\u0131mlar, bizler i\u00e7in son derece k\u0131ymetlidir. \u0130\u015f\u00e7i karde\u015flerimiz bug\u00fcn itibar\u0131yla eylem \u00e7ad\u0131rlar\u0131n\u0131 kald\u0131rm\u0131\u015f ve m\u00fccadelelerini hukuki zeminde s\u00fcrd\u00fcreceklerini ifade etmi\u015flerdir. Bu a\u00e7\u0131klamalar\u0131 ve g\u00f6sterdikleri sorumlu tutum i\u00e7in kendilerine te\u015fekk\u00fcr ediyoruz\u201d ifadelerini kulland\u0131. KOTAN\u2019A TE\u015eEKK\u00dcR ETT\u0130 Konyaalt\u0131 Belediye Ba\u015fkan\u0131 Cem Kotan\u2019a i\u015f\u00e7ilere olan hassasiyeti i\u00e7in te\u015fekk\u00fcr eden Ba\u015fkan G\u00fcnd\u00fcz, \u201cAyr\u0131ca bu s\u00fcrecin bar\u0131\u015f\u00e7\u0131l, adaletli ve yap\u0131c\u0131 \u015fekilde y\u00fcr\u00fct\u00fclmesinde g\u00f6sterdi\u011fi irade ve hassasiyet i\u00e7in Konyaalt\u0131 Belediye &hellip;<\/p>","protected":false},"author":5,"featured_media":0,"comment_status":"","ping_status":"open","sticky":false,"template":"","format":"standard","meta":{"_acf_changed":false,"footnotes":""},"categories":[24],"tags":[],"class_list":["post-107587","post","type-post","status-publish","format-standard","has-post-thumbnail","hentry","category-gundem"],"acf":[],"yoast_head":"<!-- This site is optimized with the Yoast SEO Premium plugin v26.6 (Yoast SEO v27.1.1) - https:\/\/yoast.com\/product\/yoast-seo-premium-wordpress\/ -->\n<title>Konyaalt\u0131 Belediyesi&#039;nde uzla\u015fma sa\u011fland\u0131, \u00e7ad\u0131rlar kalkt\u0131 - Av. Deniz Can K\u0131z\u0131l<\/title>\n<meta name=\"robots\" content=\"index, follow, max-snippet:-1, max-image-preview:large, max-video-preview:-1\" \/>\n<link rel=\"canonical\" href=\"https:\/\/denizcankizil.tr\/de\/haberler\/gundem\/konyaalti-belediyesinde-uzlasma-saglandi-cadirlar-kalkti\/\" \/>\n<meta property=\"og:locale\" content=\"de_DE\" \/>\n<meta property=\"og:type\" content=\"article\" \/>\n<meta property=\"og:title\" content=\"Konyaalt\u0131 Belediyesi&#039;nde uzla\u015fma sa\u011fland\u0131, \u00e7ad\u0131rlar kalkt\u0131\" \/>\n<meta property=\"og:description\" content=\"Konyaalt\u0131 Belediyesi ile kadrolu i\u015f\u00e7ilerin bir s\u00fcredir s\u00fcrd\u00fcrd\u00fc\u011f\u00fc m\u00fccadele sona erdi. \u0130\u015f\u00e7iler ve belediye aras\u0131nda uzla\u015fma sa\u011fland\u0131\u011f\u0131n\u0131 duyuran Cumhuriyet Halk Partisi Konyaalt\u0131 \u0130l\u00e7e Ba\u015fkan\u0131 Demet G\u00fcnd\u00fcz, \u201cBir s\u00fcredir devam eden hukuki s\u00fcre\u00e7, bug\u00fcn itibar\u0131yla sa\u011fduyu ve ortak ak\u0131l \u00e7er\u00e7evesinde olumlu bir \u015fekilde sonu\u00e7lanm\u0131\u015ft\u0131r\u201d dedi. CEM KOTAN\u2019IN A\u00c7IKLAMASI Konyaalt\u0131 Belediye Ba\u015fkan\u0131 Cem Kotan, \u00f6nceki d\u00f6nemde Konyaalt\u0131 Belediyesi\u2019nde ger\u00e7ekle\u015fen kadrolu i\u015f\u00e7i al\u0131mlar\u0131yla ilgili, Say\u0131\u015ftay taraf\u0131ndan hukuksuz bulundu\u011funu ve bu nedenle 54 i\u015f\u00e7inin g\u00f6revine son vermek zorunda kal\u0131nd\u0131\u011f\u0131n\u0131 ifade etmi\u015fti. S\u00dcRE\u00c7 HUKUK\u0130 ZEM\u0130NDE \u0130LERLEYECEK Bu g\u00fcn itibariyle i\u015f\u00e7ilerin eylem \u00e7ad\u0131rlar\u0131n\u0131 kald\u0131r\u0131ld\u0131\u011f\u0131 ve m\u00fccadelenin hukuki bir zeminde s\u00fcrece\u011fini s\u00f6yleyen Ba\u015fkan G\u00fcnd\u00fcz, \u201cKonyaalt\u0131 Belediyesi ile kadrolu i\u015f\u00e7i arkada\u015flar\u0131m\u0131z aras\u0131nda bir s\u00fcredir devam eden hukuki s\u00fcre\u00e7, bug\u00fcn itibar\u0131yla sa\u011fduyu ve ortak ak\u0131l \u00e7er\u00e7evesinde olumlu bir \u015fekilde sonu\u00e7lanm\u0131\u015ft\u0131r. \u0130\u00e7eride bulunan i\u015f\u00e7i alacaklar\u0131n\u0131n \u00f6denmesi, hukuki s\u00fcrecin sendika ve belediye avukatlar\u0131yla birlikte y\u00fcr\u00fct\u00fclmesi y\u00f6n\u00fcnde at\u0131lan ad\u0131mlar, bizler i\u00e7in son derece k\u0131ymetlidir. \u0130\u015f\u00e7i karde\u015flerimiz bug\u00fcn itibar\u0131yla eylem \u00e7ad\u0131rlar\u0131n\u0131 kald\u0131rm\u0131\u015f ve m\u00fccadelelerini hukuki zeminde s\u00fcrd\u00fcreceklerini ifade etmi\u015flerdir. Bu a\u00e7\u0131klamalar\u0131 ve g\u00f6sterdikleri sorumlu tutum i\u00e7in kendilerine te\u015fekk\u00fcr ediyoruz\u201d ifadelerini kulland\u0131. KOTAN\u2019A TE\u015eEKK\u00dcR ETT\u0130 Konyaalt\u0131 Belediye Ba\u015fkan\u0131 Cem Kotan\u2019a i\u015f\u00e7ilere olan hassasiyeti i\u00e7in te\u015fekk\u00fcr eden Ba\u015fkan G\u00fcnd\u00fcz, \u201cAyr\u0131ca bu s\u00fcrecin bar\u0131\u015f\u00e7\u0131l, adaletli ve yap\u0131c\u0131 \u015fekilde y\u00fcr\u00fct\u00fclmesinde g\u00f6sterdi\u011fi irade ve hassasiyet i\u00e7in Konyaalt\u0131 Belediye &hellip;\" \/>\n<meta property=\"og:url\" content=\"https:\/\/denizcankizil.tr\/de\/haberler\/gundem\/konyaalti-belediyesinde-uzlasma-saglandi-cadirlar-kalkti\/\" \/>\n<meta property=\"og:site_name\" content=\"Av. Deniz Can K\u0131z\u0131l\" \/>\n<meta property=\"article:published_time\" content=\"2025-06-05T16:41:15+00:00\" \/>\n<meta name=\"author\" content=\"Antalya K\u00f6rfez\" \/>\n<meta name=\"twitter:card\" content=\"summary_large_image\" \/>\n<meta name=\"twitter:label1\" content=\"Verfasst von\" \/>\n\t<meta name=\"twitter:data1\" content=\"Antalya K\u00f6rfez\" \/>\n\t<meta name=\"twitter:label2\" content=\"Gesch\u00e4tzte Lesezeit\" \/>\n\t<meta name=\"twitter:data2\" content=\"3\u00a0Minuten\" \/>\n<script type=\"application\/ld+json\" class=\"yoast-schema-graph\">{\"@context\":\"https:\/\/schema.org\",\"@graph\":[{\"@type\":\"Article\",\"@id\":\"https:\/\/denizcankizil.tr\/de\/haberler\/gundem\/konyaalti-belediyesinde-uzlasma-saglandi-cadirlar-kalkti\/#article\",\"isPartOf\":{\"@id\":\"https:\/\/denizcankizil.tr\/de\/haberler\/gundem\/konyaalti-belediyesinde-uzlasma-saglandi-cadirlar-kalkti\/\"},\"author\":{\"name\":\"Antalya K\u00f6rfez\",\"@id\":\"https:\/\/denizcankizil.tr\/#\/schema\/person\/e1eb71bb4dd684d46563f0af307e1234\"},\"headline\":\"Konyaalt\u0131 Belediyesi&#8217;nde uzla\u015fma sa\u011fland\u0131, \u00e7ad\u0131rlar kalkt\u0131\",\"datePublished\":\"2025-06-05T16:41:15+00:00\",\"mainEntityOfPage\":{\"@id\":\"https:\/\/denizcankizil.tr\/de\/haberler\/gundem\/konyaalti-belediyesinde-uzlasma-saglandi-cadirlar-kalkti\/\"},\"wordCount\":545,\"publisher\":{\"@id\":\"https:\/\/denizcankizil.tr\/#organization\"},\"articleSection\":[\"G\u00fcndem\"],\"inLanguage\":\"de\"},{\"@type\":\"WebPage\",\"@id\":\"https:\/\/denizcankizil.tr\/de\/haberler\/gundem\/konyaalti-belediyesinde-uzlasma-saglandi-cadirlar-kalkti\/\",\"url\":\"https:\/\/denizcankizil.tr\/de\/haberler\/gundem\/konyaalti-belediyesinde-uzlasma-saglandi-cadirlar-kalkti\/\",\"name\":\"Konyaalt\u0131 Belediyesi'nde uzla\u015fma sa\u011fland\u0131, \u00e7ad\u0131rlar kalkt\u0131 - Av. Deniz Can K\u0131z\u0131l\",\"isPartOf\":{\"@id\":\"https:\/\/denizcankizil.tr\/#website\"},\"datePublished\":\"2025-06-05T16:41:15+00:00\",\"breadcrumb\":{\"@id\":\"https:\/\/denizcankizil.tr\/de\/haberler\/gundem\/konyaalti-belediyesinde-uzlasma-saglandi-cadirlar-kalkti\/#breadcrumb\"},\"inLanguage\":\"de\",\"potentialAction\":[{\"@type\":\"ReadAction\",\"target\":[\"https:\/\/denizcankizil.tr\/de\/haberler\/gundem\/konyaalti-belediyesinde-uzlasma-saglandi-cadirlar-kalkti\/\"]}]},{\"@type\":\"BreadcrumbList\",\"@id\":\"https:\/\/denizcankizil.tr\/de\/haberler\/gundem\/konyaalti-belediyesinde-uzlasma-saglandi-cadirlar-kalkti\/#breadcrumb\",\"itemListElement\":[{\"@type\":\"ListItem\",\"position\":1,\"name\":\"Home\",\"item\":\"https:\/\/denizcankizil.tr\/de\/\"},{\"@type\":\"ListItem\",\"position\":2,\"name\":\"Konyaalt\u0131 Belediyesi&#8217;nde uzla\u015fma sa\u011fland\u0131, \u00e7ad\u0131rlar kalkt\u0131\"}]},{\"@type\":\"WebSite\",\"@id\":\"https:\/\/denizcankizil.tr\/#website\",\"url\":\"https:\/\/denizcankizil.tr\/\",\"name\":\"Av. Deniz Can K\u0131z\u0131l\",\"description\":\"Avukat Deniz Can K\u0131z\u0131l Antalya Barosu\",\"publisher\":{\"@id\":\"https:\/\/denizcankizil.tr\/#organization\"},\"potentialAction\":[{\"@type\":\"SearchAction\",\"target\":{\"@type\":\"EntryPoint\",\"urlTemplate\":\"https:\/\/denizcankizil.tr\/?s={search_term_string}\"},\"query-input\":{\"@type\":\"PropertyValueSpecification\",\"valueRequired\":true,\"valueName\":\"search_term_string\"}}],\"inLanguage\":\"de\"},{\"@type\":\"Organization\",\"@id\":\"https:\/\/denizcankizil.tr\/#organization\",\"name\":\"Av. Deniz Can K\u0131z\u0131l\",\"url\":\"https:\/\/denizcankizil.tr\/\",\"logo\":{\"@type\":\"ImageObject\",\"inLanguage\":\"de\",\"@id\":\"https:\/\/denizcankizil.tr\/#\/schema\/logo\/image\/\",\"url\":\"https:\/\/denizcankizil.tr\/wp-content\/uploads\/2024\/10\/siyah-logo-svg.svg\",\"contentUrl\":\"https:\/\/denizcankizil.tr\/wp-content\/uploads\/2024\/10\/siyah-logo-svg.svg\",\"width\":1080,\"height\":1080,\"caption\":\"Av. Deniz Can K\u0131z\u0131l\"},\"image\":{\"@id\":\"https:\/\/denizcankizil.tr\/#\/schema\/logo\/image\/\"}},{\"@type\":\"Person\",\"@id\":\"https:\/\/denizcankizil.tr\/#\/schema\/person\/e1eb71bb4dd684d46563f0af307e1234\",\"name\":\"Antalya K\u00f6rfez\",\"image\":{\"@type\":\"ImageObject\",\"inLanguage\":\"de\",\"@id\":\"https:\/\/denizcankizil.tr\/#\/schema\/person\/image\/\",\"url\":\"https:\/\/secure.gravatar.com\/avatar\/42b01982558a48a0b501fdcab6a408d3717ea5919095ee2e67b0e521799c5905?s=96&d=mm&r=g\",\"contentUrl\":\"https:\/\/secure.gravatar.com\/avatar\/42b01982558a48a0b501fdcab6a408d3717ea5919095ee2e67b0e521799c5905?s=96&d=mm&r=g\",\"caption\":\"Antalya K\u00f6rfez\"},\"sameAs\":[\"http:\/\/www.antalyakorfez.com\"],\"url\":\"https:\/\/www.antalyakorfez.com\/konyaalti-belediyesinde-uzlasma-saglandi-cadirlar-kalkti\"}]}<\/script>\n<!-- \/ Yoast SEO Premium plugin. -->","yoast_head_json":{"title":"Konyaalt\u0131 Belediyesi'nde uzla\u015fma sa\u011fland\u0131, \u00e7ad\u0131rlar kalkt\u0131 - Av. Deniz Can K\u0131z\u0131l","robots":{"index":"index","follow":"follow","max-snippet":"max-snippet:-1","max-image-preview":"max-image-preview:large","max-video-preview":"max-video-preview:-1"},"canonical":"https:\/\/denizcankizil.tr\/de\/haberler\/gundem\/konyaalti-belediyesinde-uzlasma-saglandi-cadirlar-kalkti\/","og_locale":"de_DE","og_type":"article","og_title":"Konyaalt\u0131 Belediyesi'nde uzla\u015fma sa\u011fland\u0131, \u00e7ad\u0131rlar kalkt\u0131","og_description":"Konyaalt\u0131 Belediyesi ile kadrolu i\u015f\u00e7ilerin bir s\u00fcredir s\u00fcrd\u00fcrd\u00fc\u011f\u00fc m\u00fccadele sona erdi. \u0130\u015f\u00e7iler ve belediye aras\u0131nda uzla\u015fma sa\u011fland\u0131\u011f\u0131n\u0131 duyuran Cumhuriyet Halk Partisi Konyaalt\u0131 \u0130l\u00e7e Ba\u015fkan\u0131 Demet G\u00fcnd\u00fcz, \u201cBir s\u00fcredir devam eden hukuki s\u00fcre\u00e7, bug\u00fcn itibar\u0131yla sa\u011fduyu ve ortak ak\u0131l \u00e7er\u00e7evesinde olumlu bir \u015fekilde sonu\u00e7lanm\u0131\u015ft\u0131r\u201d dedi. CEM KOTAN\u2019IN A\u00c7IKLAMASI Konyaalt\u0131 Belediye Ba\u015fkan\u0131 Cem Kotan, \u00f6nceki d\u00f6nemde Konyaalt\u0131 Belediyesi\u2019nde ger\u00e7ekle\u015fen kadrolu i\u015f\u00e7i al\u0131mlar\u0131yla ilgili, Say\u0131\u015ftay taraf\u0131ndan hukuksuz bulundu\u011funu ve bu nedenle 54 i\u015f\u00e7inin g\u00f6revine son vermek zorunda kal\u0131nd\u0131\u011f\u0131n\u0131 ifade etmi\u015fti. S\u00dcRE\u00c7 HUKUK\u0130 ZEM\u0130NDE \u0130LERLEYECEK Bu g\u00fcn itibariyle i\u015f\u00e7ilerin eylem \u00e7ad\u0131rlar\u0131n\u0131 kald\u0131r\u0131ld\u0131\u011f\u0131 ve m\u00fccadelenin hukuki bir zeminde s\u00fcrece\u011fini s\u00f6yleyen Ba\u015fkan G\u00fcnd\u00fcz, \u201cKonyaalt\u0131 Belediyesi ile kadrolu i\u015f\u00e7i arkada\u015flar\u0131m\u0131z aras\u0131nda bir s\u00fcredir devam eden hukuki s\u00fcre\u00e7, bug\u00fcn itibar\u0131yla sa\u011fduyu ve ortak ak\u0131l \u00e7er\u00e7evesinde olumlu bir \u015fekilde sonu\u00e7lanm\u0131\u015ft\u0131r. \u0130\u00e7eride bulunan i\u015f\u00e7i alacaklar\u0131n\u0131n \u00f6denmesi, hukuki s\u00fcrecin sendika ve belediye avukatlar\u0131yla birlikte y\u00fcr\u00fct\u00fclmesi y\u00f6n\u00fcnde at\u0131lan ad\u0131mlar, bizler i\u00e7in son derece k\u0131ymetlidir. \u0130\u015f\u00e7i karde\u015flerimiz bug\u00fcn itibar\u0131yla eylem \u00e7ad\u0131rlar\u0131n\u0131 kald\u0131rm\u0131\u015f ve m\u00fccadelelerini hukuki zeminde s\u00fcrd\u00fcreceklerini ifade etmi\u015flerdir. Bu a\u00e7\u0131klamalar\u0131 ve g\u00f6sterdikleri sorumlu tutum i\u00e7in kendilerine te\u015fekk\u00fcr ediyoruz\u201d ifadelerini kulland\u0131. KOTAN\u2019A TE\u015eEKK\u00dcR ETT\u0130 Konyaalt\u0131 Belediye Ba\u015fkan\u0131 Cem Kotan\u2019a i\u015f\u00e7ilere olan hassasiyeti i\u00e7in te\u015fekk\u00fcr eden Ba\u015fkan G\u00fcnd\u00fcz, \u201cAyr\u0131ca bu s\u00fcrecin bar\u0131\u015f\u00e7\u0131l, adaletli ve yap\u0131c\u0131 \u015fekilde y\u00fcr\u00fct\u00fclmesinde g\u00f6sterdi\u011fi irade ve hassasiyet i\u00e7in Konyaalt\u0131 Belediye &hellip;","og_url":"https:\/\/denizcankizil.tr\/de\/haberler\/gundem\/konyaalti-belediyesinde-uzlasma-saglandi-cadirlar-kalkti\/","og_site_name":"Av. Deniz Can K\u0131z\u0131l","article_published_time":"2025-06-05T16:41:15+00:00","author":"Antalya K\u00f6rfez","twitter_card":"summary_large_image","twitter_misc":{"Verfasst von":"Antalya K\u00f6rfez","Gesch\u00e4tzte Lesezeit":"3\u00a0Minuten"},"schema":{"@context":"https:\/\/schema.org","@graph":[{"@type":"Article","@id":"https:\/\/denizcankizil.tr\/de\/haberler\/gundem\/konyaalti-belediyesinde-uzlasma-saglandi-cadirlar-kalkti\/#article","isPartOf":{"@id":"https:\/\/denizcankizil.tr\/de\/haberler\/gundem\/konyaalti-belediyesinde-uzlasma-saglandi-cadirlar-kalkti\/"},"author":{"name":"Antalya K\u00f6rfez","@id":"https:\/\/denizcankizil.tr\/#\/schema\/person\/e1eb71bb4dd684d46563f0af307e1234"},"headline":"Konyaalt\u0131 Belediyesi&#8217;nde uzla\u015fma sa\u011fland\u0131, \u00e7ad\u0131rlar kalkt\u0131","datePublished":"2025-06-05T16:41:15+00:00","mainEntityOfPage":{"@id":"https:\/\/denizcankizil.tr\/de\/haberler\/gundem\/konyaalti-belediyesinde-uzlasma-saglandi-cadirlar-kalkti\/"},"wordCount":545,"publisher":{"@id":"https:\/\/denizcankizil.tr\/#organization"},"articleSection":["G\u00fcndem"],"inLanguage":"de"},{"@type":"WebPage","@id":"https:\/\/denizcankizil.tr\/de\/haberler\/gundem\/konyaalti-belediyesinde-uzlasma-saglandi-cadirlar-kalkti\/","url":"https:\/\/denizcankizil.tr\/de\/haberler\/gundem\/konyaalti-belediyesinde-uzlasma-saglandi-cadirlar-kalkti\/","name":"Konyaalt\u0131 Belediyesi'nde uzla\u015fma sa\u011fland\u0131, \u00e7ad\u0131rlar kalkt\u0131 - Av. Deniz Can K\u0131z\u0131l","isPartOf":{"@id":"https:\/\/denizcankizil.tr\/#website"},"datePublished":"2025-06-05T16:41:15+00:00","breadcrumb":{"@id":"https:\/\/denizcankizil.tr\/de\/haberler\/gundem\/konyaalti-belediyesinde-uzlasma-saglandi-cadirlar-kalkti\/#breadcrumb"},"inLanguage":"de","potentialAction":[{"@type":"ReadAction","target":["https:\/\/denizcankizil.tr\/de\/haberler\/gundem\/konyaalti-belediyesinde-uzlasma-saglandi-cadirlar-kalkti\/"]}]},{"@type":"BreadcrumbList","@id":"https:\/\/denizcankizil.tr\/de\/haberler\/gundem\/konyaalti-belediyesinde-uzlasma-saglandi-cadirlar-kalkti\/#breadcrumb","itemListElement":[{"@type":"ListItem","position":1,"name":"Home","item":"https:\/\/denizcankizil.tr\/de\/"},{"@type":"ListItem","position":2,"name":"Konyaalt\u0131 Belediyesi&#8217;nde uzla\u015fma sa\u011fland\u0131, \u00e7ad\u0131rlar kalkt\u0131"}]},{"@type":"WebSite","@id":"https:\/\/denizcankizil.tr\/#website","url":"https:\/\/denizcankizil.tr\/","name":"Av. Deniz Can K\u0131z\u0131l","description":"Avukat Deniz Can K\u0131z\u0131l Antalya Barosu","publisher":{"@id":"https:\/\/denizcankizil.tr\/#organization"},"potentialAction":[{"@type":"SearchAction","target":{"@type":"EntryPoint","urlTemplate":"https:\/\/denizcankizil.tr\/?s={search_term_string}"},"query-input":{"@type":"PropertyValueSpecification","valueRequired":true,"valueName":"search_term_string"}}],"inLanguage":"de"},{"@type":"Organization","@id":"https:\/\/denizcankizil.tr\/#organization","name":"Av. Deniz Can K\u0131z\u0131l","url":"https:\/\/denizcankizil.tr\/","logo":{"@type":"ImageObject","inLanguage":"de","@id":"https:\/\/denizcankizil.tr\/#\/schema\/logo\/image\/","url":"https:\/\/denizcankizil.tr\/wp-content\/uploads\/2024\/10\/siyah-logo-svg.svg","contentUrl":"https:\/\/denizcankizil.tr\/wp-content\/uploads\/2024\/10\/siyah-logo-svg.svg","width":1080,"height":1080,"caption":"Av. Deniz Can K\u0131z\u0131l"},"image":{"@id":"https:\/\/denizcankizil.tr\/#\/schema\/logo\/image\/"}},{"@type":"Person","@id":"https:\/\/denizcankizil.tr\/#\/schema\/person\/e1eb71bb4dd684d46563f0af307e1234","name":"Antalya K\u00f6rfez","image":{"@type":"ImageObject","inLanguage":"de","@id":"https:\/\/denizcankizil.tr\/#\/schema\/person\/image\/","url":"https:\/\/secure.gravatar.com\/avatar\/42b01982558a48a0b501fdcab6a408d3717ea5919095ee2e67b0e521799c5905?s=96&d=mm&r=g","contentUrl":"https:\/\/secure.gravatar.com\/avatar\/42b01982558a48a0b501fdcab6a408d3717ea5919095ee2e67b0e521799c5905?s=96&d=mm&r=g","caption":"Antalya K\u00f6rfez"},"sameAs":["http:\/\/www.antalyakorfez.com"],"url":"https:\/\/www.antalyakorfez.com\/konyaalti-belediyesinde-uzlasma-saglandi-cadirlar-kalkti"}]}},"_links":{"self":[{"href":"https:\/\/denizcankizil.tr\/de\/wp-json\/wp\/v2\/posts\/107587","targetHints":{"allow":["GET"]}}],"collection":[{"href":"https:\/\/denizcankizil.tr\/de\/wp-json\/wp\/v2\/posts"}],"about":[{"href":"https:\/\/denizcankizil.tr\/de\/wp-json\/wp\/v2\/types\/post"}],"author":[{"embeddable":true,"href":"https:\/\/denizcankizil.tr\/de\/wp-json\/wp\/v2\/users\/5"}],"replies":[{"embeddable":true,"href":"https:\/\/denizcankizil.tr\/de\/wp-json\/wp\/v2\/comments?post=107587"}],"version-history":[{"count":0,"href":"https:\/\/denizcankizil.tr\/de\/wp-json\/wp\/v2\/posts\/107587\/revisions"}],"wp:attachment":[{"href":"https:\/\/denizcankizil.tr\/de\/wp-json\/wp\/v2\/media?parent=107587"}],"wp:term":[{"taxonomy":"category","embeddable":true,"href":"https:\/\/denizcankizil.tr\/de\/wp-json\/wp\/v2\/categories?post=107587"},{"taxonomy":"post_tag","embeddable":true,"href":"https:\/\/denizcankizil.tr\/de\/wp-json\/wp\/v2\/tags?post=107587"}],"curies":[{"name":"wp","href":"https:\/\/api.w.org\/{rel}","templated":true}]}}