{"id":107499,"date":"2025-06-05T17:41:39","date_gmt":"2025-06-05T14:41:39","guid":{"rendered":"https:\/\/denizcankizil.tr\/uncategorized-tr\/mersinde-aricilara-bal-gibi-destek-346-yetistiriciye-kovan-ve-ekipman-verildi\/"},"modified":"2025-06-05T17:41:39","modified_gmt":"2025-06-05T14:41:39","slug":"mersinde-aricilara-bal-gibi-destek-346-yetistiriciye-kovan-ve-ekipman-verildi","status":"publish","type":"post","link":"https:\/\/denizcankizil.tr\/de\/haberler\/gundem\/mersinde-aricilara-bal-gibi-destek-346-yetistiriciye-kovan-ve-ekipman-verildi\/","title":{"rendered":"Mersin&#8217;de ar\u0131c\u0131lara &#8220;bal gibi&#8221; destek: 346 yeti\u015ftiriciye kovan ve ekipman verildi"},"content":{"rendered":"<p>Mersin B\u00fcy\u00fck\u015fehir Belediyesi, kent genelinde her b\u00f6lgenin ihtiyac\u0131n\u0131 g\u00f6zeterek bilin\u00e7li bir tar\u0131msal destek politikas\u0131 g\u00f6zetiyor. Bu kapsamda B\u00fcy\u00fck\u015fehir Belediye Ba\u015fkan\u0131 Vahap Se\u00e7er, Tar\u0131msal Hizmetler Dairesi Ba\u015fkanl\u0131\u011f\u0131 taraf\u0131ndan d\u00fczenlenen \u2018Alt\u0131n Kovan Projesi Da\u011f\u0131t\u0131m T\u00f6reni\u2019ne kat\u0131ld\u0131. T\u00f6rende Mersin Ar\u0131 Yeti\u015ftiricileri Birli\u011fi\u2019ne kay\u0131tl\u0131 Erdemli, Mezitli ve Yeni\u015fehir il\u00e7elerinden toplam 346 ar\u0131 yeti\u015ftiricisine destekler sa\u011fland\u0131. \u2018Ar\u0131 gibi \u00e7al\u0131\u015fanlara, bal gibi destek B\u00fcy\u00fck\u015fehir Belediyesinden&#8217; slogan\u0131yla ger\u00e7ekle\u015ftirilen da\u011f\u0131t\u0131m t\u00f6reninde, &#8216;Alt\u0131n Kovan Program\u0131&#8217; kapsam\u0131nda 40, &#8216;Ar\u0131c\u0131lara Malzeme Deste\u011fi&#8217; kapsam\u0131nda da 306 olmak \u00fczere toplam 346 ar\u0131 yeti\u015ftiricisine \u00e7e\u015fitli destekler sa\u011fland\u0131.<\/p>\n<p>&#8220;H\u0130ZMETLER\u0130N BEDEL\u0130N\u0130 VERG\u0130LER\u0130NDEN ALIYORUZ&#8221;<\/p>\n<p>Erdemli il\u00e7esi Karah\u0131d\u0131rl\u0131 Bal Orman\u0131nda d\u00fczenlenen t\u00f6rende konu\u015fan Ba\u015fkan Se\u00e7er, &#8220;Hizmetlerin bedelini sizin vergilerinizden al\u0131yoruz. Sizin emekleriniz ve verdi\u011finiz vergi de\u011ferli. Bizim omuzlar\u0131m\u0131zda bu sorumluluk var. E\u011fer biraz Hakk\u2019a inanc\u0131n\u0131z ve insan sevginiz varsa \u00e7ok dikkat etmeniz laz\u0131m. Biz 6 y\u0131ld\u0131r bu dikkatle \u00e7al\u0131\u015f\u0131yoruz&#8221; dedi. Kentin her yan\u0131na ayr\u0131m yapmaks\u0131z\u0131n hizmet g\u00f6t\u00fcrd\u00fcklerini ve vatanda\u015flar\u0131n da ayr\u0131ms\u0131z hizmetin fark\u0131nda oldu\u011funu s\u00f6yleyen Se\u00e7er, &#8220;Ayd\u0131nc\u0131k, Anamur, Erdemli, Tarsus, oy vermi\u015f-vermemi\u015f, partili- partisiz asla akl\u0131m\u0131za gelmez. Bizim i\u00e7in birli\u011fimiz, beraberli\u011fimiz, memleketimizin huzuru ve refah\u0131 her \u015feyden \u00f6nemli. Ba\u015fkan\u0131n\u0131z adalet terazisini dikkatli kulland\u0131, herkese e\u015fit ve adaletli davrand\u0131&#8221; s\u00f6zlerine yer verdi.<\/p>\n<p>&#8220;S\u0130ZE DESTEK VER\u0130YORUZ \u00c7\u00dcNK\u00dc EMEK VER\u0130YORSUNUZ&#8221;<\/p>\n<p>\u00c7ift\u00e7ili\u011fin emek ve al\u0131n teri isteyen bir alan oldu\u011funu kaydeden Se\u00e7er, &#8220;Sizlere tar\u0131msal destek yap\u0131yoruz, \u00e7\u00fcnk\u00fc emek ediyorsunuz. Size sayg\u0131 duyuyoruz. \u2018\u0130nsanlar emek ediyor, biz devletiz, devletin kurumuyuz onlar\u0131n yan\u0131nda olmam\u0131z gerekir\u2019 diyoruz&#8221; ifadelerini kulland\u0131. Tar\u0131m\u0131n d\u00fcnyan\u0131n her yerinde desteklendi\u011fine de\u011finen Se\u00e7er, &#8220;Devletin deste\u011fi laz\u0131m. Akaryak\u0131t\u0131n, g\u00fcbrenin, ilac\u0131n maliyetlerinin y\u00fcksek oldu\u011fu bir ortamda deste\u011fe ihtiyac\u0131n\u0131z olmaz m\u0131? Ar\u0131c\u0131l\u0131k yap\u0131yorsunuz; kovan\u0131n, malzemelerin pahal\u0131 oldu\u011fu bir ortamda devletin eli de\u011fmezse \u00fcretim yapamazs\u0131n\u0131z&#8221; \u015feklinde konu\u015ftu.<\/p>\n<p>&#8220;ARI G\u0130B\u0130 \u00c7ALI\u015eANLARA BAL G\u0130B\u0130 DESTEK&#8221;<\/p>\n<p>Ar\u0131c\u0131lar\u0131n ar\u0131 gibi \u00e7al\u0131\u015ft\u0131\u011f\u0131n\u0131 s\u00f6yleyen Se\u00e7er, \u2018Ar\u0131 gibi \u00e7al\u0131\u015fanlara, bal gibi destek\u2019 slogan\u0131n\u0131 hat\u0131rlatarak, &#8220;Adem Ba\u015fkan, \u2018Arac\u0131l\u0131kta neden Mersin T\u00fcrkiye\u2019de 1 numara olmas\u0131n?\u2019 dedi. Biz her konuda neden T\u00fcrkiye\u2019de 1 numara olmayal\u0131m? Her konuda ilk s\u0131rada olal\u0131m; ticarette, sanayide, d\u00fcnyan\u0131n en \u00fcnl\u00fc sanat\u00e7\u0131lar\u0131, en \u00fcnl\u00fc sporcular\u0131 ve bilim insanlar\u0131 Mersin\u2019den olsun. Mersin\u2019i her konuda takdire \u015fayan bir memleket yapal\u0131m. Her b\u00f6lgemiz g\u00fczel, yurdumun her k\u00f6\u015fesi cennet ama Mersin bir ba\u015fka g\u00fczel. Mersin, Anadolu&#8221; diye konu\u015ftu.<\/p>\n<p>346 ARI YET\u0130\u015eT\u0130R\u0130C\u0130S\u0130NE DESTEK VER\u0130LD\u0130<\/p>\n<p>Mersin \u0130li Ar\u0131 Yeti\u015ftiricileri Birli\u011fi ile daha \u00f6nce de proje yapt\u0131klar\u0131n\u0131 ve 708 ar\u0131 yeti\u015ftiricisine malzeme seti ile 300 bal sa\u011f\u0131m \u00e7ad\u0131r\u0131 deste\u011fi verdiklerini s\u00f6yleyen Se\u00e7er, bug\u00fcnk\u00fc t\u00f6ren kapsam\u0131nda ise Erdemli, Mezitli ve Yeni\u015fehir\u2019den 346 ar\u0131 yeti\u015ftiricisine 2 farkl\u0131 destek vereceklerini s\u00f6yledi. Desteklerin teknik detaylar\u0131n\u0131 payla\u015fan Se\u00e7er, konu\u015fmas\u0131nda \u015fu ifadelere yer verdi:<\/p>\n<p>&#8220;Alt\u0131n Kovan Projesi kapsam\u0131nda kovan varl\u0131\u011f\u0131 50-100 aras\u0131 olan toplam 40 yeti\u015ftiricimize ki\u015fi ba\u015f\u0131na 30 adet kovan veriyoruz. 90 kilogram ar\u0131 besini ve bir kutu parazit ilac\u0131 olmak \u00fczere toplamda bin 200 adet ar\u0131l\u0131 kovan veriyoruz. Bunun 5 \u00e7\u0131tas\u0131 ar\u0131l\u0131 olmak \u00fczere toplam 10 \u00e7\u0131tas\u0131 olacak ve polen tuzakl\u0131. 3 bin 600 kilogram ar\u0131 besini, 40 kutu parazit ilac\u0131 da\u011f\u0131t\u0131m\u0131n\u0131 ger\u00e7ekle\u015ftiriyoruz. Destek s\u00fcreci sonras\u0131nda ar\u0131 yeti\u015ftiricileri ilk y\u0131lda bu kolileri \u00e7o\u011faltacaklar. \u0130kinci y\u0131lda biz her \u00fcreticiye 15 adet bo\u015f kovan verece\u011fiz, onlar 5 \u00e7er\u00e7eve dolu koloniyle bize tekrar teslim edecekler. Yani bizim verdi\u011fimiz destek kadar iade yapacaklar. \u0130kinci y\u0131l 15 kovan, \u00fc\u00e7\u00fcnc\u00fc y\u0131l\u0131nda da 15 kovan daha iade edecekler. Toplamda 30 kovan olacak. Biz onu bir ba\u015fka \u00fcreticiye verece\u011fiz. Ar\u0131 besini, parazit ilac\u0131 desteklerini de vermeye devam edecek, bu \u00e7ark\u0131 b\u00f6yle d\u00f6nd\u00fcrmeyi s\u00fcrd\u00fcrece\u011fiz.&#8221;<\/p>\n<p>BA\u015eKAN SE\u00c7ER&#8217;DEN ARICILARA DESTEK YA\u011eDI<\/p>\n<p>Bir di\u011fer deste\u011fin de ar\u0131c\u0131lara malzeme deste\u011fi kapsam\u0131nda olaca\u011f\u0131n\u0131 dile getiren Se\u00e7er, &#8220;T\u00fcm Mersin\u2019de, Mersin Ar\u0131 Yeti\u015ftiricili\u011fi Birli\u011fi ve Mut Bal \u00dcreticileri Birli\u011fine kay\u0131tl\u0131 1 ile 100 aras\u0131nda kovan varl\u0131\u011f\u0131na sahip ve 306\u2019s\u0131 bug\u00fcnk\u00fc t\u00f6ren kapsam\u0131nda olmak \u00fczere bin \u00fcreticiye destek yapaca\u011f\u0131z. 1000 \u00fcreticiye bir paket i\u00e7erisinde set olarak 3 kilogram temel petek, 2 adet parazit ilac\u0131 ile birer adet ar\u0131 maskesi, ar\u0131c\u0131 k\u00f6r\u00fc\u011f\u00fc, eldiven ve el demirinden olu\u015fan bir malzeme seti deste\u011fi de yapaca\u011f\u0131z. Toplamda bin \u00fcreticiye 3 bin kilogram temel petek, 2 bin adet parazit ilac\u0131 ve biner adet ar\u0131c\u0131 maskesi, ar\u0131c\u0131 k\u00f6r\u00fc\u011f\u00fc, eldiven ve el demiri teslim edece\u011fiz&#8221; diye konu\u015ftu.<\/p>\n<p>TARIMSAL H\u0130ZMET B\u00dcT\u00c7ES\u0130 215 M\u0130LYONA \u00c7IKARILDI <\/p>\n<p>Tar\u0131msal alanda desteklerin ar\u0131c\u0131l\u0131kla s\u0131n\u0131rl\u0131 olmad\u0131\u011f\u0131n\u0131 belirten Se\u00e7er, 2024 y\u0131l\u0131nda 119 milyon TL olan tar\u0131msal hizmet b\u00fct\u00e7esini, 2025 y\u0131l\u0131nda 215 milyona \u00e7\u0131kard\u0131klar\u0131n\u0131 s\u00f6yledi. Sulama kooperatiflerine de seslenen Se\u00e7er, g\u00fcne\u015f paneli sistemini kuran kooperatiflere y\u00fczde 50 hibe vereceklerinin bilgisini vererek, 2 kooperatifin g\u00fcne\u015f enerjisi sistemi projesini hayata ge\u00e7irdi\u011fini belirtti.<\/p>\n<p>\u200bMersin B\u00fcy\u00fck\u015fehir Belediyesi, &#8216;Alt\u0131n Kovan Projesi&#8217; kapsam\u0131nda Erdemli, Mezitli ve Yeni\u015fehir&#8217;den 346 ar\u0131 yeti\u015ftiricisine kovan, ar\u0131 besini ve ekipman deste\u011fi sa\u011flad\u0131. Ba\u015fkan Vahap Se\u00e7er, &#8220;Ar\u0131 gibi \u00e7al\u0131\u015fanlara bal gibi destek veriyoruz&#8221; diyerek \u00fcreticiye olan deste\u011fini vurgulad\u0131.\u00a0<\/p>\n<p>\u200bHaberin Al\u0131nt\u0131land\u0131\u011f\u0131 Kaynak: www.antalyakorfez.com<\/p>","protected":false},"excerpt":{"rendered":"<p>Mersin B\u00fcy\u00fck\u015fehir Belediyesi, kent genelinde her b\u00f6lgenin ihtiyac\u0131n\u0131 g\u00f6zeterek bilin\u00e7li bir tar\u0131msal destek politikas\u0131 g\u00f6zetiyor. Bu kapsamda B\u00fcy\u00fck\u015fehir Belediye Ba\u015fkan\u0131 Vahap Se\u00e7er, Tar\u0131msal Hizmetler Dairesi Ba\u015fkanl\u0131\u011f\u0131 taraf\u0131ndan d\u00fczenlenen \u2018Alt\u0131n Kovan Projesi Da\u011f\u0131t\u0131m T\u00f6reni\u2019ne kat\u0131ld\u0131. T\u00f6rende Mersin Ar\u0131 Yeti\u015ftiricileri Birli\u011fi\u2019ne kay\u0131tl\u0131 Erdemli, Mezitli ve Yeni\u015fehir il\u00e7elerinden toplam 346 ar\u0131 yeti\u015ftiricisine destekler sa\u011fland\u0131. \u2018Ar\u0131 gibi \u00e7al\u0131\u015fanlara, bal gibi destek B\u00fcy\u00fck\u015fehir Belediyesinden&#8217; slogan\u0131yla ger\u00e7ekle\u015ftirilen da\u011f\u0131t\u0131m t\u00f6reninde, &#8216;Alt\u0131n Kovan Program\u0131&#8217; kapsam\u0131nda 40, &#8216;Ar\u0131c\u0131lara Malzeme Deste\u011fi&#8217; kapsam\u0131nda da 306 olmak \u00fczere toplam 346 ar\u0131 yeti\u015ftiricisine \u00e7e\u015fitli destekler sa\u011fland\u0131. &#8220;H\u0130ZMETLER\u0130N BEDEL\u0130N\u0130 VERG\u0130LER\u0130NDEN ALIYORUZ&#8221; Erdemli il\u00e7esi Karah\u0131d\u0131rl\u0131 Bal Orman\u0131nda d\u00fczenlenen t\u00f6rende konu\u015fan Ba\u015fkan Se\u00e7er, &#8220;Hizmetlerin bedelini sizin vergilerinizden al\u0131yoruz. Sizin emekleriniz ve verdi\u011finiz vergi de\u011ferli. Bizim omuzlar\u0131m\u0131zda bu sorumluluk var. E\u011fer biraz Hakk\u2019a inanc\u0131n\u0131z ve insan sevginiz varsa \u00e7ok dikkat etmeniz laz\u0131m. Biz 6 y\u0131ld\u0131r bu dikkatle \u00e7al\u0131\u015f\u0131yoruz&#8221; dedi. Kentin her yan\u0131na ayr\u0131m yapmaks\u0131z\u0131n hizmet g\u00f6t\u00fcrd\u00fcklerini ve vatanda\u015flar\u0131n da ayr\u0131ms\u0131z hizmetin fark\u0131nda oldu\u011funu s\u00f6yleyen Se\u00e7er, &#8220;Ayd\u0131nc\u0131k, Anamur, Erdemli, Tarsus, oy vermi\u015f-vermemi\u015f, partili- partisiz asla akl\u0131m\u0131za gelmez. Bizim i\u00e7in birli\u011fimiz, beraberli\u011fimiz, memleketimizin huzuru ve refah\u0131 her \u015feyden \u00f6nemli. Ba\u015fkan\u0131n\u0131z adalet terazisini dikkatli kulland\u0131, herkese e\u015fit ve adaletli davrand\u0131&#8221; s\u00f6zlerine yer verdi. &#8220;S\u0130ZE DESTEK VER\u0130YORUZ \u00c7\u00dcNK\u00dc EMEK VER\u0130YORSUNUZ&#8221; \u00c7ift\u00e7ili\u011fin emek ve al\u0131n teri isteyen bir alan oldu\u011funu kaydeden Se\u00e7er, &hellip;<\/p>","protected":false},"author":5,"featured_media":0,"comment_status":"","ping_status":"open","sticky":false,"template":"","format":"standard","meta":{"_acf_changed":false,"footnotes":""},"categories":[24],"tags":[],"class_list":["post-107499","post","type-post","status-publish","format-standard","has-post-thumbnail","hentry","category-gundem"],"acf":[],"yoast_head":"<!-- This site is optimized with the Yoast SEO Premium plugin v26.6 (Yoast SEO v27.1.1) - https:\/\/yoast.com\/product\/yoast-seo-premium-wordpress\/ -->\n<title>Mersin&#039;de ar\u0131c\u0131lara &quot;bal gibi&quot; destek: 346 yeti\u015ftiriciye kovan ve ekipman verildi - Av. Deniz Can K\u0131z\u0131l<\/title>\n<meta name=\"robots\" content=\"index, follow, max-snippet:-1, max-image-preview:large, max-video-preview:-1\" \/>\n<link rel=\"canonical\" href=\"https:\/\/denizcankizil.tr\/de\/haberler\/gundem\/mersinde-aricilara-bal-gibi-destek-346-yetistiriciye-kovan-ve-ekipman-verildi\/\" \/>\n<meta property=\"og:locale\" content=\"de_DE\" \/>\n<meta property=\"og:type\" content=\"article\" \/>\n<meta property=\"og:title\" content=\"Mersin&#039;de ar\u0131c\u0131lara &quot;bal gibi&quot; destek: 346 yeti\u015ftiriciye kovan ve ekipman verildi\" \/>\n<meta property=\"og:description\" content=\"Mersin B\u00fcy\u00fck\u015fehir Belediyesi, kent genelinde her b\u00f6lgenin ihtiyac\u0131n\u0131 g\u00f6zeterek bilin\u00e7li bir tar\u0131msal destek politikas\u0131 g\u00f6zetiyor. Bu kapsamda B\u00fcy\u00fck\u015fehir Belediye Ba\u015fkan\u0131 Vahap Se\u00e7er, Tar\u0131msal Hizmetler Dairesi Ba\u015fkanl\u0131\u011f\u0131 taraf\u0131ndan d\u00fczenlenen \u2018Alt\u0131n Kovan Projesi Da\u011f\u0131t\u0131m T\u00f6reni\u2019ne kat\u0131ld\u0131. T\u00f6rende Mersin Ar\u0131 Yeti\u015ftiricileri Birli\u011fi\u2019ne kay\u0131tl\u0131 Erdemli, Mezitli ve Yeni\u015fehir il\u00e7elerinden toplam 346 ar\u0131 yeti\u015ftiricisine destekler sa\u011fland\u0131. \u2018Ar\u0131 gibi \u00e7al\u0131\u015fanlara, bal gibi destek B\u00fcy\u00fck\u015fehir Belediyesinden&#8217; slogan\u0131yla ger\u00e7ekle\u015ftirilen da\u011f\u0131t\u0131m t\u00f6reninde, &#8216;Alt\u0131n Kovan Program\u0131&#8217; kapsam\u0131nda 40, &#8216;Ar\u0131c\u0131lara Malzeme Deste\u011fi&#8217; kapsam\u0131nda da 306 olmak \u00fczere toplam 346 ar\u0131 yeti\u015ftiricisine \u00e7e\u015fitli destekler sa\u011fland\u0131. &#8220;H\u0130ZMETLER\u0130N BEDEL\u0130N\u0130 VERG\u0130LER\u0130NDEN ALIYORUZ&#8221; Erdemli il\u00e7esi Karah\u0131d\u0131rl\u0131 Bal Orman\u0131nda d\u00fczenlenen t\u00f6rende konu\u015fan Ba\u015fkan Se\u00e7er, &#8220;Hizmetlerin bedelini sizin vergilerinizden al\u0131yoruz. Sizin emekleriniz ve verdi\u011finiz vergi de\u011ferli. Bizim omuzlar\u0131m\u0131zda bu sorumluluk var. E\u011fer biraz Hakk\u2019a inanc\u0131n\u0131z ve insan sevginiz varsa \u00e7ok dikkat etmeniz laz\u0131m. Biz 6 y\u0131ld\u0131r bu dikkatle \u00e7al\u0131\u015f\u0131yoruz&#8221; dedi. Kentin her yan\u0131na ayr\u0131m yapmaks\u0131z\u0131n hizmet g\u00f6t\u00fcrd\u00fcklerini ve vatanda\u015flar\u0131n da ayr\u0131ms\u0131z hizmetin fark\u0131nda oldu\u011funu s\u00f6yleyen Se\u00e7er, &#8220;Ayd\u0131nc\u0131k, Anamur, Erdemli, Tarsus, oy vermi\u015f-vermemi\u015f, partili- partisiz asla akl\u0131m\u0131za gelmez. Bizim i\u00e7in birli\u011fimiz, beraberli\u011fimiz, memleketimizin huzuru ve refah\u0131 her \u015feyden \u00f6nemli. Ba\u015fkan\u0131n\u0131z adalet terazisini dikkatli kulland\u0131, herkese e\u015fit ve adaletli davrand\u0131&#8221; s\u00f6zlerine yer verdi. &#8220;S\u0130ZE DESTEK VER\u0130YORUZ \u00c7\u00dcNK\u00dc EMEK VER\u0130YORSUNUZ&#8221; \u00c7ift\u00e7ili\u011fin emek ve al\u0131n teri isteyen bir alan oldu\u011funu kaydeden Se\u00e7er, &hellip;\" \/>\n<meta property=\"og:url\" content=\"https:\/\/denizcankizil.tr\/de\/haberler\/gundem\/mersinde-aricilara-bal-gibi-destek-346-yetistiriciye-kovan-ve-ekipman-verildi\/\" \/>\n<meta property=\"og:site_name\" content=\"Av. Deniz Can K\u0131z\u0131l\" \/>\n<meta property=\"article:published_time\" content=\"2025-06-05T14:41:39+00:00\" \/>\n<meta name=\"author\" content=\"Antalya K\u00f6rfez\" \/>\n<meta name=\"twitter:card\" content=\"summary_large_image\" \/>\n<meta name=\"twitter:label1\" content=\"Verfasst von\" \/>\n\t<meta name=\"twitter:data1\" content=\"Antalya K\u00f6rfez\" \/>\n\t<meta name=\"twitter:label2\" content=\"Gesch\u00e4tzte Lesezeit\" \/>\n\t<meta name=\"twitter:data2\" content=\"5\u00a0Minuten\" \/>\n<script type=\"application\/ld+json\" class=\"yoast-schema-graph\">{\"@context\":\"https:\/\/schema.org\",\"@graph\":[{\"@type\":\"Article\",\"@id\":\"https:\/\/denizcankizil.tr\/en\/haberler\/gundem\/mersinde-aricilara-bal-gibi-destek-346-yetistiriciye-kovan-ve-ekipman-verildi\/#article\",\"isPartOf\":{\"@id\":\"https:\/\/denizcankizil.tr\/en\/haberler\/gundem\/mersinde-aricilara-bal-gibi-destek-346-yetistiriciye-kovan-ve-ekipman-verildi\/\"},\"author\":{\"name\":\"Antalya K\u00f6rfez\",\"@id\":\"https:\/\/denizcankizil.tr\/de\/#\/schema\/person\/e1eb71bb4dd684d46563f0af307e1234\"},\"headline\":\"Mersin&#8217;de ar\u0131c\u0131lara &#8220;bal gibi&#8221; destek: 346 yeti\u015ftiriciye kovan ve ekipman verildi\",\"datePublished\":\"2025-06-05T14:41:39+00:00\",\"mainEntityOfPage\":{\"@id\":\"https:\/\/denizcankizil.tr\/en\/haberler\/gundem\/mersinde-aricilara-bal-gibi-destek-346-yetistiriciye-kovan-ve-ekipman-verildi\/\"},\"wordCount\":1033,\"publisher\":{\"@id\":\"https:\/\/denizcankizil.tr\/de\/#organization\"},\"articleSection\":[\"G\u00fcndem\"],\"inLanguage\":\"de\"},{\"@type\":\"WebPage\",\"@id\":\"https:\/\/denizcankizil.tr\/en\/haberler\/gundem\/mersinde-aricilara-bal-gibi-destek-346-yetistiriciye-kovan-ve-ekipman-verildi\/\",\"url\":\"https:\/\/denizcankizil.tr\/en\/haberler\/gundem\/mersinde-aricilara-bal-gibi-destek-346-yetistiriciye-kovan-ve-ekipman-verildi\/\",\"name\":\"Mersin'de ar\u0131c\u0131lara \\\"bal gibi\\\" destek: 346 yeti\u015ftiriciye kovan ve ekipman verildi - Av. Deniz Can K\u0131z\u0131l\",\"isPartOf\":{\"@id\":\"https:\/\/denizcankizil.tr\/de\/#website\"},\"datePublished\":\"2025-06-05T14:41:39+00:00\",\"breadcrumb\":{\"@id\":\"https:\/\/denizcankizil.tr\/en\/haberler\/gundem\/mersinde-aricilara-bal-gibi-destek-346-yetistiriciye-kovan-ve-ekipman-verildi\/#breadcrumb\"},\"inLanguage\":\"de\",\"potentialAction\":[{\"@type\":\"ReadAction\",\"target\":[\"https:\/\/denizcankizil.tr\/en\/haberler\/gundem\/mersinde-aricilara-bal-gibi-destek-346-yetistiriciye-kovan-ve-ekipman-verildi\/\"]}]},{\"@type\":\"BreadcrumbList\",\"@id\":\"https:\/\/denizcankizil.tr\/en\/haberler\/gundem\/mersinde-aricilara-bal-gibi-destek-346-yetistiriciye-kovan-ve-ekipman-verildi\/#breadcrumb\",\"itemListElement\":[{\"@type\":\"ListItem\",\"position\":1,\"name\":\"Home\",\"item\":\"https:\/\/denizcankizil.tr\/de\/\"},{\"@type\":\"ListItem\",\"position\":2,\"name\":\"Mersin&#8217;de ar\u0131c\u0131lara &#8220;bal gibi&#8221; destek: 346 yeti\u015ftiriciye kovan ve ekipman verildi\"}]},{\"@type\":\"WebSite\",\"@id\":\"https:\/\/denizcankizil.tr\/de\/#website\",\"url\":\"https:\/\/denizcankizil.tr\/de\/\",\"name\":\"Av. Deniz Can K\u0131z\u0131l\",\"description\":\"Avukat Deniz Can K\u0131z\u0131l Antalya Barosu\",\"publisher\":{\"@id\":\"https:\/\/denizcankizil.tr\/de\/#organization\"},\"potentialAction\":[{\"@type\":\"SearchAction\",\"target\":{\"@type\":\"EntryPoint\",\"urlTemplate\":\"https:\/\/denizcankizil.tr\/de\/?s={search_term_string}\"},\"query-input\":{\"@type\":\"PropertyValueSpecification\",\"valueRequired\":true,\"valueName\":\"search_term_string\"}}],\"inLanguage\":\"de\"},{\"@type\":\"Organization\",\"@id\":\"https:\/\/denizcankizil.tr\/de\/#organization\",\"name\":\"Av. Deniz Can K\u0131z\u0131l\",\"url\":\"https:\/\/denizcankizil.tr\/de\/\",\"logo\":{\"@type\":\"ImageObject\",\"inLanguage\":\"de\",\"@id\":\"https:\/\/denizcankizil.tr\/de\/#\/schema\/logo\/image\/\",\"url\":\"https:\/\/denizcankizil.tr\/wp-content\/uploads\/2024\/10\/siyah-logo-svg.svg\",\"contentUrl\":\"https:\/\/denizcankizil.tr\/wp-content\/uploads\/2024\/10\/siyah-logo-svg.svg\",\"width\":1080,\"height\":1080,\"caption\":\"Av. Deniz Can K\u0131z\u0131l\"},\"image\":{\"@id\":\"https:\/\/denizcankizil.tr\/de\/#\/schema\/logo\/image\/\"}},{\"@type\":\"Person\",\"@id\":\"https:\/\/denizcankizil.tr\/de\/#\/schema\/person\/e1eb71bb4dd684d46563f0af307e1234\",\"name\":\"Antalya K\u00f6rfez\",\"image\":{\"@type\":\"ImageObject\",\"inLanguage\":\"de\",\"@id\":\"https:\/\/denizcankizil.tr\/de\/#\/schema\/person\/image\/\",\"url\":\"https:\/\/secure.gravatar.com\/avatar\/42b01982558a48a0b501fdcab6a408d3717ea5919095ee2e67b0e521799c5905?s=96&d=mm&r=g\",\"contentUrl\":\"https:\/\/secure.gravatar.com\/avatar\/42b01982558a48a0b501fdcab6a408d3717ea5919095ee2e67b0e521799c5905?s=96&d=mm&r=g\",\"caption\":\"Antalya K\u00f6rfez\"},\"sameAs\":[\"http:\/\/www.antalyakorfez.com\"],\"url\":\"https:\/\/www.antalyakorfez.com\/mersinde-aricilara-bal-gibi-destek-346-yetistiriciye-kovan-ve-ekipman-verildi\"}]}<\/script>\n<!-- \/ Yoast SEO Premium plugin. -->","yoast_head_json":{"title":"Mersin'de ar\u0131c\u0131lara \"bal gibi\" destek: 346 yeti\u015ftiriciye kovan ve ekipman verildi - Av. Deniz Can K\u0131z\u0131l","robots":{"index":"index","follow":"follow","max-snippet":"max-snippet:-1","max-image-preview":"max-image-preview:large","max-video-preview":"max-video-preview:-1"},"canonical":"https:\/\/denizcankizil.tr\/de\/haberler\/gundem\/mersinde-aricilara-bal-gibi-destek-346-yetistiriciye-kovan-ve-ekipman-verildi\/","og_locale":"de_DE","og_type":"article","og_title":"Mersin'de ar\u0131c\u0131lara \"bal gibi\" destek: 346 yeti\u015ftiriciye kovan ve ekipman verildi","og_description":"Mersin B\u00fcy\u00fck\u015fehir Belediyesi, kent genelinde her b\u00f6lgenin ihtiyac\u0131n\u0131 g\u00f6zeterek bilin\u00e7li bir tar\u0131msal destek politikas\u0131 g\u00f6zetiyor. Bu kapsamda B\u00fcy\u00fck\u015fehir Belediye Ba\u015fkan\u0131 Vahap Se\u00e7er, Tar\u0131msal Hizmetler Dairesi Ba\u015fkanl\u0131\u011f\u0131 taraf\u0131ndan d\u00fczenlenen \u2018Alt\u0131n Kovan Projesi Da\u011f\u0131t\u0131m T\u00f6reni\u2019ne kat\u0131ld\u0131. T\u00f6rende Mersin Ar\u0131 Yeti\u015ftiricileri Birli\u011fi\u2019ne kay\u0131tl\u0131 Erdemli, Mezitli ve Yeni\u015fehir il\u00e7elerinden toplam 346 ar\u0131 yeti\u015ftiricisine destekler sa\u011fland\u0131. \u2018Ar\u0131 gibi \u00e7al\u0131\u015fanlara, bal gibi destek B\u00fcy\u00fck\u015fehir Belediyesinden&#8217; slogan\u0131yla ger\u00e7ekle\u015ftirilen da\u011f\u0131t\u0131m t\u00f6reninde, &#8216;Alt\u0131n Kovan Program\u0131&#8217; kapsam\u0131nda 40, &#8216;Ar\u0131c\u0131lara Malzeme Deste\u011fi&#8217; kapsam\u0131nda da 306 olmak \u00fczere toplam 346 ar\u0131 yeti\u015ftiricisine \u00e7e\u015fitli destekler sa\u011fland\u0131. &#8220;H\u0130ZMETLER\u0130N BEDEL\u0130N\u0130 VERG\u0130LER\u0130NDEN ALIYORUZ&#8221; Erdemli il\u00e7esi Karah\u0131d\u0131rl\u0131 Bal Orman\u0131nda d\u00fczenlenen t\u00f6rende konu\u015fan Ba\u015fkan Se\u00e7er, &#8220;Hizmetlerin bedelini sizin vergilerinizden al\u0131yoruz. Sizin emekleriniz ve verdi\u011finiz vergi de\u011ferli. Bizim omuzlar\u0131m\u0131zda bu sorumluluk var. E\u011fer biraz Hakk\u2019a inanc\u0131n\u0131z ve insan sevginiz varsa \u00e7ok dikkat etmeniz laz\u0131m. Biz 6 y\u0131ld\u0131r bu dikkatle \u00e7al\u0131\u015f\u0131yoruz&#8221; dedi. Kentin her yan\u0131na ayr\u0131m yapmaks\u0131z\u0131n hizmet g\u00f6t\u00fcrd\u00fcklerini ve vatanda\u015flar\u0131n da ayr\u0131ms\u0131z hizmetin fark\u0131nda oldu\u011funu s\u00f6yleyen Se\u00e7er, &#8220;Ayd\u0131nc\u0131k, Anamur, Erdemli, Tarsus, oy vermi\u015f-vermemi\u015f, partili- partisiz asla akl\u0131m\u0131za gelmez. Bizim i\u00e7in birli\u011fimiz, beraberli\u011fimiz, memleketimizin huzuru ve refah\u0131 her \u015feyden \u00f6nemli. Ba\u015fkan\u0131n\u0131z adalet terazisini dikkatli kulland\u0131, herkese e\u015fit ve adaletli davrand\u0131&#8221; s\u00f6zlerine yer verdi. &#8220;S\u0130ZE DESTEK VER\u0130YORUZ \u00c7\u00dcNK\u00dc EMEK VER\u0130YORSUNUZ&#8221; \u00c7ift\u00e7ili\u011fin emek ve al\u0131n teri isteyen bir alan oldu\u011funu kaydeden Se\u00e7er, &hellip;","og_url":"https:\/\/denizcankizil.tr\/de\/haberler\/gundem\/mersinde-aricilara-bal-gibi-destek-346-yetistiriciye-kovan-ve-ekipman-verildi\/","og_site_name":"Av. Deniz Can K\u0131z\u0131l","article_published_time":"2025-06-05T14:41:39+00:00","author":"Antalya K\u00f6rfez","twitter_card":"summary_large_image","twitter_misc":{"Verfasst von":"Antalya K\u00f6rfez","Gesch\u00e4tzte Lesezeit":"5\u00a0Minuten"},"schema":{"@context":"https:\/\/schema.org","@graph":[{"@type":"Article","@id":"https:\/\/denizcankizil.tr\/en\/haberler\/gundem\/mersinde-aricilara-bal-gibi-destek-346-yetistiriciye-kovan-ve-ekipman-verildi\/#article","isPartOf":{"@id":"https:\/\/denizcankizil.tr\/en\/haberler\/gundem\/mersinde-aricilara-bal-gibi-destek-346-yetistiriciye-kovan-ve-ekipman-verildi\/"},"author":{"name":"Antalya K\u00f6rfez","@id":"https:\/\/denizcankizil.tr\/de\/#\/schema\/person\/e1eb71bb4dd684d46563f0af307e1234"},"headline":"Mersin&#8217;de ar\u0131c\u0131lara &#8220;bal gibi&#8221; destek: 346 yeti\u015ftiriciye kovan ve ekipman verildi","datePublished":"2025-06-05T14:41:39+00:00","mainEntityOfPage":{"@id":"https:\/\/denizcankizil.tr\/en\/haberler\/gundem\/mersinde-aricilara-bal-gibi-destek-346-yetistiriciye-kovan-ve-ekipman-verildi\/"},"wordCount":1033,"publisher":{"@id":"https:\/\/denizcankizil.tr\/de\/#organization"},"articleSection":["G\u00fcndem"],"inLanguage":"de"},{"@type":"WebPage","@id":"https:\/\/denizcankizil.tr\/en\/haberler\/gundem\/mersinde-aricilara-bal-gibi-destek-346-yetistiriciye-kovan-ve-ekipman-verildi\/","url":"https:\/\/denizcankizil.tr\/en\/haberler\/gundem\/mersinde-aricilara-bal-gibi-destek-346-yetistiriciye-kovan-ve-ekipman-verildi\/","name":"Mersin'de ar\u0131c\u0131lara \"bal gibi\" destek: 346 yeti\u015ftiriciye kovan ve ekipman verildi - Av. Deniz Can K\u0131z\u0131l","isPartOf":{"@id":"https:\/\/denizcankizil.tr\/de\/#website"},"datePublished":"2025-06-05T14:41:39+00:00","breadcrumb":{"@id":"https:\/\/denizcankizil.tr\/en\/haberler\/gundem\/mersinde-aricilara-bal-gibi-destek-346-yetistiriciye-kovan-ve-ekipman-verildi\/#breadcrumb"},"inLanguage":"de","potentialAction":[{"@type":"ReadAction","target":["https:\/\/denizcankizil.tr\/en\/haberler\/gundem\/mersinde-aricilara-bal-gibi-destek-346-yetistiriciye-kovan-ve-ekipman-verildi\/"]}]},{"@type":"BreadcrumbList","@id":"https:\/\/denizcankizil.tr\/en\/haberler\/gundem\/mersinde-aricilara-bal-gibi-destek-346-yetistiriciye-kovan-ve-ekipman-verildi\/#breadcrumb","itemListElement":[{"@type":"ListItem","position":1,"name":"Home","item":"https:\/\/denizcankizil.tr\/de\/"},{"@type":"ListItem","position":2,"name":"Mersin&#8217;de ar\u0131c\u0131lara &#8220;bal gibi&#8221; destek: 346 yeti\u015ftiriciye kovan ve ekipman verildi"}]},{"@type":"WebSite","@id":"https:\/\/denizcankizil.tr\/de\/#website","url":"https:\/\/denizcankizil.tr\/de\/","name":"Av. Deniz Can K\u0131z\u0131l","description":"Avukat Deniz Can K\u0131z\u0131l Antalya Barosu","publisher":{"@id":"https:\/\/denizcankizil.tr\/de\/#organization"},"potentialAction":[{"@type":"SearchAction","target":{"@type":"EntryPoint","urlTemplate":"https:\/\/denizcankizil.tr\/de\/?s={search_term_string}"},"query-input":{"@type":"PropertyValueSpecification","valueRequired":true,"valueName":"search_term_string"}}],"inLanguage":"de"},{"@type":"Organization","@id":"https:\/\/denizcankizil.tr\/de\/#organization","name":"Av. Deniz Can K\u0131z\u0131l","url":"https:\/\/denizcankizil.tr\/de\/","logo":{"@type":"ImageObject","inLanguage":"de","@id":"https:\/\/denizcankizil.tr\/de\/#\/schema\/logo\/image\/","url":"https:\/\/denizcankizil.tr\/wp-content\/uploads\/2024\/10\/siyah-logo-svg.svg","contentUrl":"https:\/\/denizcankizil.tr\/wp-content\/uploads\/2024\/10\/siyah-logo-svg.svg","width":1080,"height":1080,"caption":"Av. Deniz Can K\u0131z\u0131l"},"image":{"@id":"https:\/\/denizcankizil.tr\/de\/#\/schema\/logo\/image\/"}},{"@type":"Person","@id":"https:\/\/denizcankizil.tr\/de\/#\/schema\/person\/e1eb71bb4dd684d46563f0af307e1234","name":"Antalya K\u00f6rfez","image":{"@type":"ImageObject","inLanguage":"de","@id":"https:\/\/denizcankizil.tr\/de\/#\/schema\/person\/image\/","url":"https:\/\/secure.gravatar.com\/avatar\/42b01982558a48a0b501fdcab6a408d3717ea5919095ee2e67b0e521799c5905?s=96&d=mm&r=g","contentUrl":"https:\/\/secure.gravatar.com\/avatar\/42b01982558a48a0b501fdcab6a408d3717ea5919095ee2e67b0e521799c5905?s=96&d=mm&r=g","caption":"Antalya K\u00f6rfez"},"sameAs":["http:\/\/www.antalyakorfez.com"],"url":"https:\/\/www.antalyakorfez.com\/mersinde-aricilara-bal-gibi-destek-346-yetistiriciye-kovan-ve-ekipman-verildi"}]}},"_links":{"self":[{"href":"https:\/\/denizcankizil.tr\/de\/wp-json\/wp\/v2\/posts\/107499","targetHints":{"allow":["GET"]}}],"collection":[{"href":"https:\/\/denizcankizil.tr\/de\/wp-json\/wp\/v2\/posts"}],"about":[{"href":"https:\/\/denizcankizil.tr\/de\/wp-json\/wp\/v2\/types\/post"}],"author":[{"embeddable":true,"href":"https:\/\/denizcankizil.tr\/de\/wp-json\/wp\/v2\/users\/5"}],"replies":[{"embeddable":true,"href":"https:\/\/denizcankizil.tr\/de\/wp-json\/wp\/v2\/comments?post=107499"}],"version-history":[{"count":0,"href":"https:\/\/denizcankizil.tr\/de\/wp-json\/wp\/v2\/posts\/107499\/revisions"}],"wp:attachment":[{"href":"https:\/\/denizcankizil.tr\/de\/wp-json\/wp\/v2\/media?parent=107499"}],"wp:term":[{"taxonomy":"category","embeddable":true,"href":"https:\/\/denizcankizil.tr\/de\/wp-json\/wp\/v2\/categories?post=107499"},{"taxonomy":"post_tag","embeddable":true,"href":"https:\/\/denizcankizil.tr\/de\/wp-json\/wp\/v2\/tags?post=107499"}],"curies":[{"name":"wp","href":"https:\/\/api.w.org\/{rel}","templated":true}]}}