{"id":107457,"date":"2025-06-05T16:41:50","date_gmt":"2025-06-05T13:41:50","guid":{"rendered":"https:\/\/denizcankizil.tr\/uncategorized-tr\/ispartada-400-yillik-kurban-indirime-gelenegi-yasatiliyor\/"},"modified":"2025-06-05T16:41:50","modified_gmt":"2025-06-05T13:41:50","slug":"ispartada-400-yillik-kurban-indirime-gelenegi-yasatiliyor","status":"publish","type":"post","link":"https:\/\/denizcankizil.tr\/de\/haberler\/gundem\/ispartada-400-yillik-kurban-indirime-gelenegi-yasatiliyor\/","title":{"rendered":"Isparta&#8217;da 400 y\u0131ll\u0131k &#8216;Kurban \u0130ndirime&#8217; gelene\u011fi ya\u015fat\u0131l\u0131yor"},"content":{"rendered":"<p>Isparta&#8217;da 4 as\u0131rd\u0131r s\u00fcre gelen ancak son y\u0131llarda uygulanmayan Kurban \u0130ndirme gelene\u011fi Belediye Ba\u015fkan\u0131 \u015e\u00fckr\u00fc Ba\u015fde\u011firmen&#8217;in \u00f6nceki d\u00f6nemde g\u00f6reve gelmesiyle birlikte Isparta Belediyesi ve Ke\u00e7eci ile Do\u011fanc\u0131 mahalle muhtarl\u0131klar\u0131 taraf\u0131ndan tekrar ya\u015fat\u0131lmaya ba\u015fland\u0131. Gelene\u011fe g\u00f6re kurbanl\u0131klar\u0131n\u0131 alan ve \u00e7obanlara belli bir \u00fccret kar\u015f\u0131l\u0131\u011f\u0131 teslim edilerek yakla\u015f\u0131k bir ay da\u011flarda bak\u0131lan k\u00fc\u00e7\u00fckba\u015f hayvanlar, Kurban Bayram\u0131&#8217;ndan hemen \u00f6nce sahipleri taraf\u0131ndan teslim al\u0131n\u0131yordu. Bu gelenek Isparta&#8217;da bu y\u0131l da geni\u015f kat\u0131l\u0131mla ger\u00e7ekle\u015ftirildi.<\/p>\n<p>MES\u0130REL\u0130K ALANDA \u00c7OCUKLAR DOYASIYA E\u011eLEND\u0130 <\/p>\n<p>Kurban indirme gelene\u011fi bu y\u0131l da G\u00f6k\u00e7ay Mesireli\u011fi alan\u0131ndan ba\u015flat\u0131ld\u0131. Mesirelik alana \u00e7ocuklar i\u00e7in balon park ve Y\u00f6r\u00fck \u00e7ad\u0131r\u0131 kuruldu. Mehteran g\u00f6sterisiyle ba\u015flayan programda Ertu\u011frul Kiraz misafirler i\u00e7in \u015fark\u0131lar s\u00f6yledi, halk oyunlar\u0131 g\u00f6sterileri sunuldu, \u00e7e\u015fitli ikramlarda bulunuldu.<\/p>\n<p>&#8220;GELENEKLER\u0130M\u0130Z\u0130 YER\u0130NE GET\u0130R\u0130YORUZ&#8221;<\/p>\n<p>400 y\u0131ll\u0131k bir gelenek olan kurban indirme t\u00f6reninin ya\u015fat\u0131lmas\u0131ndan memnun oldu\u011funu kaydeden Ba\u015fkan Ba\u015fde\u011firmen, &#8220;Ge\u00e7mi\u015fte neler olmu\u015f, atalar\u0131m\u0131z neler yapm\u0131\u015f bunlar\u0131 bilmek zorunday\u0131z. Biz de \u00fczerimize d\u00fc\u015fenleri bu konuda yap\u0131yoruz. Ben yukar\u0131 mahallerde b\u00fcy\u00fcd\u00fcm. Annem Dere Mahallesi&#8217;nde Pa\u015falar\u0131n s\u00fclalesinin k\u0131z\u0131d\u0131r. Babam Dere Mahallesi&#8217;nden de\u011firmencilerin \u00e7ocu\u011fudur. \u0130lk de\u011firmeni kuran ailenin \u00e7ocu\u011fudur. Ke\u00e7eci Mahallesi&#8217;nde oturanlar bilir rahmetli Kire\u00e7ci Ali vard\u0131r. Ben Kire\u00e7ci Ali&#8217;nin torunuyum, k\u0131z\u0131n\u0131n o\u011fluyum. \u00c7ocuklu\u011fumuz buralarda ge\u00e7ti. Bu mahallelerde gelenek ve g\u00f6reneklerimizi yerine getirmekten daha g\u00fczel bir \u015fey yok. Bu etkinlikte bize destek veren herkese te\u015fekk\u00fcr ediyoruz. \u0130n\u015fallah bu g\u00fczellikler \u00e7ocuklar\u0131m\u0131za \u00f6rnek olur. \u00c7ocuklar\u0131m\u0131za bu g\u00fczellikleri ya\u015fatmak boynumuzun borcudur. T\u00f6rene kat\u0131lan t\u00fcm dostlar\u0131m\u0131za te\u015fekk\u00fcr ediyor, Kurban Bayram\u0131&#8217;n\u0131z\u0131 tebrik ediyorum&#8221; dedi.<\/p>\n<p>BA\u015eKAN DE\u011e\u0130RMENC\u0130 K\u00dc\u00c7\u00dcKBA\u015e ALDI <\/p>\n<p>Konu\u015fmalar\u0131n ard\u0131ndan muhtarlar taraf\u0131ndan Vali Abdullah Erin ve Belediye Ba\u015fkan\u0131 \u015e\u00fckr\u00fc Ba\u015fde\u011firmen&#8217;e te\u015fekk\u00fcr plaketi takdim edildi. Daha sonra Do\u011fanc\u0131 ve Ke\u00e7eci Mahalle Muhtarl\u0131klar\u0131yla birlikte G\u00f6k\u00e7ay&#8217;dan ba\u015flat\u0131lan etkinlik kurbanl\u0131klar\u0131n Ke\u00e7eci Mahallesine indirilmesi, dualar\u0131n yap\u0131lmas\u0131yla son buldu. Burada Belediye Ba\u015fkan\u0131 \u015e\u00fckr\u00fc Ba\u015fde\u011firmen, pazarl\u0131kla k\u00fc\u00e7\u00fckba\u015f kurbanl\u0131k sat\u0131n ald\u0131.<\/p>\n<p>GELENEKSEL KURBAN \u0130ND\u0130RME T\u00d6REN\u0130NE YO\u011eUN KATILIM<\/p>\n<p>Geleneksel Kurban \u0130ndirme T\u00f6renine Isparta Valisi Abdullah Erin, Belediye Ba\u015fkan\u0131 \u015e\u00fckr\u00fc Ba\u015fde\u011firmen ve e\u015fi \u015eadiye Ba\u015fde\u011firmen, Cumhuriyet Ba\u015fsavc\u0131s\u0131 Ayd\u0131n Turan, \u0130l Genel Meclisi Ba\u015fkan\u0131 Mehmet Ali Ertu\u011frul, \u0130l Emniyet M\u00fcd\u00fcr\u00fc Erdem Bildirici, \u0130l Jandarma Komutan\u0131 Albay Yunus Emre Karamano\u011flu, \u0130\u00e7i\u015fleri Bakanl\u0131\u011f\u0131 \u0130ller Dairesi Genel M\u00fcd\u00fcrl\u00fc\u011f\u00fc Muhtarlar Daire Ba\u015fkan\u0131 Suna \u00dcst\u00fcner, AK Parti \u0130l Ba\u015fkan\u0131 Furkan Cem Er, MHP \u0130l Ba\u015fkan\u0131 Ahmet \u00d6nder Top\u00e7u, CHP \u0130l Ba\u015fkan\u0131 Hasan Karaca, T\u00fcrkiye Muhtarlar Konfederasyonu Genel Ba\u015fkan\u0131 Kadir Delibalta, Akdeniz Muhtarlar Federasyonu Ba\u015fkan\u0131 Mahmut G\u00fclc\u00fc ve konfederasyon y\u00f6netimi, siyasi parti temsilcileri, kamu kurum ve kurulu\u015fu temsilcileri, sivil toplum kurulu\u015flar\u0131 temsilcileri, belediye meclis \u00fcyeleri, muhtarlar ve vatanda\u015flar kat\u0131ld\u0131.<\/p>\n<p>\u200bKurban Bayram\u0131 \u00f6ncesi da\u011flarda \u00e7obanlara emanet edilen k\u00fc\u00e7\u00fckba\u015f hayvanlar\u0131n mahalleye indirildi\u011fi 400 y\u0131ll\u0131k gelenek, Isparta&#8217;da t\u00f6renle s\u00fcrd\u00fcr\u00fcld\u00fc. Isparta Belediye Ba\u015fkan\u0131 \u015e\u00fckr\u00fc Ba\u015fde\u011firmen, &#8220;Ge\u00e7mi\u015fimizi bilmezsek gelece\u011fi ad\u0131m atamay\u0131z&#8221; dedi.\u00a0<\/p>\n<p>\u200bHaberin Al\u0131nt\u0131land\u0131\u011f\u0131 Kaynak: www.antalyakorfez.com<\/p>","protected":false},"excerpt":{"rendered":"<p>Isparta&#8217;da 4 as\u0131rd\u0131r s\u00fcre gelen ancak son y\u0131llarda uygulanmayan Kurban \u0130ndirme gelene\u011fi Belediye Ba\u015fkan\u0131 \u015e\u00fckr\u00fc Ba\u015fde\u011firmen&#8217;in \u00f6nceki d\u00f6nemde g\u00f6reve gelmesiyle birlikte Isparta Belediyesi ve Ke\u00e7eci ile Do\u011fanc\u0131 mahalle muhtarl\u0131klar\u0131 taraf\u0131ndan tekrar ya\u015fat\u0131lmaya ba\u015fland\u0131. Gelene\u011fe g\u00f6re kurbanl\u0131klar\u0131n\u0131 alan ve \u00e7obanlara belli bir \u00fccret kar\u015f\u0131l\u0131\u011f\u0131 teslim edilerek yakla\u015f\u0131k bir ay da\u011flarda bak\u0131lan k\u00fc\u00e7\u00fckba\u015f hayvanlar, Kurban Bayram\u0131&#8217;ndan hemen \u00f6nce sahipleri taraf\u0131ndan teslim al\u0131n\u0131yordu. Bu gelenek Isparta&#8217;da bu y\u0131l da geni\u015f kat\u0131l\u0131mla ger\u00e7ekle\u015ftirildi. MES\u0130REL\u0130K ALANDA \u00c7OCUKLAR DOYASIYA E\u011eLEND\u0130 Kurban indirme gelene\u011fi bu y\u0131l da G\u00f6k\u00e7ay Mesireli\u011fi alan\u0131ndan ba\u015flat\u0131ld\u0131. Mesirelik alana \u00e7ocuklar i\u00e7in balon park ve Y\u00f6r\u00fck \u00e7ad\u0131r\u0131 kuruldu. Mehteran g\u00f6sterisiyle ba\u015flayan programda Ertu\u011frul Kiraz misafirler i\u00e7in \u015fark\u0131lar s\u00f6yledi, halk oyunlar\u0131 g\u00f6sterileri sunuldu, \u00e7e\u015fitli ikramlarda bulunuldu. &#8220;GELENEKLER\u0130M\u0130Z\u0130 YER\u0130NE GET\u0130R\u0130YORUZ&#8221; 400 y\u0131ll\u0131k bir gelenek olan kurban indirme t\u00f6reninin ya\u015fat\u0131lmas\u0131ndan memnun oldu\u011funu kaydeden Ba\u015fkan Ba\u015fde\u011firmen, &#8220;Ge\u00e7mi\u015fte neler olmu\u015f, atalar\u0131m\u0131z neler yapm\u0131\u015f bunlar\u0131 bilmek zorunday\u0131z. Biz de \u00fczerimize d\u00fc\u015fenleri bu konuda yap\u0131yoruz. Ben yukar\u0131 mahallerde b\u00fcy\u00fcd\u00fcm. Annem Dere Mahallesi&#8217;nde Pa\u015falar\u0131n s\u00fclalesinin k\u0131z\u0131d\u0131r. Babam Dere Mahallesi&#8217;nden de\u011firmencilerin \u00e7ocu\u011fudur. \u0130lk de\u011firmeni kuran ailenin \u00e7ocu\u011fudur. Ke\u00e7eci Mahallesi&#8217;nde oturanlar bilir rahmetli Kire\u00e7ci Ali vard\u0131r. Ben Kire\u00e7ci Ali&#8217;nin torunuyum, k\u0131z\u0131n\u0131n o\u011fluyum. \u00c7ocuklu\u011fumuz buralarda ge\u00e7ti. Bu mahallelerde gelenek ve g\u00f6reneklerimizi yerine getirmekten daha g\u00fczel bir \u015fey yok. Bu etkinlikte bize destek veren herkese te\u015fekk\u00fcr &hellip;<\/p>","protected":false},"author":5,"featured_media":0,"comment_status":"","ping_status":"open","sticky":false,"template":"","format":"standard","meta":{"_acf_changed":false,"footnotes":""},"categories":[24],"tags":[],"class_list":["post-107457","post","type-post","status-publish","format-standard","has-post-thumbnail","hentry","category-gundem"],"acf":[],"yoast_head":"<!-- This site is optimized with the Yoast SEO Premium plugin v26.6 (Yoast SEO v27.1.1) - https:\/\/yoast.com\/product\/yoast-seo-premium-wordpress\/ -->\n<title>Isparta&#039;da 400 y\u0131ll\u0131k &#039;Kurban \u0130ndirime&#039; gelene\u011fi ya\u015fat\u0131l\u0131yor - Av. Deniz Can K\u0131z\u0131l<\/title>\n<meta name=\"robots\" content=\"index, follow, max-snippet:-1, max-image-preview:large, max-video-preview:-1\" \/>\n<link rel=\"canonical\" href=\"https:\/\/denizcankizil.tr\/de\/haberler\/gundem\/ispartada-400-yillik-kurban-indirime-gelenegi-yasatiliyor\/\" \/>\n<meta property=\"og:locale\" content=\"de_DE\" \/>\n<meta property=\"og:type\" content=\"article\" \/>\n<meta property=\"og:title\" content=\"Isparta&#039;da 400 y\u0131ll\u0131k &#039;Kurban \u0130ndirime&#039; gelene\u011fi ya\u015fat\u0131l\u0131yor\" \/>\n<meta property=\"og:description\" content=\"Isparta&#8217;da 4 as\u0131rd\u0131r s\u00fcre gelen ancak son y\u0131llarda uygulanmayan Kurban \u0130ndirme gelene\u011fi Belediye Ba\u015fkan\u0131 \u015e\u00fckr\u00fc Ba\u015fde\u011firmen&#8217;in \u00f6nceki d\u00f6nemde g\u00f6reve gelmesiyle birlikte Isparta Belediyesi ve Ke\u00e7eci ile Do\u011fanc\u0131 mahalle muhtarl\u0131klar\u0131 taraf\u0131ndan tekrar ya\u015fat\u0131lmaya ba\u015fland\u0131. Gelene\u011fe g\u00f6re kurbanl\u0131klar\u0131n\u0131 alan ve \u00e7obanlara belli bir \u00fccret kar\u015f\u0131l\u0131\u011f\u0131 teslim edilerek yakla\u015f\u0131k bir ay da\u011flarda bak\u0131lan k\u00fc\u00e7\u00fckba\u015f hayvanlar, Kurban Bayram\u0131&#8217;ndan hemen \u00f6nce sahipleri taraf\u0131ndan teslim al\u0131n\u0131yordu. Bu gelenek Isparta&#8217;da bu y\u0131l da geni\u015f kat\u0131l\u0131mla ger\u00e7ekle\u015ftirildi. MES\u0130REL\u0130K ALANDA \u00c7OCUKLAR DOYASIYA E\u011eLEND\u0130 Kurban indirme gelene\u011fi bu y\u0131l da G\u00f6k\u00e7ay Mesireli\u011fi alan\u0131ndan ba\u015flat\u0131ld\u0131. Mesirelik alana \u00e7ocuklar i\u00e7in balon park ve Y\u00f6r\u00fck \u00e7ad\u0131r\u0131 kuruldu. Mehteran g\u00f6sterisiyle ba\u015flayan programda Ertu\u011frul Kiraz misafirler i\u00e7in \u015fark\u0131lar s\u00f6yledi, halk oyunlar\u0131 g\u00f6sterileri sunuldu, \u00e7e\u015fitli ikramlarda bulunuldu. &#8220;GELENEKLER\u0130M\u0130Z\u0130 YER\u0130NE GET\u0130R\u0130YORUZ&#8221; 400 y\u0131ll\u0131k bir gelenek olan kurban indirme t\u00f6reninin ya\u015fat\u0131lmas\u0131ndan memnun oldu\u011funu kaydeden Ba\u015fkan Ba\u015fde\u011firmen, &#8220;Ge\u00e7mi\u015fte neler olmu\u015f, atalar\u0131m\u0131z neler yapm\u0131\u015f bunlar\u0131 bilmek zorunday\u0131z. Biz de \u00fczerimize d\u00fc\u015fenleri bu konuda yap\u0131yoruz. Ben yukar\u0131 mahallerde b\u00fcy\u00fcd\u00fcm. Annem Dere Mahallesi&#8217;nde Pa\u015falar\u0131n s\u00fclalesinin k\u0131z\u0131d\u0131r. Babam Dere Mahallesi&#8217;nden de\u011firmencilerin \u00e7ocu\u011fudur. \u0130lk de\u011firmeni kuran ailenin \u00e7ocu\u011fudur. Ke\u00e7eci Mahallesi&#8217;nde oturanlar bilir rahmetli Kire\u00e7ci Ali vard\u0131r. Ben Kire\u00e7ci Ali&#8217;nin torunuyum, k\u0131z\u0131n\u0131n o\u011fluyum. \u00c7ocuklu\u011fumuz buralarda ge\u00e7ti. Bu mahallelerde gelenek ve g\u00f6reneklerimizi yerine getirmekten daha g\u00fczel bir \u015fey yok. Bu etkinlikte bize destek veren herkese te\u015fekk\u00fcr &hellip;\" \/>\n<meta property=\"og:url\" content=\"https:\/\/denizcankizil.tr\/de\/haberler\/gundem\/ispartada-400-yillik-kurban-indirime-gelenegi-yasatiliyor\/\" \/>\n<meta property=\"og:site_name\" content=\"Av. Deniz Can K\u0131z\u0131l\" \/>\n<meta property=\"article:published_time\" content=\"2025-06-05T13:41:50+00:00\" \/>\n<meta name=\"author\" content=\"Antalya K\u00f6rfez\" \/>\n<meta name=\"twitter:card\" content=\"summary_large_image\" \/>\n<meta name=\"twitter:label1\" content=\"Verfasst von\" \/>\n\t<meta name=\"twitter:data1\" content=\"Antalya K\u00f6rfez\" \/>\n\t<meta name=\"twitter:label2\" content=\"Gesch\u00e4tzte Lesezeit\" \/>\n\t<meta name=\"twitter:data2\" content=\"3\u00a0Minuten\" \/>\n<script type=\"application\/ld+json\" class=\"yoast-schema-graph\">{\"@context\":\"https:\/\/schema.org\",\"@graph\":[{\"@type\":\"Article\",\"@id\":\"https:\/\/denizcankizil.tr\/en\/haberler\/gundem\/ispartada-400-yillik-kurban-indirime-gelenegi-yasatiliyor\/#article\",\"isPartOf\":{\"@id\":\"https:\/\/denizcankizil.tr\/en\/haberler\/gundem\/ispartada-400-yillik-kurban-indirime-gelenegi-yasatiliyor\/\"},\"author\":{\"name\":\"Antalya K\u00f6rfez\",\"@id\":\"https:\/\/denizcankizil.tr\/#\/schema\/person\/e1eb71bb4dd684d46563f0af307e1234\"},\"headline\":\"Isparta&#8217;da 400 y\u0131ll\u0131k &#8216;Kurban \u0130ndirime&#8217; gelene\u011fi ya\u015fat\u0131l\u0131yor\",\"datePublished\":\"2025-06-05T13:41:50+00:00\",\"mainEntityOfPage\":{\"@id\":\"https:\/\/denizcankizil.tr\/en\/haberler\/gundem\/ispartada-400-yillik-kurban-indirime-gelenegi-yasatiliyor\/\"},\"wordCount\":650,\"publisher\":{\"@id\":\"https:\/\/denizcankizil.tr\/#organization\"},\"articleSection\":[\"G\u00fcndem\"],\"inLanguage\":\"de\"},{\"@type\":\"WebPage\",\"@id\":\"https:\/\/denizcankizil.tr\/en\/haberler\/gundem\/ispartada-400-yillik-kurban-indirime-gelenegi-yasatiliyor\/\",\"url\":\"https:\/\/denizcankizil.tr\/en\/haberler\/gundem\/ispartada-400-yillik-kurban-indirime-gelenegi-yasatiliyor\/\",\"name\":\"Isparta'da 400 y\u0131ll\u0131k 'Kurban \u0130ndirime' gelene\u011fi ya\u015fat\u0131l\u0131yor - Av. Deniz Can K\u0131z\u0131l\",\"isPartOf\":{\"@id\":\"https:\/\/denizcankizil.tr\/#website\"},\"datePublished\":\"2025-06-05T13:41:50+00:00\",\"breadcrumb\":{\"@id\":\"https:\/\/denizcankizil.tr\/en\/haberler\/gundem\/ispartada-400-yillik-kurban-indirime-gelenegi-yasatiliyor\/#breadcrumb\"},\"inLanguage\":\"de\",\"potentialAction\":[{\"@type\":\"ReadAction\",\"target\":[\"https:\/\/denizcankizil.tr\/en\/haberler\/gundem\/ispartada-400-yillik-kurban-indirime-gelenegi-yasatiliyor\/\"]}]},{\"@type\":\"BreadcrumbList\",\"@id\":\"https:\/\/denizcankizil.tr\/en\/haberler\/gundem\/ispartada-400-yillik-kurban-indirime-gelenegi-yasatiliyor\/#breadcrumb\",\"itemListElement\":[{\"@type\":\"ListItem\",\"position\":1,\"name\":\"Home\",\"item\":\"https:\/\/denizcankizil.tr\/de\/\"},{\"@type\":\"ListItem\",\"position\":2,\"name\":\"Isparta&#8217;da 400 y\u0131ll\u0131k &#8216;Kurban \u0130ndirime&#8217; gelene\u011fi ya\u015fat\u0131l\u0131yor\"}]},{\"@type\":\"WebSite\",\"@id\":\"https:\/\/denizcankizil.tr\/#website\",\"url\":\"https:\/\/denizcankizil.tr\/\",\"name\":\"Av. Deniz Can K\u0131z\u0131l\",\"description\":\"Avukat Deniz Can K\u0131z\u0131l Antalya Barosu\",\"publisher\":{\"@id\":\"https:\/\/denizcankizil.tr\/#organization\"},\"potentialAction\":[{\"@type\":\"SearchAction\",\"target\":{\"@type\":\"EntryPoint\",\"urlTemplate\":\"https:\/\/denizcankizil.tr\/?s={search_term_string}\"},\"query-input\":{\"@type\":\"PropertyValueSpecification\",\"valueRequired\":true,\"valueName\":\"search_term_string\"}}],\"inLanguage\":\"de\"},{\"@type\":\"Organization\",\"@id\":\"https:\/\/denizcankizil.tr\/#organization\",\"name\":\"Av. Deniz Can K\u0131z\u0131l\",\"url\":\"https:\/\/denizcankizil.tr\/\",\"logo\":{\"@type\":\"ImageObject\",\"inLanguage\":\"de\",\"@id\":\"https:\/\/denizcankizil.tr\/#\/schema\/logo\/image\/\",\"url\":\"https:\/\/denizcankizil.tr\/wp-content\/uploads\/2024\/10\/siyah-logo-svg.svg\",\"contentUrl\":\"https:\/\/denizcankizil.tr\/wp-content\/uploads\/2024\/10\/siyah-logo-svg.svg\",\"width\":1080,\"height\":1080,\"caption\":\"Av. Deniz Can K\u0131z\u0131l\"},\"image\":{\"@id\":\"https:\/\/denizcankizil.tr\/#\/schema\/logo\/image\/\"}},{\"@type\":\"Person\",\"@id\":\"https:\/\/denizcankizil.tr\/#\/schema\/person\/e1eb71bb4dd684d46563f0af307e1234\",\"name\":\"Antalya K\u00f6rfez\",\"image\":{\"@type\":\"ImageObject\",\"inLanguage\":\"de\",\"@id\":\"https:\/\/denizcankizil.tr\/#\/schema\/person\/image\/\",\"url\":\"https:\/\/secure.gravatar.com\/avatar\/42b01982558a48a0b501fdcab6a408d3717ea5919095ee2e67b0e521799c5905?s=96&d=mm&r=g\",\"contentUrl\":\"https:\/\/secure.gravatar.com\/avatar\/42b01982558a48a0b501fdcab6a408d3717ea5919095ee2e67b0e521799c5905?s=96&d=mm&r=g\",\"caption\":\"Antalya K\u00f6rfez\"},\"sameAs\":[\"http:\/\/www.antalyakorfez.com\"],\"url\":\"https:\/\/www.antalyakorfez.com\/ispartada-400-yillik-kurban-indirime-gelenegi-yasatiliyor\"}]}<\/script>\n<!-- \/ Yoast SEO Premium plugin. -->","yoast_head_json":{"title":"Isparta'da 400 y\u0131ll\u0131k 'Kurban \u0130ndirime' gelene\u011fi ya\u015fat\u0131l\u0131yor - Av. Deniz Can K\u0131z\u0131l","robots":{"index":"index","follow":"follow","max-snippet":"max-snippet:-1","max-image-preview":"max-image-preview:large","max-video-preview":"max-video-preview:-1"},"canonical":"https:\/\/denizcankizil.tr\/de\/haberler\/gundem\/ispartada-400-yillik-kurban-indirime-gelenegi-yasatiliyor\/","og_locale":"de_DE","og_type":"article","og_title":"Isparta'da 400 y\u0131ll\u0131k 'Kurban \u0130ndirime' gelene\u011fi ya\u015fat\u0131l\u0131yor","og_description":"Isparta&#8217;da 4 as\u0131rd\u0131r s\u00fcre gelen ancak son y\u0131llarda uygulanmayan Kurban \u0130ndirme gelene\u011fi Belediye Ba\u015fkan\u0131 \u015e\u00fckr\u00fc Ba\u015fde\u011firmen&#8217;in \u00f6nceki d\u00f6nemde g\u00f6reve gelmesiyle birlikte Isparta Belediyesi ve Ke\u00e7eci ile Do\u011fanc\u0131 mahalle muhtarl\u0131klar\u0131 taraf\u0131ndan tekrar ya\u015fat\u0131lmaya ba\u015fland\u0131. Gelene\u011fe g\u00f6re kurbanl\u0131klar\u0131n\u0131 alan ve \u00e7obanlara belli bir \u00fccret kar\u015f\u0131l\u0131\u011f\u0131 teslim edilerek yakla\u015f\u0131k bir ay da\u011flarda bak\u0131lan k\u00fc\u00e7\u00fckba\u015f hayvanlar, Kurban Bayram\u0131&#8217;ndan hemen \u00f6nce sahipleri taraf\u0131ndan teslim al\u0131n\u0131yordu. Bu gelenek Isparta&#8217;da bu y\u0131l da geni\u015f kat\u0131l\u0131mla ger\u00e7ekle\u015ftirildi. MES\u0130REL\u0130K ALANDA \u00c7OCUKLAR DOYASIYA E\u011eLEND\u0130 Kurban indirme gelene\u011fi bu y\u0131l da G\u00f6k\u00e7ay Mesireli\u011fi alan\u0131ndan ba\u015flat\u0131ld\u0131. Mesirelik alana \u00e7ocuklar i\u00e7in balon park ve Y\u00f6r\u00fck \u00e7ad\u0131r\u0131 kuruldu. Mehteran g\u00f6sterisiyle ba\u015flayan programda Ertu\u011frul Kiraz misafirler i\u00e7in \u015fark\u0131lar s\u00f6yledi, halk oyunlar\u0131 g\u00f6sterileri sunuldu, \u00e7e\u015fitli ikramlarda bulunuldu. &#8220;GELENEKLER\u0130M\u0130Z\u0130 YER\u0130NE GET\u0130R\u0130YORUZ&#8221; 400 y\u0131ll\u0131k bir gelenek olan kurban indirme t\u00f6reninin ya\u015fat\u0131lmas\u0131ndan memnun oldu\u011funu kaydeden Ba\u015fkan Ba\u015fde\u011firmen, &#8220;Ge\u00e7mi\u015fte neler olmu\u015f, atalar\u0131m\u0131z neler yapm\u0131\u015f bunlar\u0131 bilmek zorunday\u0131z. Biz de \u00fczerimize d\u00fc\u015fenleri bu konuda yap\u0131yoruz. Ben yukar\u0131 mahallerde b\u00fcy\u00fcd\u00fcm. Annem Dere Mahallesi&#8217;nde Pa\u015falar\u0131n s\u00fclalesinin k\u0131z\u0131d\u0131r. Babam Dere Mahallesi&#8217;nden de\u011firmencilerin \u00e7ocu\u011fudur. \u0130lk de\u011firmeni kuran ailenin \u00e7ocu\u011fudur. Ke\u00e7eci Mahallesi&#8217;nde oturanlar bilir rahmetli Kire\u00e7ci Ali vard\u0131r. Ben Kire\u00e7ci Ali&#8217;nin torunuyum, k\u0131z\u0131n\u0131n o\u011fluyum. \u00c7ocuklu\u011fumuz buralarda ge\u00e7ti. Bu mahallelerde gelenek ve g\u00f6reneklerimizi yerine getirmekten daha g\u00fczel bir \u015fey yok. Bu etkinlikte bize destek veren herkese te\u015fekk\u00fcr &hellip;","og_url":"https:\/\/denizcankizil.tr\/de\/haberler\/gundem\/ispartada-400-yillik-kurban-indirime-gelenegi-yasatiliyor\/","og_site_name":"Av. Deniz Can K\u0131z\u0131l","article_published_time":"2025-06-05T13:41:50+00:00","author":"Antalya K\u00f6rfez","twitter_card":"summary_large_image","twitter_misc":{"Verfasst von":"Antalya K\u00f6rfez","Gesch\u00e4tzte Lesezeit":"3\u00a0Minuten"},"schema":{"@context":"https:\/\/schema.org","@graph":[{"@type":"Article","@id":"https:\/\/denizcankizil.tr\/en\/haberler\/gundem\/ispartada-400-yillik-kurban-indirime-gelenegi-yasatiliyor\/#article","isPartOf":{"@id":"https:\/\/denizcankizil.tr\/en\/haberler\/gundem\/ispartada-400-yillik-kurban-indirime-gelenegi-yasatiliyor\/"},"author":{"name":"Antalya K\u00f6rfez","@id":"https:\/\/denizcankizil.tr\/#\/schema\/person\/e1eb71bb4dd684d46563f0af307e1234"},"headline":"Isparta&#8217;da 400 y\u0131ll\u0131k &#8216;Kurban \u0130ndirime&#8217; gelene\u011fi ya\u015fat\u0131l\u0131yor","datePublished":"2025-06-05T13:41:50+00:00","mainEntityOfPage":{"@id":"https:\/\/denizcankizil.tr\/en\/haberler\/gundem\/ispartada-400-yillik-kurban-indirime-gelenegi-yasatiliyor\/"},"wordCount":650,"publisher":{"@id":"https:\/\/denizcankizil.tr\/#organization"},"articleSection":["G\u00fcndem"],"inLanguage":"de"},{"@type":"WebPage","@id":"https:\/\/denizcankizil.tr\/en\/haberler\/gundem\/ispartada-400-yillik-kurban-indirime-gelenegi-yasatiliyor\/","url":"https:\/\/denizcankizil.tr\/en\/haberler\/gundem\/ispartada-400-yillik-kurban-indirime-gelenegi-yasatiliyor\/","name":"Isparta'da 400 y\u0131ll\u0131k 'Kurban \u0130ndirime' gelene\u011fi ya\u015fat\u0131l\u0131yor - Av. Deniz Can K\u0131z\u0131l","isPartOf":{"@id":"https:\/\/denizcankizil.tr\/#website"},"datePublished":"2025-06-05T13:41:50+00:00","breadcrumb":{"@id":"https:\/\/denizcankizil.tr\/en\/haberler\/gundem\/ispartada-400-yillik-kurban-indirime-gelenegi-yasatiliyor\/#breadcrumb"},"inLanguage":"de","potentialAction":[{"@type":"ReadAction","target":["https:\/\/denizcankizil.tr\/en\/haberler\/gundem\/ispartada-400-yillik-kurban-indirime-gelenegi-yasatiliyor\/"]}]},{"@type":"BreadcrumbList","@id":"https:\/\/denizcankizil.tr\/en\/haberler\/gundem\/ispartada-400-yillik-kurban-indirime-gelenegi-yasatiliyor\/#breadcrumb","itemListElement":[{"@type":"ListItem","position":1,"name":"Home","item":"https:\/\/denizcankizil.tr\/de\/"},{"@type":"ListItem","position":2,"name":"Isparta&#8217;da 400 y\u0131ll\u0131k &#8216;Kurban \u0130ndirime&#8217; gelene\u011fi ya\u015fat\u0131l\u0131yor"}]},{"@type":"WebSite","@id":"https:\/\/denizcankizil.tr\/#website","url":"https:\/\/denizcankizil.tr\/","name":"Av. Deniz Can K\u0131z\u0131l","description":"Avukat Deniz Can K\u0131z\u0131l Antalya Barosu","publisher":{"@id":"https:\/\/denizcankizil.tr\/#organization"},"potentialAction":[{"@type":"SearchAction","target":{"@type":"EntryPoint","urlTemplate":"https:\/\/denizcankizil.tr\/?s={search_term_string}"},"query-input":{"@type":"PropertyValueSpecification","valueRequired":true,"valueName":"search_term_string"}}],"inLanguage":"de"},{"@type":"Organization","@id":"https:\/\/denizcankizil.tr\/#organization","name":"Av. Deniz Can K\u0131z\u0131l","url":"https:\/\/denizcankizil.tr\/","logo":{"@type":"ImageObject","inLanguage":"de","@id":"https:\/\/denizcankizil.tr\/#\/schema\/logo\/image\/","url":"https:\/\/denizcankizil.tr\/wp-content\/uploads\/2024\/10\/siyah-logo-svg.svg","contentUrl":"https:\/\/denizcankizil.tr\/wp-content\/uploads\/2024\/10\/siyah-logo-svg.svg","width":1080,"height":1080,"caption":"Av. Deniz Can K\u0131z\u0131l"},"image":{"@id":"https:\/\/denizcankizil.tr\/#\/schema\/logo\/image\/"}},{"@type":"Person","@id":"https:\/\/denizcankizil.tr\/#\/schema\/person\/e1eb71bb4dd684d46563f0af307e1234","name":"Antalya K\u00f6rfez","image":{"@type":"ImageObject","inLanguage":"de","@id":"https:\/\/denizcankizil.tr\/#\/schema\/person\/image\/","url":"https:\/\/secure.gravatar.com\/avatar\/42b01982558a48a0b501fdcab6a408d3717ea5919095ee2e67b0e521799c5905?s=96&d=mm&r=g","contentUrl":"https:\/\/secure.gravatar.com\/avatar\/42b01982558a48a0b501fdcab6a408d3717ea5919095ee2e67b0e521799c5905?s=96&d=mm&r=g","caption":"Antalya K\u00f6rfez"},"sameAs":["http:\/\/www.antalyakorfez.com"],"url":"https:\/\/www.antalyakorfez.com\/ispartada-400-yillik-kurban-indirime-gelenegi-yasatiliyor"}]}},"_links":{"self":[{"href":"https:\/\/denizcankizil.tr\/de\/wp-json\/wp\/v2\/posts\/107457","targetHints":{"allow":["GET"]}}],"collection":[{"href":"https:\/\/denizcankizil.tr\/de\/wp-json\/wp\/v2\/posts"}],"about":[{"href":"https:\/\/denizcankizil.tr\/de\/wp-json\/wp\/v2\/types\/post"}],"author":[{"embeddable":true,"href":"https:\/\/denizcankizil.tr\/de\/wp-json\/wp\/v2\/users\/5"}],"replies":[{"embeddable":true,"href":"https:\/\/denizcankizil.tr\/de\/wp-json\/wp\/v2\/comments?post=107457"}],"version-history":[{"count":0,"href":"https:\/\/denizcankizil.tr\/de\/wp-json\/wp\/v2\/posts\/107457\/revisions"}],"wp:attachment":[{"href":"https:\/\/denizcankizil.tr\/de\/wp-json\/wp\/v2\/media?parent=107457"}],"wp:term":[{"taxonomy":"category","embeddable":true,"href":"https:\/\/denizcankizil.tr\/de\/wp-json\/wp\/v2\/categories?post=107457"},{"taxonomy":"post_tag","embeddable":true,"href":"https:\/\/denizcankizil.tr\/de\/wp-json\/wp\/v2\/tags?post=107457"}],"curies":[{"name":"wp","href":"https:\/\/api.w.org\/{rel}","templated":true}]}}