{"id":107451,"date":"2025-06-05T16:41:26","date_gmt":"2025-06-05T13:41:26","guid":{"rendered":"https:\/\/denizcankizil.tr\/uncategorized-tr\/baskan-kotandan-bayram-mesaji\/"},"modified":"2025-06-05T16:41:26","modified_gmt":"2025-06-05T13:41:26","slug":"baskan-kotandan-bayram-mesaji","status":"publish","type":"post","link":"https:\/\/denizcankizil.tr\/de\/haberler\/antalya\/baskan-kotandan-bayram-mesaji\/","title":{"rendered":"Ba\u015fkan Kotan&#8217;dan bayram mesaj\u0131"},"content":{"rendered":"<p>Konyaalt\u0131 Belediye Ba\u015fkan\u0131 Cem Kotan, Kurban Bayram\u0131 dolay\u0131s\u0131yla bir mesaj yay\u0131mlad\u0131. Mesaj\u0131nda birlik, beraberlik ve dayan\u0131\u015fma duygular\u0131na vurgu yapan Ba\u015fkan Kotan, \u201cBayramlar bizi bir araya getiren, kalpleri bulu\u015fturan ve dayan\u0131\u015fmay\u0131 b\u00fcy\u00fcten ortak de\u011ferlerdir&#8221; ifadelerini kulland\u0131. Kotan, Konyaalt\u0131 Belediyesi olarak il\u00e7edeki bayram haz\u0131rl\u0131klar\u0131n\u0131 tamamlad\u0131klar\u0131n\u0131, ekiplerinin bayram boyunca teyakkuzda olaca\u011f\u0131n\u0131 ve vatanda\u015flar\u0131n her an belediye ile ileti\u015fime ge\u00e7ebilece\u011fini de aktard\u0131.<\/p>\n<p>&#8216;BAYRAMLARDA YARDIMLA\u015eMANIN G\u00dcZELL\u0130\u011e\u0130N\u0130 YA\u015eARIZ&#8217;<\/p>\n<p>Ba\u015fkan Kotan, s\u00f6zlerine \u015fu \u015fekilde devam etti:<\/p>\n<p>\u201cBayramlar, millet olarak en g\u00fc\u00e7l\u00fc y\u00f6n\u00fcm\u00fcz olan birlik ve beraberlik duygular\u0131n\u0131n yeniden ye\u015ferdi\u011fi, k\u0131rg\u0131nl\u0131klar\u0131n sona erdi\u011fi, payla\u015fman\u0131n ve yard\u0131mla\u015fman\u0131n \u00f6n plana \u00e7\u0131kt\u0131\u011f\u0131 \u00f6zel zamanlard\u0131r. Kurban Bayram\u0131 da bu anlamda hem manevi de\u011ferlerimizi hat\u0131rlad\u0131\u011f\u0131m\u0131z hem de ihtiya\u00e7 sahiplerini unutmadan yard\u0131mla\u015fman\u0131n g\u00fczelli\u011fini ya\u015fad\u0131\u011f\u0131m\u0131z bir bayramd\u0131r. Konyaalt\u0131 Belediyesi olarak bizler de bu bayramda t\u00fcm vatanda\u015flar\u0131m\u0131z\u0131n huzur i\u00e7inde bir bayram ge\u00e7irmesi i\u00e7in haz\u0131rl\u0131klar\u0131m\u0131z\u0131 tamamlad\u0131k. Bayram s\u00fcresince belediye hizmetlerimiz aral\u0131ks\u0131z devam edecek ve vatanda\u015flar\u0131m\u0131z\u0131n yan\u0131nda olmaya devam edece\u011fiz. Ba\u015fta Konyaalt\u0131l\u0131 ve Antalyal\u0131 vatanda\u015flar\u0131m\u0131z olmak \u00fczere, \u00fclkemizin ve t\u00fcm \u0130slam aleminin Kurban Bayram\u0131&#8217;n\u0131 en i\u00e7ten dileklerimle kutluyor; hepimiz i\u00e7in sa\u011fl\u0131kl\u0131, huzurlu ve g\u00fczel bir bayram temenni ediyorum.&#8221;<\/p>\n<p>Kaynak: www.kanalv.com.tr Haber Sitesinden Al\u0131nm\u0131\u015ft\u0131r.<\/p>","protected":false},"excerpt":{"rendered":"<p>Konyaalt\u0131 Belediye Ba\u015fkan\u0131 Cem Kotan, Kurban Bayram\u0131 dolay\u0131s\u0131yla bir mesaj yay\u0131mlad\u0131. Mesaj\u0131nda birlik, beraberlik ve dayan\u0131\u015fma duygular\u0131na vurgu yapan Ba\u015fkan Kotan, \u201cBayramlar bizi bir araya getiren, kalpleri bulu\u015fturan ve dayan\u0131\u015fmay\u0131 b\u00fcy\u00fcten ortak de\u011ferlerdir&#8221; ifadelerini kulland\u0131. Kotan, Konyaalt\u0131 Belediyesi olarak il\u00e7edeki bayram haz\u0131rl\u0131klar\u0131n\u0131 tamamlad\u0131klar\u0131n\u0131, ekiplerinin bayram boyunca teyakkuzda olaca\u011f\u0131n\u0131 ve vatanda\u015flar\u0131n her an belediye ile ileti\u015fime ge\u00e7ebilece\u011fini de aktard\u0131. &#8216;BAYRAMLARDA YARDIMLA\u015eMANIN G\u00dcZELL\u0130\u011e\u0130N\u0130 YA\u015eARIZ&#8217; Ba\u015fkan Kotan, s\u00f6zlerine \u015fu \u015fekilde devam etti: \u201cBayramlar, millet olarak en g\u00fc\u00e7l\u00fc y\u00f6n\u00fcm\u00fcz olan birlik ve beraberlik duygular\u0131n\u0131n yeniden ye\u015ferdi\u011fi, k\u0131rg\u0131nl\u0131klar\u0131n sona erdi\u011fi, payla\u015fman\u0131n ve yard\u0131mla\u015fman\u0131n \u00f6n plana \u00e7\u0131kt\u0131\u011f\u0131 \u00f6zel zamanlard\u0131r. Kurban Bayram\u0131 da bu anlamda hem manevi de\u011ferlerimizi hat\u0131rlad\u0131\u011f\u0131m\u0131z hem de ihtiya\u00e7 sahiplerini unutmadan yard\u0131mla\u015fman\u0131n g\u00fczelli\u011fini ya\u015fad\u0131\u011f\u0131m\u0131z bir bayramd\u0131r. Konyaalt\u0131 Belediyesi olarak bizler de bu bayramda t\u00fcm vatanda\u015flar\u0131m\u0131z\u0131n huzur i\u00e7inde bir bayram ge\u00e7irmesi i\u00e7in haz\u0131rl\u0131klar\u0131m\u0131z\u0131 tamamlad\u0131k. Bayram s\u00fcresince belediye hizmetlerimiz aral\u0131ks\u0131z devam edecek ve vatanda\u015flar\u0131m\u0131z\u0131n yan\u0131nda olmaya devam edece\u011fiz. Ba\u015fta Konyaalt\u0131l\u0131 ve Antalyal\u0131 vatanda\u015flar\u0131m\u0131z olmak \u00fczere, \u00fclkemizin ve t\u00fcm \u0130slam aleminin Kurban Bayram\u0131&#8217;n\u0131 en i\u00e7ten dileklerimle kutluyor; hepimiz i\u00e7in sa\u011fl\u0131kl\u0131, huzurlu ve g\u00fczel bir bayram temenni ediyorum.&#8221; Kaynak: www.kanalv.com.tr Haber Sitesinden Al\u0131nm\u0131\u015ft\u0131r.<\/p>","protected":false},"author":4,"featured_media":107452,"comment_status":"","ping_status":"open","sticky":false,"template":"","format":"standard","meta":{"_acf_changed":false,"footnotes":""},"categories":[26],"tags":[],"class_list":["post-107451","post","type-post","status-publish","format-standard","has-post-thumbnail","hentry","category-antalya"],"acf":[],"yoast_head":"<!-- This site is optimized with the Yoast SEO Premium plugin v26.6 (Yoast SEO v27.1.1) - https:\/\/yoast.com\/product\/yoast-seo-premium-wordpress\/ -->\n<title>Ba\u015fkan Kotan&#039;dan bayram mesaj\u0131 - Av. Deniz Can K\u0131z\u0131l<\/title>\n<meta name=\"robots\" content=\"index, follow, max-snippet:-1, max-image-preview:large, max-video-preview:-1\" \/>\n<link rel=\"canonical\" href=\"https:\/\/denizcankizil.tr\/de\/haberler\/antalya\/baskan-kotandan-bayram-mesaji\/\" \/>\n<meta property=\"og:locale\" content=\"de_DE\" \/>\n<meta property=\"og:type\" content=\"article\" \/>\n<meta property=\"og:title\" content=\"Ba\u015fkan Kotan&#039;dan bayram mesaj\u0131\" \/>\n<meta property=\"og:description\" content=\"Konyaalt\u0131 Belediye Ba\u015fkan\u0131 Cem Kotan, Kurban Bayram\u0131 dolay\u0131s\u0131yla bir mesaj yay\u0131mlad\u0131. Mesaj\u0131nda birlik, beraberlik ve dayan\u0131\u015fma duygular\u0131na vurgu yapan Ba\u015fkan Kotan, \u201cBayramlar bizi bir araya getiren, kalpleri bulu\u015fturan ve dayan\u0131\u015fmay\u0131 b\u00fcy\u00fcten ortak de\u011ferlerdir&#8221; ifadelerini kulland\u0131. Kotan, Konyaalt\u0131 Belediyesi olarak il\u00e7edeki bayram haz\u0131rl\u0131klar\u0131n\u0131 tamamlad\u0131klar\u0131n\u0131, ekiplerinin bayram boyunca teyakkuzda olaca\u011f\u0131n\u0131 ve vatanda\u015flar\u0131n her an belediye ile ileti\u015fime ge\u00e7ebilece\u011fini de aktard\u0131. &#8216;BAYRAMLARDA YARDIMLA\u015eMANIN G\u00dcZELL\u0130\u011e\u0130N\u0130 YA\u015eARIZ&#8217; Ba\u015fkan Kotan, s\u00f6zlerine \u015fu \u015fekilde devam etti: \u201cBayramlar, millet olarak en g\u00fc\u00e7l\u00fc y\u00f6n\u00fcm\u00fcz olan birlik ve beraberlik duygular\u0131n\u0131n yeniden ye\u015ferdi\u011fi, k\u0131rg\u0131nl\u0131klar\u0131n sona erdi\u011fi, payla\u015fman\u0131n ve yard\u0131mla\u015fman\u0131n \u00f6n plana \u00e7\u0131kt\u0131\u011f\u0131 \u00f6zel zamanlard\u0131r. Kurban Bayram\u0131 da bu anlamda hem manevi de\u011ferlerimizi hat\u0131rlad\u0131\u011f\u0131m\u0131z hem de ihtiya\u00e7 sahiplerini unutmadan yard\u0131mla\u015fman\u0131n g\u00fczelli\u011fini ya\u015fad\u0131\u011f\u0131m\u0131z bir bayramd\u0131r. Konyaalt\u0131 Belediyesi olarak bizler de bu bayramda t\u00fcm vatanda\u015flar\u0131m\u0131z\u0131n huzur i\u00e7inde bir bayram ge\u00e7irmesi i\u00e7in haz\u0131rl\u0131klar\u0131m\u0131z\u0131 tamamlad\u0131k. Bayram s\u00fcresince belediye hizmetlerimiz aral\u0131ks\u0131z devam edecek ve vatanda\u015flar\u0131m\u0131z\u0131n yan\u0131nda olmaya devam edece\u011fiz. Ba\u015fta Konyaalt\u0131l\u0131 ve Antalyal\u0131 vatanda\u015flar\u0131m\u0131z olmak \u00fczere, \u00fclkemizin ve t\u00fcm \u0130slam aleminin Kurban Bayram\u0131&#8217;n\u0131 en i\u00e7ten dileklerimle kutluyor; hepimiz i\u00e7in sa\u011fl\u0131kl\u0131, huzurlu ve g\u00fczel bir bayram temenni ediyorum.&#8221; Kaynak: www.kanalv.com.tr Haber Sitesinden Al\u0131nm\u0131\u015ft\u0131r.\" \/>\n<meta property=\"og:url\" content=\"https:\/\/denizcankizil.tr\/de\/haberler\/antalya\/baskan-kotandan-bayram-mesaji\/\" \/>\n<meta property=\"og:site_name\" content=\"Av. Deniz Can K\u0131z\u0131l\" \/>\n<meta property=\"article:published_time\" content=\"2025-06-05T13:41:26+00:00\" \/>\n<meta property=\"og:image\" content=\"https:\/\/denizcankizil.tr\/wp-content\/uploads\/2025\/06\/6742-01-6Pw5yu.jpg\" \/>\n\t<meta property=\"og:image:width\" content=\"1280\" \/>\n\t<meta property=\"og:image:height\" content=\"720\" \/>\n\t<meta property=\"og:image:type\" content=\"image\/jpeg\" \/>\n<meta name=\"author\" content=\"Av. Deniz Can K\u0131z\u0131l\" \/>\n<meta name=\"twitter:card\" content=\"summary_large_image\" \/>\n<meta name=\"twitter:label1\" content=\"Verfasst von\" \/>\n\t<meta name=\"twitter:data1\" content=\"Av. Deniz Can K\u0131z\u0131l\" \/>\n\t<meta name=\"twitter:label2\" content=\"Gesch\u00e4tzte Lesezeit\" \/>\n\t<meta name=\"twitter:data2\" content=\"1\u00a0Minute\" \/>\n<script type=\"application\/ld+json\" class=\"yoast-schema-graph\">{\"@context\":\"https:\/\/schema.org\",\"@graph\":[{\"@type\":\"Article\",\"@id\":\"https:\/\/denizcankizil.tr\/de\/haberler\/antalya\/baskan-kotandan-bayram-mesaji\/#article\",\"isPartOf\":{\"@id\":\"https:\/\/denizcankizil.tr\/de\/haberler\/antalya\/baskan-kotandan-bayram-mesaji\/\"},\"author\":{\"name\":\"Av. Deniz Can K\u0131z\u0131l\",\"@id\":\"https:\/\/denizcankizil.tr\/de\/#\/schema\/person\/5dc1b22991bd7ac833867c10afc9b0ff\"},\"headline\":\"Ba\u015fkan Kotan&#8217;dan bayram mesaj\u0131\",\"datePublished\":\"2025-06-05T13:41:26+00:00\",\"mainEntityOfPage\":{\"@id\":\"https:\/\/denizcankizil.tr\/de\/haberler\/antalya\/baskan-kotandan-bayram-mesaji\/\"},\"wordCount\":284,\"publisher\":{\"@id\":\"https:\/\/denizcankizil.tr\/de\/#organization\"},\"image\":{\"@id\":\"https:\/\/denizcankizil.tr\/de\/haberler\/antalya\/baskan-kotandan-bayram-mesaji\/#primaryimage\"},\"thumbnailUrl\":\"https:\/\/denizcankizil.tr\/wp-content\/uploads\/2025\/06\/6742-01-6Pw5yu.jpg\",\"articleSection\":[\"Antalya\"],\"inLanguage\":\"de\"},{\"@type\":\"WebPage\",\"@id\":\"https:\/\/denizcankizil.tr\/de\/haberler\/antalya\/baskan-kotandan-bayram-mesaji\/\",\"url\":\"https:\/\/denizcankizil.tr\/de\/haberler\/antalya\/baskan-kotandan-bayram-mesaji\/\",\"name\":\"Ba\u015fkan Kotan'dan bayram mesaj\u0131 - Av. Deniz Can K\u0131z\u0131l\",\"isPartOf\":{\"@id\":\"https:\/\/denizcankizil.tr\/de\/#website\"},\"primaryImageOfPage\":{\"@id\":\"https:\/\/denizcankizil.tr\/de\/haberler\/antalya\/baskan-kotandan-bayram-mesaji\/#primaryimage\"},\"image\":{\"@id\":\"https:\/\/denizcankizil.tr\/de\/haberler\/antalya\/baskan-kotandan-bayram-mesaji\/#primaryimage\"},\"thumbnailUrl\":\"https:\/\/denizcankizil.tr\/wp-content\/uploads\/2025\/06\/6742-01-6Pw5yu.jpg\",\"datePublished\":\"2025-06-05T13:41:26+00:00\",\"breadcrumb\":{\"@id\":\"https:\/\/denizcankizil.tr\/de\/haberler\/antalya\/baskan-kotandan-bayram-mesaji\/#breadcrumb\"},\"inLanguage\":\"de\",\"potentialAction\":[{\"@type\":\"ReadAction\",\"target\":[\"https:\/\/denizcankizil.tr\/de\/haberler\/antalya\/baskan-kotandan-bayram-mesaji\/\"]}]},{\"@type\":\"ImageObject\",\"inLanguage\":\"de\",\"@id\":\"https:\/\/denizcankizil.tr\/de\/haberler\/antalya\/baskan-kotandan-bayram-mesaji\/#primaryimage\",\"url\":\"https:\/\/denizcankizil.tr\/wp-content\/uploads\/2025\/06\/6742-01-6Pw5yu.jpg\",\"contentUrl\":\"https:\/\/denizcankizil.tr\/wp-content\/uploads\/2025\/06\/6742-01-6Pw5yu.jpg\",\"width\":1280,\"height\":720},{\"@type\":\"BreadcrumbList\",\"@id\":\"https:\/\/denizcankizil.tr\/de\/haberler\/antalya\/baskan-kotandan-bayram-mesaji\/#breadcrumb\",\"itemListElement\":[{\"@type\":\"ListItem\",\"position\":1,\"name\":\"Home\",\"item\":\"https:\/\/denizcankizil.tr\/de\/\"},{\"@type\":\"ListItem\",\"position\":2,\"name\":\"Ba\u015fkan Kotan&#8217;dan bayram mesaj\u0131\"}]},{\"@type\":\"WebSite\",\"@id\":\"https:\/\/denizcankizil.tr\/de\/#website\",\"url\":\"https:\/\/denizcankizil.tr\/de\/\",\"name\":\"Av. Deniz Can K\u0131z\u0131l\",\"description\":\"Avukat Deniz Can K\u0131z\u0131l Antalya Barosu\",\"publisher\":{\"@id\":\"https:\/\/denizcankizil.tr\/de\/#organization\"},\"potentialAction\":[{\"@type\":\"SearchAction\",\"target\":{\"@type\":\"EntryPoint\",\"urlTemplate\":\"https:\/\/denizcankizil.tr\/de\/?s={search_term_string}\"},\"query-input\":{\"@type\":\"PropertyValueSpecification\",\"valueRequired\":true,\"valueName\":\"search_term_string\"}}],\"inLanguage\":\"de\"},{\"@type\":\"Organization\",\"@id\":\"https:\/\/denizcankizil.tr\/de\/#organization\",\"name\":\"Av. Deniz Can K\u0131z\u0131l\",\"url\":\"https:\/\/denizcankizil.tr\/de\/\",\"logo\":{\"@type\":\"ImageObject\",\"inLanguage\":\"de\",\"@id\":\"https:\/\/denizcankizil.tr\/de\/#\/schema\/logo\/image\/\",\"url\":\"https:\/\/denizcankizil.tr\/wp-content\/uploads\/2024\/10\/siyah-logo-svg.svg\",\"contentUrl\":\"https:\/\/denizcankizil.tr\/wp-content\/uploads\/2024\/10\/siyah-logo-svg.svg\",\"width\":1080,\"height\":1080,\"caption\":\"Av. Deniz Can K\u0131z\u0131l\"},\"image\":{\"@id\":\"https:\/\/denizcankizil.tr\/de\/#\/schema\/logo\/image\/\"}},{\"@type\":\"Person\",\"@id\":\"https:\/\/denizcankizil.tr\/de\/#\/schema\/person\/5dc1b22991bd7ac833867c10afc9b0ff\",\"name\":\"Av. Deniz Can K\u0131z\u0131l\",\"image\":{\"@type\":\"ImageObject\",\"inLanguage\":\"de\",\"@id\":\"https:\/\/denizcankizil.tr\/de\/#\/schema\/person\/image\/\",\"url\":\"https:\/\/secure.gravatar.com\/avatar\/a0b128fb9855c79efc976d5640eedb31dc35ec297594d6016d2cf7c60e975bb6?s=96&d=mm&r=g\",\"contentUrl\":\"https:\/\/secure.gravatar.com\/avatar\/a0b128fb9855c79efc976d5640eedb31dc35ec297594d6016d2cf7c60e975bb6?s=96&d=mm&r=g\",\"caption\":\"Av. Deniz Can K\u0131z\u0131l\"},\"sameAs\":[\"http:\/\/www.denizcankizil.tr\"],\"url\":\"https:\/\/denizcankizil.tr\/de\/author\/denizcankizil\/\"}]}<\/script>\n<!-- \/ Yoast SEO Premium plugin. -->","yoast_head_json":{"title":"Ba\u015fkan Kotan'dan bayram mesaj\u0131 - Av. Deniz Can K\u0131z\u0131l","robots":{"index":"index","follow":"follow","max-snippet":"max-snippet:-1","max-image-preview":"max-image-preview:large","max-video-preview":"max-video-preview:-1"},"canonical":"https:\/\/denizcankizil.tr\/de\/haberler\/antalya\/baskan-kotandan-bayram-mesaji\/","og_locale":"de_DE","og_type":"article","og_title":"Ba\u015fkan Kotan'dan bayram mesaj\u0131","og_description":"Konyaalt\u0131 Belediye Ba\u015fkan\u0131 Cem Kotan, Kurban Bayram\u0131 dolay\u0131s\u0131yla bir mesaj yay\u0131mlad\u0131. Mesaj\u0131nda birlik, beraberlik ve dayan\u0131\u015fma duygular\u0131na vurgu yapan Ba\u015fkan Kotan, \u201cBayramlar bizi bir araya getiren, kalpleri bulu\u015fturan ve dayan\u0131\u015fmay\u0131 b\u00fcy\u00fcten ortak de\u011ferlerdir&#8221; ifadelerini kulland\u0131. Kotan, Konyaalt\u0131 Belediyesi olarak il\u00e7edeki bayram haz\u0131rl\u0131klar\u0131n\u0131 tamamlad\u0131klar\u0131n\u0131, ekiplerinin bayram boyunca teyakkuzda olaca\u011f\u0131n\u0131 ve vatanda\u015flar\u0131n her an belediye ile ileti\u015fime ge\u00e7ebilece\u011fini de aktard\u0131. &#8216;BAYRAMLARDA YARDIMLA\u015eMANIN G\u00dcZELL\u0130\u011e\u0130N\u0130 YA\u015eARIZ&#8217; Ba\u015fkan Kotan, s\u00f6zlerine \u015fu \u015fekilde devam etti: \u201cBayramlar, millet olarak en g\u00fc\u00e7l\u00fc y\u00f6n\u00fcm\u00fcz olan birlik ve beraberlik duygular\u0131n\u0131n yeniden ye\u015ferdi\u011fi, k\u0131rg\u0131nl\u0131klar\u0131n sona erdi\u011fi, payla\u015fman\u0131n ve yard\u0131mla\u015fman\u0131n \u00f6n plana \u00e7\u0131kt\u0131\u011f\u0131 \u00f6zel zamanlard\u0131r. Kurban Bayram\u0131 da bu anlamda hem manevi de\u011ferlerimizi hat\u0131rlad\u0131\u011f\u0131m\u0131z hem de ihtiya\u00e7 sahiplerini unutmadan yard\u0131mla\u015fman\u0131n g\u00fczelli\u011fini ya\u015fad\u0131\u011f\u0131m\u0131z bir bayramd\u0131r. Konyaalt\u0131 Belediyesi olarak bizler de bu bayramda t\u00fcm vatanda\u015flar\u0131m\u0131z\u0131n huzur i\u00e7inde bir bayram ge\u00e7irmesi i\u00e7in haz\u0131rl\u0131klar\u0131m\u0131z\u0131 tamamlad\u0131k. Bayram s\u00fcresince belediye hizmetlerimiz aral\u0131ks\u0131z devam edecek ve vatanda\u015flar\u0131m\u0131z\u0131n yan\u0131nda olmaya devam edece\u011fiz. Ba\u015fta Konyaalt\u0131l\u0131 ve Antalyal\u0131 vatanda\u015flar\u0131m\u0131z olmak \u00fczere, \u00fclkemizin ve t\u00fcm \u0130slam aleminin Kurban Bayram\u0131&#8217;n\u0131 en i\u00e7ten dileklerimle kutluyor; hepimiz i\u00e7in sa\u011fl\u0131kl\u0131, huzurlu ve g\u00fczel bir bayram temenni ediyorum.&#8221; Kaynak: www.kanalv.com.tr Haber Sitesinden Al\u0131nm\u0131\u015ft\u0131r.","og_url":"https:\/\/denizcankizil.tr\/de\/haberler\/antalya\/baskan-kotandan-bayram-mesaji\/","og_site_name":"Av. Deniz Can K\u0131z\u0131l","article_published_time":"2025-06-05T13:41:26+00:00","og_image":[{"width":1280,"height":720,"url":"https:\/\/denizcankizil.tr\/wp-content\/uploads\/2025\/06\/6742-01-6Pw5yu.jpg","type":"image\/jpeg"}],"author":"Av. Deniz Can K\u0131z\u0131l","twitter_card":"summary_large_image","twitter_misc":{"Verfasst von":"Av. Deniz Can K\u0131z\u0131l","Gesch\u00e4tzte Lesezeit":"1\u00a0Minute"},"schema":{"@context":"https:\/\/schema.org","@graph":[{"@type":"Article","@id":"https:\/\/denizcankizil.tr\/de\/haberler\/antalya\/baskan-kotandan-bayram-mesaji\/#article","isPartOf":{"@id":"https:\/\/denizcankizil.tr\/de\/haberler\/antalya\/baskan-kotandan-bayram-mesaji\/"},"author":{"name":"Av. Deniz Can K\u0131z\u0131l","@id":"https:\/\/denizcankizil.tr\/de\/#\/schema\/person\/5dc1b22991bd7ac833867c10afc9b0ff"},"headline":"Ba\u015fkan Kotan&#8217;dan bayram mesaj\u0131","datePublished":"2025-06-05T13:41:26+00:00","mainEntityOfPage":{"@id":"https:\/\/denizcankizil.tr\/de\/haberler\/antalya\/baskan-kotandan-bayram-mesaji\/"},"wordCount":284,"publisher":{"@id":"https:\/\/denizcankizil.tr\/de\/#organization"},"image":{"@id":"https:\/\/denizcankizil.tr\/de\/haberler\/antalya\/baskan-kotandan-bayram-mesaji\/#primaryimage"},"thumbnailUrl":"https:\/\/denizcankizil.tr\/wp-content\/uploads\/2025\/06\/6742-01-6Pw5yu.jpg","articleSection":["Antalya"],"inLanguage":"de"},{"@type":"WebPage","@id":"https:\/\/denizcankizil.tr\/de\/haberler\/antalya\/baskan-kotandan-bayram-mesaji\/","url":"https:\/\/denizcankizil.tr\/de\/haberler\/antalya\/baskan-kotandan-bayram-mesaji\/","name":"Ba\u015fkan Kotan'dan bayram mesaj\u0131 - Av. Deniz Can K\u0131z\u0131l","isPartOf":{"@id":"https:\/\/denizcankizil.tr\/de\/#website"},"primaryImageOfPage":{"@id":"https:\/\/denizcankizil.tr\/de\/haberler\/antalya\/baskan-kotandan-bayram-mesaji\/#primaryimage"},"image":{"@id":"https:\/\/denizcankizil.tr\/de\/haberler\/antalya\/baskan-kotandan-bayram-mesaji\/#primaryimage"},"thumbnailUrl":"https:\/\/denizcankizil.tr\/wp-content\/uploads\/2025\/06\/6742-01-6Pw5yu.jpg","datePublished":"2025-06-05T13:41:26+00:00","breadcrumb":{"@id":"https:\/\/denizcankizil.tr\/de\/haberler\/antalya\/baskan-kotandan-bayram-mesaji\/#breadcrumb"},"inLanguage":"de","potentialAction":[{"@type":"ReadAction","target":["https:\/\/denizcankizil.tr\/de\/haberler\/antalya\/baskan-kotandan-bayram-mesaji\/"]}]},{"@type":"ImageObject","inLanguage":"de","@id":"https:\/\/denizcankizil.tr\/de\/haberler\/antalya\/baskan-kotandan-bayram-mesaji\/#primaryimage","url":"https:\/\/denizcankizil.tr\/wp-content\/uploads\/2025\/06\/6742-01-6Pw5yu.jpg","contentUrl":"https:\/\/denizcankizil.tr\/wp-content\/uploads\/2025\/06\/6742-01-6Pw5yu.jpg","width":1280,"height":720},{"@type":"BreadcrumbList","@id":"https:\/\/denizcankizil.tr\/de\/haberler\/antalya\/baskan-kotandan-bayram-mesaji\/#breadcrumb","itemListElement":[{"@type":"ListItem","position":1,"name":"Home","item":"https:\/\/denizcankizil.tr\/de\/"},{"@type":"ListItem","position":2,"name":"Ba\u015fkan Kotan&#8217;dan bayram mesaj\u0131"}]},{"@type":"WebSite","@id":"https:\/\/denizcankizil.tr\/de\/#website","url":"https:\/\/denizcankizil.tr\/de\/","name":"Av. Deniz Can K\u0131z\u0131l","description":"Avukat Deniz Can K\u0131z\u0131l Antalya Barosu","publisher":{"@id":"https:\/\/denizcankizil.tr\/de\/#organization"},"potentialAction":[{"@type":"SearchAction","target":{"@type":"EntryPoint","urlTemplate":"https:\/\/denizcankizil.tr\/de\/?s={search_term_string}"},"query-input":{"@type":"PropertyValueSpecification","valueRequired":true,"valueName":"search_term_string"}}],"inLanguage":"de"},{"@type":"Organization","@id":"https:\/\/denizcankizil.tr\/de\/#organization","name":"Av. Deniz Can K\u0131z\u0131l","url":"https:\/\/denizcankizil.tr\/de\/","logo":{"@type":"ImageObject","inLanguage":"de","@id":"https:\/\/denizcankizil.tr\/de\/#\/schema\/logo\/image\/","url":"https:\/\/denizcankizil.tr\/wp-content\/uploads\/2024\/10\/siyah-logo-svg.svg","contentUrl":"https:\/\/denizcankizil.tr\/wp-content\/uploads\/2024\/10\/siyah-logo-svg.svg","width":1080,"height":1080,"caption":"Av. Deniz Can K\u0131z\u0131l"},"image":{"@id":"https:\/\/denizcankizil.tr\/de\/#\/schema\/logo\/image\/"}},{"@type":"Person","@id":"https:\/\/denizcankizil.tr\/de\/#\/schema\/person\/5dc1b22991bd7ac833867c10afc9b0ff","name":"Av. Deniz Can K\u0131z\u0131l","image":{"@type":"ImageObject","inLanguage":"de","@id":"https:\/\/denizcankizil.tr\/de\/#\/schema\/person\/image\/","url":"https:\/\/secure.gravatar.com\/avatar\/a0b128fb9855c79efc976d5640eedb31dc35ec297594d6016d2cf7c60e975bb6?s=96&d=mm&r=g","contentUrl":"https:\/\/secure.gravatar.com\/avatar\/a0b128fb9855c79efc976d5640eedb31dc35ec297594d6016d2cf7c60e975bb6?s=96&d=mm&r=g","caption":"Av. Deniz Can K\u0131z\u0131l"},"sameAs":["http:\/\/www.denizcankizil.tr"],"url":"https:\/\/denizcankizil.tr\/de\/author\/denizcankizil\/"}]}},"_links":{"self":[{"href":"https:\/\/denizcankizil.tr\/de\/wp-json\/wp\/v2\/posts\/107451","targetHints":{"allow":["GET"]}}],"collection":[{"href":"https:\/\/denizcankizil.tr\/de\/wp-json\/wp\/v2\/posts"}],"about":[{"href":"https:\/\/denizcankizil.tr\/de\/wp-json\/wp\/v2\/types\/post"}],"author":[{"embeddable":true,"href":"https:\/\/denizcankizil.tr\/de\/wp-json\/wp\/v2\/users\/4"}],"replies":[{"embeddable":true,"href":"https:\/\/denizcankizil.tr\/de\/wp-json\/wp\/v2\/comments?post=107451"}],"version-history":[{"count":0,"href":"https:\/\/denizcankizil.tr\/de\/wp-json\/wp\/v2\/posts\/107451\/revisions"}],"wp:featuredmedia":[{"embeddable":true,"href":"https:\/\/denizcankizil.tr\/de\/wp-json\/wp\/v2\/media\/107452"}],"wp:attachment":[{"href":"https:\/\/denizcankizil.tr\/de\/wp-json\/wp\/v2\/media?parent=107451"}],"wp:term":[{"taxonomy":"category","embeddable":true,"href":"https:\/\/denizcankizil.tr\/de\/wp-json\/wp\/v2\/categories?post=107451"},{"taxonomy":"post_tag","embeddable":true,"href":"https:\/\/denizcankizil.tr\/de\/wp-json\/wp\/v2\/tags?post=107451"}],"curies":[{"name":"wp","href":"https:\/\/api.w.org\/{rel}","templated":true}]}}