{"id":107140,"date":"2025-06-05T10:41:51","date_gmt":"2025-06-05T07:41:51","guid":{"rendered":"https:\/\/denizcankizil.tr\/uncategorized-tr\/naci-gorurden-endiselendiren-aciklama-egedeki-deprem-istanbul-kolu-uzerinde\/"},"modified":"2025-06-05T10:41:51","modified_gmt":"2025-06-05T07:41:51","slug":"naci-gorurden-endiselendiren-aciklama-egedeki-deprem-istanbul-kolu-uzerinde","status":"publish","type":"post","link":"https:\/\/denizcankizil.tr\/de\/haberler\/gundem\/naci-gorurden-endiselendiren-aciklama-egedeki-deprem-istanbul-kolu-uzerinde\/","title":{"rendered":"Naci G\u00f6r\u00fcr\u2019den endi\u015felendiren a\u00e7\u0131klama: \u201cEge\u2019deki deprem, \u0130stanbul kolu \u00fczerinde\u201d"},"content":{"rendered":"<p>T\u00fcrkiye pe\u015f pe\u015fe ger\u00e7ekle\u015fen depremlerle beraber sallanmaya devam ediyor. 5 Haziran 2025 Per\u015fembe (bug\u00fcn) saat 07.32 sular\u0131nda Antalya\u2019n\u0131n Gazipa\u015fa il\u00e7esi a\u00e7\u0131klar\u0131nda 4 b\u00fcy\u00fckl\u00fc\u011f\u00fcnde 67,26 kilometre derinli\u011finde bir deprem meydana geldi. Akdeniz\u2019de ger\u00e7ekle\u015fen bu depremin ard\u0131ndan \u00c7anakkale\u2019nin G\u00f6k\u00e7eada il\u00e7esi a\u00e7\u0131klar\u0131nda saat 08.18 sular\u0131nda 4,6 \u015fiddetinde 12,61 kilometre derinlikte bir deprem daha ya\u015fand\u0131.<\/p>\n<p>\u0130STANBUL DEPREM\u0130N\u0130 TET\u0130KLEYEB\u0130L\u0130R <\/p>\n<p>Pe\u015f pe\u015fe ya\u015fanan bu depremler panik yaratt\u0131. Art arda meydana gelen depremlerin ard\u0131ndan Deprem Bilimci Naci G\u00f6r\u00fcr ise ya\u015fanabilecek b\u00fcy\u00fck \u0130stanbul depremine dikkat \u00e7ekti. G\u00f6r\u00fcr sosyal medya \u00fczerinden yapt\u0131\u011f\u0131 a\u00e7\u0131klamada, \u201cEge Denizi\u2019nde 4,8 deprem oldu. Bu deprem KAF\u2019\u0131n (Kuzey Anadolu Fay Hatt\u0131) kuzey kolu, yani \u0130stanbul\u2019da deprem bekledi\u011fimiz kolun \u00fczerinde. Stres da\u011f\u0131l\u0131m\u0131n\u0131 etkileyebilir. Ge\u00e7mi\u015f olsun\u201d ifadelerini kulland\u0131.<\/p>\n<p>Ege Denizi\u2019nde 4,8 deprem oldu. Bu deprem KAF\u2019\u0131n kuzey kolu, yani \u0130stanbul\u2019da deprem bekledi\u011fimiz kolun \u00fczerinde. Stres da\u011f\u0131l\u0131m\u0131n\u0131 etkileyebilir. Ge\u00e7mi\u015f olsun. pic.twitter.com\/fiv83WCFxi<br \/>\n\u2014 Prof. Dr. Naci G\u00f6r\u00fcr (@nacigorur) June 5, 2025<\/p>\n<p>2 G\u00dcN \u00d6NCE B\u0130R DEPREM DAHA YA\u015eANMI\u015eTI<\/p>\n<p>Pe\u015f pe\u015fe ya\u015fanan depremlerin ard\u0131ndan hen\u00fcz can veya mal kayb\u0131na ili\u015fkin bir a\u00e7\u0131klama yap\u0131lmad\u0131. 2 g\u00fcn \u00f6nce ise (3 Haziran 2025) Mu\u011fla&#8217;da gece saatlerinde 5,8 \u015fiddetinde meydana gelen deprem Antalya\u2019da hissedilmi\u015fti. Ya\u015fana ndepremde ya\u015fad\u0131klar\u0131 panikten dolay\u0131 evlerin ve otellerin balkonundan atlayan 75 ki\u015fi yaralanm\u0131\u015ft\u0131. 14 ya\u015f\u0131ndaki Afranur G\u00fcnl\u00fc ise deprem an\u0131nda ge\u00e7irdi\u011fi panik ataktan \u00f6t\u00fcr\u00fc hayat\u0131n\u0131 kaybetmi\u015fti.<\/p>\n<p>\u200bT\u00fcrkiye, Ege ve Akdeniz\u2019de ya\u015fanan pe\u015f pe\u015fe depremler ile salland\u0131. Meydana gelen depremlerin ard\u0131ndan a\u00e7\u0131klamalarda bulunan Deprem Bilimci Naci G\u00f6r\u00fcr, Ege&#8217;deki depremin KAF\u2019\u0131n (Kuzey Anadolu Fay Hatt\u0131) yani \u0130stanbul\u2019da beklenen deprem kolunun \u00fczerinde oldu\u011funa dikkat \u00e7ekti.\u00a0<\/p>\n<p>\u200bHaberin Al\u0131nt\u0131land\u0131\u011f\u0131 Kaynak: www.antalyakorfez.com<\/p>","protected":false},"excerpt":{"rendered":"<p>T\u00fcrkiye pe\u015f pe\u015fe ger\u00e7ekle\u015fen depremlerle beraber sallanmaya devam ediyor. 5 Haziran 2025 Per\u015fembe (bug\u00fcn) saat 07.32 sular\u0131nda Antalya\u2019n\u0131n Gazipa\u015fa il\u00e7esi a\u00e7\u0131klar\u0131nda 4 b\u00fcy\u00fckl\u00fc\u011f\u00fcnde 67,26 kilometre derinli\u011finde bir deprem meydana geldi. Akdeniz\u2019de ger\u00e7ekle\u015fen bu depremin ard\u0131ndan \u00c7anakkale\u2019nin G\u00f6k\u00e7eada il\u00e7esi a\u00e7\u0131klar\u0131nda saat 08.18 sular\u0131nda 4,6 \u015fiddetinde 12,61 kilometre derinlikte bir deprem daha ya\u015fand\u0131. \u0130STANBUL DEPREM\u0130N\u0130 TET\u0130KLEYEB\u0130L\u0130R Pe\u015f pe\u015fe ya\u015fanan bu depremler panik yaratt\u0131. Art arda meydana gelen depremlerin ard\u0131ndan Deprem Bilimci Naci G\u00f6r\u00fcr ise ya\u015fanabilecek b\u00fcy\u00fck \u0130stanbul depremine dikkat \u00e7ekti. G\u00f6r\u00fcr sosyal medya \u00fczerinden yapt\u0131\u011f\u0131 a\u00e7\u0131klamada, \u201cEge Denizi\u2019nde 4,8 deprem oldu. Bu deprem KAF\u2019\u0131n (Kuzey Anadolu Fay Hatt\u0131) kuzey kolu, yani \u0130stanbul\u2019da deprem bekledi\u011fimiz kolun \u00fczerinde. Stres da\u011f\u0131l\u0131m\u0131n\u0131 etkileyebilir. Ge\u00e7mi\u015f olsun\u201d ifadelerini kulland\u0131. Ege Denizi\u2019nde 4,8 deprem oldu. Bu deprem KAF\u2019\u0131n kuzey kolu, yani \u0130stanbul\u2019da deprem bekledi\u011fimiz kolun \u00fczerinde. Stres da\u011f\u0131l\u0131m\u0131n\u0131 etkileyebilir. Ge\u00e7mi\u015f olsun. pic.twitter.com\/fiv83WCFxi \u2014 Prof. Dr. Naci G\u00f6r\u00fcr (@nacigorur) June 5, 2025 2 G\u00dcN \u00d6NCE B\u0130R DEPREM DAHA YA\u015eANMI\u015eTI Pe\u015f pe\u015fe ya\u015fanan depremlerin ard\u0131ndan hen\u00fcz can veya mal kayb\u0131na ili\u015fkin bir a\u00e7\u0131klama yap\u0131lmad\u0131. 2 g\u00fcn \u00f6nce ise (3 Haziran 2025) Mu\u011fla&#8217;da gece saatlerinde 5,8 \u015fiddetinde meydana gelen deprem Antalya\u2019da hissedilmi\u015fti. Ya\u015fana ndepremde ya\u015fad\u0131klar\u0131 panikten dolay\u0131 evlerin ve otellerin balkonundan atlayan 75 ki\u015fi yaralanm\u0131\u015ft\u0131. 14 ya\u015f\u0131ndaki Afranur G\u00fcnl\u00fc ise deprem an\u0131nda &hellip;<\/p>","protected":false},"author":5,"featured_media":0,"comment_status":"","ping_status":"open","sticky":false,"template":"","format":"standard","meta":{"_acf_changed":false,"footnotes":""},"categories":[24],"tags":[],"class_list":["post-107140","post","type-post","status-publish","format-standard","has-post-thumbnail","hentry","category-gundem"],"acf":[],"yoast_head":"<!-- This site is optimized with the Yoast SEO Premium plugin v26.6 (Yoast SEO v27.1.1) - https:\/\/yoast.com\/product\/yoast-seo-premium-wordpress\/ -->\n<title>Naci G\u00f6r\u00fcr\u2019den endi\u015felendiren a\u00e7\u0131klama: \u201cEge\u2019deki deprem, \u0130stanbul kolu \u00fczerinde\u201d - Av. Deniz Can K\u0131z\u0131l<\/title>\n<meta name=\"robots\" content=\"index, follow, max-snippet:-1, max-image-preview:large, max-video-preview:-1\" \/>\n<link rel=\"canonical\" href=\"https:\/\/denizcankizil.tr\/de\/haberler\/gundem\/naci-gorurden-endiselendiren-aciklama-egedeki-deprem-istanbul-kolu-uzerinde\/\" \/>\n<meta property=\"og:locale\" content=\"de_DE\" \/>\n<meta property=\"og:type\" content=\"article\" \/>\n<meta property=\"og:title\" content=\"Naci G\u00f6r\u00fcr\u2019den endi\u015felendiren a\u00e7\u0131klama: \u201cEge\u2019deki deprem, \u0130stanbul kolu \u00fczerinde\u201d\" \/>\n<meta property=\"og:description\" content=\"T\u00fcrkiye pe\u015f pe\u015fe ger\u00e7ekle\u015fen depremlerle beraber sallanmaya devam ediyor. 5 Haziran 2025 Per\u015fembe (bug\u00fcn) saat 07.32 sular\u0131nda Antalya\u2019n\u0131n Gazipa\u015fa il\u00e7esi a\u00e7\u0131klar\u0131nda 4 b\u00fcy\u00fckl\u00fc\u011f\u00fcnde 67,26 kilometre derinli\u011finde bir deprem meydana geldi. Akdeniz\u2019de ger\u00e7ekle\u015fen bu depremin ard\u0131ndan \u00c7anakkale\u2019nin G\u00f6k\u00e7eada il\u00e7esi a\u00e7\u0131klar\u0131nda saat 08.18 sular\u0131nda 4,6 \u015fiddetinde 12,61 kilometre derinlikte bir deprem daha ya\u015fand\u0131. \u0130STANBUL DEPREM\u0130N\u0130 TET\u0130KLEYEB\u0130L\u0130R Pe\u015f pe\u015fe ya\u015fanan bu depremler panik yaratt\u0131. Art arda meydana gelen depremlerin ard\u0131ndan Deprem Bilimci Naci G\u00f6r\u00fcr ise ya\u015fanabilecek b\u00fcy\u00fck \u0130stanbul depremine dikkat \u00e7ekti. G\u00f6r\u00fcr sosyal medya \u00fczerinden yapt\u0131\u011f\u0131 a\u00e7\u0131klamada, \u201cEge Denizi\u2019nde 4,8 deprem oldu. Bu deprem KAF\u2019\u0131n (Kuzey Anadolu Fay Hatt\u0131) kuzey kolu, yani \u0130stanbul\u2019da deprem bekledi\u011fimiz kolun \u00fczerinde. Stres da\u011f\u0131l\u0131m\u0131n\u0131 etkileyebilir. Ge\u00e7mi\u015f olsun\u201d ifadelerini kulland\u0131. Ege Denizi\u2019nde 4,8 deprem oldu. Bu deprem KAF\u2019\u0131n kuzey kolu, yani \u0130stanbul\u2019da deprem bekledi\u011fimiz kolun \u00fczerinde. Stres da\u011f\u0131l\u0131m\u0131n\u0131 etkileyebilir. Ge\u00e7mi\u015f olsun. pic.twitter.com\/fiv83WCFxi \u2014 Prof. Dr. Naci G\u00f6r\u00fcr (@nacigorur) June 5, 2025 2 G\u00dcN \u00d6NCE B\u0130R DEPREM DAHA YA\u015eANMI\u015eTI Pe\u015f pe\u015fe ya\u015fanan depremlerin ard\u0131ndan hen\u00fcz can veya mal kayb\u0131na ili\u015fkin bir a\u00e7\u0131klama yap\u0131lmad\u0131. 2 g\u00fcn \u00f6nce ise (3 Haziran 2025) Mu\u011fla&#8217;da gece saatlerinde 5,8 \u015fiddetinde meydana gelen deprem Antalya\u2019da hissedilmi\u015fti. Ya\u015fana ndepremde ya\u015fad\u0131klar\u0131 panikten dolay\u0131 evlerin ve otellerin balkonundan atlayan 75 ki\u015fi yaralanm\u0131\u015ft\u0131. 14 ya\u015f\u0131ndaki Afranur G\u00fcnl\u00fc ise deprem an\u0131nda &hellip;\" \/>\n<meta property=\"og:url\" content=\"https:\/\/denizcankizil.tr\/de\/haberler\/gundem\/naci-gorurden-endiselendiren-aciklama-egedeki-deprem-istanbul-kolu-uzerinde\/\" \/>\n<meta property=\"og:site_name\" content=\"Av. Deniz Can K\u0131z\u0131l\" \/>\n<meta property=\"article:published_time\" content=\"2025-06-05T07:41:51+00:00\" \/>\n<meta name=\"author\" content=\"Antalya K\u00f6rfez\" \/>\n<meta name=\"twitter:card\" content=\"summary_large_image\" \/>\n<meta name=\"twitter:label1\" content=\"Verfasst von\" \/>\n\t<meta name=\"twitter:data1\" content=\"Antalya K\u00f6rfez\" \/>\n\t<meta name=\"twitter:label2\" content=\"Gesch\u00e4tzte Lesezeit\" \/>\n\t<meta name=\"twitter:data2\" content=\"2\u00a0Minuten\" \/>\n<script type=\"application\/ld+json\" class=\"yoast-schema-graph\">{\"@context\":\"https:\/\/schema.org\",\"@graph\":[{\"@type\":\"Article\",\"@id\":\"https:\/\/denizcankizil.tr\/en\/haberler\/gundem\/naci-gorurden-endiselendiren-aciklama-egedeki-deprem-istanbul-kolu-uzerinde\/#article\",\"isPartOf\":{\"@id\":\"https:\/\/denizcankizil.tr\/en\/haberler\/gundem\/naci-gorurden-endiselendiren-aciklama-egedeki-deprem-istanbul-kolu-uzerinde\/\"},\"author\":{\"name\":\"Antalya K\u00f6rfez\",\"@id\":\"https:\/\/denizcankizil.tr\/#\/schema\/person\/e1eb71bb4dd684d46563f0af307e1234\"},\"headline\":\"Naci G\u00f6r\u00fcr\u2019den endi\u015felendiren a\u00e7\u0131klama: \u201cEge\u2019deki deprem, \u0130stanbul kolu \u00fczerinde\u201d\",\"datePublished\":\"2025-06-05T07:41:51+00:00\",\"mainEntityOfPage\":{\"@id\":\"https:\/\/denizcankizil.tr\/en\/haberler\/gundem\/naci-gorurden-endiselendiren-aciklama-egedeki-deprem-istanbul-kolu-uzerinde\/\"},\"wordCount\":353,\"publisher\":{\"@id\":\"https:\/\/denizcankizil.tr\/#organization\"},\"articleSection\":[\"G\u00fcndem\"],\"inLanguage\":\"de\"},{\"@type\":\"WebPage\",\"@id\":\"https:\/\/denizcankizil.tr\/en\/haberler\/gundem\/naci-gorurden-endiselendiren-aciklama-egedeki-deprem-istanbul-kolu-uzerinde\/\",\"url\":\"https:\/\/denizcankizil.tr\/en\/haberler\/gundem\/naci-gorurden-endiselendiren-aciklama-egedeki-deprem-istanbul-kolu-uzerinde\/\",\"name\":\"Naci G\u00f6r\u00fcr\u2019den endi\u015felendiren a\u00e7\u0131klama: \u201cEge\u2019deki deprem, \u0130stanbul kolu \u00fczerinde\u201d - Av. Deniz Can K\u0131z\u0131l\",\"isPartOf\":{\"@id\":\"https:\/\/denizcankizil.tr\/#website\"},\"datePublished\":\"2025-06-05T07:41:51+00:00\",\"breadcrumb\":{\"@id\":\"https:\/\/denizcankizil.tr\/en\/haberler\/gundem\/naci-gorurden-endiselendiren-aciklama-egedeki-deprem-istanbul-kolu-uzerinde\/#breadcrumb\"},\"inLanguage\":\"de\",\"potentialAction\":[{\"@type\":\"ReadAction\",\"target\":[\"https:\/\/denizcankizil.tr\/en\/haberler\/gundem\/naci-gorurden-endiselendiren-aciklama-egedeki-deprem-istanbul-kolu-uzerinde\/\"]}]},{\"@type\":\"BreadcrumbList\",\"@id\":\"https:\/\/denizcankizil.tr\/en\/haberler\/gundem\/naci-gorurden-endiselendiren-aciklama-egedeki-deprem-istanbul-kolu-uzerinde\/#breadcrumb\",\"itemListElement\":[{\"@type\":\"ListItem\",\"position\":1,\"name\":\"Home\",\"item\":\"https:\/\/denizcankizil.tr\/de\/\"},{\"@type\":\"ListItem\",\"position\":2,\"name\":\"Naci G\u00f6r\u00fcr\u2019den endi\u015felendiren a\u00e7\u0131klama: \u201cEge\u2019deki deprem, \u0130stanbul kolu \u00fczerinde\u201d\"}]},{\"@type\":\"WebSite\",\"@id\":\"https:\/\/denizcankizil.tr\/#website\",\"url\":\"https:\/\/denizcankizil.tr\/\",\"name\":\"Av. Deniz Can K\u0131z\u0131l\",\"description\":\"Avukat Deniz Can K\u0131z\u0131l Antalya Barosu\",\"publisher\":{\"@id\":\"https:\/\/denizcankizil.tr\/#organization\"},\"potentialAction\":[{\"@type\":\"SearchAction\",\"target\":{\"@type\":\"EntryPoint\",\"urlTemplate\":\"https:\/\/denizcankizil.tr\/?s={search_term_string}\"},\"query-input\":{\"@type\":\"PropertyValueSpecification\",\"valueRequired\":true,\"valueName\":\"search_term_string\"}}],\"inLanguage\":\"de\"},{\"@type\":\"Organization\",\"@id\":\"https:\/\/denizcankizil.tr\/#organization\",\"name\":\"Av. Deniz Can K\u0131z\u0131l\",\"url\":\"https:\/\/denizcankizil.tr\/\",\"logo\":{\"@type\":\"ImageObject\",\"inLanguage\":\"de\",\"@id\":\"https:\/\/denizcankizil.tr\/#\/schema\/logo\/image\/\",\"url\":\"https:\/\/denizcankizil.tr\/wp-content\/uploads\/2024\/10\/siyah-logo-svg.svg\",\"contentUrl\":\"https:\/\/denizcankizil.tr\/wp-content\/uploads\/2024\/10\/siyah-logo-svg.svg\",\"width\":1080,\"height\":1080,\"caption\":\"Av. Deniz Can K\u0131z\u0131l\"},\"image\":{\"@id\":\"https:\/\/denizcankizil.tr\/#\/schema\/logo\/image\/\"}},{\"@type\":\"Person\",\"@id\":\"https:\/\/denizcankizil.tr\/#\/schema\/person\/e1eb71bb4dd684d46563f0af307e1234\",\"name\":\"Antalya K\u00f6rfez\",\"image\":{\"@type\":\"ImageObject\",\"inLanguage\":\"de\",\"@id\":\"https:\/\/denizcankizil.tr\/#\/schema\/person\/image\/\",\"url\":\"https:\/\/secure.gravatar.com\/avatar\/42b01982558a48a0b501fdcab6a408d3717ea5919095ee2e67b0e521799c5905?s=96&d=mm&r=g\",\"contentUrl\":\"https:\/\/secure.gravatar.com\/avatar\/42b01982558a48a0b501fdcab6a408d3717ea5919095ee2e67b0e521799c5905?s=96&d=mm&r=g\",\"caption\":\"Antalya K\u00f6rfez\"},\"sameAs\":[\"http:\/\/www.antalyakorfez.com\"],\"url\":\"https:\/\/www.antalyakorfez.com\/naci-gorurden-endiselendiren-aciklama-egedeki-deprem-istanbul-kolu-uzerinde\"}]}<\/script>\n<!-- \/ Yoast SEO Premium plugin. -->","yoast_head_json":{"title":"Naci G\u00f6r\u00fcr\u2019den endi\u015felendiren a\u00e7\u0131klama: \u201cEge\u2019deki deprem, \u0130stanbul kolu \u00fczerinde\u201d - Av. Deniz Can K\u0131z\u0131l","robots":{"index":"index","follow":"follow","max-snippet":"max-snippet:-1","max-image-preview":"max-image-preview:large","max-video-preview":"max-video-preview:-1"},"canonical":"https:\/\/denizcankizil.tr\/de\/haberler\/gundem\/naci-gorurden-endiselendiren-aciklama-egedeki-deprem-istanbul-kolu-uzerinde\/","og_locale":"de_DE","og_type":"article","og_title":"Naci G\u00f6r\u00fcr\u2019den endi\u015felendiren a\u00e7\u0131klama: \u201cEge\u2019deki deprem, \u0130stanbul kolu \u00fczerinde\u201d","og_description":"T\u00fcrkiye pe\u015f pe\u015fe ger\u00e7ekle\u015fen depremlerle beraber sallanmaya devam ediyor. 5 Haziran 2025 Per\u015fembe (bug\u00fcn) saat 07.32 sular\u0131nda Antalya\u2019n\u0131n Gazipa\u015fa il\u00e7esi a\u00e7\u0131klar\u0131nda 4 b\u00fcy\u00fckl\u00fc\u011f\u00fcnde 67,26 kilometre derinli\u011finde bir deprem meydana geldi. Akdeniz\u2019de ger\u00e7ekle\u015fen bu depremin ard\u0131ndan \u00c7anakkale\u2019nin G\u00f6k\u00e7eada il\u00e7esi a\u00e7\u0131klar\u0131nda saat 08.18 sular\u0131nda 4,6 \u015fiddetinde 12,61 kilometre derinlikte bir deprem daha ya\u015fand\u0131. \u0130STANBUL DEPREM\u0130N\u0130 TET\u0130KLEYEB\u0130L\u0130R Pe\u015f pe\u015fe ya\u015fanan bu depremler panik yaratt\u0131. Art arda meydana gelen depremlerin ard\u0131ndan Deprem Bilimci Naci G\u00f6r\u00fcr ise ya\u015fanabilecek b\u00fcy\u00fck \u0130stanbul depremine dikkat \u00e7ekti. G\u00f6r\u00fcr sosyal medya \u00fczerinden yapt\u0131\u011f\u0131 a\u00e7\u0131klamada, \u201cEge Denizi\u2019nde 4,8 deprem oldu. Bu deprem KAF\u2019\u0131n (Kuzey Anadolu Fay Hatt\u0131) kuzey kolu, yani \u0130stanbul\u2019da deprem bekledi\u011fimiz kolun \u00fczerinde. Stres da\u011f\u0131l\u0131m\u0131n\u0131 etkileyebilir. Ge\u00e7mi\u015f olsun\u201d ifadelerini kulland\u0131. Ege Denizi\u2019nde 4,8 deprem oldu. Bu deprem KAF\u2019\u0131n kuzey kolu, yani \u0130stanbul\u2019da deprem bekledi\u011fimiz kolun \u00fczerinde. Stres da\u011f\u0131l\u0131m\u0131n\u0131 etkileyebilir. Ge\u00e7mi\u015f olsun. pic.twitter.com\/fiv83WCFxi \u2014 Prof. Dr. Naci G\u00f6r\u00fcr (@nacigorur) June 5, 2025 2 G\u00dcN \u00d6NCE B\u0130R DEPREM DAHA YA\u015eANMI\u015eTI Pe\u015f pe\u015fe ya\u015fanan depremlerin ard\u0131ndan hen\u00fcz can veya mal kayb\u0131na ili\u015fkin bir a\u00e7\u0131klama yap\u0131lmad\u0131. 2 g\u00fcn \u00f6nce ise (3 Haziran 2025) Mu\u011fla&#8217;da gece saatlerinde 5,8 \u015fiddetinde meydana gelen deprem Antalya\u2019da hissedilmi\u015fti. Ya\u015fana ndepremde ya\u015fad\u0131klar\u0131 panikten dolay\u0131 evlerin ve otellerin balkonundan atlayan 75 ki\u015fi yaralanm\u0131\u015ft\u0131. 14 ya\u015f\u0131ndaki Afranur G\u00fcnl\u00fc ise deprem an\u0131nda &hellip;","og_url":"https:\/\/denizcankizil.tr\/de\/haberler\/gundem\/naci-gorurden-endiselendiren-aciklama-egedeki-deprem-istanbul-kolu-uzerinde\/","og_site_name":"Av. Deniz Can K\u0131z\u0131l","article_published_time":"2025-06-05T07:41:51+00:00","author":"Antalya K\u00f6rfez","twitter_card":"summary_large_image","twitter_misc":{"Verfasst von":"Antalya K\u00f6rfez","Gesch\u00e4tzte Lesezeit":"2\u00a0Minuten"},"schema":{"@context":"https:\/\/schema.org","@graph":[{"@type":"Article","@id":"https:\/\/denizcankizil.tr\/en\/haberler\/gundem\/naci-gorurden-endiselendiren-aciklama-egedeki-deprem-istanbul-kolu-uzerinde\/#article","isPartOf":{"@id":"https:\/\/denizcankizil.tr\/en\/haberler\/gundem\/naci-gorurden-endiselendiren-aciklama-egedeki-deprem-istanbul-kolu-uzerinde\/"},"author":{"name":"Antalya K\u00f6rfez","@id":"https:\/\/denizcankizil.tr\/#\/schema\/person\/e1eb71bb4dd684d46563f0af307e1234"},"headline":"Naci G\u00f6r\u00fcr\u2019den endi\u015felendiren a\u00e7\u0131klama: \u201cEge\u2019deki deprem, \u0130stanbul kolu \u00fczerinde\u201d","datePublished":"2025-06-05T07:41:51+00:00","mainEntityOfPage":{"@id":"https:\/\/denizcankizil.tr\/en\/haberler\/gundem\/naci-gorurden-endiselendiren-aciklama-egedeki-deprem-istanbul-kolu-uzerinde\/"},"wordCount":353,"publisher":{"@id":"https:\/\/denizcankizil.tr\/#organization"},"articleSection":["G\u00fcndem"],"inLanguage":"de"},{"@type":"WebPage","@id":"https:\/\/denizcankizil.tr\/en\/haberler\/gundem\/naci-gorurden-endiselendiren-aciklama-egedeki-deprem-istanbul-kolu-uzerinde\/","url":"https:\/\/denizcankizil.tr\/en\/haberler\/gundem\/naci-gorurden-endiselendiren-aciklama-egedeki-deprem-istanbul-kolu-uzerinde\/","name":"Naci G\u00f6r\u00fcr\u2019den endi\u015felendiren a\u00e7\u0131klama: \u201cEge\u2019deki deprem, \u0130stanbul kolu \u00fczerinde\u201d - Av. Deniz Can K\u0131z\u0131l","isPartOf":{"@id":"https:\/\/denizcankizil.tr\/#website"},"datePublished":"2025-06-05T07:41:51+00:00","breadcrumb":{"@id":"https:\/\/denizcankizil.tr\/en\/haberler\/gundem\/naci-gorurden-endiselendiren-aciklama-egedeki-deprem-istanbul-kolu-uzerinde\/#breadcrumb"},"inLanguage":"de","potentialAction":[{"@type":"ReadAction","target":["https:\/\/denizcankizil.tr\/en\/haberler\/gundem\/naci-gorurden-endiselendiren-aciklama-egedeki-deprem-istanbul-kolu-uzerinde\/"]}]},{"@type":"BreadcrumbList","@id":"https:\/\/denizcankizil.tr\/en\/haberler\/gundem\/naci-gorurden-endiselendiren-aciklama-egedeki-deprem-istanbul-kolu-uzerinde\/#breadcrumb","itemListElement":[{"@type":"ListItem","position":1,"name":"Home","item":"https:\/\/denizcankizil.tr\/de\/"},{"@type":"ListItem","position":2,"name":"Naci G\u00f6r\u00fcr\u2019den endi\u015felendiren a\u00e7\u0131klama: \u201cEge\u2019deki deprem, \u0130stanbul kolu \u00fczerinde\u201d"}]},{"@type":"WebSite","@id":"https:\/\/denizcankizil.tr\/#website","url":"https:\/\/denizcankizil.tr\/","name":"Av. Deniz Can K\u0131z\u0131l","description":"Avukat Deniz Can K\u0131z\u0131l Antalya Barosu","publisher":{"@id":"https:\/\/denizcankizil.tr\/#organization"},"potentialAction":[{"@type":"SearchAction","target":{"@type":"EntryPoint","urlTemplate":"https:\/\/denizcankizil.tr\/?s={search_term_string}"},"query-input":{"@type":"PropertyValueSpecification","valueRequired":true,"valueName":"search_term_string"}}],"inLanguage":"de"},{"@type":"Organization","@id":"https:\/\/denizcankizil.tr\/#organization","name":"Av. Deniz Can K\u0131z\u0131l","url":"https:\/\/denizcankizil.tr\/","logo":{"@type":"ImageObject","inLanguage":"de","@id":"https:\/\/denizcankizil.tr\/#\/schema\/logo\/image\/","url":"https:\/\/denizcankizil.tr\/wp-content\/uploads\/2024\/10\/siyah-logo-svg.svg","contentUrl":"https:\/\/denizcankizil.tr\/wp-content\/uploads\/2024\/10\/siyah-logo-svg.svg","width":1080,"height":1080,"caption":"Av. Deniz Can K\u0131z\u0131l"},"image":{"@id":"https:\/\/denizcankizil.tr\/#\/schema\/logo\/image\/"}},{"@type":"Person","@id":"https:\/\/denizcankizil.tr\/#\/schema\/person\/e1eb71bb4dd684d46563f0af307e1234","name":"Antalya K\u00f6rfez","image":{"@type":"ImageObject","inLanguage":"de","@id":"https:\/\/denizcankizil.tr\/#\/schema\/person\/image\/","url":"https:\/\/secure.gravatar.com\/avatar\/42b01982558a48a0b501fdcab6a408d3717ea5919095ee2e67b0e521799c5905?s=96&d=mm&r=g","contentUrl":"https:\/\/secure.gravatar.com\/avatar\/42b01982558a48a0b501fdcab6a408d3717ea5919095ee2e67b0e521799c5905?s=96&d=mm&r=g","caption":"Antalya K\u00f6rfez"},"sameAs":["http:\/\/www.antalyakorfez.com"],"url":"https:\/\/www.antalyakorfez.com\/naci-gorurden-endiselendiren-aciklama-egedeki-deprem-istanbul-kolu-uzerinde"}]}},"_links":{"self":[{"href":"https:\/\/denizcankizil.tr\/de\/wp-json\/wp\/v2\/posts\/107140","targetHints":{"allow":["GET"]}}],"collection":[{"href":"https:\/\/denizcankizil.tr\/de\/wp-json\/wp\/v2\/posts"}],"about":[{"href":"https:\/\/denizcankizil.tr\/de\/wp-json\/wp\/v2\/types\/post"}],"author":[{"embeddable":true,"href":"https:\/\/denizcankizil.tr\/de\/wp-json\/wp\/v2\/users\/5"}],"replies":[{"embeddable":true,"href":"https:\/\/denizcankizil.tr\/de\/wp-json\/wp\/v2\/comments?post=107140"}],"version-history":[{"count":0,"href":"https:\/\/denizcankizil.tr\/de\/wp-json\/wp\/v2\/posts\/107140\/revisions"}],"wp:attachment":[{"href":"https:\/\/denizcankizil.tr\/de\/wp-json\/wp\/v2\/media?parent=107140"}],"wp:term":[{"taxonomy":"category","embeddable":true,"href":"https:\/\/denizcankizil.tr\/de\/wp-json\/wp\/v2\/categories?post=107140"},{"taxonomy":"post_tag","embeddable":true,"href":"https:\/\/denizcankizil.tr\/de\/wp-json\/wp\/v2\/tags?post=107140"}],"curies":[{"name":"wp","href":"https:\/\/api.w.org\/{rel}","templated":true}]}}