{"id":10713,"date":"2024-10-31T15:41:21","date_gmt":"2024-10-31T12:41:21","guid":{"rendered":"https:\/\/denizcankizil.tr\/uncategorized-tr\/ormanlarin-korunmasi-icin-onemli-adimlar-atildi\/"},"modified":"2024-10-31T15:41:21","modified_gmt":"2024-10-31T12:41:21","slug":"ormanlarin-korunmasi-icin-onemli-adimlar-atildi","status":"publish","type":"post","link":"https:\/\/denizcankizil.tr\/de\/haberler\/gundem\/ormanlarin-korunmasi-icin-onemli-adimlar-atildi\/","title":{"rendered":"Ormanlar\u0131n Korunmas\u0131 \u0130\u00e7in \u00d6nemli Ad\u0131mlar At\u0131ld\u0131"},"content":{"rendered":"<p>Hatay B\u00f6lge M\u00fcd\u00fcr Yard\u0131mc\u0131s\u0131 Adnan Zorlukan Aber&#8217;in koordinasyonunda, orman zararl\u0131lar\u0131yla m\u00fccadele ve yasa d\u0131\u015f\u0131 m\u00fcdahalelerin \u00f6nlenmesi i\u00e7in T\u00fcrkiye genelinde sabit ve ge\u00e7ici Mobil Kontrol Noktalar\u0131nda, saat 14.00-20.00 aras\u0131nda \u00f6nleme aramalar\u0131 yap\u0131ld\u0131.<\/p>\n<p>Denetimlerde, herhangi bir usuls\u00fczl\u00fck tespit edilmesi veya makul \u015f\u00fcphe olu\u015fmas\u0131 durumunda, Cumhuriyet Savc\u0131l\u0131\u011f\u0131&#8217;ndan gerekli izinler al\u0131narak yasal i\u015flemlere ba\u015fvurulaca\u011f\u0131 belirtildi.<\/p>\n<p>Bu uygulama, orman su\u00e7lar\u0131yla m\u00fccadelede etkinli\u011fin art\u0131r\u0131lmas\u0131n\u0131 ve do\u011fal kaynaklar\u0131n korunmas\u0131n\u0131 hedefliyor.<\/p>\n<p>\u200bHatay Orman B\u00f6lge M\u00fcd\u00fcrl\u00fc\u011f\u00fc, Orman Genel M\u00fcd\u00fcrl\u00fc\u011f\u00fc&#8217;n\u00fcn talimatlar\u0131 do\u011frultusunda, ormanlar\u0131n korunmas\u0131 ve do\u011fal kaynaklar\u0131n gelecek nesillere sa\u011fl\u0131kl\u0131 aktar\u0131lmas\u0131 amac\u0131yla e\u015f zamanl\u0131 denetim ger\u00e7ekle\u015ftirdi.\u00a0<\/p>\n<p>\u200bHaberin Al\u0131nt\u0131land\u0131\u011f\u0131 Kaynak: www.iskenderun.org<\/p>","protected":false},"excerpt":{"rendered":"<p>Hatay B\u00f6lge M\u00fcd\u00fcr Yard\u0131mc\u0131s\u0131 Adnan Zorlukan Aber&#8217;in koordinasyonunda, orman zararl\u0131lar\u0131yla m\u00fccadele ve yasa d\u0131\u015f\u0131 m\u00fcdahalelerin \u00f6nlenmesi i\u00e7in T\u00fcrkiye genelinde sabit ve ge\u00e7ici Mobil Kontrol Noktalar\u0131nda, saat 14.00-20.00 aras\u0131nda \u00f6nleme aramalar\u0131 yap\u0131ld\u0131. Denetimlerde, herhangi bir usuls\u00fczl\u00fck tespit edilmesi veya makul \u015f\u00fcphe olu\u015fmas\u0131 durumunda, Cumhuriyet Savc\u0131l\u0131\u011f\u0131&#8217;ndan gerekli izinler al\u0131narak yasal i\u015flemlere ba\u015fvurulaca\u011f\u0131 belirtildi. Bu uygulama, orman su\u00e7lar\u0131yla m\u00fccadelede etkinli\u011fin art\u0131r\u0131lmas\u0131n\u0131 ve do\u011fal kaynaklar\u0131n korunmas\u0131n\u0131 hedefliyor. \u200bHatay Orman B\u00f6lge M\u00fcd\u00fcrl\u00fc\u011f\u00fc, Orman Genel M\u00fcd\u00fcrl\u00fc\u011f\u00fc&#8217;n\u00fcn talimatlar\u0131 do\u011frultusunda, ormanlar\u0131n korunmas\u0131 ve do\u011fal kaynaklar\u0131n gelecek nesillere sa\u011fl\u0131kl\u0131 aktar\u0131lmas\u0131 amac\u0131yla e\u015f zamanl\u0131 denetim ger\u00e7ekle\u015ftirdi.\u00a0 \u200bHaberin Al\u0131nt\u0131land\u0131\u011f\u0131 Kaynak: www.iskenderun.org<\/p>","protected":false},"author":0,"featured_media":0,"comment_status":"open","ping_status":"open","sticky":false,"template":"","format":"standard","meta":{"_acf_changed":false,"footnotes":""},"categories":[24,535],"tags":[],"class_list":["post-10713","post","type-post","status-publish","format-standard","has-post-thumbnail","hentry","category-gundem","category-uncategorized-tr"],"acf":[],"yoast_head":"<!-- This site is optimized with the Yoast SEO Premium plugin v26.6 (Yoast SEO v27.1.1) - https:\/\/yoast.com\/product\/yoast-seo-premium-wordpress\/ -->\n<title>Ormanlar\u0131n Korunmas\u0131 \u0130\u00e7in \u00d6nemli Ad\u0131mlar At\u0131ld\u0131 - Av. Deniz Can K\u0131z\u0131l<\/title>\n<meta name=\"robots\" content=\"index, follow, max-snippet:-1, max-image-preview:large, max-video-preview:-1\" \/>\n<link rel=\"canonical\" href=\"https:\/\/denizcankizil.tr\/de\/haberler\/gundem\/ormanlarin-korunmasi-icin-onemli-adimlar-atildi\/\" \/>\n<meta property=\"og:locale\" content=\"de_DE\" \/>\n<meta property=\"og:type\" content=\"article\" \/>\n<meta property=\"og:title\" content=\"Ormanlar\u0131n Korunmas\u0131 \u0130\u00e7in \u00d6nemli Ad\u0131mlar At\u0131ld\u0131\" \/>\n<meta property=\"og:description\" content=\"Hatay B\u00f6lge M\u00fcd\u00fcr Yard\u0131mc\u0131s\u0131 Adnan Zorlukan Aber&#8217;in koordinasyonunda, orman zararl\u0131lar\u0131yla m\u00fccadele ve yasa d\u0131\u015f\u0131 m\u00fcdahalelerin \u00f6nlenmesi i\u00e7in T\u00fcrkiye genelinde sabit ve ge\u00e7ici Mobil Kontrol Noktalar\u0131nda, saat 14.00-20.00 aras\u0131nda \u00f6nleme aramalar\u0131 yap\u0131ld\u0131. Denetimlerde, herhangi bir usuls\u00fczl\u00fck tespit edilmesi veya makul \u015f\u00fcphe olu\u015fmas\u0131 durumunda, Cumhuriyet Savc\u0131l\u0131\u011f\u0131&#8217;ndan gerekli izinler al\u0131narak yasal i\u015flemlere ba\u015fvurulaca\u011f\u0131 belirtildi. Bu uygulama, orman su\u00e7lar\u0131yla m\u00fccadelede etkinli\u011fin art\u0131r\u0131lmas\u0131n\u0131 ve do\u011fal kaynaklar\u0131n korunmas\u0131n\u0131 hedefliyor. \u200bHatay Orman B\u00f6lge M\u00fcd\u00fcrl\u00fc\u011f\u00fc, Orman Genel M\u00fcd\u00fcrl\u00fc\u011f\u00fc&#8217;n\u00fcn talimatlar\u0131 do\u011frultusunda, ormanlar\u0131n korunmas\u0131 ve do\u011fal kaynaklar\u0131n gelecek nesillere sa\u011fl\u0131kl\u0131 aktar\u0131lmas\u0131 amac\u0131yla e\u015f zamanl\u0131 denetim ger\u00e7ekle\u015ftirdi.\u00a0 \u200bHaberin Al\u0131nt\u0131land\u0131\u011f\u0131 Kaynak: www.iskenderun.org\" \/>\n<meta property=\"og:url\" content=\"https:\/\/denizcankizil.tr\/de\/haberler\/gundem\/ormanlarin-korunmasi-icin-onemli-adimlar-atildi\/\" \/>\n<meta property=\"og:site_name\" content=\"Av. Deniz Can K\u0131z\u0131l\" \/>\n<meta property=\"article:published_time\" content=\"2024-10-31T12:41:21+00:00\" \/>\n<meta name=\"twitter:card\" content=\"summary_large_image\" \/>\n<meta name=\"twitter:label1\" content=\"Gesch\u00e4tzte Lesezeit\" \/>\n\t<meta name=\"twitter:data1\" content=\"1\u00a0Minute\" \/>\n<script type=\"application\/ld+json\" class=\"yoast-schema-graph\">{\"@context\":\"https:\/\/schema.org\",\"@graph\":[{\"@type\":\"Article\",\"@id\":\"https:\/\/denizcankizil.tr\/de\/haberler\/gundem\/ormanlarin-korunmasi-icin-onemli-adimlar-atildi\/#article\",\"isPartOf\":{\"@id\":\"https:\/\/denizcankizil.tr\/de\/haberler\/gundem\/ormanlarin-korunmasi-icin-onemli-adimlar-atildi\/\"},\"author\":{\"name\":\"\",\"@id\":\"\"},\"headline\":\"Ormanlar\u0131n Korunmas\u0131 \u0130\u00e7in \u00d6nemli Ad\u0131mlar At\u0131ld\u0131\",\"datePublished\":\"2024-10-31T12:41:21+00:00\",\"mainEntityOfPage\":{\"@id\":\"https:\/\/denizcankizil.tr\/de\/haberler\/gundem\/ormanlarin-korunmasi-icin-onemli-adimlar-atildi\/\"},\"wordCount\":154,\"commentCount\":0,\"publisher\":{\"@id\":\"https:\/\/denizcankizil.tr\/#organization\"},\"articleSection\":[\"G\u00fcndem\",\"Uncategorized\"],\"inLanguage\":\"de\",\"potentialAction\":[{\"@type\":\"CommentAction\",\"name\":\"Comment\",\"target\":[\"https:\/\/denizcankizil.tr\/de\/haberler\/gundem\/ormanlarin-korunmasi-icin-onemli-adimlar-atildi\/#respond\"]}]},{\"@type\":\"WebPage\",\"@id\":\"https:\/\/denizcankizil.tr\/de\/haberler\/gundem\/ormanlarin-korunmasi-icin-onemli-adimlar-atildi\/\",\"url\":\"https:\/\/denizcankizil.tr\/de\/haberler\/gundem\/ormanlarin-korunmasi-icin-onemli-adimlar-atildi\/\",\"name\":\"Ormanlar\u0131n Korunmas\u0131 \u0130\u00e7in \u00d6nemli Ad\u0131mlar At\u0131ld\u0131 - Av. Deniz Can K\u0131z\u0131l\",\"isPartOf\":{\"@id\":\"https:\/\/denizcankizil.tr\/#website\"},\"datePublished\":\"2024-10-31T12:41:21+00:00\",\"breadcrumb\":{\"@id\":\"https:\/\/denizcankizil.tr\/de\/haberler\/gundem\/ormanlarin-korunmasi-icin-onemli-adimlar-atildi\/#breadcrumb\"},\"inLanguage\":\"de\",\"potentialAction\":[{\"@type\":\"ReadAction\",\"target\":[\"https:\/\/denizcankizil.tr\/de\/haberler\/gundem\/ormanlarin-korunmasi-icin-onemli-adimlar-atildi\/\"]}]},{\"@type\":\"BreadcrumbList\",\"@id\":\"https:\/\/denizcankizil.tr\/de\/haberler\/gundem\/ormanlarin-korunmasi-icin-onemli-adimlar-atildi\/#breadcrumb\",\"itemListElement\":[{\"@type\":\"ListItem\",\"position\":1,\"name\":\"Home\",\"item\":\"https:\/\/denizcankizil.tr\/de\/\"},{\"@type\":\"ListItem\",\"position\":2,\"name\":\"Ormanlar\u0131n Korunmas\u0131 \u0130\u00e7in \u00d6nemli Ad\u0131mlar At\u0131ld\u0131\"}]},{\"@type\":\"WebSite\",\"@id\":\"https:\/\/denizcankizil.tr\/#website\",\"url\":\"https:\/\/denizcankizil.tr\/\",\"name\":\"Av. Deniz Can K\u0131z\u0131l\",\"description\":\"Avukat Deniz Can K\u0131z\u0131l Antalya Barosu\",\"publisher\":{\"@id\":\"https:\/\/denizcankizil.tr\/#organization\"},\"potentialAction\":[{\"@type\":\"SearchAction\",\"target\":{\"@type\":\"EntryPoint\",\"urlTemplate\":\"https:\/\/denizcankizil.tr\/?s={search_term_string}\"},\"query-input\":{\"@type\":\"PropertyValueSpecification\",\"valueRequired\":true,\"valueName\":\"search_term_string\"}}],\"inLanguage\":\"de\"},{\"@type\":\"Organization\",\"@id\":\"https:\/\/denizcankizil.tr\/#organization\",\"name\":\"Av. Deniz Can K\u0131z\u0131l\",\"url\":\"https:\/\/denizcankizil.tr\/\",\"logo\":{\"@type\":\"ImageObject\",\"inLanguage\":\"de\",\"@id\":\"https:\/\/denizcankizil.tr\/#\/schema\/logo\/image\/\",\"url\":\"https:\/\/denizcankizil.tr\/wp-content\/uploads\/2024\/10\/siyah-logo-svg.svg\",\"contentUrl\":\"https:\/\/denizcankizil.tr\/wp-content\/uploads\/2024\/10\/siyah-logo-svg.svg\",\"width\":1080,\"height\":1080,\"caption\":\"Av. Deniz Can K\u0131z\u0131l\"},\"image\":{\"@id\":\"https:\/\/denizcankizil.tr\/#\/schema\/logo\/image\/\"}}]}<\/script>\n<!-- \/ Yoast SEO Premium plugin. -->","yoast_head_json":{"title":"Ormanlar\u0131n Korunmas\u0131 \u0130\u00e7in \u00d6nemli Ad\u0131mlar At\u0131ld\u0131 - Av. Deniz Can K\u0131z\u0131l","robots":{"index":"index","follow":"follow","max-snippet":"max-snippet:-1","max-image-preview":"max-image-preview:large","max-video-preview":"max-video-preview:-1"},"canonical":"https:\/\/denizcankizil.tr\/de\/haberler\/gundem\/ormanlarin-korunmasi-icin-onemli-adimlar-atildi\/","og_locale":"de_DE","og_type":"article","og_title":"Ormanlar\u0131n Korunmas\u0131 \u0130\u00e7in \u00d6nemli Ad\u0131mlar At\u0131ld\u0131","og_description":"Hatay B\u00f6lge M\u00fcd\u00fcr Yard\u0131mc\u0131s\u0131 Adnan Zorlukan Aber&#8217;in koordinasyonunda, orman zararl\u0131lar\u0131yla m\u00fccadele ve yasa d\u0131\u015f\u0131 m\u00fcdahalelerin \u00f6nlenmesi i\u00e7in T\u00fcrkiye genelinde sabit ve ge\u00e7ici Mobil Kontrol Noktalar\u0131nda, saat 14.00-20.00 aras\u0131nda \u00f6nleme aramalar\u0131 yap\u0131ld\u0131. Denetimlerde, herhangi bir usuls\u00fczl\u00fck tespit edilmesi veya makul \u015f\u00fcphe olu\u015fmas\u0131 durumunda, Cumhuriyet Savc\u0131l\u0131\u011f\u0131&#8217;ndan gerekli izinler al\u0131narak yasal i\u015flemlere ba\u015fvurulaca\u011f\u0131 belirtildi. Bu uygulama, orman su\u00e7lar\u0131yla m\u00fccadelede etkinli\u011fin art\u0131r\u0131lmas\u0131n\u0131 ve do\u011fal kaynaklar\u0131n korunmas\u0131n\u0131 hedefliyor. \u200bHatay Orman B\u00f6lge M\u00fcd\u00fcrl\u00fc\u011f\u00fc, Orman Genel M\u00fcd\u00fcrl\u00fc\u011f\u00fc&#8217;n\u00fcn talimatlar\u0131 do\u011frultusunda, ormanlar\u0131n korunmas\u0131 ve do\u011fal kaynaklar\u0131n gelecek nesillere sa\u011fl\u0131kl\u0131 aktar\u0131lmas\u0131 amac\u0131yla e\u015f zamanl\u0131 denetim ger\u00e7ekle\u015ftirdi.\u00a0 \u200bHaberin Al\u0131nt\u0131land\u0131\u011f\u0131 Kaynak: www.iskenderun.org","og_url":"https:\/\/denizcankizil.tr\/de\/haberler\/gundem\/ormanlarin-korunmasi-icin-onemli-adimlar-atildi\/","og_site_name":"Av. Deniz Can K\u0131z\u0131l","article_published_time":"2024-10-31T12:41:21+00:00","twitter_card":"summary_large_image","twitter_misc":{"Gesch\u00e4tzte Lesezeit":"1\u00a0Minute"},"schema":{"@context":"https:\/\/schema.org","@graph":[{"@type":"Article","@id":"https:\/\/denizcankizil.tr\/de\/haberler\/gundem\/ormanlarin-korunmasi-icin-onemli-adimlar-atildi\/#article","isPartOf":{"@id":"https:\/\/denizcankizil.tr\/de\/haberler\/gundem\/ormanlarin-korunmasi-icin-onemli-adimlar-atildi\/"},"author":{"name":"","@id":""},"headline":"Ormanlar\u0131n Korunmas\u0131 \u0130\u00e7in \u00d6nemli Ad\u0131mlar At\u0131ld\u0131","datePublished":"2024-10-31T12:41:21+00:00","mainEntityOfPage":{"@id":"https:\/\/denizcankizil.tr\/de\/haberler\/gundem\/ormanlarin-korunmasi-icin-onemli-adimlar-atildi\/"},"wordCount":154,"commentCount":0,"publisher":{"@id":"https:\/\/denizcankizil.tr\/#organization"},"articleSection":["G\u00fcndem","Uncategorized"],"inLanguage":"de","potentialAction":[{"@type":"CommentAction","name":"Comment","target":["https:\/\/denizcankizil.tr\/de\/haberler\/gundem\/ormanlarin-korunmasi-icin-onemli-adimlar-atildi\/#respond"]}]},{"@type":"WebPage","@id":"https:\/\/denizcankizil.tr\/de\/haberler\/gundem\/ormanlarin-korunmasi-icin-onemli-adimlar-atildi\/","url":"https:\/\/denizcankizil.tr\/de\/haberler\/gundem\/ormanlarin-korunmasi-icin-onemli-adimlar-atildi\/","name":"Ormanlar\u0131n Korunmas\u0131 \u0130\u00e7in \u00d6nemli Ad\u0131mlar At\u0131ld\u0131 - Av. Deniz Can K\u0131z\u0131l","isPartOf":{"@id":"https:\/\/denizcankizil.tr\/#website"},"datePublished":"2024-10-31T12:41:21+00:00","breadcrumb":{"@id":"https:\/\/denizcankizil.tr\/de\/haberler\/gundem\/ormanlarin-korunmasi-icin-onemli-adimlar-atildi\/#breadcrumb"},"inLanguage":"de","potentialAction":[{"@type":"ReadAction","target":["https:\/\/denizcankizil.tr\/de\/haberler\/gundem\/ormanlarin-korunmasi-icin-onemli-adimlar-atildi\/"]}]},{"@type":"BreadcrumbList","@id":"https:\/\/denizcankizil.tr\/de\/haberler\/gundem\/ormanlarin-korunmasi-icin-onemli-adimlar-atildi\/#breadcrumb","itemListElement":[{"@type":"ListItem","position":1,"name":"Home","item":"https:\/\/denizcankizil.tr\/de\/"},{"@type":"ListItem","position":2,"name":"Ormanlar\u0131n Korunmas\u0131 \u0130\u00e7in \u00d6nemli Ad\u0131mlar At\u0131ld\u0131"}]},{"@type":"WebSite","@id":"https:\/\/denizcankizil.tr\/#website","url":"https:\/\/denizcankizil.tr\/","name":"Av. Deniz Can K\u0131z\u0131l","description":"Avukat Deniz Can K\u0131z\u0131l Antalya Barosu","publisher":{"@id":"https:\/\/denizcankizil.tr\/#organization"},"potentialAction":[{"@type":"SearchAction","target":{"@type":"EntryPoint","urlTemplate":"https:\/\/denizcankizil.tr\/?s={search_term_string}"},"query-input":{"@type":"PropertyValueSpecification","valueRequired":true,"valueName":"search_term_string"}}],"inLanguage":"de"},{"@type":"Organization","@id":"https:\/\/denizcankizil.tr\/#organization","name":"Av. Deniz Can K\u0131z\u0131l","url":"https:\/\/denizcankizil.tr\/","logo":{"@type":"ImageObject","inLanguage":"de","@id":"https:\/\/denizcankizil.tr\/#\/schema\/logo\/image\/","url":"https:\/\/denizcankizil.tr\/wp-content\/uploads\/2024\/10\/siyah-logo-svg.svg","contentUrl":"https:\/\/denizcankizil.tr\/wp-content\/uploads\/2024\/10\/siyah-logo-svg.svg","width":1080,"height":1080,"caption":"Av. Deniz Can K\u0131z\u0131l"},"image":{"@id":"https:\/\/denizcankizil.tr\/#\/schema\/logo\/image\/"}}]}},"_links":{"self":[{"href":"https:\/\/denizcankizil.tr\/de\/wp-json\/wp\/v2\/posts\/10713","targetHints":{"allow":["GET"]}}],"collection":[{"href":"https:\/\/denizcankizil.tr\/de\/wp-json\/wp\/v2\/posts"}],"about":[{"href":"https:\/\/denizcankizil.tr\/de\/wp-json\/wp\/v2\/types\/post"}],"replies":[{"embeddable":true,"href":"https:\/\/denizcankizil.tr\/de\/wp-json\/wp\/v2\/comments?post=10713"}],"version-history":[{"count":0,"href":"https:\/\/denizcankizil.tr\/de\/wp-json\/wp\/v2\/posts\/10713\/revisions"}],"wp:attachment":[{"href":"https:\/\/denizcankizil.tr\/de\/wp-json\/wp\/v2\/media?parent=10713"}],"wp:term":[{"taxonomy":"category","embeddable":true,"href":"https:\/\/denizcankizil.tr\/de\/wp-json\/wp\/v2\/categories?post=10713"},{"taxonomy":"post_tag","embeddable":true,"href":"https:\/\/denizcankizil.tr\/de\/wp-json\/wp\/v2\/tags?post=10713"}],"curies":[{"name":"wp","href":"https:\/\/api.w.org\/{rel}","templated":true}]}}