{"id":106370,"date":"2025-06-04T16:41:32","date_gmt":"2025-06-04T13:41:32","guid":{"rendered":"https:\/\/denizcankizil.tr\/uncategorized-tr\/marketten-hirsizlik-yapan-kadinlar-ticari-takside-yakalandi\/"},"modified":"2025-06-04T16:41:32","modified_gmt":"2025-06-04T13:41:32","slug":"marketten-hirsizlik-yapan-kadinlar-ticari-takside-yakalandi","status":"publish","type":"post","link":"https:\/\/denizcankizil.tr\/de\/haberler\/antalya\/marketten-hirsizlik-yapan-kadinlar-ticari-takside-yakalandi\/","title":{"rendered":"Marketten h\u0131rs\u0131zl\u0131k yapan kad\u0131nlar, ticari takside yakaland\u0131"},"content":{"rendered":"<p>Olay d\u00fcn saat 15.45 s\u0131ralar\u0131nda Muratpa\u015fa il\u00e7esi Y\u00fcksekalan Mahallesi Mevlana Caddesi \u00fczerinde bulunan bir markette meydana geldi. Markete m\u00fc\u015fteri gibi gelen 3 kad\u0131n ve 1 k\u00fc\u00e7\u00fck ya\u015ftaki \u00e7ocuk i\u015fletmenin d\u0131\u015f\u0131nda duran dolaplardan yakla\u015f\u0131k 10&#8217;a yak\u0131n dondurma, 4 adet de i\u00e7ece\u011fi k\u0131yafetlerinin i\u00e7ine koydu.<\/p>\n<p>K\u0131yafetlerinin i\u00e7ine saklad\u0131lar<br \/>\nKad\u0131nlardan birisi ald\u0131\u011f\u0131 market i\u00e7ine girerek ald\u0131\u011f\u0131 \u00fcr\u00fcnlerin fiyat\u0131n\u0131 sordu. Bu s\u0131rada di\u011fer iki kad\u0131n dolaptan ald\u0131klar\u0131 \u00fcr\u00fcnleri k\u0131yafetlerinin i\u00e7ine saklamay\u0131 s\u00fcrd\u00fcrd\u00fc. Durumdan \u015f\u00fcphelenen market sahibi d\u0131\u015far\u0131 \u00e7\u0131karken kad\u0131nlar al\u0131\u015fveri\u015f yapmaktan vazge\u00e7erek b\u00f6lgeden uzakla\u015ft\u0131. G\u00fcvenlik kameras\u0131n\u0131 izleyen ve kad\u0131nlar\u0131n \u00fcr\u00fcnleri usta bir \u015fekilde k\u0131yafetlerinin i\u00e7ine saklad\u0131\u011f\u0131n\u0131 g\u00f6ren market sahibi tekrar d\u0131\u015far\u0131 \u00e7\u0131kt\u0131\u011f\u0131nda \u015f\u00fcphelilerin yak\u0131n bir noktada bulunan taksi dura\u011f\u0131ndan ticari taksiye binerek b\u00f6lgeden ayr\u0131ld\u0131\u011f\u0131n\u0131 g\u00f6rd\u00fc.<\/p>\n<p>\u015eahin Timi&#8217;nin dikkatinden ka\u00e7mad\u0131<br \/>\n\u0130\u015fyeri sahibinin 112 Acil \u00c7a\u011fr\u0131 Merkezi&#8217;ni arayarak durumu bildirmesinin ard\u0131ndan \u015f\u00fcphelilerin bindi\u011fi ticari taksi polis telsizinden anons edildi. Bu s\u0131rada kav\u015fak sisteminde g\u00f6revli \u015eahin Timi telsizden anons edilen plakan\u0131n bulundu\u011fu kav\u015faktan ge\u00e7erek Yenig\u00fcn Mahallesi ara sokaklara girdi\u011fini fark etti. Arac\u0131n pe\u015fine d\u00fc\u015fen trafik polisi k\u0131sa s\u00fcre sonra ticari taksiyi Yenig\u00fcn Mahellesi 1051 sokak \u00fczerinde durdurdu. Taksi \u015fof\u00f6r\u00fc olanlara anlam vermeye \u00e7al\u0131\u015f\u0131rken ara\u00e7ta bulunan kad\u0131nlar ticari taksiden inerek ka\u00e7maya \u00e7al\u0131\u015ft\u0131. Bunun \u00fczerine b\u00f6lgeye \u00e7ok say\u0131da polis ekibi takviye olarak sevk edilirken 3 kad\u0131n, polis ekiplerine zorluk \u00e7\u0131kard\u0131.<br \/>\n\u015e\u00fcpheli kad\u0131nlar, b\u00f6lgeye gelen asayi\u015f ekibi taraf\u0131ndan g\u00f6zalt\u0131na al\u0131narak kimlik tespiti ve ifade i\u015flemleri i\u00e7in polis merkezine g\u00f6t\u00fcr\u00fcld\u00fc. Market sahibi \u015fikayet\u00e7i oldu\u011fu \u015f\u00fcphelilerin zarar\u0131 kar\u015f\u0131lamas\u0131 \u00fczerine \u015fikayetinden vazge\u00e7ti.<\/p>\n<p>Taksici: &#8220;Ne oldu\u011funu ben de anlamad\u0131m&#8221;<br \/>\nOlay\u0131n \u015fa\u015fk\u0131nl\u0131\u011f\u0131n\u0131 ya\u015fayan taksici Veli B\u00fcy\u00fcksar\u0131, &#8220;Dura\u011f\u0131n yan\u0131ndan taksime bindiler. Ara\u00e7 i\u00e7erisinde \u2018Hepsini doldurma ben sana dedim&#8217; diye konu\u015fuyorlard\u0131. Tam durduk ineceklerinde polis arkada\u015flar geldi. Bende ne oldu\u011funu \u015fa\u015f\u0131rd\u0131m, ne yapaca\u011f\u0131m\u0131 da bilemedim. Polisler m\u00fcdahale etti, h\u0131rs\u0131zl\u0131k olay\u0131na kar\u0131\u015ft\u0131klar\u0131n\u0131 s\u00f6ylediler. Bizim meslekte b\u00f6yle \u015feyler olabiliyor. Kimin ne oldu\u011funu bilemiyoruz&#8221; dedi.<\/p>\n<p>Kaynak: www.kanalv.com.tr Haber Sitesinden Al\u0131nm\u0131\u015ft\u0131r.<\/p>","protected":false},"excerpt":{"rendered":"<p>Olay d\u00fcn saat 15.45 s\u0131ralar\u0131nda Muratpa\u015fa il\u00e7esi Y\u00fcksekalan Mahallesi Mevlana Caddesi \u00fczerinde bulunan bir markette meydana geldi. Markete m\u00fc\u015fteri gibi gelen 3 kad\u0131n ve 1 k\u00fc\u00e7\u00fck ya\u015ftaki \u00e7ocuk i\u015fletmenin d\u0131\u015f\u0131nda duran dolaplardan yakla\u015f\u0131k 10&#8217;a yak\u0131n dondurma, 4 adet de i\u00e7ece\u011fi k\u0131yafetlerinin i\u00e7ine koydu. K\u0131yafetlerinin i\u00e7ine saklad\u0131lar Kad\u0131nlardan birisi ald\u0131\u011f\u0131 market i\u00e7ine girerek ald\u0131\u011f\u0131 \u00fcr\u00fcnlerin fiyat\u0131n\u0131 sordu. Bu s\u0131rada di\u011fer iki kad\u0131n dolaptan ald\u0131klar\u0131 \u00fcr\u00fcnleri k\u0131yafetlerinin i\u00e7ine saklamay\u0131 s\u00fcrd\u00fcrd\u00fc. Durumdan \u015f\u00fcphelenen market sahibi d\u0131\u015far\u0131 \u00e7\u0131karken kad\u0131nlar al\u0131\u015fveri\u015f yapmaktan vazge\u00e7erek b\u00f6lgeden uzakla\u015ft\u0131. G\u00fcvenlik kameras\u0131n\u0131 izleyen ve kad\u0131nlar\u0131n \u00fcr\u00fcnleri usta bir \u015fekilde k\u0131yafetlerinin i\u00e7ine saklad\u0131\u011f\u0131n\u0131 g\u00f6ren market sahibi tekrar d\u0131\u015far\u0131 \u00e7\u0131kt\u0131\u011f\u0131nda \u015f\u00fcphelilerin yak\u0131n bir noktada bulunan taksi dura\u011f\u0131ndan ticari taksiye binerek b\u00f6lgeden ayr\u0131ld\u0131\u011f\u0131n\u0131 g\u00f6rd\u00fc. \u015eahin Timi&#8217;nin dikkatinden ka\u00e7mad\u0131 \u0130\u015fyeri sahibinin 112 Acil \u00c7a\u011fr\u0131 Merkezi&#8217;ni arayarak durumu bildirmesinin ard\u0131ndan \u015f\u00fcphelilerin bindi\u011fi ticari taksi polis telsizinden anons edildi. Bu s\u0131rada kav\u015fak sisteminde g\u00f6revli \u015eahin Timi telsizden anons edilen plakan\u0131n bulundu\u011fu kav\u015faktan ge\u00e7erek Yenig\u00fcn Mahallesi ara sokaklara girdi\u011fini fark etti. Arac\u0131n pe\u015fine d\u00fc\u015fen trafik polisi k\u0131sa s\u00fcre sonra ticari taksiyi Yenig\u00fcn Mahellesi 1051 sokak \u00fczerinde durdurdu. Taksi \u015fof\u00f6r\u00fc olanlara anlam vermeye \u00e7al\u0131\u015f\u0131rken ara\u00e7ta bulunan kad\u0131nlar ticari taksiden inerek ka\u00e7maya \u00e7al\u0131\u015ft\u0131. Bunun \u00fczerine b\u00f6lgeye \u00e7ok say\u0131da polis ekibi takviye olarak sevk edilirken 3 kad\u0131n, polis ekiplerine zorluk &hellip;<\/p>","protected":false},"author":4,"featured_media":106371,"comment_status":"","ping_status":"open","sticky":false,"template":"","format":"standard","meta":{"_acf_changed":false,"footnotes":""},"categories":[26],"tags":[],"class_list":["post-106370","post","type-post","status-publish","format-standard","has-post-thumbnail","hentry","category-antalya"],"acf":[],"yoast_head":"<!-- This site is optimized with the Yoast SEO Premium plugin v26.6 (Yoast SEO v27.1.1) - https:\/\/yoast.com\/product\/yoast-seo-premium-wordpress\/ -->\n<title>Marketten h\u0131rs\u0131zl\u0131k yapan kad\u0131nlar, ticari takside yakaland\u0131 - Av. Deniz Can K\u0131z\u0131l<\/title>\n<meta name=\"robots\" content=\"index, follow, max-snippet:-1, max-image-preview:large, max-video-preview:-1\" \/>\n<link rel=\"canonical\" href=\"https:\/\/denizcankizil.tr\/de\/haberler\/antalya\/marketten-hirsizlik-yapan-kadinlar-ticari-takside-yakalandi\/\" \/>\n<meta property=\"og:locale\" content=\"de_DE\" \/>\n<meta property=\"og:type\" content=\"article\" \/>\n<meta property=\"og:title\" content=\"Marketten h\u0131rs\u0131zl\u0131k yapan kad\u0131nlar, ticari takside yakaland\u0131\" \/>\n<meta property=\"og:description\" content=\"Olay d\u00fcn saat 15.45 s\u0131ralar\u0131nda Muratpa\u015fa il\u00e7esi Y\u00fcksekalan Mahallesi Mevlana Caddesi \u00fczerinde bulunan bir markette meydana geldi. Markete m\u00fc\u015fteri gibi gelen 3 kad\u0131n ve 1 k\u00fc\u00e7\u00fck ya\u015ftaki \u00e7ocuk i\u015fletmenin d\u0131\u015f\u0131nda duran dolaplardan yakla\u015f\u0131k 10&#8217;a yak\u0131n dondurma, 4 adet de i\u00e7ece\u011fi k\u0131yafetlerinin i\u00e7ine koydu. K\u0131yafetlerinin i\u00e7ine saklad\u0131lar Kad\u0131nlardan birisi ald\u0131\u011f\u0131 market i\u00e7ine girerek ald\u0131\u011f\u0131 \u00fcr\u00fcnlerin fiyat\u0131n\u0131 sordu. Bu s\u0131rada di\u011fer iki kad\u0131n dolaptan ald\u0131klar\u0131 \u00fcr\u00fcnleri k\u0131yafetlerinin i\u00e7ine saklamay\u0131 s\u00fcrd\u00fcrd\u00fc. Durumdan \u015f\u00fcphelenen market sahibi d\u0131\u015far\u0131 \u00e7\u0131karken kad\u0131nlar al\u0131\u015fveri\u015f yapmaktan vazge\u00e7erek b\u00f6lgeden uzakla\u015ft\u0131. G\u00fcvenlik kameras\u0131n\u0131 izleyen ve kad\u0131nlar\u0131n \u00fcr\u00fcnleri usta bir \u015fekilde k\u0131yafetlerinin i\u00e7ine saklad\u0131\u011f\u0131n\u0131 g\u00f6ren market sahibi tekrar d\u0131\u015far\u0131 \u00e7\u0131kt\u0131\u011f\u0131nda \u015f\u00fcphelilerin yak\u0131n bir noktada bulunan taksi dura\u011f\u0131ndan ticari taksiye binerek b\u00f6lgeden ayr\u0131ld\u0131\u011f\u0131n\u0131 g\u00f6rd\u00fc. \u015eahin Timi&#8217;nin dikkatinden ka\u00e7mad\u0131 \u0130\u015fyeri sahibinin 112 Acil \u00c7a\u011fr\u0131 Merkezi&#8217;ni arayarak durumu bildirmesinin ard\u0131ndan \u015f\u00fcphelilerin bindi\u011fi ticari taksi polis telsizinden anons edildi. Bu s\u0131rada kav\u015fak sisteminde g\u00f6revli \u015eahin Timi telsizden anons edilen plakan\u0131n bulundu\u011fu kav\u015faktan ge\u00e7erek Yenig\u00fcn Mahallesi ara sokaklara girdi\u011fini fark etti. Arac\u0131n pe\u015fine d\u00fc\u015fen trafik polisi k\u0131sa s\u00fcre sonra ticari taksiyi Yenig\u00fcn Mahellesi 1051 sokak \u00fczerinde durdurdu. Taksi \u015fof\u00f6r\u00fc olanlara anlam vermeye \u00e7al\u0131\u015f\u0131rken ara\u00e7ta bulunan kad\u0131nlar ticari taksiden inerek ka\u00e7maya \u00e7al\u0131\u015ft\u0131. Bunun \u00fczerine b\u00f6lgeye \u00e7ok say\u0131da polis ekibi takviye olarak sevk edilirken 3 kad\u0131n, polis ekiplerine zorluk &hellip;\" \/>\n<meta property=\"og:url\" content=\"https:\/\/denizcankizil.tr\/de\/haberler\/antalya\/marketten-hirsizlik-yapan-kadinlar-ticari-takside-yakalandi\/\" \/>\n<meta property=\"og:site_name\" content=\"Av. Deniz Can K\u0131z\u0131l\" \/>\n<meta property=\"article:published_time\" content=\"2025-06-04T13:41:32+00:00\" \/>\n<meta property=\"og:image\" content=\"https:\/\/denizcankizil.tr\/wp-content\/uploads\/2025\/06\/6714-01-AyrRc6.jpg\" \/>\n\t<meta property=\"og:image:width\" content=\"1280\" \/>\n\t<meta property=\"og:image:height\" content=\"720\" \/>\n\t<meta property=\"og:image:type\" content=\"image\/jpeg\" \/>\n<meta name=\"author\" content=\"Av. Deniz Can K\u0131z\u0131l\" \/>\n<meta name=\"twitter:card\" content=\"summary_large_image\" \/>\n<meta name=\"twitter:label1\" content=\"Verfasst von\" \/>\n\t<meta name=\"twitter:data1\" content=\"Av. Deniz Can K\u0131z\u0131l\" \/>\n\t<meta name=\"twitter:label2\" content=\"Gesch\u00e4tzte Lesezeit\" \/>\n\t<meta name=\"twitter:data2\" content=\"2\u00a0Minuten\" \/>\n<script type=\"application\/ld+json\" class=\"yoast-schema-graph\">{\"@context\":\"https:\/\/schema.org\",\"@graph\":[{\"@type\":\"Article\",\"@id\":\"https:\/\/denizcankizil.tr\/de\/haberler\/antalya\/marketten-hirsizlik-yapan-kadinlar-ticari-takside-yakalandi\/#article\",\"isPartOf\":{\"@id\":\"https:\/\/denizcankizil.tr\/de\/haberler\/antalya\/marketten-hirsizlik-yapan-kadinlar-ticari-takside-yakalandi\/\"},\"author\":{\"name\":\"Av. Deniz Can K\u0131z\u0131l\",\"@id\":\"https:\/\/denizcankizil.tr\/#\/schema\/person\/5dc1b22991bd7ac833867c10afc9b0ff\"},\"headline\":\"Marketten h\u0131rs\u0131zl\u0131k yapan kad\u0131nlar, ticari takside yakaland\u0131\",\"datePublished\":\"2025-06-04T13:41:32+00:00\",\"mainEntityOfPage\":{\"@id\":\"https:\/\/denizcankizil.tr\/de\/haberler\/antalya\/marketten-hirsizlik-yapan-kadinlar-ticari-takside-yakalandi\/\"},\"wordCount\":431,\"publisher\":{\"@id\":\"https:\/\/denizcankizil.tr\/#organization\"},\"image\":{\"@id\":\"https:\/\/denizcankizil.tr\/de\/haberler\/antalya\/marketten-hirsizlik-yapan-kadinlar-ticari-takside-yakalandi\/#primaryimage\"},\"thumbnailUrl\":\"https:\/\/denizcankizil.tr\/wp-content\/uploads\/2025\/06\/6714-01-AyrRc6.jpg\",\"articleSection\":[\"Antalya\"],\"inLanguage\":\"de\"},{\"@type\":\"WebPage\",\"@id\":\"https:\/\/denizcankizil.tr\/de\/haberler\/antalya\/marketten-hirsizlik-yapan-kadinlar-ticari-takside-yakalandi\/\",\"url\":\"https:\/\/denizcankizil.tr\/de\/haberler\/antalya\/marketten-hirsizlik-yapan-kadinlar-ticari-takside-yakalandi\/\",\"name\":\"Marketten h\u0131rs\u0131zl\u0131k yapan kad\u0131nlar, ticari takside yakaland\u0131 - Av. Deniz Can K\u0131z\u0131l\",\"isPartOf\":{\"@id\":\"https:\/\/denizcankizil.tr\/#website\"},\"primaryImageOfPage\":{\"@id\":\"https:\/\/denizcankizil.tr\/de\/haberler\/antalya\/marketten-hirsizlik-yapan-kadinlar-ticari-takside-yakalandi\/#primaryimage\"},\"image\":{\"@id\":\"https:\/\/denizcankizil.tr\/de\/haberler\/antalya\/marketten-hirsizlik-yapan-kadinlar-ticari-takside-yakalandi\/#primaryimage\"},\"thumbnailUrl\":\"https:\/\/denizcankizil.tr\/wp-content\/uploads\/2025\/06\/6714-01-AyrRc6.jpg\",\"datePublished\":\"2025-06-04T13:41:32+00:00\",\"breadcrumb\":{\"@id\":\"https:\/\/denizcankizil.tr\/de\/haberler\/antalya\/marketten-hirsizlik-yapan-kadinlar-ticari-takside-yakalandi\/#breadcrumb\"},\"inLanguage\":\"de\",\"potentialAction\":[{\"@type\":\"ReadAction\",\"target\":[\"https:\/\/denizcankizil.tr\/de\/haberler\/antalya\/marketten-hirsizlik-yapan-kadinlar-ticari-takside-yakalandi\/\"]}]},{\"@type\":\"ImageObject\",\"inLanguage\":\"de\",\"@id\":\"https:\/\/denizcankizil.tr\/de\/haberler\/antalya\/marketten-hirsizlik-yapan-kadinlar-ticari-takside-yakalandi\/#primaryimage\",\"url\":\"https:\/\/denizcankizil.tr\/wp-content\/uploads\/2025\/06\/6714-01-AyrRc6.jpg\",\"contentUrl\":\"https:\/\/denizcankizil.tr\/wp-content\/uploads\/2025\/06\/6714-01-AyrRc6.jpg\",\"width\":1280,\"height\":720},{\"@type\":\"BreadcrumbList\",\"@id\":\"https:\/\/denizcankizil.tr\/de\/haberler\/antalya\/marketten-hirsizlik-yapan-kadinlar-ticari-takside-yakalandi\/#breadcrumb\",\"itemListElement\":[{\"@type\":\"ListItem\",\"position\":1,\"name\":\"Home\",\"item\":\"https:\/\/denizcankizil.tr\/uk\/\"},{\"@type\":\"ListItem\",\"position\":2,\"name\":\"Marketten h\u0131rs\u0131zl\u0131k yapan kad\u0131nlar, ticari takside yakaland\u0131\"}]},{\"@type\":\"WebSite\",\"@id\":\"https:\/\/denizcankizil.tr\/#website\",\"url\":\"https:\/\/denizcankizil.tr\/\",\"name\":\"Av. Deniz Can K\u0131z\u0131l\",\"description\":\"Avukat Deniz Can K\u0131z\u0131l Antalya Barosu\",\"publisher\":{\"@id\":\"https:\/\/denizcankizil.tr\/#organization\"},\"potentialAction\":[{\"@type\":\"SearchAction\",\"target\":{\"@type\":\"EntryPoint\",\"urlTemplate\":\"https:\/\/denizcankizil.tr\/?s={search_term_string}\"},\"query-input\":{\"@type\":\"PropertyValueSpecification\",\"valueRequired\":true,\"valueName\":\"search_term_string\"}}],\"inLanguage\":\"de\"},{\"@type\":\"Organization\",\"@id\":\"https:\/\/denizcankizil.tr\/#organization\",\"name\":\"Av. Deniz Can K\u0131z\u0131l\",\"url\":\"https:\/\/denizcankizil.tr\/\",\"logo\":{\"@type\":\"ImageObject\",\"inLanguage\":\"de\",\"@id\":\"https:\/\/denizcankizil.tr\/#\/schema\/logo\/image\/\",\"url\":\"https:\/\/denizcankizil.tr\/wp-content\/uploads\/2024\/10\/siyah-logo-svg.svg\",\"contentUrl\":\"https:\/\/denizcankizil.tr\/wp-content\/uploads\/2024\/10\/siyah-logo-svg.svg\",\"width\":1080,\"height\":1080,\"caption\":\"Av. Deniz Can K\u0131z\u0131l\"},\"image\":{\"@id\":\"https:\/\/denizcankizil.tr\/#\/schema\/logo\/image\/\"}},{\"@type\":\"Person\",\"@id\":\"https:\/\/denizcankizil.tr\/#\/schema\/person\/5dc1b22991bd7ac833867c10afc9b0ff\",\"name\":\"Av. Deniz Can K\u0131z\u0131l\",\"image\":{\"@type\":\"ImageObject\",\"inLanguage\":\"de\",\"@id\":\"https:\/\/denizcankizil.tr\/#\/schema\/person\/image\/\",\"url\":\"https:\/\/secure.gravatar.com\/avatar\/a0b128fb9855c79efc976d5640eedb31dc35ec297594d6016d2cf7c60e975bb6?s=96&d=mm&r=g\",\"contentUrl\":\"https:\/\/secure.gravatar.com\/avatar\/a0b128fb9855c79efc976d5640eedb31dc35ec297594d6016d2cf7c60e975bb6?s=96&d=mm&r=g\",\"caption\":\"Av. Deniz Can K\u0131z\u0131l\"},\"sameAs\":[\"http:\/\/www.denizcankizil.tr\"],\"url\":\"https:\/\/denizcankizil.tr\/de\/author\/denizcankizil\/\"}]}<\/script>\n<!-- \/ Yoast SEO Premium plugin. -->","yoast_head_json":{"title":"Marketten h\u0131rs\u0131zl\u0131k yapan kad\u0131nlar, ticari takside yakaland\u0131 - Av. Deniz Can K\u0131z\u0131l","robots":{"index":"index","follow":"follow","max-snippet":"max-snippet:-1","max-image-preview":"max-image-preview:large","max-video-preview":"max-video-preview:-1"},"canonical":"https:\/\/denizcankizil.tr\/de\/haberler\/antalya\/marketten-hirsizlik-yapan-kadinlar-ticari-takside-yakalandi\/","og_locale":"de_DE","og_type":"article","og_title":"Marketten h\u0131rs\u0131zl\u0131k yapan kad\u0131nlar, ticari takside yakaland\u0131","og_description":"Olay d\u00fcn saat 15.45 s\u0131ralar\u0131nda Muratpa\u015fa il\u00e7esi Y\u00fcksekalan Mahallesi Mevlana Caddesi \u00fczerinde bulunan bir markette meydana geldi. Markete m\u00fc\u015fteri gibi gelen 3 kad\u0131n ve 1 k\u00fc\u00e7\u00fck ya\u015ftaki \u00e7ocuk i\u015fletmenin d\u0131\u015f\u0131nda duran dolaplardan yakla\u015f\u0131k 10&#8217;a yak\u0131n dondurma, 4 adet de i\u00e7ece\u011fi k\u0131yafetlerinin i\u00e7ine koydu. K\u0131yafetlerinin i\u00e7ine saklad\u0131lar Kad\u0131nlardan birisi ald\u0131\u011f\u0131 market i\u00e7ine girerek ald\u0131\u011f\u0131 \u00fcr\u00fcnlerin fiyat\u0131n\u0131 sordu. Bu s\u0131rada di\u011fer iki kad\u0131n dolaptan ald\u0131klar\u0131 \u00fcr\u00fcnleri k\u0131yafetlerinin i\u00e7ine saklamay\u0131 s\u00fcrd\u00fcrd\u00fc. Durumdan \u015f\u00fcphelenen market sahibi d\u0131\u015far\u0131 \u00e7\u0131karken kad\u0131nlar al\u0131\u015fveri\u015f yapmaktan vazge\u00e7erek b\u00f6lgeden uzakla\u015ft\u0131. G\u00fcvenlik kameras\u0131n\u0131 izleyen ve kad\u0131nlar\u0131n \u00fcr\u00fcnleri usta bir \u015fekilde k\u0131yafetlerinin i\u00e7ine saklad\u0131\u011f\u0131n\u0131 g\u00f6ren market sahibi tekrar d\u0131\u015far\u0131 \u00e7\u0131kt\u0131\u011f\u0131nda \u015f\u00fcphelilerin yak\u0131n bir noktada bulunan taksi dura\u011f\u0131ndan ticari taksiye binerek b\u00f6lgeden ayr\u0131ld\u0131\u011f\u0131n\u0131 g\u00f6rd\u00fc. \u015eahin Timi&#8217;nin dikkatinden ka\u00e7mad\u0131 \u0130\u015fyeri sahibinin 112 Acil \u00c7a\u011fr\u0131 Merkezi&#8217;ni arayarak durumu bildirmesinin ard\u0131ndan \u015f\u00fcphelilerin bindi\u011fi ticari taksi polis telsizinden anons edildi. Bu s\u0131rada kav\u015fak sisteminde g\u00f6revli \u015eahin Timi telsizden anons edilen plakan\u0131n bulundu\u011fu kav\u015faktan ge\u00e7erek Yenig\u00fcn Mahallesi ara sokaklara girdi\u011fini fark etti. Arac\u0131n pe\u015fine d\u00fc\u015fen trafik polisi k\u0131sa s\u00fcre sonra ticari taksiyi Yenig\u00fcn Mahellesi 1051 sokak \u00fczerinde durdurdu. Taksi \u015fof\u00f6r\u00fc olanlara anlam vermeye \u00e7al\u0131\u015f\u0131rken ara\u00e7ta bulunan kad\u0131nlar ticari taksiden inerek ka\u00e7maya \u00e7al\u0131\u015ft\u0131. Bunun \u00fczerine b\u00f6lgeye \u00e7ok say\u0131da polis ekibi takviye olarak sevk edilirken 3 kad\u0131n, polis ekiplerine zorluk &hellip;","og_url":"https:\/\/denizcankizil.tr\/de\/haberler\/antalya\/marketten-hirsizlik-yapan-kadinlar-ticari-takside-yakalandi\/","og_site_name":"Av. Deniz Can K\u0131z\u0131l","article_published_time":"2025-06-04T13:41:32+00:00","og_image":[{"width":1280,"height":720,"url":"https:\/\/denizcankizil.tr\/wp-content\/uploads\/2025\/06\/6714-01-AyrRc6.jpg","type":"image\/jpeg"}],"author":"Av. Deniz Can K\u0131z\u0131l","twitter_card":"summary_large_image","twitter_misc":{"Verfasst von":"Av. Deniz Can K\u0131z\u0131l","Gesch\u00e4tzte Lesezeit":"2\u00a0Minuten"},"schema":{"@context":"https:\/\/schema.org","@graph":[{"@type":"Article","@id":"https:\/\/denizcankizil.tr\/de\/haberler\/antalya\/marketten-hirsizlik-yapan-kadinlar-ticari-takside-yakalandi\/#article","isPartOf":{"@id":"https:\/\/denizcankizil.tr\/de\/haberler\/antalya\/marketten-hirsizlik-yapan-kadinlar-ticari-takside-yakalandi\/"},"author":{"name":"Av. Deniz Can K\u0131z\u0131l","@id":"https:\/\/denizcankizil.tr\/#\/schema\/person\/5dc1b22991bd7ac833867c10afc9b0ff"},"headline":"Marketten h\u0131rs\u0131zl\u0131k yapan kad\u0131nlar, ticari takside yakaland\u0131","datePublished":"2025-06-04T13:41:32+00:00","mainEntityOfPage":{"@id":"https:\/\/denizcankizil.tr\/de\/haberler\/antalya\/marketten-hirsizlik-yapan-kadinlar-ticari-takside-yakalandi\/"},"wordCount":431,"publisher":{"@id":"https:\/\/denizcankizil.tr\/#organization"},"image":{"@id":"https:\/\/denizcankizil.tr\/de\/haberler\/antalya\/marketten-hirsizlik-yapan-kadinlar-ticari-takside-yakalandi\/#primaryimage"},"thumbnailUrl":"https:\/\/denizcankizil.tr\/wp-content\/uploads\/2025\/06\/6714-01-AyrRc6.jpg","articleSection":["Antalya"],"inLanguage":"de"},{"@type":"WebPage","@id":"https:\/\/denizcankizil.tr\/de\/haberler\/antalya\/marketten-hirsizlik-yapan-kadinlar-ticari-takside-yakalandi\/","url":"https:\/\/denizcankizil.tr\/de\/haberler\/antalya\/marketten-hirsizlik-yapan-kadinlar-ticari-takside-yakalandi\/","name":"Marketten h\u0131rs\u0131zl\u0131k yapan kad\u0131nlar, ticari takside yakaland\u0131 - Av. Deniz Can K\u0131z\u0131l","isPartOf":{"@id":"https:\/\/denizcankizil.tr\/#website"},"primaryImageOfPage":{"@id":"https:\/\/denizcankizil.tr\/de\/haberler\/antalya\/marketten-hirsizlik-yapan-kadinlar-ticari-takside-yakalandi\/#primaryimage"},"image":{"@id":"https:\/\/denizcankizil.tr\/de\/haberler\/antalya\/marketten-hirsizlik-yapan-kadinlar-ticari-takside-yakalandi\/#primaryimage"},"thumbnailUrl":"https:\/\/denizcankizil.tr\/wp-content\/uploads\/2025\/06\/6714-01-AyrRc6.jpg","datePublished":"2025-06-04T13:41:32+00:00","breadcrumb":{"@id":"https:\/\/denizcankizil.tr\/de\/haberler\/antalya\/marketten-hirsizlik-yapan-kadinlar-ticari-takside-yakalandi\/#breadcrumb"},"inLanguage":"de","potentialAction":[{"@type":"ReadAction","target":["https:\/\/denizcankizil.tr\/de\/haberler\/antalya\/marketten-hirsizlik-yapan-kadinlar-ticari-takside-yakalandi\/"]}]},{"@type":"ImageObject","inLanguage":"de","@id":"https:\/\/denizcankizil.tr\/de\/haberler\/antalya\/marketten-hirsizlik-yapan-kadinlar-ticari-takside-yakalandi\/#primaryimage","url":"https:\/\/denizcankizil.tr\/wp-content\/uploads\/2025\/06\/6714-01-AyrRc6.jpg","contentUrl":"https:\/\/denizcankizil.tr\/wp-content\/uploads\/2025\/06\/6714-01-AyrRc6.jpg","width":1280,"height":720},{"@type":"BreadcrumbList","@id":"https:\/\/denizcankizil.tr\/de\/haberler\/antalya\/marketten-hirsizlik-yapan-kadinlar-ticari-takside-yakalandi\/#breadcrumb","itemListElement":[{"@type":"ListItem","position":1,"name":"Home","item":"https:\/\/denizcankizil.tr\/uk\/"},{"@type":"ListItem","position":2,"name":"Marketten h\u0131rs\u0131zl\u0131k yapan kad\u0131nlar, ticari takside yakaland\u0131"}]},{"@type":"WebSite","@id":"https:\/\/denizcankizil.tr\/#website","url":"https:\/\/denizcankizil.tr\/","name":"Av. Deniz Can K\u0131z\u0131l","description":"Avukat Deniz Can K\u0131z\u0131l Antalya Barosu","publisher":{"@id":"https:\/\/denizcankizil.tr\/#organization"},"potentialAction":[{"@type":"SearchAction","target":{"@type":"EntryPoint","urlTemplate":"https:\/\/denizcankizil.tr\/?s={search_term_string}"},"query-input":{"@type":"PropertyValueSpecification","valueRequired":true,"valueName":"search_term_string"}}],"inLanguage":"de"},{"@type":"Organization","@id":"https:\/\/denizcankizil.tr\/#organization","name":"Av. Deniz Can K\u0131z\u0131l","url":"https:\/\/denizcankizil.tr\/","logo":{"@type":"ImageObject","inLanguage":"de","@id":"https:\/\/denizcankizil.tr\/#\/schema\/logo\/image\/","url":"https:\/\/denizcankizil.tr\/wp-content\/uploads\/2024\/10\/siyah-logo-svg.svg","contentUrl":"https:\/\/denizcankizil.tr\/wp-content\/uploads\/2024\/10\/siyah-logo-svg.svg","width":1080,"height":1080,"caption":"Av. Deniz Can K\u0131z\u0131l"},"image":{"@id":"https:\/\/denizcankizil.tr\/#\/schema\/logo\/image\/"}},{"@type":"Person","@id":"https:\/\/denizcankizil.tr\/#\/schema\/person\/5dc1b22991bd7ac833867c10afc9b0ff","name":"Av. Deniz Can K\u0131z\u0131l","image":{"@type":"ImageObject","inLanguage":"de","@id":"https:\/\/denizcankizil.tr\/#\/schema\/person\/image\/","url":"https:\/\/secure.gravatar.com\/avatar\/a0b128fb9855c79efc976d5640eedb31dc35ec297594d6016d2cf7c60e975bb6?s=96&d=mm&r=g","contentUrl":"https:\/\/secure.gravatar.com\/avatar\/a0b128fb9855c79efc976d5640eedb31dc35ec297594d6016d2cf7c60e975bb6?s=96&d=mm&r=g","caption":"Av. Deniz Can K\u0131z\u0131l"},"sameAs":["http:\/\/www.denizcankizil.tr"],"url":"https:\/\/denizcankizil.tr\/de\/author\/denizcankizil\/"}]}},"_links":{"self":[{"href":"https:\/\/denizcankizil.tr\/de\/wp-json\/wp\/v2\/posts\/106370","targetHints":{"allow":["GET"]}}],"collection":[{"href":"https:\/\/denizcankizil.tr\/de\/wp-json\/wp\/v2\/posts"}],"about":[{"href":"https:\/\/denizcankizil.tr\/de\/wp-json\/wp\/v2\/types\/post"}],"author":[{"embeddable":true,"href":"https:\/\/denizcankizil.tr\/de\/wp-json\/wp\/v2\/users\/4"}],"replies":[{"embeddable":true,"href":"https:\/\/denizcankizil.tr\/de\/wp-json\/wp\/v2\/comments?post=106370"}],"version-history":[{"count":0,"href":"https:\/\/denizcankizil.tr\/de\/wp-json\/wp\/v2\/posts\/106370\/revisions"}],"wp:featuredmedia":[{"embeddable":true,"href":"https:\/\/denizcankizil.tr\/de\/wp-json\/wp\/v2\/media\/106371"}],"wp:attachment":[{"href":"https:\/\/denizcankizil.tr\/de\/wp-json\/wp\/v2\/media?parent=106370"}],"wp:term":[{"taxonomy":"category","embeddable":true,"href":"https:\/\/denizcankizil.tr\/de\/wp-json\/wp\/v2\/categories?post=106370"},{"taxonomy":"post_tag","embeddable":true,"href":"https:\/\/denizcankizil.tr\/de\/wp-json\/wp\/v2\/tags?post=106370"}],"curies":[{"name":"wp","href":"https:\/\/api.w.org\/{rel}","templated":true}]}}