{"id":106162,"date":"2025-06-04T11:42:09","date_gmt":"2025-06-04T08:42:09","guid":{"rendered":"https:\/\/denizcankizil.tr\/uncategorized-tr\/finike-adliyesinde-anlamli-etkinlik\/"},"modified":"2025-06-04T11:42:09","modified_gmt":"2025-06-04T08:42:09","slug":"finike-adliyesinde-anlamli-etkinlik","status":"publish","type":"post","link":"https:\/\/denizcankizil.tr\/de\/haberler\/antalya\/finike-adliyesinde-anlamli-etkinlik\/","title":{"rendered":"Finike Adliyesi&#8217;nde anlaml\u0131 etkinlik"},"content":{"rendered":"<p>1 Haziran Uzla\u015ft\u0131rmac\u0131lar G\u00fcn\u00fc, Finike Adliyesi&#8217;nde anlaml\u0131 bir etkinlikle kutland\u0131. Ceza muhakemesi sisteminin \u00f6nemli alternatif uyu\u015fmazl\u0131k \u00e7\u00f6z\u00fcm y\u00f6ntemlerinden biri olan uzla\u015ft\u0131rma kurumu kapsam\u0131nda, Finike Cumhuriyet Ba\u015fsavc\u0131s\u0131 Vahdet Gebe\u015f&#8217;in ba\u015fkanl\u0131\u011f\u0131nda de\u011ferlendirme toplant\u0131s\u0131 d\u00fczenlendi.<\/p>\n<p>Toplant\u0131ya Cumhuriyet Savc\u0131s\u0131 Sabah \u00c7elik ile Finike Adliyesi&#8217;nde g\u00f6revli uzla\u015ft\u0131rmac\u0131lar kat\u0131ld\u0131. Uzla\u015ft\u0131rma s\u00fcre\u00e7lerinin de\u011ferlendirildi\u011fi toplant\u0131da, uygulamada kar\u015f\u0131la\u015f\u0131lan sorunlar ve \u00e7\u00f6z\u00fcm \u00f6nerileri \u00fczerine fikir al\u0131\u015fveri\u015finde bulunuldu.<\/p>\n<p>Cumhuriyet Ba\u015fsavc\u0131s\u0131 Vahdet Gebe\u015f, uzla\u015ft\u0131rman\u0131n yaln\u0131zca dosya y\u00fck\u00fcn\u00fc azaltan pratik bir y\u00f6ntem olmad\u0131\u011f\u0131n\u0131, ayn\u0131 zamanda taraflar\u0131n onar\u0131lmas\u0131na, ma\u011fdurun s\u00fcrece aktif kat\u0131l\u0131m\u0131na ve toplumsal huzurun sa\u011flanmas\u0131na katk\u0131 sunan \u00f6nemli bir adalet mekanizmas\u0131 oldu\u011funu vurgulad\u0131<\/p>\n<p>Toplant\u0131da, uzla\u015ft\u0131rma uygulamalar\u0131n\u0131n daha etkin ve verimli i\u015flemesi ad\u0131na yap\u0131labilecek \u00e7al\u0131\u015fmalar de\u011ferlendirildi.<\/p>\n<p>Kaynak: www.kanalv.com.tr Haber Sitesinden Al\u0131nm\u0131\u015ft\u0131r.<\/p>","protected":false},"excerpt":{"rendered":"<p>1 Haziran Uzla\u015ft\u0131rmac\u0131lar G\u00fcn\u00fc, Finike Adliyesi&#8217;nde anlaml\u0131 bir etkinlikle kutland\u0131. Ceza muhakemesi sisteminin \u00f6nemli alternatif uyu\u015fmazl\u0131k \u00e7\u00f6z\u00fcm y\u00f6ntemlerinden biri olan uzla\u015ft\u0131rma kurumu kapsam\u0131nda, Finike Cumhuriyet Ba\u015fsavc\u0131s\u0131 Vahdet Gebe\u015f&#8217;in ba\u015fkanl\u0131\u011f\u0131nda de\u011ferlendirme toplant\u0131s\u0131 d\u00fczenlendi. Toplant\u0131ya Cumhuriyet Savc\u0131s\u0131 Sabah \u00c7elik ile Finike Adliyesi&#8217;nde g\u00f6revli uzla\u015ft\u0131rmac\u0131lar kat\u0131ld\u0131. Uzla\u015ft\u0131rma s\u00fcre\u00e7lerinin de\u011ferlendirildi\u011fi toplant\u0131da, uygulamada kar\u015f\u0131la\u015f\u0131lan sorunlar ve \u00e7\u00f6z\u00fcm \u00f6nerileri \u00fczerine fikir al\u0131\u015fveri\u015finde bulunuldu. Cumhuriyet Ba\u015fsavc\u0131s\u0131 Vahdet Gebe\u015f, uzla\u015ft\u0131rman\u0131n yaln\u0131zca dosya y\u00fck\u00fcn\u00fc azaltan pratik bir y\u00f6ntem olmad\u0131\u011f\u0131n\u0131, ayn\u0131 zamanda taraflar\u0131n onar\u0131lmas\u0131na, ma\u011fdurun s\u00fcrece aktif kat\u0131l\u0131m\u0131na ve toplumsal huzurun sa\u011flanmas\u0131na katk\u0131 sunan \u00f6nemli bir adalet mekanizmas\u0131 oldu\u011funu vurgulad\u0131 Toplant\u0131da, uzla\u015ft\u0131rma uygulamalar\u0131n\u0131n daha etkin ve verimli i\u015flemesi ad\u0131na yap\u0131labilecek \u00e7al\u0131\u015fmalar de\u011ferlendirildi. Kaynak: www.kanalv.com.tr Haber Sitesinden Al\u0131nm\u0131\u015ft\u0131r.<\/p>","protected":false},"author":4,"featured_media":106163,"comment_status":"","ping_status":"open","sticky":false,"template":"","format":"standard","meta":{"_acf_changed":false,"footnotes":""},"categories":[26],"tags":[],"class_list":["post-106162","post","type-post","status-publish","format-standard","has-post-thumbnail","hentry","category-antalya"],"acf":[],"yoast_head":"<!-- This site is optimized with the Yoast SEO Premium plugin v26.6 (Yoast SEO v27.1.1) - https:\/\/yoast.com\/product\/yoast-seo-premium-wordpress\/ -->\n<title>Finike Adliyesi&#039;nde anlaml\u0131 etkinlik - Av. Deniz Can K\u0131z\u0131l<\/title>\n<meta name=\"robots\" content=\"index, follow, max-snippet:-1, max-image-preview:large, max-video-preview:-1\" \/>\n<link rel=\"canonical\" href=\"https:\/\/denizcankizil.tr\/de\/haberler\/antalya\/finike-adliyesinde-anlamli-etkinlik\/\" \/>\n<meta property=\"og:locale\" content=\"de_DE\" \/>\n<meta property=\"og:type\" content=\"article\" \/>\n<meta property=\"og:title\" content=\"Finike Adliyesi&#039;nde anlaml\u0131 etkinlik\" \/>\n<meta property=\"og:description\" content=\"1 Haziran Uzla\u015ft\u0131rmac\u0131lar G\u00fcn\u00fc, Finike Adliyesi&#8217;nde anlaml\u0131 bir etkinlikle kutland\u0131. Ceza muhakemesi sisteminin \u00f6nemli alternatif uyu\u015fmazl\u0131k \u00e7\u00f6z\u00fcm y\u00f6ntemlerinden biri olan uzla\u015ft\u0131rma kurumu kapsam\u0131nda, Finike Cumhuriyet Ba\u015fsavc\u0131s\u0131 Vahdet Gebe\u015f&#8217;in ba\u015fkanl\u0131\u011f\u0131nda de\u011ferlendirme toplant\u0131s\u0131 d\u00fczenlendi. Toplant\u0131ya Cumhuriyet Savc\u0131s\u0131 Sabah \u00c7elik ile Finike Adliyesi&#8217;nde g\u00f6revli uzla\u015ft\u0131rmac\u0131lar kat\u0131ld\u0131. Uzla\u015ft\u0131rma s\u00fcre\u00e7lerinin de\u011ferlendirildi\u011fi toplant\u0131da, uygulamada kar\u015f\u0131la\u015f\u0131lan sorunlar ve \u00e7\u00f6z\u00fcm \u00f6nerileri \u00fczerine fikir al\u0131\u015fveri\u015finde bulunuldu. Cumhuriyet Ba\u015fsavc\u0131s\u0131 Vahdet Gebe\u015f, uzla\u015ft\u0131rman\u0131n yaln\u0131zca dosya y\u00fck\u00fcn\u00fc azaltan pratik bir y\u00f6ntem olmad\u0131\u011f\u0131n\u0131, ayn\u0131 zamanda taraflar\u0131n onar\u0131lmas\u0131na, ma\u011fdurun s\u00fcrece aktif kat\u0131l\u0131m\u0131na ve toplumsal huzurun sa\u011flanmas\u0131na katk\u0131 sunan \u00f6nemli bir adalet mekanizmas\u0131 oldu\u011funu vurgulad\u0131 Toplant\u0131da, uzla\u015ft\u0131rma uygulamalar\u0131n\u0131n daha etkin ve verimli i\u015flemesi ad\u0131na yap\u0131labilecek \u00e7al\u0131\u015fmalar de\u011ferlendirildi. Kaynak: www.kanalv.com.tr Haber Sitesinden Al\u0131nm\u0131\u015ft\u0131r.\" \/>\n<meta property=\"og:url\" content=\"https:\/\/denizcankizil.tr\/de\/haberler\/antalya\/finike-adliyesinde-anlamli-etkinlik\/\" \/>\n<meta property=\"og:site_name\" content=\"Av. Deniz Can K\u0131z\u0131l\" \/>\n<meta property=\"article:published_time\" content=\"2025-06-04T08:42:09+00:00\" \/>\n<meta property=\"og:image\" content=\"https:\/\/denizcankizil.tr\/wp-content\/uploads\/2025\/06\/6697-01-U6IOaN.jpg\" \/>\n\t<meta property=\"og:image:width\" content=\"1280\" \/>\n\t<meta property=\"og:image:height\" content=\"720\" \/>\n\t<meta property=\"og:image:type\" content=\"image\/jpeg\" \/>\n<meta name=\"author\" content=\"Av. Deniz Can K\u0131z\u0131l\" \/>\n<meta name=\"twitter:card\" content=\"summary_large_image\" \/>\n<meta name=\"twitter:label1\" content=\"Verfasst von\" \/>\n\t<meta name=\"twitter:data1\" content=\"Av. Deniz Can K\u0131z\u0131l\" \/>\n\t<meta name=\"twitter:label2\" content=\"Gesch\u00e4tzte Lesezeit\" \/>\n\t<meta name=\"twitter:data2\" content=\"1\u00a0Minute\" \/>\n<script type=\"application\/ld+json\" class=\"yoast-schema-graph\">{\"@context\":\"https:\/\/schema.org\",\"@graph\":[{\"@type\":\"Article\",\"@id\":\"https:\/\/denizcankizil.tr\/de\/haberler\/antalya\/finike-adliyesinde-anlamli-etkinlik\/#article\",\"isPartOf\":{\"@id\":\"https:\/\/denizcankizil.tr\/de\/haberler\/antalya\/finike-adliyesinde-anlamli-etkinlik\/\"},\"author\":{\"name\":\"Av. Deniz Can K\u0131z\u0131l\",\"@id\":\"https:\/\/denizcankizil.tr\/#\/schema\/person\/5dc1b22991bd7ac833867c10afc9b0ff\"},\"headline\":\"Finike Adliyesi&#8217;nde anlaml\u0131 etkinlik\",\"datePublished\":\"2025-06-04T08:42:09+00:00\",\"mainEntityOfPage\":{\"@id\":\"https:\/\/denizcankizil.tr\/de\/haberler\/antalya\/finike-adliyesinde-anlamli-etkinlik\/\"},\"wordCount\":188,\"publisher\":{\"@id\":\"https:\/\/denizcankizil.tr\/#organization\"},\"image\":{\"@id\":\"https:\/\/denizcankizil.tr\/de\/haberler\/antalya\/finike-adliyesinde-anlamli-etkinlik\/#primaryimage\"},\"thumbnailUrl\":\"https:\/\/denizcankizil.tr\/wp-content\/uploads\/2025\/06\/6697-01-U6IOaN.jpg\",\"articleSection\":[\"Antalya\"],\"inLanguage\":\"de\"},{\"@type\":\"WebPage\",\"@id\":\"https:\/\/denizcankizil.tr\/de\/haberler\/antalya\/finike-adliyesinde-anlamli-etkinlik\/\",\"url\":\"https:\/\/denizcankizil.tr\/de\/haberler\/antalya\/finike-adliyesinde-anlamli-etkinlik\/\",\"name\":\"Finike Adliyesi'nde anlaml\u0131 etkinlik - Av. Deniz Can K\u0131z\u0131l\",\"isPartOf\":{\"@id\":\"https:\/\/denizcankizil.tr\/#website\"},\"primaryImageOfPage\":{\"@id\":\"https:\/\/denizcankizil.tr\/de\/haberler\/antalya\/finike-adliyesinde-anlamli-etkinlik\/#primaryimage\"},\"image\":{\"@id\":\"https:\/\/denizcankizil.tr\/de\/haberler\/antalya\/finike-adliyesinde-anlamli-etkinlik\/#primaryimage\"},\"thumbnailUrl\":\"https:\/\/denizcankizil.tr\/wp-content\/uploads\/2025\/06\/6697-01-U6IOaN.jpg\",\"datePublished\":\"2025-06-04T08:42:09+00:00\",\"breadcrumb\":{\"@id\":\"https:\/\/denizcankizil.tr\/de\/haberler\/antalya\/finike-adliyesinde-anlamli-etkinlik\/#breadcrumb\"},\"inLanguage\":\"de\",\"potentialAction\":[{\"@type\":\"ReadAction\",\"target\":[\"https:\/\/denizcankizil.tr\/de\/haberler\/antalya\/finike-adliyesinde-anlamli-etkinlik\/\"]}]},{\"@type\":\"ImageObject\",\"inLanguage\":\"de\",\"@id\":\"https:\/\/denizcankizil.tr\/de\/haberler\/antalya\/finike-adliyesinde-anlamli-etkinlik\/#primaryimage\",\"url\":\"https:\/\/denizcankizil.tr\/wp-content\/uploads\/2025\/06\/6697-01-U6IOaN.jpg\",\"contentUrl\":\"https:\/\/denizcankizil.tr\/wp-content\/uploads\/2025\/06\/6697-01-U6IOaN.jpg\",\"width\":1280,\"height\":720},{\"@type\":\"BreadcrumbList\",\"@id\":\"https:\/\/denizcankizil.tr\/de\/haberler\/antalya\/finike-adliyesinde-anlamli-etkinlik\/#breadcrumb\",\"itemListElement\":[{\"@type\":\"ListItem\",\"position\":1,\"name\":\"Home\",\"item\":\"https:\/\/denizcankizil.tr\/de\/\"},{\"@type\":\"ListItem\",\"position\":2,\"name\":\"Finike Adliyesi&#8217;nde anlaml\u0131 etkinlik\"}]},{\"@type\":\"WebSite\",\"@id\":\"https:\/\/denizcankizil.tr\/#website\",\"url\":\"https:\/\/denizcankizil.tr\/\",\"name\":\"Av. Deniz Can K\u0131z\u0131l\",\"description\":\"Avukat Deniz Can K\u0131z\u0131l Antalya Barosu\",\"publisher\":{\"@id\":\"https:\/\/denizcankizil.tr\/#organization\"},\"potentialAction\":[{\"@type\":\"SearchAction\",\"target\":{\"@type\":\"EntryPoint\",\"urlTemplate\":\"https:\/\/denizcankizil.tr\/?s={search_term_string}\"},\"query-input\":{\"@type\":\"PropertyValueSpecification\",\"valueRequired\":true,\"valueName\":\"search_term_string\"}}],\"inLanguage\":\"de\"},{\"@type\":\"Organization\",\"@id\":\"https:\/\/denizcankizil.tr\/#organization\",\"name\":\"Av. Deniz Can K\u0131z\u0131l\",\"url\":\"https:\/\/denizcankizil.tr\/\",\"logo\":{\"@type\":\"ImageObject\",\"inLanguage\":\"de\",\"@id\":\"https:\/\/denizcankizil.tr\/#\/schema\/logo\/image\/\",\"url\":\"https:\/\/denizcankizil.tr\/wp-content\/uploads\/2024\/10\/siyah-logo-svg.svg\",\"contentUrl\":\"https:\/\/denizcankizil.tr\/wp-content\/uploads\/2024\/10\/siyah-logo-svg.svg\",\"width\":1080,\"height\":1080,\"caption\":\"Av. Deniz Can K\u0131z\u0131l\"},\"image\":{\"@id\":\"https:\/\/denizcankizil.tr\/#\/schema\/logo\/image\/\"}},{\"@type\":\"Person\",\"@id\":\"https:\/\/denizcankizil.tr\/#\/schema\/person\/5dc1b22991bd7ac833867c10afc9b0ff\",\"name\":\"Av. Deniz Can K\u0131z\u0131l\",\"image\":{\"@type\":\"ImageObject\",\"inLanguage\":\"de\",\"@id\":\"https:\/\/denizcankizil.tr\/#\/schema\/person\/image\/\",\"url\":\"https:\/\/secure.gravatar.com\/avatar\/a0b128fb9855c79efc976d5640eedb31dc35ec297594d6016d2cf7c60e975bb6?s=96&d=mm&r=g\",\"contentUrl\":\"https:\/\/secure.gravatar.com\/avatar\/a0b128fb9855c79efc976d5640eedb31dc35ec297594d6016d2cf7c60e975bb6?s=96&d=mm&r=g\",\"caption\":\"Av. Deniz Can K\u0131z\u0131l\"},\"sameAs\":[\"http:\/\/www.denizcankizil.tr\"],\"url\":\"https:\/\/denizcankizil.tr\/de\/author\/denizcankizil\/\"}]}<\/script>\n<!-- \/ Yoast SEO Premium plugin. -->","yoast_head_json":{"title":"Finike Adliyesi'nde anlaml\u0131 etkinlik - Av. Deniz Can K\u0131z\u0131l","robots":{"index":"index","follow":"follow","max-snippet":"max-snippet:-1","max-image-preview":"max-image-preview:large","max-video-preview":"max-video-preview:-1"},"canonical":"https:\/\/denizcankizil.tr\/de\/haberler\/antalya\/finike-adliyesinde-anlamli-etkinlik\/","og_locale":"de_DE","og_type":"article","og_title":"Finike Adliyesi'nde anlaml\u0131 etkinlik","og_description":"1 Haziran Uzla\u015ft\u0131rmac\u0131lar G\u00fcn\u00fc, Finike Adliyesi&#8217;nde anlaml\u0131 bir etkinlikle kutland\u0131. Ceza muhakemesi sisteminin \u00f6nemli alternatif uyu\u015fmazl\u0131k \u00e7\u00f6z\u00fcm y\u00f6ntemlerinden biri olan uzla\u015ft\u0131rma kurumu kapsam\u0131nda, Finike Cumhuriyet Ba\u015fsavc\u0131s\u0131 Vahdet Gebe\u015f&#8217;in ba\u015fkanl\u0131\u011f\u0131nda de\u011ferlendirme toplant\u0131s\u0131 d\u00fczenlendi. Toplant\u0131ya Cumhuriyet Savc\u0131s\u0131 Sabah \u00c7elik ile Finike Adliyesi&#8217;nde g\u00f6revli uzla\u015ft\u0131rmac\u0131lar kat\u0131ld\u0131. Uzla\u015ft\u0131rma s\u00fcre\u00e7lerinin de\u011ferlendirildi\u011fi toplant\u0131da, uygulamada kar\u015f\u0131la\u015f\u0131lan sorunlar ve \u00e7\u00f6z\u00fcm \u00f6nerileri \u00fczerine fikir al\u0131\u015fveri\u015finde bulunuldu. Cumhuriyet Ba\u015fsavc\u0131s\u0131 Vahdet Gebe\u015f, uzla\u015ft\u0131rman\u0131n yaln\u0131zca dosya y\u00fck\u00fcn\u00fc azaltan pratik bir y\u00f6ntem olmad\u0131\u011f\u0131n\u0131, ayn\u0131 zamanda taraflar\u0131n onar\u0131lmas\u0131na, ma\u011fdurun s\u00fcrece aktif kat\u0131l\u0131m\u0131na ve toplumsal huzurun sa\u011flanmas\u0131na katk\u0131 sunan \u00f6nemli bir adalet mekanizmas\u0131 oldu\u011funu vurgulad\u0131 Toplant\u0131da, uzla\u015ft\u0131rma uygulamalar\u0131n\u0131n daha etkin ve verimli i\u015flemesi ad\u0131na yap\u0131labilecek \u00e7al\u0131\u015fmalar de\u011ferlendirildi. Kaynak: www.kanalv.com.tr Haber Sitesinden Al\u0131nm\u0131\u015ft\u0131r.","og_url":"https:\/\/denizcankizil.tr\/de\/haberler\/antalya\/finike-adliyesinde-anlamli-etkinlik\/","og_site_name":"Av. Deniz Can K\u0131z\u0131l","article_published_time":"2025-06-04T08:42:09+00:00","og_image":[{"width":1280,"height":720,"url":"https:\/\/denizcankizil.tr\/wp-content\/uploads\/2025\/06\/6697-01-U6IOaN.jpg","type":"image\/jpeg"}],"author":"Av. Deniz Can K\u0131z\u0131l","twitter_card":"summary_large_image","twitter_misc":{"Verfasst von":"Av. Deniz Can K\u0131z\u0131l","Gesch\u00e4tzte Lesezeit":"1\u00a0Minute"},"schema":{"@context":"https:\/\/schema.org","@graph":[{"@type":"Article","@id":"https:\/\/denizcankizil.tr\/de\/haberler\/antalya\/finike-adliyesinde-anlamli-etkinlik\/#article","isPartOf":{"@id":"https:\/\/denizcankizil.tr\/de\/haberler\/antalya\/finike-adliyesinde-anlamli-etkinlik\/"},"author":{"name":"Av. Deniz Can K\u0131z\u0131l","@id":"https:\/\/denizcankizil.tr\/#\/schema\/person\/5dc1b22991bd7ac833867c10afc9b0ff"},"headline":"Finike Adliyesi&#8217;nde anlaml\u0131 etkinlik","datePublished":"2025-06-04T08:42:09+00:00","mainEntityOfPage":{"@id":"https:\/\/denizcankizil.tr\/de\/haberler\/antalya\/finike-adliyesinde-anlamli-etkinlik\/"},"wordCount":188,"publisher":{"@id":"https:\/\/denizcankizil.tr\/#organization"},"image":{"@id":"https:\/\/denizcankizil.tr\/de\/haberler\/antalya\/finike-adliyesinde-anlamli-etkinlik\/#primaryimage"},"thumbnailUrl":"https:\/\/denizcankizil.tr\/wp-content\/uploads\/2025\/06\/6697-01-U6IOaN.jpg","articleSection":["Antalya"],"inLanguage":"de"},{"@type":"WebPage","@id":"https:\/\/denizcankizil.tr\/de\/haberler\/antalya\/finike-adliyesinde-anlamli-etkinlik\/","url":"https:\/\/denizcankizil.tr\/de\/haberler\/antalya\/finike-adliyesinde-anlamli-etkinlik\/","name":"Finike Adliyesi'nde anlaml\u0131 etkinlik - Av. Deniz Can K\u0131z\u0131l","isPartOf":{"@id":"https:\/\/denizcankizil.tr\/#website"},"primaryImageOfPage":{"@id":"https:\/\/denizcankizil.tr\/de\/haberler\/antalya\/finike-adliyesinde-anlamli-etkinlik\/#primaryimage"},"image":{"@id":"https:\/\/denizcankizil.tr\/de\/haberler\/antalya\/finike-adliyesinde-anlamli-etkinlik\/#primaryimage"},"thumbnailUrl":"https:\/\/denizcankizil.tr\/wp-content\/uploads\/2025\/06\/6697-01-U6IOaN.jpg","datePublished":"2025-06-04T08:42:09+00:00","breadcrumb":{"@id":"https:\/\/denizcankizil.tr\/de\/haberler\/antalya\/finike-adliyesinde-anlamli-etkinlik\/#breadcrumb"},"inLanguage":"de","potentialAction":[{"@type":"ReadAction","target":["https:\/\/denizcankizil.tr\/de\/haberler\/antalya\/finike-adliyesinde-anlamli-etkinlik\/"]}]},{"@type":"ImageObject","inLanguage":"de","@id":"https:\/\/denizcankizil.tr\/de\/haberler\/antalya\/finike-adliyesinde-anlamli-etkinlik\/#primaryimage","url":"https:\/\/denizcankizil.tr\/wp-content\/uploads\/2025\/06\/6697-01-U6IOaN.jpg","contentUrl":"https:\/\/denizcankizil.tr\/wp-content\/uploads\/2025\/06\/6697-01-U6IOaN.jpg","width":1280,"height":720},{"@type":"BreadcrumbList","@id":"https:\/\/denizcankizil.tr\/de\/haberler\/antalya\/finike-adliyesinde-anlamli-etkinlik\/#breadcrumb","itemListElement":[{"@type":"ListItem","position":1,"name":"Home","item":"https:\/\/denizcankizil.tr\/de\/"},{"@type":"ListItem","position":2,"name":"Finike Adliyesi&#8217;nde anlaml\u0131 etkinlik"}]},{"@type":"WebSite","@id":"https:\/\/denizcankizil.tr\/#website","url":"https:\/\/denizcankizil.tr\/","name":"Av. Deniz Can K\u0131z\u0131l","description":"Avukat Deniz Can K\u0131z\u0131l Antalya Barosu","publisher":{"@id":"https:\/\/denizcankizil.tr\/#organization"},"potentialAction":[{"@type":"SearchAction","target":{"@type":"EntryPoint","urlTemplate":"https:\/\/denizcankizil.tr\/?s={search_term_string}"},"query-input":{"@type":"PropertyValueSpecification","valueRequired":true,"valueName":"search_term_string"}}],"inLanguage":"de"},{"@type":"Organization","@id":"https:\/\/denizcankizil.tr\/#organization","name":"Av. Deniz Can K\u0131z\u0131l","url":"https:\/\/denizcankizil.tr\/","logo":{"@type":"ImageObject","inLanguage":"de","@id":"https:\/\/denizcankizil.tr\/#\/schema\/logo\/image\/","url":"https:\/\/denizcankizil.tr\/wp-content\/uploads\/2024\/10\/siyah-logo-svg.svg","contentUrl":"https:\/\/denizcankizil.tr\/wp-content\/uploads\/2024\/10\/siyah-logo-svg.svg","width":1080,"height":1080,"caption":"Av. Deniz Can K\u0131z\u0131l"},"image":{"@id":"https:\/\/denizcankizil.tr\/#\/schema\/logo\/image\/"}},{"@type":"Person","@id":"https:\/\/denizcankizil.tr\/#\/schema\/person\/5dc1b22991bd7ac833867c10afc9b0ff","name":"Av. Deniz Can K\u0131z\u0131l","image":{"@type":"ImageObject","inLanguage":"de","@id":"https:\/\/denizcankizil.tr\/#\/schema\/person\/image\/","url":"https:\/\/secure.gravatar.com\/avatar\/a0b128fb9855c79efc976d5640eedb31dc35ec297594d6016d2cf7c60e975bb6?s=96&d=mm&r=g","contentUrl":"https:\/\/secure.gravatar.com\/avatar\/a0b128fb9855c79efc976d5640eedb31dc35ec297594d6016d2cf7c60e975bb6?s=96&d=mm&r=g","caption":"Av. Deniz Can K\u0131z\u0131l"},"sameAs":["http:\/\/www.denizcankizil.tr"],"url":"https:\/\/denizcankizil.tr\/de\/author\/denizcankizil\/"}]}},"_links":{"self":[{"href":"https:\/\/denizcankizil.tr\/de\/wp-json\/wp\/v2\/posts\/106162","targetHints":{"allow":["GET"]}}],"collection":[{"href":"https:\/\/denizcankizil.tr\/de\/wp-json\/wp\/v2\/posts"}],"about":[{"href":"https:\/\/denizcankizil.tr\/de\/wp-json\/wp\/v2\/types\/post"}],"author":[{"embeddable":true,"href":"https:\/\/denizcankizil.tr\/de\/wp-json\/wp\/v2\/users\/4"}],"replies":[{"embeddable":true,"href":"https:\/\/denizcankizil.tr\/de\/wp-json\/wp\/v2\/comments?post=106162"}],"version-history":[{"count":0,"href":"https:\/\/denizcankizil.tr\/de\/wp-json\/wp\/v2\/posts\/106162\/revisions"}],"wp:featuredmedia":[{"embeddable":true,"href":"https:\/\/denizcankizil.tr\/de\/wp-json\/wp\/v2\/media\/106163"}],"wp:attachment":[{"href":"https:\/\/denizcankizil.tr\/de\/wp-json\/wp\/v2\/media?parent=106162"}],"wp:term":[{"taxonomy":"category","embeddable":true,"href":"https:\/\/denizcankizil.tr\/de\/wp-json\/wp\/v2\/categories?post=106162"},{"taxonomy":"post_tag","embeddable":true,"href":"https:\/\/denizcankizil.tr\/de\/wp-json\/wp\/v2\/tags?post=106162"}],"curies":[{"name":"wp","href":"https:\/\/api.w.org\/{rel}","templated":true}]}}