{"id":105937,"date":"2025-06-01T00:06:00","date_gmt":"2025-05-31T21:06:00","guid":{"rendered":"https:\/\/denizcankizil.tr\/uncategorized-tr\/opus-dei-gizemli-katolik-orgutunun-perde-arkasi-ve-hukuki-tartismalar\/"},"modified":"2025-06-01T00:06:00","modified_gmt":"2025-05-31T21:06:00","slug":"opus-dei-gizemli-katolik-orgutunun-perde-arkasi-ve-hukuki-tartismalar","status":"publish","type":"post","link":"https:\/\/denizcankizil.tr\/de\/hukukihaber\/opus-dei-gizemli-katolik-orgutunun-perde-arkasi-ve-hukuki-tartismalar\/","title":{"rendered":"Opus Dei: Gizemli Katolik \u00d6rg\u00fct\u00fcn\u00fcn Perde Arkas\u0131 ve Hukuki Tart\u0131\u015fmalar"},"content":{"rendered":"<p>Opus Dei Nedir ve Neden Bu Kadar Tart\u0131\u015fmal\u0131?<\/p>\n<p>Opus Dei, Latince &#8220;Tanr\u0131\u2019n\u0131n \u0130\u015fi&#8221; anlam\u0131na gelen ve 1928 y\u0131l\u0131nda \u0130spanyol Katolik rahip Josemar\u00eda Escriv\u00e1 taraf\u0131ndan kurulan bir Katolik \u00f6rg\u00fct\u00fc.  Bu tarih tabiki resmi kurulu\u015f tarihi olarak duyuruldu ancak benim kanaatime g\u00f6re bu gizli \u00f6rg\u00fct\u00fcn kurulu\u015fu Orta \u00c7a\u011f\u2019dan daha da eskilere dayand\u0131\u011f\u0131n\u0131. Unutulmamas\u0131 gereken \u00f6nemli bir husus ise \u015fu an en g\u00fc\u00e7l\u00fc , en gizli ve en gizemli \u00f6rg\u00fct olmas\u0131. Bilindi\u011fi kadar\u0131yla, 100.000 \u2018den fazla \u00fcyesiyle d\u00fcnya \u00e7ap\u0131nda 70\u2019ten fazla \u00fclkede faaliyet g\u00f6steren bu \u00f6rg\u00fct manevi \u00f6\u011fretileri hem de tart\u0131\u015fmal\u0131 uygulamalar\u0131yla dikkat \u00e7ekiyor. Ba\u015flang\u0131\u00e7ta Opus Dei sadece erkeklere a\u00e7\u0131kt\u0131, ancak 1930&#8217;da Escriv\u00e1, Tanr\u0131&#8217;dan gelen bir ileti\u015fim oldu\u011funa inand\u0131\u011f\u0131 \u015feye dayanarak kad\u0131nlar\u0131 da kabul etmeye ba\u015flad\u0131.  2002&#8217;de , Josemar\u00eda&#8217;n\u0131n &#8220;Hristiyanl\u0131\u011f\u0131n b\u00fcy\u00fck tan\u0131klar\u0131 aras\u0131nda say\u0131lmas\u0131&#8221; gerekti\u011fini ilan eden Papa II. John Paul taraf\u0131ndan aziz ilan edildi .<\/p>\n<p>Peki, Opus Dei neden bu kadar gizemli bulunuyor? Dan Brown\u2019un \u201cDa Vinci \u015eifresi \u201croman\u0131nda karanl\u0131k bir tarikat olarak tasvir edilen bu \u00f6rg\u00fct, ger\u00e7ekten bir k\u00fclt m\u00fc, yoksa sadece dindar bir topluluk mu veya d\u00fcnyay\u0131 kontrol alt\u0131na alm\u0131\u015f g\u00f6r\u00fcnmez bir g\u00fc\u00e7 a\u011f\u0131 m\u0131 ? Daha da \u00f6nemlisi, son y\u0131llarda ortaya \u00e7\u0131kan hukuki sorunlar neler?  \u00d6rg\u00fct\u00fcn Da Vinci \u015fifresi roman\u0131 ve filmine de m\u00fcdahale etti\u011fini hat\u0131rlatmak isterim. Bu makalede, zaman zaman bas\u0131nda g\u00fcndem olan ama \u00e7ok detaylara girmeden Opus Dei\u2019nin tarih\u00e7esini, tart\u0131\u015fmal\u0131 y\u00f6nlerini ve g\u00fcncel hukuki davalar\u0131n\u0131 mercek alt\u0131na almak istedim.<\/p>\n<p>Opus Dei\u2019nin K\u00f6keni ve Misyonu<\/p>\n<p>\u00d6ncellikle vurgulamak istedi\u011fim \u00f6nemli bir nokta ise Opus Dei sadece hakk\u0131nda bilinmesini istedi\u011fi kadar \u201c\u015feffafl\u0131k\u201d hamleleri yapm\u0131\u015ft\u0131r ve bir taraf\u0131 her zaman karanl\u0131kta kalm\u0131\u015ft\u0131r.<\/p>\n<p>\u00d6rg\u00fct, Katolik Kilisesi\u2019nin tek &#8220;ki\u015fisel prelature&#8221;si olarak ( Katolik Klisesi\u2019nin Kanonik Hukuk\u2019unda tan\u0131ml\u0131, \u00f6zel bir idari ve manevi yap\u0131d\u0131r) hem rahiplerden hem de \u00e7o\u011funlukla laik \u00fcyelerden olu\u015fuyor. Escriv\u00e1\u2019n\u0131n vizyonu, g\u00fcnl\u00fck ya\u015famda ve i\u015f hayat\u0131nda maneviyat\u0131 te\u015fvik ederek Hristiyan m\u00fckemmeliyetini aramakt\u0131.  Ancak bu ama\u00e7 ilk bak\u0131\u015fta masum g\u00f6r\u00fcnse de perde arkas\u0131ndaki as\u0131l amac\u0131n bir k\u0131l\u0131f\u0131 da olabilece\u011fini d\u00fc\u015f\u00fcn\u00fcyoruz. \u00d6rg\u00fct\u00fcn \u00fcyeleri aras\u0131nda \u201cnumerary\u201d (bekar, tam ba\u011fl\u0131 \u00fcyeler), \u201csupernumerary\u201d (evli \u00fcyeler) ve \u201ccooperators\u201d (daha az ba\u011fl\u0131 destek\u00e7iler) gibi farkl\u0131 kategoriler bulunuyor.<\/p>\n<p>Ancak Opus Dei, sadece dini bir hareket olmaktan \u00e7ok daha fazlas\u0131. \u00d6rg\u00fct\u00fcn Vatikan\u2019daki etkisi, Papa \u00fczerindeki etkisi ve g\u00fcc\u00fc, e\u011fitim ve i\u015f d\u00fcnyas\u0131ndaki g\u00fcc\u00fc, onu hem destek\u00e7ileri hem de ele\u015ftirmenleri i\u00e7in merak konusu haline getiriyor. \u00d6zellikle Franco rejimiyle olan ba\u011flar\u0131 ve Latin Amerika\u2019daki askeri diktat\u00f6rl\u00fcklerle ili\u015fkileri, Opus Dei\u2019yi tart\u0131\u015fmalar\u0131n merkezine oturtuyor. Papa II. Jean Paul&#8217;\u00fcn 2005&#8217;te \u00f6l\u00fcm\u00fc ve Papa 16. Benedict&#8217;in 2013&#8217;te istifa etmesine ra\u011fmen, her ikisi de Opus Dei&#8217;nin g\u00fc\u00e7l\u00fc destek\u00e7ileriydi; ancak grup, eski bir Cizvit olan Papa Franciscus \u00f6nderli\u011finde Katolik Kilisesi i\u00e7inde g\u00fc\u00e7l\u00fc bir organ olmaya devam ediyor.<\/p>\n<p>Hukuki Tart\u0131\u015fmalar: Opus Dei\u2019nin bir Karanl\u0131k Y\u00fcz\u00fc var m\u0131 ?<\/p>\n<p>Opus Dei, son y\u0131llarda \u00f6zellikle Arjantin\u2019de patlak veren ciddi hukuki iddialarla g\u00fcndeme geldi. 2021 y\u0131l\u0131nda, 43 kad\u0131n, \u00f6rg\u00fct\u00fcn Arjantin koluna kar\u015f\u0131 insan ticareti ve i\u015f g\u00fcc\u00fc s\u00f6m\u00fcr\u00fcs\u00fc su\u00e7lamalar\u0131yla dava a\u00e7t\u0131. Bu kad\u0131nlar, \u00e7ocukluk ve gen\u00e7lik d\u00f6nemlerinde \u00f6rg\u00fcte \u00e7ekildiklerini, e\u011fitim vaadiyle kand\u0131r\u0131ld\u0131klar\u0131n\u0131 ve evlerde yar\u0131 k\u00f6lelik ko\u015fullar\u0131nda \u00e7al\u0131\u015ft\u0131r\u0131ld\u0131klar\u0131n\u0131 iddia ediyor. Arjantin savc\u0131l\u0131\u011f\u0131, bu iddialar \u00fczerine \u00f6rg\u00fct\u00fcn eski y\u00f6neticilerinden baz\u0131 rahipler hakk\u0131nda soru\u015fturma ba\u015flatt\u0131.<\/p>\n<p>Arjantin Davas\u0131: Ger\u00e7ekler ve \u0130ddialar<\/p>\n<p>Dava, \u00f6rg\u00fct\u00fcn kad\u0131n \u00fcyeleri \u201cnumerary asistan\u201d olarak adland\u0131r\u0131lan bir stat\u00fcye zorlad\u0131\u011f\u0131n\u0131 ve bu kad\u0131nlar\u0131n uzun saatler boyunca \u00fccretsiz veya \u00e7ok d\u00fc\u015f\u00fck \u00fccretlerle \u00e7al\u0131\u015ft\u0131\u011f\u0131n\u0131 \u00f6ne s\u00fcr\u00fcyor. Davac\u0131lar\u0131n iddialar\u0131na g\u00f6re, bu s\u00fcre\u00e7te psikolojik bask\u0131 ve dini manip\u00fclasyon da kullan\u0131ld\u0131. Opus Dei ise bu su\u00e7lamalar\u0131 \u201ckategorik olarak\u201d reddediyor ve bir dinleme komisyonu kurarak zarar g\u00f6renlere yard\u0131m etmeye \u00e7al\u0131\u015ft\u0131\u011f\u0131n\u0131 belirtiyor.<\/p>\n<p>Vatikan\u2019daki Skandal: Kardinal Cipriani Davas\u0131<\/p>\n<p>Opus Dei\u2019nin ilk kardinali olan Juan Luis Cipriani Thorne, 2019 y\u0131l\u0131nda cinsel taciz iddialar\u0131yla kar\u015f\u0131 kar\u015f\u0131ya kald\u0131. Vatikan, bu iddialar \u00fczerine kardinale kamu faaliyetlerini k\u0131s\u0131tlama, ikamet de\u011fi\u015fikli\u011fi ve dini sembollerin kullan\u0131m\u0131na s\u0131n\u0131rlama gibi yapt\u0131r\u0131mlar uygulad\u0131. Cipriani su\u00e7lamalar\u0131 reddetse de, bu olay \u00f6rg\u00fct\u00fcn itibar\u0131na g\u00f6lge d\u00fc\u015f\u00fcrd\u00fc.<\/p>\n<p>Opus Dei\u2019nin G\u00fcc\u00fc ve Etkisi<\/p>\n<p>Opus Dei\u2019nin g\u00fcc\u00fc, sadece dini alanda de\u011fil, ayn\u0131 zamanda i\u015f, e\u011fitim ve siyasette de hissediliyor. \u00d6rg\u00fct, d\u00fcnya \u00e7ap\u0131nda okullar, \u00fcniversiteler ve hastaneler i\u015fletiyor. Ancak bu geni\u015f etki alan\u0131, ayn\u0131 zamanda ele\u015ftirilerin de hedefi oluyor. \u00d6rne\u011fin, Gareth Gore\u2019un  \u201cOpus: The Cult of Dark Money, Human Trafficking, and Right-Wing Conspiracy Inside the Catholic Church\u201dadl\u0131 kitab\u0131, \u00f6rg\u00fct\u00fc finansal skandallar ve siyasi manip\u00fclasyonlarla su\u00e7luyor.<\/p>\n<p>Opus Dei, bu kitaptaki iddialara kar\u015f\u0131 106 sayfal\u0131k bir d\u00fczeltme belgesi yay\u0131mlayarak kendini savunmaya \u00e7al\u0131\u015ft\u0131. https:\/\/www.catholicnewsagency.com\/news\/261555\/opus-dei-contests-charges-of-malfeasance-in-author-s-new-book) (https:\/\/slate.com\/life\/2024\/10\/what-is-opus-dei-catholic-church-meaning.html<\/p>\n<p>Franco Rejimi ve Siyasi Ba\u011flant\u0131lar<\/p>\n<p>Opus Dei\u2019nin, \u0130spanya\u2019daki Franco rejimiyle yak\u0131n ili\u015fkileri, \u00f6rg\u00fct\u00fcn tarihine damga vuran bir ba\u015fka tart\u0131\u015fma konusu. Kurucu Escriv\u00e1\u2019n\u0131n, Franco\u2019nun fa\u015fist rejimiyle ba\u011flant\u0131lar\u0131 oldu\u011fu iddialar\u0131, \u00f6rg\u00fct\u00fcn muhafazak\u00e2r duru\u015funu ele\u015ftirenlerin s\u0131k\u00e7a kulland\u0131\u011f\u0131 bir arg\u00fcman. Ayr\u0131ca, Latin Amerika\u2019daki baz\u0131 diktat\u00f6rl\u00fcklerle (\u00f6rne\u011fin, Pinochet d\u00f6nemi \u015eili) ba\u011flant\u0131lar\u0131 da \u00f6rg\u00fcte y\u00f6nelik \u015f\u00fcpheleri art\u0131r\u0131yor (https:\/\/www.theguardian.com\/globaldevelopment\/2025\/apr\/14\/argentina-human-rights-women-opus-dei-catholic-church-exploitation-abuse-celibacy-trafficking-allegations)<\/p>\n<p>G\u00fcncel Geli\u015fmeler: Opus Dei Reform Yolunda m\u0131?<\/p>\n<p>2025 y\u0131l\u0131, Opus Dei i\u00e7in hem hukuki hem de yap\u0131sal de\u011fi\u015fikliklerin konu\u015fuldu\u011fu bir y\u0131l oldu. Nisan 2025\u2019te, Papa Francis\u2019in \u00f6l\u00fcm\u00fc nedeniyle \u00f6rg\u00fct\u00fcn genel kongresi kapsam\u0131n\u0131 daraltt\u0131 ve yeni t\u00fcz\u00fck \u00e7al\u0131\u015fmalar\u0131 ertelendi. Papa Francis, daha \u00f6nce Opus Dei\u2019nin Vatikan i\u00e7indeki yap\u0131s\u0131n\u0131 reforme etmeye \u00e7al\u0131\u015fm\u0131\u015f ve \u00f6rg\u00fct\u00fc Piskoposlar Dicastery\u2019si yerine Din Adamlar\u0131 Dicastery\u2019sine ba\u011flam\u0131\u015ft\u0131. Bu de\u011fi\u015fiklik, \u00f6rg\u00fct\u00fcn \u00f6zerkli\u011fini s\u0131n\u0131rlayan bir ad\u0131m olarak yorumland\u0131 ve \u00f6rg\u00fct\u00fc rahats\u0131z etti. (https:\/\/www.catholicnewsagency.com\/news\/263607\/opus-dei-postpones-adoption-of-new-statutes)<\/p>\n<p>Ayr\u0131ca, Monsignor Fernando Oc\u00e1riz liderli\u011findeki Opus Dei, Arjantin\u2019deki iddialar sonras\u0131 bir \u201ciyile\u015fme s\u00fcreci\u201d ba\u015flatt\u0131\u011f\u0131n\u0131 duyurdu. Ancak ele\u015ftirmenler, bu ad\u0131mlar\u0131n yeterli olmad\u0131\u011f\u0131n\u0131 ve \u00f6rg\u00fct\u00fcn daha \u015feffaf bir yap\u0131ya kavu\u015fmas\u0131 gerekti\u011fini savunuyor. Bunun m\u00fcmk\u00fcn olmayaca\u011f\u0131n\u0131 tahmin etmek zor de\u011fil.<\/p>\n<p>Frans\u0131z gazeteci Patrice de Plunkett\u2019in L\u2019Opus Dei: Enqu\u00eate sur le \u201cMonstre\u201d adl\u0131 kitab\u0131  (\u201cCanavar\u201d hakk\u0131nda soru\u015fturma ) bu \u201ckara efsane\u201dyi \u00e7\u00fcr\u00fctmeyi ama\u00e7lasa da, \u00f6rg\u00fct\u00fcn \u201cgizlilik\u201d politikas\u0131 ele\u015ftirilerden kurtulamad\u0131. Plunkett, Opus Dei\u2019nin \u201csessizlik stratejisi\u201dnin, \u00f6zellikle Franco rejimi d\u00f6neminde \u015fekillendi\u011fini ve bu yakla\u015f\u0131m\u0131n Fransa gibi \u015feffafl\u0131k bekleyen toplumlarda ters tepti\u011fini savunuyor.<\/p>\n<p>Fransa\u2019da 1000\u2019den fazla \u00fcyesi bulunan Opus Dei, bu ele\u015ftirilere yan\u0131t olarak 2006\u2019da Fransa\u2019da bir ileti\u015fim kampanyas\u0131 ba\u015flatt\u0131. \u00d6rg\u00fct, web sitesi ve bas\u0131n a\u00e7\u0131klamalar\u0131yla daha \u015feffaf bir imaj \u00e7izmeye \u00e7al\u0131\u015ft\u0131. \u00d6rne\u011fin, opusdei.org\u2019da Fransa\u2019daki faaliyetler hakk\u0131nda detayl\u0131 bilgiler payla\u015f\u0131l\u0131yor ve \u00fcyelerin g\u00fcnl\u00fck ya\u015famda Tanr\u0131\u2019y\u0131 arad\u0131klar\u0131 vurgulan\u0131yor.<\/p>\n<p>Opus Dei\u2019nin Gelece\u011fi Ne Olacak?<\/p>\n<p>Opus Dei, Katolik Kilisesi i\u00e7inde hem g\u00fc\u00e7l\u00fc hem de tart\u0131\u015fmal\u0131 bir yap\u0131 olmaya devam ediyor. Gizli \u00f6rg\u00fctler hi\u00e7 bir zaman perde arkas\u0131n\u0131 g\u00f6stermez. Opus Dei\u2019min dini misyonu, bir\u00e7ok ki\u015fi i\u00e7in ilham verici olsa da, insan ticareti, i\u015f g\u00fcc\u00fc s\u00f6m\u00fcr\u00fcs\u00fc ve cinsel taciz gibi ciddi su\u00e7lamalar, Opus Dei\u2019nin itibar\u0131n\u0131 son d\u00f6nemlerde sarst\u0131. Hukuki davalar ve Vatikan\u2019\u0131n reform \u00e7abalar\u0131, \u00f6rg\u00fct\u00fcn gelece\u011fini nas\u0131l \u015fekillendirecek? Bu gizemli yap\u0131n\u0131n s\u0131r perdesi aralanacak m\u0131, yoksa tart\u0131\u015fmalar devam m\u0131 edecek? Opus Dei, bir dini hareket mi, yoksa karanl\u0131k bir tarikat m\u0131 tart\u0131\u015fmas\u0131n\u0131 sizlere b\u0131rak\u0131yorum ve daha \u00f6teye ge\u00e7mek istemiyorum\u2026<\/p>\n<p>\u2018\u2019 Hi\u00e7bir \u015fey senin g\u00f6rd\u00fc\u011f\u00fcn ve sand\u0131\u011f\u0131n gibi de\u011fildir \u2018\u2019<\/p>\n<p>Kaynaklar:  <\/p>\n<p>&#8211; Wikip\u00e9dia : Opus Dei <\/p>\n<p>&#8211; La Croix: \u201cQu\u2019est-ce que l\u2019Opus Dei?\u201d <\/p>\n<p>&#8211; Le Figaro: \u201cL\u2019Opus Dei \u00e0 la crois\u00e9e des chemins\u201d <\/p>\n<p>&#8211; Patrice de Plunkett: L\u2019Opus Dei: Enqu\u00eate sur le \u201cMonstre\u201d <\/p>\n<p>&#8211; Catholic News Agency: https:\/\/www.catholicnewsagency.com\/news\/263607\/opus-dei-postpones-adoption-of-new-statutes<\/p>\n<p>&#8211; The Guardian  :https:\/\/www.theguardian.com\/global-development\/2025\/apr\/14\/argentina-human-rights-women-opus-dei-catholic-church-exploitation-abuse-celibacy-trafficking-allegations<\/p>\n<p>&#8211; AP News : https:\/\/apnews.com\/article\/vatican-peru-opus-dei-sodalitium-cipriani-0797bdb44cf2ef8b7390625921806fdc<\/p>\n<p>https:\/\/apnews.com\/article\/peru-vatican-cipriani-abuse-opus-dei-f06a78f69d34e4a518361b8f3dc60527<\/p>\n<p>&#8211; National Catholic Register  https:\/\/www.ncregister.com\/cna\/opus-dei-in-argentina-denies-accusations-of-human-trafficking-and-labor-exploitation<\/p>\n<p>&#8211; Slate  : https:\/\/slate.com\/life\/2024\/10\/what-is-opus-dei-catholic-church-meaning.html<\/p>\n<p>\u200bOpus Dei Nedir ve Neden Bu Kadar Tart\u0131\u015fmal\u0131?<\/p>\n<p>Opus Dei, Latince &#8220;Tanr\u0131\u2019n\u0131n \u0130\u015fi&#8221; anlam\u0131na gelen ve 1928 y\u0131l\u0131nda \u0130spanyol Katolik rahip Josemar\u00eda Escriv\u00e1 taraf\u0131ndan kurulan bir Katolik \u00f6rg\u00fct\u00fc.  Bu tarih tabiki resmi kurulu\u015f tarihi olarak duyuruldu ancak benim kanaatime g\u00f6re bu gizli \u00f6rg\u00fct\u00fcn kurulu\u015fu Orta \u00c7a\u011f\u2019dan daha da eskilere dayand\u0131\u011f\u0131n\u0131. Unutulmamas\u0131 gereken \u00f6nemli bir husus ise \u015fu an en g\u00fc\u00e7l\u00fc , en gizli ve en gizemli \u00f6rg\u00fct olmas\u0131. Bilindi\u011fi kadar\u0131yla, 100.000 \u2018den fazla \u00fcyesiyle d\u00fcnya \u00e7ap\u0131nda 70\u2019ten fazla \u00fclkede faaliyet g\u00f6steren bu \u00f6rg\u00fct manevi \u00f6\u011fretileri hem de tart\u0131\u015fmal\u0131 uygulamalar\u0131yla dikkat \u00e7ekiyor. Ba\u015flang\u0131\u00e7ta Opus Dei sadece erkeklere a\u00e7\u0131kt\u0131, ancak 1930&#8217;da Escriv\u00e1, Tanr\u0131&#8217;dan gelen bir ileti\u015fim oldu\u011funa inand\u0131\u011f\u0131 \u015feye dayanarak kad\u0131nlar\u0131 da kabul etmeye ba\u015flad\u0131.  2002&#8217;de , Josemar\u00eda&#8217;n\u0131n &#8220;Hristiyanl\u0131\u011f\u0131n b\u00fcy\u00fck tan\u0131klar\u0131 aras\u0131nda say\u0131lmas\u0131&#8221; gerekti\u011fini ilan eden Papa II. John Paul taraf\u0131ndan aziz ilan edildi .<\/p>\n<p>Peki, Opus Dei neden bu kadar gizemli bulunuyor? Dan Brown\u2019un \u201cDa Vinci \u015eifresi \u201croman\u0131nda karanl\u0131k bir tarikat olarak tasvir edilen bu \u00f6rg\u00fct, ger\u00e7ekten bir k\u00fclt m\u00fc, yoksa sadece dindar bir topluluk mu veya d\u00fcnyay\u0131 kontrol alt\u0131na alm\u0131\u015f g\u00f6r\u00fcnmez bir g\u00fc\u00e7 a\u011f\u0131 m\u0131 ? Daha da \u00f6nemlisi, son y\u0131llarda ortaya \u00e7\u0131kan hukuki sorunlar neler?  \u00d6rg\u00fct\u00fcn Da Vinci \u015fifresi roman\u0131 ve filmine de m\u00fcdahale etti\u011fini hat\u0131rlatmak isterim. Bu makalede, zaman zaman bas\u0131nda g\u00fcndem olan ama \u00e7ok detaylara girmeden Opus Dei\u2019nin tarih\u00e7esini, tart\u0131\u015fmal\u0131 y\u00f6nlerini ve g\u00fcncel hukuki davalar\u0131n\u0131 mercek alt\u0131na almak istedim.<\/p>\n<p>Opus Dei\u2019nin K\u00f6keni ve Misyonu<\/p>\n<p>\u00d6ncellikle vurgulamak istedi\u011fim \u00f6nemli bir nokta ise Opus Dei sadece hakk\u0131nda bilinmesini istedi\u011fi kadar \u201c\u015feffafl\u0131k\u201d hamleleri yapm\u0131\u015ft\u0131r ve bir taraf\u0131 her zaman karanl\u0131kta kalm\u0131\u015ft\u0131r.<\/p>\n<p>\u00d6rg\u00fct, Katolik Kilisesi\u2019nin tek &#8220;ki\u015fisel prelature&#8221;si olarak ( Katolik Klisesi\u2019nin Kanonik Hukuk\u2019unda tan\u0131ml\u0131, \u00f6zel bir idari ve manevi yap\u0131d\u0131r) hem rahiplerden hem de \u00e7o\u011funlukla laik \u00fcyelerden olu\u015fuyor. Escriv\u00e1\u2019n\u0131n vizyonu, g\u00fcnl\u00fck ya\u015famda ve i\u015f hayat\u0131nda maneviyat\u0131 te\u015fvik ederek Hristiyan m\u00fckemmeliyetini aramakt\u0131.  Ancak bu ama\u00e7 ilk bak\u0131\u015fta masum g\u00f6r\u00fcnse de perde arkas\u0131ndaki as\u0131l amac\u0131n bir k\u0131l\u0131f\u0131 da olabilece\u011fini d\u00fc\u015f\u00fcn\u00fcyoruz. \u00d6rg\u00fct\u00fcn \u00fcyeleri aras\u0131nda \u201cnumerary\u201d (bekar, tam ba\u011fl\u0131 \u00fcyeler), \u201csupernumerary\u201d (evli \u00fcyeler) ve \u201ccooperators\u201d (daha az ba\u011fl\u0131 destek\u00e7iler) gibi farkl\u0131 kategoriler bulunuyor.<\/p>\n<p>Ancak Opus Dei, sadece dini bir hareket olmaktan \u00e7ok daha fazlas\u0131. \u00d6rg\u00fct\u00fcn Vatikan\u2019daki etkisi, Papa \u00fczerindeki etkisi ve g\u00fcc\u00fc, e\u011fitim ve i\u015f d\u00fcnyas\u0131ndaki g\u00fcc\u00fc, onu hem destek\u00e7ileri hem de ele\u015ftirmenleri i\u00e7in merak konusu haline getiriyor. \u00d6zellikle Franco rejimiyle olan ba\u011flar\u0131 ve Latin Amerika\u2019daki askeri diktat\u00f6rl\u00fcklerle ili\u015fkileri, Opus Dei\u2019yi tart\u0131\u015fmalar\u0131n merkezine oturtuyor. Papa II. Jean Paul&#8217;\u00fcn 2005&#8217;te \u00f6l\u00fcm\u00fc ve Papa 16. Benedict&#8217;in 2013&#8217;te istifa etmesine ra\u011fmen, her ikisi de Opus Dei&#8217;nin g\u00fc\u00e7l\u00fc destek\u00e7ileriydi; ancak grup, eski bir Cizvit olan Papa Franciscus \u00f6nderli\u011finde Katolik Kilisesi i\u00e7inde g\u00fc\u00e7l\u00fc bir organ olmaya devam ediyor.<\/p>\n<p>Hukuki Tart\u0131\u015fmalar: Opus Dei\u2019nin bir Karanl\u0131k Y\u00fcz\u00fc var m\u0131 ?<\/p>\n<p>Opus Dei, son y\u0131llarda \u00f6zellikle Arjantin\u2019de patlak veren ciddi hukuki iddialarla g\u00fcndeme geldi. 2021 y\u0131l\u0131nda, 43 kad\u0131n, \u00f6rg\u00fct\u00fcn Arjantin koluna kar\u015f\u0131 insan ticareti ve i\u015f g\u00fcc\u00fc s\u00f6m\u00fcr\u00fcs\u00fc su\u00e7lamalar\u0131yla dava a\u00e7t\u0131. Bu kad\u0131nlar, \u00e7ocukluk ve gen\u00e7lik d\u00f6nemlerinde \u00f6rg\u00fcte \u00e7ekildiklerini, e\u011fitim vaadiyle kand\u0131r\u0131ld\u0131klar\u0131n\u0131 ve evlerde yar\u0131 k\u00f6lelik ko\u015fullar\u0131nda \u00e7al\u0131\u015ft\u0131r\u0131ld\u0131klar\u0131n\u0131 iddia ediyor. Arjantin savc\u0131l\u0131\u011f\u0131, bu iddialar \u00fczerine \u00f6rg\u00fct\u00fcn eski y\u00f6neticilerinden baz\u0131 rahipler hakk\u0131nda soru\u015fturma ba\u015flatt\u0131.<\/p>\n<p>Arjantin Davas\u0131: Ger\u00e7ekler ve \u0130ddialar<\/p>\n<p>Dava, \u00f6rg\u00fct\u00fcn kad\u0131n \u00fcyeleri \u201cnumerary asistan\u201d olarak adland\u0131r\u0131lan bir stat\u00fcye zorlad\u0131\u011f\u0131n\u0131 ve bu kad\u0131nlar\u0131n uzun saatler boyunca \u00fccretsiz veya \u00e7ok d\u00fc\u015f\u00fck \u00fccretlerle \u00e7al\u0131\u015ft\u0131\u011f\u0131n\u0131 \u00f6ne s\u00fcr\u00fcyor. Davac\u0131lar\u0131n iddialar\u0131na g\u00f6re, bu s\u00fcre\u00e7te psikolojik bask\u0131 ve dini manip\u00fclasyon da kullan\u0131ld\u0131. Opus Dei ise bu su\u00e7lamalar\u0131 \u201ckategorik olarak\u201d reddediyor ve bir dinleme komisyonu kurarak zarar g\u00f6renlere yard\u0131m etmeye \u00e7al\u0131\u015ft\u0131\u011f\u0131n\u0131 belirtiyor.<\/p>\n<p>Vatikan\u2019daki Skandal: Kardinal Cipriani Davas\u0131<\/p>\n<p>Opus Dei\u2019nin ilk kardinali olan Juan Luis Cipriani Thorne, 2019 y\u0131l\u0131nda cinsel taciz iddialar\u0131yla kar\u015f\u0131 kar\u015f\u0131ya kald\u0131. Vatikan, bu iddialar \u00fczerine kardinale kamu faaliyetlerini k\u0131s\u0131tlama, ikamet de\u011fi\u015fikli\u011fi ve dini sembollerin kullan\u0131m\u0131na s\u0131n\u0131rlama gibi yapt\u0131r\u0131mlar uygulad\u0131. Cipriani su\u00e7lamalar\u0131 reddetse de, bu olay \u00f6rg\u00fct\u00fcn itibar\u0131na g\u00f6lge d\u00fc\u015f\u00fcrd\u00fc.<\/p>\n<p>Opus Dei\u2019nin G\u00fcc\u00fc ve Etkisi<\/p>\n<p>Opus Dei\u2019nin g\u00fcc\u00fc, sadece dini alanda de\u011fil, ayn\u0131 zamanda i\u015f, e\u011fitim ve siyasette de hissediliyor. \u00d6rg\u00fct, d\u00fcnya \u00e7ap\u0131nda okullar, \u00fcniversiteler ve hastaneler i\u015fletiyor. Ancak bu geni\u015f etki alan\u0131, ayn\u0131 zamanda ele\u015ftirilerin de hedefi oluyor. \u00d6rne\u011fin, Gareth Gore\u2019un  \u201cOpus: The Cult of Dark Money, Human Trafficking, and Right-Wing Conspiracy Inside the Catholic Church\u201dadl\u0131 kitab\u0131, \u00f6rg\u00fct\u00fc finansal skandallar ve siyasi manip\u00fclasyonlarla su\u00e7luyor.<\/p>\n<p>Opus Dei, bu kitaptaki iddialara kar\u015f\u0131 106 sayfal\u0131k bir d\u00fczeltme belgesi yay\u0131mlayarak kendini savunmaya \u00e7al\u0131\u015ft\u0131. https:\/\/www.catholicnewsagency.com\/news\/261555\/opus-dei-contests-charges-of-malfeasance-in-author-s-new-book) (https:\/\/slate.com\/life\/2024\/10\/what-is-opus-dei-catholic-church-meaning.html<\/p>\n<p>Franco Rejimi ve Siyasi Ba\u011flant\u0131lar<\/p>\n<p>Opus Dei\u2019nin, \u0130spanya\u2019daki Franco rejimiyle yak\u0131n ili\u015fkileri, \u00f6rg\u00fct\u00fcn tarihine damga vuran bir ba\u015fka tart\u0131\u015fma konusu. Kurucu Escriv\u00e1\u2019n\u0131n, Franco\u2019nun fa\u015fist rejimiyle ba\u011flant\u0131lar\u0131 oldu\u011fu iddialar\u0131, \u00f6rg\u00fct\u00fcn muhafazak\u00e2r duru\u015funu ele\u015ftirenlerin s\u0131k\u00e7a kulland\u0131\u011f\u0131 bir arg\u00fcman. Ayr\u0131ca, Latin Amerika\u2019daki baz\u0131 diktat\u00f6rl\u00fcklerle (\u00f6rne\u011fin, Pinochet d\u00f6nemi \u015eili) ba\u011flant\u0131lar\u0131 da \u00f6rg\u00fcte y\u00f6nelik \u015f\u00fcpheleri art\u0131r\u0131yor (https:\/\/www.theguardian.com\/globaldevelopment\/2025\/apr\/14\/argentina-human-rights-women-opus-dei-catholic-church-exploitation-abuse-celibacy-trafficking-allegations)<\/p>\n<p>G\u00fcncel Geli\u015fmeler: Opus Dei Reform Yolunda m\u0131?<\/p>\n<p>2025 y\u0131l\u0131, Opus Dei i\u00e7in hem hukuki hem de yap\u0131sal de\u011fi\u015fikliklerin konu\u015fuldu\u011fu bir y\u0131l oldu. Nisan 2025\u2019te, Papa Francis\u2019in \u00f6l\u00fcm\u00fc nedeniyle \u00f6rg\u00fct\u00fcn genel kongresi kapsam\u0131n\u0131 daraltt\u0131 ve yeni t\u00fcz\u00fck \u00e7al\u0131\u015fmalar\u0131 ertelendi. Papa Francis, daha \u00f6nce Opus Dei\u2019nin Vatikan i\u00e7indeki yap\u0131s\u0131n\u0131 reforme etmeye \u00e7al\u0131\u015fm\u0131\u015f ve \u00f6rg\u00fct\u00fc Piskoposlar Dicastery\u2019si yerine Din Adamlar\u0131 Dicastery\u2019sine ba\u011flam\u0131\u015ft\u0131. Bu de\u011fi\u015fiklik, \u00f6rg\u00fct\u00fcn \u00f6zerkli\u011fini s\u0131n\u0131rlayan bir ad\u0131m olarak yorumland\u0131 ve \u00f6rg\u00fct\u00fc rahats\u0131z etti. (https:\/\/www.catholicnewsagency.com\/news\/263607\/opus-dei-postpones-adoption-of-new-statutes)<\/p>\n<p>Ayr\u0131ca, Monsignor Fernando Oc\u00e1riz liderli\u011findeki Opus Dei, Arjantin\u2019deki iddialar sonras\u0131 bir \u201ciyile\u015fme s\u00fcreci\u201d ba\u015flatt\u0131\u011f\u0131n\u0131 duyurdu. Ancak ele\u015ftirmenler, bu ad\u0131mlar\u0131n yeterli olmad\u0131\u011f\u0131n\u0131 ve \u00f6rg\u00fct\u00fcn daha \u015feffaf bir yap\u0131ya kavu\u015fmas\u0131 gerekti\u011fini savunuyor. Bunun m\u00fcmk\u00fcn olmayaca\u011f\u0131n\u0131 tahmin etmek zor de\u011fil.<\/p>\n<p>Frans\u0131z gazeteci Patrice de Plunkett\u2019in L\u2019Opus Dei: Enqu\u00eate sur le \u201cMonstre\u201d adl\u0131 kitab\u0131  (\u201cCanavar\u201d hakk\u0131nda soru\u015fturma ) bu \u201ckara efsane\u201dyi \u00e7\u00fcr\u00fctmeyi ama\u00e7lasa da, \u00f6rg\u00fct\u00fcn \u201cgizlilik\u201d politikas\u0131 ele\u015ftirilerden kurtulamad\u0131. Plunkett, Opus Dei\u2019nin \u201csessizlik stratejisi\u201dnin, \u00f6zellikle Franco rejimi d\u00f6neminde \u015fekillendi\u011fini ve bu yakla\u015f\u0131m\u0131n Fransa gibi \u015feffafl\u0131k bekleyen toplumlarda ters tepti\u011fini savunuyor.<\/p>\n<p>Fransa\u2019da 1000\u2019den fazla \u00fcyesi bulunan Opus Dei, bu ele\u015ftirilere yan\u0131t olarak 2006\u2019da Fransa\u2019da bir ileti\u015fim kampanyas\u0131 ba\u015flatt\u0131. \u00d6rg\u00fct, web sitesi ve bas\u0131n a\u00e7\u0131klamalar\u0131yla daha \u015feffaf bir imaj \u00e7izmeye \u00e7al\u0131\u015ft\u0131. \u00d6rne\u011fin, opusdei.org\u2019da Fransa\u2019daki faaliyetler hakk\u0131nda detayl\u0131 bilgiler payla\u015f\u0131l\u0131yor ve \u00fcyelerin g\u00fcnl\u00fck ya\u015famda Tanr\u0131\u2019y\u0131 arad\u0131klar\u0131 vurgulan\u0131yor.<\/p>\n<p>Opus Dei\u2019nin Gelece\u011fi Ne Olacak?<\/p>\n<p>Opus Dei, Katolik Kilisesi i\u00e7inde hem g\u00fc\u00e7l\u00fc hem de tart\u0131\u015fmal\u0131 bir yap\u0131 olmaya devam ediyor. Gizli \u00f6rg\u00fctler hi\u00e7 bir zaman perde arkas\u0131n\u0131 g\u00f6stermez. Opus Dei\u2019min dini misyonu, bir\u00e7ok ki\u015fi i\u00e7in ilham verici olsa da, insan ticareti, i\u015f g\u00fcc\u00fc s\u00f6m\u00fcr\u00fcs\u00fc ve cinsel taciz gibi ciddi su\u00e7lamalar, Opus Dei\u2019nin itibar\u0131n\u0131 son d\u00f6nemlerde sarst\u0131. Hukuki davalar ve Vatikan\u2019\u0131n reform \u00e7abalar\u0131, \u00f6rg\u00fct\u00fcn gelece\u011fini nas\u0131l \u015fekillendirecek? Bu gizemli yap\u0131n\u0131n s\u0131r perdesi aralanacak m\u0131, yoksa tart\u0131\u015fmalar devam m\u0131 edecek? Opus Dei, bir dini hareket mi, yoksa karanl\u0131k bir tarikat m\u0131 tart\u0131\u015fmas\u0131n\u0131 sizlere b\u0131rak\u0131yorum ve daha \u00f6teye ge\u00e7mek istemiyorum\u2026<\/p>\n<p>\u2018\u2019 Hi\u00e7bir \u015fey senin g\u00f6rd\u00fc\u011f\u00fcn ve sand\u0131\u011f\u0131n gibi de\u011fildir \u2018\u2019<\/p>\n<p>Kaynaklar:  <\/p>\n<p>&#8211; Wikip\u00e9dia : Opus Dei <\/p>\n<p>&#8211; La Croix: \u201cQu\u2019est-ce que l\u2019Opus Dei?\u201d <\/p>\n<p>&#8211; Le Figaro: \u201cL\u2019Opus Dei \u00e0 la crois\u00e9e des chemins\u201d <\/p>\n<p>&#8211; Patrice de Plunkett: L\u2019Opus Dei: Enqu\u00eate sur le \u201cMonstre\u201d <\/p>\n<p>&#8211; Catholic News Agency: https:\/\/www.catholicnewsagency.com\/news\/263607\/opus-dei-postpones-adoption-of-new-statutes<\/p>\n<p>&#8211; The Guardian  :https:\/\/www.theguardian.com\/global-development\/2025\/apr\/14\/argentina-human-rights-women-opus-dei-catholic-church-exploitation-abuse-celibacy-trafficking-allegations<\/p>\n<p>&#8211; AP News : https:\/\/apnews.com\/article\/vatican-peru-opus-dei-sodalitium-cipriani-0797bdb44cf2ef8b7390625921806fdc<\/p>\n<p>https:\/\/apnews.com\/article\/peru-vatican-cipriani-abuse-opus-dei-f06a78f69d34e4a518361b8f3dc60527<\/p>\n<p>&#8211; National Catholic Register  https:\/\/www.ncregister.com\/cna\/opus-dei-in-argentina-denies-accusations-of-human-trafficking-and-labor-exploitation<\/p>\n<p>&#8211; Slate  : https:\/\/slate.com\/life\/2024\/10\/what-is-opus-dei-catholic-church-meaning.html\u00a0Hukuki Haber<\/p>\n<p>Haberin Al\u0131nt\u0131land\u0131\u011f\u0131 Kaynak: www.hukukihaber.net<\/p>","protected":false},"excerpt":{"rendered":"<p>Opus Dei Nedir ve Neden Bu Kadar Tart\u0131\u015fmal\u0131? Opus Dei, Latince &#8220;Tanr\u0131\u2019n\u0131n \u0130\u015fi&#8221; anlam\u0131na gelen ve 1928 y\u0131l\u0131nda \u0130spanyol Katolik rahip Josemar\u00eda Escriv\u00e1 taraf\u0131ndan kurulan bir Katolik \u00f6rg\u00fct\u00fc. Bu tarih tabiki resmi kurulu\u015f tarihi olarak duyuruldu ancak benim kanaatime g\u00f6re bu gizli \u00f6rg\u00fct\u00fcn kurulu\u015fu Orta \u00c7a\u011f\u2019dan daha da eskilere dayand\u0131\u011f\u0131n\u0131. Unutulmamas\u0131 gereken \u00f6nemli bir husus ise \u015fu an en g\u00fc\u00e7l\u00fc , en gizli ve en gizemli \u00f6rg\u00fct olmas\u0131. Bilindi\u011fi kadar\u0131yla, 100.000 \u2018den fazla \u00fcyesiyle d\u00fcnya \u00e7ap\u0131nda 70\u2019ten fazla \u00fclkede faaliyet g\u00f6steren bu \u00f6rg\u00fct manevi \u00f6\u011fretileri hem de tart\u0131\u015fmal\u0131 uygulamalar\u0131yla dikkat \u00e7ekiyor. Ba\u015flang\u0131\u00e7ta Opus Dei sadece erkeklere a\u00e7\u0131kt\u0131, ancak 1930&#8217;da Escriv\u00e1, Tanr\u0131&#8217;dan gelen bir ileti\u015fim oldu\u011funa inand\u0131\u011f\u0131 \u015feye dayanarak kad\u0131nlar\u0131 da kabul etmeye ba\u015flad\u0131. 2002&#8217;de , Josemar\u00eda&#8217;n\u0131n &#8220;Hristiyanl\u0131\u011f\u0131n b\u00fcy\u00fck tan\u0131klar\u0131 aras\u0131nda say\u0131lmas\u0131&#8221; gerekti\u011fini ilan eden Papa II. John Paul taraf\u0131ndan aziz ilan edildi . Peki, Opus Dei neden bu kadar gizemli bulunuyor? Dan Brown\u2019un \u201cDa Vinci \u015eifresi \u201croman\u0131nda karanl\u0131k bir tarikat olarak tasvir edilen bu \u00f6rg\u00fct, ger\u00e7ekten bir k\u00fclt m\u00fc, yoksa sadece dindar bir topluluk mu veya d\u00fcnyay\u0131 kontrol alt\u0131na alm\u0131\u015f g\u00f6r\u00fcnmez bir g\u00fc\u00e7 a\u011f\u0131 m\u0131 ? Daha da \u00f6nemlisi, son y\u0131llarda ortaya \u00e7\u0131kan hukuki sorunlar neler? \u00d6rg\u00fct\u00fcn Da Vinci \u015fifresi roman\u0131 ve filmine de m\u00fcdahale etti\u011fini hat\u0131rlatmak isterim. Bu makalede, &hellip;<\/p>","protected":false},"author":3,"featured_media":0,"comment_status":"","ping_status":"open","sticky":false,"template":"","format":"standard","meta":{"_acf_changed":false,"footnotes":""},"categories":[27],"tags":[],"class_list":["post-105937","post","type-post","status-publish","format-standard","has-post-thumbnail","hentry","category-hukukihaber"],"acf":[],"yoast_head":"<!-- This site is optimized with the Yoast SEO Premium plugin v26.6 (Yoast SEO v27.1.1) - https:\/\/yoast.com\/product\/yoast-seo-premium-wordpress\/ -->\n<title>Opus Dei: Gizemli Katolik \u00d6rg\u00fct\u00fcn\u00fcn Perde Arkas\u0131 ve Hukuki Tart\u0131\u015fmalar - Av. Deniz Can K\u0131z\u0131l<\/title>\n<meta name=\"robots\" content=\"index, follow, max-snippet:-1, max-image-preview:large, max-video-preview:-1\" \/>\n<link rel=\"canonical\" href=\"https:\/\/denizcankizil.tr\/de\/hukukihaber\/opus-dei-gizemli-katolik-orgutunun-perde-arkasi-ve-hukuki-tartismalar\/\" \/>\n<meta property=\"og:locale\" content=\"de_DE\" \/>\n<meta property=\"og:type\" content=\"article\" \/>\n<meta property=\"og:title\" content=\"Opus Dei: Gizemli Katolik \u00d6rg\u00fct\u00fcn\u00fcn Perde Arkas\u0131 ve Hukuki Tart\u0131\u015fmalar\" \/>\n<meta property=\"og:description\" content=\"Opus Dei Nedir ve Neden Bu Kadar Tart\u0131\u015fmal\u0131? Opus Dei, Latince &#8220;Tanr\u0131\u2019n\u0131n \u0130\u015fi&#8221; anlam\u0131na gelen ve 1928 y\u0131l\u0131nda \u0130spanyol Katolik rahip Josemar\u00eda Escriv\u00e1 taraf\u0131ndan kurulan bir Katolik \u00f6rg\u00fct\u00fc. Bu tarih tabiki resmi kurulu\u015f tarihi olarak duyuruldu ancak benim kanaatime g\u00f6re bu gizli \u00f6rg\u00fct\u00fcn kurulu\u015fu Orta \u00c7a\u011f\u2019dan daha da eskilere dayand\u0131\u011f\u0131n\u0131. Unutulmamas\u0131 gereken \u00f6nemli bir husus ise \u015fu an en g\u00fc\u00e7l\u00fc , en gizli ve en gizemli \u00f6rg\u00fct olmas\u0131. Bilindi\u011fi kadar\u0131yla, 100.000 \u2018den fazla \u00fcyesiyle d\u00fcnya \u00e7ap\u0131nda 70\u2019ten fazla \u00fclkede faaliyet g\u00f6steren bu \u00f6rg\u00fct manevi \u00f6\u011fretileri hem de tart\u0131\u015fmal\u0131 uygulamalar\u0131yla dikkat \u00e7ekiyor. Ba\u015flang\u0131\u00e7ta Opus Dei sadece erkeklere a\u00e7\u0131kt\u0131, ancak 1930&#8217;da Escriv\u00e1, Tanr\u0131&#8217;dan gelen bir ileti\u015fim oldu\u011funa inand\u0131\u011f\u0131 \u015feye dayanarak kad\u0131nlar\u0131 da kabul etmeye ba\u015flad\u0131. 2002&#8217;de , Josemar\u00eda&#8217;n\u0131n &#8220;Hristiyanl\u0131\u011f\u0131n b\u00fcy\u00fck tan\u0131klar\u0131 aras\u0131nda say\u0131lmas\u0131&#8221; gerekti\u011fini ilan eden Papa II. John Paul taraf\u0131ndan aziz ilan edildi . Peki, Opus Dei neden bu kadar gizemli bulunuyor? Dan Brown\u2019un \u201cDa Vinci \u015eifresi \u201croman\u0131nda karanl\u0131k bir tarikat olarak tasvir edilen bu \u00f6rg\u00fct, ger\u00e7ekten bir k\u00fclt m\u00fc, yoksa sadece dindar bir topluluk mu veya d\u00fcnyay\u0131 kontrol alt\u0131na alm\u0131\u015f g\u00f6r\u00fcnmez bir g\u00fc\u00e7 a\u011f\u0131 m\u0131 ? Daha da \u00f6nemlisi, son y\u0131llarda ortaya \u00e7\u0131kan hukuki sorunlar neler? \u00d6rg\u00fct\u00fcn Da Vinci \u015fifresi roman\u0131 ve filmine de m\u00fcdahale etti\u011fini hat\u0131rlatmak isterim. Bu makalede, &hellip;\" \/>\n<meta property=\"og:url\" content=\"https:\/\/denizcankizil.tr\/de\/hukukihaber\/opus-dei-gizemli-katolik-orgutunun-perde-arkasi-ve-hukuki-tartismalar\/\" \/>\n<meta property=\"og:site_name\" content=\"Av. Deniz Can K\u0131z\u0131l\" \/>\n<meta property=\"article:published_time\" content=\"2025-05-31T21:06:00+00:00\" \/>\n<meta name=\"author\" content=\"Hukuki Haber.net\" \/>\n<meta name=\"twitter:card\" content=\"summary_large_image\" \/>\n<meta name=\"twitter:label1\" content=\"Verfasst von\" \/>\n\t<meta name=\"twitter:data1\" content=\"Hukuki Haber.net\" \/>\n\t<meta name=\"twitter:label2\" content=\"Gesch\u00e4tzte Lesezeit\" \/>\n\t<meta name=\"twitter:data2\" content=\"16\u00a0Minuten\" \/>\n<script type=\"application\/ld+json\" class=\"yoast-schema-graph\">{\"@context\":\"https:\/\/schema.org\",\"@graph\":[{\"@type\":\"Article\",\"@id\":\"https:\/\/denizcankizil.tr\/de\/hukukihaber\/opus-dei-gizemli-katolik-orgutunun-perde-arkasi-ve-hukuki-tartismalar\/#article\",\"isPartOf\":{\"@id\":\"https:\/\/denizcankizil.tr\/de\/hukukihaber\/opus-dei-gizemli-katolik-orgutunun-perde-arkasi-ve-hukuki-tartismalar\/\"},\"author\":{\"name\":\"Hukuki Haber.net\",\"@id\":\"https:\/\/denizcankizil.tr\/#\/schema\/person\/001a271de994a0aa3f90eea084424822\"},\"headline\":\"Opus Dei: Gizemli Katolik \u00d6rg\u00fct\u00fcn\u00fcn Perde Arkas\u0131 ve Hukuki Tart\u0131\u015fmalar\",\"datePublished\":\"2025-05-31T21:06:00+00:00\",\"mainEntityOfPage\":{\"@id\":\"https:\/\/denizcankizil.tr\/de\/hukukihaber\/opus-dei-gizemli-katolik-orgutunun-perde-arkasi-ve-hukuki-tartismalar\/\"},\"wordCount\":3208,\"publisher\":{\"@id\":\"https:\/\/denizcankizil.tr\/#organization\"},\"articleSection\":[\"Hukuki Haberler\"],\"inLanguage\":\"de\"},{\"@type\":\"WebPage\",\"@id\":\"https:\/\/denizcankizil.tr\/de\/hukukihaber\/opus-dei-gizemli-katolik-orgutunun-perde-arkasi-ve-hukuki-tartismalar\/\",\"url\":\"https:\/\/denizcankizil.tr\/de\/hukukihaber\/opus-dei-gizemli-katolik-orgutunun-perde-arkasi-ve-hukuki-tartismalar\/\",\"name\":\"Opus Dei: Gizemli Katolik \u00d6rg\u00fct\u00fcn\u00fcn Perde Arkas\u0131 ve Hukuki Tart\u0131\u015fmalar - Av. Deniz Can K\u0131z\u0131l\",\"isPartOf\":{\"@id\":\"https:\/\/denizcankizil.tr\/#website\"},\"datePublished\":\"2025-05-31T21:06:00+00:00\",\"breadcrumb\":{\"@id\":\"https:\/\/denizcankizil.tr\/de\/hukukihaber\/opus-dei-gizemli-katolik-orgutunun-perde-arkasi-ve-hukuki-tartismalar\/#breadcrumb\"},\"inLanguage\":\"de\",\"potentialAction\":[{\"@type\":\"ReadAction\",\"target\":[\"https:\/\/denizcankizil.tr\/de\/hukukihaber\/opus-dei-gizemli-katolik-orgutunun-perde-arkasi-ve-hukuki-tartismalar\/\"]}]},{\"@type\":\"BreadcrumbList\",\"@id\":\"https:\/\/denizcankizil.tr\/de\/hukukihaber\/opus-dei-gizemli-katolik-orgutunun-perde-arkasi-ve-hukuki-tartismalar\/#breadcrumb\",\"itemListElement\":[{\"@type\":\"ListItem\",\"position\":1,\"name\":\"Home\",\"item\":\"https:\/\/denizcankizil.tr\/uk\/\"},{\"@type\":\"ListItem\",\"position\":2,\"name\":\"Opus Dei: Gizemli Katolik \u00d6rg\u00fct\u00fcn\u00fcn Perde Arkas\u0131 ve Hukuki Tart\u0131\u015fmalar\"}]},{\"@type\":\"WebSite\",\"@id\":\"https:\/\/denizcankizil.tr\/#website\",\"url\":\"https:\/\/denizcankizil.tr\/\",\"name\":\"Av. Deniz Can K\u0131z\u0131l\",\"description\":\"Avukat Deniz Can K\u0131z\u0131l Antalya Barosu\",\"publisher\":{\"@id\":\"https:\/\/denizcankizil.tr\/#organization\"},\"potentialAction\":[{\"@type\":\"SearchAction\",\"target\":{\"@type\":\"EntryPoint\",\"urlTemplate\":\"https:\/\/denizcankizil.tr\/?s={search_term_string}\"},\"query-input\":{\"@type\":\"PropertyValueSpecification\",\"valueRequired\":true,\"valueName\":\"search_term_string\"}}],\"inLanguage\":\"de\"},{\"@type\":\"Organization\",\"@id\":\"https:\/\/denizcankizil.tr\/#organization\",\"name\":\"Av. Deniz Can K\u0131z\u0131l\",\"url\":\"https:\/\/denizcankizil.tr\/\",\"logo\":{\"@type\":\"ImageObject\",\"inLanguage\":\"de\",\"@id\":\"https:\/\/denizcankizil.tr\/#\/schema\/logo\/image\/\",\"url\":\"https:\/\/denizcankizil.tr\/wp-content\/uploads\/2024\/10\/siyah-logo-svg.svg\",\"contentUrl\":\"https:\/\/denizcankizil.tr\/wp-content\/uploads\/2024\/10\/siyah-logo-svg.svg\",\"width\":1080,\"height\":1080,\"caption\":\"Av. Deniz Can K\u0131z\u0131l\"},\"image\":{\"@id\":\"https:\/\/denizcankizil.tr\/#\/schema\/logo\/image\/\"}},{\"@type\":\"Person\",\"@id\":\"https:\/\/denizcankizil.tr\/#\/schema\/person\/001a271de994a0aa3f90eea084424822\",\"name\":\"Hukuki Haber.net\",\"image\":{\"@type\":\"ImageObject\",\"inLanguage\":\"de\",\"@id\":\"https:\/\/denizcankizil.tr\/#\/schema\/person\/image\/\",\"url\":\"https:\/\/secure.gravatar.com\/avatar\/57d8a49151495586611a149d29fc42865b951dc053a84709a3172ccb5abf3118?s=96&d=mm&r=g\",\"contentUrl\":\"https:\/\/secure.gravatar.com\/avatar\/57d8a49151495586611a149d29fc42865b951dc053a84709a3172ccb5abf3118?s=96&d=mm&r=g\",\"caption\":\"Hukuki Haber.net\"},\"sameAs\":[\"http:\/\/www.hukukihaber.net\"],\"url\":\"https:\/\/www.hukukihaber.net\/opus-dei-gizemli-katolik-orgutunun-perde-arkasi-ve-hukuki-tartismalar\"}]}<\/script>\n<!-- \/ Yoast SEO Premium plugin. -->","yoast_head_json":{"title":"Opus Dei: Gizemli Katolik \u00d6rg\u00fct\u00fcn\u00fcn Perde Arkas\u0131 ve Hukuki Tart\u0131\u015fmalar - Av. Deniz Can K\u0131z\u0131l","robots":{"index":"index","follow":"follow","max-snippet":"max-snippet:-1","max-image-preview":"max-image-preview:large","max-video-preview":"max-video-preview:-1"},"canonical":"https:\/\/denizcankizil.tr\/de\/hukukihaber\/opus-dei-gizemli-katolik-orgutunun-perde-arkasi-ve-hukuki-tartismalar\/","og_locale":"de_DE","og_type":"article","og_title":"Opus Dei: Gizemli Katolik \u00d6rg\u00fct\u00fcn\u00fcn Perde Arkas\u0131 ve Hukuki Tart\u0131\u015fmalar","og_description":"Opus Dei Nedir ve Neden Bu Kadar Tart\u0131\u015fmal\u0131? Opus Dei, Latince &#8220;Tanr\u0131\u2019n\u0131n \u0130\u015fi&#8221; anlam\u0131na gelen ve 1928 y\u0131l\u0131nda \u0130spanyol Katolik rahip Josemar\u00eda Escriv\u00e1 taraf\u0131ndan kurulan bir Katolik \u00f6rg\u00fct\u00fc. Bu tarih tabiki resmi kurulu\u015f tarihi olarak duyuruldu ancak benim kanaatime g\u00f6re bu gizli \u00f6rg\u00fct\u00fcn kurulu\u015fu Orta \u00c7a\u011f\u2019dan daha da eskilere dayand\u0131\u011f\u0131n\u0131. Unutulmamas\u0131 gereken \u00f6nemli bir husus ise \u015fu an en g\u00fc\u00e7l\u00fc , en gizli ve en gizemli \u00f6rg\u00fct olmas\u0131. Bilindi\u011fi kadar\u0131yla, 100.000 \u2018den fazla \u00fcyesiyle d\u00fcnya \u00e7ap\u0131nda 70\u2019ten fazla \u00fclkede faaliyet g\u00f6steren bu \u00f6rg\u00fct manevi \u00f6\u011fretileri hem de tart\u0131\u015fmal\u0131 uygulamalar\u0131yla dikkat \u00e7ekiyor. Ba\u015flang\u0131\u00e7ta Opus Dei sadece erkeklere a\u00e7\u0131kt\u0131, ancak 1930&#8217;da Escriv\u00e1, Tanr\u0131&#8217;dan gelen bir ileti\u015fim oldu\u011funa inand\u0131\u011f\u0131 \u015feye dayanarak kad\u0131nlar\u0131 da kabul etmeye ba\u015flad\u0131. 2002&#8217;de , Josemar\u00eda&#8217;n\u0131n &#8220;Hristiyanl\u0131\u011f\u0131n b\u00fcy\u00fck tan\u0131klar\u0131 aras\u0131nda say\u0131lmas\u0131&#8221; gerekti\u011fini ilan eden Papa II. John Paul taraf\u0131ndan aziz ilan edildi . Peki, Opus Dei neden bu kadar gizemli bulunuyor? Dan Brown\u2019un \u201cDa Vinci \u015eifresi \u201croman\u0131nda karanl\u0131k bir tarikat olarak tasvir edilen bu \u00f6rg\u00fct, ger\u00e7ekten bir k\u00fclt m\u00fc, yoksa sadece dindar bir topluluk mu veya d\u00fcnyay\u0131 kontrol alt\u0131na alm\u0131\u015f g\u00f6r\u00fcnmez bir g\u00fc\u00e7 a\u011f\u0131 m\u0131 ? Daha da \u00f6nemlisi, son y\u0131llarda ortaya \u00e7\u0131kan hukuki sorunlar neler? \u00d6rg\u00fct\u00fcn Da Vinci \u015fifresi roman\u0131 ve filmine de m\u00fcdahale etti\u011fini hat\u0131rlatmak isterim. Bu makalede, &hellip;","og_url":"https:\/\/denizcankizil.tr\/de\/hukukihaber\/opus-dei-gizemli-katolik-orgutunun-perde-arkasi-ve-hukuki-tartismalar\/","og_site_name":"Av. Deniz Can K\u0131z\u0131l","article_published_time":"2025-05-31T21:06:00+00:00","author":"Hukuki Haber.net","twitter_card":"summary_large_image","twitter_misc":{"Verfasst von":"Hukuki Haber.net","Gesch\u00e4tzte Lesezeit":"16\u00a0Minuten"},"schema":{"@context":"https:\/\/schema.org","@graph":[{"@type":"Article","@id":"https:\/\/denizcankizil.tr\/de\/hukukihaber\/opus-dei-gizemli-katolik-orgutunun-perde-arkasi-ve-hukuki-tartismalar\/#article","isPartOf":{"@id":"https:\/\/denizcankizil.tr\/de\/hukukihaber\/opus-dei-gizemli-katolik-orgutunun-perde-arkasi-ve-hukuki-tartismalar\/"},"author":{"name":"Hukuki Haber.net","@id":"https:\/\/denizcankizil.tr\/#\/schema\/person\/001a271de994a0aa3f90eea084424822"},"headline":"Opus Dei: Gizemli Katolik \u00d6rg\u00fct\u00fcn\u00fcn Perde Arkas\u0131 ve Hukuki Tart\u0131\u015fmalar","datePublished":"2025-05-31T21:06:00+00:00","mainEntityOfPage":{"@id":"https:\/\/denizcankizil.tr\/de\/hukukihaber\/opus-dei-gizemli-katolik-orgutunun-perde-arkasi-ve-hukuki-tartismalar\/"},"wordCount":3208,"publisher":{"@id":"https:\/\/denizcankizil.tr\/#organization"},"articleSection":["Hukuki Haberler"],"inLanguage":"de"},{"@type":"WebPage","@id":"https:\/\/denizcankizil.tr\/de\/hukukihaber\/opus-dei-gizemli-katolik-orgutunun-perde-arkasi-ve-hukuki-tartismalar\/","url":"https:\/\/denizcankizil.tr\/de\/hukukihaber\/opus-dei-gizemli-katolik-orgutunun-perde-arkasi-ve-hukuki-tartismalar\/","name":"Opus Dei: Gizemli Katolik \u00d6rg\u00fct\u00fcn\u00fcn Perde Arkas\u0131 ve Hukuki Tart\u0131\u015fmalar - Av. Deniz Can K\u0131z\u0131l","isPartOf":{"@id":"https:\/\/denizcankizil.tr\/#website"},"datePublished":"2025-05-31T21:06:00+00:00","breadcrumb":{"@id":"https:\/\/denizcankizil.tr\/de\/hukukihaber\/opus-dei-gizemli-katolik-orgutunun-perde-arkasi-ve-hukuki-tartismalar\/#breadcrumb"},"inLanguage":"de","potentialAction":[{"@type":"ReadAction","target":["https:\/\/denizcankizil.tr\/de\/hukukihaber\/opus-dei-gizemli-katolik-orgutunun-perde-arkasi-ve-hukuki-tartismalar\/"]}]},{"@type":"BreadcrumbList","@id":"https:\/\/denizcankizil.tr\/de\/hukukihaber\/opus-dei-gizemli-katolik-orgutunun-perde-arkasi-ve-hukuki-tartismalar\/#breadcrumb","itemListElement":[{"@type":"ListItem","position":1,"name":"Home","item":"https:\/\/denizcankizil.tr\/uk\/"},{"@type":"ListItem","position":2,"name":"Opus Dei: Gizemli Katolik \u00d6rg\u00fct\u00fcn\u00fcn Perde Arkas\u0131 ve Hukuki Tart\u0131\u015fmalar"}]},{"@type":"WebSite","@id":"https:\/\/denizcankizil.tr\/#website","url":"https:\/\/denizcankizil.tr\/","name":"Av. Deniz Can K\u0131z\u0131l","description":"Avukat Deniz Can K\u0131z\u0131l Antalya Barosu","publisher":{"@id":"https:\/\/denizcankizil.tr\/#organization"},"potentialAction":[{"@type":"SearchAction","target":{"@type":"EntryPoint","urlTemplate":"https:\/\/denizcankizil.tr\/?s={search_term_string}"},"query-input":{"@type":"PropertyValueSpecification","valueRequired":true,"valueName":"search_term_string"}}],"inLanguage":"de"},{"@type":"Organization","@id":"https:\/\/denizcankizil.tr\/#organization","name":"Av. Deniz Can K\u0131z\u0131l","url":"https:\/\/denizcankizil.tr\/","logo":{"@type":"ImageObject","inLanguage":"de","@id":"https:\/\/denizcankizil.tr\/#\/schema\/logo\/image\/","url":"https:\/\/denizcankizil.tr\/wp-content\/uploads\/2024\/10\/siyah-logo-svg.svg","contentUrl":"https:\/\/denizcankizil.tr\/wp-content\/uploads\/2024\/10\/siyah-logo-svg.svg","width":1080,"height":1080,"caption":"Av. Deniz Can K\u0131z\u0131l"},"image":{"@id":"https:\/\/denizcankizil.tr\/#\/schema\/logo\/image\/"}},{"@type":"Person","@id":"https:\/\/denizcankizil.tr\/#\/schema\/person\/001a271de994a0aa3f90eea084424822","name":"Hukuki Haber.net","image":{"@type":"ImageObject","inLanguage":"de","@id":"https:\/\/denizcankizil.tr\/#\/schema\/person\/image\/","url":"https:\/\/secure.gravatar.com\/avatar\/57d8a49151495586611a149d29fc42865b951dc053a84709a3172ccb5abf3118?s=96&d=mm&r=g","contentUrl":"https:\/\/secure.gravatar.com\/avatar\/57d8a49151495586611a149d29fc42865b951dc053a84709a3172ccb5abf3118?s=96&d=mm&r=g","caption":"Hukuki Haber.net"},"sameAs":["http:\/\/www.hukukihaber.net"],"url":"https:\/\/www.hukukihaber.net\/opus-dei-gizemli-katolik-orgutunun-perde-arkasi-ve-hukuki-tartismalar"}]}},"_links":{"self":[{"href":"https:\/\/denizcankizil.tr\/de\/wp-json\/wp\/v2\/posts\/105937","targetHints":{"allow":["GET"]}}],"collection":[{"href":"https:\/\/denizcankizil.tr\/de\/wp-json\/wp\/v2\/posts"}],"about":[{"href":"https:\/\/denizcankizil.tr\/de\/wp-json\/wp\/v2\/types\/post"}],"author":[{"embeddable":true,"href":"https:\/\/denizcankizil.tr\/de\/wp-json\/wp\/v2\/users\/3"}],"replies":[{"embeddable":true,"href":"https:\/\/denizcankizil.tr\/de\/wp-json\/wp\/v2\/comments?post=105937"}],"version-history":[{"count":0,"href":"https:\/\/denizcankizil.tr\/de\/wp-json\/wp\/v2\/posts\/105937\/revisions"}],"wp:attachment":[{"href":"https:\/\/denizcankizil.tr\/de\/wp-json\/wp\/v2\/media?parent=105937"}],"wp:term":[{"taxonomy":"category","embeddable":true,"href":"https:\/\/denizcankizil.tr\/de\/wp-json\/wp\/v2\/categories?post=105937"},{"taxonomy":"post_tag","embeddable":true,"href":"https:\/\/denizcankizil.tr\/de\/wp-json\/wp\/v2\/tags?post=105937"}],"curies":[{"name":"wp","href":"https:\/\/api.w.org\/{rel}","templated":true}]}}