{"id":104080,"date":"2025-06-02T12:41:15","date_gmt":"2025-06-02T09:41:15","guid":{"rendered":"https:\/\/denizcankizil.tr\/uncategorized-tr\/oya-eren-ozkan-kimdir-trt-spikeri-kac-yasinda\/"},"modified":"2025-06-02T12:41:15","modified_gmt":"2025-06-02T09:41:15","slug":"oya-eren-ozkan-kimdir-trt-spikeri-kac-yasinda","status":"publish","type":"post","link":"https:\/\/denizcankizil.tr\/de\/haberler\/gundem\/oya-eren-ozkan-kimdir-trt-spikeri-kac-yasinda\/","title":{"rendered":"Oya Eren \u00d6zkan Kimdir? TRT Spikeri Ka\u00e7 Ya\u015f\u0131nda?"},"content":{"rendered":"<p>Oya Eren \u00d6zkan, T\u00fcrkiye\u2019nin en tan\u0131nm\u0131\u015f haber spikerlerinden biri olarak TRT Haber ekranlar\u0131nda ad\u0131ndan s\u0131k\u00e7a s\u00f6z ettiren bir isim. \u00d6d\u00fcl gecesindeki tepkisiyle g\u00fcndeme gelen \u00fcnl\u00fc sunucunun hayat\u0131 da merak edildi. Oya Eren \u00d6zkan kimdir sorusuyla beraber merak edilenleri cevapl\u0131yoruz!<\/p>\n<p>Oya Eren \u00d6zkan Kimdir?<\/p>\n<p>Oya Eren \u00d6zkan, TRT Haber\u2019de spikerlik ve program sunuculu\u011fu yapmaktad\u0131r.  \u0130zmir\u2019de do\u011fan \u00d6zkan, \u00e7ocukluk ve e\u011fitim y\u0131llar\u0131n\u0131 T\u00fcrkiye\u2019nin farkl\u0131 \u015fehirlerinde ge\u00e7irmi\u015ftir. Ankara \u00dcniversitesi Dil ve Tarih-Co\u011frafya Fak\u00fcltesi Klasik Filoloji B\u00f6l\u00fcm\u00fc\u2019nden mezun olan \u00d6zkan, ayn\u0131 \u00fcniversitenin \u0130leti\u015fim Fak\u00fcltesi Gazetecilik B\u00f6l\u00fcm\u00fc\u2019nde y\u00fcksek lisans yapm\u0131\u015ft\u0131r.<\/p>\n<p>Ayr\u0131ca, Milli E\u011fitim Bakanl\u0131\u011f\u0131 ve Yunanistan H\u00fck\u00fcmeti bursuyla Yanya \u00dcniversitesi\u2019nde Yunan Dili ve K\u00fclt\u00fcr\u00fc \u00fczerine e\u011fitim alm\u0131\u015f, Ermenistan\u2019da Ermeni Dili ve K\u00fclt\u00fcr\u00fc \u00fczerine \u00e7al\u0131\u015fmalar\u0131n\u0131 s\u00fcrd\u00fcrm\u00fc\u015ft\u00fcr.<\/p>\n<p>Medya kariyerine strateji ve analiz alan\u0131nda ba\u015flayan \u00d6zkan, Avrasya Stratejik Ara\u015ft\u0131rmalar Merkezi (ASAM) Ermeni Ara\u015ft\u0131rmalar\u0131 Enstit\u00fcs\u00fc\u2019nde stratejist ve Ermenistan uzman\u0131 olarak g\u00f6rev yapm\u0131\u015ft\u0131r. Daha sonra TRT T\u00fcrk\u2019te haber edit\u00f6rl\u00fc\u011f\u00fc ve spor spikerli\u011fi yapm\u0131\u015f, 2016 y\u0131l\u0131ndan itibaren ise TRT Haber\u2019de haber b\u00fcltenleri sunmaya ba\u015flam\u0131\u015ft\u0131r.<\/p>\n<p>\u00d6zkan, ayn\u0131 zamanda Ankara Hac\u0131 Bayram Veli \u00dcniversitesi \u0130leti\u015fim Fak\u00fcltesi\u2019nde \u201cDiksiyon ve Etkili Konu\u015fma\u201d dersleri vermekte ve \u00e7e\u015fitli kurumlarda ileti\u015fim e\u011fitimleri sunmaktad\u0131r.<\/p>\n<p>Lisansl\u0131 bir otomobil yar\u0131\u015f\u00e7\u0131s\u0131 olan \u00d6zkan, 2012 Kartepe Otokros \u015eampiyonas\u0131 gibi yar\u0131\u015flarda \u00f6d\u00fcller kazanm\u0131\u015f ve motor sporlar\u0131na olan tutkusuyla da dikkat \u00e7ekmektedir.<\/p>\n<p>Oya Eren \u00d6zkan Ka\u00e7 Ya\u015f\u0131nda?<\/p>\n<p>Oya Eren \u00d6zkan kimdir sorusunun ard\u0131ndan merak edilen di\u011fer detaylara ge\u00e7elim\u2026<\/p>\n<p>Oya Eren \u00d6zkan\u2019\u0131n do\u011fum tarihi kamuoyuyla payla\u015f\u0131lmam\u0131\u015ft\u0131r, bu nedenle tam ya\u015f\u0131n\u0131 belirtmek m\u00fcmk\u00fcn de\u011fildir. Ancak, kariyer yolculu\u011fu ve e\u011fitim ge\u00e7mi\u015fine bak\u0131ld\u0131\u011f\u0131nda, 30\u2019lu ya\u015flar\u0131n\u0131n ortalar\u0131nda oldu\u011fu tahmin edilmektedir.<\/p>\n<p>Oya Eren \u00d6zkan Nereli?<\/p>\n<p>Oya Eren \u00d6zkan, \u0130zmir do\u011fumludur. \u00c7ocukluk ve ilk\u00f6\u011fretim y\u0131llar\u0131n\u0131 \u0130zmir, Erzincan, Erzurum, I\u011fd\u0131r, Diyarbak\u0131r ve Konya gibi T\u00fcrkiye\u2019nin farkl\u0131 \u015fehirlerinde ge\u00e7irmi\u015ftir.<\/p>\n<p>Liseyi \u0130zmir 60. Y\u0131l Anadolu Lisesi\u2019nde tamamlayan \u00d6zkan, \u00fcniversite e\u011fitimi i\u00e7inse Ankara\u2019ya ge\u00e7mi\u015ftir.<\/p>\n<p>Oya Eren \u00d6zkan E\u015fi<\/p>\n<p>Oya Eren \u00d6zkan\u2019\u0131n e\u015fi Alparslan \u00d6zkan\u2019d\u0131r. Alparslan \u00d6zkan, akademik kariyeriyle tan\u0131nan bir isimdir. ODT\u00dc Siyaset Bilimi ve Kamu Y\u00f6netimi B\u00f6l\u00fcm\u00fc\u2019nde Avrasya \u00c7al\u0131\u015fmalar\u0131 \u00fczerine e\u011fitim alm\u0131\u015f, 2020 y\u0131l\u0131nda Batman\u2019da Askeri \u0130nzibat olarak g\u00f6rev yapm\u0131\u015ft\u0131r. \u015eu anda Hacettepe \u00dcniversitesi T\u00fcrkiyat Ara\u015ft\u0131rmalar\u0131 Enstit\u00fcs\u00fc\u2019nde doktora \u00f6\u011frencisi olarak akademik \u00e7al\u0131\u015fmalar\u0131n\u0131 s\u00fcrd\u00fcrmektedir.<\/p>\n<p>Oya Eren \u00d6zkan \u00c7ocu\u011fu<\/p>\n<p>Oya Eren \u00d6zkan\u2019\u0131n e\u015fi kadar \u00e7ocuklar\u0131 merak ediliyor. Peki, \u00fcnl\u00fc sunucu Oya Eren \u00d6zkan\u2019\u0131n \u00e7ocu\u011fu var m\u0131?<\/p>\n<p>Oya Eren \u00d6zkan\u2019\u0131n \u00e7ocu\u011fu yoktur. Oya Eren \u00d6zkan, Alparslan \u00d6zkan ile 2023 y\u0131l\u0131nda evlenmi\u015ftir.<\/p>\n<p>Oya Eren \u00d6zkan Instagram<\/p>\n<p>Oya Eren \u00d6zkan, sosyal medya platformlar\u0131nda aktif bir \u015fekilde yer almaktad\u0131r. Instagram hesab\u0131nda, hem profesyonel hayat\u0131na dair payla\u015f\u0131mlar yapmakta hem de ki\u015fisel ilgi alanlar\u0131n\u0131 takip\u00e7ileriyle payla\u015fmaktad\u0131r.<\/p>\n<p>Motor sporlar\u0131na olan tutkusunu, seyahatlerini ve g\u00fcnl\u00fck ya\u015fam\u0131ndan kesitleri s\u0131k\u00e7a yay\u0131nlamaktad\u0131r. Oya Eren \u00d6zkan Instagram\u2019da \u201coyaerenozkan\u201d kullan\u0131c\u0131 ad\u0131yla payla\u015f\u0131m yap\u0131yor ve 50 bin takip\u00e7isi bulunuyor.<\/p>\n<p>Oya Eren \u00d6zkan \u00d6d\u00fcl Gecesi Olay\u0131<\/p>\n<p>Oya Eren \u00d6zkan, 30 May\u0131s 2025 tarihinde Ankara\u2019da d\u00fczenlenen \u201cEsaretten Cesarete Film Festivali\u201d \u00f6d\u00fcl t\u00f6reninde ya\u015fanan bir olayla g\u00fcndeme geldi. T\u00f6rende, \u201cEn \u0130yi Kurmaca Film\u201d \u00f6d\u00fcl\u00fcn\u00fc kazanan y\u00f6netmen Ecre Beg\u00fcm Bayrak, konu\u015fmas\u0131nda tutuklu \u00f6\u011frencileri ve Grup Yorum\u2019u and\u0131.<\/p>\n<p>Bu s\u0131rada \u00d6zkan, \u201cSiyasi mesaj vermeyelim\u201d diyerek Bayrak\u2019\u0131n konu\u015fmas\u0131n\u0131 kesti. Bu m\u00fcdahale, salonda gerginli\u011fe neden oldu ve \u00d6zkan, \u201cBu \u015fartlar alt\u0131nda sunmaya devam edemem\u201d diyerek sahneyi terk etti. \u0130ddialara g\u00f6re, fuaye alan\u0131nda Bayrak ve di\u011fer y\u00f6netmenlere \u201cbozkurt i\u015fareti\u201d yaparak hakaretlerde bulundu. Festival komitesi, \u00d6zkan\u2019\u0131n tepkisini \u201cki\u015fisel, a\u015f\u0131r\u0131 ve haks\u0131z\u201d olarak nitelendirerek k\u0131nad\u0131.<\/p>\n<p>Oya Eren \u00d6zkan, sosyal medya hesab\u0131ndan yapt\u0131\u011f\u0131 a\u00e7\u0131klamada, tepki g\u00f6sterdi\u011fi konunun T\u00fcrk gen\u00e7li\u011fini DHKP-C \u00fczerinden marjinalle\u015ftirmeye \u00e7al\u0131\u015fan s\u00f6ylemler oldu\u011funu belirtti ve a\u00e7aca\u011f\u0131 hakaret davalar\u0131ndan elde edilecek tazminatlar\u0131 Mehmet\u00e7ik Vakf\u0131\u2019na ba\u011f\u0131\u015flayaca\u011f\u0131n\u0131 ifade etti.<\/p>\n<p>E\u015fi Alparslan \u00d6zkan da bu olayda e\u015fine destek verdi ve tepkinin sahte yurtseverlere y\u00f6nelik oldu\u011funu vurgulad\u0131. Olay, sosyal medyada geni\u015f yank\u0131 uyand\u0131rd\u0131 ve farkl\u0131 kesimlerden hem destek hem de ele\u015ftiri ald\u0131.<\/p>\n<p>Oya Eren \u00d6zkan kimdir sorusuyla beraber merak edilenleri cevaplad\u0131k!<\/p>\n<p>\u200bHem profesyonel kariyeri hem de son d\u00f6nemde g\u00fcndeme geldi\u011fi olaylar nedeniyle dikkat \u00e7eken Oya Eren \u00d6zkan\u2019\u0131n hayat\u0131 izleyiciler taraf\u0131ndan merak ediliyor. Peki, Oya Eren \u00d6zkan kimdir? Detaylar yaz\u0131m\u0131zda\u2026\u00a0<\/p>\n<p>\u200bHaberin Al\u0131nt\u0131land\u0131\u011f\u0131 Kaynak: www.antalyakorfez.com<\/p>","protected":false},"excerpt":{"rendered":"<p>Oya Eren \u00d6zkan, T\u00fcrkiye\u2019nin en tan\u0131nm\u0131\u015f haber spikerlerinden biri olarak TRT Haber ekranlar\u0131nda ad\u0131ndan s\u0131k\u00e7a s\u00f6z ettiren bir isim. \u00d6d\u00fcl gecesindeki tepkisiyle g\u00fcndeme gelen \u00fcnl\u00fc sunucunun hayat\u0131 da merak edildi. Oya Eren \u00d6zkan kimdir sorusuyla beraber merak edilenleri cevapl\u0131yoruz! Oya Eren \u00d6zkan Kimdir? Oya Eren \u00d6zkan, TRT Haber\u2019de spikerlik ve program sunuculu\u011fu yapmaktad\u0131r. \u0130zmir\u2019de do\u011fan \u00d6zkan, \u00e7ocukluk ve e\u011fitim y\u0131llar\u0131n\u0131 T\u00fcrkiye\u2019nin farkl\u0131 \u015fehirlerinde ge\u00e7irmi\u015ftir. Ankara \u00dcniversitesi Dil ve Tarih-Co\u011frafya Fak\u00fcltesi Klasik Filoloji B\u00f6l\u00fcm\u00fc\u2019nden mezun olan \u00d6zkan, ayn\u0131 \u00fcniversitenin \u0130leti\u015fim Fak\u00fcltesi Gazetecilik B\u00f6l\u00fcm\u00fc\u2019nde y\u00fcksek lisans yapm\u0131\u015ft\u0131r. Ayr\u0131ca, Milli E\u011fitim Bakanl\u0131\u011f\u0131 ve Yunanistan H\u00fck\u00fcmeti bursuyla Yanya \u00dcniversitesi\u2019nde Yunan Dili ve K\u00fclt\u00fcr\u00fc \u00fczerine e\u011fitim alm\u0131\u015f, Ermenistan\u2019da Ermeni Dili ve K\u00fclt\u00fcr\u00fc \u00fczerine \u00e7al\u0131\u015fmalar\u0131n\u0131 s\u00fcrd\u00fcrm\u00fc\u015ft\u00fcr. Medya kariyerine strateji ve analiz alan\u0131nda ba\u015flayan \u00d6zkan, Avrasya Stratejik Ara\u015ft\u0131rmalar Merkezi (ASAM) Ermeni Ara\u015ft\u0131rmalar\u0131 Enstit\u00fcs\u00fc\u2019nde stratejist ve Ermenistan uzman\u0131 olarak g\u00f6rev yapm\u0131\u015ft\u0131r. Daha sonra TRT T\u00fcrk\u2019te haber edit\u00f6rl\u00fc\u011f\u00fc ve spor spikerli\u011fi yapm\u0131\u015f, 2016 y\u0131l\u0131ndan itibaren ise TRT Haber\u2019de haber b\u00fcltenleri sunmaya ba\u015flam\u0131\u015ft\u0131r. \u00d6zkan, ayn\u0131 zamanda Ankara Hac\u0131 Bayram Veli \u00dcniversitesi \u0130leti\u015fim Fak\u00fcltesi\u2019nde \u201cDiksiyon ve Etkili Konu\u015fma\u201d dersleri vermekte ve \u00e7e\u015fitli kurumlarda ileti\u015fim e\u011fitimleri sunmaktad\u0131r. Lisansl\u0131 bir otomobil yar\u0131\u015f\u00e7\u0131s\u0131 olan \u00d6zkan, 2012 Kartepe Otokros \u015eampiyonas\u0131 gibi yar\u0131\u015flarda \u00f6d\u00fcller kazanm\u0131\u015f ve motor sporlar\u0131na olan tutkusuyla da dikkat \u00e7ekmektedir. Oya Eren \u00d6zkan &hellip;<\/p>","protected":false},"author":5,"featured_media":0,"comment_status":"","ping_status":"open","sticky":false,"template":"","format":"standard","meta":{"_acf_changed":false,"footnotes":""},"categories":[24],"tags":[],"class_list":["post-104080","post","type-post","status-publish","format-standard","has-post-thumbnail","hentry","category-gundem"],"acf":[],"yoast_head":"<!-- This site is optimized with the Yoast SEO Premium plugin v26.6 (Yoast SEO v27.1.1) - https:\/\/yoast.com\/product\/yoast-seo-premium-wordpress\/ -->\n<title>Oya Eren \u00d6zkan Kimdir? TRT Spikeri Ka\u00e7 Ya\u015f\u0131nda? - Av. Deniz Can K\u0131z\u0131l<\/title>\n<meta name=\"robots\" content=\"index, follow, max-snippet:-1, max-image-preview:large, max-video-preview:-1\" \/>\n<link rel=\"canonical\" href=\"http:\/\/denizcankizil.tr\/de\/haberler\/gundem\/oya-eren-ozkan-kimdir-trt-spikeri-kac-yasinda\/\" \/>\n<meta property=\"og:locale\" content=\"de_DE\" \/>\n<meta property=\"og:type\" content=\"article\" \/>\n<meta property=\"og:title\" content=\"Oya Eren \u00d6zkan Kimdir? TRT Spikeri Ka\u00e7 Ya\u015f\u0131nda?\" \/>\n<meta property=\"og:description\" content=\"Oya Eren \u00d6zkan, T\u00fcrkiye\u2019nin en tan\u0131nm\u0131\u015f haber spikerlerinden biri olarak TRT Haber ekranlar\u0131nda ad\u0131ndan s\u0131k\u00e7a s\u00f6z ettiren bir isim. \u00d6d\u00fcl gecesindeki tepkisiyle g\u00fcndeme gelen \u00fcnl\u00fc sunucunun hayat\u0131 da merak edildi. Oya Eren \u00d6zkan kimdir sorusuyla beraber merak edilenleri cevapl\u0131yoruz! Oya Eren \u00d6zkan Kimdir? Oya Eren \u00d6zkan, TRT Haber\u2019de spikerlik ve program sunuculu\u011fu yapmaktad\u0131r. \u0130zmir\u2019de do\u011fan \u00d6zkan, \u00e7ocukluk ve e\u011fitim y\u0131llar\u0131n\u0131 T\u00fcrkiye\u2019nin farkl\u0131 \u015fehirlerinde ge\u00e7irmi\u015ftir. Ankara \u00dcniversitesi Dil ve Tarih-Co\u011frafya Fak\u00fcltesi Klasik Filoloji B\u00f6l\u00fcm\u00fc\u2019nden mezun olan \u00d6zkan, ayn\u0131 \u00fcniversitenin \u0130leti\u015fim Fak\u00fcltesi Gazetecilik B\u00f6l\u00fcm\u00fc\u2019nde y\u00fcksek lisans yapm\u0131\u015ft\u0131r. Ayr\u0131ca, Milli E\u011fitim Bakanl\u0131\u011f\u0131 ve Yunanistan H\u00fck\u00fcmeti bursuyla Yanya \u00dcniversitesi\u2019nde Yunan Dili ve K\u00fclt\u00fcr\u00fc \u00fczerine e\u011fitim alm\u0131\u015f, Ermenistan\u2019da Ermeni Dili ve K\u00fclt\u00fcr\u00fc \u00fczerine \u00e7al\u0131\u015fmalar\u0131n\u0131 s\u00fcrd\u00fcrm\u00fc\u015ft\u00fcr. Medya kariyerine strateji ve analiz alan\u0131nda ba\u015flayan \u00d6zkan, Avrasya Stratejik Ara\u015ft\u0131rmalar Merkezi (ASAM) Ermeni Ara\u015ft\u0131rmalar\u0131 Enstit\u00fcs\u00fc\u2019nde stratejist ve Ermenistan uzman\u0131 olarak g\u00f6rev yapm\u0131\u015ft\u0131r. Daha sonra TRT T\u00fcrk\u2019te haber edit\u00f6rl\u00fc\u011f\u00fc ve spor spikerli\u011fi yapm\u0131\u015f, 2016 y\u0131l\u0131ndan itibaren ise TRT Haber\u2019de haber b\u00fcltenleri sunmaya ba\u015flam\u0131\u015ft\u0131r. \u00d6zkan, ayn\u0131 zamanda Ankara Hac\u0131 Bayram Veli \u00dcniversitesi \u0130leti\u015fim Fak\u00fcltesi\u2019nde \u201cDiksiyon ve Etkili Konu\u015fma\u201d dersleri vermekte ve \u00e7e\u015fitli kurumlarda ileti\u015fim e\u011fitimleri sunmaktad\u0131r. Lisansl\u0131 bir otomobil yar\u0131\u015f\u00e7\u0131s\u0131 olan \u00d6zkan, 2012 Kartepe Otokros \u015eampiyonas\u0131 gibi yar\u0131\u015flarda \u00f6d\u00fcller kazanm\u0131\u015f ve motor sporlar\u0131na olan tutkusuyla da dikkat \u00e7ekmektedir. Oya Eren \u00d6zkan &hellip;\" \/>\n<meta property=\"og:url\" content=\"http:\/\/denizcankizil.tr\/de\/haberler\/gundem\/oya-eren-ozkan-kimdir-trt-spikeri-kac-yasinda\/\" \/>\n<meta property=\"og:site_name\" content=\"Av. Deniz Can K\u0131z\u0131l\" \/>\n<meta property=\"article:published_time\" content=\"2025-06-02T09:41:15+00:00\" \/>\n<meta name=\"author\" content=\"Antalya K\u00f6rfez\" \/>\n<meta name=\"twitter:card\" content=\"summary_large_image\" \/>\n<meta name=\"twitter:label1\" content=\"Verfasst von\" \/>\n\t<meta name=\"twitter:data1\" content=\"Antalya K\u00f6rfez\" \/>\n\t<meta name=\"twitter:label2\" content=\"Gesch\u00e4tzte Lesezeit\" \/>\n\t<meta name=\"twitter:data2\" content=\"4\u00a0Minuten\" \/>\n<script type=\"application\/ld+json\" class=\"yoast-schema-graph\">{\"@context\":\"https:\/\/schema.org\",\"@graph\":[{\"@type\":\"Article\",\"@id\":\"http:\/\/denizcankizil.tr\/uk\/haberler\/gundem\/oya-eren-ozkan-kimdir-trt-spikeri-kac-yasinda\/#article\",\"isPartOf\":{\"@id\":\"http:\/\/denizcankizil.tr\/uk\/haberler\/gundem\/oya-eren-ozkan-kimdir-trt-spikeri-kac-yasinda\/\"},\"author\":{\"name\":\"Antalya K\u00f6rfez\",\"@id\":\"https:\/\/denizcankizil.tr\/#\/schema\/person\/e1eb71bb4dd684d46563f0af307e1234\"},\"headline\":\"Oya Eren \u00d6zkan Kimdir? TRT Spikeri Ka\u00e7 Ya\u015f\u0131nda?\",\"datePublished\":\"2025-06-02T09:41:15+00:00\",\"mainEntityOfPage\":{\"@id\":\"http:\/\/denizcankizil.tr\/uk\/haberler\/gundem\/oya-eren-ozkan-kimdir-trt-spikeri-kac-yasinda\/\"},\"wordCount\":878,\"publisher\":{\"@id\":\"https:\/\/denizcankizil.tr\/#organization\"},\"articleSection\":[\"G\u00fcndem\"],\"inLanguage\":\"de\"},{\"@type\":\"WebPage\",\"@id\":\"http:\/\/denizcankizil.tr\/uk\/haberler\/gundem\/oya-eren-ozkan-kimdir-trt-spikeri-kac-yasinda\/\",\"url\":\"http:\/\/denizcankizil.tr\/uk\/haberler\/gundem\/oya-eren-ozkan-kimdir-trt-spikeri-kac-yasinda\/\",\"name\":\"Oya Eren \u00d6zkan Kimdir? TRT Spikeri Ka\u00e7 Ya\u015f\u0131nda? - Av. Deniz Can K\u0131z\u0131l\",\"isPartOf\":{\"@id\":\"https:\/\/denizcankizil.tr\/#website\"},\"datePublished\":\"2025-06-02T09:41:15+00:00\",\"breadcrumb\":{\"@id\":\"http:\/\/denizcankizil.tr\/uk\/haberler\/gundem\/oya-eren-ozkan-kimdir-trt-spikeri-kac-yasinda\/#breadcrumb\"},\"inLanguage\":\"de\",\"potentialAction\":[{\"@type\":\"ReadAction\",\"target\":[\"http:\/\/denizcankizil.tr\/uk\/haberler\/gundem\/oya-eren-ozkan-kimdir-trt-spikeri-kac-yasinda\/\"]}]},{\"@type\":\"BreadcrumbList\",\"@id\":\"http:\/\/denizcankizil.tr\/uk\/haberler\/gundem\/oya-eren-ozkan-kimdir-trt-spikeri-kac-yasinda\/#breadcrumb\",\"itemListElement\":[{\"@type\":\"ListItem\",\"position\":1,\"name\":\"Home\",\"item\":\"https:\/\/denizcankizil.tr\/uk\/\"},{\"@type\":\"ListItem\",\"position\":2,\"name\":\"Oya Eren \u00d6zkan Kimdir? TRT Spikeri Ka\u00e7 Ya\u015f\u0131nda?\"}]},{\"@type\":\"WebSite\",\"@id\":\"https:\/\/denizcankizil.tr\/#website\",\"url\":\"https:\/\/denizcankizil.tr\/\",\"name\":\"Av. Deniz Can K\u0131z\u0131l\",\"description\":\"Avukat Deniz Can K\u0131z\u0131l Antalya Barosu\",\"publisher\":{\"@id\":\"https:\/\/denizcankizil.tr\/#organization\"},\"potentialAction\":[{\"@type\":\"SearchAction\",\"target\":{\"@type\":\"EntryPoint\",\"urlTemplate\":\"https:\/\/denizcankizil.tr\/?s={search_term_string}\"},\"query-input\":{\"@type\":\"PropertyValueSpecification\",\"valueRequired\":true,\"valueName\":\"search_term_string\"}}],\"inLanguage\":\"de\"},{\"@type\":\"Organization\",\"@id\":\"https:\/\/denizcankizil.tr\/#organization\",\"name\":\"Av. Deniz Can K\u0131z\u0131l\",\"url\":\"https:\/\/denizcankizil.tr\/\",\"logo\":{\"@type\":\"ImageObject\",\"inLanguage\":\"de\",\"@id\":\"https:\/\/denizcankizil.tr\/#\/schema\/logo\/image\/\",\"url\":\"https:\/\/denizcankizil.tr\/wp-content\/uploads\/2024\/10\/siyah-logo-svg.svg\",\"contentUrl\":\"https:\/\/denizcankizil.tr\/wp-content\/uploads\/2024\/10\/siyah-logo-svg.svg\",\"width\":1080,\"height\":1080,\"caption\":\"Av. Deniz Can K\u0131z\u0131l\"},\"image\":{\"@id\":\"https:\/\/denizcankizil.tr\/#\/schema\/logo\/image\/\"}},{\"@type\":\"Person\",\"@id\":\"https:\/\/denizcankizil.tr\/#\/schema\/person\/e1eb71bb4dd684d46563f0af307e1234\",\"name\":\"Antalya K\u00f6rfez\",\"image\":{\"@type\":\"ImageObject\",\"inLanguage\":\"de\",\"@id\":\"https:\/\/denizcankizil.tr\/#\/schema\/person\/image\/\",\"url\":\"https:\/\/secure.gravatar.com\/avatar\/42b01982558a48a0b501fdcab6a408d3717ea5919095ee2e67b0e521799c5905?s=96&d=mm&r=g\",\"contentUrl\":\"https:\/\/secure.gravatar.com\/avatar\/42b01982558a48a0b501fdcab6a408d3717ea5919095ee2e67b0e521799c5905?s=96&d=mm&r=g\",\"caption\":\"Antalya K\u00f6rfez\"},\"sameAs\":[\"http:\/\/www.antalyakorfez.com\"],\"url\":\"https:\/\/www.antalyakorfez.com\/oya-eren-ozkan-kimdir\"}]}<\/script>\n<!-- \/ Yoast SEO Premium plugin. -->","yoast_head_json":{"title":"Oya Eren \u00d6zkan Kimdir? TRT Spikeri Ka\u00e7 Ya\u015f\u0131nda? - Av. Deniz Can K\u0131z\u0131l","robots":{"index":"index","follow":"follow","max-snippet":"max-snippet:-1","max-image-preview":"max-image-preview:large","max-video-preview":"max-video-preview:-1"},"canonical":"http:\/\/denizcankizil.tr\/de\/haberler\/gundem\/oya-eren-ozkan-kimdir-trt-spikeri-kac-yasinda\/","og_locale":"de_DE","og_type":"article","og_title":"Oya Eren \u00d6zkan Kimdir? TRT Spikeri Ka\u00e7 Ya\u015f\u0131nda?","og_description":"Oya Eren \u00d6zkan, T\u00fcrkiye\u2019nin en tan\u0131nm\u0131\u015f haber spikerlerinden biri olarak TRT Haber ekranlar\u0131nda ad\u0131ndan s\u0131k\u00e7a s\u00f6z ettiren bir isim. \u00d6d\u00fcl gecesindeki tepkisiyle g\u00fcndeme gelen \u00fcnl\u00fc sunucunun hayat\u0131 da merak edildi. Oya Eren \u00d6zkan kimdir sorusuyla beraber merak edilenleri cevapl\u0131yoruz! Oya Eren \u00d6zkan Kimdir? Oya Eren \u00d6zkan, TRT Haber\u2019de spikerlik ve program sunuculu\u011fu yapmaktad\u0131r. \u0130zmir\u2019de do\u011fan \u00d6zkan, \u00e7ocukluk ve e\u011fitim y\u0131llar\u0131n\u0131 T\u00fcrkiye\u2019nin farkl\u0131 \u015fehirlerinde ge\u00e7irmi\u015ftir. Ankara \u00dcniversitesi Dil ve Tarih-Co\u011frafya Fak\u00fcltesi Klasik Filoloji B\u00f6l\u00fcm\u00fc\u2019nden mezun olan \u00d6zkan, ayn\u0131 \u00fcniversitenin \u0130leti\u015fim Fak\u00fcltesi Gazetecilik B\u00f6l\u00fcm\u00fc\u2019nde y\u00fcksek lisans yapm\u0131\u015ft\u0131r. Ayr\u0131ca, Milli E\u011fitim Bakanl\u0131\u011f\u0131 ve Yunanistan H\u00fck\u00fcmeti bursuyla Yanya \u00dcniversitesi\u2019nde Yunan Dili ve K\u00fclt\u00fcr\u00fc \u00fczerine e\u011fitim alm\u0131\u015f, Ermenistan\u2019da Ermeni Dili ve K\u00fclt\u00fcr\u00fc \u00fczerine \u00e7al\u0131\u015fmalar\u0131n\u0131 s\u00fcrd\u00fcrm\u00fc\u015ft\u00fcr. Medya kariyerine strateji ve analiz alan\u0131nda ba\u015flayan \u00d6zkan, Avrasya Stratejik Ara\u015ft\u0131rmalar Merkezi (ASAM) Ermeni Ara\u015ft\u0131rmalar\u0131 Enstit\u00fcs\u00fc\u2019nde stratejist ve Ermenistan uzman\u0131 olarak g\u00f6rev yapm\u0131\u015ft\u0131r. Daha sonra TRT T\u00fcrk\u2019te haber edit\u00f6rl\u00fc\u011f\u00fc ve spor spikerli\u011fi yapm\u0131\u015f, 2016 y\u0131l\u0131ndan itibaren ise TRT Haber\u2019de haber b\u00fcltenleri sunmaya ba\u015flam\u0131\u015ft\u0131r. \u00d6zkan, ayn\u0131 zamanda Ankara Hac\u0131 Bayram Veli \u00dcniversitesi \u0130leti\u015fim Fak\u00fcltesi\u2019nde \u201cDiksiyon ve Etkili Konu\u015fma\u201d dersleri vermekte ve \u00e7e\u015fitli kurumlarda ileti\u015fim e\u011fitimleri sunmaktad\u0131r. Lisansl\u0131 bir otomobil yar\u0131\u015f\u00e7\u0131s\u0131 olan \u00d6zkan, 2012 Kartepe Otokros \u015eampiyonas\u0131 gibi yar\u0131\u015flarda \u00f6d\u00fcller kazanm\u0131\u015f ve motor sporlar\u0131na olan tutkusuyla da dikkat \u00e7ekmektedir. Oya Eren \u00d6zkan &hellip;","og_url":"http:\/\/denizcankizil.tr\/de\/haberler\/gundem\/oya-eren-ozkan-kimdir-trt-spikeri-kac-yasinda\/","og_site_name":"Av. Deniz Can K\u0131z\u0131l","article_published_time":"2025-06-02T09:41:15+00:00","author":"Antalya K\u00f6rfez","twitter_card":"summary_large_image","twitter_misc":{"Verfasst von":"Antalya K\u00f6rfez","Gesch\u00e4tzte Lesezeit":"4\u00a0Minuten"},"schema":{"@context":"https:\/\/schema.org","@graph":[{"@type":"Article","@id":"http:\/\/denizcankizil.tr\/uk\/haberler\/gundem\/oya-eren-ozkan-kimdir-trt-spikeri-kac-yasinda\/#article","isPartOf":{"@id":"http:\/\/denizcankizil.tr\/uk\/haberler\/gundem\/oya-eren-ozkan-kimdir-trt-spikeri-kac-yasinda\/"},"author":{"name":"Antalya K\u00f6rfez","@id":"https:\/\/denizcankizil.tr\/#\/schema\/person\/e1eb71bb4dd684d46563f0af307e1234"},"headline":"Oya Eren \u00d6zkan Kimdir? TRT Spikeri Ka\u00e7 Ya\u015f\u0131nda?","datePublished":"2025-06-02T09:41:15+00:00","mainEntityOfPage":{"@id":"http:\/\/denizcankizil.tr\/uk\/haberler\/gundem\/oya-eren-ozkan-kimdir-trt-spikeri-kac-yasinda\/"},"wordCount":878,"publisher":{"@id":"https:\/\/denizcankizil.tr\/#organization"},"articleSection":["G\u00fcndem"],"inLanguage":"de"},{"@type":"WebPage","@id":"http:\/\/denizcankizil.tr\/uk\/haberler\/gundem\/oya-eren-ozkan-kimdir-trt-spikeri-kac-yasinda\/","url":"http:\/\/denizcankizil.tr\/uk\/haberler\/gundem\/oya-eren-ozkan-kimdir-trt-spikeri-kac-yasinda\/","name":"Oya Eren \u00d6zkan Kimdir? TRT Spikeri Ka\u00e7 Ya\u015f\u0131nda? - Av. Deniz Can K\u0131z\u0131l","isPartOf":{"@id":"https:\/\/denizcankizil.tr\/#website"},"datePublished":"2025-06-02T09:41:15+00:00","breadcrumb":{"@id":"http:\/\/denizcankizil.tr\/uk\/haberler\/gundem\/oya-eren-ozkan-kimdir-trt-spikeri-kac-yasinda\/#breadcrumb"},"inLanguage":"de","potentialAction":[{"@type":"ReadAction","target":["http:\/\/denizcankizil.tr\/uk\/haberler\/gundem\/oya-eren-ozkan-kimdir-trt-spikeri-kac-yasinda\/"]}]},{"@type":"BreadcrumbList","@id":"http:\/\/denizcankizil.tr\/uk\/haberler\/gundem\/oya-eren-ozkan-kimdir-trt-spikeri-kac-yasinda\/#breadcrumb","itemListElement":[{"@type":"ListItem","position":1,"name":"Home","item":"https:\/\/denizcankizil.tr\/uk\/"},{"@type":"ListItem","position":2,"name":"Oya Eren \u00d6zkan Kimdir? TRT Spikeri Ka\u00e7 Ya\u015f\u0131nda?"}]},{"@type":"WebSite","@id":"https:\/\/denizcankizil.tr\/#website","url":"https:\/\/denizcankizil.tr\/","name":"Av. Deniz Can K\u0131z\u0131l","description":"Avukat Deniz Can K\u0131z\u0131l Antalya Barosu","publisher":{"@id":"https:\/\/denizcankizil.tr\/#organization"},"potentialAction":[{"@type":"SearchAction","target":{"@type":"EntryPoint","urlTemplate":"https:\/\/denizcankizil.tr\/?s={search_term_string}"},"query-input":{"@type":"PropertyValueSpecification","valueRequired":true,"valueName":"search_term_string"}}],"inLanguage":"de"},{"@type":"Organization","@id":"https:\/\/denizcankizil.tr\/#organization","name":"Av. Deniz Can K\u0131z\u0131l","url":"https:\/\/denizcankizil.tr\/","logo":{"@type":"ImageObject","inLanguage":"de","@id":"https:\/\/denizcankizil.tr\/#\/schema\/logo\/image\/","url":"https:\/\/denizcankizil.tr\/wp-content\/uploads\/2024\/10\/siyah-logo-svg.svg","contentUrl":"https:\/\/denizcankizil.tr\/wp-content\/uploads\/2024\/10\/siyah-logo-svg.svg","width":1080,"height":1080,"caption":"Av. Deniz Can K\u0131z\u0131l"},"image":{"@id":"https:\/\/denizcankizil.tr\/#\/schema\/logo\/image\/"}},{"@type":"Person","@id":"https:\/\/denizcankizil.tr\/#\/schema\/person\/e1eb71bb4dd684d46563f0af307e1234","name":"Antalya K\u00f6rfez","image":{"@type":"ImageObject","inLanguage":"de","@id":"https:\/\/denizcankizil.tr\/#\/schema\/person\/image\/","url":"https:\/\/secure.gravatar.com\/avatar\/42b01982558a48a0b501fdcab6a408d3717ea5919095ee2e67b0e521799c5905?s=96&d=mm&r=g","contentUrl":"https:\/\/secure.gravatar.com\/avatar\/42b01982558a48a0b501fdcab6a408d3717ea5919095ee2e67b0e521799c5905?s=96&d=mm&r=g","caption":"Antalya K\u00f6rfez"},"sameAs":["http:\/\/www.antalyakorfez.com"],"url":"https:\/\/www.antalyakorfez.com\/oya-eren-ozkan-kimdir"}]}},"_links":{"self":[{"href":"https:\/\/denizcankizil.tr\/de\/wp-json\/wp\/v2\/posts\/104080","targetHints":{"allow":["GET"]}}],"collection":[{"href":"https:\/\/denizcankizil.tr\/de\/wp-json\/wp\/v2\/posts"}],"about":[{"href":"https:\/\/denizcankizil.tr\/de\/wp-json\/wp\/v2\/types\/post"}],"author":[{"embeddable":true,"href":"https:\/\/denizcankizil.tr\/de\/wp-json\/wp\/v2\/users\/5"}],"replies":[{"embeddable":true,"href":"https:\/\/denizcankizil.tr\/de\/wp-json\/wp\/v2\/comments?post=104080"}],"version-history":[{"count":0,"href":"https:\/\/denizcankizil.tr\/de\/wp-json\/wp\/v2\/posts\/104080\/revisions"}],"wp:attachment":[{"href":"https:\/\/denizcankizil.tr\/de\/wp-json\/wp\/v2\/media?parent=104080"}],"wp:term":[{"taxonomy":"category","embeddable":true,"href":"https:\/\/denizcankizil.tr\/de\/wp-json\/wp\/v2\/categories?post=104080"},{"taxonomy":"post_tag","embeddable":true,"href":"https:\/\/denizcankizil.tr\/de\/wp-json\/wp\/v2\/tags?post=104080"}],"curies":[{"name":"wp","href":"https:\/\/api.w.org\/{rel}","templated":true}]}}