{"id":103730,"date":"2025-06-01T22:41:59","date_gmt":"2025-06-01T19:41:59","guid":{"rendered":"https:\/\/denizcankizil.tr\/uncategorized-tr\/okul-onunde-cocuklara-sigara-satanlara-operasyon\/"},"modified":"2025-06-01T22:41:59","modified_gmt":"2025-06-01T19:41:59","slug":"okul-onunde-cocuklara-sigara-satanlara-operasyon","status":"publish","type":"post","link":"https:\/\/denizcankizil.tr\/de\/haberler\/gundem\/okul-onunde-cocuklara-sigara-satanlara-operasyon\/","title":{"rendered":"Okul \u00f6n\u00fcnde \u00e7ocuklara sigara satanlara operasyon"},"content":{"rendered":"<p>Hatay Emniyet M\u00fcd\u00fcrl\u00fc\u011f\u00fc g\u00f6revlilerince \u0130skenderun genelinde okul yak\u0131nlar\u0131nda 18 ya\u015f alt\u0131 \u00e7ocuklara tekleme ve paket halinde sigara- elektronik sigara satan \u015fah\u0131slara y\u00f6nelik yap\u0131lan \u00e7al\u0131\u015fmalar kapsam\u0131nda Dumlup\u0131nar Mahallesinde bulunan bir i\u015f yerinde yap\u0131lan aramada;<\/p>\n<p>\u00e7ok say\u0131da g\u00fcmr\u00fck ka\u00e7a\u011f\u0131 sigara, g\u00fcmr\u00fck ka\u00e7a\u011f\u0131 elektronik sigara, g\u00fcmr\u00fck ka\u00e7a\u011f\u0131 b\u0131\u00e7ak, sat\u0131\u015fa haz\u0131r paketlenmi\u015f t\u00fct\u00fcn, k\u0131y\u0131lm\u0131\u015f faturas\u0131z t\u00fct\u00fcn\u00a0 ele ge\u00e7ilmi\u015ftir.<br \/>\nOlayla ilgili olarak S.A. ile Y.D. hakk\u0131nda Sa\u011fl\u0131k i\u00e7in Tehlikeli Madde Temini ve 5607 SKM i\u015flem yap\u0131ld\u0131\u011f\u0131 a\u00e7ikland\u0131.<\/p>\n<p>\u200bHatay Emniyet M\u00fcd\u00fcrl\u00fc\u011f\u00fc g\u00f6revlilerince \u0130skenderun genelinde okul yak\u0131nlar\u0131nda 18 ya\u015f alt\u0131 \u00e7ocuklara tekleme ve paket halinde sigara- elektronik sigara satan \u015fah\u0131slara y\u00f6nelik yap\u0131lan \u00e7al\u0131\u015fmalar kapsam\u0131nda Dumlup\u0131nar Mahallesinde bulunan bir i\u015f yerinde yap\u0131lan aramada;<\/p>\n<p>\u00e7ok say\u0131da g\u00fcmr\u00fck ka\u00e7a\u011f\u0131 sigara, g\u00fcmr\u00fck ka\u00e7a\u011f\u0131 elektronik sigara, g\u00fcmr\u00fck ka\u00e7a\u011f\u0131 b\u0131\u00e7ak, sat\u0131\u015fa haz\u0131r paketlenmi\u015f t\u00fct\u00fcn, k\u0131y\u0131lm\u0131\u015f faturas\u0131z t\u00fct\u00fcn\u00a0 ele ge\u00e7ilmi\u015ftir.<br \/>\nOlayla ilgili olarak S.A. ile Y.D. hakk\u0131nda Sa\u011fl\u0131k i\u00e7in Tehlikeli Madde Temini ve 5607 SKM i\u015flem yap\u0131ld\u0131\u011f\u0131 a\u00e7ikland\u0131.\u00a0<\/p>\n<p>\u200bHaberin Al\u0131nt\u0131land\u0131\u011f\u0131 Kaynak: www.iskenderun.org<\/p>","protected":false},"excerpt":{"rendered":"<p>Hatay Emniyet M\u00fcd\u00fcrl\u00fc\u011f\u00fc g\u00f6revlilerince \u0130skenderun genelinde okul yak\u0131nlar\u0131nda 18 ya\u015f alt\u0131 \u00e7ocuklara tekleme ve paket halinde sigara- elektronik sigara satan \u015fah\u0131slara y\u00f6nelik yap\u0131lan \u00e7al\u0131\u015fmalar kapsam\u0131nda Dumlup\u0131nar Mahallesinde bulunan bir i\u015f yerinde yap\u0131lan aramada; \u00e7ok say\u0131da g\u00fcmr\u00fck ka\u00e7a\u011f\u0131 sigara, g\u00fcmr\u00fck ka\u00e7a\u011f\u0131 elektronik sigara, g\u00fcmr\u00fck ka\u00e7a\u011f\u0131 b\u0131\u00e7ak, sat\u0131\u015fa haz\u0131r paketlenmi\u015f t\u00fct\u00fcn, k\u0131y\u0131lm\u0131\u015f faturas\u0131z t\u00fct\u00fcn\u00a0 ele ge\u00e7ilmi\u015ftir. Olayla ilgili olarak S.A. ile Y.D. hakk\u0131nda Sa\u011fl\u0131k i\u00e7in Tehlikeli Madde Temini ve 5607 SKM i\u015flem yap\u0131ld\u0131\u011f\u0131 a\u00e7ikland\u0131. \u200bHatay Emniyet M\u00fcd\u00fcrl\u00fc\u011f\u00fc g\u00f6revlilerince \u0130skenderun genelinde okul yak\u0131nlar\u0131nda 18 ya\u015f alt\u0131 \u00e7ocuklara tekleme ve paket halinde sigara- elektronik sigara satan \u015fah\u0131slara y\u00f6nelik yap\u0131lan \u00e7al\u0131\u015fmalar kapsam\u0131nda Dumlup\u0131nar Mahallesinde bulunan bir i\u015f yerinde yap\u0131lan aramada; \u00e7ok say\u0131da g\u00fcmr\u00fck ka\u00e7a\u011f\u0131 sigara, g\u00fcmr\u00fck ka\u00e7a\u011f\u0131 elektronik sigara, g\u00fcmr\u00fck ka\u00e7a\u011f\u0131 b\u0131\u00e7ak, sat\u0131\u015fa haz\u0131r paketlenmi\u015f t\u00fct\u00fcn, k\u0131y\u0131lm\u0131\u015f faturas\u0131z t\u00fct\u00fcn\u00a0 ele ge\u00e7ilmi\u015ftir. Olayla ilgili olarak S.A. ile Y.D. hakk\u0131nda Sa\u011fl\u0131k i\u00e7in Tehlikeli Madde Temini ve 5607 SKM i\u015flem yap\u0131ld\u0131\u011f\u0131 a\u00e7ikland\u0131.\u00a0 \u200bHaberin Al\u0131nt\u0131land\u0131\u011f\u0131 Kaynak: www.iskenderun.org<\/p>","protected":false},"author":1,"featured_media":0,"comment_status":"","ping_status":"open","sticky":false,"template":"","format":"standard","meta":{"_acf_changed":false,"footnotes":""},"categories":[24],"tags":[],"class_list":["post-103730","post","type-post","status-publish","format-standard","has-post-thumbnail","hentry","category-gundem"],"acf":[],"yoast_head":"<!-- This site is optimized with the Yoast SEO Premium plugin v26.6 (Yoast SEO v27.1.1) - https:\/\/yoast.com\/product\/yoast-seo-premium-wordpress\/ -->\n<title>Okul \u00f6n\u00fcnde \u00e7ocuklara sigara satanlara operasyon - Av. Deniz Can K\u0131z\u0131l<\/title>\n<meta name=\"robots\" content=\"index, follow, max-snippet:-1, max-image-preview:large, max-video-preview:-1\" \/>\n<link rel=\"canonical\" href=\"https:\/\/denizcankizil.tr\/de\/haberler\/gundem\/okul-onunde-cocuklara-sigara-satanlara-operasyon\/\" \/>\n<meta property=\"og:locale\" content=\"de_DE\" \/>\n<meta property=\"og:type\" content=\"article\" \/>\n<meta property=\"og:title\" content=\"Okul \u00f6n\u00fcnde \u00e7ocuklara sigara satanlara operasyon\" \/>\n<meta property=\"og:description\" content=\"Hatay Emniyet M\u00fcd\u00fcrl\u00fc\u011f\u00fc g\u00f6revlilerince \u0130skenderun genelinde okul yak\u0131nlar\u0131nda 18 ya\u015f alt\u0131 \u00e7ocuklara tekleme ve paket halinde sigara- elektronik sigara satan \u015fah\u0131slara y\u00f6nelik yap\u0131lan \u00e7al\u0131\u015fmalar kapsam\u0131nda Dumlup\u0131nar Mahallesinde bulunan bir i\u015f yerinde yap\u0131lan aramada; \u00e7ok say\u0131da g\u00fcmr\u00fck ka\u00e7a\u011f\u0131 sigara, g\u00fcmr\u00fck ka\u00e7a\u011f\u0131 elektronik sigara, g\u00fcmr\u00fck ka\u00e7a\u011f\u0131 b\u0131\u00e7ak, sat\u0131\u015fa haz\u0131r paketlenmi\u015f t\u00fct\u00fcn, k\u0131y\u0131lm\u0131\u015f faturas\u0131z t\u00fct\u00fcn\u00a0 ele ge\u00e7ilmi\u015ftir. Olayla ilgili olarak S.A. ile Y.D. hakk\u0131nda Sa\u011fl\u0131k i\u00e7in Tehlikeli Madde Temini ve 5607 SKM i\u015flem yap\u0131ld\u0131\u011f\u0131 a\u00e7ikland\u0131. \u200bHatay Emniyet M\u00fcd\u00fcrl\u00fc\u011f\u00fc g\u00f6revlilerince \u0130skenderun genelinde okul yak\u0131nlar\u0131nda 18 ya\u015f alt\u0131 \u00e7ocuklara tekleme ve paket halinde sigara- elektronik sigara satan \u015fah\u0131slara y\u00f6nelik yap\u0131lan \u00e7al\u0131\u015fmalar kapsam\u0131nda Dumlup\u0131nar Mahallesinde bulunan bir i\u015f yerinde yap\u0131lan aramada; \u00e7ok say\u0131da g\u00fcmr\u00fck ka\u00e7a\u011f\u0131 sigara, g\u00fcmr\u00fck ka\u00e7a\u011f\u0131 elektronik sigara, g\u00fcmr\u00fck ka\u00e7a\u011f\u0131 b\u0131\u00e7ak, sat\u0131\u015fa haz\u0131r paketlenmi\u015f t\u00fct\u00fcn, k\u0131y\u0131lm\u0131\u015f faturas\u0131z t\u00fct\u00fcn\u00a0 ele ge\u00e7ilmi\u015ftir. Olayla ilgili olarak S.A. ile Y.D. hakk\u0131nda Sa\u011fl\u0131k i\u00e7in Tehlikeli Madde Temini ve 5607 SKM i\u015flem yap\u0131ld\u0131\u011f\u0131 a\u00e7ikland\u0131.\u00a0 \u200bHaberin Al\u0131nt\u0131land\u0131\u011f\u0131 Kaynak: www.iskenderun.org\" \/>\n<meta property=\"og:url\" content=\"https:\/\/denizcankizil.tr\/de\/haberler\/gundem\/okul-onunde-cocuklara-sigara-satanlara-operasyon\/\" \/>\n<meta property=\"og:site_name\" content=\"Av. Deniz Can K\u0131z\u0131l\" \/>\n<meta property=\"article:published_time\" content=\"2025-06-01T19:41:59+00:00\" \/>\n<meta name=\"author\" content=\"admin\" \/>\n<meta name=\"twitter:card\" content=\"summary_large_image\" \/>\n<meta name=\"twitter:label1\" content=\"Verfasst von\" \/>\n\t<meta name=\"twitter:data1\" content=\"admin\" \/>\n\t<meta name=\"twitter:label2\" content=\"Gesch\u00e4tzte Lesezeit\" \/>\n\t<meta name=\"twitter:data2\" content=\"1\u00a0Minute\" \/>\n<script type=\"application\/ld+json\" class=\"yoast-schema-graph\">{\"@context\":\"https:\/\/schema.org\",\"@graph\":[{\"@type\":\"Article\",\"@id\":\"https:\/\/denizcankizil.tr\/de\/haberler\/gundem\/okul-onunde-cocuklara-sigara-satanlara-operasyon\/#article\",\"isPartOf\":{\"@id\":\"https:\/\/denizcankizil.tr\/de\/haberler\/gundem\/okul-onunde-cocuklara-sigara-satanlara-operasyon\/\"},\"author\":{\"name\":\"admin\",\"@id\":\"https:\/\/denizcankizil.tr\/#\/schema\/person\/be3c05fe6a12686905512445d8185489\"},\"headline\":\"Okul \u00f6n\u00fcnde \u00e7ocuklara sigara satanlara operasyon\",\"datePublished\":\"2025-06-01T19:41:59+00:00\",\"mainEntityOfPage\":{\"@id\":\"https:\/\/denizcankizil.tr\/de\/haberler\/gundem\/okul-onunde-cocuklara-sigara-satanlara-operasyon\/\"},\"wordCount\":241,\"publisher\":{\"@id\":\"https:\/\/denizcankizil.tr\/#organization\"},\"articleSection\":[\"G\u00fcndem\"],\"inLanguage\":\"de\"},{\"@type\":\"WebPage\",\"@id\":\"https:\/\/denizcankizil.tr\/de\/haberler\/gundem\/okul-onunde-cocuklara-sigara-satanlara-operasyon\/\",\"url\":\"https:\/\/denizcankizil.tr\/de\/haberler\/gundem\/okul-onunde-cocuklara-sigara-satanlara-operasyon\/\",\"name\":\"Okul \u00f6n\u00fcnde \u00e7ocuklara sigara satanlara operasyon - Av. Deniz Can K\u0131z\u0131l\",\"isPartOf\":{\"@id\":\"https:\/\/denizcankizil.tr\/#website\"},\"datePublished\":\"2025-06-01T19:41:59+00:00\",\"breadcrumb\":{\"@id\":\"https:\/\/denizcankizil.tr\/de\/haberler\/gundem\/okul-onunde-cocuklara-sigara-satanlara-operasyon\/#breadcrumb\"},\"inLanguage\":\"de\",\"potentialAction\":[{\"@type\":\"ReadAction\",\"target\":[\"https:\/\/denizcankizil.tr\/de\/haberler\/gundem\/okul-onunde-cocuklara-sigara-satanlara-operasyon\/\"]}]},{\"@type\":\"BreadcrumbList\",\"@id\":\"https:\/\/denizcankizil.tr\/de\/haberler\/gundem\/okul-onunde-cocuklara-sigara-satanlara-operasyon\/#breadcrumb\",\"itemListElement\":[{\"@type\":\"ListItem\",\"position\":1,\"name\":\"Home\",\"item\":\"https:\/\/denizcankizil.tr\/de\/\"},{\"@type\":\"ListItem\",\"position\":2,\"name\":\"Okul \u00f6n\u00fcnde \u00e7ocuklara sigara satanlara operasyon\"}]},{\"@type\":\"WebSite\",\"@id\":\"https:\/\/denizcankizil.tr\/#website\",\"url\":\"https:\/\/denizcankizil.tr\/\",\"name\":\"Av. Deniz Can K\u0131z\u0131l\",\"description\":\"Avukat Deniz Can K\u0131z\u0131l Antalya Barosu\",\"publisher\":{\"@id\":\"https:\/\/denizcankizil.tr\/#organization\"},\"potentialAction\":[{\"@type\":\"SearchAction\",\"target\":{\"@type\":\"EntryPoint\",\"urlTemplate\":\"https:\/\/denizcankizil.tr\/?s={search_term_string}\"},\"query-input\":{\"@type\":\"PropertyValueSpecification\",\"valueRequired\":true,\"valueName\":\"search_term_string\"}}],\"inLanguage\":\"de\"},{\"@type\":\"Organization\",\"@id\":\"https:\/\/denizcankizil.tr\/#organization\",\"name\":\"Av. Deniz Can K\u0131z\u0131l\",\"url\":\"https:\/\/denizcankizil.tr\/\",\"logo\":{\"@type\":\"ImageObject\",\"inLanguage\":\"de\",\"@id\":\"https:\/\/denizcankizil.tr\/#\/schema\/logo\/image\/\",\"url\":\"https:\/\/denizcankizil.tr\/wp-content\/uploads\/2024\/10\/siyah-logo-svg.svg\",\"contentUrl\":\"https:\/\/denizcankizil.tr\/wp-content\/uploads\/2024\/10\/siyah-logo-svg.svg\",\"width\":1080,\"height\":1080,\"caption\":\"Av. Deniz Can K\u0131z\u0131l\"},\"image\":{\"@id\":\"https:\/\/denizcankizil.tr\/#\/schema\/logo\/image\/\"}},{\"@type\":\"Person\",\"@id\":\"https:\/\/denizcankizil.tr\/#\/schema\/person\/be3c05fe6a12686905512445d8185489\",\"name\":\"admin\",\"image\":{\"@type\":\"ImageObject\",\"inLanguage\":\"de\",\"@id\":\"https:\/\/denizcankizil.tr\/#\/schema\/person\/image\/\",\"url\":\"https:\/\/secure.gravatar.com\/avatar\/c1fce94c830dc79107e174f890d7210541c4a63e8e5d816341794a2151c9d58c?s=96&d=mm&r=g\",\"contentUrl\":\"https:\/\/secure.gravatar.com\/avatar\/c1fce94c830dc79107e174f890d7210541c4a63e8e5d816341794a2151c9d58c?s=96&d=mm&r=g\",\"caption\":\"admin\"},\"sameAs\":[\"http:\/\/denizcankizil.tr\"],\"url\":\"https:\/\/www.iskenderun.org\/okul-onunde-cocuklara-sigara-satanlara-operasyon\"}]}<\/script>\n<!-- \/ Yoast SEO Premium plugin. -->","yoast_head_json":{"title":"Okul \u00f6n\u00fcnde \u00e7ocuklara sigara satanlara operasyon - Av. Deniz Can K\u0131z\u0131l","robots":{"index":"index","follow":"follow","max-snippet":"max-snippet:-1","max-image-preview":"max-image-preview:large","max-video-preview":"max-video-preview:-1"},"canonical":"https:\/\/denizcankizil.tr\/de\/haberler\/gundem\/okul-onunde-cocuklara-sigara-satanlara-operasyon\/","og_locale":"de_DE","og_type":"article","og_title":"Okul \u00f6n\u00fcnde \u00e7ocuklara sigara satanlara operasyon","og_description":"Hatay Emniyet M\u00fcd\u00fcrl\u00fc\u011f\u00fc g\u00f6revlilerince \u0130skenderun genelinde okul yak\u0131nlar\u0131nda 18 ya\u015f alt\u0131 \u00e7ocuklara tekleme ve paket halinde sigara- elektronik sigara satan \u015fah\u0131slara y\u00f6nelik yap\u0131lan \u00e7al\u0131\u015fmalar kapsam\u0131nda Dumlup\u0131nar Mahallesinde bulunan bir i\u015f yerinde yap\u0131lan aramada; \u00e7ok say\u0131da g\u00fcmr\u00fck ka\u00e7a\u011f\u0131 sigara, g\u00fcmr\u00fck ka\u00e7a\u011f\u0131 elektronik sigara, g\u00fcmr\u00fck ka\u00e7a\u011f\u0131 b\u0131\u00e7ak, sat\u0131\u015fa haz\u0131r paketlenmi\u015f t\u00fct\u00fcn, k\u0131y\u0131lm\u0131\u015f faturas\u0131z t\u00fct\u00fcn\u00a0 ele ge\u00e7ilmi\u015ftir. Olayla ilgili olarak S.A. ile Y.D. hakk\u0131nda Sa\u011fl\u0131k i\u00e7in Tehlikeli Madde Temini ve 5607 SKM i\u015flem yap\u0131ld\u0131\u011f\u0131 a\u00e7ikland\u0131. \u200bHatay Emniyet M\u00fcd\u00fcrl\u00fc\u011f\u00fc g\u00f6revlilerince \u0130skenderun genelinde okul yak\u0131nlar\u0131nda 18 ya\u015f alt\u0131 \u00e7ocuklara tekleme ve paket halinde sigara- elektronik sigara satan \u015fah\u0131slara y\u00f6nelik yap\u0131lan \u00e7al\u0131\u015fmalar kapsam\u0131nda Dumlup\u0131nar Mahallesinde bulunan bir i\u015f yerinde yap\u0131lan aramada; \u00e7ok say\u0131da g\u00fcmr\u00fck ka\u00e7a\u011f\u0131 sigara, g\u00fcmr\u00fck ka\u00e7a\u011f\u0131 elektronik sigara, g\u00fcmr\u00fck ka\u00e7a\u011f\u0131 b\u0131\u00e7ak, sat\u0131\u015fa haz\u0131r paketlenmi\u015f t\u00fct\u00fcn, k\u0131y\u0131lm\u0131\u015f faturas\u0131z t\u00fct\u00fcn\u00a0 ele ge\u00e7ilmi\u015ftir. Olayla ilgili olarak S.A. ile Y.D. hakk\u0131nda Sa\u011fl\u0131k i\u00e7in Tehlikeli Madde Temini ve 5607 SKM i\u015flem yap\u0131ld\u0131\u011f\u0131 a\u00e7ikland\u0131.\u00a0 \u200bHaberin Al\u0131nt\u0131land\u0131\u011f\u0131 Kaynak: www.iskenderun.org","og_url":"https:\/\/denizcankizil.tr\/de\/haberler\/gundem\/okul-onunde-cocuklara-sigara-satanlara-operasyon\/","og_site_name":"Av. Deniz Can K\u0131z\u0131l","article_published_time":"2025-06-01T19:41:59+00:00","author":"admin","twitter_card":"summary_large_image","twitter_misc":{"Verfasst von":"admin","Gesch\u00e4tzte Lesezeit":"1\u00a0Minute"},"schema":{"@context":"https:\/\/schema.org","@graph":[{"@type":"Article","@id":"https:\/\/denizcankizil.tr\/de\/haberler\/gundem\/okul-onunde-cocuklara-sigara-satanlara-operasyon\/#article","isPartOf":{"@id":"https:\/\/denizcankizil.tr\/de\/haberler\/gundem\/okul-onunde-cocuklara-sigara-satanlara-operasyon\/"},"author":{"name":"admin","@id":"https:\/\/denizcankizil.tr\/#\/schema\/person\/be3c05fe6a12686905512445d8185489"},"headline":"Okul \u00f6n\u00fcnde \u00e7ocuklara sigara satanlara operasyon","datePublished":"2025-06-01T19:41:59+00:00","mainEntityOfPage":{"@id":"https:\/\/denizcankizil.tr\/de\/haberler\/gundem\/okul-onunde-cocuklara-sigara-satanlara-operasyon\/"},"wordCount":241,"publisher":{"@id":"https:\/\/denizcankizil.tr\/#organization"},"articleSection":["G\u00fcndem"],"inLanguage":"de"},{"@type":"WebPage","@id":"https:\/\/denizcankizil.tr\/de\/haberler\/gundem\/okul-onunde-cocuklara-sigara-satanlara-operasyon\/","url":"https:\/\/denizcankizil.tr\/de\/haberler\/gundem\/okul-onunde-cocuklara-sigara-satanlara-operasyon\/","name":"Okul \u00f6n\u00fcnde \u00e7ocuklara sigara satanlara operasyon - Av. Deniz Can K\u0131z\u0131l","isPartOf":{"@id":"https:\/\/denizcankizil.tr\/#website"},"datePublished":"2025-06-01T19:41:59+00:00","breadcrumb":{"@id":"https:\/\/denizcankizil.tr\/de\/haberler\/gundem\/okul-onunde-cocuklara-sigara-satanlara-operasyon\/#breadcrumb"},"inLanguage":"de","potentialAction":[{"@type":"ReadAction","target":["https:\/\/denizcankizil.tr\/de\/haberler\/gundem\/okul-onunde-cocuklara-sigara-satanlara-operasyon\/"]}]},{"@type":"BreadcrumbList","@id":"https:\/\/denizcankizil.tr\/de\/haberler\/gundem\/okul-onunde-cocuklara-sigara-satanlara-operasyon\/#breadcrumb","itemListElement":[{"@type":"ListItem","position":1,"name":"Home","item":"https:\/\/denizcankizil.tr\/de\/"},{"@type":"ListItem","position":2,"name":"Okul \u00f6n\u00fcnde \u00e7ocuklara sigara satanlara operasyon"}]},{"@type":"WebSite","@id":"https:\/\/denizcankizil.tr\/#website","url":"https:\/\/denizcankizil.tr\/","name":"Av. Deniz Can K\u0131z\u0131l","description":"Avukat Deniz Can K\u0131z\u0131l Antalya Barosu","publisher":{"@id":"https:\/\/denizcankizil.tr\/#organization"},"potentialAction":[{"@type":"SearchAction","target":{"@type":"EntryPoint","urlTemplate":"https:\/\/denizcankizil.tr\/?s={search_term_string}"},"query-input":{"@type":"PropertyValueSpecification","valueRequired":true,"valueName":"search_term_string"}}],"inLanguage":"de"},{"@type":"Organization","@id":"https:\/\/denizcankizil.tr\/#organization","name":"Av. Deniz Can K\u0131z\u0131l","url":"https:\/\/denizcankizil.tr\/","logo":{"@type":"ImageObject","inLanguage":"de","@id":"https:\/\/denizcankizil.tr\/#\/schema\/logo\/image\/","url":"https:\/\/denizcankizil.tr\/wp-content\/uploads\/2024\/10\/siyah-logo-svg.svg","contentUrl":"https:\/\/denizcankizil.tr\/wp-content\/uploads\/2024\/10\/siyah-logo-svg.svg","width":1080,"height":1080,"caption":"Av. Deniz Can K\u0131z\u0131l"},"image":{"@id":"https:\/\/denizcankizil.tr\/#\/schema\/logo\/image\/"}},{"@type":"Person","@id":"https:\/\/denizcankizil.tr\/#\/schema\/person\/be3c05fe6a12686905512445d8185489","name":"Administrator","image":{"@type":"ImageObject","inLanguage":"de","@id":"https:\/\/denizcankizil.tr\/#\/schema\/person\/image\/","url":"https:\/\/secure.gravatar.com\/avatar\/c1fce94c830dc79107e174f890d7210541c4a63e8e5d816341794a2151c9d58c?s=96&d=mm&r=g","contentUrl":"https:\/\/secure.gravatar.com\/avatar\/c1fce94c830dc79107e174f890d7210541c4a63e8e5d816341794a2151c9d58c?s=96&d=mm&r=g","caption":"admin"},"sameAs":["http:\/\/denizcankizil.tr"],"url":"https:\/\/www.iskenderun.org\/okul-onunde-cocuklara-sigara-satanlara-operasyon"}]}},"_links":{"self":[{"href":"https:\/\/denizcankizil.tr\/de\/wp-json\/wp\/v2\/posts\/103730","targetHints":{"allow":["GET"]}}],"collection":[{"href":"https:\/\/denizcankizil.tr\/de\/wp-json\/wp\/v2\/posts"}],"about":[{"href":"https:\/\/denizcankizil.tr\/de\/wp-json\/wp\/v2\/types\/post"}],"author":[{"embeddable":true,"href":"https:\/\/denizcankizil.tr\/de\/wp-json\/wp\/v2\/users\/1"}],"replies":[{"embeddable":true,"href":"https:\/\/denizcankizil.tr\/de\/wp-json\/wp\/v2\/comments?post=103730"}],"version-history":[{"count":0,"href":"https:\/\/denizcankizil.tr\/de\/wp-json\/wp\/v2\/posts\/103730\/revisions"}],"wp:attachment":[{"href":"https:\/\/denizcankizil.tr\/de\/wp-json\/wp\/v2\/media?parent=103730"}],"wp:term":[{"taxonomy":"category","embeddable":true,"href":"https:\/\/denizcankizil.tr\/de\/wp-json\/wp\/v2\/categories?post=103730"},{"taxonomy":"post_tag","embeddable":true,"href":"https:\/\/denizcankizil.tr\/de\/wp-json\/wp\/v2\/tags?post=103730"}],"curies":[{"name":"wp","href":"https:\/\/api.w.org\/{rel}","templated":true}]}}