{"id":103341,"date":"2025-06-01T07:41:56","date_gmt":"2025-06-01T04:41:56","guid":{"rendered":"https:\/\/denizcankizil.tr\/uncategorized-tr\/firsat-mi-yoksa-parlayan-nesne-mi\/"},"modified":"2025-06-01T07:41:56","modified_gmt":"2025-06-01T04:41:56","slug":"firsat-mi-yoksa-parlayan-nesne-mi","status":"publish","type":"post","link":"https:\/\/denizcankizil.tr\/de\/haberler\/gundem\/firsat-mi-yoksa-parlayan-nesne-mi\/","title":{"rendered":"F\u0131rsat m\u0131 yoksa parlayan nesne mi?"},"content":{"rendered":"<p>\u00dcsk\u00fcdar \u00dcniversitesi NP Feneryolu T\u0131p Merkezi\u00a0Uzman Klinik Psikolog\u00a0Merve\u00a0Umay\u00a0Canda\u015f Demir, ki\u015finin s\u00fcrekli olarak yeni ve heyecan verici f\u0131rsatlara y\u00f6nelip hi\u00e7birini tamamlama konusunda sebat g\u00f6sterememesi durumu olarak tan\u0131mlanan Parlayan Nesne Sendromu hakk\u0131nda bilgi verdi.<\/p>\n<p>\u200b\u00dcsk\u00fcdar \u00dcniversitesi NP Feneryolu T\u0131p Merkezi\u00a0Uzman Klinik Psikolog\u00a0Merve\u00a0Umay\u00a0Canda\u015f Demir, ki\u015finin s\u00fcrekli olarak yeni ve heyecan verici f\u0131rsatlara y\u00f6nelip hi\u00e7birini tamamlama konusunda sebat g\u00f6sterememesi durumu olarak tan\u0131mlanan Parlayan Nesne Sendromu hakk\u0131nda bilgi verdi.\u00a0<\/p>\n<p>\u200bHaberin Al\u0131nt\u0131land\u0131\u011f\u0131 Kaynak: www.iskenderun.org<\/p>","protected":false},"excerpt":{"rendered":"<p>\u00dcsk\u00fcdar \u00dcniversitesi NP Feneryolu T\u0131p Merkezi\u00a0Uzman Klinik Psikolog\u00a0Merve\u00a0Umay\u00a0Canda\u015f Demir, ki\u015finin s\u00fcrekli olarak yeni ve heyecan verici f\u0131rsatlara y\u00f6nelip hi\u00e7birini tamamlama konusunda sebat g\u00f6sterememesi durumu olarak tan\u0131mlanan Parlayan Nesne Sendromu hakk\u0131nda bilgi verdi. \u200b\u00dcsk\u00fcdar \u00dcniversitesi NP Feneryolu T\u0131p Merkezi\u00a0Uzman Klinik Psikolog\u00a0Merve\u00a0Umay\u00a0Canda\u015f Demir, ki\u015finin s\u00fcrekli olarak yeni ve heyecan verici f\u0131rsatlara y\u00f6nelip hi\u00e7birini tamamlama konusunda sebat g\u00f6sterememesi durumu olarak tan\u0131mlanan Parlayan Nesne Sendromu hakk\u0131nda bilgi verdi.\u00a0 \u200bHaberin Al\u0131nt\u0131land\u0131\u011f\u0131 Kaynak: www.iskenderun.org<\/p>","protected":false},"author":1,"featured_media":0,"comment_status":"","ping_status":"open","sticky":false,"template":"","format":"standard","meta":{"_acf_changed":false,"footnotes":""},"categories":[24],"tags":[],"class_list":["post-103341","post","type-post","status-publish","format-standard","has-post-thumbnail","hentry","category-gundem"],"acf":[],"yoast_head":"<!-- This site is optimized with the Yoast SEO Premium plugin v26.6 (Yoast SEO v27.1.1) - https:\/\/yoast.com\/product\/yoast-seo-premium-wordpress\/ -->\n<title>F\u0131rsat m\u0131 yoksa parlayan nesne mi? - Av. Deniz Can K\u0131z\u0131l<\/title>\n<meta name=\"robots\" content=\"index, follow, max-snippet:-1, max-image-preview:large, max-video-preview:-1\" \/>\n<link rel=\"canonical\" href=\"https:\/\/denizcankizil.tr\/de\/haberler\/gundem\/firsat-mi-yoksa-parlayan-nesne-mi\/\" \/>\n<meta property=\"og:locale\" content=\"de_DE\" \/>\n<meta property=\"og:type\" content=\"article\" \/>\n<meta property=\"og:title\" content=\"F\u0131rsat m\u0131 yoksa parlayan nesne mi?\" \/>\n<meta property=\"og:description\" content=\"\u00dcsk\u00fcdar \u00dcniversitesi NP Feneryolu T\u0131p Merkezi\u00a0Uzman Klinik Psikolog\u00a0Merve\u00a0Umay\u00a0Canda\u015f Demir, ki\u015finin s\u00fcrekli olarak yeni ve heyecan verici f\u0131rsatlara y\u00f6nelip hi\u00e7birini tamamlama konusunda sebat g\u00f6sterememesi durumu olarak tan\u0131mlanan Parlayan Nesne Sendromu hakk\u0131nda bilgi verdi. \u200b\u00dcsk\u00fcdar \u00dcniversitesi NP Feneryolu T\u0131p Merkezi\u00a0Uzman Klinik Psikolog\u00a0Merve\u00a0Umay\u00a0Canda\u015f Demir, ki\u015finin s\u00fcrekli olarak yeni ve heyecan verici f\u0131rsatlara y\u00f6nelip hi\u00e7birini tamamlama konusunda sebat g\u00f6sterememesi durumu olarak tan\u0131mlanan Parlayan Nesne Sendromu hakk\u0131nda bilgi verdi.\u00a0 \u200bHaberin Al\u0131nt\u0131land\u0131\u011f\u0131 Kaynak: www.iskenderun.org\" \/>\n<meta property=\"og:url\" content=\"https:\/\/denizcankizil.tr\/de\/haberler\/gundem\/firsat-mi-yoksa-parlayan-nesne-mi\/\" \/>\n<meta property=\"og:site_name\" content=\"Av. Deniz Can K\u0131z\u0131l\" \/>\n<meta property=\"article:published_time\" content=\"2025-06-01T04:41:56+00:00\" \/>\n<meta name=\"author\" content=\"admin\" \/>\n<meta name=\"twitter:card\" content=\"summary_large_image\" \/>\n<meta name=\"twitter:label1\" content=\"Verfasst von\" \/>\n\t<meta name=\"twitter:data1\" content=\"admin\" \/>\n\t<meta name=\"twitter:label2\" content=\"Gesch\u00e4tzte Lesezeit\" \/>\n\t<meta name=\"twitter:data2\" content=\"1\u00a0Minute\" \/>\n<script type=\"application\/ld+json\" class=\"yoast-schema-graph\">{\"@context\":\"https:\/\/schema.org\",\"@graph\":[{\"@type\":\"Article\",\"@id\":\"https:\/\/denizcankizil.tr\/ru\/haberler\/gundem\/firsat-mi-yoksa-parlayan-nesne-mi\/#article\",\"isPartOf\":{\"@id\":\"https:\/\/denizcankizil.tr\/ru\/haberler\/gundem\/firsat-mi-yoksa-parlayan-nesne-mi\/\"},\"author\":{\"name\":\"admin\",\"@id\":\"https:\/\/denizcankizil.tr\/de\/#\/schema\/person\/be3c05fe6a12686905512445d8185489\"},\"headline\":\"F\u0131rsat m\u0131 yoksa parlayan nesne mi?\",\"datePublished\":\"2025-06-01T04:41:56+00:00\",\"mainEntityOfPage\":{\"@id\":\"https:\/\/denizcankizil.tr\/ru\/haberler\/gundem\/firsat-mi-yoksa-parlayan-nesne-mi\/\"},\"wordCount\":107,\"publisher\":{\"@id\":\"https:\/\/denizcankizil.tr\/de\/#organization\"},\"articleSection\":[\"G\u00fcndem\"],\"inLanguage\":\"de\"},{\"@type\":\"WebPage\",\"@id\":\"https:\/\/denizcankizil.tr\/ru\/haberler\/gundem\/firsat-mi-yoksa-parlayan-nesne-mi\/\",\"url\":\"https:\/\/denizcankizil.tr\/ru\/haberler\/gundem\/firsat-mi-yoksa-parlayan-nesne-mi\/\",\"name\":\"F\u0131rsat m\u0131 yoksa parlayan nesne mi? - Av. Deniz Can K\u0131z\u0131l\",\"isPartOf\":{\"@id\":\"https:\/\/denizcankizil.tr\/de\/#website\"},\"datePublished\":\"2025-06-01T04:41:56+00:00\",\"breadcrumb\":{\"@id\":\"https:\/\/denizcankizil.tr\/ru\/haberler\/gundem\/firsat-mi-yoksa-parlayan-nesne-mi\/#breadcrumb\"},\"inLanguage\":\"de\",\"potentialAction\":[{\"@type\":\"ReadAction\",\"target\":[\"https:\/\/denizcankizil.tr\/ru\/haberler\/gundem\/firsat-mi-yoksa-parlayan-nesne-mi\/\"]}]},{\"@type\":\"BreadcrumbList\",\"@id\":\"https:\/\/denizcankizil.tr\/ru\/haberler\/gundem\/firsat-mi-yoksa-parlayan-nesne-mi\/#breadcrumb\",\"itemListElement\":[{\"@type\":\"ListItem\",\"position\":1,\"name\":\"Home\",\"item\":\"https:\/\/denizcankizil.tr\/de\/\"},{\"@type\":\"ListItem\",\"position\":2,\"name\":\"F\u0131rsat m\u0131 yoksa parlayan nesne mi?\"}]},{\"@type\":\"WebSite\",\"@id\":\"https:\/\/denizcankizil.tr\/de\/#website\",\"url\":\"https:\/\/denizcankizil.tr\/de\/\",\"name\":\"Av. Deniz Can K\u0131z\u0131l\",\"description\":\"Avukat Deniz Can K\u0131z\u0131l Antalya Barosu\",\"publisher\":{\"@id\":\"https:\/\/denizcankizil.tr\/de\/#organization\"},\"potentialAction\":[{\"@type\":\"SearchAction\",\"target\":{\"@type\":\"EntryPoint\",\"urlTemplate\":\"https:\/\/denizcankizil.tr\/de\/?s={search_term_string}\"},\"query-input\":{\"@type\":\"PropertyValueSpecification\",\"valueRequired\":true,\"valueName\":\"search_term_string\"}}],\"inLanguage\":\"de\"},{\"@type\":\"Organization\",\"@id\":\"https:\/\/denizcankizil.tr\/de\/#organization\",\"name\":\"Av. Deniz Can K\u0131z\u0131l\",\"url\":\"https:\/\/denizcankizil.tr\/de\/\",\"logo\":{\"@type\":\"ImageObject\",\"inLanguage\":\"de\",\"@id\":\"https:\/\/denizcankizil.tr\/de\/#\/schema\/logo\/image\/\",\"url\":\"https:\/\/denizcankizil.tr\/wp-content\/uploads\/2024\/10\/siyah-logo-svg.svg\",\"contentUrl\":\"https:\/\/denizcankizil.tr\/wp-content\/uploads\/2024\/10\/siyah-logo-svg.svg\",\"width\":1080,\"height\":1080,\"caption\":\"Av. Deniz Can K\u0131z\u0131l\"},\"image\":{\"@id\":\"https:\/\/denizcankizil.tr\/de\/#\/schema\/logo\/image\/\"}},{\"@type\":\"Person\",\"@id\":\"https:\/\/denizcankizil.tr\/de\/#\/schema\/person\/be3c05fe6a12686905512445d8185489\",\"name\":\"admin\",\"image\":{\"@type\":\"ImageObject\",\"inLanguage\":\"de\",\"@id\":\"https:\/\/denizcankizil.tr\/de\/#\/schema\/person\/image\/\",\"url\":\"https:\/\/secure.gravatar.com\/avatar\/c1fce94c830dc79107e174f890d7210541c4a63e8e5d816341794a2151c9d58c?s=96&d=mm&r=g\",\"contentUrl\":\"https:\/\/secure.gravatar.com\/avatar\/c1fce94c830dc79107e174f890d7210541c4a63e8e5d816341794a2151c9d58c?s=96&d=mm&r=g\",\"caption\":\"admin\"},\"sameAs\":[\"http:\/\/denizcankizil.tr\"],\"url\":\"https:\/\/www.iskenderun.org\/firsat-mi-yoksa-parlayan-nesne-mi\"}]}<\/script>\n<!-- \/ Yoast SEO Premium plugin. -->","yoast_head_json":{"title":"F\u0131rsat m\u0131 yoksa parlayan nesne mi? - Av. Deniz Can K\u0131z\u0131l","robots":{"index":"index","follow":"follow","max-snippet":"max-snippet:-1","max-image-preview":"max-image-preview:large","max-video-preview":"max-video-preview:-1"},"canonical":"https:\/\/denizcankizil.tr\/de\/haberler\/gundem\/firsat-mi-yoksa-parlayan-nesne-mi\/","og_locale":"de_DE","og_type":"article","og_title":"F\u0131rsat m\u0131 yoksa parlayan nesne mi?","og_description":"\u00dcsk\u00fcdar \u00dcniversitesi NP Feneryolu T\u0131p Merkezi\u00a0Uzman Klinik Psikolog\u00a0Merve\u00a0Umay\u00a0Canda\u015f Demir, ki\u015finin s\u00fcrekli olarak yeni ve heyecan verici f\u0131rsatlara y\u00f6nelip hi\u00e7birini tamamlama konusunda sebat g\u00f6sterememesi durumu olarak tan\u0131mlanan Parlayan Nesne Sendromu hakk\u0131nda bilgi verdi. \u200b\u00dcsk\u00fcdar \u00dcniversitesi NP Feneryolu T\u0131p Merkezi\u00a0Uzman Klinik Psikolog\u00a0Merve\u00a0Umay\u00a0Canda\u015f Demir, ki\u015finin s\u00fcrekli olarak yeni ve heyecan verici f\u0131rsatlara y\u00f6nelip hi\u00e7birini tamamlama konusunda sebat g\u00f6sterememesi durumu olarak tan\u0131mlanan Parlayan Nesne Sendromu hakk\u0131nda bilgi verdi.\u00a0 \u200bHaberin Al\u0131nt\u0131land\u0131\u011f\u0131 Kaynak: www.iskenderun.org","og_url":"https:\/\/denizcankizil.tr\/de\/haberler\/gundem\/firsat-mi-yoksa-parlayan-nesne-mi\/","og_site_name":"Av. Deniz Can K\u0131z\u0131l","article_published_time":"2025-06-01T04:41:56+00:00","author":"admin","twitter_card":"summary_large_image","twitter_misc":{"Verfasst von":"admin","Gesch\u00e4tzte Lesezeit":"1\u00a0Minute"},"schema":{"@context":"https:\/\/schema.org","@graph":[{"@type":"Article","@id":"https:\/\/denizcankizil.tr\/ru\/haberler\/gundem\/firsat-mi-yoksa-parlayan-nesne-mi\/#article","isPartOf":{"@id":"https:\/\/denizcankizil.tr\/ru\/haberler\/gundem\/firsat-mi-yoksa-parlayan-nesne-mi\/"},"author":{"name":"admin","@id":"https:\/\/denizcankizil.tr\/de\/#\/schema\/person\/be3c05fe6a12686905512445d8185489"},"headline":"F\u0131rsat m\u0131 yoksa parlayan nesne mi?","datePublished":"2025-06-01T04:41:56+00:00","mainEntityOfPage":{"@id":"https:\/\/denizcankizil.tr\/ru\/haberler\/gundem\/firsat-mi-yoksa-parlayan-nesne-mi\/"},"wordCount":107,"publisher":{"@id":"https:\/\/denizcankizil.tr\/de\/#organization"},"articleSection":["G\u00fcndem"],"inLanguage":"de"},{"@type":"WebPage","@id":"https:\/\/denizcankizil.tr\/ru\/haberler\/gundem\/firsat-mi-yoksa-parlayan-nesne-mi\/","url":"https:\/\/denizcankizil.tr\/ru\/haberler\/gundem\/firsat-mi-yoksa-parlayan-nesne-mi\/","name":"F\u0131rsat m\u0131 yoksa parlayan nesne mi? - Av. Deniz Can K\u0131z\u0131l","isPartOf":{"@id":"https:\/\/denizcankizil.tr\/de\/#website"},"datePublished":"2025-06-01T04:41:56+00:00","breadcrumb":{"@id":"https:\/\/denizcankizil.tr\/ru\/haberler\/gundem\/firsat-mi-yoksa-parlayan-nesne-mi\/#breadcrumb"},"inLanguage":"de","potentialAction":[{"@type":"ReadAction","target":["https:\/\/denizcankizil.tr\/ru\/haberler\/gundem\/firsat-mi-yoksa-parlayan-nesne-mi\/"]}]},{"@type":"BreadcrumbList","@id":"https:\/\/denizcankizil.tr\/ru\/haberler\/gundem\/firsat-mi-yoksa-parlayan-nesne-mi\/#breadcrumb","itemListElement":[{"@type":"ListItem","position":1,"name":"Home","item":"https:\/\/denizcankizil.tr\/de\/"},{"@type":"ListItem","position":2,"name":"F\u0131rsat m\u0131 yoksa parlayan nesne mi?"}]},{"@type":"WebSite","@id":"https:\/\/denizcankizil.tr\/de\/#website","url":"https:\/\/denizcankizil.tr\/de\/","name":"Av. Deniz Can K\u0131z\u0131l","description":"Avukat Deniz Can K\u0131z\u0131l Antalya Barosu","publisher":{"@id":"https:\/\/denizcankizil.tr\/de\/#organization"},"potentialAction":[{"@type":"SearchAction","target":{"@type":"EntryPoint","urlTemplate":"https:\/\/denizcankizil.tr\/de\/?s={search_term_string}"},"query-input":{"@type":"PropertyValueSpecification","valueRequired":true,"valueName":"search_term_string"}}],"inLanguage":"de"},{"@type":"Organization","@id":"https:\/\/denizcankizil.tr\/de\/#organization","name":"Av. Deniz Can K\u0131z\u0131l","url":"https:\/\/denizcankizil.tr\/de\/","logo":{"@type":"ImageObject","inLanguage":"de","@id":"https:\/\/denizcankizil.tr\/de\/#\/schema\/logo\/image\/","url":"https:\/\/denizcankizil.tr\/wp-content\/uploads\/2024\/10\/siyah-logo-svg.svg","contentUrl":"https:\/\/denizcankizil.tr\/wp-content\/uploads\/2024\/10\/siyah-logo-svg.svg","width":1080,"height":1080,"caption":"Av. Deniz Can K\u0131z\u0131l"},"image":{"@id":"https:\/\/denizcankizil.tr\/de\/#\/schema\/logo\/image\/"}},{"@type":"Person","@id":"https:\/\/denizcankizil.tr\/de\/#\/schema\/person\/be3c05fe6a12686905512445d8185489","name":"Administrator","image":{"@type":"ImageObject","inLanguage":"de","@id":"https:\/\/denizcankizil.tr\/de\/#\/schema\/person\/image\/","url":"https:\/\/secure.gravatar.com\/avatar\/c1fce94c830dc79107e174f890d7210541c4a63e8e5d816341794a2151c9d58c?s=96&d=mm&r=g","contentUrl":"https:\/\/secure.gravatar.com\/avatar\/c1fce94c830dc79107e174f890d7210541c4a63e8e5d816341794a2151c9d58c?s=96&d=mm&r=g","caption":"admin"},"sameAs":["http:\/\/denizcankizil.tr"],"url":"https:\/\/www.iskenderun.org\/firsat-mi-yoksa-parlayan-nesne-mi"}]}},"_links":{"self":[{"href":"https:\/\/denizcankizil.tr\/de\/wp-json\/wp\/v2\/posts\/103341","targetHints":{"allow":["GET"]}}],"collection":[{"href":"https:\/\/denizcankizil.tr\/de\/wp-json\/wp\/v2\/posts"}],"about":[{"href":"https:\/\/denizcankizil.tr\/de\/wp-json\/wp\/v2\/types\/post"}],"author":[{"embeddable":true,"href":"https:\/\/denizcankizil.tr\/de\/wp-json\/wp\/v2\/users\/1"}],"replies":[{"embeddable":true,"href":"https:\/\/denizcankizil.tr\/de\/wp-json\/wp\/v2\/comments?post=103341"}],"version-history":[{"count":0,"href":"https:\/\/denizcankizil.tr\/de\/wp-json\/wp\/v2\/posts\/103341\/revisions"}],"wp:attachment":[{"href":"https:\/\/denizcankizil.tr\/de\/wp-json\/wp\/v2\/media?parent=103341"}],"wp:term":[{"taxonomy":"category","embeddable":true,"href":"https:\/\/denizcankizil.tr\/de\/wp-json\/wp\/v2\/categories?post=103341"},{"taxonomy":"post_tag","embeddable":true,"href":"https:\/\/denizcankizil.tr\/de\/wp-json\/wp\/v2\/tags?post=103341"}],"curies":[{"name":"wp","href":"https:\/\/api.w.org\/{rel}","templated":true}]}}