{"id":103339,"date":"2025-06-01T07:41:54","date_gmt":"2025-06-01T04:41:54","guid":{"rendered":"https:\/\/denizcankizil.tr\/uncategorized-tr\/halk-danslari-festivali-sokaklara-tasti\/"},"modified":"2025-06-01T07:41:54","modified_gmt":"2025-06-01T04:41:54","slug":"halk-danslari-festivali-sokaklara-tasti","status":"publish","type":"post","link":"https:\/\/denizcankizil.tr\/de\/haberler\/gundem\/halk-danslari-festivali-sokaklara-tasti\/","title":{"rendered":"Halk Danslar\u0131 Festivali sokaklara ta\u015ft\u0131"},"content":{"rendered":"<p>Bornova Belediyesi\u2019nin bu y\u0131l \u201cHalay\u201d temas\u0131yla d\u00fczenledi\u011fi 4. Halk Danslar\u0131 Festivali b\u00fcy\u00fck bir co\u015fkuyla devam ediyor. 29 May\u0131s \u2013 1 Haziran tarihleri aras\u0131nda ger\u00e7ekle\u015fen festivalin ikinci g\u00fcn\u00fcnde kortej ge\u00e7i\u015fi, Bornova sokaklar\u0131n\u0131 renkli g\u00f6r\u00fcnt\u00fclere sahne oldu.\u0130ZM\u0130R (\u0130GFA) &#8211; B\u00fcy\u00fckpark\u2019tan ba\u015flayan ve derneklerin k\u00fclt\u00fcrel tan\u0131t\u0131m stantlar\u0131n\u0131n yer ald\u0131\u011f\u0131 kortej y\u00fcr\u00fcy\u00fc\u015f\u00fc, bando e\u015fli\u011finde K\u00fc\u00e7\u00fckpark Meydan\u0131\u2019na kadar s\u00fcrd\u00fc. Y\u00f6resel kost\u00fcmleri ile dikkat \u00e7eken ekipler, burada minik g\u00f6steriler sunarak meydan\u0131 dolduran vatanda\u015flar\u0131 dansa davet etti. Hem g\u00f6rsel hem k\u00fclt\u00fcrel bir \u015f\u00f6len sunan kortej, halk\u0131n b\u00fcy\u00fck be\u011fenisini kazand\u0131.<br \/>\n Ayfer Feray\u2019da k\u00fclt\u00fcr \u015f\u00f6leni<br \/>\nKortejin ard\u0131ndan ekipler Suvari Caddesi \u00fczerinden y\u00fcr\u00fcyerek Ayfer Feray A\u00e7\u0131khava Tiyatrosu\u2019na ula\u015ft\u0131. Etraftaki evlerden ve mekanlardan vatanda\u015flar da alk\u0131\u015flarla ve m\u00fczikle bu co\u015fkuya ortak oldu. A\u00e7\u0131khava tiyatrosunda Anadolu\u2019nun d\u00f6rt bir yan\u0131na ait halk oyunlar\u0131 sahnelendi. T\u00fcm koltuklar dolarken izleyiciler, dans\u00e7\u0131lar\u0131n enerjisine alk\u0131\u015flar\u0131yla e\u015flik etti. Festival alan\u0131 gece boyunca davul zurna sesleriyle yank\u0131land\u0131.<\/p>\n<p>Festivalin \u00fc\u00e7\u00fcnc\u00fc g\u00fcn\u00fc olan Cumartesi ak\u015fam\u0131, halk danslar\u0131 g\u00f6sterileri bu kez \u00c7amdibi Atat\u00fcrk Park\u0131\u2019na ta\u015f\u0131nacak. Pazar g\u00fcn\u00fc ise A\u015f\u0131k Veysel Rekreasyon Alan\u0131 A\u00e7\u0131khava Tiyatrosu\u2019nda d\u00fczenlenecek g\u00f6rkemli gala gecesiyle festival final yapacak. Gala gecesinde, konuk ekip olarak sahne alacak Mersin B\u00fcy\u00fck\u015fehir Belediyesi Halk Danslar\u0131 Toplulu\u011fu da izleyicilerle bulu\u015facak.<br \/>\n D\u00fcnyan\u0131n ritimleri Bornova\u2019da bulu\u015ftu<br \/>\nBornova halk\u0131n\u0131n yo\u011fun ilgi g\u00f6sterdi\u011fi festival, uluslararas\u0131 kat\u0131l\u0131mc\u0131lar\u0131yla dikkat \u00e7ekiyor. G\u00fcrcistan, Rusya, Polonya ve Bulgaristan\u2019dan gelen ekiplerin yan\u0131 s\u0131ra \u0130zmir ve Bornova\u2019dan halk oyunlar\u0131 dernekleri sahne al\u0131yor. Toplamda 30 ekip ve 9 farkl\u0131 y\u00f6reden halk oyununu sergileyen 758 dans\u00e7\u0131, Bornova\u2019n\u0131n d\u00f6rt bir yan\u0131n\u0131 ritim, k\u00fclt\u00fcr ve dansla bulu\u015fturuyor.<\/p>\n<p>\u200bBornova Belediyesi\u2019nin bu y\u0131l \u201cHalay\u201d temas\u0131yla d\u00fczenledi\u011fi 4. Halk Danslar\u0131 Festivali b\u00fcy\u00fck bir co\u015fkuyla devam ediyor. 29 May\u0131s \u2013 1 Haziran tarihleri aras\u0131nda ger\u00e7ekle\u015fen festivalin ikinci g\u00fcn\u00fcnde kortej ge\u00e7i\u015fi, Bornova sokaklar\u0131n\u0131 renkli g\u00f6r\u00fcnt\u00fclere sahne oldu.\u0130ZM\u0130R (\u0130GFA) &#8211; B\u00fcy\u00fckpark\u2019tan ba\u015flayan ve derneklerin k\u00fclt\u00fcrel tan\u0131t\u0131m stantlar\u0131n\u0131n yer ald\u0131\u011f\u0131 kortej y\u00fcr\u00fcy\u00fc\u015f\u00fc, bando e\u015fli\u011finde K\u00fc\u00e7\u00fckpark Meydan\u0131\u2019na kadar s\u00fcrd\u00fc. Y\u00f6resel kost\u00fcmleri ile dikkat \u00e7eken ekipler, burada minik g\u00f6steriler sunarak meydan\u0131 dolduran vatanda\u015flar\u0131 dansa davet etti. Hem g\u00f6rsel hem k\u00fclt\u00fcrel bir \u015f\u00f6len sunan kortej, halk\u0131n b\u00fcy\u00fck be\u011fenisini kazand\u0131.<br \/>\n Ayfer Feray\u2019da k\u00fclt\u00fcr \u015f\u00f6leni<br \/>\nKortejin ard\u0131ndan ekipler Suvari Caddesi \u00fczerinden y\u00fcr\u00fcyerek Ayfer Feray A\u00e7\u0131khava Tiyatrosu\u2019na ula\u015ft\u0131. Etraftaki evlerden ve mekanlardan vatanda\u015flar da alk\u0131\u015flarla ve m\u00fczikle bu co\u015fkuya ortak oldu. A\u00e7\u0131khava tiyatrosunda Anadolu\u2019nun d\u00f6rt bir yan\u0131na ait halk oyunlar\u0131 sahnelendi. T\u00fcm koltuklar dolarken izleyiciler, dans\u00e7\u0131lar\u0131n enerjisine alk\u0131\u015flar\u0131yla e\u015flik etti. Festival alan\u0131 gece boyunca davul zurna sesleriyle yank\u0131land\u0131.<\/p>\n<p>Festivalin \u00fc\u00e7\u00fcnc\u00fc g\u00fcn\u00fc olan Cumartesi ak\u015fam\u0131, halk danslar\u0131 g\u00f6sterileri bu kez \u00c7amdibi Atat\u00fcrk Park\u0131\u2019na ta\u015f\u0131nacak. Pazar g\u00fcn\u00fc ise A\u015f\u0131k Veysel Rekreasyon Alan\u0131 A\u00e7\u0131khava Tiyatrosu\u2019nda d\u00fczenlenecek g\u00f6rkemli gala gecesiyle festival final yapacak. Gala gecesinde, konuk ekip olarak sahne alacak Mersin B\u00fcy\u00fck\u015fehir Belediyesi Halk Danslar\u0131 Toplulu\u011fu da izleyicilerle bulu\u015facak.<br \/>\n D\u00fcnyan\u0131n ritimleri Bornova\u2019da bulu\u015ftu<br \/>\nBornova halk\u0131n\u0131n yo\u011fun ilgi g\u00f6sterdi\u011fi festival, uluslararas\u0131 kat\u0131l\u0131mc\u0131lar\u0131yla dikkat \u00e7ekiyor. G\u00fcrcistan, Rusya, Polonya ve Bulgaristan\u2019dan gelen ekiplerin yan\u0131 s\u0131ra \u0130zmir ve Bornova\u2019dan halk oyunlar\u0131 dernekleri sahne al\u0131yor. Toplamda 30 ekip ve 9 farkl\u0131 y\u00f6reden halk oyununu sergileyen 758 dans\u00e7\u0131, Bornova\u2019n\u0131n d\u00f6rt bir yan\u0131n\u0131 ritim, k\u00fclt\u00fcr ve dansla bulu\u015fturuyor.\u00a0<\/p>\n<p>\u200bHaberin Al\u0131nt\u0131land\u0131\u011f\u0131 Kaynak: www.iskenderun.org<\/p>","protected":false},"excerpt":{"rendered":"<p>Bornova Belediyesi\u2019nin bu y\u0131l \u201cHalay\u201d temas\u0131yla d\u00fczenledi\u011fi 4. Halk Danslar\u0131 Festivali b\u00fcy\u00fck bir co\u015fkuyla devam ediyor. 29 May\u0131s \u2013 1 Haziran tarihleri aras\u0131nda ger\u00e7ekle\u015fen festivalin ikinci g\u00fcn\u00fcnde kortej ge\u00e7i\u015fi, Bornova sokaklar\u0131n\u0131 renkli g\u00f6r\u00fcnt\u00fclere sahne oldu.\u0130ZM\u0130R (\u0130GFA) &#8211; B\u00fcy\u00fckpark\u2019tan ba\u015flayan ve derneklerin k\u00fclt\u00fcrel tan\u0131t\u0131m stantlar\u0131n\u0131n yer ald\u0131\u011f\u0131 kortej y\u00fcr\u00fcy\u00fc\u015f\u00fc, bando e\u015fli\u011finde K\u00fc\u00e7\u00fckpark Meydan\u0131\u2019na kadar s\u00fcrd\u00fc. Y\u00f6resel kost\u00fcmleri ile dikkat \u00e7eken ekipler, burada minik g\u00f6steriler sunarak meydan\u0131 dolduran vatanda\u015flar\u0131 dansa davet etti. Hem g\u00f6rsel hem k\u00fclt\u00fcrel bir \u015f\u00f6len sunan kortej, halk\u0131n b\u00fcy\u00fck be\u011fenisini kazand\u0131. Ayfer Feray\u2019da k\u00fclt\u00fcr \u015f\u00f6leni Kortejin ard\u0131ndan ekipler Suvari Caddesi \u00fczerinden y\u00fcr\u00fcyerek Ayfer Feray A\u00e7\u0131khava Tiyatrosu\u2019na ula\u015ft\u0131. Etraftaki evlerden ve mekanlardan vatanda\u015flar da alk\u0131\u015flarla ve m\u00fczikle bu co\u015fkuya ortak oldu. A\u00e7\u0131khava tiyatrosunda Anadolu\u2019nun d\u00f6rt bir yan\u0131na ait halk oyunlar\u0131 sahnelendi. T\u00fcm koltuklar dolarken izleyiciler, dans\u00e7\u0131lar\u0131n enerjisine alk\u0131\u015flar\u0131yla e\u015flik etti. Festival alan\u0131 gece boyunca davul zurna sesleriyle yank\u0131land\u0131. Festivalin \u00fc\u00e7\u00fcnc\u00fc g\u00fcn\u00fc olan Cumartesi ak\u015fam\u0131, halk danslar\u0131 g\u00f6sterileri bu kez \u00c7amdibi Atat\u00fcrk Park\u0131\u2019na ta\u015f\u0131nacak. Pazar g\u00fcn\u00fc ise A\u015f\u0131k Veysel Rekreasyon Alan\u0131 A\u00e7\u0131khava Tiyatrosu\u2019nda d\u00fczenlenecek g\u00f6rkemli gala gecesiyle festival final yapacak. Gala gecesinde, konuk ekip olarak sahne alacak Mersin B\u00fcy\u00fck\u015fehir Belediyesi Halk Danslar\u0131 Toplulu\u011fu da izleyicilerle bulu\u015facak. D\u00fcnyan\u0131n ritimleri Bornova\u2019da bulu\u015ftu Bornova halk\u0131n\u0131n yo\u011fun ilgi g\u00f6sterdi\u011fi festival, uluslararas\u0131 kat\u0131l\u0131mc\u0131lar\u0131yla dikkat \u00e7ekiyor. G\u00fcrcistan, &hellip;<\/p>","protected":false},"author":1,"featured_media":0,"comment_status":"","ping_status":"open","sticky":false,"template":"","format":"standard","meta":{"_acf_changed":false,"footnotes":""},"categories":[24],"tags":[],"class_list":["post-103339","post","type-post","status-publish","format-standard","has-post-thumbnail","hentry","category-gundem"],"acf":[],"yoast_head":"<!-- This site is optimized with the Yoast SEO Premium plugin v26.6 (Yoast SEO v27.1.1) - https:\/\/yoast.com\/product\/yoast-seo-premium-wordpress\/ -->\n<title>Halk Danslar\u0131 Festivali sokaklara ta\u015ft\u0131 - Av. Deniz Can K\u0131z\u0131l<\/title>\n<meta name=\"robots\" content=\"index, follow, max-snippet:-1, max-image-preview:large, max-video-preview:-1\" \/>\n<link rel=\"canonical\" href=\"https:\/\/denizcankizil.tr\/de\/haberler\/gundem\/halk-danslari-festivali-sokaklara-tasti\/\" \/>\n<meta property=\"og:locale\" content=\"de_DE\" \/>\n<meta property=\"og:type\" content=\"article\" \/>\n<meta property=\"og:title\" content=\"Halk Danslar\u0131 Festivali sokaklara ta\u015ft\u0131\" \/>\n<meta property=\"og:description\" content=\"Bornova Belediyesi\u2019nin bu y\u0131l \u201cHalay\u201d temas\u0131yla d\u00fczenledi\u011fi 4. Halk Danslar\u0131 Festivali b\u00fcy\u00fck bir co\u015fkuyla devam ediyor. 29 May\u0131s \u2013 1 Haziran tarihleri aras\u0131nda ger\u00e7ekle\u015fen festivalin ikinci g\u00fcn\u00fcnde kortej ge\u00e7i\u015fi, Bornova sokaklar\u0131n\u0131 renkli g\u00f6r\u00fcnt\u00fclere sahne oldu.\u0130ZM\u0130R (\u0130GFA) &#8211; B\u00fcy\u00fckpark\u2019tan ba\u015flayan ve derneklerin k\u00fclt\u00fcrel tan\u0131t\u0131m stantlar\u0131n\u0131n yer ald\u0131\u011f\u0131 kortej y\u00fcr\u00fcy\u00fc\u015f\u00fc, bando e\u015fli\u011finde K\u00fc\u00e7\u00fckpark Meydan\u0131\u2019na kadar s\u00fcrd\u00fc. Y\u00f6resel kost\u00fcmleri ile dikkat \u00e7eken ekipler, burada minik g\u00f6steriler sunarak meydan\u0131 dolduran vatanda\u015flar\u0131 dansa davet etti. Hem g\u00f6rsel hem k\u00fclt\u00fcrel bir \u015f\u00f6len sunan kortej, halk\u0131n b\u00fcy\u00fck be\u011fenisini kazand\u0131. Ayfer Feray\u2019da k\u00fclt\u00fcr \u015f\u00f6leni Kortejin ard\u0131ndan ekipler Suvari Caddesi \u00fczerinden y\u00fcr\u00fcyerek Ayfer Feray A\u00e7\u0131khava Tiyatrosu\u2019na ula\u015ft\u0131. Etraftaki evlerden ve mekanlardan vatanda\u015flar da alk\u0131\u015flarla ve m\u00fczikle bu co\u015fkuya ortak oldu. A\u00e7\u0131khava tiyatrosunda Anadolu\u2019nun d\u00f6rt bir yan\u0131na ait halk oyunlar\u0131 sahnelendi. T\u00fcm koltuklar dolarken izleyiciler, dans\u00e7\u0131lar\u0131n enerjisine alk\u0131\u015flar\u0131yla e\u015flik etti. Festival alan\u0131 gece boyunca davul zurna sesleriyle yank\u0131land\u0131. Festivalin \u00fc\u00e7\u00fcnc\u00fc g\u00fcn\u00fc olan Cumartesi ak\u015fam\u0131, halk danslar\u0131 g\u00f6sterileri bu kez \u00c7amdibi Atat\u00fcrk Park\u0131\u2019na ta\u015f\u0131nacak. Pazar g\u00fcn\u00fc ise A\u015f\u0131k Veysel Rekreasyon Alan\u0131 A\u00e7\u0131khava Tiyatrosu\u2019nda d\u00fczenlenecek g\u00f6rkemli gala gecesiyle festival final yapacak. Gala gecesinde, konuk ekip olarak sahne alacak Mersin B\u00fcy\u00fck\u015fehir Belediyesi Halk Danslar\u0131 Toplulu\u011fu da izleyicilerle bulu\u015facak. D\u00fcnyan\u0131n ritimleri Bornova\u2019da bulu\u015ftu Bornova halk\u0131n\u0131n yo\u011fun ilgi g\u00f6sterdi\u011fi festival, uluslararas\u0131 kat\u0131l\u0131mc\u0131lar\u0131yla dikkat \u00e7ekiyor. G\u00fcrcistan, &hellip;\" \/>\n<meta property=\"og:url\" content=\"https:\/\/denizcankizil.tr\/de\/haberler\/gundem\/halk-danslari-festivali-sokaklara-tasti\/\" \/>\n<meta property=\"og:site_name\" content=\"Av. Deniz Can K\u0131z\u0131l\" \/>\n<meta property=\"article:published_time\" content=\"2025-06-01T04:41:54+00:00\" \/>\n<meta name=\"author\" content=\"admin\" \/>\n<meta name=\"twitter:card\" content=\"summary_large_image\" \/>\n<meta name=\"twitter:label1\" content=\"Verfasst von\" \/>\n\t<meta name=\"twitter:data1\" content=\"admin\" \/>\n\t<meta name=\"twitter:label2\" content=\"Gesch\u00e4tzte Lesezeit\" \/>\n\t<meta name=\"twitter:data2\" content=\"4\u00a0Minuten\" \/>\n<script type=\"application\/ld+json\" class=\"yoast-schema-graph\">{\"@context\":\"https:\/\/schema.org\",\"@graph\":[{\"@type\":\"Article\",\"@id\":\"https:\/\/denizcankizil.tr\/de\/haberler\/gundem\/halk-danslari-festivali-sokaklara-tasti\/#article\",\"isPartOf\":{\"@id\":\"https:\/\/denizcankizil.tr\/de\/haberler\/gundem\/halk-danslari-festivali-sokaklara-tasti\/\"},\"author\":{\"name\":\"admin\",\"@id\":\"https:\/\/denizcankizil.tr\/#\/schema\/person\/be3c05fe6a12686905512445d8185489\"},\"headline\":\"Halk Danslar\u0131 Festivali sokaklara ta\u015ft\u0131\",\"datePublished\":\"2025-06-01T04:41:54+00:00\",\"mainEntityOfPage\":{\"@id\":\"https:\/\/denizcankizil.tr\/de\/haberler\/gundem\/halk-danslari-festivali-sokaklara-tasti\/\"},\"wordCount\":708,\"publisher\":{\"@id\":\"https:\/\/denizcankizil.tr\/#organization\"},\"articleSection\":[\"G\u00fcndem\"],\"inLanguage\":\"de\"},{\"@type\":\"WebPage\",\"@id\":\"https:\/\/denizcankizil.tr\/de\/haberler\/gundem\/halk-danslari-festivali-sokaklara-tasti\/\",\"url\":\"https:\/\/denizcankizil.tr\/de\/haberler\/gundem\/halk-danslari-festivali-sokaklara-tasti\/\",\"name\":\"Halk Danslar\u0131 Festivali sokaklara ta\u015ft\u0131 - Av. Deniz Can K\u0131z\u0131l\",\"isPartOf\":{\"@id\":\"https:\/\/denizcankizil.tr\/#website\"},\"datePublished\":\"2025-06-01T04:41:54+00:00\",\"breadcrumb\":{\"@id\":\"https:\/\/denizcankizil.tr\/de\/haberler\/gundem\/halk-danslari-festivali-sokaklara-tasti\/#breadcrumb\"},\"inLanguage\":\"de\",\"potentialAction\":[{\"@type\":\"ReadAction\",\"target\":[\"https:\/\/denizcankizil.tr\/de\/haberler\/gundem\/halk-danslari-festivali-sokaklara-tasti\/\"]}]},{\"@type\":\"BreadcrumbList\",\"@id\":\"https:\/\/denizcankizil.tr\/de\/haberler\/gundem\/halk-danslari-festivali-sokaklara-tasti\/#breadcrumb\",\"itemListElement\":[{\"@type\":\"ListItem\",\"position\":1,\"name\":\"Home\",\"item\":\"https:\/\/denizcankizil.tr\/uk\/\"},{\"@type\":\"ListItem\",\"position\":2,\"name\":\"Halk Danslar\u0131 Festivali sokaklara ta\u015ft\u0131\"}]},{\"@type\":\"WebSite\",\"@id\":\"https:\/\/denizcankizil.tr\/#website\",\"url\":\"https:\/\/denizcankizil.tr\/\",\"name\":\"Av. Deniz Can K\u0131z\u0131l\",\"description\":\"Avukat Deniz Can K\u0131z\u0131l Antalya Barosu\",\"publisher\":{\"@id\":\"https:\/\/denizcankizil.tr\/#organization\"},\"potentialAction\":[{\"@type\":\"SearchAction\",\"target\":{\"@type\":\"EntryPoint\",\"urlTemplate\":\"https:\/\/denizcankizil.tr\/?s={search_term_string}\"},\"query-input\":{\"@type\":\"PropertyValueSpecification\",\"valueRequired\":true,\"valueName\":\"search_term_string\"}}],\"inLanguage\":\"de\"},{\"@type\":\"Organization\",\"@id\":\"https:\/\/denizcankizil.tr\/#organization\",\"name\":\"Av. Deniz Can K\u0131z\u0131l\",\"url\":\"https:\/\/denizcankizil.tr\/\",\"logo\":{\"@type\":\"ImageObject\",\"inLanguage\":\"de\",\"@id\":\"https:\/\/denizcankizil.tr\/#\/schema\/logo\/image\/\",\"url\":\"https:\/\/denizcankizil.tr\/wp-content\/uploads\/2024\/10\/siyah-logo-svg.svg\",\"contentUrl\":\"https:\/\/denizcankizil.tr\/wp-content\/uploads\/2024\/10\/siyah-logo-svg.svg\",\"width\":1080,\"height\":1080,\"caption\":\"Av. Deniz Can K\u0131z\u0131l\"},\"image\":{\"@id\":\"https:\/\/denizcankizil.tr\/#\/schema\/logo\/image\/\"}},{\"@type\":\"Person\",\"@id\":\"https:\/\/denizcankizil.tr\/#\/schema\/person\/be3c05fe6a12686905512445d8185489\",\"name\":\"admin\",\"image\":{\"@type\":\"ImageObject\",\"inLanguage\":\"de\",\"@id\":\"https:\/\/denizcankizil.tr\/#\/schema\/person\/image\/\",\"url\":\"https:\/\/secure.gravatar.com\/avatar\/c1fce94c830dc79107e174f890d7210541c4a63e8e5d816341794a2151c9d58c?s=96&d=mm&r=g\",\"contentUrl\":\"https:\/\/secure.gravatar.com\/avatar\/c1fce94c830dc79107e174f890d7210541c4a63e8e5d816341794a2151c9d58c?s=96&d=mm&r=g\",\"caption\":\"admin\"},\"sameAs\":[\"http:\/\/denizcankizil.tr\"],\"url\":\"https:\/\/www.iskenderun.org\/halk-danslari-festivali-sokaklara-tasti\"}]}<\/script>\n<!-- \/ Yoast SEO Premium plugin. -->","yoast_head_json":{"title":"Halk Danslar\u0131 Festivali sokaklara ta\u015ft\u0131 - Av. Deniz Can K\u0131z\u0131l","robots":{"index":"index","follow":"follow","max-snippet":"max-snippet:-1","max-image-preview":"max-image-preview:large","max-video-preview":"max-video-preview:-1"},"canonical":"https:\/\/denizcankizil.tr\/de\/haberler\/gundem\/halk-danslari-festivali-sokaklara-tasti\/","og_locale":"de_DE","og_type":"article","og_title":"Halk Danslar\u0131 Festivali sokaklara ta\u015ft\u0131","og_description":"Bornova Belediyesi\u2019nin bu y\u0131l \u201cHalay\u201d temas\u0131yla d\u00fczenledi\u011fi 4. Halk Danslar\u0131 Festivali b\u00fcy\u00fck bir co\u015fkuyla devam ediyor. 29 May\u0131s \u2013 1 Haziran tarihleri aras\u0131nda ger\u00e7ekle\u015fen festivalin ikinci g\u00fcn\u00fcnde kortej ge\u00e7i\u015fi, Bornova sokaklar\u0131n\u0131 renkli g\u00f6r\u00fcnt\u00fclere sahne oldu.\u0130ZM\u0130R (\u0130GFA) &#8211; B\u00fcy\u00fckpark\u2019tan ba\u015flayan ve derneklerin k\u00fclt\u00fcrel tan\u0131t\u0131m stantlar\u0131n\u0131n yer ald\u0131\u011f\u0131 kortej y\u00fcr\u00fcy\u00fc\u015f\u00fc, bando e\u015fli\u011finde K\u00fc\u00e7\u00fckpark Meydan\u0131\u2019na kadar s\u00fcrd\u00fc. Y\u00f6resel kost\u00fcmleri ile dikkat \u00e7eken ekipler, burada minik g\u00f6steriler sunarak meydan\u0131 dolduran vatanda\u015flar\u0131 dansa davet etti. Hem g\u00f6rsel hem k\u00fclt\u00fcrel bir \u015f\u00f6len sunan kortej, halk\u0131n b\u00fcy\u00fck be\u011fenisini kazand\u0131. Ayfer Feray\u2019da k\u00fclt\u00fcr \u015f\u00f6leni Kortejin ard\u0131ndan ekipler Suvari Caddesi \u00fczerinden y\u00fcr\u00fcyerek Ayfer Feray A\u00e7\u0131khava Tiyatrosu\u2019na ula\u015ft\u0131. Etraftaki evlerden ve mekanlardan vatanda\u015flar da alk\u0131\u015flarla ve m\u00fczikle bu co\u015fkuya ortak oldu. A\u00e7\u0131khava tiyatrosunda Anadolu\u2019nun d\u00f6rt bir yan\u0131na ait halk oyunlar\u0131 sahnelendi. T\u00fcm koltuklar dolarken izleyiciler, dans\u00e7\u0131lar\u0131n enerjisine alk\u0131\u015flar\u0131yla e\u015flik etti. Festival alan\u0131 gece boyunca davul zurna sesleriyle yank\u0131land\u0131. Festivalin \u00fc\u00e7\u00fcnc\u00fc g\u00fcn\u00fc olan Cumartesi ak\u015fam\u0131, halk danslar\u0131 g\u00f6sterileri bu kez \u00c7amdibi Atat\u00fcrk Park\u0131\u2019na ta\u015f\u0131nacak. Pazar g\u00fcn\u00fc ise A\u015f\u0131k Veysel Rekreasyon Alan\u0131 A\u00e7\u0131khava Tiyatrosu\u2019nda d\u00fczenlenecek g\u00f6rkemli gala gecesiyle festival final yapacak. Gala gecesinde, konuk ekip olarak sahne alacak Mersin B\u00fcy\u00fck\u015fehir Belediyesi Halk Danslar\u0131 Toplulu\u011fu da izleyicilerle bulu\u015facak. D\u00fcnyan\u0131n ritimleri Bornova\u2019da bulu\u015ftu Bornova halk\u0131n\u0131n yo\u011fun ilgi g\u00f6sterdi\u011fi festival, uluslararas\u0131 kat\u0131l\u0131mc\u0131lar\u0131yla dikkat \u00e7ekiyor. G\u00fcrcistan, &hellip;","og_url":"https:\/\/denizcankizil.tr\/de\/haberler\/gundem\/halk-danslari-festivali-sokaklara-tasti\/","og_site_name":"Av. Deniz Can K\u0131z\u0131l","article_published_time":"2025-06-01T04:41:54+00:00","author":"admin","twitter_card":"summary_large_image","twitter_misc":{"Verfasst von":"admin","Gesch\u00e4tzte Lesezeit":"4\u00a0Minuten"},"schema":{"@context":"https:\/\/schema.org","@graph":[{"@type":"Article","@id":"https:\/\/denizcankizil.tr\/de\/haberler\/gundem\/halk-danslari-festivali-sokaklara-tasti\/#article","isPartOf":{"@id":"https:\/\/denizcankizil.tr\/de\/haberler\/gundem\/halk-danslari-festivali-sokaklara-tasti\/"},"author":{"name":"admin","@id":"https:\/\/denizcankizil.tr\/#\/schema\/person\/be3c05fe6a12686905512445d8185489"},"headline":"Halk Danslar\u0131 Festivali sokaklara ta\u015ft\u0131","datePublished":"2025-06-01T04:41:54+00:00","mainEntityOfPage":{"@id":"https:\/\/denizcankizil.tr\/de\/haberler\/gundem\/halk-danslari-festivali-sokaklara-tasti\/"},"wordCount":708,"publisher":{"@id":"https:\/\/denizcankizil.tr\/#organization"},"articleSection":["G\u00fcndem"],"inLanguage":"de"},{"@type":"WebPage","@id":"https:\/\/denizcankizil.tr\/de\/haberler\/gundem\/halk-danslari-festivali-sokaklara-tasti\/","url":"https:\/\/denizcankizil.tr\/de\/haberler\/gundem\/halk-danslari-festivali-sokaklara-tasti\/","name":"Halk Danslar\u0131 Festivali sokaklara ta\u015ft\u0131 - Av. Deniz Can K\u0131z\u0131l","isPartOf":{"@id":"https:\/\/denizcankizil.tr\/#website"},"datePublished":"2025-06-01T04:41:54+00:00","breadcrumb":{"@id":"https:\/\/denizcankizil.tr\/de\/haberler\/gundem\/halk-danslari-festivali-sokaklara-tasti\/#breadcrumb"},"inLanguage":"de","potentialAction":[{"@type":"ReadAction","target":["https:\/\/denizcankizil.tr\/de\/haberler\/gundem\/halk-danslari-festivali-sokaklara-tasti\/"]}]},{"@type":"BreadcrumbList","@id":"https:\/\/denizcankizil.tr\/de\/haberler\/gundem\/halk-danslari-festivali-sokaklara-tasti\/#breadcrumb","itemListElement":[{"@type":"ListItem","position":1,"name":"Home","item":"https:\/\/denizcankizil.tr\/uk\/"},{"@type":"ListItem","position":2,"name":"Halk Danslar\u0131 Festivali sokaklara ta\u015ft\u0131"}]},{"@type":"WebSite","@id":"https:\/\/denizcankizil.tr\/#website","url":"https:\/\/denizcankizil.tr\/","name":"Av. Deniz Can K\u0131z\u0131l","description":"Avukat Deniz Can K\u0131z\u0131l Antalya Barosu","publisher":{"@id":"https:\/\/denizcankizil.tr\/#organization"},"potentialAction":[{"@type":"SearchAction","target":{"@type":"EntryPoint","urlTemplate":"https:\/\/denizcankizil.tr\/?s={search_term_string}"},"query-input":{"@type":"PropertyValueSpecification","valueRequired":true,"valueName":"search_term_string"}}],"inLanguage":"de"},{"@type":"Organization","@id":"https:\/\/denizcankizil.tr\/#organization","name":"Av. Deniz Can K\u0131z\u0131l","url":"https:\/\/denizcankizil.tr\/","logo":{"@type":"ImageObject","inLanguage":"de","@id":"https:\/\/denizcankizil.tr\/#\/schema\/logo\/image\/","url":"https:\/\/denizcankizil.tr\/wp-content\/uploads\/2024\/10\/siyah-logo-svg.svg","contentUrl":"https:\/\/denizcankizil.tr\/wp-content\/uploads\/2024\/10\/siyah-logo-svg.svg","width":1080,"height":1080,"caption":"Av. Deniz Can K\u0131z\u0131l"},"image":{"@id":"https:\/\/denizcankizil.tr\/#\/schema\/logo\/image\/"}},{"@type":"Person","@id":"https:\/\/denizcankizil.tr\/#\/schema\/person\/be3c05fe6a12686905512445d8185489","name":"Administrator","image":{"@type":"ImageObject","inLanguage":"de","@id":"https:\/\/denizcankizil.tr\/#\/schema\/person\/image\/","url":"https:\/\/secure.gravatar.com\/avatar\/c1fce94c830dc79107e174f890d7210541c4a63e8e5d816341794a2151c9d58c?s=96&d=mm&r=g","contentUrl":"https:\/\/secure.gravatar.com\/avatar\/c1fce94c830dc79107e174f890d7210541c4a63e8e5d816341794a2151c9d58c?s=96&d=mm&r=g","caption":"admin"},"sameAs":["http:\/\/denizcankizil.tr"],"url":"https:\/\/www.iskenderun.org\/halk-danslari-festivali-sokaklara-tasti"}]}},"_links":{"self":[{"href":"https:\/\/denizcankizil.tr\/de\/wp-json\/wp\/v2\/posts\/103339","targetHints":{"allow":["GET"]}}],"collection":[{"href":"https:\/\/denizcankizil.tr\/de\/wp-json\/wp\/v2\/posts"}],"about":[{"href":"https:\/\/denizcankizil.tr\/de\/wp-json\/wp\/v2\/types\/post"}],"author":[{"embeddable":true,"href":"https:\/\/denizcankizil.tr\/de\/wp-json\/wp\/v2\/users\/1"}],"replies":[{"embeddable":true,"href":"https:\/\/denizcankizil.tr\/de\/wp-json\/wp\/v2\/comments?post=103339"}],"version-history":[{"count":0,"href":"https:\/\/denizcankizil.tr\/de\/wp-json\/wp\/v2\/posts\/103339\/revisions"}],"wp:attachment":[{"href":"https:\/\/denizcankizil.tr\/de\/wp-json\/wp\/v2\/media?parent=103339"}],"wp:term":[{"taxonomy":"category","embeddable":true,"href":"https:\/\/denizcankizil.tr\/de\/wp-json\/wp\/v2\/categories?post=103339"},{"taxonomy":"post_tag","embeddable":true,"href":"https:\/\/denizcankizil.tr\/de\/wp-json\/wp\/v2\/tags?post=103339"}],"curies":[{"name":"wp","href":"https:\/\/api.w.org\/{rel}","templated":true}]}}