{"id":103050,"date":"2025-05-31T22:41:20","date_gmt":"2025-05-31T19:41:20","guid":{"rendered":"https:\/\/denizcankizil.tr\/uncategorized-tr\/adalet-komisyonunda-gergin-anlar-kanun-teklifi-tartismalari-kizisti\/"},"modified":"2025-05-31T22:41:20","modified_gmt":"2025-05-31T19:41:20","slug":"adalet-komisyonunda-gergin-anlar-kanun-teklifi-tartismalari-kizisti","status":"publish","type":"post","link":"https:\/\/denizcankizil.tr\/de\/haberler\/gundem\/adalet-komisyonunda-gergin-anlar-kanun-teklifi-tartismalari-kizisti\/","title":{"rendered":"Adalet Komisyonu&#8217;nda gergin anlar: Kanun Teklifi tart\u0131\u015fmalar\u0131 k\u0131z\u0131\u015ft\u0131"},"content":{"rendered":"<p>T\u00fcrkiye B\u00fcy\u00fck Millet Meclisi (TBMM) Adalet Komisyonu, Ceza ve G\u00fcvenlik Tedbirlerinin \u0130nfaz\u0131 Hakk\u0131nda Kanun ile Baz\u0131 Kanunlarda De\u011fi\u015fiklik Yap\u0131lmas\u0131na Dair Kanun Teklifi&#8217;ni ele almak \u00fczere bir araya geldi. G\u00f6r\u00fc\u015fmeler s\u0131ras\u0131nda ortam bir hayli \u0131s\u0131nd\u0131.<\/p>\n<p>C\u0130DD\u0130 ELE\u015eT\u0130R\u0130LER D\u0130LE GET\u0130R\u0130LD\u0130<\/p>\n<p>CHP Grup Ba\u015fkanvekili Murat Emir, kanun teklifinin i\u00e7eri\u011findeki baz\u0131 maddelere ili\u015fkin ciddi ele\u015ftirilerini dile getirdi. Emir, \u00f6zellikle gaz fi\u015fe\u011fi kullanman\u0131n ve birini gaz fi\u015fe\u011fiyle yaralaman\u0131n ayn\u0131 ceza kapsam\u0131nda de\u011ferlendirilmesini ele\u015ftirdi.<\/p>\n<p>&#8220;MU\u011eLAK B\u0130R \u0130FADE&#8230;&#8221;<\/p>\n<p>&#8220;Bir ba\u015fka maddede yer alan &#8216;ki\u015filerin toplu olarak bulunduklar\u0131 yer&#8217; ifadesi de olduk\u00e7a mu\u011flak bir ifade&#8221; diyen Emir, bu belirsizli\u011fin olas\u0131 sonu\u00e7lar\u0131na dikkat \u00e7ekti. Emir, &#8220;B\u00f6yle oldu\u011fu zaman orada bulunanlar da m\u0131 cezaland\u0131r\u0131lacak? Yoksa sadece o ki\u015fi mi cezaland\u0131r\u0131lacak o bile belli de\u011fil&#8221; s\u00f6zleriyle maddenin netlikten uzak oldu\u011funu vurgulad\u0131.<\/p>\n<p>MECL\u0130S SIRALARINDA Y\u00dcKSEK TANS\u0130YON<\/p>\n<p>Emir&#8217;in ele\u015ftirilerine AK Parti \u0130stanbul Milletvekili \u015eeng\u00fcl Karsl\u0131&#8217;dan sert bir yan\u0131t geldi. Karsl\u0131, &#8220;Neden \u00fcst\u00fcn\u00fcze al\u0131n\u0131yorsunuz? T\u00fcrkiye Sara\u00e7hane&#8217;den ibaret de\u011fil&#8221; ifadelerini kullanarak, CHP&#8217;li vekilin s\u00f6zlerine kar\u015f\u0131l\u0131k verdi. Bu kar\u015f\u0131l\u0131kl\u0131 at\u0131\u015fmalar, komisyondaki tansiyonu daha da art\u0131rd\u0131.<\/p>\n<p>Kanun teklifinin maddeleri \u00fczerindeki g\u00f6r\u00fc\u015fmeler devam ederken, komisyonda ya\u015fanan bu gergin atmosfer, teklifin ilerleyen s\u00fcre\u00e7lerdeki seyrine dair \u00f6nemli sinyaller verdi.<\/p>\n<p>\u200bTBMM Adalet Komisyonu, bug\u00fcn &#8220;Ceza ve G\u00fcvenlik Tedbirlerinin \u0130nfaz\u0131 Hakk\u0131nda Kanun ile Baz\u0131 Kanunlarda De\u011fi\u015fiklik Yap\u0131lmas\u0131na Dair Kanun Teklifi&#8221;ni g\u00f6r\u00fc\u015fmek \u00fczere topland\u0131. Toplant\u0131, milletvekilleri aras\u0131nda ya\u015fanan gergin anlara sahne oldu.\u00a0<\/p>\n<p>\u200bHaberin Al\u0131nt\u0131land\u0131\u011f\u0131 Kaynak: www.antalyakorfez.com<\/p>","protected":false},"excerpt":{"rendered":"<p>T\u00fcrkiye B\u00fcy\u00fck Millet Meclisi (TBMM) Adalet Komisyonu, Ceza ve G\u00fcvenlik Tedbirlerinin \u0130nfaz\u0131 Hakk\u0131nda Kanun ile Baz\u0131 Kanunlarda De\u011fi\u015fiklik Yap\u0131lmas\u0131na Dair Kanun Teklifi&#8217;ni ele almak \u00fczere bir araya geldi. G\u00f6r\u00fc\u015fmeler s\u0131ras\u0131nda ortam bir hayli \u0131s\u0131nd\u0131. C\u0130DD\u0130 ELE\u015eT\u0130R\u0130LER D\u0130LE GET\u0130R\u0130LD\u0130 CHP Grup Ba\u015fkanvekili Murat Emir, kanun teklifinin i\u00e7eri\u011findeki baz\u0131 maddelere ili\u015fkin ciddi ele\u015ftirilerini dile getirdi. Emir, \u00f6zellikle gaz fi\u015fe\u011fi kullanman\u0131n ve birini gaz fi\u015fe\u011fiyle yaralaman\u0131n ayn\u0131 ceza kapsam\u0131nda de\u011ferlendirilmesini ele\u015ftirdi. &#8220;MU\u011eLAK B\u0130R \u0130FADE&#8230;&#8221; &#8220;Bir ba\u015fka maddede yer alan &#8216;ki\u015filerin toplu olarak bulunduklar\u0131 yer&#8217; ifadesi de olduk\u00e7a mu\u011flak bir ifade&#8221; diyen Emir, bu belirsizli\u011fin olas\u0131 sonu\u00e7lar\u0131na dikkat \u00e7ekti. Emir, &#8220;B\u00f6yle oldu\u011fu zaman orada bulunanlar da m\u0131 cezaland\u0131r\u0131lacak? Yoksa sadece o ki\u015fi mi cezaland\u0131r\u0131lacak o bile belli de\u011fil&#8221; s\u00f6zleriyle maddenin netlikten uzak oldu\u011funu vurgulad\u0131. MECL\u0130S SIRALARINDA Y\u00dcKSEK TANS\u0130YON Emir&#8217;in ele\u015ftirilerine AK Parti \u0130stanbul Milletvekili \u015eeng\u00fcl Karsl\u0131&#8217;dan sert bir yan\u0131t geldi. Karsl\u0131, &#8220;Neden \u00fcst\u00fcn\u00fcze al\u0131n\u0131yorsunuz? T\u00fcrkiye Sara\u00e7hane&#8217;den ibaret de\u011fil&#8221; ifadelerini kullanarak, CHP&#8217;li vekilin s\u00f6zlerine kar\u015f\u0131l\u0131k verdi. Bu kar\u015f\u0131l\u0131kl\u0131 at\u0131\u015fmalar, komisyondaki tansiyonu daha da art\u0131rd\u0131. Kanun teklifinin maddeleri \u00fczerindeki g\u00f6r\u00fc\u015fmeler devam ederken, komisyonda ya\u015fanan bu gergin atmosfer, teklifin ilerleyen s\u00fcre\u00e7lerdeki seyrine dair \u00f6nemli sinyaller verdi. \u200bTBMM Adalet Komisyonu, bug\u00fcn &#8220;Ceza ve G\u00fcvenlik Tedbirlerinin \u0130nfaz\u0131 Hakk\u0131nda Kanun ile Baz\u0131 Kanunlarda De\u011fi\u015fiklik Yap\u0131lmas\u0131na Dair Kanun Teklifi&#8221;ni g\u00f6r\u00fc\u015fmek \u00fczere &hellip;<\/p>","protected":false},"author":5,"featured_media":0,"comment_status":"","ping_status":"open","sticky":false,"template":"","format":"standard","meta":{"_acf_changed":false,"footnotes":""},"categories":[24],"tags":[],"class_list":["post-103050","post","type-post","status-publish","format-standard","has-post-thumbnail","hentry","category-gundem"],"acf":[],"yoast_head":"<!-- This site is optimized with the Yoast SEO Premium plugin v26.6 (Yoast SEO v27.1.1) - https:\/\/yoast.com\/product\/yoast-seo-premium-wordpress\/ -->\n<title>Adalet Komisyonu&#039;nda gergin anlar: Kanun Teklifi tart\u0131\u015fmalar\u0131 k\u0131z\u0131\u015ft\u0131 - Av. Deniz Can K\u0131z\u0131l<\/title>\n<meta name=\"robots\" content=\"index, follow, max-snippet:-1, max-image-preview:large, max-video-preview:-1\" \/>\n<link rel=\"canonical\" href=\"https:\/\/denizcankizil.tr\/de\/haberler\/gundem\/adalet-komisyonunda-gergin-anlar-kanun-teklifi-tartismalari-kizisti\/\" \/>\n<meta property=\"og:locale\" content=\"de_DE\" \/>\n<meta property=\"og:type\" content=\"article\" \/>\n<meta property=\"og:title\" content=\"Adalet Komisyonu&#039;nda gergin anlar: Kanun Teklifi tart\u0131\u015fmalar\u0131 k\u0131z\u0131\u015ft\u0131\" \/>\n<meta property=\"og:description\" content=\"T\u00fcrkiye B\u00fcy\u00fck Millet Meclisi (TBMM) Adalet Komisyonu, Ceza ve G\u00fcvenlik Tedbirlerinin \u0130nfaz\u0131 Hakk\u0131nda Kanun ile Baz\u0131 Kanunlarda De\u011fi\u015fiklik Yap\u0131lmas\u0131na Dair Kanun Teklifi&#8217;ni ele almak \u00fczere bir araya geldi. G\u00f6r\u00fc\u015fmeler s\u0131ras\u0131nda ortam bir hayli \u0131s\u0131nd\u0131. C\u0130DD\u0130 ELE\u015eT\u0130R\u0130LER D\u0130LE GET\u0130R\u0130LD\u0130 CHP Grup Ba\u015fkanvekili Murat Emir, kanun teklifinin i\u00e7eri\u011findeki baz\u0131 maddelere ili\u015fkin ciddi ele\u015ftirilerini dile getirdi. Emir, \u00f6zellikle gaz fi\u015fe\u011fi kullanman\u0131n ve birini gaz fi\u015fe\u011fiyle yaralaman\u0131n ayn\u0131 ceza kapsam\u0131nda de\u011ferlendirilmesini ele\u015ftirdi. &#8220;MU\u011eLAK B\u0130R \u0130FADE&#8230;&#8221; &#8220;Bir ba\u015fka maddede yer alan &#8216;ki\u015filerin toplu olarak bulunduklar\u0131 yer&#8217; ifadesi de olduk\u00e7a mu\u011flak bir ifade&#8221; diyen Emir, bu belirsizli\u011fin olas\u0131 sonu\u00e7lar\u0131na dikkat \u00e7ekti. Emir, &#8220;B\u00f6yle oldu\u011fu zaman orada bulunanlar da m\u0131 cezaland\u0131r\u0131lacak? Yoksa sadece o ki\u015fi mi cezaland\u0131r\u0131lacak o bile belli de\u011fil&#8221; s\u00f6zleriyle maddenin netlikten uzak oldu\u011funu vurgulad\u0131. MECL\u0130S SIRALARINDA Y\u00dcKSEK TANS\u0130YON Emir&#8217;in ele\u015ftirilerine AK Parti \u0130stanbul Milletvekili \u015eeng\u00fcl Karsl\u0131&#8217;dan sert bir yan\u0131t geldi. Karsl\u0131, &#8220;Neden \u00fcst\u00fcn\u00fcze al\u0131n\u0131yorsunuz? T\u00fcrkiye Sara\u00e7hane&#8217;den ibaret de\u011fil&#8221; ifadelerini kullanarak, CHP&#8217;li vekilin s\u00f6zlerine kar\u015f\u0131l\u0131k verdi. Bu kar\u015f\u0131l\u0131kl\u0131 at\u0131\u015fmalar, komisyondaki tansiyonu daha da art\u0131rd\u0131. Kanun teklifinin maddeleri \u00fczerindeki g\u00f6r\u00fc\u015fmeler devam ederken, komisyonda ya\u015fanan bu gergin atmosfer, teklifin ilerleyen s\u00fcre\u00e7lerdeki seyrine dair \u00f6nemli sinyaller verdi. \u200bTBMM Adalet Komisyonu, bug\u00fcn &#8220;Ceza ve G\u00fcvenlik Tedbirlerinin \u0130nfaz\u0131 Hakk\u0131nda Kanun ile Baz\u0131 Kanunlarda De\u011fi\u015fiklik Yap\u0131lmas\u0131na Dair Kanun Teklifi&#8221;ni g\u00f6r\u00fc\u015fmek \u00fczere &hellip;\" \/>\n<meta property=\"og:url\" content=\"https:\/\/denizcankizil.tr\/de\/haberler\/gundem\/adalet-komisyonunda-gergin-anlar-kanun-teklifi-tartismalari-kizisti\/\" \/>\n<meta property=\"og:site_name\" content=\"Av. Deniz Can K\u0131z\u0131l\" \/>\n<meta property=\"article:published_time\" content=\"2025-05-31T19:41:20+00:00\" \/>\n<meta name=\"author\" content=\"Antalya K\u00f6rfez\" \/>\n<meta name=\"twitter:card\" content=\"summary_large_image\" \/>\n<meta name=\"twitter:label1\" content=\"Verfasst von\" \/>\n\t<meta name=\"twitter:data1\" content=\"Antalya K\u00f6rfez\" \/>\n\t<meta name=\"twitter:label2\" content=\"Gesch\u00e4tzte Lesezeit\" \/>\n\t<meta name=\"twitter:data2\" content=\"2\u00a0Minuten\" \/>\n<script type=\"application\/ld+json\" class=\"yoast-schema-graph\">{\"@context\":\"https:\/\/schema.org\",\"@graph\":[{\"@type\":\"Article\",\"@id\":\"https:\/\/denizcankizil.tr\/de\/haberler\/gundem\/adalet-komisyonunda-gergin-anlar-kanun-teklifi-tartismalari-kizisti\/#article\",\"isPartOf\":{\"@id\":\"https:\/\/denizcankizil.tr\/de\/haberler\/gundem\/adalet-komisyonunda-gergin-anlar-kanun-teklifi-tartismalari-kizisti\/\"},\"author\":{\"name\":\"Antalya K\u00f6rfez\",\"@id\":\"https:\/\/denizcankizil.tr\/#\/schema\/person\/e1eb71bb4dd684d46563f0af307e1234\"},\"headline\":\"Adalet Komisyonu&#8217;nda gergin anlar: Kanun Teklifi tart\u0131\u015fmalar\u0131 k\u0131z\u0131\u015ft\u0131\",\"datePublished\":\"2025-05-31T19:41:20+00:00\",\"mainEntityOfPage\":{\"@id\":\"https:\/\/denizcankizil.tr\/de\/haberler\/gundem\/adalet-komisyonunda-gergin-anlar-kanun-teklifi-tartismalari-kizisti\/\"},\"wordCount\":325,\"publisher\":{\"@id\":\"https:\/\/denizcankizil.tr\/#organization\"},\"articleSection\":[\"G\u00fcndem\"],\"inLanguage\":\"de\"},{\"@type\":\"WebPage\",\"@id\":\"https:\/\/denizcankizil.tr\/de\/haberler\/gundem\/adalet-komisyonunda-gergin-anlar-kanun-teklifi-tartismalari-kizisti\/\",\"url\":\"https:\/\/denizcankizil.tr\/de\/haberler\/gundem\/adalet-komisyonunda-gergin-anlar-kanun-teklifi-tartismalari-kizisti\/\",\"name\":\"Adalet Komisyonu'nda gergin anlar: Kanun Teklifi tart\u0131\u015fmalar\u0131 k\u0131z\u0131\u015ft\u0131 - Av. Deniz Can K\u0131z\u0131l\",\"isPartOf\":{\"@id\":\"https:\/\/denizcankizil.tr\/#website\"},\"datePublished\":\"2025-05-31T19:41:20+00:00\",\"breadcrumb\":{\"@id\":\"https:\/\/denizcankizil.tr\/de\/haberler\/gundem\/adalet-komisyonunda-gergin-anlar-kanun-teklifi-tartismalari-kizisti\/#breadcrumb\"},\"inLanguage\":\"de\",\"potentialAction\":[{\"@type\":\"ReadAction\",\"target\":[\"https:\/\/denizcankizil.tr\/de\/haberler\/gundem\/adalet-komisyonunda-gergin-anlar-kanun-teklifi-tartismalari-kizisti\/\"]}]},{\"@type\":\"BreadcrumbList\",\"@id\":\"https:\/\/denizcankizil.tr\/de\/haberler\/gundem\/adalet-komisyonunda-gergin-anlar-kanun-teklifi-tartismalari-kizisti\/#breadcrumb\",\"itemListElement\":[{\"@type\":\"ListItem\",\"position\":1,\"name\":\"Home\",\"item\":\"https:\/\/denizcankizil.tr\/uk\/\"},{\"@type\":\"ListItem\",\"position\":2,\"name\":\"Adalet Komisyonu&#8217;nda gergin anlar: Kanun Teklifi tart\u0131\u015fmalar\u0131 k\u0131z\u0131\u015ft\u0131\"}]},{\"@type\":\"WebSite\",\"@id\":\"https:\/\/denizcankizil.tr\/#website\",\"url\":\"https:\/\/denizcankizil.tr\/\",\"name\":\"Av. Deniz Can K\u0131z\u0131l\",\"description\":\"Avukat Deniz Can K\u0131z\u0131l Antalya Barosu\",\"publisher\":{\"@id\":\"https:\/\/denizcankizil.tr\/#organization\"},\"potentialAction\":[{\"@type\":\"SearchAction\",\"target\":{\"@type\":\"EntryPoint\",\"urlTemplate\":\"https:\/\/denizcankizil.tr\/?s={search_term_string}\"},\"query-input\":{\"@type\":\"PropertyValueSpecification\",\"valueRequired\":true,\"valueName\":\"search_term_string\"}}],\"inLanguage\":\"de\"},{\"@type\":\"Organization\",\"@id\":\"https:\/\/denizcankizil.tr\/#organization\",\"name\":\"Av. Deniz Can K\u0131z\u0131l\",\"url\":\"https:\/\/denizcankizil.tr\/\",\"logo\":{\"@type\":\"ImageObject\",\"inLanguage\":\"de\",\"@id\":\"https:\/\/denizcankizil.tr\/#\/schema\/logo\/image\/\",\"url\":\"https:\/\/denizcankizil.tr\/wp-content\/uploads\/2024\/10\/siyah-logo-svg.svg\",\"contentUrl\":\"https:\/\/denizcankizil.tr\/wp-content\/uploads\/2024\/10\/siyah-logo-svg.svg\",\"width\":1080,\"height\":1080,\"caption\":\"Av. Deniz Can K\u0131z\u0131l\"},\"image\":{\"@id\":\"https:\/\/denizcankizil.tr\/#\/schema\/logo\/image\/\"}},{\"@type\":\"Person\",\"@id\":\"https:\/\/denizcankizil.tr\/#\/schema\/person\/e1eb71bb4dd684d46563f0af307e1234\",\"name\":\"Antalya K\u00f6rfez\",\"image\":{\"@type\":\"ImageObject\",\"inLanguage\":\"de\",\"@id\":\"https:\/\/denizcankizil.tr\/#\/schema\/person\/image\/\",\"url\":\"https:\/\/secure.gravatar.com\/avatar\/42b01982558a48a0b501fdcab6a408d3717ea5919095ee2e67b0e521799c5905?s=96&d=mm&r=g\",\"contentUrl\":\"https:\/\/secure.gravatar.com\/avatar\/42b01982558a48a0b501fdcab6a408d3717ea5919095ee2e67b0e521799c5905?s=96&d=mm&r=g\",\"caption\":\"Antalya K\u00f6rfez\"},\"sameAs\":[\"http:\/\/www.antalyakorfez.com\"],\"url\":\"https:\/\/www.antalyakorfez.com\/adalet-komisyonunda-gergin-anlar-kanun-teklifi-tartismalari-kizisti\"}]}<\/script>\n<!-- \/ Yoast SEO Premium plugin. -->","yoast_head_json":{"title":"Adalet Komisyonu'nda gergin anlar: Kanun Teklifi tart\u0131\u015fmalar\u0131 k\u0131z\u0131\u015ft\u0131 - Av. Deniz Can K\u0131z\u0131l","robots":{"index":"index","follow":"follow","max-snippet":"max-snippet:-1","max-image-preview":"max-image-preview:large","max-video-preview":"max-video-preview:-1"},"canonical":"https:\/\/denizcankizil.tr\/de\/haberler\/gundem\/adalet-komisyonunda-gergin-anlar-kanun-teklifi-tartismalari-kizisti\/","og_locale":"de_DE","og_type":"article","og_title":"Adalet Komisyonu'nda gergin anlar: Kanun Teklifi tart\u0131\u015fmalar\u0131 k\u0131z\u0131\u015ft\u0131","og_description":"T\u00fcrkiye B\u00fcy\u00fck Millet Meclisi (TBMM) Adalet Komisyonu, Ceza ve G\u00fcvenlik Tedbirlerinin \u0130nfaz\u0131 Hakk\u0131nda Kanun ile Baz\u0131 Kanunlarda De\u011fi\u015fiklik Yap\u0131lmas\u0131na Dair Kanun Teklifi&#8217;ni ele almak \u00fczere bir araya geldi. G\u00f6r\u00fc\u015fmeler s\u0131ras\u0131nda ortam bir hayli \u0131s\u0131nd\u0131. C\u0130DD\u0130 ELE\u015eT\u0130R\u0130LER D\u0130LE GET\u0130R\u0130LD\u0130 CHP Grup Ba\u015fkanvekili Murat Emir, kanun teklifinin i\u00e7eri\u011findeki baz\u0131 maddelere ili\u015fkin ciddi ele\u015ftirilerini dile getirdi. Emir, \u00f6zellikle gaz fi\u015fe\u011fi kullanman\u0131n ve birini gaz fi\u015fe\u011fiyle yaralaman\u0131n ayn\u0131 ceza kapsam\u0131nda de\u011ferlendirilmesini ele\u015ftirdi. &#8220;MU\u011eLAK B\u0130R \u0130FADE&#8230;&#8221; &#8220;Bir ba\u015fka maddede yer alan &#8216;ki\u015filerin toplu olarak bulunduklar\u0131 yer&#8217; ifadesi de olduk\u00e7a mu\u011flak bir ifade&#8221; diyen Emir, bu belirsizli\u011fin olas\u0131 sonu\u00e7lar\u0131na dikkat \u00e7ekti. Emir, &#8220;B\u00f6yle oldu\u011fu zaman orada bulunanlar da m\u0131 cezaland\u0131r\u0131lacak? Yoksa sadece o ki\u015fi mi cezaland\u0131r\u0131lacak o bile belli de\u011fil&#8221; s\u00f6zleriyle maddenin netlikten uzak oldu\u011funu vurgulad\u0131. MECL\u0130S SIRALARINDA Y\u00dcKSEK TANS\u0130YON Emir&#8217;in ele\u015ftirilerine AK Parti \u0130stanbul Milletvekili \u015eeng\u00fcl Karsl\u0131&#8217;dan sert bir yan\u0131t geldi. Karsl\u0131, &#8220;Neden \u00fcst\u00fcn\u00fcze al\u0131n\u0131yorsunuz? T\u00fcrkiye Sara\u00e7hane&#8217;den ibaret de\u011fil&#8221; ifadelerini kullanarak, CHP&#8217;li vekilin s\u00f6zlerine kar\u015f\u0131l\u0131k verdi. Bu kar\u015f\u0131l\u0131kl\u0131 at\u0131\u015fmalar, komisyondaki tansiyonu daha da art\u0131rd\u0131. Kanun teklifinin maddeleri \u00fczerindeki g\u00f6r\u00fc\u015fmeler devam ederken, komisyonda ya\u015fanan bu gergin atmosfer, teklifin ilerleyen s\u00fcre\u00e7lerdeki seyrine dair \u00f6nemli sinyaller verdi. \u200bTBMM Adalet Komisyonu, bug\u00fcn &#8220;Ceza ve G\u00fcvenlik Tedbirlerinin \u0130nfaz\u0131 Hakk\u0131nda Kanun ile Baz\u0131 Kanunlarda De\u011fi\u015fiklik Yap\u0131lmas\u0131na Dair Kanun Teklifi&#8221;ni g\u00f6r\u00fc\u015fmek \u00fczere &hellip;","og_url":"https:\/\/denizcankizil.tr\/de\/haberler\/gundem\/adalet-komisyonunda-gergin-anlar-kanun-teklifi-tartismalari-kizisti\/","og_site_name":"Av. Deniz Can K\u0131z\u0131l","article_published_time":"2025-05-31T19:41:20+00:00","author":"Antalya K\u00f6rfez","twitter_card":"summary_large_image","twitter_misc":{"Verfasst von":"Antalya K\u00f6rfez","Gesch\u00e4tzte Lesezeit":"2\u00a0Minuten"},"schema":{"@context":"https:\/\/schema.org","@graph":[{"@type":"Article","@id":"https:\/\/denizcankizil.tr\/de\/haberler\/gundem\/adalet-komisyonunda-gergin-anlar-kanun-teklifi-tartismalari-kizisti\/#article","isPartOf":{"@id":"https:\/\/denizcankizil.tr\/de\/haberler\/gundem\/adalet-komisyonunda-gergin-anlar-kanun-teklifi-tartismalari-kizisti\/"},"author":{"name":"Antalya K\u00f6rfez","@id":"https:\/\/denizcankizil.tr\/#\/schema\/person\/e1eb71bb4dd684d46563f0af307e1234"},"headline":"Adalet Komisyonu&#8217;nda gergin anlar: Kanun Teklifi tart\u0131\u015fmalar\u0131 k\u0131z\u0131\u015ft\u0131","datePublished":"2025-05-31T19:41:20+00:00","mainEntityOfPage":{"@id":"https:\/\/denizcankizil.tr\/de\/haberler\/gundem\/adalet-komisyonunda-gergin-anlar-kanun-teklifi-tartismalari-kizisti\/"},"wordCount":325,"publisher":{"@id":"https:\/\/denizcankizil.tr\/#organization"},"articleSection":["G\u00fcndem"],"inLanguage":"de"},{"@type":"WebPage","@id":"https:\/\/denizcankizil.tr\/de\/haberler\/gundem\/adalet-komisyonunda-gergin-anlar-kanun-teklifi-tartismalari-kizisti\/","url":"https:\/\/denizcankizil.tr\/de\/haberler\/gundem\/adalet-komisyonunda-gergin-anlar-kanun-teklifi-tartismalari-kizisti\/","name":"Adalet Komisyonu'nda gergin anlar: Kanun Teklifi tart\u0131\u015fmalar\u0131 k\u0131z\u0131\u015ft\u0131 - Av. Deniz Can K\u0131z\u0131l","isPartOf":{"@id":"https:\/\/denizcankizil.tr\/#website"},"datePublished":"2025-05-31T19:41:20+00:00","breadcrumb":{"@id":"https:\/\/denizcankizil.tr\/de\/haberler\/gundem\/adalet-komisyonunda-gergin-anlar-kanun-teklifi-tartismalari-kizisti\/#breadcrumb"},"inLanguage":"de","potentialAction":[{"@type":"ReadAction","target":["https:\/\/denizcankizil.tr\/de\/haberler\/gundem\/adalet-komisyonunda-gergin-anlar-kanun-teklifi-tartismalari-kizisti\/"]}]},{"@type":"BreadcrumbList","@id":"https:\/\/denizcankizil.tr\/de\/haberler\/gundem\/adalet-komisyonunda-gergin-anlar-kanun-teklifi-tartismalari-kizisti\/#breadcrumb","itemListElement":[{"@type":"ListItem","position":1,"name":"Home","item":"https:\/\/denizcankizil.tr\/uk\/"},{"@type":"ListItem","position":2,"name":"Adalet Komisyonu&#8217;nda gergin anlar: Kanun Teklifi tart\u0131\u015fmalar\u0131 k\u0131z\u0131\u015ft\u0131"}]},{"@type":"WebSite","@id":"https:\/\/denizcankizil.tr\/#website","url":"https:\/\/denizcankizil.tr\/","name":"Av. Deniz Can K\u0131z\u0131l","description":"Avukat Deniz Can K\u0131z\u0131l Antalya Barosu","publisher":{"@id":"https:\/\/denizcankizil.tr\/#organization"},"potentialAction":[{"@type":"SearchAction","target":{"@type":"EntryPoint","urlTemplate":"https:\/\/denizcankizil.tr\/?s={search_term_string}"},"query-input":{"@type":"PropertyValueSpecification","valueRequired":true,"valueName":"search_term_string"}}],"inLanguage":"de"},{"@type":"Organization","@id":"https:\/\/denizcankizil.tr\/#organization","name":"Av. Deniz Can K\u0131z\u0131l","url":"https:\/\/denizcankizil.tr\/","logo":{"@type":"ImageObject","inLanguage":"de","@id":"https:\/\/denizcankizil.tr\/#\/schema\/logo\/image\/","url":"https:\/\/denizcankizil.tr\/wp-content\/uploads\/2024\/10\/siyah-logo-svg.svg","contentUrl":"https:\/\/denizcankizil.tr\/wp-content\/uploads\/2024\/10\/siyah-logo-svg.svg","width":1080,"height":1080,"caption":"Av. Deniz Can K\u0131z\u0131l"},"image":{"@id":"https:\/\/denizcankizil.tr\/#\/schema\/logo\/image\/"}},{"@type":"Person","@id":"https:\/\/denizcankizil.tr\/#\/schema\/person\/e1eb71bb4dd684d46563f0af307e1234","name":"Antalya K\u00f6rfez","image":{"@type":"ImageObject","inLanguage":"de","@id":"https:\/\/denizcankizil.tr\/#\/schema\/person\/image\/","url":"https:\/\/secure.gravatar.com\/avatar\/42b01982558a48a0b501fdcab6a408d3717ea5919095ee2e67b0e521799c5905?s=96&d=mm&r=g","contentUrl":"https:\/\/secure.gravatar.com\/avatar\/42b01982558a48a0b501fdcab6a408d3717ea5919095ee2e67b0e521799c5905?s=96&d=mm&r=g","caption":"Antalya K\u00f6rfez"},"sameAs":["http:\/\/www.antalyakorfez.com"],"url":"https:\/\/www.antalyakorfez.com\/adalet-komisyonunda-gergin-anlar-kanun-teklifi-tartismalari-kizisti"}]}},"_links":{"self":[{"href":"https:\/\/denizcankizil.tr\/de\/wp-json\/wp\/v2\/posts\/103050","targetHints":{"allow":["GET"]}}],"collection":[{"href":"https:\/\/denizcankizil.tr\/de\/wp-json\/wp\/v2\/posts"}],"about":[{"href":"https:\/\/denizcankizil.tr\/de\/wp-json\/wp\/v2\/types\/post"}],"author":[{"embeddable":true,"href":"https:\/\/denizcankizil.tr\/de\/wp-json\/wp\/v2\/users\/5"}],"replies":[{"embeddable":true,"href":"https:\/\/denizcankizil.tr\/de\/wp-json\/wp\/v2\/comments?post=103050"}],"version-history":[{"count":0,"href":"https:\/\/denizcankizil.tr\/de\/wp-json\/wp\/v2\/posts\/103050\/revisions"}],"wp:attachment":[{"href":"https:\/\/denizcankizil.tr\/de\/wp-json\/wp\/v2\/media?parent=103050"}],"wp:term":[{"taxonomy":"category","embeddable":true,"href":"https:\/\/denizcankizil.tr\/de\/wp-json\/wp\/v2\/categories?post=103050"},{"taxonomy":"post_tag","embeddable":true,"href":"https:\/\/denizcankizil.tr\/de\/wp-json\/wp\/v2\/tags?post=103050"}],"curies":[{"name":"wp","href":"https:\/\/api.w.org\/{rel}","templated":true}]}}