{"id":101999,"date":"2025-05-30T21:41:22","date_gmt":"2025-05-30T18:41:22","guid":{"rendered":"https:\/\/denizcankizil.tr\/uncategorized-tr\/bir-ayda-iki-festivale-785-milyon-harcandi\/"},"modified":"2025-05-30T21:41:22","modified_gmt":"2025-05-30T18:41:22","slug":"bir-ayda-iki-festivale-785-milyon-harcandi","status":"publish","type":"post","link":"https:\/\/denizcankizil.tr\/de\/haberler\/gundem\/bir-ayda-iki-festivale-785-milyon-harcandi\/","title":{"rendered":"Bir ayda iki festivale 78,5 milyon harcand\u0131!"},"content":{"rendered":"<p>Antalya B\u00fcy\u00fck\u015fehir Belediyesi\u2019nin d\u00fczenledi\u011fi Y\u00f6r\u00fck-T\u00fcrkmen Festivali bug\u00fcn ba\u015flad\u0131. Cumhuriyet Meydan\u0131 ile Karaalio\u011flu Park\u0131 aras\u0131nda yap\u0131lan Y\u00f6r\u00fck g\u00f6\u00e7\u00fc canland\u0131rmas\u0131 ile a\u00e7\u0131l\u0131\u015f\u0131 yap\u0131lan festival boyunca \u00e7e\u015fitli etkinlikler ve konserler organize edilecek. Toplam 2310 ki\u015filik konaklama hizmeti ve 80 ayr\u0131 u\u00e7ak bileti ile 7 bin ki\u015filik yemek hizmeti sat\u0131n al\u0131naca\u011f\u0131 belirtilen festivalin b\u00fct\u00e7esi de belli oldu. \u0130stanbul merkezli Time Organizasyon \u015firketine ihale edilen festival i\u00e7in 30 milyonluk b\u00fct\u00e7e ayr\u0131ld\u0131.<\/p>\n<p>DERNEKLER\u0130N \u0130MECEYLE YAPTI\u011eI FEST\u0130VALE M\u0130LYONLAR HARCANDI<\/p>\n<p>Daha \u00f6nce Antalya Y\u00f6r\u00fckler Derne\u011fi\u2019nin imece usul\u00fcyle organize etti\u011fi, yerel y\u00f6netimlerin ise destek verdi\u011fi Y\u00f6r\u00fck Festivali, kentte yakla\u015f\u0131k 20 y\u0131ld\u0131r yap\u0131l\u0131yor. Antalya B\u00fcy\u00fck\u015fehir Belediyesi ise 4 y\u0131ld\u0131r hizmet al\u0131m\u0131 ihalesi yoluyla milyonlarca liral\u0131k b\u00fct\u00e7e ay\u0131rarak festivali \u00fcstleniyor. \u00dc\u00e7 y\u0131ld\u0131r \u0130stanbul merkezli Time Organizasyon M\u00fczik Film Yap\u0131m ve D\u0131\u015f Ticaret Limited \u015eirketi\u2019ne verilen ihaleler i\u00e7in 2023 y\u0131l\u0131nda 14 milyon 500 bin TL, 2024\u2019de 17 milyon 850 bin, 2025 y\u0131l\u0131nda ise 30 milyona TL harcand\u0131. Festival i\u00e7in al\u0131nan sponsorluk ba\u011f\u0131\u015flar bu rakamlar\u0131n d\u0131\u015f\u0131nda kal\u0131yor.<\/p>\n<p>SAYI\u015eTAY: \u2018Y\u00dcKLEN\u0130C\u0130N\u0130N \u0130\u015e DENEY\u0130M\u0130 \u015eARTNAMEYE UYMUYOR\u2019<\/p>\n<p>Antalya K\u00f6rfez Gazetesi muhabiri Yusuf Yavuz&#8217;un haberine g\u00f6re, Say\u0131\u015ftay, 2023 y\u0131l\u0131nda yapt\u0131\u011f\u0131 denetimlerde Antalya B\u00fcy\u00fck\u015fehir Belediyesi\u2019nin Y\u00f6r\u00fck T\u00fcrkmen Festivali\u2019ni ihale yoluyla verdi\u011fi Time Organizasyon \u015firketinin i\u015f deneyimi belgesinin idari \u015fartnamede belirtilen kriterlere uymad\u0131\u011f\u0131n\u0131 tespit etmi\u015fti. Say\u0131\u015ftay\u2019\u0131n Kas\u0131m 2024\u2019de yay\u0131mlad\u0131\u011f\u0131 denetim raporunda, \u201c14.500.000,00 TL s\u00f6zle\u015fme tutarl\u0131 \u2018Uluslararas\u0131 Antalya Y\u00f6r\u00fck T\u00fcrkmen Festivali Organizasyon Hizmet Al\u0131m\u0131\u2019 al\u0131m\u0131 i\u015fi kapsam\u0131nda s\u00f6zle\u015fme imzalanan isteklinin (y\u00fcklenicinin) i\u015f deneyimi belgesinin idari \u015fartnamede belirtilen kriterlere uymad\u0131\u011f\u0131 g\u00f6r\u00fclm\u00fc\u015ft\u00fcr\u201d bulgusuna yer verilmi\u015fti.<\/p>\n<p>HENTBOL ORGAN\u0130ZASYONU Y\u00d6RESEL ETK\u0130NL\u0130K SAYILDI<\/p>\n<p>\u015eartnamede yer alan \u201cY\u00f6resel, k\u00fclt\u00fcrel festival organizasyonlar\u0131 d\u00fczenlemi\u015f olmak\u201d kriterine kar\u015f\u0131n ihaleyi kazanan istekli taraf\u0131ndan benzer i\u015f olarak, hentbol \u015fampiyonas\u0131 organizasyonu kapsam\u0131nda yap\u0131lan i\u015flerin sunuldu\u011fu tespitine yer verilen Say\u0131\u015ftay raporunda, \u201cBir spor organizasyonu olan hentbol \u015fampiyonas\u0131 kapsam\u0131nda yap\u0131lan i\u015flerin, y\u00f6resel veya k\u00fclt\u00fcrel organizasyon olarak benzer i\u015f kapsam\u0131nda kabul edilmesi m\u00fcmk\u00fcn de\u011fildir\u201d denildi.<\/p>\n<p>\u2018\u0130HALE KOM\u0130SYONUNCA KABUL ED\u0130LMEMES\u0130 GEREKMEKTED\u0130R\u2019<\/p>\n<p>Antalya B\u00fcy\u00fck\u015fehir Belediyesi\u2019nin bulguyla ilgili Say\u0131\u015ftay\u2019a verdi\u011fi yan\u0131tta ise hentbol \u015fampiyonas\u0131 organizasyonu ihale komisyonunca \u2018y\u00f6resel ve k\u00fclt\u00fcrel bir festival organizasyon olarak de\u011ferlendirildi\u011fi\u2019 belirtilerek bu durumun harcama yetkilisini ba\u011flamad\u0131\u011f\u0131 ifade edildi.<\/p>\n<p>\u0130darenin yan\u0131t\u0131n\u0131n de\u011ferlendirildi\u011fi Say\u0131\u015ftay raporunda, \u201cBelediye taraf\u0131ndan yap\u0131lacak ihalelerde istekiler taraf\u0131ndan sunulan i\u015f deneyimlerinin, idari \u015fartnamelerde belirtilen kriterlere uygun olmamas\u0131 halinde ihale komisyonunca kabul edilmemesi gerekmektedir\u201d denildi.<\/p>\n<p>SAYI\u015eTAY\u2019IN UYARISINA RA\u011eMEN \u0130HALE AYNI \u015e\u0130RKETE VER\u0130LD\u0130<\/p>\n<p>Ancak Say\u0131\u015ftay\u2019\u0131n uyar\u0131lar\u0131na kar\u015f\u0131n Antalya B\u00fcy\u00fck\u015fehir Belediyesi\u2019nin bu y\u0131l d\u00fczenledi\u011fi festivali de ayn\u0131 \u015firkete ihale etmesi dikkat \u00e7ekti. Time Organizasyon, 2014 y\u0131l\u0131nda \u0130sa Kotan taraf\u0131ndan \u0130stanbul\u2019da kurulan bir \u015firket olarak biliniyor.<\/p>\n<p>B\u0130R AYDA \u0130K\u0130 FEST\u0130VALE 78,5 M\u0130LYON AYRILDI<\/p>\n<p>May\u0131s 2025 d\u00f6neminde B\u00fcy\u00fck\u015fehir Belediyesi\u2019nin d\u00fczenledi\u011fi bir ba\u015fka festival ise Antalya Gastronomi Festivali (Food Fest Antalya) oldu. Festival bittikten sonra EKAP\u2019a y\u00fcklenen ihale s\u00f6zle\u015fmesi bilgilerine g\u00f6re Antalya B\u00fcy\u00fck\u015fehir Belediyesi\u2019nin 440 u\u00e7ak bileti, 400 geceleme, 10 ayr\u0131 V\u0130P minib\u00fcs, 10 midib\u00fcs, 1 otob\u00fcs ve 5 binek otomobil kiralama hizmeti sat\u0131n ald\u0131\u011f\u0131 konserleri de i\u00e7eren festival i\u00e7in 48 milyon 500 bin TL harcand\u0131\u011f\u0131 g\u00f6r\u00fcl\u00fcyor. Antalya B\u00fcy\u00fck\u015fehir Belediyesi\u2019nin bir ay i\u00e7inde organize etti\u011fi 2 ayr\u0131 festival i\u00e7in harcad\u0131\u011f\u0131 toplam para 78,5 milyon TL oldu.<\/p>\n<p>\u200bAntalya B\u00fcy\u00fck\u015fehir Belediyesi\u2019nin May\u0131s ay\u0131nda d\u00fczenledi\u011fi iki ayr\u0131 festivale toplam 78,5 milyon TL harcand\u0131. \u0130hale s\u00f6zle\u015fmesi bilgilerine g\u00f6re belediye kasas\u0131ndan 9-11 May\u0131s aras\u0131ndaki Gastronomi Festivali i\u00e7in 48,5 milyon, 30 May\u0131s\u2019ta ba\u015flayan Y\u00f6r\u00fck T\u00fcrkmen Festivali i\u00e7in ise 30 milyon TL ayr\u0131ld\u0131. B\u00fcy\u00fck\u015fehir Belediyesi\u2019nin bir ay i\u00e7inde iki festival i\u00e7in harcad\u0131\u011f\u0131 para, sponsor ve ba\u011f\u0131\u015f gelirleri hari\u00e7 net 78 milyon 500 bin TL oldu.\u00a0<\/p>\n<p>\u200bHaberin Al\u0131nt\u0131land\u0131\u011f\u0131 Kaynak: www.antalyakorfez.com<\/p>","protected":false},"excerpt":{"rendered":"<p>Antalya B\u00fcy\u00fck\u015fehir Belediyesi\u2019nin d\u00fczenledi\u011fi Y\u00f6r\u00fck-T\u00fcrkmen Festivali bug\u00fcn ba\u015flad\u0131. Cumhuriyet Meydan\u0131 ile Karaalio\u011flu Park\u0131 aras\u0131nda yap\u0131lan Y\u00f6r\u00fck g\u00f6\u00e7\u00fc canland\u0131rmas\u0131 ile a\u00e7\u0131l\u0131\u015f\u0131 yap\u0131lan festival boyunca \u00e7e\u015fitli etkinlikler ve konserler organize edilecek. Toplam 2310 ki\u015filik konaklama hizmeti ve 80 ayr\u0131 u\u00e7ak bileti ile 7 bin ki\u015filik yemek hizmeti sat\u0131n al\u0131naca\u011f\u0131 belirtilen festivalin b\u00fct\u00e7esi de belli oldu. \u0130stanbul merkezli Time Organizasyon \u015firketine ihale edilen festival i\u00e7in 30 milyonluk b\u00fct\u00e7e ayr\u0131ld\u0131. DERNEKLER\u0130N \u0130MECEYLE YAPTI\u011eI FEST\u0130VALE M\u0130LYONLAR HARCANDI Daha \u00f6nce Antalya Y\u00f6r\u00fckler Derne\u011fi\u2019nin imece usul\u00fcyle organize etti\u011fi, yerel y\u00f6netimlerin ise destek verdi\u011fi Y\u00f6r\u00fck Festivali, kentte yakla\u015f\u0131k 20 y\u0131ld\u0131r yap\u0131l\u0131yor. Antalya B\u00fcy\u00fck\u015fehir Belediyesi ise 4 y\u0131ld\u0131r hizmet al\u0131m\u0131 ihalesi yoluyla milyonlarca liral\u0131k b\u00fct\u00e7e ay\u0131rarak festivali \u00fcstleniyor. \u00dc\u00e7 y\u0131ld\u0131r \u0130stanbul merkezli Time Organizasyon M\u00fczik Film Yap\u0131m ve D\u0131\u015f Ticaret Limited \u015eirketi\u2019ne verilen ihaleler i\u00e7in 2023 y\u0131l\u0131nda 14 milyon 500 bin TL, 2024\u2019de 17 milyon 850 bin, 2025 y\u0131l\u0131nda ise 30 milyona TL harcand\u0131. Festival i\u00e7in al\u0131nan sponsorluk ba\u011f\u0131\u015flar bu rakamlar\u0131n d\u0131\u015f\u0131nda kal\u0131yor. SAYI\u015eTAY: \u2018Y\u00dcKLEN\u0130C\u0130N\u0130N \u0130\u015e DENEY\u0130M\u0130 \u015eARTNAMEYE UYMUYOR\u2019 Antalya K\u00f6rfez Gazetesi muhabiri Yusuf Yavuz&#8217;un haberine g\u00f6re, Say\u0131\u015ftay, 2023 y\u0131l\u0131nda yapt\u0131\u011f\u0131 denetimlerde Antalya B\u00fcy\u00fck\u015fehir Belediyesi\u2019nin Y\u00f6r\u00fck T\u00fcrkmen Festivali\u2019ni ihale yoluyla verdi\u011fi Time Organizasyon \u015firketinin i\u015f deneyimi belgesinin idari \u015fartnamede belirtilen kriterlere uymad\u0131\u011f\u0131n\u0131 tespit etmi\u015fti. Say\u0131\u015ftay\u2019\u0131n Kas\u0131m 2024\u2019de yay\u0131mlad\u0131\u011f\u0131 denetim &hellip;<\/p>","protected":false},"author":5,"featured_media":0,"comment_status":"","ping_status":"open","sticky":false,"template":"","format":"standard","meta":{"_acf_changed":false,"footnotes":""},"categories":[24],"tags":[],"class_list":["post-101999","post","type-post","status-publish","format-standard","has-post-thumbnail","hentry","category-gundem"],"acf":[],"yoast_head":"<!-- This site is optimized with the Yoast SEO Premium plugin v26.6 (Yoast SEO v27.1.1) - https:\/\/yoast.com\/product\/yoast-seo-premium-wordpress\/ -->\n<title>Bir ayda iki festivale 78,5 milyon harcand\u0131! - Av. Deniz Can K\u0131z\u0131l<\/title>\n<meta name=\"robots\" content=\"index, follow, max-snippet:-1, max-image-preview:large, max-video-preview:-1\" \/>\n<link rel=\"canonical\" href=\"https:\/\/denizcankizil.tr\/de\/haberler\/gundem\/bir-ayda-iki-festivale-785-milyon-harcandi\/\" \/>\n<meta property=\"og:locale\" content=\"de_DE\" \/>\n<meta property=\"og:type\" content=\"article\" \/>\n<meta property=\"og:title\" content=\"Bir ayda iki festivale 78,5 milyon harcand\u0131!\" \/>\n<meta property=\"og:description\" content=\"Antalya B\u00fcy\u00fck\u015fehir Belediyesi\u2019nin d\u00fczenledi\u011fi Y\u00f6r\u00fck-T\u00fcrkmen Festivali bug\u00fcn ba\u015flad\u0131. Cumhuriyet Meydan\u0131 ile Karaalio\u011flu Park\u0131 aras\u0131nda yap\u0131lan Y\u00f6r\u00fck g\u00f6\u00e7\u00fc canland\u0131rmas\u0131 ile a\u00e7\u0131l\u0131\u015f\u0131 yap\u0131lan festival boyunca \u00e7e\u015fitli etkinlikler ve konserler organize edilecek. Toplam 2310 ki\u015filik konaklama hizmeti ve 80 ayr\u0131 u\u00e7ak bileti ile 7 bin ki\u015filik yemek hizmeti sat\u0131n al\u0131naca\u011f\u0131 belirtilen festivalin b\u00fct\u00e7esi de belli oldu. \u0130stanbul merkezli Time Organizasyon \u015firketine ihale edilen festival i\u00e7in 30 milyonluk b\u00fct\u00e7e ayr\u0131ld\u0131. DERNEKLER\u0130N \u0130MECEYLE YAPTI\u011eI FEST\u0130VALE M\u0130LYONLAR HARCANDI Daha \u00f6nce Antalya Y\u00f6r\u00fckler Derne\u011fi\u2019nin imece usul\u00fcyle organize etti\u011fi, yerel y\u00f6netimlerin ise destek verdi\u011fi Y\u00f6r\u00fck Festivali, kentte yakla\u015f\u0131k 20 y\u0131ld\u0131r yap\u0131l\u0131yor. Antalya B\u00fcy\u00fck\u015fehir Belediyesi ise 4 y\u0131ld\u0131r hizmet al\u0131m\u0131 ihalesi yoluyla milyonlarca liral\u0131k b\u00fct\u00e7e ay\u0131rarak festivali \u00fcstleniyor. \u00dc\u00e7 y\u0131ld\u0131r \u0130stanbul merkezli Time Organizasyon M\u00fczik Film Yap\u0131m ve D\u0131\u015f Ticaret Limited \u015eirketi\u2019ne verilen ihaleler i\u00e7in 2023 y\u0131l\u0131nda 14 milyon 500 bin TL, 2024\u2019de 17 milyon 850 bin, 2025 y\u0131l\u0131nda ise 30 milyona TL harcand\u0131. Festival i\u00e7in al\u0131nan sponsorluk ba\u011f\u0131\u015flar bu rakamlar\u0131n d\u0131\u015f\u0131nda kal\u0131yor. SAYI\u015eTAY: \u2018Y\u00dcKLEN\u0130C\u0130N\u0130N \u0130\u015e DENEY\u0130M\u0130 \u015eARTNAMEYE UYMUYOR\u2019 Antalya K\u00f6rfez Gazetesi muhabiri Yusuf Yavuz&#8217;un haberine g\u00f6re, Say\u0131\u015ftay, 2023 y\u0131l\u0131nda yapt\u0131\u011f\u0131 denetimlerde Antalya B\u00fcy\u00fck\u015fehir Belediyesi\u2019nin Y\u00f6r\u00fck T\u00fcrkmen Festivali\u2019ni ihale yoluyla verdi\u011fi Time Organizasyon \u015firketinin i\u015f deneyimi belgesinin idari \u015fartnamede belirtilen kriterlere uymad\u0131\u011f\u0131n\u0131 tespit etmi\u015fti. Say\u0131\u015ftay\u2019\u0131n Kas\u0131m 2024\u2019de yay\u0131mlad\u0131\u011f\u0131 denetim &hellip;\" \/>\n<meta property=\"og:url\" content=\"https:\/\/denizcankizil.tr\/de\/haberler\/gundem\/bir-ayda-iki-festivale-785-milyon-harcandi\/\" \/>\n<meta property=\"og:site_name\" content=\"Av. Deniz Can K\u0131z\u0131l\" \/>\n<meta property=\"article:published_time\" content=\"2025-05-30T18:41:22+00:00\" \/>\n<meta name=\"author\" content=\"Antalya K\u00f6rfez\" \/>\n<meta name=\"twitter:card\" content=\"summary_large_image\" \/>\n<meta name=\"twitter:label1\" content=\"Verfasst von\" \/>\n\t<meta name=\"twitter:data1\" content=\"Antalya K\u00f6rfez\" \/>\n\t<meta name=\"twitter:label2\" content=\"Gesch\u00e4tzte Lesezeit\" \/>\n\t<meta name=\"twitter:data2\" content=\"4\u00a0Minuten\" \/>\n<script type=\"application\/ld+json\" class=\"yoast-schema-graph\">{\"@context\":\"https:\/\/schema.org\",\"@graph\":[{\"@type\":\"Article\",\"@id\":\"https:\/\/denizcankizil.tr\/de\/haberler\/gundem\/bir-ayda-iki-festivale-785-milyon-harcandi\/#article\",\"isPartOf\":{\"@id\":\"https:\/\/denizcankizil.tr\/de\/haberler\/gundem\/bir-ayda-iki-festivale-785-milyon-harcandi\/\"},\"author\":{\"name\":\"Antalya K\u00f6rfez\",\"@id\":\"https:\/\/denizcankizil.tr\/#\/schema\/person\/e1eb71bb4dd684d46563f0af307e1234\"},\"headline\":\"Bir ayda iki festivale 78,5 milyon harcand\u0131!\",\"datePublished\":\"2025-05-30T18:41:22+00:00\",\"mainEntityOfPage\":{\"@id\":\"https:\/\/denizcankizil.tr\/de\/haberler\/gundem\/bir-ayda-iki-festivale-785-milyon-harcandi\/\"},\"wordCount\":776,\"publisher\":{\"@id\":\"https:\/\/denizcankizil.tr\/#organization\"},\"articleSection\":[\"G\u00fcndem\"],\"inLanguage\":\"de\"},{\"@type\":\"WebPage\",\"@id\":\"https:\/\/denizcankizil.tr\/de\/haberler\/gundem\/bir-ayda-iki-festivale-785-milyon-harcandi\/\",\"url\":\"https:\/\/denizcankizil.tr\/de\/haberler\/gundem\/bir-ayda-iki-festivale-785-milyon-harcandi\/\",\"name\":\"Bir ayda iki festivale 78,5 milyon harcand\u0131! - Av. Deniz Can K\u0131z\u0131l\",\"isPartOf\":{\"@id\":\"https:\/\/denizcankizil.tr\/#website\"},\"datePublished\":\"2025-05-30T18:41:22+00:00\",\"breadcrumb\":{\"@id\":\"https:\/\/denizcankizil.tr\/de\/haberler\/gundem\/bir-ayda-iki-festivale-785-milyon-harcandi\/#breadcrumb\"},\"inLanguage\":\"de\",\"potentialAction\":[{\"@type\":\"ReadAction\",\"target\":[\"https:\/\/denizcankizil.tr\/de\/haberler\/gundem\/bir-ayda-iki-festivale-785-milyon-harcandi\/\"]}]},{\"@type\":\"BreadcrumbList\",\"@id\":\"https:\/\/denizcankizil.tr\/de\/haberler\/gundem\/bir-ayda-iki-festivale-785-milyon-harcandi\/#breadcrumb\",\"itemListElement\":[{\"@type\":\"ListItem\",\"position\":1,\"name\":\"Home\",\"item\":\"https:\/\/denizcankizil.tr\/de\/\"},{\"@type\":\"ListItem\",\"position\":2,\"name\":\"Bir ayda iki festivale 78,5 milyon harcand\u0131!\"}]},{\"@type\":\"WebSite\",\"@id\":\"https:\/\/denizcankizil.tr\/#website\",\"url\":\"https:\/\/denizcankizil.tr\/\",\"name\":\"Av. Deniz Can K\u0131z\u0131l\",\"description\":\"Avukat Deniz Can K\u0131z\u0131l Antalya Barosu\",\"publisher\":{\"@id\":\"https:\/\/denizcankizil.tr\/#organization\"},\"potentialAction\":[{\"@type\":\"SearchAction\",\"target\":{\"@type\":\"EntryPoint\",\"urlTemplate\":\"https:\/\/denizcankizil.tr\/?s={search_term_string}\"},\"query-input\":{\"@type\":\"PropertyValueSpecification\",\"valueRequired\":true,\"valueName\":\"search_term_string\"}}],\"inLanguage\":\"de\"},{\"@type\":\"Organization\",\"@id\":\"https:\/\/denizcankizil.tr\/#organization\",\"name\":\"Av. Deniz Can K\u0131z\u0131l\",\"url\":\"https:\/\/denizcankizil.tr\/\",\"logo\":{\"@type\":\"ImageObject\",\"inLanguage\":\"de\",\"@id\":\"https:\/\/denizcankizil.tr\/#\/schema\/logo\/image\/\",\"url\":\"https:\/\/denizcankizil.tr\/wp-content\/uploads\/2024\/10\/siyah-logo-svg.svg\",\"contentUrl\":\"https:\/\/denizcankizil.tr\/wp-content\/uploads\/2024\/10\/siyah-logo-svg.svg\",\"width\":1080,\"height\":1080,\"caption\":\"Av. Deniz Can K\u0131z\u0131l\"},\"image\":{\"@id\":\"https:\/\/denizcankizil.tr\/#\/schema\/logo\/image\/\"}},{\"@type\":\"Person\",\"@id\":\"https:\/\/denizcankizil.tr\/#\/schema\/person\/e1eb71bb4dd684d46563f0af307e1234\",\"name\":\"Antalya K\u00f6rfez\",\"image\":{\"@type\":\"ImageObject\",\"inLanguage\":\"de\",\"@id\":\"https:\/\/denizcankizil.tr\/#\/schema\/person\/image\/\",\"url\":\"https:\/\/secure.gravatar.com\/avatar\/42b01982558a48a0b501fdcab6a408d3717ea5919095ee2e67b0e521799c5905?s=96&d=mm&r=g\",\"contentUrl\":\"https:\/\/secure.gravatar.com\/avatar\/42b01982558a48a0b501fdcab6a408d3717ea5919095ee2e67b0e521799c5905?s=96&d=mm&r=g\",\"caption\":\"Antalya K\u00f6rfez\"},\"sameAs\":[\"http:\/\/www.antalyakorfez.com\"],\"url\":\"https:\/\/www.antalyakorfez.com\/bir-ayda-iki-festivale-785-milyon-harcandi\"}]}<\/script>\n<!-- \/ Yoast SEO Premium plugin. -->","yoast_head_json":{"title":"Bir ayda iki festivale 78,5 milyon harcand\u0131! - Av. Deniz Can K\u0131z\u0131l","robots":{"index":"index","follow":"follow","max-snippet":"max-snippet:-1","max-image-preview":"max-image-preview:large","max-video-preview":"max-video-preview:-1"},"canonical":"https:\/\/denizcankizil.tr\/de\/haberler\/gundem\/bir-ayda-iki-festivale-785-milyon-harcandi\/","og_locale":"de_DE","og_type":"article","og_title":"Bir ayda iki festivale 78,5 milyon harcand\u0131!","og_description":"Antalya B\u00fcy\u00fck\u015fehir Belediyesi\u2019nin d\u00fczenledi\u011fi Y\u00f6r\u00fck-T\u00fcrkmen Festivali bug\u00fcn ba\u015flad\u0131. Cumhuriyet Meydan\u0131 ile Karaalio\u011flu Park\u0131 aras\u0131nda yap\u0131lan Y\u00f6r\u00fck g\u00f6\u00e7\u00fc canland\u0131rmas\u0131 ile a\u00e7\u0131l\u0131\u015f\u0131 yap\u0131lan festival boyunca \u00e7e\u015fitli etkinlikler ve konserler organize edilecek. Toplam 2310 ki\u015filik konaklama hizmeti ve 80 ayr\u0131 u\u00e7ak bileti ile 7 bin ki\u015filik yemek hizmeti sat\u0131n al\u0131naca\u011f\u0131 belirtilen festivalin b\u00fct\u00e7esi de belli oldu. \u0130stanbul merkezli Time Organizasyon \u015firketine ihale edilen festival i\u00e7in 30 milyonluk b\u00fct\u00e7e ayr\u0131ld\u0131. DERNEKLER\u0130N \u0130MECEYLE YAPTI\u011eI FEST\u0130VALE M\u0130LYONLAR HARCANDI Daha \u00f6nce Antalya Y\u00f6r\u00fckler Derne\u011fi\u2019nin imece usul\u00fcyle organize etti\u011fi, yerel y\u00f6netimlerin ise destek verdi\u011fi Y\u00f6r\u00fck Festivali, kentte yakla\u015f\u0131k 20 y\u0131ld\u0131r yap\u0131l\u0131yor. Antalya B\u00fcy\u00fck\u015fehir Belediyesi ise 4 y\u0131ld\u0131r hizmet al\u0131m\u0131 ihalesi yoluyla milyonlarca liral\u0131k b\u00fct\u00e7e ay\u0131rarak festivali \u00fcstleniyor. \u00dc\u00e7 y\u0131ld\u0131r \u0130stanbul merkezli Time Organizasyon M\u00fczik Film Yap\u0131m ve D\u0131\u015f Ticaret Limited \u015eirketi\u2019ne verilen ihaleler i\u00e7in 2023 y\u0131l\u0131nda 14 milyon 500 bin TL, 2024\u2019de 17 milyon 850 bin, 2025 y\u0131l\u0131nda ise 30 milyona TL harcand\u0131. Festival i\u00e7in al\u0131nan sponsorluk ba\u011f\u0131\u015flar bu rakamlar\u0131n d\u0131\u015f\u0131nda kal\u0131yor. SAYI\u015eTAY: \u2018Y\u00dcKLEN\u0130C\u0130N\u0130N \u0130\u015e DENEY\u0130M\u0130 \u015eARTNAMEYE UYMUYOR\u2019 Antalya K\u00f6rfez Gazetesi muhabiri Yusuf Yavuz&#8217;un haberine g\u00f6re, Say\u0131\u015ftay, 2023 y\u0131l\u0131nda yapt\u0131\u011f\u0131 denetimlerde Antalya B\u00fcy\u00fck\u015fehir Belediyesi\u2019nin Y\u00f6r\u00fck T\u00fcrkmen Festivali\u2019ni ihale yoluyla verdi\u011fi Time Organizasyon \u015firketinin i\u015f deneyimi belgesinin idari \u015fartnamede belirtilen kriterlere uymad\u0131\u011f\u0131n\u0131 tespit etmi\u015fti. Say\u0131\u015ftay\u2019\u0131n Kas\u0131m 2024\u2019de yay\u0131mlad\u0131\u011f\u0131 denetim &hellip;","og_url":"https:\/\/denizcankizil.tr\/de\/haberler\/gundem\/bir-ayda-iki-festivale-785-milyon-harcandi\/","og_site_name":"Av. Deniz Can K\u0131z\u0131l","article_published_time":"2025-05-30T18:41:22+00:00","author":"Antalya K\u00f6rfez","twitter_card":"summary_large_image","twitter_misc":{"Verfasst von":"Antalya K\u00f6rfez","Gesch\u00e4tzte Lesezeit":"4\u00a0Minuten"},"schema":{"@context":"https:\/\/schema.org","@graph":[{"@type":"Article","@id":"https:\/\/denizcankizil.tr\/de\/haberler\/gundem\/bir-ayda-iki-festivale-785-milyon-harcandi\/#article","isPartOf":{"@id":"https:\/\/denizcankizil.tr\/de\/haberler\/gundem\/bir-ayda-iki-festivale-785-milyon-harcandi\/"},"author":{"name":"Antalya K\u00f6rfez","@id":"https:\/\/denizcankizil.tr\/#\/schema\/person\/e1eb71bb4dd684d46563f0af307e1234"},"headline":"Bir ayda iki festivale 78,5 milyon harcand\u0131!","datePublished":"2025-05-30T18:41:22+00:00","mainEntityOfPage":{"@id":"https:\/\/denizcankizil.tr\/de\/haberler\/gundem\/bir-ayda-iki-festivale-785-milyon-harcandi\/"},"wordCount":776,"publisher":{"@id":"https:\/\/denizcankizil.tr\/#organization"},"articleSection":["G\u00fcndem"],"inLanguage":"de"},{"@type":"WebPage","@id":"https:\/\/denizcankizil.tr\/de\/haberler\/gundem\/bir-ayda-iki-festivale-785-milyon-harcandi\/","url":"https:\/\/denizcankizil.tr\/de\/haberler\/gundem\/bir-ayda-iki-festivale-785-milyon-harcandi\/","name":"Bir ayda iki festivale 78,5 milyon harcand\u0131! - Av. Deniz Can K\u0131z\u0131l","isPartOf":{"@id":"https:\/\/denizcankizil.tr\/#website"},"datePublished":"2025-05-30T18:41:22+00:00","breadcrumb":{"@id":"https:\/\/denizcankizil.tr\/de\/haberler\/gundem\/bir-ayda-iki-festivale-785-milyon-harcandi\/#breadcrumb"},"inLanguage":"de","potentialAction":[{"@type":"ReadAction","target":["https:\/\/denizcankizil.tr\/de\/haberler\/gundem\/bir-ayda-iki-festivale-785-milyon-harcandi\/"]}]},{"@type":"BreadcrumbList","@id":"https:\/\/denizcankizil.tr\/de\/haberler\/gundem\/bir-ayda-iki-festivale-785-milyon-harcandi\/#breadcrumb","itemListElement":[{"@type":"ListItem","position":1,"name":"Home","item":"https:\/\/denizcankizil.tr\/de\/"},{"@type":"ListItem","position":2,"name":"Bir ayda iki festivale 78,5 milyon harcand\u0131!"}]},{"@type":"WebSite","@id":"https:\/\/denizcankizil.tr\/#website","url":"https:\/\/denizcankizil.tr\/","name":"Av. Deniz Can K\u0131z\u0131l","description":"Avukat Deniz Can K\u0131z\u0131l Antalya Barosu","publisher":{"@id":"https:\/\/denizcankizil.tr\/#organization"},"potentialAction":[{"@type":"SearchAction","target":{"@type":"EntryPoint","urlTemplate":"https:\/\/denizcankizil.tr\/?s={search_term_string}"},"query-input":{"@type":"PropertyValueSpecification","valueRequired":true,"valueName":"search_term_string"}}],"inLanguage":"de"},{"@type":"Organization","@id":"https:\/\/denizcankizil.tr\/#organization","name":"Av. Deniz Can K\u0131z\u0131l","url":"https:\/\/denizcankizil.tr\/","logo":{"@type":"ImageObject","inLanguage":"de","@id":"https:\/\/denizcankizil.tr\/#\/schema\/logo\/image\/","url":"https:\/\/denizcankizil.tr\/wp-content\/uploads\/2024\/10\/siyah-logo-svg.svg","contentUrl":"https:\/\/denizcankizil.tr\/wp-content\/uploads\/2024\/10\/siyah-logo-svg.svg","width":1080,"height":1080,"caption":"Av. Deniz Can K\u0131z\u0131l"},"image":{"@id":"https:\/\/denizcankizil.tr\/#\/schema\/logo\/image\/"}},{"@type":"Person","@id":"https:\/\/denizcankizil.tr\/#\/schema\/person\/e1eb71bb4dd684d46563f0af307e1234","name":"Antalya K\u00f6rfez","image":{"@type":"ImageObject","inLanguage":"de","@id":"https:\/\/denizcankizil.tr\/#\/schema\/person\/image\/","url":"https:\/\/secure.gravatar.com\/avatar\/42b01982558a48a0b501fdcab6a408d3717ea5919095ee2e67b0e521799c5905?s=96&d=mm&r=g","contentUrl":"https:\/\/secure.gravatar.com\/avatar\/42b01982558a48a0b501fdcab6a408d3717ea5919095ee2e67b0e521799c5905?s=96&d=mm&r=g","caption":"Antalya K\u00f6rfez"},"sameAs":["http:\/\/www.antalyakorfez.com"],"url":"https:\/\/www.antalyakorfez.com\/bir-ayda-iki-festivale-785-milyon-harcandi"}]}},"_links":{"self":[{"href":"https:\/\/denizcankizil.tr\/de\/wp-json\/wp\/v2\/posts\/101999","targetHints":{"allow":["GET"]}}],"collection":[{"href":"https:\/\/denizcankizil.tr\/de\/wp-json\/wp\/v2\/posts"}],"about":[{"href":"https:\/\/denizcankizil.tr\/de\/wp-json\/wp\/v2\/types\/post"}],"author":[{"embeddable":true,"href":"https:\/\/denizcankizil.tr\/de\/wp-json\/wp\/v2\/users\/5"}],"replies":[{"embeddable":true,"href":"https:\/\/denizcankizil.tr\/de\/wp-json\/wp\/v2\/comments?post=101999"}],"version-history":[{"count":0,"href":"https:\/\/denizcankizil.tr\/de\/wp-json\/wp\/v2\/posts\/101999\/revisions"}],"wp:attachment":[{"href":"https:\/\/denizcankizil.tr\/de\/wp-json\/wp\/v2\/media?parent=101999"}],"wp:term":[{"taxonomy":"category","embeddable":true,"href":"https:\/\/denizcankizil.tr\/de\/wp-json\/wp\/v2\/categories?post=101999"},{"taxonomy":"post_tag","embeddable":true,"href":"https:\/\/denizcankizil.tr\/de\/wp-json\/wp\/v2\/tags?post=101999"}],"curies":[{"name":"wp","href":"https:\/\/api.w.org\/{rel}","templated":true}]}}