{"id":101703,"date":"2025-05-30T14:41:18","date_gmt":"2025-05-30T11:41:18","guid":{"rendered":"https:\/\/denizcankizil.tr\/uncategorized-tr\/valilik-once-mudurunu-atadi-sonra-sirketini-kurdu\/"},"modified":"2025-05-30T14:41:18","modified_gmt":"2025-05-30T11:41:18","slug":"valilik-once-mudurunu-atadi-sonra-sirketini-kurdu","status":"publish","type":"post","link":"https:\/\/denizcankizil.tr\/de\/haberler\/gundem\/valilik-once-mudurunu-atadi-sonra-sirketini-kurdu\/","title":{"rendered":"Valilik \u00f6nce m\u00fcd\u00fcr\u00fcn\u00fc atad\u0131, sonra \u015firketini kurdu!"},"content":{"rendered":"<p>Antalya Valili\u011fi Yat\u0131r\u0131m \u0130zleme ve Koordinasyon Ba\u015fkanl\u0131\u011f\u0131 (Y\u0130KOB) b\u00fcnyesinde kurulan AYDA\u015e A\u015e, son aylarda kent g\u00fcndeminde tart\u0131\u015f\u0131lan konulardan biri haline geldi. Sahil kiralamalar\u0131 ve plaj i\u015fletmecili\u011fi ile an\u0131lan \u015firketin Ankara\u2019da kurulup 3 ay sonra Antalya\u2019ya ta\u015f\u0131nmas\u0131 soru i\u015faretlerine neden olmu\u015ftu. Trabzon k\u00f6kenli bir giri\u015fimci olan Adnan G\u00fcle\u015f taraf\u0131ndan Eyl\u00fcl 2023\u2019te \u2018Agules Yat\u0131r\u0131m \u0130n\u015faat Turizm A\u015e\u2019 Ankara\u2019da kurulan \u015firket, 3 ay sonra ad\u0131n\u0131 de\u011fi\u015ftirerek 22 Aral\u0131k 2023 tarihinde Antalya\u2019ya ta\u015f\u0131nd\u0131. Antalya Valili\u011fi\u2019nin Muratpa\u015fa Bay\u0131nd\u0131r Mahallesindeki ek hizmet binas\u0131na ta\u015f\u0131nan \u015firketin yeni ad\u0131 ise AYDA\u015e oldu. Sermayesi 30 milyona \u00e7\u0131kar\u0131lan \u015firketin kurucusu olan Adnan G\u00fcle\u015f\u2019in Valilik himayesine al\u0131nan AYDA\u015e\u2019a M\u00fcd\u00fcr olarak atanmas\u0131 dikkati \u00e7ekerken Antalya Y\u0130KOB y\u00f6neticileri de \u015firkete y\u00f6netim kurulu \u00fcyesi yap\u0131ld\u0131.<\/p>\n<p>MERMERL\u0130 PLAJINDA YAPILAN PROJE KORUMA KURULUNDAN GE\u00c7MED\u0130<\/p>\n<p>Antalya Valili\u011fi\u2019nin kurdu\u011fu \u015firket, Side ve Finike sahilindeki k\u0131y\u0131 kiralamalar\u0131yla g\u00fcndeme geldi. Son olarak ise Kalei\u00e7i Yat Liman\u0131\u2019nda Valilik \u015eirketi eliyle y\u00fcr\u00fct\u00fclen Mermerli Plaj\u0131\u2019ndaki \u00e7evre d\u00fczenleme projesi tart\u0131\u015fmalar\u0131 beraberinde getirdi. Mermerli\u2019de uygulanan proje, Koruma B\u00f6lge Kurulu taraf\u0131ndan onaylanmad\u0131, konulan b\u00fcfeler Kurul karar\u0131 ile kald\u0131r\u0131ld\u0131. Kurul karar\u0131nda, tarihi sur duvar\u0131n\u0131n \u00fczerinde restoran olarak kullan\u0131lan k\u0131s\u0131mdaki yap\u0131lar\u0131n da kald\u0131r\u0131lmas\u0131 istendi.<\/p>\n<p>AYDA\u015e A\u015e GENEL M\u00dcD\u00dcR\u00dc ADNAN G\u00dcLE\u015e: \u2018KL\u0130MALI ORTAM LAZIM\u2019<\/p>\n<p>Mermerli Plaj\u0131\u2019nda yap\u0131lan uygulamalar ile Finike ve Demre \u00dc\u00e7a\u011f\u0131z\u2019daki projeler hakk\u0131nda sorular\u0131m\u0131z\u0131 yan\u0131tlayan Valilik \u015firketi AYDA\u015e A\u015e\u2019nin Genel M\u00fcd\u00fcr\u00fc Adnan G\u00fcle\u015f, \u201cMermerli\u2019de b\u00fcfeleri kald\u0131rd\u0131k. Bir gelir kayb\u0131m\u0131z oldu ama\u2026 Oradaki \u00e7ay bah\u00e7esinde y\u0131llard\u0131r bir b\u00fcfe vard\u0131 zaten. Kurul, \u2018g\u00f6r\u00fcnt\u00fcy\u00fc engelliyor, olmaz\u2019 dedi, kald\u0131rd\u0131k. Di\u011fer taraftan restoran k\u0131sm\u0131nda daha \u00f6nceki i\u015fletmeciler 30 y\u0131ld\u0131r orada hi\u00e7bir \u015fey yapmam\u0131\u015flar. \u00c7\u00f6kme tehlikesi vard\u0131. Bir de art\u0131k 50 derece s\u0131ca\u011f\u0131n alt\u0131nda insanlar yemek yiyemiyor. Klimal\u0131 bir ortam\u0131n olmas\u0131 laz\u0131m\u201d dedi.<\/p>\n<p>KORUMA KURULU EK YAPILARIN KALDIRILMASINI \u0130STED\u0130<\/p>\n<p>Mermerli\u2019de tarihi sur duvar\u0131n\u0131n \u00fczerindeki restoran olarak kullan\u0131lan alanda yap\u0131lan cam do\u011frama, tenteler ve di\u011fer ek yap\u0131lar, Koruma Kurulu taraf\u0131ndan onaylanmam\u0131\u015f ve acilen bu yap\u0131lar\u0131n kald\u0131r\u0131lmas\u0131 istenmi\u015fti. AYDA\u015e A\u015e Genel M\u00fcd\u00fcr\u00fc Adnan G\u00fcle\u015f, \u201cRestoran k\u0131sm\u0131nda klimalar m\u0131 yerle\u015ftirilecek?\u201d sorumuza, \u201c\u00c7ok benim konum de\u011fil ama arkada\u015flar d\u00fc\u015f\u00fcn\u00fcyordur diye d\u00fc\u015f\u00fcn\u00fcyorum\u201d yan\u0131t\u0131n\u0131 verdi.<\/p>\n<p>SUR DUVARINDA 182 TONLUK ENJEKS\u0130YON B\u0130LMECES\u0130<\/p>\n<p>Tarihi sur duvar\u0131n\u0131n onar\u0131m\u0131 s\u0131ras\u0131nda 182 tonluk enjeksiyon malzemesi kulland\u0131\u011f\u0131, bu yolla onar\u0131m maliyetinin \u015fi\u015firildi\u011fi y\u00f6n\u00fcndeki iddialar\u0131 sordu\u011fumuz G\u00fcle\u015f, \u201cO konuda bir \u015fey diyemem. \u00c7\u00fcnk\u00fc K\u00fclt\u00fcr Varl\u0131klar\u0131 Birimi yap\u0131yor o i\u015flerin ihalesini. Benim konumun i\u00e7inde de\u011fil bu k\u0131sm\u0131\u201d dedi.<\/p>\n<p>\u2018RESTORANI B\u0130Z \u0130\u015eLETECE\u011e\u0130Z, PLAJ KISMI K\u0130RAYA VER\u0130LEB\u0130L\u0130R\u2019<\/p>\n<p>Tarihi Kalei\u00e7i Yat Liman\u0131ndaki Mermerli Plaj\u0131\u2019n\u0131n restoran b\u00f6l\u00fcm\u00fcn\u00fc Valilik \u015firketi olarak kendilerinin i\u015fletece\u011fini s\u00f6yleyen G\u00fcle\u015f, plaj k\u0131sm\u0131n\u0131n ise kiraya verilebilece\u011fini dile getirdi. Yap\u0131lan \u00e7evre d\u00fczenlemesi ile Mermeli Plaj\u0131nda k\u0131y\u0131 kenar \u00e7izgisi i\u00e7inde g\u00fcne\u015flenme platformlar\u0131 ve sur duvar\u0131na biti\u015fik du\u015f \u00fcniteleri eklenmi\u015fti. Koruma Kurulu\u2019nun projeye onay vermemesinin ard\u0131ndan Mermerli Plaj\u0131\u2019n\u0131n hizmete a\u00e7\u0131lmas\u0131 da gecikti. Ne zaman hizmete a\u00e7\u0131laca\u011f\u0131 konusunda net bir a\u00e7\u0131klama yap\u0131lm\u0131\u015f de\u011fil.<\/p>\n<p>\u2018F\u0130N\u0130KE SAH\u0130L\u0130 BERDU\u015e TAKIMININ G\u0130TT\u0130\u011e\u0130 B\u0130R YERD\u0130\u2019<\/p>\n<p>Antalya K\u00f6rfez Gazetesi muhabiri Yusuf Yavuz&#8217;un haberine g\u00f6re; Finike il\u00e7esindeki sahilin bedelsiz olarak AYDA\u015e A\u015e\u2019ye devredilmesiyle sahildeki i\u015fletmelere ge\u00e7ti\u011fimiz ay tahliye yaz\u0131s\u0131 g\u00f6nderilmi\u015fti. Bu geli\u015fmenin ard\u0131ndan Finike sahilinin \u00fc\u00e7\u00fcnc\u00fc ki\u015fi ya da \u015firketlere kiralanmas\u0131 g\u00fcndeme geldi. AYDA\u015e\u2019\u0131n Finike sahilinde do\u011frudan i\u015fletmecilik yapmayaca\u011f\u0131n\u0131 dile getiren Genel M\u00fcd\u00fcr Adnan G\u00fcle\u015f, \u201cFinike sahili mezbelelik bir yerdi. Afedersiniz berdu\u015f tak\u0131m\u0131n\u0131n gitti\u011fi, halk\u0131n uzakla\u015ft\u0131\u011f\u0131 bir yerdi. Ayaklar\u0131n\u0131n alt\u0131nda 10 numara bir plaj var ama Finike\u2019nin kendi vatanda\u015f\u0131 gitmiyordu oraya. \u015eimdi biz bir d\u00fczenleme yap\u0131p, Finike halk\u0131n\u0131n i\u015fletmecili\u011fini yapaca\u011f\u0131 yerler olu\u015fturaca\u011f\u0131z. Biz anahtar teslimi yerler yapaca\u011f\u0131z, onlar i\u015fletecek\u201d ifadelerini kulland\u0131.<\/p>\n<p>\u2018\u0130\u015eGALC\u0130YKEN RESM\u0130YET KAZANDIRIYORUZ\u2019<\/p>\n<p>Finike sahilinde hen\u00fcz bir kiralama yap\u0131lmad\u0131\u011f\u0131n\u0131 dile getiren G\u00fcle\u015f, i\u015flemleri il\u00e7e Kaymakaml\u0131\u011f\u0131 taraf\u0131ndan y\u00fcr\u00fct\u00fcld\u00fc\u011f\u00fcn\u00fc belirterek, \u201cBiz sahili do\u011fru ki\u015filere verelim, buras\u0131 bir \u00e7ekim merkezi olsun istiyoruz. Finike halk\u0131 gelsin, \u00e7olu\u011funu \u00e7ocu\u011funu getirsin. Tek derdimiz bu yani. Kira bedeli \u015fartlar\u0131n\u0131 sa\u011flayabilen arkada\u015flara kap\u0131m\u0131z a\u00e7\u0131k. \u0130\u015fgalciyken, resmiyet kazand\u0131r\u0131yoruz onlara. Kiralama i\u00e7in gelenler oldu, kira rakam\u0131n\u0131 y\u00fcksek buldular\u201d dedi.<\/p>\n<p>KEKOVA \u00dc\u00c7A\u011eIZ\u2019DA KAFE-RESTORAN YAPIMINA KURUL \u0130Z\u0130N VERMED\u0130<\/p>\n<p>Kekova \u00dc\u00e7a\u011f\u0131z\u2019daki iskelenin tahsisini de ald\u0131klar\u0131n\u0131 dile getiren AYDA\u015e A\u015e Genel M\u00fcd\u00fcr\u00fc Adnan G\u00fcle\u015f, \u201c\u015eu anda Antalya Y\u0130KOB olarak iskelenin tadilat\u0131n\u0131 yap\u0131yoruz. Yang\u0131n ve g\u00fcvenlik tedbirleri al\u0131n\u0131yor. \u00c7ok k\u00f6t\u00fc olmu\u015ftu. Kara taraf\u0131nda da kafeterya-restoran gibi taleplerimiz olmu\u015ftu ancak Koruma Kurulu ve Tabiat Varl\u0131klar\u0131 bunlara izin vermedi. Buraya sezonda g\u00fcnl\u00fck ortalama 1700 ziyaret\u00e7i geliyor. Yemek yemeye bir yer yok. Var ama yetmiyor. Biz orada g\u00fczellik anlam\u0131nda bir \u015fey yapal\u0131m istedik ama izin \u00e7\u0131kmad\u0131\u201d diye konu\u015ftu.<\/p>\n<p>\u2018\u00d6NCE M\u00dcD\u00dcR OLDUM, SONRA ANKARA\u2019DA \u015e\u0130RKET\u0130 KURDUK\u2019<\/p>\n<p>Y\u00f6neticisi oldu\u011fu \u015firketin neden Ankara\u2019da kurulup sonra Antalya Valili\u011fi b\u00fcnyesine ge\u00e7erek Antalya\u2019ya ta\u015f\u0131nd\u0131\u011f\u0131 y\u00f6n\u00fcndeki sorumuza da yan\u0131t veren Adnan G\u00fcle\u015f, ya\u015fanan s\u00fcreci \u015f\u00f6yle anlatt\u0131: \u201cBu \u015firket asl\u0131nda talimatla kuruldu. Yani \u00f6nce benim m\u00fcd\u00fcr olaca\u011f\u0131m kesinle\u015fti, ard\u0131ndan \u015firket kuruldu. Mevzuat gere\u011fi valilikler \u015firket kuram\u0131yordu ancak hibe alabiliyordu. Benim k\u0131y\u0131larla ilgili bir \u00e7al\u0131\u015fmam vard\u0131. K\u0131y\u0131lardaki i\u015fgalleri kiralamaya d\u00f6n\u00fck bir \u00e7al\u0131\u015fmayd\u0131 bu. \u0130lk ben yapt\u0131m bu \u00e7al\u0131\u015fmay\u0131. Haziran 2023\u2019te Antalya Valili\u011fi\u2019ne gelip, \u2018bak\u0131n b\u00f6yle bir gelir kap\u0131s\u0131 olabilir, hem de sahilin d\u00fczenlenmesine yard\u0131mc\u0131 olabilir\u2019 dedim. Antalya Y\u0130KOB Ba\u015fkan\u0131 Yal\u00e7\u0131n Sezgin\u2019e b\u00f6yle bir teklifte bulundu. O s\u0131rada bana m\u00fcd\u00fcrl\u00fck teklifinde bulunuldu. Benim m\u00fcd\u00fcr olaca\u011f\u0131m kesinle\u015fince, \u0130\u00e7i\u015fleri Bakanl\u0131\u011f\u0131\u2019n\u0131n da onay\u0131 gerekti\u011fi i\u00e7in \u015firketi Ankara\u2019da kurduk. \u00c7ok h\u0131zl\u0131 hareket etmemiz gerekiyordu bu y\u00fczden ad\u0131n\u0131 Agules koyduk. Nas\u0131l olsa de\u011fi\u015fecekti. \u00dc\u00e7 ay \u0130\u00e7i\u015fleri Bakanl\u0131\u011f\u0131\u2019n\u0131n imzas\u0131n\u0131 bekledik, sonra \u015firketi Antalya\u2019ya ta\u015f\u0131d\u0131k ve ad\u0131 AYDA\u015e oldu. Sonra hi\u00e7 kimsenin beklemedi\u011fi bir duruma geldi. Say\u0131n Hulusi \u015eahin Valimizin de ufku \u00e7ok geni\u015f. Biz bu \u015firketi kural\u0131m deyince destekledi. Biz bu \u015firketi talimatla kurduk yani. Sonradan kurup ba\u015f\u0131na m\u00fcd\u00fcr olarak gelmedim.\u201d<\/p>\n<p>KURULAN \u0130K\u0130NC\u0130 \u015e\u0130RKET \u0130\u015eLETMEC\u0130 OLACAK<\/p>\n<p>Daha \u00f6nce 14 y\u0131l bir otomotiv firmas\u0131nda y\u00f6neticilik yapt\u0131\u011f\u0131n\u0131 ve giri\u015fimci bir yap\u0131s\u0131 oldu\u011funu s\u00f6yleyen G\u00fcle\u015f, Antalya Valili\u011fi y\u00f6neticilerinin giri\u015fimiyle kurulan AYDA\u015e A\u015e\u2019nin b\u00fcnyesinde ge\u00e7ti\u011fimiz Nisan ay\u0131nda ikinci bir \u015firket kurulmas\u0131n\u0131 da \u015f\u00f6yle a\u00e7\u0131klad\u0131:<\/p>\n<p>\u201cAYDA\u015e A\u015e, anonim \u015firket olarak kurulmu\u015ftu ve daha \u00e7ok y\u00f6netim k\u0131sm\u0131nda olacak. \u0130kincisi limitet \u015firket olarak kuruldu. Meltem\u2019deki Millet Bah\u00e7esi\u2019nde \u2018\u0130kinci Bahar\u2019 ad\u0131nda bir i\u015fletmemiz var. Mermerli\u2019yi de bu limitet \u015firket \u00fczerinden i\u015fletebiliriz diye d\u00fc\u015f\u00fcnd\u00fck. \u0130\u015fletmeler k\u0131sm\u0131n\u0131 bu \u015firket \u00fczerinden yapmak istedik. Bir de her \u015feyi ayn\u0131 yerde toplayal\u0131m istemedik. \u015eimdiden temellerini atmak laz\u0131m baz\u0131 \u015feylerin. Bu i\u015f i\u00e7in de Kemer\u2019de otelciler birli\u011finde \u00e7al\u0131\u015fm\u0131\u015f bir arkada\u015f\u0131m\u0131z\u0131 g\u00f6revlendirdi, Say\u0131n Valimiz. Biz Antalya i\u00e7in \u00e7al\u0131\u015fmalar yap\u0131yoruz, yar\u0131n her \u015fey daha iyi olur diye d\u00fc\u015f\u00fcn\u00fcyoruz.\u201d<\/p>\n<p>\u200bK\u0131y\u0131 i\u015fgallerini yasal kiralamaya d\u00f6n\u00fc\u015ft\u00fcrebilece\u011fini \u00f6ne s\u00fcren bir giri\u015fimci, Antalya Valili\u011fi\u2019nin kap\u0131s\u0131n\u0131 \u00e7ald\u0131, \u00f6nce M\u00fcd\u00fcr yap\u0131ld\u0131, ard\u0131ndan ise \u015firket kuruldu. \u0130\u015fte talimatla kurulan Valilik \u015firketi AYDA\u015e\u2019\u0131n bilinmeyen \u00f6yk\u00fcs\u00fc\u2026\u00a0<\/p>\n<p>\u200bHaberin Al\u0131nt\u0131land\u0131\u011f\u0131 Kaynak: www.antalyakorfez.com<\/p>","protected":false},"excerpt":{"rendered":"<p>Antalya Valili\u011fi Yat\u0131r\u0131m \u0130zleme ve Koordinasyon Ba\u015fkanl\u0131\u011f\u0131 (Y\u0130KOB) b\u00fcnyesinde kurulan AYDA\u015e A\u015e, son aylarda kent g\u00fcndeminde tart\u0131\u015f\u0131lan konulardan biri haline geldi. Sahil kiralamalar\u0131 ve plaj i\u015fletmecili\u011fi ile an\u0131lan \u015firketin Ankara\u2019da kurulup 3 ay sonra Antalya\u2019ya ta\u015f\u0131nmas\u0131 soru i\u015faretlerine neden olmu\u015ftu. Trabzon k\u00f6kenli bir giri\u015fimci olan Adnan G\u00fcle\u015f taraf\u0131ndan Eyl\u00fcl 2023\u2019te \u2018Agules Yat\u0131r\u0131m \u0130n\u015faat Turizm A\u015e\u2019 Ankara\u2019da kurulan \u015firket, 3 ay sonra ad\u0131n\u0131 de\u011fi\u015ftirerek 22 Aral\u0131k 2023 tarihinde Antalya\u2019ya ta\u015f\u0131nd\u0131. Antalya Valili\u011fi\u2019nin Muratpa\u015fa Bay\u0131nd\u0131r Mahallesindeki ek hizmet binas\u0131na ta\u015f\u0131nan \u015firketin yeni ad\u0131 ise AYDA\u015e oldu. Sermayesi 30 milyona \u00e7\u0131kar\u0131lan \u015firketin kurucusu olan Adnan G\u00fcle\u015f\u2019in Valilik himayesine al\u0131nan AYDA\u015e\u2019a M\u00fcd\u00fcr olarak atanmas\u0131 dikkati \u00e7ekerken Antalya Y\u0130KOB y\u00f6neticileri de \u015firkete y\u00f6netim kurulu \u00fcyesi yap\u0131ld\u0131. MERMERL\u0130 PLAJINDA YAPILAN PROJE KORUMA KURULUNDAN GE\u00c7MED\u0130 Antalya Valili\u011fi\u2019nin kurdu\u011fu \u015firket, Side ve Finike sahilindeki k\u0131y\u0131 kiralamalar\u0131yla g\u00fcndeme geldi. Son olarak ise Kalei\u00e7i Yat Liman\u0131\u2019nda Valilik \u015eirketi eliyle y\u00fcr\u00fct\u00fclen Mermerli Plaj\u0131\u2019ndaki \u00e7evre d\u00fczenleme projesi tart\u0131\u015fmalar\u0131 beraberinde getirdi. Mermerli\u2019de uygulanan proje, Koruma B\u00f6lge Kurulu taraf\u0131ndan onaylanmad\u0131, konulan b\u00fcfeler Kurul karar\u0131 ile kald\u0131r\u0131ld\u0131. Kurul karar\u0131nda, tarihi sur duvar\u0131n\u0131n \u00fczerinde restoran olarak kullan\u0131lan k\u0131s\u0131mdaki yap\u0131lar\u0131n da kald\u0131r\u0131lmas\u0131 istendi. AYDA\u015e A\u015e GENEL M\u00dcD\u00dcR\u00dc ADNAN G\u00dcLE\u015e: \u2018KL\u0130MALI ORTAM LAZIM\u2019 Mermerli Plaj\u0131\u2019nda yap\u0131lan uygulamalar ile Finike ve Demre \u00dc\u00e7a\u011f\u0131z\u2019daki projeler hakk\u0131nda sorular\u0131m\u0131z\u0131 yan\u0131tlayan Valilik \u015firketi &hellip;<\/p>","protected":false},"author":5,"featured_media":0,"comment_status":"","ping_status":"open","sticky":false,"template":"","format":"standard","meta":{"_acf_changed":false,"footnotes":""},"categories":[24],"tags":[],"class_list":["post-101703","post","type-post","status-publish","format-standard","has-post-thumbnail","hentry","category-gundem"],"acf":[],"yoast_head":"<!-- This site is optimized with the Yoast SEO Premium plugin v26.6 (Yoast SEO v27.1.1) - https:\/\/yoast.com\/product\/yoast-seo-premium-wordpress\/ -->\n<title>Valilik \u00f6nce m\u00fcd\u00fcr\u00fcn\u00fc atad\u0131, sonra \u015firketini kurdu! - Av. Deniz Can K\u0131z\u0131l<\/title>\n<meta name=\"robots\" content=\"index, follow, max-snippet:-1, max-image-preview:large, max-video-preview:-1\" \/>\n<link rel=\"canonical\" href=\"https:\/\/denizcankizil.tr\/de\/haberler\/gundem\/valilik-once-mudurunu-atadi-sonra-sirketini-kurdu\/\" \/>\n<meta property=\"og:locale\" content=\"de_DE\" \/>\n<meta property=\"og:type\" content=\"article\" \/>\n<meta property=\"og:title\" content=\"Valilik \u00f6nce m\u00fcd\u00fcr\u00fcn\u00fc atad\u0131, sonra \u015firketini kurdu!\" \/>\n<meta property=\"og:description\" content=\"Antalya Valili\u011fi Yat\u0131r\u0131m \u0130zleme ve Koordinasyon Ba\u015fkanl\u0131\u011f\u0131 (Y\u0130KOB) b\u00fcnyesinde kurulan AYDA\u015e A\u015e, son aylarda kent g\u00fcndeminde tart\u0131\u015f\u0131lan konulardan biri haline geldi. Sahil kiralamalar\u0131 ve plaj i\u015fletmecili\u011fi ile an\u0131lan \u015firketin Ankara\u2019da kurulup 3 ay sonra Antalya\u2019ya ta\u015f\u0131nmas\u0131 soru i\u015faretlerine neden olmu\u015ftu. Trabzon k\u00f6kenli bir giri\u015fimci olan Adnan G\u00fcle\u015f taraf\u0131ndan Eyl\u00fcl 2023\u2019te \u2018Agules Yat\u0131r\u0131m \u0130n\u015faat Turizm A\u015e\u2019 Ankara\u2019da kurulan \u015firket, 3 ay sonra ad\u0131n\u0131 de\u011fi\u015ftirerek 22 Aral\u0131k 2023 tarihinde Antalya\u2019ya ta\u015f\u0131nd\u0131. Antalya Valili\u011fi\u2019nin Muratpa\u015fa Bay\u0131nd\u0131r Mahallesindeki ek hizmet binas\u0131na ta\u015f\u0131nan \u015firketin yeni ad\u0131 ise AYDA\u015e oldu. Sermayesi 30 milyona \u00e7\u0131kar\u0131lan \u015firketin kurucusu olan Adnan G\u00fcle\u015f\u2019in Valilik himayesine al\u0131nan AYDA\u015e\u2019a M\u00fcd\u00fcr olarak atanmas\u0131 dikkati \u00e7ekerken Antalya Y\u0130KOB y\u00f6neticileri de \u015firkete y\u00f6netim kurulu \u00fcyesi yap\u0131ld\u0131. MERMERL\u0130 PLAJINDA YAPILAN PROJE KORUMA KURULUNDAN GE\u00c7MED\u0130 Antalya Valili\u011fi\u2019nin kurdu\u011fu \u015firket, Side ve Finike sahilindeki k\u0131y\u0131 kiralamalar\u0131yla g\u00fcndeme geldi. Son olarak ise Kalei\u00e7i Yat Liman\u0131\u2019nda Valilik \u015eirketi eliyle y\u00fcr\u00fct\u00fclen Mermerli Plaj\u0131\u2019ndaki \u00e7evre d\u00fczenleme projesi tart\u0131\u015fmalar\u0131 beraberinde getirdi. Mermerli\u2019de uygulanan proje, Koruma B\u00f6lge Kurulu taraf\u0131ndan onaylanmad\u0131, konulan b\u00fcfeler Kurul karar\u0131 ile kald\u0131r\u0131ld\u0131. Kurul karar\u0131nda, tarihi sur duvar\u0131n\u0131n \u00fczerinde restoran olarak kullan\u0131lan k\u0131s\u0131mdaki yap\u0131lar\u0131n da kald\u0131r\u0131lmas\u0131 istendi. AYDA\u015e A\u015e GENEL M\u00dcD\u00dcR\u00dc ADNAN G\u00dcLE\u015e: \u2018KL\u0130MALI ORTAM LAZIM\u2019 Mermerli Plaj\u0131\u2019nda yap\u0131lan uygulamalar ile Finike ve Demre \u00dc\u00e7a\u011f\u0131z\u2019daki projeler hakk\u0131nda sorular\u0131m\u0131z\u0131 yan\u0131tlayan Valilik \u015firketi &hellip;\" \/>\n<meta property=\"og:url\" content=\"https:\/\/denizcankizil.tr\/de\/haberler\/gundem\/valilik-once-mudurunu-atadi-sonra-sirketini-kurdu\/\" \/>\n<meta property=\"og:site_name\" content=\"Av. Deniz Can K\u0131z\u0131l\" \/>\n<meta property=\"article:published_time\" content=\"2025-05-30T11:41:18+00:00\" \/>\n<meta name=\"author\" content=\"Antalya K\u00f6rfez\" \/>\n<meta name=\"twitter:card\" content=\"summary_large_image\" \/>\n<meta name=\"twitter:label1\" content=\"Verfasst von\" \/>\n\t<meta name=\"twitter:data1\" content=\"Antalya K\u00f6rfez\" \/>\n\t<meta name=\"twitter:label2\" content=\"Gesch\u00e4tzte Lesezeit\" \/>\n\t<meta name=\"twitter:data2\" content=\"7\u00a0Minuten\" \/>\n<script type=\"application\/ld+json\" class=\"yoast-schema-graph\">{\"@context\":\"https:\/\/schema.org\",\"@graph\":[{\"@type\":\"Article\",\"@id\":\"https:\/\/denizcankizil.tr\/de\/haberler\/gundem\/valilik-once-mudurunu-atadi-sonra-sirketini-kurdu\/#article\",\"isPartOf\":{\"@id\":\"https:\/\/denizcankizil.tr\/de\/haberler\/gundem\/valilik-once-mudurunu-atadi-sonra-sirketini-kurdu\/\"},\"author\":{\"name\":\"Antalya K\u00f6rfez\",\"@id\":\"https:\/\/denizcankizil.tr\/#\/schema\/person\/e1eb71bb4dd684d46563f0af307e1234\"},\"headline\":\"Valilik \u00f6nce m\u00fcd\u00fcr\u00fcn\u00fc atad\u0131, sonra \u015firketini kurdu!\",\"datePublished\":\"2025-05-30T11:41:18+00:00\",\"mainEntityOfPage\":{\"@id\":\"https:\/\/denizcankizil.tr\/de\/haberler\/gundem\/valilik-once-mudurunu-atadi-sonra-sirketini-kurdu\/\"},\"wordCount\":1472,\"publisher\":{\"@id\":\"https:\/\/denizcankizil.tr\/#organization\"},\"articleSection\":[\"G\u00fcndem\"],\"inLanguage\":\"de\"},{\"@type\":\"WebPage\",\"@id\":\"https:\/\/denizcankizil.tr\/de\/haberler\/gundem\/valilik-once-mudurunu-atadi-sonra-sirketini-kurdu\/\",\"url\":\"https:\/\/denizcankizil.tr\/de\/haberler\/gundem\/valilik-once-mudurunu-atadi-sonra-sirketini-kurdu\/\",\"name\":\"Valilik \u00f6nce m\u00fcd\u00fcr\u00fcn\u00fc atad\u0131, sonra \u015firketini kurdu! - Av. Deniz Can K\u0131z\u0131l\",\"isPartOf\":{\"@id\":\"https:\/\/denizcankizil.tr\/#website\"},\"datePublished\":\"2025-05-30T11:41:18+00:00\",\"breadcrumb\":{\"@id\":\"https:\/\/denizcankizil.tr\/de\/haberler\/gundem\/valilik-once-mudurunu-atadi-sonra-sirketini-kurdu\/#breadcrumb\"},\"inLanguage\":\"de\",\"potentialAction\":[{\"@type\":\"ReadAction\",\"target\":[\"https:\/\/denizcankizil.tr\/de\/haberler\/gundem\/valilik-once-mudurunu-atadi-sonra-sirketini-kurdu\/\"]}]},{\"@type\":\"BreadcrumbList\",\"@id\":\"https:\/\/denizcankizil.tr\/de\/haberler\/gundem\/valilik-once-mudurunu-atadi-sonra-sirketini-kurdu\/#breadcrumb\",\"itemListElement\":[{\"@type\":\"ListItem\",\"position\":1,\"name\":\"Home\",\"item\":\"https:\/\/denizcankizil.tr\/de\/\"},{\"@type\":\"ListItem\",\"position\":2,\"name\":\"Valilik \u00f6nce m\u00fcd\u00fcr\u00fcn\u00fc atad\u0131, sonra \u015firketini kurdu!\"}]},{\"@type\":\"WebSite\",\"@id\":\"https:\/\/denizcankizil.tr\/#website\",\"url\":\"https:\/\/denizcankizil.tr\/\",\"name\":\"Av. Deniz Can K\u0131z\u0131l\",\"description\":\"Avukat Deniz Can K\u0131z\u0131l Antalya Barosu\",\"publisher\":{\"@id\":\"https:\/\/denizcankizil.tr\/#organization\"},\"potentialAction\":[{\"@type\":\"SearchAction\",\"target\":{\"@type\":\"EntryPoint\",\"urlTemplate\":\"https:\/\/denizcankizil.tr\/?s={search_term_string}\"},\"query-input\":{\"@type\":\"PropertyValueSpecification\",\"valueRequired\":true,\"valueName\":\"search_term_string\"}}],\"inLanguage\":\"de\"},{\"@type\":\"Organization\",\"@id\":\"https:\/\/denizcankizil.tr\/#organization\",\"name\":\"Av. Deniz Can K\u0131z\u0131l\",\"url\":\"https:\/\/denizcankizil.tr\/\",\"logo\":{\"@type\":\"ImageObject\",\"inLanguage\":\"de\",\"@id\":\"https:\/\/denizcankizil.tr\/#\/schema\/logo\/image\/\",\"url\":\"https:\/\/denizcankizil.tr\/wp-content\/uploads\/2024\/10\/siyah-logo-svg.svg\",\"contentUrl\":\"https:\/\/denizcankizil.tr\/wp-content\/uploads\/2024\/10\/siyah-logo-svg.svg\",\"width\":1080,\"height\":1080,\"caption\":\"Av. Deniz Can K\u0131z\u0131l\"},\"image\":{\"@id\":\"https:\/\/denizcankizil.tr\/#\/schema\/logo\/image\/\"}},{\"@type\":\"Person\",\"@id\":\"https:\/\/denizcankizil.tr\/#\/schema\/person\/e1eb71bb4dd684d46563f0af307e1234\",\"name\":\"Antalya K\u00f6rfez\",\"image\":{\"@type\":\"ImageObject\",\"inLanguage\":\"de\",\"@id\":\"https:\/\/denizcankizil.tr\/#\/schema\/person\/image\/\",\"url\":\"https:\/\/secure.gravatar.com\/avatar\/42b01982558a48a0b501fdcab6a408d3717ea5919095ee2e67b0e521799c5905?s=96&d=mm&r=g\",\"contentUrl\":\"https:\/\/secure.gravatar.com\/avatar\/42b01982558a48a0b501fdcab6a408d3717ea5919095ee2e67b0e521799c5905?s=96&d=mm&r=g\",\"caption\":\"Antalya K\u00f6rfez\"},\"sameAs\":[\"http:\/\/www.antalyakorfez.com\"],\"url\":\"https:\/\/www.antalyakorfez.com\/valilik-once-mudurunu-atadi-sonra-sirketini-kurdu\"}]}<\/script>\n<!-- \/ Yoast SEO Premium plugin. -->","yoast_head_json":{"title":"Valilik \u00f6nce m\u00fcd\u00fcr\u00fcn\u00fc atad\u0131, sonra \u015firketini kurdu! - Av. Deniz Can K\u0131z\u0131l","robots":{"index":"index","follow":"follow","max-snippet":"max-snippet:-1","max-image-preview":"max-image-preview:large","max-video-preview":"max-video-preview:-1"},"canonical":"https:\/\/denizcankizil.tr\/de\/haberler\/gundem\/valilik-once-mudurunu-atadi-sonra-sirketini-kurdu\/","og_locale":"de_DE","og_type":"article","og_title":"Valilik \u00f6nce m\u00fcd\u00fcr\u00fcn\u00fc atad\u0131, sonra \u015firketini kurdu!","og_description":"Antalya Valili\u011fi Yat\u0131r\u0131m \u0130zleme ve Koordinasyon Ba\u015fkanl\u0131\u011f\u0131 (Y\u0130KOB) b\u00fcnyesinde kurulan AYDA\u015e A\u015e, son aylarda kent g\u00fcndeminde tart\u0131\u015f\u0131lan konulardan biri haline geldi. Sahil kiralamalar\u0131 ve plaj i\u015fletmecili\u011fi ile an\u0131lan \u015firketin Ankara\u2019da kurulup 3 ay sonra Antalya\u2019ya ta\u015f\u0131nmas\u0131 soru i\u015faretlerine neden olmu\u015ftu. Trabzon k\u00f6kenli bir giri\u015fimci olan Adnan G\u00fcle\u015f taraf\u0131ndan Eyl\u00fcl 2023\u2019te \u2018Agules Yat\u0131r\u0131m \u0130n\u015faat Turizm A\u015e\u2019 Ankara\u2019da kurulan \u015firket, 3 ay sonra ad\u0131n\u0131 de\u011fi\u015ftirerek 22 Aral\u0131k 2023 tarihinde Antalya\u2019ya ta\u015f\u0131nd\u0131. Antalya Valili\u011fi\u2019nin Muratpa\u015fa Bay\u0131nd\u0131r Mahallesindeki ek hizmet binas\u0131na ta\u015f\u0131nan \u015firketin yeni ad\u0131 ise AYDA\u015e oldu. Sermayesi 30 milyona \u00e7\u0131kar\u0131lan \u015firketin kurucusu olan Adnan G\u00fcle\u015f\u2019in Valilik himayesine al\u0131nan AYDA\u015e\u2019a M\u00fcd\u00fcr olarak atanmas\u0131 dikkati \u00e7ekerken Antalya Y\u0130KOB y\u00f6neticileri de \u015firkete y\u00f6netim kurulu \u00fcyesi yap\u0131ld\u0131. MERMERL\u0130 PLAJINDA YAPILAN PROJE KORUMA KURULUNDAN GE\u00c7MED\u0130 Antalya Valili\u011fi\u2019nin kurdu\u011fu \u015firket, Side ve Finike sahilindeki k\u0131y\u0131 kiralamalar\u0131yla g\u00fcndeme geldi. Son olarak ise Kalei\u00e7i Yat Liman\u0131\u2019nda Valilik \u015eirketi eliyle y\u00fcr\u00fct\u00fclen Mermerli Plaj\u0131\u2019ndaki \u00e7evre d\u00fczenleme projesi tart\u0131\u015fmalar\u0131 beraberinde getirdi. Mermerli\u2019de uygulanan proje, Koruma B\u00f6lge Kurulu taraf\u0131ndan onaylanmad\u0131, konulan b\u00fcfeler Kurul karar\u0131 ile kald\u0131r\u0131ld\u0131. Kurul karar\u0131nda, tarihi sur duvar\u0131n\u0131n \u00fczerinde restoran olarak kullan\u0131lan k\u0131s\u0131mdaki yap\u0131lar\u0131n da kald\u0131r\u0131lmas\u0131 istendi. AYDA\u015e A\u015e GENEL M\u00dcD\u00dcR\u00dc ADNAN G\u00dcLE\u015e: \u2018KL\u0130MALI ORTAM LAZIM\u2019 Mermerli Plaj\u0131\u2019nda yap\u0131lan uygulamalar ile Finike ve Demre \u00dc\u00e7a\u011f\u0131z\u2019daki projeler hakk\u0131nda sorular\u0131m\u0131z\u0131 yan\u0131tlayan Valilik \u015firketi &hellip;","og_url":"https:\/\/denizcankizil.tr\/de\/haberler\/gundem\/valilik-once-mudurunu-atadi-sonra-sirketini-kurdu\/","og_site_name":"Av. Deniz Can K\u0131z\u0131l","article_published_time":"2025-05-30T11:41:18+00:00","author":"Antalya K\u00f6rfez","twitter_card":"summary_large_image","twitter_misc":{"Verfasst von":"Antalya K\u00f6rfez","Gesch\u00e4tzte Lesezeit":"7\u00a0Minuten"},"schema":{"@context":"https:\/\/schema.org","@graph":[{"@type":"Article","@id":"https:\/\/denizcankizil.tr\/de\/haberler\/gundem\/valilik-once-mudurunu-atadi-sonra-sirketini-kurdu\/#article","isPartOf":{"@id":"https:\/\/denizcankizil.tr\/de\/haberler\/gundem\/valilik-once-mudurunu-atadi-sonra-sirketini-kurdu\/"},"author":{"name":"Antalya K\u00f6rfez","@id":"https:\/\/denizcankizil.tr\/#\/schema\/person\/e1eb71bb4dd684d46563f0af307e1234"},"headline":"Valilik \u00f6nce m\u00fcd\u00fcr\u00fcn\u00fc atad\u0131, sonra \u015firketini kurdu!","datePublished":"2025-05-30T11:41:18+00:00","mainEntityOfPage":{"@id":"https:\/\/denizcankizil.tr\/de\/haberler\/gundem\/valilik-once-mudurunu-atadi-sonra-sirketini-kurdu\/"},"wordCount":1472,"publisher":{"@id":"https:\/\/denizcankizil.tr\/#organization"},"articleSection":["G\u00fcndem"],"inLanguage":"de"},{"@type":"WebPage","@id":"https:\/\/denizcankizil.tr\/de\/haberler\/gundem\/valilik-once-mudurunu-atadi-sonra-sirketini-kurdu\/","url":"https:\/\/denizcankizil.tr\/de\/haberler\/gundem\/valilik-once-mudurunu-atadi-sonra-sirketini-kurdu\/","name":"Valilik \u00f6nce m\u00fcd\u00fcr\u00fcn\u00fc atad\u0131, sonra \u015firketini kurdu! - Av. Deniz Can K\u0131z\u0131l","isPartOf":{"@id":"https:\/\/denizcankizil.tr\/#website"},"datePublished":"2025-05-30T11:41:18+00:00","breadcrumb":{"@id":"https:\/\/denizcankizil.tr\/de\/haberler\/gundem\/valilik-once-mudurunu-atadi-sonra-sirketini-kurdu\/#breadcrumb"},"inLanguage":"de","potentialAction":[{"@type":"ReadAction","target":["https:\/\/denizcankizil.tr\/de\/haberler\/gundem\/valilik-once-mudurunu-atadi-sonra-sirketini-kurdu\/"]}]},{"@type":"BreadcrumbList","@id":"https:\/\/denizcankizil.tr\/de\/haberler\/gundem\/valilik-once-mudurunu-atadi-sonra-sirketini-kurdu\/#breadcrumb","itemListElement":[{"@type":"ListItem","position":1,"name":"Home","item":"https:\/\/denizcankizil.tr\/de\/"},{"@type":"ListItem","position":2,"name":"Valilik \u00f6nce m\u00fcd\u00fcr\u00fcn\u00fc atad\u0131, sonra \u015firketini kurdu!"}]},{"@type":"WebSite","@id":"https:\/\/denizcankizil.tr\/#website","url":"https:\/\/denizcankizil.tr\/","name":"Av. Deniz Can K\u0131z\u0131l","description":"Avukat Deniz Can K\u0131z\u0131l Antalya Barosu","publisher":{"@id":"https:\/\/denizcankizil.tr\/#organization"},"potentialAction":[{"@type":"SearchAction","target":{"@type":"EntryPoint","urlTemplate":"https:\/\/denizcankizil.tr\/?s={search_term_string}"},"query-input":{"@type":"PropertyValueSpecification","valueRequired":true,"valueName":"search_term_string"}}],"inLanguage":"de"},{"@type":"Organization","@id":"https:\/\/denizcankizil.tr\/#organization","name":"Av. Deniz Can K\u0131z\u0131l","url":"https:\/\/denizcankizil.tr\/","logo":{"@type":"ImageObject","inLanguage":"de","@id":"https:\/\/denizcankizil.tr\/#\/schema\/logo\/image\/","url":"https:\/\/denizcankizil.tr\/wp-content\/uploads\/2024\/10\/siyah-logo-svg.svg","contentUrl":"https:\/\/denizcankizil.tr\/wp-content\/uploads\/2024\/10\/siyah-logo-svg.svg","width":1080,"height":1080,"caption":"Av. Deniz Can K\u0131z\u0131l"},"image":{"@id":"https:\/\/denizcankizil.tr\/#\/schema\/logo\/image\/"}},{"@type":"Person","@id":"https:\/\/denizcankizil.tr\/#\/schema\/person\/e1eb71bb4dd684d46563f0af307e1234","name":"Antalya K\u00f6rfez","image":{"@type":"ImageObject","inLanguage":"de","@id":"https:\/\/denizcankizil.tr\/#\/schema\/person\/image\/","url":"https:\/\/secure.gravatar.com\/avatar\/42b01982558a48a0b501fdcab6a408d3717ea5919095ee2e67b0e521799c5905?s=96&d=mm&r=g","contentUrl":"https:\/\/secure.gravatar.com\/avatar\/42b01982558a48a0b501fdcab6a408d3717ea5919095ee2e67b0e521799c5905?s=96&d=mm&r=g","caption":"Antalya K\u00f6rfez"},"sameAs":["http:\/\/www.antalyakorfez.com"],"url":"https:\/\/www.antalyakorfez.com\/valilik-once-mudurunu-atadi-sonra-sirketini-kurdu"}]}},"_links":{"self":[{"href":"https:\/\/denizcankizil.tr\/de\/wp-json\/wp\/v2\/posts\/101703","targetHints":{"allow":["GET"]}}],"collection":[{"href":"https:\/\/denizcankizil.tr\/de\/wp-json\/wp\/v2\/posts"}],"about":[{"href":"https:\/\/denizcankizil.tr\/de\/wp-json\/wp\/v2\/types\/post"}],"author":[{"embeddable":true,"href":"https:\/\/denizcankizil.tr\/de\/wp-json\/wp\/v2\/users\/5"}],"replies":[{"embeddable":true,"href":"https:\/\/denizcankizil.tr\/de\/wp-json\/wp\/v2\/comments?post=101703"}],"version-history":[{"count":0,"href":"https:\/\/denizcankizil.tr\/de\/wp-json\/wp\/v2\/posts\/101703\/revisions"}],"wp:attachment":[{"href":"https:\/\/denizcankizil.tr\/de\/wp-json\/wp\/v2\/media?parent=101703"}],"wp:term":[{"taxonomy":"category","embeddable":true,"href":"https:\/\/denizcankizil.tr\/de\/wp-json\/wp\/v2\/categories?post=101703"},{"taxonomy":"post_tag","embeddable":true,"href":"https:\/\/denizcankizil.tr\/de\/wp-json\/wp\/v2\/tags?post=101703"}],"curies":[{"name":"wp","href":"https:\/\/api.w.org\/{rel}","templated":true}]}}