{"id":101654,"date":"2025-05-30T13:41:16","date_gmt":"2025-05-30T10:41:16","guid":{"rendered":"https:\/\/denizcankizil.tr\/uncategorized-tr\/akdenizli-ogrencilerden-anlamli-proje\/"},"modified":"2025-05-30T13:41:16","modified_gmt":"2025-05-30T10:41:16","slug":"akdenizli-ogrencilerden-anlamli-proje","status":"publish","type":"post","link":"https:\/\/denizcankizil.tr\/de\/haberler\/antalya\/akdenizli-ogrencilerden-anlamli-proje\/","title":{"rendered":"Akdenizli \u00f6\u011frencilerden anlaml\u0131 proje"},"content":{"rendered":"<p>Akdeniz \u00dcniversitesi Sosyal Bilimler Meslek Y\u00fcksekokulu Halkla \u0130li\u015fkiler ve Tan\u0131t\u0131m Program\u0131&#8217;ndan 3&#8217;\u00fc Hatayl\u0131 7 \u00f6\u011frenci, \u00d6\u011fr. G\u00f6r. \u00d6zlem Mansuro\u011flu Reyhan \u00f6nc\u00fcl\u00fc\u011f\u00fcnde yakla\u015f\u0131k 3 ay s\u00fcren bir \u00e7al\u0131\u015fma y\u00fcr\u00fcterek, Defne il\u00e7esindeki Suba\u015f\u0131 Mehmet Akif \u0130lkokulu&#8217;na k\u00fct\u00fcphane kazand\u0131rd\u0131.<br \/>\nK\u00fct\u00fcphanesi bulunmayan okulda kullan\u0131lmayan bir depo, gerekli altyap\u0131 ve tadilat i\u015flemlerinin ard\u0131ndan renkli, modern ve \u00e7ocuk dostu bir okuma salonuna d\u00f6n\u00fc\u015ft\u00fcr\u00fcld\u00fc. Projede kitap raflar\u0131, masa-sandalye tak\u0131mlar\u0131 ve projeksiyon sistemi gibi e\u011fitim destekleyici ekipmanlar da yer ald\u0131.<\/p>\n<p>T\u00fcm s\u00fcreci \u00f6\u011frenciler y\u00f6netti<br \/>\n\u00d6\u011frenciler Emilay G\u00fcnsay, Mehmet Zeki Erciya\u015f, Buse Karakurt, Selma Kabasakal, Rahime Al, Aziza Ali, Mine Altay ve Berfin K\u0131lg\u0131, \u00f6\u011fretmenleriyle birlikte kap\u0131 giri\u015finden duvar ve tavan tadilat\u0131na, elektrik altyap\u0131s\u0131ndan boyama i\u015flemlerine kadar t\u00fcm s\u00fcreci \u00fcstlendi. Alan\u0131 daha cazip hale getirmek amac\u0131yla \u00e7ocuk temal\u0131 duvar resimleri ise sanat\u00e7\u0131 Derya Tatl\u0131c\u0131 taraf\u0131ndan yap\u0131ld\u0131.<\/p>\n<p>&#8220;S\u0131radan bir k\u00fct\u00fcphane de\u011fil, umutlar\u0131n mek\u00e2n\u0131&#8221;<br \/>\nProje koordinat\u00f6r\u00fc \u00d6\u011fr. G\u00f6r. \u00d6zlem Mansuro\u011flu Reyhan, &#8220;Bu s\u0131radan bir k\u00fct\u00fcphane yenileme de\u011fil, at\u0131l bir alan\u0131 \u00e7ocuklar\u0131n gelece\u011fine katk\u0131 sa\u011flayacak bir merkez haline getirdik. Hatayl\u0131 \u00f6\u011frencilerimizin saha \u00e7al\u0131\u015fmas\u0131na aktif kat\u0131lmas\u0131 b\u00fcy\u00fck avantaj sa\u011flad\u0131. \u00c7ocuklar\u0131n g\u00f6zlerindeki mutlulu\u011fu g\u00f6rmek her \u015feye de\u011fdi&#8221; dedi.<br \/>\nKendisinin de Hatayl\u0131 oldu\u011funu ifade eden Reyhan, &#8220;Depremin en b\u00fcy\u00fck ma\u011fdurlar\u0131 \u00e7ocuklar. Onlar\u0131n hayata yeniden tutunabilmeleri i\u00e7in elimizden gelen deste\u011fi vermeliyiz. Bu sadece e\u011fitim de\u011fil, ayn\u0131 zamanda psikolojik iyile\u015fmenin de bir par\u00e7as\u0131&#8221; diye konu\u015ftu.<\/p>\n<p>&#8220;Memleketime katk\u0131 sa\u011flamak gurur verici&#8221;<br \/>\nProjede yer alan ve ayn\u0131 zamanda Hatayl\u0131 olan Halkla \u0130li\u015fkiler 2. s\u0131n\u0131f \u00f6\u011frencisi Emilay G\u00fcnsay da, &#8220;\u00c7ocuklar\u0131n y\u00fcz\u00fcndeki o mutlulu\u011fu g\u00f6rmek her \u015feye bedeldi. Memleketime katk\u0131 sa\u011flamak benim i\u00e7in gurur kayna\u011f\u0131&#8221; ifadelerini kulland\u0131.<br \/>\n&#8220;Bir Kitap, Bir Hayal, Bir Umut&#8221; slogan\u0131yla yola \u00e7\u0131kan \u00fcniversiteli gen\u00e7ler, sosyal sorumluluk bilinciyle e\u011fitim ortamlar\u0131n\u0131 iyile\u015ftirmekle kalmay\u0131p \u00e7ocuklar\u0131n hayallerine de dokunan kal\u0131c\u0131 bir projeye imza att\u0131.<\/p>\n<p>Kaynak: www.kanalv.com.tr Haber Sitesinden Al\u0131nm\u0131\u015ft\u0131r.<\/p>","protected":false},"excerpt":{"rendered":"<p>Akdeniz \u00dcniversitesi Sosyal Bilimler Meslek Y\u00fcksekokulu Halkla \u0130li\u015fkiler ve Tan\u0131t\u0131m Program\u0131&#8217;ndan 3&#8217;\u00fc Hatayl\u0131 7 \u00f6\u011frenci, \u00d6\u011fr. G\u00f6r. \u00d6zlem Mansuro\u011flu Reyhan \u00f6nc\u00fcl\u00fc\u011f\u00fcnde yakla\u015f\u0131k 3 ay s\u00fcren bir \u00e7al\u0131\u015fma y\u00fcr\u00fcterek, Defne il\u00e7esindeki Suba\u015f\u0131 Mehmet Akif \u0130lkokulu&#8217;na k\u00fct\u00fcphane kazand\u0131rd\u0131. K\u00fct\u00fcphanesi bulunmayan okulda kullan\u0131lmayan bir depo, gerekli altyap\u0131 ve tadilat i\u015flemlerinin ard\u0131ndan renkli, modern ve \u00e7ocuk dostu bir okuma salonuna d\u00f6n\u00fc\u015ft\u00fcr\u00fcld\u00fc. Projede kitap raflar\u0131, masa-sandalye tak\u0131mlar\u0131 ve projeksiyon sistemi gibi e\u011fitim destekleyici ekipmanlar da yer ald\u0131. T\u00fcm s\u00fcreci \u00f6\u011frenciler y\u00f6netti \u00d6\u011frenciler Emilay G\u00fcnsay, Mehmet Zeki Erciya\u015f, Buse Karakurt, Selma Kabasakal, Rahime Al, Aziza Ali, Mine Altay ve Berfin K\u0131lg\u0131, \u00f6\u011fretmenleriyle birlikte kap\u0131 giri\u015finden duvar ve tavan tadilat\u0131na, elektrik altyap\u0131s\u0131ndan boyama i\u015flemlerine kadar t\u00fcm s\u00fcreci \u00fcstlendi. Alan\u0131 daha cazip hale getirmek amac\u0131yla \u00e7ocuk temal\u0131 duvar resimleri ise sanat\u00e7\u0131 Derya Tatl\u0131c\u0131 taraf\u0131ndan yap\u0131ld\u0131. &#8220;S\u0131radan bir k\u00fct\u00fcphane de\u011fil, umutlar\u0131n mek\u00e2n\u0131&#8221; Proje koordinat\u00f6r\u00fc \u00d6\u011fr. G\u00f6r. \u00d6zlem Mansuro\u011flu Reyhan, &#8220;Bu s\u0131radan bir k\u00fct\u00fcphane yenileme de\u011fil, at\u0131l bir alan\u0131 \u00e7ocuklar\u0131n gelece\u011fine katk\u0131 sa\u011flayacak bir merkez haline getirdik. Hatayl\u0131 \u00f6\u011frencilerimizin saha \u00e7al\u0131\u015fmas\u0131na aktif kat\u0131lmas\u0131 b\u00fcy\u00fck avantaj sa\u011flad\u0131. \u00c7ocuklar\u0131n g\u00f6zlerindeki mutlulu\u011fu g\u00f6rmek her \u015feye de\u011fdi&#8221; dedi. Kendisinin de Hatayl\u0131 oldu\u011funu ifade eden Reyhan, &#8220;Depremin en b\u00fcy\u00fck ma\u011fdurlar\u0131 \u00e7ocuklar. Onlar\u0131n hayata yeniden tutunabilmeleri i\u00e7in elimizden gelen deste\u011fi vermeliyiz. Bu sadece e\u011fitim de\u011fil, ayn\u0131 &hellip;<\/p>","protected":false},"author":4,"featured_media":101655,"comment_status":"","ping_status":"open","sticky":false,"template":"","format":"standard","meta":{"_acf_changed":false,"footnotes":""},"categories":[26],"tags":[],"class_list":["post-101654","post","type-post","status-publish","format-standard","has-post-thumbnail","hentry","category-antalya"],"acf":[],"yoast_head":"<!-- This site is optimized with the Yoast SEO Premium plugin v26.6 (Yoast SEO v27.1.1) - https:\/\/yoast.com\/product\/yoast-seo-premium-wordpress\/ -->\n<title>Akdenizli \u00f6\u011frencilerden anlaml\u0131 proje - Av. Deniz Can K\u0131z\u0131l<\/title>\n<meta name=\"robots\" content=\"index, follow, max-snippet:-1, max-image-preview:large, max-video-preview:-1\" \/>\n<link rel=\"canonical\" href=\"https:\/\/denizcankizil.tr\/de\/haberler\/antalya\/akdenizli-ogrencilerden-anlamli-proje\/\" \/>\n<meta property=\"og:locale\" content=\"de_DE\" \/>\n<meta property=\"og:type\" content=\"article\" \/>\n<meta property=\"og:title\" content=\"Akdenizli \u00f6\u011frencilerden anlaml\u0131 proje\" \/>\n<meta property=\"og:description\" content=\"Akdeniz \u00dcniversitesi Sosyal Bilimler Meslek Y\u00fcksekokulu Halkla \u0130li\u015fkiler ve Tan\u0131t\u0131m Program\u0131&#8217;ndan 3&#8217;\u00fc Hatayl\u0131 7 \u00f6\u011frenci, \u00d6\u011fr. G\u00f6r. \u00d6zlem Mansuro\u011flu Reyhan \u00f6nc\u00fcl\u00fc\u011f\u00fcnde yakla\u015f\u0131k 3 ay s\u00fcren bir \u00e7al\u0131\u015fma y\u00fcr\u00fcterek, Defne il\u00e7esindeki Suba\u015f\u0131 Mehmet Akif \u0130lkokulu&#8217;na k\u00fct\u00fcphane kazand\u0131rd\u0131. K\u00fct\u00fcphanesi bulunmayan okulda kullan\u0131lmayan bir depo, gerekli altyap\u0131 ve tadilat i\u015flemlerinin ard\u0131ndan renkli, modern ve \u00e7ocuk dostu bir okuma salonuna d\u00f6n\u00fc\u015ft\u00fcr\u00fcld\u00fc. Projede kitap raflar\u0131, masa-sandalye tak\u0131mlar\u0131 ve projeksiyon sistemi gibi e\u011fitim destekleyici ekipmanlar da yer ald\u0131. T\u00fcm s\u00fcreci \u00f6\u011frenciler y\u00f6netti \u00d6\u011frenciler Emilay G\u00fcnsay, Mehmet Zeki Erciya\u015f, Buse Karakurt, Selma Kabasakal, Rahime Al, Aziza Ali, Mine Altay ve Berfin K\u0131lg\u0131, \u00f6\u011fretmenleriyle birlikte kap\u0131 giri\u015finden duvar ve tavan tadilat\u0131na, elektrik altyap\u0131s\u0131ndan boyama i\u015flemlerine kadar t\u00fcm s\u00fcreci \u00fcstlendi. Alan\u0131 daha cazip hale getirmek amac\u0131yla \u00e7ocuk temal\u0131 duvar resimleri ise sanat\u00e7\u0131 Derya Tatl\u0131c\u0131 taraf\u0131ndan yap\u0131ld\u0131. &#8220;S\u0131radan bir k\u00fct\u00fcphane de\u011fil, umutlar\u0131n mek\u00e2n\u0131&#8221; Proje koordinat\u00f6r\u00fc \u00d6\u011fr. G\u00f6r. \u00d6zlem Mansuro\u011flu Reyhan, &#8220;Bu s\u0131radan bir k\u00fct\u00fcphane yenileme de\u011fil, at\u0131l bir alan\u0131 \u00e7ocuklar\u0131n gelece\u011fine katk\u0131 sa\u011flayacak bir merkez haline getirdik. Hatayl\u0131 \u00f6\u011frencilerimizin saha \u00e7al\u0131\u015fmas\u0131na aktif kat\u0131lmas\u0131 b\u00fcy\u00fck avantaj sa\u011flad\u0131. \u00c7ocuklar\u0131n g\u00f6zlerindeki mutlulu\u011fu g\u00f6rmek her \u015feye de\u011fdi&#8221; dedi. Kendisinin de Hatayl\u0131 oldu\u011funu ifade eden Reyhan, &#8220;Depremin en b\u00fcy\u00fck ma\u011fdurlar\u0131 \u00e7ocuklar. Onlar\u0131n hayata yeniden tutunabilmeleri i\u00e7in elimizden gelen deste\u011fi vermeliyiz. Bu sadece e\u011fitim de\u011fil, ayn\u0131 &hellip;\" \/>\n<meta property=\"og:url\" content=\"https:\/\/denizcankizil.tr\/de\/haberler\/antalya\/akdenizli-ogrencilerden-anlamli-proje\/\" \/>\n<meta property=\"og:site_name\" content=\"Av. Deniz Can K\u0131z\u0131l\" \/>\n<meta property=\"article:published_time\" content=\"2025-05-30T10:41:16+00:00\" \/>\n<meta property=\"og:image\" content=\"https:\/\/denizcankizil.tr\/wp-content\/uploads\/2025\/05\/6626-01-qPInsD.jpg\" \/>\n\t<meta property=\"og:image:width\" content=\"1280\" \/>\n\t<meta property=\"og:image:height\" content=\"720\" \/>\n\t<meta property=\"og:image:type\" content=\"image\/jpeg\" \/>\n<meta name=\"author\" content=\"Av. Deniz Can K\u0131z\u0131l\" \/>\n<meta name=\"twitter:card\" content=\"summary_large_image\" \/>\n<meta name=\"twitter:label1\" content=\"Verfasst von\" \/>\n\t<meta name=\"twitter:data1\" content=\"Av. Deniz Can K\u0131z\u0131l\" \/>\n\t<meta name=\"twitter:label2\" content=\"Gesch\u00e4tzte Lesezeit\" \/>\n\t<meta name=\"twitter:data2\" content=\"2\u00a0Minuten\" \/>\n<script type=\"application\/ld+json\" class=\"yoast-schema-graph\">{\"@context\":\"https:\/\/schema.org\",\"@graph\":[{\"@type\":\"Article\",\"@id\":\"https:\/\/denizcankizil.tr\/de\/haberler\/antalya\/akdenizli-ogrencilerden-anlamli-proje\/#article\",\"isPartOf\":{\"@id\":\"https:\/\/denizcankizil.tr\/de\/haberler\/antalya\/akdenizli-ogrencilerden-anlamli-proje\/\"},\"author\":{\"name\":\"Av. Deniz Can K\u0131z\u0131l\",\"@id\":\"https:\/\/denizcankizil.tr\/de\/#\/schema\/person\/5dc1b22991bd7ac833867c10afc9b0ff\"},\"headline\":\"Akdenizli \u00f6\u011frencilerden anlaml\u0131 proje\",\"datePublished\":\"2025-05-30T10:41:16+00:00\",\"mainEntityOfPage\":{\"@id\":\"https:\/\/denizcankizil.tr\/de\/haberler\/antalya\/akdenizli-ogrencilerden-anlamli-proje\/\"},\"wordCount\":390,\"publisher\":{\"@id\":\"https:\/\/denizcankizil.tr\/de\/#organization\"},\"image\":{\"@id\":\"https:\/\/denizcankizil.tr\/de\/haberler\/antalya\/akdenizli-ogrencilerden-anlamli-proje\/#primaryimage\"},\"thumbnailUrl\":\"https:\/\/denizcankizil.tr\/wp-content\/uploads\/2025\/05\/6626-01-qPInsD.jpg\",\"articleSection\":[\"Antalya\"],\"inLanguage\":\"de\"},{\"@type\":\"WebPage\",\"@id\":\"https:\/\/denizcankizil.tr\/de\/haberler\/antalya\/akdenizli-ogrencilerden-anlamli-proje\/\",\"url\":\"https:\/\/denizcankizil.tr\/de\/haberler\/antalya\/akdenizli-ogrencilerden-anlamli-proje\/\",\"name\":\"Akdenizli \u00f6\u011frencilerden anlaml\u0131 proje - Av. Deniz Can K\u0131z\u0131l\",\"isPartOf\":{\"@id\":\"https:\/\/denizcankizil.tr\/de\/#website\"},\"primaryImageOfPage\":{\"@id\":\"https:\/\/denizcankizil.tr\/de\/haberler\/antalya\/akdenizli-ogrencilerden-anlamli-proje\/#primaryimage\"},\"image\":{\"@id\":\"https:\/\/denizcankizil.tr\/de\/haberler\/antalya\/akdenizli-ogrencilerden-anlamli-proje\/#primaryimage\"},\"thumbnailUrl\":\"https:\/\/denizcankizil.tr\/wp-content\/uploads\/2025\/05\/6626-01-qPInsD.jpg\",\"datePublished\":\"2025-05-30T10:41:16+00:00\",\"breadcrumb\":{\"@id\":\"https:\/\/denizcankizil.tr\/de\/haberler\/antalya\/akdenizli-ogrencilerden-anlamli-proje\/#breadcrumb\"},\"inLanguage\":\"de\",\"potentialAction\":[{\"@type\":\"ReadAction\",\"target\":[\"https:\/\/denizcankizil.tr\/de\/haberler\/antalya\/akdenizli-ogrencilerden-anlamli-proje\/\"]}]},{\"@type\":\"ImageObject\",\"inLanguage\":\"de\",\"@id\":\"https:\/\/denizcankizil.tr\/de\/haberler\/antalya\/akdenizli-ogrencilerden-anlamli-proje\/#primaryimage\",\"url\":\"https:\/\/denizcankizil.tr\/wp-content\/uploads\/2025\/05\/6626-01-qPInsD.jpg\",\"contentUrl\":\"https:\/\/denizcankizil.tr\/wp-content\/uploads\/2025\/05\/6626-01-qPInsD.jpg\",\"width\":1280,\"height\":720},{\"@type\":\"BreadcrumbList\",\"@id\":\"https:\/\/denizcankizil.tr\/de\/haberler\/antalya\/akdenizli-ogrencilerden-anlamli-proje\/#breadcrumb\",\"itemListElement\":[{\"@type\":\"ListItem\",\"position\":1,\"name\":\"Home\",\"item\":\"https:\/\/denizcankizil.tr\/de\/\"},{\"@type\":\"ListItem\",\"position\":2,\"name\":\"Akdenizli \u00f6\u011frencilerden anlaml\u0131 proje\"}]},{\"@type\":\"WebSite\",\"@id\":\"https:\/\/denizcankizil.tr\/de\/#website\",\"url\":\"https:\/\/denizcankizil.tr\/de\/\",\"name\":\"Av. Deniz Can K\u0131z\u0131l\",\"description\":\"Avukat Deniz Can K\u0131z\u0131l Antalya Barosu\",\"publisher\":{\"@id\":\"https:\/\/denizcankizil.tr\/de\/#organization\"},\"potentialAction\":[{\"@type\":\"SearchAction\",\"target\":{\"@type\":\"EntryPoint\",\"urlTemplate\":\"https:\/\/denizcankizil.tr\/de\/?s={search_term_string}\"},\"query-input\":{\"@type\":\"PropertyValueSpecification\",\"valueRequired\":true,\"valueName\":\"search_term_string\"}}],\"inLanguage\":\"de\"},{\"@type\":\"Organization\",\"@id\":\"https:\/\/denizcankizil.tr\/de\/#organization\",\"name\":\"Av. Deniz Can K\u0131z\u0131l\",\"url\":\"https:\/\/denizcankizil.tr\/de\/\",\"logo\":{\"@type\":\"ImageObject\",\"inLanguage\":\"de\",\"@id\":\"https:\/\/denizcankizil.tr\/de\/#\/schema\/logo\/image\/\",\"url\":\"https:\/\/denizcankizil.tr\/wp-content\/uploads\/2024\/10\/siyah-logo-svg.svg\",\"contentUrl\":\"https:\/\/denizcankizil.tr\/wp-content\/uploads\/2024\/10\/siyah-logo-svg.svg\",\"width\":1080,\"height\":1080,\"caption\":\"Av. Deniz Can K\u0131z\u0131l\"},\"image\":{\"@id\":\"https:\/\/denizcankizil.tr\/de\/#\/schema\/logo\/image\/\"}},{\"@type\":\"Person\",\"@id\":\"https:\/\/denizcankizil.tr\/de\/#\/schema\/person\/5dc1b22991bd7ac833867c10afc9b0ff\",\"name\":\"Av. Deniz Can K\u0131z\u0131l\",\"image\":{\"@type\":\"ImageObject\",\"inLanguage\":\"de\",\"@id\":\"https:\/\/denizcankizil.tr\/de\/#\/schema\/person\/image\/\",\"url\":\"https:\/\/secure.gravatar.com\/avatar\/a0b128fb9855c79efc976d5640eedb31dc35ec297594d6016d2cf7c60e975bb6?s=96&d=mm&r=g\",\"contentUrl\":\"https:\/\/secure.gravatar.com\/avatar\/a0b128fb9855c79efc976d5640eedb31dc35ec297594d6016d2cf7c60e975bb6?s=96&d=mm&r=g\",\"caption\":\"Av. Deniz Can K\u0131z\u0131l\"},\"sameAs\":[\"http:\/\/www.denizcankizil.tr\"],\"url\":\"https:\/\/denizcankizil.tr\/de\/author\/denizcankizil\/\"}]}<\/script>\n<!-- \/ Yoast SEO Premium plugin. -->","yoast_head_json":{"title":"Akdenizli \u00f6\u011frencilerden anlaml\u0131 proje - Av. Deniz Can K\u0131z\u0131l","robots":{"index":"index","follow":"follow","max-snippet":"max-snippet:-1","max-image-preview":"max-image-preview:large","max-video-preview":"max-video-preview:-1"},"canonical":"https:\/\/denizcankizil.tr\/de\/haberler\/antalya\/akdenizli-ogrencilerden-anlamli-proje\/","og_locale":"de_DE","og_type":"article","og_title":"Akdenizli \u00f6\u011frencilerden anlaml\u0131 proje","og_description":"Akdeniz \u00dcniversitesi Sosyal Bilimler Meslek Y\u00fcksekokulu Halkla \u0130li\u015fkiler ve Tan\u0131t\u0131m Program\u0131&#8217;ndan 3&#8217;\u00fc Hatayl\u0131 7 \u00f6\u011frenci, \u00d6\u011fr. G\u00f6r. \u00d6zlem Mansuro\u011flu Reyhan \u00f6nc\u00fcl\u00fc\u011f\u00fcnde yakla\u015f\u0131k 3 ay s\u00fcren bir \u00e7al\u0131\u015fma y\u00fcr\u00fcterek, Defne il\u00e7esindeki Suba\u015f\u0131 Mehmet Akif \u0130lkokulu&#8217;na k\u00fct\u00fcphane kazand\u0131rd\u0131. K\u00fct\u00fcphanesi bulunmayan okulda kullan\u0131lmayan bir depo, gerekli altyap\u0131 ve tadilat i\u015flemlerinin ard\u0131ndan renkli, modern ve \u00e7ocuk dostu bir okuma salonuna d\u00f6n\u00fc\u015ft\u00fcr\u00fcld\u00fc. Projede kitap raflar\u0131, masa-sandalye tak\u0131mlar\u0131 ve projeksiyon sistemi gibi e\u011fitim destekleyici ekipmanlar da yer ald\u0131. T\u00fcm s\u00fcreci \u00f6\u011frenciler y\u00f6netti \u00d6\u011frenciler Emilay G\u00fcnsay, Mehmet Zeki Erciya\u015f, Buse Karakurt, Selma Kabasakal, Rahime Al, Aziza Ali, Mine Altay ve Berfin K\u0131lg\u0131, \u00f6\u011fretmenleriyle birlikte kap\u0131 giri\u015finden duvar ve tavan tadilat\u0131na, elektrik altyap\u0131s\u0131ndan boyama i\u015flemlerine kadar t\u00fcm s\u00fcreci \u00fcstlendi. Alan\u0131 daha cazip hale getirmek amac\u0131yla \u00e7ocuk temal\u0131 duvar resimleri ise sanat\u00e7\u0131 Derya Tatl\u0131c\u0131 taraf\u0131ndan yap\u0131ld\u0131. &#8220;S\u0131radan bir k\u00fct\u00fcphane de\u011fil, umutlar\u0131n mek\u00e2n\u0131&#8221; Proje koordinat\u00f6r\u00fc \u00d6\u011fr. G\u00f6r. \u00d6zlem Mansuro\u011flu Reyhan, &#8220;Bu s\u0131radan bir k\u00fct\u00fcphane yenileme de\u011fil, at\u0131l bir alan\u0131 \u00e7ocuklar\u0131n gelece\u011fine katk\u0131 sa\u011flayacak bir merkez haline getirdik. Hatayl\u0131 \u00f6\u011frencilerimizin saha \u00e7al\u0131\u015fmas\u0131na aktif kat\u0131lmas\u0131 b\u00fcy\u00fck avantaj sa\u011flad\u0131. \u00c7ocuklar\u0131n g\u00f6zlerindeki mutlulu\u011fu g\u00f6rmek her \u015feye de\u011fdi&#8221; dedi. Kendisinin de Hatayl\u0131 oldu\u011funu ifade eden Reyhan, &#8220;Depremin en b\u00fcy\u00fck ma\u011fdurlar\u0131 \u00e7ocuklar. Onlar\u0131n hayata yeniden tutunabilmeleri i\u00e7in elimizden gelen deste\u011fi vermeliyiz. Bu sadece e\u011fitim de\u011fil, ayn\u0131 &hellip;","og_url":"https:\/\/denizcankizil.tr\/de\/haberler\/antalya\/akdenizli-ogrencilerden-anlamli-proje\/","og_site_name":"Av. Deniz Can K\u0131z\u0131l","article_published_time":"2025-05-30T10:41:16+00:00","og_image":[{"width":1280,"height":720,"url":"https:\/\/denizcankizil.tr\/wp-content\/uploads\/2025\/05\/6626-01-qPInsD.jpg","type":"image\/jpeg"}],"author":"Av. Deniz Can K\u0131z\u0131l","twitter_card":"summary_large_image","twitter_misc":{"Verfasst von":"Av. Deniz Can K\u0131z\u0131l","Gesch\u00e4tzte Lesezeit":"2\u00a0Minuten"},"schema":{"@context":"https:\/\/schema.org","@graph":[{"@type":"Article","@id":"https:\/\/denizcankizil.tr\/de\/haberler\/antalya\/akdenizli-ogrencilerden-anlamli-proje\/#article","isPartOf":{"@id":"https:\/\/denizcankizil.tr\/de\/haberler\/antalya\/akdenizli-ogrencilerden-anlamli-proje\/"},"author":{"name":"Av. Deniz Can K\u0131z\u0131l","@id":"https:\/\/denizcankizil.tr\/de\/#\/schema\/person\/5dc1b22991bd7ac833867c10afc9b0ff"},"headline":"Akdenizli \u00f6\u011frencilerden anlaml\u0131 proje","datePublished":"2025-05-30T10:41:16+00:00","mainEntityOfPage":{"@id":"https:\/\/denizcankizil.tr\/de\/haberler\/antalya\/akdenizli-ogrencilerden-anlamli-proje\/"},"wordCount":390,"publisher":{"@id":"https:\/\/denizcankizil.tr\/de\/#organization"},"image":{"@id":"https:\/\/denizcankizil.tr\/de\/haberler\/antalya\/akdenizli-ogrencilerden-anlamli-proje\/#primaryimage"},"thumbnailUrl":"https:\/\/denizcankizil.tr\/wp-content\/uploads\/2025\/05\/6626-01-qPInsD.jpg","articleSection":["Antalya"],"inLanguage":"de"},{"@type":"WebPage","@id":"https:\/\/denizcankizil.tr\/de\/haberler\/antalya\/akdenizli-ogrencilerden-anlamli-proje\/","url":"https:\/\/denizcankizil.tr\/de\/haberler\/antalya\/akdenizli-ogrencilerden-anlamli-proje\/","name":"Akdenizli \u00f6\u011frencilerden anlaml\u0131 proje - Av. Deniz Can K\u0131z\u0131l","isPartOf":{"@id":"https:\/\/denizcankizil.tr\/de\/#website"},"primaryImageOfPage":{"@id":"https:\/\/denizcankizil.tr\/de\/haberler\/antalya\/akdenizli-ogrencilerden-anlamli-proje\/#primaryimage"},"image":{"@id":"https:\/\/denizcankizil.tr\/de\/haberler\/antalya\/akdenizli-ogrencilerden-anlamli-proje\/#primaryimage"},"thumbnailUrl":"https:\/\/denizcankizil.tr\/wp-content\/uploads\/2025\/05\/6626-01-qPInsD.jpg","datePublished":"2025-05-30T10:41:16+00:00","breadcrumb":{"@id":"https:\/\/denizcankizil.tr\/de\/haberler\/antalya\/akdenizli-ogrencilerden-anlamli-proje\/#breadcrumb"},"inLanguage":"de","potentialAction":[{"@type":"ReadAction","target":["https:\/\/denizcankizil.tr\/de\/haberler\/antalya\/akdenizli-ogrencilerden-anlamli-proje\/"]}]},{"@type":"ImageObject","inLanguage":"de","@id":"https:\/\/denizcankizil.tr\/de\/haberler\/antalya\/akdenizli-ogrencilerden-anlamli-proje\/#primaryimage","url":"https:\/\/denizcankizil.tr\/wp-content\/uploads\/2025\/05\/6626-01-qPInsD.jpg","contentUrl":"https:\/\/denizcankizil.tr\/wp-content\/uploads\/2025\/05\/6626-01-qPInsD.jpg","width":1280,"height":720},{"@type":"BreadcrumbList","@id":"https:\/\/denizcankizil.tr\/de\/haberler\/antalya\/akdenizli-ogrencilerden-anlamli-proje\/#breadcrumb","itemListElement":[{"@type":"ListItem","position":1,"name":"Home","item":"https:\/\/denizcankizil.tr\/de\/"},{"@type":"ListItem","position":2,"name":"Akdenizli \u00f6\u011frencilerden anlaml\u0131 proje"}]},{"@type":"WebSite","@id":"https:\/\/denizcankizil.tr\/de\/#website","url":"https:\/\/denizcankizil.tr\/de\/","name":"Av. Deniz Can K\u0131z\u0131l","description":"Avukat Deniz Can K\u0131z\u0131l Antalya Barosu","publisher":{"@id":"https:\/\/denizcankizil.tr\/de\/#organization"},"potentialAction":[{"@type":"SearchAction","target":{"@type":"EntryPoint","urlTemplate":"https:\/\/denizcankizil.tr\/de\/?s={search_term_string}"},"query-input":{"@type":"PropertyValueSpecification","valueRequired":true,"valueName":"search_term_string"}}],"inLanguage":"de"},{"@type":"Organization","@id":"https:\/\/denizcankizil.tr\/de\/#organization","name":"Av. Deniz Can K\u0131z\u0131l","url":"https:\/\/denizcankizil.tr\/de\/","logo":{"@type":"ImageObject","inLanguage":"de","@id":"https:\/\/denizcankizil.tr\/de\/#\/schema\/logo\/image\/","url":"https:\/\/denizcankizil.tr\/wp-content\/uploads\/2024\/10\/siyah-logo-svg.svg","contentUrl":"https:\/\/denizcankizil.tr\/wp-content\/uploads\/2024\/10\/siyah-logo-svg.svg","width":1080,"height":1080,"caption":"Av. Deniz Can K\u0131z\u0131l"},"image":{"@id":"https:\/\/denizcankizil.tr\/de\/#\/schema\/logo\/image\/"}},{"@type":"Person","@id":"https:\/\/denizcankizil.tr\/de\/#\/schema\/person\/5dc1b22991bd7ac833867c10afc9b0ff","name":"Av. Deniz Can K\u0131z\u0131l","image":{"@type":"ImageObject","inLanguage":"de","@id":"https:\/\/denizcankizil.tr\/de\/#\/schema\/person\/image\/","url":"https:\/\/secure.gravatar.com\/avatar\/a0b128fb9855c79efc976d5640eedb31dc35ec297594d6016d2cf7c60e975bb6?s=96&d=mm&r=g","contentUrl":"https:\/\/secure.gravatar.com\/avatar\/a0b128fb9855c79efc976d5640eedb31dc35ec297594d6016d2cf7c60e975bb6?s=96&d=mm&r=g","caption":"Av. Deniz Can K\u0131z\u0131l"},"sameAs":["http:\/\/www.denizcankizil.tr"],"url":"https:\/\/denizcankizil.tr\/de\/author\/denizcankizil\/"}]}},"_links":{"self":[{"href":"https:\/\/denizcankizil.tr\/de\/wp-json\/wp\/v2\/posts\/101654","targetHints":{"allow":["GET"]}}],"collection":[{"href":"https:\/\/denizcankizil.tr\/de\/wp-json\/wp\/v2\/posts"}],"about":[{"href":"https:\/\/denizcankizil.tr\/de\/wp-json\/wp\/v2\/types\/post"}],"author":[{"embeddable":true,"href":"https:\/\/denizcankizil.tr\/de\/wp-json\/wp\/v2\/users\/4"}],"replies":[{"embeddable":true,"href":"https:\/\/denizcankizil.tr\/de\/wp-json\/wp\/v2\/comments?post=101654"}],"version-history":[{"count":0,"href":"https:\/\/denizcankizil.tr\/de\/wp-json\/wp\/v2\/posts\/101654\/revisions"}],"wp:featuredmedia":[{"embeddable":true,"href":"https:\/\/denizcankizil.tr\/de\/wp-json\/wp\/v2\/media\/101655"}],"wp:attachment":[{"href":"https:\/\/denizcankizil.tr\/de\/wp-json\/wp\/v2\/media?parent=101654"}],"wp:term":[{"taxonomy":"category","embeddable":true,"href":"https:\/\/denizcankizil.tr\/de\/wp-json\/wp\/v2\/categories?post=101654"},{"taxonomy":"post_tag","embeddable":true,"href":"https:\/\/denizcankizil.tr\/de\/wp-json\/wp\/v2\/tags?post=101654"}],"curies":[{"name":"wp","href":"https:\/\/api.w.org\/{rel}","templated":true}]}}