{"id":10069,"date":"2024-10-29T20:43:02","date_gmt":"2024-10-29T17:43:02","guid":{"rendered":"https:\/\/denizcankizil.tr\/uncategorized-tr\/cumhurbaskani-erdogan-enflasyonda-dusus-basladi-sureci-yonetecegiz-politikamizi-surdurecegiz\/"},"modified":"2024-10-29T20:43:02","modified_gmt":"2024-10-29T17:43:02","slug":"cumhurbaskani-erdogan-enflasyonda-dusus-basladi-sureci-yonetecegiz-politikamizi-surdurecegiz","status":"publish","type":"post","link":"https:\/\/denizcankizil.tr\/de\/haberler\/gundem\/cumhurbaskani-erdogan-enflasyonda-dusus-basladi-sureci-yonetecegiz-politikamizi-surdurecegiz\/","title":{"rendered":"Cumhurba\u015fkan\u0131 Erdo\u011fan: Enflasyonda d\u00fc\u015f\u00fc\u015f ba\u015flad\u0131&#8230; S\u00fcreci y\u00f6netece\u011fiz, politikam\u0131z\u0131 s\u00fcrd\u00fcrece\u011fiz"},"content":{"rendered":"<p>Be\u015ftepe&#8217;deki Kabine toplant\u0131s\u0131 ard\u0131ndan &#8216;Millete Sesleni\u015f&#8217; konu\u015fmas\u0131 yapan Cumhurba\u015fkan\u0131 Erdo\u011fan,  halk\u0131n s\u00fcrd\u00fcr\u00fclen ekonomi politikalar\u0131na g\u00fcvendi\u011fini belirterek, &#8220;Enflasyonda d\u00fc\u015f\u00fc\u015f ba\u015flad\u0131. \u0130\u015f \u00e7evreleri, piyasa akt\u00f6rleri ve ihracat\u00e7\u0131larla birlikte \u00f6n\u00fcm\u00fczdeki s\u00fcreci y\u00f6netece\u011fiz. \u00dcretimi istihdam\u0131, ihracat\u0131 \u00f6nceleyen ekonomi politikam\u0131z\u0131 s\u00fcrd\u00fcrece\u011fiz&#8221; mesaj\u0131 verdi.ANKARA (\u0130GFA) &#8211;\u00a0Cumhurba\u015fkanl\u0131\u011f\u0131 K\u00fclliyesi&#8217;nde 2 saat 10 dakika s\u00fcren\u00a0Kabine Toplant\u0131s\u0131 sonras\u0131nda kameralar\u0131n kar\u015f\u0131s\u0131na ge\u00e7en Cumhurba\u015fkan\u0131 Recep Tayyip Erdo\u011fan &#8216;Millete Sesleni\u015f&#8217; konu\u015fmas\u0131 yapt\u0131.<br \/>\nMilletimizin K\u0131z\u0131lelmas\u0131&#8217;na d\u00f6n\u00fc\u015fen T\u00fcrkiye Y\u00fczy\u0131l\u0131 in\u015fas\u0131 yolunda azim ve sab\u0131rla ilerledi\u011fini ifade eden Cumhurba\u015fkan\u0131 Erdo\u011fan, ihanetlerin, sabotajlar\u0131n, al\u00e7ak ve kalle\u015f sald\u0131r\u0131lar\u0131n irademizi \u00f6rselemesine, bizi hedeflerimizden al\u0131koymas\u0131na m\u00fcsaade etmeyeceklerini s\u00f6yledi.<br \/>\n&#8220;KALLE\u015e SALDIRILAR HEDEFLER\u0130M\u0130ZDEN ALI KOYAMAZ&#8221;\u00a0<br \/>\n23 Ekim&#8217;de ya\u015fanan ter\u00f6r sald\u0131r\u0131s\u0131 ard\u0131ndan g\u00fcvenlik g\u00fc\u00e7lerinin \u015fehitlerin kan\u0131n\u0131 yerde b\u0131rakmayarak 213 ter\u00f6risti etkisiz hale getirdi\u011fini s\u00f6yleyen Erdo\u011fan,\u00a0 al\u00e7ak sald\u0131r\u0131lar\u0131n kendilerini durdurmayaca\u011f\u0131n\u0131 ifade ederek, \u201c\u00dclkemizde \u0131l\u0131ml\u0131 bir iklim varken yap\u0131lan sald\u0131r\u0131 manidard\u0131r. Hi\u00e7bir engel tan\u0131m\u0131yoruz. Kalle\u015f sald\u0131r\u0131lar bizi hedeflerimizden al\u0131 koyamaz.\u201d dedi.<\/p>\n<p>Kabine Toplant\u0131s\u0131 Sonras\u0131 Millete Sesleni\u015f https:\/\/t.co\/PUz1dKnjhF<br \/>\n\u2014 Recep Tayyip Erdo\u011fan (@RTErdogan) October 28, 2024<\/p>\n<p>Konu\u015fmas\u0131nda ekonomik gidi\u015fata da ayr\u0131 parantez a\u00e7an Cumhurba\u015fkan\u0131 Erdo\u011fan,halk\u0131n s\u00fcrd\u00fcr\u00fclen ekonomi politikalar\u0131na g\u00fcvendi\u011fini belirtti.<br \/>\n&#8220;Enflasyonda d\u00fc\u015f\u00fc\u015f ba\u015flad\u0131&#8221; diyen Erdo\u011fan, &#8220;\u0130\u015f \u00e7evreleri, piyasa akt\u00f6rleri ve ihracat\u00e7\u0131larla birlikte \u00f6n\u00fcm\u00fczdeki s\u00fcreci y\u00f6netece\u011fiz. \u00dcretimi istihdam\u0131, ihracat\u0131 \u00f6nceleyen ekonomi politikam\u0131z\u0131 s\u00fcrd\u00fcrece\u011fiz&#8221; mesaj\u0131n\u0131 verdi. Erdo\u011fan konu\u015fmas\u0131nda, vatanda\u015f\u0131n helal lokmas\u0131na g\u00f6z dikenlere asla m\u00fcsaade etmeyeceklerini a\u00e7\u0131klad\u0131.<br \/>\n&#8220;MENFAATLER\u0130M\u0130Z GERE\u011e\u0130 SIRTIMIZI D\u00d6NMEY\u0130Z&#8221;<br \/>\nBRICS platformunda yer alan \u00fclkelerle\u00a0\u00a0ciddi b\u00fcy\u00fckl\u00fckte ticari potansiyelin oldu\u011funu vurgulayan Cumhurba\u015fkan\u0131 Erdo\u011fan, &#8220;BRICS ile ili\u015fkilerimizi ilerletmenin her bak\u0131mdan T\u00fcrkiye&#8217;nin faydas\u0131na olaca\u011f\u0131n\u0131 d\u00fc\u015f\u00fcn\u00fcyorum. BRICS m\u00fcnasebetleri mevcut angajmanlar\u0131m\u0131z\u0131n alternatifi de\u011fil. Menfaatlerimiz gere\u011fi Bat\u0131\u2019ya da Do\u011fu\u2019ya da s\u0131rt\u0131m\u0131z\u0131 d\u00f6nmeyiz&#8221; dedi.\u00a0<br \/>\nCumhurba\u015fkan\u0131 Erdo\u011fan,deprem b\u00f6lgesindeki \u00e7al\u0131\u015fmalarla ilgili de bilgi verdi. Erdo\u011fan,\u00a02024 y\u0131l\u0131 sonuna kadar 201 bin 688 ev ve i\u015f yerini daha teslim edeceklerini belirterek, &#8220;452 bin 958 konut, i\u015f yeri ve ah\u0131r\u0131 teslim etmi\u015f olaca\u011f\u0131z. Deprem b\u00f6lgesinde evine girmeyen hi\u00e7bir hak sahibi b\u0131rakmayaca\u011f\u0131z&#8221; diye konu\u015ftu.<\/p>\n<p>\u200bBe\u015ftepe&#8217;deki Kabine toplant\u0131s\u0131 ard\u0131ndan &#8216;Millete Sesleni\u015f&#8217; konu\u015fmas\u0131 yapan Cumhurba\u015fkan\u0131 Erdo\u011fan,  halk\u0131n s\u00fcrd\u00fcr\u00fclen ekonomi politikalar\u0131na g\u00fcvendi\u011fini belirterek, &#8220;Enflasyonda d\u00fc\u015f\u00fc\u015f ba\u015flad\u0131  \u0130\u015f \u00e7evreleri, piyasa akt\u00f6rleri ve ihracat\u00e7\u0131larla birlikte \u00f6n\u00fcm\u00fczdeki s\u00fcreci y\u00f6netece\u011fiz  \u00dcretimi istihdam\u0131, ihracat\u0131 \u00f6nceleyen ekonomi politikam\u0131z\u0131 s\u00fcrd\u00fcrece\u011fiz&#8221; mesaj\u0131 verdi\u00a0<\/p>\n<p>\u200bHaberin Al\u0131nt\u0131land\u0131\u011f\u0131 Kaynak: www.iskenderun.org<\/p>","protected":false},"excerpt":{"rendered":"<p>Be\u015ftepe&#8217;deki Kabine toplant\u0131s\u0131 ard\u0131ndan &#8216;Millete Sesleni\u015f&#8217; konu\u015fmas\u0131 yapan Cumhurba\u015fkan\u0131 Erdo\u011fan, halk\u0131n s\u00fcrd\u00fcr\u00fclen ekonomi politikalar\u0131na g\u00fcvendi\u011fini belirterek, &#8220;Enflasyonda d\u00fc\u015f\u00fc\u015f ba\u015flad\u0131. \u0130\u015f \u00e7evreleri, piyasa akt\u00f6rleri ve ihracat\u00e7\u0131larla birlikte \u00f6n\u00fcm\u00fczdeki s\u00fcreci y\u00f6netece\u011fiz. \u00dcretimi istihdam\u0131, ihracat\u0131 \u00f6nceleyen ekonomi politikam\u0131z\u0131 s\u00fcrd\u00fcrece\u011fiz&#8221; mesaj\u0131 verdi.ANKARA (\u0130GFA) &#8211;\u00a0Cumhurba\u015fkanl\u0131\u011f\u0131 K\u00fclliyesi&#8217;nde 2 saat 10 dakika s\u00fcren\u00a0Kabine Toplant\u0131s\u0131 sonras\u0131nda kameralar\u0131n kar\u015f\u0131s\u0131na ge\u00e7en Cumhurba\u015fkan\u0131 Recep Tayyip Erdo\u011fan &#8216;Millete Sesleni\u015f&#8217; konu\u015fmas\u0131 yapt\u0131. Milletimizin K\u0131z\u0131lelmas\u0131&#8217;na d\u00f6n\u00fc\u015fen T\u00fcrkiye Y\u00fczy\u0131l\u0131 in\u015fas\u0131 yolunda azim ve sab\u0131rla ilerledi\u011fini ifade eden Cumhurba\u015fkan\u0131 Erdo\u011fan, ihanetlerin, sabotajlar\u0131n, al\u00e7ak ve kalle\u015f sald\u0131r\u0131lar\u0131n irademizi \u00f6rselemesine, bizi hedeflerimizden al\u0131koymas\u0131na m\u00fcsaade etmeyeceklerini s\u00f6yledi. &#8220;KALLE\u015e SALDIRILAR HEDEFLER\u0130M\u0130ZDEN ALI KOYAMAZ&#8221;\u00a0 23 Ekim&#8217;de ya\u015fanan ter\u00f6r sald\u0131r\u0131s\u0131 ard\u0131ndan g\u00fcvenlik g\u00fc\u00e7lerinin \u015fehitlerin kan\u0131n\u0131 yerde b\u0131rakmayarak 213 ter\u00f6risti etkisiz hale getirdi\u011fini s\u00f6yleyen Erdo\u011fan,\u00a0 al\u00e7ak sald\u0131r\u0131lar\u0131n kendilerini durdurmayaca\u011f\u0131n\u0131 ifade ederek, \u201c\u00dclkemizde \u0131l\u0131ml\u0131 bir iklim varken yap\u0131lan sald\u0131r\u0131 manidard\u0131r. Hi\u00e7bir engel tan\u0131m\u0131yoruz. Kalle\u015f sald\u0131r\u0131lar bizi hedeflerimizden al\u0131 koyamaz.\u201d dedi. Kabine Toplant\u0131s\u0131 Sonras\u0131 Millete Sesleni\u015f https:\/\/t.co\/PUz1dKnjhF \u2014 Recep Tayyip Erdo\u011fan (@RTErdogan) October 28, 2024 Konu\u015fmas\u0131nda ekonomik gidi\u015fata da ayr\u0131 parantez a\u00e7an Cumhurba\u015fkan\u0131 Erdo\u011fan,halk\u0131n s\u00fcrd\u00fcr\u00fclen ekonomi politikalar\u0131na g\u00fcvendi\u011fini belirtti. &#8220;Enflasyonda d\u00fc\u015f\u00fc\u015f ba\u015flad\u0131&#8221; diyen Erdo\u011fan, &#8220;\u0130\u015f \u00e7evreleri, piyasa akt\u00f6rleri ve ihracat\u00e7\u0131larla birlikte \u00f6n\u00fcm\u00fczdeki s\u00fcreci y\u00f6netece\u011fiz. \u00dcretimi istihdam\u0131, ihracat\u0131 \u00f6nceleyen ekonomi politikam\u0131z\u0131 s\u00fcrd\u00fcrece\u011fiz&#8221; mesaj\u0131n\u0131 verdi. Erdo\u011fan konu\u015fmas\u0131nda, vatanda\u015f\u0131n helal lokmas\u0131na g\u00f6z dikenlere asla m\u00fcsaade etmeyeceklerini a\u00e7\u0131klad\u0131. &#8220;MENFAATLER\u0130M\u0130Z &hellip;<\/p>","protected":false},"author":0,"featured_media":0,"comment_status":"open","ping_status":"open","sticky":false,"template":"","format":"standard","meta":{"_acf_changed":false,"footnotes":""},"categories":[24,535],"tags":[],"class_list":["post-10069","post","type-post","status-publish","format-standard","has-post-thumbnail","hentry","category-gundem","category-uncategorized-tr"],"acf":[],"yoast_head":"<!-- This site is optimized with the Yoast SEO Premium plugin v26.6 (Yoast SEO v27.1.1) - https:\/\/yoast.com\/product\/yoast-seo-premium-wordpress\/ -->\n<title>Cumhurba\u015fkan\u0131 Erdo\u011fan: Enflasyonda d\u00fc\u015f\u00fc\u015f ba\u015flad\u0131... S\u00fcreci y\u00f6netece\u011fiz, politikam\u0131z\u0131 s\u00fcrd\u00fcrece\u011fiz - Av. Deniz Can K\u0131z\u0131l<\/title>\n<meta name=\"robots\" content=\"index, follow, max-snippet:-1, max-image-preview:large, max-video-preview:-1\" \/>\n<link rel=\"canonical\" href=\"https:\/\/denizcankizil.tr\/de\/haberler\/gundem\/cumhurbaskani-erdogan-enflasyonda-dusus-basladi-sureci-yonetecegiz-politikamizi-surdurecegiz\/\" \/>\n<meta property=\"og:locale\" content=\"de_DE\" \/>\n<meta property=\"og:type\" content=\"article\" \/>\n<meta property=\"og:title\" content=\"Cumhurba\u015fkan\u0131 Erdo\u011fan: Enflasyonda d\u00fc\u015f\u00fc\u015f ba\u015flad\u0131... S\u00fcreci y\u00f6netece\u011fiz, politikam\u0131z\u0131 s\u00fcrd\u00fcrece\u011fiz\" \/>\n<meta property=\"og:description\" content=\"Be\u015ftepe&#8217;deki Kabine toplant\u0131s\u0131 ard\u0131ndan &#8216;Millete Sesleni\u015f&#8217; konu\u015fmas\u0131 yapan Cumhurba\u015fkan\u0131 Erdo\u011fan, halk\u0131n s\u00fcrd\u00fcr\u00fclen ekonomi politikalar\u0131na g\u00fcvendi\u011fini belirterek, &#8220;Enflasyonda d\u00fc\u015f\u00fc\u015f ba\u015flad\u0131. \u0130\u015f \u00e7evreleri, piyasa akt\u00f6rleri ve ihracat\u00e7\u0131larla birlikte \u00f6n\u00fcm\u00fczdeki s\u00fcreci y\u00f6netece\u011fiz. \u00dcretimi istihdam\u0131, ihracat\u0131 \u00f6nceleyen ekonomi politikam\u0131z\u0131 s\u00fcrd\u00fcrece\u011fiz&#8221; mesaj\u0131 verdi.ANKARA (\u0130GFA) &#8211;\u00a0Cumhurba\u015fkanl\u0131\u011f\u0131 K\u00fclliyesi&#8217;nde 2 saat 10 dakika s\u00fcren\u00a0Kabine Toplant\u0131s\u0131 sonras\u0131nda kameralar\u0131n kar\u015f\u0131s\u0131na ge\u00e7en Cumhurba\u015fkan\u0131 Recep Tayyip Erdo\u011fan &#8216;Millete Sesleni\u015f&#8217; konu\u015fmas\u0131 yapt\u0131. Milletimizin K\u0131z\u0131lelmas\u0131&#8217;na d\u00f6n\u00fc\u015fen T\u00fcrkiye Y\u00fczy\u0131l\u0131 in\u015fas\u0131 yolunda azim ve sab\u0131rla ilerledi\u011fini ifade eden Cumhurba\u015fkan\u0131 Erdo\u011fan, ihanetlerin, sabotajlar\u0131n, al\u00e7ak ve kalle\u015f sald\u0131r\u0131lar\u0131n irademizi \u00f6rselemesine, bizi hedeflerimizden al\u0131koymas\u0131na m\u00fcsaade etmeyeceklerini s\u00f6yledi. &#8220;KALLE\u015e SALDIRILAR HEDEFLER\u0130M\u0130ZDEN ALI KOYAMAZ&#8221;\u00a0 23 Ekim&#8217;de ya\u015fanan ter\u00f6r sald\u0131r\u0131s\u0131 ard\u0131ndan g\u00fcvenlik g\u00fc\u00e7lerinin \u015fehitlerin kan\u0131n\u0131 yerde b\u0131rakmayarak 213 ter\u00f6risti etkisiz hale getirdi\u011fini s\u00f6yleyen Erdo\u011fan,\u00a0 al\u00e7ak sald\u0131r\u0131lar\u0131n kendilerini durdurmayaca\u011f\u0131n\u0131 ifade ederek, \u201c\u00dclkemizde \u0131l\u0131ml\u0131 bir iklim varken yap\u0131lan sald\u0131r\u0131 manidard\u0131r. Hi\u00e7bir engel tan\u0131m\u0131yoruz. Kalle\u015f sald\u0131r\u0131lar bizi hedeflerimizden al\u0131 koyamaz.\u201d dedi. Kabine Toplant\u0131s\u0131 Sonras\u0131 Millete Sesleni\u015f https:\/\/t.co\/PUz1dKnjhF \u2014 Recep Tayyip Erdo\u011fan (@RTErdogan) October 28, 2024 Konu\u015fmas\u0131nda ekonomik gidi\u015fata da ayr\u0131 parantez a\u00e7an Cumhurba\u015fkan\u0131 Erdo\u011fan,halk\u0131n s\u00fcrd\u00fcr\u00fclen ekonomi politikalar\u0131na g\u00fcvendi\u011fini belirtti. &#8220;Enflasyonda d\u00fc\u015f\u00fc\u015f ba\u015flad\u0131&#8221; diyen Erdo\u011fan, &#8220;\u0130\u015f \u00e7evreleri, piyasa akt\u00f6rleri ve ihracat\u00e7\u0131larla birlikte \u00f6n\u00fcm\u00fczdeki s\u00fcreci y\u00f6netece\u011fiz. \u00dcretimi istihdam\u0131, ihracat\u0131 \u00f6nceleyen ekonomi politikam\u0131z\u0131 s\u00fcrd\u00fcrece\u011fiz&#8221; mesaj\u0131n\u0131 verdi. Erdo\u011fan konu\u015fmas\u0131nda, vatanda\u015f\u0131n helal lokmas\u0131na g\u00f6z dikenlere asla m\u00fcsaade etmeyeceklerini a\u00e7\u0131klad\u0131. &#8220;MENFAATLER\u0130M\u0130Z &hellip;\" \/>\n<meta property=\"og:url\" content=\"https:\/\/denizcankizil.tr\/de\/haberler\/gundem\/cumhurbaskani-erdogan-enflasyonda-dusus-basladi-sureci-yonetecegiz-politikamizi-surdurecegiz\/\" \/>\n<meta property=\"og:site_name\" content=\"Av. Deniz Can K\u0131z\u0131l\" \/>\n<meta property=\"article:published_time\" content=\"2024-10-29T17:43:02+00:00\" \/>\n<meta name=\"twitter:card\" content=\"summary_large_image\" \/>\n<meta name=\"twitter:label1\" content=\"Gesch\u00e4tzte Lesezeit\" \/>\n\t<meta name=\"twitter:data1\" content=\"3\u00a0Minuten\" \/>\n<script type=\"application\/ld+json\" class=\"yoast-schema-graph\">{\"@context\":\"https:\/\/schema.org\",\"@graph\":[{\"@type\":\"Article\",\"@id\":\"https:\/\/denizcankizil.tr\/de\/haberler\/gundem\/cumhurbaskani-erdogan-enflasyonda-dusus-basladi-sureci-yonetecegiz-politikamizi-surdurecegiz\/#article\",\"isPartOf\":{\"@id\":\"https:\/\/denizcankizil.tr\/de\/haberler\/gundem\/cumhurbaskani-erdogan-enflasyonda-dusus-basladi-sureci-yonetecegiz-politikamizi-surdurecegiz\/\"},\"author\":{\"name\":\"\",\"@id\":\"\"},\"headline\":\"Cumhurba\u015fkan\u0131 Erdo\u011fan: Enflasyonda d\u00fc\u015f\u00fc\u015f ba\u015flad\u0131&#8230; S\u00fcreci y\u00f6netece\u011fiz, politikam\u0131z\u0131 s\u00fcrd\u00fcrece\u011fiz\",\"datePublished\":\"2024-10-29T17:43:02+00:00\",\"mainEntityOfPage\":{\"@id\":\"https:\/\/denizcankizil.tr\/de\/haberler\/gundem\/cumhurbaskani-erdogan-enflasyonda-dusus-basladi-sureci-yonetecegiz-politikamizi-surdurecegiz\/\"},\"wordCount\":543,\"commentCount\":0,\"publisher\":{\"@id\":\"https:\/\/denizcankizil.tr\/#organization\"},\"articleSection\":[\"G\u00fcndem\",\"Uncategorized\"],\"inLanguage\":\"de\",\"potentialAction\":[{\"@type\":\"CommentAction\",\"name\":\"Comment\",\"target\":[\"https:\/\/denizcankizil.tr\/de\/haberler\/gundem\/cumhurbaskani-erdogan-enflasyonda-dusus-basladi-sureci-yonetecegiz-politikamizi-surdurecegiz\/#respond\"]}]},{\"@type\":\"WebPage\",\"@id\":\"https:\/\/denizcankizil.tr\/de\/haberler\/gundem\/cumhurbaskani-erdogan-enflasyonda-dusus-basladi-sureci-yonetecegiz-politikamizi-surdurecegiz\/\",\"url\":\"https:\/\/denizcankizil.tr\/de\/haberler\/gundem\/cumhurbaskani-erdogan-enflasyonda-dusus-basladi-sureci-yonetecegiz-politikamizi-surdurecegiz\/\",\"name\":\"Cumhurba\u015fkan\u0131 Erdo\u011fan: Enflasyonda d\u00fc\u015f\u00fc\u015f ba\u015flad\u0131... S\u00fcreci y\u00f6netece\u011fiz, politikam\u0131z\u0131 s\u00fcrd\u00fcrece\u011fiz - Av. Deniz Can K\u0131z\u0131l\",\"isPartOf\":{\"@id\":\"https:\/\/denizcankizil.tr\/#website\"},\"datePublished\":\"2024-10-29T17:43:02+00:00\",\"breadcrumb\":{\"@id\":\"https:\/\/denizcankizil.tr\/de\/haberler\/gundem\/cumhurbaskani-erdogan-enflasyonda-dusus-basladi-sureci-yonetecegiz-politikamizi-surdurecegiz\/#breadcrumb\"},\"inLanguage\":\"de\",\"potentialAction\":[{\"@type\":\"ReadAction\",\"target\":[\"https:\/\/denizcankizil.tr\/de\/haberler\/gundem\/cumhurbaskani-erdogan-enflasyonda-dusus-basladi-sureci-yonetecegiz-politikamizi-surdurecegiz\/\"]}]},{\"@type\":\"BreadcrumbList\",\"@id\":\"https:\/\/denizcankizil.tr\/de\/haberler\/gundem\/cumhurbaskani-erdogan-enflasyonda-dusus-basladi-sureci-yonetecegiz-politikamizi-surdurecegiz\/#breadcrumb\",\"itemListElement\":[{\"@type\":\"ListItem\",\"position\":1,\"name\":\"Home\",\"item\":\"https:\/\/denizcankizil.tr\/de\/\"},{\"@type\":\"ListItem\",\"position\":2,\"name\":\"Cumhurba\u015fkan\u0131 Erdo\u011fan: Enflasyonda d\u00fc\u015f\u00fc\u015f ba\u015flad\u0131&#8230; S\u00fcreci y\u00f6netece\u011fiz, politikam\u0131z\u0131 s\u00fcrd\u00fcrece\u011fiz\"}]},{\"@type\":\"WebSite\",\"@id\":\"https:\/\/denizcankizil.tr\/#website\",\"url\":\"https:\/\/denizcankizil.tr\/\",\"name\":\"Av. Deniz Can K\u0131z\u0131l\",\"description\":\"Avukat Deniz Can K\u0131z\u0131l Antalya Barosu\",\"publisher\":{\"@id\":\"https:\/\/denizcankizil.tr\/#organization\"},\"potentialAction\":[{\"@type\":\"SearchAction\",\"target\":{\"@type\":\"EntryPoint\",\"urlTemplate\":\"https:\/\/denizcankizil.tr\/?s={search_term_string}\"},\"query-input\":{\"@type\":\"PropertyValueSpecification\",\"valueRequired\":true,\"valueName\":\"search_term_string\"}}],\"inLanguage\":\"de\"},{\"@type\":\"Organization\",\"@id\":\"https:\/\/denizcankizil.tr\/#organization\",\"name\":\"Av. Deniz Can K\u0131z\u0131l\",\"url\":\"https:\/\/denizcankizil.tr\/\",\"logo\":{\"@type\":\"ImageObject\",\"inLanguage\":\"de\",\"@id\":\"https:\/\/denizcankizil.tr\/#\/schema\/logo\/image\/\",\"url\":\"https:\/\/denizcankizil.tr\/wp-content\/uploads\/2024\/10\/siyah-logo-svg.svg\",\"contentUrl\":\"https:\/\/denizcankizil.tr\/wp-content\/uploads\/2024\/10\/siyah-logo-svg.svg\",\"width\":1080,\"height\":1080,\"caption\":\"Av. Deniz Can K\u0131z\u0131l\"},\"image\":{\"@id\":\"https:\/\/denizcankizil.tr\/#\/schema\/logo\/image\/\"}}]}<\/script>\n<!-- \/ Yoast SEO Premium plugin. -->","yoast_head_json":{"title":"Cumhurba\u015fkan\u0131 Erdo\u011fan: Enflasyonda d\u00fc\u015f\u00fc\u015f ba\u015flad\u0131... S\u00fcreci y\u00f6netece\u011fiz, politikam\u0131z\u0131 s\u00fcrd\u00fcrece\u011fiz - Av. Deniz Can K\u0131z\u0131l","robots":{"index":"index","follow":"follow","max-snippet":"max-snippet:-1","max-image-preview":"max-image-preview:large","max-video-preview":"max-video-preview:-1"},"canonical":"https:\/\/denizcankizil.tr\/de\/haberler\/gundem\/cumhurbaskani-erdogan-enflasyonda-dusus-basladi-sureci-yonetecegiz-politikamizi-surdurecegiz\/","og_locale":"de_DE","og_type":"article","og_title":"Cumhurba\u015fkan\u0131 Erdo\u011fan: Enflasyonda d\u00fc\u015f\u00fc\u015f ba\u015flad\u0131... S\u00fcreci y\u00f6netece\u011fiz, politikam\u0131z\u0131 s\u00fcrd\u00fcrece\u011fiz","og_description":"Be\u015ftepe&#8217;deki Kabine toplant\u0131s\u0131 ard\u0131ndan &#8216;Millete Sesleni\u015f&#8217; konu\u015fmas\u0131 yapan Cumhurba\u015fkan\u0131 Erdo\u011fan, halk\u0131n s\u00fcrd\u00fcr\u00fclen ekonomi politikalar\u0131na g\u00fcvendi\u011fini belirterek, &#8220;Enflasyonda d\u00fc\u015f\u00fc\u015f ba\u015flad\u0131. \u0130\u015f \u00e7evreleri, piyasa akt\u00f6rleri ve ihracat\u00e7\u0131larla birlikte \u00f6n\u00fcm\u00fczdeki s\u00fcreci y\u00f6netece\u011fiz. \u00dcretimi istihdam\u0131, ihracat\u0131 \u00f6nceleyen ekonomi politikam\u0131z\u0131 s\u00fcrd\u00fcrece\u011fiz&#8221; mesaj\u0131 verdi.ANKARA (\u0130GFA) &#8211;\u00a0Cumhurba\u015fkanl\u0131\u011f\u0131 K\u00fclliyesi&#8217;nde 2 saat 10 dakika s\u00fcren\u00a0Kabine Toplant\u0131s\u0131 sonras\u0131nda kameralar\u0131n kar\u015f\u0131s\u0131na ge\u00e7en Cumhurba\u015fkan\u0131 Recep Tayyip Erdo\u011fan &#8216;Millete Sesleni\u015f&#8217; konu\u015fmas\u0131 yapt\u0131. Milletimizin K\u0131z\u0131lelmas\u0131&#8217;na d\u00f6n\u00fc\u015fen T\u00fcrkiye Y\u00fczy\u0131l\u0131 in\u015fas\u0131 yolunda azim ve sab\u0131rla ilerledi\u011fini ifade eden Cumhurba\u015fkan\u0131 Erdo\u011fan, ihanetlerin, sabotajlar\u0131n, al\u00e7ak ve kalle\u015f sald\u0131r\u0131lar\u0131n irademizi \u00f6rselemesine, bizi hedeflerimizden al\u0131koymas\u0131na m\u00fcsaade etmeyeceklerini s\u00f6yledi. &#8220;KALLE\u015e SALDIRILAR HEDEFLER\u0130M\u0130ZDEN ALI KOYAMAZ&#8221;\u00a0 23 Ekim&#8217;de ya\u015fanan ter\u00f6r sald\u0131r\u0131s\u0131 ard\u0131ndan g\u00fcvenlik g\u00fc\u00e7lerinin \u015fehitlerin kan\u0131n\u0131 yerde b\u0131rakmayarak 213 ter\u00f6risti etkisiz hale getirdi\u011fini s\u00f6yleyen Erdo\u011fan,\u00a0 al\u00e7ak sald\u0131r\u0131lar\u0131n kendilerini durdurmayaca\u011f\u0131n\u0131 ifade ederek, \u201c\u00dclkemizde \u0131l\u0131ml\u0131 bir iklim varken yap\u0131lan sald\u0131r\u0131 manidard\u0131r. Hi\u00e7bir engel tan\u0131m\u0131yoruz. Kalle\u015f sald\u0131r\u0131lar bizi hedeflerimizden al\u0131 koyamaz.\u201d dedi. Kabine Toplant\u0131s\u0131 Sonras\u0131 Millete Sesleni\u015f https:\/\/t.co\/PUz1dKnjhF \u2014 Recep Tayyip Erdo\u011fan (@RTErdogan) October 28, 2024 Konu\u015fmas\u0131nda ekonomik gidi\u015fata da ayr\u0131 parantez a\u00e7an Cumhurba\u015fkan\u0131 Erdo\u011fan,halk\u0131n s\u00fcrd\u00fcr\u00fclen ekonomi politikalar\u0131na g\u00fcvendi\u011fini belirtti. &#8220;Enflasyonda d\u00fc\u015f\u00fc\u015f ba\u015flad\u0131&#8221; diyen Erdo\u011fan, &#8220;\u0130\u015f \u00e7evreleri, piyasa akt\u00f6rleri ve ihracat\u00e7\u0131larla birlikte \u00f6n\u00fcm\u00fczdeki s\u00fcreci y\u00f6netece\u011fiz. \u00dcretimi istihdam\u0131, ihracat\u0131 \u00f6nceleyen ekonomi politikam\u0131z\u0131 s\u00fcrd\u00fcrece\u011fiz&#8221; mesaj\u0131n\u0131 verdi. Erdo\u011fan konu\u015fmas\u0131nda, vatanda\u015f\u0131n helal lokmas\u0131na g\u00f6z dikenlere asla m\u00fcsaade etmeyeceklerini a\u00e7\u0131klad\u0131. &#8220;MENFAATLER\u0130M\u0130Z &hellip;","og_url":"https:\/\/denizcankizil.tr\/de\/haberler\/gundem\/cumhurbaskani-erdogan-enflasyonda-dusus-basladi-sureci-yonetecegiz-politikamizi-surdurecegiz\/","og_site_name":"Av. Deniz Can K\u0131z\u0131l","article_published_time":"2024-10-29T17:43:02+00:00","twitter_card":"summary_large_image","twitter_misc":{"Gesch\u00e4tzte Lesezeit":"3\u00a0Minuten"},"schema":{"@context":"https:\/\/schema.org","@graph":[{"@type":"Article","@id":"https:\/\/denizcankizil.tr\/de\/haberler\/gundem\/cumhurbaskani-erdogan-enflasyonda-dusus-basladi-sureci-yonetecegiz-politikamizi-surdurecegiz\/#article","isPartOf":{"@id":"https:\/\/denizcankizil.tr\/de\/haberler\/gundem\/cumhurbaskani-erdogan-enflasyonda-dusus-basladi-sureci-yonetecegiz-politikamizi-surdurecegiz\/"},"author":{"name":"","@id":""},"headline":"Cumhurba\u015fkan\u0131 Erdo\u011fan: Enflasyonda d\u00fc\u015f\u00fc\u015f ba\u015flad\u0131&#8230; S\u00fcreci y\u00f6netece\u011fiz, politikam\u0131z\u0131 s\u00fcrd\u00fcrece\u011fiz","datePublished":"2024-10-29T17:43:02+00:00","mainEntityOfPage":{"@id":"https:\/\/denizcankizil.tr\/de\/haberler\/gundem\/cumhurbaskani-erdogan-enflasyonda-dusus-basladi-sureci-yonetecegiz-politikamizi-surdurecegiz\/"},"wordCount":543,"commentCount":0,"publisher":{"@id":"https:\/\/denizcankizil.tr\/#organization"},"articleSection":["G\u00fcndem","Uncategorized"],"inLanguage":"de","potentialAction":[{"@type":"CommentAction","name":"Comment","target":["https:\/\/denizcankizil.tr\/de\/haberler\/gundem\/cumhurbaskani-erdogan-enflasyonda-dusus-basladi-sureci-yonetecegiz-politikamizi-surdurecegiz\/#respond"]}]},{"@type":"WebPage","@id":"https:\/\/denizcankizil.tr\/de\/haberler\/gundem\/cumhurbaskani-erdogan-enflasyonda-dusus-basladi-sureci-yonetecegiz-politikamizi-surdurecegiz\/","url":"https:\/\/denizcankizil.tr\/de\/haberler\/gundem\/cumhurbaskani-erdogan-enflasyonda-dusus-basladi-sureci-yonetecegiz-politikamizi-surdurecegiz\/","name":"Cumhurba\u015fkan\u0131 Erdo\u011fan: Enflasyonda d\u00fc\u015f\u00fc\u015f ba\u015flad\u0131... S\u00fcreci y\u00f6netece\u011fiz, politikam\u0131z\u0131 s\u00fcrd\u00fcrece\u011fiz - Av. Deniz Can K\u0131z\u0131l","isPartOf":{"@id":"https:\/\/denizcankizil.tr\/#website"},"datePublished":"2024-10-29T17:43:02+00:00","breadcrumb":{"@id":"https:\/\/denizcankizil.tr\/de\/haberler\/gundem\/cumhurbaskani-erdogan-enflasyonda-dusus-basladi-sureci-yonetecegiz-politikamizi-surdurecegiz\/#breadcrumb"},"inLanguage":"de","potentialAction":[{"@type":"ReadAction","target":["https:\/\/denizcankizil.tr\/de\/haberler\/gundem\/cumhurbaskani-erdogan-enflasyonda-dusus-basladi-sureci-yonetecegiz-politikamizi-surdurecegiz\/"]}]},{"@type":"BreadcrumbList","@id":"https:\/\/denizcankizil.tr\/de\/haberler\/gundem\/cumhurbaskani-erdogan-enflasyonda-dusus-basladi-sureci-yonetecegiz-politikamizi-surdurecegiz\/#breadcrumb","itemListElement":[{"@type":"ListItem","position":1,"name":"Home","item":"https:\/\/denizcankizil.tr\/de\/"},{"@type":"ListItem","position":2,"name":"Cumhurba\u015fkan\u0131 Erdo\u011fan: Enflasyonda d\u00fc\u015f\u00fc\u015f ba\u015flad\u0131&#8230; S\u00fcreci y\u00f6netece\u011fiz, politikam\u0131z\u0131 s\u00fcrd\u00fcrece\u011fiz"}]},{"@type":"WebSite","@id":"https:\/\/denizcankizil.tr\/#website","url":"https:\/\/denizcankizil.tr\/","name":"Av. Deniz Can K\u0131z\u0131l","description":"Avukat Deniz Can K\u0131z\u0131l Antalya Barosu","publisher":{"@id":"https:\/\/denizcankizil.tr\/#organization"},"potentialAction":[{"@type":"SearchAction","target":{"@type":"EntryPoint","urlTemplate":"https:\/\/denizcankizil.tr\/?s={search_term_string}"},"query-input":{"@type":"PropertyValueSpecification","valueRequired":true,"valueName":"search_term_string"}}],"inLanguage":"de"},{"@type":"Organization","@id":"https:\/\/denizcankizil.tr\/#organization","name":"Av. Deniz Can K\u0131z\u0131l","url":"https:\/\/denizcankizil.tr\/","logo":{"@type":"ImageObject","inLanguage":"de","@id":"https:\/\/denizcankizil.tr\/#\/schema\/logo\/image\/","url":"https:\/\/denizcankizil.tr\/wp-content\/uploads\/2024\/10\/siyah-logo-svg.svg","contentUrl":"https:\/\/denizcankizil.tr\/wp-content\/uploads\/2024\/10\/siyah-logo-svg.svg","width":1080,"height":1080,"caption":"Av. Deniz Can K\u0131z\u0131l"},"image":{"@id":"https:\/\/denizcankizil.tr\/#\/schema\/logo\/image\/"}}]}},"_links":{"self":[{"href":"https:\/\/denizcankizil.tr\/de\/wp-json\/wp\/v2\/posts\/10069","targetHints":{"allow":["GET"]}}],"collection":[{"href":"https:\/\/denizcankizil.tr\/de\/wp-json\/wp\/v2\/posts"}],"about":[{"href":"https:\/\/denizcankizil.tr\/de\/wp-json\/wp\/v2\/types\/post"}],"replies":[{"embeddable":true,"href":"https:\/\/denizcankizil.tr\/de\/wp-json\/wp\/v2\/comments?post=10069"}],"version-history":[{"count":0,"href":"https:\/\/denizcankizil.tr\/de\/wp-json\/wp\/v2\/posts\/10069\/revisions"}],"wp:attachment":[{"href":"https:\/\/denizcankizil.tr\/de\/wp-json\/wp\/v2\/media?parent=10069"}],"wp:term":[{"taxonomy":"category","embeddable":true,"href":"https:\/\/denizcankizil.tr\/de\/wp-json\/wp\/v2\/categories?post=10069"},{"taxonomy":"post_tag","embeddable":true,"href":"https:\/\/denizcankizil.tr\/de\/wp-json\/wp\/v2\/tags?post=10069"}],"curies":[{"name":"wp","href":"https:\/\/api.w.org\/{rel}","templated":true}]}}