{"id":100427,"date":"2025-05-29T10:43:38","date_gmt":"2025-05-29T07:43:38","guid":{"rendered":"https:\/\/denizcankizil.tr\/uncategorized-tr\/ukome-bazi-yollari-kapatti-yeni-duzenlemeler-getirdi\/"},"modified":"2025-05-29T10:43:38","modified_gmt":"2025-05-29T07:43:38","slug":"ukome-bazi-yollari-kapatti-yeni-duzenlemeler-getirdi","status":"publish","type":"post","link":"https:\/\/denizcankizil.tr\/de\/haberler\/gundem\/ukome-bazi-yollari-kapatti-yeni-duzenlemeler-getirdi\/","title":{"rendered":"UKOME Baz\u0131 yollar\u0131 Kapatt\u0131, Yeni D\u00fczenlemeler Getirdi"},"content":{"rendered":"<p>HBB Ula\u015f\u0131m Koordinasyon Merkezi toplant\u0131s\u0131n\u0131, HBB Genel Sekreteri Hayrettin G\u00fcng\u00f6r ba\u015fkanl\u0131\u011f\u0131nda ger\u00e7ekle\u015fti.<\/p>\n<p>39 maddenin g\u00f6r\u00fc\u015f\u00fclerek karara ba\u011fland\u0131\u011f\u0131 toplant\u0131da il genelinde trafik yo\u011funlu\u011funu \u00f6nleyecek ve ula\u015f\u0131m sorunlar\u0131na \u00e7\u00f6z\u00fcm olacak kararlar al\u0131nd\u0131.<\/p>\n<p>A\u011eIR TONAJLI ARA\u00c7 GE\u00c7MEYECEK<\/p>\n<p>Havaalan\u0131 K\u00f6pr\u00fcs\u00fc\u2019nden A\u011f\u0131r Tonajl\u0131 Ara\u00e7lar Ge\u00e7emeyecek<\/p>\n<p>UKOME taraf\u0131ndan 6 \u015eubat depreminde a\u011f\u0131r hasar alan Hatay Havaalan\u0131 K\u00f6pr\u00fcs\u00fc ile Antakya Narl\u0131ca Mahallesi, Recep Tayyip Erdo\u011fan \u0130lkokulu \u00f6\u011frencilerinin can g\u00fcvenli\u011finin korunmas\u0131 amac\u0131yla 1011. Sokak a\u011f\u0131r tonajl\u0131 ara\u00e7 trafi\u011fine kapat\u0131ld\u0131.<\/p>\n<p>75&#8217;inci Y\u0131l Bulvar\u0131&#8217;nda, 11.00 ile 15.00 Saatleri Aras\u0131nda 3 Ayl\u0131k S\u00fcreyle Tek \u015eerit<\/p>\n<p>Antakya Odaba\u015f\u0131, \u00dcrgenpa\u015fa ve Sarayc\u0131k Mahalleleri b\u00f6lgesinde devam eden TOK\u0130 in\u015faatlar\u0131 \u00e7al\u0131\u015fmas\u0131 nedeniyle 75&#8217;inci y\u0131l Bulvar\u0131&#8217;nda in\u015faata denk gelen g\u00fczerg\u00e2h\u0131n tek tarafl\u0131 olarak saat 11.00 ile 15.00 saatler aras\u0131nda 3 ayl\u0131k s\u00fcreyle trafi\u011fe kapat\u0131lmas\u0131 kararla\u015ft\u0131r\u0131ld\u0131.<\/p>\n<p>TOPLU TA\u015eIMADA YEN\u0130 G\u00dcZERG\u00c2H D\u00dcZENLEMES\u0130<\/p>\n<p>Antakya Organize Sanayi B\u00f6lgesi, \u00d6ten\u00e7ay-Ovakent minib\u00fcs garaj\u0131 toplu ta\u015f\u0131ma g\u00fczerg\u00e2h\u0131n\u0131n \u00d6ten\u00e7ay-\u015eenb\u00fck b\u00f6lgesine de hizmet verecek \u015fekilde d\u00fczenlenmesi kararla\u015ft\u0131r\u0131ld\u0131.<\/p>\n<p>\u0130SKENDERUN DEVLET HASTANES\u0130\u2019NE TOPLU TA\u015eIMA H\u0130ZMET\u0130<\/p>\n<p>\u0130skenderun\u2019da toplu ta\u015f\u0131ma hizmeti veren S.S. 46 numaral\u0131 kooperatife ba\u011fl\u0131 ara\u00e7lar\u0131n, kullanmakta oldu\u011fu g\u00fczerg\u00e2h\u0131n yan\u0131 s\u0131ra, \u0130skenderun Devlet Hastanesi i\u00e7erisinde ring yapacak \u015fekilde d\u00fczenlenmesi karara ba\u011fland\u0131.<\/p>\n<p>BAZI YOLLAR TRAF\u0130\u011eE KAPATILDI<\/p>\n<p>Antakya, Dikmece Mahallesi ba\u011flant\u0131 yolunda belirlenen g\u00fczerg\u00e2h\u0131n TOK\u0130 in\u015faat\u0131 ve g\u00fcvenlik nedeniyle in\u015faat s\u00fcresince trafi\u011fe kapat\u0131lmas\u0131 kararla\u015ft\u0131r\u0131ld\u0131.<\/p>\n<p>E\u011e\u0130T\u0130M KURUMLARININ OLDU\u011eU CADDELERE KAS\u0130S<\/p>\n<p>Antakya, Alt\u0131n\u00f6z\u00fc, K\u0131r\u0131khan Arsuz ve Kumlu\u2019da baz\u0131 \u00e7ocuk park\u0131 ve e\u011fitim kurumlar\u0131n\u0131n bulundu\u011fu caddelere trafik g\u00fcvenli\u011fini artt\u0131rmak i\u00e7in h\u0131z kesici kasis yerle\u015ftirilmesi kararla\u015ft\u0131r\u0131ld\u0131.<\/p>\n<p>\u200bHatay B\u00fcy\u00fck\u015fehir Belediyesi (HBB) Ula\u015f\u0131m Koordinasyon Merkezi (UKOME) 2025 y\u0131l\u0131 May\u0131s ay\u0131 toplant\u0131s\u0131nda baz\u0131 yollar\u0131n a\u011f\u0131r tonajl\u0131 ara\u00e7 \u00a0trafi\u011fe kapat\u0131lmas\u0131 \u00a0ile dolmu\u015f g\u00fczergahlar\u0131 g\u00fcncellenmesini karara ba\u011flad\u0131.\u00a0<\/p>\n<p>\u200bHaberin Al\u0131nt\u0131land\u0131\u011f\u0131 Kaynak: www.iskenderun.org<\/p>","protected":false},"excerpt":{"rendered":"<p>HBB Ula\u015f\u0131m Koordinasyon Merkezi toplant\u0131s\u0131n\u0131, HBB Genel Sekreteri Hayrettin G\u00fcng\u00f6r ba\u015fkanl\u0131\u011f\u0131nda ger\u00e7ekle\u015fti. 39 maddenin g\u00f6r\u00fc\u015f\u00fclerek karara ba\u011fland\u0131\u011f\u0131 toplant\u0131da il genelinde trafik yo\u011funlu\u011funu \u00f6nleyecek ve ula\u015f\u0131m sorunlar\u0131na \u00e7\u00f6z\u00fcm olacak kararlar al\u0131nd\u0131. A\u011eIR TONAJLI ARA\u00c7 GE\u00c7MEYECEK Havaalan\u0131 K\u00f6pr\u00fcs\u00fc\u2019nden A\u011f\u0131r Tonajl\u0131 Ara\u00e7lar Ge\u00e7emeyecek UKOME taraf\u0131ndan 6 \u015eubat depreminde a\u011f\u0131r hasar alan Hatay Havaalan\u0131 K\u00f6pr\u00fcs\u00fc ile Antakya Narl\u0131ca Mahallesi, Recep Tayyip Erdo\u011fan \u0130lkokulu \u00f6\u011frencilerinin can g\u00fcvenli\u011finin korunmas\u0131 amac\u0131yla 1011. Sokak a\u011f\u0131r tonajl\u0131 ara\u00e7 trafi\u011fine kapat\u0131ld\u0131. 75&#8217;inci Y\u0131l Bulvar\u0131&#8217;nda, 11.00 ile 15.00 Saatleri Aras\u0131nda 3 Ayl\u0131k S\u00fcreyle Tek \u015eerit Antakya Odaba\u015f\u0131, \u00dcrgenpa\u015fa ve Sarayc\u0131k Mahalleleri b\u00f6lgesinde devam eden TOK\u0130 in\u015faatlar\u0131 \u00e7al\u0131\u015fmas\u0131 nedeniyle 75&#8217;inci y\u0131l Bulvar\u0131&#8217;nda in\u015faata denk gelen g\u00fczerg\u00e2h\u0131n tek tarafl\u0131 olarak saat 11.00 ile 15.00 saatler aras\u0131nda 3 ayl\u0131k s\u00fcreyle trafi\u011fe kapat\u0131lmas\u0131 kararla\u015ft\u0131r\u0131ld\u0131. TOPLU TA\u015eIMADA YEN\u0130 G\u00dcZERG\u00c2H D\u00dcZENLEMES\u0130 Antakya Organize Sanayi B\u00f6lgesi, \u00d6ten\u00e7ay-Ovakent minib\u00fcs garaj\u0131 toplu ta\u015f\u0131ma g\u00fczerg\u00e2h\u0131n\u0131n \u00d6ten\u00e7ay-\u015eenb\u00fck b\u00f6lgesine de hizmet verecek \u015fekilde d\u00fczenlenmesi kararla\u015ft\u0131r\u0131ld\u0131. \u0130SKENDERUN DEVLET HASTANES\u0130\u2019NE TOPLU TA\u015eIMA H\u0130ZMET\u0130 \u0130skenderun\u2019da toplu ta\u015f\u0131ma hizmeti veren S.S. 46 numaral\u0131 kooperatife ba\u011fl\u0131 ara\u00e7lar\u0131n, kullanmakta oldu\u011fu g\u00fczerg\u00e2h\u0131n yan\u0131 s\u0131ra, \u0130skenderun Devlet Hastanesi i\u00e7erisinde ring yapacak \u015fekilde d\u00fczenlenmesi karara ba\u011fland\u0131. BAZI YOLLAR TRAF\u0130\u011eE KAPATILDI Antakya, Dikmece Mahallesi ba\u011flant\u0131 yolunda belirlenen g\u00fczerg\u00e2h\u0131n TOK\u0130 in\u015faat\u0131 ve g\u00fcvenlik nedeniyle in\u015faat s\u00fcresince trafi\u011fe kapat\u0131lmas\u0131 kararla\u015ft\u0131r\u0131ld\u0131. E\u011e\u0130T\u0130M KURUMLARININ OLDU\u011eU CADDELERE KAS\u0130S &hellip;<\/p>","protected":false},"author":1,"featured_media":0,"comment_status":"","ping_status":"open","sticky":false,"template":"","format":"standard","meta":{"_acf_changed":false,"footnotes":""},"categories":[24],"tags":[],"class_list":["post-100427","post","type-post","status-publish","format-standard","has-post-thumbnail","hentry","category-gundem"],"acf":[],"yoast_head":"<!-- This site is optimized with the Yoast SEO Premium plugin v26.6 (Yoast SEO v27.1.1) - https:\/\/yoast.com\/product\/yoast-seo-premium-wordpress\/ -->\n<title>UKOME Baz\u0131 yollar\u0131 Kapatt\u0131, Yeni D\u00fczenlemeler Getirdi - Av. Deniz Can K\u0131z\u0131l<\/title>\n<meta name=\"robots\" content=\"index, follow, max-snippet:-1, max-image-preview:large, max-video-preview:-1\" \/>\n<link rel=\"canonical\" href=\"https:\/\/denizcankizil.tr\/de\/haberler\/gundem\/ukome-bazi-yollari-kapatti-yeni-duzenlemeler-getirdi\/\" \/>\n<meta property=\"og:locale\" content=\"de_DE\" \/>\n<meta property=\"og:type\" content=\"article\" \/>\n<meta property=\"og:title\" content=\"UKOME Baz\u0131 yollar\u0131 Kapatt\u0131, Yeni D\u00fczenlemeler Getirdi\" \/>\n<meta property=\"og:description\" content=\"HBB Ula\u015f\u0131m Koordinasyon Merkezi toplant\u0131s\u0131n\u0131, HBB Genel Sekreteri Hayrettin G\u00fcng\u00f6r ba\u015fkanl\u0131\u011f\u0131nda ger\u00e7ekle\u015fti. 39 maddenin g\u00f6r\u00fc\u015f\u00fclerek karara ba\u011fland\u0131\u011f\u0131 toplant\u0131da il genelinde trafik yo\u011funlu\u011funu \u00f6nleyecek ve ula\u015f\u0131m sorunlar\u0131na \u00e7\u00f6z\u00fcm olacak kararlar al\u0131nd\u0131. A\u011eIR TONAJLI ARA\u00c7 GE\u00c7MEYECEK Havaalan\u0131 K\u00f6pr\u00fcs\u00fc\u2019nden A\u011f\u0131r Tonajl\u0131 Ara\u00e7lar Ge\u00e7emeyecek UKOME taraf\u0131ndan 6 \u015eubat depreminde a\u011f\u0131r hasar alan Hatay Havaalan\u0131 K\u00f6pr\u00fcs\u00fc ile Antakya Narl\u0131ca Mahallesi, Recep Tayyip Erdo\u011fan \u0130lkokulu \u00f6\u011frencilerinin can g\u00fcvenli\u011finin korunmas\u0131 amac\u0131yla 1011. Sokak a\u011f\u0131r tonajl\u0131 ara\u00e7 trafi\u011fine kapat\u0131ld\u0131. 75&#8217;inci Y\u0131l Bulvar\u0131&#8217;nda, 11.00 ile 15.00 Saatleri Aras\u0131nda 3 Ayl\u0131k S\u00fcreyle Tek \u015eerit Antakya Odaba\u015f\u0131, \u00dcrgenpa\u015fa ve Sarayc\u0131k Mahalleleri b\u00f6lgesinde devam eden TOK\u0130 in\u015faatlar\u0131 \u00e7al\u0131\u015fmas\u0131 nedeniyle 75&#8217;inci y\u0131l Bulvar\u0131&#8217;nda in\u015faata denk gelen g\u00fczerg\u00e2h\u0131n tek tarafl\u0131 olarak saat 11.00 ile 15.00 saatler aras\u0131nda 3 ayl\u0131k s\u00fcreyle trafi\u011fe kapat\u0131lmas\u0131 kararla\u015ft\u0131r\u0131ld\u0131. TOPLU TA\u015eIMADA YEN\u0130 G\u00dcZERG\u00c2H D\u00dcZENLEMES\u0130 Antakya Organize Sanayi B\u00f6lgesi, \u00d6ten\u00e7ay-Ovakent minib\u00fcs garaj\u0131 toplu ta\u015f\u0131ma g\u00fczerg\u00e2h\u0131n\u0131n \u00d6ten\u00e7ay-\u015eenb\u00fck b\u00f6lgesine de hizmet verecek \u015fekilde d\u00fczenlenmesi kararla\u015ft\u0131r\u0131ld\u0131. \u0130SKENDERUN DEVLET HASTANES\u0130\u2019NE TOPLU TA\u015eIMA H\u0130ZMET\u0130 \u0130skenderun\u2019da toplu ta\u015f\u0131ma hizmeti veren S.S. 46 numaral\u0131 kooperatife ba\u011fl\u0131 ara\u00e7lar\u0131n, kullanmakta oldu\u011fu g\u00fczerg\u00e2h\u0131n yan\u0131 s\u0131ra, \u0130skenderun Devlet Hastanesi i\u00e7erisinde ring yapacak \u015fekilde d\u00fczenlenmesi karara ba\u011fland\u0131. BAZI YOLLAR TRAF\u0130\u011eE KAPATILDI Antakya, Dikmece Mahallesi ba\u011flant\u0131 yolunda belirlenen g\u00fczerg\u00e2h\u0131n TOK\u0130 in\u015faat\u0131 ve g\u00fcvenlik nedeniyle in\u015faat s\u00fcresince trafi\u011fe kapat\u0131lmas\u0131 kararla\u015ft\u0131r\u0131ld\u0131. E\u011e\u0130T\u0130M KURUMLARININ OLDU\u011eU CADDELERE KAS\u0130S &hellip;\" \/>\n<meta property=\"og:url\" content=\"https:\/\/denizcankizil.tr\/de\/haberler\/gundem\/ukome-bazi-yollari-kapatti-yeni-duzenlemeler-getirdi\/\" \/>\n<meta property=\"og:site_name\" content=\"Av. Deniz Can K\u0131z\u0131l\" \/>\n<meta property=\"article:published_time\" content=\"2025-05-29T07:43:38+00:00\" \/>\n<meta name=\"author\" content=\"admin\" \/>\n<meta name=\"twitter:card\" content=\"summary_large_image\" \/>\n<meta name=\"twitter:label1\" content=\"Verfasst von\" \/>\n\t<meta name=\"twitter:data1\" content=\"admin\" \/>\n\t<meta name=\"twitter:label2\" content=\"Gesch\u00e4tzte Lesezeit\" \/>\n\t<meta name=\"twitter:data2\" content=\"2\u00a0Minuten\" \/>\n<script type=\"application\/ld+json\" class=\"yoast-schema-graph\">{\"@context\":\"https:\/\/schema.org\",\"@graph\":[{\"@type\":\"Article\",\"@id\":\"https:\/\/denizcankizil.tr\/de\/haberler\/gundem\/ukome-bazi-yollari-kapatti-yeni-duzenlemeler-getirdi\/#article\",\"isPartOf\":{\"@id\":\"https:\/\/denizcankizil.tr\/de\/haberler\/gundem\/ukome-bazi-yollari-kapatti-yeni-duzenlemeler-getirdi\/\"},\"author\":{\"name\":\"admin\",\"@id\":\"https:\/\/denizcankizil.tr\/#\/schema\/person\/be3c05fe6a12686905512445d8185489\"},\"headline\":\"UKOME Baz\u0131 yollar\u0131 Kapatt\u0131, Yeni D\u00fczenlemeler Getirdi\",\"datePublished\":\"2025-05-29T07:43:38+00:00\",\"mainEntityOfPage\":{\"@id\":\"https:\/\/denizcankizil.tr\/de\/haberler\/gundem\/ukome-bazi-yollari-kapatti-yeni-duzenlemeler-getirdi\/\"},\"wordCount\":405,\"publisher\":{\"@id\":\"https:\/\/denizcankizil.tr\/#organization\"},\"articleSection\":[\"G\u00fcndem\"],\"inLanguage\":\"de\"},{\"@type\":\"WebPage\",\"@id\":\"https:\/\/denizcankizil.tr\/de\/haberler\/gundem\/ukome-bazi-yollari-kapatti-yeni-duzenlemeler-getirdi\/\",\"url\":\"https:\/\/denizcankizil.tr\/de\/haberler\/gundem\/ukome-bazi-yollari-kapatti-yeni-duzenlemeler-getirdi\/\",\"name\":\"UKOME Baz\u0131 yollar\u0131 Kapatt\u0131, Yeni D\u00fczenlemeler Getirdi - Av. Deniz Can K\u0131z\u0131l\",\"isPartOf\":{\"@id\":\"https:\/\/denizcankizil.tr\/#website\"},\"datePublished\":\"2025-05-29T07:43:38+00:00\",\"breadcrumb\":{\"@id\":\"https:\/\/denizcankizil.tr\/de\/haberler\/gundem\/ukome-bazi-yollari-kapatti-yeni-duzenlemeler-getirdi\/#breadcrumb\"},\"inLanguage\":\"de\",\"potentialAction\":[{\"@type\":\"ReadAction\",\"target\":[\"https:\/\/denizcankizil.tr\/de\/haberler\/gundem\/ukome-bazi-yollari-kapatti-yeni-duzenlemeler-getirdi\/\"]}]},{\"@type\":\"BreadcrumbList\",\"@id\":\"https:\/\/denizcankizil.tr\/de\/haberler\/gundem\/ukome-bazi-yollari-kapatti-yeni-duzenlemeler-getirdi\/#breadcrumb\",\"itemListElement\":[{\"@type\":\"ListItem\",\"position\":1,\"name\":\"Home\",\"item\":\"https:\/\/denizcankizil.tr\/de\/\"},{\"@type\":\"ListItem\",\"position\":2,\"name\":\"UKOME Baz\u0131 yollar\u0131 Kapatt\u0131, Yeni D\u00fczenlemeler Getirdi\"}]},{\"@type\":\"WebSite\",\"@id\":\"https:\/\/denizcankizil.tr\/#website\",\"url\":\"https:\/\/denizcankizil.tr\/\",\"name\":\"Av. Deniz Can K\u0131z\u0131l\",\"description\":\"Avukat Deniz Can K\u0131z\u0131l Antalya Barosu\",\"publisher\":{\"@id\":\"https:\/\/denizcankizil.tr\/#organization\"},\"potentialAction\":[{\"@type\":\"SearchAction\",\"target\":{\"@type\":\"EntryPoint\",\"urlTemplate\":\"https:\/\/denizcankizil.tr\/?s={search_term_string}\"},\"query-input\":{\"@type\":\"PropertyValueSpecification\",\"valueRequired\":true,\"valueName\":\"search_term_string\"}}],\"inLanguage\":\"de\"},{\"@type\":\"Organization\",\"@id\":\"https:\/\/denizcankizil.tr\/#organization\",\"name\":\"Av. Deniz Can K\u0131z\u0131l\",\"url\":\"https:\/\/denizcankizil.tr\/\",\"logo\":{\"@type\":\"ImageObject\",\"inLanguage\":\"de\",\"@id\":\"https:\/\/denizcankizil.tr\/#\/schema\/logo\/image\/\",\"url\":\"https:\/\/denizcankizil.tr\/wp-content\/uploads\/2024\/10\/siyah-logo-svg.svg\",\"contentUrl\":\"https:\/\/denizcankizil.tr\/wp-content\/uploads\/2024\/10\/siyah-logo-svg.svg\",\"width\":1080,\"height\":1080,\"caption\":\"Av. Deniz Can K\u0131z\u0131l\"},\"image\":{\"@id\":\"https:\/\/denizcankizil.tr\/#\/schema\/logo\/image\/\"}},{\"@type\":\"Person\",\"@id\":\"https:\/\/denizcankizil.tr\/#\/schema\/person\/be3c05fe6a12686905512445d8185489\",\"name\":\"admin\",\"image\":{\"@type\":\"ImageObject\",\"inLanguage\":\"de\",\"@id\":\"https:\/\/denizcankizil.tr\/#\/schema\/person\/image\/\",\"url\":\"https:\/\/secure.gravatar.com\/avatar\/c1fce94c830dc79107e174f890d7210541c4a63e8e5d816341794a2151c9d58c?s=96&d=mm&r=g\",\"contentUrl\":\"https:\/\/secure.gravatar.com\/avatar\/c1fce94c830dc79107e174f890d7210541c4a63e8e5d816341794a2151c9d58c?s=96&d=mm&r=g\",\"caption\":\"admin\"},\"sameAs\":[\"http:\/\/denizcankizil.tr\"],\"url\":\"https:\/\/www.iskenderun.org\/ukome-bazi-yollari-kapatti-yeni-duzenlemeler-getirdi\"}]}<\/script>\n<!-- \/ Yoast SEO Premium plugin. -->","yoast_head_json":{"title":"UKOME Baz\u0131 yollar\u0131 Kapatt\u0131, Yeni D\u00fczenlemeler Getirdi - Av. Deniz Can K\u0131z\u0131l","robots":{"index":"index","follow":"follow","max-snippet":"max-snippet:-1","max-image-preview":"max-image-preview:large","max-video-preview":"max-video-preview:-1"},"canonical":"https:\/\/denizcankizil.tr\/de\/haberler\/gundem\/ukome-bazi-yollari-kapatti-yeni-duzenlemeler-getirdi\/","og_locale":"de_DE","og_type":"article","og_title":"UKOME Baz\u0131 yollar\u0131 Kapatt\u0131, Yeni D\u00fczenlemeler Getirdi","og_description":"HBB Ula\u015f\u0131m Koordinasyon Merkezi toplant\u0131s\u0131n\u0131, HBB Genel Sekreteri Hayrettin G\u00fcng\u00f6r ba\u015fkanl\u0131\u011f\u0131nda ger\u00e7ekle\u015fti. 39 maddenin g\u00f6r\u00fc\u015f\u00fclerek karara ba\u011fland\u0131\u011f\u0131 toplant\u0131da il genelinde trafik yo\u011funlu\u011funu \u00f6nleyecek ve ula\u015f\u0131m sorunlar\u0131na \u00e7\u00f6z\u00fcm olacak kararlar al\u0131nd\u0131. A\u011eIR TONAJLI ARA\u00c7 GE\u00c7MEYECEK Havaalan\u0131 K\u00f6pr\u00fcs\u00fc\u2019nden A\u011f\u0131r Tonajl\u0131 Ara\u00e7lar Ge\u00e7emeyecek UKOME taraf\u0131ndan 6 \u015eubat depreminde a\u011f\u0131r hasar alan Hatay Havaalan\u0131 K\u00f6pr\u00fcs\u00fc ile Antakya Narl\u0131ca Mahallesi, Recep Tayyip Erdo\u011fan \u0130lkokulu \u00f6\u011frencilerinin can g\u00fcvenli\u011finin korunmas\u0131 amac\u0131yla 1011. Sokak a\u011f\u0131r tonajl\u0131 ara\u00e7 trafi\u011fine kapat\u0131ld\u0131. 75&#8217;inci Y\u0131l Bulvar\u0131&#8217;nda, 11.00 ile 15.00 Saatleri Aras\u0131nda 3 Ayl\u0131k S\u00fcreyle Tek \u015eerit Antakya Odaba\u015f\u0131, \u00dcrgenpa\u015fa ve Sarayc\u0131k Mahalleleri b\u00f6lgesinde devam eden TOK\u0130 in\u015faatlar\u0131 \u00e7al\u0131\u015fmas\u0131 nedeniyle 75&#8217;inci y\u0131l Bulvar\u0131&#8217;nda in\u015faata denk gelen g\u00fczerg\u00e2h\u0131n tek tarafl\u0131 olarak saat 11.00 ile 15.00 saatler aras\u0131nda 3 ayl\u0131k s\u00fcreyle trafi\u011fe kapat\u0131lmas\u0131 kararla\u015ft\u0131r\u0131ld\u0131. TOPLU TA\u015eIMADA YEN\u0130 G\u00dcZERG\u00c2H D\u00dcZENLEMES\u0130 Antakya Organize Sanayi B\u00f6lgesi, \u00d6ten\u00e7ay-Ovakent minib\u00fcs garaj\u0131 toplu ta\u015f\u0131ma g\u00fczerg\u00e2h\u0131n\u0131n \u00d6ten\u00e7ay-\u015eenb\u00fck b\u00f6lgesine de hizmet verecek \u015fekilde d\u00fczenlenmesi kararla\u015ft\u0131r\u0131ld\u0131. \u0130SKENDERUN DEVLET HASTANES\u0130\u2019NE TOPLU TA\u015eIMA H\u0130ZMET\u0130 \u0130skenderun\u2019da toplu ta\u015f\u0131ma hizmeti veren S.S. 46 numaral\u0131 kooperatife ba\u011fl\u0131 ara\u00e7lar\u0131n, kullanmakta oldu\u011fu g\u00fczerg\u00e2h\u0131n yan\u0131 s\u0131ra, \u0130skenderun Devlet Hastanesi i\u00e7erisinde ring yapacak \u015fekilde d\u00fczenlenmesi karara ba\u011fland\u0131. BAZI YOLLAR TRAF\u0130\u011eE KAPATILDI Antakya, Dikmece Mahallesi ba\u011flant\u0131 yolunda belirlenen g\u00fczerg\u00e2h\u0131n TOK\u0130 in\u015faat\u0131 ve g\u00fcvenlik nedeniyle in\u015faat s\u00fcresince trafi\u011fe kapat\u0131lmas\u0131 kararla\u015ft\u0131r\u0131ld\u0131. E\u011e\u0130T\u0130M KURUMLARININ OLDU\u011eU CADDELERE KAS\u0130S &hellip;","og_url":"https:\/\/denizcankizil.tr\/de\/haberler\/gundem\/ukome-bazi-yollari-kapatti-yeni-duzenlemeler-getirdi\/","og_site_name":"Av. Deniz Can K\u0131z\u0131l","article_published_time":"2025-05-29T07:43:38+00:00","author":"admin","twitter_card":"summary_large_image","twitter_misc":{"Verfasst von":"admin","Gesch\u00e4tzte Lesezeit":"2\u00a0Minuten"},"schema":{"@context":"https:\/\/schema.org","@graph":[{"@type":"Article","@id":"https:\/\/denizcankizil.tr\/de\/haberler\/gundem\/ukome-bazi-yollari-kapatti-yeni-duzenlemeler-getirdi\/#article","isPartOf":{"@id":"https:\/\/denizcankizil.tr\/de\/haberler\/gundem\/ukome-bazi-yollari-kapatti-yeni-duzenlemeler-getirdi\/"},"author":{"name":"admin","@id":"https:\/\/denizcankizil.tr\/#\/schema\/person\/be3c05fe6a12686905512445d8185489"},"headline":"UKOME Baz\u0131 yollar\u0131 Kapatt\u0131, Yeni D\u00fczenlemeler Getirdi","datePublished":"2025-05-29T07:43:38+00:00","mainEntityOfPage":{"@id":"https:\/\/denizcankizil.tr\/de\/haberler\/gundem\/ukome-bazi-yollari-kapatti-yeni-duzenlemeler-getirdi\/"},"wordCount":405,"publisher":{"@id":"https:\/\/denizcankizil.tr\/#organization"},"articleSection":["G\u00fcndem"],"inLanguage":"de"},{"@type":"WebPage","@id":"https:\/\/denizcankizil.tr\/de\/haberler\/gundem\/ukome-bazi-yollari-kapatti-yeni-duzenlemeler-getirdi\/","url":"https:\/\/denizcankizil.tr\/de\/haberler\/gundem\/ukome-bazi-yollari-kapatti-yeni-duzenlemeler-getirdi\/","name":"UKOME Baz\u0131 yollar\u0131 Kapatt\u0131, Yeni D\u00fczenlemeler Getirdi - Av. Deniz Can K\u0131z\u0131l","isPartOf":{"@id":"https:\/\/denizcankizil.tr\/#website"},"datePublished":"2025-05-29T07:43:38+00:00","breadcrumb":{"@id":"https:\/\/denizcankizil.tr\/de\/haberler\/gundem\/ukome-bazi-yollari-kapatti-yeni-duzenlemeler-getirdi\/#breadcrumb"},"inLanguage":"de","potentialAction":[{"@type":"ReadAction","target":["https:\/\/denizcankizil.tr\/de\/haberler\/gundem\/ukome-bazi-yollari-kapatti-yeni-duzenlemeler-getirdi\/"]}]},{"@type":"BreadcrumbList","@id":"https:\/\/denizcankizil.tr\/de\/haberler\/gundem\/ukome-bazi-yollari-kapatti-yeni-duzenlemeler-getirdi\/#breadcrumb","itemListElement":[{"@type":"ListItem","position":1,"name":"Home","item":"https:\/\/denizcankizil.tr\/de\/"},{"@type":"ListItem","position":2,"name":"UKOME Baz\u0131 yollar\u0131 Kapatt\u0131, Yeni D\u00fczenlemeler Getirdi"}]},{"@type":"WebSite","@id":"https:\/\/denizcankizil.tr\/#website","url":"https:\/\/denizcankizil.tr\/","name":"Av. Deniz Can K\u0131z\u0131l","description":"Avukat Deniz Can K\u0131z\u0131l Antalya Barosu","publisher":{"@id":"https:\/\/denizcankizil.tr\/#organization"},"potentialAction":[{"@type":"SearchAction","target":{"@type":"EntryPoint","urlTemplate":"https:\/\/denizcankizil.tr\/?s={search_term_string}"},"query-input":{"@type":"PropertyValueSpecification","valueRequired":true,"valueName":"search_term_string"}}],"inLanguage":"de"},{"@type":"Organization","@id":"https:\/\/denizcankizil.tr\/#organization","name":"Av. Deniz Can K\u0131z\u0131l","url":"https:\/\/denizcankizil.tr\/","logo":{"@type":"ImageObject","inLanguage":"de","@id":"https:\/\/denizcankizil.tr\/#\/schema\/logo\/image\/","url":"https:\/\/denizcankizil.tr\/wp-content\/uploads\/2024\/10\/siyah-logo-svg.svg","contentUrl":"https:\/\/denizcankizil.tr\/wp-content\/uploads\/2024\/10\/siyah-logo-svg.svg","width":1080,"height":1080,"caption":"Av. Deniz Can K\u0131z\u0131l"},"image":{"@id":"https:\/\/denizcankizil.tr\/#\/schema\/logo\/image\/"}},{"@type":"Person","@id":"https:\/\/denizcankizil.tr\/#\/schema\/person\/be3c05fe6a12686905512445d8185489","name":"Administrator","image":{"@type":"ImageObject","inLanguage":"de","@id":"https:\/\/denizcankizil.tr\/#\/schema\/person\/image\/","url":"https:\/\/secure.gravatar.com\/avatar\/c1fce94c830dc79107e174f890d7210541c4a63e8e5d816341794a2151c9d58c?s=96&d=mm&r=g","contentUrl":"https:\/\/secure.gravatar.com\/avatar\/c1fce94c830dc79107e174f890d7210541c4a63e8e5d816341794a2151c9d58c?s=96&d=mm&r=g","caption":"admin"},"sameAs":["http:\/\/denizcankizil.tr"],"url":"https:\/\/www.iskenderun.org\/ukome-bazi-yollari-kapatti-yeni-duzenlemeler-getirdi"}]}},"_links":{"self":[{"href":"https:\/\/denizcankizil.tr\/de\/wp-json\/wp\/v2\/posts\/100427","targetHints":{"allow":["GET"]}}],"collection":[{"href":"https:\/\/denizcankizil.tr\/de\/wp-json\/wp\/v2\/posts"}],"about":[{"href":"https:\/\/denizcankizil.tr\/de\/wp-json\/wp\/v2\/types\/post"}],"author":[{"embeddable":true,"href":"https:\/\/denizcankizil.tr\/de\/wp-json\/wp\/v2\/users\/1"}],"replies":[{"embeddable":true,"href":"https:\/\/denizcankizil.tr\/de\/wp-json\/wp\/v2\/comments?post=100427"}],"version-history":[{"count":0,"href":"https:\/\/denizcankizil.tr\/de\/wp-json\/wp\/v2\/posts\/100427\/revisions"}],"wp:attachment":[{"href":"https:\/\/denizcankizil.tr\/de\/wp-json\/wp\/v2\/media?parent=100427"}],"wp:term":[{"taxonomy":"category","embeddable":true,"href":"https:\/\/denizcankizil.tr\/de\/wp-json\/wp\/v2\/categories?post=100427"},{"taxonomy":"post_tag","embeddable":true,"href":"https:\/\/denizcankizil.tr\/de\/wp-json\/wp\/v2\/tags?post=100427"}],"curies":[{"name":"wp","href":"https:\/\/api.w.org\/{rel}","templated":true}]}}