{"id":100338,"date":"2025-05-29T09:42:04","date_gmt":"2025-05-29T06:42:04","guid":{"rendered":"https:\/\/denizcankizil.tr\/uncategorized-tr\/antalyada-kapali-yol-krizi-her-iki-kurumdan-kafa-karistiran-aciklama\/"},"modified":"2025-05-29T09:42:04","modified_gmt":"2025-05-29T06:42:04","slug":"antalyada-kapali-yol-krizi-her-iki-kurumdan-kafa-karistiran-aciklama","status":"publish","type":"post","link":"https:\/\/denizcankizil.tr\/de\/haberler\/gundem\/antalyada-kapali-yol-krizi-her-iki-kurumdan-kafa-karistiran-aciklama\/","title":{"rendered":"Antalya\u2019da kapal\u0131 yol krizi! Her iki kurumdan kafa kar\u0131\u015ft\u0131ran a\u00e7\u0131klama"},"content":{"rendered":"<p>Antalya\u2019n\u0131n Manavgat il\u00e7esinde Eski Hisar Mahallesi ile D-400 Karayolu\u2019nu birbirine ba\u011flayan yolun trafi\u011fe kapat\u0131lmas\u0131 krize neden oldu. Yolun kapat\u0131lmas\u0131n\u0131n ard\u0131ndan yap\u0131lan a\u00e7\u0131klamalar kafa kar\u0131\u015f\u0131kl\u0131\u011f\u0131na neden oldu. Karar\u0131n ard\u0131ndan hem Manavgat Belediyesi hem de AK Parti Manavgat \u0130l\u00e7e Ba\u015fkanl\u0131\u011f\u0131 yaz\u0131l\u0131 a\u00e7\u0131klama yapt\u0131.<\/p>\n<p>YOLU BELED\u0130YE M\u0130 KAPATTI<\/p>\n<p>AK Parti Manavgat \u0130l\u00e7e Ba\u015fkanl\u0131\u011f\u0131 a\u00e7\u0131klamas\u0131nda, s\u00f6z konusu g\u00fczerg\u00e2h\u0131n teknik olarak bir belediye imar yolu oldu\u011funu ve Karayollar\u0131 Genel M\u00fcd\u00fcrl\u00fc\u011f\u00fc\u2019n\u00fcn sorumlulu\u011funda olmad\u0131\u011f\u0131n\u0131 belirtti. A\u00e7\u0131klamada, Manavgat Belediyesi\u2019nin imarl\u0131 parsellerdeki i\u015fletmelere ruhsat verebilmek i\u00e7in bu imar yolunu yapt\u0131\u011f\u0131n\u0131 ve plan do\u011frultusunda D-400 ile imar yolu aras\u0131n\u0131 fiziki olarak kapatt\u0131\u011f\u0131 vurguland\u0131.<\/p>\n<p>GER\u00c7EKLER\u0130 YANSITMIYOR<\/p>\n<p>Antalya K\u00f6rfez Gazetesi muhabiri Ertu\u011frul G\u00fcn&#8217;\u00fcn haberine g\u00f6re; Ayr\u0131ca, yol yap\u0131lmadan ge\u00e7i\u015f yolu izin belgesi ve i\u015fletme ruhsat\u0131 d\u00fczenlenemeyece\u011fi ifade edilerek, \u201cKarayollar\u0131 trafi\u011fe kapatt\u0131\u201d \u015feklindeki haberlerin ger\u00e7e\u011fi yans\u0131tmad\u0131\u011f\u0131 belirtildi. Manavgat Belediyesi ise ayn\u0131 g\u00fcn yapt\u0131\u011f\u0131 a\u00e7\u0131klamada, yolun kapat\u0131lmas\u0131n\u0131n gerek\u00e7esini Karayollar\u0131 B\u00f6lge M\u00fcd\u00fcrl\u00fc\u011f\u00fc\u2019n\u00fcn D-400\u2019e ba\u011flant\u0131 izni vermemesi olarak a\u00e7\u0131klad\u0131.<\/p>\n<p>KAFALARI KARI\u015eTIRDI<\/p>\n<p>Belediye, ba\u011flant\u0131 yolunun \u00fczerindeki i\u015fletmelerin olu\u015fturdu\u011fu yo\u011fun ara\u00e7 trafi\u011finin D-400 Karayolu\u2019nda g\u00fcvenlik riski yaratt\u0131\u011f\u0131n\u0131 ve bu nedenle ba\u011flant\u0131n\u0131n kapat\u0131ld\u0131\u011f\u0131n\u0131 belirtti. \u0130ki kurumdan gelen \u00e7eli\u015fkili a\u00e7\u0131klamalar yolun neden kapat\u0131ld\u0131\u011f\u0131 y\u00f6n\u00fcnde kafa kar\u0131\u015f\u0131kl\u0131\u011f\u0131 ya\u015fanmas\u0131na neden oldu. S\u00fcr\u00fcc\u00fcler ise sorunun bir an \u00f6nce \u00e7\u00f6z\u00fclmesini, ula\u015f\u0131m\u0131n yeniden sa\u011flanmas\u0131n\u0131 talep etti.<\/p>\n<p>DUYURU pic.twitter.com\/6JPRig7H1O<br \/>\n\u2014 Manavgat Belediyesi (@manavgatbel) May 28, 2025<\/p>\n<p>\u200bAntalya\u2019n\u0131n Manavgat il\u00e7esinde vatanda\u015flar\u0131n s\u0131k\u00e7a kulland\u0131\u011f\u0131 yolun trafi\u011fe kapat\u0131lmas\u0131 krize neden oldu. AK Parti ve belediye taraf\u0131ndan yap\u0131lan a\u00e7\u0131klamalar kafa kar\u0131\u015f\u0131kl\u0131\u011f\u0131na neden oldu.\u00a0<\/p>\n<p>\u200bHaberin Al\u0131nt\u0131land\u0131\u011f\u0131 Kaynak: www.antalyakorfez.com<\/p>","protected":false},"excerpt":{"rendered":"<p>Antalya\u2019n\u0131n Manavgat il\u00e7esinde Eski Hisar Mahallesi ile D-400 Karayolu\u2019nu birbirine ba\u011flayan yolun trafi\u011fe kapat\u0131lmas\u0131 krize neden oldu. Yolun kapat\u0131lmas\u0131n\u0131n ard\u0131ndan yap\u0131lan a\u00e7\u0131klamalar kafa kar\u0131\u015f\u0131kl\u0131\u011f\u0131na neden oldu. Karar\u0131n ard\u0131ndan hem Manavgat Belediyesi hem de AK Parti Manavgat \u0130l\u00e7e Ba\u015fkanl\u0131\u011f\u0131 yaz\u0131l\u0131 a\u00e7\u0131klama yapt\u0131. YOLU BELED\u0130YE M\u0130 KAPATTI AK Parti Manavgat \u0130l\u00e7e Ba\u015fkanl\u0131\u011f\u0131 a\u00e7\u0131klamas\u0131nda, s\u00f6z konusu g\u00fczerg\u00e2h\u0131n teknik olarak bir belediye imar yolu oldu\u011funu ve Karayollar\u0131 Genel M\u00fcd\u00fcrl\u00fc\u011f\u00fc\u2019n\u00fcn sorumlulu\u011funda olmad\u0131\u011f\u0131n\u0131 belirtti. A\u00e7\u0131klamada, Manavgat Belediyesi\u2019nin imarl\u0131 parsellerdeki i\u015fletmelere ruhsat verebilmek i\u00e7in bu imar yolunu yapt\u0131\u011f\u0131n\u0131 ve plan do\u011frultusunda D-400 ile imar yolu aras\u0131n\u0131 fiziki olarak kapatt\u0131\u011f\u0131 vurguland\u0131. GER\u00c7EKLER\u0130 YANSITMIYOR Antalya K\u00f6rfez Gazetesi muhabiri Ertu\u011frul G\u00fcn&#8217;\u00fcn haberine g\u00f6re; Ayr\u0131ca, yol yap\u0131lmadan ge\u00e7i\u015f yolu izin belgesi ve i\u015fletme ruhsat\u0131 d\u00fczenlenemeyece\u011fi ifade edilerek, \u201cKarayollar\u0131 trafi\u011fe kapatt\u0131\u201d \u015feklindeki haberlerin ger\u00e7e\u011fi yans\u0131tmad\u0131\u011f\u0131 belirtildi. Manavgat Belediyesi ise ayn\u0131 g\u00fcn yapt\u0131\u011f\u0131 a\u00e7\u0131klamada, yolun kapat\u0131lmas\u0131n\u0131n gerek\u00e7esini Karayollar\u0131 B\u00f6lge M\u00fcd\u00fcrl\u00fc\u011f\u00fc\u2019n\u00fcn D-400\u2019e ba\u011flant\u0131 izni vermemesi olarak a\u00e7\u0131klad\u0131. KAFALARI KARI\u015eTIRDI Belediye, ba\u011flant\u0131 yolunun \u00fczerindeki i\u015fletmelerin olu\u015fturdu\u011fu yo\u011fun ara\u00e7 trafi\u011finin D-400 Karayolu\u2019nda g\u00fcvenlik riski yaratt\u0131\u011f\u0131n\u0131 ve bu nedenle ba\u011flant\u0131n\u0131n kapat\u0131ld\u0131\u011f\u0131n\u0131 belirtti. \u0130ki kurumdan gelen \u00e7eli\u015fkili a\u00e7\u0131klamalar yolun neden kapat\u0131ld\u0131\u011f\u0131 y\u00f6n\u00fcnde kafa kar\u0131\u015f\u0131kl\u0131\u011f\u0131 ya\u015fanmas\u0131na neden oldu. S\u00fcr\u00fcc\u00fcler ise sorunun bir an \u00f6nce \u00e7\u00f6z\u00fclmesini, ula\u015f\u0131m\u0131n yeniden sa\u011flanmas\u0131n\u0131 talep etti. DUYURU pic.twitter.com\/6JPRig7H1O \u2014 Manavgat Belediyesi (@manavgatbel) May 28, 2025 &hellip;<\/p>","protected":false},"author":5,"featured_media":0,"comment_status":"","ping_status":"open","sticky":false,"template":"","format":"standard","meta":{"_acf_changed":false,"footnotes":""},"categories":[24],"tags":[],"class_list":["post-100338","post","type-post","status-publish","format-standard","has-post-thumbnail","hentry","category-gundem"],"acf":[],"yoast_head":"<!-- This site is optimized with the Yoast SEO Premium plugin v26.6 (Yoast SEO v27.1.1) - https:\/\/yoast.com\/product\/yoast-seo-premium-wordpress\/ -->\n<title>Antalya\u2019da kapal\u0131 yol krizi! Her iki kurumdan kafa kar\u0131\u015ft\u0131ran a\u00e7\u0131klama - Av. Deniz Can K\u0131z\u0131l<\/title>\n<meta name=\"robots\" content=\"index, follow, max-snippet:-1, max-image-preview:large, max-video-preview:-1\" \/>\n<link rel=\"canonical\" href=\"https:\/\/denizcankizil.tr\/de\/haberler\/gundem\/antalyada-kapali-yol-krizi-her-iki-kurumdan-kafa-karistiran-aciklama\/\" \/>\n<meta property=\"og:locale\" content=\"de_DE\" \/>\n<meta property=\"og:type\" content=\"article\" \/>\n<meta property=\"og:title\" content=\"Antalya\u2019da kapal\u0131 yol krizi! Her iki kurumdan kafa kar\u0131\u015ft\u0131ran a\u00e7\u0131klama\" \/>\n<meta property=\"og:description\" content=\"Antalya\u2019n\u0131n Manavgat il\u00e7esinde Eski Hisar Mahallesi ile D-400 Karayolu\u2019nu birbirine ba\u011flayan yolun trafi\u011fe kapat\u0131lmas\u0131 krize neden oldu. Yolun kapat\u0131lmas\u0131n\u0131n ard\u0131ndan yap\u0131lan a\u00e7\u0131klamalar kafa kar\u0131\u015f\u0131kl\u0131\u011f\u0131na neden oldu. Karar\u0131n ard\u0131ndan hem Manavgat Belediyesi hem de AK Parti Manavgat \u0130l\u00e7e Ba\u015fkanl\u0131\u011f\u0131 yaz\u0131l\u0131 a\u00e7\u0131klama yapt\u0131. YOLU BELED\u0130YE M\u0130 KAPATTI AK Parti Manavgat \u0130l\u00e7e Ba\u015fkanl\u0131\u011f\u0131 a\u00e7\u0131klamas\u0131nda, s\u00f6z konusu g\u00fczerg\u00e2h\u0131n teknik olarak bir belediye imar yolu oldu\u011funu ve Karayollar\u0131 Genel M\u00fcd\u00fcrl\u00fc\u011f\u00fc\u2019n\u00fcn sorumlulu\u011funda olmad\u0131\u011f\u0131n\u0131 belirtti. A\u00e7\u0131klamada, Manavgat Belediyesi\u2019nin imarl\u0131 parsellerdeki i\u015fletmelere ruhsat verebilmek i\u00e7in bu imar yolunu yapt\u0131\u011f\u0131n\u0131 ve plan do\u011frultusunda D-400 ile imar yolu aras\u0131n\u0131 fiziki olarak kapatt\u0131\u011f\u0131 vurguland\u0131. GER\u00c7EKLER\u0130 YANSITMIYOR Antalya K\u00f6rfez Gazetesi muhabiri Ertu\u011frul G\u00fcn&#8217;\u00fcn haberine g\u00f6re; Ayr\u0131ca, yol yap\u0131lmadan ge\u00e7i\u015f yolu izin belgesi ve i\u015fletme ruhsat\u0131 d\u00fczenlenemeyece\u011fi ifade edilerek, \u201cKarayollar\u0131 trafi\u011fe kapatt\u0131\u201d \u015feklindeki haberlerin ger\u00e7e\u011fi yans\u0131tmad\u0131\u011f\u0131 belirtildi. Manavgat Belediyesi ise ayn\u0131 g\u00fcn yapt\u0131\u011f\u0131 a\u00e7\u0131klamada, yolun kapat\u0131lmas\u0131n\u0131n gerek\u00e7esini Karayollar\u0131 B\u00f6lge M\u00fcd\u00fcrl\u00fc\u011f\u00fc\u2019n\u00fcn D-400\u2019e ba\u011flant\u0131 izni vermemesi olarak a\u00e7\u0131klad\u0131. KAFALARI KARI\u015eTIRDI Belediye, ba\u011flant\u0131 yolunun \u00fczerindeki i\u015fletmelerin olu\u015fturdu\u011fu yo\u011fun ara\u00e7 trafi\u011finin D-400 Karayolu\u2019nda g\u00fcvenlik riski yaratt\u0131\u011f\u0131n\u0131 ve bu nedenle ba\u011flant\u0131n\u0131n kapat\u0131ld\u0131\u011f\u0131n\u0131 belirtti. \u0130ki kurumdan gelen \u00e7eli\u015fkili a\u00e7\u0131klamalar yolun neden kapat\u0131ld\u0131\u011f\u0131 y\u00f6n\u00fcnde kafa kar\u0131\u015f\u0131kl\u0131\u011f\u0131 ya\u015fanmas\u0131na neden oldu. S\u00fcr\u00fcc\u00fcler ise sorunun bir an \u00f6nce \u00e7\u00f6z\u00fclmesini, ula\u015f\u0131m\u0131n yeniden sa\u011flanmas\u0131n\u0131 talep etti. DUYURU pic.twitter.com\/6JPRig7H1O \u2014 Manavgat Belediyesi (@manavgatbel) May 28, 2025 &hellip;\" \/>\n<meta property=\"og:url\" content=\"https:\/\/denizcankizil.tr\/de\/haberler\/gundem\/antalyada-kapali-yol-krizi-her-iki-kurumdan-kafa-karistiran-aciklama\/\" \/>\n<meta property=\"og:site_name\" content=\"Av. Deniz Can K\u0131z\u0131l\" \/>\n<meta property=\"article:published_time\" content=\"2025-05-29T06:42:04+00:00\" \/>\n<meta name=\"author\" content=\"Antalya K\u00f6rfez\" \/>\n<meta name=\"twitter:card\" content=\"summary_large_image\" \/>\n<meta name=\"twitter:label1\" content=\"Verfasst von\" \/>\n\t<meta name=\"twitter:data1\" content=\"Antalya K\u00f6rfez\" \/>\n\t<meta name=\"twitter:label2\" content=\"Gesch\u00e4tzte Lesezeit\" \/>\n\t<meta name=\"twitter:data2\" content=\"2\u00a0Minuten\" \/>\n<script type=\"application\/ld+json\" class=\"yoast-schema-graph\">{\"@context\":\"https:\/\/schema.org\",\"@graph\":[{\"@type\":\"Article\",\"@id\":\"https:\/\/denizcankizil.tr\/de\/haberler\/gundem\/antalyada-kapali-yol-krizi-her-iki-kurumdan-kafa-karistiran-aciklama\/#article\",\"isPartOf\":{\"@id\":\"https:\/\/denizcankizil.tr\/de\/haberler\/gundem\/antalyada-kapali-yol-krizi-her-iki-kurumdan-kafa-karistiran-aciklama\/\"},\"author\":{\"name\":\"Antalya K\u00f6rfez\",\"@id\":\"https:\/\/denizcankizil.tr\/de\/#\/schema\/person\/e1eb71bb4dd684d46563f0af307e1234\"},\"headline\":\"Antalya\u2019da kapal\u0131 yol krizi! Her iki kurumdan kafa kar\u0131\u015ft\u0131ran a\u00e7\u0131klama\",\"datePublished\":\"2025-05-29T06:42:04+00:00\",\"mainEntityOfPage\":{\"@id\":\"https:\/\/denizcankizil.tr\/de\/haberler\/gundem\/antalyada-kapali-yol-krizi-her-iki-kurumdan-kafa-karistiran-aciklama\/\"},\"wordCount\":366,\"publisher\":{\"@id\":\"https:\/\/denizcankizil.tr\/de\/#organization\"},\"articleSection\":[\"G\u00fcndem\"],\"inLanguage\":\"de\"},{\"@type\":\"WebPage\",\"@id\":\"https:\/\/denizcankizil.tr\/de\/haberler\/gundem\/antalyada-kapali-yol-krizi-her-iki-kurumdan-kafa-karistiran-aciklama\/\",\"url\":\"https:\/\/denizcankizil.tr\/de\/haberler\/gundem\/antalyada-kapali-yol-krizi-her-iki-kurumdan-kafa-karistiran-aciklama\/\",\"name\":\"Antalya\u2019da kapal\u0131 yol krizi! Her iki kurumdan kafa kar\u0131\u015ft\u0131ran a\u00e7\u0131klama - Av. Deniz Can K\u0131z\u0131l\",\"isPartOf\":{\"@id\":\"https:\/\/denizcankizil.tr\/de\/#website\"},\"datePublished\":\"2025-05-29T06:42:04+00:00\",\"breadcrumb\":{\"@id\":\"https:\/\/denizcankizil.tr\/de\/haberler\/gundem\/antalyada-kapali-yol-krizi-her-iki-kurumdan-kafa-karistiran-aciklama\/#breadcrumb\"},\"inLanguage\":\"de\",\"potentialAction\":[{\"@type\":\"ReadAction\",\"target\":[\"https:\/\/denizcankizil.tr\/de\/haberler\/gundem\/antalyada-kapali-yol-krizi-her-iki-kurumdan-kafa-karistiran-aciklama\/\"]}]},{\"@type\":\"BreadcrumbList\",\"@id\":\"https:\/\/denizcankizil.tr\/de\/haberler\/gundem\/antalyada-kapali-yol-krizi-her-iki-kurumdan-kafa-karistiran-aciklama\/#breadcrumb\",\"itemListElement\":[{\"@type\":\"ListItem\",\"position\":1,\"name\":\"Home\",\"item\":\"https:\/\/denizcankizil.tr\/de\/\"},{\"@type\":\"ListItem\",\"position\":2,\"name\":\"Antalya\u2019da kapal\u0131 yol krizi! Her iki kurumdan kafa kar\u0131\u015ft\u0131ran a\u00e7\u0131klama\"}]},{\"@type\":\"WebSite\",\"@id\":\"https:\/\/denizcankizil.tr\/de\/#website\",\"url\":\"https:\/\/denizcankizil.tr\/de\/\",\"name\":\"Av. Deniz Can K\u0131z\u0131l\",\"description\":\"Avukat Deniz Can K\u0131z\u0131l Antalya Barosu\",\"publisher\":{\"@id\":\"https:\/\/denizcankizil.tr\/de\/#organization\"},\"potentialAction\":[{\"@type\":\"SearchAction\",\"target\":{\"@type\":\"EntryPoint\",\"urlTemplate\":\"https:\/\/denizcankizil.tr\/de\/?s={search_term_string}\"},\"query-input\":{\"@type\":\"PropertyValueSpecification\",\"valueRequired\":true,\"valueName\":\"search_term_string\"}}],\"inLanguage\":\"de\"},{\"@type\":\"Organization\",\"@id\":\"https:\/\/denizcankizil.tr\/de\/#organization\",\"name\":\"Av. Deniz Can K\u0131z\u0131l\",\"url\":\"https:\/\/denizcankizil.tr\/de\/\",\"logo\":{\"@type\":\"ImageObject\",\"inLanguage\":\"de\",\"@id\":\"https:\/\/denizcankizil.tr\/de\/#\/schema\/logo\/image\/\",\"url\":\"https:\/\/denizcankizil.tr\/wp-content\/uploads\/2024\/10\/siyah-logo-svg.svg\",\"contentUrl\":\"https:\/\/denizcankizil.tr\/wp-content\/uploads\/2024\/10\/siyah-logo-svg.svg\",\"width\":1080,\"height\":1080,\"caption\":\"Av. Deniz Can K\u0131z\u0131l\"},\"image\":{\"@id\":\"https:\/\/denizcankizil.tr\/de\/#\/schema\/logo\/image\/\"}},{\"@type\":\"Person\",\"@id\":\"https:\/\/denizcankizil.tr\/de\/#\/schema\/person\/e1eb71bb4dd684d46563f0af307e1234\",\"name\":\"Antalya K\u00f6rfez\",\"image\":{\"@type\":\"ImageObject\",\"inLanguage\":\"de\",\"@id\":\"https:\/\/denizcankizil.tr\/de\/#\/schema\/person\/image\/\",\"url\":\"https:\/\/secure.gravatar.com\/avatar\/42b01982558a48a0b501fdcab6a408d3717ea5919095ee2e67b0e521799c5905?s=96&d=mm&r=g\",\"contentUrl\":\"https:\/\/secure.gravatar.com\/avatar\/42b01982558a48a0b501fdcab6a408d3717ea5919095ee2e67b0e521799c5905?s=96&d=mm&r=g\",\"caption\":\"Antalya K\u00f6rfez\"},\"sameAs\":[\"http:\/\/www.antalyakorfez.com\"],\"url\":\"https:\/\/www.antalyakorfez.com\/antalyada-kapali-yol-krizi-her-iki-kurumdan-kafa-karistiran-aciklama\"}]}<\/script>\n<!-- \/ Yoast SEO Premium plugin. -->","yoast_head_json":{"title":"Antalya\u2019da kapal\u0131 yol krizi! Her iki kurumdan kafa kar\u0131\u015ft\u0131ran a\u00e7\u0131klama - Av. Deniz Can K\u0131z\u0131l","robots":{"index":"index","follow":"follow","max-snippet":"max-snippet:-1","max-image-preview":"max-image-preview:large","max-video-preview":"max-video-preview:-1"},"canonical":"https:\/\/denizcankizil.tr\/de\/haberler\/gundem\/antalyada-kapali-yol-krizi-her-iki-kurumdan-kafa-karistiran-aciklama\/","og_locale":"de_DE","og_type":"article","og_title":"Antalya\u2019da kapal\u0131 yol krizi! Her iki kurumdan kafa kar\u0131\u015ft\u0131ran a\u00e7\u0131klama","og_description":"Antalya\u2019n\u0131n Manavgat il\u00e7esinde Eski Hisar Mahallesi ile D-400 Karayolu\u2019nu birbirine ba\u011flayan yolun trafi\u011fe kapat\u0131lmas\u0131 krize neden oldu. Yolun kapat\u0131lmas\u0131n\u0131n ard\u0131ndan yap\u0131lan a\u00e7\u0131klamalar kafa kar\u0131\u015f\u0131kl\u0131\u011f\u0131na neden oldu. Karar\u0131n ard\u0131ndan hem Manavgat Belediyesi hem de AK Parti Manavgat \u0130l\u00e7e Ba\u015fkanl\u0131\u011f\u0131 yaz\u0131l\u0131 a\u00e7\u0131klama yapt\u0131. YOLU BELED\u0130YE M\u0130 KAPATTI AK Parti Manavgat \u0130l\u00e7e Ba\u015fkanl\u0131\u011f\u0131 a\u00e7\u0131klamas\u0131nda, s\u00f6z konusu g\u00fczerg\u00e2h\u0131n teknik olarak bir belediye imar yolu oldu\u011funu ve Karayollar\u0131 Genel M\u00fcd\u00fcrl\u00fc\u011f\u00fc\u2019n\u00fcn sorumlulu\u011funda olmad\u0131\u011f\u0131n\u0131 belirtti. A\u00e7\u0131klamada, Manavgat Belediyesi\u2019nin imarl\u0131 parsellerdeki i\u015fletmelere ruhsat verebilmek i\u00e7in bu imar yolunu yapt\u0131\u011f\u0131n\u0131 ve plan do\u011frultusunda D-400 ile imar yolu aras\u0131n\u0131 fiziki olarak kapatt\u0131\u011f\u0131 vurguland\u0131. GER\u00c7EKLER\u0130 YANSITMIYOR Antalya K\u00f6rfez Gazetesi muhabiri Ertu\u011frul G\u00fcn&#8217;\u00fcn haberine g\u00f6re; Ayr\u0131ca, yol yap\u0131lmadan ge\u00e7i\u015f yolu izin belgesi ve i\u015fletme ruhsat\u0131 d\u00fczenlenemeyece\u011fi ifade edilerek, \u201cKarayollar\u0131 trafi\u011fe kapatt\u0131\u201d \u015feklindeki haberlerin ger\u00e7e\u011fi yans\u0131tmad\u0131\u011f\u0131 belirtildi. Manavgat Belediyesi ise ayn\u0131 g\u00fcn yapt\u0131\u011f\u0131 a\u00e7\u0131klamada, yolun kapat\u0131lmas\u0131n\u0131n gerek\u00e7esini Karayollar\u0131 B\u00f6lge M\u00fcd\u00fcrl\u00fc\u011f\u00fc\u2019n\u00fcn D-400\u2019e ba\u011flant\u0131 izni vermemesi olarak a\u00e7\u0131klad\u0131. KAFALARI KARI\u015eTIRDI Belediye, ba\u011flant\u0131 yolunun \u00fczerindeki i\u015fletmelerin olu\u015fturdu\u011fu yo\u011fun ara\u00e7 trafi\u011finin D-400 Karayolu\u2019nda g\u00fcvenlik riski yaratt\u0131\u011f\u0131n\u0131 ve bu nedenle ba\u011flant\u0131n\u0131n kapat\u0131ld\u0131\u011f\u0131n\u0131 belirtti. \u0130ki kurumdan gelen \u00e7eli\u015fkili a\u00e7\u0131klamalar yolun neden kapat\u0131ld\u0131\u011f\u0131 y\u00f6n\u00fcnde kafa kar\u0131\u015f\u0131kl\u0131\u011f\u0131 ya\u015fanmas\u0131na neden oldu. S\u00fcr\u00fcc\u00fcler ise sorunun bir an \u00f6nce \u00e7\u00f6z\u00fclmesini, ula\u015f\u0131m\u0131n yeniden sa\u011flanmas\u0131n\u0131 talep etti. DUYURU pic.twitter.com\/6JPRig7H1O \u2014 Manavgat Belediyesi (@manavgatbel) May 28, 2025 &hellip;","og_url":"https:\/\/denizcankizil.tr\/de\/haberler\/gundem\/antalyada-kapali-yol-krizi-her-iki-kurumdan-kafa-karistiran-aciklama\/","og_site_name":"Av. Deniz Can K\u0131z\u0131l","article_published_time":"2025-05-29T06:42:04+00:00","author":"Antalya K\u00f6rfez","twitter_card":"summary_large_image","twitter_misc":{"Verfasst von":"Antalya K\u00f6rfez","Gesch\u00e4tzte Lesezeit":"2\u00a0Minuten"},"schema":{"@context":"https:\/\/schema.org","@graph":[{"@type":"Article","@id":"https:\/\/denizcankizil.tr\/de\/haberler\/gundem\/antalyada-kapali-yol-krizi-her-iki-kurumdan-kafa-karistiran-aciklama\/#article","isPartOf":{"@id":"https:\/\/denizcankizil.tr\/de\/haberler\/gundem\/antalyada-kapali-yol-krizi-her-iki-kurumdan-kafa-karistiran-aciklama\/"},"author":{"name":"Antalya K\u00f6rfez","@id":"https:\/\/denizcankizil.tr\/de\/#\/schema\/person\/e1eb71bb4dd684d46563f0af307e1234"},"headline":"Antalya\u2019da kapal\u0131 yol krizi! Her iki kurumdan kafa kar\u0131\u015ft\u0131ran a\u00e7\u0131klama","datePublished":"2025-05-29T06:42:04+00:00","mainEntityOfPage":{"@id":"https:\/\/denizcankizil.tr\/de\/haberler\/gundem\/antalyada-kapali-yol-krizi-her-iki-kurumdan-kafa-karistiran-aciklama\/"},"wordCount":366,"publisher":{"@id":"https:\/\/denizcankizil.tr\/de\/#organization"},"articleSection":["G\u00fcndem"],"inLanguage":"de"},{"@type":"WebPage","@id":"https:\/\/denizcankizil.tr\/de\/haberler\/gundem\/antalyada-kapali-yol-krizi-her-iki-kurumdan-kafa-karistiran-aciklama\/","url":"https:\/\/denizcankizil.tr\/de\/haberler\/gundem\/antalyada-kapali-yol-krizi-her-iki-kurumdan-kafa-karistiran-aciklama\/","name":"Antalya\u2019da kapal\u0131 yol krizi! Her iki kurumdan kafa kar\u0131\u015ft\u0131ran a\u00e7\u0131klama - Av. Deniz Can K\u0131z\u0131l","isPartOf":{"@id":"https:\/\/denizcankizil.tr\/de\/#website"},"datePublished":"2025-05-29T06:42:04+00:00","breadcrumb":{"@id":"https:\/\/denizcankizil.tr\/de\/haberler\/gundem\/antalyada-kapali-yol-krizi-her-iki-kurumdan-kafa-karistiran-aciklama\/#breadcrumb"},"inLanguage":"de","potentialAction":[{"@type":"ReadAction","target":["https:\/\/denizcankizil.tr\/de\/haberler\/gundem\/antalyada-kapali-yol-krizi-her-iki-kurumdan-kafa-karistiran-aciklama\/"]}]},{"@type":"BreadcrumbList","@id":"https:\/\/denizcankizil.tr\/de\/haberler\/gundem\/antalyada-kapali-yol-krizi-her-iki-kurumdan-kafa-karistiran-aciklama\/#breadcrumb","itemListElement":[{"@type":"ListItem","position":1,"name":"Home","item":"https:\/\/denizcankizil.tr\/de\/"},{"@type":"ListItem","position":2,"name":"Antalya\u2019da kapal\u0131 yol krizi! Her iki kurumdan kafa kar\u0131\u015ft\u0131ran a\u00e7\u0131klama"}]},{"@type":"WebSite","@id":"https:\/\/denizcankizil.tr\/de\/#website","url":"https:\/\/denizcankizil.tr\/de\/","name":"Av. Deniz Can K\u0131z\u0131l","description":"Avukat Deniz Can K\u0131z\u0131l Antalya Barosu","publisher":{"@id":"https:\/\/denizcankizil.tr\/de\/#organization"},"potentialAction":[{"@type":"SearchAction","target":{"@type":"EntryPoint","urlTemplate":"https:\/\/denizcankizil.tr\/de\/?s={search_term_string}"},"query-input":{"@type":"PropertyValueSpecification","valueRequired":true,"valueName":"search_term_string"}}],"inLanguage":"de"},{"@type":"Organization","@id":"https:\/\/denizcankizil.tr\/de\/#organization","name":"Av. Deniz Can K\u0131z\u0131l","url":"https:\/\/denizcankizil.tr\/de\/","logo":{"@type":"ImageObject","inLanguage":"de","@id":"https:\/\/denizcankizil.tr\/de\/#\/schema\/logo\/image\/","url":"https:\/\/denizcankizil.tr\/wp-content\/uploads\/2024\/10\/siyah-logo-svg.svg","contentUrl":"https:\/\/denizcankizil.tr\/wp-content\/uploads\/2024\/10\/siyah-logo-svg.svg","width":1080,"height":1080,"caption":"Av. Deniz Can K\u0131z\u0131l"},"image":{"@id":"https:\/\/denizcankizil.tr\/de\/#\/schema\/logo\/image\/"}},{"@type":"Person","@id":"https:\/\/denizcankizil.tr\/de\/#\/schema\/person\/e1eb71bb4dd684d46563f0af307e1234","name":"Antalya K\u00f6rfez","image":{"@type":"ImageObject","inLanguage":"de","@id":"https:\/\/denizcankizil.tr\/de\/#\/schema\/person\/image\/","url":"https:\/\/secure.gravatar.com\/avatar\/42b01982558a48a0b501fdcab6a408d3717ea5919095ee2e67b0e521799c5905?s=96&d=mm&r=g","contentUrl":"https:\/\/secure.gravatar.com\/avatar\/42b01982558a48a0b501fdcab6a408d3717ea5919095ee2e67b0e521799c5905?s=96&d=mm&r=g","caption":"Antalya K\u00f6rfez"},"sameAs":["http:\/\/www.antalyakorfez.com"],"url":"https:\/\/www.antalyakorfez.com\/antalyada-kapali-yol-krizi-her-iki-kurumdan-kafa-karistiran-aciklama"}]}},"_links":{"self":[{"href":"https:\/\/denizcankizil.tr\/de\/wp-json\/wp\/v2\/posts\/100338","targetHints":{"allow":["GET"]}}],"collection":[{"href":"https:\/\/denizcankizil.tr\/de\/wp-json\/wp\/v2\/posts"}],"about":[{"href":"https:\/\/denizcankizil.tr\/de\/wp-json\/wp\/v2\/types\/post"}],"author":[{"embeddable":true,"href":"https:\/\/denizcankizil.tr\/de\/wp-json\/wp\/v2\/users\/5"}],"replies":[{"embeddable":true,"href":"https:\/\/denizcankizil.tr\/de\/wp-json\/wp\/v2\/comments?post=100338"}],"version-history":[{"count":0,"href":"https:\/\/denizcankizil.tr\/de\/wp-json\/wp\/v2\/posts\/100338\/revisions"}],"wp:attachment":[{"href":"https:\/\/denizcankizil.tr\/de\/wp-json\/wp\/v2\/media?parent=100338"}],"wp:term":[{"taxonomy":"category","embeddable":true,"href":"https:\/\/denizcankizil.tr\/de\/wp-json\/wp\/v2\/categories?post=100338"},{"taxonomy":"post_tag","embeddable":true,"href":"https:\/\/denizcankizil.tr\/de\/wp-json\/wp\/v2\/tags?post=100338"}],"curies":[{"name":"wp","href":"https:\/\/api.w.org\/{rel}","templated":true}]}}