{"id":100011,"date":"2025-05-29T00:02:00","date_gmt":"2025-05-28T21:02:00","guid":{"rendered":"https:\/\/denizcankizil.tr\/uncategorized-tr\/cumhurbaskani-erdogan-hskya-4-yeni-uye-secti\/"},"modified":"2025-05-29T00:02:00","modified_gmt":"2025-05-28T21:02:00","slug":"cumhurbaskani-erdogan-hskya-4-yeni-uye-secti","status":"publish","type":"post","link":"https:\/\/denizcankizil.tr\/de\/hukukihaber\/cumhurbaskani-erdogan-hskya-4-yeni-uye-secti\/","title":{"rendered":"Cumhurba\u015fkan\u0131 Erdo\u011fan, HSK&#8217;ya 4 yeni \u00fcye se\u00e7ti"},"content":{"rendered":"<p>Adalet Bakanl\u0131\u011f\u0131 Hukuk Hizmetleri Genel M\u00fcd\u00fcr\u00fc Serdar Ate\u015f, Adalet Bakanl\u0131\u011f\u0131 Personel Genel M\u00fcd\u00fcr\u00fc Turan Kulo\u011flu, Adalet Bakanl\u0131\u011f\u0131 Personel Genel M\u00fcd\u00fcr\u00fc Turan Kulo\u011flu, \u0130stanbul Adli Yarg\u0131 \u0130lk Derece Mahkemesi Adalet Komisyonu Ba\u015fkan\u0131 Sait \u00d6zdemir ve Ankara B\u00f6lge \u0130dare Mahkemesi Ba\u015fkan\u0131 B\u00fclent K\u00fcf\u00fcd\u00fcr, Cumhurba\u015fkan\u0131 Recep Tayyip Erdo\u011fan taraf\u0131ndan HSK \u00fcyesi olarak se\u00e7ildi.<\/p>\n<p>Serdar ATE\u015e kimdir?<\/p>\n<p>1975 Y\u0131l\u0131nda Malatya\u2019da do\u011fmu\u015f olup aslen Elaz\u0131\u011fl\u0131d\u0131r.<\/p>\n<p>\u0130lkokulu Dar\u0131ca\u2019da, orta \u00f6\u011frenimini Beykoz ve Kartal\u2019da tamamlad\u0131ktan sonra 1994 y\u0131l\u0131nda girdi\u011fi \u0130stanbul \u00dcniversitesi Hukuk Fak\u00fcltesi\u2019nden 1998 y\u0131l\u0131nda mezun oldu. Ayn\u0131 y\u0131l \u0130stanbul \u00dcniversitesi Sosyal Bilimler Enstit\u00fcs\u00fc Kamu Hukuku Ana Bilim Dal\u0131nda Y\u00fcksek Lisans e\u011fitimine kay\u0131t yapt\u0131rd\u0131. 2000-2001 y\u0131llar\u0131 aras\u0131nda Milli Savunma Bakanl\u0131\u011f\u0131 Malatya \u0130n\u015faat Emlak Ba\u015fkanl\u0131\u011f\u0131\u2019nda Aste\u011fmen Hukuk Uzman\u0131 olarak vatani g\u00f6revini tamamlad\u0131. 2002 y\u0131l\u0131 ba\u015f\u0131ndan itibaren Pendik Belediyesi Hukuk \u0130\u015fleri M\u00fcd\u00fcrl\u00fc\u011f\u00fc, Kocaeli B\u00fcy\u00fck\u015fehir Belediyesi 1.Hukuk M\u00fc\u015favirli\u011fi\u2019nde Avukat olarak g\u00f6rev yapt\u0131. 3 Y\u0131l kadar serbest avukatl\u0131k tecr\u00fcbesinin ard\u0131ndan 2012 y\u0131l\u0131 ba\u015f\u0131nda h\u00e2kimlik mesle\u011fine intisap etti. 2012-2015 y\u0131llar\u0131 aras\u0131nda Tarsus Cumhuriyet Savc\u0131l\u0131\u011f\u0131, 2015-2021 y\u0131llar\u0131 aras\u0131nda Yarg\u0131tay 9., 6. ve 16. Ceza Daireleri\u2019nde \u00e7al\u0131\u015ft\u0131. 2021 Y\u0131l\u0131nda Gaziantep B\u00f6lge Adliye Mahkemesi \u00dcyesi olarak atand\u0131.<\/p>\n<p>28\/05\/2024 tarih ve 32559 say\u0131l\u0131 Resmi Gazete&#8217;de yay\u0131mlanan 27\/05\/2024 tarih ve 2024\/153 say\u0131l\u0131 Cumhurba\u015fkanl\u0131\u011f\u0131 Karar\u0131 ile Adalet Bakanl\u0131\u011f\u0131 Hukuk Hizmetleri Genel M\u00fcd\u00fcrl\u00fc\u011f\u00fc g\u00f6revine atand\u0131 ve 29\/05\/2024 tarihinde g\u00f6revine ba\u015flad\u0131.<\/p>\n<p>Evli ve \u00fc\u00e7 \u00e7ocuk babas\u0131d\u0131r.<\/p>\n<p>Turan KULO\u011eLU kimdir?<\/p>\n<p>1979 y\u0131l\u0131nda Trabzon\/Arakl\u0131 \u00c7aml\u0131ktepe k\u00f6y\u00fcnde do\u011fmu\u015ftur. \u0130lkokulu ayn\u0131 k\u00f6yde, orta ve lise e\u011fitimini Arakl\u0131 \u0130mam Hatip Lisesinde tamamlad\u0131ktan sonra Marmara \u00dcniversitesi Hukuk Fak\u00fcltesinden 2005 y\u0131l\u0131nda, Anadolu \u00dcniversitesi \u0130ktisat Fak\u00fcltesinden 2010 y\u0131l\u0131nda mezun olmu\u015ftur. Sel\u00e7uk \u00dcniversitesi Sosyal Bilimler Enstit\u00fcs\u00fc Kamu Hukuku Ana Bilim Dal\u0131nda ba\u015flad\u0131\u011f\u0131 y\u00fcksek lisans e\u011fitimini &#8220;Uluslararas\u0131 Hukuk ve T\u00fcrk Hukukunda \u0130nsan Ticareti&#8221; konulu teziyle tamamlam\u0131\u015ft\u0131r. 2022 y\u0131l\u0131nda Anadolu \u00dcniversitesi Sosyoloji B\u00f6l\u00fcm\u00fcnden ve 2024 y\u0131l\u0131nda Anadolu \u00dcniversitesi Sosyal Medya Y\u00f6neticili\u011fi B\u00f6l\u00fcm\u00fcnden mezun olmu\u015ftur. Ayr\u0131ca, \u0130stanbul \u00dcniversitesi \u0130nsan Kayna\u011f\u0131 Y\u00f6netimi B\u00f6l\u00fcm\u00fc 1. s\u0131n\u0131f \u00f6\u011frencisi olarak e\u011fitimine devam etmektedir.<\/p>\n<p>2006 y\u0131l\u0131nda \u00dcsk\u00fcdar Adliyesinde hakim\/savc\u0131 aday\u0131 olarak meslek hayat\u0131na ba\u015flam\u0131\u015ft\u0131r. 2007 y\u0131l\u0131ndan itibaren s\u0131ras\u0131yla; Antalya\/Alanya, Gaziantep\/Nurda\u011f\u0131 ve Bayburt illerinde Hakim olarak g\u00f6rev yapm\u0131\u015ft\u0131r. 2012 y\u0131l\u0131nda 6 ay s\u00fcreyle Yarg\u0131tay meslek i\u00e7i e\u011fitim seminerine kat\u0131lm\u0131\u015ft\u0131r.<\/p>\n<p>2013-2016 y\u0131llar\u0131 aras\u0131nda Adalet Bakanl\u0131\u011f\u0131 Ceza ve Tevkifevleri Genel M\u00fcd\u00fcrl\u00fc\u011f\u00fc Denetimli Serbestlik Daire Ba\u015fkanl\u0131\u011f\u0131 ve \u0130\u015fyurtlar\u0131 Kurumu Daire Ba\u015fkanl\u0131\u011f\u0131 Tetkik Hakimli\u011fi, Ceza ve Tevkifevleri Genel M\u00fcd\u00fcrl\u00fc\u011f\u00fc Personel Daire Ba\u015fkanl\u0131\u011f\u0131 ve Personel Genel M\u00fcd\u00fcrl\u00fc\u011f\u00fc Genel M\u00fcd\u00fcr Yard\u0131mc\u0131l\u0131\u011f\u0131 g\u00f6revlerinde bulunmu\u015ftur. 2017-2018 y\u0131llar\u0131 aras\u0131nda Hakimler ve Savc\u0131lar Kurulu Genel Sekreter Yard\u0131mc\u0131l\u0131\u011f\u0131 g\u00f6revini y\u00fcr\u00fctm\u00fc\u015ft\u00fcr.<\/p>\n<p>2018-2022 y\u0131llar\u0131 aras\u0131nda Yarg\u0131tay Cumhuriyet savc\u0131l\u0131\u011f\u0131 g\u00f6revini y\u00fcr\u00fctmekte iken, Cumhurba\u015fkan\u0131m\u0131z Say\u0131n Recep Tayyip Erdo\u011fan&#8217;\u0131n tensipleriyle 12\/08\/2022 tarihinde Adalet Bakanl\u0131\u011f\u0131 Personel Genel M\u00fcd\u00fcr\u00fc olarak atanm\u0131\u015ft\u0131r. Say\u0131n Cumhurba\u015fkan\u0131m\u0131z\u0131n tensipleriyle 27\/05\/2024 tarihinde ayn\u0131 g\u00f6reve ikinci defa atanm\u0131\u015ft\u0131r.<\/p>\n<p>Evli ve \u00fc\u00e7 \u00e7ocuk babas\u0131d\u0131r.<\/p>\n<p>B\u00fclent K\u00dcF\u00dcD\u00dcR<\/p>\n<p>Sait \u00d6ZDEM\u0130R<\/p>\n<p>\u200bHakim ve Savc\u0131lar Kurulu \u00fcyeliklerine Cumhurba\u015fkan\u0131 kontenjan\u0131ndan atanacak isimler belli oldu. Atama kararlar\u0131 Resmi Gazete&#8217;de yay\u0131mland\u0131.\u00a0Hukuki Haber<\/p>","protected":false},"excerpt":{"rendered":"<p>Adalet Bakanl\u0131\u011f\u0131 Hukuk Hizmetleri Genel M\u00fcd\u00fcr\u00fc Serdar Ate\u015f, Adalet Bakanl\u0131\u011f\u0131 Personel Genel M\u00fcd\u00fcr\u00fc Turan Kulo\u011flu, Adalet Bakanl\u0131\u011f\u0131 Personel Genel M\u00fcd\u00fcr\u00fc Turan Kulo\u011flu, \u0130stanbul Adli Yarg\u0131 \u0130lk Derece Mahkemesi Adalet Komisyonu Ba\u015fkan\u0131 Sait \u00d6zdemir ve Ankara B\u00f6lge \u0130dare Mahkemesi Ba\u015fkan\u0131 B\u00fclent K\u00fcf\u00fcd\u00fcr, Cumhurba\u015fkan\u0131 Recep Tayyip Erdo\u011fan taraf\u0131ndan HSK \u00fcyesi olarak se\u00e7ildi. Serdar ATE\u015e kimdir? 1975 Y\u0131l\u0131nda Malatya\u2019da do\u011fmu\u015f olup aslen Elaz\u0131\u011fl\u0131d\u0131r. \u0130lkokulu Dar\u0131ca\u2019da, orta \u00f6\u011frenimini Beykoz ve Kartal\u2019da tamamlad\u0131ktan sonra 1994 y\u0131l\u0131nda girdi\u011fi \u0130stanbul \u00dcniversitesi Hukuk Fak\u00fcltesi\u2019nden 1998 y\u0131l\u0131nda mezun oldu. Ayn\u0131 y\u0131l \u0130stanbul \u00dcniversitesi Sosyal Bilimler Enstit\u00fcs\u00fc Kamu Hukuku Ana Bilim Dal\u0131nda Y\u00fcksek Lisans e\u011fitimine kay\u0131t yapt\u0131rd\u0131. 2000-2001 y\u0131llar\u0131 aras\u0131nda Milli Savunma Bakanl\u0131\u011f\u0131 Malatya \u0130n\u015faat Emlak Ba\u015fkanl\u0131\u011f\u0131\u2019nda Aste\u011fmen Hukuk Uzman\u0131 olarak vatani g\u00f6revini tamamlad\u0131. 2002 y\u0131l\u0131 ba\u015f\u0131ndan itibaren Pendik Belediyesi Hukuk \u0130\u015fleri M\u00fcd\u00fcrl\u00fc\u011f\u00fc, Kocaeli B\u00fcy\u00fck\u015fehir Belediyesi 1.Hukuk M\u00fc\u015favirli\u011fi\u2019nde Avukat olarak g\u00f6rev yapt\u0131. 3 Y\u0131l kadar serbest avukatl\u0131k tecr\u00fcbesinin ard\u0131ndan 2012 y\u0131l\u0131 ba\u015f\u0131nda h\u00e2kimlik mesle\u011fine intisap etti. 2012-2015 y\u0131llar\u0131 aras\u0131nda Tarsus Cumhuriyet Savc\u0131l\u0131\u011f\u0131, 2015-2021 y\u0131llar\u0131 aras\u0131nda Yarg\u0131tay 9., 6. ve 16. Ceza Daireleri\u2019nde \u00e7al\u0131\u015ft\u0131. 2021 Y\u0131l\u0131nda Gaziantep B\u00f6lge Adliye Mahkemesi \u00dcyesi olarak atand\u0131. 28\/05\/2024 tarih ve 32559 say\u0131l\u0131 Resmi Gazete&#8217;de yay\u0131mlanan 27\/05\/2024 tarih ve 2024\/153 say\u0131l\u0131 Cumhurba\u015fkanl\u0131\u011f\u0131 Karar\u0131 ile Adalet Bakanl\u0131\u011f\u0131 Hukuk Hizmetleri Genel M\u00fcd\u00fcrl\u00fc\u011f\u00fc g\u00f6revine atand\u0131 ve 29\/05\/2024 tarihinde g\u00f6revine &hellip;<\/p>","protected":false},"author":3,"featured_media":0,"comment_status":"","ping_status":"open","sticky":false,"template":"","format":"standard","meta":{"_acf_changed":false,"footnotes":""},"categories":[27],"tags":[],"class_list":["post-100011","post","type-post","status-publish","format-standard","has-post-thumbnail","hentry","category-hukukihaber"],"acf":[],"yoast_head":"<!-- This site is optimized with the Yoast SEO Premium plugin v26.6 (Yoast SEO v27.1.1) - https:\/\/yoast.com\/product\/yoast-seo-premium-wordpress\/ -->\n<title>Cumhurba\u015fkan\u0131 Erdo\u011fan, HSK&#039;ya 4 yeni \u00fcye se\u00e7ti - Av. Deniz Can K\u0131z\u0131l<\/title>\n<meta name=\"robots\" content=\"index, follow, max-snippet:-1, max-image-preview:large, max-video-preview:-1\" \/>\n<link rel=\"canonical\" href=\"http:\/\/denizcankizil.tr\/de\/hukukihaber\/cumhurbaskani-erdogan-hskya-4-yeni-uye-secti\/\" \/>\n<meta property=\"og:locale\" content=\"de_DE\" \/>\n<meta property=\"og:type\" content=\"article\" \/>\n<meta property=\"og:title\" content=\"Cumhurba\u015fkan\u0131 Erdo\u011fan, HSK&#039;ya 4 yeni \u00fcye se\u00e7ti\" \/>\n<meta property=\"og:description\" content=\"Adalet Bakanl\u0131\u011f\u0131 Hukuk Hizmetleri Genel M\u00fcd\u00fcr\u00fc Serdar Ate\u015f, Adalet Bakanl\u0131\u011f\u0131 Personel Genel M\u00fcd\u00fcr\u00fc Turan Kulo\u011flu, Adalet Bakanl\u0131\u011f\u0131 Personel Genel M\u00fcd\u00fcr\u00fc Turan Kulo\u011flu, \u0130stanbul Adli Yarg\u0131 \u0130lk Derece Mahkemesi Adalet Komisyonu Ba\u015fkan\u0131 Sait \u00d6zdemir ve Ankara B\u00f6lge \u0130dare Mahkemesi Ba\u015fkan\u0131 B\u00fclent K\u00fcf\u00fcd\u00fcr, Cumhurba\u015fkan\u0131 Recep Tayyip Erdo\u011fan taraf\u0131ndan HSK \u00fcyesi olarak se\u00e7ildi. Serdar ATE\u015e kimdir? 1975 Y\u0131l\u0131nda Malatya\u2019da do\u011fmu\u015f olup aslen Elaz\u0131\u011fl\u0131d\u0131r. \u0130lkokulu Dar\u0131ca\u2019da, orta \u00f6\u011frenimini Beykoz ve Kartal\u2019da tamamlad\u0131ktan sonra 1994 y\u0131l\u0131nda girdi\u011fi \u0130stanbul \u00dcniversitesi Hukuk Fak\u00fcltesi\u2019nden 1998 y\u0131l\u0131nda mezun oldu. Ayn\u0131 y\u0131l \u0130stanbul \u00dcniversitesi Sosyal Bilimler Enstit\u00fcs\u00fc Kamu Hukuku Ana Bilim Dal\u0131nda Y\u00fcksek Lisans e\u011fitimine kay\u0131t yapt\u0131rd\u0131. 2000-2001 y\u0131llar\u0131 aras\u0131nda Milli Savunma Bakanl\u0131\u011f\u0131 Malatya \u0130n\u015faat Emlak Ba\u015fkanl\u0131\u011f\u0131\u2019nda Aste\u011fmen Hukuk Uzman\u0131 olarak vatani g\u00f6revini tamamlad\u0131. 2002 y\u0131l\u0131 ba\u015f\u0131ndan itibaren Pendik Belediyesi Hukuk \u0130\u015fleri M\u00fcd\u00fcrl\u00fc\u011f\u00fc, Kocaeli B\u00fcy\u00fck\u015fehir Belediyesi 1.Hukuk M\u00fc\u015favirli\u011fi\u2019nde Avukat olarak g\u00f6rev yapt\u0131. 3 Y\u0131l kadar serbest avukatl\u0131k tecr\u00fcbesinin ard\u0131ndan 2012 y\u0131l\u0131 ba\u015f\u0131nda h\u00e2kimlik mesle\u011fine intisap etti. 2012-2015 y\u0131llar\u0131 aras\u0131nda Tarsus Cumhuriyet Savc\u0131l\u0131\u011f\u0131, 2015-2021 y\u0131llar\u0131 aras\u0131nda Yarg\u0131tay 9., 6. ve 16. Ceza Daireleri\u2019nde \u00e7al\u0131\u015ft\u0131. 2021 Y\u0131l\u0131nda Gaziantep B\u00f6lge Adliye Mahkemesi \u00dcyesi olarak atand\u0131. 28\/05\/2024 tarih ve 32559 say\u0131l\u0131 Resmi Gazete&#8217;de yay\u0131mlanan 27\/05\/2024 tarih ve 2024\/153 say\u0131l\u0131 Cumhurba\u015fkanl\u0131\u011f\u0131 Karar\u0131 ile Adalet Bakanl\u0131\u011f\u0131 Hukuk Hizmetleri Genel M\u00fcd\u00fcrl\u00fc\u011f\u00fc g\u00f6revine atand\u0131 ve 29\/05\/2024 tarihinde g\u00f6revine &hellip;\" \/>\n<meta property=\"og:url\" content=\"http:\/\/denizcankizil.tr\/de\/hukukihaber\/cumhurbaskani-erdogan-hskya-4-yeni-uye-secti\/\" \/>\n<meta property=\"og:site_name\" content=\"Av. Deniz Can K\u0131z\u0131l\" \/>\n<meta property=\"article:published_time\" content=\"2025-05-28T21:02:00+00:00\" \/>\n<meta name=\"author\" content=\"Hukuki Haber.net\" \/>\n<meta name=\"twitter:card\" content=\"summary_large_image\" \/>\n<meta name=\"twitter:label1\" content=\"Verfasst von\" \/>\n\t<meta name=\"twitter:data1\" content=\"Hukuki Haber.net\" \/>\n\t<meta name=\"twitter:label2\" content=\"Gesch\u00e4tzte Lesezeit\" \/>\n\t<meta name=\"twitter:data2\" content=\"3\u00a0Minuten\" \/>\n<script type=\"application\/ld+json\" class=\"yoast-schema-graph\">{\"@context\":\"https:\/\/schema.org\",\"@graph\":[{\"@type\":\"Article\",\"@id\":\"http:\/\/denizcankizil.tr\/uk\/hukukihaber\/cumhurbaskani-erdogan-hskya-4-yeni-uye-secti\/#article\",\"isPartOf\":{\"@id\":\"http:\/\/denizcankizil.tr\/uk\/hukukihaber\/cumhurbaskani-erdogan-hskya-4-yeni-uye-secti\/\"},\"author\":{\"name\":\"Hukuki Haber.net\",\"@id\":\"https:\/\/denizcankizil.tr\/de\/#\/schema\/person\/001a271de994a0aa3f90eea084424822\"},\"headline\":\"Cumhurba\u015fkan\u0131 Erdo\u011fan, HSK&#8217;ya 4 yeni \u00fcye se\u00e7ti\",\"datePublished\":\"2025-05-28T21:02:00+00:00\",\"mainEntityOfPage\":{\"@id\":\"http:\/\/denizcankizil.tr\/uk\/hukukihaber\/cumhurbaskani-erdogan-hskya-4-yeni-uye-secti\/\"},\"wordCount\":655,\"publisher\":{\"@id\":\"https:\/\/denizcankizil.tr\/de\/#organization\"},\"articleSection\":[\"Hukuki Haberler\"],\"inLanguage\":\"de\"},{\"@type\":\"WebPage\",\"@id\":\"http:\/\/denizcankizil.tr\/uk\/hukukihaber\/cumhurbaskani-erdogan-hskya-4-yeni-uye-secti\/\",\"url\":\"http:\/\/denizcankizil.tr\/uk\/hukukihaber\/cumhurbaskani-erdogan-hskya-4-yeni-uye-secti\/\",\"name\":\"Cumhurba\u015fkan\u0131 Erdo\u011fan, HSK'ya 4 yeni \u00fcye se\u00e7ti - Av. Deniz Can K\u0131z\u0131l\",\"isPartOf\":{\"@id\":\"https:\/\/denizcankizil.tr\/de\/#website\"},\"datePublished\":\"2025-05-28T21:02:00+00:00\",\"breadcrumb\":{\"@id\":\"http:\/\/denizcankizil.tr\/uk\/hukukihaber\/cumhurbaskani-erdogan-hskya-4-yeni-uye-secti\/#breadcrumb\"},\"inLanguage\":\"de\",\"potentialAction\":[{\"@type\":\"ReadAction\",\"target\":[\"http:\/\/denizcankizil.tr\/uk\/hukukihaber\/cumhurbaskani-erdogan-hskya-4-yeni-uye-secti\/\"]}]},{\"@type\":\"BreadcrumbList\",\"@id\":\"http:\/\/denizcankizil.tr\/uk\/hukukihaber\/cumhurbaskani-erdogan-hskya-4-yeni-uye-secti\/#breadcrumb\",\"itemListElement\":[{\"@type\":\"ListItem\",\"position\":1,\"name\":\"Home\",\"item\":\"https:\/\/denizcankizil.tr\/de\/\"},{\"@type\":\"ListItem\",\"position\":2,\"name\":\"Cumhurba\u015fkan\u0131 Erdo\u011fan, HSK&#8217;ya 4 yeni \u00fcye se\u00e7ti\"}]},{\"@type\":\"WebSite\",\"@id\":\"https:\/\/denizcankizil.tr\/de\/#website\",\"url\":\"https:\/\/denizcankizil.tr\/de\/\",\"name\":\"Av. Deniz Can K\u0131z\u0131l\",\"description\":\"Avukat Deniz Can K\u0131z\u0131l Antalya Barosu\",\"publisher\":{\"@id\":\"https:\/\/denizcankizil.tr\/de\/#organization\"},\"potentialAction\":[{\"@type\":\"SearchAction\",\"target\":{\"@type\":\"EntryPoint\",\"urlTemplate\":\"https:\/\/denizcankizil.tr\/de\/?s={search_term_string}\"},\"query-input\":{\"@type\":\"PropertyValueSpecification\",\"valueRequired\":true,\"valueName\":\"search_term_string\"}}],\"inLanguage\":\"de\"},{\"@type\":\"Organization\",\"@id\":\"https:\/\/denizcankizil.tr\/de\/#organization\",\"name\":\"Av. Deniz Can K\u0131z\u0131l\",\"url\":\"https:\/\/denizcankizil.tr\/de\/\",\"logo\":{\"@type\":\"ImageObject\",\"inLanguage\":\"de\",\"@id\":\"https:\/\/denizcankizil.tr\/de\/#\/schema\/logo\/image\/\",\"url\":\"https:\/\/denizcankizil.tr\/wp-content\/uploads\/2024\/10\/siyah-logo-svg.svg\",\"contentUrl\":\"https:\/\/denizcankizil.tr\/wp-content\/uploads\/2024\/10\/siyah-logo-svg.svg\",\"width\":1080,\"height\":1080,\"caption\":\"Av. Deniz Can K\u0131z\u0131l\"},\"image\":{\"@id\":\"https:\/\/denizcankizil.tr\/de\/#\/schema\/logo\/image\/\"}},{\"@type\":\"Person\",\"@id\":\"https:\/\/denizcankizil.tr\/de\/#\/schema\/person\/001a271de994a0aa3f90eea084424822\",\"name\":\"Hukuki Haber.net\",\"image\":{\"@type\":\"ImageObject\",\"inLanguage\":\"de\",\"@id\":\"https:\/\/denizcankizil.tr\/de\/#\/schema\/person\/image\/\",\"url\":\"https:\/\/secure.gravatar.com\/avatar\/57d8a49151495586611a149d29fc42865b951dc053a84709a3172ccb5abf3118?s=96&d=mm&r=g\",\"contentUrl\":\"https:\/\/secure.gravatar.com\/avatar\/57d8a49151495586611a149d29fc42865b951dc053a84709a3172ccb5abf3118?s=96&d=mm&r=g\",\"caption\":\"Hukuki Haber.net\"},\"sameAs\":[\"http:\/\/www.hukukihaber.net\"],\"url\":\"https:\/\/www.hukukihaber.net\/cumhurbaskani-erdogan-hskya-4-yeni-uye-secti\"}]}<\/script>\n<!-- \/ Yoast SEO Premium plugin. -->","yoast_head_json":{"title":"Cumhurba\u015fkan\u0131 Erdo\u011fan, HSK'ya 4 yeni \u00fcye se\u00e7ti - Av. Deniz Can K\u0131z\u0131l","robots":{"index":"index","follow":"follow","max-snippet":"max-snippet:-1","max-image-preview":"max-image-preview:large","max-video-preview":"max-video-preview:-1"},"canonical":"http:\/\/denizcankizil.tr\/de\/hukukihaber\/cumhurbaskani-erdogan-hskya-4-yeni-uye-secti\/","og_locale":"de_DE","og_type":"article","og_title":"Cumhurba\u015fkan\u0131 Erdo\u011fan, HSK'ya 4 yeni \u00fcye se\u00e7ti","og_description":"Adalet Bakanl\u0131\u011f\u0131 Hukuk Hizmetleri Genel M\u00fcd\u00fcr\u00fc Serdar Ate\u015f, Adalet Bakanl\u0131\u011f\u0131 Personel Genel M\u00fcd\u00fcr\u00fc Turan Kulo\u011flu, Adalet Bakanl\u0131\u011f\u0131 Personel Genel M\u00fcd\u00fcr\u00fc Turan Kulo\u011flu, \u0130stanbul Adli Yarg\u0131 \u0130lk Derece Mahkemesi Adalet Komisyonu Ba\u015fkan\u0131 Sait \u00d6zdemir ve Ankara B\u00f6lge \u0130dare Mahkemesi Ba\u015fkan\u0131 B\u00fclent K\u00fcf\u00fcd\u00fcr, Cumhurba\u015fkan\u0131 Recep Tayyip Erdo\u011fan taraf\u0131ndan HSK \u00fcyesi olarak se\u00e7ildi. Serdar ATE\u015e kimdir? 1975 Y\u0131l\u0131nda Malatya\u2019da do\u011fmu\u015f olup aslen Elaz\u0131\u011fl\u0131d\u0131r. \u0130lkokulu Dar\u0131ca\u2019da, orta \u00f6\u011frenimini Beykoz ve Kartal\u2019da tamamlad\u0131ktan sonra 1994 y\u0131l\u0131nda girdi\u011fi \u0130stanbul \u00dcniversitesi Hukuk Fak\u00fcltesi\u2019nden 1998 y\u0131l\u0131nda mezun oldu. Ayn\u0131 y\u0131l \u0130stanbul \u00dcniversitesi Sosyal Bilimler Enstit\u00fcs\u00fc Kamu Hukuku Ana Bilim Dal\u0131nda Y\u00fcksek Lisans e\u011fitimine kay\u0131t yapt\u0131rd\u0131. 2000-2001 y\u0131llar\u0131 aras\u0131nda Milli Savunma Bakanl\u0131\u011f\u0131 Malatya \u0130n\u015faat Emlak Ba\u015fkanl\u0131\u011f\u0131\u2019nda Aste\u011fmen Hukuk Uzman\u0131 olarak vatani g\u00f6revini tamamlad\u0131. 2002 y\u0131l\u0131 ba\u015f\u0131ndan itibaren Pendik Belediyesi Hukuk \u0130\u015fleri M\u00fcd\u00fcrl\u00fc\u011f\u00fc, Kocaeli B\u00fcy\u00fck\u015fehir Belediyesi 1.Hukuk M\u00fc\u015favirli\u011fi\u2019nde Avukat olarak g\u00f6rev yapt\u0131. 3 Y\u0131l kadar serbest avukatl\u0131k tecr\u00fcbesinin ard\u0131ndan 2012 y\u0131l\u0131 ba\u015f\u0131nda h\u00e2kimlik mesle\u011fine intisap etti. 2012-2015 y\u0131llar\u0131 aras\u0131nda Tarsus Cumhuriyet Savc\u0131l\u0131\u011f\u0131, 2015-2021 y\u0131llar\u0131 aras\u0131nda Yarg\u0131tay 9., 6. ve 16. Ceza Daireleri\u2019nde \u00e7al\u0131\u015ft\u0131. 2021 Y\u0131l\u0131nda Gaziantep B\u00f6lge Adliye Mahkemesi \u00dcyesi olarak atand\u0131. 28\/05\/2024 tarih ve 32559 say\u0131l\u0131 Resmi Gazete&#8217;de yay\u0131mlanan 27\/05\/2024 tarih ve 2024\/153 say\u0131l\u0131 Cumhurba\u015fkanl\u0131\u011f\u0131 Karar\u0131 ile Adalet Bakanl\u0131\u011f\u0131 Hukuk Hizmetleri Genel M\u00fcd\u00fcrl\u00fc\u011f\u00fc g\u00f6revine atand\u0131 ve 29\/05\/2024 tarihinde g\u00f6revine &hellip;","og_url":"http:\/\/denizcankizil.tr\/de\/hukukihaber\/cumhurbaskani-erdogan-hskya-4-yeni-uye-secti\/","og_site_name":"Av. Deniz Can K\u0131z\u0131l","article_published_time":"2025-05-28T21:02:00+00:00","author":"Hukuki Haber.net","twitter_card":"summary_large_image","twitter_misc":{"Verfasst von":"Hukuki Haber.net","Gesch\u00e4tzte Lesezeit":"3\u00a0Minuten"},"schema":{"@context":"https:\/\/schema.org","@graph":[{"@type":"Article","@id":"http:\/\/denizcankizil.tr\/uk\/hukukihaber\/cumhurbaskani-erdogan-hskya-4-yeni-uye-secti\/#article","isPartOf":{"@id":"http:\/\/denizcankizil.tr\/uk\/hukukihaber\/cumhurbaskani-erdogan-hskya-4-yeni-uye-secti\/"},"author":{"name":"Hukuki Haber.net","@id":"https:\/\/denizcankizil.tr\/de\/#\/schema\/person\/001a271de994a0aa3f90eea084424822"},"headline":"Cumhurba\u015fkan\u0131 Erdo\u011fan, HSK&#8217;ya 4 yeni \u00fcye se\u00e7ti","datePublished":"2025-05-28T21:02:00+00:00","mainEntityOfPage":{"@id":"http:\/\/denizcankizil.tr\/uk\/hukukihaber\/cumhurbaskani-erdogan-hskya-4-yeni-uye-secti\/"},"wordCount":655,"publisher":{"@id":"https:\/\/denizcankizil.tr\/de\/#organization"},"articleSection":["Hukuki Haberler"],"inLanguage":"de"},{"@type":"WebPage","@id":"http:\/\/denizcankizil.tr\/uk\/hukukihaber\/cumhurbaskani-erdogan-hskya-4-yeni-uye-secti\/","url":"http:\/\/denizcankizil.tr\/uk\/hukukihaber\/cumhurbaskani-erdogan-hskya-4-yeni-uye-secti\/","name":"Cumhurba\u015fkan\u0131 Erdo\u011fan, HSK'ya 4 yeni \u00fcye se\u00e7ti - Av. Deniz Can K\u0131z\u0131l","isPartOf":{"@id":"https:\/\/denizcankizil.tr\/de\/#website"},"datePublished":"2025-05-28T21:02:00+00:00","breadcrumb":{"@id":"http:\/\/denizcankizil.tr\/uk\/hukukihaber\/cumhurbaskani-erdogan-hskya-4-yeni-uye-secti\/#breadcrumb"},"inLanguage":"de","potentialAction":[{"@type":"ReadAction","target":["http:\/\/denizcankizil.tr\/uk\/hukukihaber\/cumhurbaskani-erdogan-hskya-4-yeni-uye-secti\/"]}]},{"@type":"BreadcrumbList","@id":"http:\/\/denizcankizil.tr\/uk\/hukukihaber\/cumhurbaskani-erdogan-hskya-4-yeni-uye-secti\/#breadcrumb","itemListElement":[{"@type":"ListItem","position":1,"name":"Home","item":"https:\/\/denizcankizil.tr\/de\/"},{"@type":"ListItem","position":2,"name":"Cumhurba\u015fkan\u0131 Erdo\u011fan, HSK&#8217;ya 4 yeni \u00fcye se\u00e7ti"}]},{"@type":"WebSite","@id":"https:\/\/denizcankizil.tr\/de\/#website","url":"https:\/\/denizcankizil.tr\/de\/","name":"Av. Deniz Can K\u0131z\u0131l","description":"Avukat Deniz Can K\u0131z\u0131l Antalya Barosu","publisher":{"@id":"https:\/\/denizcankizil.tr\/de\/#organization"},"potentialAction":[{"@type":"SearchAction","target":{"@type":"EntryPoint","urlTemplate":"https:\/\/denizcankizil.tr\/de\/?s={search_term_string}"},"query-input":{"@type":"PropertyValueSpecification","valueRequired":true,"valueName":"search_term_string"}}],"inLanguage":"de"},{"@type":"Organization","@id":"https:\/\/denizcankizil.tr\/de\/#organization","name":"Av. Deniz Can K\u0131z\u0131l","url":"https:\/\/denizcankizil.tr\/de\/","logo":{"@type":"ImageObject","inLanguage":"de","@id":"https:\/\/denizcankizil.tr\/de\/#\/schema\/logo\/image\/","url":"https:\/\/denizcankizil.tr\/wp-content\/uploads\/2024\/10\/siyah-logo-svg.svg","contentUrl":"https:\/\/denizcankizil.tr\/wp-content\/uploads\/2024\/10\/siyah-logo-svg.svg","width":1080,"height":1080,"caption":"Av. Deniz Can K\u0131z\u0131l"},"image":{"@id":"https:\/\/denizcankizil.tr\/de\/#\/schema\/logo\/image\/"}},{"@type":"Person","@id":"https:\/\/denizcankizil.tr\/de\/#\/schema\/person\/001a271de994a0aa3f90eea084424822","name":"Hukuki Haber.net","image":{"@type":"ImageObject","inLanguage":"de","@id":"https:\/\/denizcankizil.tr\/de\/#\/schema\/person\/image\/","url":"https:\/\/secure.gravatar.com\/avatar\/57d8a49151495586611a149d29fc42865b951dc053a84709a3172ccb5abf3118?s=96&d=mm&r=g","contentUrl":"https:\/\/secure.gravatar.com\/avatar\/57d8a49151495586611a149d29fc42865b951dc053a84709a3172ccb5abf3118?s=96&d=mm&r=g","caption":"Hukuki Haber.net"},"sameAs":["http:\/\/www.hukukihaber.net"],"url":"https:\/\/www.hukukihaber.net\/cumhurbaskani-erdogan-hskya-4-yeni-uye-secti"}]}},"_links":{"self":[{"href":"https:\/\/denizcankizil.tr\/de\/wp-json\/wp\/v2\/posts\/100011","targetHints":{"allow":["GET"]}}],"collection":[{"href":"https:\/\/denizcankizil.tr\/de\/wp-json\/wp\/v2\/posts"}],"about":[{"href":"https:\/\/denizcankizil.tr\/de\/wp-json\/wp\/v2\/types\/post"}],"author":[{"embeddable":true,"href":"https:\/\/denizcankizil.tr\/de\/wp-json\/wp\/v2\/users\/3"}],"replies":[{"embeddable":true,"href":"https:\/\/denizcankizil.tr\/de\/wp-json\/wp\/v2\/comments?post=100011"}],"version-history":[{"count":0,"href":"https:\/\/denizcankizil.tr\/de\/wp-json\/wp\/v2\/posts\/100011\/revisions"}],"wp:attachment":[{"href":"https:\/\/denizcankizil.tr\/de\/wp-json\/wp\/v2\/media?parent=100011"}],"wp:term":[{"taxonomy":"category","embeddable":true,"href":"https:\/\/denizcankizil.tr\/de\/wp-json\/wp\/v2\/categories?post=100011"},{"taxonomy":"post_tag","embeddable":true,"href":"https:\/\/denizcankizil.tr\/de\/wp-json\/wp\/v2\/tags?post=100011"}],"curies":[{"name":"wp","href":"https:\/\/api.w.org\/{rel}","templated":true}]}}