{"id":99377,"date":"2025-05-28T10:42:50","date_gmt":"2025-05-28T07:42:50","guid":{"rendered":"https:\/\/denizcankizil.tr\/uncategorized-tr\/kocaeliden-yuzde-50-hibeli-sera-destegi\/"},"modified":"2025-05-28T10:42:50","modified_gmt":"2025-05-28T07:42:50","slug":"kocaeliden-yuzde-50-hibeli-sera-destegi","status":"publish","type":"post","link":"http:\/\/denizcankizil.tr\/uk\/haberler\/gundem\/kocaeliden-yuzde-50-hibeli-sera-destegi\/","title":{"rendered":"Kocaeli&#8217;den y\u00fczde 50 hibeli sera deste\u011fi"},"content":{"rendered":"<p>Kocaeli B\u00fcy\u00fck\u015fehir Belediyesi, Kocaeli\u2019nde \u00e7ift\u00e7ilere y\u00fczde 50 hibeli anahtar teslimi modern sera kurulumu deste\u011fi veriyor. Destek i\u00e7in \u00fcreticilerden talepler al\u0131nmaya ba\u015fland\u0131KOCAEL\u0130 (\u0130GFA) &#8211; Kocaeli B\u00fcy\u00fck\u015fehir Belediyesi, \u201cSerac\u0131l\u0131\u011f\u0131 Geli\u015ftirme Projesi\u201d kapsam\u0131nda \u00e7ift\u00e7ilere y\u00fczde 50 hibeli modern sera kurulumu deste\u011fi veriyor. Destekten yararlanmak isteyen \u00fcreticiler, 3 Haziran Sal\u0131 g\u00fcn\u00fcne kadar talepte bulunabilecek.<br \/>\nKIRSAL KALKINMA DESTEKLEN\u0130YOR<br \/>\nKocaeli B\u00fcy\u00fck\u015fehir Belediyesi, verdi\u011fi tar\u0131msal desteklerle \u00fcreticilerin y\u00fcz\u00fcn\u00fc g\u00fcld\u00fcrmeye devam ediyor. Kocaeli\u2019nde serac\u0131l\u0131\u011f\u0131 yayg\u0131nla\u015ft\u0131rmak amac\u0131yla her y\u0131l sa\u011flad\u0131\u011f\u0131 sera deste\u011fini bu y\u0131l da s\u00fcrd\u00fcren B\u00fcy\u00fck\u015fehir, tar\u0131msal \u00fcretimin art\u0131r\u0131lmas\u0131, k\u0131rsal kalk\u0131nman\u0131n desteklenmesi ve \u00fcreticilerin gelir seviyelerinin y\u00fckseltilmesini hedefliyor.<br \/>\nB\u00fcy\u00fck\u015fehir Belediyesi taraf\u0131ndan s\u0131f\u0131rdan kurulup, \u00e7ift\u00e7ilere teslim edilecek seralar 2 bloklu, 16 metre eninde, 32 metre boyunda, toplam 512 metrekare alandan olu\u015fuyor. Modern serac\u0131l\u0131\u011fa uygun 4 ayr\u0131 \u00f6zelli\u011fe sahip seralar, Kocaeli\u2019ndeki \u00e7ift\u00e7ilere b\u00fcy\u00fck kolayl\u0131k sa\u011flayacak. B\u00fcy\u00fck\u015fehir Belediye Ba\u015fkan\u0131 Tahir B\u00fcy\u00fckak\u0131n\u2019\u0131n \u00f6nem verdi\u011fi tar\u0131msal desteklerden biri olan \u201cSerac\u0131l\u0131\u011f\u0131 Geli\u015ftirme Projesi\u201d do\u011frultusunda yap\u0131lan y\u00fczde 50 hibeli destekler, \u00e7ift\u00e7ilerin modern ve bak\u0131m\u0131 kolay sera sistemine ge\u00e7i\u015fini de sa\u011flayacak.<br \/>\n\u00c7ift\u00e7iler bu proje ile havaland\u0131rmas\u0131 uygun olmayan, b\u00fckme demirden yap\u0131lm\u0131\u015f seralar\u0131n yerine, modern, havaland\u0131rmas\u0131 ve bak\u0131m\u0131 ile hastal\u0131k ve zararl\u0131larla m\u00fccadelenin kolay oldu\u011fu de-monte galvaniz profilli y\u00fcksek t\u00fcnel sera sistemine sahip olacak. Kurulan seralar kar, dolu, f\u0131rt\u0131na ve ya\u011fmur gibi zorlay\u0131c\u0131 hava ko\u015fullar\u0131na kar\u015f\u0131 mekanik mukavemeti art\u0131rarak \u00fcretime katk\u0131 sa\u011flayacak. Destek verilecek seralar toplam 512 metrekare alanda \u00fcretim yapmaya imk\u00e2n sa\u011fl\u0131yor.<\/p>\n<p>Destek olarak verilecek modern seralar\u0131n naylonu 36 ayl\u0131k kullan\u0131m s\u00fcresine sahip. Ayr\u0131ca UV + IR(LD) + EVA katk\u0131l\u0131 ve don riskini de azalt\u0131yor. Hastal\u0131k ve zararl\u0131lar\u0131 minimum seviyede tutan sera naylonlar\u0131 ila\u00e7lama say\u0131s\u0131n\u0131 azalt\u0131yor, daha sa\u011fl\u0131kl\u0131 ve pazar de\u011feri y\u00fcksek \u00fcr\u00fcnlerin yeti\u015fmesini sa\u011fl\u0131yor.<br \/>\nTALEPLER ALINMAYA BA\u015eLANDI<br \/>\nDestekten yararlanmak isteyen \u00fcreticiler, 3 Haziran Sal\u0131 g\u00fcn\u00fc mesai bitimine kadar istenen belgelerle birlikte Kocaeli B\u00fcy\u00fck\u015fehir Belediyesi Muhtarl\u0131k \u0130\u015fleri Dairesi Ba\u015fkanl\u0131\u011f\u0131 Tar\u0131msal Hizmetler \u015eube M\u00fcd\u00fcrl\u00fc\u011f\u00fc\u2019ne m\u00fcracaat edebilecek.<br \/>\n\u015eu ana kadar 172 \u00e7ift\u00e7iye 512 metrekare nodern sera yap\u0131larak teslim edildi\u011fi \u00f6\u011frenildi.<\/p>\n<p>\u200bKocaeli B\u00fcy\u00fck\u015fehir Belediyesi, Kocaeli\u2019nde \u00e7ift\u00e7ilere y\u00fczde 50 hibeli anahtar teslimi modern sera kurulumu deste\u011fi veriyor. Destek i\u00e7in \u00fcreticilerden talepler al\u0131nmaya ba\u015fland\u0131KOCAEL\u0130 (\u0130GFA) &#8211; Kocaeli B\u00fcy\u00fck\u015fehir Belediyesi, \u201cSerac\u0131l\u0131\u011f\u0131 Geli\u015ftirme Projesi\u201d kapsam\u0131nda \u00e7ift\u00e7ilere y\u00fczde 50 hibeli modern sera kurulumu deste\u011fi veriyor. Destekten yararlanmak isteyen \u00fcreticiler, 3 Haziran Sal\u0131 g\u00fcn\u00fcne kadar talepte bulunabilecek.<br \/>\nKIRSAL KALKINMA DESTEKLEN\u0130YOR<br \/>\nKocaeli B\u00fcy\u00fck\u015fehir Belediyesi, verdi\u011fi tar\u0131msal desteklerle \u00fcreticilerin y\u00fcz\u00fcn\u00fc g\u00fcld\u00fcrmeye devam ediyor. Kocaeli\u2019nde serac\u0131l\u0131\u011f\u0131 yayg\u0131nla\u015ft\u0131rmak amac\u0131yla her y\u0131l sa\u011flad\u0131\u011f\u0131 sera deste\u011fini bu y\u0131l da s\u00fcrd\u00fcren B\u00fcy\u00fck\u015fehir, tar\u0131msal \u00fcretimin art\u0131r\u0131lmas\u0131, k\u0131rsal kalk\u0131nman\u0131n desteklenmesi ve \u00fcreticilerin gelir seviyelerinin y\u00fckseltilmesini hedefliyor.<br \/>\nB\u00fcy\u00fck\u015fehir Belediyesi taraf\u0131ndan s\u0131f\u0131rdan kurulup, \u00e7ift\u00e7ilere teslim edilecek seralar 2 bloklu, 16 metre eninde, 32 metre boyunda, toplam 512 metrekare alandan olu\u015fuyor. Modern serac\u0131l\u0131\u011fa uygun 4 ayr\u0131 \u00f6zelli\u011fe sahip seralar, Kocaeli\u2019ndeki \u00e7ift\u00e7ilere b\u00fcy\u00fck kolayl\u0131k sa\u011flayacak. B\u00fcy\u00fck\u015fehir Belediye Ba\u015fkan\u0131 Tahir B\u00fcy\u00fckak\u0131n\u2019\u0131n \u00f6nem verdi\u011fi tar\u0131msal desteklerden biri olan \u201cSerac\u0131l\u0131\u011f\u0131 Geli\u015ftirme Projesi\u201d do\u011frultusunda yap\u0131lan y\u00fczde 50 hibeli destekler, \u00e7ift\u00e7ilerin modern ve bak\u0131m\u0131 kolay sera sistemine ge\u00e7i\u015fini de sa\u011flayacak.<br \/>\n\u00c7ift\u00e7iler bu proje ile havaland\u0131rmas\u0131 uygun olmayan, b\u00fckme demirden yap\u0131lm\u0131\u015f seralar\u0131n yerine, modern, havaland\u0131rmas\u0131 ve bak\u0131m\u0131 ile hastal\u0131k ve zararl\u0131larla m\u00fccadelenin kolay oldu\u011fu de-monte galvaniz profilli y\u00fcksek t\u00fcnel sera sistemine sahip olacak. Kurulan seralar kar, dolu, f\u0131rt\u0131na ve ya\u011fmur gibi zorlay\u0131c\u0131 hava ko\u015fullar\u0131na kar\u015f\u0131 mekanik mukavemeti art\u0131rarak \u00fcretime katk\u0131 sa\u011flayacak. Destek verilecek seralar toplam 512 metrekare alanda \u00fcretim yapmaya imk\u00e2n sa\u011fl\u0131yor.<\/p>\n<p>Destek olarak verilecek modern seralar\u0131n naylonu 36 ayl\u0131k kullan\u0131m s\u00fcresine sahip. Ayr\u0131ca UV + IR(LD) + EVA katk\u0131l\u0131 ve don riskini de azalt\u0131yor. Hastal\u0131k ve zararl\u0131lar\u0131 minimum seviyede tutan sera naylonlar\u0131 ila\u00e7lama say\u0131s\u0131n\u0131 azalt\u0131yor, daha sa\u011fl\u0131kl\u0131 ve pazar de\u011feri y\u00fcksek \u00fcr\u00fcnlerin yeti\u015fmesini sa\u011fl\u0131yor.<br \/>\nTALEPLER ALINMAYA BA\u015eLANDI<br \/>\nDestekten yararlanmak isteyen \u00fcreticiler, 3 Haziran Sal\u0131 g\u00fcn\u00fc mesai bitimine kadar istenen belgelerle birlikte Kocaeli B\u00fcy\u00fck\u015fehir Belediyesi Muhtarl\u0131k \u0130\u015fleri Dairesi Ba\u015fkanl\u0131\u011f\u0131 Tar\u0131msal Hizmetler \u015eube M\u00fcd\u00fcrl\u00fc\u011f\u00fc\u2019ne m\u00fcracaat edebilecek.<br \/>\n\u015eu ana kadar 172 \u00e7ift\u00e7iye 512 metrekare nodern sera yap\u0131larak teslim edildi\u011fi \u00f6\u011frenildi.\u00a0<\/p>\n<p>\u200bHaberin Al\u0131nt\u0131land\u0131\u011f\u0131 Kaynak: www.iskenderun.org<\/p>","protected":false},"excerpt":{"rendered":"<p>Kocaeli B\u00fcy\u00fck\u015fehir Belediyesi, Kocaeli\u2019nde \u00e7ift\u00e7ilere y\u00fczde 50 hibeli anahtar teslimi modern sera kurulumu deste\u011fi veriyor. Destek i\u00e7in \u00fcreticilerden talepler al\u0131nmaya ba\u015fland\u0131KOCAEL\u0130 (\u0130GFA) &#8211; Kocaeli B\u00fcy\u00fck\u015fehir Belediyesi, \u201cSerac\u0131l\u0131\u011f\u0131 Geli\u015ftirme Projesi\u201d kapsam\u0131nda \u00e7ift\u00e7ilere y\u00fczde 50 hibeli modern sera kurulumu deste\u011fi veriyor. Destekten yararlanmak isteyen \u00fcreticiler, 3 Haziran Sal\u0131 g\u00fcn\u00fcne kadar talepte bulunabilecek. KIRSAL KALKINMA DESTEKLEN\u0130YOR Kocaeli B\u00fcy\u00fck\u015fehir Belediyesi, verdi\u011fi tar\u0131msal desteklerle \u00fcreticilerin y\u00fcz\u00fcn\u00fc g\u00fcld\u00fcrmeye devam ediyor. Kocaeli\u2019nde serac\u0131l\u0131\u011f\u0131 yayg\u0131nla\u015ft\u0131rmak amac\u0131yla her y\u0131l sa\u011flad\u0131\u011f\u0131 sera deste\u011fini bu y\u0131l da s\u00fcrd\u00fcren B\u00fcy\u00fck\u015fehir, tar\u0131msal \u00fcretimin art\u0131r\u0131lmas\u0131, k\u0131rsal kalk\u0131nman\u0131n desteklenmesi ve \u00fcreticilerin gelir seviyelerinin y\u00fckseltilmesini hedefliyor. B\u00fcy\u00fck\u015fehir Belediyesi taraf\u0131ndan s\u0131f\u0131rdan kurulup, \u00e7ift\u00e7ilere teslim edilecek seralar 2 bloklu, 16 metre eninde, 32 metre boyunda, toplam 512 metrekare alandan olu\u015fuyor. Modern serac\u0131l\u0131\u011fa uygun 4 ayr\u0131 \u00f6zelli\u011fe sahip seralar, Kocaeli\u2019ndeki \u00e7ift\u00e7ilere b\u00fcy\u00fck kolayl\u0131k sa\u011flayacak. B\u00fcy\u00fck\u015fehir Belediye Ba\u015fkan\u0131 Tahir B\u00fcy\u00fckak\u0131n\u2019\u0131n \u00f6nem verdi\u011fi tar\u0131msal desteklerden biri olan \u201cSerac\u0131l\u0131\u011f\u0131 Geli\u015ftirme Projesi\u201d do\u011frultusunda yap\u0131lan y\u00fczde 50 hibeli destekler, \u00e7ift\u00e7ilerin modern ve bak\u0131m\u0131 kolay sera sistemine ge\u00e7i\u015fini de sa\u011flayacak. \u00c7ift\u00e7iler bu proje ile havaland\u0131rmas\u0131 uygun olmayan, b\u00fckme demirden yap\u0131lm\u0131\u015f seralar\u0131n yerine, modern, havaland\u0131rmas\u0131 ve bak\u0131m\u0131 ile hastal\u0131k ve zararl\u0131larla m\u00fccadelenin kolay oldu\u011fu de-monte galvaniz profilli y\u00fcksek t\u00fcnel sera sistemine sahip olacak. Kurulan seralar kar, dolu, f\u0131rt\u0131na ve ya\u011fmur gibi zorlay\u0131c\u0131 hava ko\u015fullar\u0131na kar\u015f\u0131 mekanik &hellip;<\/p>","protected":false},"author":1,"featured_media":0,"comment_status":"","ping_status":"open","sticky":false,"template":"","format":"standard","meta":{"_acf_changed":false,"footnotes":""},"categories":[24],"tags":[],"class_list":["post-99377","post","type-post","status-publish","format-standard","has-post-thumbnail","hentry","category-gundem"],"acf":[],"yoast_head":"<!-- This site is optimized with the Yoast SEO Premium plugin v26.6 (Yoast SEO v27.1.1) - https:\/\/yoast.com\/product\/yoast-seo-premium-wordpress\/ -->\n<title>Kocaeli&#039;den y\u00fczde 50 hibeli sera deste\u011fi - Av. Deniz Can K\u0131z\u0131l<\/title>\n<meta name=\"robots\" content=\"index, follow, max-snippet:-1, max-image-preview:large, max-video-preview:-1\" \/>\n<link rel=\"canonical\" href=\"http:\/\/denizcankizil.tr\/uk\/haberler\/gundem\/kocaeliden-yuzde-50-hibeli-sera-destegi\/\" \/>\n<meta property=\"og:locale\" content=\"uk_UA\" \/>\n<meta property=\"og:type\" content=\"article\" \/>\n<meta property=\"og:title\" content=\"Kocaeli&#039;den y\u00fczde 50 hibeli sera deste\u011fi\" \/>\n<meta property=\"og:description\" content=\"Kocaeli B\u00fcy\u00fck\u015fehir Belediyesi, Kocaeli\u2019nde \u00e7ift\u00e7ilere y\u00fczde 50 hibeli anahtar teslimi modern sera kurulumu deste\u011fi veriyor. Destek i\u00e7in \u00fcreticilerden talepler al\u0131nmaya ba\u015fland\u0131KOCAEL\u0130 (\u0130GFA) &#8211; Kocaeli B\u00fcy\u00fck\u015fehir Belediyesi, \u201cSerac\u0131l\u0131\u011f\u0131 Geli\u015ftirme Projesi\u201d kapsam\u0131nda \u00e7ift\u00e7ilere y\u00fczde 50 hibeli modern sera kurulumu deste\u011fi veriyor. Destekten yararlanmak isteyen \u00fcreticiler, 3 Haziran Sal\u0131 g\u00fcn\u00fcne kadar talepte bulunabilecek. KIRSAL KALKINMA DESTEKLEN\u0130YOR Kocaeli B\u00fcy\u00fck\u015fehir Belediyesi, verdi\u011fi tar\u0131msal desteklerle \u00fcreticilerin y\u00fcz\u00fcn\u00fc g\u00fcld\u00fcrmeye devam ediyor. Kocaeli\u2019nde serac\u0131l\u0131\u011f\u0131 yayg\u0131nla\u015ft\u0131rmak amac\u0131yla her y\u0131l sa\u011flad\u0131\u011f\u0131 sera deste\u011fini bu y\u0131l da s\u00fcrd\u00fcren B\u00fcy\u00fck\u015fehir, tar\u0131msal \u00fcretimin art\u0131r\u0131lmas\u0131, k\u0131rsal kalk\u0131nman\u0131n desteklenmesi ve \u00fcreticilerin gelir seviyelerinin y\u00fckseltilmesini hedefliyor. B\u00fcy\u00fck\u015fehir Belediyesi taraf\u0131ndan s\u0131f\u0131rdan kurulup, \u00e7ift\u00e7ilere teslim edilecek seralar 2 bloklu, 16 metre eninde, 32 metre boyunda, toplam 512 metrekare alandan olu\u015fuyor. Modern serac\u0131l\u0131\u011fa uygun 4 ayr\u0131 \u00f6zelli\u011fe sahip seralar, Kocaeli\u2019ndeki \u00e7ift\u00e7ilere b\u00fcy\u00fck kolayl\u0131k sa\u011flayacak. B\u00fcy\u00fck\u015fehir Belediye Ba\u015fkan\u0131 Tahir B\u00fcy\u00fckak\u0131n\u2019\u0131n \u00f6nem verdi\u011fi tar\u0131msal desteklerden biri olan \u201cSerac\u0131l\u0131\u011f\u0131 Geli\u015ftirme Projesi\u201d do\u011frultusunda yap\u0131lan y\u00fczde 50 hibeli destekler, \u00e7ift\u00e7ilerin modern ve bak\u0131m\u0131 kolay sera sistemine ge\u00e7i\u015fini de sa\u011flayacak. \u00c7ift\u00e7iler bu proje ile havaland\u0131rmas\u0131 uygun olmayan, b\u00fckme demirden yap\u0131lm\u0131\u015f seralar\u0131n yerine, modern, havaland\u0131rmas\u0131 ve bak\u0131m\u0131 ile hastal\u0131k ve zararl\u0131larla m\u00fccadelenin kolay oldu\u011fu de-monte galvaniz profilli y\u00fcksek t\u00fcnel sera sistemine sahip olacak. Kurulan seralar kar, dolu, f\u0131rt\u0131na ve ya\u011fmur gibi zorlay\u0131c\u0131 hava ko\u015fullar\u0131na kar\u015f\u0131 mekanik &hellip;\" \/>\n<meta property=\"og:url\" content=\"http:\/\/denizcankizil.tr\/uk\/haberler\/gundem\/kocaeliden-yuzde-50-hibeli-sera-destegi\/\" \/>\n<meta property=\"og:site_name\" content=\"Av. Deniz Can K\u0131z\u0131l\" \/>\n<meta property=\"article:published_time\" content=\"2025-05-28T07:42:50+00:00\" \/>\n<meta name=\"author\" content=\"admin\" \/>\n<meta name=\"twitter:card\" content=\"summary_large_image\" \/>\n<meta name=\"twitter:label1\" content=\"\u041d\u0430\u043f\u0438\u0441\u0430\u043d\u043e\" \/>\n\t<meta name=\"twitter:data1\" content=\"admin\" \/>\n\t<meta name=\"twitter:label2\" content=\"\u041f\u0440\u0438\u0431\u043b. \u0447\u0430\u0441 \u0447\u0438\u0442\u0430\u043d\u043d\u044f\" \/>\n\t<meta name=\"twitter:data2\" content=\"4 \u0445\u0432\u0438\u043b\u0438\u043d\u0438\" \/>\n<script type=\"application\/ld+json\" class=\"yoast-schema-graph\">{\"@context\":\"https:\/\/schema.org\",\"@graph\":[{\"@type\":\"Article\",\"@id\":\"http:\/\/denizcankizil.tr\/uk\/haberler\/gundem\/kocaeliden-yuzde-50-hibeli-sera-destegi\/#article\",\"isPartOf\":{\"@id\":\"http:\/\/denizcankizil.tr\/uk\/haberler\/gundem\/kocaeliden-yuzde-50-hibeli-sera-destegi\/\"},\"author\":{\"name\":\"admin\",\"@id\":\"https:\/\/denizcankizil.tr\/#\/schema\/person\/be3c05fe6a12686905512445d8185489\"},\"headline\":\"Kocaeli&#8217;den y\u00fczde 50 hibeli sera deste\u011fi\",\"datePublished\":\"2025-05-28T07:42:50+00:00\",\"mainEntityOfPage\":{\"@id\":\"http:\/\/denizcankizil.tr\/uk\/haberler\/gundem\/kocaeliden-yuzde-50-hibeli-sera-destegi\/\"},\"wordCount\":892,\"publisher\":{\"@id\":\"https:\/\/denizcankizil.tr\/#organization\"},\"articleSection\":[\"G\u00fcndem\"],\"inLanguage\":\"uk\"},{\"@type\":\"WebPage\",\"@id\":\"http:\/\/denizcankizil.tr\/uk\/haberler\/gundem\/kocaeliden-yuzde-50-hibeli-sera-destegi\/\",\"url\":\"http:\/\/denizcankizil.tr\/uk\/haberler\/gundem\/kocaeliden-yuzde-50-hibeli-sera-destegi\/\",\"name\":\"Kocaeli'den y\u00fczde 50 hibeli sera deste\u011fi - Av. Deniz Can K\u0131z\u0131l\",\"isPartOf\":{\"@id\":\"https:\/\/denizcankizil.tr\/#website\"},\"datePublished\":\"2025-05-28T07:42:50+00:00\",\"breadcrumb\":{\"@id\":\"http:\/\/denizcankizil.tr\/uk\/haberler\/gundem\/kocaeliden-yuzde-50-hibeli-sera-destegi\/#breadcrumb\"},\"inLanguage\":\"uk\",\"potentialAction\":[{\"@type\":\"ReadAction\",\"target\":[\"http:\/\/denizcankizil.tr\/uk\/haberler\/gundem\/kocaeliden-yuzde-50-hibeli-sera-destegi\/\"]}]},{\"@type\":\"BreadcrumbList\",\"@id\":\"http:\/\/denizcankizil.tr\/uk\/haberler\/gundem\/kocaeliden-yuzde-50-hibeli-sera-destegi\/#breadcrumb\",\"itemListElement\":[{\"@type\":\"ListItem\",\"position\":1,\"name\":\"Home\",\"item\":\"https:\/\/denizcankizil.tr\/de\/\"},{\"@type\":\"ListItem\",\"position\":2,\"name\":\"Kocaeli&#8217;den y\u00fczde 50 hibeli sera deste\u011fi\"}]},{\"@type\":\"WebSite\",\"@id\":\"https:\/\/denizcankizil.tr\/#website\",\"url\":\"https:\/\/denizcankizil.tr\/\",\"name\":\"Av. Deniz Can K\u0131z\u0131l\",\"description\":\"Avukat Deniz Can K\u0131z\u0131l Antalya Barosu\",\"publisher\":{\"@id\":\"https:\/\/denizcankizil.tr\/#organization\"},\"potentialAction\":[{\"@type\":\"SearchAction\",\"target\":{\"@type\":\"EntryPoint\",\"urlTemplate\":\"https:\/\/denizcankizil.tr\/?s={search_term_string}\"},\"query-input\":{\"@type\":\"PropertyValueSpecification\",\"valueRequired\":true,\"valueName\":\"search_term_string\"}}],\"inLanguage\":\"uk\"},{\"@type\":\"Organization\",\"@id\":\"https:\/\/denizcankizil.tr\/#organization\",\"name\":\"Av. Deniz Can K\u0131z\u0131l\",\"url\":\"https:\/\/denizcankizil.tr\/\",\"logo\":{\"@type\":\"ImageObject\",\"inLanguage\":\"uk\",\"@id\":\"https:\/\/denizcankizil.tr\/#\/schema\/logo\/image\/\",\"url\":\"http:\/\/denizcankizil.tr\/wp-content\/uploads\/2024\/10\/siyah-logo-svg.svg\",\"contentUrl\":\"http:\/\/denizcankizil.tr\/wp-content\/uploads\/2024\/10\/siyah-logo-svg.svg\",\"width\":1080,\"height\":1080,\"caption\":\"Av. Deniz Can K\u0131z\u0131l\"},\"image\":{\"@id\":\"https:\/\/denizcankizil.tr\/#\/schema\/logo\/image\/\"}},{\"@type\":\"Person\",\"@id\":\"https:\/\/denizcankizil.tr\/#\/schema\/person\/be3c05fe6a12686905512445d8185489\",\"name\":\"admin\",\"image\":{\"@type\":\"ImageObject\",\"inLanguage\":\"uk\",\"@id\":\"https:\/\/denizcankizil.tr\/#\/schema\/person\/image\/\",\"url\":\"https:\/\/secure.gravatar.com\/avatar\/c1fce94c830dc79107e174f890d7210541c4a63e8e5d816341794a2151c9d58c?s=96&d=mm&r=g\",\"contentUrl\":\"https:\/\/secure.gravatar.com\/avatar\/c1fce94c830dc79107e174f890d7210541c4a63e8e5d816341794a2151c9d58c?s=96&d=mm&r=g\",\"caption\":\"admin\"},\"sameAs\":[\"http:\/\/denizcankizil.tr\"],\"url\":\"https:\/\/www.iskenderun.org\/kocaeliden-yuzde-50-hibeli-sera-destegi\"}]}<\/script>\n<!-- \/ Yoast SEO Premium plugin. -->","yoast_head_json":{"title":"Kocaeli'den y\u00fczde 50 hibeli sera deste\u011fi - Av. Deniz Can K\u0131z\u0131l","robots":{"index":"index","follow":"follow","max-snippet":"max-snippet:-1","max-image-preview":"max-image-preview:large","max-video-preview":"max-video-preview:-1"},"canonical":"http:\/\/denizcankizil.tr\/uk\/haberler\/gundem\/kocaeliden-yuzde-50-hibeli-sera-destegi\/","og_locale":"uk_UA","og_type":"article","og_title":"Kocaeli'den y\u00fczde 50 hibeli sera deste\u011fi","og_description":"Kocaeli B\u00fcy\u00fck\u015fehir Belediyesi, Kocaeli\u2019nde \u00e7ift\u00e7ilere y\u00fczde 50 hibeli anahtar teslimi modern sera kurulumu deste\u011fi veriyor. Destek i\u00e7in \u00fcreticilerden talepler al\u0131nmaya ba\u015fland\u0131KOCAEL\u0130 (\u0130GFA) &#8211; Kocaeli B\u00fcy\u00fck\u015fehir Belediyesi, \u201cSerac\u0131l\u0131\u011f\u0131 Geli\u015ftirme Projesi\u201d kapsam\u0131nda \u00e7ift\u00e7ilere y\u00fczde 50 hibeli modern sera kurulumu deste\u011fi veriyor. Destekten yararlanmak isteyen \u00fcreticiler, 3 Haziran Sal\u0131 g\u00fcn\u00fcne kadar talepte bulunabilecek. KIRSAL KALKINMA DESTEKLEN\u0130YOR Kocaeli B\u00fcy\u00fck\u015fehir Belediyesi, verdi\u011fi tar\u0131msal desteklerle \u00fcreticilerin y\u00fcz\u00fcn\u00fc g\u00fcld\u00fcrmeye devam ediyor. Kocaeli\u2019nde serac\u0131l\u0131\u011f\u0131 yayg\u0131nla\u015ft\u0131rmak amac\u0131yla her y\u0131l sa\u011flad\u0131\u011f\u0131 sera deste\u011fini bu y\u0131l da s\u00fcrd\u00fcren B\u00fcy\u00fck\u015fehir, tar\u0131msal \u00fcretimin art\u0131r\u0131lmas\u0131, k\u0131rsal kalk\u0131nman\u0131n desteklenmesi ve \u00fcreticilerin gelir seviyelerinin y\u00fckseltilmesini hedefliyor. B\u00fcy\u00fck\u015fehir Belediyesi taraf\u0131ndan s\u0131f\u0131rdan kurulup, \u00e7ift\u00e7ilere teslim edilecek seralar 2 bloklu, 16 metre eninde, 32 metre boyunda, toplam 512 metrekare alandan olu\u015fuyor. Modern serac\u0131l\u0131\u011fa uygun 4 ayr\u0131 \u00f6zelli\u011fe sahip seralar, Kocaeli\u2019ndeki \u00e7ift\u00e7ilere b\u00fcy\u00fck kolayl\u0131k sa\u011flayacak. B\u00fcy\u00fck\u015fehir Belediye Ba\u015fkan\u0131 Tahir B\u00fcy\u00fckak\u0131n\u2019\u0131n \u00f6nem verdi\u011fi tar\u0131msal desteklerden biri olan \u201cSerac\u0131l\u0131\u011f\u0131 Geli\u015ftirme Projesi\u201d do\u011frultusunda yap\u0131lan y\u00fczde 50 hibeli destekler, \u00e7ift\u00e7ilerin modern ve bak\u0131m\u0131 kolay sera sistemine ge\u00e7i\u015fini de sa\u011flayacak. \u00c7ift\u00e7iler bu proje ile havaland\u0131rmas\u0131 uygun olmayan, b\u00fckme demirden yap\u0131lm\u0131\u015f seralar\u0131n yerine, modern, havaland\u0131rmas\u0131 ve bak\u0131m\u0131 ile hastal\u0131k ve zararl\u0131larla m\u00fccadelenin kolay oldu\u011fu de-monte galvaniz profilli y\u00fcksek t\u00fcnel sera sistemine sahip olacak. Kurulan seralar kar, dolu, f\u0131rt\u0131na ve ya\u011fmur gibi zorlay\u0131c\u0131 hava ko\u015fullar\u0131na kar\u015f\u0131 mekanik &hellip;","og_url":"http:\/\/denizcankizil.tr\/uk\/haberler\/gundem\/kocaeliden-yuzde-50-hibeli-sera-destegi\/","og_site_name":"Av. Deniz Can K\u0131z\u0131l","article_published_time":"2025-05-28T07:42:50+00:00","author":"admin","twitter_card":"summary_large_image","twitter_misc":{"\u041d\u0430\u043f\u0438\u0441\u0430\u043d\u043e":"admin","\u041f\u0440\u0438\u0431\u043b. \u0447\u0430\u0441 \u0447\u0438\u0442\u0430\u043d\u043d\u044f":"4 \u0445\u0432\u0438\u043b\u0438\u043d\u0438"},"schema":{"@context":"https:\/\/schema.org","@graph":[{"@type":"Article","@id":"http:\/\/denizcankizil.tr\/uk\/haberler\/gundem\/kocaeliden-yuzde-50-hibeli-sera-destegi\/#article","isPartOf":{"@id":"http:\/\/denizcankizil.tr\/uk\/haberler\/gundem\/kocaeliden-yuzde-50-hibeli-sera-destegi\/"},"author":{"name":"admin","@id":"https:\/\/denizcankizil.tr\/#\/schema\/person\/be3c05fe6a12686905512445d8185489"},"headline":"Kocaeli&#8217;den y\u00fczde 50 hibeli sera deste\u011fi","datePublished":"2025-05-28T07:42:50+00:00","mainEntityOfPage":{"@id":"http:\/\/denizcankizil.tr\/uk\/haberler\/gundem\/kocaeliden-yuzde-50-hibeli-sera-destegi\/"},"wordCount":892,"publisher":{"@id":"https:\/\/denizcankizil.tr\/#organization"},"articleSection":["G\u00fcndem"],"inLanguage":"uk"},{"@type":"WebPage","@id":"http:\/\/denizcankizil.tr\/uk\/haberler\/gundem\/kocaeliden-yuzde-50-hibeli-sera-destegi\/","url":"http:\/\/denizcankizil.tr\/uk\/haberler\/gundem\/kocaeliden-yuzde-50-hibeli-sera-destegi\/","name":"Kocaeli'den y\u00fczde 50 hibeli sera deste\u011fi - Av. Deniz Can K\u0131z\u0131l","isPartOf":{"@id":"https:\/\/denizcankizil.tr\/#website"},"datePublished":"2025-05-28T07:42:50+00:00","breadcrumb":{"@id":"http:\/\/denizcankizil.tr\/uk\/haberler\/gundem\/kocaeliden-yuzde-50-hibeli-sera-destegi\/#breadcrumb"},"inLanguage":"uk","potentialAction":[{"@type":"ReadAction","target":["http:\/\/denizcankizil.tr\/uk\/haberler\/gundem\/kocaeliden-yuzde-50-hibeli-sera-destegi\/"]}]},{"@type":"BreadcrumbList","@id":"http:\/\/denizcankizil.tr\/uk\/haberler\/gundem\/kocaeliden-yuzde-50-hibeli-sera-destegi\/#breadcrumb","itemListElement":[{"@type":"ListItem","position":1,"name":"Home","item":"https:\/\/denizcankizil.tr\/de\/"},{"@type":"ListItem","position":2,"name":"Kocaeli&#8217;den y\u00fczde 50 hibeli sera deste\u011fi"}]},{"@type":"WebSite","@id":"https:\/\/denizcankizil.tr\/#website","url":"https:\/\/denizcankizil.tr\/","name":"Av. Deniz Can K\u0131z\u0131l","description":"Avukat Deniz Can K\u0131z\u0131l Antalya Barosu","publisher":{"@id":"https:\/\/denizcankizil.tr\/#organization"},"potentialAction":[{"@type":"SearchAction","target":{"@type":"EntryPoint","urlTemplate":"https:\/\/denizcankizil.tr\/?s={search_term_string}"},"query-input":{"@type":"PropertyValueSpecification","valueRequired":true,"valueName":"search_term_string"}}],"inLanguage":"uk"},{"@type":"Organization","@id":"https:\/\/denizcankizil.tr\/#organization","name":"Av. Deniz Can K\u0131z\u0131l","url":"https:\/\/denizcankizil.tr\/","logo":{"@type":"ImageObject","inLanguage":"uk","@id":"https:\/\/denizcankizil.tr\/#\/schema\/logo\/image\/","url":"http:\/\/denizcankizil.tr\/wp-content\/uploads\/2024\/10\/siyah-logo-svg.svg","contentUrl":"http:\/\/denizcankizil.tr\/wp-content\/uploads\/2024\/10\/siyah-logo-svg.svg","width":1080,"height":1080,"caption":"Av. Deniz Can K\u0131z\u0131l"},"image":{"@id":"https:\/\/denizcankizil.tr\/#\/schema\/logo\/image\/"}},{"@type":"Person","@id":"https:\/\/denizcankizil.tr\/#\/schema\/person\/be3c05fe6a12686905512445d8185489","name":"\u0430\u0434\u043c\u0456\u043d","image":{"@type":"ImageObject","inLanguage":"uk","@id":"https:\/\/denizcankizil.tr\/#\/schema\/person\/image\/","url":"https:\/\/secure.gravatar.com\/avatar\/c1fce94c830dc79107e174f890d7210541c4a63e8e5d816341794a2151c9d58c?s=96&d=mm&r=g","contentUrl":"https:\/\/secure.gravatar.com\/avatar\/c1fce94c830dc79107e174f890d7210541c4a63e8e5d816341794a2151c9d58c?s=96&d=mm&r=g","caption":"admin"},"sameAs":["http:\/\/denizcankizil.tr"],"url":"https:\/\/www.iskenderun.org\/kocaeliden-yuzde-50-hibeli-sera-destegi"}]}},"_links":{"self":[{"href":"http:\/\/denizcankizil.tr\/uk\/wp-json\/wp\/v2\/posts\/99377","targetHints":{"allow":["GET"]}}],"collection":[{"href":"http:\/\/denizcankizil.tr\/uk\/wp-json\/wp\/v2\/posts"}],"about":[{"href":"http:\/\/denizcankizil.tr\/uk\/wp-json\/wp\/v2\/types\/post"}],"author":[{"embeddable":true,"href":"http:\/\/denizcankizil.tr\/uk\/wp-json\/wp\/v2\/users\/1"}],"replies":[{"embeddable":true,"href":"http:\/\/denizcankizil.tr\/uk\/wp-json\/wp\/v2\/comments?post=99377"}],"version-history":[{"count":0,"href":"http:\/\/denizcankizil.tr\/uk\/wp-json\/wp\/v2\/posts\/99377\/revisions"}],"wp:attachment":[{"href":"http:\/\/denizcankizil.tr\/uk\/wp-json\/wp\/v2\/media?parent=99377"}],"wp:term":[{"taxonomy":"category","embeddable":true,"href":"http:\/\/denizcankizil.tr\/uk\/wp-json\/wp\/v2\/categories?post=99377"},{"taxonomy":"post_tag","embeddable":true,"href":"http:\/\/denizcankizil.tr\/uk\/wp-json\/wp\/v2\/tags?post=99377"}],"curies":[{"name":"wp","href":"https:\/\/api.w.org\/{rel}","templated":true}]}}