{"id":98614,"date":"2025-05-27T17:43:12","date_gmt":"2025-05-27T14:43:12","guid":{"rendered":"https:\/\/denizcankizil.tr\/uncategorized-tr\/cumhurbaskani-erdogan-kamu-malinin-istismari-asla-kabul-edilemez\/"},"modified":"2025-05-27T17:43:12","modified_gmt":"2025-05-27T14:43:12","slug":"cumhurbaskani-erdogan-kamu-malinin-istismari-asla-kabul-edilemez","status":"publish","type":"post","link":"http:\/\/denizcankizil.tr\/uk\/haberler\/gundem\/cumhurbaskani-erdogan-kamu-malinin-istismari-asla-kabul-edilemez\/","title":{"rendered":"Cumhurba\u015fkan\u0131 Erdo\u011fan: Kamu mal\u0131n\u0131n istismar\u0131 asla kabul edilemez"},"content":{"rendered":"<p>Cumhurba\u015fkan\u0131 Recep Tayyip Erdo\u011fan, Say\u0131\u015ftay\u2019\u0131n 163. Kurulu\u015f Y\u0131l D\u00f6n\u00fcm\u00fc\u2019nde, kamu kaynaklar\u0131n\u0131n usuls\u00fcz kullan\u0131m\u0131na kar\u015f\u0131 s\u0131f\u0131r tolerans vurgusu yapt\u0131 ve denetimlerde dijital d\u00f6n\u00fc\u015f\u00fcm\u00fc \u00f6vd\u00fc.ANKARA (\u0130GFA) &#8211; Cumhurba\u015fkan\u0131 Recep Tayyip Erdo\u011fan, Say\u0131\u015ftay\u2019\u0131n 163. Kurulu\u015f Y\u0131l D\u00f6n\u00fcm\u00fc Program\u0131\u2019nda yapt\u0131\u011f\u0131 konu\u015fmada, kamu mal\u0131n\u0131n korunmas\u0131na y\u00f6nelik net mesajlar verdi.<br \/>\n\u201cG\u00f6revi, unvan\u0131, konumu ne olursa olsun, kamu mal\u0131n\u0131n usuls\u00fcz ya da savurgan \u015fekilde kullan\u0131lmas\u0131, beyt\u00fclmalin istismar edilmesi bizim i\u00e7in asla kabul edilemez\u201d diyen Cumhurba\u015fkan\u0131 Erdo\u011fan, T\u00fcrkiye\u2019nin bir hukuk devleti oldu\u011funu vurgulad\u0131. \u201c\u0130ster atanm\u0131\u015f ister se\u00e7ilmi\u015f olsun, kamu g\u00f6revi ifa eden herkes milletin emanetine sahip \u00e7\u0131kmakla m\u00fckelleftir\u201d dedi.<br \/>\nSay\u0131\u015ftay\u0131n 163. Kurulu\u015f Y\u0131l D\u00f6n\u00fcm\u00fc Program\u0131 https:\/\/t.co\/e3jjutgXEA\u2014 Recep Tayyip Erdo\u011fan (@RTErdogan) May 27, 2025<br \/>\nMerkezi ve yerel y\u00f6netimlerde kaynaklar\u0131n amac\u0131na uygun kullan\u0131lmas\u0131n\u0131n \u00f6ncelik oldu\u011funu belirten Cumhurba\u015fkan\u0131 Erdo\u011fan, \u201cBu konuda kimsenin g\u00f6z\u00fcn\u00fcn ya\u015f\u0131na bakmayaca\u011f\u0131z\u201d ifadesiyle kararl\u0131l\u0131k mesaj\u0131 verdi.<br \/>\nSay\u0131\u015ftay\u2019\u0131n yapay zek\u00e2 destekli denetimlerle dijital d\u00f6n\u00fc\u015f\u00fcmdeki \u00e7abalar\u0131n\u0131 takdir eden Cumhurba\u015fkan\u0131 Erdo\u011fan, denetim program\u0131n\u0131n test a\u015famas\u0131na gelmesini \u00f6verken, son d\u00f6nemde y\u00fcr\u00fct\u00fclen tahkikatlar\u0131 olumlu buldu\u011funu belirterek, \u201cT\u00fcrkiye\u2019yi safralar\u0131ndan kurtaracak bu ad\u0131mlar\u0131n kazanan\u0131 \u00fclkemiz ve demokrasimiz olacak\u201d dedi.<\/p>\n<p>\u200bCumhurba\u015fkan\u0131 Recep Tayyip Erdo\u011fan, Say\u0131\u015ftay\u2019\u0131n 163. Kurulu\u015f Y\u0131l D\u00f6n\u00fcm\u00fc\u2019nde, kamu kaynaklar\u0131n\u0131n usuls\u00fcz kullan\u0131m\u0131na kar\u015f\u0131 s\u0131f\u0131r tolerans vurgusu yapt\u0131 ve denetimlerde dijital d\u00f6n\u00fc\u015f\u00fcm\u00fc \u00f6vd\u00fc.ANKARA (\u0130GFA) &#8211; Cumhurba\u015fkan\u0131 Recep Tayyip Erdo\u011fan, Say\u0131\u015ftay\u2019\u0131n 163. Kurulu\u015f Y\u0131l D\u00f6n\u00fcm\u00fc Program\u0131\u2019nda yapt\u0131\u011f\u0131 konu\u015fmada, kamu mal\u0131n\u0131n korunmas\u0131na y\u00f6nelik net mesajlar verdi.<br \/>\n\u201cG\u00f6revi, unvan\u0131, konumu ne olursa olsun, kamu mal\u0131n\u0131n usuls\u00fcz ya da savurgan \u015fekilde kullan\u0131lmas\u0131, beyt\u00fclmalin istismar edilmesi bizim i\u00e7in asla kabul edilemez\u201d diyen Cumhurba\u015fkan\u0131 Erdo\u011fan, T\u00fcrkiye\u2019nin bir hukuk devleti oldu\u011funu vurgulad\u0131. \u201c\u0130ster atanm\u0131\u015f ister se\u00e7ilmi\u015f olsun, kamu g\u00f6revi ifa eden herkes milletin emanetine sahip \u00e7\u0131kmakla m\u00fckelleftir\u201d dedi.<br \/>\nSay\u0131\u015ftay\u0131n 163. Kurulu\u015f Y\u0131l D\u00f6n\u00fcm\u00fc Program\u0131 https:\/\/t.co\/e3jjutgXEA\u2014 Recep Tayyip Erdo\u011fan (@RTErdogan) May 27, 2025<br \/>\nMerkezi ve yerel y\u00f6netimlerde kaynaklar\u0131n amac\u0131na uygun kullan\u0131lmas\u0131n\u0131n \u00f6ncelik oldu\u011funu belirten Cumhurba\u015fkan\u0131 Erdo\u011fan, \u201cBu konuda kimsenin g\u00f6z\u00fcn\u00fcn ya\u015f\u0131na bakmayaca\u011f\u0131z\u201d ifadesiyle kararl\u0131l\u0131k mesaj\u0131 verdi.<br \/>\nSay\u0131\u015ftay\u2019\u0131n yapay zek\u00e2 destekli denetimlerle dijital d\u00f6n\u00fc\u015f\u00fcmdeki \u00e7abalar\u0131n\u0131 takdir eden Cumhurba\u015fkan\u0131 Erdo\u011fan, denetim program\u0131n\u0131n test a\u015famas\u0131na gelmesini \u00f6verken, son d\u00f6nemde y\u00fcr\u00fct\u00fclen tahkikatlar\u0131 olumlu buldu\u011funu belirterek, \u201cT\u00fcrkiye\u2019yi safralar\u0131ndan kurtaracak bu ad\u0131mlar\u0131n kazanan\u0131 \u00fclkemiz ve demokrasimiz olacak\u201d dedi.\u00a0<\/p>\n<p>\u200bHaberin Al\u0131nt\u0131land\u0131\u011f\u0131 Kaynak: www.iskenderun.org<\/p>","protected":false},"excerpt":{"rendered":"<p>Cumhurba\u015fkan\u0131 Recep Tayyip Erdo\u011fan, Say\u0131\u015ftay\u2019\u0131n 163. Kurulu\u015f Y\u0131l D\u00f6n\u00fcm\u00fc\u2019nde, kamu kaynaklar\u0131n\u0131n usuls\u00fcz kullan\u0131m\u0131na kar\u015f\u0131 s\u0131f\u0131r tolerans vurgusu yapt\u0131 ve denetimlerde dijital d\u00f6n\u00fc\u015f\u00fcm\u00fc \u00f6vd\u00fc.ANKARA (\u0130GFA) &#8211; Cumhurba\u015fkan\u0131 Recep Tayyip Erdo\u011fan, Say\u0131\u015ftay\u2019\u0131n 163. Kurulu\u015f Y\u0131l D\u00f6n\u00fcm\u00fc Program\u0131\u2019nda yapt\u0131\u011f\u0131 konu\u015fmada, kamu mal\u0131n\u0131n korunmas\u0131na y\u00f6nelik net mesajlar verdi. \u201cG\u00f6revi, unvan\u0131, konumu ne olursa olsun, kamu mal\u0131n\u0131n usuls\u00fcz ya da savurgan \u015fekilde kullan\u0131lmas\u0131, beyt\u00fclmalin istismar edilmesi bizim i\u00e7in asla kabul edilemez\u201d diyen Cumhurba\u015fkan\u0131 Erdo\u011fan, T\u00fcrkiye\u2019nin bir hukuk devleti oldu\u011funu vurgulad\u0131. \u201c\u0130ster atanm\u0131\u015f ister se\u00e7ilmi\u015f olsun, kamu g\u00f6revi ifa eden herkes milletin emanetine sahip \u00e7\u0131kmakla m\u00fckelleftir\u201d dedi. Say\u0131\u015ftay\u0131n 163. Kurulu\u015f Y\u0131l D\u00f6n\u00fcm\u00fc Program\u0131 https:\/\/t.co\/e3jjutgXEA\u2014 Recep Tayyip Erdo\u011fan (@RTErdogan) May 27, 2025 Merkezi ve yerel y\u00f6netimlerde kaynaklar\u0131n amac\u0131na uygun kullan\u0131lmas\u0131n\u0131n \u00f6ncelik oldu\u011funu belirten Cumhurba\u015fkan\u0131 Erdo\u011fan, \u201cBu konuda kimsenin g\u00f6z\u00fcn\u00fcn ya\u015f\u0131na bakmayaca\u011f\u0131z\u201d ifadesiyle kararl\u0131l\u0131k mesaj\u0131 verdi. Say\u0131\u015ftay\u2019\u0131n yapay zek\u00e2 destekli denetimlerle dijital d\u00f6n\u00fc\u015f\u00fcmdeki \u00e7abalar\u0131n\u0131 takdir eden Cumhurba\u015fkan\u0131 Erdo\u011fan, denetim program\u0131n\u0131n test a\u015famas\u0131na gelmesini \u00f6verken, son d\u00f6nemde y\u00fcr\u00fct\u00fclen tahkikatlar\u0131 olumlu buldu\u011funu belirterek, \u201cT\u00fcrkiye\u2019yi safralar\u0131ndan kurtaracak bu ad\u0131mlar\u0131n kazanan\u0131 \u00fclkemiz ve demokrasimiz olacak\u201d dedi. \u200bCumhurba\u015fkan\u0131 Recep Tayyip Erdo\u011fan, Say\u0131\u015ftay\u2019\u0131n 163. Kurulu\u015f Y\u0131l D\u00f6n\u00fcm\u00fc\u2019nde, kamu kaynaklar\u0131n\u0131n usuls\u00fcz kullan\u0131m\u0131na kar\u015f\u0131 s\u0131f\u0131r tolerans vurgusu yapt\u0131 ve denetimlerde dijital d\u00f6n\u00fc\u015f\u00fcm\u00fc \u00f6vd\u00fc.ANKARA (\u0130GFA) &#8211; Cumhurba\u015fkan\u0131 Recep Tayyip Erdo\u011fan, Say\u0131\u015ftay\u2019\u0131n 163. Kurulu\u015f Y\u0131l D\u00f6n\u00fcm\u00fc Program\u0131\u2019nda yapt\u0131\u011f\u0131 &hellip;<\/p>","protected":false},"author":1,"featured_media":0,"comment_status":"","ping_status":"open","sticky":false,"template":"","format":"standard","meta":{"_acf_changed":false,"footnotes":""},"categories":[24],"tags":[],"class_list":["post-98614","post","type-post","status-publish","format-standard","has-post-thumbnail","hentry","category-gundem"],"acf":[],"yoast_head":"<!-- This site is optimized with the Yoast SEO Premium plugin v26.6 (Yoast SEO v27.1.1) - https:\/\/yoast.com\/product\/yoast-seo-premium-wordpress\/ -->\n<title>Cumhurba\u015fkan\u0131 Erdo\u011fan: Kamu mal\u0131n\u0131n istismar\u0131 asla kabul edilemez - Av. Deniz Can K\u0131z\u0131l<\/title>\n<meta name=\"robots\" content=\"index, follow, max-snippet:-1, max-image-preview:large, max-video-preview:-1\" \/>\n<link rel=\"canonical\" href=\"https:\/\/denizcankizil.tr\/uk\/haberler\/gundem\/cumhurbaskani-erdogan-kamu-malinin-istismari-asla-kabul-edilemez\/\" \/>\n<meta property=\"og:locale\" content=\"uk_UA\" \/>\n<meta property=\"og:type\" content=\"article\" \/>\n<meta property=\"og:title\" content=\"Cumhurba\u015fkan\u0131 Erdo\u011fan: Kamu mal\u0131n\u0131n istismar\u0131 asla kabul edilemez\" \/>\n<meta property=\"og:description\" content=\"Cumhurba\u015fkan\u0131 Recep Tayyip Erdo\u011fan, Say\u0131\u015ftay\u2019\u0131n 163. Kurulu\u015f Y\u0131l D\u00f6n\u00fcm\u00fc\u2019nde, kamu kaynaklar\u0131n\u0131n usuls\u00fcz kullan\u0131m\u0131na kar\u015f\u0131 s\u0131f\u0131r tolerans vurgusu yapt\u0131 ve denetimlerde dijital d\u00f6n\u00fc\u015f\u00fcm\u00fc \u00f6vd\u00fc.ANKARA (\u0130GFA) &#8211; Cumhurba\u015fkan\u0131 Recep Tayyip Erdo\u011fan, Say\u0131\u015ftay\u2019\u0131n 163. Kurulu\u015f Y\u0131l D\u00f6n\u00fcm\u00fc Program\u0131\u2019nda yapt\u0131\u011f\u0131 konu\u015fmada, kamu mal\u0131n\u0131n korunmas\u0131na y\u00f6nelik net mesajlar verdi. \u201cG\u00f6revi, unvan\u0131, konumu ne olursa olsun, kamu mal\u0131n\u0131n usuls\u00fcz ya da savurgan \u015fekilde kullan\u0131lmas\u0131, beyt\u00fclmalin istismar edilmesi bizim i\u00e7in asla kabul edilemez\u201d diyen Cumhurba\u015fkan\u0131 Erdo\u011fan, T\u00fcrkiye\u2019nin bir hukuk devleti oldu\u011funu vurgulad\u0131. \u201c\u0130ster atanm\u0131\u015f ister se\u00e7ilmi\u015f olsun, kamu g\u00f6revi ifa eden herkes milletin emanetine sahip \u00e7\u0131kmakla m\u00fckelleftir\u201d dedi. Say\u0131\u015ftay\u0131n 163. Kurulu\u015f Y\u0131l D\u00f6n\u00fcm\u00fc Program\u0131 https:\/\/t.co\/e3jjutgXEA\u2014 Recep Tayyip Erdo\u011fan (@RTErdogan) May 27, 2025 Merkezi ve yerel y\u00f6netimlerde kaynaklar\u0131n amac\u0131na uygun kullan\u0131lmas\u0131n\u0131n \u00f6ncelik oldu\u011funu belirten Cumhurba\u015fkan\u0131 Erdo\u011fan, \u201cBu konuda kimsenin g\u00f6z\u00fcn\u00fcn ya\u015f\u0131na bakmayaca\u011f\u0131z\u201d ifadesiyle kararl\u0131l\u0131k mesaj\u0131 verdi. Say\u0131\u015ftay\u2019\u0131n yapay zek\u00e2 destekli denetimlerle dijital d\u00f6n\u00fc\u015f\u00fcmdeki \u00e7abalar\u0131n\u0131 takdir eden Cumhurba\u015fkan\u0131 Erdo\u011fan, denetim program\u0131n\u0131n test a\u015famas\u0131na gelmesini \u00f6verken, son d\u00f6nemde y\u00fcr\u00fct\u00fclen tahkikatlar\u0131 olumlu buldu\u011funu belirterek, \u201cT\u00fcrkiye\u2019yi safralar\u0131ndan kurtaracak bu ad\u0131mlar\u0131n kazanan\u0131 \u00fclkemiz ve demokrasimiz olacak\u201d dedi. \u200bCumhurba\u015fkan\u0131 Recep Tayyip Erdo\u011fan, Say\u0131\u015ftay\u2019\u0131n 163. Kurulu\u015f Y\u0131l D\u00f6n\u00fcm\u00fc\u2019nde, kamu kaynaklar\u0131n\u0131n usuls\u00fcz kullan\u0131m\u0131na kar\u015f\u0131 s\u0131f\u0131r tolerans vurgusu yapt\u0131 ve denetimlerde dijital d\u00f6n\u00fc\u015f\u00fcm\u00fc \u00f6vd\u00fc.ANKARA (\u0130GFA) &#8211; Cumhurba\u015fkan\u0131 Recep Tayyip Erdo\u011fan, Say\u0131\u015ftay\u2019\u0131n 163. Kurulu\u015f Y\u0131l D\u00f6n\u00fcm\u00fc Program\u0131\u2019nda yapt\u0131\u011f\u0131 &hellip;\" \/>\n<meta property=\"og:url\" content=\"https:\/\/denizcankizil.tr\/uk\/haberler\/gundem\/cumhurbaskani-erdogan-kamu-malinin-istismari-asla-kabul-edilemez\/\" \/>\n<meta property=\"og:site_name\" content=\"Av. Deniz Can K\u0131z\u0131l\" \/>\n<meta property=\"article:published_time\" content=\"2025-05-27T14:43:12+00:00\" \/>\n<meta name=\"author\" content=\"admin\" \/>\n<meta name=\"twitter:card\" content=\"summary_large_image\" \/>\n<meta name=\"twitter:label1\" content=\"\u041d\u0430\u043f\u0438\u0441\u0430\u043d\u043e\" \/>\n\t<meta name=\"twitter:data1\" content=\"admin\" \/>\n\t<meta name=\"twitter:label2\" content=\"\u041f\u0440\u0438\u0431\u043b. \u0447\u0430\u0441 \u0447\u0438\u0442\u0430\u043d\u043d\u044f\" \/>\n\t<meta name=\"twitter:data2\" content=\"3 \u0445\u0432\u0438\u043b\u0438\u043d\u0438\" \/>\n<script type=\"application\/ld+json\" class=\"yoast-schema-graph\">{\"@context\":\"https:\/\/schema.org\",\"@graph\":[{\"@type\":\"Article\",\"@id\":\"https:\/\/denizcankizil.tr\/de\/haberler\/gundem\/cumhurbaskani-erdogan-kamu-malinin-istismari-asla-kabul-edilemez\/#article\",\"isPartOf\":{\"@id\":\"https:\/\/denizcankizil.tr\/de\/haberler\/gundem\/cumhurbaskani-erdogan-kamu-malinin-istismari-asla-kabul-edilemez\/\"},\"author\":{\"name\":\"admin\",\"@id\":\"https:\/\/denizcankizil.tr\/de\/#\/schema\/person\/be3c05fe6a12686905512445d8185489\"},\"headline\":\"Cumhurba\u015fkan\u0131 Erdo\u011fan: Kamu mal\u0131n\u0131n istismar\u0131 asla kabul edilemez\",\"datePublished\":\"2025-05-27T14:43:12+00:00\",\"mainEntityOfPage\":{\"@id\":\"https:\/\/denizcankizil.tr\/de\/haberler\/gundem\/cumhurbaskani-erdogan-kamu-malinin-istismari-asla-kabul-edilemez\/\"},\"wordCount\":524,\"publisher\":{\"@id\":\"https:\/\/denizcankizil.tr\/de\/#organization\"},\"articleSection\":[\"G\u00fcndem\"],\"inLanguage\":\"uk\"},{\"@type\":\"WebPage\",\"@id\":\"https:\/\/denizcankizil.tr\/de\/haberler\/gundem\/cumhurbaskani-erdogan-kamu-malinin-istismari-asla-kabul-edilemez\/\",\"url\":\"https:\/\/denizcankizil.tr\/de\/haberler\/gundem\/cumhurbaskani-erdogan-kamu-malinin-istismari-asla-kabul-edilemez\/\",\"name\":\"Cumhurba\u015fkan\u0131 Erdo\u011fan: Kamu mal\u0131n\u0131n istismar\u0131 asla kabul edilemez - Av. Deniz Can K\u0131z\u0131l\",\"isPartOf\":{\"@id\":\"https:\/\/denizcankizil.tr\/de\/#website\"},\"datePublished\":\"2025-05-27T14:43:12+00:00\",\"breadcrumb\":{\"@id\":\"https:\/\/denizcankizil.tr\/de\/haberler\/gundem\/cumhurbaskani-erdogan-kamu-malinin-istismari-asla-kabul-edilemez\/#breadcrumb\"},\"inLanguage\":\"uk\",\"potentialAction\":[{\"@type\":\"ReadAction\",\"target\":[\"https:\/\/denizcankizil.tr\/de\/haberler\/gundem\/cumhurbaskani-erdogan-kamu-malinin-istismari-asla-kabul-edilemez\/\"]}]},{\"@type\":\"BreadcrumbList\",\"@id\":\"https:\/\/denizcankizil.tr\/de\/haberler\/gundem\/cumhurbaskani-erdogan-kamu-malinin-istismari-asla-kabul-edilemez\/#breadcrumb\",\"itemListElement\":[{\"@type\":\"ListItem\",\"position\":1,\"name\":\"Home\",\"item\":\"https:\/\/denizcankizil.tr\/de\/\"},{\"@type\":\"ListItem\",\"position\":2,\"name\":\"Cumhurba\u015fkan\u0131 Erdo\u011fan: Kamu mal\u0131n\u0131n istismar\u0131 asla kabul edilemez\"}]},{\"@type\":\"WebSite\",\"@id\":\"https:\/\/denizcankizil.tr\/de\/#website\",\"url\":\"https:\/\/denizcankizil.tr\/de\/\",\"name\":\"Av. Deniz Can K\u0131z\u0131l\",\"description\":\"Avukat Deniz Can K\u0131z\u0131l Antalya Barosu\",\"publisher\":{\"@id\":\"https:\/\/denizcankizil.tr\/de\/#organization\"},\"potentialAction\":[{\"@type\":\"SearchAction\",\"target\":{\"@type\":\"EntryPoint\",\"urlTemplate\":\"https:\/\/denizcankizil.tr\/de\/?s={search_term_string}\"},\"query-input\":{\"@type\":\"PropertyValueSpecification\",\"valueRequired\":true,\"valueName\":\"search_term_string\"}}],\"inLanguage\":\"uk\"},{\"@type\":\"Organization\",\"@id\":\"https:\/\/denizcankizil.tr\/de\/#organization\",\"name\":\"Av. Deniz Can K\u0131z\u0131l\",\"url\":\"https:\/\/denizcankizil.tr\/de\/\",\"logo\":{\"@type\":\"ImageObject\",\"inLanguage\":\"uk\",\"@id\":\"https:\/\/denizcankizil.tr\/de\/#\/schema\/logo\/image\/\",\"url\":\"http:\/\/denizcankizil.tr\/wp-content\/uploads\/2024\/10\/siyah-logo-svg.svg\",\"contentUrl\":\"http:\/\/denizcankizil.tr\/wp-content\/uploads\/2024\/10\/siyah-logo-svg.svg\",\"width\":1080,\"height\":1080,\"caption\":\"Av. Deniz Can K\u0131z\u0131l\"},\"image\":{\"@id\":\"https:\/\/denizcankizil.tr\/de\/#\/schema\/logo\/image\/\"}},{\"@type\":\"Person\",\"@id\":\"https:\/\/denizcankizil.tr\/de\/#\/schema\/person\/be3c05fe6a12686905512445d8185489\",\"name\":\"admin\",\"image\":{\"@type\":\"ImageObject\",\"inLanguage\":\"uk\",\"@id\":\"https:\/\/denizcankizil.tr\/de\/#\/schema\/person\/image\/\",\"url\":\"https:\/\/secure.gravatar.com\/avatar\/c1fce94c830dc79107e174f890d7210541c4a63e8e5d816341794a2151c9d58c?s=96&d=mm&r=g\",\"contentUrl\":\"https:\/\/secure.gravatar.com\/avatar\/c1fce94c830dc79107e174f890d7210541c4a63e8e5d816341794a2151c9d58c?s=96&d=mm&r=g\",\"caption\":\"admin\"},\"sameAs\":[\"http:\/\/denizcankizil.tr\"],\"url\":\"https:\/\/www.iskenderun.org\/cumhurbaskani-erdogan-kamu-malinin-istismari-asla-kabul-edilemez\"}]}<\/script>\n<!-- \/ Yoast SEO Premium plugin. -->","yoast_head_json":{"title":"Cumhurba\u015fkan\u0131 Erdo\u011fan: Kamu mal\u0131n\u0131n istismar\u0131 asla kabul edilemez - Av. Deniz Can K\u0131z\u0131l","robots":{"index":"index","follow":"follow","max-snippet":"max-snippet:-1","max-image-preview":"max-image-preview:large","max-video-preview":"max-video-preview:-1"},"canonical":"https:\/\/denizcankizil.tr\/uk\/haberler\/gundem\/cumhurbaskani-erdogan-kamu-malinin-istismari-asla-kabul-edilemez\/","og_locale":"uk_UA","og_type":"article","og_title":"Cumhurba\u015fkan\u0131 Erdo\u011fan: Kamu mal\u0131n\u0131n istismar\u0131 asla kabul edilemez","og_description":"Cumhurba\u015fkan\u0131 Recep Tayyip Erdo\u011fan, Say\u0131\u015ftay\u2019\u0131n 163. Kurulu\u015f Y\u0131l D\u00f6n\u00fcm\u00fc\u2019nde, kamu kaynaklar\u0131n\u0131n usuls\u00fcz kullan\u0131m\u0131na kar\u015f\u0131 s\u0131f\u0131r tolerans vurgusu yapt\u0131 ve denetimlerde dijital d\u00f6n\u00fc\u015f\u00fcm\u00fc \u00f6vd\u00fc.ANKARA (\u0130GFA) &#8211; Cumhurba\u015fkan\u0131 Recep Tayyip Erdo\u011fan, Say\u0131\u015ftay\u2019\u0131n 163. Kurulu\u015f Y\u0131l D\u00f6n\u00fcm\u00fc Program\u0131\u2019nda yapt\u0131\u011f\u0131 konu\u015fmada, kamu mal\u0131n\u0131n korunmas\u0131na y\u00f6nelik net mesajlar verdi. \u201cG\u00f6revi, unvan\u0131, konumu ne olursa olsun, kamu mal\u0131n\u0131n usuls\u00fcz ya da savurgan \u015fekilde kullan\u0131lmas\u0131, beyt\u00fclmalin istismar edilmesi bizim i\u00e7in asla kabul edilemez\u201d diyen Cumhurba\u015fkan\u0131 Erdo\u011fan, T\u00fcrkiye\u2019nin bir hukuk devleti oldu\u011funu vurgulad\u0131. \u201c\u0130ster atanm\u0131\u015f ister se\u00e7ilmi\u015f olsun, kamu g\u00f6revi ifa eden herkes milletin emanetine sahip \u00e7\u0131kmakla m\u00fckelleftir\u201d dedi. Say\u0131\u015ftay\u0131n 163. Kurulu\u015f Y\u0131l D\u00f6n\u00fcm\u00fc Program\u0131 https:\/\/t.co\/e3jjutgXEA\u2014 Recep Tayyip Erdo\u011fan (@RTErdogan) May 27, 2025 Merkezi ve yerel y\u00f6netimlerde kaynaklar\u0131n amac\u0131na uygun kullan\u0131lmas\u0131n\u0131n \u00f6ncelik oldu\u011funu belirten Cumhurba\u015fkan\u0131 Erdo\u011fan, \u201cBu konuda kimsenin g\u00f6z\u00fcn\u00fcn ya\u015f\u0131na bakmayaca\u011f\u0131z\u201d ifadesiyle kararl\u0131l\u0131k mesaj\u0131 verdi. Say\u0131\u015ftay\u2019\u0131n yapay zek\u00e2 destekli denetimlerle dijital d\u00f6n\u00fc\u015f\u00fcmdeki \u00e7abalar\u0131n\u0131 takdir eden Cumhurba\u015fkan\u0131 Erdo\u011fan, denetim program\u0131n\u0131n test a\u015famas\u0131na gelmesini \u00f6verken, son d\u00f6nemde y\u00fcr\u00fct\u00fclen tahkikatlar\u0131 olumlu buldu\u011funu belirterek, \u201cT\u00fcrkiye\u2019yi safralar\u0131ndan kurtaracak bu ad\u0131mlar\u0131n kazanan\u0131 \u00fclkemiz ve demokrasimiz olacak\u201d dedi. \u200bCumhurba\u015fkan\u0131 Recep Tayyip Erdo\u011fan, Say\u0131\u015ftay\u2019\u0131n 163. Kurulu\u015f Y\u0131l D\u00f6n\u00fcm\u00fc\u2019nde, kamu kaynaklar\u0131n\u0131n usuls\u00fcz kullan\u0131m\u0131na kar\u015f\u0131 s\u0131f\u0131r tolerans vurgusu yapt\u0131 ve denetimlerde dijital d\u00f6n\u00fc\u015f\u00fcm\u00fc \u00f6vd\u00fc.ANKARA (\u0130GFA) &#8211; Cumhurba\u015fkan\u0131 Recep Tayyip Erdo\u011fan, Say\u0131\u015ftay\u2019\u0131n 163. Kurulu\u015f Y\u0131l D\u00f6n\u00fcm\u00fc Program\u0131\u2019nda yapt\u0131\u011f\u0131 &hellip;","og_url":"https:\/\/denizcankizil.tr\/uk\/haberler\/gundem\/cumhurbaskani-erdogan-kamu-malinin-istismari-asla-kabul-edilemez\/","og_site_name":"Av. Deniz Can K\u0131z\u0131l","article_published_time":"2025-05-27T14:43:12+00:00","author":"admin","twitter_card":"summary_large_image","twitter_misc":{"\u041d\u0430\u043f\u0438\u0441\u0430\u043d\u043e":"admin","\u041f\u0440\u0438\u0431\u043b. \u0447\u0430\u0441 \u0447\u0438\u0442\u0430\u043d\u043d\u044f":"3 \u0445\u0432\u0438\u043b\u0438\u043d\u0438"},"schema":{"@context":"https:\/\/schema.org","@graph":[{"@type":"Article","@id":"https:\/\/denizcankizil.tr\/de\/haberler\/gundem\/cumhurbaskani-erdogan-kamu-malinin-istismari-asla-kabul-edilemez\/#article","isPartOf":{"@id":"https:\/\/denizcankizil.tr\/de\/haberler\/gundem\/cumhurbaskani-erdogan-kamu-malinin-istismari-asla-kabul-edilemez\/"},"author":{"name":"admin","@id":"https:\/\/denizcankizil.tr\/de\/#\/schema\/person\/be3c05fe6a12686905512445d8185489"},"headline":"Cumhurba\u015fkan\u0131 Erdo\u011fan: Kamu mal\u0131n\u0131n istismar\u0131 asla kabul edilemez","datePublished":"2025-05-27T14:43:12+00:00","mainEntityOfPage":{"@id":"https:\/\/denizcankizil.tr\/de\/haberler\/gundem\/cumhurbaskani-erdogan-kamu-malinin-istismari-asla-kabul-edilemez\/"},"wordCount":524,"publisher":{"@id":"https:\/\/denizcankizil.tr\/de\/#organization"},"articleSection":["G\u00fcndem"],"inLanguage":"uk"},{"@type":"WebPage","@id":"https:\/\/denizcankizil.tr\/de\/haberler\/gundem\/cumhurbaskani-erdogan-kamu-malinin-istismari-asla-kabul-edilemez\/","url":"https:\/\/denizcankizil.tr\/de\/haberler\/gundem\/cumhurbaskani-erdogan-kamu-malinin-istismari-asla-kabul-edilemez\/","name":"Cumhurba\u015fkan\u0131 Erdo\u011fan: Kamu mal\u0131n\u0131n istismar\u0131 asla kabul edilemez - Av. Deniz Can K\u0131z\u0131l","isPartOf":{"@id":"https:\/\/denizcankizil.tr\/de\/#website"},"datePublished":"2025-05-27T14:43:12+00:00","breadcrumb":{"@id":"https:\/\/denizcankizil.tr\/de\/haberler\/gundem\/cumhurbaskani-erdogan-kamu-malinin-istismari-asla-kabul-edilemez\/#breadcrumb"},"inLanguage":"uk","potentialAction":[{"@type":"ReadAction","target":["https:\/\/denizcankizil.tr\/de\/haberler\/gundem\/cumhurbaskani-erdogan-kamu-malinin-istismari-asla-kabul-edilemez\/"]}]},{"@type":"BreadcrumbList","@id":"https:\/\/denizcankizil.tr\/de\/haberler\/gundem\/cumhurbaskani-erdogan-kamu-malinin-istismari-asla-kabul-edilemez\/#breadcrumb","itemListElement":[{"@type":"ListItem","position":1,"name":"Home","item":"https:\/\/denizcankizil.tr\/de\/"},{"@type":"ListItem","position":2,"name":"Cumhurba\u015fkan\u0131 Erdo\u011fan: Kamu mal\u0131n\u0131n istismar\u0131 asla kabul edilemez"}]},{"@type":"WebSite","@id":"https:\/\/denizcankizil.tr\/de\/#website","url":"https:\/\/denizcankizil.tr\/de\/","name":"Av. Deniz Can K\u0131z\u0131l","description":"Avukat Deniz Can K\u0131z\u0131l Antalya Barosu","publisher":{"@id":"https:\/\/denizcankizil.tr\/de\/#organization"},"potentialAction":[{"@type":"SearchAction","target":{"@type":"EntryPoint","urlTemplate":"https:\/\/denizcankizil.tr\/de\/?s={search_term_string}"},"query-input":{"@type":"PropertyValueSpecification","valueRequired":true,"valueName":"search_term_string"}}],"inLanguage":"uk"},{"@type":"Organization","@id":"https:\/\/denizcankizil.tr\/de\/#organization","name":"Av. Deniz Can K\u0131z\u0131l","url":"https:\/\/denizcankizil.tr\/de\/","logo":{"@type":"ImageObject","inLanguage":"uk","@id":"https:\/\/denizcankizil.tr\/de\/#\/schema\/logo\/image\/","url":"http:\/\/denizcankizil.tr\/wp-content\/uploads\/2024\/10\/siyah-logo-svg.svg","contentUrl":"http:\/\/denizcankizil.tr\/wp-content\/uploads\/2024\/10\/siyah-logo-svg.svg","width":1080,"height":1080,"caption":"Av. Deniz Can K\u0131z\u0131l"},"image":{"@id":"https:\/\/denizcankizil.tr\/de\/#\/schema\/logo\/image\/"}},{"@type":"Person","@id":"https:\/\/denizcankizil.tr\/de\/#\/schema\/person\/be3c05fe6a12686905512445d8185489","name":"\u0430\u0434\u043c\u0456\u043d","image":{"@type":"ImageObject","inLanguage":"uk","@id":"https:\/\/denizcankizil.tr\/de\/#\/schema\/person\/image\/","url":"https:\/\/secure.gravatar.com\/avatar\/c1fce94c830dc79107e174f890d7210541c4a63e8e5d816341794a2151c9d58c?s=96&d=mm&r=g","contentUrl":"https:\/\/secure.gravatar.com\/avatar\/c1fce94c830dc79107e174f890d7210541c4a63e8e5d816341794a2151c9d58c?s=96&d=mm&r=g","caption":"admin"},"sameAs":["http:\/\/denizcankizil.tr"],"url":"https:\/\/www.iskenderun.org\/cumhurbaskani-erdogan-kamu-malinin-istismari-asla-kabul-edilemez"}]}},"_links":{"self":[{"href":"http:\/\/denizcankizil.tr\/uk\/wp-json\/wp\/v2\/posts\/98614","targetHints":{"allow":["GET"]}}],"collection":[{"href":"http:\/\/denizcankizil.tr\/uk\/wp-json\/wp\/v2\/posts"}],"about":[{"href":"http:\/\/denizcankizil.tr\/uk\/wp-json\/wp\/v2\/types\/post"}],"author":[{"embeddable":true,"href":"http:\/\/denizcankizil.tr\/uk\/wp-json\/wp\/v2\/users\/1"}],"replies":[{"embeddable":true,"href":"http:\/\/denizcankizil.tr\/uk\/wp-json\/wp\/v2\/comments?post=98614"}],"version-history":[{"count":0,"href":"http:\/\/denizcankizil.tr\/uk\/wp-json\/wp\/v2\/posts\/98614\/revisions"}],"wp:attachment":[{"href":"http:\/\/denizcankizil.tr\/uk\/wp-json\/wp\/v2\/media?parent=98614"}],"wp:term":[{"taxonomy":"category","embeddable":true,"href":"http:\/\/denizcankizil.tr\/uk\/wp-json\/wp\/v2\/categories?post=98614"},{"taxonomy":"post_tag","embeddable":true,"href":"http:\/\/denizcankizil.tr\/uk\/wp-json\/wp\/v2\/tags?post=98614"}],"curies":[{"name":"wp","href":"https:\/\/api.w.org\/{rel}","templated":true}]}}