{"id":9822,"date":"2024-10-29T11:43:07","date_gmt":"2024-10-29T08:43:07","guid":{"rendered":"https:\/\/denizcankizil.tr\/uncategorized-tr\/mersinde-gencler-cumhuriyetin-101inci-yilina-ozel-101-metrelik-turk-bayragini-tasidi\/"},"modified":"2024-10-29T11:43:07","modified_gmt":"2024-10-29T08:43:07","slug":"mersinde-gencler-cumhuriyetin-101inci-yilina-ozel-101-metrelik-turk-bayragini-tasidi","status":"publish","type":"post","link":"http:\/\/denizcankizil.tr\/uk\/haberler\/gundem\/mersinde-gencler-cumhuriyetin-101inci-yilina-ozel-101-metrelik-turk-bayragini-tasidi\/","title":{"rendered":"Mersin\u2019de gen\u00e7ler Cumhuriyet&#8217;in 101\u2019inci y\u0131l\u0131na \u00f6zel 101 metrelik T\u00fcrk bayra\u011f\u0131n\u0131 ta\u015f\u0131d\u0131"},"content":{"rendered":"<p>Mersin Valili\u011fi taraf\u0131ndan d\u00fczenlenen y\u00fcr\u00fcy\u00fc\u015f, sahildeki Mersin \u0130dman Yurdu Meydan\u0131&#8217;ndan ba\u015flad\u0131. Kat\u0131l\u0131mc\u0131lar\u0131n Cumhuriyet&#8217;in 101. y\u0131l\u0131n\u0131 simgeleyen 101 metrelik T\u00fcrk bayra\u011f\u0131n\u0131 Adnan Menderes Bulvar\u0131 boyunca ta\u015f\u0131d\u0131\u011f\u0131 y\u00fcr\u00fcy\u00fc\u015f, Suphi \u00d6ner \u00d6\u011fretmenevi&#8217;nde son buldu. Vali Pehlivan, yapt\u0131\u011f\u0131 a\u00e7\u0131klamada, Cumhuriyet&#8217;in kurulu\u015funun 101. y\u0131l\u0131n\u0131 co\u015fkuyla kutlad\u0131klar\u0131n\u0131 s\u00f6yledi. Pehlivan, &#8220;Gen\u00e7lerimiz bayra\u011f\u0131m\u0131z\u0131 en yukar\u0131da, g\u00f6nderde tutmaya devam ediyorlar, devam edecekler. Atalar\u0131m\u0131zdan miras ald\u0131\u011f\u0131m\u0131z aziz vatan\u0131m\u0131z\u0131 gelecek nesillere hep birlikte daha g\u00fc\u00e7l\u00fc \u015fekilde teslim edece\u011fiz. \u0130lelebet bir ve beraber olarak, ba\u011f\u0131ms\u0131z olarak T\u00fcrkiye Cumhuriyetimizin kurulu\u015f y\u0131l d\u00f6n\u00fcmlerini kutlamay\u0131 temenni ediyorum. Cumhuriyetimizin kurucusu Gazi Mustafa Kemal Atat\u00fcrk ba\u015fta olmak \u00fczere Milli M\u00fccadele kahramanlar\u0131m\u0131z\u0131, aziz \u015fehitlerimizi ve gazilerimizi sayg\u0131yla, rahmetle yad ediyorum&#8221; dedi.\u00a0<\/p>\n<p>\u201cCUMHUR\u0130YET\u0130M\u0130ZLE GURUR DUYUYORUZ\u201d<\/p>\n<p>Y\u00fcr\u00fcy\u00fc\u015fe kat\u0131lan B\u00fcy\u00fck\u015fehir Belediye Ba\u015fkan\u0131 Vahap Se\u00e7er de Cumhuriyet&#8217;in gen\u00e7lere emanet edildi\u011fini vurgulad\u0131. Se\u00e7er, &#8220;101. kurulu\u015f y\u0131l d\u00f6n\u00fcm\u00fcne ithafen 101 metrelik T\u00fcrk bayra\u011f\u0131 e\u015fli\u011finde y\u00fcr\u00fcd\u00fck. Bayra\u011f\u0131, gen\u00e7lerimiz ta\u015f\u0131d\u0131. Cumhuriyetimiz de gen\u00e7lerimize emanet. Cumhuriyet bir medeniyet, k\u00fclt\u00fcr, e\u011fitim ve ayd\u0131nlanma projesidir. Cumhuriyetimizle gurur duyuyoruz. Kurucumuz, \u00f6nderimiz Mustafa Kemal Atat\u00fcrk ile gurur duyuyoruz. Cumhuriyet Bayram\u0131m\u0131z\u0131 kutluyorum&#8221; diye konu\u015ftu.\u00a0<\/p>\n<p>\u00a0 \u00a0 \u00a0 \u00a0 \u00a0 \u00a0 \u00a0 \u00a0 \u00a0 \u00a0 \u00a0 \u00a0 \u00a0 \u00a0 \u00a0 \u00a0 \u00a0\u00a0<br \/>\n\u00a0<\/p>\n<p>\u200bMersin\u2019de 29 Ekim Cumhuriyet Bayram\u0131 i\u00e7in &#8216;Bayrak Y\u00fcr\u00fcy\u00fc\u015f\u00fc&#8217; d\u00fczenlendi. D\u00fczenlenen y\u00fcr\u00fcy\u00fc\u015fte gen\u00e7ler, Cumhuriyet&#8217;in 101&#8217;inci y\u0131l\u0131n\u0131 simgeleyen 101 metrelik T\u00fcrk bayra\u011f\u0131n\u0131 ta\u015f\u0131d\u0131\u00a0<\/p>\n<p>\u200bHaberin Al\u0131nt\u0131land\u0131\u011f\u0131 Kaynak: www.antalyakorfez.com<\/p>","protected":false},"excerpt":{"rendered":"<p>Mersin Valili\u011fi taraf\u0131ndan d\u00fczenlenen y\u00fcr\u00fcy\u00fc\u015f, sahildeki Mersin \u0130dman Yurdu Meydan\u0131&#8217;ndan ba\u015flad\u0131. Kat\u0131l\u0131mc\u0131lar\u0131n Cumhuriyet&#8217;in 101. y\u0131l\u0131n\u0131 simgeleyen 101 metrelik T\u00fcrk bayra\u011f\u0131n\u0131 Adnan Menderes Bulvar\u0131 boyunca ta\u015f\u0131d\u0131\u011f\u0131 y\u00fcr\u00fcy\u00fc\u015f, Suphi \u00d6ner \u00d6\u011fretmenevi&#8217;nde son buldu. Vali Pehlivan, yapt\u0131\u011f\u0131 a\u00e7\u0131klamada, Cumhuriyet&#8217;in kurulu\u015funun 101. y\u0131l\u0131n\u0131 co\u015fkuyla kutlad\u0131klar\u0131n\u0131 s\u00f6yledi. Pehlivan, &#8220;Gen\u00e7lerimiz bayra\u011f\u0131m\u0131z\u0131 en yukar\u0131da, g\u00f6nderde tutmaya devam ediyorlar, devam edecekler. Atalar\u0131m\u0131zdan miras ald\u0131\u011f\u0131m\u0131z aziz vatan\u0131m\u0131z\u0131 gelecek nesillere hep birlikte daha g\u00fc\u00e7l\u00fc \u015fekilde teslim edece\u011fiz. \u0130lelebet bir ve beraber olarak, ba\u011f\u0131ms\u0131z olarak T\u00fcrkiye Cumhuriyetimizin kurulu\u015f y\u0131l d\u00f6n\u00fcmlerini kutlamay\u0131 temenni ediyorum. Cumhuriyetimizin kurucusu Gazi Mustafa Kemal Atat\u00fcrk ba\u015fta olmak \u00fczere Milli M\u00fccadele kahramanlar\u0131m\u0131z\u0131, aziz \u015fehitlerimizi ve gazilerimizi sayg\u0131yla, rahmetle yad ediyorum&#8221; dedi.\u00a0 \u201cCUMHUR\u0130YET\u0130M\u0130ZLE GURUR DUYUYORUZ\u201d Y\u00fcr\u00fcy\u00fc\u015fe kat\u0131lan B\u00fcy\u00fck\u015fehir Belediye Ba\u015fkan\u0131 Vahap Se\u00e7er de Cumhuriyet&#8217;in gen\u00e7lere emanet edildi\u011fini vurgulad\u0131. Se\u00e7er, &#8220;101. kurulu\u015f y\u0131l d\u00f6n\u00fcm\u00fcne ithafen 101 metrelik T\u00fcrk bayra\u011f\u0131 e\u015fli\u011finde y\u00fcr\u00fcd\u00fck. Bayra\u011f\u0131, gen\u00e7lerimiz ta\u015f\u0131d\u0131. Cumhuriyetimiz de gen\u00e7lerimize emanet. Cumhuriyet bir medeniyet, k\u00fclt\u00fcr, e\u011fitim ve ayd\u0131nlanma projesidir. Cumhuriyetimizle gurur duyuyoruz. Kurucumuz, \u00f6nderimiz Mustafa Kemal Atat\u00fcrk ile gurur duyuyoruz. Cumhuriyet Bayram\u0131m\u0131z\u0131 kutluyorum&#8221; diye konu\u015ftu.\u00a0 \u00a0 \u00a0 \u00a0 \u00a0 \u00a0 \u00a0 \u00a0 \u00a0 \u00a0 \u00a0 \u00a0 \u00a0 \u00a0 \u00a0 \u00a0 \u00a0 \u00a0\u00a0 \u00a0 \u200bMersin\u2019de 29 Ekim Cumhuriyet Bayram\u0131 i\u00e7in &#8216;Bayrak Y\u00fcr\u00fcy\u00fc\u015f\u00fc&#8217; d\u00fczenlendi. D\u00fczenlenen y\u00fcr\u00fcy\u00fc\u015fte gen\u00e7ler, Cumhuriyet&#8217;in 101&#8217;inci y\u0131l\u0131n\u0131 simgeleyen 101 metrelik T\u00fcrk bayra\u011f\u0131n\u0131 &hellip;<\/p>","protected":false},"author":0,"featured_media":0,"comment_status":"open","ping_status":"open","sticky":false,"template":"","format":"standard","meta":{"_acf_changed":false,"footnotes":""},"categories":[24,535],"tags":[],"class_list":["post-9822","post","type-post","status-publish","format-standard","has-post-thumbnail","hentry","category-gundem","category-uncategorized-tr"],"acf":[],"yoast_head":"<!-- This site is optimized with the Yoast SEO Premium plugin v26.6 (Yoast SEO v27.1.1) - https:\/\/yoast.com\/product\/yoast-seo-premium-wordpress\/ -->\n<title>Mersin\u2019de gen\u00e7ler Cumhuriyet&#039;in 101\u2019inci y\u0131l\u0131na \u00f6zel 101 metrelik T\u00fcrk bayra\u011f\u0131n\u0131 ta\u015f\u0131d\u0131 - Av. Deniz Can K\u0131z\u0131l<\/title>\n<meta name=\"robots\" content=\"index, follow, max-snippet:-1, max-image-preview:large, max-video-preview:-1\" \/>\n<link rel=\"canonical\" href=\"http:\/\/denizcankizil.tr\/uk\/haberler\/gundem\/mersinde-gencler-cumhuriyetin-101inci-yilina-ozel-101-metrelik-turk-bayragini-tasidi\/\" \/>\n<meta property=\"og:locale\" content=\"uk_UA\" \/>\n<meta property=\"og:type\" content=\"article\" \/>\n<meta property=\"og:title\" content=\"Mersin\u2019de gen\u00e7ler Cumhuriyet&#039;in 101\u2019inci y\u0131l\u0131na \u00f6zel 101 metrelik T\u00fcrk bayra\u011f\u0131n\u0131 ta\u015f\u0131d\u0131\" \/>\n<meta property=\"og:description\" content=\"Mersin Valili\u011fi taraf\u0131ndan d\u00fczenlenen y\u00fcr\u00fcy\u00fc\u015f, sahildeki Mersin \u0130dman Yurdu Meydan\u0131&#8217;ndan ba\u015flad\u0131. Kat\u0131l\u0131mc\u0131lar\u0131n Cumhuriyet&#8217;in 101. y\u0131l\u0131n\u0131 simgeleyen 101 metrelik T\u00fcrk bayra\u011f\u0131n\u0131 Adnan Menderes Bulvar\u0131 boyunca ta\u015f\u0131d\u0131\u011f\u0131 y\u00fcr\u00fcy\u00fc\u015f, Suphi \u00d6ner \u00d6\u011fretmenevi&#8217;nde son buldu. Vali Pehlivan, yapt\u0131\u011f\u0131 a\u00e7\u0131klamada, Cumhuriyet&#8217;in kurulu\u015funun 101. y\u0131l\u0131n\u0131 co\u015fkuyla kutlad\u0131klar\u0131n\u0131 s\u00f6yledi. Pehlivan, &#8220;Gen\u00e7lerimiz bayra\u011f\u0131m\u0131z\u0131 en yukar\u0131da, g\u00f6nderde tutmaya devam ediyorlar, devam edecekler. Atalar\u0131m\u0131zdan miras ald\u0131\u011f\u0131m\u0131z aziz vatan\u0131m\u0131z\u0131 gelecek nesillere hep birlikte daha g\u00fc\u00e7l\u00fc \u015fekilde teslim edece\u011fiz. \u0130lelebet bir ve beraber olarak, ba\u011f\u0131ms\u0131z olarak T\u00fcrkiye Cumhuriyetimizin kurulu\u015f y\u0131l d\u00f6n\u00fcmlerini kutlamay\u0131 temenni ediyorum. Cumhuriyetimizin kurucusu Gazi Mustafa Kemal Atat\u00fcrk ba\u015fta olmak \u00fczere Milli M\u00fccadele kahramanlar\u0131m\u0131z\u0131, aziz \u015fehitlerimizi ve gazilerimizi sayg\u0131yla, rahmetle yad ediyorum&#8221; dedi.\u00a0 \u201cCUMHUR\u0130YET\u0130M\u0130ZLE GURUR DUYUYORUZ\u201d Y\u00fcr\u00fcy\u00fc\u015fe kat\u0131lan B\u00fcy\u00fck\u015fehir Belediye Ba\u015fkan\u0131 Vahap Se\u00e7er de Cumhuriyet&#8217;in gen\u00e7lere emanet edildi\u011fini vurgulad\u0131. Se\u00e7er, &#8220;101. kurulu\u015f y\u0131l d\u00f6n\u00fcm\u00fcne ithafen 101 metrelik T\u00fcrk bayra\u011f\u0131 e\u015fli\u011finde y\u00fcr\u00fcd\u00fck. Bayra\u011f\u0131, gen\u00e7lerimiz ta\u015f\u0131d\u0131. Cumhuriyetimiz de gen\u00e7lerimize emanet. Cumhuriyet bir medeniyet, k\u00fclt\u00fcr, e\u011fitim ve ayd\u0131nlanma projesidir. Cumhuriyetimizle gurur duyuyoruz. Kurucumuz, \u00f6nderimiz Mustafa Kemal Atat\u00fcrk ile gurur duyuyoruz. Cumhuriyet Bayram\u0131m\u0131z\u0131 kutluyorum&#8221; diye konu\u015ftu.\u00a0 \u00a0 \u00a0 \u00a0 \u00a0 \u00a0 \u00a0 \u00a0 \u00a0 \u00a0 \u00a0 \u00a0 \u00a0 \u00a0 \u00a0 \u00a0 \u00a0 \u00a0\u00a0 \u00a0 \u200bMersin\u2019de 29 Ekim Cumhuriyet Bayram\u0131 i\u00e7in &#8216;Bayrak Y\u00fcr\u00fcy\u00fc\u015f\u00fc&#8217; d\u00fczenlendi. D\u00fczenlenen y\u00fcr\u00fcy\u00fc\u015fte gen\u00e7ler, Cumhuriyet&#8217;in 101&#8217;inci y\u0131l\u0131n\u0131 simgeleyen 101 metrelik T\u00fcrk bayra\u011f\u0131n\u0131 &hellip;\" \/>\n<meta property=\"og:url\" content=\"http:\/\/denizcankizil.tr\/uk\/haberler\/gundem\/mersinde-gencler-cumhuriyetin-101inci-yilina-ozel-101-metrelik-turk-bayragini-tasidi\/\" \/>\n<meta property=\"og:site_name\" content=\"Av. Deniz Can K\u0131z\u0131l\" \/>\n<meta property=\"article:published_time\" content=\"2024-10-29T08:43:07+00:00\" \/>\n<meta name=\"twitter:card\" content=\"summary_large_image\" \/>\n<meta name=\"twitter:label1\" content=\"\u041f\u0440\u0438\u0431\u043b. \u0447\u0430\u0441 \u0447\u0438\u0442\u0430\u043d\u043d\u044f\" \/>\n\t<meta name=\"twitter:data1\" content=\"1 \u0445\u0432\u0438\u043b\u0438\u043d\u0430\" \/>\n<script type=\"application\/ld+json\" class=\"yoast-schema-graph\">{\"@context\":\"https:\/\/schema.org\",\"@graph\":[{\"@type\":\"Article\",\"@id\":\"http:\/\/denizcankizil.tr\/uk\/haberler\/gundem\/mersinde-gencler-cumhuriyetin-101inci-yilina-ozel-101-metrelik-turk-bayragini-tasidi\/#article\",\"isPartOf\":{\"@id\":\"http:\/\/denizcankizil.tr\/uk\/haberler\/gundem\/mersinde-gencler-cumhuriyetin-101inci-yilina-ozel-101-metrelik-turk-bayragini-tasidi\/\"},\"author\":{\"name\":\"\",\"@id\":\"\"},\"headline\":\"Mersin\u2019de gen\u00e7ler Cumhuriyet&#8217;in 101\u2019inci y\u0131l\u0131na \u00f6zel 101 metrelik T\u00fcrk bayra\u011f\u0131n\u0131 ta\u015f\u0131d\u0131\",\"datePublished\":\"2024-10-29T08:43:07+00:00\",\"mainEntityOfPage\":{\"@id\":\"http:\/\/denizcankizil.tr\/uk\/haberler\/gundem\/mersinde-gencler-cumhuriyetin-101inci-yilina-ozel-101-metrelik-turk-bayragini-tasidi\/\"},\"wordCount\":309,\"commentCount\":0,\"publisher\":{\"@id\":\"https:\/\/denizcankizil.tr\/#organization\"},\"articleSection\":[\"G\u00fcndem\",\"Uncategorized\"],\"inLanguage\":\"uk\",\"potentialAction\":[{\"@type\":\"CommentAction\",\"name\":\"Comment\",\"target\":[\"http:\/\/denizcankizil.tr\/uk\/haberler\/gundem\/mersinde-gencler-cumhuriyetin-101inci-yilina-ozel-101-metrelik-turk-bayragini-tasidi\/#respond\"]}]},{\"@type\":\"WebPage\",\"@id\":\"http:\/\/denizcankizil.tr\/uk\/haberler\/gundem\/mersinde-gencler-cumhuriyetin-101inci-yilina-ozel-101-metrelik-turk-bayragini-tasidi\/\",\"url\":\"http:\/\/denizcankizil.tr\/uk\/haberler\/gundem\/mersinde-gencler-cumhuriyetin-101inci-yilina-ozel-101-metrelik-turk-bayragini-tasidi\/\",\"name\":\"Mersin\u2019de gen\u00e7ler Cumhuriyet'in 101\u2019inci y\u0131l\u0131na \u00f6zel 101 metrelik T\u00fcrk bayra\u011f\u0131n\u0131 ta\u015f\u0131d\u0131 - Av. Deniz Can K\u0131z\u0131l\",\"isPartOf\":{\"@id\":\"https:\/\/denizcankizil.tr\/#website\"},\"datePublished\":\"2024-10-29T08:43:07+00:00\",\"breadcrumb\":{\"@id\":\"http:\/\/denizcankizil.tr\/uk\/haberler\/gundem\/mersinde-gencler-cumhuriyetin-101inci-yilina-ozel-101-metrelik-turk-bayragini-tasidi\/#breadcrumb\"},\"inLanguage\":\"uk\",\"potentialAction\":[{\"@type\":\"ReadAction\",\"target\":[\"http:\/\/denizcankizil.tr\/uk\/haberler\/gundem\/mersinde-gencler-cumhuriyetin-101inci-yilina-ozel-101-metrelik-turk-bayragini-tasidi\/\"]}]},{\"@type\":\"BreadcrumbList\",\"@id\":\"http:\/\/denizcankizil.tr\/uk\/haberler\/gundem\/mersinde-gencler-cumhuriyetin-101inci-yilina-ozel-101-metrelik-turk-bayragini-tasidi\/#breadcrumb\",\"itemListElement\":[{\"@type\":\"ListItem\",\"position\":1,\"name\":\"Home\",\"item\":\"https:\/\/denizcankizil.tr\/uk\/\"},{\"@type\":\"ListItem\",\"position\":2,\"name\":\"Mersin\u2019de gen\u00e7ler Cumhuriyet&#8217;in 101\u2019inci y\u0131l\u0131na \u00f6zel 101 metrelik T\u00fcrk bayra\u011f\u0131n\u0131 ta\u015f\u0131d\u0131\"}]},{\"@type\":\"WebSite\",\"@id\":\"https:\/\/denizcankizil.tr\/#website\",\"url\":\"https:\/\/denizcankizil.tr\/\",\"name\":\"Av. Deniz Can K\u0131z\u0131l\",\"description\":\"Avukat Deniz Can K\u0131z\u0131l Antalya Barosu\",\"publisher\":{\"@id\":\"https:\/\/denizcankizil.tr\/#organization\"},\"potentialAction\":[{\"@type\":\"SearchAction\",\"target\":{\"@type\":\"EntryPoint\",\"urlTemplate\":\"https:\/\/denizcankizil.tr\/?s={search_term_string}\"},\"query-input\":{\"@type\":\"PropertyValueSpecification\",\"valueRequired\":true,\"valueName\":\"search_term_string\"}}],\"inLanguage\":\"uk\"},{\"@type\":\"Organization\",\"@id\":\"https:\/\/denizcankizil.tr\/#organization\",\"name\":\"Av. Deniz Can K\u0131z\u0131l\",\"url\":\"https:\/\/denizcankizil.tr\/\",\"logo\":{\"@type\":\"ImageObject\",\"inLanguage\":\"uk\",\"@id\":\"https:\/\/denizcankizil.tr\/#\/schema\/logo\/image\/\",\"url\":\"http:\/\/denizcankizil.tr\/wp-content\/uploads\/2024\/10\/siyah-logo-svg.svg\",\"contentUrl\":\"http:\/\/denizcankizil.tr\/wp-content\/uploads\/2024\/10\/siyah-logo-svg.svg\",\"width\":1080,\"height\":1080,\"caption\":\"Av. Deniz Can K\u0131z\u0131l\"},\"image\":{\"@id\":\"https:\/\/denizcankizil.tr\/#\/schema\/logo\/image\/\"}}]}<\/script>\n<!-- \/ Yoast SEO Premium plugin. -->","yoast_head_json":{"title":"Mersin\u2019de gen\u00e7ler Cumhuriyet'in 101\u2019inci y\u0131l\u0131na \u00f6zel 101 metrelik T\u00fcrk bayra\u011f\u0131n\u0131 ta\u015f\u0131d\u0131 - Av. Deniz Can K\u0131z\u0131l","robots":{"index":"index","follow":"follow","max-snippet":"max-snippet:-1","max-image-preview":"max-image-preview:large","max-video-preview":"max-video-preview:-1"},"canonical":"http:\/\/denizcankizil.tr\/uk\/haberler\/gundem\/mersinde-gencler-cumhuriyetin-101inci-yilina-ozel-101-metrelik-turk-bayragini-tasidi\/","og_locale":"uk_UA","og_type":"article","og_title":"Mersin\u2019de gen\u00e7ler Cumhuriyet'in 101\u2019inci y\u0131l\u0131na \u00f6zel 101 metrelik T\u00fcrk bayra\u011f\u0131n\u0131 ta\u015f\u0131d\u0131","og_description":"Mersin Valili\u011fi taraf\u0131ndan d\u00fczenlenen y\u00fcr\u00fcy\u00fc\u015f, sahildeki Mersin \u0130dman Yurdu Meydan\u0131&#8217;ndan ba\u015flad\u0131. Kat\u0131l\u0131mc\u0131lar\u0131n Cumhuriyet&#8217;in 101. y\u0131l\u0131n\u0131 simgeleyen 101 metrelik T\u00fcrk bayra\u011f\u0131n\u0131 Adnan Menderes Bulvar\u0131 boyunca ta\u015f\u0131d\u0131\u011f\u0131 y\u00fcr\u00fcy\u00fc\u015f, Suphi \u00d6ner \u00d6\u011fretmenevi&#8217;nde son buldu. Vali Pehlivan, yapt\u0131\u011f\u0131 a\u00e7\u0131klamada, Cumhuriyet&#8217;in kurulu\u015funun 101. y\u0131l\u0131n\u0131 co\u015fkuyla kutlad\u0131klar\u0131n\u0131 s\u00f6yledi. Pehlivan, &#8220;Gen\u00e7lerimiz bayra\u011f\u0131m\u0131z\u0131 en yukar\u0131da, g\u00f6nderde tutmaya devam ediyorlar, devam edecekler. Atalar\u0131m\u0131zdan miras ald\u0131\u011f\u0131m\u0131z aziz vatan\u0131m\u0131z\u0131 gelecek nesillere hep birlikte daha g\u00fc\u00e7l\u00fc \u015fekilde teslim edece\u011fiz. \u0130lelebet bir ve beraber olarak, ba\u011f\u0131ms\u0131z olarak T\u00fcrkiye Cumhuriyetimizin kurulu\u015f y\u0131l d\u00f6n\u00fcmlerini kutlamay\u0131 temenni ediyorum. Cumhuriyetimizin kurucusu Gazi Mustafa Kemal Atat\u00fcrk ba\u015fta olmak \u00fczere Milli M\u00fccadele kahramanlar\u0131m\u0131z\u0131, aziz \u015fehitlerimizi ve gazilerimizi sayg\u0131yla, rahmetle yad ediyorum&#8221; dedi.\u00a0 \u201cCUMHUR\u0130YET\u0130M\u0130ZLE GURUR DUYUYORUZ\u201d Y\u00fcr\u00fcy\u00fc\u015fe kat\u0131lan B\u00fcy\u00fck\u015fehir Belediye Ba\u015fkan\u0131 Vahap Se\u00e7er de Cumhuriyet&#8217;in gen\u00e7lere emanet edildi\u011fini vurgulad\u0131. Se\u00e7er, &#8220;101. kurulu\u015f y\u0131l d\u00f6n\u00fcm\u00fcne ithafen 101 metrelik T\u00fcrk bayra\u011f\u0131 e\u015fli\u011finde y\u00fcr\u00fcd\u00fck. Bayra\u011f\u0131, gen\u00e7lerimiz ta\u015f\u0131d\u0131. Cumhuriyetimiz de gen\u00e7lerimize emanet. Cumhuriyet bir medeniyet, k\u00fclt\u00fcr, e\u011fitim ve ayd\u0131nlanma projesidir. Cumhuriyetimizle gurur duyuyoruz. Kurucumuz, \u00f6nderimiz Mustafa Kemal Atat\u00fcrk ile gurur duyuyoruz. Cumhuriyet Bayram\u0131m\u0131z\u0131 kutluyorum&#8221; diye konu\u015ftu.\u00a0 \u00a0 \u00a0 \u00a0 \u00a0 \u00a0 \u00a0 \u00a0 \u00a0 \u00a0 \u00a0 \u00a0 \u00a0 \u00a0 \u00a0 \u00a0 \u00a0 \u00a0\u00a0 \u00a0 \u200bMersin\u2019de 29 Ekim Cumhuriyet Bayram\u0131 i\u00e7in &#8216;Bayrak Y\u00fcr\u00fcy\u00fc\u015f\u00fc&#8217; d\u00fczenlendi. D\u00fczenlenen y\u00fcr\u00fcy\u00fc\u015fte gen\u00e7ler, Cumhuriyet&#8217;in 101&#8217;inci y\u0131l\u0131n\u0131 simgeleyen 101 metrelik T\u00fcrk bayra\u011f\u0131n\u0131 &hellip;","og_url":"http:\/\/denizcankizil.tr\/uk\/haberler\/gundem\/mersinde-gencler-cumhuriyetin-101inci-yilina-ozel-101-metrelik-turk-bayragini-tasidi\/","og_site_name":"Av. Deniz Can K\u0131z\u0131l","article_published_time":"2024-10-29T08:43:07+00:00","twitter_card":"summary_large_image","twitter_misc":{"\u041f\u0440\u0438\u0431\u043b. \u0447\u0430\u0441 \u0447\u0438\u0442\u0430\u043d\u043d\u044f":"1 \u0445\u0432\u0438\u043b\u0438\u043d\u0430"},"schema":{"@context":"https:\/\/schema.org","@graph":[{"@type":"Article","@id":"http:\/\/denizcankizil.tr\/uk\/haberler\/gundem\/mersinde-gencler-cumhuriyetin-101inci-yilina-ozel-101-metrelik-turk-bayragini-tasidi\/#article","isPartOf":{"@id":"http:\/\/denizcankizil.tr\/uk\/haberler\/gundem\/mersinde-gencler-cumhuriyetin-101inci-yilina-ozel-101-metrelik-turk-bayragini-tasidi\/"},"author":{"name":"","@id":""},"headline":"Mersin\u2019de gen\u00e7ler Cumhuriyet&#8217;in 101\u2019inci y\u0131l\u0131na \u00f6zel 101 metrelik T\u00fcrk bayra\u011f\u0131n\u0131 ta\u015f\u0131d\u0131","datePublished":"2024-10-29T08:43:07+00:00","mainEntityOfPage":{"@id":"http:\/\/denizcankizil.tr\/uk\/haberler\/gundem\/mersinde-gencler-cumhuriyetin-101inci-yilina-ozel-101-metrelik-turk-bayragini-tasidi\/"},"wordCount":309,"commentCount":0,"publisher":{"@id":"https:\/\/denizcankizil.tr\/#organization"},"articleSection":["G\u00fcndem","Uncategorized"],"inLanguage":"uk","potentialAction":[{"@type":"CommentAction","name":"Comment","target":["http:\/\/denizcankizil.tr\/uk\/haberler\/gundem\/mersinde-gencler-cumhuriyetin-101inci-yilina-ozel-101-metrelik-turk-bayragini-tasidi\/#respond"]}]},{"@type":"WebPage","@id":"http:\/\/denizcankizil.tr\/uk\/haberler\/gundem\/mersinde-gencler-cumhuriyetin-101inci-yilina-ozel-101-metrelik-turk-bayragini-tasidi\/","url":"http:\/\/denizcankizil.tr\/uk\/haberler\/gundem\/mersinde-gencler-cumhuriyetin-101inci-yilina-ozel-101-metrelik-turk-bayragini-tasidi\/","name":"Mersin\u2019de gen\u00e7ler Cumhuriyet'in 101\u2019inci y\u0131l\u0131na \u00f6zel 101 metrelik T\u00fcrk bayra\u011f\u0131n\u0131 ta\u015f\u0131d\u0131 - Av. Deniz Can K\u0131z\u0131l","isPartOf":{"@id":"https:\/\/denizcankizil.tr\/#website"},"datePublished":"2024-10-29T08:43:07+00:00","breadcrumb":{"@id":"http:\/\/denizcankizil.tr\/uk\/haberler\/gundem\/mersinde-gencler-cumhuriyetin-101inci-yilina-ozel-101-metrelik-turk-bayragini-tasidi\/#breadcrumb"},"inLanguage":"uk","potentialAction":[{"@type":"ReadAction","target":["http:\/\/denizcankizil.tr\/uk\/haberler\/gundem\/mersinde-gencler-cumhuriyetin-101inci-yilina-ozel-101-metrelik-turk-bayragini-tasidi\/"]}]},{"@type":"BreadcrumbList","@id":"http:\/\/denizcankizil.tr\/uk\/haberler\/gundem\/mersinde-gencler-cumhuriyetin-101inci-yilina-ozel-101-metrelik-turk-bayragini-tasidi\/#breadcrumb","itemListElement":[{"@type":"ListItem","position":1,"name":"Home","item":"https:\/\/denizcankizil.tr\/uk\/"},{"@type":"ListItem","position":2,"name":"Mersin\u2019de gen\u00e7ler Cumhuriyet&#8217;in 101\u2019inci y\u0131l\u0131na \u00f6zel 101 metrelik T\u00fcrk bayra\u011f\u0131n\u0131 ta\u015f\u0131d\u0131"}]},{"@type":"WebSite","@id":"https:\/\/denizcankizil.tr\/#website","url":"https:\/\/denizcankizil.tr\/","name":"Av. Deniz Can K\u0131z\u0131l","description":"Avukat Deniz Can K\u0131z\u0131l Antalya Barosu","publisher":{"@id":"https:\/\/denizcankizil.tr\/#organization"},"potentialAction":[{"@type":"SearchAction","target":{"@type":"EntryPoint","urlTemplate":"https:\/\/denizcankizil.tr\/?s={search_term_string}"},"query-input":{"@type":"PropertyValueSpecification","valueRequired":true,"valueName":"search_term_string"}}],"inLanguage":"uk"},{"@type":"Organization","@id":"https:\/\/denizcankizil.tr\/#organization","name":"Av. Deniz Can K\u0131z\u0131l","url":"https:\/\/denizcankizil.tr\/","logo":{"@type":"ImageObject","inLanguage":"uk","@id":"https:\/\/denizcankizil.tr\/#\/schema\/logo\/image\/","url":"http:\/\/denizcankizil.tr\/wp-content\/uploads\/2024\/10\/siyah-logo-svg.svg","contentUrl":"http:\/\/denizcankizil.tr\/wp-content\/uploads\/2024\/10\/siyah-logo-svg.svg","width":1080,"height":1080,"caption":"Av. Deniz Can K\u0131z\u0131l"},"image":{"@id":"https:\/\/denizcankizil.tr\/#\/schema\/logo\/image\/"}}]}},"_links":{"self":[{"href":"http:\/\/denizcankizil.tr\/uk\/wp-json\/wp\/v2\/posts\/9822","targetHints":{"allow":["GET"]}}],"collection":[{"href":"http:\/\/denizcankizil.tr\/uk\/wp-json\/wp\/v2\/posts"}],"about":[{"href":"http:\/\/denizcankizil.tr\/uk\/wp-json\/wp\/v2\/types\/post"}],"replies":[{"embeddable":true,"href":"http:\/\/denizcankizil.tr\/uk\/wp-json\/wp\/v2\/comments?post=9822"}],"version-history":[{"count":0,"href":"http:\/\/denizcankizil.tr\/uk\/wp-json\/wp\/v2\/posts\/9822\/revisions"}],"wp:attachment":[{"href":"http:\/\/denizcankizil.tr\/uk\/wp-json\/wp\/v2\/media?parent=9822"}],"wp:term":[{"taxonomy":"category","embeddable":true,"href":"http:\/\/denizcankizil.tr\/uk\/wp-json\/wp\/v2\/categories?post=9822"},{"taxonomy":"post_tag","embeddable":true,"href":"http:\/\/denizcankizil.tr\/uk\/wp-json\/wp\/v2\/tags?post=9822"}],"curies":[{"name":"wp","href":"https:\/\/api.w.org\/{rel}","templated":true}]}}