{"id":97097,"date":"2025-05-26T10:41:15","date_gmt":"2025-05-26T07:41:15","guid":{"rendered":"https:\/\/denizcankizil.tr\/uncategorized-tr\/aydinlatma-diregine-carpan-minibus-devrildi\/"},"modified":"2025-05-26T10:41:15","modified_gmt":"2025-05-26T07:41:15","slug":"aydinlatma-diregine-carpan-minibus-devrildi","status":"publish","type":"post","link":"http:\/\/denizcankizil.tr\/uk\/haberler\/antalya\/aydinlatma-diregine-carpan-minibus-devrildi\/","title":{"rendered":"Ayd\u0131nlatma dire\u011fine \u00e7arpan minib\u00fcs devrildi"},"content":{"rendered":"<p>Kazada yaralanan olmazken, ara\u00e7ta maddi hasar meydana geldi. Kazaya kar\u0131\u015fan minib\u00fcsteki yolcular\u0131n, d\u00fcn ak\u015fam oynanan Konyaspor deplasman\u0131ndan d\u00f6nen Alanyaspor taraftar\u0131 oldu\u011fu \u00f6\u011frenildi.<br \/>\nKaza, gece saatlerinde Alanya&#8217;n\u0131n T\u00fcrkler Mahallesi D-400 Karayolu \u00fczerinde meydana geldi. Edinilen bilgilere g\u00f6re, Manavgat&#8217;tan Alanya y\u00f6n\u00fcne seyreden 31 AYH 447 plakal\u0131 minib\u00fcs, Adin kav\u015fa\u011f\u0131 mevkisinde kontrolden \u00e7\u0131karak yol kenar\u0131ndaki ayd\u0131nlatma dire\u011fine \u00e7arpt\u0131. \u00c7arpman\u0131n etkisiyle devrilen minib\u00fcsteki 11 ki\u015fi kazay\u0131 yara almadan atlatt\u0131. Olay yerine polis ekipleri sevk edilirken, minib\u00fcsteki yolcular\u0131n, d\u00fcn ak\u015fam oynanan Konyaspor deplasman\u0131ndan d\u00f6nen Alanyaspor taraftar\u0131 oldu\u011fu \u00f6\u011frenildi. Olayla ilgili inceleme ba\u015flat\u0131ld\u0131.<\/p>\n<p>Kaynak: www.kanalv.com.tr Haber Sitesinden Al\u0131nm\u0131\u015ft\u0131r.<\/p>","protected":false},"excerpt":{"rendered":"<p>Kazada yaralanan olmazken, ara\u00e7ta maddi hasar meydana geldi. Kazaya kar\u0131\u015fan minib\u00fcsteki yolcular\u0131n, d\u00fcn ak\u015fam oynanan Konyaspor deplasman\u0131ndan d\u00f6nen Alanyaspor taraftar\u0131 oldu\u011fu \u00f6\u011frenildi. Kaza, gece saatlerinde Alanya&#8217;n\u0131n T\u00fcrkler Mahallesi D-400 Karayolu \u00fczerinde meydana geldi. Edinilen bilgilere g\u00f6re, Manavgat&#8217;tan Alanya y\u00f6n\u00fcne seyreden 31 AYH 447 plakal\u0131 minib\u00fcs, Adin kav\u015fa\u011f\u0131 mevkisinde kontrolden \u00e7\u0131karak yol kenar\u0131ndaki ayd\u0131nlatma dire\u011fine \u00e7arpt\u0131. \u00c7arpman\u0131n etkisiyle devrilen minib\u00fcsteki 11 ki\u015fi kazay\u0131 yara almadan atlatt\u0131. Olay yerine polis ekipleri sevk edilirken, minib\u00fcsteki yolcular\u0131n, d\u00fcn ak\u015fam oynanan Konyaspor deplasman\u0131ndan d\u00f6nen Alanyaspor taraftar\u0131 oldu\u011fu \u00f6\u011frenildi. Olayla ilgili inceleme ba\u015flat\u0131ld\u0131. Kaynak: www.kanalv.com.tr Haber Sitesinden Al\u0131nm\u0131\u015ft\u0131r.<\/p>","protected":false},"author":4,"featured_media":0,"comment_status":"","ping_status":"open","sticky":false,"template":"","format":"standard","meta":{"_acf_changed":false,"footnotes":""},"categories":[26],"tags":[],"class_list":["post-97097","post","type-post","status-publish","format-standard","hentry","category-antalya"],"acf":[],"yoast_head":"<!-- This site is optimized with the Yoast SEO Premium plugin v26.6 (Yoast SEO v27.1.1) - https:\/\/yoast.com\/product\/yoast-seo-premium-wordpress\/ -->\n<title>Ayd\u0131nlatma dire\u011fine \u00e7arpan minib\u00fcs devrildi - Av. Deniz Can K\u0131z\u0131l<\/title>\n<meta name=\"robots\" content=\"index, follow, max-snippet:-1, max-image-preview:large, max-video-preview:-1\" \/>\n<link rel=\"canonical\" href=\"http:\/\/denizcankizil.tr\/uk\/haberler\/antalya\/aydinlatma-diregine-carpan-minibus-devrildi\/\" \/>\n<meta property=\"og:locale\" content=\"uk_UA\" \/>\n<meta property=\"og:type\" content=\"article\" \/>\n<meta property=\"og:title\" content=\"Ayd\u0131nlatma dire\u011fine \u00e7arpan minib\u00fcs devrildi\" \/>\n<meta property=\"og:description\" content=\"Kazada yaralanan olmazken, ara\u00e7ta maddi hasar meydana geldi. Kazaya kar\u0131\u015fan minib\u00fcsteki yolcular\u0131n, d\u00fcn ak\u015fam oynanan Konyaspor deplasman\u0131ndan d\u00f6nen Alanyaspor taraftar\u0131 oldu\u011fu \u00f6\u011frenildi. Kaza, gece saatlerinde Alanya&#8217;n\u0131n T\u00fcrkler Mahallesi D-400 Karayolu \u00fczerinde meydana geldi. Edinilen bilgilere g\u00f6re, Manavgat&#8217;tan Alanya y\u00f6n\u00fcne seyreden 31 AYH 447 plakal\u0131 minib\u00fcs, Adin kav\u015fa\u011f\u0131 mevkisinde kontrolden \u00e7\u0131karak yol kenar\u0131ndaki ayd\u0131nlatma dire\u011fine \u00e7arpt\u0131. \u00c7arpman\u0131n etkisiyle devrilen minib\u00fcsteki 11 ki\u015fi kazay\u0131 yara almadan atlatt\u0131. Olay yerine polis ekipleri sevk edilirken, minib\u00fcsteki yolcular\u0131n, d\u00fcn ak\u015fam oynanan Konyaspor deplasman\u0131ndan d\u00f6nen Alanyaspor taraftar\u0131 oldu\u011fu \u00f6\u011frenildi. Olayla ilgili inceleme ba\u015flat\u0131ld\u0131. Kaynak: www.kanalv.com.tr Haber Sitesinden Al\u0131nm\u0131\u015ft\u0131r.\" \/>\n<meta property=\"og:url\" content=\"http:\/\/denizcankizil.tr\/uk\/haberler\/antalya\/aydinlatma-diregine-carpan-minibus-devrildi\/\" \/>\n<meta property=\"og:site_name\" content=\"Av. Deniz Can K\u0131z\u0131l\" \/>\n<meta property=\"article:published_time\" content=\"2025-05-26T07:41:15+00:00\" \/>\n<meta name=\"author\" content=\"Av. Deniz Can K\u0131z\u0131l\" \/>\n<meta name=\"twitter:card\" content=\"summary_large_image\" \/>\n<meta name=\"twitter:label1\" content=\"\u041d\u0430\u043f\u0438\u0441\u0430\u043d\u043e\" \/>\n\t<meta name=\"twitter:data1\" content=\"Av. Deniz Can K\u0131z\u0131l\" \/>\n\t<meta name=\"twitter:label2\" content=\"\u041f\u0440\u0438\u0431\u043b. \u0447\u0430\u0441 \u0447\u0438\u0442\u0430\u043d\u043d\u044f\" \/>\n\t<meta name=\"twitter:data2\" content=\"1 \u0445\u0432\u0438\u043b\u0438\u043d\u0430\" \/>\n<script type=\"application\/ld+json\" class=\"yoast-schema-graph\">{\"@context\":\"https:\/\/schema.org\",\"@graph\":[{\"@type\":\"Article\",\"@id\":\"http:\/\/denizcankizil.tr\/uk\/haberler\/antalya\/aydinlatma-diregine-carpan-minibus-devrildi\/#article\",\"isPartOf\":{\"@id\":\"http:\/\/denizcankizil.tr\/uk\/haberler\/antalya\/aydinlatma-diregine-carpan-minibus-devrildi\/\"},\"author\":{\"name\":\"Av. Deniz Can K\u0131z\u0131l\",\"@id\":\"https:\/\/denizcankizil.tr\/de\/#\/schema\/person\/5dc1b22991bd7ac833867c10afc9b0ff\"},\"headline\":\"Ayd\u0131nlatma dire\u011fine \u00e7arpan minib\u00fcs devrildi\",\"datePublished\":\"2025-05-26T07:41:15+00:00\",\"mainEntityOfPage\":{\"@id\":\"http:\/\/denizcankizil.tr\/uk\/haberler\/antalya\/aydinlatma-diregine-carpan-minibus-devrildi\/\"},\"wordCount\":136,\"publisher\":{\"@id\":\"https:\/\/denizcankizil.tr\/de\/#organization\"},\"articleSection\":[\"Antalya\"],\"inLanguage\":\"uk\"},{\"@type\":\"WebPage\",\"@id\":\"http:\/\/denizcankizil.tr\/uk\/haberler\/antalya\/aydinlatma-diregine-carpan-minibus-devrildi\/\",\"url\":\"http:\/\/denizcankizil.tr\/uk\/haberler\/antalya\/aydinlatma-diregine-carpan-minibus-devrildi\/\",\"name\":\"Ayd\u0131nlatma dire\u011fine \u00e7arpan minib\u00fcs devrildi - Av. Deniz Can K\u0131z\u0131l\",\"isPartOf\":{\"@id\":\"https:\/\/denizcankizil.tr\/de\/#website\"},\"datePublished\":\"2025-05-26T07:41:15+00:00\",\"breadcrumb\":{\"@id\":\"http:\/\/denizcankizil.tr\/uk\/haberler\/antalya\/aydinlatma-diregine-carpan-minibus-devrildi\/#breadcrumb\"},\"inLanguage\":\"uk\",\"potentialAction\":[{\"@type\":\"ReadAction\",\"target\":[\"http:\/\/denizcankizil.tr\/uk\/haberler\/antalya\/aydinlatma-diregine-carpan-minibus-devrildi\/\"]}]},{\"@type\":\"BreadcrumbList\",\"@id\":\"http:\/\/denizcankizil.tr\/uk\/haberler\/antalya\/aydinlatma-diregine-carpan-minibus-devrildi\/#breadcrumb\",\"itemListElement\":[{\"@type\":\"ListItem\",\"position\":1,\"name\":\"Home\",\"item\":\"https:\/\/denizcankizil.tr\/de\/\"},{\"@type\":\"ListItem\",\"position\":2,\"name\":\"Ayd\u0131nlatma dire\u011fine \u00e7arpan minib\u00fcs devrildi\"}]},{\"@type\":\"WebSite\",\"@id\":\"https:\/\/denizcankizil.tr\/de\/#website\",\"url\":\"https:\/\/denizcankizil.tr\/de\/\",\"name\":\"Av. Deniz Can K\u0131z\u0131l\",\"description\":\"Avukat Deniz Can K\u0131z\u0131l Antalya Barosu\",\"publisher\":{\"@id\":\"https:\/\/denizcankizil.tr\/de\/#organization\"},\"potentialAction\":[{\"@type\":\"SearchAction\",\"target\":{\"@type\":\"EntryPoint\",\"urlTemplate\":\"https:\/\/denizcankizil.tr\/de\/?s={search_term_string}\"},\"query-input\":{\"@type\":\"PropertyValueSpecification\",\"valueRequired\":true,\"valueName\":\"search_term_string\"}}],\"inLanguage\":\"uk\"},{\"@type\":\"Organization\",\"@id\":\"https:\/\/denizcankizil.tr\/de\/#organization\",\"name\":\"Av. Deniz Can K\u0131z\u0131l\",\"url\":\"https:\/\/denizcankizil.tr\/de\/\",\"logo\":{\"@type\":\"ImageObject\",\"inLanguage\":\"uk\",\"@id\":\"https:\/\/denizcankizil.tr\/de\/#\/schema\/logo\/image\/\",\"url\":\"http:\/\/denizcankizil.tr\/wp-content\/uploads\/2024\/10\/siyah-logo-svg.svg\",\"contentUrl\":\"http:\/\/denizcankizil.tr\/wp-content\/uploads\/2024\/10\/siyah-logo-svg.svg\",\"width\":1080,\"height\":1080,\"caption\":\"Av. Deniz Can K\u0131z\u0131l\"},\"image\":{\"@id\":\"https:\/\/denizcankizil.tr\/de\/#\/schema\/logo\/image\/\"}},{\"@type\":\"Person\",\"@id\":\"https:\/\/denizcankizil.tr\/de\/#\/schema\/person\/5dc1b22991bd7ac833867c10afc9b0ff\",\"name\":\"Av. Deniz Can K\u0131z\u0131l\",\"image\":{\"@type\":\"ImageObject\",\"inLanguage\":\"uk\",\"@id\":\"https:\/\/denizcankizil.tr\/de\/#\/schema\/person\/image\/\",\"url\":\"https:\/\/secure.gravatar.com\/avatar\/a0b128fb9855c79efc976d5640eedb31dc35ec297594d6016d2cf7c60e975bb6?s=96&d=mm&r=g\",\"contentUrl\":\"https:\/\/secure.gravatar.com\/avatar\/a0b128fb9855c79efc976d5640eedb31dc35ec297594d6016d2cf7c60e975bb6?s=96&d=mm&r=g\",\"caption\":\"Av. Deniz Can K\u0131z\u0131l\"},\"sameAs\":[\"http:\/\/www.denizcankizil.tr\"],\"url\":\"http:\/\/denizcankizil.tr\/uk\/author\/denizcankizil\/\"}]}<\/script>\n<!-- \/ Yoast SEO Premium plugin. -->","yoast_head_json":{"title":"Ayd\u0131nlatma dire\u011fine \u00e7arpan minib\u00fcs devrildi - Av. Deniz Can K\u0131z\u0131l","robots":{"index":"index","follow":"follow","max-snippet":"max-snippet:-1","max-image-preview":"max-image-preview:large","max-video-preview":"max-video-preview:-1"},"canonical":"http:\/\/denizcankizil.tr\/uk\/haberler\/antalya\/aydinlatma-diregine-carpan-minibus-devrildi\/","og_locale":"uk_UA","og_type":"article","og_title":"Ayd\u0131nlatma dire\u011fine \u00e7arpan minib\u00fcs devrildi","og_description":"Kazada yaralanan olmazken, ara\u00e7ta maddi hasar meydana geldi. Kazaya kar\u0131\u015fan minib\u00fcsteki yolcular\u0131n, d\u00fcn ak\u015fam oynanan Konyaspor deplasman\u0131ndan d\u00f6nen Alanyaspor taraftar\u0131 oldu\u011fu \u00f6\u011frenildi. Kaza, gece saatlerinde Alanya&#8217;n\u0131n T\u00fcrkler Mahallesi D-400 Karayolu \u00fczerinde meydana geldi. Edinilen bilgilere g\u00f6re, Manavgat&#8217;tan Alanya y\u00f6n\u00fcne seyreden 31 AYH 447 plakal\u0131 minib\u00fcs, Adin kav\u015fa\u011f\u0131 mevkisinde kontrolden \u00e7\u0131karak yol kenar\u0131ndaki ayd\u0131nlatma dire\u011fine \u00e7arpt\u0131. \u00c7arpman\u0131n etkisiyle devrilen minib\u00fcsteki 11 ki\u015fi kazay\u0131 yara almadan atlatt\u0131. Olay yerine polis ekipleri sevk edilirken, minib\u00fcsteki yolcular\u0131n, d\u00fcn ak\u015fam oynanan Konyaspor deplasman\u0131ndan d\u00f6nen Alanyaspor taraftar\u0131 oldu\u011fu \u00f6\u011frenildi. Olayla ilgili inceleme ba\u015flat\u0131ld\u0131. Kaynak: www.kanalv.com.tr Haber Sitesinden Al\u0131nm\u0131\u015ft\u0131r.","og_url":"http:\/\/denizcankizil.tr\/uk\/haberler\/antalya\/aydinlatma-diregine-carpan-minibus-devrildi\/","og_site_name":"Av. Deniz Can K\u0131z\u0131l","article_published_time":"2025-05-26T07:41:15+00:00","author":"Av. Deniz Can K\u0131z\u0131l","twitter_card":"summary_large_image","twitter_misc":{"\u041d\u0430\u043f\u0438\u0441\u0430\u043d\u043e":"Av. Deniz Can K\u0131z\u0131l","\u041f\u0440\u0438\u0431\u043b. \u0447\u0430\u0441 \u0447\u0438\u0442\u0430\u043d\u043d\u044f":"1 \u0445\u0432\u0438\u043b\u0438\u043d\u0430"},"schema":{"@context":"https:\/\/schema.org","@graph":[{"@type":"Article","@id":"http:\/\/denizcankizil.tr\/uk\/haberler\/antalya\/aydinlatma-diregine-carpan-minibus-devrildi\/#article","isPartOf":{"@id":"http:\/\/denizcankizil.tr\/uk\/haberler\/antalya\/aydinlatma-diregine-carpan-minibus-devrildi\/"},"author":{"name":"Av. Deniz Can K\u0131z\u0131l","@id":"https:\/\/denizcankizil.tr\/de\/#\/schema\/person\/5dc1b22991bd7ac833867c10afc9b0ff"},"headline":"Ayd\u0131nlatma dire\u011fine \u00e7arpan minib\u00fcs devrildi","datePublished":"2025-05-26T07:41:15+00:00","mainEntityOfPage":{"@id":"http:\/\/denizcankizil.tr\/uk\/haberler\/antalya\/aydinlatma-diregine-carpan-minibus-devrildi\/"},"wordCount":136,"publisher":{"@id":"https:\/\/denizcankizil.tr\/de\/#organization"},"articleSection":["Antalya"],"inLanguage":"uk"},{"@type":"WebPage","@id":"http:\/\/denizcankizil.tr\/uk\/haberler\/antalya\/aydinlatma-diregine-carpan-minibus-devrildi\/","url":"http:\/\/denizcankizil.tr\/uk\/haberler\/antalya\/aydinlatma-diregine-carpan-minibus-devrildi\/","name":"Ayd\u0131nlatma dire\u011fine \u00e7arpan minib\u00fcs devrildi - Av. Deniz Can K\u0131z\u0131l","isPartOf":{"@id":"https:\/\/denizcankizil.tr\/de\/#website"},"datePublished":"2025-05-26T07:41:15+00:00","breadcrumb":{"@id":"http:\/\/denizcankizil.tr\/uk\/haberler\/antalya\/aydinlatma-diregine-carpan-minibus-devrildi\/#breadcrumb"},"inLanguage":"uk","potentialAction":[{"@type":"ReadAction","target":["http:\/\/denizcankizil.tr\/uk\/haberler\/antalya\/aydinlatma-diregine-carpan-minibus-devrildi\/"]}]},{"@type":"BreadcrumbList","@id":"http:\/\/denizcankizil.tr\/uk\/haberler\/antalya\/aydinlatma-diregine-carpan-minibus-devrildi\/#breadcrumb","itemListElement":[{"@type":"ListItem","position":1,"name":"Home","item":"https:\/\/denizcankizil.tr\/de\/"},{"@type":"ListItem","position":2,"name":"Ayd\u0131nlatma dire\u011fine \u00e7arpan minib\u00fcs devrildi"}]},{"@type":"WebSite","@id":"https:\/\/denizcankizil.tr\/de\/#website","url":"https:\/\/denizcankizil.tr\/de\/","name":"Av. Deniz Can K\u0131z\u0131l","description":"Avukat Deniz Can K\u0131z\u0131l Antalya Barosu","publisher":{"@id":"https:\/\/denizcankizil.tr\/de\/#organization"},"potentialAction":[{"@type":"SearchAction","target":{"@type":"EntryPoint","urlTemplate":"https:\/\/denizcankizil.tr\/de\/?s={search_term_string}"},"query-input":{"@type":"PropertyValueSpecification","valueRequired":true,"valueName":"search_term_string"}}],"inLanguage":"uk"},{"@type":"Organization","@id":"https:\/\/denizcankizil.tr\/de\/#organization","name":"Av. Deniz Can K\u0131z\u0131l","url":"https:\/\/denizcankizil.tr\/de\/","logo":{"@type":"ImageObject","inLanguage":"uk","@id":"https:\/\/denizcankizil.tr\/de\/#\/schema\/logo\/image\/","url":"http:\/\/denizcankizil.tr\/wp-content\/uploads\/2024\/10\/siyah-logo-svg.svg","contentUrl":"http:\/\/denizcankizil.tr\/wp-content\/uploads\/2024\/10\/siyah-logo-svg.svg","width":1080,"height":1080,"caption":"Av. Deniz Can K\u0131z\u0131l"},"image":{"@id":"https:\/\/denizcankizil.tr\/de\/#\/schema\/logo\/image\/"}},{"@type":"Person","@id":"https:\/\/denizcankizil.tr\/de\/#\/schema\/person\/5dc1b22991bd7ac833867c10afc9b0ff","name":"Av. Deniz Can K\u0131z\u0131l","image":{"@type":"ImageObject","inLanguage":"uk","@id":"https:\/\/denizcankizil.tr\/de\/#\/schema\/person\/image\/","url":"https:\/\/secure.gravatar.com\/avatar\/a0b128fb9855c79efc976d5640eedb31dc35ec297594d6016d2cf7c60e975bb6?s=96&d=mm&r=g","contentUrl":"https:\/\/secure.gravatar.com\/avatar\/a0b128fb9855c79efc976d5640eedb31dc35ec297594d6016d2cf7c60e975bb6?s=96&d=mm&r=g","caption":"Av. Deniz Can K\u0131z\u0131l"},"sameAs":["http:\/\/www.denizcankizil.tr"],"url":"http:\/\/denizcankizil.tr\/uk\/author\/denizcankizil\/"}]}},"_links":{"self":[{"href":"http:\/\/denizcankizil.tr\/uk\/wp-json\/wp\/v2\/posts\/97097","targetHints":{"allow":["GET"]}}],"collection":[{"href":"http:\/\/denizcankizil.tr\/uk\/wp-json\/wp\/v2\/posts"}],"about":[{"href":"http:\/\/denizcankizil.tr\/uk\/wp-json\/wp\/v2\/types\/post"}],"author":[{"embeddable":true,"href":"http:\/\/denizcankizil.tr\/uk\/wp-json\/wp\/v2\/users\/4"}],"replies":[{"embeddable":true,"href":"http:\/\/denizcankizil.tr\/uk\/wp-json\/wp\/v2\/comments?post=97097"}],"version-history":[{"count":0,"href":"http:\/\/denizcankizil.tr\/uk\/wp-json\/wp\/v2\/posts\/97097\/revisions"}],"wp:attachment":[{"href":"http:\/\/denizcankizil.tr\/uk\/wp-json\/wp\/v2\/media?parent=97097"}],"wp:term":[{"taxonomy":"category","embeddable":true,"href":"http:\/\/denizcankizil.tr\/uk\/wp-json\/wp\/v2\/categories?post=97097"},{"taxonomy":"post_tag","embeddable":true,"href":"http:\/\/denizcankizil.tr\/uk\/wp-json\/wp\/v2\/tags?post=97097"}],"curies":[{"name":"wp","href":"https:\/\/api.w.org\/{rel}","templated":true}]}}