{"id":95757,"date":"2025-05-24T21:42:01","date_gmt":"2025-05-24T18:42:01","guid":{"rendered":"https:\/\/denizcankizil.tr\/uncategorized-tr\/askiden-yeni-yagmur-hatti-insaati\/"},"modified":"2025-05-24T21:42:01","modified_gmt":"2025-05-24T18:42:01","slug":"askiden-yeni-yagmur-hatti-insaati","status":"publish","type":"post","link":"http:\/\/denizcankizil.tr\/uk\/haberler\/gundem\/askiden-yeni-yagmur-hatti-insaati\/","title":{"rendered":"ASK\u0130&#8217;den yeni ya\u011fmur hatt\u0131 in\u015faat\u0131"},"content":{"rendered":"<p>Adana Su ve Kanalizasyon \u0130daresi\u2019nin (ASK\u0130), Adana B\u00fcy\u00fck\u015fehir Belediye Ba\u015fkan\u0131 Zeydan Karalar\u2019\u0131n talimatlar\u0131 do\u011frultusunda kent genelinde ya\u011fmur suyu altyap\u0131s\u0131n\u0131 g\u00fc\u00e7lendirmeye y\u00f6nelik \u00e7al\u0131\u015fmalar\u0131 aral\u0131ks\u0131z s\u00fcr\u00fcyor. Bug\u00fcne kadar 68 kilometre uzunlu\u011funda yeni hat in\u015fa edilerek, yo\u011fun ya\u011f\u0131\u015flar\u0131n yaratabilece\u011fi su bask\u0131nlar\u0131, ge\u00e7mi\u015fe oranla bir hayli azalt\u0131ld\u0131.ADANA (\u0130GFA) &#8211; 2019 y\u0131l\u0131ndan bu yana Adana\u2019da 93 farkl\u0131 noktada yeni ya\u011fmur suyu hatt\u0131 in\u015fa edilirken, uzun y\u0131llard\u0131r su ta\u015fk\u0131nlar\u0131yla g\u00fcndeme gelen 35 ayr\u0131 b\u00f6lgedeki sorun kal\u0131c\u0131 olarak \u00e7\u00f6z\u00fcme kavu\u015fturuldu. Ya\u011fmur suyu altyap\u0131s\u0131 bulunmayan mahallelerde yeni hatlar olu\u015fturulurken, birle\u015fik sistemle \u00e7al\u0131\u015fan kanalizasyon ve ya\u011fmur suyu hatlar\u0131 birbirinden ayr\u0131ld\u0131. B\u00f6ylece hem altyap\u0131n\u0131n ta\u015f\u0131ma kapasitesi art\u0131r\u0131ld\u0131 hem de yo\u011fun ya\u011f\u0131\u015f d\u00f6nemlerinde ya\u015fanan kanalizasyon kaynakl\u0131 su bask\u0131nlar\u0131n\u0131n \u00f6n\u00fcne ge\u00e7ildi.<br \/>\nBAH\u00c7E\u015eEH\u0130R MAHALLES\u0130 YA\u011eMUR SUYU ALTYAPISINA KAVU\u015eUYOR<br \/>\nYa\u011fmur suyu \u00e7al\u0131\u015fmalar\u0131n\u0131n s\u00fcrd\u00fc\u011f\u00fc 94. nokta Bah\u00e7e\u015fehir Mahallesi oldu. Adana B\u00fcy\u00fck\u015fehir Belediye Ba\u015fkan\u0131 Zeydan Karalar, mahalledeki altyap\u0131 \u00e7al\u0131\u015fmalar\u0131n\u0131 yerinde inceledi. \u00d6nceden Bah\u00e7e\u015fehir Mahallesi\u2019nde ya\u011fmur suyu altyap\u0131s\u0131n\u0131n bulunmamas\u0131 nedeniyle, \u00f6zellikle otobandan gelen y\u00fczey sular\u0131 kontrols\u00fcz bi\u00e7imde yerle\u015fim alanlar\u0131na y\u00f6neliyordu. Bu durumun ge\u00e7mi\u015fte ciddi su bask\u0131nlar\u0131 ya\u015fanmas\u0131na neden oldu\u011funu hat\u0131rlatan Ba\u015fkan Karalar, in\u015fa edilen ya\u011fmur suyu hatt\u0131yla, su bask\u0131n\u0131 sorununun olabildi\u011fince azalaca\u011f\u0131n\u0131 a\u00e7\u0131klad\u0131.<br \/>\nBah\u00e7e\u015fehir Mahallesi\u2019nde in\u015fa edilen yeni ya\u011fmur suyu hatt\u0131nda 1600 mm \u00e7ap\u0131nda borular kullan\u0131l\u0131yor. Hatt\u0131n tamamlanmas\u0131n\u0131n ard\u0131ndan ya\u011fmur sular\u0131n\u0131n h\u0131zl\u0131 ve etkili bi\u00e7imde toplanmas\u0131 i\u00e7in mahallede uygun noktalara ya\u011fmur suyu \u0131zgaralar\u0131 yerle\u015ftirilecek.<br \/>\nBah\u00e7e\u015fehir Mahallesi\u2019ndeki \u00e7al\u0131\u015fmalar yaln\u0131zca yeni hatla s\u0131n\u0131rl\u0131 de\u011fil. Ayn\u0131 b\u00f6lgede bulunan Berberin Deresi\u2019nde kapsaml\u0131 temizlik ve \u0131slah \u00e7al\u0131\u015fmas\u0131 ger\u00e7ekle\u015ftirildi. Daha \u00f6nceki uygulamalar\u0131n aksine derenin \u00fczeri kapat\u0131lmad\u0131; do\u011fal ak\u0131\u015f\u0131 s\u00fcrd\u00fcrecek \u015fekilde a\u00e7\u0131k dere formu korundu. Bu yakla\u015f\u0131m sayesinde hem dere yata\u011f\u0131n\u0131n ekolojik dengesi g\u00f6zetildi hem de \u00e7evresel s\u00fcrd\u00fcr\u00fclebilirlik a\u00e7\u0131s\u0131ndan \u00f6nemli bir ad\u0131m at\u0131ld\u0131. Beton kullan\u0131m\u0131n\u0131n minimumda tutuldu\u011fu \u00e7al\u0131\u015fmalarda, ta\u015f duvar uygulamas\u0131 tercih edildi. Dere yata\u011f\u0131nda biriken kat\u0131 at\u0131klar temizlenerek su ak\u0131\u015f\u0131 d\u00fczenlendi, b\u00f6ylece k\u00f6t\u00fc koku ve sinek gibi \u015fikayetlere neden olan unsurlar da ortadan kald\u0131r\u0131ld\u0131.<br \/>\nADANA, S\u00dcRD\u00dcR\u00dcLEB\u0130L\u0130R ALT YAPIYLA G\u00dc\u00c7LEN\u0130YOR<br \/>\nAdana, ger\u00e7ekle\u015ftirilen ya\u011fmur suyu altyap\u0131 projeleriyle iklim ko\u015fullar\u0131na diren\u00e7li, \u00e7evreyle uyumlu ve s\u00fcrd\u00fcr\u00fclebilir altyap\u0131ya kavu\u015fuyor. Ani ya\u011f\u0131\u015flar\u0131n neden oldu\u011fu ta\u015fk\u0131nlar\u0131 \u00f6nlemeyi ve ya\u015fam alanlar\u0131n\u0131 g\u00fcvence alt\u0131na almay\u0131 ama\u00e7layan bu \u00e7al\u0131\u015fmalar\u0131n, \u00f6n\u00fcm\u00fczdeki d\u00f6nemde de artarak devam etmesi hedefleniyor.<\/p>\n<p>\u200bAdana Su ve Kanalizasyon \u0130daresi\u2019nin (ASK\u0130), Adana B\u00fcy\u00fck\u015fehir Belediye Ba\u015fkan\u0131 Zeydan Karalar\u2019\u0131n talimatlar\u0131 do\u011frultusunda kent genelinde ya\u011fmur suyu altyap\u0131s\u0131n\u0131 g\u00fc\u00e7lendirmeye y\u00f6nelik \u00e7al\u0131\u015fmalar\u0131 aral\u0131ks\u0131z s\u00fcr\u00fcyor. Bug\u00fcne kadar 68 kilometre uzunlu\u011funda yeni hat in\u015fa edilerek, yo\u011fun ya\u011f\u0131\u015flar\u0131n yaratabilece\u011fi su bask\u0131nlar\u0131, ge\u00e7mi\u015fe oranla bir hayli azalt\u0131ld\u0131.ADANA (\u0130GFA) &#8211; 2019 y\u0131l\u0131ndan bu yana Adana\u2019da 93 farkl\u0131 noktada yeni ya\u011fmur suyu hatt\u0131 in\u015fa edilirken, uzun y\u0131llard\u0131r su ta\u015fk\u0131nlar\u0131yla g\u00fcndeme gelen 35 ayr\u0131 b\u00f6lgedeki sorun kal\u0131c\u0131 olarak \u00e7\u00f6z\u00fcme kavu\u015fturuldu. Ya\u011fmur suyu altyap\u0131s\u0131 bulunmayan mahallelerde yeni hatlar olu\u015fturulurken, birle\u015fik sistemle \u00e7al\u0131\u015fan kanalizasyon ve ya\u011fmur suyu hatlar\u0131 birbirinden ayr\u0131ld\u0131. B\u00f6ylece hem altyap\u0131n\u0131n ta\u015f\u0131ma kapasitesi art\u0131r\u0131ld\u0131 hem de yo\u011fun ya\u011f\u0131\u015f d\u00f6nemlerinde ya\u015fanan kanalizasyon kaynakl\u0131 su bask\u0131nlar\u0131n\u0131n \u00f6n\u00fcne ge\u00e7ildi.<br \/>\nBAH\u00c7E\u015eEH\u0130R MAHALLES\u0130 YA\u011eMUR SUYU ALTYAPISINA KAVU\u015eUYOR<br \/>\nYa\u011fmur suyu \u00e7al\u0131\u015fmalar\u0131n\u0131n s\u00fcrd\u00fc\u011f\u00fc 94. nokta Bah\u00e7e\u015fehir Mahallesi oldu. Adana B\u00fcy\u00fck\u015fehir Belediye Ba\u015fkan\u0131 Zeydan Karalar, mahalledeki altyap\u0131 \u00e7al\u0131\u015fmalar\u0131n\u0131 yerinde inceledi. \u00d6nceden Bah\u00e7e\u015fehir Mahallesi\u2019nde ya\u011fmur suyu altyap\u0131s\u0131n\u0131n bulunmamas\u0131 nedeniyle, \u00f6zellikle otobandan gelen y\u00fczey sular\u0131 kontrols\u00fcz bi\u00e7imde yerle\u015fim alanlar\u0131na y\u00f6neliyordu. Bu durumun ge\u00e7mi\u015fte ciddi su bask\u0131nlar\u0131 ya\u015fanmas\u0131na neden oldu\u011funu hat\u0131rlatan Ba\u015fkan Karalar, in\u015fa edilen ya\u011fmur suyu hatt\u0131yla, su bask\u0131n\u0131 sorununun olabildi\u011fince azalaca\u011f\u0131n\u0131 a\u00e7\u0131klad\u0131.<br \/>\nBah\u00e7e\u015fehir Mahallesi\u2019nde in\u015fa edilen yeni ya\u011fmur suyu hatt\u0131nda 1600 mm \u00e7ap\u0131nda borular kullan\u0131l\u0131yor. Hatt\u0131n tamamlanmas\u0131n\u0131n ard\u0131ndan ya\u011fmur sular\u0131n\u0131n h\u0131zl\u0131 ve etkili bi\u00e7imde toplanmas\u0131 i\u00e7in mahallede uygun noktalara ya\u011fmur suyu \u0131zgaralar\u0131 yerle\u015ftirilecek.<br \/>\nBah\u00e7e\u015fehir Mahallesi\u2019ndeki \u00e7al\u0131\u015fmalar yaln\u0131zca yeni hatla s\u0131n\u0131rl\u0131 de\u011fil. Ayn\u0131 b\u00f6lgede bulunan Berberin Deresi\u2019nde kapsaml\u0131 temizlik ve \u0131slah \u00e7al\u0131\u015fmas\u0131 ger\u00e7ekle\u015ftirildi. Daha \u00f6nceki uygulamalar\u0131n aksine derenin \u00fczeri kapat\u0131lmad\u0131; do\u011fal ak\u0131\u015f\u0131 s\u00fcrd\u00fcrecek \u015fekilde a\u00e7\u0131k dere formu korundu. Bu yakla\u015f\u0131m sayesinde hem dere yata\u011f\u0131n\u0131n ekolojik dengesi g\u00f6zetildi hem de \u00e7evresel s\u00fcrd\u00fcr\u00fclebilirlik a\u00e7\u0131s\u0131ndan \u00f6nemli bir ad\u0131m at\u0131ld\u0131. Beton kullan\u0131m\u0131n\u0131n minimumda tutuldu\u011fu \u00e7al\u0131\u015fmalarda, ta\u015f duvar uygulamas\u0131 tercih edildi. Dere yata\u011f\u0131nda biriken kat\u0131 at\u0131klar temizlenerek su ak\u0131\u015f\u0131 d\u00fczenlendi, b\u00f6ylece k\u00f6t\u00fc koku ve sinek gibi \u015fikayetlere neden olan unsurlar da ortadan kald\u0131r\u0131ld\u0131.<br \/>\nADANA, S\u00dcRD\u00dcR\u00dcLEB\u0130L\u0130R ALT YAPIYLA G\u00dc\u00c7LEN\u0130YOR<br \/>\nAdana, ger\u00e7ekle\u015ftirilen ya\u011fmur suyu altyap\u0131 projeleriyle iklim ko\u015fullar\u0131na diren\u00e7li, \u00e7evreyle uyumlu ve s\u00fcrd\u00fcr\u00fclebilir altyap\u0131ya kavu\u015fuyor. Ani ya\u011f\u0131\u015flar\u0131n neden oldu\u011fu ta\u015fk\u0131nlar\u0131 \u00f6nlemeyi ve ya\u015fam alanlar\u0131n\u0131 g\u00fcvence alt\u0131na almay\u0131 ama\u00e7layan bu \u00e7al\u0131\u015fmalar\u0131n, \u00f6n\u00fcm\u00fczdeki d\u00f6nemde de artarak devam etmesi hedefleniyor.\u00a0<\/p>\n<p>\u200bHaberin Al\u0131nt\u0131land\u0131\u011f\u0131 Kaynak: www.iskenderun.org<\/p>","protected":false},"excerpt":{"rendered":"<p>Adana Su ve Kanalizasyon \u0130daresi\u2019nin (ASK\u0130), Adana B\u00fcy\u00fck\u015fehir Belediye Ba\u015fkan\u0131 Zeydan Karalar\u2019\u0131n talimatlar\u0131 do\u011frultusunda kent genelinde ya\u011fmur suyu altyap\u0131s\u0131n\u0131 g\u00fc\u00e7lendirmeye y\u00f6nelik \u00e7al\u0131\u015fmalar\u0131 aral\u0131ks\u0131z s\u00fcr\u00fcyor. Bug\u00fcne kadar 68 kilometre uzunlu\u011funda yeni hat in\u015fa edilerek, yo\u011fun ya\u011f\u0131\u015flar\u0131n yaratabilece\u011fi su bask\u0131nlar\u0131, ge\u00e7mi\u015fe oranla bir hayli azalt\u0131ld\u0131.ADANA (\u0130GFA) &#8211; 2019 y\u0131l\u0131ndan bu yana Adana\u2019da 93 farkl\u0131 noktada yeni ya\u011fmur suyu hatt\u0131 in\u015fa edilirken, uzun y\u0131llard\u0131r su ta\u015fk\u0131nlar\u0131yla g\u00fcndeme gelen 35 ayr\u0131 b\u00f6lgedeki sorun kal\u0131c\u0131 olarak \u00e7\u00f6z\u00fcme kavu\u015fturuldu. Ya\u011fmur suyu altyap\u0131s\u0131 bulunmayan mahallelerde yeni hatlar olu\u015fturulurken, birle\u015fik sistemle \u00e7al\u0131\u015fan kanalizasyon ve ya\u011fmur suyu hatlar\u0131 birbirinden ayr\u0131ld\u0131. B\u00f6ylece hem altyap\u0131n\u0131n ta\u015f\u0131ma kapasitesi art\u0131r\u0131ld\u0131 hem de yo\u011fun ya\u011f\u0131\u015f d\u00f6nemlerinde ya\u015fanan kanalizasyon kaynakl\u0131 su bask\u0131nlar\u0131n\u0131n \u00f6n\u00fcne ge\u00e7ildi. BAH\u00c7E\u015eEH\u0130R MAHALLES\u0130 YA\u011eMUR SUYU ALTYAPISINA KAVU\u015eUYOR Ya\u011fmur suyu \u00e7al\u0131\u015fmalar\u0131n\u0131n s\u00fcrd\u00fc\u011f\u00fc 94. nokta Bah\u00e7e\u015fehir Mahallesi oldu. Adana B\u00fcy\u00fck\u015fehir Belediye Ba\u015fkan\u0131 Zeydan Karalar, mahalledeki altyap\u0131 \u00e7al\u0131\u015fmalar\u0131n\u0131 yerinde inceledi. \u00d6nceden Bah\u00e7e\u015fehir Mahallesi\u2019nde ya\u011fmur suyu altyap\u0131s\u0131n\u0131n bulunmamas\u0131 nedeniyle, \u00f6zellikle otobandan gelen y\u00fczey sular\u0131 kontrols\u00fcz bi\u00e7imde yerle\u015fim alanlar\u0131na y\u00f6neliyordu. Bu durumun ge\u00e7mi\u015fte ciddi su bask\u0131nlar\u0131 ya\u015fanmas\u0131na neden oldu\u011funu hat\u0131rlatan Ba\u015fkan Karalar, in\u015fa edilen ya\u011fmur suyu hatt\u0131yla, su bask\u0131n\u0131 sorununun olabildi\u011fince azalaca\u011f\u0131n\u0131 a\u00e7\u0131klad\u0131. Bah\u00e7e\u015fehir Mahallesi\u2019nde in\u015fa edilen yeni ya\u011fmur suyu hatt\u0131nda 1600 mm \u00e7ap\u0131nda borular kullan\u0131l\u0131yor. Hatt\u0131n tamamlanmas\u0131n\u0131n ard\u0131ndan ya\u011fmur sular\u0131n\u0131n h\u0131zl\u0131 ve etkili bi\u00e7imde toplanmas\u0131 i\u00e7in &hellip;<\/p>","protected":false},"author":1,"featured_media":0,"comment_status":"","ping_status":"open","sticky":false,"template":"","format":"standard","meta":{"_acf_changed":false,"footnotes":""},"categories":[24],"tags":[],"class_list":["post-95757","post","type-post","status-publish","format-standard","has-post-thumbnail","hentry","category-gundem"],"acf":[],"yoast_head":"<!-- This site is optimized with the Yoast SEO Premium plugin v26.6 (Yoast SEO v27.1.1) - https:\/\/yoast.com\/product\/yoast-seo-premium-wordpress\/ -->\n<title>ASK\u0130&#039;den yeni ya\u011fmur hatt\u0131 in\u015faat\u0131 - Av. Deniz Can K\u0131z\u0131l<\/title>\n<meta name=\"robots\" content=\"index, follow, max-snippet:-1, max-image-preview:large, max-video-preview:-1\" \/>\n<link rel=\"canonical\" href=\"http:\/\/denizcankizil.tr\/uk\/haberler\/gundem\/askiden-yeni-yagmur-hatti-insaati\/\" \/>\n<meta property=\"og:locale\" content=\"uk_UA\" \/>\n<meta property=\"og:type\" content=\"article\" \/>\n<meta property=\"og:title\" content=\"ASK\u0130&#039;den yeni ya\u011fmur hatt\u0131 in\u015faat\u0131\" \/>\n<meta property=\"og:description\" content=\"Adana Su ve Kanalizasyon \u0130daresi\u2019nin (ASK\u0130), Adana B\u00fcy\u00fck\u015fehir Belediye Ba\u015fkan\u0131 Zeydan Karalar\u2019\u0131n talimatlar\u0131 do\u011frultusunda kent genelinde ya\u011fmur suyu altyap\u0131s\u0131n\u0131 g\u00fc\u00e7lendirmeye y\u00f6nelik \u00e7al\u0131\u015fmalar\u0131 aral\u0131ks\u0131z s\u00fcr\u00fcyor. Bug\u00fcne kadar 68 kilometre uzunlu\u011funda yeni hat in\u015fa edilerek, yo\u011fun ya\u011f\u0131\u015flar\u0131n yaratabilece\u011fi su bask\u0131nlar\u0131, ge\u00e7mi\u015fe oranla bir hayli azalt\u0131ld\u0131.ADANA (\u0130GFA) &#8211; 2019 y\u0131l\u0131ndan bu yana Adana\u2019da 93 farkl\u0131 noktada yeni ya\u011fmur suyu hatt\u0131 in\u015fa edilirken, uzun y\u0131llard\u0131r su ta\u015fk\u0131nlar\u0131yla g\u00fcndeme gelen 35 ayr\u0131 b\u00f6lgedeki sorun kal\u0131c\u0131 olarak \u00e7\u00f6z\u00fcme kavu\u015fturuldu. Ya\u011fmur suyu altyap\u0131s\u0131 bulunmayan mahallelerde yeni hatlar olu\u015fturulurken, birle\u015fik sistemle \u00e7al\u0131\u015fan kanalizasyon ve ya\u011fmur suyu hatlar\u0131 birbirinden ayr\u0131ld\u0131. B\u00f6ylece hem altyap\u0131n\u0131n ta\u015f\u0131ma kapasitesi art\u0131r\u0131ld\u0131 hem de yo\u011fun ya\u011f\u0131\u015f d\u00f6nemlerinde ya\u015fanan kanalizasyon kaynakl\u0131 su bask\u0131nlar\u0131n\u0131n \u00f6n\u00fcne ge\u00e7ildi. BAH\u00c7E\u015eEH\u0130R MAHALLES\u0130 YA\u011eMUR SUYU ALTYAPISINA KAVU\u015eUYOR Ya\u011fmur suyu \u00e7al\u0131\u015fmalar\u0131n\u0131n s\u00fcrd\u00fc\u011f\u00fc 94. nokta Bah\u00e7e\u015fehir Mahallesi oldu. Adana B\u00fcy\u00fck\u015fehir Belediye Ba\u015fkan\u0131 Zeydan Karalar, mahalledeki altyap\u0131 \u00e7al\u0131\u015fmalar\u0131n\u0131 yerinde inceledi. \u00d6nceden Bah\u00e7e\u015fehir Mahallesi\u2019nde ya\u011fmur suyu altyap\u0131s\u0131n\u0131n bulunmamas\u0131 nedeniyle, \u00f6zellikle otobandan gelen y\u00fczey sular\u0131 kontrols\u00fcz bi\u00e7imde yerle\u015fim alanlar\u0131na y\u00f6neliyordu. Bu durumun ge\u00e7mi\u015fte ciddi su bask\u0131nlar\u0131 ya\u015fanmas\u0131na neden oldu\u011funu hat\u0131rlatan Ba\u015fkan Karalar, in\u015fa edilen ya\u011fmur suyu hatt\u0131yla, su bask\u0131n\u0131 sorununun olabildi\u011fince azalaca\u011f\u0131n\u0131 a\u00e7\u0131klad\u0131. Bah\u00e7e\u015fehir Mahallesi\u2019nde in\u015fa edilen yeni ya\u011fmur suyu hatt\u0131nda 1600 mm \u00e7ap\u0131nda borular kullan\u0131l\u0131yor. Hatt\u0131n tamamlanmas\u0131n\u0131n ard\u0131ndan ya\u011fmur sular\u0131n\u0131n h\u0131zl\u0131 ve etkili bi\u00e7imde toplanmas\u0131 i\u00e7in &hellip;\" \/>\n<meta property=\"og:url\" content=\"http:\/\/denizcankizil.tr\/uk\/haberler\/gundem\/askiden-yeni-yagmur-hatti-insaati\/\" \/>\n<meta property=\"og:site_name\" content=\"Av. Deniz Can K\u0131z\u0131l\" \/>\n<meta property=\"article:published_time\" content=\"2025-05-24T18:42:01+00:00\" \/>\n<meta name=\"author\" content=\"admin\" \/>\n<meta name=\"twitter:card\" content=\"summary_large_image\" \/>\n<meta name=\"twitter:label1\" content=\"\u041d\u0430\u043f\u0438\u0441\u0430\u043d\u043e\" \/>\n\t<meta name=\"twitter:data1\" content=\"admin\" \/>\n\t<meta name=\"twitter:label2\" content=\"\u041f\u0440\u0438\u0431\u043b. \u0447\u0430\u0441 \u0447\u0438\u0442\u0430\u043d\u043d\u044f\" \/>\n\t<meta name=\"twitter:data2\" content=\"5 \u0445\u0432\u0438\u043b\u0438\u043d\" \/>\n<script type=\"application\/ld+json\" class=\"yoast-schema-graph\">{\"@context\":\"https:\/\/schema.org\",\"@graph\":[{\"@type\":\"Article\",\"@id\":\"http:\/\/denizcankizil.tr\/uk\/haberler\/gundem\/askiden-yeni-yagmur-hatti-insaati\/#article\",\"isPartOf\":{\"@id\":\"http:\/\/denizcankizil.tr\/uk\/haberler\/gundem\/askiden-yeni-yagmur-hatti-insaati\/\"},\"author\":{\"name\":\"admin\",\"@id\":\"https:\/\/denizcankizil.tr\/de\/#\/schema\/person\/be3c05fe6a12686905512445d8185489\"},\"headline\":\"ASK\u0130&#8217;den yeni ya\u011fmur hatt\u0131 in\u015faat\u0131\",\"datePublished\":\"2025-05-24T18:42:01+00:00\",\"mainEntityOfPage\":{\"@id\":\"http:\/\/denizcankizil.tr\/uk\/haberler\/gundem\/askiden-yeni-yagmur-hatti-insaati\/\"},\"wordCount\":1084,\"publisher\":{\"@id\":\"https:\/\/denizcankizil.tr\/de\/#organization\"},\"articleSection\":[\"G\u00fcndem\"],\"inLanguage\":\"uk\"},{\"@type\":\"WebPage\",\"@id\":\"http:\/\/denizcankizil.tr\/uk\/haberler\/gundem\/askiden-yeni-yagmur-hatti-insaati\/\",\"url\":\"http:\/\/denizcankizil.tr\/uk\/haberler\/gundem\/askiden-yeni-yagmur-hatti-insaati\/\",\"name\":\"ASK\u0130'den yeni ya\u011fmur hatt\u0131 in\u015faat\u0131 - Av. Deniz Can K\u0131z\u0131l\",\"isPartOf\":{\"@id\":\"https:\/\/denizcankizil.tr\/de\/#website\"},\"datePublished\":\"2025-05-24T18:42:01+00:00\",\"breadcrumb\":{\"@id\":\"http:\/\/denizcankizil.tr\/uk\/haberler\/gundem\/askiden-yeni-yagmur-hatti-insaati\/#breadcrumb\"},\"inLanguage\":\"uk\",\"potentialAction\":[{\"@type\":\"ReadAction\",\"target\":[\"http:\/\/denizcankizil.tr\/uk\/haberler\/gundem\/askiden-yeni-yagmur-hatti-insaati\/\"]}]},{\"@type\":\"BreadcrumbList\",\"@id\":\"http:\/\/denizcankizil.tr\/uk\/haberler\/gundem\/askiden-yeni-yagmur-hatti-insaati\/#breadcrumb\",\"itemListElement\":[{\"@type\":\"ListItem\",\"position\":1,\"name\":\"Home\",\"item\":\"https:\/\/denizcankizil.tr\/de\/\"},{\"@type\":\"ListItem\",\"position\":2,\"name\":\"ASK\u0130&#8217;den yeni ya\u011fmur hatt\u0131 in\u015faat\u0131\"}]},{\"@type\":\"WebSite\",\"@id\":\"https:\/\/denizcankizil.tr\/de\/#website\",\"url\":\"https:\/\/denizcankizil.tr\/de\/\",\"name\":\"Av. Deniz Can K\u0131z\u0131l\",\"description\":\"Avukat Deniz Can K\u0131z\u0131l Antalya Barosu\",\"publisher\":{\"@id\":\"https:\/\/denizcankizil.tr\/de\/#organization\"},\"potentialAction\":[{\"@type\":\"SearchAction\",\"target\":{\"@type\":\"EntryPoint\",\"urlTemplate\":\"https:\/\/denizcankizil.tr\/de\/?s={search_term_string}\"},\"query-input\":{\"@type\":\"PropertyValueSpecification\",\"valueRequired\":true,\"valueName\":\"search_term_string\"}}],\"inLanguage\":\"uk\"},{\"@type\":\"Organization\",\"@id\":\"https:\/\/denizcankizil.tr\/de\/#organization\",\"name\":\"Av. Deniz Can K\u0131z\u0131l\",\"url\":\"https:\/\/denizcankizil.tr\/de\/\",\"logo\":{\"@type\":\"ImageObject\",\"inLanguage\":\"uk\",\"@id\":\"https:\/\/denizcankizil.tr\/de\/#\/schema\/logo\/image\/\",\"url\":\"http:\/\/denizcankizil.tr\/wp-content\/uploads\/2024\/10\/siyah-logo-svg.svg\",\"contentUrl\":\"http:\/\/denizcankizil.tr\/wp-content\/uploads\/2024\/10\/siyah-logo-svg.svg\",\"width\":1080,\"height\":1080,\"caption\":\"Av. Deniz Can K\u0131z\u0131l\"},\"image\":{\"@id\":\"https:\/\/denizcankizil.tr\/de\/#\/schema\/logo\/image\/\"}},{\"@type\":\"Person\",\"@id\":\"https:\/\/denizcankizil.tr\/de\/#\/schema\/person\/be3c05fe6a12686905512445d8185489\",\"name\":\"admin\",\"image\":{\"@type\":\"ImageObject\",\"inLanguage\":\"uk\",\"@id\":\"https:\/\/denizcankizil.tr\/de\/#\/schema\/person\/image\/\",\"url\":\"https:\/\/secure.gravatar.com\/avatar\/c1fce94c830dc79107e174f890d7210541c4a63e8e5d816341794a2151c9d58c?s=96&d=mm&r=g\",\"contentUrl\":\"https:\/\/secure.gravatar.com\/avatar\/c1fce94c830dc79107e174f890d7210541c4a63e8e5d816341794a2151c9d58c?s=96&d=mm&r=g\",\"caption\":\"admin\"},\"sameAs\":[\"http:\/\/denizcankizil.tr\"],\"url\":\"https:\/\/www.iskenderun.org\/askiden-yeni-yagmur-hatti-insaati\"}]}<\/script>\n<!-- \/ Yoast SEO Premium plugin. -->","yoast_head_json":{"title":"ASK\u0130'den yeni ya\u011fmur hatt\u0131 in\u015faat\u0131 - Av. Deniz Can K\u0131z\u0131l","robots":{"index":"index","follow":"follow","max-snippet":"max-snippet:-1","max-image-preview":"max-image-preview:large","max-video-preview":"max-video-preview:-1"},"canonical":"http:\/\/denizcankizil.tr\/uk\/haberler\/gundem\/askiden-yeni-yagmur-hatti-insaati\/","og_locale":"uk_UA","og_type":"article","og_title":"ASK\u0130'den yeni ya\u011fmur hatt\u0131 in\u015faat\u0131","og_description":"Adana Su ve Kanalizasyon \u0130daresi\u2019nin (ASK\u0130), Adana B\u00fcy\u00fck\u015fehir Belediye Ba\u015fkan\u0131 Zeydan Karalar\u2019\u0131n talimatlar\u0131 do\u011frultusunda kent genelinde ya\u011fmur suyu altyap\u0131s\u0131n\u0131 g\u00fc\u00e7lendirmeye y\u00f6nelik \u00e7al\u0131\u015fmalar\u0131 aral\u0131ks\u0131z s\u00fcr\u00fcyor. Bug\u00fcne kadar 68 kilometre uzunlu\u011funda yeni hat in\u015fa edilerek, yo\u011fun ya\u011f\u0131\u015flar\u0131n yaratabilece\u011fi su bask\u0131nlar\u0131, ge\u00e7mi\u015fe oranla bir hayli azalt\u0131ld\u0131.ADANA (\u0130GFA) &#8211; 2019 y\u0131l\u0131ndan bu yana Adana\u2019da 93 farkl\u0131 noktada yeni ya\u011fmur suyu hatt\u0131 in\u015fa edilirken, uzun y\u0131llard\u0131r su ta\u015fk\u0131nlar\u0131yla g\u00fcndeme gelen 35 ayr\u0131 b\u00f6lgedeki sorun kal\u0131c\u0131 olarak \u00e7\u00f6z\u00fcme kavu\u015fturuldu. Ya\u011fmur suyu altyap\u0131s\u0131 bulunmayan mahallelerde yeni hatlar olu\u015fturulurken, birle\u015fik sistemle \u00e7al\u0131\u015fan kanalizasyon ve ya\u011fmur suyu hatlar\u0131 birbirinden ayr\u0131ld\u0131. B\u00f6ylece hem altyap\u0131n\u0131n ta\u015f\u0131ma kapasitesi art\u0131r\u0131ld\u0131 hem de yo\u011fun ya\u011f\u0131\u015f d\u00f6nemlerinde ya\u015fanan kanalizasyon kaynakl\u0131 su bask\u0131nlar\u0131n\u0131n \u00f6n\u00fcne ge\u00e7ildi. BAH\u00c7E\u015eEH\u0130R MAHALLES\u0130 YA\u011eMUR SUYU ALTYAPISINA KAVU\u015eUYOR Ya\u011fmur suyu \u00e7al\u0131\u015fmalar\u0131n\u0131n s\u00fcrd\u00fc\u011f\u00fc 94. nokta Bah\u00e7e\u015fehir Mahallesi oldu. Adana B\u00fcy\u00fck\u015fehir Belediye Ba\u015fkan\u0131 Zeydan Karalar, mahalledeki altyap\u0131 \u00e7al\u0131\u015fmalar\u0131n\u0131 yerinde inceledi. \u00d6nceden Bah\u00e7e\u015fehir Mahallesi\u2019nde ya\u011fmur suyu altyap\u0131s\u0131n\u0131n bulunmamas\u0131 nedeniyle, \u00f6zellikle otobandan gelen y\u00fczey sular\u0131 kontrols\u00fcz bi\u00e7imde yerle\u015fim alanlar\u0131na y\u00f6neliyordu. Bu durumun ge\u00e7mi\u015fte ciddi su bask\u0131nlar\u0131 ya\u015fanmas\u0131na neden oldu\u011funu hat\u0131rlatan Ba\u015fkan Karalar, in\u015fa edilen ya\u011fmur suyu hatt\u0131yla, su bask\u0131n\u0131 sorununun olabildi\u011fince azalaca\u011f\u0131n\u0131 a\u00e7\u0131klad\u0131. Bah\u00e7e\u015fehir Mahallesi\u2019nde in\u015fa edilen yeni ya\u011fmur suyu hatt\u0131nda 1600 mm \u00e7ap\u0131nda borular kullan\u0131l\u0131yor. Hatt\u0131n tamamlanmas\u0131n\u0131n ard\u0131ndan ya\u011fmur sular\u0131n\u0131n h\u0131zl\u0131 ve etkili bi\u00e7imde toplanmas\u0131 i\u00e7in &hellip;","og_url":"http:\/\/denizcankizil.tr\/uk\/haberler\/gundem\/askiden-yeni-yagmur-hatti-insaati\/","og_site_name":"Av. Deniz Can K\u0131z\u0131l","article_published_time":"2025-05-24T18:42:01+00:00","author":"admin","twitter_card":"summary_large_image","twitter_misc":{"\u041d\u0430\u043f\u0438\u0441\u0430\u043d\u043e":"admin","\u041f\u0440\u0438\u0431\u043b. \u0447\u0430\u0441 \u0447\u0438\u0442\u0430\u043d\u043d\u044f":"5 \u0445\u0432\u0438\u043b\u0438\u043d"},"schema":{"@context":"https:\/\/schema.org","@graph":[{"@type":"Article","@id":"http:\/\/denizcankizil.tr\/uk\/haberler\/gundem\/askiden-yeni-yagmur-hatti-insaati\/#article","isPartOf":{"@id":"http:\/\/denizcankizil.tr\/uk\/haberler\/gundem\/askiden-yeni-yagmur-hatti-insaati\/"},"author":{"name":"admin","@id":"https:\/\/denizcankizil.tr\/de\/#\/schema\/person\/be3c05fe6a12686905512445d8185489"},"headline":"ASK\u0130&#8217;den yeni ya\u011fmur hatt\u0131 in\u015faat\u0131","datePublished":"2025-05-24T18:42:01+00:00","mainEntityOfPage":{"@id":"http:\/\/denizcankizil.tr\/uk\/haberler\/gundem\/askiden-yeni-yagmur-hatti-insaati\/"},"wordCount":1084,"publisher":{"@id":"https:\/\/denizcankizil.tr\/de\/#organization"},"articleSection":["G\u00fcndem"],"inLanguage":"uk"},{"@type":"WebPage","@id":"http:\/\/denizcankizil.tr\/uk\/haberler\/gundem\/askiden-yeni-yagmur-hatti-insaati\/","url":"http:\/\/denizcankizil.tr\/uk\/haberler\/gundem\/askiden-yeni-yagmur-hatti-insaati\/","name":"ASK\u0130'den yeni ya\u011fmur hatt\u0131 in\u015faat\u0131 - Av. Deniz Can K\u0131z\u0131l","isPartOf":{"@id":"https:\/\/denizcankizil.tr\/de\/#website"},"datePublished":"2025-05-24T18:42:01+00:00","breadcrumb":{"@id":"http:\/\/denizcankizil.tr\/uk\/haberler\/gundem\/askiden-yeni-yagmur-hatti-insaati\/#breadcrumb"},"inLanguage":"uk","potentialAction":[{"@type":"ReadAction","target":["http:\/\/denizcankizil.tr\/uk\/haberler\/gundem\/askiden-yeni-yagmur-hatti-insaati\/"]}]},{"@type":"BreadcrumbList","@id":"http:\/\/denizcankizil.tr\/uk\/haberler\/gundem\/askiden-yeni-yagmur-hatti-insaati\/#breadcrumb","itemListElement":[{"@type":"ListItem","position":1,"name":"Home","item":"https:\/\/denizcankizil.tr\/de\/"},{"@type":"ListItem","position":2,"name":"ASK\u0130&#8217;den yeni ya\u011fmur hatt\u0131 in\u015faat\u0131"}]},{"@type":"WebSite","@id":"https:\/\/denizcankizil.tr\/de\/#website","url":"https:\/\/denizcankizil.tr\/de\/","name":"Av. Deniz Can K\u0131z\u0131l","description":"Avukat Deniz Can K\u0131z\u0131l Antalya Barosu","publisher":{"@id":"https:\/\/denizcankizil.tr\/de\/#organization"},"potentialAction":[{"@type":"SearchAction","target":{"@type":"EntryPoint","urlTemplate":"https:\/\/denizcankizil.tr\/de\/?s={search_term_string}"},"query-input":{"@type":"PropertyValueSpecification","valueRequired":true,"valueName":"search_term_string"}}],"inLanguage":"uk"},{"@type":"Organization","@id":"https:\/\/denizcankizil.tr\/de\/#organization","name":"Av. Deniz Can K\u0131z\u0131l","url":"https:\/\/denizcankizil.tr\/de\/","logo":{"@type":"ImageObject","inLanguage":"uk","@id":"https:\/\/denizcankizil.tr\/de\/#\/schema\/logo\/image\/","url":"http:\/\/denizcankizil.tr\/wp-content\/uploads\/2024\/10\/siyah-logo-svg.svg","contentUrl":"http:\/\/denizcankizil.tr\/wp-content\/uploads\/2024\/10\/siyah-logo-svg.svg","width":1080,"height":1080,"caption":"Av. Deniz Can K\u0131z\u0131l"},"image":{"@id":"https:\/\/denizcankizil.tr\/de\/#\/schema\/logo\/image\/"}},{"@type":"Person","@id":"https:\/\/denizcankizil.tr\/de\/#\/schema\/person\/be3c05fe6a12686905512445d8185489","name":"\u0430\u0434\u043c\u0456\u043d","image":{"@type":"ImageObject","inLanguage":"uk","@id":"https:\/\/denizcankizil.tr\/de\/#\/schema\/person\/image\/","url":"https:\/\/secure.gravatar.com\/avatar\/c1fce94c830dc79107e174f890d7210541c4a63e8e5d816341794a2151c9d58c?s=96&d=mm&r=g","contentUrl":"https:\/\/secure.gravatar.com\/avatar\/c1fce94c830dc79107e174f890d7210541c4a63e8e5d816341794a2151c9d58c?s=96&d=mm&r=g","caption":"admin"},"sameAs":["http:\/\/denizcankizil.tr"],"url":"https:\/\/www.iskenderun.org\/askiden-yeni-yagmur-hatti-insaati"}]}},"_links":{"self":[{"href":"http:\/\/denizcankizil.tr\/uk\/wp-json\/wp\/v2\/posts\/95757","targetHints":{"allow":["GET"]}}],"collection":[{"href":"http:\/\/denizcankizil.tr\/uk\/wp-json\/wp\/v2\/posts"}],"about":[{"href":"http:\/\/denizcankizil.tr\/uk\/wp-json\/wp\/v2\/types\/post"}],"author":[{"embeddable":true,"href":"http:\/\/denizcankizil.tr\/uk\/wp-json\/wp\/v2\/users\/1"}],"replies":[{"embeddable":true,"href":"http:\/\/denizcankizil.tr\/uk\/wp-json\/wp\/v2\/comments?post=95757"}],"version-history":[{"count":0,"href":"http:\/\/denizcankizil.tr\/uk\/wp-json\/wp\/v2\/posts\/95757\/revisions"}],"wp:attachment":[{"href":"http:\/\/denizcankizil.tr\/uk\/wp-json\/wp\/v2\/media?parent=95757"}],"wp:term":[{"taxonomy":"category","embeddable":true,"href":"http:\/\/denizcankizil.tr\/uk\/wp-json\/wp\/v2\/categories?post=95757"},{"taxonomy":"post_tag","embeddable":true,"href":"http:\/\/denizcankizil.tr\/uk\/wp-json\/wp\/v2\/tags?post=95757"}],"curies":[{"name":"wp","href":"https:\/\/api.w.org\/{rel}","templated":true}]}}