{"id":94248,"date":"2025-05-22T16:42:20","date_gmt":"2025-05-22T13:42:20","guid":{"rendered":"https:\/\/denizcankizil.tr\/uncategorized-tr\/buskinin-2024-faaliyetlerine-meclisten-onay\/"},"modified":"2025-05-22T16:42:20","modified_gmt":"2025-05-22T13:42:20","slug":"buskinin-2024-faaliyetlerine-meclisten-onay","status":"publish","type":"post","link":"http:\/\/denizcankizil.tr\/uk\/haberler\/gundem\/buskinin-2024-faaliyetlerine-meclisten-onay\/","title":{"rendered":"BUSK\u0130&#8217;nin 2024 faaliyetlerine Meclis\u2019ten onay"},"content":{"rendered":"<p>Bursa B\u00fcy\u00fck\u015fehir Belediyesi Meclis Toplant\u0131 Salonu\u2019nda ger\u00e7ekle\u015ftirilen BUSK\u0130 Genel Kurulu\u2019nda, 2024 Mali Y\u0131l\u0131 Faaliyet Raporu oy \u00e7oklu\u011fu, 2024 Mali Y\u0131l\u0131 B\u00fct\u00e7e Kesin Hesab\u0131 Raporu ise oy birli\u011fi ile kabul edildi.BURSA (\u0130GFA) &#8211;  Bursa B\u00fcy\u00fck\u015fehir Belediyesi Ba\u015fkanvekili Mustafa Orkun Gazio\u011flu ba\u015fkanl\u0131\u011f\u0131nda yap\u0131lan toplant\u0131ya, B\u00fcy\u00fck\u015fehir Belediyesi b\u00fcrokratlar\u0131, meclis \u00fcyeleri ve BUSK\u0130 y\u00f6neticileri kat\u0131ld\u0131.<br \/>\nBa\u015fkanvekili Gazio\u011flu taraf\u0131ndan yap\u0131lan a\u00e7\u0131l\u0131\u015f konu\u015fmas\u0131n\u0131n ard\u0131ndan Genel Kurul, B\u00fcy\u00fck\u015fehir Belediyesi BUSK\u0130 Genel M\u00fcd\u00fcr\u00fc Mehmet Ercihan Suba\u015f\u0131o\u011flu sunumu ile devam etti.<br \/>\nMeclis \u00fcyelerine BUSK\u0130\u2019nin y\u00fcr\u00fctt\u00fc\u011f\u00fc altyap\u0131 \u00e7al\u0131\u015fmalar\u0131 ve gelece\u011fe d\u00f6n\u00fck su y\u00f6netimi stratejileri hakk\u0131nda bilgi veren Suba\u015f\u0131o\u011flu, i\u00e7me suyundaki kay\u0131p-ka\u00e7ak oranlar\u0131na dikkat \u00e7ekti.<\/p>\n<p>Bursa merkezdeki kay\u0131p ka\u00e7ak oran\u0131n\u0131n y\u00fczde 19,25 civar\u0131nda oldu\u011funu s\u00f6yleyen Suba\u015f\u0131o\u011flu, \u201cBursa bu oranla, T\u00fcrkiye&#8217;deki su ve kanalizasyon idareleri aras\u0131nda birinci s\u0131rada bulunuyor. BUSK\u0130 olarak 17 il\u00e7ede kay\u0131p ka\u00e7ak oranlar\u0131n\u0131 azaltmak i\u00e7in yo\u011fun gayret sarf ediyoruz. BUSK\u0130\u2019nin altyap\u0131 yat\u0131r\u0131mlar\u0131 aral\u0131ks\u0131z devam ediyor. Ayr\u0131ca Do\u011fanc\u0131 Baraj\u0131 ve Nil\u00fcfer Baraj\u0131\u2019ndaki toplam doluluk oran\u0131 da y\u00fczde 56,43 civar\u0131nda. \u0130klim krizinin de etkisiyle son iki y\u0131la g\u00f6re 2025 y\u0131l\u0131 olduk\u00e7a kurak ge\u00e7iyor. Ba\u015fkan\u0131m\u0131z Mustafa Bozbey\u2019in de dedi\u011fi gibi suyumuzu tasarruflu kullanmal\u0131y\u0131z\u201d dedi.<br \/>\nBUSK\u0130 Genel M\u00fcd\u00fcr\u00fc Mehmet Ercihan Suba\u015f\u0131o\u011flu, konu\u015fmas\u0131n\u0131n ard\u0131ndan meclis \u00fcyelerinin sorular\u0131n\u0131 da cevaplad\u0131. Ard\u0131ndan oylamaya ge\u00e7ildi. 2024 Mali Y\u0131l\u0131 Faaliyet Raporu oy \u00e7oklu\u011fu, 2024 Mali Y\u0131l\u0131 B\u00fct\u00e7e Kesin Hesab\u0131 Raporu ise oy birli\u011fi ile kabul edildi.<\/p>\n<p>\u200bBursa B\u00fcy\u00fck\u015fehir Belediyesi Meclis Toplant\u0131 Salonu\u2019nda ger\u00e7ekle\u015ftirilen BUSK\u0130 Genel Kurulu\u2019nda, 2024 Mali Y\u0131l\u0131 Faaliyet Raporu oy \u00e7oklu\u011fu, 2024 Mali Y\u0131l\u0131 B\u00fct\u00e7e Kesin Hesab\u0131 Raporu ise oy birli\u011fi ile kabul edildi.BURSA (\u0130GFA) &#8211;  Bursa B\u00fcy\u00fck\u015fehir Belediyesi Ba\u015fkanvekili Mustafa Orkun Gazio\u011flu ba\u015fkanl\u0131\u011f\u0131nda yap\u0131lan toplant\u0131ya, B\u00fcy\u00fck\u015fehir Belediyesi b\u00fcrokratlar\u0131, meclis \u00fcyeleri ve BUSK\u0130 y\u00f6neticileri kat\u0131ld\u0131.<br \/>\nBa\u015fkanvekili Gazio\u011flu taraf\u0131ndan yap\u0131lan a\u00e7\u0131l\u0131\u015f konu\u015fmas\u0131n\u0131n ard\u0131ndan Genel Kurul, B\u00fcy\u00fck\u015fehir Belediyesi BUSK\u0130 Genel M\u00fcd\u00fcr\u00fc Mehmet Ercihan Suba\u015f\u0131o\u011flu sunumu ile devam etti.<br \/>\nMeclis \u00fcyelerine BUSK\u0130\u2019nin y\u00fcr\u00fctt\u00fc\u011f\u00fc altyap\u0131 \u00e7al\u0131\u015fmalar\u0131 ve gelece\u011fe d\u00f6n\u00fck su y\u00f6netimi stratejileri hakk\u0131nda bilgi veren Suba\u015f\u0131o\u011flu, i\u00e7me suyundaki kay\u0131p-ka\u00e7ak oranlar\u0131na dikkat \u00e7ekti.<\/p>\n<p>Bursa merkezdeki kay\u0131p ka\u00e7ak oran\u0131n\u0131n y\u00fczde 19,25 civar\u0131nda oldu\u011funu s\u00f6yleyen Suba\u015f\u0131o\u011flu, \u201cBursa bu oranla, T\u00fcrkiye&#8217;deki su ve kanalizasyon idareleri aras\u0131nda birinci s\u0131rada bulunuyor. BUSK\u0130 olarak 17 il\u00e7ede kay\u0131p ka\u00e7ak oranlar\u0131n\u0131 azaltmak i\u00e7in yo\u011fun gayret sarf ediyoruz. BUSK\u0130\u2019nin altyap\u0131 yat\u0131r\u0131mlar\u0131 aral\u0131ks\u0131z devam ediyor. Ayr\u0131ca Do\u011fanc\u0131 Baraj\u0131 ve Nil\u00fcfer Baraj\u0131\u2019ndaki toplam doluluk oran\u0131 da y\u00fczde 56,43 civar\u0131nda. \u0130klim krizinin de etkisiyle son iki y\u0131la g\u00f6re 2025 y\u0131l\u0131 olduk\u00e7a kurak ge\u00e7iyor. Ba\u015fkan\u0131m\u0131z Mustafa Bozbey\u2019in de dedi\u011fi gibi suyumuzu tasarruflu kullanmal\u0131y\u0131z\u201d dedi.<br \/>\nBUSK\u0130 Genel M\u00fcd\u00fcr\u00fc Mehmet Ercihan Suba\u015f\u0131o\u011flu, konu\u015fmas\u0131n\u0131n ard\u0131ndan meclis \u00fcyelerinin sorular\u0131n\u0131 da cevaplad\u0131. Ard\u0131ndan oylamaya ge\u00e7ildi. 2024 Mali Y\u0131l\u0131 Faaliyet Raporu oy \u00e7oklu\u011fu, 2024 Mali Y\u0131l\u0131 B\u00fct\u00e7e Kesin Hesab\u0131 Raporu ise oy birli\u011fi ile kabul edildi.\u00a0<\/p>\n<p>\u200bHaberin Al\u0131nt\u0131land\u0131\u011f\u0131 Kaynak: www.iskenderun.org<\/p>","protected":false},"excerpt":{"rendered":"<p>Bursa B\u00fcy\u00fck\u015fehir Belediyesi Meclis Toplant\u0131 Salonu\u2019nda ger\u00e7ekle\u015ftirilen BUSK\u0130 Genel Kurulu\u2019nda, 2024 Mali Y\u0131l\u0131 Faaliyet Raporu oy \u00e7oklu\u011fu, 2024 Mali Y\u0131l\u0131 B\u00fct\u00e7e Kesin Hesab\u0131 Raporu ise oy birli\u011fi ile kabul edildi.BURSA (\u0130GFA) &#8211; Bursa B\u00fcy\u00fck\u015fehir Belediyesi Ba\u015fkanvekili Mustafa Orkun Gazio\u011flu ba\u015fkanl\u0131\u011f\u0131nda yap\u0131lan toplant\u0131ya, B\u00fcy\u00fck\u015fehir Belediyesi b\u00fcrokratlar\u0131, meclis \u00fcyeleri ve BUSK\u0130 y\u00f6neticileri kat\u0131ld\u0131. Ba\u015fkanvekili Gazio\u011flu taraf\u0131ndan yap\u0131lan a\u00e7\u0131l\u0131\u015f konu\u015fmas\u0131n\u0131n ard\u0131ndan Genel Kurul, B\u00fcy\u00fck\u015fehir Belediyesi BUSK\u0130 Genel M\u00fcd\u00fcr\u00fc Mehmet Ercihan Suba\u015f\u0131o\u011flu sunumu ile devam etti. Meclis \u00fcyelerine BUSK\u0130\u2019nin y\u00fcr\u00fctt\u00fc\u011f\u00fc altyap\u0131 \u00e7al\u0131\u015fmalar\u0131 ve gelece\u011fe d\u00f6n\u00fck su y\u00f6netimi stratejileri hakk\u0131nda bilgi veren Suba\u015f\u0131o\u011flu, i\u00e7me suyundaki kay\u0131p-ka\u00e7ak oranlar\u0131na dikkat \u00e7ekti. Bursa merkezdeki kay\u0131p ka\u00e7ak oran\u0131n\u0131n y\u00fczde 19,25 civar\u0131nda oldu\u011funu s\u00f6yleyen Suba\u015f\u0131o\u011flu, \u201cBursa bu oranla, T\u00fcrkiye&#8217;deki su ve kanalizasyon idareleri aras\u0131nda birinci s\u0131rada bulunuyor. BUSK\u0130 olarak 17 il\u00e7ede kay\u0131p ka\u00e7ak oranlar\u0131n\u0131 azaltmak i\u00e7in yo\u011fun gayret sarf ediyoruz. BUSK\u0130\u2019nin altyap\u0131 yat\u0131r\u0131mlar\u0131 aral\u0131ks\u0131z devam ediyor. Ayr\u0131ca Do\u011fanc\u0131 Baraj\u0131 ve Nil\u00fcfer Baraj\u0131\u2019ndaki toplam doluluk oran\u0131 da y\u00fczde 56,43 civar\u0131nda. \u0130klim krizinin de etkisiyle son iki y\u0131la g\u00f6re 2025 y\u0131l\u0131 olduk\u00e7a kurak ge\u00e7iyor. Ba\u015fkan\u0131m\u0131z Mustafa Bozbey\u2019in de dedi\u011fi gibi suyumuzu tasarruflu kullanmal\u0131y\u0131z\u201d dedi. BUSK\u0130 Genel M\u00fcd\u00fcr\u00fc Mehmet Ercihan Suba\u015f\u0131o\u011flu, konu\u015fmas\u0131n\u0131n ard\u0131ndan meclis \u00fcyelerinin sorular\u0131n\u0131 da cevaplad\u0131. Ard\u0131ndan oylamaya ge\u00e7ildi. 2024 Mali Y\u0131l\u0131 Faaliyet Raporu oy \u00e7oklu\u011fu, 2024 Mali Y\u0131l\u0131 B\u00fct\u00e7e Kesin &hellip;<\/p>","protected":false},"author":1,"featured_media":0,"comment_status":"","ping_status":"open","sticky":false,"template":"","format":"standard","meta":{"_acf_changed":false,"footnotes":""},"categories":[24],"tags":[],"class_list":["post-94248","post","type-post","status-publish","format-standard","has-post-thumbnail","hentry","category-gundem"],"acf":[],"yoast_head":"<!-- This site is optimized with the Yoast SEO Premium plugin v26.6 (Yoast SEO v27.1.1) - https:\/\/yoast.com\/product\/yoast-seo-premium-wordpress\/ -->\n<title>BUSK\u0130&#039;nin 2024 faaliyetlerine Meclis\u2019ten onay - Av. Deniz Can K\u0131z\u0131l<\/title>\n<meta name=\"robots\" content=\"index, follow, max-snippet:-1, max-image-preview:large, max-video-preview:-1\" \/>\n<link rel=\"canonical\" href=\"http:\/\/denizcankizil.tr\/uk\/haberler\/gundem\/buskinin-2024-faaliyetlerine-meclisten-onay\/\" \/>\n<meta property=\"og:locale\" content=\"uk_UA\" \/>\n<meta property=\"og:type\" content=\"article\" \/>\n<meta property=\"og:title\" content=\"BUSK\u0130&#039;nin 2024 faaliyetlerine Meclis\u2019ten onay\" \/>\n<meta property=\"og:description\" content=\"Bursa B\u00fcy\u00fck\u015fehir Belediyesi Meclis Toplant\u0131 Salonu\u2019nda ger\u00e7ekle\u015ftirilen BUSK\u0130 Genel Kurulu\u2019nda, 2024 Mali Y\u0131l\u0131 Faaliyet Raporu oy \u00e7oklu\u011fu, 2024 Mali Y\u0131l\u0131 B\u00fct\u00e7e Kesin Hesab\u0131 Raporu ise oy birli\u011fi ile kabul edildi.BURSA (\u0130GFA) &#8211; Bursa B\u00fcy\u00fck\u015fehir Belediyesi Ba\u015fkanvekili Mustafa Orkun Gazio\u011flu ba\u015fkanl\u0131\u011f\u0131nda yap\u0131lan toplant\u0131ya, B\u00fcy\u00fck\u015fehir Belediyesi b\u00fcrokratlar\u0131, meclis \u00fcyeleri ve BUSK\u0130 y\u00f6neticileri kat\u0131ld\u0131. Ba\u015fkanvekili Gazio\u011flu taraf\u0131ndan yap\u0131lan a\u00e7\u0131l\u0131\u015f konu\u015fmas\u0131n\u0131n ard\u0131ndan Genel Kurul, B\u00fcy\u00fck\u015fehir Belediyesi BUSK\u0130 Genel M\u00fcd\u00fcr\u00fc Mehmet Ercihan Suba\u015f\u0131o\u011flu sunumu ile devam etti. Meclis \u00fcyelerine BUSK\u0130\u2019nin y\u00fcr\u00fctt\u00fc\u011f\u00fc altyap\u0131 \u00e7al\u0131\u015fmalar\u0131 ve gelece\u011fe d\u00f6n\u00fck su y\u00f6netimi stratejileri hakk\u0131nda bilgi veren Suba\u015f\u0131o\u011flu, i\u00e7me suyundaki kay\u0131p-ka\u00e7ak oranlar\u0131na dikkat \u00e7ekti. Bursa merkezdeki kay\u0131p ka\u00e7ak oran\u0131n\u0131n y\u00fczde 19,25 civar\u0131nda oldu\u011funu s\u00f6yleyen Suba\u015f\u0131o\u011flu, \u201cBursa bu oranla, T\u00fcrkiye&#8217;deki su ve kanalizasyon idareleri aras\u0131nda birinci s\u0131rada bulunuyor. BUSK\u0130 olarak 17 il\u00e7ede kay\u0131p ka\u00e7ak oranlar\u0131n\u0131 azaltmak i\u00e7in yo\u011fun gayret sarf ediyoruz. BUSK\u0130\u2019nin altyap\u0131 yat\u0131r\u0131mlar\u0131 aral\u0131ks\u0131z devam ediyor. Ayr\u0131ca Do\u011fanc\u0131 Baraj\u0131 ve Nil\u00fcfer Baraj\u0131\u2019ndaki toplam doluluk oran\u0131 da y\u00fczde 56,43 civar\u0131nda. \u0130klim krizinin de etkisiyle son iki y\u0131la g\u00f6re 2025 y\u0131l\u0131 olduk\u00e7a kurak ge\u00e7iyor. Ba\u015fkan\u0131m\u0131z Mustafa Bozbey\u2019in de dedi\u011fi gibi suyumuzu tasarruflu kullanmal\u0131y\u0131z\u201d dedi. BUSK\u0130 Genel M\u00fcd\u00fcr\u00fc Mehmet Ercihan Suba\u015f\u0131o\u011flu, konu\u015fmas\u0131n\u0131n ard\u0131ndan meclis \u00fcyelerinin sorular\u0131n\u0131 da cevaplad\u0131. Ard\u0131ndan oylamaya ge\u00e7ildi. 2024 Mali Y\u0131l\u0131 Faaliyet Raporu oy \u00e7oklu\u011fu, 2024 Mali Y\u0131l\u0131 B\u00fct\u00e7e Kesin &hellip;\" \/>\n<meta property=\"og:url\" content=\"http:\/\/denizcankizil.tr\/uk\/haberler\/gundem\/buskinin-2024-faaliyetlerine-meclisten-onay\/\" \/>\n<meta property=\"og:site_name\" content=\"Av. Deniz Can K\u0131z\u0131l\" \/>\n<meta property=\"article:published_time\" content=\"2025-05-22T13:42:20+00:00\" \/>\n<meta name=\"author\" content=\"admin\" \/>\n<meta name=\"twitter:card\" content=\"summary_large_image\" \/>\n<meta name=\"twitter:label1\" content=\"\u041d\u0430\u043f\u0438\u0441\u0430\u043d\u043e\" \/>\n\t<meta name=\"twitter:data1\" content=\"admin\" \/>\n\t<meta name=\"twitter:label2\" content=\"\u041f\u0440\u0438\u0431\u043b. \u0447\u0430\u0441 \u0447\u0438\u0442\u0430\u043d\u043d\u044f\" \/>\n\t<meta name=\"twitter:data2\" content=\"3 \u0445\u0432\u0438\u043b\u0438\u043d\u0438\" \/>\n<script type=\"application\/ld+json\" class=\"yoast-schema-graph\">{\"@context\":\"https:\/\/schema.org\",\"@graph\":[{\"@type\":\"Article\",\"@id\":\"http:\/\/denizcankizil.tr\/uk\/haberler\/gundem\/buskinin-2024-faaliyetlerine-meclisten-onay\/#article\",\"isPartOf\":{\"@id\":\"http:\/\/denizcankizil.tr\/uk\/haberler\/gundem\/buskinin-2024-faaliyetlerine-meclisten-onay\/\"},\"author\":{\"name\":\"admin\",\"@id\":\"https:\/\/denizcankizil.tr\/de\/#\/schema\/person\/be3c05fe6a12686905512445d8185489\"},\"headline\":\"BUSK\u0130&#8217;nin 2024 faaliyetlerine Meclis\u2019ten onay\",\"datePublished\":\"2025-05-22T13:42:20+00:00\",\"mainEntityOfPage\":{\"@id\":\"http:\/\/denizcankizil.tr\/uk\/haberler\/gundem\/buskinin-2024-faaliyetlerine-meclisten-onay\/\"},\"wordCount\":654,\"publisher\":{\"@id\":\"https:\/\/denizcankizil.tr\/de\/#organization\"},\"articleSection\":[\"G\u00fcndem\"],\"inLanguage\":\"uk\"},{\"@type\":\"WebPage\",\"@id\":\"http:\/\/denizcankizil.tr\/uk\/haberler\/gundem\/buskinin-2024-faaliyetlerine-meclisten-onay\/\",\"url\":\"http:\/\/denizcankizil.tr\/uk\/haberler\/gundem\/buskinin-2024-faaliyetlerine-meclisten-onay\/\",\"name\":\"BUSK\u0130'nin 2024 faaliyetlerine Meclis\u2019ten onay - Av. Deniz Can K\u0131z\u0131l\",\"isPartOf\":{\"@id\":\"https:\/\/denizcankizil.tr\/de\/#website\"},\"datePublished\":\"2025-05-22T13:42:20+00:00\",\"breadcrumb\":{\"@id\":\"http:\/\/denizcankizil.tr\/uk\/haberler\/gundem\/buskinin-2024-faaliyetlerine-meclisten-onay\/#breadcrumb\"},\"inLanguage\":\"uk\",\"potentialAction\":[{\"@type\":\"ReadAction\",\"target\":[\"http:\/\/denizcankizil.tr\/uk\/haberler\/gundem\/buskinin-2024-faaliyetlerine-meclisten-onay\/\"]}]},{\"@type\":\"BreadcrumbList\",\"@id\":\"http:\/\/denizcankizil.tr\/uk\/haberler\/gundem\/buskinin-2024-faaliyetlerine-meclisten-onay\/#breadcrumb\",\"itemListElement\":[{\"@type\":\"ListItem\",\"position\":1,\"name\":\"Home\",\"item\":\"https:\/\/denizcankizil.tr\/de\/\"},{\"@type\":\"ListItem\",\"position\":2,\"name\":\"BUSK\u0130&#8217;nin 2024 faaliyetlerine Meclis\u2019ten onay\"}]},{\"@type\":\"WebSite\",\"@id\":\"https:\/\/denizcankizil.tr\/de\/#website\",\"url\":\"https:\/\/denizcankizil.tr\/de\/\",\"name\":\"Av. Deniz Can K\u0131z\u0131l\",\"description\":\"Avukat Deniz Can K\u0131z\u0131l Antalya Barosu\",\"publisher\":{\"@id\":\"https:\/\/denizcankizil.tr\/de\/#organization\"},\"potentialAction\":[{\"@type\":\"SearchAction\",\"target\":{\"@type\":\"EntryPoint\",\"urlTemplate\":\"https:\/\/denizcankizil.tr\/de\/?s={search_term_string}\"},\"query-input\":{\"@type\":\"PropertyValueSpecification\",\"valueRequired\":true,\"valueName\":\"search_term_string\"}}],\"inLanguage\":\"uk\"},{\"@type\":\"Organization\",\"@id\":\"https:\/\/denizcankizil.tr\/de\/#organization\",\"name\":\"Av. Deniz Can K\u0131z\u0131l\",\"url\":\"https:\/\/denizcankizil.tr\/de\/\",\"logo\":{\"@type\":\"ImageObject\",\"inLanguage\":\"uk\",\"@id\":\"https:\/\/denizcankizil.tr\/de\/#\/schema\/logo\/image\/\",\"url\":\"http:\/\/denizcankizil.tr\/wp-content\/uploads\/2024\/10\/siyah-logo-svg.svg\",\"contentUrl\":\"http:\/\/denizcankizil.tr\/wp-content\/uploads\/2024\/10\/siyah-logo-svg.svg\",\"width\":1080,\"height\":1080,\"caption\":\"Av. Deniz Can K\u0131z\u0131l\"},\"image\":{\"@id\":\"https:\/\/denizcankizil.tr\/de\/#\/schema\/logo\/image\/\"}},{\"@type\":\"Person\",\"@id\":\"https:\/\/denizcankizil.tr\/de\/#\/schema\/person\/be3c05fe6a12686905512445d8185489\",\"name\":\"admin\",\"image\":{\"@type\":\"ImageObject\",\"inLanguage\":\"uk\",\"@id\":\"https:\/\/denizcankizil.tr\/de\/#\/schema\/person\/image\/\",\"url\":\"https:\/\/secure.gravatar.com\/avatar\/c1fce94c830dc79107e174f890d7210541c4a63e8e5d816341794a2151c9d58c?s=96&d=mm&r=g\",\"contentUrl\":\"https:\/\/secure.gravatar.com\/avatar\/c1fce94c830dc79107e174f890d7210541c4a63e8e5d816341794a2151c9d58c?s=96&d=mm&r=g\",\"caption\":\"admin\"},\"sameAs\":[\"http:\/\/denizcankizil.tr\"],\"url\":\"https:\/\/www.iskenderun.org\/buskinin-2024-faaliyetlerine-meclisten-onay\"}]}<\/script>\n<!-- \/ Yoast SEO Premium plugin. -->","yoast_head_json":{"title":"BUSK\u0130'nin 2024 faaliyetlerine Meclis\u2019ten onay - Av. Deniz Can K\u0131z\u0131l","robots":{"index":"index","follow":"follow","max-snippet":"max-snippet:-1","max-image-preview":"max-image-preview:large","max-video-preview":"max-video-preview:-1"},"canonical":"http:\/\/denizcankizil.tr\/uk\/haberler\/gundem\/buskinin-2024-faaliyetlerine-meclisten-onay\/","og_locale":"uk_UA","og_type":"article","og_title":"BUSK\u0130'nin 2024 faaliyetlerine Meclis\u2019ten onay","og_description":"Bursa B\u00fcy\u00fck\u015fehir Belediyesi Meclis Toplant\u0131 Salonu\u2019nda ger\u00e7ekle\u015ftirilen BUSK\u0130 Genel Kurulu\u2019nda, 2024 Mali Y\u0131l\u0131 Faaliyet Raporu oy \u00e7oklu\u011fu, 2024 Mali Y\u0131l\u0131 B\u00fct\u00e7e Kesin Hesab\u0131 Raporu ise oy birli\u011fi ile kabul edildi.BURSA (\u0130GFA) &#8211; Bursa B\u00fcy\u00fck\u015fehir Belediyesi Ba\u015fkanvekili Mustafa Orkun Gazio\u011flu ba\u015fkanl\u0131\u011f\u0131nda yap\u0131lan toplant\u0131ya, B\u00fcy\u00fck\u015fehir Belediyesi b\u00fcrokratlar\u0131, meclis \u00fcyeleri ve BUSK\u0130 y\u00f6neticileri kat\u0131ld\u0131. Ba\u015fkanvekili Gazio\u011flu taraf\u0131ndan yap\u0131lan a\u00e7\u0131l\u0131\u015f konu\u015fmas\u0131n\u0131n ard\u0131ndan Genel Kurul, B\u00fcy\u00fck\u015fehir Belediyesi BUSK\u0130 Genel M\u00fcd\u00fcr\u00fc Mehmet Ercihan Suba\u015f\u0131o\u011flu sunumu ile devam etti. Meclis \u00fcyelerine BUSK\u0130\u2019nin y\u00fcr\u00fctt\u00fc\u011f\u00fc altyap\u0131 \u00e7al\u0131\u015fmalar\u0131 ve gelece\u011fe d\u00f6n\u00fck su y\u00f6netimi stratejileri hakk\u0131nda bilgi veren Suba\u015f\u0131o\u011flu, i\u00e7me suyundaki kay\u0131p-ka\u00e7ak oranlar\u0131na dikkat \u00e7ekti. Bursa merkezdeki kay\u0131p ka\u00e7ak oran\u0131n\u0131n y\u00fczde 19,25 civar\u0131nda oldu\u011funu s\u00f6yleyen Suba\u015f\u0131o\u011flu, \u201cBursa bu oranla, T\u00fcrkiye&#8217;deki su ve kanalizasyon idareleri aras\u0131nda birinci s\u0131rada bulunuyor. BUSK\u0130 olarak 17 il\u00e7ede kay\u0131p ka\u00e7ak oranlar\u0131n\u0131 azaltmak i\u00e7in yo\u011fun gayret sarf ediyoruz. BUSK\u0130\u2019nin altyap\u0131 yat\u0131r\u0131mlar\u0131 aral\u0131ks\u0131z devam ediyor. Ayr\u0131ca Do\u011fanc\u0131 Baraj\u0131 ve Nil\u00fcfer Baraj\u0131\u2019ndaki toplam doluluk oran\u0131 da y\u00fczde 56,43 civar\u0131nda. \u0130klim krizinin de etkisiyle son iki y\u0131la g\u00f6re 2025 y\u0131l\u0131 olduk\u00e7a kurak ge\u00e7iyor. Ba\u015fkan\u0131m\u0131z Mustafa Bozbey\u2019in de dedi\u011fi gibi suyumuzu tasarruflu kullanmal\u0131y\u0131z\u201d dedi. BUSK\u0130 Genel M\u00fcd\u00fcr\u00fc Mehmet Ercihan Suba\u015f\u0131o\u011flu, konu\u015fmas\u0131n\u0131n ard\u0131ndan meclis \u00fcyelerinin sorular\u0131n\u0131 da cevaplad\u0131. Ard\u0131ndan oylamaya ge\u00e7ildi. 2024 Mali Y\u0131l\u0131 Faaliyet Raporu oy \u00e7oklu\u011fu, 2024 Mali Y\u0131l\u0131 B\u00fct\u00e7e Kesin &hellip;","og_url":"http:\/\/denizcankizil.tr\/uk\/haberler\/gundem\/buskinin-2024-faaliyetlerine-meclisten-onay\/","og_site_name":"Av. Deniz Can K\u0131z\u0131l","article_published_time":"2025-05-22T13:42:20+00:00","author":"admin","twitter_card":"summary_large_image","twitter_misc":{"\u041d\u0430\u043f\u0438\u0441\u0430\u043d\u043e":"admin","\u041f\u0440\u0438\u0431\u043b. \u0447\u0430\u0441 \u0447\u0438\u0442\u0430\u043d\u043d\u044f":"3 \u0445\u0432\u0438\u043b\u0438\u043d\u0438"},"schema":{"@context":"https:\/\/schema.org","@graph":[{"@type":"Article","@id":"http:\/\/denizcankizil.tr\/uk\/haberler\/gundem\/buskinin-2024-faaliyetlerine-meclisten-onay\/#article","isPartOf":{"@id":"http:\/\/denizcankizil.tr\/uk\/haberler\/gundem\/buskinin-2024-faaliyetlerine-meclisten-onay\/"},"author":{"name":"admin","@id":"https:\/\/denizcankizil.tr\/de\/#\/schema\/person\/be3c05fe6a12686905512445d8185489"},"headline":"BUSK\u0130&#8217;nin 2024 faaliyetlerine Meclis\u2019ten onay","datePublished":"2025-05-22T13:42:20+00:00","mainEntityOfPage":{"@id":"http:\/\/denizcankizil.tr\/uk\/haberler\/gundem\/buskinin-2024-faaliyetlerine-meclisten-onay\/"},"wordCount":654,"publisher":{"@id":"https:\/\/denizcankizil.tr\/de\/#organization"},"articleSection":["G\u00fcndem"],"inLanguage":"uk"},{"@type":"WebPage","@id":"http:\/\/denizcankizil.tr\/uk\/haberler\/gundem\/buskinin-2024-faaliyetlerine-meclisten-onay\/","url":"http:\/\/denizcankizil.tr\/uk\/haberler\/gundem\/buskinin-2024-faaliyetlerine-meclisten-onay\/","name":"BUSK\u0130'nin 2024 faaliyetlerine Meclis\u2019ten onay - Av. Deniz Can K\u0131z\u0131l","isPartOf":{"@id":"https:\/\/denizcankizil.tr\/de\/#website"},"datePublished":"2025-05-22T13:42:20+00:00","breadcrumb":{"@id":"http:\/\/denizcankizil.tr\/uk\/haberler\/gundem\/buskinin-2024-faaliyetlerine-meclisten-onay\/#breadcrumb"},"inLanguage":"uk","potentialAction":[{"@type":"ReadAction","target":["http:\/\/denizcankizil.tr\/uk\/haberler\/gundem\/buskinin-2024-faaliyetlerine-meclisten-onay\/"]}]},{"@type":"BreadcrumbList","@id":"http:\/\/denizcankizil.tr\/uk\/haberler\/gundem\/buskinin-2024-faaliyetlerine-meclisten-onay\/#breadcrumb","itemListElement":[{"@type":"ListItem","position":1,"name":"Home","item":"https:\/\/denizcankizil.tr\/de\/"},{"@type":"ListItem","position":2,"name":"BUSK\u0130&#8217;nin 2024 faaliyetlerine Meclis\u2019ten onay"}]},{"@type":"WebSite","@id":"https:\/\/denizcankizil.tr\/de\/#website","url":"https:\/\/denizcankizil.tr\/de\/","name":"Av. Deniz Can K\u0131z\u0131l","description":"Avukat Deniz Can K\u0131z\u0131l Antalya Barosu","publisher":{"@id":"https:\/\/denizcankizil.tr\/de\/#organization"},"potentialAction":[{"@type":"SearchAction","target":{"@type":"EntryPoint","urlTemplate":"https:\/\/denizcankizil.tr\/de\/?s={search_term_string}"},"query-input":{"@type":"PropertyValueSpecification","valueRequired":true,"valueName":"search_term_string"}}],"inLanguage":"uk"},{"@type":"Organization","@id":"https:\/\/denizcankizil.tr\/de\/#organization","name":"Av. Deniz Can K\u0131z\u0131l","url":"https:\/\/denizcankizil.tr\/de\/","logo":{"@type":"ImageObject","inLanguage":"uk","@id":"https:\/\/denizcankizil.tr\/de\/#\/schema\/logo\/image\/","url":"http:\/\/denizcankizil.tr\/wp-content\/uploads\/2024\/10\/siyah-logo-svg.svg","contentUrl":"http:\/\/denizcankizil.tr\/wp-content\/uploads\/2024\/10\/siyah-logo-svg.svg","width":1080,"height":1080,"caption":"Av. Deniz Can K\u0131z\u0131l"},"image":{"@id":"https:\/\/denizcankizil.tr\/de\/#\/schema\/logo\/image\/"}},{"@type":"Person","@id":"https:\/\/denizcankizil.tr\/de\/#\/schema\/person\/be3c05fe6a12686905512445d8185489","name":"\u0430\u0434\u043c\u0456\u043d","image":{"@type":"ImageObject","inLanguage":"uk","@id":"https:\/\/denizcankizil.tr\/de\/#\/schema\/person\/image\/","url":"https:\/\/secure.gravatar.com\/avatar\/c1fce94c830dc79107e174f890d7210541c4a63e8e5d816341794a2151c9d58c?s=96&d=mm&r=g","contentUrl":"https:\/\/secure.gravatar.com\/avatar\/c1fce94c830dc79107e174f890d7210541c4a63e8e5d816341794a2151c9d58c?s=96&d=mm&r=g","caption":"admin"},"sameAs":["http:\/\/denizcankizil.tr"],"url":"https:\/\/www.iskenderun.org\/buskinin-2024-faaliyetlerine-meclisten-onay"}]}},"_links":{"self":[{"href":"http:\/\/denizcankizil.tr\/uk\/wp-json\/wp\/v2\/posts\/94248","targetHints":{"allow":["GET"]}}],"collection":[{"href":"http:\/\/denizcankizil.tr\/uk\/wp-json\/wp\/v2\/posts"}],"about":[{"href":"http:\/\/denizcankizil.tr\/uk\/wp-json\/wp\/v2\/types\/post"}],"author":[{"embeddable":true,"href":"http:\/\/denizcankizil.tr\/uk\/wp-json\/wp\/v2\/users\/1"}],"replies":[{"embeddable":true,"href":"http:\/\/denizcankizil.tr\/uk\/wp-json\/wp\/v2\/comments?post=94248"}],"version-history":[{"count":0,"href":"http:\/\/denizcankizil.tr\/uk\/wp-json\/wp\/v2\/posts\/94248\/revisions"}],"wp:attachment":[{"href":"http:\/\/denizcankizil.tr\/uk\/wp-json\/wp\/v2\/media?parent=94248"}],"wp:term":[{"taxonomy":"category","embeddable":true,"href":"http:\/\/denizcankizil.tr\/uk\/wp-json\/wp\/v2\/categories?post=94248"},{"taxonomy":"post_tag","embeddable":true,"href":"http:\/\/denizcankizil.tr\/uk\/wp-json\/wp\/v2\/tags?post=94248"}],"curies":[{"name":"wp","href":"https:\/\/api.w.org\/{rel}","templated":true}]}}