{"id":93810,"date":"2025-05-22T00:14:00","date_gmt":"2025-05-21T21:14:00","guid":{"rendered":"https:\/\/denizcankizil.tr\/uncategorized-tr\/ihtiyati-tedbir-kararinin-kapsami-aciklama-ile-daraltilamaz-genisletilemez-veya-yorumlanamaz\/"},"modified":"2025-05-22T00:14:00","modified_gmt":"2025-05-21T21:14:00","slug":"ihtiyati-tedbir-kararinin-kapsami-aciklama-ile-daraltilamaz-genisletilemez-veya-yorumlanamaz","status":"publish","type":"post","link":"http:\/\/denizcankizil.tr\/uk\/hukukihaber\/ihtiyati-tedbir-kararinin-kapsami-aciklama-ile-daraltilamaz-genisletilemez-veya-yorumlanamaz\/","title":{"rendered":"\u0130HT\u0130YAT\u0130 TEDB\u0130R KARARININ KAPSAMI A\u00c7IKLAMA \u0130LE DARALTILAMAZ, GEN\u0130\u015eLET\u0130LEMEZ VEYA YORUMLANAMAZ"},"content":{"rendered":"<p>T.C.<\/p>\n<p>Yarg\u0131tay<\/p>\n<p>12. Hukuk Dairesi<\/p>\n<p>2015\/33167 E., 2016\/10344 K.<\/p>\n<p>&#8220;\u0130\u00e7tihat Metni&#8221;<\/p>\n<p>MAHKEMES\u0130 :\u0130cra Hukuk Mahkemesi<\/p>\n<p>Yukar\u0131da tarih ve numaras\u0131 yaz\u0131l\u0131 mahkeme karar\u0131n\u0131n m\u00fcddeti i\u00e7inde temyizen tetkiki alacakl\u0131 taraf\u0131ndan istenmesi \u00fczerine bu i\u015fle ilgili dosya mahallinden daireye g\u00f6nderilmi\u015f olup, dava dosyas\u0131 i\u00e7in Tetkik Hakimi &#8230; taraf\u0131ndan d\u00fczenlenen rapor dinlendikten ve dosya i\u00e7erisindeki t\u00fcm belgeler okunup incelendikten sonra i\u015fin gere\u011fi g\u00f6r\u00fc\u015f\u00fcl\u00fcp d\u00fc\u015f\u00fcn\u00fcld\u00fc:<\/p>\n<p>Kambiyo senetlerine mahsus haciz yolu ile takipte alacakl\u0131n\u0131n, menkul sat\u0131\u015f talebinin reddine ili\u015fkin memurluk i\u015fleminin iptali istemiyle \u015fikayet yolu ile icra mahkemesine ba\u015fvurdu\u011fu, icra mahkemesince; hacizli arac\u0131n takdiyat bilgisinde yer alan tedbir kararlar\u0131nda a\u00e7\u0131k\u00e7a icrai sat\u0131\u015flar\u0131n \u00f6nlenmesine dair a\u00e7\u0131k bir ibare bulunmamakta ise de, tedbir karar\u0131n\u0131n kapsam\u0131n\u0131n ancak karar\u0131 veren mahkemece belirlenece\u011fi ve tedbir karar\u0131n\u0131 veren mahkemece verilen yaz\u0131 cevab\u0131nda, tedbir karar\u0131n\u0131n icrai sat\u0131\u015fa engel oldu\u011fu belirtilerek kapsam\u0131n\u0131n tayin edildi\u011fi gerek\u00e7esi ile \u015fikayetin reddine karar verildi\u011fi anla\u015f\u0131lmaktad\u0131r.<\/p>\n<p>Somut olayda sat\u0131\u015f talep edilen &#8230;.. plakal\u0131 arac\u0131n takyidat bilgisinde &#8230;. Asliye Hukuk Mahkemesi&#8217;nin 2011\/81 E. say\u0131l\u0131 dosyas\u0131ndan 17.03.2011 tarihli ve 2014\/453 E. say\u0131l\u0131 dosyas\u0131ndan 03.12.2014 tarihli ihtiyati tedbir \u015ferhi bulundu\u011fu, &#8230;. Asliye Hukuk Mahkemesi&#8217;nin 2011\/81 E. say\u0131l\u0131 dosyas\u0131nda 17.03.2011 tarihli tensip tutana\u011f\u0131n\u0131n 10 nolu bendinde ta\u015f\u0131nmazlarla ilgili ihtiyati tedbir karar\u0131 verildi\u011fi, \u015fikayete konu &#8230;&#8230; plakal\u0131 ara\u00e7 ile ilgili ihtiyati tedbir karar\u0131 verilmedi\u011fi, &#8230;. Asliye Hukuk Mahkemesi&#8217;nin 2014\/153 E. say\u0131l\u0131 dosyas\u0131nda 13.11.2014 tarihli tensip tutana\u011f\u0131n\u0131n 11 nolu bendinde; davac\u0131 vekilinin ihtiyati tedbir talebinin kabul\u00fc ile HUMK&#8217;nun 101 ve devam\u0131 maddeleri gere\u011fince takdiren teminats\u0131z olarak &#8230;. ili &#8230;.. il\u00e7esi &#8230;. Mahallesi 777 ada 218 parselde kay\u0131tl\u0131 ta\u015f\u0131nmaz, &#8230;. ili &#8230;.. Mahallesi 172 ada 42 parselde kain ta\u015f\u0131nmazlar ile &#8230;&#8230; plakal\u0131 otamobilin daval\u0131 taraf ad\u0131na kay\u0131tl\u0131 olmas\u0131 halinde dava sonu\u00e7lan\u0131ncaya kadar \u00fc\u00e7\u00fcnc\u00fc \u015fah\u0131slara devir ve temlikinin \u00f6nlenmesi i\u00e7in ilgili kayd\u0131n \u00fczerine ihtiyati tedbir \u015ferhi konulmas\u0131na karar verildi\u011fi g\u00f6r\u00fclmektedir.<\/p>\n<p>&#8230;. Asliye Hukuk Mahkemesi&#8217;nin ihtiyati tedbir karar\u0131nda a\u00e7\u0131k\u00e7a icrai sat\u0131\u015fa engel oldu\u011fu belirtilmemi\u015ftir. \u0130htiyati tedbir karar\u0131n\u0131n kapsam\u0131 a\u00e7\u0131klama ile daralt\u0131lamaz, geni\u015fletilemez veya yorumlanamaz.<\/p>\n<p>O halde mahkemece, yukar\u0131da a\u00e7\u0131klanan nedenlerle \u015fikayetin kabul\u00fcne karar verilmesi gerekirken, reddi y\u00f6n\u00fcnde h\u00fck\u00fcm tesisi isabetsizdir.<\/p>\n<p>SONU\u00c7 : Alacakl\u0131n\u0131n temyiz itirazlar\u0131n\u0131n kabul\u00fc ile mahkeme karar\u0131n\u0131n yukar\u0131da yaz\u0131l\u0131 nedenlerle \u0130\u0130K&#8217;nun 366 ve HUMK\u2019nun 428. maddeleri uyar\u0131nca (BOZULMASINA), pe\u015fin al\u0131nan harc\u0131n istek halinde iadesine, ilam\u0131n tebli\u011finden itibaren 10 g\u00fcn i\u00e7inde karar d\u00fczeltme yolu a\u00e7\u0131k olmak \u00fczere, 07.04.2016 g\u00fcn\u00fcnde oybirli\u011fiyle karar verildi.<\/p>\n<p>\u200b\u0130htiyati tedbir karar\u0131n\u0131n kapsam\u0131 a\u00e7\u0131klama ile daralt\u0131lamaz, geni\u015fletilemez veya yorumlanamaz. O halde mahkemece, \u015fikayetin kabul\u00fcne karar verilmesi gerekirken, reddi y\u00f6n\u00fcnde h\u00fck\u00fcm tesisi isabetsizdir.\u00a0Hukuki Haber<\/p>\n<p>Haberin Al\u0131nt\u0131land\u0131\u011f\u0131 Kaynak: www.hukukihaber.net<\/p>","protected":false},"excerpt":{"rendered":"<p>T.C. Yarg\u0131tay 12. Hukuk Dairesi 2015\/33167 E., 2016\/10344 K. &#8220;\u0130\u00e7tihat Metni&#8221; MAHKEMES\u0130 :\u0130cra Hukuk Mahkemesi Yukar\u0131da tarih ve numaras\u0131 yaz\u0131l\u0131 mahkeme karar\u0131n\u0131n m\u00fcddeti i\u00e7inde temyizen tetkiki alacakl\u0131 taraf\u0131ndan istenmesi \u00fczerine bu i\u015fle ilgili dosya mahallinden daireye g\u00f6nderilmi\u015f olup, dava dosyas\u0131 i\u00e7in Tetkik Hakimi &#8230; taraf\u0131ndan d\u00fczenlenen rapor dinlendikten ve dosya i\u00e7erisindeki t\u00fcm belgeler okunup incelendikten sonra i\u015fin gere\u011fi g\u00f6r\u00fc\u015f\u00fcl\u00fcp d\u00fc\u015f\u00fcn\u00fcld\u00fc: Kambiyo senetlerine mahsus haciz yolu ile takipte alacakl\u0131n\u0131n, menkul sat\u0131\u015f talebinin reddine ili\u015fkin memurluk i\u015fleminin iptali istemiyle \u015fikayet yolu ile icra mahkemesine ba\u015fvurdu\u011fu, icra mahkemesince; hacizli arac\u0131n takdiyat bilgisinde yer alan tedbir kararlar\u0131nda a\u00e7\u0131k\u00e7a icrai sat\u0131\u015flar\u0131n \u00f6nlenmesine dair a\u00e7\u0131k bir ibare bulunmamakta ise de, tedbir karar\u0131n\u0131n kapsam\u0131n\u0131n ancak karar\u0131 veren mahkemece belirlenece\u011fi ve tedbir karar\u0131n\u0131 veren mahkemece verilen yaz\u0131 cevab\u0131nda, tedbir karar\u0131n\u0131n icrai sat\u0131\u015fa engel oldu\u011fu belirtilerek kapsam\u0131n\u0131n tayin edildi\u011fi gerek\u00e7esi ile \u015fikayetin reddine karar verildi\u011fi anla\u015f\u0131lmaktad\u0131r. Somut olayda sat\u0131\u015f talep edilen &#8230;.. plakal\u0131 arac\u0131n takyidat bilgisinde &#8230;. Asliye Hukuk Mahkemesi&#8217;nin 2011\/81 E. say\u0131l\u0131 dosyas\u0131ndan 17.03.2011 tarihli ve 2014\/453 E. say\u0131l\u0131 dosyas\u0131ndan 03.12.2014 tarihli ihtiyati tedbir \u015ferhi bulundu\u011fu, &#8230;. Asliye Hukuk Mahkemesi&#8217;nin 2011\/81 E. say\u0131l\u0131 dosyas\u0131nda 17.03.2011 tarihli tensip tutana\u011f\u0131n\u0131n 10 nolu bendinde ta\u015f\u0131nmazlarla ilgili ihtiyati tedbir karar\u0131 verildi\u011fi, \u015fikayete konu &#8230;&#8230; plakal\u0131 ara\u00e7 ile ilgili ihtiyati tedbir karar\u0131 verilmedi\u011fi, &hellip;<\/p>","protected":false},"author":3,"featured_media":0,"comment_status":"","ping_status":"open","sticky":false,"template":"","format":"standard","meta":{"_acf_changed":false,"footnotes":""},"categories":[27],"tags":[],"class_list":["post-93810","post","type-post","status-publish","format-standard","has-post-thumbnail","hentry","category-hukukihaber"],"acf":[],"yoast_head":"<!-- This site is optimized with the Yoast SEO Premium plugin v26.6 (Yoast SEO v27.1.1) - https:\/\/yoast.com\/product\/yoast-seo-premium-wordpress\/ -->\n<title>\u0130HT\u0130YAT\u0130 TEDB\u0130R KARARININ KAPSAMI A\u00c7IKLAMA \u0130LE DARALTILAMAZ, GEN\u0130\u015eLET\u0130LEMEZ VEYA YORUMLANAMAZ - Av. Deniz Can K\u0131z\u0131l<\/title>\n<meta name=\"robots\" content=\"index, follow, max-snippet:-1, max-image-preview:large, max-video-preview:-1\" \/>\n<link rel=\"canonical\" href=\"http:\/\/denizcankizil.tr\/uk\/hukukihaber\/ihtiyati-tedbir-kararinin-kapsami-aciklama-ile-daraltilamaz-genisletilemez-veya-yorumlanamaz\/\" \/>\n<meta property=\"og:locale\" content=\"uk_UA\" \/>\n<meta property=\"og:type\" content=\"article\" \/>\n<meta property=\"og:title\" content=\"\u0130HT\u0130YAT\u0130 TEDB\u0130R KARARININ KAPSAMI A\u00c7IKLAMA \u0130LE DARALTILAMAZ, GEN\u0130\u015eLET\u0130LEMEZ VEYA YORUMLANAMAZ\" \/>\n<meta property=\"og:description\" content=\"T.C. Yarg\u0131tay 12. Hukuk Dairesi 2015\/33167 E., 2016\/10344 K. &#8220;\u0130\u00e7tihat Metni&#8221; MAHKEMES\u0130 :\u0130cra Hukuk Mahkemesi Yukar\u0131da tarih ve numaras\u0131 yaz\u0131l\u0131 mahkeme karar\u0131n\u0131n m\u00fcddeti i\u00e7inde temyizen tetkiki alacakl\u0131 taraf\u0131ndan istenmesi \u00fczerine bu i\u015fle ilgili dosya mahallinden daireye g\u00f6nderilmi\u015f olup, dava dosyas\u0131 i\u00e7in Tetkik Hakimi &#8230; taraf\u0131ndan d\u00fczenlenen rapor dinlendikten ve dosya i\u00e7erisindeki t\u00fcm belgeler okunup incelendikten sonra i\u015fin gere\u011fi g\u00f6r\u00fc\u015f\u00fcl\u00fcp d\u00fc\u015f\u00fcn\u00fcld\u00fc: Kambiyo senetlerine mahsus haciz yolu ile takipte alacakl\u0131n\u0131n, menkul sat\u0131\u015f talebinin reddine ili\u015fkin memurluk i\u015fleminin iptali istemiyle \u015fikayet yolu ile icra mahkemesine ba\u015fvurdu\u011fu, icra mahkemesince; hacizli arac\u0131n takdiyat bilgisinde yer alan tedbir kararlar\u0131nda a\u00e7\u0131k\u00e7a icrai sat\u0131\u015flar\u0131n \u00f6nlenmesine dair a\u00e7\u0131k bir ibare bulunmamakta ise de, tedbir karar\u0131n\u0131n kapsam\u0131n\u0131n ancak karar\u0131 veren mahkemece belirlenece\u011fi ve tedbir karar\u0131n\u0131 veren mahkemece verilen yaz\u0131 cevab\u0131nda, tedbir karar\u0131n\u0131n icrai sat\u0131\u015fa engel oldu\u011fu belirtilerek kapsam\u0131n\u0131n tayin edildi\u011fi gerek\u00e7esi ile \u015fikayetin reddine karar verildi\u011fi anla\u015f\u0131lmaktad\u0131r. Somut olayda sat\u0131\u015f talep edilen &#8230;.. plakal\u0131 arac\u0131n takyidat bilgisinde &#8230;. Asliye Hukuk Mahkemesi&#8217;nin 2011\/81 E. say\u0131l\u0131 dosyas\u0131ndan 17.03.2011 tarihli ve 2014\/453 E. say\u0131l\u0131 dosyas\u0131ndan 03.12.2014 tarihli ihtiyati tedbir \u015ferhi bulundu\u011fu, &#8230;. Asliye Hukuk Mahkemesi&#8217;nin 2011\/81 E. say\u0131l\u0131 dosyas\u0131nda 17.03.2011 tarihli tensip tutana\u011f\u0131n\u0131n 10 nolu bendinde ta\u015f\u0131nmazlarla ilgili ihtiyati tedbir karar\u0131 verildi\u011fi, \u015fikayete konu &#8230;&#8230; plakal\u0131 ara\u00e7 ile ilgili ihtiyati tedbir karar\u0131 verilmedi\u011fi, &hellip;\" \/>\n<meta property=\"og:url\" content=\"http:\/\/denizcankizil.tr\/uk\/hukukihaber\/ihtiyati-tedbir-kararinin-kapsami-aciklama-ile-daraltilamaz-genisletilemez-veya-yorumlanamaz\/\" \/>\n<meta property=\"og:site_name\" content=\"Av. Deniz Can K\u0131z\u0131l\" \/>\n<meta property=\"article:published_time\" content=\"2025-05-21T21:14:00+00:00\" \/>\n<meta name=\"author\" content=\"Hukuki Haber.net\" \/>\n<meta name=\"twitter:card\" content=\"summary_large_image\" \/>\n<meta name=\"twitter:label1\" content=\"\u041d\u0430\u043f\u0438\u0441\u0430\u043d\u043e\" \/>\n\t<meta name=\"twitter:data1\" content=\"Hukuki Haber.net\" \/>\n\t<meta name=\"twitter:label2\" content=\"\u041f\u0440\u0438\u0431\u043b. \u0447\u0430\u0441 \u0447\u0438\u0442\u0430\u043d\u043d\u044f\" \/>\n\t<meta name=\"twitter:data2\" content=\"3 \u0445\u0432\u0438\u043b\u0438\u043d\u0438\" \/>\n<script type=\"application\/ld+json\" class=\"yoast-schema-graph\">{\"@context\":\"https:\/\/schema.org\",\"@graph\":[{\"@type\":\"Article\",\"@id\":\"http:\/\/denizcankizil.tr\/en\/hukukihaber\/ihtiyati-tedbir-kararinin-kapsami-aciklama-ile-daraltilamaz-genisletilemez-veya-yorumlanamaz\/#article\",\"isPartOf\":{\"@id\":\"http:\/\/denizcankizil.tr\/en\/hukukihaber\/ihtiyati-tedbir-kararinin-kapsami-aciklama-ile-daraltilamaz-genisletilemez-veya-yorumlanamaz\/\"},\"author\":{\"name\":\"Hukuki Haber.net\",\"@id\":\"https:\/\/denizcankizil.tr\/de\/#\/schema\/person\/001a271de994a0aa3f90eea084424822\"},\"headline\":\"\u0130HT\u0130YAT\u0130 TEDB\u0130R KARARININ KAPSAMI A\u00c7IKLAMA \u0130LE DARALTILAMAZ, GEN\u0130\u015eLET\u0130LEMEZ VEYA YORUMLANAMAZ\",\"datePublished\":\"2025-05-21T21:14:00+00:00\",\"mainEntityOfPage\":{\"@id\":\"http:\/\/denizcankizil.tr\/en\/hukukihaber\/ihtiyati-tedbir-kararinin-kapsami-aciklama-ile-daraltilamaz-genisletilemez-veya-yorumlanamaz\/\"},\"wordCount\":521,\"publisher\":{\"@id\":\"https:\/\/denizcankizil.tr\/de\/#organization\"},\"articleSection\":[\"Hukuki Haberler\"],\"inLanguage\":\"uk\"},{\"@type\":\"WebPage\",\"@id\":\"http:\/\/denizcankizil.tr\/en\/hukukihaber\/ihtiyati-tedbir-kararinin-kapsami-aciklama-ile-daraltilamaz-genisletilemez-veya-yorumlanamaz\/\",\"url\":\"http:\/\/denizcankizil.tr\/en\/hukukihaber\/ihtiyati-tedbir-kararinin-kapsami-aciklama-ile-daraltilamaz-genisletilemez-veya-yorumlanamaz\/\",\"name\":\"\u0130HT\u0130YAT\u0130 TEDB\u0130R KARARININ KAPSAMI A\u00c7IKLAMA \u0130LE DARALTILAMAZ, GEN\u0130\u015eLET\u0130LEMEZ VEYA YORUMLANAMAZ - Av. Deniz Can K\u0131z\u0131l\",\"isPartOf\":{\"@id\":\"https:\/\/denizcankizil.tr\/de\/#website\"},\"datePublished\":\"2025-05-21T21:14:00+00:00\",\"breadcrumb\":{\"@id\":\"http:\/\/denizcankizil.tr\/en\/hukukihaber\/ihtiyati-tedbir-kararinin-kapsami-aciklama-ile-daraltilamaz-genisletilemez-veya-yorumlanamaz\/#breadcrumb\"},\"inLanguage\":\"uk\",\"potentialAction\":[{\"@type\":\"ReadAction\",\"target\":[\"http:\/\/denizcankizil.tr\/en\/hukukihaber\/ihtiyati-tedbir-kararinin-kapsami-aciklama-ile-daraltilamaz-genisletilemez-veya-yorumlanamaz\/\"]}]},{\"@type\":\"BreadcrumbList\",\"@id\":\"http:\/\/denizcankizil.tr\/en\/hukukihaber\/ihtiyati-tedbir-kararinin-kapsami-aciklama-ile-daraltilamaz-genisletilemez-veya-yorumlanamaz\/#breadcrumb\",\"itemListElement\":[{\"@type\":\"ListItem\",\"position\":1,\"name\":\"Home\",\"item\":\"https:\/\/denizcankizil.tr\/de\/\"},{\"@type\":\"ListItem\",\"position\":2,\"name\":\"\u0130HT\u0130YAT\u0130 TEDB\u0130R KARARININ KAPSAMI A\u00c7IKLAMA \u0130LE DARALTILAMAZ, GEN\u0130\u015eLET\u0130LEMEZ VEYA YORUMLANAMAZ\"}]},{\"@type\":\"WebSite\",\"@id\":\"https:\/\/denizcankizil.tr\/de\/#website\",\"url\":\"https:\/\/denizcankizil.tr\/de\/\",\"name\":\"Av. Deniz Can K\u0131z\u0131l\",\"description\":\"Avukat Deniz Can K\u0131z\u0131l Antalya Barosu\",\"publisher\":{\"@id\":\"https:\/\/denizcankizil.tr\/de\/#organization\"},\"potentialAction\":[{\"@type\":\"SearchAction\",\"target\":{\"@type\":\"EntryPoint\",\"urlTemplate\":\"https:\/\/denizcankizil.tr\/de\/?s={search_term_string}\"},\"query-input\":{\"@type\":\"PropertyValueSpecification\",\"valueRequired\":true,\"valueName\":\"search_term_string\"}}],\"inLanguage\":\"uk\"},{\"@type\":\"Organization\",\"@id\":\"https:\/\/denizcankizil.tr\/de\/#organization\",\"name\":\"Av. Deniz Can K\u0131z\u0131l\",\"url\":\"https:\/\/denizcankizil.tr\/de\/\",\"logo\":{\"@type\":\"ImageObject\",\"inLanguage\":\"uk\",\"@id\":\"https:\/\/denizcankizil.tr\/de\/#\/schema\/logo\/image\/\",\"url\":\"http:\/\/denizcankizil.tr\/wp-content\/uploads\/2024\/10\/siyah-logo-svg.svg\",\"contentUrl\":\"http:\/\/denizcankizil.tr\/wp-content\/uploads\/2024\/10\/siyah-logo-svg.svg\",\"width\":1080,\"height\":1080,\"caption\":\"Av. Deniz Can K\u0131z\u0131l\"},\"image\":{\"@id\":\"https:\/\/denizcankizil.tr\/de\/#\/schema\/logo\/image\/\"}},{\"@type\":\"Person\",\"@id\":\"https:\/\/denizcankizil.tr\/de\/#\/schema\/person\/001a271de994a0aa3f90eea084424822\",\"name\":\"Hukuki Haber.net\",\"image\":{\"@type\":\"ImageObject\",\"inLanguage\":\"uk\",\"@id\":\"https:\/\/denizcankizil.tr\/de\/#\/schema\/person\/image\/\",\"url\":\"https:\/\/secure.gravatar.com\/avatar\/57d8a49151495586611a149d29fc42865b951dc053a84709a3172ccb5abf3118?s=96&d=mm&r=g\",\"contentUrl\":\"https:\/\/secure.gravatar.com\/avatar\/57d8a49151495586611a149d29fc42865b951dc053a84709a3172ccb5abf3118?s=96&d=mm&r=g\",\"caption\":\"Hukuki Haber.net\"},\"sameAs\":[\"http:\/\/www.hukukihaber.net\"],\"url\":\"http:\/\/denizcankizil.tr\/uk\/author\/hukukihabernet\/\"}]}<\/script>\n<!-- \/ Yoast SEO Premium plugin. -->","yoast_head_json":{"title":"\u0130HT\u0130YAT\u0130 TEDB\u0130R KARARININ KAPSAMI A\u00c7IKLAMA \u0130LE DARALTILAMAZ, GEN\u0130\u015eLET\u0130LEMEZ VEYA YORUMLANAMAZ - Av. Deniz Can K\u0131z\u0131l","robots":{"index":"index","follow":"follow","max-snippet":"max-snippet:-1","max-image-preview":"max-image-preview:large","max-video-preview":"max-video-preview:-1"},"canonical":"http:\/\/denizcankizil.tr\/uk\/hukukihaber\/ihtiyati-tedbir-kararinin-kapsami-aciklama-ile-daraltilamaz-genisletilemez-veya-yorumlanamaz\/","og_locale":"uk_UA","og_type":"article","og_title":"\u0130HT\u0130YAT\u0130 TEDB\u0130R KARARININ KAPSAMI A\u00c7IKLAMA \u0130LE DARALTILAMAZ, GEN\u0130\u015eLET\u0130LEMEZ VEYA YORUMLANAMAZ","og_description":"T.C. Yarg\u0131tay 12. Hukuk Dairesi 2015\/33167 E., 2016\/10344 K. &#8220;\u0130\u00e7tihat Metni&#8221; MAHKEMES\u0130 :\u0130cra Hukuk Mahkemesi Yukar\u0131da tarih ve numaras\u0131 yaz\u0131l\u0131 mahkeme karar\u0131n\u0131n m\u00fcddeti i\u00e7inde temyizen tetkiki alacakl\u0131 taraf\u0131ndan istenmesi \u00fczerine bu i\u015fle ilgili dosya mahallinden daireye g\u00f6nderilmi\u015f olup, dava dosyas\u0131 i\u00e7in Tetkik Hakimi &#8230; taraf\u0131ndan d\u00fczenlenen rapor dinlendikten ve dosya i\u00e7erisindeki t\u00fcm belgeler okunup incelendikten sonra i\u015fin gere\u011fi g\u00f6r\u00fc\u015f\u00fcl\u00fcp d\u00fc\u015f\u00fcn\u00fcld\u00fc: Kambiyo senetlerine mahsus haciz yolu ile takipte alacakl\u0131n\u0131n, menkul sat\u0131\u015f talebinin reddine ili\u015fkin memurluk i\u015fleminin iptali istemiyle \u015fikayet yolu ile icra mahkemesine ba\u015fvurdu\u011fu, icra mahkemesince; hacizli arac\u0131n takdiyat bilgisinde yer alan tedbir kararlar\u0131nda a\u00e7\u0131k\u00e7a icrai sat\u0131\u015flar\u0131n \u00f6nlenmesine dair a\u00e7\u0131k bir ibare bulunmamakta ise de, tedbir karar\u0131n\u0131n kapsam\u0131n\u0131n ancak karar\u0131 veren mahkemece belirlenece\u011fi ve tedbir karar\u0131n\u0131 veren mahkemece verilen yaz\u0131 cevab\u0131nda, tedbir karar\u0131n\u0131n icrai sat\u0131\u015fa engel oldu\u011fu belirtilerek kapsam\u0131n\u0131n tayin edildi\u011fi gerek\u00e7esi ile \u015fikayetin reddine karar verildi\u011fi anla\u015f\u0131lmaktad\u0131r. Somut olayda sat\u0131\u015f talep edilen &#8230;.. plakal\u0131 arac\u0131n takyidat bilgisinde &#8230;. Asliye Hukuk Mahkemesi&#8217;nin 2011\/81 E. say\u0131l\u0131 dosyas\u0131ndan 17.03.2011 tarihli ve 2014\/453 E. say\u0131l\u0131 dosyas\u0131ndan 03.12.2014 tarihli ihtiyati tedbir \u015ferhi bulundu\u011fu, &#8230;. Asliye Hukuk Mahkemesi&#8217;nin 2011\/81 E. say\u0131l\u0131 dosyas\u0131nda 17.03.2011 tarihli tensip tutana\u011f\u0131n\u0131n 10 nolu bendinde ta\u015f\u0131nmazlarla ilgili ihtiyati tedbir karar\u0131 verildi\u011fi, \u015fikayete konu &#8230;&#8230; plakal\u0131 ara\u00e7 ile ilgili ihtiyati tedbir karar\u0131 verilmedi\u011fi, &hellip;","og_url":"http:\/\/denizcankizil.tr\/uk\/hukukihaber\/ihtiyati-tedbir-kararinin-kapsami-aciklama-ile-daraltilamaz-genisletilemez-veya-yorumlanamaz\/","og_site_name":"Av. Deniz Can K\u0131z\u0131l","article_published_time":"2025-05-21T21:14:00+00:00","author":"Hukuki Haber.net","twitter_card":"summary_large_image","twitter_misc":{"\u041d\u0430\u043f\u0438\u0441\u0430\u043d\u043e":"Hukuki Haber.net","\u041f\u0440\u0438\u0431\u043b. \u0447\u0430\u0441 \u0447\u0438\u0442\u0430\u043d\u043d\u044f":"3 \u0445\u0432\u0438\u043b\u0438\u043d\u0438"},"schema":{"@context":"https:\/\/schema.org","@graph":[{"@type":"Article","@id":"http:\/\/denizcankizil.tr\/en\/hukukihaber\/ihtiyati-tedbir-kararinin-kapsami-aciklama-ile-daraltilamaz-genisletilemez-veya-yorumlanamaz\/#article","isPartOf":{"@id":"http:\/\/denizcankizil.tr\/en\/hukukihaber\/ihtiyati-tedbir-kararinin-kapsami-aciklama-ile-daraltilamaz-genisletilemez-veya-yorumlanamaz\/"},"author":{"name":"Hukuki Haber.net","@id":"https:\/\/denizcankizil.tr\/de\/#\/schema\/person\/001a271de994a0aa3f90eea084424822"},"headline":"\u0130HT\u0130YAT\u0130 TEDB\u0130R KARARININ KAPSAMI A\u00c7IKLAMA \u0130LE DARALTILAMAZ, GEN\u0130\u015eLET\u0130LEMEZ VEYA YORUMLANAMAZ","datePublished":"2025-05-21T21:14:00+00:00","mainEntityOfPage":{"@id":"http:\/\/denizcankizil.tr\/en\/hukukihaber\/ihtiyati-tedbir-kararinin-kapsami-aciklama-ile-daraltilamaz-genisletilemez-veya-yorumlanamaz\/"},"wordCount":521,"publisher":{"@id":"https:\/\/denizcankizil.tr\/de\/#organization"},"articleSection":["Hukuki Haberler"],"inLanguage":"uk"},{"@type":"WebPage","@id":"http:\/\/denizcankizil.tr\/en\/hukukihaber\/ihtiyati-tedbir-kararinin-kapsami-aciklama-ile-daraltilamaz-genisletilemez-veya-yorumlanamaz\/","url":"http:\/\/denizcankizil.tr\/en\/hukukihaber\/ihtiyati-tedbir-kararinin-kapsami-aciklama-ile-daraltilamaz-genisletilemez-veya-yorumlanamaz\/","name":"\u0130HT\u0130YAT\u0130 TEDB\u0130R KARARININ KAPSAMI A\u00c7IKLAMA \u0130LE DARALTILAMAZ, GEN\u0130\u015eLET\u0130LEMEZ VEYA YORUMLANAMAZ - Av. Deniz Can K\u0131z\u0131l","isPartOf":{"@id":"https:\/\/denizcankizil.tr\/de\/#website"},"datePublished":"2025-05-21T21:14:00+00:00","breadcrumb":{"@id":"http:\/\/denizcankizil.tr\/en\/hukukihaber\/ihtiyati-tedbir-kararinin-kapsami-aciklama-ile-daraltilamaz-genisletilemez-veya-yorumlanamaz\/#breadcrumb"},"inLanguage":"uk","potentialAction":[{"@type":"ReadAction","target":["http:\/\/denizcankizil.tr\/en\/hukukihaber\/ihtiyati-tedbir-kararinin-kapsami-aciklama-ile-daraltilamaz-genisletilemez-veya-yorumlanamaz\/"]}]},{"@type":"BreadcrumbList","@id":"http:\/\/denizcankizil.tr\/en\/hukukihaber\/ihtiyati-tedbir-kararinin-kapsami-aciklama-ile-daraltilamaz-genisletilemez-veya-yorumlanamaz\/#breadcrumb","itemListElement":[{"@type":"ListItem","position":1,"name":"Home","item":"https:\/\/denizcankizil.tr\/de\/"},{"@type":"ListItem","position":2,"name":"\u0130HT\u0130YAT\u0130 TEDB\u0130R KARARININ KAPSAMI A\u00c7IKLAMA \u0130LE DARALTILAMAZ, GEN\u0130\u015eLET\u0130LEMEZ VEYA YORUMLANAMAZ"}]},{"@type":"WebSite","@id":"https:\/\/denizcankizil.tr\/de\/#website","url":"https:\/\/denizcankizil.tr\/de\/","name":"Av. Deniz Can K\u0131z\u0131l","description":"Avukat Deniz Can K\u0131z\u0131l Antalya Barosu","publisher":{"@id":"https:\/\/denizcankizil.tr\/de\/#organization"},"potentialAction":[{"@type":"SearchAction","target":{"@type":"EntryPoint","urlTemplate":"https:\/\/denizcankizil.tr\/de\/?s={search_term_string}"},"query-input":{"@type":"PropertyValueSpecification","valueRequired":true,"valueName":"search_term_string"}}],"inLanguage":"uk"},{"@type":"Organization","@id":"https:\/\/denizcankizil.tr\/de\/#organization","name":"Av. Deniz Can K\u0131z\u0131l","url":"https:\/\/denizcankizil.tr\/de\/","logo":{"@type":"ImageObject","inLanguage":"uk","@id":"https:\/\/denizcankizil.tr\/de\/#\/schema\/logo\/image\/","url":"http:\/\/denizcankizil.tr\/wp-content\/uploads\/2024\/10\/siyah-logo-svg.svg","contentUrl":"http:\/\/denizcankizil.tr\/wp-content\/uploads\/2024\/10\/siyah-logo-svg.svg","width":1080,"height":1080,"caption":"Av. Deniz Can K\u0131z\u0131l"},"image":{"@id":"https:\/\/denizcankizil.tr\/de\/#\/schema\/logo\/image\/"}},{"@type":"Person","@id":"https:\/\/denizcankizil.tr\/de\/#\/schema\/person\/001a271de994a0aa3f90eea084424822","name":"Hukuki Haber.net","image":{"@type":"ImageObject","inLanguage":"uk","@id":"https:\/\/denizcankizil.tr\/de\/#\/schema\/person\/image\/","url":"https:\/\/secure.gravatar.com\/avatar\/57d8a49151495586611a149d29fc42865b951dc053a84709a3172ccb5abf3118?s=96&d=mm&r=g","contentUrl":"https:\/\/secure.gravatar.com\/avatar\/57d8a49151495586611a149d29fc42865b951dc053a84709a3172ccb5abf3118?s=96&d=mm&r=g","caption":"Hukuki Haber.net"},"sameAs":["http:\/\/www.hukukihaber.net"],"url":"http:\/\/denizcankizil.tr\/uk\/author\/hukukihabernet\/"}]}},"_links":{"self":[{"href":"http:\/\/denizcankizil.tr\/uk\/wp-json\/wp\/v2\/posts\/93810","targetHints":{"allow":["GET"]}}],"collection":[{"href":"http:\/\/denizcankizil.tr\/uk\/wp-json\/wp\/v2\/posts"}],"about":[{"href":"http:\/\/denizcankizil.tr\/uk\/wp-json\/wp\/v2\/types\/post"}],"author":[{"embeddable":true,"href":"http:\/\/denizcankizil.tr\/uk\/wp-json\/wp\/v2\/users\/3"}],"replies":[{"embeddable":true,"href":"http:\/\/denizcankizil.tr\/uk\/wp-json\/wp\/v2\/comments?post=93810"}],"version-history":[{"count":0,"href":"http:\/\/denizcankizil.tr\/uk\/wp-json\/wp\/v2\/posts\/93810\/revisions"}],"wp:attachment":[{"href":"http:\/\/denizcankizil.tr\/uk\/wp-json\/wp\/v2\/media?parent=93810"}],"wp:term":[{"taxonomy":"category","embeddable":true,"href":"http:\/\/denizcankizil.tr\/uk\/wp-json\/wp\/v2\/categories?post=93810"},{"taxonomy":"post_tag","embeddable":true,"href":"http:\/\/denizcankizil.tr\/uk\/wp-json\/wp\/v2\/tags?post=93810"}],"curies":[{"name":"wp","href":"https:\/\/api.w.org\/{rel}","templated":true}]}}