{"id":93606,"date":"2025-05-21T14:42:00","date_gmt":"2025-05-21T11:42:00","guid":{"rendered":"https:\/\/denizcankizil.tr\/uncategorized-tr\/bilkentli-iskenderunu-mercek-altina-aldi\/"},"modified":"2025-05-21T14:42:00","modified_gmt":"2025-05-21T11:42:00","slug":"bilkentli-iskenderunu-mercek-altina-aldi","status":"publish","type":"post","link":"http:\/\/denizcankizil.tr\/uk\/haberler\/gundem\/bilkentli-iskenderunu-mercek-altina-aldi\/","title":{"rendered":"Bilkentli \u0130skenderun\u2019u mercek alt\u0131na ald\u0131\u2026"},"content":{"rendered":"<p>Bilkent \u00dcniversitesi Kentsel Tasar\u0131m ve Peyzaj Mimarl\u0131\u011f\u0131 B\u00f6l\u00fcm\u00fc \u00f6\u011frencileri \u0130skenderun Belediye Ba\u015fkan\u0131 Mehmet D\u00f6nmez\u2019e daha ya\u015fanabilir, vizyoner ve diren\u00e7li bir \u0130skenderun hedefiyle yap\u0131lan \u00e7al\u0131\u015fmalar\u0131 bir sunumla aktard\u0131.<\/p>\n<p>Sunum yapan Bilkentli \u00f6\u011frenciler, kentsel alanlar\u0131n do\u011fal afetlere kar\u015f\u0131 direncini art\u0131rmay\u0131, sosyal ve k\u00fclt\u00fcrel ya\u015fam\u0131 zenginle\u015ftirmeyi ama\u00e7layan kapsaml\u0131 projeler geli\u015ftirdi. S\u00fcrd\u00fcr\u00fclebilirlik ve estetik kayg\u0131larla haz\u0131rlanan bu \u00f6neriler, \u0130skenderun\u2019un yeniden yap\u0131lanma s\u00fcrecine gen\u00e7 beyinlerin katk\u0131lar\u0131n\u0131 sunuyor.<\/p>\n<p>Deprem b\u00f6lgesinde yer alan \u0130skenderun\u2019un yeniden in\u015fas\u0131nda gen\u00e7lerin yarat\u0131c\u0131 fikirlerinin ve taze bak\u0131\u015f a\u00e7\u0131lar\u0131n\u0131n b\u00fcy\u00fck \u00f6nem ta\u015f\u0131d\u0131\u011f\u0131na dikkat \u00e7ekilen \u00e7al\u0131\u015fmalarda, kentin kendine \u00f6zg\u00fc dinamikleri dikkate al\u0131nd\u0131. \u00d6\u011frenciler, \u0130skenderun\u2019un potansiyelini en \u00fcst d\u00fczeye \u00e7\u0131karacak yenilik\u00e7i ve uygulanabilir \u00f6neriler sundu.<\/p>\n<p>Haz\u0131rlanan projeler aras\u0131nda; afetlere dayan\u0131kl\u0131 altyap\u0131 sistemleri, ye\u015fil alanlar\u0131n art\u0131r\u0131lmas\u0131 ve ekolojik koridorlar\u0131n olu\u015fturulmas\u0131, toplu ta\u015f\u0131ma entegrasyonu, k\u00fclt\u00fcrel miras\u0131n korunmas\u0131 ve modern ya\u015famla uyumlu hale getirilmesi gibi bir\u00e7ok ba\u015fl\u0131k yer ald\u0131. T\u00fcm projeler, \u0130skenderun\u2019un co\u011frafi, sosyal ve k\u00fclt\u00fcrel \u00f6zellikleri g\u00f6zetilerek, kat\u0131l\u0131mc\u0131 bir yakla\u015f\u0131mla tasarland\u0131\u011f\u0131 kaydedildi.<\/p>\n<p>Bu \u00e7al\u0131\u015fmalar, yaln\u0131zca akademik bir faaliyet olman\u0131n \u00f6tesinde, \u0130skenderun\u2019un gelece\u011fine y\u00f6nelik somut ad\u0131mlar at\u0131lmas\u0131na da katk\u0131 sunmay\u0131 hedefliyor.<\/p>\n<p>\u200bBilkent \u00dcniversitesi Kentsel Tasar\u0131m ve Peyzaj Mimarl\u0131\u011f\u0131 B\u00f6l\u00fcm\u00fc \u00f6\u011frencileri, tasar\u0131m st\u00fcdyosu dersleri kapsam\u0131nda \u0130skenderun\u2019u mercek alt\u0131na ald\u0131. Kentin gelece\u011fine \u0131\u015f\u0131k tutmay\u0131 ama\u00e7layan yenilik\u00e7i projeler, \u00f6\u011frencilerle birlikte y\u00fcr\u00fct\u00fclen \u00e7al\u0131\u015fmalarla \u015fekillendi.\u00a0<\/p>\n<p>\u200bHaberin Al\u0131nt\u0131land\u0131\u011f\u0131 Kaynak: www.iskenderun.org<\/p>","protected":false},"excerpt":{"rendered":"<p>Bilkent \u00dcniversitesi Kentsel Tasar\u0131m ve Peyzaj Mimarl\u0131\u011f\u0131 B\u00f6l\u00fcm\u00fc \u00f6\u011frencileri \u0130skenderun Belediye Ba\u015fkan\u0131 Mehmet D\u00f6nmez\u2019e daha ya\u015fanabilir, vizyoner ve diren\u00e7li bir \u0130skenderun hedefiyle yap\u0131lan \u00e7al\u0131\u015fmalar\u0131 bir sunumla aktard\u0131. Sunum yapan Bilkentli \u00f6\u011frenciler, kentsel alanlar\u0131n do\u011fal afetlere kar\u015f\u0131 direncini art\u0131rmay\u0131, sosyal ve k\u00fclt\u00fcrel ya\u015fam\u0131 zenginle\u015ftirmeyi ama\u00e7layan kapsaml\u0131 projeler geli\u015ftirdi. S\u00fcrd\u00fcr\u00fclebilirlik ve estetik kayg\u0131larla haz\u0131rlanan bu \u00f6neriler, \u0130skenderun\u2019un yeniden yap\u0131lanma s\u00fcrecine gen\u00e7 beyinlerin katk\u0131lar\u0131n\u0131 sunuyor. Deprem b\u00f6lgesinde yer alan \u0130skenderun\u2019un yeniden in\u015fas\u0131nda gen\u00e7lerin yarat\u0131c\u0131 fikirlerinin ve taze bak\u0131\u015f a\u00e7\u0131lar\u0131n\u0131n b\u00fcy\u00fck \u00f6nem ta\u015f\u0131d\u0131\u011f\u0131na dikkat \u00e7ekilen \u00e7al\u0131\u015fmalarda, kentin kendine \u00f6zg\u00fc dinamikleri dikkate al\u0131nd\u0131. \u00d6\u011frenciler, \u0130skenderun\u2019un potansiyelini en \u00fcst d\u00fczeye \u00e7\u0131karacak yenilik\u00e7i ve uygulanabilir \u00f6neriler sundu. Haz\u0131rlanan projeler aras\u0131nda; afetlere dayan\u0131kl\u0131 altyap\u0131 sistemleri, ye\u015fil alanlar\u0131n art\u0131r\u0131lmas\u0131 ve ekolojik koridorlar\u0131n olu\u015fturulmas\u0131, toplu ta\u015f\u0131ma entegrasyonu, k\u00fclt\u00fcrel miras\u0131n korunmas\u0131 ve modern ya\u015famla uyumlu hale getirilmesi gibi bir\u00e7ok ba\u015fl\u0131k yer ald\u0131. T\u00fcm projeler, \u0130skenderun\u2019un co\u011frafi, sosyal ve k\u00fclt\u00fcrel \u00f6zellikleri g\u00f6zetilerek, kat\u0131l\u0131mc\u0131 bir yakla\u015f\u0131mla tasarland\u0131\u011f\u0131 kaydedildi. Bu \u00e7al\u0131\u015fmalar, yaln\u0131zca akademik bir faaliyet olman\u0131n \u00f6tesinde, \u0130skenderun\u2019un gelece\u011fine y\u00f6nelik somut ad\u0131mlar at\u0131lmas\u0131na da katk\u0131 sunmay\u0131 hedefliyor. \u200bBilkent \u00dcniversitesi Kentsel Tasar\u0131m ve Peyzaj Mimarl\u0131\u011f\u0131 B\u00f6l\u00fcm\u00fc \u00f6\u011frencileri, tasar\u0131m st\u00fcdyosu dersleri kapsam\u0131nda \u0130skenderun\u2019u mercek alt\u0131na ald\u0131. Kentin gelece\u011fine \u0131\u015f\u0131k tutmay\u0131 ama\u00e7layan yenilik\u00e7i projeler, \u00f6\u011frencilerle birlikte y\u00fcr\u00fct\u00fclen \u00e7al\u0131\u015fmalarla \u015fekillendi.\u00a0 \u200bHaberin Al\u0131nt\u0131land\u0131\u011f\u0131 Kaynak: www.iskenderun.org<\/p>","protected":false},"author":1,"featured_media":0,"comment_status":"","ping_status":"open","sticky":false,"template":"","format":"standard","meta":{"_acf_changed":false,"footnotes":""},"categories":[24],"tags":[],"class_list":["post-93606","post","type-post","status-publish","format-standard","has-post-thumbnail","hentry","category-gundem"],"acf":[],"yoast_head":"<!-- This site is optimized with the Yoast SEO Premium plugin v26.6 (Yoast SEO v27.1.1) - https:\/\/yoast.com\/product\/yoast-seo-premium-wordpress\/ -->\n<title>Bilkentli \u0130skenderun\u2019u mercek alt\u0131na ald\u0131\u2026 - Av. Deniz Can K\u0131z\u0131l<\/title>\n<meta name=\"robots\" content=\"index, follow, max-snippet:-1, max-image-preview:large, max-video-preview:-1\" \/>\n<link rel=\"canonical\" href=\"http:\/\/denizcankizil.tr\/uk\/haberler\/gundem\/bilkentli-iskenderunu-mercek-altina-aldi\/\" \/>\n<meta property=\"og:locale\" content=\"uk_UA\" \/>\n<meta property=\"og:type\" content=\"article\" \/>\n<meta property=\"og:title\" content=\"Bilkentli \u0130skenderun\u2019u mercek alt\u0131na ald\u0131\u2026\" \/>\n<meta property=\"og:description\" content=\"Bilkent \u00dcniversitesi Kentsel Tasar\u0131m ve Peyzaj Mimarl\u0131\u011f\u0131 B\u00f6l\u00fcm\u00fc \u00f6\u011frencileri \u0130skenderun Belediye Ba\u015fkan\u0131 Mehmet D\u00f6nmez\u2019e daha ya\u015fanabilir, vizyoner ve diren\u00e7li bir \u0130skenderun hedefiyle yap\u0131lan \u00e7al\u0131\u015fmalar\u0131 bir sunumla aktard\u0131. Sunum yapan Bilkentli \u00f6\u011frenciler, kentsel alanlar\u0131n do\u011fal afetlere kar\u015f\u0131 direncini art\u0131rmay\u0131, sosyal ve k\u00fclt\u00fcrel ya\u015fam\u0131 zenginle\u015ftirmeyi ama\u00e7layan kapsaml\u0131 projeler geli\u015ftirdi. S\u00fcrd\u00fcr\u00fclebilirlik ve estetik kayg\u0131larla haz\u0131rlanan bu \u00f6neriler, \u0130skenderun\u2019un yeniden yap\u0131lanma s\u00fcrecine gen\u00e7 beyinlerin katk\u0131lar\u0131n\u0131 sunuyor. Deprem b\u00f6lgesinde yer alan \u0130skenderun\u2019un yeniden in\u015fas\u0131nda gen\u00e7lerin yarat\u0131c\u0131 fikirlerinin ve taze bak\u0131\u015f a\u00e7\u0131lar\u0131n\u0131n b\u00fcy\u00fck \u00f6nem ta\u015f\u0131d\u0131\u011f\u0131na dikkat \u00e7ekilen \u00e7al\u0131\u015fmalarda, kentin kendine \u00f6zg\u00fc dinamikleri dikkate al\u0131nd\u0131. \u00d6\u011frenciler, \u0130skenderun\u2019un potansiyelini en \u00fcst d\u00fczeye \u00e7\u0131karacak yenilik\u00e7i ve uygulanabilir \u00f6neriler sundu. Haz\u0131rlanan projeler aras\u0131nda; afetlere dayan\u0131kl\u0131 altyap\u0131 sistemleri, ye\u015fil alanlar\u0131n art\u0131r\u0131lmas\u0131 ve ekolojik koridorlar\u0131n olu\u015fturulmas\u0131, toplu ta\u015f\u0131ma entegrasyonu, k\u00fclt\u00fcrel miras\u0131n korunmas\u0131 ve modern ya\u015famla uyumlu hale getirilmesi gibi bir\u00e7ok ba\u015fl\u0131k yer ald\u0131. T\u00fcm projeler, \u0130skenderun\u2019un co\u011frafi, sosyal ve k\u00fclt\u00fcrel \u00f6zellikleri g\u00f6zetilerek, kat\u0131l\u0131mc\u0131 bir yakla\u015f\u0131mla tasarland\u0131\u011f\u0131 kaydedildi. Bu \u00e7al\u0131\u015fmalar, yaln\u0131zca akademik bir faaliyet olman\u0131n \u00f6tesinde, \u0130skenderun\u2019un gelece\u011fine y\u00f6nelik somut ad\u0131mlar at\u0131lmas\u0131na da katk\u0131 sunmay\u0131 hedefliyor. \u200bBilkent \u00dcniversitesi Kentsel Tasar\u0131m ve Peyzaj Mimarl\u0131\u011f\u0131 B\u00f6l\u00fcm\u00fc \u00f6\u011frencileri, tasar\u0131m st\u00fcdyosu dersleri kapsam\u0131nda \u0130skenderun\u2019u mercek alt\u0131na ald\u0131. Kentin gelece\u011fine \u0131\u015f\u0131k tutmay\u0131 ama\u00e7layan yenilik\u00e7i projeler, \u00f6\u011frencilerle birlikte y\u00fcr\u00fct\u00fclen \u00e7al\u0131\u015fmalarla \u015fekillendi.\u00a0 \u200bHaberin Al\u0131nt\u0131land\u0131\u011f\u0131 Kaynak: www.iskenderun.org\" \/>\n<meta property=\"og:url\" content=\"http:\/\/denizcankizil.tr\/uk\/haberler\/gundem\/bilkentli-iskenderunu-mercek-altina-aldi\/\" \/>\n<meta property=\"og:site_name\" content=\"Av. Deniz Can K\u0131z\u0131l\" \/>\n<meta property=\"article:published_time\" content=\"2025-05-21T11:42:00+00:00\" \/>\n<meta name=\"author\" content=\"admin\" \/>\n<meta name=\"twitter:card\" content=\"summary_large_image\" \/>\n<meta name=\"twitter:label1\" content=\"\u041d\u0430\u043f\u0438\u0441\u0430\u043d\u043e\" \/>\n\t<meta name=\"twitter:data1\" content=\"admin\" \/>\n\t<meta name=\"twitter:label2\" content=\"\u041f\u0440\u0438\u0431\u043b. \u0447\u0430\u0441 \u0447\u0438\u0442\u0430\u043d\u043d\u044f\" \/>\n\t<meta name=\"twitter:data2\" content=\"1 \u0445\u0432\u0438\u043b\u0438\u043d\u0430\" \/>\n<script type=\"application\/ld+json\" class=\"yoast-schema-graph\">{\"@context\":\"https:\/\/schema.org\",\"@graph\":[{\"@type\":\"Article\",\"@id\":\"http:\/\/denizcankizil.tr\/uk\/haberler\/gundem\/bilkentli-iskenderunu-mercek-altina-aldi\/#article\",\"isPartOf\":{\"@id\":\"http:\/\/denizcankizil.tr\/uk\/haberler\/gundem\/bilkentli-iskenderunu-mercek-altina-aldi\/\"},\"author\":{\"name\":\"admin\",\"@id\":\"https:\/\/denizcankizil.tr\/de\/#\/schema\/person\/be3c05fe6a12686905512445d8185489\"},\"headline\":\"Bilkentli \u0130skenderun\u2019u mercek alt\u0131na ald\u0131\u2026\",\"datePublished\":\"2025-05-21T11:42:00+00:00\",\"mainEntityOfPage\":{\"@id\":\"http:\/\/denizcankizil.tr\/uk\/haberler\/gundem\/bilkentli-iskenderunu-mercek-altina-aldi\/\"},\"wordCount\":304,\"publisher\":{\"@id\":\"https:\/\/denizcankizil.tr\/de\/#organization\"},\"articleSection\":[\"G\u00fcndem\"],\"inLanguage\":\"uk\"},{\"@type\":\"WebPage\",\"@id\":\"http:\/\/denizcankizil.tr\/uk\/haberler\/gundem\/bilkentli-iskenderunu-mercek-altina-aldi\/\",\"url\":\"http:\/\/denizcankizil.tr\/uk\/haberler\/gundem\/bilkentli-iskenderunu-mercek-altina-aldi\/\",\"name\":\"Bilkentli \u0130skenderun\u2019u mercek alt\u0131na ald\u0131\u2026 - Av. Deniz Can K\u0131z\u0131l\",\"isPartOf\":{\"@id\":\"https:\/\/denizcankizil.tr\/de\/#website\"},\"datePublished\":\"2025-05-21T11:42:00+00:00\",\"breadcrumb\":{\"@id\":\"http:\/\/denizcankizil.tr\/uk\/haberler\/gundem\/bilkentli-iskenderunu-mercek-altina-aldi\/#breadcrumb\"},\"inLanguage\":\"uk\",\"potentialAction\":[{\"@type\":\"ReadAction\",\"target\":[\"http:\/\/denizcankizil.tr\/uk\/haberler\/gundem\/bilkentli-iskenderunu-mercek-altina-aldi\/\"]}]},{\"@type\":\"BreadcrumbList\",\"@id\":\"http:\/\/denizcankizil.tr\/uk\/haberler\/gundem\/bilkentli-iskenderunu-mercek-altina-aldi\/#breadcrumb\",\"itemListElement\":[{\"@type\":\"ListItem\",\"position\":1,\"name\":\"Home\",\"item\":\"https:\/\/denizcankizil.tr\/de\/\"},{\"@type\":\"ListItem\",\"position\":2,\"name\":\"Bilkentli \u0130skenderun\u2019u mercek alt\u0131na ald\u0131\u2026\"}]},{\"@type\":\"WebSite\",\"@id\":\"https:\/\/denizcankizil.tr\/de\/#website\",\"url\":\"https:\/\/denizcankizil.tr\/de\/\",\"name\":\"Av. Deniz Can K\u0131z\u0131l\",\"description\":\"Avukat Deniz Can K\u0131z\u0131l Antalya Barosu\",\"publisher\":{\"@id\":\"https:\/\/denizcankizil.tr\/de\/#organization\"},\"potentialAction\":[{\"@type\":\"SearchAction\",\"target\":{\"@type\":\"EntryPoint\",\"urlTemplate\":\"https:\/\/denizcankizil.tr\/de\/?s={search_term_string}\"},\"query-input\":{\"@type\":\"PropertyValueSpecification\",\"valueRequired\":true,\"valueName\":\"search_term_string\"}}],\"inLanguage\":\"uk\"},{\"@type\":\"Organization\",\"@id\":\"https:\/\/denizcankizil.tr\/de\/#organization\",\"name\":\"Av. Deniz Can K\u0131z\u0131l\",\"url\":\"https:\/\/denizcankizil.tr\/de\/\",\"logo\":{\"@type\":\"ImageObject\",\"inLanguage\":\"uk\",\"@id\":\"https:\/\/denizcankizil.tr\/de\/#\/schema\/logo\/image\/\",\"url\":\"http:\/\/denizcankizil.tr\/wp-content\/uploads\/2024\/10\/siyah-logo-svg.svg\",\"contentUrl\":\"http:\/\/denizcankizil.tr\/wp-content\/uploads\/2024\/10\/siyah-logo-svg.svg\",\"width\":1080,\"height\":1080,\"caption\":\"Av. Deniz Can K\u0131z\u0131l\"},\"image\":{\"@id\":\"https:\/\/denizcankizil.tr\/de\/#\/schema\/logo\/image\/\"}},{\"@type\":\"Person\",\"@id\":\"https:\/\/denizcankizil.tr\/de\/#\/schema\/person\/be3c05fe6a12686905512445d8185489\",\"name\":\"admin\",\"image\":{\"@type\":\"ImageObject\",\"inLanguage\":\"uk\",\"@id\":\"https:\/\/denizcankizil.tr\/de\/#\/schema\/person\/image\/\",\"url\":\"https:\/\/secure.gravatar.com\/avatar\/c1fce94c830dc79107e174f890d7210541c4a63e8e5d816341794a2151c9d58c?s=96&d=mm&r=g\",\"contentUrl\":\"https:\/\/secure.gravatar.com\/avatar\/c1fce94c830dc79107e174f890d7210541c4a63e8e5d816341794a2151c9d58c?s=96&d=mm&r=g\",\"caption\":\"admin\"},\"sameAs\":[\"http:\/\/denizcankizil.tr\"],\"url\":\"https:\/\/www.iskenderun.org\/bilkentli-iskenderunu-mercek-altina-aldi\"}]}<\/script>\n<!-- \/ Yoast SEO Premium plugin. -->","yoast_head_json":{"title":"Bilkentli \u0130skenderun\u2019u mercek alt\u0131na ald\u0131\u2026 - Av. Deniz Can K\u0131z\u0131l","robots":{"index":"index","follow":"follow","max-snippet":"max-snippet:-1","max-image-preview":"max-image-preview:large","max-video-preview":"max-video-preview:-1"},"canonical":"http:\/\/denizcankizil.tr\/uk\/haberler\/gundem\/bilkentli-iskenderunu-mercek-altina-aldi\/","og_locale":"uk_UA","og_type":"article","og_title":"Bilkentli \u0130skenderun\u2019u mercek alt\u0131na ald\u0131\u2026","og_description":"Bilkent \u00dcniversitesi Kentsel Tasar\u0131m ve Peyzaj Mimarl\u0131\u011f\u0131 B\u00f6l\u00fcm\u00fc \u00f6\u011frencileri \u0130skenderun Belediye Ba\u015fkan\u0131 Mehmet D\u00f6nmez\u2019e daha ya\u015fanabilir, vizyoner ve diren\u00e7li bir \u0130skenderun hedefiyle yap\u0131lan \u00e7al\u0131\u015fmalar\u0131 bir sunumla aktard\u0131. Sunum yapan Bilkentli \u00f6\u011frenciler, kentsel alanlar\u0131n do\u011fal afetlere kar\u015f\u0131 direncini art\u0131rmay\u0131, sosyal ve k\u00fclt\u00fcrel ya\u015fam\u0131 zenginle\u015ftirmeyi ama\u00e7layan kapsaml\u0131 projeler geli\u015ftirdi. S\u00fcrd\u00fcr\u00fclebilirlik ve estetik kayg\u0131larla haz\u0131rlanan bu \u00f6neriler, \u0130skenderun\u2019un yeniden yap\u0131lanma s\u00fcrecine gen\u00e7 beyinlerin katk\u0131lar\u0131n\u0131 sunuyor. Deprem b\u00f6lgesinde yer alan \u0130skenderun\u2019un yeniden in\u015fas\u0131nda gen\u00e7lerin yarat\u0131c\u0131 fikirlerinin ve taze bak\u0131\u015f a\u00e7\u0131lar\u0131n\u0131n b\u00fcy\u00fck \u00f6nem ta\u015f\u0131d\u0131\u011f\u0131na dikkat \u00e7ekilen \u00e7al\u0131\u015fmalarda, kentin kendine \u00f6zg\u00fc dinamikleri dikkate al\u0131nd\u0131. \u00d6\u011frenciler, \u0130skenderun\u2019un potansiyelini en \u00fcst d\u00fczeye \u00e7\u0131karacak yenilik\u00e7i ve uygulanabilir \u00f6neriler sundu. Haz\u0131rlanan projeler aras\u0131nda; afetlere dayan\u0131kl\u0131 altyap\u0131 sistemleri, ye\u015fil alanlar\u0131n art\u0131r\u0131lmas\u0131 ve ekolojik koridorlar\u0131n olu\u015fturulmas\u0131, toplu ta\u015f\u0131ma entegrasyonu, k\u00fclt\u00fcrel miras\u0131n korunmas\u0131 ve modern ya\u015famla uyumlu hale getirilmesi gibi bir\u00e7ok ba\u015fl\u0131k yer ald\u0131. T\u00fcm projeler, \u0130skenderun\u2019un co\u011frafi, sosyal ve k\u00fclt\u00fcrel \u00f6zellikleri g\u00f6zetilerek, kat\u0131l\u0131mc\u0131 bir yakla\u015f\u0131mla tasarland\u0131\u011f\u0131 kaydedildi. Bu \u00e7al\u0131\u015fmalar, yaln\u0131zca akademik bir faaliyet olman\u0131n \u00f6tesinde, \u0130skenderun\u2019un gelece\u011fine y\u00f6nelik somut ad\u0131mlar at\u0131lmas\u0131na da katk\u0131 sunmay\u0131 hedefliyor. \u200bBilkent \u00dcniversitesi Kentsel Tasar\u0131m ve Peyzaj Mimarl\u0131\u011f\u0131 B\u00f6l\u00fcm\u00fc \u00f6\u011frencileri, tasar\u0131m st\u00fcdyosu dersleri kapsam\u0131nda \u0130skenderun\u2019u mercek alt\u0131na ald\u0131. Kentin gelece\u011fine \u0131\u015f\u0131k tutmay\u0131 ama\u00e7layan yenilik\u00e7i projeler, \u00f6\u011frencilerle birlikte y\u00fcr\u00fct\u00fclen \u00e7al\u0131\u015fmalarla \u015fekillendi.\u00a0 \u200bHaberin Al\u0131nt\u0131land\u0131\u011f\u0131 Kaynak: www.iskenderun.org","og_url":"http:\/\/denizcankizil.tr\/uk\/haberler\/gundem\/bilkentli-iskenderunu-mercek-altina-aldi\/","og_site_name":"Av. Deniz Can K\u0131z\u0131l","article_published_time":"2025-05-21T11:42:00+00:00","author":"admin","twitter_card":"summary_large_image","twitter_misc":{"\u041d\u0430\u043f\u0438\u0441\u0430\u043d\u043e":"admin","\u041f\u0440\u0438\u0431\u043b. \u0447\u0430\u0441 \u0447\u0438\u0442\u0430\u043d\u043d\u044f":"1 \u0445\u0432\u0438\u043b\u0438\u043d\u0430"},"schema":{"@context":"https:\/\/schema.org","@graph":[{"@type":"Article","@id":"http:\/\/denizcankizil.tr\/uk\/haberler\/gundem\/bilkentli-iskenderunu-mercek-altina-aldi\/#article","isPartOf":{"@id":"http:\/\/denizcankizil.tr\/uk\/haberler\/gundem\/bilkentli-iskenderunu-mercek-altina-aldi\/"},"author":{"name":"admin","@id":"https:\/\/denizcankizil.tr\/de\/#\/schema\/person\/be3c05fe6a12686905512445d8185489"},"headline":"Bilkentli \u0130skenderun\u2019u mercek alt\u0131na ald\u0131\u2026","datePublished":"2025-05-21T11:42:00+00:00","mainEntityOfPage":{"@id":"http:\/\/denizcankizil.tr\/uk\/haberler\/gundem\/bilkentli-iskenderunu-mercek-altina-aldi\/"},"wordCount":304,"publisher":{"@id":"https:\/\/denizcankizil.tr\/de\/#organization"},"articleSection":["G\u00fcndem"],"inLanguage":"uk"},{"@type":"WebPage","@id":"http:\/\/denizcankizil.tr\/uk\/haberler\/gundem\/bilkentli-iskenderunu-mercek-altina-aldi\/","url":"http:\/\/denizcankizil.tr\/uk\/haberler\/gundem\/bilkentli-iskenderunu-mercek-altina-aldi\/","name":"Bilkentli \u0130skenderun\u2019u mercek alt\u0131na ald\u0131\u2026 - Av. Deniz Can K\u0131z\u0131l","isPartOf":{"@id":"https:\/\/denizcankizil.tr\/de\/#website"},"datePublished":"2025-05-21T11:42:00+00:00","breadcrumb":{"@id":"http:\/\/denizcankizil.tr\/uk\/haberler\/gundem\/bilkentli-iskenderunu-mercek-altina-aldi\/#breadcrumb"},"inLanguage":"uk","potentialAction":[{"@type":"ReadAction","target":["http:\/\/denizcankizil.tr\/uk\/haberler\/gundem\/bilkentli-iskenderunu-mercek-altina-aldi\/"]}]},{"@type":"BreadcrumbList","@id":"http:\/\/denizcankizil.tr\/uk\/haberler\/gundem\/bilkentli-iskenderunu-mercek-altina-aldi\/#breadcrumb","itemListElement":[{"@type":"ListItem","position":1,"name":"Home","item":"https:\/\/denizcankizil.tr\/de\/"},{"@type":"ListItem","position":2,"name":"Bilkentli \u0130skenderun\u2019u mercek alt\u0131na ald\u0131\u2026"}]},{"@type":"WebSite","@id":"https:\/\/denizcankizil.tr\/de\/#website","url":"https:\/\/denizcankizil.tr\/de\/","name":"Av. Deniz Can K\u0131z\u0131l","description":"Avukat Deniz Can K\u0131z\u0131l Antalya Barosu","publisher":{"@id":"https:\/\/denizcankizil.tr\/de\/#organization"},"potentialAction":[{"@type":"SearchAction","target":{"@type":"EntryPoint","urlTemplate":"https:\/\/denizcankizil.tr\/de\/?s={search_term_string}"},"query-input":{"@type":"PropertyValueSpecification","valueRequired":true,"valueName":"search_term_string"}}],"inLanguage":"uk"},{"@type":"Organization","@id":"https:\/\/denizcankizil.tr\/de\/#organization","name":"Av. Deniz Can K\u0131z\u0131l","url":"https:\/\/denizcankizil.tr\/de\/","logo":{"@type":"ImageObject","inLanguage":"uk","@id":"https:\/\/denizcankizil.tr\/de\/#\/schema\/logo\/image\/","url":"http:\/\/denizcankizil.tr\/wp-content\/uploads\/2024\/10\/siyah-logo-svg.svg","contentUrl":"http:\/\/denizcankizil.tr\/wp-content\/uploads\/2024\/10\/siyah-logo-svg.svg","width":1080,"height":1080,"caption":"Av. Deniz Can K\u0131z\u0131l"},"image":{"@id":"https:\/\/denizcankizil.tr\/de\/#\/schema\/logo\/image\/"}},{"@type":"Person","@id":"https:\/\/denizcankizil.tr\/de\/#\/schema\/person\/be3c05fe6a12686905512445d8185489","name":"\u0430\u0434\u043c\u0456\u043d","image":{"@type":"ImageObject","inLanguage":"uk","@id":"https:\/\/denizcankizil.tr\/de\/#\/schema\/person\/image\/","url":"https:\/\/secure.gravatar.com\/avatar\/c1fce94c830dc79107e174f890d7210541c4a63e8e5d816341794a2151c9d58c?s=96&d=mm&r=g","contentUrl":"https:\/\/secure.gravatar.com\/avatar\/c1fce94c830dc79107e174f890d7210541c4a63e8e5d816341794a2151c9d58c?s=96&d=mm&r=g","caption":"admin"},"sameAs":["http:\/\/denizcankizil.tr"],"url":"https:\/\/www.iskenderun.org\/bilkentli-iskenderunu-mercek-altina-aldi"}]}},"_links":{"self":[{"href":"http:\/\/denizcankizil.tr\/uk\/wp-json\/wp\/v2\/posts\/93606","targetHints":{"allow":["GET"]}}],"collection":[{"href":"http:\/\/denizcankizil.tr\/uk\/wp-json\/wp\/v2\/posts"}],"about":[{"href":"http:\/\/denizcankizil.tr\/uk\/wp-json\/wp\/v2\/types\/post"}],"author":[{"embeddable":true,"href":"http:\/\/denizcankizil.tr\/uk\/wp-json\/wp\/v2\/users\/1"}],"replies":[{"embeddable":true,"href":"http:\/\/denizcankizil.tr\/uk\/wp-json\/wp\/v2\/comments?post=93606"}],"version-history":[{"count":0,"href":"http:\/\/denizcankizil.tr\/uk\/wp-json\/wp\/v2\/posts\/93606\/revisions"}],"wp:attachment":[{"href":"http:\/\/denizcankizil.tr\/uk\/wp-json\/wp\/v2\/media?parent=93606"}],"wp:term":[{"taxonomy":"category","embeddable":true,"href":"http:\/\/denizcankizil.tr\/uk\/wp-json\/wp\/v2\/categories?post=93606"},{"taxonomy":"post_tag","embeddable":true,"href":"http:\/\/denizcankizil.tr\/uk\/wp-json\/wp\/v2\/tags?post=93606"}],"curies":[{"name":"wp","href":"https:\/\/api.w.org\/{rel}","templated":true}]}}