{"id":93542,"date":"2025-05-21T11:41:21","date_gmt":"2025-05-21T08:41:21","guid":{"rendered":"https:\/\/denizcankizil.tr\/uncategorized-tr\/kil-donmesine-kalici-mudahale\/"},"modified":"2025-05-21T11:41:21","modified_gmt":"2025-05-21T08:41:21","slug":"kil-donmesine-kalici-mudahale","status":"publish","type":"post","link":"http:\/\/denizcankizil.tr\/uk\/haberler\/antalya\/kil-donmesine-kalici-mudahale\/","title":{"rendered":"K\u0131l d\u00f6nmesine kal\u0131c\u0131 m\u00fcdahale"},"content":{"rendered":"<p>Akdeniz \u00dcniversitesi&#8217;nde geli\u015ftirilen yeni cerrahi y\u00f6ntem, toplumda yayg\u0131n olarak g\u00f6r\u00fclen ve ya\u015fam kalitesini d\u00fc\u015f\u00fcren k\u0131l d\u00f6nmesi hastal\u0131\u011f\u0131na kal\u0131c\u0131 ve iz b\u0131rakmayan bir \u00e7\u00f6z\u00fcm sunuyor. Kullan\u0131lan di\u011fer tekniklerde iz kald\u0131\u011f\u0131n\u0131 belirten Genel Cerrahi ve T\u0131bbi Biyoteknoloji Anabilim Dal\u0131 \u00f6\u011fretim \u00fcyesi Do\u00e7. Dr. \u00d6zg\u00fcr Dandin&#8217;in \u00f6nc\u00fcl\u00fc\u011f\u00fcnde uygulanan teknik, \u00f6zellikle estetik kayg\u0131 ta\u015f\u0131yan hastalar i\u00e7in avantaj sa\u011fl\u0131yor. K\u0131l d\u00f6nmesi hastal\u0131\u011f\u0131n\u0131n \u00f6zellikle gen\u00e7 ya\u015f grubunda s\u0131k g\u00f6r\u00fcld\u00fc\u011f\u00fcn\u00fc belirten Do\u00e7. Dr. Dandin, hastal\u0131\u011f\u0131n genellikle kuyruk sokumunda ak\u0131nt\u0131, \u015fi\u015flik ve a\u011fr\u0131 gibi \u015fikayetlerle ortaya \u00e7\u0131kt\u0131\u011f\u0131n\u0131, cerrahi tedavi gerektirebildi\u011fini s\u00f6yledi.<\/p>\n<p>&#8216;GELENEKSEL Y\u00d6NTEMLER \u0130Z BIRAKIYOR&#8217;<\/p>\n<p>Mevcut tedavi y\u00f6ntemlerinin her zaman kal\u0131c\u0131 \u00e7\u00f6z\u00fcm sunmad\u0131\u011f\u0131n\u0131 ifade eden Do\u00e7. Dr. Dandin, \u201cGeleneksel cerrahi tedavi y\u00f6ntemlerinde, hastal\u0131kl\u0131 doku \u00e7\u0131kar\u0131l\u0131r ve yara ya kapat\u0131l\u0131r ya da a\u00e7\u0131k b\u0131rak\u0131l\u0131r. Baz\u0131 durumlarda, v\u00fccudun ba\u015fka bir b\u00f6lgesinden doku al\u0131narak o alana yerle\u015ftirilir. Ancak bu y\u00f6ntemler her zaman ba\u015far\u0131l\u0131 olmayabilir ve hastal\u0131k tekrar edebilir. \u00d6zellikle kad\u0131n hastalarda, bu tedaviler sonras\u0131nda estetik a\u00e7\u0131dan ho\u015f olmayan g\u00f6r\u00fcnt\u00fcler olu\u015fabilir&#8221; dedi.<\/p>\n<p>Do\u00e7. Dr. Dandin, geli\u015ftirdikleri yeni cerrahi y\u00f6ntemin yaln\u0131zca Akdeniz \u00dcniversitesi&#8217;nde uyguland\u0131\u011f\u0131n\u0131 belirterek, \u201cGeli\u015ftirdi\u011fimiz yeni cerrahi teknikle izsiz bir \u015fekilde sorunlara \u00e7\u00f6z\u00fcm getirmeyi ama\u00e7lad\u0131k. Bu y\u00f6ntem, sadece Akdeniz \u00dcniversitesi&#8217;nde uygulanan yenilik\u00e7i bir yakla\u015f\u0131md\u0131r. Hastal\u0131kl\u0131 b\u00f6lgeyi yakla\u015f\u0131k 1 santimetrelik \u00f6zel bir kesiyle temizliyoruz. Daha sonra bu alan dikkatlice kar\u015f\u0131l\u0131kl\u0131 dikiliyor. B\u00f6ylece yaran\u0131n i\u00e7 k\u0131sm\u0131nda bo\u015fluk olu\u015fmuyor, bu da enfeksiyon riskini azalt\u0131yor ve yara dudaklar\u0131n\u0131n sa\u011fl\u0131kl\u0131 \u015fekilde birle\u015fmesini sa\u011fl\u0131yor\u201d diye konu\u015ftu.<\/p>\n<p>\u0130Y\u0130LE\u015eME S\u00dcREC\u0130 KISALIYOR<\/p>\n<p>Yeni y\u00f6ntemin bir di\u011fer avantaj\u0131n\u0131n da kuyruk sokumundaki darl\u0131\u011f\u0131n giderilmesi oldu\u011funu belirten Do\u00e7. Dr. Dandin, \u201cB\u00f6ylece daha geni\u015f bir alan elde ediliyor hem estetik g\u00f6r\u00fcn\u00fcm iyile\u015fiyor hem de iyile\u015fme s\u00fcreci h\u0131zlan\u0131yor. \u00c7ok k\u0131sa s\u00fcren bir operasyonla t\u00fcm rahats\u0131zl\u0131k gideriliyor. Hastalar iz kalmadan ve konforlu bir \u015fekilde tedavi olabiliyor&#8221; ifadelerini kulland\u0131.<\/p>\n<p>Kaynak: www.kanalv.com.tr Haber Sitesinden Al\u0131nm\u0131\u015ft\u0131r.<\/p>","protected":false},"excerpt":{"rendered":"<p>Akdeniz \u00dcniversitesi&#8217;nde geli\u015ftirilen yeni cerrahi y\u00f6ntem, toplumda yayg\u0131n olarak g\u00f6r\u00fclen ve ya\u015fam kalitesini d\u00fc\u015f\u00fcren k\u0131l d\u00f6nmesi hastal\u0131\u011f\u0131na kal\u0131c\u0131 ve iz b\u0131rakmayan bir \u00e7\u00f6z\u00fcm sunuyor. Kullan\u0131lan di\u011fer tekniklerde iz kald\u0131\u011f\u0131n\u0131 belirten Genel Cerrahi ve T\u0131bbi Biyoteknoloji Anabilim Dal\u0131 \u00f6\u011fretim \u00fcyesi Do\u00e7. Dr. \u00d6zg\u00fcr Dandin&#8217;in \u00f6nc\u00fcl\u00fc\u011f\u00fcnde uygulanan teknik, \u00f6zellikle estetik kayg\u0131 ta\u015f\u0131yan hastalar i\u00e7in avantaj sa\u011fl\u0131yor. K\u0131l d\u00f6nmesi hastal\u0131\u011f\u0131n\u0131n \u00f6zellikle gen\u00e7 ya\u015f grubunda s\u0131k g\u00f6r\u00fcld\u00fc\u011f\u00fcn\u00fc belirten Do\u00e7. Dr. Dandin, hastal\u0131\u011f\u0131n genellikle kuyruk sokumunda ak\u0131nt\u0131, \u015fi\u015flik ve a\u011fr\u0131 gibi \u015fikayetlerle ortaya \u00e7\u0131kt\u0131\u011f\u0131n\u0131, cerrahi tedavi gerektirebildi\u011fini s\u00f6yledi. &#8216;GELENEKSEL Y\u00d6NTEMLER \u0130Z BIRAKIYOR&#8217; Mevcut tedavi y\u00f6ntemlerinin her zaman kal\u0131c\u0131 \u00e7\u00f6z\u00fcm sunmad\u0131\u011f\u0131n\u0131 ifade eden Do\u00e7. Dr. Dandin, \u201cGeleneksel cerrahi tedavi y\u00f6ntemlerinde, hastal\u0131kl\u0131 doku \u00e7\u0131kar\u0131l\u0131r ve yara ya kapat\u0131l\u0131r ya da a\u00e7\u0131k b\u0131rak\u0131l\u0131r. Baz\u0131 durumlarda, v\u00fccudun ba\u015fka bir b\u00f6lgesinden doku al\u0131narak o alana yerle\u015ftirilir. Ancak bu y\u00f6ntemler her zaman ba\u015far\u0131l\u0131 olmayabilir ve hastal\u0131k tekrar edebilir. \u00d6zellikle kad\u0131n hastalarda, bu tedaviler sonras\u0131nda estetik a\u00e7\u0131dan ho\u015f olmayan g\u00f6r\u00fcnt\u00fcler olu\u015fabilir&#8221; dedi. Do\u00e7. Dr. Dandin, geli\u015ftirdikleri yeni cerrahi y\u00f6ntemin yaln\u0131zca Akdeniz \u00dcniversitesi&#8217;nde uyguland\u0131\u011f\u0131n\u0131 belirterek, \u201cGeli\u015ftirdi\u011fimiz yeni cerrahi teknikle izsiz bir \u015fekilde sorunlara \u00e7\u00f6z\u00fcm getirmeyi ama\u00e7lad\u0131k. Bu y\u00f6ntem, sadece Akdeniz \u00dcniversitesi&#8217;nde uygulanan yenilik\u00e7i bir yakla\u015f\u0131md\u0131r. Hastal\u0131kl\u0131 b\u00f6lgeyi yakla\u015f\u0131k 1 santimetrelik \u00f6zel bir kesiyle temizliyoruz. Daha sonra bu alan dikkatlice kar\u015f\u0131l\u0131kl\u0131 dikiliyor. B\u00f6ylece yaran\u0131n &hellip;<\/p>","protected":false},"author":4,"featured_media":93543,"comment_status":"","ping_status":"open","sticky":false,"template":"","format":"standard","meta":{"_acf_changed":false,"footnotes":""},"categories":[26],"tags":[],"class_list":["post-93542","post","type-post","status-publish","format-standard","has-post-thumbnail","hentry","category-antalya"],"acf":[],"yoast_head":"<!-- This site is optimized with the Yoast SEO Premium plugin v26.6 (Yoast SEO v27.1.1) - https:\/\/yoast.com\/product\/yoast-seo-premium-wordpress\/ -->\n<title>K\u0131l d\u00f6nmesine kal\u0131c\u0131 m\u00fcdahale - Av. Deniz Can K\u0131z\u0131l<\/title>\n<meta name=\"robots\" content=\"index, follow, max-snippet:-1, max-image-preview:large, max-video-preview:-1\" \/>\n<link rel=\"canonical\" href=\"https:\/\/denizcankizil.tr\/uk\/haberler\/antalya\/kil-donmesine-kalici-mudahale\/\" \/>\n<meta property=\"og:locale\" content=\"uk_UA\" \/>\n<meta property=\"og:type\" content=\"article\" \/>\n<meta property=\"og:title\" content=\"K\u0131l d\u00f6nmesine kal\u0131c\u0131 m\u00fcdahale\" \/>\n<meta property=\"og:description\" content=\"Akdeniz \u00dcniversitesi&#8217;nde geli\u015ftirilen yeni cerrahi y\u00f6ntem, toplumda yayg\u0131n olarak g\u00f6r\u00fclen ve ya\u015fam kalitesini d\u00fc\u015f\u00fcren k\u0131l d\u00f6nmesi hastal\u0131\u011f\u0131na kal\u0131c\u0131 ve iz b\u0131rakmayan bir \u00e7\u00f6z\u00fcm sunuyor. Kullan\u0131lan di\u011fer tekniklerde iz kald\u0131\u011f\u0131n\u0131 belirten Genel Cerrahi ve T\u0131bbi Biyoteknoloji Anabilim Dal\u0131 \u00f6\u011fretim \u00fcyesi Do\u00e7. Dr. \u00d6zg\u00fcr Dandin&#8217;in \u00f6nc\u00fcl\u00fc\u011f\u00fcnde uygulanan teknik, \u00f6zellikle estetik kayg\u0131 ta\u015f\u0131yan hastalar i\u00e7in avantaj sa\u011fl\u0131yor. K\u0131l d\u00f6nmesi hastal\u0131\u011f\u0131n\u0131n \u00f6zellikle gen\u00e7 ya\u015f grubunda s\u0131k g\u00f6r\u00fcld\u00fc\u011f\u00fcn\u00fc belirten Do\u00e7. Dr. Dandin, hastal\u0131\u011f\u0131n genellikle kuyruk sokumunda ak\u0131nt\u0131, \u015fi\u015flik ve a\u011fr\u0131 gibi \u015fikayetlerle ortaya \u00e7\u0131kt\u0131\u011f\u0131n\u0131, cerrahi tedavi gerektirebildi\u011fini s\u00f6yledi. &#8216;GELENEKSEL Y\u00d6NTEMLER \u0130Z BIRAKIYOR&#8217; Mevcut tedavi y\u00f6ntemlerinin her zaman kal\u0131c\u0131 \u00e7\u00f6z\u00fcm sunmad\u0131\u011f\u0131n\u0131 ifade eden Do\u00e7. Dr. Dandin, \u201cGeleneksel cerrahi tedavi y\u00f6ntemlerinde, hastal\u0131kl\u0131 doku \u00e7\u0131kar\u0131l\u0131r ve yara ya kapat\u0131l\u0131r ya da a\u00e7\u0131k b\u0131rak\u0131l\u0131r. Baz\u0131 durumlarda, v\u00fccudun ba\u015fka bir b\u00f6lgesinden doku al\u0131narak o alana yerle\u015ftirilir. Ancak bu y\u00f6ntemler her zaman ba\u015far\u0131l\u0131 olmayabilir ve hastal\u0131k tekrar edebilir. \u00d6zellikle kad\u0131n hastalarda, bu tedaviler sonras\u0131nda estetik a\u00e7\u0131dan ho\u015f olmayan g\u00f6r\u00fcnt\u00fcler olu\u015fabilir&#8221; dedi. Do\u00e7. Dr. Dandin, geli\u015ftirdikleri yeni cerrahi y\u00f6ntemin yaln\u0131zca Akdeniz \u00dcniversitesi&#8217;nde uyguland\u0131\u011f\u0131n\u0131 belirterek, \u201cGeli\u015ftirdi\u011fimiz yeni cerrahi teknikle izsiz bir \u015fekilde sorunlara \u00e7\u00f6z\u00fcm getirmeyi ama\u00e7lad\u0131k. Bu y\u00f6ntem, sadece Akdeniz \u00dcniversitesi&#8217;nde uygulanan yenilik\u00e7i bir yakla\u015f\u0131md\u0131r. Hastal\u0131kl\u0131 b\u00f6lgeyi yakla\u015f\u0131k 1 santimetrelik \u00f6zel bir kesiyle temizliyoruz. Daha sonra bu alan dikkatlice kar\u015f\u0131l\u0131kl\u0131 dikiliyor. B\u00f6ylece yaran\u0131n &hellip;\" \/>\n<meta property=\"og:url\" content=\"https:\/\/denizcankizil.tr\/uk\/haberler\/antalya\/kil-donmesine-kalici-mudahale\/\" \/>\n<meta property=\"og:site_name\" content=\"Av. Deniz Can K\u0131z\u0131l\" \/>\n<meta property=\"article:published_time\" content=\"2025-05-21T08:41:21+00:00\" \/>\n<meta property=\"og:image\" content=\"https:\/\/denizcankizil.tr\/wp-content\/uploads\/2025\/05\/6456-01-JvoToW.jpg\" \/>\n\t<meta property=\"og:image:width\" content=\"1280\" \/>\n\t<meta property=\"og:image:height\" content=\"720\" \/>\n\t<meta property=\"og:image:type\" content=\"image\/jpeg\" \/>\n<meta name=\"author\" content=\"Av. Deniz Can K\u0131z\u0131l\" \/>\n<meta name=\"twitter:card\" content=\"summary_large_image\" \/>\n<meta name=\"twitter:label1\" content=\"\u041d\u0430\u043f\u0438\u0441\u0430\u043d\u043e\" \/>\n\t<meta name=\"twitter:data1\" content=\"Av. Deniz Can K\u0131z\u0131l\" \/>\n\t<meta name=\"twitter:label2\" content=\"\u041f\u0440\u0438\u0431\u043b. \u0447\u0430\u0441 \u0447\u0438\u0442\u0430\u043d\u043d\u044f\" \/>\n\t<meta name=\"twitter:data2\" content=\"2 \u0445\u0432\u0438\u043b\u0438\u043d\u0438\" \/>\n<script type=\"application\/ld+json\" class=\"yoast-schema-graph\">{\"@context\":\"https:\/\/schema.org\",\"@graph\":[{\"@type\":\"Article\",\"@id\":\"https:\/\/denizcankizil.tr\/de\/haberler\/antalya\/kil-donmesine-kalici-mudahale\/#article\",\"isPartOf\":{\"@id\":\"https:\/\/denizcankizil.tr\/de\/haberler\/antalya\/kil-donmesine-kalici-mudahale\/\"},\"author\":{\"name\":\"Av. Deniz Can K\u0131z\u0131l\",\"@id\":\"https:\/\/denizcankizil.tr\/de\/#\/schema\/person\/5dc1b22991bd7ac833867c10afc9b0ff\"},\"headline\":\"K\u0131l d\u00f6nmesine kal\u0131c\u0131 m\u00fcdahale\",\"datePublished\":\"2025-05-21T08:41:21+00:00\",\"mainEntityOfPage\":{\"@id\":\"https:\/\/denizcankizil.tr\/de\/haberler\/antalya\/kil-donmesine-kalici-mudahale\/\"},\"wordCount\":419,\"publisher\":{\"@id\":\"https:\/\/denizcankizil.tr\/de\/#organization\"},\"image\":{\"@id\":\"https:\/\/denizcankizil.tr\/de\/haberler\/antalya\/kil-donmesine-kalici-mudahale\/#primaryimage\"},\"thumbnailUrl\":\"http:\/\/denizcankizil.tr\/wp-content\/uploads\/2025\/05\/6456-01-JvoToW.jpg\",\"articleSection\":[\"Antalya\"],\"inLanguage\":\"uk\"},{\"@type\":\"WebPage\",\"@id\":\"https:\/\/denizcankizil.tr\/de\/haberler\/antalya\/kil-donmesine-kalici-mudahale\/\",\"url\":\"https:\/\/denizcankizil.tr\/de\/haberler\/antalya\/kil-donmesine-kalici-mudahale\/\",\"name\":\"K\u0131l d\u00f6nmesine kal\u0131c\u0131 m\u00fcdahale - Av. Deniz Can K\u0131z\u0131l\",\"isPartOf\":{\"@id\":\"https:\/\/denizcankizil.tr\/de\/#website\"},\"primaryImageOfPage\":{\"@id\":\"https:\/\/denizcankizil.tr\/de\/haberler\/antalya\/kil-donmesine-kalici-mudahale\/#primaryimage\"},\"image\":{\"@id\":\"https:\/\/denizcankizil.tr\/de\/haberler\/antalya\/kil-donmesine-kalici-mudahale\/#primaryimage\"},\"thumbnailUrl\":\"http:\/\/denizcankizil.tr\/wp-content\/uploads\/2025\/05\/6456-01-JvoToW.jpg\",\"datePublished\":\"2025-05-21T08:41:21+00:00\",\"breadcrumb\":{\"@id\":\"https:\/\/denizcankizil.tr\/de\/haberler\/antalya\/kil-donmesine-kalici-mudahale\/#breadcrumb\"},\"inLanguage\":\"uk\",\"potentialAction\":[{\"@type\":\"ReadAction\",\"target\":[\"https:\/\/denizcankizil.tr\/de\/haberler\/antalya\/kil-donmesine-kalici-mudahale\/\"]}]},{\"@type\":\"ImageObject\",\"inLanguage\":\"uk\",\"@id\":\"https:\/\/denizcankizil.tr\/de\/haberler\/antalya\/kil-donmesine-kalici-mudahale\/#primaryimage\",\"url\":\"http:\/\/denizcankizil.tr\/wp-content\/uploads\/2025\/05\/6456-01-JvoToW.jpg\",\"contentUrl\":\"http:\/\/denizcankizil.tr\/wp-content\/uploads\/2025\/05\/6456-01-JvoToW.jpg\",\"width\":1280,\"height\":720},{\"@type\":\"BreadcrumbList\",\"@id\":\"https:\/\/denizcankizil.tr\/de\/haberler\/antalya\/kil-donmesine-kalici-mudahale\/#breadcrumb\",\"itemListElement\":[{\"@type\":\"ListItem\",\"position\":1,\"name\":\"Home\",\"item\":\"https:\/\/denizcankizil.tr\/de\/\"},{\"@type\":\"ListItem\",\"position\":2,\"name\":\"K\u0131l d\u00f6nmesine kal\u0131c\u0131 m\u00fcdahale\"}]},{\"@type\":\"WebSite\",\"@id\":\"https:\/\/denizcankizil.tr\/de\/#website\",\"url\":\"https:\/\/denizcankizil.tr\/de\/\",\"name\":\"Av. Deniz Can K\u0131z\u0131l\",\"description\":\"Avukat Deniz Can K\u0131z\u0131l Antalya Barosu\",\"publisher\":{\"@id\":\"https:\/\/denizcankizil.tr\/de\/#organization\"},\"potentialAction\":[{\"@type\":\"SearchAction\",\"target\":{\"@type\":\"EntryPoint\",\"urlTemplate\":\"https:\/\/denizcankizil.tr\/de\/?s={search_term_string}\"},\"query-input\":{\"@type\":\"PropertyValueSpecification\",\"valueRequired\":true,\"valueName\":\"search_term_string\"}}],\"inLanguage\":\"uk\"},{\"@type\":\"Organization\",\"@id\":\"https:\/\/denizcankizil.tr\/de\/#organization\",\"name\":\"Av. Deniz Can K\u0131z\u0131l\",\"url\":\"https:\/\/denizcankizil.tr\/de\/\",\"logo\":{\"@type\":\"ImageObject\",\"inLanguage\":\"uk\",\"@id\":\"https:\/\/denizcankizil.tr\/de\/#\/schema\/logo\/image\/\",\"url\":\"http:\/\/denizcankizil.tr\/wp-content\/uploads\/2024\/10\/siyah-logo-svg.svg\",\"contentUrl\":\"http:\/\/denizcankizil.tr\/wp-content\/uploads\/2024\/10\/siyah-logo-svg.svg\",\"width\":1080,\"height\":1080,\"caption\":\"Av. Deniz Can K\u0131z\u0131l\"},\"image\":{\"@id\":\"https:\/\/denizcankizil.tr\/de\/#\/schema\/logo\/image\/\"}},{\"@type\":\"Person\",\"@id\":\"https:\/\/denizcankizil.tr\/de\/#\/schema\/person\/5dc1b22991bd7ac833867c10afc9b0ff\",\"name\":\"Av. Deniz Can K\u0131z\u0131l\",\"image\":{\"@type\":\"ImageObject\",\"inLanguage\":\"uk\",\"@id\":\"https:\/\/denizcankizil.tr\/de\/#\/schema\/person\/image\/\",\"url\":\"https:\/\/secure.gravatar.com\/avatar\/a0b128fb9855c79efc976d5640eedb31dc35ec297594d6016d2cf7c60e975bb6?s=96&d=mm&r=g\",\"contentUrl\":\"https:\/\/secure.gravatar.com\/avatar\/a0b128fb9855c79efc976d5640eedb31dc35ec297594d6016d2cf7c60e975bb6?s=96&d=mm&r=g\",\"caption\":\"Av. Deniz Can K\u0131z\u0131l\"},\"sameAs\":[\"http:\/\/www.denizcankizil.tr\"],\"url\":\"http:\/\/denizcankizil.tr\/uk\/author\/denizcankizil\/\"}]}<\/script>\n<!-- \/ Yoast SEO Premium plugin. -->","yoast_head_json":{"title":"K\u0131l d\u00f6nmesine kal\u0131c\u0131 m\u00fcdahale - Av. Deniz Can K\u0131z\u0131l","robots":{"index":"index","follow":"follow","max-snippet":"max-snippet:-1","max-image-preview":"max-image-preview:large","max-video-preview":"max-video-preview:-1"},"canonical":"https:\/\/denizcankizil.tr\/uk\/haberler\/antalya\/kil-donmesine-kalici-mudahale\/","og_locale":"uk_UA","og_type":"article","og_title":"K\u0131l d\u00f6nmesine kal\u0131c\u0131 m\u00fcdahale","og_description":"Akdeniz \u00dcniversitesi&#8217;nde geli\u015ftirilen yeni cerrahi y\u00f6ntem, toplumda yayg\u0131n olarak g\u00f6r\u00fclen ve ya\u015fam kalitesini d\u00fc\u015f\u00fcren k\u0131l d\u00f6nmesi hastal\u0131\u011f\u0131na kal\u0131c\u0131 ve iz b\u0131rakmayan bir \u00e7\u00f6z\u00fcm sunuyor. Kullan\u0131lan di\u011fer tekniklerde iz kald\u0131\u011f\u0131n\u0131 belirten Genel Cerrahi ve T\u0131bbi Biyoteknoloji Anabilim Dal\u0131 \u00f6\u011fretim \u00fcyesi Do\u00e7. Dr. \u00d6zg\u00fcr Dandin&#8217;in \u00f6nc\u00fcl\u00fc\u011f\u00fcnde uygulanan teknik, \u00f6zellikle estetik kayg\u0131 ta\u015f\u0131yan hastalar i\u00e7in avantaj sa\u011fl\u0131yor. K\u0131l d\u00f6nmesi hastal\u0131\u011f\u0131n\u0131n \u00f6zellikle gen\u00e7 ya\u015f grubunda s\u0131k g\u00f6r\u00fcld\u00fc\u011f\u00fcn\u00fc belirten Do\u00e7. Dr. Dandin, hastal\u0131\u011f\u0131n genellikle kuyruk sokumunda ak\u0131nt\u0131, \u015fi\u015flik ve a\u011fr\u0131 gibi \u015fikayetlerle ortaya \u00e7\u0131kt\u0131\u011f\u0131n\u0131, cerrahi tedavi gerektirebildi\u011fini s\u00f6yledi. &#8216;GELENEKSEL Y\u00d6NTEMLER \u0130Z BIRAKIYOR&#8217; Mevcut tedavi y\u00f6ntemlerinin her zaman kal\u0131c\u0131 \u00e7\u00f6z\u00fcm sunmad\u0131\u011f\u0131n\u0131 ifade eden Do\u00e7. Dr. Dandin, \u201cGeleneksel cerrahi tedavi y\u00f6ntemlerinde, hastal\u0131kl\u0131 doku \u00e7\u0131kar\u0131l\u0131r ve yara ya kapat\u0131l\u0131r ya da a\u00e7\u0131k b\u0131rak\u0131l\u0131r. Baz\u0131 durumlarda, v\u00fccudun ba\u015fka bir b\u00f6lgesinden doku al\u0131narak o alana yerle\u015ftirilir. Ancak bu y\u00f6ntemler her zaman ba\u015far\u0131l\u0131 olmayabilir ve hastal\u0131k tekrar edebilir. \u00d6zellikle kad\u0131n hastalarda, bu tedaviler sonras\u0131nda estetik a\u00e7\u0131dan ho\u015f olmayan g\u00f6r\u00fcnt\u00fcler olu\u015fabilir&#8221; dedi. Do\u00e7. Dr. Dandin, geli\u015ftirdikleri yeni cerrahi y\u00f6ntemin yaln\u0131zca Akdeniz \u00dcniversitesi&#8217;nde uyguland\u0131\u011f\u0131n\u0131 belirterek, \u201cGeli\u015ftirdi\u011fimiz yeni cerrahi teknikle izsiz bir \u015fekilde sorunlara \u00e7\u00f6z\u00fcm getirmeyi ama\u00e7lad\u0131k. Bu y\u00f6ntem, sadece Akdeniz \u00dcniversitesi&#8217;nde uygulanan yenilik\u00e7i bir yakla\u015f\u0131md\u0131r. Hastal\u0131kl\u0131 b\u00f6lgeyi yakla\u015f\u0131k 1 santimetrelik \u00f6zel bir kesiyle temizliyoruz. Daha sonra bu alan dikkatlice kar\u015f\u0131l\u0131kl\u0131 dikiliyor. B\u00f6ylece yaran\u0131n &hellip;","og_url":"https:\/\/denizcankizil.tr\/uk\/haberler\/antalya\/kil-donmesine-kalici-mudahale\/","og_site_name":"Av. Deniz Can K\u0131z\u0131l","article_published_time":"2025-05-21T08:41:21+00:00","og_image":[{"width":1280,"height":720,"url":"https:\/\/denizcankizil.tr\/wp-content\/uploads\/2025\/05\/6456-01-JvoToW.jpg","type":"image\/jpeg"}],"author":"Av. Deniz Can K\u0131z\u0131l","twitter_card":"summary_large_image","twitter_misc":{"\u041d\u0430\u043f\u0438\u0441\u0430\u043d\u043e":"Av. Deniz Can K\u0131z\u0131l","\u041f\u0440\u0438\u0431\u043b. \u0447\u0430\u0441 \u0447\u0438\u0442\u0430\u043d\u043d\u044f":"2 \u0445\u0432\u0438\u043b\u0438\u043d\u0438"},"schema":{"@context":"https:\/\/schema.org","@graph":[{"@type":"Article","@id":"https:\/\/denizcankizil.tr\/de\/haberler\/antalya\/kil-donmesine-kalici-mudahale\/#article","isPartOf":{"@id":"https:\/\/denizcankizil.tr\/de\/haberler\/antalya\/kil-donmesine-kalici-mudahale\/"},"author":{"name":"Av. Deniz Can K\u0131z\u0131l","@id":"https:\/\/denizcankizil.tr\/de\/#\/schema\/person\/5dc1b22991bd7ac833867c10afc9b0ff"},"headline":"K\u0131l d\u00f6nmesine kal\u0131c\u0131 m\u00fcdahale","datePublished":"2025-05-21T08:41:21+00:00","mainEntityOfPage":{"@id":"https:\/\/denizcankizil.tr\/de\/haberler\/antalya\/kil-donmesine-kalici-mudahale\/"},"wordCount":419,"publisher":{"@id":"https:\/\/denizcankizil.tr\/de\/#organization"},"image":{"@id":"https:\/\/denizcankizil.tr\/de\/haberler\/antalya\/kil-donmesine-kalici-mudahale\/#primaryimage"},"thumbnailUrl":"http:\/\/denizcankizil.tr\/wp-content\/uploads\/2025\/05\/6456-01-JvoToW.jpg","articleSection":["Antalya"],"inLanguage":"uk"},{"@type":"WebPage","@id":"https:\/\/denizcankizil.tr\/de\/haberler\/antalya\/kil-donmesine-kalici-mudahale\/","url":"https:\/\/denizcankizil.tr\/de\/haberler\/antalya\/kil-donmesine-kalici-mudahale\/","name":"K\u0131l d\u00f6nmesine kal\u0131c\u0131 m\u00fcdahale - Av. Deniz Can K\u0131z\u0131l","isPartOf":{"@id":"https:\/\/denizcankizil.tr\/de\/#website"},"primaryImageOfPage":{"@id":"https:\/\/denizcankizil.tr\/de\/haberler\/antalya\/kil-donmesine-kalici-mudahale\/#primaryimage"},"image":{"@id":"https:\/\/denizcankizil.tr\/de\/haberler\/antalya\/kil-donmesine-kalici-mudahale\/#primaryimage"},"thumbnailUrl":"http:\/\/denizcankizil.tr\/wp-content\/uploads\/2025\/05\/6456-01-JvoToW.jpg","datePublished":"2025-05-21T08:41:21+00:00","breadcrumb":{"@id":"https:\/\/denizcankizil.tr\/de\/haberler\/antalya\/kil-donmesine-kalici-mudahale\/#breadcrumb"},"inLanguage":"uk","potentialAction":[{"@type":"ReadAction","target":["https:\/\/denizcankizil.tr\/de\/haberler\/antalya\/kil-donmesine-kalici-mudahale\/"]}]},{"@type":"ImageObject","inLanguage":"uk","@id":"https:\/\/denizcankizil.tr\/de\/haberler\/antalya\/kil-donmesine-kalici-mudahale\/#primaryimage","url":"http:\/\/denizcankizil.tr\/wp-content\/uploads\/2025\/05\/6456-01-JvoToW.jpg","contentUrl":"http:\/\/denizcankizil.tr\/wp-content\/uploads\/2025\/05\/6456-01-JvoToW.jpg","width":1280,"height":720},{"@type":"BreadcrumbList","@id":"https:\/\/denizcankizil.tr\/de\/haberler\/antalya\/kil-donmesine-kalici-mudahale\/#breadcrumb","itemListElement":[{"@type":"ListItem","position":1,"name":"Home","item":"https:\/\/denizcankizil.tr\/de\/"},{"@type":"ListItem","position":2,"name":"K\u0131l d\u00f6nmesine kal\u0131c\u0131 m\u00fcdahale"}]},{"@type":"WebSite","@id":"https:\/\/denizcankizil.tr\/de\/#website","url":"https:\/\/denizcankizil.tr\/de\/","name":"Av. Deniz Can K\u0131z\u0131l","description":"Avukat Deniz Can K\u0131z\u0131l Antalya Barosu","publisher":{"@id":"https:\/\/denizcankizil.tr\/de\/#organization"},"potentialAction":[{"@type":"SearchAction","target":{"@type":"EntryPoint","urlTemplate":"https:\/\/denizcankizil.tr\/de\/?s={search_term_string}"},"query-input":{"@type":"PropertyValueSpecification","valueRequired":true,"valueName":"search_term_string"}}],"inLanguage":"uk"},{"@type":"Organization","@id":"https:\/\/denizcankizil.tr\/de\/#organization","name":"Av. Deniz Can K\u0131z\u0131l","url":"https:\/\/denizcankizil.tr\/de\/","logo":{"@type":"ImageObject","inLanguage":"uk","@id":"https:\/\/denizcankizil.tr\/de\/#\/schema\/logo\/image\/","url":"http:\/\/denizcankizil.tr\/wp-content\/uploads\/2024\/10\/siyah-logo-svg.svg","contentUrl":"http:\/\/denizcankizil.tr\/wp-content\/uploads\/2024\/10\/siyah-logo-svg.svg","width":1080,"height":1080,"caption":"Av. Deniz Can K\u0131z\u0131l"},"image":{"@id":"https:\/\/denizcankizil.tr\/de\/#\/schema\/logo\/image\/"}},{"@type":"Person","@id":"https:\/\/denizcankizil.tr\/de\/#\/schema\/person\/5dc1b22991bd7ac833867c10afc9b0ff","name":"Av. Deniz Can K\u0131z\u0131l","image":{"@type":"ImageObject","inLanguage":"uk","@id":"https:\/\/denizcankizil.tr\/de\/#\/schema\/person\/image\/","url":"https:\/\/secure.gravatar.com\/avatar\/a0b128fb9855c79efc976d5640eedb31dc35ec297594d6016d2cf7c60e975bb6?s=96&d=mm&r=g","contentUrl":"https:\/\/secure.gravatar.com\/avatar\/a0b128fb9855c79efc976d5640eedb31dc35ec297594d6016d2cf7c60e975bb6?s=96&d=mm&r=g","caption":"Av. Deniz Can K\u0131z\u0131l"},"sameAs":["http:\/\/www.denizcankizil.tr"],"url":"http:\/\/denizcankizil.tr\/uk\/author\/denizcankizil\/"}]}},"_links":{"self":[{"href":"http:\/\/denizcankizil.tr\/uk\/wp-json\/wp\/v2\/posts\/93542","targetHints":{"allow":["GET"]}}],"collection":[{"href":"http:\/\/denizcankizil.tr\/uk\/wp-json\/wp\/v2\/posts"}],"about":[{"href":"http:\/\/denizcankizil.tr\/uk\/wp-json\/wp\/v2\/types\/post"}],"author":[{"embeddable":true,"href":"http:\/\/denizcankizil.tr\/uk\/wp-json\/wp\/v2\/users\/4"}],"replies":[{"embeddable":true,"href":"http:\/\/denizcankizil.tr\/uk\/wp-json\/wp\/v2\/comments?post=93542"}],"version-history":[{"count":0,"href":"http:\/\/denizcankizil.tr\/uk\/wp-json\/wp\/v2\/posts\/93542\/revisions"}],"wp:featuredmedia":[{"embeddable":true,"href":"http:\/\/denizcankizil.tr\/uk\/wp-json\/wp\/v2\/media\/93543"}],"wp:attachment":[{"href":"http:\/\/denizcankizil.tr\/uk\/wp-json\/wp\/v2\/media?parent=93542"}],"wp:term":[{"taxonomy":"category","embeddable":true,"href":"http:\/\/denizcankizil.tr\/uk\/wp-json\/wp\/v2\/categories?post=93542"},{"taxonomy":"post_tag","embeddable":true,"href":"http:\/\/denizcankizil.tr\/uk\/wp-json\/wp\/v2\/tags?post=93542"}],"curies":[{"name":"wp","href":"https:\/\/api.w.org\/{rel}","templated":true}]}}