{"id":9338,"date":"2024-10-28T09:42:47","date_gmt":"2024-10-28T06:42:47","guid":{"rendered":"https:\/\/denizcankizil.tr\/uncategorized-tr\/adanadaki-depremde-6-ev-hasar-gordu\/"},"modified":"2024-10-28T09:42:47","modified_gmt":"2024-10-28T06:42:47","slug":"adanadaki-depremde-6-ev-hasar-gordu","status":"publish","type":"post","link":"http:\/\/denizcankizil.tr\/uk\/haberler\/gundem\/adanadaki-depremde-6-ev-hasar-gordu\/","title":{"rendered":"Adana\u2019daki depremde 6 ev hasar g\u00f6rd\u00fc"},"content":{"rendered":"<p>Adana Kozan Belediyesi, Afet Koordinasyon Merkezi (AKOM) ile Afet ve Acil Durum Y\u00f6netimi Ba\u015fkanl\u0131\u011f\u0131, (AFAD) il\u00e7ede ya\u015fanan deprem sonras\u0131 sahada hasar tarama \u00e7al\u0131\u015fmalar\u0131na h\u0131z kesmeden devam ediyor. Bu \u00e7al\u0131\u015fmalar \u00e7er\u00e7evesinde il\u00e7eye ba\u011fl\u0131 Karabucak ve Minnetli Mahallesi&#8217;nde ilk belirlemelere g\u00f6re 6 evin hasar ald\u0131\u011f\u0131 belirlendi. Vatanda\u015flar riskli bulunan yap\u0131lardan tahliye edilerek, g\u00fcvenli b\u00f6lgeye g\u00f6t\u00fcr\u00fcld\u00fc. \u00a0<\/p>\n<p>\u201cTESP\u0130T \u00c7ALI\u015eMALARI DEVAM ETMEKTED\u0130R\u201d<\/p>\n<p>Adana Valisi Yavuz Selim K\u00f6\u015fker sosyal medya hesab\u0131ndan yapt\u0131\u011f\u0131 a\u00e7\u0131klamada \u201cKozan&#8217;da saat 20.07 itibariyle Minnetli merkezli ger\u00e7ekle\u015fen depremde can kayb\u0131 ya\u015fanmam\u0131\u015f ve y\u0131k\u0131lan yap\u0131 bulunmamaktad\u0131r. Baz\u0131 k\u00f6y evlerinde s\u0131va \u00e7atlaklar\u0131 \u015feklinde hasarlar olu\u015fmu\u015f olup, tespit \u00e7al\u0131\u015fmalar\u0131 devam etmektedir. Be\u015f k\u0131rsal mahallede ya\u015fanan enerji kesintisi giderilmeye \u00e7al\u0131\u015f\u0131lmakta olup, TAMP kapsam\u0131nda AFAD ekipleri ve akredite STK&#8217;larca saha \u00e7al\u0131\u015fmalar\u0131 titizlikle y\u00fcr\u00fct\u00fclmektedir. T\u00fcm Adanal\u0131 hem\u015ferilerimize tekrar ge\u00e7mi\u015f olsun dileklerimizi iletiyoruz\u201d dedi.\u00a0<\/p>\n<p>\u00a0 \u00a0 \u00a0 \u00a0 \u00a0 \u00a0 \u00a0 \u00a0 \u00a0 \u00a0 \u00a0 \u00a0 \u00a0 \u00a0 \u00a0<br \/>\n\u00a0<\/p>\n<p>\u200bAdana Kozan merkezli 5 \u015fiddetindeki deprem kentte b\u00fcy\u00fck pani\u011fe neden oldu. \u0130lk belirlemelere g\u00f6re depremde 6 evin hasar g\u00f6rd\u00fc\u011f\u00fc tespit edildi. Adana Valisi Yavuz Selim K\u00f6\u015fker, \u201cBaz\u0131 k\u00f6y evlerinde s\u0131va \u00e7atlaklar\u0131 \u015feklinde hasarlar olu\u015fmu\u015f olup, tespit \u00e7al\u0131\u015fmalar\u0131 devam etmektedir\u201d dedi.\u00a0<\/p>\n<p>\u200bHaberin Al\u0131nt\u0131land\u0131\u011f\u0131 Kaynak: www.antalyakorfez.com<\/p>","protected":false},"excerpt":{"rendered":"<p>Adana Kozan Belediyesi, Afet Koordinasyon Merkezi (AKOM) ile Afet ve Acil Durum Y\u00f6netimi Ba\u015fkanl\u0131\u011f\u0131, (AFAD) il\u00e7ede ya\u015fanan deprem sonras\u0131 sahada hasar tarama \u00e7al\u0131\u015fmalar\u0131na h\u0131z kesmeden devam ediyor. Bu \u00e7al\u0131\u015fmalar \u00e7er\u00e7evesinde il\u00e7eye ba\u011fl\u0131 Karabucak ve Minnetli Mahallesi&#8217;nde ilk belirlemelere g\u00f6re 6 evin hasar ald\u0131\u011f\u0131 belirlendi. Vatanda\u015flar riskli bulunan yap\u0131lardan tahliye edilerek, g\u00fcvenli b\u00f6lgeye g\u00f6t\u00fcr\u00fcld\u00fc. \u00a0 \u201cTESP\u0130T \u00c7ALI\u015eMALARI DEVAM ETMEKTED\u0130R\u201d Adana Valisi Yavuz Selim K\u00f6\u015fker sosyal medya hesab\u0131ndan yapt\u0131\u011f\u0131 a\u00e7\u0131klamada \u201cKozan&#8217;da saat 20.07 itibariyle Minnetli merkezli ger\u00e7ekle\u015fen depremde can kayb\u0131 ya\u015fanmam\u0131\u015f ve y\u0131k\u0131lan yap\u0131 bulunmamaktad\u0131r. Baz\u0131 k\u00f6y evlerinde s\u0131va \u00e7atlaklar\u0131 \u015feklinde hasarlar olu\u015fmu\u015f olup, tespit \u00e7al\u0131\u015fmalar\u0131 devam etmektedir. Be\u015f k\u0131rsal mahallede ya\u015fanan enerji kesintisi giderilmeye \u00e7al\u0131\u015f\u0131lmakta olup, TAMP kapsam\u0131nda AFAD ekipleri ve akredite STK&#8217;larca saha \u00e7al\u0131\u015fmalar\u0131 titizlikle y\u00fcr\u00fct\u00fclmektedir. T\u00fcm Adanal\u0131 hem\u015ferilerimize tekrar ge\u00e7mi\u015f olsun dileklerimizi iletiyoruz\u201d dedi.\u00a0 \u00a0 \u00a0 \u00a0 \u00a0 \u00a0 \u00a0 \u00a0 \u00a0 \u00a0 \u00a0 \u00a0 \u00a0 \u00a0 \u00a0 \u00a0 \u00a0 \u200bAdana Kozan merkezli 5 \u015fiddetindeki deprem kentte b\u00fcy\u00fck pani\u011fe neden oldu. \u0130lk belirlemelere g\u00f6re depremde 6 evin hasar g\u00f6rd\u00fc\u011f\u00fc tespit edildi. Adana Valisi Yavuz Selim K\u00f6\u015fker, \u201cBaz\u0131 k\u00f6y evlerinde s\u0131va \u00e7atlaklar\u0131 \u015feklinde hasarlar olu\u015fmu\u015f olup, tespit \u00e7al\u0131\u015fmalar\u0131 devam etmektedir\u201d dedi.\u00a0 \u200bHaberin Al\u0131nt\u0131land\u0131\u011f\u0131 Kaynak: www.antalyakorfez.com<\/p>","protected":false},"author":0,"featured_media":0,"comment_status":"open","ping_status":"open","sticky":false,"template":"","format":"standard","meta":{"_acf_changed":false,"footnotes":""},"categories":[24,535],"tags":[],"class_list":["post-9338","post","type-post","status-publish","format-standard","has-post-thumbnail","hentry","category-gundem","category-uncategorized-tr"],"acf":[],"yoast_head":"<!-- This site is optimized with the Yoast SEO Premium plugin v26.6 (Yoast SEO v27.1.1) - https:\/\/yoast.com\/product\/yoast-seo-premium-wordpress\/ -->\n<title>Adana\u2019daki depremde 6 ev hasar g\u00f6rd\u00fc - Av. Deniz Can K\u0131z\u0131l<\/title>\n<meta name=\"robots\" content=\"index, follow, max-snippet:-1, max-image-preview:large, max-video-preview:-1\" \/>\n<link rel=\"canonical\" href=\"http:\/\/denizcankizil.tr\/uk\/haberler\/gundem\/adanadaki-depremde-6-ev-hasar-gordu\/\" \/>\n<meta property=\"og:locale\" content=\"uk_UA\" \/>\n<meta property=\"og:type\" content=\"article\" \/>\n<meta property=\"og:title\" content=\"Adana\u2019daki depremde 6 ev hasar g\u00f6rd\u00fc\" \/>\n<meta property=\"og:description\" content=\"Adana Kozan Belediyesi, Afet Koordinasyon Merkezi (AKOM) ile Afet ve Acil Durum Y\u00f6netimi Ba\u015fkanl\u0131\u011f\u0131, (AFAD) il\u00e7ede ya\u015fanan deprem sonras\u0131 sahada hasar tarama \u00e7al\u0131\u015fmalar\u0131na h\u0131z kesmeden devam ediyor. Bu \u00e7al\u0131\u015fmalar \u00e7er\u00e7evesinde il\u00e7eye ba\u011fl\u0131 Karabucak ve Minnetli Mahallesi&#8217;nde ilk belirlemelere g\u00f6re 6 evin hasar ald\u0131\u011f\u0131 belirlendi. Vatanda\u015flar riskli bulunan yap\u0131lardan tahliye edilerek, g\u00fcvenli b\u00f6lgeye g\u00f6t\u00fcr\u00fcld\u00fc. \u00a0 \u201cTESP\u0130T \u00c7ALI\u015eMALARI DEVAM ETMEKTED\u0130R\u201d Adana Valisi Yavuz Selim K\u00f6\u015fker sosyal medya hesab\u0131ndan yapt\u0131\u011f\u0131 a\u00e7\u0131klamada \u201cKozan&#8217;da saat 20.07 itibariyle Minnetli merkezli ger\u00e7ekle\u015fen depremde can kayb\u0131 ya\u015fanmam\u0131\u015f ve y\u0131k\u0131lan yap\u0131 bulunmamaktad\u0131r. Baz\u0131 k\u00f6y evlerinde s\u0131va \u00e7atlaklar\u0131 \u015feklinde hasarlar olu\u015fmu\u015f olup, tespit \u00e7al\u0131\u015fmalar\u0131 devam etmektedir. Be\u015f k\u0131rsal mahallede ya\u015fanan enerji kesintisi giderilmeye \u00e7al\u0131\u015f\u0131lmakta olup, TAMP kapsam\u0131nda AFAD ekipleri ve akredite STK&#8217;larca saha \u00e7al\u0131\u015fmalar\u0131 titizlikle y\u00fcr\u00fct\u00fclmektedir. T\u00fcm Adanal\u0131 hem\u015ferilerimize tekrar ge\u00e7mi\u015f olsun dileklerimizi iletiyoruz\u201d dedi.\u00a0 \u00a0 \u00a0 \u00a0 \u00a0 \u00a0 \u00a0 \u00a0 \u00a0 \u00a0 \u00a0 \u00a0 \u00a0 \u00a0 \u00a0 \u00a0 \u00a0 \u200bAdana Kozan merkezli 5 \u015fiddetindeki deprem kentte b\u00fcy\u00fck pani\u011fe neden oldu. \u0130lk belirlemelere g\u00f6re depremde 6 evin hasar g\u00f6rd\u00fc\u011f\u00fc tespit edildi. Adana Valisi Yavuz Selim K\u00f6\u015fker, \u201cBaz\u0131 k\u00f6y evlerinde s\u0131va \u00e7atlaklar\u0131 \u015feklinde hasarlar olu\u015fmu\u015f olup, tespit \u00e7al\u0131\u015fmalar\u0131 devam etmektedir\u201d dedi.\u00a0 \u200bHaberin Al\u0131nt\u0131land\u0131\u011f\u0131 Kaynak: www.antalyakorfez.com\" \/>\n<meta property=\"og:url\" content=\"http:\/\/denizcankizil.tr\/uk\/haberler\/gundem\/adanadaki-depremde-6-ev-hasar-gordu\/\" \/>\n<meta property=\"og:site_name\" content=\"Av. Deniz Can K\u0131z\u0131l\" \/>\n<meta property=\"article:published_time\" content=\"2024-10-28T06:42:47+00:00\" \/>\n<meta name=\"twitter:card\" content=\"summary_large_image\" \/>\n<meta name=\"twitter:label1\" content=\"\u041f\u0440\u0438\u0431\u043b. \u0447\u0430\u0441 \u0447\u0438\u0442\u0430\u043d\u043d\u044f\" \/>\n\t<meta name=\"twitter:data1\" content=\"1 \u0445\u0432\u0438\u043b\u0438\u043d\u0430\" \/>\n<script type=\"application\/ld+json\" class=\"yoast-schema-graph\">{\"@context\":\"https:\/\/schema.org\",\"@graph\":[{\"@type\":\"Article\",\"@id\":\"http:\/\/denizcankizil.tr\/uk\/haberler\/gundem\/adanadaki-depremde-6-ev-hasar-gordu\/#article\",\"isPartOf\":{\"@id\":\"http:\/\/denizcankizil.tr\/uk\/haberler\/gundem\/adanadaki-depremde-6-ev-hasar-gordu\/\"},\"author\":{\"name\":\"\",\"@id\":\"\"},\"headline\":\"Adana\u2019daki depremde 6 ev hasar g\u00f6rd\u00fc\",\"datePublished\":\"2024-10-28T06:42:47+00:00\",\"mainEntityOfPage\":{\"@id\":\"http:\/\/denizcankizil.tr\/uk\/haberler\/gundem\/adanadaki-depremde-6-ev-hasar-gordu\/\"},\"wordCount\":234,\"commentCount\":0,\"publisher\":{\"@id\":\"https:\/\/denizcankizil.tr\/#organization\"},\"articleSection\":[\"G\u00fcndem\",\"Uncategorized\"],\"inLanguage\":\"uk\",\"potentialAction\":[{\"@type\":\"CommentAction\",\"name\":\"Comment\",\"target\":[\"http:\/\/denizcankizil.tr\/uk\/haberler\/gundem\/adanadaki-depremde-6-ev-hasar-gordu\/#respond\"]}]},{\"@type\":\"WebPage\",\"@id\":\"http:\/\/denizcankizil.tr\/uk\/haberler\/gundem\/adanadaki-depremde-6-ev-hasar-gordu\/\",\"url\":\"http:\/\/denizcankizil.tr\/uk\/haberler\/gundem\/adanadaki-depremde-6-ev-hasar-gordu\/\",\"name\":\"Adana\u2019daki depremde 6 ev hasar g\u00f6rd\u00fc - Av. Deniz Can K\u0131z\u0131l\",\"isPartOf\":{\"@id\":\"https:\/\/denizcankizil.tr\/#website\"},\"datePublished\":\"2024-10-28T06:42:47+00:00\",\"breadcrumb\":{\"@id\":\"http:\/\/denizcankizil.tr\/uk\/haberler\/gundem\/adanadaki-depremde-6-ev-hasar-gordu\/#breadcrumb\"},\"inLanguage\":\"uk\",\"potentialAction\":[{\"@type\":\"ReadAction\",\"target\":[\"http:\/\/denizcankizil.tr\/uk\/haberler\/gundem\/adanadaki-depremde-6-ev-hasar-gordu\/\"]}]},{\"@type\":\"BreadcrumbList\",\"@id\":\"http:\/\/denizcankizil.tr\/uk\/haberler\/gundem\/adanadaki-depremde-6-ev-hasar-gordu\/#breadcrumb\",\"itemListElement\":[{\"@type\":\"ListItem\",\"position\":1,\"name\":\"Home\",\"item\":\"https:\/\/denizcankizil.tr\/de\/\"},{\"@type\":\"ListItem\",\"position\":2,\"name\":\"Adana\u2019daki depremde 6 ev hasar g\u00f6rd\u00fc\"}]},{\"@type\":\"WebSite\",\"@id\":\"https:\/\/denizcankizil.tr\/#website\",\"url\":\"https:\/\/denizcankizil.tr\/\",\"name\":\"Av. Deniz Can K\u0131z\u0131l\",\"description\":\"Avukat Deniz Can K\u0131z\u0131l Antalya Barosu\",\"publisher\":{\"@id\":\"https:\/\/denizcankizil.tr\/#organization\"},\"potentialAction\":[{\"@type\":\"SearchAction\",\"target\":{\"@type\":\"EntryPoint\",\"urlTemplate\":\"https:\/\/denizcankizil.tr\/?s={search_term_string}\"},\"query-input\":{\"@type\":\"PropertyValueSpecification\",\"valueRequired\":true,\"valueName\":\"search_term_string\"}}],\"inLanguage\":\"uk\"},{\"@type\":\"Organization\",\"@id\":\"https:\/\/denizcankizil.tr\/#organization\",\"name\":\"Av. Deniz Can K\u0131z\u0131l\",\"url\":\"https:\/\/denizcankizil.tr\/\",\"logo\":{\"@type\":\"ImageObject\",\"inLanguage\":\"uk\",\"@id\":\"https:\/\/denizcankizil.tr\/#\/schema\/logo\/image\/\",\"url\":\"http:\/\/denizcankizil.tr\/wp-content\/uploads\/2024\/10\/siyah-logo-svg.svg\",\"contentUrl\":\"http:\/\/denizcankizil.tr\/wp-content\/uploads\/2024\/10\/siyah-logo-svg.svg\",\"width\":1080,\"height\":1080,\"caption\":\"Av. Deniz Can K\u0131z\u0131l\"},\"image\":{\"@id\":\"https:\/\/denizcankizil.tr\/#\/schema\/logo\/image\/\"}}]}<\/script>\n<!-- \/ Yoast SEO Premium plugin. -->","yoast_head_json":{"title":"Adana\u2019daki depremde 6 ev hasar g\u00f6rd\u00fc - Av. Deniz Can K\u0131z\u0131l","robots":{"index":"index","follow":"follow","max-snippet":"max-snippet:-1","max-image-preview":"max-image-preview:large","max-video-preview":"max-video-preview:-1"},"canonical":"http:\/\/denizcankizil.tr\/uk\/haberler\/gundem\/adanadaki-depremde-6-ev-hasar-gordu\/","og_locale":"uk_UA","og_type":"article","og_title":"Adana\u2019daki depremde 6 ev hasar g\u00f6rd\u00fc","og_description":"Adana Kozan Belediyesi, Afet Koordinasyon Merkezi (AKOM) ile Afet ve Acil Durum Y\u00f6netimi Ba\u015fkanl\u0131\u011f\u0131, (AFAD) il\u00e7ede ya\u015fanan deprem sonras\u0131 sahada hasar tarama \u00e7al\u0131\u015fmalar\u0131na h\u0131z kesmeden devam ediyor. Bu \u00e7al\u0131\u015fmalar \u00e7er\u00e7evesinde il\u00e7eye ba\u011fl\u0131 Karabucak ve Minnetli Mahallesi&#8217;nde ilk belirlemelere g\u00f6re 6 evin hasar ald\u0131\u011f\u0131 belirlendi. Vatanda\u015flar riskli bulunan yap\u0131lardan tahliye edilerek, g\u00fcvenli b\u00f6lgeye g\u00f6t\u00fcr\u00fcld\u00fc. \u00a0 \u201cTESP\u0130T \u00c7ALI\u015eMALARI DEVAM ETMEKTED\u0130R\u201d Adana Valisi Yavuz Selim K\u00f6\u015fker sosyal medya hesab\u0131ndan yapt\u0131\u011f\u0131 a\u00e7\u0131klamada \u201cKozan&#8217;da saat 20.07 itibariyle Minnetli merkezli ger\u00e7ekle\u015fen depremde can kayb\u0131 ya\u015fanmam\u0131\u015f ve y\u0131k\u0131lan yap\u0131 bulunmamaktad\u0131r. Baz\u0131 k\u00f6y evlerinde s\u0131va \u00e7atlaklar\u0131 \u015feklinde hasarlar olu\u015fmu\u015f olup, tespit \u00e7al\u0131\u015fmalar\u0131 devam etmektedir. Be\u015f k\u0131rsal mahallede ya\u015fanan enerji kesintisi giderilmeye \u00e7al\u0131\u015f\u0131lmakta olup, TAMP kapsam\u0131nda AFAD ekipleri ve akredite STK&#8217;larca saha \u00e7al\u0131\u015fmalar\u0131 titizlikle y\u00fcr\u00fct\u00fclmektedir. T\u00fcm Adanal\u0131 hem\u015ferilerimize tekrar ge\u00e7mi\u015f olsun dileklerimizi iletiyoruz\u201d dedi.\u00a0 \u00a0 \u00a0 \u00a0 \u00a0 \u00a0 \u00a0 \u00a0 \u00a0 \u00a0 \u00a0 \u00a0 \u00a0 \u00a0 \u00a0 \u00a0 \u00a0 \u200bAdana Kozan merkezli 5 \u015fiddetindeki deprem kentte b\u00fcy\u00fck pani\u011fe neden oldu. \u0130lk belirlemelere g\u00f6re depremde 6 evin hasar g\u00f6rd\u00fc\u011f\u00fc tespit edildi. Adana Valisi Yavuz Selim K\u00f6\u015fker, \u201cBaz\u0131 k\u00f6y evlerinde s\u0131va \u00e7atlaklar\u0131 \u015feklinde hasarlar olu\u015fmu\u015f olup, tespit \u00e7al\u0131\u015fmalar\u0131 devam etmektedir\u201d dedi.\u00a0 \u200bHaberin Al\u0131nt\u0131land\u0131\u011f\u0131 Kaynak: www.antalyakorfez.com","og_url":"http:\/\/denizcankizil.tr\/uk\/haberler\/gundem\/adanadaki-depremde-6-ev-hasar-gordu\/","og_site_name":"Av. Deniz Can K\u0131z\u0131l","article_published_time":"2024-10-28T06:42:47+00:00","twitter_card":"summary_large_image","twitter_misc":{"\u041f\u0440\u0438\u0431\u043b. \u0447\u0430\u0441 \u0447\u0438\u0442\u0430\u043d\u043d\u044f":"1 \u0445\u0432\u0438\u043b\u0438\u043d\u0430"},"schema":{"@context":"https:\/\/schema.org","@graph":[{"@type":"Article","@id":"http:\/\/denizcankizil.tr\/uk\/haberler\/gundem\/adanadaki-depremde-6-ev-hasar-gordu\/#article","isPartOf":{"@id":"http:\/\/denizcankizil.tr\/uk\/haberler\/gundem\/adanadaki-depremde-6-ev-hasar-gordu\/"},"author":{"name":"","@id":""},"headline":"Adana\u2019daki depremde 6 ev hasar g\u00f6rd\u00fc","datePublished":"2024-10-28T06:42:47+00:00","mainEntityOfPage":{"@id":"http:\/\/denizcankizil.tr\/uk\/haberler\/gundem\/adanadaki-depremde-6-ev-hasar-gordu\/"},"wordCount":234,"commentCount":0,"publisher":{"@id":"https:\/\/denizcankizil.tr\/#organization"},"articleSection":["G\u00fcndem","Uncategorized"],"inLanguage":"uk","potentialAction":[{"@type":"CommentAction","name":"Comment","target":["http:\/\/denizcankizil.tr\/uk\/haberler\/gundem\/adanadaki-depremde-6-ev-hasar-gordu\/#respond"]}]},{"@type":"WebPage","@id":"http:\/\/denizcankizil.tr\/uk\/haberler\/gundem\/adanadaki-depremde-6-ev-hasar-gordu\/","url":"http:\/\/denizcankizil.tr\/uk\/haberler\/gundem\/adanadaki-depremde-6-ev-hasar-gordu\/","name":"Adana\u2019daki depremde 6 ev hasar g\u00f6rd\u00fc - Av. Deniz Can K\u0131z\u0131l","isPartOf":{"@id":"https:\/\/denizcankizil.tr\/#website"},"datePublished":"2024-10-28T06:42:47+00:00","breadcrumb":{"@id":"http:\/\/denizcankizil.tr\/uk\/haberler\/gundem\/adanadaki-depremde-6-ev-hasar-gordu\/#breadcrumb"},"inLanguage":"uk","potentialAction":[{"@type":"ReadAction","target":["http:\/\/denizcankizil.tr\/uk\/haberler\/gundem\/adanadaki-depremde-6-ev-hasar-gordu\/"]}]},{"@type":"BreadcrumbList","@id":"http:\/\/denizcankizil.tr\/uk\/haberler\/gundem\/adanadaki-depremde-6-ev-hasar-gordu\/#breadcrumb","itemListElement":[{"@type":"ListItem","position":1,"name":"Home","item":"https:\/\/denizcankizil.tr\/de\/"},{"@type":"ListItem","position":2,"name":"Adana\u2019daki depremde 6 ev hasar g\u00f6rd\u00fc"}]},{"@type":"WebSite","@id":"https:\/\/denizcankizil.tr\/#website","url":"https:\/\/denizcankizil.tr\/","name":"Av. Deniz Can K\u0131z\u0131l","description":"Avukat Deniz Can K\u0131z\u0131l Antalya Barosu","publisher":{"@id":"https:\/\/denizcankizil.tr\/#organization"},"potentialAction":[{"@type":"SearchAction","target":{"@type":"EntryPoint","urlTemplate":"https:\/\/denizcankizil.tr\/?s={search_term_string}"},"query-input":{"@type":"PropertyValueSpecification","valueRequired":true,"valueName":"search_term_string"}}],"inLanguage":"uk"},{"@type":"Organization","@id":"https:\/\/denizcankizil.tr\/#organization","name":"Av. Deniz Can K\u0131z\u0131l","url":"https:\/\/denizcankizil.tr\/","logo":{"@type":"ImageObject","inLanguage":"uk","@id":"https:\/\/denizcankizil.tr\/#\/schema\/logo\/image\/","url":"http:\/\/denizcankizil.tr\/wp-content\/uploads\/2024\/10\/siyah-logo-svg.svg","contentUrl":"http:\/\/denizcankizil.tr\/wp-content\/uploads\/2024\/10\/siyah-logo-svg.svg","width":1080,"height":1080,"caption":"Av. Deniz Can K\u0131z\u0131l"},"image":{"@id":"https:\/\/denizcankizil.tr\/#\/schema\/logo\/image\/"}}]}},"_links":{"self":[{"href":"http:\/\/denizcankizil.tr\/uk\/wp-json\/wp\/v2\/posts\/9338","targetHints":{"allow":["GET"]}}],"collection":[{"href":"http:\/\/denizcankizil.tr\/uk\/wp-json\/wp\/v2\/posts"}],"about":[{"href":"http:\/\/denizcankizil.tr\/uk\/wp-json\/wp\/v2\/types\/post"}],"replies":[{"embeddable":true,"href":"http:\/\/denizcankizil.tr\/uk\/wp-json\/wp\/v2\/comments?post=9338"}],"version-history":[{"count":0,"href":"http:\/\/denizcankizil.tr\/uk\/wp-json\/wp\/v2\/posts\/9338\/revisions"}],"wp:attachment":[{"href":"http:\/\/denizcankizil.tr\/uk\/wp-json\/wp\/v2\/media?parent=9338"}],"wp:term":[{"taxonomy":"category","embeddable":true,"href":"http:\/\/denizcankizil.tr\/uk\/wp-json\/wp\/v2\/categories?post=9338"},{"taxonomy":"post_tag","embeddable":true,"href":"http:\/\/denizcankizil.tr\/uk\/wp-json\/wp\/v2\/tags?post=9338"}],"curies":[{"name":"wp","href":"https:\/\/api.w.org\/{rel}","templated":true}]}}