{"id":93129,"date":"2025-05-20T23:29:35","date_gmt":"2025-05-20T20:29:35","guid":{"rendered":"https:\/\/denizcankizil.tr\/uncategorized-tr\/antalya-kumlucada-trafik-kazasi-2-yarali\/"},"modified":"2025-05-20T23:29:35","modified_gmt":"2025-05-20T20:29:35","slug":"antalya-kumlucada-trafik-kazasi-2-yarali","status":"publish","type":"post","link":"http:\/\/denizcankizil.tr\/uk\/haberler\/gundem\/antalya-kumlucada-trafik-kazasi-2-yarali\/","title":{"rendered":"Antalya Kumluca&#8217;da trafik kazas\u0131: 2 yaral\u0131"},"content":{"rendered":"<p>Antalya\u2019n\u0131n Kumluca il\u00e7esinde meydana gelen trafik kazas\u0131nda iki ki\u015fi hafif yaraland\u0131. Kaza, Kar\u015f\u0131yaka Mahallesi 50. Y\u0131l Caddesi \u00fczerinde kontrols\u00fcz kav\u015fakta meydana geldi.Mehmet \u015eENT\u00dcRK \/ ANTALYA (\u0130GFA)- Al\u0131nan bilgilere g\u00f6re, 07 BZC 866 plakal\u0131 otomobil kav\u015faktan d\u00f6n\u00fc\u015f yapmaya \u00e7al\u0131\u015ft\u0131\u011f\u0131 s\u0131rada, 07 VBB 44 plakal\u0131 ba\u015fka bir otomobille \u00e7arp\u0131\u015ft\u0131.<br \/>\n\u00c7arp\u0131\u015fman\u0131n etkisiyle 07 BZC 866 plakal\u0131 ara\u00e7ta bulunan s\u00fcr\u00fcc\u00fc ve yolcu hafif \u015fekilde yaraland\u0131.<br \/>\nOlay yerine gelen trafik ekipleri, b\u00f6lgede g\u00fcvenlik \u00f6nlemi alarak trafi\u011fin kontroll\u00fc \u015fekilde akmas\u0131n\u0131 sa\u011flad\u0131.<br \/>\nYaral\u0131 iki gen\u00e7, ambulansla hastaneye kald\u0131r\u0131larak tedavi alt\u0131na al\u0131n\u0131rken, kazaya kar\u0131\u015fan ara\u00e7lar \u00e7ekici yard\u0131m\u0131yla kald\u0131r\u0131ld\u0131.<br \/>\nOlayla ilgili tahkikat ba\u015flat\u0131ld\u0131.<\/p>\n<p>\u200bAntalya\u2019n\u0131n Kumluca il\u00e7esinde meydana gelen trafik kazas\u0131nda iki ki\u015fi hafif yaraland\u0131. Kaza, Kar\u015f\u0131yaka Mahallesi 50. Y\u0131l Caddesi \u00fczerinde kontrols\u00fcz kav\u015fakta meydana geldi.Mehmet \u015eENT\u00dcRK \/ ANTALYA (\u0130GFA)- Al\u0131nan bilgilere g\u00f6re, 07 BZC 866 plakal\u0131 otomobil kav\u015faktan d\u00f6n\u00fc\u015f yapmaya \u00e7al\u0131\u015ft\u0131\u011f\u0131 s\u0131rada, 07 VBB 44 plakal\u0131 ba\u015fka bir otomobille \u00e7arp\u0131\u015ft\u0131.<br \/>\n\u00c7arp\u0131\u015fman\u0131n etkisiyle 07 BZC 866 plakal\u0131 ara\u00e7ta bulunan s\u00fcr\u00fcc\u00fc ve yolcu hafif \u015fekilde yaraland\u0131.<br \/>\nOlay yerine gelen trafik ekipleri, b\u00f6lgede g\u00fcvenlik \u00f6nlemi alarak trafi\u011fin kontroll\u00fc \u015fekilde akmas\u0131n\u0131 sa\u011flad\u0131.<br \/>\nYaral\u0131 iki gen\u00e7, ambulansla hastaneye kald\u0131r\u0131larak tedavi alt\u0131na al\u0131n\u0131rken, kazaya kar\u0131\u015fan ara\u00e7lar \u00e7ekici yard\u0131m\u0131yla kald\u0131r\u0131ld\u0131.<br \/>\nOlayla ilgili tahkikat ba\u015flat\u0131ld\u0131.\u00a0<\/p>\n<p>\u200bHaberin Al\u0131nt\u0131land\u0131\u011f\u0131 Kaynak: www.iskenderun.org<\/p>","protected":false},"excerpt":{"rendered":"<p>Antalya\u2019n\u0131n Kumluca il\u00e7esinde meydana gelen trafik kazas\u0131nda iki ki\u015fi hafif yaraland\u0131. Kaza, Kar\u015f\u0131yaka Mahallesi 50. Y\u0131l Caddesi \u00fczerinde kontrols\u00fcz kav\u015fakta meydana geldi.Mehmet \u015eENT\u00dcRK \/ ANTALYA (\u0130GFA)- Al\u0131nan bilgilere g\u00f6re, 07 BZC 866 plakal\u0131 otomobil kav\u015faktan d\u00f6n\u00fc\u015f yapmaya \u00e7al\u0131\u015ft\u0131\u011f\u0131 s\u0131rada, 07 VBB 44 plakal\u0131 ba\u015fka bir otomobille \u00e7arp\u0131\u015ft\u0131. \u00c7arp\u0131\u015fman\u0131n etkisiyle 07 BZC 866 plakal\u0131 ara\u00e7ta bulunan s\u00fcr\u00fcc\u00fc ve yolcu hafif \u015fekilde yaraland\u0131. Olay yerine gelen trafik ekipleri, b\u00f6lgede g\u00fcvenlik \u00f6nlemi alarak trafi\u011fin kontroll\u00fc \u015fekilde akmas\u0131n\u0131 sa\u011flad\u0131. Yaral\u0131 iki gen\u00e7, ambulansla hastaneye kald\u0131r\u0131larak tedavi alt\u0131na al\u0131n\u0131rken, kazaya kar\u0131\u015fan ara\u00e7lar \u00e7ekici yard\u0131m\u0131yla kald\u0131r\u0131ld\u0131. Olayla ilgili tahkikat ba\u015flat\u0131ld\u0131. \u200bAntalya\u2019n\u0131n Kumluca il\u00e7esinde meydana gelen trafik kazas\u0131nda iki ki\u015fi hafif yaraland\u0131. Kaza, Kar\u015f\u0131yaka Mahallesi 50. Y\u0131l Caddesi \u00fczerinde kontrols\u00fcz kav\u015fakta meydana geldi.Mehmet \u015eENT\u00dcRK \/ ANTALYA (\u0130GFA)- Al\u0131nan bilgilere g\u00f6re, 07 BZC 866 plakal\u0131 otomobil kav\u015faktan d\u00f6n\u00fc\u015f yapmaya \u00e7al\u0131\u015ft\u0131\u011f\u0131 s\u0131rada, 07 VBB 44 plakal\u0131 ba\u015fka bir otomobille \u00e7arp\u0131\u015ft\u0131. \u00c7arp\u0131\u015fman\u0131n etkisiyle 07 BZC 866 plakal\u0131 ara\u00e7ta bulunan s\u00fcr\u00fcc\u00fc ve yolcu hafif \u015fekilde yaraland\u0131. Olay yerine gelen trafik ekipleri, b\u00f6lgede g\u00fcvenlik \u00f6nlemi alarak trafi\u011fin kontroll\u00fc \u015fekilde akmas\u0131n\u0131 sa\u011flad\u0131. Yaral\u0131 iki gen\u00e7, ambulansla hastaneye kald\u0131r\u0131larak tedavi alt\u0131na al\u0131n\u0131rken, kazaya kar\u0131\u015fan ara\u00e7lar \u00e7ekici yard\u0131m\u0131yla kald\u0131r\u0131ld\u0131. Olayla ilgili tahkikat ba\u015flat\u0131ld\u0131.\u00a0 \u200bHaberin Al\u0131nt\u0131land\u0131\u011f\u0131 Kaynak: www.iskenderun.org<\/p>","protected":false},"author":1,"featured_media":0,"comment_status":"","ping_status":"open","sticky":false,"template":"","format":"standard","meta":{"_acf_changed":false,"footnotes":""},"categories":[24],"tags":[],"class_list":["post-93129","post","type-post","status-publish","format-standard","has-post-thumbnail","hentry","category-gundem"],"acf":[],"yoast_head":"<!-- This site is optimized with the Yoast SEO Premium plugin v26.6 (Yoast SEO v27.1.1) - https:\/\/yoast.com\/product\/yoast-seo-premium-wordpress\/ -->\n<title>Antalya Kumluca&#039;da trafik kazas\u0131: 2 yaral\u0131 - Av. Deniz Can K\u0131z\u0131l<\/title>\n<meta name=\"robots\" content=\"index, follow, max-snippet:-1, max-image-preview:large, max-video-preview:-1\" \/>\n<link rel=\"canonical\" href=\"http:\/\/denizcankizil.tr\/uk\/haberler\/gundem\/antalya-kumlucada-trafik-kazasi-2-yarali\/\" \/>\n<meta property=\"og:locale\" content=\"uk_UA\" \/>\n<meta property=\"og:type\" content=\"article\" \/>\n<meta property=\"og:title\" content=\"Antalya Kumluca&#039;da trafik kazas\u0131: 2 yaral\u0131\" \/>\n<meta property=\"og:description\" content=\"Antalya\u2019n\u0131n Kumluca il\u00e7esinde meydana gelen trafik kazas\u0131nda iki ki\u015fi hafif yaraland\u0131. Kaza, Kar\u015f\u0131yaka Mahallesi 50. Y\u0131l Caddesi \u00fczerinde kontrols\u00fcz kav\u015fakta meydana geldi.Mehmet \u015eENT\u00dcRK \/ ANTALYA (\u0130GFA)- Al\u0131nan bilgilere g\u00f6re, 07 BZC 866 plakal\u0131 otomobil kav\u015faktan d\u00f6n\u00fc\u015f yapmaya \u00e7al\u0131\u015ft\u0131\u011f\u0131 s\u0131rada, 07 VBB 44 plakal\u0131 ba\u015fka bir otomobille \u00e7arp\u0131\u015ft\u0131. \u00c7arp\u0131\u015fman\u0131n etkisiyle 07 BZC 866 plakal\u0131 ara\u00e7ta bulunan s\u00fcr\u00fcc\u00fc ve yolcu hafif \u015fekilde yaraland\u0131. Olay yerine gelen trafik ekipleri, b\u00f6lgede g\u00fcvenlik \u00f6nlemi alarak trafi\u011fin kontroll\u00fc \u015fekilde akmas\u0131n\u0131 sa\u011flad\u0131. Yaral\u0131 iki gen\u00e7, ambulansla hastaneye kald\u0131r\u0131larak tedavi alt\u0131na al\u0131n\u0131rken, kazaya kar\u0131\u015fan ara\u00e7lar \u00e7ekici yard\u0131m\u0131yla kald\u0131r\u0131ld\u0131. Olayla ilgili tahkikat ba\u015flat\u0131ld\u0131. \u200bAntalya\u2019n\u0131n Kumluca il\u00e7esinde meydana gelen trafik kazas\u0131nda iki ki\u015fi hafif yaraland\u0131. Kaza, Kar\u015f\u0131yaka Mahallesi 50. Y\u0131l Caddesi \u00fczerinde kontrols\u00fcz kav\u015fakta meydana geldi.Mehmet \u015eENT\u00dcRK \/ ANTALYA (\u0130GFA)- Al\u0131nan bilgilere g\u00f6re, 07 BZC 866 plakal\u0131 otomobil kav\u015faktan d\u00f6n\u00fc\u015f yapmaya \u00e7al\u0131\u015ft\u0131\u011f\u0131 s\u0131rada, 07 VBB 44 plakal\u0131 ba\u015fka bir otomobille \u00e7arp\u0131\u015ft\u0131. \u00c7arp\u0131\u015fman\u0131n etkisiyle 07 BZC 866 plakal\u0131 ara\u00e7ta bulunan s\u00fcr\u00fcc\u00fc ve yolcu hafif \u015fekilde yaraland\u0131. Olay yerine gelen trafik ekipleri, b\u00f6lgede g\u00fcvenlik \u00f6nlemi alarak trafi\u011fin kontroll\u00fc \u015fekilde akmas\u0131n\u0131 sa\u011flad\u0131. Yaral\u0131 iki gen\u00e7, ambulansla hastaneye kald\u0131r\u0131larak tedavi alt\u0131na al\u0131n\u0131rken, kazaya kar\u0131\u015fan ara\u00e7lar \u00e7ekici yard\u0131m\u0131yla kald\u0131r\u0131ld\u0131. Olayla ilgili tahkikat ba\u015flat\u0131ld\u0131.\u00a0 \u200bHaberin Al\u0131nt\u0131land\u0131\u011f\u0131 Kaynak: www.iskenderun.org\" \/>\n<meta property=\"og:url\" content=\"http:\/\/denizcankizil.tr\/uk\/haberler\/gundem\/antalya-kumlucada-trafik-kazasi-2-yarali\/\" \/>\n<meta property=\"og:site_name\" content=\"Av. Deniz Can K\u0131z\u0131l\" \/>\n<meta property=\"article:published_time\" content=\"2025-05-20T20:29:35+00:00\" \/>\n<meta name=\"author\" content=\"admin\" \/>\n<meta name=\"twitter:card\" content=\"summary_large_image\" \/>\n<meta name=\"twitter:label1\" content=\"\u041d\u0430\u043f\u0438\u0441\u0430\u043d\u043e\" \/>\n\t<meta name=\"twitter:data1\" content=\"admin\" \/>\n\t<meta name=\"twitter:label2\" content=\"\u041f\u0440\u0438\u0431\u043b. \u0447\u0430\u0441 \u0447\u0438\u0442\u0430\u043d\u043d\u044f\" \/>\n\t<meta name=\"twitter:data2\" content=\"1 \u0445\u0432\u0438\u043b\u0438\u043d\u0430\" \/>\n<script type=\"application\/ld+json\" class=\"yoast-schema-graph\">{\"@context\":\"https:\/\/schema.org\",\"@graph\":[{\"@type\":\"Article\",\"@id\":\"http:\/\/denizcankizil.tr\/uk\/haberler\/gundem\/antalya-kumlucada-trafik-kazasi-2-yarali\/#article\",\"isPartOf\":{\"@id\":\"http:\/\/denizcankizil.tr\/uk\/haberler\/gundem\/antalya-kumlucada-trafik-kazasi-2-yarali\/\"},\"author\":{\"name\":\"admin\",\"@id\":\"https:\/\/denizcankizil.tr\/#\/schema\/person\/be3c05fe6a12686905512445d8185489\"},\"headline\":\"Antalya Kumluca&#8217;da trafik kazas\u0131: 2 yaral\u0131\",\"datePublished\":\"2025-05-20T20:29:35+00:00\",\"mainEntityOfPage\":{\"@id\":\"http:\/\/denizcankizil.tr\/uk\/haberler\/gundem\/antalya-kumlucada-trafik-kazasi-2-yarali\/\"},\"wordCount\":272,\"publisher\":{\"@id\":\"https:\/\/denizcankizil.tr\/#organization\"},\"articleSection\":[\"G\u00fcndem\"],\"inLanguage\":\"uk\"},{\"@type\":\"WebPage\",\"@id\":\"http:\/\/denizcankizil.tr\/uk\/haberler\/gundem\/antalya-kumlucada-trafik-kazasi-2-yarali\/\",\"url\":\"http:\/\/denizcankizil.tr\/uk\/haberler\/gundem\/antalya-kumlucada-trafik-kazasi-2-yarali\/\",\"name\":\"Antalya Kumluca'da trafik kazas\u0131: 2 yaral\u0131 - Av. Deniz Can K\u0131z\u0131l\",\"isPartOf\":{\"@id\":\"https:\/\/denizcankizil.tr\/#website\"},\"datePublished\":\"2025-05-20T20:29:35+00:00\",\"breadcrumb\":{\"@id\":\"http:\/\/denizcankizil.tr\/uk\/haberler\/gundem\/antalya-kumlucada-trafik-kazasi-2-yarali\/#breadcrumb\"},\"inLanguage\":\"uk\",\"potentialAction\":[{\"@type\":\"ReadAction\",\"target\":[\"http:\/\/denizcankizil.tr\/uk\/haberler\/gundem\/antalya-kumlucada-trafik-kazasi-2-yarali\/\"]}]},{\"@type\":\"BreadcrumbList\",\"@id\":\"http:\/\/denizcankizil.tr\/uk\/haberler\/gundem\/antalya-kumlucada-trafik-kazasi-2-yarali\/#breadcrumb\",\"itemListElement\":[{\"@type\":\"ListItem\",\"position\":1,\"name\":\"Home\",\"item\":\"https:\/\/denizcankizil.tr\/de\/\"},{\"@type\":\"ListItem\",\"position\":2,\"name\":\"Antalya Kumluca&#8217;da trafik kazas\u0131: 2 yaral\u0131\"}]},{\"@type\":\"WebSite\",\"@id\":\"https:\/\/denizcankizil.tr\/#website\",\"url\":\"https:\/\/denizcankizil.tr\/\",\"name\":\"Av. Deniz Can K\u0131z\u0131l\",\"description\":\"Avukat Deniz Can K\u0131z\u0131l Antalya Barosu\",\"publisher\":{\"@id\":\"https:\/\/denizcankizil.tr\/#organization\"},\"potentialAction\":[{\"@type\":\"SearchAction\",\"target\":{\"@type\":\"EntryPoint\",\"urlTemplate\":\"https:\/\/denizcankizil.tr\/?s={search_term_string}\"},\"query-input\":{\"@type\":\"PropertyValueSpecification\",\"valueRequired\":true,\"valueName\":\"search_term_string\"}}],\"inLanguage\":\"uk\"},{\"@type\":\"Organization\",\"@id\":\"https:\/\/denizcankizil.tr\/#organization\",\"name\":\"Av. Deniz Can K\u0131z\u0131l\",\"url\":\"https:\/\/denizcankizil.tr\/\",\"logo\":{\"@type\":\"ImageObject\",\"inLanguage\":\"uk\",\"@id\":\"https:\/\/denizcankizil.tr\/#\/schema\/logo\/image\/\",\"url\":\"http:\/\/denizcankizil.tr\/wp-content\/uploads\/2024\/10\/siyah-logo-svg.svg\",\"contentUrl\":\"http:\/\/denizcankizil.tr\/wp-content\/uploads\/2024\/10\/siyah-logo-svg.svg\",\"width\":1080,\"height\":1080,\"caption\":\"Av. Deniz Can K\u0131z\u0131l\"},\"image\":{\"@id\":\"https:\/\/denizcankizil.tr\/#\/schema\/logo\/image\/\"}},{\"@type\":\"Person\",\"@id\":\"https:\/\/denizcankizil.tr\/#\/schema\/person\/be3c05fe6a12686905512445d8185489\",\"name\":\"admin\",\"image\":{\"@type\":\"ImageObject\",\"inLanguage\":\"uk\",\"@id\":\"https:\/\/denizcankizil.tr\/#\/schema\/person\/image\/\",\"url\":\"https:\/\/secure.gravatar.com\/avatar\/c1fce94c830dc79107e174f890d7210541c4a63e8e5d816341794a2151c9d58c?s=96&d=mm&r=g\",\"contentUrl\":\"https:\/\/secure.gravatar.com\/avatar\/c1fce94c830dc79107e174f890d7210541c4a63e8e5d816341794a2151c9d58c?s=96&d=mm&r=g\",\"caption\":\"admin\"},\"sameAs\":[\"http:\/\/denizcankizil.tr\"],\"url\":\"https:\/\/www.iskenderun.org\/antalya-kumlucada-trafik-kazasi-2-yarali-2\"}]}<\/script>\n<!-- \/ Yoast SEO Premium plugin. -->","yoast_head_json":{"title":"Antalya Kumluca'da trafik kazas\u0131: 2 yaral\u0131 - Av. Deniz Can K\u0131z\u0131l","robots":{"index":"index","follow":"follow","max-snippet":"max-snippet:-1","max-image-preview":"max-image-preview:large","max-video-preview":"max-video-preview:-1"},"canonical":"http:\/\/denizcankizil.tr\/uk\/haberler\/gundem\/antalya-kumlucada-trafik-kazasi-2-yarali\/","og_locale":"uk_UA","og_type":"article","og_title":"Antalya Kumluca'da trafik kazas\u0131: 2 yaral\u0131","og_description":"Antalya\u2019n\u0131n Kumluca il\u00e7esinde meydana gelen trafik kazas\u0131nda iki ki\u015fi hafif yaraland\u0131. Kaza, Kar\u015f\u0131yaka Mahallesi 50. Y\u0131l Caddesi \u00fczerinde kontrols\u00fcz kav\u015fakta meydana geldi.Mehmet \u015eENT\u00dcRK \/ ANTALYA (\u0130GFA)- Al\u0131nan bilgilere g\u00f6re, 07 BZC 866 plakal\u0131 otomobil kav\u015faktan d\u00f6n\u00fc\u015f yapmaya \u00e7al\u0131\u015ft\u0131\u011f\u0131 s\u0131rada, 07 VBB 44 plakal\u0131 ba\u015fka bir otomobille \u00e7arp\u0131\u015ft\u0131. \u00c7arp\u0131\u015fman\u0131n etkisiyle 07 BZC 866 plakal\u0131 ara\u00e7ta bulunan s\u00fcr\u00fcc\u00fc ve yolcu hafif \u015fekilde yaraland\u0131. Olay yerine gelen trafik ekipleri, b\u00f6lgede g\u00fcvenlik \u00f6nlemi alarak trafi\u011fin kontroll\u00fc \u015fekilde akmas\u0131n\u0131 sa\u011flad\u0131. Yaral\u0131 iki gen\u00e7, ambulansla hastaneye kald\u0131r\u0131larak tedavi alt\u0131na al\u0131n\u0131rken, kazaya kar\u0131\u015fan ara\u00e7lar \u00e7ekici yard\u0131m\u0131yla kald\u0131r\u0131ld\u0131. Olayla ilgili tahkikat ba\u015flat\u0131ld\u0131. \u200bAntalya\u2019n\u0131n Kumluca il\u00e7esinde meydana gelen trafik kazas\u0131nda iki ki\u015fi hafif yaraland\u0131. Kaza, Kar\u015f\u0131yaka Mahallesi 50. Y\u0131l Caddesi \u00fczerinde kontrols\u00fcz kav\u015fakta meydana geldi.Mehmet \u015eENT\u00dcRK \/ ANTALYA (\u0130GFA)- Al\u0131nan bilgilere g\u00f6re, 07 BZC 866 plakal\u0131 otomobil kav\u015faktan d\u00f6n\u00fc\u015f yapmaya \u00e7al\u0131\u015ft\u0131\u011f\u0131 s\u0131rada, 07 VBB 44 plakal\u0131 ba\u015fka bir otomobille \u00e7arp\u0131\u015ft\u0131. \u00c7arp\u0131\u015fman\u0131n etkisiyle 07 BZC 866 plakal\u0131 ara\u00e7ta bulunan s\u00fcr\u00fcc\u00fc ve yolcu hafif \u015fekilde yaraland\u0131. Olay yerine gelen trafik ekipleri, b\u00f6lgede g\u00fcvenlik \u00f6nlemi alarak trafi\u011fin kontroll\u00fc \u015fekilde akmas\u0131n\u0131 sa\u011flad\u0131. Yaral\u0131 iki gen\u00e7, ambulansla hastaneye kald\u0131r\u0131larak tedavi alt\u0131na al\u0131n\u0131rken, kazaya kar\u0131\u015fan ara\u00e7lar \u00e7ekici yard\u0131m\u0131yla kald\u0131r\u0131ld\u0131. Olayla ilgili tahkikat ba\u015flat\u0131ld\u0131.\u00a0 \u200bHaberin Al\u0131nt\u0131land\u0131\u011f\u0131 Kaynak: www.iskenderun.org","og_url":"http:\/\/denizcankizil.tr\/uk\/haberler\/gundem\/antalya-kumlucada-trafik-kazasi-2-yarali\/","og_site_name":"Av. Deniz Can K\u0131z\u0131l","article_published_time":"2025-05-20T20:29:35+00:00","author":"admin","twitter_card":"summary_large_image","twitter_misc":{"\u041d\u0430\u043f\u0438\u0441\u0430\u043d\u043e":"admin","\u041f\u0440\u0438\u0431\u043b. \u0447\u0430\u0441 \u0447\u0438\u0442\u0430\u043d\u043d\u044f":"1 \u0445\u0432\u0438\u043b\u0438\u043d\u0430"},"schema":{"@context":"https:\/\/schema.org","@graph":[{"@type":"Article","@id":"http:\/\/denizcankizil.tr\/uk\/haberler\/gundem\/antalya-kumlucada-trafik-kazasi-2-yarali\/#article","isPartOf":{"@id":"http:\/\/denizcankizil.tr\/uk\/haberler\/gundem\/antalya-kumlucada-trafik-kazasi-2-yarali\/"},"author":{"name":"admin","@id":"https:\/\/denizcankizil.tr\/#\/schema\/person\/be3c05fe6a12686905512445d8185489"},"headline":"Antalya Kumluca&#8217;da trafik kazas\u0131: 2 yaral\u0131","datePublished":"2025-05-20T20:29:35+00:00","mainEntityOfPage":{"@id":"http:\/\/denizcankizil.tr\/uk\/haberler\/gundem\/antalya-kumlucada-trafik-kazasi-2-yarali\/"},"wordCount":272,"publisher":{"@id":"https:\/\/denizcankizil.tr\/#organization"},"articleSection":["G\u00fcndem"],"inLanguage":"uk"},{"@type":"WebPage","@id":"http:\/\/denizcankizil.tr\/uk\/haberler\/gundem\/antalya-kumlucada-trafik-kazasi-2-yarali\/","url":"http:\/\/denizcankizil.tr\/uk\/haberler\/gundem\/antalya-kumlucada-trafik-kazasi-2-yarali\/","name":"Antalya Kumluca'da trafik kazas\u0131: 2 yaral\u0131 - Av. Deniz Can K\u0131z\u0131l","isPartOf":{"@id":"https:\/\/denizcankizil.tr\/#website"},"datePublished":"2025-05-20T20:29:35+00:00","breadcrumb":{"@id":"http:\/\/denizcankizil.tr\/uk\/haberler\/gundem\/antalya-kumlucada-trafik-kazasi-2-yarali\/#breadcrumb"},"inLanguage":"uk","potentialAction":[{"@type":"ReadAction","target":["http:\/\/denizcankizil.tr\/uk\/haberler\/gundem\/antalya-kumlucada-trafik-kazasi-2-yarali\/"]}]},{"@type":"BreadcrumbList","@id":"http:\/\/denizcankizil.tr\/uk\/haberler\/gundem\/antalya-kumlucada-trafik-kazasi-2-yarali\/#breadcrumb","itemListElement":[{"@type":"ListItem","position":1,"name":"Home","item":"https:\/\/denizcankizil.tr\/de\/"},{"@type":"ListItem","position":2,"name":"Antalya Kumluca&#8217;da trafik kazas\u0131: 2 yaral\u0131"}]},{"@type":"WebSite","@id":"https:\/\/denizcankizil.tr\/#website","url":"https:\/\/denizcankizil.tr\/","name":"Av. Deniz Can K\u0131z\u0131l","description":"Avukat Deniz Can K\u0131z\u0131l Antalya Barosu","publisher":{"@id":"https:\/\/denizcankizil.tr\/#organization"},"potentialAction":[{"@type":"SearchAction","target":{"@type":"EntryPoint","urlTemplate":"https:\/\/denizcankizil.tr\/?s={search_term_string}"},"query-input":{"@type":"PropertyValueSpecification","valueRequired":true,"valueName":"search_term_string"}}],"inLanguage":"uk"},{"@type":"Organization","@id":"https:\/\/denizcankizil.tr\/#organization","name":"Av. Deniz Can K\u0131z\u0131l","url":"https:\/\/denizcankizil.tr\/","logo":{"@type":"ImageObject","inLanguage":"uk","@id":"https:\/\/denizcankizil.tr\/#\/schema\/logo\/image\/","url":"http:\/\/denizcankizil.tr\/wp-content\/uploads\/2024\/10\/siyah-logo-svg.svg","contentUrl":"http:\/\/denizcankizil.tr\/wp-content\/uploads\/2024\/10\/siyah-logo-svg.svg","width":1080,"height":1080,"caption":"Av. Deniz Can K\u0131z\u0131l"},"image":{"@id":"https:\/\/denizcankizil.tr\/#\/schema\/logo\/image\/"}},{"@type":"Person","@id":"https:\/\/denizcankizil.tr\/#\/schema\/person\/be3c05fe6a12686905512445d8185489","name":"\u0430\u0434\u043c\u0456\u043d","image":{"@type":"ImageObject","inLanguage":"uk","@id":"https:\/\/denizcankizil.tr\/#\/schema\/person\/image\/","url":"https:\/\/secure.gravatar.com\/avatar\/c1fce94c830dc79107e174f890d7210541c4a63e8e5d816341794a2151c9d58c?s=96&d=mm&r=g","contentUrl":"https:\/\/secure.gravatar.com\/avatar\/c1fce94c830dc79107e174f890d7210541c4a63e8e5d816341794a2151c9d58c?s=96&d=mm&r=g","caption":"admin"},"sameAs":["http:\/\/denizcankizil.tr"],"url":"https:\/\/www.iskenderun.org\/antalya-kumlucada-trafik-kazasi-2-yarali-2"}]}},"_links":{"self":[{"href":"http:\/\/denizcankizil.tr\/uk\/wp-json\/wp\/v2\/posts\/93129","targetHints":{"allow":["GET"]}}],"collection":[{"href":"http:\/\/denizcankizil.tr\/uk\/wp-json\/wp\/v2\/posts"}],"about":[{"href":"http:\/\/denizcankizil.tr\/uk\/wp-json\/wp\/v2\/types\/post"}],"author":[{"embeddable":true,"href":"http:\/\/denizcankizil.tr\/uk\/wp-json\/wp\/v2\/users\/1"}],"replies":[{"embeddable":true,"href":"http:\/\/denizcankizil.tr\/uk\/wp-json\/wp\/v2\/comments?post=93129"}],"version-history":[{"count":0,"href":"http:\/\/denizcankizil.tr\/uk\/wp-json\/wp\/v2\/posts\/93129\/revisions"}],"wp:attachment":[{"href":"http:\/\/denizcankizil.tr\/uk\/wp-json\/wp\/v2\/media?parent=93129"}],"wp:term":[{"taxonomy":"category","embeddable":true,"href":"http:\/\/denizcankizil.tr\/uk\/wp-json\/wp\/v2\/categories?post=93129"},{"taxonomy":"post_tag","embeddable":true,"href":"http:\/\/denizcankizil.tr\/uk\/wp-json\/wp\/v2\/tags?post=93129"}],"curies":[{"name":"wp","href":"https:\/\/api.w.org\/{rel}","templated":true}]}}