{"id":89359,"date":"2025-05-17T11:41:15","date_gmt":"2025-05-17T08:41:15","guid":{"rendered":"https:\/\/denizcankizil.tr\/uncategorized-tr\/motosikletin-surucusu-metrelerce-savruldu\/"},"modified":"2025-05-17T11:41:15","modified_gmt":"2025-05-17T08:41:15","slug":"motosikletin-surucusu-metrelerce-savruldu","status":"publish","type":"post","link":"http:\/\/denizcankizil.tr\/uk\/haberler\/antalya\/motosikletin-surucusu-metrelerce-savruldu\/","title":{"rendered":"Motosikletin s\u00fcr\u00fcc\u00fcs\u00fc metrelerce savruldu"},"content":{"rendered":"<p>Kaza; Antalya-Manavgat D-400 Karayoluna \u00e7\u0131kan tali yolda meydana geldi. Seyir halindeki \u0130.\u00c7.&#8217;nin kulland\u0131\u011f\u0131 63 AJR 773 plakal\u0131 motosiklet, tali yoldan \u00f6n\u00fcne \u00e7\u0131kan V.N.&#8217;nin kulland\u0131\u011f\u0131 07 AUJ 734 plakal\u0131 otomobile \u00e7arpt\u0131. G\u00fcvenlik kameras\u0131na yans\u0131yan g\u00f6r\u00fcnt\u00fclerde, \u00e7arpman\u0131n etkisiyle motosiklet s\u00fcr\u00fcc\u00fcs\u00fcn\u00fcn yakla\u015f\u0131k 15 metre s\u00fcr\u00fcklendi\u011fi g\u00f6r\u00fcld\u00fc. Yaralanan motosiklet s\u00fcr\u00fcc\u00fcs\u00fc, olay yerine gelen 112 sa\u011fl\u0131k ekiplerinin ilk m\u00fcdahalesinin ard\u0131ndan ambulansla hastaneye kald\u0131r\u0131ld\u0131.<br \/>\nJandarma trafik ekipleri taraf\u0131ndan yap\u0131lan kontrolde, otomobil s\u00fcr\u00fcc\u00fcs\u00fcn\u00fcn alkoll\u00fc oldu\u011fu belirlendi. S\u00fcr\u00fcc\u00fcye 9 bin 267 TL para cezas\u0131 kesilirken, s\u00fcr\u00fcc\u00fc belgesine de 6 ay s\u00fcreyle el konuldu.<\/p>\n<p>Kaynak: www.kanalv.com.tr Haber Sitesinden Al\u0131nm\u0131\u015ft\u0131r.<\/p>","protected":false},"excerpt":{"rendered":"<p>Kaza; Antalya-Manavgat D-400 Karayoluna \u00e7\u0131kan tali yolda meydana geldi. Seyir halindeki \u0130.\u00c7.&#8217;nin kulland\u0131\u011f\u0131 63 AJR 773 plakal\u0131 motosiklet, tali yoldan \u00f6n\u00fcne \u00e7\u0131kan V.N.&#8217;nin kulland\u0131\u011f\u0131 07 AUJ 734 plakal\u0131 otomobile \u00e7arpt\u0131. G\u00fcvenlik kameras\u0131na yans\u0131yan g\u00f6r\u00fcnt\u00fclerde, \u00e7arpman\u0131n etkisiyle motosiklet s\u00fcr\u00fcc\u00fcs\u00fcn\u00fcn yakla\u015f\u0131k 15 metre s\u00fcr\u00fcklendi\u011fi g\u00f6r\u00fcld\u00fc. Yaralanan motosiklet s\u00fcr\u00fcc\u00fcs\u00fc, olay yerine gelen 112 sa\u011fl\u0131k ekiplerinin ilk m\u00fcdahalesinin ard\u0131ndan ambulansla hastaneye kald\u0131r\u0131ld\u0131. Jandarma trafik ekipleri taraf\u0131ndan yap\u0131lan kontrolde, otomobil s\u00fcr\u00fcc\u00fcs\u00fcn\u00fcn alkoll\u00fc oldu\u011fu belirlendi. S\u00fcr\u00fcc\u00fcye 9 bin 267 TL para cezas\u0131 kesilirken, s\u00fcr\u00fcc\u00fc belgesine de 6 ay s\u00fcreyle el konuldu. Kaynak: www.kanalv.com.tr Haber Sitesinden Al\u0131nm\u0131\u015ft\u0131r.<\/p>","protected":false},"author":4,"featured_media":89360,"comment_status":"","ping_status":"open","sticky":false,"template":"","format":"standard","meta":{"_acf_changed":false,"footnotes":""},"categories":[26],"tags":[],"class_list":["post-89359","post","type-post","status-publish","format-standard","has-post-thumbnail","hentry","category-antalya"],"acf":[],"yoast_head":"<!-- This site is optimized with the Yoast SEO Premium plugin v26.6 (Yoast SEO v27.1.1) - https:\/\/yoast.com\/product\/yoast-seo-premium-wordpress\/ -->\n<title>Motosikletin s\u00fcr\u00fcc\u00fcs\u00fc metrelerce savruldu - Av. Deniz Can K\u0131z\u0131l<\/title>\n<meta name=\"robots\" content=\"index, follow, max-snippet:-1, max-image-preview:large, max-video-preview:-1\" \/>\n<link rel=\"canonical\" href=\"http:\/\/denizcankizil.tr\/uk\/haberler\/antalya\/motosikletin-surucusu-metrelerce-savruldu\/\" \/>\n<meta property=\"og:locale\" content=\"uk_UA\" \/>\n<meta property=\"og:type\" content=\"article\" \/>\n<meta property=\"og:title\" content=\"Motosikletin s\u00fcr\u00fcc\u00fcs\u00fc metrelerce savruldu\" \/>\n<meta property=\"og:description\" content=\"Kaza; Antalya-Manavgat D-400 Karayoluna \u00e7\u0131kan tali yolda meydana geldi. Seyir halindeki \u0130.\u00c7.&#8217;nin kulland\u0131\u011f\u0131 63 AJR 773 plakal\u0131 motosiklet, tali yoldan \u00f6n\u00fcne \u00e7\u0131kan V.N.&#8217;nin kulland\u0131\u011f\u0131 07 AUJ 734 plakal\u0131 otomobile \u00e7arpt\u0131. G\u00fcvenlik kameras\u0131na yans\u0131yan g\u00f6r\u00fcnt\u00fclerde, \u00e7arpman\u0131n etkisiyle motosiklet s\u00fcr\u00fcc\u00fcs\u00fcn\u00fcn yakla\u015f\u0131k 15 metre s\u00fcr\u00fcklendi\u011fi g\u00f6r\u00fcld\u00fc. Yaralanan motosiklet s\u00fcr\u00fcc\u00fcs\u00fc, olay yerine gelen 112 sa\u011fl\u0131k ekiplerinin ilk m\u00fcdahalesinin ard\u0131ndan ambulansla hastaneye kald\u0131r\u0131ld\u0131. Jandarma trafik ekipleri taraf\u0131ndan yap\u0131lan kontrolde, otomobil s\u00fcr\u00fcc\u00fcs\u00fcn\u00fcn alkoll\u00fc oldu\u011fu belirlendi. S\u00fcr\u00fcc\u00fcye 9 bin 267 TL para cezas\u0131 kesilirken, s\u00fcr\u00fcc\u00fc belgesine de 6 ay s\u00fcreyle el konuldu. Kaynak: www.kanalv.com.tr Haber Sitesinden Al\u0131nm\u0131\u015ft\u0131r.\" \/>\n<meta property=\"og:url\" content=\"http:\/\/denizcankizil.tr\/uk\/haberler\/antalya\/motosikletin-surucusu-metrelerce-savruldu\/\" \/>\n<meta property=\"og:site_name\" content=\"Av. Deniz Can K\u0131z\u0131l\" \/>\n<meta property=\"article:published_time\" content=\"2025-05-17T08:41:15+00:00\" \/>\n<meta property=\"og:image\" content=\"http:\/\/denizcankizil.tr\/wp-content\/uploads\/2025\/05\/6389-01-AgqEtP.jpg\" \/>\n\t<meta property=\"og:image:width\" content=\"1280\" \/>\n\t<meta property=\"og:image:height\" content=\"720\" \/>\n\t<meta property=\"og:image:type\" content=\"image\/jpeg\" \/>\n<meta name=\"author\" content=\"Av. Deniz Can K\u0131z\u0131l\" \/>\n<meta name=\"twitter:card\" content=\"summary_large_image\" \/>\n<meta name=\"twitter:label1\" content=\"\u041d\u0430\u043f\u0438\u0441\u0430\u043d\u043e\" \/>\n\t<meta name=\"twitter:data1\" content=\"Av. Deniz Can K\u0131z\u0131l\" \/>\n\t<meta name=\"twitter:label2\" content=\"\u041f\u0440\u0438\u0431\u043b. \u0447\u0430\u0441 \u0447\u0438\u0442\u0430\u043d\u043d\u044f\" \/>\n\t<meta name=\"twitter:data2\" content=\"1 \u0445\u0432\u0438\u043b\u0438\u043d\u0430\" \/>\n<script type=\"application\/ld+json\" class=\"yoast-schema-graph\">{\"@context\":\"https:\/\/schema.org\",\"@graph\":[{\"@type\":\"Article\",\"@id\":\"http:\/\/denizcankizil.tr\/uk\/haberler\/antalya\/motosikletin-surucusu-metrelerce-savruldu\/#article\",\"isPartOf\":{\"@id\":\"http:\/\/denizcankizil.tr\/uk\/haberler\/antalya\/motosikletin-surucusu-metrelerce-savruldu\/\"},\"author\":{\"name\":\"Av. Deniz Can K\u0131z\u0131l\",\"@id\":\"https:\/\/denizcankizil.tr\/#\/schema\/person\/5dc1b22991bd7ac833867c10afc9b0ff\"},\"headline\":\"Motosikletin s\u00fcr\u00fcc\u00fcs\u00fc metrelerce savruldu\",\"datePublished\":\"2025-05-17T08:41:15+00:00\",\"mainEntityOfPage\":{\"@id\":\"http:\/\/denizcankizil.tr\/uk\/haberler\/antalya\/motosikletin-surucusu-metrelerce-savruldu\/\"},\"wordCount\":138,\"publisher\":{\"@id\":\"https:\/\/denizcankizil.tr\/#organization\"},\"image\":{\"@id\":\"http:\/\/denizcankizil.tr\/uk\/haberler\/antalya\/motosikletin-surucusu-metrelerce-savruldu\/#primaryimage\"},\"thumbnailUrl\":\"http:\/\/denizcankizil.tr\/wp-content\/uploads\/2025\/05\/6389-01-AgqEtP.jpg\",\"articleSection\":[\"Antalya\"],\"inLanguage\":\"uk\"},{\"@type\":\"WebPage\",\"@id\":\"http:\/\/denizcankizil.tr\/uk\/haberler\/antalya\/motosikletin-surucusu-metrelerce-savruldu\/\",\"url\":\"http:\/\/denizcankizil.tr\/uk\/haberler\/antalya\/motosikletin-surucusu-metrelerce-savruldu\/\",\"name\":\"Motosikletin s\u00fcr\u00fcc\u00fcs\u00fc metrelerce savruldu - Av. Deniz Can K\u0131z\u0131l\",\"isPartOf\":{\"@id\":\"https:\/\/denizcankizil.tr\/#website\"},\"primaryImageOfPage\":{\"@id\":\"http:\/\/denizcankizil.tr\/uk\/haberler\/antalya\/motosikletin-surucusu-metrelerce-savruldu\/#primaryimage\"},\"image\":{\"@id\":\"http:\/\/denizcankizil.tr\/uk\/haberler\/antalya\/motosikletin-surucusu-metrelerce-savruldu\/#primaryimage\"},\"thumbnailUrl\":\"http:\/\/denizcankizil.tr\/wp-content\/uploads\/2025\/05\/6389-01-AgqEtP.jpg\",\"datePublished\":\"2025-05-17T08:41:15+00:00\",\"breadcrumb\":{\"@id\":\"http:\/\/denizcankizil.tr\/uk\/haberler\/antalya\/motosikletin-surucusu-metrelerce-savruldu\/#breadcrumb\"},\"inLanguage\":\"uk\",\"potentialAction\":[{\"@type\":\"ReadAction\",\"target\":[\"http:\/\/denizcankizil.tr\/uk\/haberler\/antalya\/motosikletin-surucusu-metrelerce-savruldu\/\"]}]},{\"@type\":\"ImageObject\",\"inLanguage\":\"uk\",\"@id\":\"http:\/\/denizcankizil.tr\/uk\/haberler\/antalya\/motosikletin-surucusu-metrelerce-savruldu\/#primaryimage\",\"url\":\"http:\/\/denizcankizil.tr\/wp-content\/uploads\/2025\/05\/6389-01-AgqEtP.jpg\",\"contentUrl\":\"http:\/\/denizcankizil.tr\/wp-content\/uploads\/2025\/05\/6389-01-AgqEtP.jpg\",\"width\":1280,\"height\":720},{\"@type\":\"BreadcrumbList\",\"@id\":\"http:\/\/denizcankizil.tr\/uk\/haberler\/antalya\/motosikletin-surucusu-metrelerce-savruldu\/#breadcrumb\",\"itemListElement\":[{\"@type\":\"ListItem\",\"position\":1,\"name\":\"Home\",\"item\":\"https:\/\/denizcankizil.tr\/de\/\"},{\"@type\":\"ListItem\",\"position\":2,\"name\":\"Motosikletin s\u00fcr\u00fcc\u00fcs\u00fc metrelerce savruldu\"}]},{\"@type\":\"WebSite\",\"@id\":\"https:\/\/denizcankizil.tr\/#website\",\"url\":\"https:\/\/denizcankizil.tr\/\",\"name\":\"Av. Deniz Can K\u0131z\u0131l\",\"description\":\"Avukat Deniz Can K\u0131z\u0131l Antalya Barosu\",\"publisher\":{\"@id\":\"https:\/\/denizcankizil.tr\/#organization\"},\"potentialAction\":[{\"@type\":\"SearchAction\",\"target\":{\"@type\":\"EntryPoint\",\"urlTemplate\":\"https:\/\/denizcankizil.tr\/?s={search_term_string}\"},\"query-input\":{\"@type\":\"PropertyValueSpecification\",\"valueRequired\":true,\"valueName\":\"search_term_string\"}}],\"inLanguage\":\"uk\"},{\"@type\":\"Organization\",\"@id\":\"https:\/\/denizcankizil.tr\/#organization\",\"name\":\"Av. Deniz Can K\u0131z\u0131l\",\"url\":\"https:\/\/denizcankizil.tr\/\",\"logo\":{\"@type\":\"ImageObject\",\"inLanguage\":\"uk\",\"@id\":\"https:\/\/denizcankizil.tr\/#\/schema\/logo\/image\/\",\"url\":\"http:\/\/denizcankizil.tr\/wp-content\/uploads\/2024\/10\/siyah-logo-svg.svg\",\"contentUrl\":\"http:\/\/denizcankizil.tr\/wp-content\/uploads\/2024\/10\/siyah-logo-svg.svg\",\"width\":1080,\"height\":1080,\"caption\":\"Av. Deniz Can K\u0131z\u0131l\"},\"image\":{\"@id\":\"https:\/\/denizcankizil.tr\/#\/schema\/logo\/image\/\"}},{\"@type\":\"Person\",\"@id\":\"https:\/\/denizcankizil.tr\/#\/schema\/person\/5dc1b22991bd7ac833867c10afc9b0ff\",\"name\":\"Av. Deniz Can K\u0131z\u0131l\",\"image\":{\"@type\":\"ImageObject\",\"inLanguage\":\"uk\",\"@id\":\"https:\/\/denizcankizil.tr\/#\/schema\/person\/image\/\",\"url\":\"https:\/\/secure.gravatar.com\/avatar\/a0b128fb9855c79efc976d5640eedb31dc35ec297594d6016d2cf7c60e975bb6?s=96&d=mm&r=g\",\"contentUrl\":\"https:\/\/secure.gravatar.com\/avatar\/a0b128fb9855c79efc976d5640eedb31dc35ec297594d6016d2cf7c60e975bb6?s=96&d=mm&r=g\",\"caption\":\"Av. Deniz Can K\u0131z\u0131l\"},\"sameAs\":[\"http:\/\/www.denizcankizil.tr\"],\"url\":\"http:\/\/denizcankizil.tr\/uk\/author\/denizcankizil\/\"}]}<\/script>\n<!-- \/ Yoast SEO Premium plugin. -->","yoast_head_json":{"title":"Motosikletin s\u00fcr\u00fcc\u00fcs\u00fc metrelerce savruldu - Av. Deniz Can K\u0131z\u0131l","robots":{"index":"index","follow":"follow","max-snippet":"max-snippet:-1","max-image-preview":"max-image-preview:large","max-video-preview":"max-video-preview:-1"},"canonical":"http:\/\/denizcankizil.tr\/uk\/haberler\/antalya\/motosikletin-surucusu-metrelerce-savruldu\/","og_locale":"uk_UA","og_type":"article","og_title":"Motosikletin s\u00fcr\u00fcc\u00fcs\u00fc metrelerce savruldu","og_description":"Kaza; Antalya-Manavgat D-400 Karayoluna \u00e7\u0131kan tali yolda meydana geldi. Seyir halindeki \u0130.\u00c7.&#8217;nin kulland\u0131\u011f\u0131 63 AJR 773 plakal\u0131 motosiklet, tali yoldan \u00f6n\u00fcne \u00e7\u0131kan V.N.&#8217;nin kulland\u0131\u011f\u0131 07 AUJ 734 plakal\u0131 otomobile \u00e7arpt\u0131. G\u00fcvenlik kameras\u0131na yans\u0131yan g\u00f6r\u00fcnt\u00fclerde, \u00e7arpman\u0131n etkisiyle motosiklet s\u00fcr\u00fcc\u00fcs\u00fcn\u00fcn yakla\u015f\u0131k 15 metre s\u00fcr\u00fcklendi\u011fi g\u00f6r\u00fcld\u00fc. Yaralanan motosiklet s\u00fcr\u00fcc\u00fcs\u00fc, olay yerine gelen 112 sa\u011fl\u0131k ekiplerinin ilk m\u00fcdahalesinin ard\u0131ndan ambulansla hastaneye kald\u0131r\u0131ld\u0131. Jandarma trafik ekipleri taraf\u0131ndan yap\u0131lan kontrolde, otomobil s\u00fcr\u00fcc\u00fcs\u00fcn\u00fcn alkoll\u00fc oldu\u011fu belirlendi. S\u00fcr\u00fcc\u00fcye 9 bin 267 TL para cezas\u0131 kesilirken, s\u00fcr\u00fcc\u00fc belgesine de 6 ay s\u00fcreyle el konuldu. Kaynak: www.kanalv.com.tr Haber Sitesinden Al\u0131nm\u0131\u015ft\u0131r.","og_url":"http:\/\/denizcankizil.tr\/uk\/haberler\/antalya\/motosikletin-surucusu-metrelerce-savruldu\/","og_site_name":"Av. Deniz Can K\u0131z\u0131l","article_published_time":"2025-05-17T08:41:15+00:00","og_image":[{"width":1280,"height":720,"url":"http:\/\/denizcankizil.tr\/wp-content\/uploads\/2025\/05\/6389-01-AgqEtP.jpg","type":"image\/jpeg"}],"author":"Av. Deniz Can K\u0131z\u0131l","twitter_card":"summary_large_image","twitter_misc":{"\u041d\u0430\u043f\u0438\u0441\u0430\u043d\u043e":"Av. Deniz Can K\u0131z\u0131l","\u041f\u0440\u0438\u0431\u043b. \u0447\u0430\u0441 \u0447\u0438\u0442\u0430\u043d\u043d\u044f":"1 \u0445\u0432\u0438\u043b\u0438\u043d\u0430"},"schema":{"@context":"https:\/\/schema.org","@graph":[{"@type":"Article","@id":"http:\/\/denizcankizil.tr\/uk\/haberler\/antalya\/motosikletin-surucusu-metrelerce-savruldu\/#article","isPartOf":{"@id":"http:\/\/denizcankizil.tr\/uk\/haberler\/antalya\/motosikletin-surucusu-metrelerce-savruldu\/"},"author":{"name":"Av. Deniz Can K\u0131z\u0131l","@id":"https:\/\/denizcankizil.tr\/#\/schema\/person\/5dc1b22991bd7ac833867c10afc9b0ff"},"headline":"Motosikletin s\u00fcr\u00fcc\u00fcs\u00fc metrelerce savruldu","datePublished":"2025-05-17T08:41:15+00:00","mainEntityOfPage":{"@id":"http:\/\/denizcankizil.tr\/uk\/haberler\/antalya\/motosikletin-surucusu-metrelerce-savruldu\/"},"wordCount":138,"publisher":{"@id":"https:\/\/denizcankizil.tr\/#organization"},"image":{"@id":"http:\/\/denizcankizil.tr\/uk\/haberler\/antalya\/motosikletin-surucusu-metrelerce-savruldu\/#primaryimage"},"thumbnailUrl":"http:\/\/denizcankizil.tr\/wp-content\/uploads\/2025\/05\/6389-01-AgqEtP.jpg","articleSection":["Antalya"],"inLanguage":"uk"},{"@type":"WebPage","@id":"http:\/\/denizcankizil.tr\/uk\/haberler\/antalya\/motosikletin-surucusu-metrelerce-savruldu\/","url":"http:\/\/denizcankizil.tr\/uk\/haberler\/antalya\/motosikletin-surucusu-metrelerce-savruldu\/","name":"Motosikletin s\u00fcr\u00fcc\u00fcs\u00fc metrelerce savruldu - Av. Deniz Can K\u0131z\u0131l","isPartOf":{"@id":"https:\/\/denizcankizil.tr\/#website"},"primaryImageOfPage":{"@id":"http:\/\/denizcankizil.tr\/uk\/haberler\/antalya\/motosikletin-surucusu-metrelerce-savruldu\/#primaryimage"},"image":{"@id":"http:\/\/denizcankizil.tr\/uk\/haberler\/antalya\/motosikletin-surucusu-metrelerce-savruldu\/#primaryimage"},"thumbnailUrl":"http:\/\/denizcankizil.tr\/wp-content\/uploads\/2025\/05\/6389-01-AgqEtP.jpg","datePublished":"2025-05-17T08:41:15+00:00","breadcrumb":{"@id":"http:\/\/denizcankizil.tr\/uk\/haberler\/antalya\/motosikletin-surucusu-metrelerce-savruldu\/#breadcrumb"},"inLanguage":"uk","potentialAction":[{"@type":"ReadAction","target":["http:\/\/denizcankizil.tr\/uk\/haberler\/antalya\/motosikletin-surucusu-metrelerce-savruldu\/"]}]},{"@type":"ImageObject","inLanguage":"uk","@id":"http:\/\/denizcankizil.tr\/uk\/haberler\/antalya\/motosikletin-surucusu-metrelerce-savruldu\/#primaryimage","url":"http:\/\/denizcankizil.tr\/wp-content\/uploads\/2025\/05\/6389-01-AgqEtP.jpg","contentUrl":"http:\/\/denizcankizil.tr\/wp-content\/uploads\/2025\/05\/6389-01-AgqEtP.jpg","width":1280,"height":720},{"@type":"BreadcrumbList","@id":"http:\/\/denizcankizil.tr\/uk\/haberler\/antalya\/motosikletin-surucusu-metrelerce-savruldu\/#breadcrumb","itemListElement":[{"@type":"ListItem","position":1,"name":"Home","item":"https:\/\/denizcankizil.tr\/de\/"},{"@type":"ListItem","position":2,"name":"Motosikletin s\u00fcr\u00fcc\u00fcs\u00fc metrelerce savruldu"}]},{"@type":"WebSite","@id":"https:\/\/denizcankizil.tr\/#website","url":"https:\/\/denizcankizil.tr\/","name":"Av. Deniz Can K\u0131z\u0131l","description":"Avukat Deniz Can K\u0131z\u0131l Antalya Barosu","publisher":{"@id":"https:\/\/denizcankizil.tr\/#organization"},"potentialAction":[{"@type":"SearchAction","target":{"@type":"EntryPoint","urlTemplate":"https:\/\/denizcankizil.tr\/?s={search_term_string}"},"query-input":{"@type":"PropertyValueSpecification","valueRequired":true,"valueName":"search_term_string"}}],"inLanguage":"uk"},{"@type":"Organization","@id":"https:\/\/denizcankizil.tr\/#organization","name":"Av. Deniz Can K\u0131z\u0131l","url":"https:\/\/denizcankizil.tr\/","logo":{"@type":"ImageObject","inLanguage":"uk","@id":"https:\/\/denizcankizil.tr\/#\/schema\/logo\/image\/","url":"http:\/\/denizcankizil.tr\/wp-content\/uploads\/2024\/10\/siyah-logo-svg.svg","contentUrl":"http:\/\/denizcankizil.tr\/wp-content\/uploads\/2024\/10\/siyah-logo-svg.svg","width":1080,"height":1080,"caption":"Av. Deniz Can K\u0131z\u0131l"},"image":{"@id":"https:\/\/denizcankizil.tr\/#\/schema\/logo\/image\/"}},{"@type":"Person","@id":"https:\/\/denizcankizil.tr\/#\/schema\/person\/5dc1b22991bd7ac833867c10afc9b0ff","name":"Av. Deniz Can K\u0131z\u0131l","image":{"@type":"ImageObject","inLanguage":"uk","@id":"https:\/\/denizcankizil.tr\/#\/schema\/person\/image\/","url":"https:\/\/secure.gravatar.com\/avatar\/a0b128fb9855c79efc976d5640eedb31dc35ec297594d6016d2cf7c60e975bb6?s=96&d=mm&r=g","contentUrl":"https:\/\/secure.gravatar.com\/avatar\/a0b128fb9855c79efc976d5640eedb31dc35ec297594d6016d2cf7c60e975bb6?s=96&d=mm&r=g","caption":"Av. Deniz Can K\u0131z\u0131l"},"sameAs":["http:\/\/www.denizcankizil.tr"],"url":"http:\/\/denizcankizil.tr\/uk\/author\/denizcankizil\/"}]}},"_links":{"self":[{"href":"http:\/\/denizcankizil.tr\/uk\/wp-json\/wp\/v2\/posts\/89359","targetHints":{"allow":["GET"]}}],"collection":[{"href":"http:\/\/denizcankizil.tr\/uk\/wp-json\/wp\/v2\/posts"}],"about":[{"href":"http:\/\/denizcankizil.tr\/uk\/wp-json\/wp\/v2\/types\/post"}],"author":[{"embeddable":true,"href":"http:\/\/denizcankizil.tr\/uk\/wp-json\/wp\/v2\/users\/4"}],"replies":[{"embeddable":true,"href":"http:\/\/denizcankizil.tr\/uk\/wp-json\/wp\/v2\/comments?post=89359"}],"version-history":[{"count":0,"href":"http:\/\/denizcankizil.tr\/uk\/wp-json\/wp\/v2\/posts\/89359\/revisions"}],"wp:featuredmedia":[{"embeddable":true,"href":"http:\/\/denizcankizil.tr\/uk\/wp-json\/wp\/v2\/media\/89360"}],"wp:attachment":[{"href":"http:\/\/denizcankizil.tr\/uk\/wp-json\/wp\/v2\/media?parent=89359"}],"wp:term":[{"taxonomy":"category","embeddable":true,"href":"http:\/\/denizcankizil.tr\/uk\/wp-json\/wp\/v2\/categories?post=89359"},{"taxonomy":"post_tag","embeddable":true,"href":"http:\/\/denizcankizil.tr\/uk\/wp-json\/wp\/v2\/tags?post=89359"}],"curies":[{"name":"wp","href":"https:\/\/api.w.org\/{rel}","templated":true}]}}