{"id":88525,"date":"2025-05-16T16:41:24","date_gmt":"2025-05-16T13:41:24","guid":{"rendered":"https:\/\/denizcankizil.tr\/uncategorized-tr\/antalya-buyuksehir-meclisinde-yurt-disi-ziyaret-gerilimi-bocekin-vekilinden-elestirilere-cevap\/"},"modified":"2025-05-16T16:41:24","modified_gmt":"2025-05-16T13:41:24","slug":"antalya-buyuksehir-meclisinde-yurt-disi-ziyaret-gerilimi-bocekin-vekilinden-elestirilere-cevap","status":"publish","type":"post","link":"http:\/\/denizcankizil.tr\/uk\/haberler\/gundem\/antalya-buyuksehir-meclisinde-yurt-disi-ziyaret-gerilimi-bocekin-vekilinden-elestirilere-cevap\/","title":{"rendered":"Antalya B\u00fcy\u00fck\u015fehir Meclisinde yurt d\u0131\u015f\u0131 ziyaret gerilimi! B\u00f6cek\u2019in vekilinden ele\u015ftirilere cevap"},"content":{"rendered":"<p>Antalya B\u00fcy\u00fck\u015fehir Belediye Meclisi may\u0131s ay\u0131 devam g\u00fcndemini g\u00f6r\u00fc\u015ft\u00fc. Ba\u015fkan Muhittin B\u00f6cek\u2019in yoklu\u011funda meclise CHP Grup S\u00f6zc\u00fcs\u00fc B\u00fc\u015fra \u00d6zdemir ba\u015fkanl\u0131k yapt\u0131. \u00d6zdemir\u2019in yerine ise Meclis Ba\u015fkanvekili Bayram Ali \u00c7eltik ge\u00e7ti. Mecliste 37 g\u00fcndem maddesi g\u00f6r\u00fc\u015f\u00fcld\u00fc.<\/p>\n<p>PERSONEL YURT DI\u015eINA \u00c7IKIYOR<\/p>\n<p>Toplant\u0131n\u0131n en dikkat \u00e7eken ba\u015fl\u0131klar\u0131 aras\u0131nda belediye b\u00fcnyesindeki \u00e7e\u015fitli birimlerde g\u00f6rev yapan personelin yurt d\u0131\u015f\u0131 g\u00f6revlendirmeleri yer ald\u0131. G\u00fcndemin 17 ile 24\u2019\u00fcnc\u00fc maddeleri aras\u0131nda yer alan bu konular, Plan ve B\u00fct\u00e7e Komisyonu taraf\u0131ndan haz\u0131rlanan raporlar do\u011frultusunda meclis \u00fcyelerinin onay\u0131na sunuldu.<\/p>\n<p>MASRAFLAR PROJEDEN<\/p>\n<p>G\u00f6r\u00fc\u015f\u00fclecek konular aras\u0131nda ilk olarak, D\u0131\u015f \u0130li\u015fkiler Daire Ba\u015fkanl\u0131\u011f\u0131\u2019ndan bir heyetin 25-28 May\u0131s 2025 tarihlerinde Fransa\u2019n\u0131n Bordo kentine ger\u00e7ekle\u015ftirece\u011fi g\u00f6rev seyahati bulundu. Bu ziyaretin, EIT Urban Mobility Projesi kapsam\u0131nda yap\u0131laca\u011f\u0131 ve masraflar\u0131n proje b\u00fct\u00e7esinden kar\u015f\u0131lanaca\u011f\u0131 belirtildi.<\/p>\n<p>D\u0130\u011eER Z\u0130YARETLER<\/p>\n<p>G\u00fcndemin di\u011fer \u00f6nemli maddeleri aras\u0131nda ise Antalya B\u00fcy\u00fck\u015fehir Belediyesi\u2019nin \u00e7evresel ve s\u00fcrd\u00fcr\u00fclebilirlik temelli uluslararas\u0131 etkinliklere kat\u0131l\u0131m\u0131 yer ald\u0131. 6-8 Haziran tarihlerinde Fransa\u2019n\u0131n Nice kentinde d\u00fczenlenecek \u201c3. Birle\u015fmi\u015f Milletler Okyanus Konferans\u0131\u201d, \u0130talya\u2019da 22-24 May\u0131s tarihlerinde yap\u0131lacak \u201cSECAP Haz\u0131rl\u0131\u011f\u0131 ve \u0130zleme Uygulamalar\u0131\u201d etkinli\u011fi, B\u00fckre\u015f\u2019teki \u201cNet Zero Cities\u201d program\u0131 ve G\u00fcney Kore Wando\u2019da ger\u00e7ekle\u015ftirilecek \u201cCittaslow Uluslararas\u0131 Meclis Toplant\u0131s\u0131\u201d ziyaretlerde \u00f6ne \u00e7\u0131kt\u0131.<\/p>\n<p>G\u00d6REVL\u0130 SAYILACAKLAR<\/p>\n<p>Ayr\u0131ca, Almanya\u2019n\u0131n N\u00fcrnberg kentinde d\u00fczenlenecek olan \u201cGen\u00e7lik Bar\u0131\u015fta Birle\u015fiyor\u201d temal\u0131 uluslararas\u0131 gen\u00e7lik kamp\u0131na ve 9-12 Haziran 2025 tarihlerinde ger\u00e7ekle\u015ftirilecek Muh\u0131r CLIMAAX projesine kat\u0131lacak personelin de yurt d\u0131\u015f\u0131 g\u00f6revli say\u0131lmas\u0131 g\u00fcndemde yer ald\u0131.<\/p>\n<p>V\u0130YANA\u2019YA YOLCULUK<\/p>\n<p>Son olarak, D\u00fcnya Bankas\u0131 taraf\u0131ndan desteklenen \u201cYe\u015fil ve Gelece\u011fin \u015eehirleri Projesi\u201d kapsam\u0131nda, belediye personelinin 1-6 Haziran tarihleri aras\u0131nda Avusturya\u2019n\u0131n Viyana kentine g\u00f6revlendirilmesi de meclis g\u00fcndemine girdi. Personelin g\u00f6revlendirilmesine y\u00f6nelik g\u00fcndem maddelerine AK Parti ve MHP grubu ret verirken oy \u00e7oklu\u011fu ile kabul edildi.<\/p>\n<p>ELE\u015eT\u0130R\u0130LERE CEVAP<\/p>\n<p>Ziyaretlere gelen ele\u015ftirilerine k\u0131sa bir cevap veren B\u00fc\u015fra \u00d6zdemir, \u201cYurt d\u0131\u015f\u0131 masraflar\u0131n\u0131n y\u00fczde 90\u2019\u0131 ald\u0131\u011f\u0131m\u0131z projelerden kar\u015f\u0131lan\u0131yor. Antalya\u2019n\u0131n menafine projelerdir. Son 3 y\u0131lda 3,5 milyon Euro hibe alarak hizmetlerde kulland\u0131k. T\u00fcm masraflar proje b\u00fct\u00e7esinden kar\u015f\u0131lan\u0131yor. D\u00fcnya kenti olacaksak bu projelerin i\u00e7erisinde olmam\u0131z gerekir\u201d dedi.<\/p>\n<p>\u200bAntalya B\u00fcy\u00fck\u015fehir Belediyesi may\u0131s devam meclisi ger\u00e7ekle\u015ftirildi. \u00c7e\u015fitli birimlerde g\u00f6rev yapan personelin yurt d\u0131\u015f\u0131 g\u00f6revlendirmelerine AK Parti ve MHP ret oyu verdi. Muhittin B\u00f6cek\u2019in yoklu\u011funda meclise ba\u015fkanl\u0131k yapan B\u00fc\u015fra \u00d6zdemir ele\u015ftirileri cevaplad\u0131.\u00a0<\/p>\n<p>\u200bHaberin Al\u0131nt\u0131land\u0131\u011f\u0131 Kaynak: www.antalyakorfez.com<\/p>","protected":false},"excerpt":{"rendered":"<p>Antalya B\u00fcy\u00fck\u015fehir Belediye Meclisi may\u0131s ay\u0131 devam g\u00fcndemini g\u00f6r\u00fc\u015ft\u00fc. Ba\u015fkan Muhittin B\u00f6cek\u2019in yoklu\u011funda meclise CHP Grup S\u00f6zc\u00fcs\u00fc B\u00fc\u015fra \u00d6zdemir ba\u015fkanl\u0131k yapt\u0131. \u00d6zdemir\u2019in yerine ise Meclis Ba\u015fkanvekili Bayram Ali \u00c7eltik ge\u00e7ti. Mecliste 37 g\u00fcndem maddesi g\u00f6r\u00fc\u015f\u00fcld\u00fc. PERSONEL YURT DI\u015eINA \u00c7IKIYOR Toplant\u0131n\u0131n en dikkat \u00e7eken ba\u015fl\u0131klar\u0131 aras\u0131nda belediye b\u00fcnyesindeki \u00e7e\u015fitli birimlerde g\u00f6rev yapan personelin yurt d\u0131\u015f\u0131 g\u00f6revlendirmeleri yer ald\u0131. G\u00fcndemin 17 ile 24\u2019\u00fcnc\u00fc maddeleri aras\u0131nda yer alan bu konular, Plan ve B\u00fct\u00e7e Komisyonu taraf\u0131ndan haz\u0131rlanan raporlar do\u011frultusunda meclis \u00fcyelerinin onay\u0131na sunuldu. MASRAFLAR PROJEDEN G\u00f6r\u00fc\u015f\u00fclecek konular aras\u0131nda ilk olarak, D\u0131\u015f \u0130li\u015fkiler Daire Ba\u015fkanl\u0131\u011f\u0131\u2019ndan bir heyetin 25-28 May\u0131s 2025 tarihlerinde Fransa\u2019n\u0131n Bordo kentine ger\u00e7ekle\u015ftirece\u011fi g\u00f6rev seyahati bulundu. Bu ziyaretin, EIT Urban Mobility Projesi kapsam\u0131nda yap\u0131laca\u011f\u0131 ve masraflar\u0131n proje b\u00fct\u00e7esinden kar\u015f\u0131lanaca\u011f\u0131 belirtildi. D\u0130\u011eER Z\u0130YARETLER G\u00fcndemin di\u011fer \u00f6nemli maddeleri aras\u0131nda ise Antalya B\u00fcy\u00fck\u015fehir Belediyesi\u2019nin \u00e7evresel ve s\u00fcrd\u00fcr\u00fclebilirlik temelli uluslararas\u0131 etkinliklere kat\u0131l\u0131m\u0131 yer ald\u0131. 6-8 Haziran tarihlerinde Fransa\u2019n\u0131n Nice kentinde d\u00fczenlenecek \u201c3. Birle\u015fmi\u015f Milletler Okyanus Konferans\u0131\u201d, \u0130talya\u2019da 22-24 May\u0131s tarihlerinde yap\u0131lacak \u201cSECAP Haz\u0131rl\u0131\u011f\u0131 ve \u0130zleme Uygulamalar\u0131\u201d etkinli\u011fi, B\u00fckre\u015f\u2019teki \u201cNet Zero Cities\u201d program\u0131 ve G\u00fcney Kore Wando\u2019da ger\u00e7ekle\u015ftirilecek \u201cCittaslow Uluslararas\u0131 Meclis Toplant\u0131s\u0131\u201d ziyaretlerde \u00f6ne \u00e7\u0131kt\u0131. G\u00d6REVL\u0130 SAYILACAKLAR Ayr\u0131ca, Almanya\u2019n\u0131n N\u00fcrnberg kentinde d\u00fczenlenecek olan \u201cGen\u00e7lik Bar\u0131\u015fta Birle\u015fiyor\u201d temal\u0131 uluslararas\u0131 gen\u00e7lik kamp\u0131na ve 9-12 Haziran 2025 tarihlerinde ger\u00e7ekle\u015ftirilecek Muh\u0131r CLIMAAX &hellip;<\/p>","protected":false},"author":5,"featured_media":0,"comment_status":"","ping_status":"open","sticky":false,"template":"","format":"standard","meta":{"_acf_changed":false,"footnotes":""},"categories":[24],"tags":[],"class_list":["post-88525","post","type-post","status-publish","format-standard","has-post-thumbnail","hentry","category-gundem"],"acf":[],"yoast_head":"<!-- This site is optimized with the Yoast SEO Premium plugin v26.6 (Yoast SEO v27.1.1) - https:\/\/yoast.com\/product\/yoast-seo-premium-wordpress\/ -->\n<title>Antalya B\u00fcy\u00fck\u015fehir Meclisinde yurt d\u0131\u015f\u0131 ziyaret gerilimi! B\u00f6cek\u2019in vekilinden ele\u015ftirilere cevap - Av. Deniz Can K\u0131z\u0131l<\/title>\n<meta name=\"robots\" content=\"index, follow, max-snippet:-1, max-image-preview:large, max-video-preview:-1\" \/>\n<link rel=\"canonical\" href=\"http:\/\/denizcankizil.tr\/uk\/haberler\/gundem\/antalya-buyuksehir-meclisinde-yurt-disi-ziyaret-gerilimi-bocekin-vekilinden-elestirilere-cevap\/\" \/>\n<meta property=\"og:locale\" content=\"uk_UA\" \/>\n<meta property=\"og:type\" content=\"article\" \/>\n<meta property=\"og:title\" content=\"Antalya B\u00fcy\u00fck\u015fehir Meclisinde yurt d\u0131\u015f\u0131 ziyaret gerilimi! B\u00f6cek\u2019in vekilinden ele\u015ftirilere cevap\" \/>\n<meta property=\"og:description\" content=\"Antalya B\u00fcy\u00fck\u015fehir Belediye Meclisi may\u0131s ay\u0131 devam g\u00fcndemini g\u00f6r\u00fc\u015ft\u00fc. Ba\u015fkan Muhittin B\u00f6cek\u2019in yoklu\u011funda meclise CHP Grup S\u00f6zc\u00fcs\u00fc B\u00fc\u015fra \u00d6zdemir ba\u015fkanl\u0131k yapt\u0131. \u00d6zdemir\u2019in yerine ise Meclis Ba\u015fkanvekili Bayram Ali \u00c7eltik ge\u00e7ti. Mecliste 37 g\u00fcndem maddesi g\u00f6r\u00fc\u015f\u00fcld\u00fc. PERSONEL YURT DI\u015eINA \u00c7IKIYOR Toplant\u0131n\u0131n en dikkat \u00e7eken ba\u015fl\u0131klar\u0131 aras\u0131nda belediye b\u00fcnyesindeki \u00e7e\u015fitli birimlerde g\u00f6rev yapan personelin yurt d\u0131\u015f\u0131 g\u00f6revlendirmeleri yer ald\u0131. G\u00fcndemin 17 ile 24\u2019\u00fcnc\u00fc maddeleri aras\u0131nda yer alan bu konular, Plan ve B\u00fct\u00e7e Komisyonu taraf\u0131ndan haz\u0131rlanan raporlar do\u011frultusunda meclis \u00fcyelerinin onay\u0131na sunuldu. MASRAFLAR PROJEDEN G\u00f6r\u00fc\u015f\u00fclecek konular aras\u0131nda ilk olarak, D\u0131\u015f \u0130li\u015fkiler Daire Ba\u015fkanl\u0131\u011f\u0131\u2019ndan bir heyetin 25-28 May\u0131s 2025 tarihlerinde Fransa\u2019n\u0131n Bordo kentine ger\u00e7ekle\u015ftirece\u011fi g\u00f6rev seyahati bulundu. Bu ziyaretin, EIT Urban Mobility Projesi kapsam\u0131nda yap\u0131laca\u011f\u0131 ve masraflar\u0131n proje b\u00fct\u00e7esinden kar\u015f\u0131lanaca\u011f\u0131 belirtildi. D\u0130\u011eER Z\u0130YARETLER G\u00fcndemin di\u011fer \u00f6nemli maddeleri aras\u0131nda ise Antalya B\u00fcy\u00fck\u015fehir Belediyesi\u2019nin \u00e7evresel ve s\u00fcrd\u00fcr\u00fclebilirlik temelli uluslararas\u0131 etkinliklere kat\u0131l\u0131m\u0131 yer ald\u0131. 6-8 Haziran tarihlerinde Fransa\u2019n\u0131n Nice kentinde d\u00fczenlenecek \u201c3. Birle\u015fmi\u015f Milletler Okyanus Konferans\u0131\u201d, \u0130talya\u2019da 22-24 May\u0131s tarihlerinde yap\u0131lacak \u201cSECAP Haz\u0131rl\u0131\u011f\u0131 ve \u0130zleme Uygulamalar\u0131\u201d etkinli\u011fi, B\u00fckre\u015f\u2019teki \u201cNet Zero Cities\u201d program\u0131 ve G\u00fcney Kore Wando\u2019da ger\u00e7ekle\u015ftirilecek \u201cCittaslow Uluslararas\u0131 Meclis Toplant\u0131s\u0131\u201d ziyaretlerde \u00f6ne \u00e7\u0131kt\u0131. G\u00d6REVL\u0130 SAYILACAKLAR Ayr\u0131ca, Almanya\u2019n\u0131n N\u00fcrnberg kentinde d\u00fczenlenecek olan \u201cGen\u00e7lik Bar\u0131\u015fta Birle\u015fiyor\u201d temal\u0131 uluslararas\u0131 gen\u00e7lik kamp\u0131na ve 9-12 Haziran 2025 tarihlerinde ger\u00e7ekle\u015ftirilecek Muh\u0131r CLIMAAX &hellip;\" \/>\n<meta property=\"og:url\" content=\"http:\/\/denizcankizil.tr\/uk\/haberler\/gundem\/antalya-buyuksehir-meclisinde-yurt-disi-ziyaret-gerilimi-bocekin-vekilinden-elestirilere-cevap\/\" \/>\n<meta property=\"og:site_name\" content=\"Av. Deniz Can K\u0131z\u0131l\" \/>\n<meta property=\"article:published_time\" content=\"2025-05-16T13:41:24+00:00\" \/>\n<meta name=\"author\" content=\"Antalya K\u00f6rfez\" \/>\n<meta name=\"twitter:card\" content=\"summary_large_image\" \/>\n<meta name=\"twitter:label1\" content=\"\u041d\u0430\u043f\u0438\u0441\u0430\u043d\u043e\" \/>\n\t<meta name=\"twitter:data1\" content=\"Antalya K\u00f6rfez\" \/>\n\t<meta name=\"twitter:label2\" content=\"\u041f\u0440\u0438\u0431\u043b. \u0447\u0430\u0441 \u0447\u0438\u0442\u0430\u043d\u043d\u044f\" \/>\n\t<meta name=\"twitter:data2\" content=\"2 \u0445\u0432\u0438\u043b\u0438\u043d\u0438\" \/>\n<script type=\"application\/ld+json\" class=\"yoast-schema-graph\">{\"@context\":\"https:\/\/schema.org\",\"@graph\":[{\"@type\":\"Article\",\"@id\":\"http:\/\/denizcankizil.tr\/de\/haberler\/gundem\/antalya-buyuksehir-meclisinde-yurt-disi-ziyaret-gerilimi-bocekin-vekilinden-elestirilere-cevap\/#article\",\"isPartOf\":{\"@id\":\"http:\/\/denizcankizil.tr\/de\/haberler\/gundem\/antalya-buyuksehir-meclisinde-yurt-disi-ziyaret-gerilimi-bocekin-vekilinden-elestirilere-cevap\/\"},\"author\":{\"name\":\"Antalya K\u00f6rfez\",\"@id\":\"https:\/\/denizcankizil.tr\/de\/#\/schema\/person\/e1eb71bb4dd684d46563f0af307e1234\"},\"headline\":\"Antalya B\u00fcy\u00fck\u015fehir Meclisinde yurt d\u0131\u015f\u0131 ziyaret gerilimi! B\u00f6cek\u2019in vekilinden ele\u015ftirilere cevap\",\"datePublished\":\"2025-05-16T13:41:24+00:00\",\"mainEntityOfPage\":{\"@id\":\"http:\/\/denizcankizil.tr\/de\/haberler\/gundem\/antalya-buyuksehir-meclisinde-yurt-disi-ziyaret-gerilimi-bocekin-vekilinden-elestirilere-cevap\/\"},\"wordCount\":515,\"publisher\":{\"@id\":\"https:\/\/denizcankizil.tr\/de\/#organization\"},\"articleSection\":[\"G\u00fcndem\"],\"inLanguage\":\"uk\"},{\"@type\":\"WebPage\",\"@id\":\"http:\/\/denizcankizil.tr\/de\/haberler\/gundem\/antalya-buyuksehir-meclisinde-yurt-disi-ziyaret-gerilimi-bocekin-vekilinden-elestirilere-cevap\/\",\"url\":\"http:\/\/denizcankizil.tr\/de\/haberler\/gundem\/antalya-buyuksehir-meclisinde-yurt-disi-ziyaret-gerilimi-bocekin-vekilinden-elestirilere-cevap\/\",\"name\":\"Antalya B\u00fcy\u00fck\u015fehir Meclisinde yurt d\u0131\u015f\u0131 ziyaret gerilimi! B\u00f6cek\u2019in vekilinden ele\u015ftirilere cevap - Av. Deniz Can K\u0131z\u0131l\",\"isPartOf\":{\"@id\":\"https:\/\/denizcankizil.tr\/de\/#website\"},\"datePublished\":\"2025-05-16T13:41:24+00:00\",\"breadcrumb\":{\"@id\":\"http:\/\/denizcankizil.tr\/de\/haberler\/gundem\/antalya-buyuksehir-meclisinde-yurt-disi-ziyaret-gerilimi-bocekin-vekilinden-elestirilere-cevap\/#breadcrumb\"},\"inLanguage\":\"uk\",\"potentialAction\":[{\"@type\":\"ReadAction\",\"target\":[\"http:\/\/denizcankizil.tr\/de\/haberler\/gundem\/antalya-buyuksehir-meclisinde-yurt-disi-ziyaret-gerilimi-bocekin-vekilinden-elestirilere-cevap\/\"]}]},{\"@type\":\"BreadcrumbList\",\"@id\":\"http:\/\/denizcankizil.tr\/de\/haberler\/gundem\/antalya-buyuksehir-meclisinde-yurt-disi-ziyaret-gerilimi-bocekin-vekilinden-elestirilere-cevap\/#breadcrumb\",\"itemListElement\":[{\"@type\":\"ListItem\",\"position\":1,\"name\":\"Home\",\"item\":\"https:\/\/denizcankizil.tr\/de\/\"},{\"@type\":\"ListItem\",\"position\":2,\"name\":\"Antalya B\u00fcy\u00fck\u015fehir Meclisinde yurt d\u0131\u015f\u0131 ziyaret gerilimi! B\u00f6cek\u2019in vekilinden ele\u015ftirilere cevap\"}]},{\"@type\":\"WebSite\",\"@id\":\"https:\/\/denizcankizil.tr\/de\/#website\",\"url\":\"https:\/\/denizcankizil.tr\/de\/\",\"name\":\"Av. Deniz Can K\u0131z\u0131l\",\"description\":\"Avukat Deniz Can K\u0131z\u0131l Antalya Barosu\",\"publisher\":{\"@id\":\"https:\/\/denizcankizil.tr\/de\/#organization\"},\"potentialAction\":[{\"@type\":\"SearchAction\",\"target\":{\"@type\":\"EntryPoint\",\"urlTemplate\":\"https:\/\/denizcankizil.tr\/de\/?s={search_term_string}\"},\"query-input\":{\"@type\":\"PropertyValueSpecification\",\"valueRequired\":true,\"valueName\":\"search_term_string\"}}],\"inLanguage\":\"uk\"},{\"@type\":\"Organization\",\"@id\":\"https:\/\/denizcankizil.tr\/de\/#organization\",\"name\":\"Av. Deniz Can K\u0131z\u0131l\",\"url\":\"https:\/\/denizcankizil.tr\/de\/\",\"logo\":{\"@type\":\"ImageObject\",\"inLanguage\":\"uk\",\"@id\":\"https:\/\/denizcankizil.tr\/de\/#\/schema\/logo\/image\/\",\"url\":\"http:\/\/denizcankizil.tr\/wp-content\/uploads\/2024\/10\/siyah-logo-svg.svg\",\"contentUrl\":\"http:\/\/denizcankizil.tr\/wp-content\/uploads\/2024\/10\/siyah-logo-svg.svg\",\"width\":1080,\"height\":1080,\"caption\":\"Av. Deniz Can K\u0131z\u0131l\"},\"image\":{\"@id\":\"https:\/\/denizcankizil.tr\/de\/#\/schema\/logo\/image\/\"}},{\"@type\":\"Person\",\"@id\":\"https:\/\/denizcankizil.tr\/de\/#\/schema\/person\/e1eb71bb4dd684d46563f0af307e1234\",\"name\":\"Antalya K\u00f6rfez\",\"image\":{\"@type\":\"ImageObject\",\"inLanguage\":\"uk\",\"@id\":\"https:\/\/denizcankizil.tr\/de\/#\/schema\/person\/image\/\",\"url\":\"https:\/\/secure.gravatar.com\/avatar\/42b01982558a48a0b501fdcab6a408d3717ea5919095ee2e67b0e521799c5905?s=96&d=mm&r=g\",\"contentUrl\":\"https:\/\/secure.gravatar.com\/avatar\/42b01982558a48a0b501fdcab6a408d3717ea5919095ee2e67b0e521799c5905?s=96&d=mm&r=g\",\"caption\":\"Antalya K\u00f6rfez\"},\"sameAs\":[\"http:\/\/www.antalyakorfez.com\"],\"url\":\"https:\/\/www.antalyakorfez.com\/antalya-buyuksehir-meclisinde-yurt-disi-ziyaret-gerilimi-bocekin-vekilinden-elestirilere\"}]}<\/script>\n<!-- \/ Yoast SEO Premium plugin. -->","yoast_head_json":{"title":"Antalya B\u00fcy\u00fck\u015fehir Meclisinde yurt d\u0131\u015f\u0131 ziyaret gerilimi! B\u00f6cek\u2019in vekilinden ele\u015ftirilere cevap - Av. Deniz Can K\u0131z\u0131l","robots":{"index":"index","follow":"follow","max-snippet":"max-snippet:-1","max-image-preview":"max-image-preview:large","max-video-preview":"max-video-preview:-1"},"canonical":"http:\/\/denizcankizil.tr\/uk\/haberler\/gundem\/antalya-buyuksehir-meclisinde-yurt-disi-ziyaret-gerilimi-bocekin-vekilinden-elestirilere-cevap\/","og_locale":"uk_UA","og_type":"article","og_title":"Antalya B\u00fcy\u00fck\u015fehir Meclisinde yurt d\u0131\u015f\u0131 ziyaret gerilimi! B\u00f6cek\u2019in vekilinden ele\u015ftirilere cevap","og_description":"Antalya B\u00fcy\u00fck\u015fehir Belediye Meclisi may\u0131s ay\u0131 devam g\u00fcndemini g\u00f6r\u00fc\u015ft\u00fc. Ba\u015fkan Muhittin B\u00f6cek\u2019in yoklu\u011funda meclise CHP Grup S\u00f6zc\u00fcs\u00fc B\u00fc\u015fra \u00d6zdemir ba\u015fkanl\u0131k yapt\u0131. \u00d6zdemir\u2019in yerine ise Meclis Ba\u015fkanvekili Bayram Ali \u00c7eltik ge\u00e7ti. Mecliste 37 g\u00fcndem maddesi g\u00f6r\u00fc\u015f\u00fcld\u00fc. PERSONEL YURT DI\u015eINA \u00c7IKIYOR Toplant\u0131n\u0131n en dikkat \u00e7eken ba\u015fl\u0131klar\u0131 aras\u0131nda belediye b\u00fcnyesindeki \u00e7e\u015fitli birimlerde g\u00f6rev yapan personelin yurt d\u0131\u015f\u0131 g\u00f6revlendirmeleri yer ald\u0131. G\u00fcndemin 17 ile 24\u2019\u00fcnc\u00fc maddeleri aras\u0131nda yer alan bu konular, Plan ve B\u00fct\u00e7e Komisyonu taraf\u0131ndan haz\u0131rlanan raporlar do\u011frultusunda meclis \u00fcyelerinin onay\u0131na sunuldu. MASRAFLAR PROJEDEN G\u00f6r\u00fc\u015f\u00fclecek konular aras\u0131nda ilk olarak, D\u0131\u015f \u0130li\u015fkiler Daire Ba\u015fkanl\u0131\u011f\u0131\u2019ndan bir heyetin 25-28 May\u0131s 2025 tarihlerinde Fransa\u2019n\u0131n Bordo kentine ger\u00e7ekle\u015ftirece\u011fi g\u00f6rev seyahati bulundu. Bu ziyaretin, EIT Urban Mobility Projesi kapsam\u0131nda yap\u0131laca\u011f\u0131 ve masraflar\u0131n proje b\u00fct\u00e7esinden kar\u015f\u0131lanaca\u011f\u0131 belirtildi. D\u0130\u011eER Z\u0130YARETLER G\u00fcndemin di\u011fer \u00f6nemli maddeleri aras\u0131nda ise Antalya B\u00fcy\u00fck\u015fehir Belediyesi\u2019nin \u00e7evresel ve s\u00fcrd\u00fcr\u00fclebilirlik temelli uluslararas\u0131 etkinliklere kat\u0131l\u0131m\u0131 yer ald\u0131. 6-8 Haziran tarihlerinde Fransa\u2019n\u0131n Nice kentinde d\u00fczenlenecek \u201c3. Birle\u015fmi\u015f Milletler Okyanus Konferans\u0131\u201d, \u0130talya\u2019da 22-24 May\u0131s tarihlerinde yap\u0131lacak \u201cSECAP Haz\u0131rl\u0131\u011f\u0131 ve \u0130zleme Uygulamalar\u0131\u201d etkinli\u011fi, B\u00fckre\u015f\u2019teki \u201cNet Zero Cities\u201d program\u0131 ve G\u00fcney Kore Wando\u2019da ger\u00e7ekle\u015ftirilecek \u201cCittaslow Uluslararas\u0131 Meclis Toplant\u0131s\u0131\u201d ziyaretlerde \u00f6ne \u00e7\u0131kt\u0131. G\u00d6REVL\u0130 SAYILACAKLAR Ayr\u0131ca, Almanya\u2019n\u0131n N\u00fcrnberg kentinde d\u00fczenlenecek olan \u201cGen\u00e7lik Bar\u0131\u015fta Birle\u015fiyor\u201d temal\u0131 uluslararas\u0131 gen\u00e7lik kamp\u0131na ve 9-12 Haziran 2025 tarihlerinde ger\u00e7ekle\u015ftirilecek Muh\u0131r CLIMAAX &hellip;","og_url":"http:\/\/denizcankizil.tr\/uk\/haberler\/gundem\/antalya-buyuksehir-meclisinde-yurt-disi-ziyaret-gerilimi-bocekin-vekilinden-elestirilere-cevap\/","og_site_name":"Av. Deniz Can K\u0131z\u0131l","article_published_time":"2025-05-16T13:41:24+00:00","author":"Antalya K\u00f6rfez","twitter_card":"summary_large_image","twitter_misc":{"\u041d\u0430\u043f\u0438\u0441\u0430\u043d\u043e":"Antalya K\u00f6rfez","\u041f\u0440\u0438\u0431\u043b. \u0447\u0430\u0441 \u0447\u0438\u0442\u0430\u043d\u043d\u044f":"2 \u0445\u0432\u0438\u043b\u0438\u043d\u0438"},"schema":{"@context":"https:\/\/schema.org","@graph":[{"@type":"Article","@id":"http:\/\/denizcankizil.tr\/de\/haberler\/gundem\/antalya-buyuksehir-meclisinde-yurt-disi-ziyaret-gerilimi-bocekin-vekilinden-elestirilere-cevap\/#article","isPartOf":{"@id":"http:\/\/denizcankizil.tr\/de\/haberler\/gundem\/antalya-buyuksehir-meclisinde-yurt-disi-ziyaret-gerilimi-bocekin-vekilinden-elestirilere-cevap\/"},"author":{"name":"Antalya K\u00f6rfez","@id":"https:\/\/denizcankizil.tr\/de\/#\/schema\/person\/e1eb71bb4dd684d46563f0af307e1234"},"headline":"Antalya B\u00fcy\u00fck\u015fehir Meclisinde yurt d\u0131\u015f\u0131 ziyaret gerilimi! B\u00f6cek\u2019in vekilinden ele\u015ftirilere cevap","datePublished":"2025-05-16T13:41:24+00:00","mainEntityOfPage":{"@id":"http:\/\/denizcankizil.tr\/de\/haberler\/gundem\/antalya-buyuksehir-meclisinde-yurt-disi-ziyaret-gerilimi-bocekin-vekilinden-elestirilere-cevap\/"},"wordCount":515,"publisher":{"@id":"https:\/\/denizcankizil.tr\/de\/#organization"},"articleSection":["G\u00fcndem"],"inLanguage":"uk"},{"@type":"WebPage","@id":"http:\/\/denizcankizil.tr\/de\/haberler\/gundem\/antalya-buyuksehir-meclisinde-yurt-disi-ziyaret-gerilimi-bocekin-vekilinden-elestirilere-cevap\/","url":"http:\/\/denizcankizil.tr\/de\/haberler\/gundem\/antalya-buyuksehir-meclisinde-yurt-disi-ziyaret-gerilimi-bocekin-vekilinden-elestirilere-cevap\/","name":"Antalya B\u00fcy\u00fck\u015fehir Meclisinde yurt d\u0131\u015f\u0131 ziyaret gerilimi! B\u00f6cek\u2019in vekilinden ele\u015ftirilere cevap - Av. Deniz Can K\u0131z\u0131l","isPartOf":{"@id":"https:\/\/denizcankizil.tr\/de\/#website"},"datePublished":"2025-05-16T13:41:24+00:00","breadcrumb":{"@id":"http:\/\/denizcankizil.tr\/de\/haberler\/gundem\/antalya-buyuksehir-meclisinde-yurt-disi-ziyaret-gerilimi-bocekin-vekilinden-elestirilere-cevap\/#breadcrumb"},"inLanguage":"uk","potentialAction":[{"@type":"ReadAction","target":["http:\/\/denizcankizil.tr\/de\/haberler\/gundem\/antalya-buyuksehir-meclisinde-yurt-disi-ziyaret-gerilimi-bocekin-vekilinden-elestirilere-cevap\/"]}]},{"@type":"BreadcrumbList","@id":"http:\/\/denizcankizil.tr\/de\/haberler\/gundem\/antalya-buyuksehir-meclisinde-yurt-disi-ziyaret-gerilimi-bocekin-vekilinden-elestirilere-cevap\/#breadcrumb","itemListElement":[{"@type":"ListItem","position":1,"name":"Home","item":"https:\/\/denizcankizil.tr\/de\/"},{"@type":"ListItem","position":2,"name":"Antalya B\u00fcy\u00fck\u015fehir Meclisinde yurt d\u0131\u015f\u0131 ziyaret gerilimi! B\u00f6cek\u2019in vekilinden ele\u015ftirilere cevap"}]},{"@type":"WebSite","@id":"https:\/\/denizcankizil.tr\/de\/#website","url":"https:\/\/denizcankizil.tr\/de\/","name":"Av. Deniz Can K\u0131z\u0131l","description":"Avukat Deniz Can K\u0131z\u0131l Antalya Barosu","publisher":{"@id":"https:\/\/denizcankizil.tr\/de\/#organization"},"potentialAction":[{"@type":"SearchAction","target":{"@type":"EntryPoint","urlTemplate":"https:\/\/denizcankizil.tr\/de\/?s={search_term_string}"},"query-input":{"@type":"PropertyValueSpecification","valueRequired":true,"valueName":"search_term_string"}}],"inLanguage":"uk"},{"@type":"Organization","@id":"https:\/\/denizcankizil.tr\/de\/#organization","name":"Av. Deniz Can K\u0131z\u0131l","url":"https:\/\/denizcankizil.tr\/de\/","logo":{"@type":"ImageObject","inLanguage":"uk","@id":"https:\/\/denizcankizil.tr\/de\/#\/schema\/logo\/image\/","url":"http:\/\/denizcankizil.tr\/wp-content\/uploads\/2024\/10\/siyah-logo-svg.svg","contentUrl":"http:\/\/denizcankizil.tr\/wp-content\/uploads\/2024\/10\/siyah-logo-svg.svg","width":1080,"height":1080,"caption":"Av. Deniz Can K\u0131z\u0131l"},"image":{"@id":"https:\/\/denizcankizil.tr\/de\/#\/schema\/logo\/image\/"}},{"@type":"Person","@id":"https:\/\/denizcankizil.tr\/de\/#\/schema\/person\/e1eb71bb4dd684d46563f0af307e1234","name":"Antalya K\u00f6rfez","image":{"@type":"ImageObject","inLanguage":"uk","@id":"https:\/\/denizcankizil.tr\/de\/#\/schema\/person\/image\/","url":"https:\/\/secure.gravatar.com\/avatar\/42b01982558a48a0b501fdcab6a408d3717ea5919095ee2e67b0e521799c5905?s=96&d=mm&r=g","contentUrl":"https:\/\/secure.gravatar.com\/avatar\/42b01982558a48a0b501fdcab6a408d3717ea5919095ee2e67b0e521799c5905?s=96&d=mm&r=g","caption":"Antalya K\u00f6rfez"},"sameAs":["http:\/\/www.antalyakorfez.com"],"url":"https:\/\/www.antalyakorfez.com\/antalya-buyuksehir-meclisinde-yurt-disi-ziyaret-gerilimi-bocekin-vekilinden-elestirilere"}]}},"_links":{"self":[{"href":"http:\/\/denizcankizil.tr\/uk\/wp-json\/wp\/v2\/posts\/88525","targetHints":{"allow":["GET"]}}],"collection":[{"href":"http:\/\/denizcankizil.tr\/uk\/wp-json\/wp\/v2\/posts"}],"about":[{"href":"http:\/\/denizcankizil.tr\/uk\/wp-json\/wp\/v2\/types\/post"}],"author":[{"embeddable":true,"href":"http:\/\/denizcankizil.tr\/uk\/wp-json\/wp\/v2\/users\/5"}],"replies":[{"embeddable":true,"href":"http:\/\/denizcankizil.tr\/uk\/wp-json\/wp\/v2\/comments?post=88525"}],"version-history":[{"count":0,"href":"http:\/\/denizcankizil.tr\/uk\/wp-json\/wp\/v2\/posts\/88525\/revisions"}],"wp:attachment":[{"href":"http:\/\/denizcankizil.tr\/uk\/wp-json\/wp\/v2\/media?parent=88525"}],"wp:term":[{"taxonomy":"category","embeddable":true,"href":"http:\/\/denizcankizil.tr\/uk\/wp-json\/wp\/v2\/categories?post=88525"},{"taxonomy":"post_tag","embeddable":true,"href":"http:\/\/denizcankizil.tr\/uk\/wp-json\/wp\/v2\/tags?post=88525"}],"curies":[{"name":"wp","href":"https:\/\/api.w.org\/{rel}","templated":true}]}}