{"id":88421,"date":"2025-05-16T13:42:34","date_gmt":"2025-05-16T10:42:34","guid":{"rendered":"https:\/\/denizcankizil.tr\/uncategorized-tr\/sakarya-buyuksehirden-sehrin-dort-bir-yanina-yesil-dokunus\/"},"modified":"2025-05-16T13:42:34","modified_gmt":"2025-05-16T10:42:34","slug":"sakarya-buyuksehirden-sehrin-dort-bir-yanina-yesil-dokunus","status":"publish","type":"post","link":"http:\/\/denizcankizil.tr\/uk\/haberler\/gundem\/sakarya-buyuksehirden-sehrin-dort-bir-yanina-yesil-dokunus\/","title":{"rendered":"Sakarya B\u00fcy\u00fck\u015fehir\u2019den \u015fehrin d\u00f6rt bir yan\u0131na \u2018ye\u015fil\u2019 dokunu\u015f!"},"content":{"rendered":"<p>Sakarya B\u00fcy\u00fck\u015fehir Belediyesi, \u015fehri daha estetik ve s\u00fcrd\u00fcr\u00fclebilir hale getirmek ve \u2018ye\u015fil d\u00f6n\u00fc\u015f\u00fcm\u2019 iddias\u0131n\u0131 g\u00fc\u00e7lendirmek i\u00e7in h\u0131z kazand\u0131rd\u0131\u011f\u0131 \u00e7al\u0131\u015fmalar kapsam\u0131nda \u015fehirdeki park, cadde, sosyal alanlarda 13 ayda tam 2 bin 447 a\u011fac\u0131 toprakla bulu\u015fturdu.\u00a0SAKARYA (\u0130GFA) &#8211; Sakarya B\u00fcy\u00fck\u015fehir Belediyesi, s\u00fcrd\u00fcr\u00fclebilir \u00e7evre politikalar\u0131 \u00e7er\u00e7evesinde \u015fehri ye\u015fil bir gelece\u011fe ta\u015f\u0131mak i\u00e7in \u201cBu \u015fehir hepimizin\u201d slogan\u0131 ve \u201cye\u015fil \u015fehir\u201d vurgusuyla ye\u015fillendirme \u00e7al\u0131\u015fmalar\u0131 t\u00fcm h\u0131z\u0131yla devam ediyor.<br \/>\n\u015eEHR\u0130N D\u00d6RT B\u0130R YANINA YE\u015e\u0130L DOKUNU\u015e<br \/>\nDo\u011fayla uyumlu bir ya\u015fam alan\u0131 haz\u0131rlamak i\u00e7in kararl\u0131l\u0131kla \u00e7al\u0131\u015fan B\u00fcy\u00fck\u015fehir Belediyesi, Park ve Bah\u00e7eler Dairesi Ba\u015fkanl\u0131\u011f\u0131 marifetiyle \u015fehrin cadde, park ve meydanlar\u0131nda a\u011fa\u00e7 dikimi \u00e7al\u0131\u015fmalar\u0131n\u0131 s\u00fcrd\u00fcr\u00fcyor.<br \/>\n\u015eehre kazand\u0131r\u0131lan prestij caddelerinde insanlar\u0131n y\u00fcr\u00fcrken huzur bulaca\u011f\u0131, ekosisteme katk\u0131 sunan a\u011fa\u00e7lar\u0131n dikimini ger\u00e7ekle\u015ftiriyor.<\/p>\n<p>13 AYDA 2 B\u0130N 447 YEN\u0130 A\u011eA\u00c7<br \/>\n\u015eehrin estetik dokusuna katk\u0131 sa\u011flamak ve \u2018ye\u015fil d\u00f6n\u00fc\u015f\u00fcm\u2019 iddias\u0131n\u0131 g\u00fc\u00e7lendirmek i\u00e7in ba\u015flat\u0131lan \u00e7al\u0131\u015fmalar kapsam\u0131nda 16 il\u00e7enin tamam\u0131nda, \u015fehrin prestij caddelerinde, sosyal alanlarda ve parklarda 13 ayda 2 bin 447 a\u011fa\u00e7 toprakla bulu\u015fturuldu.<br \/>\nA\u011eA\u00c7LAR YEN\u0130LEN\u0130YOR<br \/>\nHayata ge\u00e7irilen dikim \u00e7al\u0131\u015fmalar\u0131 d\u0131\u015f\u0131nda zamanla zarar g\u00f6rm\u00fc\u015f, kurumu\u015f veya devrilme riski ta\u015f\u0131yan a\u011fa\u00e7lar yerlerinden al\u0131n\u0131yorve yerine uzun \u00f6m\u00fcrl\u00fc yeni fidanlar dikiliyor.<\/p>\n<p>\u201c\u015eEHR\u0130M\u0130Z \u0130\u00c7\u0130N DURMADAN, YORULMADAN \u00c7ALI\u015eIYORUZ\u201d<br \/>\nKonuyla ilgili yap\u0131lan a\u00e7\u0131klamada, \u201cHep beraber i\u00e7erisinde huzurla ya\u015fad\u0131\u011f\u0131m\u0131z \u015fehrimizi daha g\u00fczel daha ye\u015fil bir hale getirmek i\u00e7in \u00e7al\u0131\u015fmalar\u0131m\u0131z t\u00fcm h\u0131z\u0131yla devam ediyor. Bu \u015eehir Hepimizin slogan\u0131yla \u00e7\u0131kt\u0131\u011f\u0131m\u0131z bu yolda Nisan 2024\u2019ten bu yana toplamda 2 bin 447 a\u011fac\u0131 bu \u015fehrin topraklar\u0131 ile bulu\u015fturduk. Ye\u015fil \u015eehir vurgusuyla \u00e7al\u0131\u015fmalar\u0131m\u0131za devam ediyor, \u015fehrimiz i\u00e7in durmadan \u00e7al\u0131\u015f\u0131yoruz\u201d denildi.<\/p>\n<p>\u200bSakarya B\u00fcy\u00fck\u015fehir Belediyesi, \u015fehri daha estetik ve s\u00fcrd\u00fcr\u00fclebilir hale getirmek ve \u2018ye\u015fil d\u00f6n\u00fc\u015f\u00fcm\u2019 iddias\u0131n\u0131 g\u00fc\u00e7lendirmek i\u00e7in h\u0131z kazand\u0131rd\u0131\u011f\u0131 \u00e7al\u0131\u015fmalar kapsam\u0131nda \u015fehirdeki park, cadde, sosyal alanlarda 13 ayda tam 2 bin 447 a\u011fac\u0131 toprakla bulu\u015fturdu.\u00a0SAKARYA (\u0130GFA) &#8211; Sakarya B\u00fcy\u00fck\u015fehir Belediyesi, s\u00fcrd\u00fcr\u00fclebilir \u00e7evre politikalar\u0131 \u00e7er\u00e7evesinde \u015fehri ye\u015fil bir gelece\u011fe ta\u015f\u0131mak i\u00e7in \u201cBu \u015fehir hepimizin\u201d slogan\u0131 ve \u201cye\u015fil \u015fehir\u201d vurgusuyla ye\u015fillendirme \u00e7al\u0131\u015fmalar\u0131 t\u00fcm h\u0131z\u0131yla devam ediyor.<br \/>\n\u015eEHR\u0130N D\u00d6RT B\u0130R YANINA YE\u015e\u0130L DOKUNU\u015e<br \/>\nDo\u011fayla uyumlu bir ya\u015fam alan\u0131 haz\u0131rlamak i\u00e7in kararl\u0131l\u0131kla \u00e7al\u0131\u015fan B\u00fcy\u00fck\u015fehir Belediyesi, Park ve Bah\u00e7eler Dairesi Ba\u015fkanl\u0131\u011f\u0131 marifetiyle \u015fehrin cadde, park ve meydanlar\u0131nda a\u011fa\u00e7 dikimi \u00e7al\u0131\u015fmalar\u0131n\u0131 s\u00fcrd\u00fcr\u00fcyor.<br \/>\n\u015eehre kazand\u0131r\u0131lan prestij caddelerinde insanlar\u0131n y\u00fcr\u00fcrken huzur bulaca\u011f\u0131, ekosisteme katk\u0131 sunan a\u011fa\u00e7lar\u0131n dikimini ger\u00e7ekle\u015ftiriyor.<\/p>\n<p>13 AYDA 2 B\u0130N 447 YEN\u0130 A\u011eA\u00c7<br \/>\n\u015eehrin estetik dokusuna katk\u0131 sa\u011flamak ve \u2018ye\u015fil d\u00f6n\u00fc\u015f\u00fcm\u2019 iddias\u0131n\u0131 g\u00fc\u00e7lendirmek i\u00e7in ba\u015flat\u0131lan \u00e7al\u0131\u015fmalar kapsam\u0131nda 16 il\u00e7enin tamam\u0131nda, \u015fehrin prestij caddelerinde, sosyal alanlarda ve parklarda 13 ayda 2 bin 447 a\u011fa\u00e7 toprakla bulu\u015fturuldu.<br \/>\nA\u011eA\u00c7LAR YEN\u0130LEN\u0130YOR<br \/>\nHayata ge\u00e7irilen dikim \u00e7al\u0131\u015fmalar\u0131 d\u0131\u015f\u0131nda zamanla zarar g\u00f6rm\u00fc\u015f, kurumu\u015f veya devrilme riski ta\u015f\u0131yan a\u011fa\u00e7lar yerlerinden al\u0131n\u0131yorve yerine uzun \u00f6m\u00fcrl\u00fc yeni fidanlar dikiliyor.<\/p>\n<p>\u201c\u015eEHR\u0130M\u0130Z \u0130\u00c7\u0130N DURMADAN, YORULMADAN \u00c7ALI\u015eIYORUZ\u201d<br \/>\nKonuyla ilgili yap\u0131lan a\u00e7\u0131klamada, \u201cHep beraber i\u00e7erisinde huzurla ya\u015fad\u0131\u011f\u0131m\u0131z \u015fehrimizi daha g\u00fczel daha ye\u015fil bir hale getirmek i\u00e7in \u00e7al\u0131\u015fmalar\u0131m\u0131z t\u00fcm h\u0131z\u0131yla devam ediyor. Bu \u015eehir Hepimizin slogan\u0131yla \u00e7\u0131kt\u0131\u011f\u0131m\u0131z bu yolda Nisan 2024\u2019ten bu yana toplamda 2 bin 447 a\u011fac\u0131 bu \u015fehrin topraklar\u0131 ile bulu\u015fturduk. Ye\u015fil \u015eehir vurgusuyla \u00e7al\u0131\u015fmalar\u0131m\u0131za devam ediyor, \u015fehrimiz i\u00e7in durmadan \u00e7al\u0131\u015f\u0131yoruz\u201d denildi.\u00a0<\/p>\n<p>\u200bHaberin Al\u0131nt\u0131land\u0131\u011f\u0131 Kaynak: www.iskenderun.org<\/p>","protected":false},"excerpt":{"rendered":"<p>Sakarya B\u00fcy\u00fck\u015fehir Belediyesi, \u015fehri daha estetik ve s\u00fcrd\u00fcr\u00fclebilir hale getirmek ve \u2018ye\u015fil d\u00f6n\u00fc\u015f\u00fcm\u2019 iddias\u0131n\u0131 g\u00fc\u00e7lendirmek i\u00e7in h\u0131z kazand\u0131rd\u0131\u011f\u0131 \u00e7al\u0131\u015fmalar kapsam\u0131nda \u015fehirdeki park, cadde, sosyal alanlarda 13 ayda tam 2 bin 447 a\u011fac\u0131 toprakla bulu\u015fturdu.\u00a0SAKARYA (\u0130GFA) &#8211; Sakarya B\u00fcy\u00fck\u015fehir Belediyesi, s\u00fcrd\u00fcr\u00fclebilir \u00e7evre politikalar\u0131 \u00e7er\u00e7evesinde \u015fehri ye\u015fil bir gelece\u011fe ta\u015f\u0131mak i\u00e7in \u201cBu \u015fehir hepimizin\u201d slogan\u0131 ve \u201cye\u015fil \u015fehir\u201d vurgusuyla ye\u015fillendirme \u00e7al\u0131\u015fmalar\u0131 t\u00fcm h\u0131z\u0131yla devam ediyor. \u015eEHR\u0130N D\u00d6RT B\u0130R YANINA YE\u015e\u0130L DOKUNU\u015e Do\u011fayla uyumlu bir ya\u015fam alan\u0131 haz\u0131rlamak i\u00e7in kararl\u0131l\u0131kla \u00e7al\u0131\u015fan B\u00fcy\u00fck\u015fehir Belediyesi, Park ve Bah\u00e7eler Dairesi Ba\u015fkanl\u0131\u011f\u0131 marifetiyle \u015fehrin cadde, park ve meydanlar\u0131nda a\u011fa\u00e7 dikimi \u00e7al\u0131\u015fmalar\u0131n\u0131 s\u00fcrd\u00fcr\u00fcyor. \u015eehre kazand\u0131r\u0131lan prestij caddelerinde insanlar\u0131n y\u00fcr\u00fcrken huzur bulaca\u011f\u0131, ekosisteme katk\u0131 sunan a\u011fa\u00e7lar\u0131n dikimini ger\u00e7ekle\u015ftiriyor. 13 AYDA 2 B\u0130N 447 YEN\u0130 A\u011eA\u00c7 \u015eehrin estetik dokusuna katk\u0131 sa\u011flamak ve \u2018ye\u015fil d\u00f6n\u00fc\u015f\u00fcm\u2019 iddias\u0131n\u0131 g\u00fc\u00e7lendirmek i\u00e7in ba\u015flat\u0131lan \u00e7al\u0131\u015fmalar kapsam\u0131nda 16 il\u00e7enin tamam\u0131nda, \u015fehrin prestij caddelerinde, sosyal alanlarda ve parklarda 13 ayda 2 bin 447 a\u011fa\u00e7 toprakla bulu\u015fturuldu. A\u011eA\u00c7LAR YEN\u0130LEN\u0130YOR Hayata ge\u00e7irilen dikim \u00e7al\u0131\u015fmalar\u0131 d\u0131\u015f\u0131nda zamanla zarar g\u00f6rm\u00fc\u015f, kurumu\u015f veya devrilme riski ta\u015f\u0131yan a\u011fa\u00e7lar yerlerinden al\u0131n\u0131yorve yerine uzun \u00f6m\u00fcrl\u00fc yeni fidanlar dikiliyor. \u201c\u015eEHR\u0130M\u0130Z \u0130\u00c7\u0130N DURMADAN, YORULMADAN \u00c7ALI\u015eIYORUZ\u201d Konuyla ilgili yap\u0131lan a\u00e7\u0131klamada, \u201cHep beraber i\u00e7erisinde huzurla ya\u015fad\u0131\u011f\u0131m\u0131z \u015fehrimizi daha g\u00fczel daha ye\u015fil bir hale getirmek i\u00e7in \u00e7al\u0131\u015fmalar\u0131m\u0131z t\u00fcm h\u0131z\u0131yla devam ediyor. &hellip;<\/p>","protected":false},"author":1,"featured_media":0,"comment_status":"","ping_status":"open","sticky":false,"template":"","format":"standard","meta":{"_acf_changed":false,"footnotes":""},"categories":[24],"tags":[],"class_list":["post-88421","post","type-post","status-publish","format-standard","has-post-thumbnail","hentry","category-gundem"],"acf":[],"yoast_head":"<!-- This site is optimized with the Yoast SEO Premium plugin v26.6 (Yoast SEO v27.1.1) - https:\/\/yoast.com\/product\/yoast-seo-premium-wordpress\/ -->\n<title>Sakarya B\u00fcy\u00fck\u015fehir\u2019den \u015fehrin d\u00f6rt bir yan\u0131na \u2018ye\u015fil\u2019 dokunu\u015f! - Av. Deniz Can K\u0131z\u0131l<\/title>\n<meta name=\"robots\" content=\"index, follow, max-snippet:-1, max-image-preview:large, max-video-preview:-1\" \/>\n<link rel=\"canonical\" href=\"http:\/\/denizcankizil.tr\/uk\/haberler\/gundem\/sakarya-buyuksehirden-sehrin-dort-bir-yanina-yesil-dokunus\/\" \/>\n<meta property=\"og:locale\" content=\"uk_UA\" \/>\n<meta property=\"og:type\" content=\"article\" \/>\n<meta property=\"og:title\" content=\"Sakarya B\u00fcy\u00fck\u015fehir\u2019den \u015fehrin d\u00f6rt bir yan\u0131na \u2018ye\u015fil\u2019 dokunu\u015f!\" \/>\n<meta property=\"og:description\" content=\"Sakarya B\u00fcy\u00fck\u015fehir Belediyesi, \u015fehri daha estetik ve s\u00fcrd\u00fcr\u00fclebilir hale getirmek ve \u2018ye\u015fil d\u00f6n\u00fc\u015f\u00fcm\u2019 iddias\u0131n\u0131 g\u00fc\u00e7lendirmek i\u00e7in h\u0131z kazand\u0131rd\u0131\u011f\u0131 \u00e7al\u0131\u015fmalar kapsam\u0131nda \u015fehirdeki park, cadde, sosyal alanlarda 13 ayda tam 2 bin 447 a\u011fac\u0131 toprakla bulu\u015fturdu.\u00a0SAKARYA (\u0130GFA) &#8211; Sakarya B\u00fcy\u00fck\u015fehir Belediyesi, s\u00fcrd\u00fcr\u00fclebilir \u00e7evre politikalar\u0131 \u00e7er\u00e7evesinde \u015fehri ye\u015fil bir gelece\u011fe ta\u015f\u0131mak i\u00e7in \u201cBu \u015fehir hepimizin\u201d slogan\u0131 ve \u201cye\u015fil \u015fehir\u201d vurgusuyla ye\u015fillendirme \u00e7al\u0131\u015fmalar\u0131 t\u00fcm h\u0131z\u0131yla devam ediyor. \u015eEHR\u0130N D\u00d6RT B\u0130R YANINA YE\u015e\u0130L DOKUNU\u015e Do\u011fayla uyumlu bir ya\u015fam alan\u0131 haz\u0131rlamak i\u00e7in kararl\u0131l\u0131kla \u00e7al\u0131\u015fan B\u00fcy\u00fck\u015fehir Belediyesi, Park ve Bah\u00e7eler Dairesi Ba\u015fkanl\u0131\u011f\u0131 marifetiyle \u015fehrin cadde, park ve meydanlar\u0131nda a\u011fa\u00e7 dikimi \u00e7al\u0131\u015fmalar\u0131n\u0131 s\u00fcrd\u00fcr\u00fcyor. \u015eehre kazand\u0131r\u0131lan prestij caddelerinde insanlar\u0131n y\u00fcr\u00fcrken huzur bulaca\u011f\u0131, ekosisteme katk\u0131 sunan a\u011fa\u00e7lar\u0131n dikimini ger\u00e7ekle\u015ftiriyor. 13 AYDA 2 B\u0130N 447 YEN\u0130 A\u011eA\u00c7 \u015eehrin estetik dokusuna katk\u0131 sa\u011flamak ve \u2018ye\u015fil d\u00f6n\u00fc\u015f\u00fcm\u2019 iddias\u0131n\u0131 g\u00fc\u00e7lendirmek i\u00e7in ba\u015flat\u0131lan \u00e7al\u0131\u015fmalar kapsam\u0131nda 16 il\u00e7enin tamam\u0131nda, \u015fehrin prestij caddelerinde, sosyal alanlarda ve parklarda 13 ayda 2 bin 447 a\u011fa\u00e7 toprakla bulu\u015fturuldu. A\u011eA\u00c7LAR YEN\u0130LEN\u0130YOR Hayata ge\u00e7irilen dikim \u00e7al\u0131\u015fmalar\u0131 d\u0131\u015f\u0131nda zamanla zarar g\u00f6rm\u00fc\u015f, kurumu\u015f veya devrilme riski ta\u015f\u0131yan a\u011fa\u00e7lar yerlerinden al\u0131n\u0131yorve yerine uzun \u00f6m\u00fcrl\u00fc yeni fidanlar dikiliyor. \u201c\u015eEHR\u0130M\u0130Z \u0130\u00c7\u0130N DURMADAN, YORULMADAN \u00c7ALI\u015eIYORUZ\u201d Konuyla ilgili yap\u0131lan a\u00e7\u0131klamada, \u201cHep beraber i\u00e7erisinde huzurla ya\u015fad\u0131\u011f\u0131m\u0131z \u015fehrimizi daha g\u00fczel daha ye\u015fil bir hale getirmek i\u00e7in \u00e7al\u0131\u015fmalar\u0131m\u0131z t\u00fcm h\u0131z\u0131yla devam ediyor. &hellip;\" \/>\n<meta property=\"og:url\" content=\"http:\/\/denizcankizil.tr\/uk\/haberler\/gundem\/sakarya-buyuksehirden-sehrin-dort-bir-yanina-yesil-dokunus\/\" \/>\n<meta property=\"og:site_name\" content=\"Av. Deniz Can K\u0131z\u0131l\" \/>\n<meta property=\"article:published_time\" content=\"2025-05-16T10:42:34+00:00\" \/>\n<meta name=\"author\" content=\"admin\" \/>\n<meta name=\"twitter:card\" content=\"summary_large_image\" \/>\n<meta name=\"twitter:label1\" content=\"\u041d\u0430\u043f\u0438\u0441\u0430\u043d\u043e\" \/>\n\t<meta name=\"twitter:data1\" content=\"admin\" \/>\n\t<meta name=\"twitter:label2\" content=\"\u041f\u0440\u0438\u0431\u043b. \u0447\u0430\u0441 \u0447\u0438\u0442\u0430\u043d\u043d\u044f\" \/>\n\t<meta name=\"twitter:data2\" content=\"4 \u0445\u0432\u0438\u043b\u0438\u043d\u0438\" \/>\n<script type=\"application\/ld+json\" class=\"yoast-schema-graph\">{\"@context\":\"https:\/\/schema.org\",\"@graph\":[{\"@type\":\"Article\",\"@id\":\"http:\/\/denizcankizil.tr\/uk\/haberler\/gundem\/sakarya-buyuksehirden-sehrin-dort-bir-yanina-yesil-dokunus\/#article\",\"isPartOf\":{\"@id\":\"http:\/\/denizcankizil.tr\/uk\/haberler\/gundem\/sakarya-buyuksehirden-sehrin-dort-bir-yanina-yesil-dokunus\/\"},\"author\":{\"name\":\"admin\",\"@id\":\"https:\/\/denizcankizil.tr\/#\/schema\/person\/be3c05fe6a12686905512445d8185489\"},\"headline\":\"Sakarya B\u00fcy\u00fck\u015fehir\u2019den \u015fehrin d\u00f6rt bir yan\u0131na \u2018ye\u015fil\u2019 dokunu\u015f!\",\"datePublished\":\"2025-05-16T10:42:34+00:00\",\"mainEntityOfPage\":{\"@id\":\"http:\/\/denizcankizil.tr\/uk\/haberler\/gundem\/sakarya-buyuksehirden-sehrin-dort-bir-yanina-yesil-dokunus\/\"},\"wordCount\":721,\"publisher\":{\"@id\":\"https:\/\/denizcankizil.tr\/#organization\"},\"articleSection\":[\"G\u00fcndem\"],\"inLanguage\":\"uk\"},{\"@type\":\"WebPage\",\"@id\":\"http:\/\/denizcankizil.tr\/uk\/haberler\/gundem\/sakarya-buyuksehirden-sehrin-dort-bir-yanina-yesil-dokunus\/\",\"url\":\"http:\/\/denizcankizil.tr\/uk\/haberler\/gundem\/sakarya-buyuksehirden-sehrin-dort-bir-yanina-yesil-dokunus\/\",\"name\":\"Sakarya B\u00fcy\u00fck\u015fehir\u2019den \u015fehrin d\u00f6rt bir yan\u0131na \u2018ye\u015fil\u2019 dokunu\u015f! - Av. Deniz Can K\u0131z\u0131l\",\"isPartOf\":{\"@id\":\"https:\/\/denizcankizil.tr\/#website\"},\"datePublished\":\"2025-05-16T10:42:34+00:00\",\"breadcrumb\":{\"@id\":\"http:\/\/denizcankizil.tr\/uk\/haberler\/gundem\/sakarya-buyuksehirden-sehrin-dort-bir-yanina-yesil-dokunus\/#breadcrumb\"},\"inLanguage\":\"uk\",\"potentialAction\":[{\"@type\":\"ReadAction\",\"target\":[\"http:\/\/denizcankizil.tr\/uk\/haberler\/gundem\/sakarya-buyuksehirden-sehrin-dort-bir-yanina-yesil-dokunus\/\"]}]},{\"@type\":\"BreadcrumbList\",\"@id\":\"http:\/\/denizcankizil.tr\/uk\/haberler\/gundem\/sakarya-buyuksehirden-sehrin-dort-bir-yanina-yesil-dokunus\/#breadcrumb\",\"itemListElement\":[{\"@type\":\"ListItem\",\"position\":1,\"name\":\"Home\",\"item\":\"https:\/\/denizcankizil.tr\/de\/\"},{\"@type\":\"ListItem\",\"position\":2,\"name\":\"Sakarya B\u00fcy\u00fck\u015fehir\u2019den \u015fehrin d\u00f6rt bir yan\u0131na \u2018ye\u015fil\u2019 dokunu\u015f!\"}]},{\"@type\":\"WebSite\",\"@id\":\"https:\/\/denizcankizil.tr\/#website\",\"url\":\"https:\/\/denizcankizil.tr\/\",\"name\":\"Av. Deniz Can K\u0131z\u0131l\",\"description\":\"Avukat Deniz Can K\u0131z\u0131l Antalya Barosu\",\"publisher\":{\"@id\":\"https:\/\/denizcankizil.tr\/#organization\"},\"potentialAction\":[{\"@type\":\"SearchAction\",\"target\":{\"@type\":\"EntryPoint\",\"urlTemplate\":\"https:\/\/denizcankizil.tr\/?s={search_term_string}\"},\"query-input\":{\"@type\":\"PropertyValueSpecification\",\"valueRequired\":true,\"valueName\":\"search_term_string\"}}],\"inLanguage\":\"uk\"},{\"@type\":\"Organization\",\"@id\":\"https:\/\/denizcankizil.tr\/#organization\",\"name\":\"Av. Deniz Can K\u0131z\u0131l\",\"url\":\"https:\/\/denizcankizil.tr\/\",\"logo\":{\"@type\":\"ImageObject\",\"inLanguage\":\"uk\",\"@id\":\"https:\/\/denizcankizil.tr\/#\/schema\/logo\/image\/\",\"url\":\"http:\/\/denizcankizil.tr\/wp-content\/uploads\/2024\/10\/siyah-logo-svg.svg\",\"contentUrl\":\"http:\/\/denizcankizil.tr\/wp-content\/uploads\/2024\/10\/siyah-logo-svg.svg\",\"width\":1080,\"height\":1080,\"caption\":\"Av. Deniz Can K\u0131z\u0131l\"},\"image\":{\"@id\":\"https:\/\/denizcankizil.tr\/#\/schema\/logo\/image\/\"}},{\"@type\":\"Person\",\"@id\":\"https:\/\/denizcankizil.tr\/#\/schema\/person\/be3c05fe6a12686905512445d8185489\",\"name\":\"admin\",\"image\":{\"@type\":\"ImageObject\",\"inLanguage\":\"uk\",\"@id\":\"https:\/\/denizcankizil.tr\/#\/schema\/person\/image\/\",\"url\":\"https:\/\/secure.gravatar.com\/avatar\/c1fce94c830dc79107e174f890d7210541c4a63e8e5d816341794a2151c9d58c?s=96&d=mm&r=g\",\"contentUrl\":\"https:\/\/secure.gravatar.com\/avatar\/c1fce94c830dc79107e174f890d7210541c4a63e8e5d816341794a2151c9d58c?s=96&d=mm&r=g\",\"caption\":\"admin\"},\"sameAs\":[\"http:\/\/denizcankizil.tr\"],\"url\":\"https:\/\/www.iskenderun.org\/sakarya-buyuksehirden-sehrin-dort-bir-yanina-yesil-dokunus\"}]}<\/script>\n<!-- \/ Yoast SEO Premium plugin. -->","yoast_head_json":{"title":"Sakarya B\u00fcy\u00fck\u015fehir\u2019den \u015fehrin d\u00f6rt bir yan\u0131na \u2018ye\u015fil\u2019 dokunu\u015f! - Av. Deniz Can K\u0131z\u0131l","robots":{"index":"index","follow":"follow","max-snippet":"max-snippet:-1","max-image-preview":"max-image-preview:large","max-video-preview":"max-video-preview:-1"},"canonical":"http:\/\/denizcankizil.tr\/uk\/haberler\/gundem\/sakarya-buyuksehirden-sehrin-dort-bir-yanina-yesil-dokunus\/","og_locale":"uk_UA","og_type":"article","og_title":"Sakarya B\u00fcy\u00fck\u015fehir\u2019den \u015fehrin d\u00f6rt bir yan\u0131na \u2018ye\u015fil\u2019 dokunu\u015f!","og_description":"Sakarya B\u00fcy\u00fck\u015fehir Belediyesi, \u015fehri daha estetik ve s\u00fcrd\u00fcr\u00fclebilir hale getirmek ve \u2018ye\u015fil d\u00f6n\u00fc\u015f\u00fcm\u2019 iddias\u0131n\u0131 g\u00fc\u00e7lendirmek i\u00e7in h\u0131z kazand\u0131rd\u0131\u011f\u0131 \u00e7al\u0131\u015fmalar kapsam\u0131nda \u015fehirdeki park, cadde, sosyal alanlarda 13 ayda tam 2 bin 447 a\u011fac\u0131 toprakla bulu\u015fturdu.\u00a0SAKARYA (\u0130GFA) &#8211; Sakarya B\u00fcy\u00fck\u015fehir Belediyesi, s\u00fcrd\u00fcr\u00fclebilir \u00e7evre politikalar\u0131 \u00e7er\u00e7evesinde \u015fehri ye\u015fil bir gelece\u011fe ta\u015f\u0131mak i\u00e7in \u201cBu \u015fehir hepimizin\u201d slogan\u0131 ve \u201cye\u015fil \u015fehir\u201d vurgusuyla ye\u015fillendirme \u00e7al\u0131\u015fmalar\u0131 t\u00fcm h\u0131z\u0131yla devam ediyor. \u015eEHR\u0130N D\u00d6RT B\u0130R YANINA YE\u015e\u0130L DOKUNU\u015e Do\u011fayla uyumlu bir ya\u015fam alan\u0131 haz\u0131rlamak i\u00e7in kararl\u0131l\u0131kla \u00e7al\u0131\u015fan B\u00fcy\u00fck\u015fehir Belediyesi, Park ve Bah\u00e7eler Dairesi Ba\u015fkanl\u0131\u011f\u0131 marifetiyle \u015fehrin cadde, park ve meydanlar\u0131nda a\u011fa\u00e7 dikimi \u00e7al\u0131\u015fmalar\u0131n\u0131 s\u00fcrd\u00fcr\u00fcyor. \u015eehre kazand\u0131r\u0131lan prestij caddelerinde insanlar\u0131n y\u00fcr\u00fcrken huzur bulaca\u011f\u0131, ekosisteme katk\u0131 sunan a\u011fa\u00e7lar\u0131n dikimini ger\u00e7ekle\u015ftiriyor. 13 AYDA 2 B\u0130N 447 YEN\u0130 A\u011eA\u00c7 \u015eehrin estetik dokusuna katk\u0131 sa\u011flamak ve \u2018ye\u015fil d\u00f6n\u00fc\u015f\u00fcm\u2019 iddias\u0131n\u0131 g\u00fc\u00e7lendirmek i\u00e7in ba\u015flat\u0131lan \u00e7al\u0131\u015fmalar kapsam\u0131nda 16 il\u00e7enin tamam\u0131nda, \u015fehrin prestij caddelerinde, sosyal alanlarda ve parklarda 13 ayda 2 bin 447 a\u011fa\u00e7 toprakla bulu\u015fturuldu. A\u011eA\u00c7LAR YEN\u0130LEN\u0130YOR Hayata ge\u00e7irilen dikim \u00e7al\u0131\u015fmalar\u0131 d\u0131\u015f\u0131nda zamanla zarar g\u00f6rm\u00fc\u015f, kurumu\u015f veya devrilme riski ta\u015f\u0131yan a\u011fa\u00e7lar yerlerinden al\u0131n\u0131yorve yerine uzun \u00f6m\u00fcrl\u00fc yeni fidanlar dikiliyor. \u201c\u015eEHR\u0130M\u0130Z \u0130\u00c7\u0130N DURMADAN, YORULMADAN \u00c7ALI\u015eIYORUZ\u201d Konuyla ilgili yap\u0131lan a\u00e7\u0131klamada, \u201cHep beraber i\u00e7erisinde huzurla ya\u015fad\u0131\u011f\u0131m\u0131z \u015fehrimizi daha g\u00fczel daha ye\u015fil bir hale getirmek i\u00e7in \u00e7al\u0131\u015fmalar\u0131m\u0131z t\u00fcm h\u0131z\u0131yla devam ediyor. &hellip;","og_url":"http:\/\/denizcankizil.tr\/uk\/haberler\/gundem\/sakarya-buyuksehirden-sehrin-dort-bir-yanina-yesil-dokunus\/","og_site_name":"Av. Deniz Can K\u0131z\u0131l","article_published_time":"2025-05-16T10:42:34+00:00","author":"admin","twitter_card":"summary_large_image","twitter_misc":{"\u041d\u0430\u043f\u0438\u0441\u0430\u043d\u043e":"admin","\u041f\u0440\u0438\u0431\u043b. \u0447\u0430\u0441 \u0447\u0438\u0442\u0430\u043d\u043d\u044f":"4 \u0445\u0432\u0438\u043b\u0438\u043d\u0438"},"schema":{"@context":"https:\/\/schema.org","@graph":[{"@type":"Article","@id":"http:\/\/denizcankizil.tr\/uk\/haberler\/gundem\/sakarya-buyuksehirden-sehrin-dort-bir-yanina-yesil-dokunus\/#article","isPartOf":{"@id":"http:\/\/denizcankizil.tr\/uk\/haberler\/gundem\/sakarya-buyuksehirden-sehrin-dort-bir-yanina-yesil-dokunus\/"},"author":{"name":"admin","@id":"https:\/\/denizcankizil.tr\/#\/schema\/person\/be3c05fe6a12686905512445d8185489"},"headline":"Sakarya B\u00fcy\u00fck\u015fehir\u2019den \u015fehrin d\u00f6rt bir yan\u0131na \u2018ye\u015fil\u2019 dokunu\u015f!","datePublished":"2025-05-16T10:42:34+00:00","mainEntityOfPage":{"@id":"http:\/\/denizcankizil.tr\/uk\/haberler\/gundem\/sakarya-buyuksehirden-sehrin-dort-bir-yanina-yesil-dokunus\/"},"wordCount":721,"publisher":{"@id":"https:\/\/denizcankizil.tr\/#organization"},"articleSection":["G\u00fcndem"],"inLanguage":"uk"},{"@type":"WebPage","@id":"http:\/\/denizcankizil.tr\/uk\/haberler\/gundem\/sakarya-buyuksehirden-sehrin-dort-bir-yanina-yesil-dokunus\/","url":"http:\/\/denizcankizil.tr\/uk\/haberler\/gundem\/sakarya-buyuksehirden-sehrin-dort-bir-yanina-yesil-dokunus\/","name":"Sakarya B\u00fcy\u00fck\u015fehir\u2019den \u015fehrin d\u00f6rt bir yan\u0131na \u2018ye\u015fil\u2019 dokunu\u015f! - Av. Deniz Can K\u0131z\u0131l","isPartOf":{"@id":"https:\/\/denizcankizil.tr\/#website"},"datePublished":"2025-05-16T10:42:34+00:00","breadcrumb":{"@id":"http:\/\/denizcankizil.tr\/uk\/haberler\/gundem\/sakarya-buyuksehirden-sehrin-dort-bir-yanina-yesil-dokunus\/#breadcrumb"},"inLanguage":"uk","potentialAction":[{"@type":"ReadAction","target":["http:\/\/denizcankizil.tr\/uk\/haberler\/gundem\/sakarya-buyuksehirden-sehrin-dort-bir-yanina-yesil-dokunus\/"]}]},{"@type":"BreadcrumbList","@id":"http:\/\/denizcankizil.tr\/uk\/haberler\/gundem\/sakarya-buyuksehirden-sehrin-dort-bir-yanina-yesil-dokunus\/#breadcrumb","itemListElement":[{"@type":"ListItem","position":1,"name":"Home","item":"https:\/\/denizcankizil.tr\/de\/"},{"@type":"ListItem","position":2,"name":"Sakarya B\u00fcy\u00fck\u015fehir\u2019den \u015fehrin d\u00f6rt bir yan\u0131na \u2018ye\u015fil\u2019 dokunu\u015f!"}]},{"@type":"WebSite","@id":"https:\/\/denizcankizil.tr\/#website","url":"https:\/\/denizcankizil.tr\/","name":"Av. Deniz Can K\u0131z\u0131l","description":"Avukat Deniz Can K\u0131z\u0131l Antalya Barosu","publisher":{"@id":"https:\/\/denizcankizil.tr\/#organization"},"potentialAction":[{"@type":"SearchAction","target":{"@type":"EntryPoint","urlTemplate":"https:\/\/denizcankizil.tr\/?s={search_term_string}"},"query-input":{"@type":"PropertyValueSpecification","valueRequired":true,"valueName":"search_term_string"}}],"inLanguage":"uk"},{"@type":"Organization","@id":"https:\/\/denizcankizil.tr\/#organization","name":"Av. Deniz Can K\u0131z\u0131l","url":"https:\/\/denizcankizil.tr\/","logo":{"@type":"ImageObject","inLanguage":"uk","@id":"https:\/\/denizcankizil.tr\/#\/schema\/logo\/image\/","url":"http:\/\/denizcankizil.tr\/wp-content\/uploads\/2024\/10\/siyah-logo-svg.svg","contentUrl":"http:\/\/denizcankizil.tr\/wp-content\/uploads\/2024\/10\/siyah-logo-svg.svg","width":1080,"height":1080,"caption":"Av. Deniz Can K\u0131z\u0131l"},"image":{"@id":"https:\/\/denizcankizil.tr\/#\/schema\/logo\/image\/"}},{"@type":"Person","@id":"https:\/\/denizcankizil.tr\/#\/schema\/person\/be3c05fe6a12686905512445d8185489","name":"\u0430\u0434\u043c\u0456\u043d","image":{"@type":"ImageObject","inLanguage":"uk","@id":"https:\/\/denizcankizil.tr\/#\/schema\/person\/image\/","url":"https:\/\/secure.gravatar.com\/avatar\/c1fce94c830dc79107e174f890d7210541c4a63e8e5d816341794a2151c9d58c?s=96&d=mm&r=g","contentUrl":"https:\/\/secure.gravatar.com\/avatar\/c1fce94c830dc79107e174f890d7210541c4a63e8e5d816341794a2151c9d58c?s=96&d=mm&r=g","caption":"admin"},"sameAs":["http:\/\/denizcankizil.tr"],"url":"https:\/\/www.iskenderun.org\/sakarya-buyuksehirden-sehrin-dort-bir-yanina-yesil-dokunus"}]}},"_links":{"self":[{"href":"http:\/\/denizcankizil.tr\/uk\/wp-json\/wp\/v2\/posts\/88421","targetHints":{"allow":["GET"]}}],"collection":[{"href":"http:\/\/denizcankizil.tr\/uk\/wp-json\/wp\/v2\/posts"}],"about":[{"href":"http:\/\/denizcankizil.tr\/uk\/wp-json\/wp\/v2\/types\/post"}],"author":[{"embeddable":true,"href":"http:\/\/denizcankizil.tr\/uk\/wp-json\/wp\/v2\/users\/1"}],"replies":[{"embeddable":true,"href":"http:\/\/denizcankizil.tr\/uk\/wp-json\/wp\/v2\/comments?post=88421"}],"version-history":[{"count":0,"href":"http:\/\/denizcankizil.tr\/uk\/wp-json\/wp\/v2\/posts\/88421\/revisions"}],"wp:attachment":[{"href":"http:\/\/denizcankizil.tr\/uk\/wp-json\/wp\/v2\/media?parent=88421"}],"wp:term":[{"taxonomy":"category","embeddable":true,"href":"http:\/\/denizcankizil.tr\/uk\/wp-json\/wp\/v2\/categories?post=88421"},{"taxonomy":"post_tag","embeddable":true,"href":"http:\/\/denizcankizil.tr\/uk\/wp-json\/wp\/v2\/tags?post=88421"}],"curies":[{"name":"wp","href":"https:\/\/api.w.org\/{rel}","templated":true}]}}