{"id":88420,"date":"2025-05-16T13:42:33","date_gmt":"2025-05-16T10:42:33","guid":{"rendered":"https:\/\/denizcankizil.tr\/uncategorized-tr\/cesme-belediyesinden-engelliler-haftasina-ozel-etkinlik\/"},"modified":"2025-05-16T13:42:33","modified_gmt":"2025-05-16T10:42:33","slug":"cesme-belediyesinden-engelliler-haftasina-ozel-etkinlik","status":"publish","type":"post","link":"http:\/\/denizcankizil.tr\/uk\/haberler\/gundem\/cesme-belediyesinden-engelliler-haftasina-ozel-etkinlik\/","title":{"rendered":"\u00c7e\u015fme Belediyesi\u2019nden Engelliler Haftas\u0131\u2019na \u00f6zel etkinlik"},"content":{"rendered":"<p>Ba\u015fkan Denizli, \u00c7e\u015fme Belediyesi olarak, \u00f6zel gereksinimli bireylerin ya\u015fam\u0131n\u0131 kolayla\u015ft\u0131rmak, daha eri\u015filebilir bir hizmet sunmak amac\u0131yla \u00e7al\u0131\u015fmalar\u0131 aral\u0131ks\u0131z s\u00fcrd\u00fcrd\u00fcklerini belirterek, \u201cE\u011fitimden sa\u011fl\u0131\u011fa, istihdamdan k\u00fclt\u00fcrel faaliyetlere kadar her alanda sizlerin yan\u0131nda olmaya devam edece\u011fiz\u201d dedi.\u00a0<\/p>\n<p>\u200bBa\u015fkan Denizli, \u00c7e\u015fme Belediyesi olarak, \u00f6zel gereksinimli bireylerin ya\u015fam\u0131n\u0131 kolayla\u015ft\u0131rmak, daha eri\u015filebilir bir hizmet sunmak amac\u0131yla \u00e7al\u0131\u015fmalar\u0131 aral\u0131ks\u0131z s\u00fcrd\u00fcrd\u00fcklerini belirterek, \u201cE\u011fitimden sa\u011fl\u0131\u011fa, istihdamdan k\u00fclt\u00fcrel faaliyetlere kadar her alanda sizlerin yan\u0131nda olmaya devam edece\u011fiz\u201d dedi.\u00a0\u00a0<\/p>\n<p>\u200bHaberin Al\u0131nt\u0131land\u0131\u011f\u0131 Kaynak: www.iskenderun.org<\/p>","protected":false},"excerpt":{"rendered":"<p>Ba\u015fkan Denizli, \u00c7e\u015fme Belediyesi olarak, \u00f6zel gereksinimli bireylerin ya\u015fam\u0131n\u0131 kolayla\u015ft\u0131rmak, daha eri\u015filebilir bir hizmet sunmak amac\u0131yla \u00e7al\u0131\u015fmalar\u0131 aral\u0131ks\u0131z s\u00fcrd\u00fcrd\u00fcklerini belirterek, \u201cE\u011fitimden sa\u011fl\u0131\u011fa, istihdamdan k\u00fclt\u00fcrel faaliyetlere kadar her alanda sizlerin yan\u0131nda olmaya devam edece\u011fiz\u201d dedi.\u00a0 \u200bBa\u015fkan Denizli, \u00c7e\u015fme Belediyesi olarak, \u00f6zel gereksinimli bireylerin ya\u015fam\u0131n\u0131 kolayla\u015ft\u0131rmak, daha eri\u015filebilir bir hizmet sunmak amac\u0131yla \u00e7al\u0131\u015fmalar\u0131 aral\u0131ks\u0131z s\u00fcrd\u00fcrd\u00fcklerini belirterek, \u201cE\u011fitimden sa\u011fl\u0131\u011fa, istihdamdan k\u00fclt\u00fcrel faaliyetlere kadar her alanda sizlerin yan\u0131nda olmaya devam edece\u011fiz\u201d dedi.\u00a0\u00a0 \u200bHaberin Al\u0131nt\u0131land\u0131\u011f\u0131 Kaynak: www.iskenderun.org<\/p>","protected":false},"author":1,"featured_media":0,"comment_status":"","ping_status":"open","sticky":false,"template":"","format":"standard","meta":{"_acf_changed":false,"footnotes":""},"categories":[24],"tags":[],"class_list":["post-88420","post","type-post","status-publish","format-standard","has-post-thumbnail","hentry","category-gundem"],"acf":[],"yoast_head":"<!-- This site is optimized with the Yoast SEO Premium plugin v26.6 (Yoast SEO v27.1.1) - https:\/\/yoast.com\/product\/yoast-seo-premium-wordpress\/ -->\n<title>\u00c7e\u015fme Belediyesi\u2019nden Engelliler Haftas\u0131\u2019na \u00f6zel etkinlik - Av. Deniz Can K\u0131z\u0131l<\/title>\n<meta name=\"robots\" content=\"index, follow, max-snippet:-1, max-image-preview:large, max-video-preview:-1\" \/>\n<link rel=\"canonical\" href=\"http:\/\/denizcankizil.tr\/uk\/haberler\/gundem\/cesme-belediyesinden-engelliler-haftasina-ozel-etkinlik\/\" \/>\n<meta property=\"og:locale\" content=\"uk_UA\" \/>\n<meta property=\"og:type\" content=\"article\" \/>\n<meta property=\"og:title\" content=\"\u00c7e\u015fme Belediyesi\u2019nden Engelliler Haftas\u0131\u2019na \u00f6zel etkinlik\" \/>\n<meta property=\"og:description\" content=\"Ba\u015fkan Denizli, \u00c7e\u015fme Belediyesi olarak, \u00f6zel gereksinimli bireylerin ya\u015fam\u0131n\u0131 kolayla\u015ft\u0131rmak, daha eri\u015filebilir bir hizmet sunmak amac\u0131yla \u00e7al\u0131\u015fmalar\u0131 aral\u0131ks\u0131z s\u00fcrd\u00fcrd\u00fcklerini belirterek, \u201cE\u011fitimden sa\u011fl\u0131\u011fa, istihdamdan k\u00fclt\u00fcrel faaliyetlere kadar her alanda sizlerin yan\u0131nda olmaya devam edece\u011fiz\u201d dedi.\u00a0 \u200bBa\u015fkan Denizli, \u00c7e\u015fme Belediyesi olarak, \u00f6zel gereksinimli bireylerin ya\u015fam\u0131n\u0131 kolayla\u015ft\u0131rmak, daha eri\u015filebilir bir hizmet sunmak amac\u0131yla \u00e7al\u0131\u015fmalar\u0131 aral\u0131ks\u0131z s\u00fcrd\u00fcrd\u00fcklerini belirterek, \u201cE\u011fitimden sa\u011fl\u0131\u011fa, istihdamdan k\u00fclt\u00fcrel faaliyetlere kadar her alanda sizlerin yan\u0131nda olmaya devam edece\u011fiz\u201d dedi.\u00a0\u00a0 \u200bHaberin Al\u0131nt\u0131land\u0131\u011f\u0131 Kaynak: www.iskenderun.org\" \/>\n<meta property=\"og:url\" content=\"http:\/\/denizcankizil.tr\/uk\/haberler\/gundem\/cesme-belediyesinden-engelliler-haftasina-ozel-etkinlik\/\" \/>\n<meta property=\"og:site_name\" content=\"Av. Deniz Can K\u0131z\u0131l\" \/>\n<meta property=\"article:published_time\" content=\"2025-05-16T10:42:33+00:00\" \/>\n<meta name=\"author\" content=\"admin\" \/>\n<meta name=\"twitter:card\" content=\"summary_large_image\" \/>\n<meta name=\"twitter:label1\" content=\"\u041d\u0430\u043f\u0438\u0441\u0430\u043d\u043e\" \/>\n\t<meta name=\"twitter:data1\" content=\"admin\" \/>\n\t<meta name=\"twitter:label2\" content=\"\u041f\u0440\u0438\u0431\u043b. \u0447\u0430\u0441 \u0447\u0438\u0442\u0430\u043d\u043d\u044f\" \/>\n\t<meta name=\"twitter:data2\" content=\"1 \u0445\u0432\u0438\u043b\u0438\u043d\u0430\" \/>\n<script type=\"application\/ld+json\" class=\"yoast-schema-graph\">{\"@context\":\"https:\/\/schema.org\",\"@graph\":[{\"@type\":\"Article\",\"@id\":\"http:\/\/denizcankizil.tr\/uk\/haberler\/gundem\/cesme-belediyesinden-engelliler-haftasina-ozel-etkinlik\/#article\",\"isPartOf\":{\"@id\":\"http:\/\/denizcankizil.tr\/uk\/haberler\/gundem\/cesme-belediyesinden-engelliler-haftasina-ozel-etkinlik\/\"},\"author\":{\"name\":\"admin\",\"@id\":\"https:\/\/denizcankizil.tr\/de\/#\/schema\/person\/be3c05fe6a12686905512445d8185489\"},\"headline\":\"\u00c7e\u015fme Belediyesi\u2019nden Engelliler Haftas\u0131\u2019na \u00f6zel etkinlik\",\"datePublished\":\"2025-05-16T10:42:33+00:00\",\"mainEntityOfPage\":{\"@id\":\"http:\/\/denizcankizil.tr\/uk\/haberler\/gundem\/cesme-belediyesinden-engelliler-haftasina-ozel-etkinlik\/\"},\"wordCount\":127,\"publisher\":{\"@id\":\"https:\/\/denizcankizil.tr\/de\/#organization\"},\"articleSection\":[\"G\u00fcndem\"],\"inLanguage\":\"uk\"},{\"@type\":\"WebPage\",\"@id\":\"http:\/\/denizcankizil.tr\/uk\/haberler\/gundem\/cesme-belediyesinden-engelliler-haftasina-ozel-etkinlik\/\",\"url\":\"http:\/\/denizcankizil.tr\/uk\/haberler\/gundem\/cesme-belediyesinden-engelliler-haftasina-ozel-etkinlik\/\",\"name\":\"\u00c7e\u015fme Belediyesi\u2019nden Engelliler Haftas\u0131\u2019na \u00f6zel etkinlik - Av. Deniz Can K\u0131z\u0131l\",\"isPartOf\":{\"@id\":\"https:\/\/denizcankizil.tr\/de\/#website\"},\"datePublished\":\"2025-05-16T10:42:33+00:00\",\"breadcrumb\":{\"@id\":\"http:\/\/denizcankizil.tr\/uk\/haberler\/gundem\/cesme-belediyesinden-engelliler-haftasina-ozel-etkinlik\/#breadcrumb\"},\"inLanguage\":\"uk\",\"potentialAction\":[{\"@type\":\"ReadAction\",\"target\":[\"http:\/\/denizcankizil.tr\/uk\/haberler\/gundem\/cesme-belediyesinden-engelliler-haftasina-ozel-etkinlik\/\"]}]},{\"@type\":\"BreadcrumbList\",\"@id\":\"http:\/\/denizcankizil.tr\/uk\/haberler\/gundem\/cesme-belediyesinden-engelliler-haftasina-ozel-etkinlik\/#breadcrumb\",\"itemListElement\":[{\"@type\":\"ListItem\",\"position\":1,\"name\":\"Home\",\"item\":\"https:\/\/denizcankizil.tr\/de\/\"},{\"@type\":\"ListItem\",\"position\":2,\"name\":\"\u00c7e\u015fme Belediyesi\u2019nden Engelliler Haftas\u0131\u2019na \u00f6zel etkinlik\"}]},{\"@type\":\"WebSite\",\"@id\":\"https:\/\/denizcankizil.tr\/de\/#website\",\"url\":\"https:\/\/denizcankizil.tr\/de\/\",\"name\":\"Av. Deniz Can K\u0131z\u0131l\",\"description\":\"Avukat Deniz Can K\u0131z\u0131l Antalya Barosu\",\"publisher\":{\"@id\":\"https:\/\/denizcankizil.tr\/de\/#organization\"},\"potentialAction\":[{\"@type\":\"SearchAction\",\"target\":{\"@type\":\"EntryPoint\",\"urlTemplate\":\"https:\/\/denizcankizil.tr\/de\/?s={search_term_string}\"},\"query-input\":{\"@type\":\"PropertyValueSpecification\",\"valueRequired\":true,\"valueName\":\"search_term_string\"}}],\"inLanguage\":\"uk\"},{\"@type\":\"Organization\",\"@id\":\"https:\/\/denizcankizil.tr\/de\/#organization\",\"name\":\"Av. Deniz Can K\u0131z\u0131l\",\"url\":\"https:\/\/denizcankizil.tr\/de\/\",\"logo\":{\"@type\":\"ImageObject\",\"inLanguage\":\"uk\",\"@id\":\"https:\/\/denizcankizil.tr\/de\/#\/schema\/logo\/image\/\",\"url\":\"http:\/\/denizcankizil.tr\/wp-content\/uploads\/2024\/10\/siyah-logo-svg.svg\",\"contentUrl\":\"http:\/\/denizcankizil.tr\/wp-content\/uploads\/2024\/10\/siyah-logo-svg.svg\",\"width\":1080,\"height\":1080,\"caption\":\"Av. Deniz Can K\u0131z\u0131l\"},\"image\":{\"@id\":\"https:\/\/denizcankizil.tr\/de\/#\/schema\/logo\/image\/\"}},{\"@type\":\"Person\",\"@id\":\"https:\/\/denizcankizil.tr\/de\/#\/schema\/person\/be3c05fe6a12686905512445d8185489\",\"name\":\"admin\",\"image\":{\"@type\":\"ImageObject\",\"inLanguage\":\"uk\",\"@id\":\"https:\/\/denizcankizil.tr\/de\/#\/schema\/person\/image\/\",\"url\":\"https:\/\/secure.gravatar.com\/avatar\/c1fce94c830dc79107e174f890d7210541c4a63e8e5d816341794a2151c9d58c?s=96&d=mm&r=g\",\"contentUrl\":\"https:\/\/secure.gravatar.com\/avatar\/c1fce94c830dc79107e174f890d7210541c4a63e8e5d816341794a2151c9d58c?s=96&d=mm&r=g\",\"caption\":\"admin\"},\"sameAs\":[\"http:\/\/denizcankizil.tr\"],\"url\":\"https:\/\/www.iskenderun.org\/cesme-belediyesinden-engelliler-haftasina-ozel-etkinlik\"}]}<\/script>\n<!-- \/ Yoast SEO Premium plugin. -->","yoast_head_json":{"title":"\u00c7e\u015fme Belediyesi\u2019nden Engelliler Haftas\u0131\u2019na \u00f6zel etkinlik - Av. Deniz Can K\u0131z\u0131l","robots":{"index":"index","follow":"follow","max-snippet":"max-snippet:-1","max-image-preview":"max-image-preview:large","max-video-preview":"max-video-preview:-1"},"canonical":"http:\/\/denizcankizil.tr\/uk\/haberler\/gundem\/cesme-belediyesinden-engelliler-haftasina-ozel-etkinlik\/","og_locale":"uk_UA","og_type":"article","og_title":"\u00c7e\u015fme Belediyesi\u2019nden Engelliler Haftas\u0131\u2019na \u00f6zel etkinlik","og_description":"Ba\u015fkan Denizli, \u00c7e\u015fme Belediyesi olarak, \u00f6zel gereksinimli bireylerin ya\u015fam\u0131n\u0131 kolayla\u015ft\u0131rmak, daha eri\u015filebilir bir hizmet sunmak amac\u0131yla \u00e7al\u0131\u015fmalar\u0131 aral\u0131ks\u0131z s\u00fcrd\u00fcrd\u00fcklerini belirterek, \u201cE\u011fitimden sa\u011fl\u0131\u011fa, istihdamdan k\u00fclt\u00fcrel faaliyetlere kadar her alanda sizlerin yan\u0131nda olmaya devam edece\u011fiz\u201d dedi.\u00a0 \u200bBa\u015fkan Denizli, \u00c7e\u015fme Belediyesi olarak, \u00f6zel gereksinimli bireylerin ya\u015fam\u0131n\u0131 kolayla\u015ft\u0131rmak, daha eri\u015filebilir bir hizmet sunmak amac\u0131yla \u00e7al\u0131\u015fmalar\u0131 aral\u0131ks\u0131z s\u00fcrd\u00fcrd\u00fcklerini belirterek, \u201cE\u011fitimden sa\u011fl\u0131\u011fa, istihdamdan k\u00fclt\u00fcrel faaliyetlere kadar her alanda sizlerin yan\u0131nda olmaya devam edece\u011fiz\u201d dedi.\u00a0\u00a0 \u200bHaberin Al\u0131nt\u0131land\u0131\u011f\u0131 Kaynak: www.iskenderun.org","og_url":"http:\/\/denizcankizil.tr\/uk\/haberler\/gundem\/cesme-belediyesinden-engelliler-haftasina-ozel-etkinlik\/","og_site_name":"Av. Deniz Can K\u0131z\u0131l","article_published_time":"2025-05-16T10:42:33+00:00","author":"admin","twitter_card":"summary_large_image","twitter_misc":{"\u041d\u0430\u043f\u0438\u0441\u0430\u043d\u043e":"admin","\u041f\u0440\u0438\u0431\u043b. \u0447\u0430\u0441 \u0447\u0438\u0442\u0430\u043d\u043d\u044f":"1 \u0445\u0432\u0438\u043b\u0438\u043d\u0430"},"schema":{"@context":"https:\/\/schema.org","@graph":[{"@type":"Article","@id":"http:\/\/denizcankizil.tr\/uk\/haberler\/gundem\/cesme-belediyesinden-engelliler-haftasina-ozel-etkinlik\/#article","isPartOf":{"@id":"http:\/\/denizcankizil.tr\/uk\/haberler\/gundem\/cesme-belediyesinden-engelliler-haftasina-ozel-etkinlik\/"},"author":{"name":"admin","@id":"https:\/\/denizcankizil.tr\/de\/#\/schema\/person\/be3c05fe6a12686905512445d8185489"},"headline":"\u00c7e\u015fme Belediyesi\u2019nden Engelliler Haftas\u0131\u2019na \u00f6zel etkinlik","datePublished":"2025-05-16T10:42:33+00:00","mainEntityOfPage":{"@id":"http:\/\/denizcankizil.tr\/uk\/haberler\/gundem\/cesme-belediyesinden-engelliler-haftasina-ozel-etkinlik\/"},"wordCount":127,"publisher":{"@id":"https:\/\/denizcankizil.tr\/de\/#organization"},"articleSection":["G\u00fcndem"],"inLanguage":"uk"},{"@type":"WebPage","@id":"http:\/\/denizcankizil.tr\/uk\/haberler\/gundem\/cesme-belediyesinden-engelliler-haftasina-ozel-etkinlik\/","url":"http:\/\/denizcankizil.tr\/uk\/haberler\/gundem\/cesme-belediyesinden-engelliler-haftasina-ozel-etkinlik\/","name":"\u00c7e\u015fme Belediyesi\u2019nden Engelliler Haftas\u0131\u2019na \u00f6zel etkinlik - Av. Deniz Can K\u0131z\u0131l","isPartOf":{"@id":"https:\/\/denizcankizil.tr\/de\/#website"},"datePublished":"2025-05-16T10:42:33+00:00","breadcrumb":{"@id":"http:\/\/denizcankizil.tr\/uk\/haberler\/gundem\/cesme-belediyesinden-engelliler-haftasina-ozel-etkinlik\/#breadcrumb"},"inLanguage":"uk","potentialAction":[{"@type":"ReadAction","target":["http:\/\/denizcankizil.tr\/uk\/haberler\/gundem\/cesme-belediyesinden-engelliler-haftasina-ozel-etkinlik\/"]}]},{"@type":"BreadcrumbList","@id":"http:\/\/denizcankizil.tr\/uk\/haberler\/gundem\/cesme-belediyesinden-engelliler-haftasina-ozel-etkinlik\/#breadcrumb","itemListElement":[{"@type":"ListItem","position":1,"name":"Home","item":"https:\/\/denizcankizil.tr\/de\/"},{"@type":"ListItem","position":2,"name":"\u00c7e\u015fme Belediyesi\u2019nden Engelliler Haftas\u0131\u2019na \u00f6zel etkinlik"}]},{"@type":"WebSite","@id":"https:\/\/denizcankizil.tr\/de\/#website","url":"https:\/\/denizcankizil.tr\/de\/","name":"Av. Deniz Can K\u0131z\u0131l","description":"Avukat Deniz Can K\u0131z\u0131l Antalya Barosu","publisher":{"@id":"https:\/\/denizcankizil.tr\/de\/#organization"},"potentialAction":[{"@type":"SearchAction","target":{"@type":"EntryPoint","urlTemplate":"https:\/\/denizcankizil.tr\/de\/?s={search_term_string}"},"query-input":{"@type":"PropertyValueSpecification","valueRequired":true,"valueName":"search_term_string"}}],"inLanguage":"uk"},{"@type":"Organization","@id":"https:\/\/denizcankizil.tr\/de\/#organization","name":"Av. Deniz Can K\u0131z\u0131l","url":"https:\/\/denizcankizil.tr\/de\/","logo":{"@type":"ImageObject","inLanguage":"uk","@id":"https:\/\/denizcankizil.tr\/de\/#\/schema\/logo\/image\/","url":"http:\/\/denizcankizil.tr\/wp-content\/uploads\/2024\/10\/siyah-logo-svg.svg","contentUrl":"http:\/\/denizcankizil.tr\/wp-content\/uploads\/2024\/10\/siyah-logo-svg.svg","width":1080,"height":1080,"caption":"Av. Deniz Can K\u0131z\u0131l"},"image":{"@id":"https:\/\/denizcankizil.tr\/de\/#\/schema\/logo\/image\/"}},{"@type":"Person","@id":"https:\/\/denizcankizil.tr\/de\/#\/schema\/person\/be3c05fe6a12686905512445d8185489","name":"\u0430\u0434\u043c\u0456\u043d","image":{"@type":"ImageObject","inLanguage":"uk","@id":"https:\/\/denizcankizil.tr\/de\/#\/schema\/person\/image\/","url":"https:\/\/secure.gravatar.com\/avatar\/c1fce94c830dc79107e174f890d7210541c4a63e8e5d816341794a2151c9d58c?s=96&d=mm&r=g","contentUrl":"https:\/\/secure.gravatar.com\/avatar\/c1fce94c830dc79107e174f890d7210541c4a63e8e5d816341794a2151c9d58c?s=96&d=mm&r=g","caption":"admin"},"sameAs":["http:\/\/denizcankizil.tr"],"url":"https:\/\/www.iskenderun.org\/cesme-belediyesinden-engelliler-haftasina-ozel-etkinlik"}]}},"_links":{"self":[{"href":"http:\/\/denizcankizil.tr\/uk\/wp-json\/wp\/v2\/posts\/88420","targetHints":{"allow":["GET"]}}],"collection":[{"href":"http:\/\/denizcankizil.tr\/uk\/wp-json\/wp\/v2\/posts"}],"about":[{"href":"http:\/\/denizcankizil.tr\/uk\/wp-json\/wp\/v2\/types\/post"}],"author":[{"embeddable":true,"href":"http:\/\/denizcankizil.tr\/uk\/wp-json\/wp\/v2\/users\/1"}],"replies":[{"embeddable":true,"href":"http:\/\/denizcankizil.tr\/uk\/wp-json\/wp\/v2\/comments?post=88420"}],"version-history":[{"count":0,"href":"http:\/\/denizcankizil.tr\/uk\/wp-json\/wp\/v2\/posts\/88420\/revisions"}],"wp:attachment":[{"href":"http:\/\/denizcankizil.tr\/uk\/wp-json\/wp\/v2\/media?parent=88420"}],"wp:term":[{"taxonomy":"category","embeddable":true,"href":"http:\/\/denizcankizil.tr\/uk\/wp-json\/wp\/v2\/categories?post=88420"},{"taxonomy":"post_tag","embeddable":true,"href":"http:\/\/denizcankizil.tr\/uk\/wp-json\/wp\/v2\/tags?post=88420"}],"curies":[{"name":"wp","href":"https:\/\/api.w.org\/{rel}","templated":true}]}}